{"id":52330,"date":"2025-03-07T14:38:00","date_gmt":"2025-03-07T12:38:00","guid":{"rendered":"https:\/\/www.laguiadepamplona.com\/actualidad\/?p=52330"},"modified":"2025-03-07T14:38:00","modified_gmt":"2025-03-07T12:38:00","slug":"el-alcalde-de-pamplona-recibe-al-grupo-de-mujeres-las-poderosas-en-el-marco-de-los-actos-con-motivo-del-dia-internacional-de-la-mujer","status":"publish","type":"post","link":"https:\/\/www.laguiadepamplona.com\/actualidad\/el-alcalde-de-pamplona-recibe-al-grupo-de-mujeres-las-poderosas-en-el-marco-de-los-actos-con-motivo-del-dia-internacional-de-la-mujer\/","title":{"rendered":"El alcalde de Pamplona recibe al grupo de mujeres Las Poderosas, en el marco de los actos con motivo del D\u00eda Internacional de la Mujer"},"content":{"rendered":"<h2>El grupo ha interpretado dos canciones en la concentraci\u00f3n que ha tenido lugar en la Plaza Consistorial<\/h2>\n<p><!--more--><\/p>\n<p>El alcalde de Pamplona, Joseba Asiron Saez, ha recibido esta ma\u00f1ana en su despacho de la Casa Consistorial al grupo de mujeres Las Poderosas, dentro del marco de actividades con motivo del D\u00eda Internacional de la Mujer, que se celebra cada 8 de marzo. En representaci\u00f3n del grupo han acudido Joy Ogbeide y Blessing Kalu. Ambas, acompa\u00f1adas por el resto de integrantes, han interpretado dos canciones en la concentraci\u00f3n que ha tenido lugar a mediod\u00eda en la Plaza Consistorial. Se trata de los temas \u2018Poderosas\u2019 y \u2018Cometas Blancas\u2019, ambas creadas por Las Poderosas y Suakai para el disco-libro \u2018Libres para so\u00f1ar\u2019.<\/p>\n<p>El grupo Las Poderosas surgi\u00f3 en 2017 de la mano de la asociaci\u00f3n navarra Acci\u00f3n Contra la Trata &#8211; ACT. El colectivo lucha por los derechos de las mujeres, aportando un espacio seguro, de confianza, fomentando el encuentro, la participaci\u00f3n y el apoyo mutuo. En la actualidad, aglutina a decenas de personas, de distinta procedencia, residentes en Navarra. Bajo el lema \u2018Unidas somos m\u00e1s fuertes\u2019, trabajan para erradicar todas las violencias contra las mujeres y apoyan a las mujeres que lo deseen.<\/p>\n<p>Configurada como una red de apoyo, Las Poderosas presta especial atenci\u00f3n a la mujer migrante en Navarra. Ellas son las principales destinatarias de sus actividades, que incluyen charlas y talleres. Adem\u00e1s de trabajo grupal ofrecen, tambi\u00e9n, apoyo personalizado. Entre las acciones que organizan, hay formaci\u00f3n en igualdad y derechos, de la mano de otras muchas entidades y mujeres referentes como Amelia Tiganus (Emargi), F\u00e1tima Djarra Sani y Aby Watt (Flor de \u00c1frica, Kairaba y M\u00e9dicos del Mundo Navarra). Tambi\u00e9n llevan a cabo acciones de sensibilizaci\u00f3n, a trav\u00e9s de charlas, conferencias, manifestaciones y producciones art\u00edsticas.<\/p>\n<p>Las Poderosas trabajan codo con codo con otras entidades y colectivos como Child Heroes, PsicoPraxis y PsikoBizirik en el marco del proyecto Makena, M\u00e9dicos del Mundo Navarra, Villa Teresita, Cruz Roja Navarra y CEAR Navarra, entre otras. Forman parte de varias redes como CAP, una red internacional contra la violencia sexual que re\u00fane a 35 organizaciones de todo el mundo lideradas por supervivientes; la Coordinadora de Organizaciones y Mujeres Feministas de Navarra (COMFIN) y la Red Navarra de Lucha Contra la Pobreza y de la Red de Econom\u00eda Alternativa y Solidaria (REAS Navarra).<\/p>\n","protected":false},"excerpt":{"rendered":"<p>El grupo ha interpretado dos canciones en la concentraci\u00f3n que ha tenido lugar en la Plaza Consistorial<\/p>\n","protected":false},"author":1,"featured_media":52331,"comment_status":"open","ping_status":"closed","sticky":false,"template":"","format":"standard","meta":{"footnotes":""},"categories":[2],"tags":[],"class_list":["post-52330","post","type-post","status-publish","format-standard","has-post-thumbnail","hentry","category-ayuntamiento-pamplona"],"yoast_head":"<!-- This site is optimized with the Yoast SEO plugin v27.3 - https:\/\/yoast.com\/product\/yoast-seo-wordpress\/ -->\n<title>El alcalde de Pamplona recibe al grupo de mujeres Las Poderosas, en el marco de los actos con motivo del D\u00eda Internacional de la Mujer<\/title>\n<meta name=\"description\" content=\"El grupo ha interpretado dos canciones en la concentraci\u00f3n que ha tenido lugar en la Plaza Consistorial\" \/>\n<meta name=\"robots\" content=\"index, follow, max-snippet:-1, max-image-preview:large, max-video-preview:-1\" \/>\n<link rel=\"canonical\" href=\"https:\/\/www.laguiadepamplona.com\/actualidad\/el-alcalde-de-pamplona-recibe-al-grupo-de-mujeres-las-poderosas-en-el-marco-de-los-actos-con-motivo-del-dia-internacional-de-la-mujer\/\" \/>\n<meta property=\"og:locale\" content=\"es_ES\" \/>\n<meta property=\"og:type\" content=\"article\" \/>\n<meta property=\"og:title\" content=\"El alcalde de Pamplona recibe al grupo de mujeres Las Poderosas, en el marco de los actos con motivo del D\u00eda Internacional de la Mujer\" \/>\n<meta property=\"og:description\" content=\"El grupo ha interpretado dos canciones en la concentraci\u00f3n que ha tenido lugar en la Plaza Consistorial\" \/>\n<meta property=\"og:url\" content=\"https:\/\/www.laguiadepamplona.com\/actualidad\/el-alcalde-de-pamplona-recibe-al-grupo-de-mujeres-las-poderosas-en-el-marco-de-los-actos-con-motivo-del-dia-internacional-de-la-mujer\/\" \/>\n<meta property=\"og:site_name\" content=\"La Gu\u00eda de Pamplona\" \/>\n<meta property=\"article:publisher\" content=\"https:\/\/www.facebook.com\/laguiadepamplonacom-133175176762273\/?ref=hl\" \/>\n<meta property=\"article:published_time\" content=\"2025-03-07T12:38:00+00:00\" \/>\n<meta property=\"og:image\" content=\"https:\/\/www.laguiadepamplona.com\/actualidad\/wp-content\/uploads\/2025\/03\/4reunionlaspoderosascnb0110.webp\" \/>\n\t<meta property=\"og:image:width\" content=\"1000\" \/>\n\t<meta property=\"og:image:height\" content=\"667\" \/>\n\t<meta property=\"og:image:type\" content=\"image\/webp\" \/>\n<meta name=\"author\" content=\"La Gu\u00eda de Pamplona\" \/>\n<meta name=\"twitter:card\" content=\"summary_large_image\" \/>\n<meta name=\"twitter:creator\" content=\"@LaGuiadPamplona\" \/>\n<meta name=\"twitter:site\" content=\"@LaGuiadPamplona\" \/>\n<meta name=\"twitter:label1\" content=\"Escrito por\" \/>\n\t<meta name=\"twitter:data1\" content=\"La Gu\u00eda de Pamplona\" \/>\n\t<meta name=\"twitter:label2\" content=\"Tiempo de lectura\" \/>\n\t<meta name=\"twitter:data2\" content=\"2 minutos\" \/>\n<script type=\"application\/ld+json\" class=\"yoast-schema-graph\">{\"@context\":\"https:\\\/\\\/schema.org\",\"@graph\":[{\"@type\":\"Article\",\"@id\":\"https:\\\/\\\/www.laguiadepamplona.com\\\/actualidad\\\/el-alcalde-de-pamplona-recibe-al-grupo-de-mujeres-las-poderosas-en-el-marco-de-los-actos-con-motivo-del-dia-internacional-de-la-mujer\\\/#article\",\"isPartOf\":{\"@id\":\"https:\\\/\\\/www.laguiadepamplona.com\\\/actualidad\\\/el-alcalde-de-pamplona-recibe-al-grupo-de-mujeres-las-poderosas-en-el-marco-de-los-actos-con-motivo-del-dia-internacional-de-la-mujer\\\/\"},\"author\":{\"name\":\"La Gu\u00eda de Pamplona\",\"@id\":\"https:\\\/\\\/www.laguiadepamplona.com\\\/actualidad\\\/#\\\/schema\\\/person\\\/efe887376f0213d4657c93adc50b1fdb\"},\"headline\":\"El alcalde de Pamplona recibe al grupo de mujeres Las Poderosas, en el marco de los actos con motivo del D\u00eda Internacional de la Mujer\",\"datePublished\":\"2025-03-07T12:38:00+00:00\",\"mainEntityOfPage\":{\"@id\":\"https:\\\/\\\/www.laguiadepamplona.com\\\/actualidad\\\/el-alcalde-de-pamplona-recibe-al-grupo-de-mujeres-las-poderosas-en-el-marco-de-los-actos-con-motivo-del-dia-internacional-de-la-mujer\\\/\"},\"wordCount\":435,\"commentCount\":0,\"publisher\":{\"@id\":\"https:\\\/\\\/www.laguiadepamplona.com\\\/actualidad\\\/#organization\"},\"image\":{\"@id\":\"https:\\\/\\\/www.laguiadepamplona.com\\\/actualidad\\\/el-alcalde-de-pamplona-recibe-al-grupo-de-mujeres-las-poderosas-en-el-marco-de-los-actos-con-motivo-del-dia-internacional-de-la-mujer\\\/#primaryimage\"},\"thumbnailUrl\":\"https:\\\/\\\/www.laguiadepamplona.com\\\/actualidad\\\/wp-content\\\/uploads\\\/2025\\\/03\\\/4reunionlaspoderosascnb0110.webp\",\"articleSection\":[\"Ayto Pamplona\"],\"inLanguage\":\"es\",\"potentialAction\":[{\"@type\":\"CommentAction\",\"name\":\"Comment\",\"target\":[\"https:\\\/\\\/www.laguiadepamplona.com\\\/actualidad\\\/el-alcalde-de-pamplona-recibe-al-grupo-de-mujeres-las-poderosas-en-el-marco-de-los-actos-con-motivo-del-dia-internacional-de-la-mujer\\\/#respond\"]}]},{\"@type\":\"WebPage\",\"@id\":\"https:\\\/\\\/www.laguiadepamplona.com\\\/actualidad\\\/el-alcalde-de-pamplona-recibe-al-grupo-de-mujeres-las-poderosas-en-el-marco-de-los-actos-con-motivo-del-dia-internacional-de-la-mujer\\\/\",\"url\":\"https:\\\/\\\/www.laguiadepamplona.com\\\/actualidad\\\/el-alcalde-de-pamplona-recibe-al-grupo-de-mujeres-las-poderosas-en-el-marco-de-los-actos-con-motivo-del-dia-internacional-de-la-mujer\\\/\",\"name\":\"El alcalde de Pamplona recibe al grupo de mujeres Las Poderosas, en el marco de los actos con motivo del D\u00eda Internacional de la Mujer\",\"isPartOf\":{\"@id\":\"https:\\\/\\\/www.laguiadepamplona.com\\\/actualidad\\\/#website\"},\"primaryImageOfPage\":{\"@id\":\"https:\\\/\\\/www.laguiadepamplona.com\\\/actualidad\\\/el-alcalde-de-pamplona-recibe-al-grupo-de-mujeres-las-poderosas-en-el-marco-de-los-actos-con-motivo-del-dia-internacional-de-la-mujer\\\/#primaryimage\"},\"image\":{\"@id\":\"https:\\\/\\\/www.laguiadepamplona.com\\\/actualidad\\\/el-alcalde-de-pamplona-recibe-al-grupo-de-mujeres-las-poderosas-en-el-marco-de-los-actos-con-motivo-del-dia-internacional-de-la-mujer\\\/#primaryimage\"},\"thumbnailUrl\":\"https:\\\/\\\/www.laguiadepamplona.com\\\/actualidad\\\/wp-content\\\/uploads\\\/2025\\\/03\\\/4reunionlaspoderosascnb0110.webp\",\"datePublished\":\"2025-03-07T12:38:00+00:00\",\"description\":\"El grupo ha interpretado dos canciones en la concentraci\u00f3n que ha tenido lugar en la Plaza Consistorial\",\"breadcrumb\":{\"@id\":\"https:\\\/\\\/www.laguiadepamplona.com\\\/actualidad\\\/el-alcalde-de-pamplona-recibe-al-grupo-de-mujeres-las-poderosas-en-el-marco-de-los-actos-con-motivo-del-dia-internacional-de-la-mujer\\\/#breadcrumb\"},\"inLanguage\":\"es\",\"potentialAction\":[{\"@type\":\"ReadAction\",\"target\":[\"https:\\\/\\\/www.laguiadepamplona.com\\\/actualidad\\\/el-alcalde-de-pamplona-recibe-al-grupo-de-mujeres-las-poderosas-en-el-marco-de-los-actos-con-motivo-del-dia-internacional-de-la-mujer\\\/\"]}]},{\"@type\":\"ImageObject\",\"inLanguage\":\"es\",\"@id\":\"https:\\\/\\\/www.laguiadepamplona.com\\\/actualidad\\\/el-alcalde-de-pamplona-recibe-al-grupo-de-mujeres-las-poderosas-en-el-marco-de-los-actos-con-motivo-del-dia-internacional-de-la-mujer\\\/#primaryimage\",\"url\":\"https:\\\/\\\/www.laguiadepamplona.com\\\/actualidad\\\/wp-content\\\/uploads\\\/2025\\\/03\\\/4reunionlaspoderosascnb0110.webp\",\"contentUrl\":\"https:\\\/\\\/www.laguiadepamplona.com\\\/actualidad\\\/wp-content\\\/uploads\\\/2025\\\/03\\\/4reunionlaspoderosascnb0110.webp\",\"width\":1000,\"height\":667,\"caption\":\"reuni\u00f3n con las poderosas\"},{\"@type\":\"BreadcrumbList\",\"@id\":\"https:\\\/\\\/www.laguiadepamplona.com\\\/actualidad\\\/el-alcalde-de-pamplona-recibe-al-grupo-de-mujeres-las-poderosas-en-el-marco-de-los-actos-con-motivo-del-dia-internacional-de-la-mujer\\\/#breadcrumb\",\"itemListElement\":[{\"@type\":\"ListItem\",\"position\":1,\"name\":\"Portada\",\"item\":\"https:\\\/\\\/www.laguiadepamplona.com\\\/actualidad\\\/\"},{\"@type\":\"ListItem\",\"position\":2,\"name\":\"El alcalde de Pamplona recibe al grupo de mujeres Las Poderosas, en el marco de los actos con motivo del D\u00eda Internacional de la Mujer\"}]},{\"@type\":\"WebSite\",\"@id\":\"https:\\\/\\\/www.laguiadepamplona.com\\\/actualidad\\\/#website\",\"url\":\"https:\\\/\\\/www.laguiadepamplona.com\\\/actualidad\\\/\",\"name\":\"La gu\u00eda de Pamplona\",\"description\":\"Noticias de Pamplona\",\"publisher\":{\"@id\":\"https:\\\/\\\/www.laguiadepamplona.com\\\/actualidad\\\/#organization\"},\"potentialAction\":[{\"@type\":\"SearchAction\",\"target\":{\"@type\":\"EntryPoint\",\"urlTemplate\":\"https:\\\/\\\/www.laguiadepamplona.com\\\/actualidad\\\/?s={search_term_string}\"},\"query-input\":{\"@type\":\"PropertyValueSpecification\",\"valueRequired\":true,\"valueName\":\"search_term_string\"}}],\"inLanguage\":\"es\"},{\"@type\":\"Organization\",\"@id\":\"https:\\\/\\\/www.laguiadepamplona.com\\\/actualidad\\\/#organization\",\"name\":\"La Gu\u00eda de Pamplona \\\/ Noticias\",\"url\":\"https:\\\/\\\/www.laguiadepamplona.com\\\/actualidad\\\/\",\"logo\":{\"@type\":\"ImageObject\",\"inLanguage\":\"es\",\"@id\":\"https:\\\/\\\/www.laguiadepamplona.com\\\/actualidad\\\/#\\\/schema\\\/logo\\\/image\\\/\",\"url\":\"https:\\\/\\\/www.laguiadepamplona.com\\\/actualidad\\\/wp-content\\\/uploads\\\/2018\\\/11\\\/logo-laguiadepamplona18-web1.png\",\"contentUrl\":\"https:\\\/\\\/www.laguiadepamplona.com\\\/actualidad\\\/wp-content\\\/uploads\\\/2018\\\/11\\\/logo-laguiadepamplona18-web1.png\",\"width\":600,\"height\":196,\"caption\":\"La Gu\u00eda de Pamplona \\\/ Noticias\"},\"image\":{\"@id\":\"https:\\\/\\\/www.laguiadepamplona.com\\\/actualidad\\\/#\\\/schema\\\/logo\\\/image\\\/\"},\"sameAs\":[\"https:\\\/\\\/www.facebook.com\\\/laguiadepamplonacom-133175176762273\\\/?ref=hl\",\"https:\\\/\\\/x.com\\\/LaGuiadPamplona\",\"https:\\\/\\\/www.instagram.com\\\/la_guia_de_pamplona\\\/\",\"https:\\\/\\\/www.youtube.com\\\/user\\\/laguiadepamplona\"]},{\"@type\":\"Person\",\"@id\":\"https:\\\/\\\/www.laguiadepamplona.com\\\/actualidad\\\/#\\\/schema\\\/person\\\/efe887376f0213d4657c93adc50b1fdb\",\"name\":\"La Gu\u00eda de Pamplona\",\"image\":{\"@type\":\"ImageObject\",\"inLanguage\":\"es\",\"@id\":\"https:\\\/\\\/secure.gravatar.com\\\/avatar\\\/b6992f131dc8d30ab0dff15446e9d346d9dbd95992de0fef795073f5ea83a81c?s=96&d=mm&r=g\",\"url\":\"https:\\\/\\\/secure.gravatar.com\\\/avatar\\\/b6992f131dc8d30ab0dff15446e9d346d9dbd95992de0fef795073f5ea83a81c?s=96&d=mm&r=g\",\"contentUrl\":\"https:\\\/\\\/secure.gravatar.com\\\/avatar\\\/b6992f131dc8d30ab0dff15446e9d346d9dbd95992de0fef795073f5ea83a81c?s=96&d=mm&r=g\",\"caption\":\"La Gu\u00eda de Pamplona\"}}]}<\/script>\n<!-- \/ Yoast SEO plugin. -->","yoast_head_json":{"title":"El alcalde de Pamplona recibe al grupo de mujeres Las Poderosas, en el marco de los actos con motivo del D\u00eda Internacional de la Mujer","description":"El grupo ha interpretado dos canciones en la concentraci\u00f3n que ha tenido lugar en la Plaza Consistorial","robots":{"index":"index","follow":"follow","max-snippet":"max-snippet:-1","max-image-preview":"max-image-preview:large","max-video-preview":"max-video-preview:-1"},"canonical":"https:\/\/www.laguiadepamplona.com\/actualidad\/el-alcalde-de-pamplona-recibe-al-grupo-de-mujeres-las-poderosas-en-el-marco-de-los-actos-con-motivo-del-dia-internacional-de-la-mujer\/","og_locale":"es_ES","og_type":"article","og_title":"El alcalde de Pamplona recibe al grupo de mujeres Las Poderosas, en el marco de los actos con motivo del D\u00eda Internacional de la Mujer","og_description":"El grupo ha interpretado dos canciones en la concentraci\u00f3n que ha tenido lugar en la Plaza Consistorial","og_url":"https:\/\/www.laguiadepamplona.com\/actualidad\/el-alcalde-de-pamplona-recibe-al-grupo-de-mujeres-las-poderosas-en-el-marco-de-los-actos-con-motivo-del-dia-internacional-de-la-mujer\/","og_site_name":"La Gu\u00eda de Pamplona","article_publisher":"https:\/\/www.facebook.com\/laguiadepamplonacom-133175176762273\/?ref=hl","article_published_time":"2025-03-07T12:38:00+00:00","og_image":[{"width":1000,"height":667,"url":"https:\/\/www.laguiadepamplona.com\/actualidad\/wp-content\/uploads\/2025\/03\/4reunionlaspoderosascnb0110.webp","type":"image\/webp"}],"author":"La Gu\u00eda de Pamplona","twitter_card":"summary_large_image","twitter_creator":"@LaGuiadPamplona","twitter_site":"@LaGuiadPamplona","twitter_misc":{"Escrito por":"La Gu\u00eda de Pamplona","Tiempo de lectura":"2 minutos"},"schema":{"@context":"https:\/\/schema.org","@graph":[{"@type":"Article","@id":"https:\/\/www.laguiadepamplona.com\/actualidad\/el-alcalde-de-pamplona-recibe-al-grupo-de-mujeres-las-poderosas-en-el-marco-de-los-actos-con-motivo-del-dia-internacional-de-la-mujer\/#article","isPartOf":{"@id":"https:\/\/www.laguiadepamplona.com\/actualidad\/el-alcalde-de-pamplona-recibe-al-grupo-de-mujeres-las-poderosas-en-el-marco-de-los-actos-con-motivo-del-dia-internacional-de-la-mujer\/"},"author":{"name":"La Gu\u00eda de Pamplona","@id":"https:\/\/www.laguiadepamplona.com\/actualidad\/#\/schema\/person\/efe887376f0213d4657c93adc50b1fdb"},"headline":"El alcalde de Pamplona recibe al grupo de mujeres Las Poderosas, en el marco de los actos con motivo del D\u00eda Internacional de la Mujer","datePublished":"2025-03-07T12:38:00+00:00","mainEntityOfPage":{"@id":"https:\/\/www.laguiadepamplona.com\/actualidad\/el-alcalde-de-pamplona-recibe-al-grupo-de-mujeres-las-poderosas-en-el-marco-de-los-actos-con-motivo-del-dia-internacional-de-la-mujer\/"},"wordCount":435,"commentCount":0,"publisher":{"@id":"https:\/\/www.laguiadepamplona.com\/actualidad\/#organization"},"image":{"@id":"https:\/\/www.laguiadepamplona.com\/actualidad\/el-alcalde-de-pamplona-recibe-al-grupo-de-mujeres-las-poderosas-en-el-marco-de-los-actos-con-motivo-del-dia-internacional-de-la-mujer\/#primaryimage"},"thumbnailUrl":"https:\/\/www.laguiadepamplona.com\/actualidad\/wp-content\/uploads\/2025\/03\/4reunionlaspoderosascnb0110.webp","articleSection":["Ayto Pamplona"],"inLanguage":"es","potentialAction":[{"@type":"CommentAction","name":"Comment","target":["https:\/\/www.laguiadepamplona.com\/actualidad\/el-alcalde-de-pamplona-recibe-al-grupo-de-mujeres-las-poderosas-en-el-marco-de-los-actos-con-motivo-del-dia-internacional-de-la-mujer\/#respond"]}]},{"@type":"WebPage","@id":"https:\/\/www.laguiadepamplona.com\/actualidad\/el-alcalde-de-pamplona-recibe-al-grupo-de-mujeres-las-poderosas-en-el-marco-de-los-actos-con-motivo-del-dia-internacional-de-la-mujer\/","url":"https:\/\/www.laguiadepamplona.com\/actualidad\/el-alcalde-de-pamplona-recibe-al-grupo-de-mujeres-las-poderosas-en-el-marco-de-los-actos-con-motivo-del-dia-internacional-de-la-mujer\/","name":"El alcalde de Pamplona recibe al grupo de mujeres Las Poderosas, en el marco de los actos con motivo del D\u00eda Internacional de la Mujer","isPartOf":{"@id":"https:\/\/www.laguiadepamplona.com\/actualidad\/#website"},"primaryImageOfPage":{"@id":"https:\/\/www.laguiadepamplona.com\/actualidad\/el-alcalde-de-pamplona-recibe-al-grupo-de-mujeres-las-poderosas-en-el-marco-de-los-actos-con-motivo-del-dia-internacional-de-la-mujer\/#primaryimage"},"image":{"@id":"https:\/\/www.laguiadepamplona.com\/actualidad\/el-alcalde-de-pamplona-recibe-al-grupo-de-mujeres-las-poderosas-en-el-marco-de-los-actos-con-motivo-del-dia-internacional-de-la-mujer\/#primaryimage"},"thumbnailUrl":"https:\/\/www.laguiadepamplona.com\/actualidad\/wp-content\/uploads\/2025\/03\/4reunionlaspoderosascnb0110.webp","datePublished":"2025-03-07T12:38:00+00:00","description":"El grupo ha interpretado dos canciones en la concentraci\u00f3n que ha tenido lugar en la Plaza Consistorial","breadcrumb":{"@id":"https:\/\/www.laguiadepamplona.com\/actualidad\/el-alcalde-de-pamplona-recibe-al-grupo-de-mujeres-las-poderosas-en-el-marco-de-los-actos-con-motivo-del-dia-internacional-de-la-mujer\/#breadcrumb"},"inLanguage":"es","potentialAction":[{"@type":"ReadAction","target":["https:\/\/www.laguiadepamplona.com\/actualidad\/el-alcalde-de-pamplona-recibe-al-grupo-de-mujeres-las-poderosas-en-el-marco-de-los-actos-con-motivo-del-dia-internacional-de-la-mujer\/"]}]},{"@type":"ImageObject","inLanguage":"es","@id":"https:\/\/www.laguiadepamplona.com\/actualidad\/el-alcalde-de-pamplona-recibe-al-grupo-de-mujeres-las-poderosas-en-el-marco-de-los-actos-con-motivo-del-dia-internacional-de-la-mujer\/#primaryimage","url":"https:\/\/www.laguiadepamplona.com\/actualidad\/wp-content\/uploads\/2025\/03\/4reunionlaspoderosascnb0110.webp","contentUrl":"https:\/\/www.laguiadepamplona.com\/actualidad\/wp-content\/uploads\/2025\/03\/4reunionlaspoderosascnb0110.webp","width":1000,"height":667,"caption":"reuni\u00f3n con las poderosas"},{"@type":"BreadcrumbList","@id":"https:\/\/www.laguiadepamplona.com\/actualidad\/el-alcalde-de-pamplona-recibe-al-grupo-de-mujeres-las-poderosas-en-el-marco-de-los-actos-con-motivo-del-dia-internacional-de-la-mujer\/#breadcrumb","itemListElement":[{"@type":"ListItem","position":1,"name":"Portada","item":"https:\/\/www.laguiadepamplona.com\/actualidad\/"},{"@type":"ListItem","position":2,"name":"El alcalde de Pamplona recibe al grupo de mujeres Las Poderosas, en el marco de los actos con motivo del D\u00eda Internacional de la Mujer"}]},{"@type":"WebSite","@id":"https:\/\/www.laguiadepamplona.com\/actualidad\/#website","url":"https:\/\/www.laguiadepamplona.com\/actualidad\/","name":"La gu\u00eda de Pamplona","description":"Noticias de Pamplona","publisher":{"@id":"https:\/\/www.laguiadepamplona.com\/actualidad\/#organization"},"potentialAction":[{"@type":"SearchAction","target":{"@type":"EntryPoint","urlTemplate":"https:\/\/www.laguiadepamplona.com\/actualidad\/?s={search_term_string}"},"query-input":{"@type":"PropertyValueSpecification","valueRequired":true,"valueName":"search_term_string"}}],"inLanguage":"es"},{"@type":"Organization","@id":"https:\/\/www.laguiadepamplona.com\/actualidad\/#organization","name":"La Gu\u00eda de Pamplona \/ Noticias","url":"https:\/\/www.laguiadepamplona.com\/actualidad\/","logo":{"@type":"ImageObject","inLanguage":"es","@id":"https:\/\/www.laguiadepamplona.com\/actualidad\/#\/schema\/logo\/image\/","url":"https:\/\/www.laguiadepamplona.com\/actualidad\/wp-content\/uploads\/2018\/11\/logo-laguiadepamplona18-web1.png","contentUrl":"https:\/\/www.laguiadepamplona.com\/actualidad\/wp-content\/uploads\/2018\/11\/logo-laguiadepamplona18-web1.png","width":600,"height":196,"caption":"La Gu\u00eda de Pamplona \/ Noticias"},"image":{"@id":"https:\/\/www.laguiadepamplona.com\/actualidad\/#\/schema\/logo\/image\/"},"sameAs":["https:\/\/www.facebook.com\/laguiadepamplonacom-133175176762273\/?ref=hl","https:\/\/x.com\/LaGuiadPamplona","https:\/\/www.instagram.com\/la_guia_de_pamplona\/","https:\/\/www.youtube.com\/user\/laguiadepamplona"]},{"@type":"Person","@id":"https:\/\/www.laguiadepamplona.com\/actualidad\/#\/schema\/person\/efe887376f0213d4657c93adc50b1fdb","name":"La Gu\u00eda de Pamplona","image":{"@type":"ImageObject","inLanguage":"es","@id":"https:\/\/secure.gravatar.com\/avatar\/b6992f131dc8d30ab0dff15446e9d346d9dbd95992de0fef795073f5ea83a81c?s=96&d=mm&r=g","url":"https:\/\/secure.gravatar.com\/avatar\/b6992f131dc8d30ab0dff15446e9d346d9dbd95992de0fef795073f5ea83a81c?s=96&d=mm&r=g","contentUrl":"https:\/\/secure.gravatar.com\/avatar\/b6992f131dc8d30ab0dff15446e9d346d9dbd95992de0fef795073f5ea83a81c?s=96&d=mm&r=g","caption":"La Gu\u00eda de Pamplona"}}]}},"post_mailing_queue_ids":[],"_links":{"self":[{"href":"https:\/\/www.laguiadepamplona.com\/actualidad\/wp-json\/wp\/v2\/posts\/52330","targetHints":{"allow":["GET"]}}],"collection":[{"href":"https:\/\/www.laguiadepamplona.com\/actualidad\/wp-json\/wp\/v2\/posts"}],"about":[{"href":"https:\/\/www.laguiadepamplona.com\/actualidad\/wp-json\/wp\/v2\/types\/post"}],"author":[{"embeddable":true,"href":"https:\/\/www.laguiadepamplona.com\/actualidad\/wp-json\/wp\/v2\/users\/1"}],"replies":[{"embeddable":true,"href":"https:\/\/www.laguiadepamplona.com\/actualidad\/wp-json\/wp\/v2\/comments?post=52330"}],"version-history":[{"count":1,"href":"https:\/\/www.laguiadepamplona.com\/actualidad\/wp-json\/wp\/v2\/posts\/52330\/revisions"}],"predecessor-version":[{"id":52332,"href":"https:\/\/www.laguiadepamplona.com\/actualidad\/wp-json\/wp\/v2\/posts\/52330\/revisions\/52332"}],"wp:featuredmedia":[{"embeddable":true,"href":"https:\/\/www.laguiadepamplona.com\/actualidad\/wp-json\/wp\/v2\/media\/52331"}],"wp:attachment":[{"href":"https:\/\/www.laguiadepamplona.com\/actualidad\/wp-json\/wp\/v2\/media?parent=52330"}],"wp:term":[{"taxonomy":"category","embeddable":true,"href":"https:\/\/www.laguiadepamplona.com\/actualidad\/wp-json\/wp\/v2\/categories?post=52330"},{"taxonomy":"post_tag","embeddable":true,"href":"https:\/\/www.laguiadepamplona.com\/actualidad\/wp-json\/wp\/v2\/tags?post=52330"}],"curies":[{"name":"wp","href":"https:\/\/api.w.org\/{rel}","templated":true}]}}