{"id":52327,"date":"2025-03-07T14:34:38","date_gmt":"2025-03-07T12:34:38","guid":{"rendered":"https:\/\/www.laguiadepamplona.com\/actualidad\/?p=52327"},"modified":"2025-03-07T14:34:38","modified_gmt":"2025-03-07T12:34:38","slug":"la-cuesta-de-beloso-sentido-pamplona-sera-asfaltada-entre-el-martes-y-el-viernes-antes-de-abrir-al-trafico-ese-mismo-dia-con-los-cuatro-carriles-definitivos","status":"publish","type":"post","link":"https:\/\/www.laguiadepamplona.com\/actualidad\/la-cuesta-de-beloso-sentido-pamplona-sera-asfaltada-entre-el-martes-y-el-viernes-antes-de-abrir-al-trafico-ese-mismo-dia-con-los-cuatro-carriles-definitivos\/","title":{"rendered":"La Cuesta de Beloso, sentido Pamplona, ser\u00e1 asfaltada entre el martes y el viernes, antes de abrir al tr\u00e1fico ese mismo d\u00eda con los cuatro carriles definitivos"},"content":{"rendered":"<h2>Se cortar\u00e1n los carriles de subida haciendo bidireccional la bajada a Burlada; se aconsejan rutas alternativas por Txantrea, Rotxapea, Buztintxuri y la carretera de Sarriguren para evitar atascos<\/h2>\n<p><!--more--><\/p>\n<p>Las obras de construcci\u00f3n del corredor peatonal y ciclista de la cuesta de Beloso avanzan a buen ritmo y, tras los trabajos de asfaltado que se desarrollar\u00e1n la pr\u00f3xima semana, est\u00e1 previsto recuperar los cuatro carriles de circulaci\u00f3n a partir del viernes 14 de marzo. El tr\u00e1fico rodado se ver\u00e1 afectado principalmente entre el mi\u00e9rcoles 12 y el viernes 14, cuando se va a proceder al asfaltado de los dos carriles de subida, por lo que los dos carriles de bajada a Burlada se har\u00e1n bidireccionales, desde la zona de Beloso Alto a la rotonda de acceso a Burlada.<\/p>\n<p>Los trabajos de asfaltado no cerrar\u00e1n los accesos a la C.D. Amaya y al hotel Eurostars Pamplona, que permanecer\u00e1n abiertos, con presencia de se\u00f1alistas para facilitar las entradas y salidas. Tambi\u00e9n se regular\u00e1 con se\u00f1alistas la intersecci\u00f3n entre Beloso, avenida Baja Navarra y la carretera de Badost\u00e1in. La l\u00ednea 4 del transporte p\u00fablico no modifica su itinerario. S\u00ed lo har\u00e1 la l\u00ednea 10, que se desviar\u00e1 por Ripaga\u00f1a en sentido Orkoien.<\/p>\n<p><strong>Cuatro alternativas para acceder al centro sin pasar por Beloso ni Labrit<\/strong><\/p>\n<p>Como norma general, se recomienda a la ciudadan\u00eda, durante esos d\u00edas, evitar la Cuesta de Beloso (en ambos sentidos). Dentro del Plan de Tr\u00e1fico dise\u00f1ado desde el Ayuntamiento se proponen, en sentido entrada a la ciudad, tres recorridos alternativos para evitar atascos tanto en la Cuesta de Beloso como en la Cuesta de Labrit durante estos tres d\u00edas. Asimismo, se propone un recorrido alternativo para aligerar el tr\u00e1fico en sentido salida de la ciudad.<\/p>\n<p>Respecto a la entrada a Pamplona, el primer recorrido propuesto atraviesa Txantrea y Orvina. Desde Polic\u00eda Municipal se recomienda el uso de las calles San Crist\u00f3bal o el nuevo vial del parque de la Magdalena, desvi\u00e1ndose por las calles Vergel y R\u00edo Arga, hasta Oblatas. Desde ah\u00ed, o bien por la Cuesta de La Reina o por San Juan, se podr\u00e1 acceder o salir del centro. El segundo de los recorridos propuestos es el que discurre por Rochapea. Se recomienda el uso de la alternativa de la calle r\u00edo Arga, Oblatas, Biurdana y cuesta de La Reina hasta San Juan. Se trata de recorridos internos que confluir\u00edan con los de Txantrea y Orvina y que, en horas punta, podr\u00edan suponer algunas retenciones. No obstante, desde Polic\u00eda Municipal se entiende que las v\u00edas propuestas podr\u00e1n absorber bien el incremento de tr\u00e1fico previsto.<\/p>\n<p>La tercera de las alternativas de entrada a la ciudad afecta a los veh\u00edculos que llegan o quieren salir de Pamplona desde la A-15 y Buztintxuri. Se recomienda usar ruta de Avenida Navarra, San Juan por Monasterio de la Oliva. Los y las ciudadanas que quieran usar la avenida de Gipuzkoa, se recomienda el trayecto compuesto por Biurdana, cuesta de La Reina y Monasterio de la Oliva.<\/p>\n<p>En sentido salida de la ciudad, Polic\u00eda Municipal apuesta por una alternativa con dos variantes. Se recomienda el desv\u00edo por la calle Valle de Eg\u00fc\u00e9s hacia carretera de Sarriguren ya sea accediendo por la Avenida Baja Navarra o desvi\u00e1ndose antes hacia la calle Monjard\u00edn.<\/p>\n<p><strong>El cronograma de los trabajos<\/strong><\/p>\n<p>Los trabajos de asfaltado comenzar\u00e1n el martes 11 con el fresado de los dos carriles de subida, a partir de las 9,30 de la ma\u00f1ana. El tr\u00e1fico no se cierra, si bien habr\u00e1 cortes puntuales, en funci\u00f3n de las necesidades de la obra. El mi\u00e9rcoles, jueves y viernes, de 9.30 a 19 horas, los carriles de subida se cortan a la circulaci\u00f3n para proceder al asfaltado y el tr\u00e1fico se desplaza a los carriles de bajada: uno ser\u00e1 en direcci\u00f3n a Pamplona y el otro, para bajar hacia Burlada.<\/p>\n<p>En las primeras horas, el tr\u00e1fico se desviar\u00e1 desde la rotonda de Burlada y, posteriormente, a medida que avanzan los trabajos, a trav\u00e9s de la mediana frente al acceso del hotel Eurostars Pamplona. Una vez terminado el asfaltado, se proceder\u00e1 a la retirada de la se\u00f1al\u00e9tica y diversos materiales de las obras, el viernes 14. Con el fin del asfaltado, la cuesta de Beloso recuperar\u00e1 sus cuatro carriles para la circulaci\u00f3n de veh\u00edculos, como ocurr\u00eda antes de la construcci\u00f3n del corredor sostenible.<\/p>\n<p>En cuanto al fin de las restricciones del Plan de Tr\u00e1fico dise\u00f1ado para esta obra, la retirada de se\u00f1al\u00e9tica y la restauraci\u00f3n del tr\u00e1fico en la avenida Bizkarmendia, en Burlada, la restituci\u00f3n a la normalidad est\u00e1 prevista para el lunes 17 de marzo.<\/p>\n<p>En lo que a la calzada se refiere (no as\u00ed en lo que se refiere a la acera y el itinerario ciclista), estos trabajos de asfaltado finalizan las obras. El proyecto del itinerario peatonal y ciclista de Beloso, adjudicadas a la empresa Excavaciones Ferm\u00edn Os\u00e9s SL en diciembre de 2023 por importe de 4.033.332,93 euros, comenzaron el 8 de abril de 2024, con plazo previsto de finalizaci\u00f3n en doce meses. Cuentan con financiaci\u00f3n de la Uni\u00f3n Europea a trav\u00e9s de los fondos Next Generation EU, en el marco del Plan de Recuperaci\u00f3n, Transformaci\u00f3n y Resiliencia del Gobierno de Espa\u00f1a. Adem\u00e1s de la construcci\u00f3n del voladizo, la acera y el carril bici, las obras han incluido la colocaci\u00f3n de se\u00f1al\u00e9tica, la modificaci\u00f3n de la mediana entre los carriles y la instalaci\u00f3n de alumbrado provisional, m\u00e1s el proyecto \u2018Del R\u00edo a la Ripa\u2019, que busca restaurar el entorno natural.<\/p>\n","protected":false},"excerpt":{"rendered":"<p>Se cortar\u00e1n los carriles de subida haciendo bidireccional la bajada a Burlada; se aconsejan rutas alternativas por Txantrea, Rotxapea, Buztintxuri y la carretera de Sarriguren para evitar atascos<\/p>\n","protected":false},"author":1,"featured_media":52328,"comment_status":"open","ping_status":"closed","sticky":false,"template":"","format":"standard","meta":{"footnotes":""},"categories":[2],"tags":[],"class_list":["post-52327","post","type-post","status-publish","format-standard","has-post-thumbnail","hentry","category-ayuntamiento-pamplona"],"yoast_head":"<!-- This site is optimized with the Yoast SEO plugin v27.3 - https:\/\/yoast.com\/product\/yoast-seo-wordpress\/ -->\n<title>La Cuesta de Beloso, sentido Pamplona, ser\u00e1 asfaltada entre el martes y el viernes, antes de abrir al tr\u00e1fico ese mismo d\u00eda con los cuatro carriles definitivos<\/title>\n<meta name=\"description\" content=\"Se cortar\u00e1n los carriles de subida haciendo bidireccional la bajada a Burlada; se aconsejan rutas alternativas por Txantrea, Rotxapea...\" \/>\n<meta name=\"robots\" content=\"index, follow, max-snippet:-1, max-image-preview:large, max-video-preview:-1\" \/>\n<link rel=\"canonical\" href=\"https:\/\/www.laguiadepamplona.com\/actualidad\/la-cuesta-de-beloso-sentido-pamplona-sera-asfaltada-entre-el-martes-y-el-viernes-antes-de-abrir-al-trafico-ese-mismo-dia-con-los-cuatro-carriles-definitivos\/\" \/>\n<meta property=\"og:locale\" content=\"es_ES\" \/>\n<meta property=\"og:type\" content=\"article\" \/>\n<meta property=\"og:title\" content=\"La Cuesta de Beloso, sentido Pamplona, ser\u00e1 asfaltada entre el martes y el viernes, antes de abrir al tr\u00e1fico ese mismo d\u00eda con los cuatro carriles definitivos\" \/>\n<meta property=\"og:description\" content=\"Se cortar\u00e1n los carriles de subida haciendo bidireccional la bajada a Burlada; se aconsejan rutas alternativas por Txantrea, Rotxapea...\" \/>\n<meta property=\"og:url\" content=\"https:\/\/www.laguiadepamplona.com\/actualidad\/la-cuesta-de-beloso-sentido-pamplona-sera-asfaltada-entre-el-martes-y-el-viernes-antes-de-abrir-al-trafico-ese-mismo-dia-con-los-cuatro-carriles-definitivos\/\" \/>\n<meta property=\"og:site_name\" content=\"La Gu\u00eda de Pamplona\" \/>\n<meta property=\"article:publisher\" content=\"https:\/\/www.facebook.com\/laguiadepamplonacom-133175176762273\/?ref=hl\" \/>\n<meta property=\"article:published_time\" content=\"2025-03-07T12:34:38+00:00\" \/>\n<meta property=\"og:image\" content=\"https:\/\/www.laguiadepamplona.com\/actualidad\/wp-content\/uploads\/2025\/03\/VISITA-GERENCIA-DE-URBANISMO-CORREDOR-DE-BELOSO_DSC_4192.webp\" \/>\n\t<meta property=\"og:image:width\" content=\"1000\" \/>\n\t<meta property=\"og:image:height\" content=\"666\" \/>\n\t<meta property=\"og:image:type\" content=\"image\/webp\" \/>\n<meta name=\"author\" content=\"La Gu\u00eda de Pamplona\" \/>\n<meta name=\"twitter:card\" content=\"summary_large_image\" \/>\n<meta name=\"twitter:creator\" content=\"@LaGuiadPamplona\" \/>\n<meta name=\"twitter:site\" content=\"@LaGuiadPamplona\" \/>\n<meta name=\"twitter:label1\" content=\"Escrito por\" \/>\n\t<meta name=\"twitter:data1\" content=\"La Gu\u00eda de Pamplona\" \/>\n\t<meta name=\"twitter:label2\" content=\"Tiempo de lectura\" \/>\n\t<meta name=\"twitter:data2\" content=\"5 minutos\" \/>\n<script type=\"application\/ld+json\" class=\"yoast-schema-graph\">{\"@context\":\"https:\\\/\\\/schema.org\",\"@graph\":[{\"@type\":\"Article\",\"@id\":\"https:\\\/\\\/www.laguiadepamplona.com\\\/actualidad\\\/la-cuesta-de-beloso-sentido-pamplona-sera-asfaltada-entre-el-martes-y-el-viernes-antes-de-abrir-al-trafico-ese-mismo-dia-con-los-cuatro-carriles-definitivos\\\/#article\",\"isPartOf\":{\"@id\":\"https:\\\/\\\/www.laguiadepamplona.com\\\/actualidad\\\/la-cuesta-de-beloso-sentido-pamplona-sera-asfaltada-entre-el-martes-y-el-viernes-antes-de-abrir-al-trafico-ese-mismo-dia-con-los-cuatro-carriles-definitivos\\\/\"},\"author\":{\"name\":\"La Gu\u00eda de Pamplona\",\"@id\":\"https:\\\/\\\/www.laguiadepamplona.com\\\/actualidad\\\/#\\\/schema\\\/person\\\/efe887376f0213d4657c93adc50b1fdb\"},\"headline\":\"La Cuesta de Beloso, sentido Pamplona, ser\u00e1 asfaltada entre el martes y el viernes, antes de abrir al tr\u00e1fico ese mismo d\u00eda con los cuatro carriles definitivos\",\"datePublished\":\"2025-03-07T12:34:38+00:00\",\"mainEntityOfPage\":{\"@id\":\"https:\\\/\\\/www.laguiadepamplona.com\\\/actualidad\\\/la-cuesta-de-beloso-sentido-pamplona-sera-asfaltada-entre-el-martes-y-el-viernes-antes-de-abrir-al-trafico-ese-mismo-dia-con-los-cuatro-carriles-definitivos\\\/\"},\"wordCount\":1000,\"commentCount\":0,\"publisher\":{\"@id\":\"https:\\\/\\\/www.laguiadepamplona.com\\\/actualidad\\\/#organization\"},\"image\":{\"@id\":\"https:\\\/\\\/www.laguiadepamplona.com\\\/actualidad\\\/la-cuesta-de-beloso-sentido-pamplona-sera-asfaltada-entre-el-martes-y-el-viernes-antes-de-abrir-al-trafico-ese-mismo-dia-con-los-cuatro-carriles-definitivos\\\/#primaryimage\"},\"thumbnailUrl\":\"https:\\\/\\\/www.laguiadepamplona.com\\\/actualidad\\\/wp-content\\\/uploads\\\/2025\\\/03\\\/VISITA-GERENCIA-DE-URBANISMO-CORREDOR-DE-BELOSO_DSC_4192.webp\",\"articleSection\":[\"Ayto Pamplona\"],\"inLanguage\":\"es\",\"potentialAction\":[{\"@type\":\"CommentAction\",\"name\":\"Comment\",\"target\":[\"https:\\\/\\\/www.laguiadepamplona.com\\\/actualidad\\\/la-cuesta-de-beloso-sentido-pamplona-sera-asfaltada-entre-el-martes-y-el-viernes-antes-de-abrir-al-trafico-ese-mismo-dia-con-los-cuatro-carriles-definitivos\\\/#respond\"]}]},{\"@type\":\"WebPage\",\"@id\":\"https:\\\/\\\/www.laguiadepamplona.com\\\/actualidad\\\/la-cuesta-de-beloso-sentido-pamplona-sera-asfaltada-entre-el-martes-y-el-viernes-antes-de-abrir-al-trafico-ese-mismo-dia-con-los-cuatro-carriles-definitivos\\\/\",\"url\":\"https:\\\/\\\/www.laguiadepamplona.com\\\/actualidad\\\/la-cuesta-de-beloso-sentido-pamplona-sera-asfaltada-entre-el-martes-y-el-viernes-antes-de-abrir-al-trafico-ese-mismo-dia-con-los-cuatro-carriles-definitivos\\\/\",\"name\":\"La Cuesta de Beloso, sentido Pamplona, ser\u00e1 asfaltada entre el martes y el viernes, antes de abrir al tr\u00e1fico ese mismo d\u00eda con los cuatro carriles definitivos\",\"isPartOf\":{\"@id\":\"https:\\\/\\\/www.laguiadepamplona.com\\\/actualidad\\\/#website\"},\"primaryImageOfPage\":{\"@id\":\"https:\\\/\\\/www.laguiadepamplona.com\\\/actualidad\\\/la-cuesta-de-beloso-sentido-pamplona-sera-asfaltada-entre-el-martes-y-el-viernes-antes-de-abrir-al-trafico-ese-mismo-dia-con-los-cuatro-carriles-definitivos\\\/#primaryimage\"},\"image\":{\"@id\":\"https:\\\/\\\/www.laguiadepamplona.com\\\/actualidad\\\/la-cuesta-de-beloso-sentido-pamplona-sera-asfaltada-entre-el-martes-y-el-viernes-antes-de-abrir-al-trafico-ese-mismo-dia-con-los-cuatro-carriles-definitivos\\\/#primaryimage\"},\"thumbnailUrl\":\"https:\\\/\\\/www.laguiadepamplona.com\\\/actualidad\\\/wp-content\\\/uploads\\\/2025\\\/03\\\/VISITA-GERENCIA-DE-URBANISMO-CORREDOR-DE-BELOSO_DSC_4192.webp\",\"datePublished\":\"2025-03-07T12:34:38+00:00\",\"description\":\"Se cortar\u00e1n los carriles de subida haciendo bidireccional la bajada a Burlada; se aconsejan rutas alternativas por Txantrea, Rotxapea...\",\"breadcrumb\":{\"@id\":\"https:\\\/\\\/www.laguiadepamplona.com\\\/actualidad\\\/la-cuesta-de-beloso-sentido-pamplona-sera-asfaltada-entre-el-martes-y-el-viernes-antes-de-abrir-al-trafico-ese-mismo-dia-con-los-cuatro-carriles-definitivos\\\/#breadcrumb\"},\"inLanguage\":\"es\",\"potentialAction\":[{\"@type\":\"ReadAction\",\"target\":[\"https:\\\/\\\/www.laguiadepamplona.com\\\/actualidad\\\/la-cuesta-de-beloso-sentido-pamplona-sera-asfaltada-entre-el-martes-y-el-viernes-antes-de-abrir-al-trafico-ese-mismo-dia-con-los-cuatro-carriles-definitivos\\\/\"]}]},{\"@type\":\"ImageObject\",\"inLanguage\":\"es\",\"@id\":\"https:\\\/\\\/www.laguiadepamplona.com\\\/actualidad\\\/la-cuesta-de-beloso-sentido-pamplona-sera-asfaltada-entre-el-martes-y-el-viernes-antes-de-abrir-al-trafico-ese-mismo-dia-con-los-cuatro-carriles-definitivos\\\/#primaryimage\",\"url\":\"https:\\\/\\\/www.laguiadepamplona.com\\\/actualidad\\\/wp-content\\\/uploads\\\/2025\\\/03\\\/VISITA-GERENCIA-DE-URBANISMO-CORREDOR-DE-BELOSO_DSC_4192.webp\",\"contentUrl\":\"https:\\\/\\\/www.laguiadepamplona.com\\\/actualidad\\\/wp-content\\\/uploads\\\/2025\\\/03\\\/VISITA-GERENCIA-DE-URBANISMO-CORREDOR-DE-BELOSO_DSC_4192.webp\",\"width\":1000,\"height\":666,\"caption\":\"corredor de Beloso\"},{\"@type\":\"BreadcrumbList\",\"@id\":\"https:\\\/\\\/www.laguiadepamplona.com\\\/actualidad\\\/la-cuesta-de-beloso-sentido-pamplona-sera-asfaltada-entre-el-martes-y-el-viernes-antes-de-abrir-al-trafico-ese-mismo-dia-con-los-cuatro-carriles-definitivos\\\/#breadcrumb\",\"itemListElement\":[{\"@type\":\"ListItem\",\"position\":1,\"name\":\"Portada\",\"item\":\"https:\\\/\\\/www.laguiadepamplona.com\\\/actualidad\\\/\"},{\"@type\":\"ListItem\",\"position\":2,\"name\":\"La Cuesta de Beloso, sentido Pamplona, ser\u00e1 asfaltada entre el martes y el viernes, antes de abrir al tr\u00e1fico ese mismo d\u00eda con los cuatro carriles definitivos\"}]},{\"@type\":\"WebSite\",\"@id\":\"https:\\\/\\\/www.laguiadepamplona.com\\\/actualidad\\\/#website\",\"url\":\"https:\\\/\\\/www.laguiadepamplona.com\\\/actualidad\\\/\",\"name\":\"La gu\u00eda de Pamplona\",\"description\":\"Noticias de Pamplona\",\"publisher\":{\"@id\":\"https:\\\/\\\/www.laguiadepamplona.com\\\/actualidad\\\/#organization\"},\"potentialAction\":[{\"@type\":\"SearchAction\",\"target\":{\"@type\":\"EntryPoint\",\"urlTemplate\":\"https:\\\/\\\/www.laguiadepamplona.com\\\/actualidad\\\/?s={search_term_string}\"},\"query-input\":{\"@type\":\"PropertyValueSpecification\",\"valueRequired\":true,\"valueName\":\"search_term_string\"}}],\"inLanguage\":\"es\"},{\"@type\":\"Organization\",\"@id\":\"https:\\\/\\\/www.laguiadepamplona.com\\\/actualidad\\\/#organization\",\"name\":\"La Gu\u00eda de Pamplona \\\/ Noticias\",\"url\":\"https:\\\/\\\/www.laguiadepamplona.com\\\/actualidad\\\/\",\"logo\":{\"@type\":\"ImageObject\",\"inLanguage\":\"es\",\"@id\":\"https:\\\/\\\/www.laguiadepamplona.com\\\/actualidad\\\/#\\\/schema\\\/logo\\\/image\\\/\",\"url\":\"https:\\\/\\\/www.laguiadepamplona.com\\\/actualidad\\\/wp-content\\\/uploads\\\/2018\\\/11\\\/logo-laguiadepamplona18-web1.png\",\"contentUrl\":\"https:\\\/\\\/www.laguiadepamplona.com\\\/actualidad\\\/wp-content\\\/uploads\\\/2018\\\/11\\\/logo-laguiadepamplona18-web1.png\",\"width\":600,\"height\":196,\"caption\":\"La Gu\u00eda de Pamplona \\\/ Noticias\"},\"image\":{\"@id\":\"https:\\\/\\\/www.laguiadepamplona.com\\\/actualidad\\\/#\\\/schema\\\/logo\\\/image\\\/\"},\"sameAs\":[\"https:\\\/\\\/www.facebook.com\\\/laguiadepamplonacom-133175176762273\\\/?ref=hl\",\"https:\\\/\\\/x.com\\\/LaGuiadPamplona\",\"https:\\\/\\\/www.instagram.com\\\/la_guia_de_pamplona\\\/\",\"https:\\\/\\\/www.youtube.com\\\/user\\\/laguiadepamplona\"]},{\"@type\":\"Person\",\"@id\":\"https:\\\/\\\/www.laguiadepamplona.com\\\/actualidad\\\/#\\\/schema\\\/person\\\/efe887376f0213d4657c93adc50b1fdb\",\"name\":\"La Gu\u00eda de Pamplona\",\"image\":{\"@type\":\"ImageObject\",\"inLanguage\":\"es\",\"@id\":\"https:\\\/\\\/secure.gravatar.com\\\/avatar\\\/b6992f131dc8d30ab0dff15446e9d346d9dbd95992de0fef795073f5ea83a81c?s=96&d=mm&r=g\",\"url\":\"https:\\\/\\\/secure.gravatar.com\\\/avatar\\\/b6992f131dc8d30ab0dff15446e9d346d9dbd95992de0fef795073f5ea83a81c?s=96&d=mm&r=g\",\"contentUrl\":\"https:\\\/\\\/secure.gravatar.com\\\/avatar\\\/b6992f131dc8d30ab0dff15446e9d346d9dbd95992de0fef795073f5ea83a81c?s=96&d=mm&r=g\",\"caption\":\"La Gu\u00eda de Pamplona\"}}]}<\/script>\n<!-- \/ Yoast SEO plugin. -->","yoast_head_json":{"title":"La Cuesta de Beloso, sentido Pamplona, ser\u00e1 asfaltada entre el martes y el viernes, antes de abrir al tr\u00e1fico ese mismo d\u00eda con los cuatro carriles definitivos","description":"Se cortar\u00e1n los carriles de subida haciendo bidireccional la bajada a Burlada; se aconsejan rutas alternativas por Txantrea, Rotxapea...","robots":{"index":"index","follow":"follow","max-snippet":"max-snippet:-1","max-image-preview":"max-image-preview:large","max-video-preview":"max-video-preview:-1"},"canonical":"https:\/\/www.laguiadepamplona.com\/actualidad\/la-cuesta-de-beloso-sentido-pamplona-sera-asfaltada-entre-el-martes-y-el-viernes-antes-de-abrir-al-trafico-ese-mismo-dia-con-los-cuatro-carriles-definitivos\/","og_locale":"es_ES","og_type":"article","og_title":"La Cuesta de Beloso, sentido Pamplona, ser\u00e1 asfaltada entre el martes y el viernes, antes de abrir al tr\u00e1fico ese mismo d\u00eda con los cuatro carriles definitivos","og_description":"Se cortar\u00e1n los carriles de subida haciendo bidireccional la bajada a Burlada; se aconsejan rutas alternativas por Txantrea, Rotxapea...","og_url":"https:\/\/www.laguiadepamplona.com\/actualidad\/la-cuesta-de-beloso-sentido-pamplona-sera-asfaltada-entre-el-martes-y-el-viernes-antes-de-abrir-al-trafico-ese-mismo-dia-con-los-cuatro-carriles-definitivos\/","og_site_name":"La Gu\u00eda de Pamplona","article_publisher":"https:\/\/www.facebook.com\/laguiadepamplonacom-133175176762273\/?ref=hl","article_published_time":"2025-03-07T12:34:38+00:00","og_image":[{"width":1000,"height":666,"url":"https:\/\/www.laguiadepamplona.com\/actualidad\/wp-content\/uploads\/2025\/03\/VISITA-GERENCIA-DE-URBANISMO-CORREDOR-DE-BELOSO_DSC_4192.webp","type":"image\/webp"}],"author":"La Gu\u00eda de Pamplona","twitter_card":"summary_large_image","twitter_creator":"@LaGuiadPamplona","twitter_site":"@LaGuiadPamplona","twitter_misc":{"Escrito por":"La Gu\u00eda de Pamplona","Tiempo de lectura":"5 minutos"},"schema":{"@context":"https:\/\/schema.org","@graph":[{"@type":"Article","@id":"https:\/\/www.laguiadepamplona.com\/actualidad\/la-cuesta-de-beloso-sentido-pamplona-sera-asfaltada-entre-el-martes-y-el-viernes-antes-de-abrir-al-trafico-ese-mismo-dia-con-los-cuatro-carriles-definitivos\/#article","isPartOf":{"@id":"https:\/\/www.laguiadepamplona.com\/actualidad\/la-cuesta-de-beloso-sentido-pamplona-sera-asfaltada-entre-el-martes-y-el-viernes-antes-de-abrir-al-trafico-ese-mismo-dia-con-los-cuatro-carriles-definitivos\/"},"author":{"name":"La Gu\u00eda de Pamplona","@id":"https:\/\/www.laguiadepamplona.com\/actualidad\/#\/schema\/person\/efe887376f0213d4657c93adc50b1fdb"},"headline":"La Cuesta de Beloso, sentido Pamplona, ser\u00e1 asfaltada entre el martes y el viernes, antes de abrir al tr\u00e1fico ese mismo d\u00eda con los cuatro carriles definitivos","datePublished":"2025-03-07T12:34:38+00:00","mainEntityOfPage":{"@id":"https:\/\/www.laguiadepamplona.com\/actualidad\/la-cuesta-de-beloso-sentido-pamplona-sera-asfaltada-entre-el-martes-y-el-viernes-antes-de-abrir-al-trafico-ese-mismo-dia-con-los-cuatro-carriles-definitivos\/"},"wordCount":1000,"commentCount":0,"publisher":{"@id":"https:\/\/www.laguiadepamplona.com\/actualidad\/#organization"},"image":{"@id":"https:\/\/www.laguiadepamplona.com\/actualidad\/la-cuesta-de-beloso-sentido-pamplona-sera-asfaltada-entre-el-martes-y-el-viernes-antes-de-abrir-al-trafico-ese-mismo-dia-con-los-cuatro-carriles-definitivos\/#primaryimage"},"thumbnailUrl":"https:\/\/www.laguiadepamplona.com\/actualidad\/wp-content\/uploads\/2025\/03\/VISITA-GERENCIA-DE-URBANISMO-CORREDOR-DE-BELOSO_DSC_4192.webp","articleSection":["Ayto Pamplona"],"inLanguage":"es","potentialAction":[{"@type":"CommentAction","name":"Comment","target":["https:\/\/www.laguiadepamplona.com\/actualidad\/la-cuesta-de-beloso-sentido-pamplona-sera-asfaltada-entre-el-martes-y-el-viernes-antes-de-abrir-al-trafico-ese-mismo-dia-con-los-cuatro-carriles-definitivos\/#respond"]}]},{"@type":"WebPage","@id":"https:\/\/www.laguiadepamplona.com\/actualidad\/la-cuesta-de-beloso-sentido-pamplona-sera-asfaltada-entre-el-martes-y-el-viernes-antes-de-abrir-al-trafico-ese-mismo-dia-con-los-cuatro-carriles-definitivos\/","url":"https:\/\/www.laguiadepamplona.com\/actualidad\/la-cuesta-de-beloso-sentido-pamplona-sera-asfaltada-entre-el-martes-y-el-viernes-antes-de-abrir-al-trafico-ese-mismo-dia-con-los-cuatro-carriles-definitivos\/","name":"La Cuesta de Beloso, sentido Pamplona, ser\u00e1 asfaltada entre el martes y el viernes, antes de abrir al tr\u00e1fico ese mismo d\u00eda con los cuatro carriles definitivos","isPartOf":{"@id":"https:\/\/www.laguiadepamplona.com\/actualidad\/#website"},"primaryImageOfPage":{"@id":"https:\/\/www.laguiadepamplona.com\/actualidad\/la-cuesta-de-beloso-sentido-pamplona-sera-asfaltada-entre-el-martes-y-el-viernes-antes-de-abrir-al-trafico-ese-mismo-dia-con-los-cuatro-carriles-definitivos\/#primaryimage"},"image":{"@id":"https:\/\/www.laguiadepamplona.com\/actualidad\/la-cuesta-de-beloso-sentido-pamplona-sera-asfaltada-entre-el-martes-y-el-viernes-antes-de-abrir-al-trafico-ese-mismo-dia-con-los-cuatro-carriles-definitivos\/#primaryimage"},"thumbnailUrl":"https:\/\/www.laguiadepamplona.com\/actualidad\/wp-content\/uploads\/2025\/03\/VISITA-GERENCIA-DE-URBANISMO-CORREDOR-DE-BELOSO_DSC_4192.webp","datePublished":"2025-03-07T12:34:38+00:00","description":"Se cortar\u00e1n los carriles de subida haciendo bidireccional la bajada a Burlada; se aconsejan rutas alternativas por Txantrea, Rotxapea...","breadcrumb":{"@id":"https:\/\/www.laguiadepamplona.com\/actualidad\/la-cuesta-de-beloso-sentido-pamplona-sera-asfaltada-entre-el-martes-y-el-viernes-antes-de-abrir-al-trafico-ese-mismo-dia-con-los-cuatro-carriles-definitivos\/#breadcrumb"},"inLanguage":"es","potentialAction":[{"@type":"ReadAction","target":["https:\/\/www.laguiadepamplona.com\/actualidad\/la-cuesta-de-beloso-sentido-pamplona-sera-asfaltada-entre-el-martes-y-el-viernes-antes-de-abrir-al-trafico-ese-mismo-dia-con-los-cuatro-carriles-definitivos\/"]}]},{"@type":"ImageObject","inLanguage":"es","@id":"https:\/\/www.laguiadepamplona.com\/actualidad\/la-cuesta-de-beloso-sentido-pamplona-sera-asfaltada-entre-el-martes-y-el-viernes-antes-de-abrir-al-trafico-ese-mismo-dia-con-los-cuatro-carriles-definitivos\/#primaryimage","url":"https:\/\/www.laguiadepamplona.com\/actualidad\/wp-content\/uploads\/2025\/03\/VISITA-GERENCIA-DE-URBANISMO-CORREDOR-DE-BELOSO_DSC_4192.webp","contentUrl":"https:\/\/www.laguiadepamplona.com\/actualidad\/wp-content\/uploads\/2025\/03\/VISITA-GERENCIA-DE-URBANISMO-CORREDOR-DE-BELOSO_DSC_4192.webp","width":1000,"height":666,"caption":"corredor de Beloso"},{"@type":"BreadcrumbList","@id":"https:\/\/www.laguiadepamplona.com\/actualidad\/la-cuesta-de-beloso-sentido-pamplona-sera-asfaltada-entre-el-martes-y-el-viernes-antes-de-abrir-al-trafico-ese-mismo-dia-con-los-cuatro-carriles-definitivos\/#breadcrumb","itemListElement":[{"@type":"ListItem","position":1,"name":"Portada","item":"https:\/\/www.laguiadepamplona.com\/actualidad\/"},{"@type":"ListItem","position":2,"name":"La Cuesta de Beloso, sentido Pamplona, ser\u00e1 asfaltada entre el martes y el viernes, antes de abrir al tr\u00e1fico ese mismo d\u00eda con los cuatro carriles definitivos"}]},{"@type":"WebSite","@id":"https:\/\/www.laguiadepamplona.com\/actualidad\/#website","url":"https:\/\/www.laguiadepamplona.com\/actualidad\/","name":"La gu\u00eda de Pamplona","description":"Noticias de Pamplona","publisher":{"@id":"https:\/\/www.laguiadepamplona.com\/actualidad\/#organization"},"potentialAction":[{"@type":"SearchAction","target":{"@type":"EntryPoint","urlTemplate":"https:\/\/www.laguiadepamplona.com\/actualidad\/?s={search_term_string}"},"query-input":{"@type":"PropertyValueSpecification","valueRequired":true,"valueName":"search_term_string"}}],"inLanguage":"es"},{"@type":"Organization","@id":"https:\/\/www.laguiadepamplona.com\/actualidad\/#organization","name":"La Gu\u00eda de Pamplona \/ Noticias","url":"https:\/\/www.laguiadepamplona.com\/actualidad\/","logo":{"@type":"ImageObject","inLanguage":"es","@id":"https:\/\/www.laguiadepamplona.com\/actualidad\/#\/schema\/logo\/image\/","url":"https:\/\/www.laguiadepamplona.com\/actualidad\/wp-content\/uploads\/2018\/11\/logo-laguiadepamplona18-web1.png","contentUrl":"https:\/\/www.laguiadepamplona.com\/actualidad\/wp-content\/uploads\/2018\/11\/logo-laguiadepamplona18-web1.png","width":600,"height":196,"caption":"La Gu\u00eda de Pamplona \/ Noticias"},"image":{"@id":"https:\/\/www.laguiadepamplona.com\/actualidad\/#\/schema\/logo\/image\/"},"sameAs":["https:\/\/www.facebook.com\/laguiadepamplonacom-133175176762273\/?ref=hl","https:\/\/x.com\/LaGuiadPamplona","https:\/\/www.instagram.com\/la_guia_de_pamplona\/","https:\/\/www.youtube.com\/user\/laguiadepamplona"]},{"@type":"Person","@id":"https:\/\/www.laguiadepamplona.com\/actualidad\/#\/schema\/person\/efe887376f0213d4657c93adc50b1fdb","name":"La Gu\u00eda de Pamplona","image":{"@type":"ImageObject","inLanguage":"es","@id":"https:\/\/secure.gravatar.com\/avatar\/b6992f131dc8d30ab0dff15446e9d346d9dbd95992de0fef795073f5ea83a81c?s=96&d=mm&r=g","url":"https:\/\/secure.gravatar.com\/avatar\/b6992f131dc8d30ab0dff15446e9d346d9dbd95992de0fef795073f5ea83a81c?s=96&d=mm&r=g","contentUrl":"https:\/\/secure.gravatar.com\/avatar\/b6992f131dc8d30ab0dff15446e9d346d9dbd95992de0fef795073f5ea83a81c?s=96&d=mm&r=g","caption":"La Gu\u00eda de Pamplona"}}]}},"post_mailing_queue_ids":[],"_links":{"self":[{"href":"https:\/\/www.laguiadepamplona.com\/actualidad\/wp-json\/wp\/v2\/posts\/52327","targetHints":{"allow":["GET"]}}],"collection":[{"href":"https:\/\/www.laguiadepamplona.com\/actualidad\/wp-json\/wp\/v2\/posts"}],"about":[{"href":"https:\/\/www.laguiadepamplona.com\/actualidad\/wp-json\/wp\/v2\/types\/post"}],"author":[{"embeddable":true,"href":"https:\/\/www.laguiadepamplona.com\/actualidad\/wp-json\/wp\/v2\/users\/1"}],"replies":[{"embeddable":true,"href":"https:\/\/www.laguiadepamplona.com\/actualidad\/wp-json\/wp\/v2\/comments?post=52327"}],"version-history":[{"count":1,"href":"https:\/\/www.laguiadepamplona.com\/actualidad\/wp-json\/wp\/v2\/posts\/52327\/revisions"}],"predecessor-version":[{"id":52329,"href":"https:\/\/www.laguiadepamplona.com\/actualidad\/wp-json\/wp\/v2\/posts\/52327\/revisions\/52329"}],"wp:featuredmedia":[{"embeddable":true,"href":"https:\/\/www.laguiadepamplona.com\/actualidad\/wp-json\/wp\/v2\/media\/52328"}],"wp:attachment":[{"href":"https:\/\/www.laguiadepamplona.com\/actualidad\/wp-json\/wp\/v2\/media?parent=52327"}],"wp:term":[{"taxonomy":"category","embeddable":true,"href":"https:\/\/www.laguiadepamplona.com\/actualidad\/wp-json\/wp\/v2\/categories?post=52327"},{"taxonomy":"post_tag","embeddable":true,"href":"https:\/\/www.laguiadepamplona.com\/actualidad\/wp-json\/wp\/v2\/tags?post=52327"}],"curies":[{"name":"wp","href":"https:\/\/api.w.org\/{rel}","templated":true}]}}