{"id":52302,"date":"2025-03-05T19:13:54","date_gmt":"2025-03-05T17:13:54","guid":{"rendered":"https:\/\/www.laguiadepamplona.com\/actualidad\/?p=52302"},"modified":"2025-03-05T19:13:54","modified_gmt":"2025-03-05T17:13:54","slug":"la-brasilena-cybele-varela-expone-por-primera-vez-en-pamplona-una-retrospectiva-de-su-personal-lenguaje-visual-con-elementos-de-estetica-pop-surrealismo-y-critica-social","status":"publish","type":"post","link":"https:\/\/www.laguiadepamplona.com\/actualidad\/la-brasilena-cybele-varela-expone-por-primera-vez-en-pamplona-una-retrospectiva-de-su-personal-lenguaje-visual-con-elementos-de-estetica-pop-surrealismo-y-critica-social\/","title":{"rendered":"La brasile\u00f1a Cyb\u00e8le Varela expone por primera vez en Pamplona una retrospectiva de su personal lenguaje visual con elementos de est\u00e9tica pop, surrealismo y cr\u00edtica social"},"content":{"rendered":"<h2>El nuevo Pabell\u00f3n de Mixtos accesible reabre con varias series de una de las artistas referentes del arte contempor\u00e1neo brasile\u00f1o e internacional<\/h2>\n<p><!--more--><\/p>\n<p>Cyb\u00e8le Varela integra en sus obras elementos de la est\u00e9tica pop, el surrealismo y el comentario social, creando composiciones que trascienden los l\u00edmites art\u00edsticos convencionales. Su distintivo lenguaje visual la ha convertido en una figura referente del arte contempor\u00e1neo brasile\u00f1o e internacional. La Ciudadela acoge una retrospectiva de esta artista que, por primera vez, expone en Pamplona. La muestra coincide con la reapertura del Pabell\u00f3n de Mixtos, tras cinco meses cerrado para mejorar su accesibilidad.<\/p>\n<p>\u2018Cyb\u00e8le Varela: \u00e9rase una vez\u2019 re\u00fane una selecci\u00f3n de obras producidas desde finales de los a\u00f1os 90 hasta 2010, que est\u00e1n profundamente conectadas entre s\u00ed. La muestra parte del proyecto \u2018Once upon a time\u2019 (1997), que da t\u00edtulo a la muestra, y contin\u00faa con las series \u2018Why Not?\u2019 (1998), \u2018Surroundings\u2019 (2000-2001) y \u2018Travel\u2019 (2009-2010). A trav\u00e9s de una amplia y diversa gama de medios, como fotograf\u00edas, pinturas, v\u00eddeos y un objeto,\u00a0la exposici\u00f3n pone de relieve la evoluci\u00f3n de la pr\u00e1ctica art\u00edstica de Varela y su continua exploraci\u00f3n de la interacci\u00f3n entre realidad e imaginaci\u00f3n. En estas obras, aborda cr\u00edticamente las cuestiones de g\u00e9nero, explorando las representaciones de la feminidad, la identidad y las expectativas sociales, a trav\u00e9s de una lente que es a la vez personal y universal.<\/p>\n<p>Sus composiciones, caracterizadas por una imaginer\u00eda po\u00e9tica y un refinado uso del color, reflejan un compromiso constante con los temas de la memoria, la percepci\u00f3n y el paso del tiempo. Sutilmente arraigado a sus or\u00edgenes brasile\u00f1os y entrelazado con la cultura europea, el arte de Varela construye narrativas que fusionan la historia y el discurso contempor\u00e1neo, ofreciendo una reflexi\u00f3n sobre los cambiantes l\u00edmites de la identidad y de la percepci\u00f3n visual. Cyb\u00e8le Varela es una artista sin disciplina fija, un hecho que, para alguien de su generaci\u00f3n, resulta una caracter\u00edstica fascinante por su actitud lib\u00e9rrima. Se sirve de todas las disciplinas encaden\u00e1ndolas, por lo que el proceso nunca le lleva a una imagen final; en el camino, m\u00e1s que en la meta, se encuentra su relato trabado.<\/p>\n<p>El director de Cultura, Fiestas, Educaci\u00f3n y Deporte, \u00cd\u00f1igo G\u00f3mez Egu\u00edluz, la propia autora Cyb\u00e8le Varela y su hija, comisaria de la exposici\u00f3n, Ariane Varela Braga, han presentado esta ma\u00f1ana una muestra que se podr\u00e1 visitar en el Pabell\u00f3n de Mixtos hasta el 4 de mayo. Al igual que el resto de salas expositivas de la Ciudadela, el Pabell\u00f3n de Mixtos abre de martes a s\u00e1bado, de 11.30 a 13.30 horas y de 18 a 20.30 horas, y domingos y festivos, solo por la ma\u00f1ana, de 11.30 a 13.30 horas. Esta tarde, a las 19 horas, tendr\u00e1 lugar un encuentro con Cyb\u00e8le Varela en el propio Pabell\u00f3n de Mixtos a modo de inauguraci\u00f3n de la muestra.<\/p>\n<p><strong>Una trayectoria \u2018europea\u2019, sin perder sus ra\u00edces brasile\u00f1as<\/strong><\/p>\n<p>Cyb\u00e8le Varela naci\u00f3 en Petr\u00f3polis (R\u00edo de Janeiro, Brasil) en 1943 y actualmente vive en Madrid. Comenz\u00f3 su carrera en la adolescencia, recibiendo su primer premio a los 16 a\u00f1os en el Museo de Bellas Artes de R\u00edo de Janeiro. Irrumpi\u00f3 en la escena art\u00edstica brasile\u00f1a en la d\u00e9cada de 1960, con obras figurativas y objetos que dialogaban con los estilos y debates en torno al Pop Art Nord americano, convirti\u00e9ndose en una de las figuras clave de la Nueva Figuraci\u00f3n Brasile\u00f1a. Sus obras de la \u00e9poca incorporaban la cultura popular y autodidacta del pa\u00eds, como \u2018Amor\/O Beijo\u2019 (1965, Museo Nacional Reina Sof\u00eda, Madrid) con elementos de la cultura urbana y de los medios de comunicaci\u00f3n de masas, reflexionando sobre la sociedad, el estado pol\u00edtico y los roles de g\u00e9nero en Brasil desde un punto de vista cr\u00edtico y a menudo ir\u00f3nico.<\/p>\n<p>En 1967 recibi\u00f3 el Premio de Arte Joven Contempor\u00e1neo del Museo de Arte Contempor\u00e1neo de S\u00e3o Paulo (MAC-USP) y particip\u00f3 por primera vez en la Bienal de S\u00e3o Paulo. All\u00ed, su objeto en forma de caja \u2018O Presente\u2019 (El regalo, 1967) fue noticia por haber sido retirado por el DOPS (Departamento de Orden Pol\u00edtico y Social), una rama de la dictadura responsable de la censura. Esto empuj\u00f3 a Varela a explorar nuevos horizontes. Tras recibir una beca del gobierno franc\u00e9s, en 1968 abandon\u00f3 Brasil y se traslad\u00f3 a Par\u00eds, donde ampli\u00f3 su pr\u00e1ctica art\u00edstica incorporando el videoarte y la fotograf\u00eda.<\/p>\n<p>Implicada en el movimiento de la Figuraci\u00f3n Narrativa, comenz\u00f3 a centrarse en la representaci\u00f3n autorreflexiva de la naturaleza en una serie de pinturas, fotograf\u00edas y v\u00eddeos titulada \u2018Im\u00e1genes\u2019 (Centro Pompidou, Par\u00eds), a trav\u00e9s de la cual cuestionaba la ambigua representaci\u00f3n de la realidad. En 1975, fue la \u00fanica mujer incluida en la exposici\u00f3n itinerante \u2018Trente cr\u00e9ateurs\u2019 (Treinta creadores), junto a grandes artistas que trabajaban entonces en Francia, como Hans Hartung o Pierre Soulages.<\/p>\n<p>Aunque ha pasado la mayor parte de su vida en Europa, viviendo en Par\u00eds, Ginebra, Roma y ahora Madrid, su compromiso con la cultura brasile\u00f1a nunca ha deca\u00eddo, y sus recuerdos del color y la gente de su pa\u00eds de origen siguen siendo al centro de su obra que explora temas como la memoria, la identidad, el g\u00e9nero y el desplazamiento cultural, lo que la sit\u00faa como una voz cr\u00edtica en el discurso art\u00edstico latinoamericano y mundial.<\/p>\n","protected":false},"excerpt":{"rendered":"<p>El nuevo Pabell\u00f3n de Mixtos accesible reabre con varias series de una de las artistas referentes del arte contempor\u00e1neo brasile\u00f1o e internacional<\/p>\n","protected":false},"author":1,"featured_media":52303,"comment_status":"open","ping_status":"closed","sticky":false,"template":"","format":"standard","meta":{"footnotes":""},"categories":[2],"tags":[],"class_list":["post-52302","post","type-post","status-publish","format-standard","has-post-thumbnail","hentry","category-ayuntamiento-pamplona"],"yoast_head":"<!-- This site is optimized with the Yoast SEO plugin v27.5 - https:\/\/yoast.com\/product\/yoast-seo-wordpress\/ -->\n<title>La brasile\u00f1a Cyb\u00e8le Varela expone por primera vez en Pamplona una retrospectiva de su personal lenguaje visual con elementos de est\u00e9tica pop, surrealismo y cr\u00edtica social<\/title>\n<meta name=\"description\" content=\"El nuevo Pabell\u00f3n de Mixtos accesible reabre con varias series de una de las artistas referentes del arte contempor\u00e1neo brasile\u00f1o e internacional\" \/>\n<meta name=\"robots\" content=\"index, follow, max-snippet:-1, max-image-preview:large, max-video-preview:-1\" \/>\n<link rel=\"canonical\" href=\"https:\/\/www.laguiadepamplona.com\/actualidad\/la-brasilena-cybele-varela-expone-por-primera-vez-en-pamplona-una-retrospectiva-de-su-personal-lenguaje-visual-con-elementos-de-estetica-pop-surrealismo-y-critica-social\/\" \/>\n<meta property=\"og:locale\" content=\"es_ES\" \/>\n<meta property=\"og:type\" content=\"article\" \/>\n<meta property=\"og:title\" content=\"La brasile\u00f1a Cyb\u00e8le Varela expone por primera vez en Pamplona una retrospectiva de su personal lenguaje visual con elementos de est\u00e9tica pop, surrealismo y cr\u00edtica social\" \/>\n<meta property=\"og:description\" content=\"El nuevo Pabell\u00f3n de Mixtos accesible reabre con varias series de una de las artistas referentes del arte contempor\u00e1neo brasile\u00f1o e internacional\" \/>\n<meta property=\"og:url\" content=\"https:\/\/www.laguiadepamplona.com\/actualidad\/la-brasilena-cybele-varela-expone-por-primera-vez-en-pamplona-una-retrospectiva-de-su-personal-lenguaje-visual-con-elementos-de-estetica-pop-surrealismo-y-critica-social\/\" \/>\n<meta property=\"og:site_name\" content=\"La Gu\u00eda de Pamplona\" \/>\n<meta property=\"article:publisher\" content=\"https:\/\/www.facebook.com\/laguiadepamplonacom-133175176762273\/?ref=hl\" \/>\n<meta property=\"article:published_time\" content=\"2025-03-05T17:13:54+00:00\" \/>\n<meta property=\"og:image\" content=\"https:\/\/www.laguiadepamplona.com\/actualidad\/wp-content\/uploads\/2025\/03\/Expo-Cybele_web.webp\" \/>\n\t<meta property=\"og:image:width\" content=\"1000\" \/>\n\t<meta property=\"og:image:height\" content=\"667\" \/>\n\t<meta property=\"og:image:type\" content=\"image\/webp\" \/>\n<meta name=\"author\" content=\"La Gu\u00eda de Pamplona\" \/>\n<meta name=\"twitter:card\" content=\"summary_large_image\" \/>\n<meta name=\"twitter:creator\" content=\"@LaGuiadPamplona\" \/>\n<meta name=\"twitter:site\" content=\"@LaGuiadPamplona\" \/>\n<meta name=\"twitter:label1\" content=\"Escrito por\" \/>\n\t<meta name=\"twitter:data1\" content=\"La Gu\u00eda de Pamplona\" \/>\n\t<meta name=\"twitter:label2\" content=\"Tiempo de lectura\" \/>\n\t<meta name=\"twitter:data2\" content=\"4 minutos\" \/>\n<script type=\"application\/ld+json\" class=\"yoast-schema-graph\">{\"@context\":\"https:\\\/\\\/schema.org\",\"@graph\":[{\"@type\":\"Article\",\"@id\":\"https:\\\/\\\/www.laguiadepamplona.com\\\/actualidad\\\/la-brasilena-cybele-varela-expone-por-primera-vez-en-pamplona-una-retrospectiva-de-su-personal-lenguaje-visual-con-elementos-de-estetica-pop-surrealismo-y-critica-social\\\/#article\",\"isPartOf\":{\"@id\":\"https:\\\/\\\/www.laguiadepamplona.com\\\/actualidad\\\/la-brasilena-cybele-varela-expone-por-primera-vez-en-pamplona-una-retrospectiva-de-su-personal-lenguaje-visual-con-elementos-de-estetica-pop-surrealismo-y-critica-social\\\/\"},\"author\":{\"name\":\"La Gu\u00eda de Pamplona\",\"@id\":\"https:\\\/\\\/www.laguiadepamplona.com\\\/actualidad\\\/#\\\/schema\\\/person\\\/efe887376f0213d4657c93adc50b1fdb\"},\"headline\":\"La brasile\u00f1a Cyb\u00e8le Varela expone por primera vez en Pamplona una retrospectiva de su personal lenguaje visual con elementos de est\u00e9tica pop, surrealismo y cr\u00edtica social\",\"datePublished\":\"2025-03-05T17:13:54+00:00\",\"mainEntityOfPage\":{\"@id\":\"https:\\\/\\\/www.laguiadepamplona.com\\\/actualidad\\\/la-brasilena-cybele-varela-expone-por-primera-vez-en-pamplona-una-retrospectiva-de-su-personal-lenguaje-visual-con-elementos-de-estetica-pop-surrealismo-y-critica-social\\\/\"},\"wordCount\":986,\"commentCount\":0,\"publisher\":{\"@id\":\"https:\\\/\\\/www.laguiadepamplona.com\\\/actualidad\\\/#organization\"},\"image\":{\"@id\":\"https:\\\/\\\/www.laguiadepamplona.com\\\/actualidad\\\/la-brasilena-cybele-varela-expone-por-primera-vez-en-pamplona-una-retrospectiva-de-su-personal-lenguaje-visual-con-elementos-de-estetica-pop-surrealismo-y-critica-social\\\/#primaryimage\"},\"thumbnailUrl\":\"https:\\\/\\\/www.laguiadepamplona.com\\\/actualidad\\\/wp-content\\\/uploads\\\/2025\\\/03\\\/Expo-Cybele_web.webp\",\"articleSection\":[\"Ayto Pamplona\"],\"inLanguage\":\"es\",\"potentialAction\":[{\"@type\":\"CommentAction\",\"name\":\"Comment\",\"target\":[\"https:\\\/\\\/www.laguiadepamplona.com\\\/actualidad\\\/la-brasilena-cybele-varela-expone-por-primera-vez-en-pamplona-una-retrospectiva-de-su-personal-lenguaje-visual-con-elementos-de-estetica-pop-surrealismo-y-critica-social\\\/#respond\"]}]},{\"@type\":\"WebPage\",\"@id\":\"https:\\\/\\\/www.laguiadepamplona.com\\\/actualidad\\\/la-brasilena-cybele-varela-expone-por-primera-vez-en-pamplona-una-retrospectiva-de-su-personal-lenguaje-visual-con-elementos-de-estetica-pop-surrealismo-y-critica-social\\\/\",\"url\":\"https:\\\/\\\/www.laguiadepamplona.com\\\/actualidad\\\/la-brasilena-cybele-varela-expone-por-primera-vez-en-pamplona-una-retrospectiva-de-su-personal-lenguaje-visual-con-elementos-de-estetica-pop-surrealismo-y-critica-social\\\/\",\"name\":\"La brasile\u00f1a Cyb\u00e8le Varela expone por primera vez en Pamplona una retrospectiva de su personal lenguaje visual con elementos de est\u00e9tica pop, surrealismo y cr\u00edtica social\",\"isPartOf\":{\"@id\":\"https:\\\/\\\/www.laguiadepamplona.com\\\/actualidad\\\/#website\"},\"primaryImageOfPage\":{\"@id\":\"https:\\\/\\\/www.laguiadepamplona.com\\\/actualidad\\\/la-brasilena-cybele-varela-expone-por-primera-vez-en-pamplona-una-retrospectiva-de-su-personal-lenguaje-visual-con-elementos-de-estetica-pop-surrealismo-y-critica-social\\\/#primaryimage\"},\"image\":{\"@id\":\"https:\\\/\\\/www.laguiadepamplona.com\\\/actualidad\\\/la-brasilena-cybele-varela-expone-por-primera-vez-en-pamplona-una-retrospectiva-de-su-personal-lenguaje-visual-con-elementos-de-estetica-pop-surrealismo-y-critica-social\\\/#primaryimage\"},\"thumbnailUrl\":\"https:\\\/\\\/www.laguiadepamplona.com\\\/actualidad\\\/wp-content\\\/uploads\\\/2025\\\/03\\\/Expo-Cybele_web.webp\",\"datePublished\":\"2025-03-05T17:13:54+00:00\",\"description\":\"El nuevo Pabell\u00f3n de Mixtos accesible reabre con varias series de una de las artistas referentes del arte contempor\u00e1neo brasile\u00f1o e internacional\",\"breadcrumb\":{\"@id\":\"https:\\\/\\\/www.laguiadepamplona.com\\\/actualidad\\\/la-brasilena-cybele-varela-expone-por-primera-vez-en-pamplona-una-retrospectiva-de-su-personal-lenguaje-visual-con-elementos-de-estetica-pop-surrealismo-y-critica-social\\\/#breadcrumb\"},\"inLanguage\":\"es\",\"potentialAction\":[{\"@type\":\"ReadAction\",\"target\":[\"https:\\\/\\\/www.laguiadepamplona.com\\\/actualidad\\\/la-brasilena-cybele-varela-expone-por-primera-vez-en-pamplona-una-retrospectiva-de-su-personal-lenguaje-visual-con-elementos-de-estetica-pop-surrealismo-y-critica-social\\\/\"]}]},{\"@type\":\"ImageObject\",\"inLanguage\":\"es\",\"@id\":\"https:\\\/\\\/www.laguiadepamplona.com\\\/actualidad\\\/la-brasilena-cybele-varela-expone-por-primera-vez-en-pamplona-una-retrospectiva-de-su-personal-lenguaje-visual-con-elementos-de-estetica-pop-surrealismo-y-critica-social\\\/#primaryimage\",\"url\":\"https:\\\/\\\/www.laguiadepamplona.com\\\/actualidad\\\/wp-content\\\/uploads\\\/2025\\\/03\\\/Expo-Cybele_web.webp\",\"contentUrl\":\"https:\\\/\\\/www.laguiadepamplona.com\\\/actualidad\\\/wp-content\\\/uploads\\\/2025\\\/03\\\/Expo-Cybele_web.webp\",\"width\":1000,\"height\":667,\"caption\":\"Expo Cybele\"},{\"@type\":\"BreadcrumbList\",\"@id\":\"https:\\\/\\\/www.laguiadepamplona.com\\\/actualidad\\\/la-brasilena-cybele-varela-expone-por-primera-vez-en-pamplona-una-retrospectiva-de-su-personal-lenguaje-visual-con-elementos-de-estetica-pop-surrealismo-y-critica-social\\\/#breadcrumb\",\"itemListElement\":[{\"@type\":\"ListItem\",\"position\":1,\"name\":\"Portada\",\"item\":\"https:\\\/\\\/www.laguiadepamplona.com\\\/actualidad\\\/\"},{\"@type\":\"ListItem\",\"position\":2,\"name\":\"La brasile\u00f1a Cyb\u00e8le Varela expone por primera vez en Pamplona una retrospectiva de su personal lenguaje visual con elementos de est\u00e9tica pop, surrealismo y cr\u00edtica social\"}]},{\"@type\":\"WebSite\",\"@id\":\"https:\\\/\\\/www.laguiadepamplona.com\\\/actualidad\\\/#website\",\"url\":\"https:\\\/\\\/www.laguiadepamplona.com\\\/actualidad\\\/\",\"name\":\"La gu\u00eda de Pamplona\",\"description\":\"Noticias de Pamplona\",\"publisher\":{\"@id\":\"https:\\\/\\\/www.laguiadepamplona.com\\\/actualidad\\\/#organization\"},\"potentialAction\":[{\"@type\":\"SearchAction\",\"target\":{\"@type\":\"EntryPoint\",\"urlTemplate\":\"https:\\\/\\\/www.laguiadepamplona.com\\\/actualidad\\\/?s={search_term_string}\"},\"query-input\":{\"@type\":\"PropertyValueSpecification\",\"valueRequired\":true,\"valueName\":\"search_term_string\"}}],\"inLanguage\":\"es\"},{\"@type\":\"Organization\",\"@id\":\"https:\\\/\\\/www.laguiadepamplona.com\\\/actualidad\\\/#organization\",\"name\":\"La Gu\u00eda de Pamplona \\\/ Noticias\",\"url\":\"https:\\\/\\\/www.laguiadepamplona.com\\\/actualidad\\\/\",\"logo\":{\"@type\":\"ImageObject\",\"inLanguage\":\"es\",\"@id\":\"https:\\\/\\\/www.laguiadepamplona.com\\\/actualidad\\\/#\\\/schema\\\/logo\\\/image\\\/\",\"url\":\"https:\\\/\\\/www.laguiadepamplona.com\\\/actualidad\\\/wp-content\\\/uploads\\\/2018\\\/11\\\/logo-laguiadepamplona18-web1.png\",\"contentUrl\":\"https:\\\/\\\/www.laguiadepamplona.com\\\/actualidad\\\/wp-content\\\/uploads\\\/2018\\\/11\\\/logo-laguiadepamplona18-web1.png\",\"width\":600,\"height\":196,\"caption\":\"La Gu\u00eda de Pamplona \\\/ Noticias\"},\"image\":{\"@id\":\"https:\\\/\\\/www.laguiadepamplona.com\\\/actualidad\\\/#\\\/schema\\\/logo\\\/image\\\/\"},\"sameAs\":[\"https:\\\/\\\/www.facebook.com\\\/laguiadepamplonacom-133175176762273\\\/?ref=hl\",\"https:\\\/\\\/x.com\\\/LaGuiadPamplona\",\"https:\\\/\\\/www.instagram.com\\\/la_guia_de_pamplona\\\/\",\"https:\\\/\\\/www.youtube.com\\\/user\\\/laguiadepamplona\"]},{\"@type\":\"Person\",\"@id\":\"https:\\\/\\\/www.laguiadepamplona.com\\\/actualidad\\\/#\\\/schema\\\/person\\\/efe887376f0213d4657c93adc50b1fdb\",\"name\":\"La Gu\u00eda de Pamplona\",\"image\":{\"@type\":\"ImageObject\",\"inLanguage\":\"es\",\"@id\":\"https:\\\/\\\/secure.gravatar.com\\\/avatar\\\/b6992f131dc8d30ab0dff15446e9d346d9dbd95992de0fef795073f5ea83a81c?s=96&d=mm&r=g\",\"url\":\"https:\\\/\\\/secure.gravatar.com\\\/avatar\\\/b6992f131dc8d30ab0dff15446e9d346d9dbd95992de0fef795073f5ea83a81c?s=96&d=mm&r=g\",\"contentUrl\":\"https:\\\/\\\/secure.gravatar.com\\\/avatar\\\/b6992f131dc8d30ab0dff15446e9d346d9dbd95992de0fef795073f5ea83a81c?s=96&d=mm&r=g\",\"caption\":\"La Gu\u00eda de Pamplona\"}}]}<\/script>\n<!-- \/ Yoast SEO plugin. -->","yoast_head_json":{"title":"La brasile\u00f1a Cyb\u00e8le Varela expone por primera vez en Pamplona una retrospectiva de su personal lenguaje visual con elementos de est\u00e9tica pop, surrealismo y cr\u00edtica social","description":"El nuevo Pabell\u00f3n de Mixtos accesible reabre con varias series de una de las artistas referentes del arte contempor\u00e1neo brasile\u00f1o e internacional","robots":{"index":"index","follow":"follow","max-snippet":"max-snippet:-1","max-image-preview":"max-image-preview:large","max-video-preview":"max-video-preview:-1"},"canonical":"https:\/\/www.laguiadepamplona.com\/actualidad\/la-brasilena-cybele-varela-expone-por-primera-vez-en-pamplona-una-retrospectiva-de-su-personal-lenguaje-visual-con-elementos-de-estetica-pop-surrealismo-y-critica-social\/","og_locale":"es_ES","og_type":"article","og_title":"La brasile\u00f1a Cyb\u00e8le Varela expone por primera vez en Pamplona una retrospectiva de su personal lenguaje visual con elementos de est\u00e9tica pop, surrealismo y cr\u00edtica social","og_description":"El nuevo Pabell\u00f3n de Mixtos accesible reabre con varias series de una de las artistas referentes del arte contempor\u00e1neo brasile\u00f1o e internacional","og_url":"https:\/\/www.laguiadepamplona.com\/actualidad\/la-brasilena-cybele-varela-expone-por-primera-vez-en-pamplona-una-retrospectiva-de-su-personal-lenguaje-visual-con-elementos-de-estetica-pop-surrealismo-y-critica-social\/","og_site_name":"La Gu\u00eda de Pamplona","article_publisher":"https:\/\/www.facebook.com\/laguiadepamplonacom-133175176762273\/?ref=hl","article_published_time":"2025-03-05T17:13:54+00:00","og_image":[{"width":1000,"height":667,"url":"https:\/\/www.laguiadepamplona.com\/actualidad\/wp-content\/uploads\/2025\/03\/Expo-Cybele_web.webp","type":"image\/webp"}],"author":"La Gu\u00eda de Pamplona","twitter_card":"summary_large_image","twitter_creator":"@LaGuiadPamplona","twitter_site":"@LaGuiadPamplona","twitter_misc":{"Escrito por":"La Gu\u00eda de Pamplona","Tiempo de lectura":"4 minutos"},"schema":{"@context":"https:\/\/schema.org","@graph":[{"@type":"Article","@id":"https:\/\/www.laguiadepamplona.com\/actualidad\/la-brasilena-cybele-varela-expone-por-primera-vez-en-pamplona-una-retrospectiva-de-su-personal-lenguaje-visual-con-elementos-de-estetica-pop-surrealismo-y-critica-social\/#article","isPartOf":{"@id":"https:\/\/www.laguiadepamplona.com\/actualidad\/la-brasilena-cybele-varela-expone-por-primera-vez-en-pamplona-una-retrospectiva-de-su-personal-lenguaje-visual-con-elementos-de-estetica-pop-surrealismo-y-critica-social\/"},"author":{"name":"La Gu\u00eda de Pamplona","@id":"https:\/\/www.laguiadepamplona.com\/actualidad\/#\/schema\/person\/efe887376f0213d4657c93adc50b1fdb"},"headline":"La brasile\u00f1a Cyb\u00e8le Varela expone por primera vez en Pamplona una retrospectiva de su personal lenguaje visual con elementos de est\u00e9tica pop, surrealismo y cr\u00edtica social","datePublished":"2025-03-05T17:13:54+00:00","mainEntityOfPage":{"@id":"https:\/\/www.laguiadepamplona.com\/actualidad\/la-brasilena-cybele-varela-expone-por-primera-vez-en-pamplona-una-retrospectiva-de-su-personal-lenguaje-visual-con-elementos-de-estetica-pop-surrealismo-y-critica-social\/"},"wordCount":986,"commentCount":0,"publisher":{"@id":"https:\/\/www.laguiadepamplona.com\/actualidad\/#organization"},"image":{"@id":"https:\/\/www.laguiadepamplona.com\/actualidad\/la-brasilena-cybele-varela-expone-por-primera-vez-en-pamplona-una-retrospectiva-de-su-personal-lenguaje-visual-con-elementos-de-estetica-pop-surrealismo-y-critica-social\/#primaryimage"},"thumbnailUrl":"https:\/\/www.laguiadepamplona.com\/actualidad\/wp-content\/uploads\/2025\/03\/Expo-Cybele_web.webp","articleSection":["Ayto Pamplona"],"inLanguage":"es","potentialAction":[{"@type":"CommentAction","name":"Comment","target":["https:\/\/www.laguiadepamplona.com\/actualidad\/la-brasilena-cybele-varela-expone-por-primera-vez-en-pamplona-una-retrospectiva-de-su-personal-lenguaje-visual-con-elementos-de-estetica-pop-surrealismo-y-critica-social\/#respond"]}]},{"@type":"WebPage","@id":"https:\/\/www.laguiadepamplona.com\/actualidad\/la-brasilena-cybele-varela-expone-por-primera-vez-en-pamplona-una-retrospectiva-de-su-personal-lenguaje-visual-con-elementos-de-estetica-pop-surrealismo-y-critica-social\/","url":"https:\/\/www.laguiadepamplona.com\/actualidad\/la-brasilena-cybele-varela-expone-por-primera-vez-en-pamplona-una-retrospectiva-de-su-personal-lenguaje-visual-con-elementos-de-estetica-pop-surrealismo-y-critica-social\/","name":"La brasile\u00f1a Cyb\u00e8le Varela expone por primera vez en Pamplona una retrospectiva de su personal lenguaje visual con elementos de est\u00e9tica pop, surrealismo y cr\u00edtica social","isPartOf":{"@id":"https:\/\/www.laguiadepamplona.com\/actualidad\/#website"},"primaryImageOfPage":{"@id":"https:\/\/www.laguiadepamplona.com\/actualidad\/la-brasilena-cybele-varela-expone-por-primera-vez-en-pamplona-una-retrospectiva-de-su-personal-lenguaje-visual-con-elementos-de-estetica-pop-surrealismo-y-critica-social\/#primaryimage"},"image":{"@id":"https:\/\/www.laguiadepamplona.com\/actualidad\/la-brasilena-cybele-varela-expone-por-primera-vez-en-pamplona-una-retrospectiva-de-su-personal-lenguaje-visual-con-elementos-de-estetica-pop-surrealismo-y-critica-social\/#primaryimage"},"thumbnailUrl":"https:\/\/www.laguiadepamplona.com\/actualidad\/wp-content\/uploads\/2025\/03\/Expo-Cybele_web.webp","datePublished":"2025-03-05T17:13:54+00:00","description":"El nuevo Pabell\u00f3n de Mixtos accesible reabre con varias series de una de las artistas referentes del arte contempor\u00e1neo brasile\u00f1o e internacional","breadcrumb":{"@id":"https:\/\/www.laguiadepamplona.com\/actualidad\/la-brasilena-cybele-varela-expone-por-primera-vez-en-pamplona-una-retrospectiva-de-su-personal-lenguaje-visual-con-elementos-de-estetica-pop-surrealismo-y-critica-social\/#breadcrumb"},"inLanguage":"es","potentialAction":[{"@type":"ReadAction","target":["https:\/\/www.laguiadepamplona.com\/actualidad\/la-brasilena-cybele-varela-expone-por-primera-vez-en-pamplona-una-retrospectiva-de-su-personal-lenguaje-visual-con-elementos-de-estetica-pop-surrealismo-y-critica-social\/"]}]},{"@type":"ImageObject","inLanguage":"es","@id":"https:\/\/www.laguiadepamplona.com\/actualidad\/la-brasilena-cybele-varela-expone-por-primera-vez-en-pamplona-una-retrospectiva-de-su-personal-lenguaje-visual-con-elementos-de-estetica-pop-surrealismo-y-critica-social\/#primaryimage","url":"https:\/\/www.laguiadepamplona.com\/actualidad\/wp-content\/uploads\/2025\/03\/Expo-Cybele_web.webp","contentUrl":"https:\/\/www.laguiadepamplona.com\/actualidad\/wp-content\/uploads\/2025\/03\/Expo-Cybele_web.webp","width":1000,"height":667,"caption":"Expo Cybele"},{"@type":"BreadcrumbList","@id":"https:\/\/www.laguiadepamplona.com\/actualidad\/la-brasilena-cybele-varela-expone-por-primera-vez-en-pamplona-una-retrospectiva-de-su-personal-lenguaje-visual-con-elementos-de-estetica-pop-surrealismo-y-critica-social\/#breadcrumb","itemListElement":[{"@type":"ListItem","position":1,"name":"Portada","item":"https:\/\/www.laguiadepamplona.com\/actualidad\/"},{"@type":"ListItem","position":2,"name":"La brasile\u00f1a Cyb\u00e8le Varela expone por primera vez en Pamplona una retrospectiva de su personal lenguaje visual con elementos de est\u00e9tica pop, surrealismo y cr\u00edtica social"}]},{"@type":"WebSite","@id":"https:\/\/www.laguiadepamplona.com\/actualidad\/#website","url":"https:\/\/www.laguiadepamplona.com\/actualidad\/","name":"La gu\u00eda de Pamplona","description":"Noticias de Pamplona","publisher":{"@id":"https:\/\/www.laguiadepamplona.com\/actualidad\/#organization"},"potentialAction":[{"@type":"SearchAction","target":{"@type":"EntryPoint","urlTemplate":"https:\/\/www.laguiadepamplona.com\/actualidad\/?s={search_term_string}"},"query-input":{"@type":"PropertyValueSpecification","valueRequired":true,"valueName":"search_term_string"}}],"inLanguage":"es"},{"@type":"Organization","@id":"https:\/\/www.laguiadepamplona.com\/actualidad\/#organization","name":"La Gu\u00eda de Pamplona \/ Noticias","url":"https:\/\/www.laguiadepamplona.com\/actualidad\/","logo":{"@type":"ImageObject","inLanguage":"es","@id":"https:\/\/www.laguiadepamplona.com\/actualidad\/#\/schema\/logo\/image\/","url":"https:\/\/www.laguiadepamplona.com\/actualidad\/wp-content\/uploads\/2018\/11\/logo-laguiadepamplona18-web1.png","contentUrl":"https:\/\/www.laguiadepamplona.com\/actualidad\/wp-content\/uploads\/2018\/11\/logo-laguiadepamplona18-web1.png","width":600,"height":196,"caption":"La Gu\u00eda de Pamplona \/ Noticias"},"image":{"@id":"https:\/\/www.laguiadepamplona.com\/actualidad\/#\/schema\/logo\/image\/"},"sameAs":["https:\/\/www.facebook.com\/laguiadepamplonacom-133175176762273\/?ref=hl","https:\/\/x.com\/LaGuiadPamplona","https:\/\/www.instagram.com\/la_guia_de_pamplona\/","https:\/\/www.youtube.com\/user\/laguiadepamplona"]},{"@type":"Person","@id":"https:\/\/www.laguiadepamplona.com\/actualidad\/#\/schema\/person\/efe887376f0213d4657c93adc50b1fdb","name":"La Gu\u00eda de Pamplona","image":{"@type":"ImageObject","inLanguage":"es","@id":"https:\/\/secure.gravatar.com\/avatar\/b6992f131dc8d30ab0dff15446e9d346d9dbd95992de0fef795073f5ea83a81c?s=96&d=mm&r=g","url":"https:\/\/secure.gravatar.com\/avatar\/b6992f131dc8d30ab0dff15446e9d346d9dbd95992de0fef795073f5ea83a81c?s=96&d=mm&r=g","contentUrl":"https:\/\/secure.gravatar.com\/avatar\/b6992f131dc8d30ab0dff15446e9d346d9dbd95992de0fef795073f5ea83a81c?s=96&d=mm&r=g","caption":"La Gu\u00eda de Pamplona"}}]}},"post_mailing_queue_ids":[],"_links":{"self":[{"href":"https:\/\/www.laguiadepamplona.com\/actualidad\/wp-json\/wp\/v2\/posts\/52302","targetHints":{"allow":["GET"]}}],"collection":[{"href":"https:\/\/www.laguiadepamplona.com\/actualidad\/wp-json\/wp\/v2\/posts"}],"about":[{"href":"https:\/\/www.laguiadepamplona.com\/actualidad\/wp-json\/wp\/v2\/types\/post"}],"author":[{"embeddable":true,"href":"https:\/\/www.laguiadepamplona.com\/actualidad\/wp-json\/wp\/v2\/users\/1"}],"replies":[{"embeddable":true,"href":"https:\/\/www.laguiadepamplona.com\/actualidad\/wp-json\/wp\/v2\/comments?post=52302"}],"version-history":[{"count":1,"href":"https:\/\/www.laguiadepamplona.com\/actualidad\/wp-json\/wp\/v2\/posts\/52302\/revisions"}],"predecessor-version":[{"id":52304,"href":"https:\/\/www.laguiadepamplona.com\/actualidad\/wp-json\/wp\/v2\/posts\/52302\/revisions\/52304"}],"wp:featuredmedia":[{"embeddable":true,"href":"https:\/\/www.laguiadepamplona.com\/actualidad\/wp-json\/wp\/v2\/media\/52303"}],"wp:attachment":[{"href":"https:\/\/www.laguiadepamplona.com\/actualidad\/wp-json\/wp\/v2\/media?parent=52302"}],"wp:term":[{"taxonomy":"category","embeddable":true,"href":"https:\/\/www.laguiadepamplona.com\/actualidad\/wp-json\/wp\/v2\/categories?post=52302"},{"taxonomy":"post_tag","embeddable":true,"href":"https:\/\/www.laguiadepamplona.com\/actualidad\/wp-json\/wp\/v2\/tags?post=52302"}],"curies":[{"name":"wp","href":"https:\/\/api.w.org\/{rel}","templated":true}]}}