{"id":52299,"date":"2025-03-05T19:12:22","date_gmt":"2025-03-05T17:12:22","guid":{"rendered":"https:\/\/www.laguiadepamplona.com\/actualidad\/?p=52299"},"modified":"2025-03-05T19:12:22","modified_gmt":"2025-03-05T17:12:22","slug":"abierto-el-plazo-para-que-la-ciudadania-presente-sus-aportaciones-al-foro-de-barrio-de-los-ensanches-que-se-celebra-el-jueves-13-de-marzo","status":"publish","type":"post","link":"https:\/\/www.laguiadepamplona.com\/actualidad\/abierto-el-plazo-para-que-la-ciudadania-presente-sus-aportaciones-al-foro-de-barrio-de-los-ensanches-que-se-celebra-el-jueves-13-de-marzo\/","title":{"rendered":"Abierto el plazo para que la ciudadan\u00eda presente sus aportaciones al Foro de Barrio de los Ensanches, que se celebra el jueves 13 de marzo"},"content":{"rendered":"<h2>Las propuestas y sugerencias se pueden enviar, hasta el 10 de marzo, al correo <a href=\"mailto:foros@pamplona.es\">foros@pamplona.es<\/a> o a trav\u00e9s de la web Decide Pamplona<\/h2>\n<p><!--more--><\/p>\n<p>Los foros de barrio contin\u00faan la pr\u00f3xima semana con el Foro de Barrio de los Ensanches, que se celebra el jueves 13, a las 18.30 horas. El plazo para presentar aportaciones, propuestas o sugerencias est\u00e1 ya abierto, hasta el lunes 10 de marzo, en el correo <a href=\"mailto:foros@pamplona.es\">foros@pamplona.es<\/a> y en la web <a href=\"https:\/\/decide.pamplona.es\/assemblies\/FBArrosadiaMilagrosaAzpilagana\/f\/295\/\" target=\"_blank\" rel=\"noopener\">Decide Pamplona<\/a>. Las cuestiones recibidas se abordar\u00e1n durante la sesi\u00f3n, que tendr\u00e1 lugar en la Escuela de Arte y Superior de Dise\u00f1o de Pamplona. El foro principal podr\u00e1 seguirse en directo en el <u>canal de YouTube \u2018Participa Pamplona\u2019.<\/u><\/p>\n<p>En el foro participar\u00e1n el concejal de barrio, Mikel Armend\u00e1riz Barnechea, que es tambi\u00e9n concejal delegado del \u00e1rea de Promoci\u00f3n Econ\u00f3mica, Proyecci\u00f3n Europea, Innovaci\u00f3n, Juventud y Cooperaci\u00f3n al Desarrollo; y la concejala especial de Participaci\u00f3n Ciudadana y Euskera, Aitziber Campi\u00f3n Ganboa, adem\u00e1s de personal t\u00e9cnico municipal. En la sesi\u00f3n se presentar\u00e1n varios servicios municipales: Plaza On (Red municipal de voluntariado de Pamplona), Oficina de Mediaci\u00f3n Comunitaria y Casa de la Juventud.<\/p>\n<p>Como es habitual en la presente ronda de los foros de barrio, la reuni\u00f3n principal se acompa\u00f1a de distintas actividades, como la exposici\u00f3n Marca Ciudad (Pamplona=bagara-Iru\u00f1a=de verdad), junto a otras iniciativas municipales para 2025, en Civivox Ensanche; la exposici\u00f3n se puede visitar desde el lunes 10 al s\u00e1bado 15. El martes 11, a las 17 horas, se realizar\u00e1 un paseo, con salida desde la plaza de la Cruz, para conocer espacios donde se desarrolla la vida vecinal y los proyectos compartidos.<\/p>\n<p>En este paseo participar\u00e1 el concejal de barrio, polic\u00eda comunitario, personal t\u00e9cnico municipal y vecinos y vecinas. Los tres puntos que se visitan son Zabalsanche, en la plaza de la Cruz, la Casa de las Mujeres &#8211; Emakumeen etxea, en la calle Aoiz, y las obras del futuro Civivox. El mi\u00e9rcoles 12, a las 18.30, la \u00faltima actividad previa al foro es una actividad cultural: la actuaci\u00f3n de Rojillos Blues Band, en los andenes de Geltoki, la antigua estaci\u00f3n de autobuses.<\/p>\n<p>El foro principal se celebra el jueves 13, a las 18.30, en la Escuela de Arte y Superior de Dise\u00f1o de Pamplona, y all\u00ed tambi\u00e9n tendr\u00e1 lugar el foro infantil, entre las 17:00 y las 19:00, con la presentaci\u00f3n de sus conclusiones en el foro adulto. Los ni\u00f1os y las ni\u00f1as podr\u00e1n quedarse hasta que termine este foro.<\/p>\n<h3>Foro de los Ensanches<\/h3>\n<ul>\n<li>Del 10 al 15 de marzo:\n<ul>\n<li>Exposici\u00f3n itinerante. Marca Pamplona e iniciativas municipales. En Civivox Ensanche<\/li>\n<\/ul>\n<\/li>\n<li>Martes 11 de marzo:\n<ul>\n<li>Paseo por el barrio. A partir de las 17 horas, desde la plaza de la Cruz. Visita a Zabalsanche, Casa de las Mujeres-Emakumeen Etxea (calle Aoiz) y las obras del nuevo Civivox<\/li>\n<\/ul>\n<\/li>\n<li>Mi\u00e9rcoles 12 de marzo:\n<ul>\n<li>Actuaci\u00f3n de Rojillos Blues Band, a las 18.30 horas, en los andenes de Geltoki, la antigua estaci\u00f3n de autobuses<\/li>\n<\/ul>\n<\/li>\n<li>Jueves 13 de marzo:\n<ul>\n<li><strong>Foro de Barrio<\/strong>. A las 18.30 horas. Escuela de Arte y Superior de Dise\u00f1o de Pamplona<\/li>\n<li><strong>Foro Txiki<\/strong>. Desde las 17 a las 19 horas. Escuela de Arte y Superior de Dise\u00f1o de Pamplona<\/li>\n<\/ul>\n<\/li>\n<\/ul>\n","protected":false},"excerpt":{"rendered":"<p>Las propuestas y sugerencias se pueden enviar, hasta el 10 de marzo, al correo foros@pamplona.es o a trav\u00e9s de la web Decide Pamplona<\/p>\n","protected":false},"author":1,"featured_media":52300,"comment_status":"open","ping_status":"closed","sticky":false,"template":"","format":"standard","meta":{"footnotes":""},"categories":[2],"tags":[],"class_list":["post-52299","post","type-post","status-publish","format-standard","has-post-thumbnail","hentry","category-ayuntamiento-pamplona"],"yoast_head":"<!-- This site is optimized with the Yoast SEO plugin v27.3 - https:\/\/yoast.com\/product\/yoast-seo-wordpress\/ -->\n<title>Abierto el plazo para que la ciudadan\u00eda presente sus aportaciones al Foro de Barrio de los Ensanches, que se celebra el jueves 13 de marzo<\/title>\n<meta name=\"description\" content=\"Las propuestas y sugerencias se pueden enviar, hasta el 10 de marzo, al correo foros@pamplona.es o a trav\u00e9s de la web Decide Pamplona\" \/>\n<meta name=\"robots\" content=\"index, follow, max-snippet:-1, max-image-preview:large, max-video-preview:-1\" \/>\n<link rel=\"canonical\" href=\"https:\/\/www.laguiadepamplona.com\/actualidad\/abierto-el-plazo-para-que-la-ciudadania-presente-sus-aportaciones-al-foro-de-barrio-de-los-ensanches-que-se-celebra-el-jueves-13-de-marzo\/\" \/>\n<meta property=\"og:locale\" content=\"es_ES\" \/>\n<meta property=\"og:type\" content=\"article\" \/>\n<meta property=\"og:title\" content=\"Abierto el plazo para que la ciudadan\u00eda presente sus aportaciones al Foro de Barrio de los Ensanches, que se celebra el jueves 13 de marzo\" \/>\n<meta property=\"og:description\" content=\"Las propuestas y sugerencias se pueden enviar, hasta el 10 de marzo, al correo foros@pamplona.es o a trav\u00e9s de la web Decide Pamplona\" \/>\n<meta property=\"og:url\" content=\"https:\/\/www.laguiadepamplona.com\/actualidad\/abierto-el-plazo-para-que-la-ciudadania-presente-sus-aportaciones-al-foro-de-barrio-de-los-ensanches-que-se-celebra-el-jueves-13-de-marzo\/\" \/>\n<meta property=\"og:site_name\" content=\"La Gu\u00eda de Pamplona\" \/>\n<meta property=\"article:publisher\" content=\"https:\/\/www.facebook.com\/laguiadepamplonacom-133175176762273\/?ref=hl\" \/>\n<meta property=\"article:published_time\" content=\"2025-03-05T17:12:22+00:00\" \/>\n<meta property=\"og:image\" content=\"https:\/\/www.laguiadepamplona.com\/actualidad\/wp-content\/uploads\/2025\/03\/foro_aportaciones_franja.webp\" \/>\n\t<meta property=\"og:image:width\" content=\"1000\" \/>\n\t<meta property=\"og:image:height\" content=\"1000\" \/>\n\t<meta property=\"og:image:type\" content=\"image\/webp\" \/>\n<meta name=\"author\" content=\"La Gu\u00eda de Pamplona\" \/>\n<meta name=\"twitter:card\" content=\"summary_large_image\" \/>\n<meta name=\"twitter:creator\" content=\"@LaGuiadPamplona\" \/>\n<meta name=\"twitter:site\" content=\"@LaGuiadPamplona\" \/>\n<meta name=\"twitter:label1\" content=\"Escrito por\" \/>\n\t<meta name=\"twitter:data1\" content=\"La Gu\u00eda de Pamplona\" \/>\n\t<meta name=\"twitter:label2\" content=\"Tiempo de lectura\" \/>\n\t<meta name=\"twitter:data2\" content=\"3 minutos\" \/>\n<script type=\"application\/ld+json\" class=\"yoast-schema-graph\">{\"@context\":\"https:\\\/\\\/schema.org\",\"@graph\":[{\"@type\":\"Article\",\"@id\":\"https:\\\/\\\/www.laguiadepamplona.com\\\/actualidad\\\/abierto-el-plazo-para-que-la-ciudadania-presente-sus-aportaciones-al-foro-de-barrio-de-los-ensanches-que-se-celebra-el-jueves-13-de-marzo\\\/#article\",\"isPartOf\":{\"@id\":\"https:\\\/\\\/www.laguiadepamplona.com\\\/actualidad\\\/abierto-el-plazo-para-que-la-ciudadania-presente-sus-aportaciones-al-foro-de-barrio-de-los-ensanches-que-se-celebra-el-jueves-13-de-marzo\\\/\"},\"author\":{\"name\":\"La Gu\u00eda de Pamplona\",\"@id\":\"https:\\\/\\\/www.laguiadepamplona.com\\\/actualidad\\\/#\\\/schema\\\/person\\\/efe887376f0213d4657c93adc50b1fdb\"},\"headline\":\"Abierto el plazo para que la ciudadan\u00eda presente sus aportaciones al Foro de Barrio de los Ensanches, que se celebra el jueves 13 de marzo\",\"datePublished\":\"2025-03-05T17:12:22+00:00\",\"mainEntityOfPage\":{\"@id\":\"https:\\\/\\\/www.laguiadepamplona.com\\\/actualidad\\\/abierto-el-plazo-para-que-la-ciudadania-presente-sus-aportaciones-al-foro-de-barrio-de-los-ensanches-que-se-celebra-el-jueves-13-de-marzo\\\/\"},\"wordCount\":570,\"commentCount\":0,\"publisher\":{\"@id\":\"https:\\\/\\\/www.laguiadepamplona.com\\\/actualidad\\\/#organization\"},\"image\":{\"@id\":\"https:\\\/\\\/www.laguiadepamplona.com\\\/actualidad\\\/abierto-el-plazo-para-que-la-ciudadania-presente-sus-aportaciones-al-foro-de-barrio-de-los-ensanches-que-se-celebra-el-jueves-13-de-marzo\\\/#primaryimage\"},\"thumbnailUrl\":\"https:\\\/\\\/www.laguiadepamplona.com\\\/actualidad\\\/wp-content\\\/uploads\\\/2025\\\/03\\\/foro_aportaciones_franja.webp\",\"articleSection\":[\"Ayto Pamplona\"],\"inLanguage\":\"es\",\"potentialAction\":[{\"@type\":\"CommentAction\",\"name\":\"Comment\",\"target\":[\"https:\\\/\\\/www.laguiadepamplona.com\\\/actualidad\\\/abierto-el-plazo-para-que-la-ciudadania-presente-sus-aportaciones-al-foro-de-barrio-de-los-ensanches-que-se-celebra-el-jueves-13-de-marzo\\\/#respond\"]}]},{\"@type\":\"WebPage\",\"@id\":\"https:\\\/\\\/www.laguiadepamplona.com\\\/actualidad\\\/abierto-el-plazo-para-que-la-ciudadania-presente-sus-aportaciones-al-foro-de-barrio-de-los-ensanches-que-se-celebra-el-jueves-13-de-marzo\\\/\",\"url\":\"https:\\\/\\\/www.laguiadepamplona.com\\\/actualidad\\\/abierto-el-plazo-para-que-la-ciudadania-presente-sus-aportaciones-al-foro-de-barrio-de-los-ensanches-que-se-celebra-el-jueves-13-de-marzo\\\/\",\"name\":\"Abierto el plazo para que la ciudadan\u00eda presente sus aportaciones al Foro de Barrio de los Ensanches, que se celebra el jueves 13 de marzo\",\"isPartOf\":{\"@id\":\"https:\\\/\\\/www.laguiadepamplona.com\\\/actualidad\\\/#website\"},\"primaryImageOfPage\":{\"@id\":\"https:\\\/\\\/www.laguiadepamplona.com\\\/actualidad\\\/abierto-el-plazo-para-que-la-ciudadania-presente-sus-aportaciones-al-foro-de-barrio-de-los-ensanches-que-se-celebra-el-jueves-13-de-marzo\\\/#primaryimage\"},\"image\":{\"@id\":\"https:\\\/\\\/www.laguiadepamplona.com\\\/actualidad\\\/abierto-el-plazo-para-que-la-ciudadania-presente-sus-aportaciones-al-foro-de-barrio-de-los-ensanches-que-se-celebra-el-jueves-13-de-marzo\\\/#primaryimage\"},\"thumbnailUrl\":\"https:\\\/\\\/www.laguiadepamplona.com\\\/actualidad\\\/wp-content\\\/uploads\\\/2025\\\/03\\\/foro_aportaciones_franja.webp\",\"datePublished\":\"2025-03-05T17:12:22+00:00\",\"description\":\"Las propuestas y sugerencias se pueden enviar, hasta el 10 de marzo, al correo foros@pamplona.es o a trav\u00e9s de la web Decide Pamplona\",\"breadcrumb\":{\"@id\":\"https:\\\/\\\/www.laguiadepamplona.com\\\/actualidad\\\/abierto-el-plazo-para-que-la-ciudadania-presente-sus-aportaciones-al-foro-de-barrio-de-los-ensanches-que-se-celebra-el-jueves-13-de-marzo\\\/#breadcrumb\"},\"inLanguage\":\"es\",\"potentialAction\":[{\"@type\":\"ReadAction\",\"target\":[\"https:\\\/\\\/www.laguiadepamplona.com\\\/actualidad\\\/abierto-el-plazo-para-que-la-ciudadania-presente-sus-aportaciones-al-foro-de-barrio-de-los-ensanches-que-se-celebra-el-jueves-13-de-marzo\\\/\"]}]},{\"@type\":\"ImageObject\",\"inLanguage\":\"es\",\"@id\":\"https:\\\/\\\/www.laguiadepamplona.com\\\/actualidad\\\/abierto-el-plazo-para-que-la-ciudadania-presente-sus-aportaciones-al-foro-de-barrio-de-los-ensanches-que-se-celebra-el-jueves-13-de-marzo\\\/#primaryimage\",\"url\":\"https:\\\/\\\/www.laguiadepamplona.com\\\/actualidad\\\/wp-content\\\/uploads\\\/2025\\\/03\\\/foro_aportaciones_franja.webp\",\"contentUrl\":\"https:\\\/\\\/www.laguiadepamplona.com\\\/actualidad\\\/wp-content\\\/uploads\\\/2025\\\/03\\\/foro_aportaciones_franja.webp\",\"width\":1000,\"height\":1000,\"caption\":\"foro aportaciones franja\"},{\"@type\":\"BreadcrumbList\",\"@id\":\"https:\\\/\\\/www.laguiadepamplona.com\\\/actualidad\\\/abierto-el-plazo-para-que-la-ciudadania-presente-sus-aportaciones-al-foro-de-barrio-de-los-ensanches-que-se-celebra-el-jueves-13-de-marzo\\\/#breadcrumb\",\"itemListElement\":[{\"@type\":\"ListItem\",\"position\":1,\"name\":\"Portada\",\"item\":\"https:\\\/\\\/www.laguiadepamplona.com\\\/actualidad\\\/\"},{\"@type\":\"ListItem\",\"position\":2,\"name\":\"Abierto el plazo para que la ciudadan\u00eda presente sus aportaciones al Foro de Barrio de los Ensanches, que se celebra el jueves 13 de marzo\"}]},{\"@type\":\"WebSite\",\"@id\":\"https:\\\/\\\/www.laguiadepamplona.com\\\/actualidad\\\/#website\",\"url\":\"https:\\\/\\\/www.laguiadepamplona.com\\\/actualidad\\\/\",\"name\":\"La gu\u00eda de Pamplona\",\"description\":\"Noticias de Pamplona\",\"publisher\":{\"@id\":\"https:\\\/\\\/www.laguiadepamplona.com\\\/actualidad\\\/#organization\"},\"potentialAction\":[{\"@type\":\"SearchAction\",\"target\":{\"@type\":\"EntryPoint\",\"urlTemplate\":\"https:\\\/\\\/www.laguiadepamplona.com\\\/actualidad\\\/?s={search_term_string}\"},\"query-input\":{\"@type\":\"PropertyValueSpecification\",\"valueRequired\":true,\"valueName\":\"search_term_string\"}}],\"inLanguage\":\"es\"},{\"@type\":\"Organization\",\"@id\":\"https:\\\/\\\/www.laguiadepamplona.com\\\/actualidad\\\/#organization\",\"name\":\"La Gu\u00eda de Pamplona \\\/ Noticias\",\"url\":\"https:\\\/\\\/www.laguiadepamplona.com\\\/actualidad\\\/\",\"logo\":{\"@type\":\"ImageObject\",\"inLanguage\":\"es\",\"@id\":\"https:\\\/\\\/www.laguiadepamplona.com\\\/actualidad\\\/#\\\/schema\\\/logo\\\/image\\\/\",\"url\":\"https:\\\/\\\/www.laguiadepamplona.com\\\/actualidad\\\/wp-content\\\/uploads\\\/2018\\\/11\\\/logo-laguiadepamplona18-web1.png\",\"contentUrl\":\"https:\\\/\\\/www.laguiadepamplona.com\\\/actualidad\\\/wp-content\\\/uploads\\\/2018\\\/11\\\/logo-laguiadepamplona18-web1.png\",\"width\":600,\"height\":196,\"caption\":\"La Gu\u00eda de Pamplona \\\/ Noticias\"},\"image\":{\"@id\":\"https:\\\/\\\/www.laguiadepamplona.com\\\/actualidad\\\/#\\\/schema\\\/logo\\\/image\\\/\"},\"sameAs\":[\"https:\\\/\\\/www.facebook.com\\\/laguiadepamplonacom-133175176762273\\\/?ref=hl\",\"https:\\\/\\\/x.com\\\/LaGuiadPamplona\",\"https:\\\/\\\/www.instagram.com\\\/la_guia_de_pamplona\\\/\",\"https:\\\/\\\/www.youtube.com\\\/user\\\/laguiadepamplona\"]},{\"@type\":\"Person\",\"@id\":\"https:\\\/\\\/www.laguiadepamplona.com\\\/actualidad\\\/#\\\/schema\\\/person\\\/efe887376f0213d4657c93adc50b1fdb\",\"name\":\"La Gu\u00eda de Pamplona\",\"image\":{\"@type\":\"ImageObject\",\"inLanguage\":\"es\",\"@id\":\"https:\\\/\\\/secure.gravatar.com\\\/avatar\\\/b6992f131dc8d30ab0dff15446e9d346d9dbd95992de0fef795073f5ea83a81c?s=96&d=mm&r=g\",\"url\":\"https:\\\/\\\/secure.gravatar.com\\\/avatar\\\/b6992f131dc8d30ab0dff15446e9d346d9dbd95992de0fef795073f5ea83a81c?s=96&d=mm&r=g\",\"contentUrl\":\"https:\\\/\\\/secure.gravatar.com\\\/avatar\\\/b6992f131dc8d30ab0dff15446e9d346d9dbd95992de0fef795073f5ea83a81c?s=96&d=mm&r=g\",\"caption\":\"La Gu\u00eda de Pamplona\"}}]}<\/script>\n<!-- \/ Yoast SEO plugin. -->","yoast_head_json":{"title":"Abierto el plazo para que la ciudadan\u00eda presente sus aportaciones al Foro de Barrio de los Ensanches, que se celebra el jueves 13 de marzo","description":"Las propuestas y sugerencias se pueden enviar, hasta el 10 de marzo, al correo foros@pamplona.es o a trav\u00e9s de la web Decide Pamplona","robots":{"index":"index","follow":"follow","max-snippet":"max-snippet:-1","max-image-preview":"max-image-preview:large","max-video-preview":"max-video-preview:-1"},"canonical":"https:\/\/www.laguiadepamplona.com\/actualidad\/abierto-el-plazo-para-que-la-ciudadania-presente-sus-aportaciones-al-foro-de-barrio-de-los-ensanches-que-se-celebra-el-jueves-13-de-marzo\/","og_locale":"es_ES","og_type":"article","og_title":"Abierto el plazo para que la ciudadan\u00eda presente sus aportaciones al Foro de Barrio de los Ensanches, que se celebra el jueves 13 de marzo","og_description":"Las propuestas y sugerencias se pueden enviar, hasta el 10 de marzo, al correo foros@pamplona.es o a trav\u00e9s de la web Decide Pamplona","og_url":"https:\/\/www.laguiadepamplona.com\/actualidad\/abierto-el-plazo-para-que-la-ciudadania-presente-sus-aportaciones-al-foro-de-barrio-de-los-ensanches-que-se-celebra-el-jueves-13-de-marzo\/","og_site_name":"La Gu\u00eda de Pamplona","article_publisher":"https:\/\/www.facebook.com\/laguiadepamplonacom-133175176762273\/?ref=hl","article_published_time":"2025-03-05T17:12:22+00:00","og_image":[{"width":1000,"height":1000,"url":"https:\/\/www.laguiadepamplona.com\/actualidad\/wp-content\/uploads\/2025\/03\/foro_aportaciones_franja.webp","type":"image\/webp"}],"author":"La Gu\u00eda de Pamplona","twitter_card":"summary_large_image","twitter_creator":"@LaGuiadPamplona","twitter_site":"@LaGuiadPamplona","twitter_misc":{"Escrito por":"La Gu\u00eda de Pamplona","Tiempo de lectura":"3 minutos"},"schema":{"@context":"https:\/\/schema.org","@graph":[{"@type":"Article","@id":"https:\/\/www.laguiadepamplona.com\/actualidad\/abierto-el-plazo-para-que-la-ciudadania-presente-sus-aportaciones-al-foro-de-barrio-de-los-ensanches-que-se-celebra-el-jueves-13-de-marzo\/#article","isPartOf":{"@id":"https:\/\/www.laguiadepamplona.com\/actualidad\/abierto-el-plazo-para-que-la-ciudadania-presente-sus-aportaciones-al-foro-de-barrio-de-los-ensanches-que-se-celebra-el-jueves-13-de-marzo\/"},"author":{"name":"La Gu\u00eda de Pamplona","@id":"https:\/\/www.laguiadepamplona.com\/actualidad\/#\/schema\/person\/efe887376f0213d4657c93adc50b1fdb"},"headline":"Abierto el plazo para que la ciudadan\u00eda presente sus aportaciones al Foro de Barrio de los Ensanches, que se celebra el jueves 13 de marzo","datePublished":"2025-03-05T17:12:22+00:00","mainEntityOfPage":{"@id":"https:\/\/www.laguiadepamplona.com\/actualidad\/abierto-el-plazo-para-que-la-ciudadania-presente-sus-aportaciones-al-foro-de-barrio-de-los-ensanches-que-se-celebra-el-jueves-13-de-marzo\/"},"wordCount":570,"commentCount":0,"publisher":{"@id":"https:\/\/www.laguiadepamplona.com\/actualidad\/#organization"},"image":{"@id":"https:\/\/www.laguiadepamplona.com\/actualidad\/abierto-el-plazo-para-que-la-ciudadania-presente-sus-aportaciones-al-foro-de-barrio-de-los-ensanches-que-se-celebra-el-jueves-13-de-marzo\/#primaryimage"},"thumbnailUrl":"https:\/\/www.laguiadepamplona.com\/actualidad\/wp-content\/uploads\/2025\/03\/foro_aportaciones_franja.webp","articleSection":["Ayto Pamplona"],"inLanguage":"es","potentialAction":[{"@type":"CommentAction","name":"Comment","target":["https:\/\/www.laguiadepamplona.com\/actualidad\/abierto-el-plazo-para-que-la-ciudadania-presente-sus-aportaciones-al-foro-de-barrio-de-los-ensanches-que-se-celebra-el-jueves-13-de-marzo\/#respond"]}]},{"@type":"WebPage","@id":"https:\/\/www.laguiadepamplona.com\/actualidad\/abierto-el-plazo-para-que-la-ciudadania-presente-sus-aportaciones-al-foro-de-barrio-de-los-ensanches-que-se-celebra-el-jueves-13-de-marzo\/","url":"https:\/\/www.laguiadepamplona.com\/actualidad\/abierto-el-plazo-para-que-la-ciudadania-presente-sus-aportaciones-al-foro-de-barrio-de-los-ensanches-que-se-celebra-el-jueves-13-de-marzo\/","name":"Abierto el plazo para que la ciudadan\u00eda presente sus aportaciones al Foro de Barrio de los Ensanches, que se celebra el jueves 13 de marzo","isPartOf":{"@id":"https:\/\/www.laguiadepamplona.com\/actualidad\/#website"},"primaryImageOfPage":{"@id":"https:\/\/www.laguiadepamplona.com\/actualidad\/abierto-el-plazo-para-que-la-ciudadania-presente-sus-aportaciones-al-foro-de-barrio-de-los-ensanches-que-se-celebra-el-jueves-13-de-marzo\/#primaryimage"},"image":{"@id":"https:\/\/www.laguiadepamplona.com\/actualidad\/abierto-el-plazo-para-que-la-ciudadania-presente-sus-aportaciones-al-foro-de-barrio-de-los-ensanches-que-se-celebra-el-jueves-13-de-marzo\/#primaryimage"},"thumbnailUrl":"https:\/\/www.laguiadepamplona.com\/actualidad\/wp-content\/uploads\/2025\/03\/foro_aportaciones_franja.webp","datePublished":"2025-03-05T17:12:22+00:00","description":"Las propuestas y sugerencias se pueden enviar, hasta el 10 de marzo, al correo foros@pamplona.es o a trav\u00e9s de la web Decide Pamplona","breadcrumb":{"@id":"https:\/\/www.laguiadepamplona.com\/actualidad\/abierto-el-plazo-para-que-la-ciudadania-presente-sus-aportaciones-al-foro-de-barrio-de-los-ensanches-que-se-celebra-el-jueves-13-de-marzo\/#breadcrumb"},"inLanguage":"es","potentialAction":[{"@type":"ReadAction","target":["https:\/\/www.laguiadepamplona.com\/actualidad\/abierto-el-plazo-para-que-la-ciudadania-presente-sus-aportaciones-al-foro-de-barrio-de-los-ensanches-que-se-celebra-el-jueves-13-de-marzo\/"]}]},{"@type":"ImageObject","inLanguage":"es","@id":"https:\/\/www.laguiadepamplona.com\/actualidad\/abierto-el-plazo-para-que-la-ciudadania-presente-sus-aportaciones-al-foro-de-barrio-de-los-ensanches-que-se-celebra-el-jueves-13-de-marzo\/#primaryimage","url":"https:\/\/www.laguiadepamplona.com\/actualidad\/wp-content\/uploads\/2025\/03\/foro_aportaciones_franja.webp","contentUrl":"https:\/\/www.laguiadepamplona.com\/actualidad\/wp-content\/uploads\/2025\/03\/foro_aportaciones_franja.webp","width":1000,"height":1000,"caption":"foro aportaciones franja"},{"@type":"BreadcrumbList","@id":"https:\/\/www.laguiadepamplona.com\/actualidad\/abierto-el-plazo-para-que-la-ciudadania-presente-sus-aportaciones-al-foro-de-barrio-de-los-ensanches-que-se-celebra-el-jueves-13-de-marzo\/#breadcrumb","itemListElement":[{"@type":"ListItem","position":1,"name":"Portada","item":"https:\/\/www.laguiadepamplona.com\/actualidad\/"},{"@type":"ListItem","position":2,"name":"Abierto el plazo para que la ciudadan\u00eda presente sus aportaciones al Foro de Barrio de los Ensanches, que se celebra el jueves 13 de marzo"}]},{"@type":"WebSite","@id":"https:\/\/www.laguiadepamplona.com\/actualidad\/#website","url":"https:\/\/www.laguiadepamplona.com\/actualidad\/","name":"La gu\u00eda de Pamplona","description":"Noticias de Pamplona","publisher":{"@id":"https:\/\/www.laguiadepamplona.com\/actualidad\/#organization"},"potentialAction":[{"@type":"SearchAction","target":{"@type":"EntryPoint","urlTemplate":"https:\/\/www.laguiadepamplona.com\/actualidad\/?s={search_term_string}"},"query-input":{"@type":"PropertyValueSpecification","valueRequired":true,"valueName":"search_term_string"}}],"inLanguage":"es"},{"@type":"Organization","@id":"https:\/\/www.laguiadepamplona.com\/actualidad\/#organization","name":"La Gu\u00eda de Pamplona \/ Noticias","url":"https:\/\/www.laguiadepamplona.com\/actualidad\/","logo":{"@type":"ImageObject","inLanguage":"es","@id":"https:\/\/www.laguiadepamplona.com\/actualidad\/#\/schema\/logo\/image\/","url":"https:\/\/www.laguiadepamplona.com\/actualidad\/wp-content\/uploads\/2018\/11\/logo-laguiadepamplona18-web1.png","contentUrl":"https:\/\/www.laguiadepamplona.com\/actualidad\/wp-content\/uploads\/2018\/11\/logo-laguiadepamplona18-web1.png","width":600,"height":196,"caption":"La Gu\u00eda de Pamplona \/ Noticias"},"image":{"@id":"https:\/\/www.laguiadepamplona.com\/actualidad\/#\/schema\/logo\/image\/"},"sameAs":["https:\/\/www.facebook.com\/laguiadepamplonacom-133175176762273\/?ref=hl","https:\/\/x.com\/LaGuiadPamplona","https:\/\/www.instagram.com\/la_guia_de_pamplona\/","https:\/\/www.youtube.com\/user\/laguiadepamplona"]},{"@type":"Person","@id":"https:\/\/www.laguiadepamplona.com\/actualidad\/#\/schema\/person\/efe887376f0213d4657c93adc50b1fdb","name":"La Gu\u00eda de Pamplona","image":{"@type":"ImageObject","inLanguage":"es","@id":"https:\/\/secure.gravatar.com\/avatar\/b6992f131dc8d30ab0dff15446e9d346d9dbd95992de0fef795073f5ea83a81c?s=96&d=mm&r=g","url":"https:\/\/secure.gravatar.com\/avatar\/b6992f131dc8d30ab0dff15446e9d346d9dbd95992de0fef795073f5ea83a81c?s=96&d=mm&r=g","contentUrl":"https:\/\/secure.gravatar.com\/avatar\/b6992f131dc8d30ab0dff15446e9d346d9dbd95992de0fef795073f5ea83a81c?s=96&d=mm&r=g","caption":"La Gu\u00eda de Pamplona"}}]}},"post_mailing_queue_ids":[],"_links":{"self":[{"href":"https:\/\/www.laguiadepamplona.com\/actualidad\/wp-json\/wp\/v2\/posts\/52299","targetHints":{"allow":["GET"]}}],"collection":[{"href":"https:\/\/www.laguiadepamplona.com\/actualidad\/wp-json\/wp\/v2\/posts"}],"about":[{"href":"https:\/\/www.laguiadepamplona.com\/actualidad\/wp-json\/wp\/v2\/types\/post"}],"author":[{"embeddable":true,"href":"https:\/\/www.laguiadepamplona.com\/actualidad\/wp-json\/wp\/v2\/users\/1"}],"replies":[{"embeddable":true,"href":"https:\/\/www.laguiadepamplona.com\/actualidad\/wp-json\/wp\/v2\/comments?post=52299"}],"version-history":[{"count":1,"href":"https:\/\/www.laguiadepamplona.com\/actualidad\/wp-json\/wp\/v2\/posts\/52299\/revisions"}],"predecessor-version":[{"id":52301,"href":"https:\/\/www.laguiadepamplona.com\/actualidad\/wp-json\/wp\/v2\/posts\/52299\/revisions\/52301"}],"wp:featuredmedia":[{"embeddable":true,"href":"https:\/\/www.laguiadepamplona.com\/actualidad\/wp-json\/wp\/v2\/media\/52300"}],"wp:attachment":[{"href":"https:\/\/www.laguiadepamplona.com\/actualidad\/wp-json\/wp\/v2\/media?parent=52299"}],"wp:term":[{"taxonomy":"category","embeddable":true,"href":"https:\/\/www.laguiadepamplona.com\/actualidad\/wp-json\/wp\/v2\/categories?post=52299"},{"taxonomy":"post_tag","embeddable":true,"href":"https:\/\/www.laguiadepamplona.com\/actualidad\/wp-json\/wp\/v2\/tags?post=52299"}],"curies":[{"name":"wp","href":"https:\/\/api.w.org\/{rel}","templated":true}]}}