{"id":52292,"date":"2025-03-05T19:09:20","date_gmt":"2025-03-05T17:09:20","guid":{"rendered":"https:\/\/www.laguiadepamplona.com\/actualidad\/?p=52292"},"modified":"2025-03-05T19:09:20","modified_gmt":"2025-03-05T17:09:20","slug":"el-civivox-del-ii-ensanche-en-la-fase-final-de-su-construccion-afrontara-ahora-la-fase-de-equipamiento-antes-de-abrir-con-programacion-propia-en-septiembre","status":"publish","type":"post","link":"https:\/\/www.laguiadepamplona.com\/actualidad\/el-civivox-del-ii-ensanche-en-la-fase-final-de-su-construccion-afrontara-ahora-la-fase-de-equipamiento-antes-de-abrir-con-programacion-propia-en-septiembre\/","title":{"rendered":"El Civivox del II Ensanche, en la fase final de su construcci\u00f3n, afrontar\u00e1 ahora la fase de equipamiento antes de abrir, con programaci\u00f3n propia, en septiembre"},"content":{"rendered":"<h2>La Comisi\u00f3n y la Gerencia de Urbanismo municipal han visitado hoy este edificio de 3.834,27 m\u00b2 repartidos en s\u00f3tano, planta baja y otras tres plantas<\/h2>\n<p><!--more--><\/p>\n<p>La plaza de Salesianos 7 acoger\u00e1 el nuevo civivox del Ensanche, un edificio de 3.834,27 m\u00b2 que sustituir\u00e1 a los locales de la plaza Blanca de Navarra. La obra se inici\u00f3 en noviembre de 2022 y afronta ahora los trabajos de acabado. Cumplimentados estos, el Ayuntamiento deber\u00e1 acometer los encargos para su equipamiento y puesta a punto, circunstancia que se completar\u00e1, seg\u00fan el cronograma previsto, en verano. La apertura oficial de las instalaciones, con programaci\u00f3n propia, est\u00e1 prevista para el mes de septiembre. As\u00ed se ha explicado hoy a los y las integrantes de la Comisi\u00f3n y la Gerencia de Urbanismo municipal que han visitado el edificio.<\/p>\n<p>En esta visita los y las corporativas han podido comprobar que, finalmente, en la intervenci\u00f3n se ha incluido en el sal\u00f3n de actos ascensor para acceder al escenario desde el propio sal\u00f3n y as\u00ed evitar barreras y apoyar la accesibilidad. Es el \u00fanico elemento nuevo en las obras sobre un proyecto de los arquitectos Alfonso Orueta Jannone, Diego Fern\u00e1ndez Vidaurre, Jaime Suescun S\u00e1nchez, Andrea Franconetti y Mikel Perea L\u00f3pez, de OFS Office for Sustainnability Sociedad Cooperativa Profesional. La ingenier\u00eda la firman INARQ Ingenieros y los arquitectos t\u00e9cnicos han sido Ra\u00fal Pascal Egozcue y Eva Luqui Sarrasqueta, de Aterpe Aparejadores. La obra se adjudic\u00f3 por 9.707.551 euros a Construcciones Mariezcurrena.<\/p>\n<p>El edificio consta de s\u00f3tano, planta baja y entreplanta, adem\u00e1s de tres pisos y una planta de cubierta para alojar las instalaciones y servicios. Es un edificio concebido con una imagen singular, con personalidad propia, aunque integrado en el entorno de la nueva urbanizaci\u00f3n en desarrollo. Adem\u00e1s, se ha realizado con piedra como material predominante, combinando celos\u00edas y amplios ventanales y bajo los par\u00e1metros de consumo energ\u00e9tico casi nulo. El acceso principal es el peatonal que se realiza desde la propia plaza, a trav\u00e9s de un porche abocinado abierto y existe otro secundario en la calle Media Luna.<\/p>\n<p><strong>Espacios para todas las necesidades<\/strong><\/p>\n<p>El Civivox II Ensanche se ha dise\u00f1ado teniendo en cuenta las actividades que albergar\u00e1 y los usos habituales de otros centros de la red civivox. El s\u00f3tano, espacio con la mayor superficie \u00fatil, 1.166,66 m, alberga la zona expositiva, con hasta tres salas. Se acceder\u00e1 al edificio desde la planta baja (998,07 m\u00b2), a trav\u00e9s de un porche cubierto que dirige al vest\u00edbulo principal en el que est\u00e1n las zonas de acogida y atenci\u00f3n a las personas usuarias. En esta planta se ubica tambi\u00e9n el sal\u00f3n de actos \u2013 un auditorio con m\u00e1s de 600 m2, con una capacidad para algo m\u00e1s de 400 butacas retr\u00e1ctiles que incluye cuatro plazas accesibles. El escenario tiene 17,50 x 10,35 metros. Al sal\u00f3n de actos se accede no s\u00f3lo desde el interior del edificio, sino tambi\u00e9n desde la calle, para permitir la programaci\u00f3n de actividades en momentos en el que el conjunto est\u00e9 cerrado.<\/p>\n<p>Las plantas altas, de algo m\u00e1s de 400 m2 cada una de ellas, se destinar\u00e1n a las actividades del programa socio-cultural del civivox. En las plantas primera y segunda, se han habilitado espacios de uso como aulas polivalentes, salas de conferencias, aulas de inform\u00e1tica, de artes pl\u00e1sticas, de cocina o de lectura, entre otras utilidades. En la tercera planta, que cuenta con ventanales de gran tama\u00f1o, abundante luz natural y generosas vistas, est\u00e1 previsto que se ubiquen los espacios deportivos, de danza o gimnasio.<\/p>\n<p><strong>Equipamientos necesarios a\u00fan por instalar<\/strong><\/p>\n<p>Se estima que los trabajos de remate del edificio estar\u00e1n listos en el plazo de dos semanas. Ser\u00e1 entonces cuando comience la fase de equipamiento de las diferentes estancias. En la planta s\u00f3tano se deben equipar las zonas de vestuarios y colocar todos los sistemas inform\u00e1ticos para la gesti\u00f3n de las \u00e1reas expositivas.<\/p>\n<p>En cuanto a la primera planta, es la zona de auditorio la que centra la mayor parte de la atenci\u00f3n. En ella han de equiparse los camerinos y debe completarse el equipamiento t\u00e9cnico para las representaciones, tanto calibrando el sistema de luces como el de sonido. As\u00ed mismo, tambi\u00e9n en la planta baja, deben acondicionarse las \u00e1reas de administraci\u00f3n y gesti\u00f3n y las salas de reuniones.<\/p>\n<p>Respecto a las plantas superiores, las salas polivalentes tienen que contar con su propio mobiliario y tambi\u00e9n han de comprarse e instalarse los equipamientos espec\u00edficos para la sala taller, el \u00e1rea deportiva, el aula de danza y la sala infantil. Finalmente, para que la cocina (ya montada) pueda ser utilizada para los cursos que se programar\u00e1n, hace falta que cuente con el menaje necesario.<\/p>\n<p>Desde el \u00e1rea de Cultura, encargada de gestionar este nuevo civivox, se calculan unos tres meses m\u00e1s de trabajo para que las instalaciones est\u00e9n listas. A partir de ah\u00ed se empezar\u00e1 con la programaci\u00f3n espec\u00edfica antes de que el centro abra sus puertas al p\u00fablico en septiembre.<\/p>\n<h3>Superficies \u00fatiles del Civivox del II Ensanche:<\/h3>\n<p>&nbsp;<\/p>\n<ul>\n<li>Planta s\u00f3tano: 1.166,66 m\u00b2<\/li>\n<li>Planta baja:\u00a0\u00a0\u00a0\u00a0\u00a0\u00a0 998,07 m\u00b2<\/li>\n<li>Entreplanta:\u00a0\u00a0\u00a0\u00a0\u00a0 252,75 m\u00b2<\/li>\n<li>Planta primera: 412,81 m\u00b2<\/li>\n<li>planta segunda:408,95 m\u00b2<\/li>\n<li>planta tercera: 418,47 m\u00b2<\/li>\n<li>Instalaciones: 176,56 m\u00b2<\/li>\n<li>TOTAL SUPERFICIE \u00daTIL: 3.834,27 m\u00b2<\/li>\n<\/ul>\n","protected":false},"excerpt":{"rendered":"<p>La Comisi\u00f3n y la Gerencia de Urbanismo municipal han visitado hoy este edificio de 3.834,27 m\u00b2 repartidos en s\u00f3tano, planta baja y otras tres plantas<\/p>\n","protected":false},"author":1,"featured_media":52294,"comment_status":"open","ping_status":"closed","sticky":false,"template":"","format":"standard","meta":{"footnotes":""},"categories":[2],"tags":[],"class_list":["post-52292","post","type-post","status-publish","format-standard","has-post-thumbnail","hentry","category-ayuntamiento-pamplona"],"yoast_head":"<!-- This site is optimized with the Yoast SEO plugin v27.3 - https:\/\/yoast.com\/product\/yoast-seo-wordpress\/ -->\n<title>El Civivox del II Ensanche, en la fase final de su construcci\u00f3n, afrontar\u00e1 ahora la fase de equipamiento antes de abrir, con programaci\u00f3n propia, en septiembre<\/title>\n<meta name=\"description\" content=\"La Comisi\u00f3n y la Gerencia de Urbanismo municipal han visitado hoy este edificio de 3.834,27 m\u00b2 repartidos en s\u00f3tano, planta baja y otras tres plantas\" \/>\n<meta name=\"robots\" content=\"index, follow, max-snippet:-1, max-image-preview:large, max-video-preview:-1\" \/>\n<link rel=\"canonical\" href=\"https:\/\/www.laguiadepamplona.com\/actualidad\/el-civivox-del-ii-ensanche-en-la-fase-final-de-su-construccion-afrontara-ahora-la-fase-de-equipamiento-antes-de-abrir-con-programacion-propia-en-septiembre\/\" \/>\n<meta property=\"og:locale\" content=\"es_ES\" \/>\n<meta property=\"og:type\" content=\"article\" \/>\n<meta property=\"og:title\" content=\"El Civivox del II Ensanche, en la fase final de su construcci\u00f3n, afrontar\u00e1 ahora la fase de equipamiento antes de abrir, con programaci\u00f3n propia, en septiembre\" \/>\n<meta property=\"og:description\" content=\"La Comisi\u00f3n y la Gerencia de Urbanismo municipal han visitado hoy este edificio de 3.834,27 m\u00b2 repartidos en s\u00f3tano, planta baja y otras tres plantas\" \/>\n<meta property=\"og:url\" content=\"https:\/\/www.laguiadepamplona.com\/actualidad\/el-civivox-del-ii-ensanche-en-la-fase-final-de-su-construccion-afrontara-ahora-la-fase-de-equipamiento-antes-de-abrir-con-programacion-propia-en-septiembre\/\" \/>\n<meta property=\"og:site_name\" content=\"La Gu\u00eda de Pamplona\" \/>\n<meta property=\"article:publisher\" content=\"https:\/\/www.facebook.com\/laguiadepamplonacom-133175176762273\/?ref=hl\" \/>\n<meta property=\"article:published_time\" content=\"2025-03-05T17:09:20+00:00\" \/>\n<meta property=\"og:image\" content=\"https:\/\/www.laguiadepamplona.com\/actualidad\/wp-content\/uploads\/2025\/03\/visitaalasobrasdelcivivoxensanchedsc8628.webp\" \/>\n\t<meta property=\"og:image:width\" content=\"1000\" \/>\n\t<meta property=\"og:image:height\" content=\"666\" \/>\n\t<meta property=\"og:image:type\" content=\"image\/webp\" \/>\n<meta name=\"author\" content=\"La Gu\u00eda de Pamplona\" \/>\n<meta name=\"twitter:card\" content=\"summary_large_image\" \/>\n<meta name=\"twitter:creator\" content=\"@LaGuiadPamplona\" \/>\n<meta name=\"twitter:site\" content=\"@LaGuiadPamplona\" \/>\n<meta name=\"twitter:label1\" content=\"Escrito por\" \/>\n\t<meta name=\"twitter:data1\" content=\"La Gu\u00eda de Pamplona\" \/>\n\t<meta name=\"twitter:label2\" content=\"Tiempo de lectura\" \/>\n\t<meta name=\"twitter:data2\" content=\"4 minutos\" \/>\n<script type=\"application\/ld+json\" class=\"yoast-schema-graph\">{\"@context\":\"https:\\\/\\\/schema.org\",\"@graph\":[{\"@type\":\"Article\",\"@id\":\"https:\\\/\\\/www.laguiadepamplona.com\\\/actualidad\\\/el-civivox-del-ii-ensanche-en-la-fase-final-de-su-construccion-afrontara-ahora-la-fase-de-equipamiento-antes-de-abrir-con-programacion-propia-en-septiembre\\\/#article\",\"isPartOf\":{\"@id\":\"https:\\\/\\\/www.laguiadepamplona.com\\\/actualidad\\\/el-civivox-del-ii-ensanche-en-la-fase-final-de-su-construccion-afrontara-ahora-la-fase-de-equipamiento-antes-de-abrir-con-programacion-propia-en-septiembre\\\/\"},\"author\":{\"name\":\"La Gu\u00eda de Pamplona\",\"@id\":\"https:\\\/\\\/www.laguiadepamplona.com\\\/actualidad\\\/#\\\/schema\\\/person\\\/efe887376f0213d4657c93adc50b1fdb\"},\"headline\":\"El Civivox del II Ensanche, en la fase final de su construcci\u00f3n, afrontar\u00e1 ahora la fase de equipamiento antes de abrir, con programaci\u00f3n propia, en septiembre\",\"datePublished\":\"2025-03-05T17:09:20+00:00\",\"mainEntityOfPage\":{\"@id\":\"https:\\\/\\\/www.laguiadepamplona.com\\\/actualidad\\\/el-civivox-del-ii-ensanche-en-la-fase-final-de-su-construccion-afrontara-ahora-la-fase-de-equipamiento-antes-de-abrir-con-programacion-propia-en-septiembre\\\/\"},\"wordCount\":921,\"commentCount\":0,\"publisher\":{\"@id\":\"https:\\\/\\\/www.laguiadepamplona.com\\\/actualidad\\\/#organization\"},\"image\":{\"@id\":\"https:\\\/\\\/www.laguiadepamplona.com\\\/actualidad\\\/el-civivox-del-ii-ensanche-en-la-fase-final-de-su-construccion-afrontara-ahora-la-fase-de-equipamiento-antes-de-abrir-con-programacion-propia-en-septiembre\\\/#primaryimage\"},\"thumbnailUrl\":\"https:\\\/\\\/www.laguiadepamplona.com\\\/actualidad\\\/wp-content\\\/uploads\\\/2025\\\/03\\\/visitaalasobrasdelcivivoxensanchedsc8628.webp\",\"articleSection\":[\"Ayto Pamplona\"],\"inLanguage\":\"es\",\"potentialAction\":[{\"@type\":\"CommentAction\",\"name\":\"Comment\",\"target\":[\"https:\\\/\\\/www.laguiadepamplona.com\\\/actualidad\\\/el-civivox-del-ii-ensanche-en-la-fase-final-de-su-construccion-afrontara-ahora-la-fase-de-equipamiento-antes-de-abrir-con-programacion-propia-en-septiembre\\\/#respond\"]}]},{\"@type\":\"WebPage\",\"@id\":\"https:\\\/\\\/www.laguiadepamplona.com\\\/actualidad\\\/el-civivox-del-ii-ensanche-en-la-fase-final-de-su-construccion-afrontara-ahora-la-fase-de-equipamiento-antes-de-abrir-con-programacion-propia-en-septiembre\\\/\",\"url\":\"https:\\\/\\\/www.laguiadepamplona.com\\\/actualidad\\\/el-civivox-del-ii-ensanche-en-la-fase-final-de-su-construccion-afrontara-ahora-la-fase-de-equipamiento-antes-de-abrir-con-programacion-propia-en-septiembre\\\/\",\"name\":\"El Civivox del II Ensanche, en la fase final de su construcci\u00f3n, afrontar\u00e1 ahora la fase de equipamiento antes de abrir, con programaci\u00f3n propia, en septiembre\",\"isPartOf\":{\"@id\":\"https:\\\/\\\/www.laguiadepamplona.com\\\/actualidad\\\/#website\"},\"primaryImageOfPage\":{\"@id\":\"https:\\\/\\\/www.laguiadepamplona.com\\\/actualidad\\\/el-civivox-del-ii-ensanche-en-la-fase-final-de-su-construccion-afrontara-ahora-la-fase-de-equipamiento-antes-de-abrir-con-programacion-propia-en-septiembre\\\/#primaryimage\"},\"image\":{\"@id\":\"https:\\\/\\\/www.laguiadepamplona.com\\\/actualidad\\\/el-civivox-del-ii-ensanche-en-la-fase-final-de-su-construccion-afrontara-ahora-la-fase-de-equipamiento-antes-de-abrir-con-programacion-propia-en-septiembre\\\/#primaryimage\"},\"thumbnailUrl\":\"https:\\\/\\\/www.laguiadepamplona.com\\\/actualidad\\\/wp-content\\\/uploads\\\/2025\\\/03\\\/visitaalasobrasdelcivivoxensanchedsc8628.webp\",\"datePublished\":\"2025-03-05T17:09:20+00:00\",\"description\":\"La Comisi\u00f3n y la Gerencia de Urbanismo municipal han visitado hoy este edificio de 3.834,27 m\u00b2 repartidos en s\u00f3tano, planta baja y otras tres plantas\",\"breadcrumb\":{\"@id\":\"https:\\\/\\\/www.laguiadepamplona.com\\\/actualidad\\\/el-civivox-del-ii-ensanche-en-la-fase-final-de-su-construccion-afrontara-ahora-la-fase-de-equipamiento-antes-de-abrir-con-programacion-propia-en-septiembre\\\/#breadcrumb\"},\"inLanguage\":\"es\",\"potentialAction\":[{\"@type\":\"ReadAction\",\"target\":[\"https:\\\/\\\/www.laguiadepamplona.com\\\/actualidad\\\/el-civivox-del-ii-ensanche-en-la-fase-final-de-su-construccion-afrontara-ahora-la-fase-de-equipamiento-antes-de-abrir-con-programacion-propia-en-septiembre\\\/\"]}]},{\"@type\":\"ImageObject\",\"inLanguage\":\"es\",\"@id\":\"https:\\\/\\\/www.laguiadepamplona.com\\\/actualidad\\\/el-civivox-del-ii-ensanche-en-la-fase-final-de-su-construccion-afrontara-ahora-la-fase-de-equipamiento-antes-de-abrir-con-programacion-propia-en-septiembre\\\/#primaryimage\",\"url\":\"https:\\\/\\\/www.laguiadepamplona.com\\\/actualidad\\\/wp-content\\\/uploads\\\/2025\\\/03\\\/visitaalasobrasdelcivivoxensanchedsc8628.webp\",\"contentUrl\":\"https:\\\/\\\/www.laguiadepamplona.com\\\/actualidad\\\/wp-content\\\/uploads\\\/2025\\\/03\\\/visitaalasobrasdelcivivoxensanchedsc8628.webp\",\"width\":1000,\"height\":666,\"caption\":\"visita a las obras del civivox ensanche\"},{\"@type\":\"BreadcrumbList\",\"@id\":\"https:\\\/\\\/www.laguiadepamplona.com\\\/actualidad\\\/el-civivox-del-ii-ensanche-en-la-fase-final-de-su-construccion-afrontara-ahora-la-fase-de-equipamiento-antes-de-abrir-con-programacion-propia-en-septiembre\\\/#breadcrumb\",\"itemListElement\":[{\"@type\":\"ListItem\",\"position\":1,\"name\":\"Portada\",\"item\":\"https:\\\/\\\/www.laguiadepamplona.com\\\/actualidad\\\/\"},{\"@type\":\"ListItem\",\"position\":2,\"name\":\"El Civivox del II Ensanche, en la fase final de su construcci\u00f3n, afrontar\u00e1 ahora la fase de equipamiento antes de abrir, con programaci\u00f3n propia, en septiembre\"}]},{\"@type\":\"WebSite\",\"@id\":\"https:\\\/\\\/www.laguiadepamplona.com\\\/actualidad\\\/#website\",\"url\":\"https:\\\/\\\/www.laguiadepamplona.com\\\/actualidad\\\/\",\"name\":\"La gu\u00eda de Pamplona\",\"description\":\"Noticias de Pamplona\",\"publisher\":{\"@id\":\"https:\\\/\\\/www.laguiadepamplona.com\\\/actualidad\\\/#organization\"},\"potentialAction\":[{\"@type\":\"SearchAction\",\"target\":{\"@type\":\"EntryPoint\",\"urlTemplate\":\"https:\\\/\\\/www.laguiadepamplona.com\\\/actualidad\\\/?s={search_term_string}\"},\"query-input\":{\"@type\":\"PropertyValueSpecification\",\"valueRequired\":true,\"valueName\":\"search_term_string\"}}],\"inLanguage\":\"es\"},{\"@type\":\"Organization\",\"@id\":\"https:\\\/\\\/www.laguiadepamplona.com\\\/actualidad\\\/#organization\",\"name\":\"La Gu\u00eda de Pamplona \\\/ Noticias\",\"url\":\"https:\\\/\\\/www.laguiadepamplona.com\\\/actualidad\\\/\",\"logo\":{\"@type\":\"ImageObject\",\"inLanguage\":\"es\",\"@id\":\"https:\\\/\\\/www.laguiadepamplona.com\\\/actualidad\\\/#\\\/schema\\\/logo\\\/image\\\/\",\"url\":\"https:\\\/\\\/www.laguiadepamplona.com\\\/actualidad\\\/wp-content\\\/uploads\\\/2018\\\/11\\\/logo-laguiadepamplona18-web1.png\",\"contentUrl\":\"https:\\\/\\\/www.laguiadepamplona.com\\\/actualidad\\\/wp-content\\\/uploads\\\/2018\\\/11\\\/logo-laguiadepamplona18-web1.png\",\"width\":600,\"height\":196,\"caption\":\"La Gu\u00eda de Pamplona \\\/ Noticias\"},\"image\":{\"@id\":\"https:\\\/\\\/www.laguiadepamplona.com\\\/actualidad\\\/#\\\/schema\\\/logo\\\/image\\\/\"},\"sameAs\":[\"https:\\\/\\\/www.facebook.com\\\/laguiadepamplonacom-133175176762273\\\/?ref=hl\",\"https:\\\/\\\/x.com\\\/LaGuiadPamplona\",\"https:\\\/\\\/www.instagram.com\\\/la_guia_de_pamplona\\\/\",\"https:\\\/\\\/www.youtube.com\\\/user\\\/laguiadepamplona\"]},{\"@type\":\"Person\",\"@id\":\"https:\\\/\\\/www.laguiadepamplona.com\\\/actualidad\\\/#\\\/schema\\\/person\\\/efe887376f0213d4657c93adc50b1fdb\",\"name\":\"La Gu\u00eda de Pamplona\",\"image\":{\"@type\":\"ImageObject\",\"inLanguage\":\"es\",\"@id\":\"https:\\\/\\\/secure.gravatar.com\\\/avatar\\\/b6992f131dc8d30ab0dff15446e9d346d9dbd95992de0fef795073f5ea83a81c?s=96&d=mm&r=g\",\"url\":\"https:\\\/\\\/secure.gravatar.com\\\/avatar\\\/b6992f131dc8d30ab0dff15446e9d346d9dbd95992de0fef795073f5ea83a81c?s=96&d=mm&r=g\",\"contentUrl\":\"https:\\\/\\\/secure.gravatar.com\\\/avatar\\\/b6992f131dc8d30ab0dff15446e9d346d9dbd95992de0fef795073f5ea83a81c?s=96&d=mm&r=g\",\"caption\":\"La Gu\u00eda de Pamplona\"}}]}<\/script>\n<!-- \/ Yoast SEO plugin. -->","yoast_head_json":{"title":"El Civivox del II Ensanche, en la fase final de su construcci\u00f3n, afrontar\u00e1 ahora la fase de equipamiento antes de abrir, con programaci\u00f3n propia, en septiembre","description":"La Comisi\u00f3n y la Gerencia de Urbanismo municipal han visitado hoy este edificio de 3.834,27 m\u00b2 repartidos en s\u00f3tano, planta baja y otras tres plantas","robots":{"index":"index","follow":"follow","max-snippet":"max-snippet:-1","max-image-preview":"max-image-preview:large","max-video-preview":"max-video-preview:-1"},"canonical":"https:\/\/www.laguiadepamplona.com\/actualidad\/el-civivox-del-ii-ensanche-en-la-fase-final-de-su-construccion-afrontara-ahora-la-fase-de-equipamiento-antes-de-abrir-con-programacion-propia-en-septiembre\/","og_locale":"es_ES","og_type":"article","og_title":"El Civivox del II Ensanche, en la fase final de su construcci\u00f3n, afrontar\u00e1 ahora la fase de equipamiento antes de abrir, con programaci\u00f3n propia, en septiembre","og_description":"La Comisi\u00f3n y la Gerencia de Urbanismo municipal han visitado hoy este edificio de 3.834,27 m\u00b2 repartidos en s\u00f3tano, planta baja y otras tres plantas","og_url":"https:\/\/www.laguiadepamplona.com\/actualidad\/el-civivox-del-ii-ensanche-en-la-fase-final-de-su-construccion-afrontara-ahora-la-fase-de-equipamiento-antes-de-abrir-con-programacion-propia-en-septiembre\/","og_site_name":"La Gu\u00eda de Pamplona","article_publisher":"https:\/\/www.facebook.com\/laguiadepamplonacom-133175176762273\/?ref=hl","article_published_time":"2025-03-05T17:09:20+00:00","og_image":[{"width":1000,"height":666,"url":"https:\/\/www.laguiadepamplona.com\/actualidad\/wp-content\/uploads\/2025\/03\/visitaalasobrasdelcivivoxensanchedsc8628.webp","type":"image\/webp"}],"author":"La Gu\u00eda de Pamplona","twitter_card":"summary_large_image","twitter_creator":"@LaGuiadPamplona","twitter_site":"@LaGuiadPamplona","twitter_misc":{"Escrito por":"La Gu\u00eda de Pamplona","Tiempo de lectura":"4 minutos"},"schema":{"@context":"https:\/\/schema.org","@graph":[{"@type":"Article","@id":"https:\/\/www.laguiadepamplona.com\/actualidad\/el-civivox-del-ii-ensanche-en-la-fase-final-de-su-construccion-afrontara-ahora-la-fase-de-equipamiento-antes-de-abrir-con-programacion-propia-en-septiembre\/#article","isPartOf":{"@id":"https:\/\/www.laguiadepamplona.com\/actualidad\/el-civivox-del-ii-ensanche-en-la-fase-final-de-su-construccion-afrontara-ahora-la-fase-de-equipamiento-antes-de-abrir-con-programacion-propia-en-septiembre\/"},"author":{"name":"La Gu\u00eda de Pamplona","@id":"https:\/\/www.laguiadepamplona.com\/actualidad\/#\/schema\/person\/efe887376f0213d4657c93adc50b1fdb"},"headline":"El Civivox del II Ensanche, en la fase final de su construcci\u00f3n, afrontar\u00e1 ahora la fase de equipamiento antes de abrir, con programaci\u00f3n propia, en septiembre","datePublished":"2025-03-05T17:09:20+00:00","mainEntityOfPage":{"@id":"https:\/\/www.laguiadepamplona.com\/actualidad\/el-civivox-del-ii-ensanche-en-la-fase-final-de-su-construccion-afrontara-ahora-la-fase-de-equipamiento-antes-de-abrir-con-programacion-propia-en-septiembre\/"},"wordCount":921,"commentCount":0,"publisher":{"@id":"https:\/\/www.laguiadepamplona.com\/actualidad\/#organization"},"image":{"@id":"https:\/\/www.laguiadepamplona.com\/actualidad\/el-civivox-del-ii-ensanche-en-la-fase-final-de-su-construccion-afrontara-ahora-la-fase-de-equipamiento-antes-de-abrir-con-programacion-propia-en-septiembre\/#primaryimage"},"thumbnailUrl":"https:\/\/www.laguiadepamplona.com\/actualidad\/wp-content\/uploads\/2025\/03\/visitaalasobrasdelcivivoxensanchedsc8628.webp","articleSection":["Ayto Pamplona"],"inLanguage":"es","potentialAction":[{"@type":"CommentAction","name":"Comment","target":["https:\/\/www.laguiadepamplona.com\/actualidad\/el-civivox-del-ii-ensanche-en-la-fase-final-de-su-construccion-afrontara-ahora-la-fase-de-equipamiento-antes-de-abrir-con-programacion-propia-en-septiembre\/#respond"]}]},{"@type":"WebPage","@id":"https:\/\/www.laguiadepamplona.com\/actualidad\/el-civivox-del-ii-ensanche-en-la-fase-final-de-su-construccion-afrontara-ahora-la-fase-de-equipamiento-antes-de-abrir-con-programacion-propia-en-septiembre\/","url":"https:\/\/www.laguiadepamplona.com\/actualidad\/el-civivox-del-ii-ensanche-en-la-fase-final-de-su-construccion-afrontara-ahora-la-fase-de-equipamiento-antes-de-abrir-con-programacion-propia-en-septiembre\/","name":"El Civivox del II Ensanche, en la fase final de su construcci\u00f3n, afrontar\u00e1 ahora la fase de equipamiento antes de abrir, con programaci\u00f3n propia, en septiembre","isPartOf":{"@id":"https:\/\/www.laguiadepamplona.com\/actualidad\/#website"},"primaryImageOfPage":{"@id":"https:\/\/www.laguiadepamplona.com\/actualidad\/el-civivox-del-ii-ensanche-en-la-fase-final-de-su-construccion-afrontara-ahora-la-fase-de-equipamiento-antes-de-abrir-con-programacion-propia-en-septiembre\/#primaryimage"},"image":{"@id":"https:\/\/www.laguiadepamplona.com\/actualidad\/el-civivox-del-ii-ensanche-en-la-fase-final-de-su-construccion-afrontara-ahora-la-fase-de-equipamiento-antes-de-abrir-con-programacion-propia-en-septiembre\/#primaryimage"},"thumbnailUrl":"https:\/\/www.laguiadepamplona.com\/actualidad\/wp-content\/uploads\/2025\/03\/visitaalasobrasdelcivivoxensanchedsc8628.webp","datePublished":"2025-03-05T17:09:20+00:00","description":"La Comisi\u00f3n y la Gerencia de Urbanismo municipal han visitado hoy este edificio de 3.834,27 m\u00b2 repartidos en s\u00f3tano, planta baja y otras tres plantas","breadcrumb":{"@id":"https:\/\/www.laguiadepamplona.com\/actualidad\/el-civivox-del-ii-ensanche-en-la-fase-final-de-su-construccion-afrontara-ahora-la-fase-de-equipamiento-antes-de-abrir-con-programacion-propia-en-septiembre\/#breadcrumb"},"inLanguage":"es","potentialAction":[{"@type":"ReadAction","target":["https:\/\/www.laguiadepamplona.com\/actualidad\/el-civivox-del-ii-ensanche-en-la-fase-final-de-su-construccion-afrontara-ahora-la-fase-de-equipamiento-antes-de-abrir-con-programacion-propia-en-septiembre\/"]}]},{"@type":"ImageObject","inLanguage":"es","@id":"https:\/\/www.laguiadepamplona.com\/actualidad\/el-civivox-del-ii-ensanche-en-la-fase-final-de-su-construccion-afrontara-ahora-la-fase-de-equipamiento-antes-de-abrir-con-programacion-propia-en-septiembre\/#primaryimage","url":"https:\/\/www.laguiadepamplona.com\/actualidad\/wp-content\/uploads\/2025\/03\/visitaalasobrasdelcivivoxensanchedsc8628.webp","contentUrl":"https:\/\/www.laguiadepamplona.com\/actualidad\/wp-content\/uploads\/2025\/03\/visitaalasobrasdelcivivoxensanchedsc8628.webp","width":1000,"height":666,"caption":"visita a las obras del civivox ensanche"},{"@type":"BreadcrumbList","@id":"https:\/\/www.laguiadepamplona.com\/actualidad\/el-civivox-del-ii-ensanche-en-la-fase-final-de-su-construccion-afrontara-ahora-la-fase-de-equipamiento-antes-de-abrir-con-programacion-propia-en-septiembre\/#breadcrumb","itemListElement":[{"@type":"ListItem","position":1,"name":"Portada","item":"https:\/\/www.laguiadepamplona.com\/actualidad\/"},{"@type":"ListItem","position":2,"name":"El Civivox del II Ensanche, en la fase final de su construcci\u00f3n, afrontar\u00e1 ahora la fase de equipamiento antes de abrir, con programaci\u00f3n propia, en septiembre"}]},{"@type":"WebSite","@id":"https:\/\/www.laguiadepamplona.com\/actualidad\/#website","url":"https:\/\/www.laguiadepamplona.com\/actualidad\/","name":"La gu\u00eda de Pamplona","description":"Noticias de Pamplona","publisher":{"@id":"https:\/\/www.laguiadepamplona.com\/actualidad\/#organization"},"potentialAction":[{"@type":"SearchAction","target":{"@type":"EntryPoint","urlTemplate":"https:\/\/www.laguiadepamplona.com\/actualidad\/?s={search_term_string}"},"query-input":{"@type":"PropertyValueSpecification","valueRequired":true,"valueName":"search_term_string"}}],"inLanguage":"es"},{"@type":"Organization","@id":"https:\/\/www.laguiadepamplona.com\/actualidad\/#organization","name":"La Gu\u00eda de Pamplona \/ Noticias","url":"https:\/\/www.laguiadepamplona.com\/actualidad\/","logo":{"@type":"ImageObject","inLanguage":"es","@id":"https:\/\/www.laguiadepamplona.com\/actualidad\/#\/schema\/logo\/image\/","url":"https:\/\/www.laguiadepamplona.com\/actualidad\/wp-content\/uploads\/2018\/11\/logo-laguiadepamplona18-web1.png","contentUrl":"https:\/\/www.laguiadepamplona.com\/actualidad\/wp-content\/uploads\/2018\/11\/logo-laguiadepamplona18-web1.png","width":600,"height":196,"caption":"La Gu\u00eda de Pamplona \/ Noticias"},"image":{"@id":"https:\/\/www.laguiadepamplona.com\/actualidad\/#\/schema\/logo\/image\/"},"sameAs":["https:\/\/www.facebook.com\/laguiadepamplonacom-133175176762273\/?ref=hl","https:\/\/x.com\/LaGuiadPamplona","https:\/\/www.instagram.com\/la_guia_de_pamplona\/","https:\/\/www.youtube.com\/user\/laguiadepamplona"]},{"@type":"Person","@id":"https:\/\/www.laguiadepamplona.com\/actualidad\/#\/schema\/person\/efe887376f0213d4657c93adc50b1fdb","name":"La Gu\u00eda de Pamplona","image":{"@type":"ImageObject","inLanguage":"es","@id":"https:\/\/secure.gravatar.com\/avatar\/b6992f131dc8d30ab0dff15446e9d346d9dbd95992de0fef795073f5ea83a81c?s=96&d=mm&r=g","url":"https:\/\/secure.gravatar.com\/avatar\/b6992f131dc8d30ab0dff15446e9d346d9dbd95992de0fef795073f5ea83a81c?s=96&d=mm&r=g","contentUrl":"https:\/\/secure.gravatar.com\/avatar\/b6992f131dc8d30ab0dff15446e9d346d9dbd95992de0fef795073f5ea83a81c?s=96&d=mm&r=g","caption":"La Gu\u00eda de Pamplona"}}]}},"post_mailing_queue_ids":[],"_links":{"self":[{"href":"https:\/\/www.laguiadepamplona.com\/actualidad\/wp-json\/wp\/v2\/posts\/52292","targetHints":{"allow":["GET"]}}],"collection":[{"href":"https:\/\/www.laguiadepamplona.com\/actualidad\/wp-json\/wp\/v2\/posts"}],"about":[{"href":"https:\/\/www.laguiadepamplona.com\/actualidad\/wp-json\/wp\/v2\/types\/post"}],"author":[{"embeddable":true,"href":"https:\/\/www.laguiadepamplona.com\/actualidad\/wp-json\/wp\/v2\/users\/1"}],"replies":[{"embeddable":true,"href":"https:\/\/www.laguiadepamplona.com\/actualidad\/wp-json\/wp\/v2\/comments?post=52292"}],"version-history":[{"count":1,"href":"https:\/\/www.laguiadepamplona.com\/actualidad\/wp-json\/wp\/v2\/posts\/52292\/revisions"}],"predecessor-version":[{"id":52295,"href":"https:\/\/www.laguiadepamplona.com\/actualidad\/wp-json\/wp\/v2\/posts\/52292\/revisions\/52295"}],"wp:featuredmedia":[{"embeddable":true,"href":"https:\/\/www.laguiadepamplona.com\/actualidad\/wp-json\/wp\/v2\/media\/52294"}],"wp:attachment":[{"href":"https:\/\/www.laguiadepamplona.com\/actualidad\/wp-json\/wp\/v2\/media?parent=52292"}],"wp:term":[{"taxonomy":"category","embeddable":true,"href":"https:\/\/www.laguiadepamplona.com\/actualidad\/wp-json\/wp\/v2\/categories?post=52292"},{"taxonomy":"post_tag","embeddable":true,"href":"https:\/\/www.laguiadepamplona.com\/actualidad\/wp-json\/wp\/v2\/tags?post=52292"}],"curies":[{"name":"wp","href":"https:\/\/api.w.org\/{rel}","templated":true}]}}