{"id":52288,"date":"2025-03-03T14:34:44","date_gmt":"2025-03-03T12:34:44","guid":{"rendered":"https:\/\/www.laguiadepamplona.com\/actualidad\/?p=52288"},"modified":"2025-03-03T14:34:44","modified_gmt":"2025-03-03T12:34:44","slug":"propuesta-de-actividades-organizadas-por-el-ayuntamiento-de-pamplona-del-4-al-6-de-marzo-con-plazas-libres","status":"publish","type":"post","link":"https:\/\/www.laguiadepamplona.com\/actualidad\/propuesta-de-actividades-organizadas-por-el-ayuntamiento-de-pamplona-del-4-al-6-de-marzo-con-plazas-libres\/","title":{"rendered":"Propuesta de actividades organizadas por el Ayuntamiento de Pamplona del 4 al 6 de marzo con plazas libres"},"content":{"rendered":"<p><!--more--><\/p>\n<p><strong>MARTES 4 DE MARZO<\/strong><\/p>\n<p><a href=\"https:\/\/www.pamplona.es\/actualidad\/eventos\/cuentacuentos-el-dia-que-se-me-lleno-la-casa-de-las-flores-biblioteca-publica-de\">Cuentacuentos. El d\u00eda que se me llen\u00f3 la casa de las flores. Biblioteca P\u00fablica de Mendillorri, 18.15 horas. Entrada libre, previa inscripci\u00f3n en la propia biblioteca<\/a><\/p>\n<p>Cuentacuentos en castellano con Ventura Ruiz, titulado \u2018<strong>El d\u00eda que se me llen\u00f3 la casa de flores<\/strong>\u2019. Sesi\u00f3n dirigida a p\u00fablico infantil a partir de 4 a\u00f1os.<\/p>\n<p><a href=\"https:\/\/www.pamplona.es\/actualidad\/eventos\/cafeteando-solo-baila-casa-de-la-juventud-4\">Cafeteando. \u00a1Solo baila! Casa de la Juventud, 18.30 horas. Entrada libre, hasta completar el aforo<\/a><\/p>\n<p>Nueva tarde en la Casa de la Juventud dedicada al baile para pasar un buen rato al ritmo de la m\u00fasica con diferentes coreograf\u00edas.<\/p>\n<p><a href=\"https:\/\/www.pamplona.es\/actualidad\/eventos\/xxvii-quincena-de-teatro-universitario-teatro-el-atraco-con-chismarracos-civivox\">XXVII Quincena de Teatro Universitario. Teatro. \u2018El atraco\u2019, con Chismarracos. Civivox San Jorge, 19 horas. Entrada: 1 euro, previa inscripci\u00f3n en el 010, la red Civivox o<\/a> <a href=\"http:\/\/www.pamplonaescultura.es\">www.pamplonaescultura.es<\/a><\/p>\n<p>En un banco de pueblo, lo que parec\u00eda ser un d\u00eda normal se convierte en un completo desastre cuando aparece un atracador m\u00e1s despistado que peligroso. El atraco se convierte en un enredo lleno de risas, malentendidos y corazones en juego. Ciclo en colaboraci\u00f3n con Campus Creativo Museo Universidad de Navarra.<\/p>\n<p><a href=\"https:\/\/www.pamplona.es\/actualidad\/eventos\/charla-coloquio-con-ramon-garnica-navarra-navarre-vasconia-historia-del-reino\">Charla \u2013 coloquio con Ram\u00f3n Garnica. \u2018Navarra. Navarre. Vasconia. Historia del reino ro\u00eddo\u2019. Biblioteca P\u00fablica de Milagrosa, 19 horas. Entrada libre, previa inscripci\u00f3n en la propia biblioteca, el tel\u00e9fono 948 24 54 60 o en<\/a> <a href=\"mailto:biblimil@navarra.es\">biblimil@navarra.es<\/a><\/p>\n<p>&nbsp;<\/p>\n<p>En palabras del autor, \u201cHistoria es, en teor\u00eda, la narraci\u00f3n de los hechos acontecidos a toda o parte de la humanidad desde el principio de los tiempos hasta el momento actual\u201d pero en \u201clo concreto de la definici\u00f3n subyace una gran mentira\u201d. Nuestra tierra no se libra de ello.<\/p>\n<p><strong>\u00a0<\/strong><\/p>\n<p><strong>MI\u00c9RCOLES 5 DE MARZO<\/strong><\/p>\n<p><a href=\"https:\/\/www.pamplona.es\/actualidad\/eventos\/cuentacuentos-soy-platano-biblioteca-publica-de-yamaguchi\">Cuentacuentos. \u2018Soy pl\u00e1tano\u2019. Biblioteca P\u00fablica de Yamaguchi, 18 horas. Entrada libre, hasta completar el aforo<\/a><\/p>\n<p>\u2018Soy Pl\u00e1tano\u2019 es un cuento sobre el racismo y la xenofobia visto desde otra \u00f3ptica pero que no dista tanto de la realidad. Una historia para que grandes y peque\u00f1os podamos reflexionar sobre la desigualdad y la tolerancia. Con Mari Paz Jaurrieta. Sesi\u00f3n dirigida a p\u00fablico infantil a partir de 5 a\u00f1os.<\/p>\n<p><a href=\"https:\/\/www.pamplona.es\/actualidad\/eventos\/femkultur-25-taller-artistico-el-corazon-pide-placer-primero-con-txaro-fontalba\">Femkultur 25. Taller art\u00edstico. \u2018El coraz\u00f3n pide placer, primero\u2019, con Txaro Fontalba. Civivox Condestable, 18 horas. Entrada libre, con inscripci\u00f3n previa en el 010, la red Civivox o<\/a> <a href=\"http:\/\/www.pamplonaescultura.es\">www.pamplonaescultura.es<\/a><\/p>\n<p>Conversaremos en torno a la instalaci\u00f3n \u2018Clitoria\u2019 junto a F\u00e1tima Djara, fundadora de la asociaci\u00f3n Dunia Musso, quien abordar\u00e1 el tema de la mutilaci\u00f3n genital femenina. Y, desde la pr\u00e1ctica art\u00edstica, reflexionaremos sobre el placer y la libertad femenina como algo fascinante y peligroso en nuestro tiempo.<\/p>\n<p><a href=\"https:\/\/www.pamplona.es\/actualidad\/eventos\/cuentacuentos-vamos-en-bicicleta-biblioteca-publica-de-milagrosa\">Cuentacuentos. \u00a1Vamos en bicicleta! Biblioteca P\u00fablica de Milagrosa, 18 horas. Inscripci\u00f3n previa en la propia biblioteca, en el tel\u00e9fono 948 24 54 60 o en<\/a> <a href=\"mailto:biblimil@navarra.es\">biblimil@navarra.es<\/a><\/p>\n<p>\u00bfQuieres conocer la historia de Mar\u00eda y su mam\u00e1? Juntas descubrieron que andar en bicicleta es mejor, ya que el coche contamina un mont\u00f3n. La autora del cuento, Eguzki\u00f1e Gago, relatar\u00e1 esta historia infantil, y despu\u00e9s los ni\u00f1os har\u00e1n una manualidad muy chula relacionada con las bicicletas. Para p\u00fablico infantil a partir de 4 a\u00f1os. Actividad organizada por Ediciones Apuleyo.<\/p>\n<p><a href=\"https:\/\/www.pamplona.es\/actualidad\/eventos\/cafeteando-chocolate-con-libros-casa-de-la-juventud\">Cafeteando. Chocolate con libros. Casa de la Juventud, 18.30 horas. Entrada libre, hasta completar el aforo<\/a><\/p>\n<p>Nuevo programa de la Casa de la Juventud para los primeros y terceros mi\u00e9rcoles de mes. Se trata de quedadas de lecturas compartidas de car\u00e1cter informal, pero no tanto para leer el mismo libro, sino para compartir intereses y hacerse recomendaciones. Sesiones que contar\u00e1n con un chocolate caliente procedente de comercio justo. Programa dirigido a j\u00f3venes entre 14 y 30 a\u00f1os.<\/p>\n<p><a href=\"https:\/\/www.pamplona.es\/actualidad\/eventos\/xxvii-quincena-de-teatro-universitario-teatro-la-sorpresa-con-molinos-de-viento\">XXVII Quincena de Teatro Universitario. Teatro. \u2018La sorpresa\u2019, con Molinos de Viento. Civivox Iturrama, 19 horas. Entrada: 1 euro, previa inscripci\u00f3n en el 010, la red Civivox o<\/a> <a href=\"http:\/\/www.pamplonaescultura.es\">www.pamplonaescultura.es<\/a><\/p>\n<p>Un fraile se topa en su camino con un exc\u00e9ntrico autor de marionetas. Este le pide que observe su obra de teatro porque tiene una misteriosa propuesta que hacerle\u2026 La obra es en s\u00ed misma una sorpresa, llena de humor e imaginaci\u00f3n. Ciclo en colaboraci\u00f3n con Campus Creativo Museo Universidad de Navarra.<\/p>\n<p><a href=\"https:\/\/www.pamplona.es\/actualidad\/eventos\/bertsoaroa25-teatro-ztandap-con-mirari-martiarena-e-idoia-torregarai-escuela\">Bertsoaroa\u201925. Teatro. \u2018Ztandap\u2019, con Mirari Martiarena e Idoia Torregarai. Escuela Navarra de Teatro, 19 horas. Entrada: 5 euros, en las taquillas de la ENT o en<\/a> <a href=\"http:\/\/www.laescueladeteatro.com\">www.laescueladeteatro.com<\/a><\/p>\n<p>Siguiendo el hilo de las exitosas obras \u201cBakean Dagoena Bakean Utzi\u201d y \u201cLuze edo Motz\u201d, en este espect\u00e1culo \u201cEztandaP\u201d Mirari Martiarena e Idoia Torregarai tambi\u00e9n tomar\u00e1n el g\u00e9nero como tema de humor e intentar\u00e1n reventar los asuntos cotidianos con sus gafas moradas. Tratar\u00e1n temas como la brecha org\u00e1smica, el amor rom\u00e1ntico, las se\u00f1oras y la convivencia, entre otros. \u00a1A trav\u00e9s de la cr\u00edtica, la deconstrucci\u00f3n y la risa est\u00e1n dispuestas a reventarlo todo!<\/p>\n<p>&nbsp;<\/p>\n<p><strong>JUEVES 6 DE MARZO<\/strong><\/p>\n<p><a href=\"https:\/\/www.pamplona.es\/actualidad\/eventos\/teatro-el-juicio-la-gran-zorra-con-la-asociacion-dramarte-casa-de-la-juventud\">Teatro. \u2018El juicio a la gran zorra\u2019, con la Asociaci\u00f3n Dramarte. Casa de la Juventud, 19 horas. Entrada libre, hasta completar el aforo<\/a><\/p>\n<p>En esta representaci\u00f3n una actriz dar\u00e1 vida a una hermosa figura de la mitolog\u00eda griega, quien se someter\u00e1 a juicio reclamando el olvido. Pero m\u00e1s all\u00e1 de eso, ella busca justicia. Aquella que por ser mujer la sociedad le ha arrebatado. Intentando romper con las normas impuestas, los prejuicios por ser mujer y romper con muchos estereotipos. Se enfrenta al heteropatriarcado y utiliza su causa como bandera para poner de manifiesto cu\u00e1ndo la sociedad juzga a la mujer y no se pone del lado de la v\u00edctima.<\/p>\n<p><a href=\"https:\/\/www.pamplona.es\/actualidad\/eventos\/femkultur-25-cineforum-nina-de-andrea-jaurrieta-civivox-condestable\">Femkultur 25. Cinef\u00f3rum. \u2018NINA\u2019, de Andrea Jaurrieta. Civivox Condestable, 19 horas. Entrada libre, con inscripci\u00f3n previa en el 010, la red Civivox o<\/a> <a href=\"http:\/\/www.pamplonaescultura.es\">www.pamplonaescultura.es<\/a><\/p>\n<p>Nina decide volver al pueblo costero donde creci\u00f3, con una escopeta en el bolso y un objetivo: vengarse de Pedro, un famoso escritor al que el pueblo rinde ahora homenaje. El reencuentro con su lugar de origen, con sus recuerdos del pasado y con Blas, un amigo de la infancia, le har\u00e1n replantearse si la venganza es su \u00fanica opci\u00f3n. Premio de la Cr\u00edtica en el Festival de M\u00e1laga 2024. La proyecci\u00f3n de la pel\u00edcula contar\u00e1 con la participaci\u00f3n de su directora, Andrea Jaurrieta, en un encuentro con el p\u00fablico.<\/p>\n<p><a href=\"https:\/\/www.pamplona.es\/actualidad\/eventos\/xxvii-quincena-de-teatro-universitario-teatro-floers-para-carlota-con-mutis-por\">XXVII Quincena de Teatro Universitario. Teatro. \u2018Floers para Carlota\u2019, con Mutis por el Foro. Civivox Iturrama, 19 horas. Entrada: 1 euro, previa inscripci\u00f3n en el 010, la red Civivox o<\/a> <a href=\"http:\/\/www.pamplonaescultura.es\">www.pamplonaescultura.es<\/a><\/p>\n<p>\u2018Flores para Carlota\u2019 es el relato po\u00e9tico y dram\u00e1tico de un joven poeta que lucha contra el v\u00e9rtigo de declarar su amor a Carlota. En su desaf\u00edo se encuentra con tres aliados: Alberto (el camarero), \u00c1lvaro y Ricardo. Ciclo en colaboraci\u00f3n con Campus Creativo Museo Universidad de Navarra.<\/p>\n","protected":false},"excerpt":{"rendered":"","protected":false},"author":1,"featured_media":50736,"comment_status":"open","ping_status":"closed","sticky":false,"template":"","format":"standard","meta":{"footnotes":""},"categories":[2],"tags":[],"class_list":["post-52288","post","type-post","status-publish","format-standard","has-post-thumbnail","hentry","category-ayuntamiento-pamplona"],"yoast_head":"<!-- This site is optimized with the Yoast SEO plugin v27.3 - https:\/\/yoast.com\/product\/yoast-seo-wordpress\/ -->\n<title>Propuesta de actividades organizadas por el Ayuntamiento de Pamplona del 4 al 6 de marzo con plazas libres<\/title>\n<meta name=\"robots\" content=\"index, follow, max-snippet:-1, max-image-preview:large, max-video-preview:-1\" \/>\n<link rel=\"canonical\" href=\"https:\/\/www.laguiadepamplona.com\/actualidad\/propuesta-de-actividades-organizadas-por-el-ayuntamiento-de-pamplona-del-4-al-6-de-marzo-con-plazas-libres\/\" \/>\n<meta property=\"og:locale\" content=\"es_ES\" \/>\n<meta property=\"og:type\" content=\"article\" \/>\n<meta property=\"og:title\" content=\"Propuesta de actividades organizadas por el Ayuntamiento de Pamplona del 4 al 6 de marzo con plazas libres\" \/>\n<meta property=\"og:url\" content=\"https:\/\/www.laguiadepamplona.com\/actualidad\/propuesta-de-actividades-organizadas-por-el-ayuntamiento-de-pamplona-del-4-al-6-de-marzo-con-plazas-libres\/\" \/>\n<meta property=\"og:site_name\" content=\"La Gu\u00eda de Pamplona\" \/>\n<meta property=\"article:publisher\" content=\"https:\/\/www.facebook.com\/laguiadepamplonacom-133175176762273\/?ref=hl\" \/>\n<meta property=\"article:published_time\" content=\"2025-03-03T12:34:44+00:00\" \/>\n<meta property=\"og:image\" content=\"https:\/\/www.laguiadepamplona.com\/actualidad\/wp-content\/uploads\/2024\/09\/Fachada-Ayuntamiento_contacto-Comarca_web2.webp\" \/>\n\t<meta property=\"og:image:width\" content=\"1000\" \/>\n\t<meta property=\"og:image:height\" content=\"646\" \/>\n\t<meta property=\"og:image:type\" content=\"image\/webp\" \/>\n<meta name=\"author\" content=\"La Gu\u00eda de Pamplona\" \/>\n<meta name=\"twitter:card\" content=\"summary_large_image\" \/>\n<meta name=\"twitter:creator\" content=\"@LaGuiadPamplona\" \/>\n<meta name=\"twitter:site\" content=\"@LaGuiadPamplona\" \/>\n<meta name=\"twitter:label1\" content=\"Escrito por\" \/>\n\t<meta name=\"twitter:data1\" content=\"La Gu\u00eda de Pamplona\" \/>\n\t<meta name=\"twitter:label2\" content=\"Tiempo de lectura\" \/>\n\t<meta name=\"twitter:data2\" content=\"5 minutos\" \/>\n<script type=\"application\/ld+json\" class=\"yoast-schema-graph\">{\"@context\":\"https:\\\/\\\/schema.org\",\"@graph\":[{\"@type\":\"Article\",\"@id\":\"https:\\\/\\\/www.laguiadepamplona.com\\\/actualidad\\\/propuesta-de-actividades-organizadas-por-el-ayuntamiento-de-pamplona-del-4-al-6-de-marzo-con-plazas-libres\\\/#article\",\"isPartOf\":{\"@id\":\"https:\\\/\\\/www.laguiadepamplona.com\\\/actualidad\\\/propuesta-de-actividades-organizadas-por-el-ayuntamiento-de-pamplona-del-4-al-6-de-marzo-con-plazas-libres\\\/\"},\"author\":{\"name\":\"La Gu\u00eda de Pamplona\",\"@id\":\"https:\\\/\\\/www.laguiadepamplona.com\\\/actualidad\\\/#\\\/schema\\\/person\\\/efe887376f0213d4657c93adc50b1fdb\"},\"headline\":\"Propuesta de actividades organizadas por el Ayuntamiento de Pamplona del 4 al 6 de marzo con plazas libres\",\"datePublished\":\"2025-03-03T12:34:44+00:00\",\"mainEntityOfPage\":{\"@id\":\"https:\\\/\\\/www.laguiadepamplona.com\\\/actualidad\\\/propuesta-de-actividades-organizadas-por-el-ayuntamiento-de-pamplona-del-4-al-6-de-marzo-con-plazas-libres\\\/\"},\"wordCount\":1144,\"commentCount\":0,\"publisher\":{\"@id\":\"https:\\\/\\\/www.laguiadepamplona.com\\\/actualidad\\\/#organization\"},\"image\":{\"@id\":\"https:\\\/\\\/www.laguiadepamplona.com\\\/actualidad\\\/propuesta-de-actividades-organizadas-por-el-ayuntamiento-de-pamplona-del-4-al-6-de-marzo-con-plazas-libres\\\/#primaryimage\"},\"thumbnailUrl\":\"https:\\\/\\\/www.laguiadepamplona.com\\\/actualidad\\\/wp-content\\\/uploads\\\/2024\\\/09\\\/Fachada-Ayuntamiento_contacto-Comarca_web2.webp\",\"articleSection\":[\"Ayto Pamplona\"],\"inLanguage\":\"es\",\"potentialAction\":[{\"@type\":\"CommentAction\",\"name\":\"Comment\",\"target\":[\"https:\\\/\\\/www.laguiadepamplona.com\\\/actualidad\\\/propuesta-de-actividades-organizadas-por-el-ayuntamiento-de-pamplona-del-4-al-6-de-marzo-con-plazas-libres\\\/#respond\"]}]},{\"@type\":\"WebPage\",\"@id\":\"https:\\\/\\\/www.laguiadepamplona.com\\\/actualidad\\\/propuesta-de-actividades-organizadas-por-el-ayuntamiento-de-pamplona-del-4-al-6-de-marzo-con-plazas-libres\\\/\",\"url\":\"https:\\\/\\\/www.laguiadepamplona.com\\\/actualidad\\\/propuesta-de-actividades-organizadas-por-el-ayuntamiento-de-pamplona-del-4-al-6-de-marzo-con-plazas-libres\\\/\",\"name\":\"Propuesta de actividades organizadas por el Ayuntamiento de Pamplona del 4 al 6 de marzo con plazas libres\",\"isPartOf\":{\"@id\":\"https:\\\/\\\/www.laguiadepamplona.com\\\/actualidad\\\/#website\"},\"primaryImageOfPage\":{\"@id\":\"https:\\\/\\\/www.laguiadepamplona.com\\\/actualidad\\\/propuesta-de-actividades-organizadas-por-el-ayuntamiento-de-pamplona-del-4-al-6-de-marzo-con-plazas-libres\\\/#primaryimage\"},\"image\":{\"@id\":\"https:\\\/\\\/www.laguiadepamplona.com\\\/actualidad\\\/propuesta-de-actividades-organizadas-por-el-ayuntamiento-de-pamplona-del-4-al-6-de-marzo-con-plazas-libres\\\/#primaryimage\"},\"thumbnailUrl\":\"https:\\\/\\\/www.laguiadepamplona.com\\\/actualidad\\\/wp-content\\\/uploads\\\/2024\\\/09\\\/Fachada-Ayuntamiento_contacto-Comarca_web2.webp\",\"datePublished\":\"2025-03-03T12:34:44+00:00\",\"breadcrumb\":{\"@id\":\"https:\\\/\\\/www.laguiadepamplona.com\\\/actualidad\\\/propuesta-de-actividades-organizadas-por-el-ayuntamiento-de-pamplona-del-4-al-6-de-marzo-con-plazas-libres\\\/#breadcrumb\"},\"inLanguage\":\"es\",\"potentialAction\":[{\"@type\":\"ReadAction\",\"target\":[\"https:\\\/\\\/www.laguiadepamplona.com\\\/actualidad\\\/propuesta-de-actividades-organizadas-por-el-ayuntamiento-de-pamplona-del-4-al-6-de-marzo-con-plazas-libres\\\/\"]}]},{\"@type\":\"ImageObject\",\"inLanguage\":\"es\",\"@id\":\"https:\\\/\\\/www.laguiadepamplona.com\\\/actualidad\\\/propuesta-de-actividades-organizadas-por-el-ayuntamiento-de-pamplona-del-4-al-6-de-marzo-con-plazas-libres\\\/#primaryimage\",\"url\":\"https:\\\/\\\/www.laguiadepamplona.com\\\/actualidad\\\/wp-content\\\/uploads\\\/2024\\\/09\\\/Fachada-Ayuntamiento_contacto-Comarca_web2.webp\",\"contentUrl\":\"https:\\\/\\\/www.laguiadepamplona.com\\\/actualidad\\\/wp-content\\\/uploads\\\/2024\\\/09\\\/Fachada-Ayuntamiento_contacto-Comarca_web2.webp\",\"width\":1000,\"height\":646,\"caption\":\"fachada ayuntamiento\"},{\"@type\":\"BreadcrumbList\",\"@id\":\"https:\\\/\\\/www.laguiadepamplona.com\\\/actualidad\\\/propuesta-de-actividades-organizadas-por-el-ayuntamiento-de-pamplona-del-4-al-6-de-marzo-con-plazas-libres\\\/#breadcrumb\",\"itemListElement\":[{\"@type\":\"ListItem\",\"position\":1,\"name\":\"Portada\",\"item\":\"https:\\\/\\\/www.laguiadepamplona.com\\\/actualidad\\\/\"},{\"@type\":\"ListItem\",\"position\":2,\"name\":\"Propuesta de actividades organizadas por el Ayuntamiento de Pamplona del 4 al 6 de marzo con plazas libres\"}]},{\"@type\":\"WebSite\",\"@id\":\"https:\\\/\\\/www.laguiadepamplona.com\\\/actualidad\\\/#website\",\"url\":\"https:\\\/\\\/www.laguiadepamplona.com\\\/actualidad\\\/\",\"name\":\"La gu\u00eda de Pamplona\",\"description\":\"Noticias de Pamplona\",\"publisher\":{\"@id\":\"https:\\\/\\\/www.laguiadepamplona.com\\\/actualidad\\\/#organization\"},\"potentialAction\":[{\"@type\":\"SearchAction\",\"target\":{\"@type\":\"EntryPoint\",\"urlTemplate\":\"https:\\\/\\\/www.laguiadepamplona.com\\\/actualidad\\\/?s={search_term_string}\"},\"query-input\":{\"@type\":\"PropertyValueSpecification\",\"valueRequired\":true,\"valueName\":\"search_term_string\"}}],\"inLanguage\":\"es\"},{\"@type\":\"Organization\",\"@id\":\"https:\\\/\\\/www.laguiadepamplona.com\\\/actualidad\\\/#organization\",\"name\":\"La Gu\u00eda de Pamplona \\\/ Noticias\",\"url\":\"https:\\\/\\\/www.laguiadepamplona.com\\\/actualidad\\\/\",\"logo\":{\"@type\":\"ImageObject\",\"inLanguage\":\"es\",\"@id\":\"https:\\\/\\\/www.laguiadepamplona.com\\\/actualidad\\\/#\\\/schema\\\/logo\\\/image\\\/\",\"url\":\"https:\\\/\\\/www.laguiadepamplona.com\\\/actualidad\\\/wp-content\\\/uploads\\\/2018\\\/11\\\/logo-laguiadepamplona18-web1.png\",\"contentUrl\":\"https:\\\/\\\/www.laguiadepamplona.com\\\/actualidad\\\/wp-content\\\/uploads\\\/2018\\\/11\\\/logo-laguiadepamplona18-web1.png\",\"width\":600,\"height\":196,\"caption\":\"La Gu\u00eda de Pamplona \\\/ Noticias\"},\"image\":{\"@id\":\"https:\\\/\\\/www.laguiadepamplona.com\\\/actualidad\\\/#\\\/schema\\\/logo\\\/image\\\/\"},\"sameAs\":[\"https:\\\/\\\/www.facebook.com\\\/laguiadepamplonacom-133175176762273\\\/?ref=hl\",\"https:\\\/\\\/x.com\\\/LaGuiadPamplona\",\"https:\\\/\\\/www.instagram.com\\\/la_guia_de_pamplona\\\/\",\"https:\\\/\\\/www.youtube.com\\\/user\\\/laguiadepamplona\"]},{\"@type\":\"Person\",\"@id\":\"https:\\\/\\\/www.laguiadepamplona.com\\\/actualidad\\\/#\\\/schema\\\/person\\\/efe887376f0213d4657c93adc50b1fdb\",\"name\":\"La Gu\u00eda de Pamplona\",\"image\":{\"@type\":\"ImageObject\",\"inLanguage\":\"es\",\"@id\":\"https:\\\/\\\/secure.gravatar.com\\\/avatar\\\/b6992f131dc8d30ab0dff15446e9d346d9dbd95992de0fef795073f5ea83a81c?s=96&d=mm&r=g\",\"url\":\"https:\\\/\\\/secure.gravatar.com\\\/avatar\\\/b6992f131dc8d30ab0dff15446e9d346d9dbd95992de0fef795073f5ea83a81c?s=96&d=mm&r=g\",\"contentUrl\":\"https:\\\/\\\/secure.gravatar.com\\\/avatar\\\/b6992f131dc8d30ab0dff15446e9d346d9dbd95992de0fef795073f5ea83a81c?s=96&d=mm&r=g\",\"caption\":\"La Gu\u00eda de Pamplona\"}}]}<\/script>\n<!-- \/ Yoast SEO plugin. -->","yoast_head_json":{"title":"Propuesta de actividades organizadas por el Ayuntamiento de Pamplona del 4 al 6 de marzo con plazas libres","robots":{"index":"index","follow":"follow","max-snippet":"max-snippet:-1","max-image-preview":"max-image-preview:large","max-video-preview":"max-video-preview:-1"},"canonical":"https:\/\/www.laguiadepamplona.com\/actualidad\/propuesta-de-actividades-organizadas-por-el-ayuntamiento-de-pamplona-del-4-al-6-de-marzo-con-plazas-libres\/","og_locale":"es_ES","og_type":"article","og_title":"Propuesta de actividades organizadas por el Ayuntamiento de Pamplona del 4 al 6 de marzo con plazas libres","og_url":"https:\/\/www.laguiadepamplona.com\/actualidad\/propuesta-de-actividades-organizadas-por-el-ayuntamiento-de-pamplona-del-4-al-6-de-marzo-con-plazas-libres\/","og_site_name":"La Gu\u00eda de Pamplona","article_publisher":"https:\/\/www.facebook.com\/laguiadepamplonacom-133175176762273\/?ref=hl","article_published_time":"2025-03-03T12:34:44+00:00","og_image":[{"width":1000,"height":646,"url":"https:\/\/www.laguiadepamplona.com\/actualidad\/wp-content\/uploads\/2024\/09\/Fachada-Ayuntamiento_contacto-Comarca_web2.webp","type":"image\/webp"}],"author":"La Gu\u00eda de Pamplona","twitter_card":"summary_large_image","twitter_creator":"@LaGuiadPamplona","twitter_site":"@LaGuiadPamplona","twitter_misc":{"Escrito por":"La Gu\u00eda de Pamplona","Tiempo de lectura":"5 minutos"},"schema":{"@context":"https:\/\/schema.org","@graph":[{"@type":"Article","@id":"https:\/\/www.laguiadepamplona.com\/actualidad\/propuesta-de-actividades-organizadas-por-el-ayuntamiento-de-pamplona-del-4-al-6-de-marzo-con-plazas-libres\/#article","isPartOf":{"@id":"https:\/\/www.laguiadepamplona.com\/actualidad\/propuesta-de-actividades-organizadas-por-el-ayuntamiento-de-pamplona-del-4-al-6-de-marzo-con-plazas-libres\/"},"author":{"name":"La Gu\u00eda de Pamplona","@id":"https:\/\/www.laguiadepamplona.com\/actualidad\/#\/schema\/person\/efe887376f0213d4657c93adc50b1fdb"},"headline":"Propuesta de actividades organizadas por el Ayuntamiento de Pamplona del 4 al 6 de marzo con plazas libres","datePublished":"2025-03-03T12:34:44+00:00","mainEntityOfPage":{"@id":"https:\/\/www.laguiadepamplona.com\/actualidad\/propuesta-de-actividades-organizadas-por-el-ayuntamiento-de-pamplona-del-4-al-6-de-marzo-con-plazas-libres\/"},"wordCount":1144,"commentCount":0,"publisher":{"@id":"https:\/\/www.laguiadepamplona.com\/actualidad\/#organization"},"image":{"@id":"https:\/\/www.laguiadepamplona.com\/actualidad\/propuesta-de-actividades-organizadas-por-el-ayuntamiento-de-pamplona-del-4-al-6-de-marzo-con-plazas-libres\/#primaryimage"},"thumbnailUrl":"https:\/\/www.laguiadepamplona.com\/actualidad\/wp-content\/uploads\/2024\/09\/Fachada-Ayuntamiento_contacto-Comarca_web2.webp","articleSection":["Ayto Pamplona"],"inLanguage":"es","potentialAction":[{"@type":"CommentAction","name":"Comment","target":["https:\/\/www.laguiadepamplona.com\/actualidad\/propuesta-de-actividades-organizadas-por-el-ayuntamiento-de-pamplona-del-4-al-6-de-marzo-con-plazas-libres\/#respond"]}]},{"@type":"WebPage","@id":"https:\/\/www.laguiadepamplona.com\/actualidad\/propuesta-de-actividades-organizadas-por-el-ayuntamiento-de-pamplona-del-4-al-6-de-marzo-con-plazas-libres\/","url":"https:\/\/www.laguiadepamplona.com\/actualidad\/propuesta-de-actividades-organizadas-por-el-ayuntamiento-de-pamplona-del-4-al-6-de-marzo-con-plazas-libres\/","name":"Propuesta de actividades organizadas por el Ayuntamiento de Pamplona del 4 al 6 de marzo con plazas libres","isPartOf":{"@id":"https:\/\/www.laguiadepamplona.com\/actualidad\/#website"},"primaryImageOfPage":{"@id":"https:\/\/www.laguiadepamplona.com\/actualidad\/propuesta-de-actividades-organizadas-por-el-ayuntamiento-de-pamplona-del-4-al-6-de-marzo-con-plazas-libres\/#primaryimage"},"image":{"@id":"https:\/\/www.laguiadepamplona.com\/actualidad\/propuesta-de-actividades-organizadas-por-el-ayuntamiento-de-pamplona-del-4-al-6-de-marzo-con-plazas-libres\/#primaryimage"},"thumbnailUrl":"https:\/\/www.laguiadepamplona.com\/actualidad\/wp-content\/uploads\/2024\/09\/Fachada-Ayuntamiento_contacto-Comarca_web2.webp","datePublished":"2025-03-03T12:34:44+00:00","breadcrumb":{"@id":"https:\/\/www.laguiadepamplona.com\/actualidad\/propuesta-de-actividades-organizadas-por-el-ayuntamiento-de-pamplona-del-4-al-6-de-marzo-con-plazas-libres\/#breadcrumb"},"inLanguage":"es","potentialAction":[{"@type":"ReadAction","target":["https:\/\/www.laguiadepamplona.com\/actualidad\/propuesta-de-actividades-organizadas-por-el-ayuntamiento-de-pamplona-del-4-al-6-de-marzo-con-plazas-libres\/"]}]},{"@type":"ImageObject","inLanguage":"es","@id":"https:\/\/www.laguiadepamplona.com\/actualidad\/propuesta-de-actividades-organizadas-por-el-ayuntamiento-de-pamplona-del-4-al-6-de-marzo-con-plazas-libres\/#primaryimage","url":"https:\/\/www.laguiadepamplona.com\/actualidad\/wp-content\/uploads\/2024\/09\/Fachada-Ayuntamiento_contacto-Comarca_web2.webp","contentUrl":"https:\/\/www.laguiadepamplona.com\/actualidad\/wp-content\/uploads\/2024\/09\/Fachada-Ayuntamiento_contacto-Comarca_web2.webp","width":1000,"height":646,"caption":"fachada ayuntamiento"},{"@type":"BreadcrumbList","@id":"https:\/\/www.laguiadepamplona.com\/actualidad\/propuesta-de-actividades-organizadas-por-el-ayuntamiento-de-pamplona-del-4-al-6-de-marzo-con-plazas-libres\/#breadcrumb","itemListElement":[{"@type":"ListItem","position":1,"name":"Portada","item":"https:\/\/www.laguiadepamplona.com\/actualidad\/"},{"@type":"ListItem","position":2,"name":"Propuesta de actividades organizadas por el Ayuntamiento de Pamplona del 4 al 6 de marzo con plazas libres"}]},{"@type":"WebSite","@id":"https:\/\/www.laguiadepamplona.com\/actualidad\/#website","url":"https:\/\/www.laguiadepamplona.com\/actualidad\/","name":"La gu\u00eda de Pamplona","description":"Noticias de Pamplona","publisher":{"@id":"https:\/\/www.laguiadepamplona.com\/actualidad\/#organization"},"potentialAction":[{"@type":"SearchAction","target":{"@type":"EntryPoint","urlTemplate":"https:\/\/www.laguiadepamplona.com\/actualidad\/?s={search_term_string}"},"query-input":{"@type":"PropertyValueSpecification","valueRequired":true,"valueName":"search_term_string"}}],"inLanguage":"es"},{"@type":"Organization","@id":"https:\/\/www.laguiadepamplona.com\/actualidad\/#organization","name":"La Gu\u00eda de Pamplona \/ Noticias","url":"https:\/\/www.laguiadepamplona.com\/actualidad\/","logo":{"@type":"ImageObject","inLanguage":"es","@id":"https:\/\/www.laguiadepamplona.com\/actualidad\/#\/schema\/logo\/image\/","url":"https:\/\/www.laguiadepamplona.com\/actualidad\/wp-content\/uploads\/2018\/11\/logo-laguiadepamplona18-web1.png","contentUrl":"https:\/\/www.laguiadepamplona.com\/actualidad\/wp-content\/uploads\/2018\/11\/logo-laguiadepamplona18-web1.png","width":600,"height":196,"caption":"La Gu\u00eda de Pamplona \/ Noticias"},"image":{"@id":"https:\/\/www.laguiadepamplona.com\/actualidad\/#\/schema\/logo\/image\/"},"sameAs":["https:\/\/www.facebook.com\/laguiadepamplonacom-133175176762273\/?ref=hl","https:\/\/x.com\/LaGuiadPamplona","https:\/\/www.instagram.com\/la_guia_de_pamplona\/","https:\/\/www.youtube.com\/user\/laguiadepamplona"]},{"@type":"Person","@id":"https:\/\/www.laguiadepamplona.com\/actualidad\/#\/schema\/person\/efe887376f0213d4657c93adc50b1fdb","name":"La Gu\u00eda de Pamplona","image":{"@type":"ImageObject","inLanguage":"es","@id":"https:\/\/secure.gravatar.com\/avatar\/b6992f131dc8d30ab0dff15446e9d346d9dbd95992de0fef795073f5ea83a81c?s=96&d=mm&r=g","url":"https:\/\/secure.gravatar.com\/avatar\/b6992f131dc8d30ab0dff15446e9d346d9dbd95992de0fef795073f5ea83a81c?s=96&d=mm&r=g","contentUrl":"https:\/\/secure.gravatar.com\/avatar\/b6992f131dc8d30ab0dff15446e9d346d9dbd95992de0fef795073f5ea83a81c?s=96&d=mm&r=g","caption":"La Gu\u00eda de Pamplona"}}]}},"post_mailing_queue_ids":[],"_links":{"self":[{"href":"https:\/\/www.laguiadepamplona.com\/actualidad\/wp-json\/wp\/v2\/posts\/52288","targetHints":{"allow":["GET"]}}],"collection":[{"href":"https:\/\/www.laguiadepamplona.com\/actualidad\/wp-json\/wp\/v2\/posts"}],"about":[{"href":"https:\/\/www.laguiadepamplona.com\/actualidad\/wp-json\/wp\/v2\/types\/post"}],"author":[{"embeddable":true,"href":"https:\/\/www.laguiadepamplona.com\/actualidad\/wp-json\/wp\/v2\/users\/1"}],"replies":[{"embeddable":true,"href":"https:\/\/www.laguiadepamplona.com\/actualidad\/wp-json\/wp\/v2\/comments?post=52288"}],"version-history":[{"count":1,"href":"https:\/\/www.laguiadepamplona.com\/actualidad\/wp-json\/wp\/v2\/posts\/52288\/revisions"}],"predecessor-version":[{"id":52289,"href":"https:\/\/www.laguiadepamplona.com\/actualidad\/wp-json\/wp\/v2\/posts\/52288\/revisions\/52289"}],"wp:featuredmedia":[{"embeddable":true,"href":"https:\/\/www.laguiadepamplona.com\/actualidad\/wp-json\/wp\/v2\/media\/50736"}],"wp:attachment":[{"href":"https:\/\/www.laguiadepamplona.com\/actualidad\/wp-json\/wp\/v2\/media?parent=52288"}],"wp:term":[{"taxonomy":"category","embeddable":true,"href":"https:\/\/www.laguiadepamplona.com\/actualidad\/wp-json\/wp\/v2\/categories?post=52288"},{"taxonomy":"post_tag","embeddable":true,"href":"https:\/\/www.laguiadepamplona.com\/actualidad\/wp-json\/wp\/v2\/tags?post=52288"}],"curies":[{"name":"wp","href":"https:\/\/api.w.org\/{rel}","templated":true}]}}