{"id":52286,"date":"2025-03-03T14:34:07","date_gmt":"2025-03-03T12:34:07","guid":{"rendered":"https:\/\/www.laguiadepamplona.com\/actualidad\/?p=52286"},"modified":"2025-03-03T14:34:07","modified_gmt":"2025-03-03T12:34:07","slug":"convocado-el-xix-premio-internacional-de-poesia-ciudad-de-pamplona-con-un-plazo-de-presentacion-de-obras-que-finaliza-el-30-de-abril","status":"publish","type":"post","link":"https:\/\/www.laguiadepamplona.com\/actualidad\/convocado-el-xix-premio-internacional-de-poesia-ciudad-de-pamplona-con-un-plazo-de-presentacion-de-obras-que-finaliza-el-30-de-abril\/","title":{"rendered":"Convocado el XIX Premio Internacional de Poes\u00eda \u2018Ciudad de Pamplona\u2019, con un plazo de presentaci\u00f3n de obras que finaliza el 30 de abril"},"content":{"rendered":"<h2>Como novedad este a\u00f1o, se admitir\u00e1 \u00fanicamente una obra por modalidad y autor o autora<\/h2>\n<p><!--more--><\/p>\n<p>El mi\u00e9rcoles 30 de abril, a las 14 horas, finaliza el plazo de presentaci\u00f3n de obras al XIX Premio Internacional de Poes\u00eda \u2018Ciudad de Pamplona\u2019, que organizan el Ayuntamiento de Pamplona y el Ateneo Navarro. Un a\u00f1o m\u00e1s, el certamen se convoca en las modalidades de castellano y euskera. La principal novedad de esta edici\u00f3n es la admisi\u00f3n \u00fanicamente de una obra por modalidad y autor o autora.<\/p>\n<p>Los trabajos presentados deber\u00e1n ser in\u00e9ditos en su totalidad, no haber obtenido ning\u00fan premio en otros concursos de poe\u00ads\u00eda previamente fallados y no estar concur\u00adsando en este momento en otro certamen po\u00e9tico. Las personas galardonadas en a\u00f1os precedentes no podr\u00e1n presen\u00adtarse. El tema y la forma de los poemarios ser\u00e1n libres, con una extensi\u00f3n de entre 400 y 800 versos. Cada modalidad tendr\u00e1 un \u00fanico premio de 3.000 euros para la mejor obra. Al premio econ\u00f3mico se une la publicaci\u00f3n de las obras ganadoras. El fallo del premio se har\u00e1 p\u00fablico durante el mes de junio.<\/p>\n<p>Los originales se presentar\u00e1n por cuadruplicado, en ejemplares separados, en tama\u00f1o DIN A-4, de\u00adbidamente numeradas sus p\u00e1ginas y cosidas, grapadas o encuaderna\u00addas. Los poemas estar\u00e1n escritos a doble espacio y mecanografiados por una sola cara. Los originales podr\u00e1n presentar\u00adse por el sistema de lema y plica. En su portada llevar\u00e1n el t\u00edtulo y el lema. En un sobre cerrado adjunto constar\u00e1 la autor\u00eda (nombre y apellidos, edad, nacionalidad, domicilio, copia del do\u00adcumento de identificaci\u00f3n o del pasa\u00adporte y tel\u00e9fono de contacto y\/o correo electr\u00f3nico). Esa informaci\u00f3n ha de acompa\u00f1arse de una breve bibliograf\u00eda del autor o autora y de un documento certificando que dicha obra no se ha presentado a ning\u00fan otro certamen literario vigente.<\/p>\n<p><strong>Presentaci\u00f3n de los trabajos<\/strong><\/p>\n<p>Las obras se podr\u00e1n presentar por correo certificado o remiti\u00e9ndolas a trav\u00e9s de correo electr\u00f3nico. Por correo certificado, se deber\u00e1n remitir al Ateneo Navarro (avda. Bara\u00f1\u00e1in, 10-1\u00baA. 31008 Pamplona &#8211; Navarra), indicando en el sobre \u2018Para el XIX Premio Internacional de Poe\u00ads\u00eda CIUDAD DE PAMPLONA\u2019.<\/p>\n<p>Tambi\u00e9n podr\u00e1n enviarse por correo electr\u00f3nico a la direcci\u00f3n <a href=\"mailto:ateneo@ateneonavarro.es\">ateneo@ateneonavarro.es<\/a> en dos archivos adjuntos, uno con los datos relativos a la auto\u00adr\u00eda (nombre y apellidos, edad, nacionalidad, do\u00admicilio, copia del documento de identificaci\u00f3n o del pasaporte y tel\u00e9fono de contacto y\/o correo electr\u00f3nico) y otro con la obra.<\/p>\n<p>En la pasada edici\u00f3n, se presentaron 453 poemarios, 438 en castellano y 15 en euskera, creados por 95 autoras y 336 autores. Nadia Fabo Andr\u00e9s, en la modalidad de castellano con \u2018Pitx\u2019 y Joseba Esparza Gorraiz, en la modalidad de euskera, con \u2018Ttau eta biok\u2019, ganaron el\u00a0XVIII Premio Internacional de Poes\u00eda Ciudad de Pamplona.<\/p>\n","protected":false},"excerpt":{"rendered":"<p>Como novedad este a\u00f1o, se admitir\u00e1 \u00fanicamente una obra por modalidad y autor o autora<\/p>\n","protected":false},"author":1,"featured_media":33789,"comment_status":"open","ping_status":"closed","sticky":false,"template":"","format":"standard","meta":{"footnotes":""},"categories":[2],"tags":[],"class_list":["post-52286","post","type-post","status-publish","format-standard","has-post-thumbnail","hentry","category-ayuntamiento-pamplona"],"yoast_head":"<!-- This site is optimized with the Yoast SEO plugin v27.3 - https:\/\/yoast.com\/product\/yoast-seo-wordpress\/ -->\n<title>Convocado el XIX Premio Internacional de Poes\u00eda \u2018Ciudad de Pamplona\u2019, con un plazo de presentaci\u00f3n de obras que finaliza el 30 de abril<\/title>\n<meta name=\"description\" content=\"Como novedad este a\u00f1o, se admitir\u00e1 \u00fanicamente una obra por modalidad y autor o autora\" \/>\n<meta name=\"robots\" content=\"index, follow, max-snippet:-1, max-image-preview:large, max-video-preview:-1\" \/>\n<link rel=\"canonical\" href=\"https:\/\/www.laguiadepamplona.com\/actualidad\/convocado-el-xix-premio-internacional-de-poesia-ciudad-de-pamplona-con-un-plazo-de-presentacion-de-obras-que-finaliza-el-30-de-abril\/\" \/>\n<meta property=\"og:locale\" content=\"es_ES\" \/>\n<meta property=\"og:type\" content=\"article\" \/>\n<meta property=\"og:title\" content=\"Convocado el XIX Premio Internacional de Poes\u00eda \u2018Ciudad de Pamplona\u2019, con un plazo de presentaci\u00f3n de obras que finaliza el 30 de abril\" \/>\n<meta property=\"og:description\" content=\"Como novedad este a\u00f1o, se admitir\u00e1 \u00fanicamente una obra por modalidad y autor o autora\" \/>\n<meta property=\"og:url\" content=\"https:\/\/www.laguiadepamplona.com\/actualidad\/convocado-el-xix-premio-internacional-de-poesia-ciudad-de-pamplona-con-un-plazo-de-presentacion-de-obras-que-finaliza-el-30-de-abril\/\" \/>\n<meta property=\"og:site_name\" content=\"La Gu\u00eda de Pamplona\" \/>\n<meta property=\"article:publisher\" content=\"https:\/\/www.facebook.com\/laguiadepamplonacom-133175176762273\/?ref=hl\" \/>\n<meta property=\"article:published_time\" content=\"2025-03-03T12:34:07+00:00\" \/>\n<meta property=\"og:image\" content=\"https:\/\/www.laguiadepamplona.com\/actualidad\/wp-content\/uploads\/2021\/03\/Poesia.jpg\" \/>\n\t<meta property=\"og:image:width\" content=\"1230\" \/>\n\t<meta property=\"og:image:height\" content=\"692\" \/>\n\t<meta property=\"og:image:type\" content=\"image\/jpeg\" \/>\n<meta name=\"author\" content=\"La Gu\u00eda de Pamplona\" \/>\n<meta name=\"twitter:card\" content=\"summary_large_image\" \/>\n<meta name=\"twitter:creator\" content=\"@LaGuiadPamplona\" \/>\n<meta name=\"twitter:site\" content=\"@LaGuiadPamplona\" \/>\n<meta name=\"twitter:label1\" content=\"Escrito por\" \/>\n\t<meta name=\"twitter:data1\" content=\"La Gu\u00eda de Pamplona\" \/>\n\t<meta name=\"twitter:label2\" content=\"Tiempo de lectura\" \/>\n\t<meta name=\"twitter:data2\" content=\"3 minutos\" \/>\n<script type=\"application\/ld+json\" class=\"yoast-schema-graph\">{\"@context\":\"https:\\\/\\\/schema.org\",\"@graph\":[{\"@type\":\"Article\",\"@id\":\"https:\\\/\\\/www.laguiadepamplona.com\\\/actualidad\\\/convocado-el-xix-premio-internacional-de-poesia-ciudad-de-pamplona-con-un-plazo-de-presentacion-de-obras-que-finaliza-el-30-de-abril\\\/#article\",\"isPartOf\":{\"@id\":\"https:\\\/\\\/www.laguiadepamplona.com\\\/actualidad\\\/convocado-el-xix-premio-internacional-de-poesia-ciudad-de-pamplona-con-un-plazo-de-presentacion-de-obras-que-finaliza-el-30-de-abril\\\/\"},\"author\":{\"name\":\"La Gu\u00eda de Pamplona\",\"@id\":\"https:\\\/\\\/www.laguiadepamplona.com\\\/actualidad\\\/#\\\/schema\\\/person\\\/efe887376f0213d4657c93adc50b1fdb\"},\"headline\":\"Convocado el XIX Premio Internacional de Poes\u00eda \u2018Ciudad de Pamplona\u2019, con un plazo de presentaci\u00f3n de obras que finaliza el 30 de abril\",\"datePublished\":\"2025-03-03T12:34:07+00:00\",\"mainEntityOfPage\":{\"@id\":\"https:\\\/\\\/www.laguiadepamplona.com\\\/actualidad\\\/convocado-el-xix-premio-internacional-de-poesia-ciudad-de-pamplona-con-un-plazo-de-presentacion-de-obras-que-finaliza-el-30-de-abril\\\/\"},\"wordCount\":529,\"commentCount\":0,\"publisher\":{\"@id\":\"https:\\\/\\\/www.laguiadepamplona.com\\\/actualidad\\\/#organization\"},\"image\":{\"@id\":\"https:\\\/\\\/www.laguiadepamplona.com\\\/actualidad\\\/convocado-el-xix-premio-internacional-de-poesia-ciudad-de-pamplona-con-un-plazo-de-presentacion-de-obras-que-finaliza-el-30-de-abril\\\/#primaryimage\"},\"thumbnailUrl\":\"https:\\\/\\\/www.laguiadepamplona.com\\\/actualidad\\\/wp-content\\\/uploads\\\/2021\\\/03\\\/Poesia.jpg\",\"articleSection\":[\"Ayto Pamplona\"],\"inLanguage\":\"es\",\"potentialAction\":[{\"@type\":\"CommentAction\",\"name\":\"Comment\",\"target\":[\"https:\\\/\\\/www.laguiadepamplona.com\\\/actualidad\\\/convocado-el-xix-premio-internacional-de-poesia-ciudad-de-pamplona-con-un-plazo-de-presentacion-de-obras-que-finaliza-el-30-de-abril\\\/#respond\"]}]},{\"@type\":\"WebPage\",\"@id\":\"https:\\\/\\\/www.laguiadepamplona.com\\\/actualidad\\\/convocado-el-xix-premio-internacional-de-poesia-ciudad-de-pamplona-con-un-plazo-de-presentacion-de-obras-que-finaliza-el-30-de-abril\\\/\",\"url\":\"https:\\\/\\\/www.laguiadepamplona.com\\\/actualidad\\\/convocado-el-xix-premio-internacional-de-poesia-ciudad-de-pamplona-con-un-plazo-de-presentacion-de-obras-que-finaliza-el-30-de-abril\\\/\",\"name\":\"Convocado el XIX Premio Internacional de Poes\u00eda \u2018Ciudad de Pamplona\u2019, con un plazo de presentaci\u00f3n de obras que finaliza el 30 de abril\",\"isPartOf\":{\"@id\":\"https:\\\/\\\/www.laguiadepamplona.com\\\/actualidad\\\/#website\"},\"primaryImageOfPage\":{\"@id\":\"https:\\\/\\\/www.laguiadepamplona.com\\\/actualidad\\\/convocado-el-xix-premio-internacional-de-poesia-ciudad-de-pamplona-con-un-plazo-de-presentacion-de-obras-que-finaliza-el-30-de-abril\\\/#primaryimage\"},\"image\":{\"@id\":\"https:\\\/\\\/www.laguiadepamplona.com\\\/actualidad\\\/convocado-el-xix-premio-internacional-de-poesia-ciudad-de-pamplona-con-un-plazo-de-presentacion-de-obras-que-finaliza-el-30-de-abril\\\/#primaryimage\"},\"thumbnailUrl\":\"https:\\\/\\\/www.laguiadepamplona.com\\\/actualidad\\\/wp-content\\\/uploads\\\/2021\\\/03\\\/Poesia.jpg\",\"datePublished\":\"2025-03-03T12:34:07+00:00\",\"description\":\"Como novedad este a\u00f1o, se admitir\u00e1 \u00fanicamente una obra por modalidad y autor o autora\",\"breadcrumb\":{\"@id\":\"https:\\\/\\\/www.laguiadepamplona.com\\\/actualidad\\\/convocado-el-xix-premio-internacional-de-poesia-ciudad-de-pamplona-con-un-plazo-de-presentacion-de-obras-que-finaliza-el-30-de-abril\\\/#breadcrumb\"},\"inLanguage\":\"es\",\"potentialAction\":[{\"@type\":\"ReadAction\",\"target\":[\"https:\\\/\\\/www.laguiadepamplona.com\\\/actualidad\\\/convocado-el-xix-premio-internacional-de-poesia-ciudad-de-pamplona-con-un-plazo-de-presentacion-de-obras-que-finaliza-el-30-de-abril\\\/\"]}]},{\"@type\":\"ImageObject\",\"inLanguage\":\"es\",\"@id\":\"https:\\\/\\\/www.laguiadepamplona.com\\\/actualidad\\\/convocado-el-xix-premio-internacional-de-poesia-ciudad-de-pamplona-con-un-plazo-de-presentacion-de-obras-que-finaliza-el-30-de-abril\\\/#primaryimage\",\"url\":\"https:\\\/\\\/www.laguiadepamplona.com\\\/actualidad\\\/wp-content\\\/uploads\\\/2021\\\/03\\\/Poesia.jpg\",\"contentUrl\":\"https:\\\/\\\/www.laguiadepamplona.com\\\/actualidad\\\/wp-content\\\/uploads\\\/2021\\\/03\\\/Poesia.jpg\",\"width\":1230,\"height\":692},{\"@type\":\"BreadcrumbList\",\"@id\":\"https:\\\/\\\/www.laguiadepamplona.com\\\/actualidad\\\/convocado-el-xix-premio-internacional-de-poesia-ciudad-de-pamplona-con-un-plazo-de-presentacion-de-obras-que-finaliza-el-30-de-abril\\\/#breadcrumb\",\"itemListElement\":[{\"@type\":\"ListItem\",\"position\":1,\"name\":\"Portada\",\"item\":\"https:\\\/\\\/www.laguiadepamplona.com\\\/actualidad\\\/\"},{\"@type\":\"ListItem\",\"position\":2,\"name\":\"Convocado el XIX Premio Internacional de Poes\u00eda \u2018Ciudad de Pamplona\u2019, con un plazo de presentaci\u00f3n de obras que finaliza el 30 de abril\"}]},{\"@type\":\"WebSite\",\"@id\":\"https:\\\/\\\/www.laguiadepamplona.com\\\/actualidad\\\/#website\",\"url\":\"https:\\\/\\\/www.laguiadepamplona.com\\\/actualidad\\\/\",\"name\":\"La gu\u00eda de Pamplona\",\"description\":\"Noticias de Pamplona\",\"publisher\":{\"@id\":\"https:\\\/\\\/www.laguiadepamplona.com\\\/actualidad\\\/#organization\"},\"potentialAction\":[{\"@type\":\"SearchAction\",\"target\":{\"@type\":\"EntryPoint\",\"urlTemplate\":\"https:\\\/\\\/www.laguiadepamplona.com\\\/actualidad\\\/?s={search_term_string}\"},\"query-input\":{\"@type\":\"PropertyValueSpecification\",\"valueRequired\":true,\"valueName\":\"search_term_string\"}}],\"inLanguage\":\"es\"},{\"@type\":\"Organization\",\"@id\":\"https:\\\/\\\/www.laguiadepamplona.com\\\/actualidad\\\/#organization\",\"name\":\"La Gu\u00eda de Pamplona \\\/ Noticias\",\"url\":\"https:\\\/\\\/www.laguiadepamplona.com\\\/actualidad\\\/\",\"logo\":{\"@type\":\"ImageObject\",\"inLanguage\":\"es\",\"@id\":\"https:\\\/\\\/www.laguiadepamplona.com\\\/actualidad\\\/#\\\/schema\\\/logo\\\/image\\\/\",\"url\":\"https:\\\/\\\/www.laguiadepamplona.com\\\/actualidad\\\/wp-content\\\/uploads\\\/2018\\\/11\\\/logo-laguiadepamplona18-web1.png\",\"contentUrl\":\"https:\\\/\\\/www.laguiadepamplona.com\\\/actualidad\\\/wp-content\\\/uploads\\\/2018\\\/11\\\/logo-laguiadepamplona18-web1.png\",\"width\":600,\"height\":196,\"caption\":\"La Gu\u00eda de Pamplona \\\/ Noticias\"},\"image\":{\"@id\":\"https:\\\/\\\/www.laguiadepamplona.com\\\/actualidad\\\/#\\\/schema\\\/logo\\\/image\\\/\"},\"sameAs\":[\"https:\\\/\\\/www.facebook.com\\\/laguiadepamplonacom-133175176762273\\\/?ref=hl\",\"https:\\\/\\\/x.com\\\/LaGuiadPamplona\",\"https:\\\/\\\/www.instagram.com\\\/la_guia_de_pamplona\\\/\",\"https:\\\/\\\/www.youtube.com\\\/user\\\/laguiadepamplona\"]},{\"@type\":\"Person\",\"@id\":\"https:\\\/\\\/www.laguiadepamplona.com\\\/actualidad\\\/#\\\/schema\\\/person\\\/efe887376f0213d4657c93adc50b1fdb\",\"name\":\"La Gu\u00eda de Pamplona\",\"image\":{\"@type\":\"ImageObject\",\"inLanguage\":\"es\",\"@id\":\"https:\\\/\\\/secure.gravatar.com\\\/avatar\\\/b6992f131dc8d30ab0dff15446e9d346d9dbd95992de0fef795073f5ea83a81c?s=96&d=mm&r=g\",\"url\":\"https:\\\/\\\/secure.gravatar.com\\\/avatar\\\/b6992f131dc8d30ab0dff15446e9d346d9dbd95992de0fef795073f5ea83a81c?s=96&d=mm&r=g\",\"contentUrl\":\"https:\\\/\\\/secure.gravatar.com\\\/avatar\\\/b6992f131dc8d30ab0dff15446e9d346d9dbd95992de0fef795073f5ea83a81c?s=96&d=mm&r=g\",\"caption\":\"La Gu\u00eda de Pamplona\"}}]}<\/script>\n<!-- \/ Yoast SEO plugin. -->","yoast_head_json":{"title":"Convocado el XIX Premio Internacional de Poes\u00eda \u2018Ciudad de Pamplona\u2019, con un plazo de presentaci\u00f3n de obras que finaliza el 30 de abril","description":"Como novedad este a\u00f1o, se admitir\u00e1 \u00fanicamente una obra por modalidad y autor o autora","robots":{"index":"index","follow":"follow","max-snippet":"max-snippet:-1","max-image-preview":"max-image-preview:large","max-video-preview":"max-video-preview:-1"},"canonical":"https:\/\/www.laguiadepamplona.com\/actualidad\/convocado-el-xix-premio-internacional-de-poesia-ciudad-de-pamplona-con-un-plazo-de-presentacion-de-obras-que-finaliza-el-30-de-abril\/","og_locale":"es_ES","og_type":"article","og_title":"Convocado el XIX Premio Internacional de Poes\u00eda \u2018Ciudad de Pamplona\u2019, con un plazo de presentaci\u00f3n de obras que finaliza el 30 de abril","og_description":"Como novedad este a\u00f1o, se admitir\u00e1 \u00fanicamente una obra por modalidad y autor o autora","og_url":"https:\/\/www.laguiadepamplona.com\/actualidad\/convocado-el-xix-premio-internacional-de-poesia-ciudad-de-pamplona-con-un-plazo-de-presentacion-de-obras-que-finaliza-el-30-de-abril\/","og_site_name":"La Gu\u00eda de Pamplona","article_publisher":"https:\/\/www.facebook.com\/laguiadepamplonacom-133175176762273\/?ref=hl","article_published_time":"2025-03-03T12:34:07+00:00","og_image":[{"width":1230,"height":692,"url":"https:\/\/www.laguiadepamplona.com\/actualidad\/wp-content\/uploads\/2021\/03\/Poesia.jpg","type":"image\/jpeg"}],"author":"La Gu\u00eda de Pamplona","twitter_card":"summary_large_image","twitter_creator":"@LaGuiadPamplona","twitter_site":"@LaGuiadPamplona","twitter_misc":{"Escrito por":"La Gu\u00eda de Pamplona","Tiempo de lectura":"3 minutos"},"schema":{"@context":"https:\/\/schema.org","@graph":[{"@type":"Article","@id":"https:\/\/www.laguiadepamplona.com\/actualidad\/convocado-el-xix-premio-internacional-de-poesia-ciudad-de-pamplona-con-un-plazo-de-presentacion-de-obras-que-finaliza-el-30-de-abril\/#article","isPartOf":{"@id":"https:\/\/www.laguiadepamplona.com\/actualidad\/convocado-el-xix-premio-internacional-de-poesia-ciudad-de-pamplona-con-un-plazo-de-presentacion-de-obras-que-finaliza-el-30-de-abril\/"},"author":{"name":"La Gu\u00eda de Pamplona","@id":"https:\/\/www.laguiadepamplona.com\/actualidad\/#\/schema\/person\/efe887376f0213d4657c93adc50b1fdb"},"headline":"Convocado el XIX Premio Internacional de Poes\u00eda \u2018Ciudad de Pamplona\u2019, con un plazo de presentaci\u00f3n de obras que finaliza el 30 de abril","datePublished":"2025-03-03T12:34:07+00:00","mainEntityOfPage":{"@id":"https:\/\/www.laguiadepamplona.com\/actualidad\/convocado-el-xix-premio-internacional-de-poesia-ciudad-de-pamplona-con-un-plazo-de-presentacion-de-obras-que-finaliza-el-30-de-abril\/"},"wordCount":529,"commentCount":0,"publisher":{"@id":"https:\/\/www.laguiadepamplona.com\/actualidad\/#organization"},"image":{"@id":"https:\/\/www.laguiadepamplona.com\/actualidad\/convocado-el-xix-premio-internacional-de-poesia-ciudad-de-pamplona-con-un-plazo-de-presentacion-de-obras-que-finaliza-el-30-de-abril\/#primaryimage"},"thumbnailUrl":"https:\/\/www.laguiadepamplona.com\/actualidad\/wp-content\/uploads\/2021\/03\/Poesia.jpg","articleSection":["Ayto Pamplona"],"inLanguage":"es","potentialAction":[{"@type":"CommentAction","name":"Comment","target":["https:\/\/www.laguiadepamplona.com\/actualidad\/convocado-el-xix-premio-internacional-de-poesia-ciudad-de-pamplona-con-un-plazo-de-presentacion-de-obras-que-finaliza-el-30-de-abril\/#respond"]}]},{"@type":"WebPage","@id":"https:\/\/www.laguiadepamplona.com\/actualidad\/convocado-el-xix-premio-internacional-de-poesia-ciudad-de-pamplona-con-un-plazo-de-presentacion-de-obras-que-finaliza-el-30-de-abril\/","url":"https:\/\/www.laguiadepamplona.com\/actualidad\/convocado-el-xix-premio-internacional-de-poesia-ciudad-de-pamplona-con-un-plazo-de-presentacion-de-obras-que-finaliza-el-30-de-abril\/","name":"Convocado el XIX Premio Internacional de Poes\u00eda \u2018Ciudad de Pamplona\u2019, con un plazo de presentaci\u00f3n de obras que finaliza el 30 de abril","isPartOf":{"@id":"https:\/\/www.laguiadepamplona.com\/actualidad\/#website"},"primaryImageOfPage":{"@id":"https:\/\/www.laguiadepamplona.com\/actualidad\/convocado-el-xix-premio-internacional-de-poesia-ciudad-de-pamplona-con-un-plazo-de-presentacion-de-obras-que-finaliza-el-30-de-abril\/#primaryimage"},"image":{"@id":"https:\/\/www.laguiadepamplona.com\/actualidad\/convocado-el-xix-premio-internacional-de-poesia-ciudad-de-pamplona-con-un-plazo-de-presentacion-de-obras-que-finaliza-el-30-de-abril\/#primaryimage"},"thumbnailUrl":"https:\/\/www.laguiadepamplona.com\/actualidad\/wp-content\/uploads\/2021\/03\/Poesia.jpg","datePublished":"2025-03-03T12:34:07+00:00","description":"Como novedad este a\u00f1o, se admitir\u00e1 \u00fanicamente una obra por modalidad y autor o autora","breadcrumb":{"@id":"https:\/\/www.laguiadepamplona.com\/actualidad\/convocado-el-xix-premio-internacional-de-poesia-ciudad-de-pamplona-con-un-plazo-de-presentacion-de-obras-que-finaliza-el-30-de-abril\/#breadcrumb"},"inLanguage":"es","potentialAction":[{"@type":"ReadAction","target":["https:\/\/www.laguiadepamplona.com\/actualidad\/convocado-el-xix-premio-internacional-de-poesia-ciudad-de-pamplona-con-un-plazo-de-presentacion-de-obras-que-finaliza-el-30-de-abril\/"]}]},{"@type":"ImageObject","inLanguage":"es","@id":"https:\/\/www.laguiadepamplona.com\/actualidad\/convocado-el-xix-premio-internacional-de-poesia-ciudad-de-pamplona-con-un-plazo-de-presentacion-de-obras-que-finaliza-el-30-de-abril\/#primaryimage","url":"https:\/\/www.laguiadepamplona.com\/actualidad\/wp-content\/uploads\/2021\/03\/Poesia.jpg","contentUrl":"https:\/\/www.laguiadepamplona.com\/actualidad\/wp-content\/uploads\/2021\/03\/Poesia.jpg","width":1230,"height":692},{"@type":"BreadcrumbList","@id":"https:\/\/www.laguiadepamplona.com\/actualidad\/convocado-el-xix-premio-internacional-de-poesia-ciudad-de-pamplona-con-un-plazo-de-presentacion-de-obras-que-finaliza-el-30-de-abril\/#breadcrumb","itemListElement":[{"@type":"ListItem","position":1,"name":"Portada","item":"https:\/\/www.laguiadepamplona.com\/actualidad\/"},{"@type":"ListItem","position":2,"name":"Convocado el XIX Premio Internacional de Poes\u00eda \u2018Ciudad de Pamplona\u2019, con un plazo de presentaci\u00f3n de obras que finaliza el 30 de abril"}]},{"@type":"WebSite","@id":"https:\/\/www.laguiadepamplona.com\/actualidad\/#website","url":"https:\/\/www.laguiadepamplona.com\/actualidad\/","name":"La gu\u00eda de Pamplona","description":"Noticias de Pamplona","publisher":{"@id":"https:\/\/www.laguiadepamplona.com\/actualidad\/#organization"},"potentialAction":[{"@type":"SearchAction","target":{"@type":"EntryPoint","urlTemplate":"https:\/\/www.laguiadepamplona.com\/actualidad\/?s={search_term_string}"},"query-input":{"@type":"PropertyValueSpecification","valueRequired":true,"valueName":"search_term_string"}}],"inLanguage":"es"},{"@type":"Organization","@id":"https:\/\/www.laguiadepamplona.com\/actualidad\/#organization","name":"La Gu\u00eda de Pamplona \/ Noticias","url":"https:\/\/www.laguiadepamplona.com\/actualidad\/","logo":{"@type":"ImageObject","inLanguage":"es","@id":"https:\/\/www.laguiadepamplona.com\/actualidad\/#\/schema\/logo\/image\/","url":"https:\/\/www.laguiadepamplona.com\/actualidad\/wp-content\/uploads\/2018\/11\/logo-laguiadepamplona18-web1.png","contentUrl":"https:\/\/www.laguiadepamplona.com\/actualidad\/wp-content\/uploads\/2018\/11\/logo-laguiadepamplona18-web1.png","width":600,"height":196,"caption":"La Gu\u00eda de Pamplona \/ Noticias"},"image":{"@id":"https:\/\/www.laguiadepamplona.com\/actualidad\/#\/schema\/logo\/image\/"},"sameAs":["https:\/\/www.facebook.com\/laguiadepamplonacom-133175176762273\/?ref=hl","https:\/\/x.com\/LaGuiadPamplona","https:\/\/www.instagram.com\/la_guia_de_pamplona\/","https:\/\/www.youtube.com\/user\/laguiadepamplona"]},{"@type":"Person","@id":"https:\/\/www.laguiadepamplona.com\/actualidad\/#\/schema\/person\/efe887376f0213d4657c93adc50b1fdb","name":"La Gu\u00eda de Pamplona","image":{"@type":"ImageObject","inLanguage":"es","@id":"https:\/\/secure.gravatar.com\/avatar\/b6992f131dc8d30ab0dff15446e9d346d9dbd95992de0fef795073f5ea83a81c?s=96&d=mm&r=g","url":"https:\/\/secure.gravatar.com\/avatar\/b6992f131dc8d30ab0dff15446e9d346d9dbd95992de0fef795073f5ea83a81c?s=96&d=mm&r=g","contentUrl":"https:\/\/secure.gravatar.com\/avatar\/b6992f131dc8d30ab0dff15446e9d346d9dbd95992de0fef795073f5ea83a81c?s=96&d=mm&r=g","caption":"La Gu\u00eda de Pamplona"}}]}},"post_mailing_queue_ids":[],"_links":{"self":[{"href":"https:\/\/www.laguiadepamplona.com\/actualidad\/wp-json\/wp\/v2\/posts\/52286","targetHints":{"allow":["GET"]}}],"collection":[{"href":"https:\/\/www.laguiadepamplona.com\/actualidad\/wp-json\/wp\/v2\/posts"}],"about":[{"href":"https:\/\/www.laguiadepamplona.com\/actualidad\/wp-json\/wp\/v2\/types\/post"}],"author":[{"embeddable":true,"href":"https:\/\/www.laguiadepamplona.com\/actualidad\/wp-json\/wp\/v2\/users\/1"}],"replies":[{"embeddable":true,"href":"https:\/\/www.laguiadepamplona.com\/actualidad\/wp-json\/wp\/v2\/comments?post=52286"}],"version-history":[{"count":1,"href":"https:\/\/www.laguiadepamplona.com\/actualidad\/wp-json\/wp\/v2\/posts\/52286\/revisions"}],"predecessor-version":[{"id":52287,"href":"https:\/\/www.laguiadepamplona.com\/actualidad\/wp-json\/wp\/v2\/posts\/52286\/revisions\/52287"}],"wp:featuredmedia":[{"embeddable":true,"href":"https:\/\/www.laguiadepamplona.com\/actualidad\/wp-json\/wp\/v2\/media\/33789"}],"wp:attachment":[{"href":"https:\/\/www.laguiadepamplona.com\/actualidad\/wp-json\/wp\/v2\/media?parent=52286"}],"wp:term":[{"taxonomy":"category","embeddable":true,"href":"https:\/\/www.laguiadepamplona.com\/actualidad\/wp-json\/wp\/v2\/categories?post=52286"},{"taxonomy":"post_tag","embeddable":true,"href":"https:\/\/www.laguiadepamplona.com\/actualidad\/wp-json\/wp\/v2\/tags?post=52286"}],"curies":[{"name":"wp","href":"https:\/\/api.w.org\/{rel}","templated":true}]}}