{"id":52284,"date":"2025-03-03T14:32:49","date_gmt":"2025-03-03T12:32:49","guid":{"rendered":"https:\/\/www.laguiadepamplona.com\/actualidad\/?p=52284"},"modified":"2025-03-03T14:32:49","modified_gmt":"2025-03-03T12:32:49","slug":"inaki-garmendia-refleja-la-belleza-y-calidez-de-un-objeto-industrial-como-una-bicicleta-de-carreras-a-traves-de-la-instalacion-audiovisual-s-t-orbea-orduna","status":"publish","type":"post","link":"https:\/\/www.laguiadepamplona.com\/actualidad\/inaki-garmendia-refleja-la-belleza-y-calidez-de-un-objeto-industrial-como-una-bicicleta-de-carreras-a-traves-de-la-instalacion-audiovisual-s-t-orbea-orduna\/","title":{"rendered":"I\u00f1aki Garmendia refleja la belleza y calidez de un objeto industrial como una bicicleta de carreras a trav\u00e9s de la instalaci\u00f3n audiovisual \u2018S.T. Orbea (Ordu\u00f1a)\u2019"},"content":{"rendered":"<h2>La instalaci\u00f3n es fruto de la colaboraci\u00f3n conjunta del Consistorio, el Museo Oteiza y el festival Punto de Vista y se podr\u00e1 visitar hasta el 27 de abril<\/h2>\n<p><!--more--><\/p>\n<p>Frente a la obra teatral de Fernando Fern\u00e1n G\u00f3mez \u2018Las bicicletas son para el verano\u2019, el artista vasco I\u00f1aki Garmendia (Ordizia, 1972) aboga por la atemporalidad de este objeto tecnol\u00f3gico, descontextualiz\u00e1ndolo de cualquier \u00e9poca y cualquier fin. Lo hace en la instalaci\u00f3n art\u00edstica \u2018S.T. Orbea (Ordu\u00f1a)\u2019, que presenta en la Caserna 6 de la Ciudadela de Pamplona, que podr\u00e1 visitarse hasta el 27 de abril.<\/p>\n<p>La instalaci\u00f3n \u2018S.T. Orbea (Ordu\u00f1a)\u2019 muestra, durante 42 minutos, los detalles de una bicicleta de carreras modelo Ordu\u00f1a de la marca S.T. Orbea. Los cambios, los radios, pedales, los frenos\u2026 el \u00f3xido de las piezas, provocado por el paso del tiempo. El tiempo, en esencia. Porque ese modelo de bicicleta se fabric\u00f3 en las d\u00e9cadas 70 y 80 del siglo pasado en las f\u00e1bricas de la marca Orbea. A trav\u00e9s de una metodolog\u00eda anal\u00edtica, Garmendia detiene el reloj en cada detalle, en cada pieza, asignando al objetivo el tiempo necesario para mostrar partes concretas de esta bicicleta de carreras. La peculiaridad es que nunca muestra la bicicleta al completo. La apuesta art\u00edstica bebe del arte minimalista al tiempo que concede toda la importancia al objeto de estudio, recre\u00e1ndose en \u00e9l de forma pausada y tranquila. De trasfondo, el sonido industrial de una f\u00e1brica, origen de la bicicleta, que no deja de ser un artefacto industrial, tecnol\u00f3gico, no natural.<\/p>\n<p>El an\u00e1lisis, con un detalle preciso de cada una de las piezas que componen esta bicicleta, a modo de esc\u00e1ner, es la esencia de esta instalaci\u00f3n art\u00edstica, donde Garmendia va m\u00e1s all\u00e1 del simple objeto, buscando un di\u00e1logo entre la bicicleta, el tiempo en el que la c\u00e1mara se tiene en ella y la imagen en movimiento obtenida de esa inspecci\u00f3n. La imagen busca la diferencia, la singularidad de elementos repetidos en todas las bicicletas. Busca el ser \u00fanico. La c\u00e1mara disfruta contemplando los ensamblajes de los componentes que se ajustan a la naturaleza de este objeto tecnol\u00f3gico.<\/p>\n<p>Pese a esa carga industrial y tecnol\u00f3gica, la imagen que transmite Garmendia aporta calidez y textura y belleza a esa bicicleta. Los 42 minutos que dura la proyecci\u00f3n son una muestra de la complicidad entre el artista y el objeto.<\/p>\n<p><strong>Colaboraci\u00f3n con el Museo Oteiza y el festival Punto de Vista<\/strong><\/p>\n<p>La instalaci\u00f3n \u2018S.T. Orbea (Ordu\u00f1a)\u2019 ha sido dise\u00f1ada especialmente para el festival Punto de Vista, en colaboraci\u00f3n con el Museo Oteiza y el Ayuntamiento de Pamplona, si bien podr\u00e1 visitarse m\u00e1s all\u00e1 del propio festival, que este fin de semana ha llegado a su fin.<\/p>\n<p>La pieza audiovisual surge dentro de la colaboraci\u00f3n conjunta realizada en torno al proyecto &#8216;Faux d\u00e9part&#8217;, realizado por el artista en el Museo Oteiza. El proyecto \u2018Faux d\u00e9part. Cabeza borradora\u2019 tiene como punto de partida el busto perdido del pintor Jos\u00e9 Sarriegi (Ordizia, 1911-1967), que Jorge Oteiza esculpi\u00f3 en 1934 y del que solo se conservan algunas im\u00e1genes. A partir de esa presencia simb\u00f3lica pero inmaterial, Garmendia ha desarrollado un conjunto de obras que proponen una aproximaci\u00f3n y un di\u00e1logo con la pieza desaparecida, que inciden en la capacidad de lo escult\u00f3rico para activar nuestra memoria. \u2018Faux d\u00e9part\u2019 es el s\u00e9ptimo proyecto del programa Hazitegia, desarrollado conjuntamente entre el Museo Oteiza y el Centro de Arte Contempor\u00e1neo de Huarte y ha contado con la participaci\u00f3n de Tractora Koop.<\/p>\n<p>El Ayuntamiento de Pamplona, junto con el festival Punto de Vista y Gobierno de Navarra, colaboran en este proyecto. Una de esas colaboraciones es, precisamente, la exposici\u00f3n de la Caserna 6, que podr\u00e1 visitarse hasta el 27 de abril.<\/p>\n","protected":false},"excerpt":{"rendered":"<p>La instalaci\u00f3n es fruto de la colaboraci\u00f3n conjunta del Consistorio, el Museo Oteiza y el festival Punto de Vista y se podr\u00e1 visitar hasta el 27 de abril<\/p>\n","protected":false},"author":1,"featured_media":48433,"comment_status":"open","ping_status":"closed","sticky":false,"template":"","format":"standard","meta":{"footnotes":""},"categories":[2],"tags":[],"class_list":["post-52284","post","type-post","status-publish","format-standard","has-post-thumbnail","hentry","category-ayuntamiento-pamplona"],"yoast_head":"<!-- This site is optimized with the Yoast SEO plugin v27.3 - https:\/\/yoast.com\/product\/yoast-seo-wordpress\/ -->\n<title>I\u00f1aki Garmendia refleja la belleza y calidez de un objeto industrial como una bicicleta de carreras a trav\u00e9s de la instalaci\u00f3n audiovisual \u2018S.T. Orbea (Ordu\u00f1a)\u2019<\/title>\n<meta name=\"description\" content=\"La instalaci\u00f3n es fruto de la colaboraci\u00f3n conjunta del Consistorio, el Museo Oteiza y el festival Punto de Vista y se podr\u00e1 visitar hasta el 27 de abril\" \/>\n<meta name=\"robots\" content=\"index, follow, max-snippet:-1, max-image-preview:large, max-video-preview:-1\" \/>\n<link rel=\"canonical\" href=\"https:\/\/www.laguiadepamplona.com\/actualidad\/inaki-garmendia-refleja-la-belleza-y-calidez-de-un-objeto-industrial-como-una-bicicleta-de-carreras-a-traves-de-la-instalacion-audiovisual-s-t-orbea-orduna\/\" \/>\n<meta property=\"og:locale\" content=\"es_ES\" \/>\n<meta property=\"og:type\" content=\"article\" \/>\n<meta property=\"og:title\" content=\"I\u00f1aki Garmendia refleja la belleza y calidez de un objeto industrial como una bicicleta de carreras a trav\u00e9s de la instalaci\u00f3n audiovisual \u2018S.T. Orbea (Ordu\u00f1a)\u2019\" \/>\n<meta property=\"og:description\" content=\"La instalaci\u00f3n es fruto de la colaboraci\u00f3n conjunta del Consistorio, el Museo Oteiza y el festival Punto de Vista y se podr\u00e1 visitar hasta el 27 de abril\" \/>\n<meta property=\"og:url\" content=\"https:\/\/www.laguiadepamplona.com\/actualidad\/inaki-garmendia-refleja-la-belleza-y-calidez-de-un-objeto-industrial-como-una-bicicleta-de-carreras-a-traves-de-la-instalacion-audiovisual-s-t-orbea-orduna\/\" \/>\n<meta property=\"og:site_name\" content=\"La Gu\u00eda de Pamplona\" \/>\n<meta property=\"article:publisher\" content=\"https:\/\/www.facebook.com\/laguiadepamplonacom-133175176762273\/?ref=hl\" \/>\n<meta property=\"article:published_time\" content=\"2025-03-03T12:32:49+00:00\" \/>\n<meta property=\"og:image\" content=\"https:\/\/www.laguiadepamplona.com\/actualidad\/wp-content\/uploads\/2024\/01\/ayuntamiento-pamplona-plaza.webp\" \/>\n\t<meta property=\"og:image:width\" content=\"1200\" \/>\n\t<meta property=\"og:image:height\" content=\"675\" \/>\n\t<meta property=\"og:image:type\" content=\"image\/webp\" \/>\n<meta name=\"author\" content=\"La Gu\u00eda de Pamplona\" \/>\n<meta name=\"twitter:card\" content=\"summary_large_image\" \/>\n<meta name=\"twitter:creator\" content=\"@LaGuiadPamplona\" \/>\n<meta name=\"twitter:site\" content=\"@LaGuiadPamplona\" \/>\n<meta name=\"twitter:label1\" content=\"Escrito por\" \/>\n\t<meta name=\"twitter:data1\" content=\"La Gu\u00eda de Pamplona\" \/>\n\t<meta name=\"twitter:label2\" content=\"Tiempo de lectura\" \/>\n\t<meta name=\"twitter:data2\" content=\"3 minutos\" \/>\n<script type=\"application\/ld+json\" class=\"yoast-schema-graph\">{\"@context\":\"https:\\\/\\\/schema.org\",\"@graph\":[{\"@type\":\"Article\",\"@id\":\"https:\\\/\\\/www.laguiadepamplona.com\\\/actualidad\\\/inaki-garmendia-refleja-la-belleza-y-calidez-de-un-objeto-industrial-como-una-bicicleta-de-carreras-a-traves-de-la-instalacion-audiovisual-s-t-orbea-orduna\\\/#article\",\"isPartOf\":{\"@id\":\"https:\\\/\\\/www.laguiadepamplona.com\\\/actualidad\\\/inaki-garmendia-refleja-la-belleza-y-calidez-de-un-objeto-industrial-como-una-bicicleta-de-carreras-a-traves-de-la-instalacion-audiovisual-s-t-orbea-orduna\\\/\"},\"author\":{\"name\":\"La Gu\u00eda de Pamplona\",\"@id\":\"https:\\\/\\\/www.laguiadepamplona.com\\\/actualidad\\\/#\\\/schema\\\/person\\\/efe887376f0213d4657c93adc50b1fdb\"},\"headline\":\"I\u00f1aki Garmendia refleja la belleza y calidez de un objeto industrial como una bicicleta de carreras a trav\u00e9s de la instalaci\u00f3n audiovisual \u2018S.T. Orbea (Ordu\u00f1a)\u2019\",\"datePublished\":\"2025-03-03T12:32:49+00:00\",\"mainEntityOfPage\":{\"@id\":\"https:\\\/\\\/www.laguiadepamplona.com\\\/actualidad\\\/inaki-garmendia-refleja-la-belleza-y-calidez-de-un-objeto-industrial-como-una-bicicleta-de-carreras-a-traves-de-la-instalacion-audiovisual-s-t-orbea-orduna\\\/\"},\"wordCount\":688,\"commentCount\":0,\"publisher\":{\"@id\":\"https:\\\/\\\/www.laguiadepamplona.com\\\/actualidad\\\/#organization\"},\"image\":{\"@id\":\"https:\\\/\\\/www.laguiadepamplona.com\\\/actualidad\\\/inaki-garmendia-refleja-la-belleza-y-calidez-de-un-objeto-industrial-como-una-bicicleta-de-carreras-a-traves-de-la-instalacion-audiovisual-s-t-orbea-orduna\\\/#primaryimage\"},\"thumbnailUrl\":\"https:\\\/\\\/www.laguiadepamplona.com\\\/actualidad\\\/wp-content\\\/uploads\\\/2024\\\/01\\\/ayuntamiento-pamplona-plaza.webp\",\"articleSection\":[\"Ayto Pamplona\"],\"inLanguage\":\"es\",\"potentialAction\":[{\"@type\":\"CommentAction\",\"name\":\"Comment\",\"target\":[\"https:\\\/\\\/www.laguiadepamplona.com\\\/actualidad\\\/inaki-garmendia-refleja-la-belleza-y-calidez-de-un-objeto-industrial-como-una-bicicleta-de-carreras-a-traves-de-la-instalacion-audiovisual-s-t-orbea-orduna\\\/#respond\"]}]},{\"@type\":\"WebPage\",\"@id\":\"https:\\\/\\\/www.laguiadepamplona.com\\\/actualidad\\\/inaki-garmendia-refleja-la-belleza-y-calidez-de-un-objeto-industrial-como-una-bicicleta-de-carreras-a-traves-de-la-instalacion-audiovisual-s-t-orbea-orduna\\\/\",\"url\":\"https:\\\/\\\/www.laguiadepamplona.com\\\/actualidad\\\/inaki-garmendia-refleja-la-belleza-y-calidez-de-un-objeto-industrial-como-una-bicicleta-de-carreras-a-traves-de-la-instalacion-audiovisual-s-t-orbea-orduna\\\/\",\"name\":\"I\u00f1aki Garmendia refleja la belleza y calidez de un objeto industrial como una bicicleta de carreras a trav\u00e9s de la instalaci\u00f3n audiovisual \u2018S.T. Orbea (Ordu\u00f1a)\u2019\",\"isPartOf\":{\"@id\":\"https:\\\/\\\/www.laguiadepamplona.com\\\/actualidad\\\/#website\"},\"primaryImageOfPage\":{\"@id\":\"https:\\\/\\\/www.laguiadepamplona.com\\\/actualidad\\\/inaki-garmendia-refleja-la-belleza-y-calidez-de-un-objeto-industrial-como-una-bicicleta-de-carreras-a-traves-de-la-instalacion-audiovisual-s-t-orbea-orduna\\\/#primaryimage\"},\"image\":{\"@id\":\"https:\\\/\\\/www.laguiadepamplona.com\\\/actualidad\\\/inaki-garmendia-refleja-la-belleza-y-calidez-de-un-objeto-industrial-como-una-bicicleta-de-carreras-a-traves-de-la-instalacion-audiovisual-s-t-orbea-orduna\\\/#primaryimage\"},\"thumbnailUrl\":\"https:\\\/\\\/www.laguiadepamplona.com\\\/actualidad\\\/wp-content\\\/uploads\\\/2024\\\/01\\\/ayuntamiento-pamplona-plaza.webp\",\"datePublished\":\"2025-03-03T12:32:49+00:00\",\"description\":\"La instalaci\u00f3n es fruto de la colaboraci\u00f3n conjunta del Consistorio, el Museo Oteiza y el festival Punto de Vista y se podr\u00e1 visitar hasta el 27 de abril\",\"breadcrumb\":{\"@id\":\"https:\\\/\\\/www.laguiadepamplona.com\\\/actualidad\\\/inaki-garmendia-refleja-la-belleza-y-calidez-de-un-objeto-industrial-como-una-bicicleta-de-carreras-a-traves-de-la-instalacion-audiovisual-s-t-orbea-orduna\\\/#breadcrumb\"},\"inLanguage\":\"es\",\"potentialAction\":[{\"@type\":\"ReadAction\",\"target\":[\"https:\\\/\\\/www.laguiadepamplona.com\\\/actualidad\\\/inaki-garmendia-refleja-la-belleza-y-calidez-de-un-objeto-industrial-como-una-bicicleta-de-carreras-a-traves-de-la-instalacion-audiovisual-s-t-orbea-orduna\\\/\"]}]},{\"@type\":\"ImageObject\",\"inLanguage\":\"es\",\"@id\":\"https:\\\/\\\/www.laguiadepamplona.com\\\/actualidad\\\/inaki-garmendia-refleja-la-belleza-y-calidez-de-un-objeto-industrial-como-una-bicicleta-de-carreras-a-traves-de-la-instalacion-audiovisual-s-t-orbea-orduna\\\/#primaryimage\",\"url\":\"https:\\\/\\\/www.laguiadepamplona.com\\\/actualidad\\\/wp-content\\\/uploads\\\/2024\\\/01\\\/ayuntamiento-pamplona-plaza.webp\",\"contentUrl\":\"https:\\\/\\\/www.laguiadepamplona.com\\\/actualidad\\\/wp-content\\\/uploads\\\/2024\\\/01\\\/ayuntamiento-pamplona-plaza.webp\",\"width\":1200,\"height\":675,\"caption\":\"Ayuntamiento Pamplona\"},{\"@type\":\"BreadcrumbList\",\"@id\":\"https:\\\/\\\/www.laguiadepamplona.com\\\/actualidad\\\/inaki-garmendia-refleja-la-belleza-y-calidez-de-un-objeto-industrial-como-una-bicicleta-de-carreras-a-traves-de-la-instalacion-audiovisual-s-t-orbea-orduna\\\/#breadcrumb\",\"itemListElement\":[{\"@type\":\"ListItem\",\"position\":1,\"name\":\"Portada\",\"item\":\"https:\\\/\\\/www.laguiadepamplona.com\\\/actualidad\\\/\"},{\"@type\":\"ListItem\",\"position\":2,\"name\":\"I\u00f1aki Garmendia refleja la belleza y calidez de un objeto industrial como una bicicleta de carreras a trav\u00e9s de la instalaci\u00f3n audiovisual \u2018S.T. Orbea (Ordu\u00f1a)\u2019\"}]},{\"@type\":\"WebSite\",\"@id\":\"https:\\\/\\\/www.laguiadepamplona.com\\\/actualidad\\\/#website\",\"url\":\"https:\\\/\\\/www.laguiadepamplona.com\\\/actualidad\\\/\",\"name\":\"La gu\u00eda de Pamplona\",\"description\":\"Noticias de Pamplona\",\"publisher\":{\"@id\":\"https:\\\/\\\/www.laguiadepamplona.com\\\/actualidad\\\/#organization\"},\"potentialAction\":[{\"@type\":\"SearchAction\",\"target\":{\"@type\":\"EntryPoint\",\"urlTemplate\":\"https:\\\/\\\/www.laguiadepamplona.com\\\/actualidad\\\/?s={search_term_string}\"},\"query-input\":{\"@type\":\"PropertyValueSpecification\",\"valueRequired\":true,\"valueName\":\"search_term_string\"}}],\"inLanguage\":\"es\"},{\"@type\":\"Organization\",\"@id\":\"https:\\\/\\\/www.laguiadepamplona.com\\\/actualidad\\\/#organization\",\"name\":\"La Gu\u00eda de Pamplona \\\/ Noticias\",\"url\":\"https:\\\/\\\/www.laguiadepamplona.com\\\/actualidad\\\/\",\"logo\":{\"@type\":\"ImageObject\",\"inLanguage\":\"es\",\"@id\":\"https:\\\/\\\/www.laguiadepamplona.com\\\/actualidad\\\/#\\\/schema\\\/logo\\\/image\\\/\",\"url\":\"https:\\\/\\\/www.laguiadepamplona.com\\\/actualidad\\\/wp-content\\\/uploads\\\/2018\\\/11\\\/logo-laguiadepamplona18-web1.png\",\"contentUrl\":\"https:\\\/\\\/www.laguiadepamplona.com\\\/actualidad\\\/wp-content\\\/uploads\\\/2018\\\/11\\\/logo-laguiadepamplona18-web1.png\",\"width\":600,\"height\":196,\"caption\":\"La Gu\u00eda de Pamplona \\\/ Noticias\"},\"image\":{\"@id\":\"https:\\\/\\\/www.laguiadepamplona.com\\\/actualidad\\\/#\\\/schema\\\/logo\\\/image\\\/\"},\"sameAs\":[\"https:\\\/\\\/www.facebook.com\\\/laguiadepamplonacom-133175176762273\\\/?ref=hl\",\"https:\\\/\\\/x.com\\\/LaGuiadPamplona\",\"https:\\\/\\\/www.instagram.com\\\/la_guia_de_pamplona\\\/\",\"https:\\\/\\\/www.youtube.com\\\/user\\\/laguiadepamplona\"]},{\"@type\":\"Person\",\"@id\":\"https:\\\/\\\/www.laguiadepamplona.com\\\/actualidad\\\/#\\\/schema\\\/person\\\/efe887376f0213d4657c93adc50b1fdb\",\"name\":\"La Gu\u00eda de Pamplona\",\"image\":{\"@type\":\"ImageObject\",\"inLanguage\":\"es\",\"@id\":\"https:\\\/\\\/secure.gravatar.com\\\/avatar\\\/b6992f131dc8d30ab0dff15446e9d346d9dbd95992de0fef795073f5ea83a81c?s=96&d=mm&r=g\",\"url\":\"https:\\\/\\\/secure.gravatar.com\\\/avatar\\\/b6992f131dc8d30ab0dff15446e9d346d9dbd95992de0fef795073f5ea83a81c?s=96&d=mm&r=g\",\"contentUrl\":\"https:\\\/\\\/secure.gravatar.com\\\/avatar\\\/b6992f131dc8d30ab0dff15446e9d346d9dbd95992de0fef795073f5ea83a81c?s=96&d=mm&r=g\",\"caption\":\"La Gu\u00eda de Pamplona\"}}]}<\/script>\n<!-- \/ Yoast SEO plugin. -->","yoast_head_json":{"title":"I\u00f1aki Garmendia refleja la belleza y calidez de un objeto industrial como una bicicleta de carreras a trav\u00e9s de la instalaci\u00f3n audiovisual \u2018S.T. Orbea (Ordu\u00f1a)\u2019","description":"La instalaci\u00f3n es fruto de la colaboraci\u00f3n conjunta del Consistorio, el Museo Oteiza y el festival Punto de Vista y se podr\u00e1 visitar hasta el 27 de abril","robots":{"index":"index","follow":"follow","max-snippet":"max-snippet:-1","max-image-preview":"max-image-preview:large","max-video-preview":"max-video-preview:-1"},"canonical":"https:\/\/www.laguiadepamplona.com\/actualidad\/inaki-garmendia-refleja-la-belleza-y-calidez-de-un-objeto-industrial-como-una-bicicleta-de-carreras-a-traves-de-la-instalacion-audiovisual-s-t-orbea-orduna\/","og_locale":"es_ES","og_type":"article","og_title":"I\u00f1aki Garmendia refleja la belleza y calidez de un objeto industrial como una bicicleta de carreras a trav\u00e9s de la instalaci\u00f3n audiovisual \u2018S.T. Orbea (Ordu\u00f1a)\u2019","og_description":"La instalaci\u00f3n es fruto de la colaboraci\u00f3n conjunta del Consistorio, el Museo Oteiza y el festival Punto de Vista y se podr\u00e1 visitar hasta el 27 de abril","og_url":"https:\/\/www.laguiadepamplona.com\/actualidad\/inaki-garmendia-refleja-la-belleza-y-calidez-de-un-objeto-industrial-como-una-bicicleta-de-carreras-a-traves-de-la-instalacion-audiovisual-s-t-orbea-orduna\/","og_site_name":"La Gu\u00eda de Pamplona","article_publisher":"https:\/\/www.facebook.com\/laguiadepamplonacom-133175176762273\/?ref=hl","article_published_time":"2025-03-03T12:32:49+00:00","og_image":[{"width":1200,"height":675,"url":"https:\/\/www.laguiadepamplona.com\/actualidad\/wp-content\/uploads\/2024\/01\/ayuntamiento-pamplona-plaza.webp","type":"image\/webp"}],"author":"La Gu\u00eda de Pamplona","twitter_card":"summary_large_image","twitter_creator":"@LaGuiadPamplona","twitter_site":"@LaGuiadPamplona","twitter_misc":{"Escrito por":"La Gu\u00eda de Pamplona","Tiempo de lectura":"3 minutos"},"schema":{"@context":"https:\/\/schema.org","@graph":[{"@type":"Article","@id":"https:\/\/www.laguiadepamplona.com\/actualidad\/inaki-garmendia-refleja-la-belleza-y-calidez-de-un-objeto-industrial-como-una-bicicleta-de-carreras-a-traves-de-la-instalacion-audiovisual-s-t-orbea-orduna\/#article","isPartOf":{"@id":"https:\/\/www.laguiadepamplona.com\/actualidad\/inaki-garmendia-refleja-la-belleza-y-calidez-de-un-objeto-industrial-como-una-bicicleta-de-carreras-a-traves-de-la-instalacion-audiovisual-s-t-orbea-orduna\/"},"author":{"name":"La Gu\u00eda de Pamplona","@id":"https:\/\/www.laguiadepamplona.com\/actualidad\/#\/schema\/person\/efe887376f0213d4657c93adc50b1fdb"},"headline":"I\u00f1aki Garmendia refleja la belleza y calidez de un objeto industrial como una bicicleta de carreras a trav\u00e9s de la instalaci\u00f3n audiovisual \u2018S.T. Orbea (Ordu\u00f1a)\u2019","datePublished":"2025-03-03T12:32:49+00:00","mainEntityOfPage":{"@id":"https:\/\/www.laguiadepamplona.com\/actualidad\/inaki-garmendia-refleja-la-belleza-y-calidez-de-un-objeto-industrial-como-una-bicicleta-de-carreras-a-traves-de-la-instalacion-audiovisual-s-t-orbea-orduna\/"},"wordCount":688,"commentCount":0,"publisher":{"@id":"https:\/\/www.laguiadepamplona.com\/actualidad\/#organization"},"image":{"@id":"https:\/\/www.laguiadepamplona.com\/actualidad\/inaki-garmendia-refleja-la-belleza-y-calidez-de-un-objeto-industrial-como-una-bicicleta-de-carreras-a-traves-de-la-instalacion-audiovisual-s-t-orbea-orduna\/#primaryimage"},"thumbnailUrl":"https:\/\/www.laguiadepamplona.com\/actualidad\/wp-content\/uploads\/2024\/01\/ayuntamiento-pamplona-plaza.webp","articleSection":["Ayto Pamplona"],"inLanguage":"es","potentialAction":[{"@type":"CommentAction","name":"Comment","target":["https:\/\/www.laguiadepamplona.com\/actualidad\/inaki-garmendia-refleja-la-belleza-y-calidez-de-un-objeto-industrial-como-una-bicicleta-de-carreras-a-traves-de-la-instalacion-audiovisual-s-t-orbea-orduna\/#respond"]}]},{"@type":"WebPage","@id":"https:\/\/www.laguiadepamplona.com\/actualidad\/inaki-garmendia-refleja-la-belleza-y-calidez-de-un-objeto-industrial-como-una-bicicleta-de-carreras-a-traves-de-la-instalacion-audiovisual-s-t-orbea-orduna\/","url":"https:\/\/www.laguiadepamplona.com\/actualidad\/inaki-garmendia-refleja-la-belleza-y-calidez-de-un-objeto-industrial-como-una-bicicleta-de-carreras-a-traves-de-la-instalacion-audiovisual-s-t-orbea-orduna\/","name":"I\u00f1aki Garmendia refleja la belleza y calidez de un objeto industrial como una bicicleta de carreras a trav\u00e9s de la instalaci\u00f3n audiovisual \u2018S.T. Orbea (Ordu\u00f1a)\u2019","isPartOf":{"@id":"https:\/\/www.laguiadepamplona.com\/actualidad\/#website"},"primaryImageOfPage":{"@id":"https:\/\/www.laguiadepamplona.com\/actualidad\/inaki-garmendia-refleja-la-belleza-y-calidez-de-un-objeto-industrial-como-una-bicicleta-de-carreras-a-traves-de-la-instalacion-audiovisual-s-t-orbea-orduna\/#primaryimage"},"image":{"@id":"https:\/\/www.laguiadepamplona.com\/actualidad\/inaki-garmendia-refleja-la-belleza-y-calidez-de-un-objeto-industrial-como-una-bicicleta-de-carreras-a-traves-de-la-instalacion-audiovisual-s-t-orbea-orduna\/#primaryimage"},"thumbnailUrl":"https:\/\/www.laguiadepamplona.com\/actualidad\/wp-content\/uploads\/2024\/01\/ayuntamiento-pamplona-plaza.webp","datePublished":"2025-03-03T12:32:49+00:00","description":"La instalaci\u00f3n es fruto de la colaboraci\u00f3n conjunta del Consistorio, el Museo Oteiza y el festival Punto de Vista y se podr\u00e1 visitar hasta el 27 de abril","breadcrumb":{"@id":"https:\/\/www.laguiadepamplona.com\/actualidad\/inaki-garmendia-refleja-la-belleza-y-calidez-de-un-objeto-industrial-como-una-bicicleta-de-carreras-a-traves-de-la-instalacion-audiovisual-s-t-orbea-orduna\/#breadcrumb"},"inLanguage":"es","potentialAction":[{"@type":"ReadAction","target":["https:\/\/www.laguiadepamplona.com\/actualidad\/inaki-garmendia-refleja-la-belleza-y-calidez-de-un-objeto-industrial-como-una-bicicleta-de-carreras-a-traves-de-la-instalacion-audiovisual-s-t-orbea-orduna\/"]}]},{"@type":"ImageObject","inLanguage":"es","@id":"https:\/\/www.laguiadepamplona.com\/actualidad\/inaki-garmendia-refleja-la-belleza-y-calidez-de-un-objeto-industrial-como-una-bicicleta-de-carreras-a-traves-de-la-instalacion-audiovisual-s-t-orbea-orduna\/#primaryimage","url":"https:\/\/www.laguiadepamplona.com\/actualidad\/wp-content\/uploads\/2024\/01\/ayuntamiento-pamplona-plaza.webp","contentUrl":"https:\/\/www.laguiadepamplona.com\/actualidad\/wp-content\/uploads\/2024\/01\/ayuntamiento-pamplona-plaza.webp","width":1200,"height":675,"caption":"Ayuntamiento Pamplona"},{"@type":"BreadcrumbList","@id":"https:\/\/www.laguiadepamplona.com\/actualidad\/inaki-garmendia-refleja-la-belleza-y-calidez-de-un-objeto-industrial-como-una-bicicleta-de-carreras-a-traves-de-la-instalacion-audiovisual-s-t-orbea-orduna\/#breadcrumb","itemListElement":[{"@type":"ListItem","position":1,"name":"Portada","item":"https:\/\/www.laguiadepamplona.com\/actualidad\/"},{"@type":"ListItem","position":2,"name":"I\u00f1aki Garmendia refleja la belleza y calidez de un objeto industrial como una bicicleta de carreras a trav\u00e9s de la instalaci\u00f3n audiovisual \u2018S.T. Orbea (Ordu\u00f1a)\u2019"}]},{"@type":"WebSite","@id":"https:\/\/www.laguiadepamplona.com\/actualidad\/#website","url":"https:\/\/www.laguiadepamplona.com\/actualidad\/","name":"La gu\u00eda de Pamplona","description":"Noticias de Pamplona","publisher":{"@id":"https:\/\/www.laguiadepamplona.com\/actualidad\/#organization"},"potentialAction":[{"@type":"SearchAction","target":{"@type":"EntryPoint","urlTemplate":"https:\/\/www.laguiadepamplona.com\/actualidad\/?s={search_term_string}"},"query-input":{"@type":"PropertyValueSpecification","valueRequired":true,"valueName":"search_term_string"}}],"inLanguage":"es"},{"@type":"Organization","@id":"https:\/\/www.laguiadepamplona.com\/actualidad\/#organization","name":"La Gu\u00eda de Pamplona \/ Noticias","url":"https:\/\/www.laguiadepamplona.com\/actualidad\/","logo":{"@type":"ImageObject","inLanguage":"es","@id":"https:\/\/www.laguiadepamplona.com\/actualidad\/#\/schema\/logo\/image\/","url":"https:\/\/www.laguiadepamplona.com\/actualidad\/wp-content\/uploads\/2018\/11\/logo-laguiadepamplona18-web1.png","contentUrl":"https:\/\/www.laguiadepamplona.com\/actualidad\/wp-content\/uploads\/2018\/11\/logo-laguiadepamplona18-web1.png","width":600,"height":196,"caption":"La Gu\u00eda de Pamplona \/ Noticias"},"image":{"@id":"https:\/\/www.laguiadepamplona.com\/actualidad\/#\/schema\/logo\/image\/"},"sameAs":["https:\/\/www.facebook.com\/laguiadepamplonacom-133175176762273\/?ref=hl","https:\/\/x.com\/LaGuiadPamplona","https:\/\/www.instagram.com\/la_guia_de_pamplona\/","https:\/\/www.youtube.com\/user\/laguiadepamplona"]},{"@type":"Person","@id":"https:\/\/www.laguiadepamplona.com\/actualidad\/#\/schema\/person\/efe887376f0213d4657c93adc50b1fdb","name":"La Gu\u00eda de Pamplona","image":{"@type":"ImageObject","inLanguage":"es","@id":"https:\/\/secure.gravatar.com\/avatar\/b6992f131dc8d30ab0dff15446e9d346d9dbd95992de0fef795073f5ea83a81c?s=96&d=mm&r=g","url":"https:\/\/secure.gravatar.com\/avatar\/b6992f131dc8d30ab0dff15446e9d346d9dbd95992de0fef795073f5ea83a81c?s=96&d=mm&r=g","contentUrl":"https:\/\/secure.gravatar.com\/avatar\/b6992f131dc8d30ab0dff15446e9d346d9dbd95992de0fef795073f5ea83a81c?s=96&d=mm&r=g","caption":"La Gu\u00eda de Pamplona"}}]}},"post_mailing_queue_ids":[],"_links":{"self":[{"href":"https:\/\/www.laguiadepamplona.com\/actualidad\/wp-json\/wp\/v2\/posts\/52284","targetHints":{"allow":["GET"]}}],"collection":[{"href":"https:\/\/www.laguiadepamplona.com\/actualidad\/wp-json\/wp\/v2\/posts"}],"about":[{"href":"https:\/\/www.laguiadepamplona.com\/actualidad\/wp-json\/wp\/v2\/types\/post"}],"author":[{"embeddable":true,"href":"https:\/\/www.laguiadepamplona.com\/actualidad\/wp-json\/wp\/v2\/users\/1"}],"replies":[{"embeddable":true,"href":"https:\/\/www.laguiadepamplona.com\/actualidad\/wp-json\/wp\/v2\/comments?post=52284"}],"version-history":[{"count":1,"href":"https:\/\/www.laguiadepamplona.com\/actualidad\/wp-json\/wp\/v2\/posts\/52284\/revisions"}],"predecessor-version":[{"id":52285,"href":"https:\/\/www.laguiadepamplona.com\/actualidad\/wp-json\/wp\/v2\/posts\/52284\/revisions\/52285"}],"wp:featuredmedia":[{"embeddable":true,"href":"https:\/\/www.laguiadepamplona.com\/actualidad\/wp-json\/wp\/v2\/media\/48433"}],"wp:attachment":[{"href":"https:\/\/www.laguiadepamplona.com\/actualidad\/wp-json\/wp\/v2\/media?parent=52284"}],"wp:term":[{"taxonomy":"category","embeddable":true,"href":"https:\/\/www.laguiadepamplona.com\/actualidad\/wp-json\/wp\/v2\/categories?post=52284"},{"taxonomy":"post_tag","embeddable":true,"href":"https:\/\/www.laguiadepamplona.com\/actualidad\/wp-json\/wp\/v2\/tags?post=52284"}],"curies":[{"name":"wp","href":"https:\/\/api.w.org\/{rel}","templated":true}]}}