{"id":52273,"date":"2025-03-03T14:29:11","date_gmt":"2025-03-03T12:29:11","guid":{"rendered":"https:\/\/www.laguiadepamplona.com\/actualidad\/?p=52273"},"modified":"2025-03-03T14:29:11","modified_gmt":"2025-03-03T12:29:11","slug":"el-ayuntamiento-de-pamplona-reivindicara-el-8-de-marzo-bajo-el-lema-desigualdad-real-justicia-pendiente","status":"publish","type":"post","link":"https:\/\/www.laguiadepamplona.com\/actualidad\/el-ayuntamiento-de-pamplona-reivindicara-el-8-de-marzo-bajo-el-lema-desigualdad-real-justicia-pendiente\/","title":{"rendered":"El Ayuntamiento de Pamplona reivindicar\u00e1 el 8 de Marzo bajo el lema \u2018Desigualdad real, justicia\u2019 pendiente\u2019"},"content":{"rendered":"<h2>Del 1 al 16 de marzo se est\u00e1n desarrollando un conjunto de actividades vinculadas a la celebraci\u00f3n del D\u00eda Internacional de la Mujeres<\/h2>\n<p><!--more--><\/p>\n<div id='gallery-1' class='gallery galleryid-52273 gallery-columns-3 gallery-size-medium'><figure class='gallery-item'>\n\t\t\t<div class='gallery-icon portrait'>\n\t\t\t\t<a href='https:\/\/www.laguiadepamplona.com\/actualidad\/el-ayuntamiento-de-pamplona-reivindicara-el-8-de-marzo-bajo-el-lema-desigualdad-real-justicia-pendiente\/discapacidadeuscas-1001\/'><img loading=\"lazy\" decoding=\"async\" width=\"354\" height=\"500\" src=\"https:\/\/www.laguiadepamplona.com\/actualidad\/wp-content\/uploads\/2025\/03\/discapacidadeuscas-1001-354x500.webp\" class=\"attachment-medium size-medium\" alt=\"discapacidad\" srcset=\"https:\/\/www.laguiadepamplona.com\/actualidad\/wp-content\/uploads\/2025\/03\/discapacidadeuscas-1001-354x500.webp 354w, https:\/\/www.laguiadepamplona.com\/actualidad\/wp-content\/uploads\/2025\/03\/discapacidadeuscas-1001-106x150.webp 106w, https:\/\/www.laguiadepamplona.com\/actualidad\/wp-content\/uploads\/2025\/03\/discapacidadeuscas-1001-580x820.webp 580w, https:\/\/www.laguiadepamplona.com\/actualidad\/wp-content\/uploads\/2025\/03\/discapacidadeuscas-1001-640x905.webp 640w, https:\/\/www.laguiadepamplona.com\/actualidad\/wp-content\/uploads\/2025\/03\/discapacidadeuscas-1001.webp 707w\" sizes=\"auto, (max-width: 354px) 100vw, 354px\" \/><\/a>\n\t\t\t<\/div><\/figure><figure class='gallery-item'>\n\t\t\t<div class='gallery-icon portrait'>\n\t\t\t\t<a href='https:\/\/www.laguiadepamplona.com\/actualidad\/el-ayuntamiento-de-pamplona-reivindicara-el-8-de-marzo-bajo-el-lema-desigualdad-real-justicia-pendiente\/generaleuscas-100\/'><img loading=\"lazy\" decoding=\"async\" width=\"354\" height=\"500\" src=\"https:\/\/www.laguiadepamplona.com\/actualidad\/wp-content\/uploads\/2025\/03\/generaleuscas-100-354x500.webp\" class=\"attachment-medium size-medium\" alt=\"general\" srcset=\"https:\/\/www.laguiadepamplona.com\/actualidad\/wp-content\/uploads\/2025\/03\/generaleuscas-100-354x500.webp 354w, https:\/\/www.laguiadepamplona.com\/actualidad\/wp-content\/uploads\/2025\/03\/generaleuscas-100-106x150.webp 106w, https:\/\/www.laguiadepamplona.com\/actualidad\/wp-content\/uploads\/2025\/03\/generaleuscas-100-580x819.webp 580w, https:\/\/www.laguiadepamplona.com\/actualidad\/wp-content\/uploads\/2025\/03\/generaleuscas-100-640x904.webp 640w, https:\/\/www.laguiadepamplona.com\/actualidad\/wp-content\/uploads\/2025\/03\/generaleuscas-100.webp 708w\" sizes=\"auto, (max-width: 354px) 100vw, 354px\" \/><\/a>\n\t\t\t<\/div><\/figure><figure class='gallery-item'>\n\t\t\t<div class='gallery-icon portrait'>\n\t\t\t\t<a href='https:\/\/www.laguiadepamplona.com\/actualidad\/el-ayuntamiento-de-pamplona-reivindicara-el-8-de-marzo-bajo-el-lema-desigualdad-real-justicia-pendiente\/inactividadeuscas-1001\/'><img loading=\"lazy\" decoding=\"async\" width=\"354\" height=\"500\" src=\"https:\/\/www.laguiadepamplona.com\/actualidad\/wp-content\/uploads\/2025\/03\/inactividadeuscas-1001-354x500.webp\" class=\"attachment-medium size-medium\" alt=\"inactividad\" srcset=\"https:\/\/www.laguiadepamplona.com\/actualidad\/wp-content\/uploads\/2025\/03\/inactividadeuscas-1001-354x500.webp 354w, https:\/\/www.laguiadepamplona.com\/actualidad\/wp-content\/uploads\/2025\/03\/inactividadeuscas-1001-106x150.webp 106w, https:\/\/www.laguiadepamplona.com\/actualidad\/wp-content\/uploads\/2025\/03\/inactividadeuscas-1001-580x819.webp 580w, https:\/\/www.laguiadepamplona.com\/actualidad\/wp-content\/uploads\/2025\/03\/inactividadeuscas-1001-640x904.webp 640w, https:\/\/www.laguiadepamplona.com\/actualidad\/wp-content\/uploads\/2025\/03\/inactividadeuscas-1001.webp 708w\" sizes=\"auto, (max-width: 354px) 100vw, 354px\" \/><\/a>\n\t\t\t<\/div><\/figure><figure class='gallery-item'>\n\t\t\t<div class='gallery-icon portrait'>\n\t\t\t\t<a href='https:\/\/www.laguiadepamplona.com\/actualidad\/el-ayuntamiento-de-pamplona-reivindicara-el-8-de-marzo-bajo-el-lema-desigualdad-real-justicia-pendiente\/stemeuscas-1001\/'><img loading=\"lazy\" decoding=\"async\" width=\"354\" height=\"500\" src=\"https:\/\/www.laguiadepamplona.com\/actualidad\/wp-content\/uploads\/2025\/03\/stemeuscas-1001-354x500.webp\" class=\"attachment-medium size-medium\" alt=\"stem\" srcset=\"https:\/\/www.laguiadepamplona.com\/actualidad\/wp-content\/uploads\/2025\/03\/stemeuscas-1001-354x500.webp 354w, https:\/\/www.laguiadepamplona.com\/actualidad\/wp-content\/uploads\/2025\/03\/stemeuscas-1001-106x150.webp 106w, https:\/\/www.laguiadepamplona.com\/actualidad\/wp-content\/uploads\/2025\/03\/stemeuscas-1001-580x819.webp 580w, https:\/\/www.laguiadepamplona.com\/actualidad\/wp-content\/uploads\/2025\/03\/stemeuscas-1001-640x904.webp 640w, https:\/\/www.laguiadepamplona.com\/actualidad\/wp-content\/uploads\/2025\/03\/stemeuscas-1001.webp 708w\" sizes=\"auto, (max-width: 354px) 100vw, 354px\" \/><\/a>\n\t\t\t<\/div><\/figure><figure class='gallery-item'>\n\t\t\t<div class='gallery-icon portrait'>\n\t\t\t\t<a href='https:\/\/www.laguiadepamplona.com\/actualidad\/el-ayuntamiento-de-pamplona-reivindicara-el-8-de-marzo-bajo-el-lema-desigualdad-real-justicia-pendiente\/salarialeuscas-1001\/'><img loading=\"lazy\" decoding=\"async\" width=\"354\" height=\"500\" src=\"https:\/\/www.laguiadepamplona.com\/actualidad\/wp-content\/uploads\/2025\/03\/salarialeuscas-1001-354x500.webp\" class=\"attachment-medium size-medium\" alt=\"salarial\" srcset=\"https:\/\/www.laguiadepamplona.com\/actualidad\/wp-content\/uploads\/2025\/03\/salarialeuscas-1001-354x500.webp 354w, https:\/\/www.laguiadepamplona.com\/actualidad\/wp-content\/uploads\/2025\/03\/salarialeuscas-1001-106x150.webp 106w, https:\/\/www.laguiadepamplona.com\/actualidad\/wp-content\/uploads\/2025\/03\/salarialeuscas-1001-580x819.webp 580w, https:\/\/www.laguiadepamplona.com\/actualidad\/wp-content\/uploads\/2025\/03\/salarialeuscas-1001-640x904.webp 640w, https:\/\/www.laguiadepamplona.com\/actualidad\/wp-content\/uploads\/2025\/03\/salarialeuscas-1001.webp 708w\" sizes=\"auto, (max-width: 354px) 100vw, 354px\" \/><\/a>\n\t\t\t<\/div><\/figure><figure class='gallery-item'>\n\t\t\t<div class='gallery-icon portrait'>\n\t\t\t\t<a href='https:\/\/www.laguiadepamplona.com\/actualidad\/el-ayuntamiento-de-pamplona-reivindicara-el-8-de-marzo-bajo-el-lema-desigualdad-real-justicia-pendiente\/verticaleuscas-1001\/'><img loading=\"lazy\" decoding=\"async\" width=\"354\" height=\"500\" src=\"https:\/\/www.laguiadepamplona.com\/actualidad\/wp-content\/uploads\/2025\/03\/verticaleuscas-1001-354x500.webp\" class=\"attachment-medium size-medium\" alt=\"vertical\" srcset=\"https:\/\/www.laguiadepamplona.com\/actualidad\/wp-content\/uploads\/2025\/03\/verticaleuscas-1001-354x500.webp 354w, https:\/\/www.laguiadepamplona.com\/actualidad\/wp-content\/uploads\/2025\/03\/verticaleuscas-1001-106x150.webp 106w, https:\/\/www.laguiadepamplona.com\/actualidad\/wp-content\/uploads\/2025\/03\/verticaleuscas-1001-580x819.webp 580w, https:\/\/www.laguiadepamplona.com\/actualidad\/wp-content\/uploads\/2025\/03\/verticaleuscas-1001-640x904.webp 640w, https:\/\/www.laguiadepamplona.com\/actualidad\/wp-content\/uploads\/2025\/03\/verticaleuscas-1001.webp 708w\" sizes=\"auto, (max-width: 354px) 100vw, 354px\" \/><\/a>\n\t\t\t<\/div><\/figure>\n\t\t<\/div>\n\n<p>Pamplona celebrar\u00e1 este 8 de Marzo bajo el lema \u2018Desigualdad real, justicia\u2019 pendiente\u2019, en referencia a que, aunque la igualdad formal est\u00e1 reconocida en leyes y normativas, a\u00fan no se ha alcanzado la igualdad real ya que las mujeres enfrentan barreras significativas en su vida diaria, al tener que realizar dobles y triples jornadas. El viernes 7 de marzo, a las 10.30 horas, el Consistorio reivindicar\u00e1 la jornada leyendo el texto elaborado por las t\u00e9cnicas de igualdad de las Entidades Locales de Navarra en la Plaza Consistorial. Esa declaraci\u00f3n recibi\u00f3 el pasado 28 de febrero el respaldo de la Junta de Portavoces del Ayuntamiento de Pamplona y el 6 el Pleno la convertir\u00e1 en declaraci\u00f3n institucional del municipio.<\/p>\n<p>La concejala delegada de Igualdad, Acci\u00f3n Comunitaria, Barrios, Participaci\u00f3n Ciudadana y Euskera, Zaloa Basabe Gutierrez, ha querido invitar a la ciudadan\u00eda a asistir al acto y a participar en \u00e9l activamente ya que, seg\u00fan el texto acordado \u201cEs hora de dejar atr\u00e1s las <em>fake news<\/em> y los mitos antifeministas que afirman que la igualdad ya est\u00e1 conseguida\u201d. Adem\u00e1s, el Ayuntamiento invita tambi\u00e9n a la participaci\u00f3n en los diferentes actos y concentraciones que organicen los movimientos feministas.<\/p>\n<p>Los actos en torno a esta conmemoraci\u00f3n reivindicativa se extender\u00e1n del 1 al 16 de marzo. En el programa previsto hay tres obras de teatro, dos sesiones de cinef\u00f3rum, la grabaci\u00f3n de un podcast, un encuentro en la Casa de las Mujeres y la presentaci\u00f3n de un informe sobre la presencia de las mujeres del siglo XVI al siglo XX en los gremios y los diferentes oficios. Adem\u00e1s, desde el 1 de marzo se est\u00e1 desarrollando la quinta edici\u00f3n del festival interdisciplinar Femkultur, con diez propuestas de seis artistas que reivindican la presencia de las mujeres en la creaci\u00f3n art\u00edstica contempor\u00e1nea y su papel como generadoras de arte. Finalmente, la Red de mayores de la Txantrea han preparado diferentes actividades sobre el 8M para el viernes 8 de marzo.<\/p>\n<p>Todas las actividades se desarrollar\u00e1n entre diferentes civivox y la Casa de la Juventud. Adem\u00e1s, el Ayuntamiento se quiere sumar tambi\u00e9n a la campa\u00f1a de sensibilizaci\u00f3n de 2025 plasmada en diversos carteles que reclaman la igualdad real entre mujeres y hombres (en el acceso, el salario, la cantidad de presencia en ciencias STEM, etc.). La imagen de los carteles ser\u00e1 tambi\u00e9n la que se vea en el espacio p\u00fablico de la ciudad a trav\u00e9s de los mupis, tanto digitales como anal\u00f3gico.<\/p>\n<p><strong>Los compromisos de Pamplona<\/strong><\/p>\n<p>El Consistorio pamplon\u00e9s y el resto de entidades firmantes del manifiesto instan a instituciones, empresas y ciudadan\u00eda a actuar con diligencia para eliminar las brechas de g\u00e9nero (\u2026) para \u201cconstruir una Navarra m\u00e1s igualitaria y feminista, donde las mujeres puedan participar en igualdad de condiciones en todos los \u00e1mbitos de la vida\u201d. Y se comprometen a dise\u00f1ar e implementar programas y campa\u00f1as de sensibilizaci\u00f3n dirigidas a promover la corresponsabilidad, teniendo en cuenta la interseccionalidad para atender las necesidades espec\u00edficas de colectivos m\u00e1s vulnerabilizados. Ya dentro de la propia administraci\u00f3n, se ofrecer\u00e1 formaci\u00f3n continua en igualdad de g\u00e9nero a todo el personal, asegurando que las pol\u00edticas p\u00fablicas y las decisiones administrativas se apliquen con perspectiva de g\u00e9nero. Adem\u00e1s, espec\u00edficamente, desarrollar\u00e1n medidas de seguimiento y evaluaci\u00f3n de la brecha salarial de g\u00e9nero, garantizando que los convenios y acuerdos laborales reflejen una valoraci\u00f3n justa del trabajo de las mujeres, especialmente en sectores feminizados.<\/p>\n<p>Asimismo, en referencia al \u00e1mbito de cuidados para la vida, se implementar\u00e1n pol\u00edticas locales que reconozcan y valoren el trabajo no remunerado, garantizando servicios p\u00fablicos universales para todas las personas. Finalmente, el Ayuntamiento reconocer\u00e1 las aportaciones y el trabajo del movimiento feminista en este \u00e1mbito e invitar a la participaci\u00f3n en los diferentes actos y concentraciones que organicen.<\/p>\n<p><strong>Las estad\u00edsticas de la desigualdad<\/strong><\/p>\n<p>Que la igualdad de g\u00e9nero es una cuesti\u00f3n de justicia social que contin\u00faa estando pendiente est\u00e1 avalado por las estad\u00edsticas. En Navarra las mujeres ganan un 20% menos que los hombres y \u00fanicamente representan el 36% en puestos de liderazgo. M\u00e1s del 80% de los empleos a tiempo parcial en 2020 estaban ocupados por ellas y, adem\u00e1s, el 87% de quienes afirman que sus obligaciones familiares condicionan su jornada laboral, son mujeres.<\/p>\n<p>Las mujeres dedican el doble de tiempo al cuidado y tareas del hogar, lo que repercute negativamente en su acceso a empleos de calidad y su bienestar general. Ejemplo de esto es que la tasa de inactividad de las mujeres en el empleo remunerado por motivos de cuidados es del 27,2%. Los sectores feminizados contin\u00faan siendo los m\u00e1s precarizados, y el trabajo no remunerado sigue siendo asumido principalmente por mujeres, lo que limita su desarrollo profesional y perpet\u00faa una brecha de g\u00e9nero que afecta a todas las esferas de la vida.<\/p>\n<p>La dualidad entre el trabajo remunerado y no remunerado da como resultado una desigualdad estructural, dice el manifiesto \u201cque debe ser visibilizada y abordada con urgencia, algo que viene denunciando el feminismo desde los a\u00f1os 60 cuando se resignific\u00f3 la noci\u00f3n de cuidados\u201d.<\/p>\n<p>&nbsp;<\/p>\n<h3>Actividades del Ayuntamiento de pamplona. 8 de marzo<\/h3>\n<p><strong>Del 1 al 16 de marzo<\/strong><\/p>\n<ul>\n<li>V FESTIVAL FEMKULTUR<\/li>\n<li>10 actividades sobre mujeres en la creaci\u00f3n contempor\u00e1nea<\/li>\n<li>Las seis protagonistas de este a\u00f1o son la actriz creadora y educadora social Irene Fern\u00e1ndez Ar\u00e9valo, y la bailarina, equilibrista y clown Xandra Guti\u00e9rrez, integrantes de Las chicas del barro; la creadora, directora y pedagoga Eva Guerrero, de Doos Colectivo; la investigadora en artes esc\u00e9nicas, pedagog\u00eda e ilusionismo Macarena Recuerda Shepherd; la directora, guionista y productora Andrea Jaurrieta; y la artista visual, escultura y pintora Txaro Fontalba<\/li>\n<li>Diversos horarios<\/li>\n<\/ul>\n<p><strong>3 de marzo<\/strong><\/p>\n<ul>\n<li>Las buenas compa\u00f1\u00edas. Silvia Munt<\/li>\n<li>CINEF\u00d3RUM HERO\u00cdNAS DE CINE<\/li>\n<li>Civivox Mendillorri. 18 horas. Entrada libre<\/li>\n<\/ul>\n<p><strong>5 de marzo<\/strong><\/p>\n<ul>\n<li>Conferencia sobre Mujeres, conflictividad y derechos laborales en Pamplona<\/li>\n<li>Condestable (Sal\u00f3n de Actos). De 18.30 a 20 horas. Entrada libre<\/li>\n<li>Programaci\u00f3n cultural en euskera. Irriziklo<\/li>\n<li>TEATRO<\/li>\n<li>Lanku Kultur Zerbitzuak<\/li>\n<li>Escuela Navarra de Teatro. 19 horas. 5 euros<\/li>\n<\/ul>\n<p><strong>6 de marzo<\/strong><\/p>\n<ul>\n<li>TEATRO<\/li>\n<li>El juicio a la gran zorra. Versi\u00f3n de Ana Lizarbe<\/li>\n<li>Casa de la Juventud. 19 horas. Entrada libre<\/li>\n<li>GRABACION DE PODCAST EN DIRECTO<\/li>\n<li>Voces de mujeres. Iru\u00f1e Astiz Larunbe y Amets P\u00e9rez Garc\u00eda<\/li>\n<li>Casa de la Juventud. 19 horas. Entrada libre<\/li>\n<\/ul>\n<p><strong>7 de marzo<\/strong><\/p>\n<ul>\n<li>CONCENTRACI\u00d3N Y LECTURA DEL MANIFIESTO<\/li>\n<li>Plaza Consistorial. 10.30 horas. Libre participaci\u00f3n<\/li>\n<li>RED DE MAYORES DE TXANTREA<\/li>\n<li>Clubes Irubide, San Cristobal, Orvina y Centro Auzotegui. Actividades en en distintos horarios, desde las 10.30 hasta las 14 horas.<\/li>\n<\/ul>\n<p><strong>8 de marzo<\/strong><\/p>\n<ul>\n<li>ENCUENTRO<\/li>\n<li>Casa de la Mujeres. 11 horas<\/li>\n<li>Las buenas compa\u00f1\u00edas. Silvia Munt<\/li>\n<li>CINEF\u00d3RUM HERO\u00cdNAS DE CINE<\/li>\n<li>Civivox San Jorge. 18 horas. Entrada libre<\/li>\n<\/ul>\n<p><strong>12 de marzo<\/strong><\/p>\n<ul>\n<li>TEATRO<\/li>\n<li>Promesa berdina egin diegu lagun guztiei. Infinito taldea<\/li>\n<li>Escuela Navarra de Teatro. 19 horas. 5 euros<\/li>\n<\/ul>\n","protected":false},"excerpt":{"rendered":"<p>Del 1 al 16 de marzo se est\u00e1n desarrollando un conjunto de actividades vinculadas a la celebraci\u00f3n del D\u00eda Internacional de la Mujeres<\/p>\n","protected":false},"author":1,"featured_media":52275,"comment_status":"open","ping_status":"closed","sticky":false,"template":"","format":"standard","meta":{"footnotes":""},"categories":[2],"tags":[],"class_list":["post-52273","post","type-post","status-publish","format-standard","has-post-thumbnail","hentry","category-ayuntamiento-pamplona"],"yoast_head":"<!-- This site is optimized with the Yoast SEO plugin v27.3 - https:\/\/yoast.com\/product\/yoast-seo-wordpress\/ -->\n<title>El Ayuntamiento de Pamplona reivindicar\u00e1 el 8 de Marzo bajo el lema \u2018Desigualdad real, justicia\u2019 pendiente\u2019<\/title>\n<meta name=\"description\" content=\"Del 1 al 16 de marzo se est\u00e1n desarrollando un conjunto de actividades vinculadas a la celebraci\u00f3n del D\u00eda Internacional de la Mujeres\" \/>\n<meta name=\"robots\" content=\"index, follow, max-snippet:-1, max-image-preview:large, max-video-preview:-1\" \/>\n<link rel=\"canonical\" href=\"https:\/\/www.laguiadepamplona.com\/actualidad\/el-ayuntamiento-de-pamplona-reivindicara-el-8-de-marzo-bajo-el-lema-desigualdad-real-justicia-pendiente\/\" \/>\n<meta property=\"og:locale\" content=\"es_ES\" \/>\n<meta property=\"og:type\" content=\"article\" \/>\n<meta property=\"og:title\" content=\"El Ayuntamiento de Pamplona reivindicar\u00e1 el 8 de Marzo bajo el lema \u2018Desigualdad real, justicia\u2019 pendiente\u2019\" \/>\n<meta property=\"og:description\" content=\"Del 1 al 16 de marzo se est\u00e1n desarrollando un conjunto de actividades vinculadas a la celebraci\u00f3n del D\u00eda Internacional de la Mujeres\" \/>\n<meta property=\"og:url\" content=\"https:\/\/www.laguiadepamplona.com\/actualidad\/el-ayuntamiento-de-pamplona-reivindicara-el-8-de-marzo-bajo-el-lema-desigualdad-real-justicia-pendiente\/\" \/>\n<meta property=\"og:site_name\" content=\"La Gu\u00eda de Pamplona\" \/>\n<meta property=\"article:publisher\" content=\"https:\/\/www.facebook.com\/laguiadepamplonacom-133175176762273\/?ref=hl\" \/>\n<meta property=\"article:published_time\" content=\"2025-03-03T12:29:11+00:00\" \/>\n<meta property=\"og:image\" content=\"https:\/\/www.laguiadepamplona.com\/actualidad\/wp-content\/uploads\/2025\/03\/generaleuscas-100.webp\" \/>\n\t<meta property=\"og:image:width\" content=\"708\" \/>\n\t<meta property=\"og:image:height\" content=\"1000\" \/>\n\t<meta property=\"og:image:type\" content=\"image\/webp\" \/>\n<meta name=\"author\" content=\"La Gu\u00eda de Pamplona\" \/>\n<meta name=\"twitter:card\" content=\"summary_large_image\" \/>\n<meta name=\"twitter:creator\" content=\"@LaGuiadPamplona\" \/>\n<meta name=\"twitter:site\" content=\"@LaGuiadPamplona\" \/>\n<meta name=\"twitter:label1\" content=\"Escrito por\" \/>\n\t<meta name=\"twitter:data1\" content=\"La Gu\u00eda de Pamplona\" \/>\n\t<meta name=\"twitter:label2\" content=\"Tiempo de lectura\" \/>\n\t<meta name=\"twitter:data2\" content=\"6 minutos\" \/>\n<script type=\"application\/ld+json\" class=\"yoast-schema-graph\">{\"@context\":\"https:\\\/\\\/schema.org\",\"@graph\":[{\"@type\":\"Article\",\"@id\":\"https:\\\/\\\/www.laguiadepamplona.com\\\/actualidad\\\/el-ayuntamiento-de-pamplona-reivindicara-el-8-de-marzo-bajo-el-lema-desigualdad-real-justicia-pendiente\\\/#article\",\"isPartOf\":{\"@id\":\"https:\\\/\\\/www.laguiadepamplona.com\\\/actualidad\\\/el-ayuntamiento-de-pamplona-reivindicara-el-8-de-marzo-bajo-el-lema-desigualdad-real-justicia-pendiente\\\/\"},\"author\":{\"name\":\"La Gu\u00eda de Pamplona\",\"@id\":\"https:\\\/\\\/www.laguiadepamplona.com\\\/actualidad\\\/#\\\/schema\\\/person\\\/efe887376f0213d4657c93adc50b1fdb\"},\"headline\":\"El Ayuntamiento de Pamplona reivindicar\u00e1 el 8 de Marzo bajo el lema \u2018Desigualdad real, justicia\u2019 pendiente\u2019\",\"datePublished\":\"2025-03-03T12:29:11+00:00\",\"mainEntityOfPage\":{\"@id\":\"https:\\\/\\\/www.laguiadepamplona.com\\\/actualidad\\\/el-ayuntamiento-de-pamplona-reivindicara-el-8-de-marzo-bajo-el-lema-desigualdad-real-justicia-pendiente\\\/\"},\"wordCount\":1202,\"commentCount\":0,\"publisher\":{\"@id\":\"https:\\\/\\\/www.laguiadepamplona.com\\\/actualidad\\\/#organization\"},\"image\":{\"@id\":\"https:\\\/\\\/www.laguiadepamplona.com\\\/actualidad\\\/el-ayuntamiento-de-pamplona-reivindicara-el-8-de-marzo-bajo-el-lema-desigualdad-real-justicia-pendiente\\\/#primaryimage\"},\"thumbnailUrl\":\"https:\\\/\\\/www.laguiadepamplona.com\\\/actualidad\\\/wp-content\\\/uploads\\\/2025\\\/03\\\/generaleuscas-100.webp\",\"articleSection\":[\"Ayto Pamplona\"],\"inLanguage\":\"es\",\"potentialAction\":[{\"@type\":\"CommentAction\",\"name\":\"Comment\",\"target\":[\"https:\\\/\\\/www.laguiadepamplona.com\\\/actualidad\\\/el-ayuntamiento-de-pamplona-reivindicara-el-8-de-marzo-bajo-el-lema-desigualdad-real-justicia-pendiente\\\/#respond\"]}]},{\"@type\":\"WebPage\",\"@id\":\"https:\\\/\\\/www.laguiadepamplona.com\\\/actualidad\\\/el-ayuntamiento-de-pamplona-reivindicara-el-8-de-marzo-bajo-el-lema-desigualdad-real-justicia-pendiente\\\/\",\"url\":\"https:\\\/\\\/www.laguiadepamplona.com\\\/actualidad\\\/el-ayuntamiento-de-pamplona-reivindicara-el-8-de-marzo-bajo-el-lema-desigualdad-real-justicia-pendiente\\\/\",\"name\":\"El Ayuntamiento de Pamplona reivindicar\u00e1 el 8 de Marzo bajo el lema \u2018Desigualdad real, justicia\u2019 pendiente\u2019\",\"isPartOf\":{\"@id\":\"https:\\\/\\\/www.laguiadepamplona.com\\\/actualidad\\\/#website\"},\"primaryImageOfPage\":{\"@id\":\"https:\\\/\\\/www.laguiadepamplona.com\\\/actualidad\\\/el-ayuntamiento-de-pamplona-reivindicara-el-8-de-marzo-bajo-el-lema-desigualdad-real-justicia-pendiente\\\/#primaryimage\"},\"image\":{\"@id\":\"https:\\\/\\\/www.laguiadepamplona.com\\\/actualidad\\\/el-ayuntamiento-de-pamplona-reivindicara-el-8-de-marzo-bajo-el-lema-desigualdad-real-justicia-pendiente\\\/#primaryimage\"},\"thumbnailUrl\":\"https:\\\/\\\/www.laguiadepamplona.com\\\/actualidad\\\/wp-content\\\/uploads\\\/2025\\\/03\\\/generaleuscas-100.webp\",\"datePublished\":\"2025-03-03T12:29:11+00:00\",\"description\":\"Del 1 al 16 de marzo se est\u00e1n desarrollando un conjunto de actividades vinculadas a la celebraci\u00f3n del D\u00eda Internacional de la Mujeres\",\"breadcrumb\":{\"@id\":\"https:\\\/\\\/www.laguiadepamplona.com\\\/actualidad\\\/el-ayuntamiento-de-pamplona-reivindicara-el-8-de-marzo-bajo-el-lema-desigualdad-real-justicia-pendiente\\\/#breadcrumb\"},\"inLanguage\":\"es\",\"potentialAction\":[{\"@type\":\"ReadAction\",\"target\":[\"https:\\\/\\\/www.laguiadepamplona.com\\\/actualidad\\\/el-ayuntamiento-de-pamplona-reivindicara-el-8-de-marzo-bajo-el-lema-desigualdad-real-justicia-pendiente\\\/\"]}]},{\"@type\":\"ImageObject\",\"inLanguage\":\"es\",\"@id\":\"https:\\\/\\\/www.laguiadepamplona.com\\\/actualidad\\\/el-ayuntamiento-de-pamplona-reivindicara-el-8-de-marzo-bajo-el-lema-desigualdad-real-justicia-pendiente\\\/#primaryimage\",\"url\":\"https:\\\/\\\/www.laguiadepamplona.com\\\/actualidad\\\/wp-content\\\/uploads\\\/2025\\\/03\\\/generaleuscas-100.webp\",\"contentUrl\":\"https:\\\/\\\/www.laguiadepamplona.com\\\/actualidad\\\/wp-content\\\/uploads\\\/2025\\\/03\\\/generaleuscas-100.webp\",\"width\":708,\"height\":1000,\"caption\":\"general\"},{\"@type\":\"BreadcrumbList\",\"@id\":\"https:\\\/\\\/www.laguiadepamplona.com\\\/actualidad\\\/el-ayuntamiento-de-pamplona-reivindicara-el-8-de-marzo-bajo-el-lema-desigualdad-real-justicia-pendiente\\\/#breadcrumb\",\"itemListElement\":[{\"@type\":\"ListItem\",\"position\":1,\"name\":\"Portada\",\"item\":\"https:\\\/\\\/www.laguiadepamplona.com\\\/actualidad\\\/\"},{\"@type\":\"ListItem\",\"position\":2,\"name\":\"El Ayuntamiento de Pamplona reivindicar\u00e1 el 8 de Marzo bajo el lema \u2018Desigualdad real, justicia\u2019 pendiente\u2019\"}]},{\"@type\":\"WebSite\",\"@id\":\"https:\\\/\\\/www.laguiadepamplona.com\\\/actualidad\\\/#website\",\"url\":\"https:\\\/\\\/www.laguiadepamplona.com\\\/actualidad\\\/\",\"name\":\"La gu\u00eda de Pamplona\",\"description\":\"Noticias de Pamplona\",\"publisher\":{\"@id\":\"https:\\\/\\\/www.laguiadepamplona.com\\\/actualidad\\\/#organization\"},\"potentialAction\":[{\"@type\":\"SearchAction\",\"target\":{\"@type\":\"EntryPoint\",\"urlTemplate\":\"https:\\\/\\\/www.laguiadepamplona.com\\\/actualidad\\\/?s={search_term_string}\"},\"query-input\":{\"@type\":\"PropertyValueSpecification\",\"valueRequired\":true,\"valueName\":\"search_term_string\"}}],\"inLanguage\":\"es\"},{\"@type\":\"Organization\",\"@id\":\"https:\\\/\\\/www.laguiadepamplona.com\\\/actualidad\\\/#organization\",\"name\":\"La Gu\u00eda de Pamplona \\\/ Noticias\",\"url\":\"https:\\\/\\\/www.laguiadepamplona.com\\\/actualidad\\\/\",\"logo\":{\"@type\":\"ImageObject\",\"inLanguage\":\"es\",\"@id\":\"https:\\\/\\\/www.laguiadepamplona.com\\\/actualidad\\\/#\\\/schema\\\/logo\\\/image\\\/\",\"url\":\"https:\\\/\\\/www.laguiadepamplona.com\\\/actualidad\\\/wp-content\\\/uploads\\\/2018\\\/11\\\/logo-laguiadepamplona18-web1.png\",\"contentUrl\":\"https:\\\/\\\/www.laguiadepamplona.com\\\/actualidad\\\/wp-content\\\/uploads\\\/2018\\\/11\\\/logo-laguiadepamplona18-web1.png\",\"width\":600,\"height\":196,\"caption\":\"La Gu\u00eda de Pamplona \\\/ Noticias\"},\"image\":{\"@id\":\"https:\\\/\\\/www.laguiadepamplona.com\\\/actualidad\\\/#\\\/schema\\\/logo\\\/image\\\/\"},\"sameAs\":[\"https:\\\/\\\/www.facebook.com\\\/laguiadepamplonacom-133175176762273\\\/?ref=hl\",\"https:\\\/\\\/x.com\\\/LaGuiadPamplona\",\"https:\\\/\\\/www.instagram.com\\\/la_guia_de_pamplona\\\/\",\"https:\\\/\\\/www.youtube.com\\\/user\\\/laguiadepamplona\"]},{\"@type\":\"Person\",\"@id\":\"https:\\\/\\\/www.laguiadepamplona.com\\\/actualidad\\\/#\\\/schema\\\/person\\\/efe887376f0213d4657c93adc50b1fdb\",\"name\":\"La Gu\u00eda de Pamplona\",\"image\":{\"@type\":\"ImageObject\",\"inLanguage\":\"es\",\"@id\":\"https:\\\/\\\/secure.gravatar.com\\\/avatar\\\/b6992f131dc8d30ab0dff15446e9d346d9dbd95992de0fef795073f5ea83a81c?s=96&d=mm&r=g\",\"url\":\"https:\\\/\\\/secure.gravatar.com\\\/avatar\\\/b6992f131dc8d30ab0dff15446e9d346d9dbd95992de0fef795073f5ea83a81c?s=96&d=mm&r=g\",\"contentUrl\":\"https:\\\/\\\/secure.gravatar.com\\\/avatar\\\/b6992f131dc8d30ab0dff15446e9d346d9dbd95992de0fef795073f5ea83a81c?s=96&d=mm&r=g\",\"caption\":\"La Gu\u00eda de Pamplona\"}}]}<\/script>\n<!-- \/ Yoast SEO plugin. -->","yoast_head_json":{"title":"El Ayuntamiento de Pamplona reivindicar\u00e1 el 8 de Marzo bajo el lema \u2018Desigualdad real, justicia\u2019 pendiente\u2019","description":"Del 1 al 16 de marzo se est\u00e1n desarrollando un conjunto de actividades vinculadas a la celebraci\u00f3n del D\u00eda Internacional de la Mujeres","robots":{"index":"index","follow":"follow","max-snippet":"max-snippet:-1","max-image-preview":"max-image-preview:large","max-video-preview":"max-video-preview:-1"},"canonical":"https:\/\/www.laguiadepamplona.com\/actualidad\/el-ayuntamiento-de-pamplona-reivindicara-el-8-de-marzo-bajo-el-lema-desigualdad-real-justicia-pendiente\/","og_locale":"es_ES","og_type":"article","og_title":"El Ayuntamiento de Pamplona reivindicar\u00e1 el 8 de Marzo bajo el lema \u2018Desigualdad real, justicia\u2019 pendiente\u2019","og_description":"Del 1 al 16 de marzo se est\u00e1n desarrollando un conjunto de actividades vinculadas a la celebraci\u00f3n del D\u00eda Internacional de la Mujeres","og_url":"https:\/\/www.laguiadepamplona.com\/actualidad\/el-ayuntamiento-de-pamplona-reivindicara-el-8-de-marzo-bajo-el-lema-desigualdad-real-justicia-pendiente\/","og_site_name":"La Gu\u00eda de Pamplona","article_publisher":"https:\/\/www.facebook.com\/laguiadepamplonacom-133175176762273\/?ref=hl","article_published_time":"2025-03-03T12:29:11+00:00","og_image":[{"width":708,"height":1000,"url":"https:\/\/www.laguiadepamplona.com\/actualidad\/wp-content\/uploads\/2025\/03\/generaleuscas-100.webp","type":"image\/webp"}],"author":"La Gu\u00eda de Pamplona","twitter_card":"summary_large_image","twitter_creator":"@LaGuiadPamplona","twitter_site":"@LaGuiadPamplona","twitter_misc":{"Escrito por":"La Gu\u00eda de Pamplona","Tiempo de lectura":"6 minutos"},"schema":{"@context":"https:\/\/schema.org","@graph":[{"@type":"Article","@id":"https:\/\/www.laguiadepamplona.com\/actualidad\/el-ayuntamiento-de-pamplona-reivindicara-el-8-de-marzo-bajo-el-lema-desigualdad-real-justicia-pendiente\/#article","isPartOf":{"@id":"https:\/\/www.laguiadepamplona.com\/actualidad\/el-ayuntamiento-de-pamplona-reivindicara-el-8-de-marzo-bajo-el-lema-desigualdad-real-justicia-pendiente\/"},"author":{"name":"La Gu\u00eda de Pamplona","@id":"https:\/\/www.laguiadepamplona.com\/actualidad\/#\/schema\/person\/efe887376f0213d4657c93adc50b1fdb"},"headline":"El Ayuntamiento de Pamplona reivindicar\u00e1 el 8 de Marzo bajo el lema \u2018Desigualdad real, justicia\u2019 pendiente\u2019","datePublished":"2025-03-03T12:29:11+00:00","mainEntityOfPage":{"@id":"https:\/\/www.laguiadepamplona.com\/actualidad\/el-ayuntamiento-de-pamplona-reivindicara-el-8-de-marzo-bajo-el-lema-desigualdad-real-justicia-pendiente\/"},"wordCount":1202,"commentCount":0,"publisher":{"@id":"https:\/\/www.laguiadepamplona.com\/actualidad\/#organization"},"image":{"@id":"https:\/\/www.laguiadepamplona.com\/actualidad\/el-ayuntamiento-de-pamplona-reivindicara-el-8-de-marzo-bajo-el-lema-desigualdad-real-justicia-pendiente\/#primaryimage"},"thumbnailUrl":"https:\/\/www.laguiadepamplona.com\/actualidad\/wp-content\/uploads\/2025\/03\/generaleuscas-100.webp","articleSection":["Ayto Pamplona"],"inLanguage":"es","potentialAction":[{"@type":"CommentAction","name":"Comment","target":["https:\/\/www.laguiadepamplona.com\/actualidad\/el-ayuntamiento-de-pamplona-reivindicara-el-8-de-marzo-bajo-el-lema-desigualdad-real-justicia-pendiente\/#respond"]}]},{"@type":"WebPage","@id":"https:\/\/www.laguiadepamplona.com\/actualidad\/el-ayuntamiento-de-pamplona-reivindicara-el-8-de-marzo-bajo-el-lema-desigualdad-real-justicia-pendiente\/","url":"https:\/\/www.laguiadepamplona.com\/actualidad\/el-ayuntamiento-de-pamplona-reivindicara-el-8-de-marzo-bajo-el-lema-desigualdad-real-justicia-pendiente\/","name":"El Ayuntamiento de Pamplona reivindicar\u00e1 el 8 de Marzo bajo el lema \u2018Desigualdad real, justicia\u2019 pendiente\u2019","isPartOf":{"@id":"https:\/\/www.laguiadepamplona.com\/actualidad\/#website"},"primaryImageOfPage":{"@id":"https:\/\/www.laguiadepamplona.com\/actualidad\/el-ayuntamiento-de-pamplona-reivindicara-el-8-de-marzo-bajo-el-lema-desigualdad-real-justicia-pendiente\/#primaryimage"},"image":{"@id":"https:\/\/www.laguiadepamplona.com\/actualidad\/el-ayuntamiento-de-pamplona-reivindicara-el-8-de-marzo-bajo-el-lema-desigualdad-real-justicia-pendiente\/#primaryimage"},"thumbnailUrl":"https:\/\/www.laguiadepamplona.com\/actualidad\/wp-content\/uploads\/2025\/03\/generaleuscas-100.webp","datePublished":"2025-03-03T12:29:11+00:00","description":"Del 1 al 16 de marzo se est\u00e1n desarrollando un conjunto de actividades vinculadas a la celebraci\u00f3n del D\u00eda Internacional de la Mujeres","breadcrumb":{"@id":"https:\/\/www.laguiadepamplona.com\/actualidad\/el-ayuntamiento-de-pamplona-reivindicara-el-8-de-marzo-bajo-el-lema-desigualdad-real-justicia-pendiente\/#breadcrumb"},"inLanguage":"es","potentialAction":[{"@type":"ReadAction","target":["https:\/\/www.laguiadepamplona.com\/actualidad\/el-ayuntamiento-de-pamplona-reivindicara-el-8-de-marzo-bajo-el-lema-desigualdad-real-justicia-pendiente\/"]}]},{"@type":"ImageObject","inLanguage":"es","@id":"https:\/\/www.laguiadepamplona.com\/actualidad\/el-ayuntamiento-de-pamplona-reivindicara-el-8-de-marzo-bajo-el-lema-desigualdad-real-justicia-pendiente\/#primaryimage","url":"https:\/\/www.laguiadepamplona.com\/actualidad\/wp-content\/uploads\/2025\/03\/generaleuscas-100.webp","contentUrl":"https:\/\/www.laguiadepamplona.com\/actualidad\/wp-content\/uploads\/2025\/03\/generaleuscas-100.webp","width":708,"height":1000,"caption":"general"},{"@type":"BreadcrumbList","@id":"https:\/\/www.laguiadepamplona.com\/actualidad\/el-ayuntamiento-de-pamplona-reivindicara-el-8-de-marzo-bajo-el-lema-desigualdad-real-justicia-pendiente\/#breadcrumb","itemListElement":[{"@type":"ListItem","position":1,"name":"Portada","item":"https:\/\/www.laguiadepamplona.com\/actualidad\/"},{"@type":"ListItem","position":2,"name":"El Ayuntamiento de Pamplona reivindicar\u00e1 el 8 de Marzo bajo el lema \u2018Desigualdad real, justicia\u2019 pendiente\u2019"}]},{"@type":"WebSite","@id":"https:\/\/www.laguiadepamplona.com\/actualidad\/#website","url":"https:\/\/www.laguiadepamplona.com\/actualidad\/","name":"La gu\u00eda de Pamplona","description":"Noticias de Pamplona","publisher":{"@id":"https:\/\/www.laguiadepamplona.com\/actualidad\/#organization"},"potentialAction":[{"@type":"SearchAction","target":{"@type":"EntryPoint","urlTemplate":"https:\/\/www.laguiadepamplona.com\/actualidad\/?s={search_term_string}"},"query-input":{"@type":"PropertyValueSpecification","valueRequired":true,"valueName":"search_term_string"}}],"inLanguage":"es"},{"@type":"Organization","@id":"https:\/\/www.laguiadepamplona.com\/actualidad\/#organization","name":"La Gu\u00eda de Pamplona \/ Noticias","url":"https:\/\/www.laguiadepamplona.com\/actualidad\/","logo":{"@type":"ImageObject","inLanguage":"es","@id":"https:\/\/www.laguiadepamplona.com\/actualidad\/#\/schema\/logo\/image\/","url":"https:\/\/www.laguiadepamplona.com\/actualidad\/wp-content\/uploads\/2018\/11\/logo-laguiadepamplona18-web1.png","contentUrl":"https:\/\/www.laguiadepamplona.com\/actualidad\/wp-content\/uploads\/2018\/11\/logo-laguiadepamplona18-web1.png","width":600,"height":196,"caption":"La Gu\u00eda de Pamplona \/ Noticias"},"image":{"@id":"https:\/\/www.laguiadepamplona.com\/actualidad\/#\/schema\/logo\/image\/"},"sameAs":["https:\/\/www.facebook.com\/laguiadepamplonacom-133175176762273\/?ref=hl","https:\/\/x.com\/LaGuiadPamplona","https:\/\/www.instagram.com\/la_guia_de_pamplona\/","https:\/\/www.youtube.com\/user\/laguiadepamplona"]},{"@type":"Person","@id":"https:\/\/www.laguiadepamplona.com\/actualidad\/#\/schema\/person\/efe887376f0213d4657c93adc50b1fdb","name":"La Gu\u00eda de Pamplona","image":{"@type":"ImageObject","inLanguage":"es","@id":"https:\/\/secure.gravatar.com\/avatar\/b6992f131dc8d30ab0dff15446e9d346d9dbd95992de0fef795073f5ea83a81c?s=96&d=mm&r=g","url":"https:\/\/secure.gravatar.com\/avatar\/b6992f131dc8d30ab0dff15446e9d346d9dbd95992de0fef795073f5ea83a81c?s=96&d=mm&r=g","contentUrl":"https:\/\/secure.gravatar.com\/avatar\/b6992f131dc8d30ab0dff15446e9d346d9dbd95992de0fef795073f5ea83a81c?s=96&d=mm&r=g","caption":"La Gu\u00eda de Pamplona"}}]}},"post_mailing_queue_ids":[],"_links":{"self":[{"href":"https:\/\/www.laguiadepamplona.com\/actualidad\/wp-json\/wp\/v2\/posts\/52273","targetHints":{"allow":["GET"]}}],"collection":[{"href":"https:\/\/www.laguiadepamplona.com\/actualidad\/wp-json\/wp\/v2\/posts"}],"about":[{"href":"https:\/\/www.laguiadepamplona.com\/actualidad\/wp-json\/wp\/v2\/types\/post"}],"author":[{"embeddable":true,"href":"https:\/\/www.laguiadepamplona.com\/actualidad\/wp-json\/wp\/v2\/users\/1"}],"replies":[{"embeddable":true,"href":"https:\/\/www.laguiadepamplona.com\/actualidad\/wp-json\/wp\/v2\/comments?post=52273"}],"version-history":[{"count":1,"href":"https:\/\/www.laguiadepamplona.com\/actualidad\/wp-json\/wp\/v2\/posts\/52273\/revisions"}],"predecessor-version":[{"id":52280,"href":"https:\/\/www.laguiadepamplona.com\/actualidad\/wp-json\/wp\/v2\/posts\/52273\/revisions\/52280"}],"wp:featuredmedia":[{"embeddable":true,"href":"https:\/\/www.laguiadepamplona.com\/actualidad\/wp-json\/wp\/v2\/media\/52275"}],"wp:attachment":[{"href":"https:\/\/www.laguiadepamplona.com\/actualidad\/wp-json\/wp\/v2\/media?parent=52273"}],"wp:term":[{"taxonomy":"category","embeddable":true,"href":"https:\/\/www.laguiadepamplona.com\/actualidad\/wp-json\/wp\/v2\/categories?post=52273"},{"taxonomy":"post_tag","embeddable":true,"href":"https:\/\/www.laguiadepamplona.com\/actualidad\/wp-json\/wp\/v2\/tags?post=52273"}],"curies":[{"name":"wp","href":"https:\/\/api.w.org\/{rel}","templated":true}]}}