{"id":52270,"date":"2025-03-03T14:23:57","date_gmt":"2025-03-03T12:23:57","guid":{"rendered":"https:\/\/www.laguiadepamplona.com\/actualidad\/?p=52270"},"modified":"2025-03-03T14:23:57","modified_gmt":"2025-03-03T12:23:57","slug":"el-fronton-labrit-cerrara-del-15-de-julio-al-31-de-diciembre-para-ejecutar-obras-de-mejora-en-eficiencia-energetica-y-la-revision-de-la-cubierta-presupuestadas-en-un-millon-de-euros","status":"publish","type":"post","link":"https:\/\/www.laguiadepamplona.com\/actualidad\/el-fronton-labrit-cerrara-del-15-de-julio-al-31-de-diciembre-para-ejecutar-obras-de-mejora-en-eficiencia-energetica-y-la-revision-de-la-cubierta-presupuestadas-en-un-millon-de-euros\/","title":{"rendered":"El front\u00f3n Labrit cerrar\u00e1 del 15 de julio al 31 de diciembre para ejecutar obras de mejora en eficiencia energ\u00e9tica y la revisi\u00f3n de la cubierta presupuestadas en un mill\u00f3n de euros"},"content":{"rendered":"<h2>Los equipos de aerotermia de producci\u00f3n renovable y los climatizadores se ubicar\u00e1n en una nueva sala de instalaciones sobre la cubierta<\/h2>\n<p><!--more--><\/p>\n<p>El Ayuntamiento de Pamplona va a llevar a cabo en el segundo semestre del a\u00f1o obras de mejora en la eficiencia energ\u00e9tica del front\u00f3n Labrit. Se sustituir\u00e1n los equipos de generaci\u00f3n t\u00e9rmica y de ventilaci\u00f3n por equipos de producci\u00f3n renovable y de recuperaci\u00f3n de energ\u00eda, adem\u00e1s de realizar un chequeo y puesta a punto de la cubierta del edificio. Se prev\u00e9 invertir alrededor de un mill\u00f3n de euros. Las obras conllevar\u00e1n el cierre del front\u00f3n entre el 15 de julio y el 31 de diciembre.<\/p>\n<p>El Ayuntamiento de Pamplona ha recibido 283.257,10 euros, el 31,14% de la inversi\u00f3n total prevista para esas obras, gracias a la convocatoria de \u2018Ayudas para la implantaci\u00f3n de instalaciones de energ\u00edas renovables t\u00e9rmicas en edificios no residenciales, establecimientos e infraestructuras del sector p\u00fablico\u2019, a trav\u00e9s del Fondo de Recuperaci\u00f3n Next Generation EU, centrada en la eficiencia energ\u00e9tica en edificios p\u00fablicos. Con esa ayuda concedida, el Ayuntamiento de Pamplona ha visto la necesidad de acompa\u00f1ar la mejora de instalaciones con un proyecto arquitect\u00f3nico que revisar\u00e1 la cubierta del edificio y su capacidad estructural para acoger las nuevas instalaciones, adem\u00e1s de analizar c\u00f3mo \u00e9stas se integran est\u00e9ticamente en el edificio y entorno, ya que la actuaci\u00f3n cuenta con la peculiaridad de realizarse en el entorno del conjunto hist\u00f3rico del Casco Antiguo de Pamplona, nombrado Bien de Inter\u00e9s Cultural desde 1968. Este proyecto se enmarca en las acciones emprendidas por el Ayuntamiento de Pamplona para convertirse en Capital Mundial de la Pelota.<\/p>\n<p>El concejal delegado de Ciudad Habitable y Sostenible, Borja Izagirre Larra\u00f1aga, ha explicado los detalles de un proyecto que comprende la descarbonizaci\u00f3n de sus instalaciones de generaci\u00f3n t\u00e9rmica y su sustituci\u00f3n por equipos de generaci\u00f3n renovable y alta eficiencia, la reubicaci\u00f3n de la sala de m\u00e1quinas en una de las cubiertas del front\u00f3n, junto con las adecuaciones necesarias para el cumplimiento de la normativa vigente. En la actualidad, el front\u00f3n dispone de un sistema de generaci\u00f3n t\u00e9rmica mediante equipos poco eficientes y con fuentes de energ\u00eda de origen f\u00f3sil, como el gas natural. Se prev\u00e9 que el proyecto definitivo est\u00e9 listo tras la Semana Santa, de modo que las obras se liciten en el mes de mayo y puedan comenzar despu\u00e9s de las fiestas de San Ferm\u00edn.<\/p>\n<p><strong>Nueva sala de instalaciones en la cubierta<\/strong><\/p>\n<p>Se apuesta por nuevos equipos de aerotermia o bombas de calor de producci\u00f3n renovable, as\u00ed como por la instalaci\u00f3n de dos nuevos climatizadores con recuperaci\u00f3n de energ\u00eda. La nueva sala de instalaciones se llevar\u00e1 a cabo sobre la cubierta del front\u00f3n, en su fachada suroeste, hacia la Bajada de Labrit. Se deber\u00e1 tambi\u00e9n reubicar all\u00ed la maquinaria que actualmente se ha colocado en el exterior, sobre el muro de la cancha, con la climatizaci\u00f3n de las oficinas de la Federaci\u00f3n Navarra de Pelota. Se aprovechar\u00e1 la actuaci\u00f3n para reponer algunas zonas de la cubierta que generan goteras.<\/p>\n<p>La nueva instalaci\u00f3n conlleva una importante obra civil asociada, en la que resulta necesaria la comprobaci\u00f3n de estructuras en la cubierta que dar\u00e1n soporte a la maquinaria y sus conducciones, as\u00ed como las definiciones t\u00e9cnicas de impermeabilizaci\u00f3n que se requieren para el correcto desag\u00fce y evacuaci\u00f3n de las aguas pluviales. Asimismo, se deber\u00e1 habilitar un acceso seguro para el mantenimiento de la maquinaria y las cubiertas. Los actuales sistemas se implantaron en la reforma integral del front\u00f3n se realiz\u00f3 de forma previa a la celebraci\u00f3n del Mundial de Pelota de 2020, en el que el Labrit fue sede principal.<\/p>\n<p>Al tratarse de un edificio de car\u00e1cter muy singular y ubicado en una zona de actuaci\u00f3n especial como es el Casco Antiguo, los nuevos elementos se deben disponer dentro del edificio de una manera cuidada y estudiada. De cara al exterior, la actuaci\u00f3n debe exigir la minimizaci\u00f3n de su impacto en la imagen de los alzados y volumetr\u00eda del edificio. Estos aspectos ser\u00e1n tramitados con la Instituci\u00f3n Pr\u00edncipe de Viana para su aprobaci\u00f3n.<\/p>\n<p><strong>Centro de Interpretaci\u00f3n de la Pelota Vasca<\/strong><\/p>\n<p>Se prev\u00e9 que estas obras de mejora de la eficiencia energ\u00e9tica del front\u00f3n Labrit finalicen para finales de a\u00f1o. De esta forma, a principios de 2026, se podr\u00edan iniciar las obras de construcci\u00f3n del Centro de Interpretaci\u00f3n de la Pelota Vasca para dar continuidad as\u00ed a los proyectos de ciudad vinculados a la Capitalidad Mundial de la Pelota. En diciembre y enero se celebr\u00f3 un proceso participativo para dar a conocer las propuestas, para poder analizarlas y evaluarlas y para recoger sugerencias y mejoras a las cinco propuestas seleccionadas por el jurado t\u00e9cnico.<\/p>\n<p>Las propuestas elegidas son \u2018Pareten Mintzoa\u2019 de O Arquitectura SLP; \u2018Plaza eta horma\u2019 de Pereda P\u00e9rez Arquitectos SCP, \u00cd\u00f1igo Beguiristain Rep\u00e1raz y Jokin Lecumberri Larrea; \u2018Hangar\u2019 de Moest Soc. Microcooperativa Profesional y Tadeo Ciaurriz Taberna; \u2018Entremuros\u2019 de OM Arq SLP; y \u2018Trinketeka\u2019 de Jes\u00fas Leache Resano y Fernando Tabuenca Gonz\u00e1lez. Los cinco proyectos apuestan por edificios vers\u00e1tiles, con uno o varios vol\u00famenes, e incluso con parte soterrada, inspirados en su mayor\u00eda en formas, dimensiones o tradiciones de los frontones.<\/p>\n<p>Las cinco propuestas recogen edificios de consumo casi nulo con diferentes opciones de energ\u00edas verdes, nuevos lugares de encuentro interiores y exteriores y la peatonalizaci\u00f3n del espacio en el que se ubicar\u00e1 el edificio, en la trasera de la Plaza de Toros, delimitado por el paseo de Hemingway, la calle Aralar y el paseo Juan Moya Bernedo. Las aportaciones del proceso participativo se est\u00e1n incluyendo en un informe que se remitir\u00e1 a los equipos redactores para que las integren en sus proyectos definitivos. El jurado t\u00e9cnico decidir\u00e1 entonces la propuesta ganadora.<\/p>\n<p><strong>Capitalidad Mundial de la Pelota<\/strong><\/p>\n<p>El proyecto \u2018Pamplona, Capital Mundial de la Pelota Vasca\u2019 es una iniciativa recogida en la Agenda Urbana Pamplona 2030. Se trata de un proyecto transversal que parte de la tradici\u00f3n pelotazale de la ciudad para construir una apuesta tur\u00edstica y cultural basada en la sostenibilidad, el arraigo y la innovaci\u00f3n. El proyecto se articula en nueve l\u00edneas de trabajo y cuenta con m\u00e1s de una treintena de acciones en \u00e1mbitos como el deportivo, el tur\u00edstico o el social.<\/p>\n<p>Adem\u00e1s del Ayuntamiento de Pamplona, en pro de esa capitalidad trabajan la Federaci\u00f3n Internacional de Pelota Vasca; el Gobierno de Navarra, a trav\u00e9s de los departamentos de Cultura, Deporte y Turismo y de Memoria y Convivencia, Acci\u00f3n Exterior y Euskera; la Federaci\u00f3n Navarra de Pelota; o la Asociaci\u00f3n Cultural Navarra de Pelota Vasca \u2013 Napike. Desde febrero del a\u00f1o pasado trabaja una Mesa de la Pelota para concretar las acciones que se derivan de este proyecto.<\/p>\n<p>En paralelo a esta l\u00ednea de trabajo, Pamplona lidera el proyecto transfronterizo IRUHBI, financiado con 2,3 millones de euros a trav\u00e9s del programa europeo Interreg VI Espa\u00f1a-Francia-Andorra (POCTEFA 2021-2027). Colaboran los ayuntamientos de Huarte y Biarritz, la Federaci\u00f3n Navarra de Pelota Vasca, el Comit\u00e9 Territorial Pays Basque de Pelote Basque (Federaci\u00f3n Francesa), la Association Biarritz Athl\u00e9tic Club y de la Comunidad de Aglomeraci\u00f3n del Pa\u00eds Vasco (CAPB), as\u00ed como del Gobierno de Navarra.<\/p>\n<p>El proyecto trabaja el desarrollo de un producto tur\u00edstico transfronterizo en torno a este deporte, de manera que se genere un elemento que ayude a diversificar y desestacionalizar la oferta tur\u00edstica del territorio. Entre los proyectos financiados por este programa se encuentra la pr\u00f3xima construcci\u00f3n del Centro de Interpretaci\u00f3n de la Pelota Vasca.<\/p>\n","protected":false},"excerpt":{"rendered":"<p>Los equipos de aerotermia de producci\u00f3n renovable y los climatizadores se ubicar\u00e1n en una nueva sala de instalaciones sobre la cubierta<\/p>\n","protected":false},"author":1,"featured_media":52271,"comment_status":"open","ping_status":"closed","sticky":false,"template":"","format":"standard","meta":{"footnotes":""},"categories":[2],"tags":[],"class_list":["post-52270","post","type-post","status-publish","format-standard","has-post-thumbnail","hentry","category-ayuntamiento-pamplona"],"yoast_head":"<!-- This site is optimized with the Yoast SEO plugin v27.3 - https:\/\/yoast.com\/product\/yoast-seo-wordpress\/ -->\n<title>El front\u00f3n Labrit cerrar\u00e1 del 15 de julio al 31 de diciembre para ejecutar obras de mejora en eficiencia energ\u00e9tica y la revisi\u00f3n de la cubierta presupuestadas en un mill\u00f3n de euros<\/title>\n<meta name=\"description\" content=\"Los equipos de aerotermia de producci\u00f3n renovable y los climatizadores se ubicar\u00e1n en una nueva sala de instalaciones sobre la cubierta\" \/>\n<meta name=\"robots\" content=\"index, follow, max-snippet:-1, max-image-preview:large, max-video-preview:-1\" \/>\n<link rel=\"canonical\" href=\"https:\/\/www.laguiadepamplona.com\/actualidad\/el-fronton-labrit-cerrara-del-15-de-julio-al-31-de-diciembre-para-ejecutar-obras-de-mejora-en-eficiencia-energetica-y-la-revision-de-la-cubierta-presupuestadas-en-un-millon-de-euros\/\" \/>\n<meta property=\"og:locale\" content=\"es_ES\" \/>\n<meta property=\"og:type\" content=\"article\" \/>\n<meta property=\"og:title\" content=\"El front\u00f3n Labrit cerrar\u00e1 del 15 de julio al 31 de diciembre para ejecutar obras de mejora en eficiencia energ\u00e9tica y la revisi\u00f3n de la cubierta presupuestadas en un mill\u00f3n de euros\" \/>\n<meta property=\"og:description\" content=\"Los equipos de aerotermia de producci\u00f3n renovable y los climatizadores se ubicar\u00e1n en una nueva sala de instalaciones sobre la cubierta\" \/>\n<meta property=\"og:url\" content=\"https:\/\/www.laguiadepamplona.com\/actualidad\/el-fronton-labrit-cerrara-del-15-de-julio-al-31-de-diciembre-para-ejecutar-obras-de-mejora-en-eficiencia-energetica-y-la-revision-de-la-cubierta-presupuestadas-en-un-millon-de-euros\/\" \/>\n<meta property=\"og:site_name\" content=\"La Gu\u00eda de Pamplona\" \/>\n<meta property=\"article:publisher\" content=\"https:\/\/www.facebook.com\/laguiadepamplonacom-133175176762273\/?ref=hl\" \/>\n<meta property=\"article:published_time\" content=\"2025-03-03T12:23:57+00:00\" \/>\n<meta property=\"og:image\" content=\"https:\/\/www.laguiadepamplona.com\/actualidad\/wp-content\/uploads\/2025\/03\/fronton_labrit_web.webp\" \/>\n\t<meta property=\"og:image:width\" content=\"1000\" \/>\n\t<meta property=\"og:image:height\" content=\"655\" \/>\n\t<meta property=\"og:image:type\" content=\"image\/webp\" \/>\n<meta name=\"author\" content=\"La Gu\u00eda de Pamplona\" \/>\n<meta name=\"twitter:card\" content=\"summary_large_image\" \/>\n<meta name=\"twitter:creator\" content=\"@LaGuiadPamplona\" \/>\n<meta name=\"twitter:site\" content=\"@LaGuiadPamplona\" \/>\n<meta name=\"twitter:label1\" content=\"Escrito por\" \/>\n\t<meta name=\"twitter:data1\" content=\"La Gu\u00eda de Pamplona\" \/>\n\t<meta name=\"twitter:label2\" content=\"Tiempo de lectura\" \/>\n\t<meta name=\"twitter:data2\" content=\"6 minutos\" \/>\n<script type=\"application\/ld+json\" class=\"yoast-schema-graph\">{\"@context\":\"https:\\\/\\\/schema.org\",\"@graph\":[{\"@type\":\"Article\",\"@id\":\"https:\\\/\\\/www.laguiadepamplona.com\\\/actualidad\\\/el-fronton-labrit-cerrara-del-15-de-julio-al-31-de-diciembre-para-ejecutar-obras-de-mejora-en-eficiencia-energetica-y-la-revision-de-la-cubierta-presupuestadas-en-un-millon-de-euros\\\/#article\",\"isPartOf\":{\"@id\":\"https:\\\/\\\/www.laguiadepamplona.com\\\/actualidad\\\/el-fronton-labrit-cerrara-del-15-de-julio-al-31-de-diciembre-para-ejecutar-obras-de-mejora-en-eficiencia-energetica-y-la-revision-de-la-cubierta-presupuestadas-en-un-millon-de-euros\\\/\"},\"author\":{\"name\":\"La Gu\u00eda de Pamplona\",\"@id\":\"https:\\\/\\\/www.laguiadepamplona.com\\\/actualidad\\\/#\\\/schema\\\/person\\\/efe887376f0213d4657c93adc50b1fdb\"},\"headline\":\"El front\u00f3n Labrit cerrar\u00e1 del 15 de julio al 31 de diciembre para ejecutar obras de mejora en eficiencia energ\u00e9tica y la revisi\u00f3n de la cubierta presupuestadas en un mill\u00f3n de euros\",\"datePublished\":\"2025-03-03T12:23:57+00:00\",\"mainEntityOfPage\":{\"@id\":\"https:\\\/\\\/www.laguiadepamplona.com\\\/actualidad\\\/el-fronton-labrit-cerrara-del-15-de-julio-al-31-de-diciembre-para-ejecutar-obras-de-mejora-en-eficiencia-energetica-y-la-revision-de-la-cubierta-presupuestadas-en-un-millon-de-euros\\\/\"},\"wordCount\":1368,\"commentCount\":0,\"publisher\":{\"@id\":\"https:\\\/\\\/www.laguiadepamplona.com\\\/actualidad\\\/#organization\"},\"image\":{\"@id\":\"https:\\\/\\\/www.laguiadepamplona.com\\\/actualidad\\\/el-fronton-labrit-cerrara-del-15-de-julio-al-31-de-diciembre-para-ejecutar-obras-de-mejora-en-eficiencia-energetica-y-la-revision-de-la-cubierta-presupuestadas-en-un-millon-de-euros\\\/#primaryimage\"},\"thumbnailUrl\":\"https:\\\/\\\/www.laguiadepamplona.com\\\/actualidad\\\/wp-content\\\/uploads\\\/2025\\\/03\\\/fronton_labrit_web.webp\",\"articleSection\":[\"Ayto Pamplona\"],\"inLanguage\":\"es\",\"potentialAction\":[{\"@type\":\"CommentAction\",\"name\":\"Comment\",\"target\":[\"https:\\\/\\\/www.laguiadepamplona.com\\\/actualidad\\\/el-fronton-labrit-cerrara-del-15-de-julio-al-31-de-diciembre-para-ejecutar-obras-de-mejora-en-eficiencia-energetica-y-la-revision-de-la-cubierta-presupuestadas-en-un-millon-de-euros\\\/#respond\"]}]},{\"@type\":\"WebPage\",\"@id\":\"https:\\\/\\\/www.laguiadepamplona.com\\\/actualidad\\\/el-fronton-labrit-cerrara-del-15-de-julio-al-31-de-diciembre-para-ejecutar-obras-de-mejora-en-eficiencia-energetica-y-la-revision-de-la-cubierta-presupuestadas-en-un-millon-de-euros\\\/\",\"url\":\"https:\\\/\\\/www.laguiadepamplona.com\\\/actualidad\\\/el-fronton-labrit-cerrara-del-15-de-julio-al-31-de-diciembre-para-ejecutar-obras-de-mejora-en-eficiencia-energetica-y-la-revision-de-la-cubierta-presupuestadas-en-un-millon-de-euros\\\/\",\"name\":\"El front\u00f3n Labrit cerrar\u00e1 del 15 de julio al 31 de diciembre para ejecutar obras de mejora en eficiencia energ\u00e9tica y la revisi\u00f3n de la cubierta presupuestadas en un mill\u00f3n de euros\",\"isPartOf\":{\"@id\":\"https:\\\/\\\/www.laguiadepamplona.com\\\/actualidad\\\/#website\"},\"primaryImageOfPage\":{\"@id\":\"https:\\\/\\\/www.laguiadepamplona.com\\\/actualidad\\\/el-fronton-labrit-cerrara-del-15-de-julio-al-31-de-diciembre-para-ejecutar-obras-de-mejora-en-eficiencia-energetica-y-la-revision-de-la-cubierta-presupuestadas-en-un-millon-de-euros\\\/#primaryimage\"},\"image\":{\"@id\":\"https:\\\/\\\/www.laguiadepamplona.com\\\/actualidad\\\/el-fronton-labrit-cerrara-del-15-de-julio-al-31-de-diciembre-para-ejecutar-obras-de-mejora-en-eficiencia-energetica-y-la-revision-de-la-cubierta-presupuestadas-en-un-millon-de-euros\\\/#primaryimage\"},\"thumbnailUrl\":\"https:\\\/\\\/www.laguiadepamplona.com\\\/actualidad\\\/wp-content\\\/uploads\\\/2025\\\/03\\\/fronton_labrit_web.webp\",\"datePublished\":\"2025-03-03T12:23:57+00:00\",\"description\":\"Los equipos de aerotermia de producci\u00f3n renovable y los climatizadores se ubicar\u00e1n en una nueva sala de instalaciones sobre la cubierta\",\"breadcrumb\":{\"@id\":\"https:\\\/\\\/www.laguiadepamplona.com\\\/actualidad\\\/el-fronton-labrit-cerrara-del-15-de-julio-al-31-de-diciembre-para-ejecutar-obras-de-mejora-en-eficiencia-energetica-y-la-revision-de-la-cubierta-presupuestadas-en-un-millon-de-euros\\\/#breadcrumb\"},\"inLanguage\":\"es\",\"potentialAction\":[{\"@type\":\"ReadAction\",\"target\":[\"https:\\\/\\\/www.laguiadepamplona.com\\\/actualidad\\\/el-fronton-labrit-cerrara-del-15-de-julio-al-31-de-diciembre-para-ejecutar-obras-de-mejora-en-eficiencia-energetica-y-la-revision-de-la-cubierta-presupuestadas-en-un-millon-de-euros\\\/\"]}]},{\"@type\":\"ImageObject\",\"inLanguage\":\"es\",\"@id\":\"https:\\\/\\\/www.laguiadepamplona.com\\\/actualidad\\\/el-fronton-labrit-cerrara-del-15-de-julio-al-31-de-diciembre-para-ejecutar-obras-de-mejora-en-eficiencia-energetica-y-la-revision-de-la-cubierta-presupuestadas-en-un-millon-de-euros\\\/#primaryimage\",\"url\":\"https:\\\/\\\/www.laguiadepamplona.com\\\/actualidad\\\/wp-content\\\/uploads\\\/2025\\\/03\\\/fronton_labrit_web.webp\",\"contentUrl\":\"https:\\\/\\\/www.laguiadepamplona.com\\\/actualidad\\\/wp-content\\\/uploads\\\/2025\\\/03\\\/fronton_labrit_web.webp\",\"width\":1000,\"height\":655,\"caption\":\"front\u00f3n Labrit\"},{\"@type\":\"BreadcrumbList\",\"@id\":\"https:\\\/\\\/www.laguiadepamplona.com\\\/actualidad\\\/el-fronton-labrit-cerrara-del-15-de-julio-al-31-de-diciembre-para-ejecutar-obras-de-mejora-en-eficiencia-energetica-y-la-revision-de-la-cubierta-presupuestadas-en-un-millon-de-euros\\\/#breadcrumb\",\"itemListElement\":[{\"@type\":\"ListItem\",\"position\":1,\"name\":\"Portada\",\"item\":\"https:\\\/\\\/www.laguiadepamplona.com\\\/actualidad\\\/\"},{\"@type\":\"ListItem\",\"position\":2,\"name\":\"El front\u00f3n Labrit cerrar\u00e1 del 15 de julio al 31 de diciembre para ejecutar obras de mejora en eficiencia energ\u00e9tica y la revisi\u00f3n de la cubierta presupuestadas en un mill\u00f3n de euros\"}]},{\"@type\":\"WebSite\",\"@id\":\"https:\\\/\\\/www.laguiadepamplona.com\\\/actualidad\\\/#website\",\"url\":\"https:\\\/\\\/www.laguiadepamplona.com\\\/actualidad\\\/\",\"name\":\"La gu\u00eda de Pamplona\",\"description\":\"Noticias de Pamplona\",\"publisher\":{\"@id\":\"https:\\\/\\\/www.laguiadepamplona.com\\\/actualidad\\\/#organization\"},\"potentialAction\":[{\"@type\":\"SearchAction\",\"target\":{\"@type\":\"EntryPoint\",\"urlTemplate\":\"https:\\\/\\\/www.laguiadepamplona.com\\\/actualidad\\\/?s={search_term_string}\"},\"query-input\":{\"@type\":\"PropertyValueSpecification\",\"valueRequired\":true,\"valueName\":\"search_term_string\"}}],\"inLanguage\":\"es\"},{\"@type\":\"Organization\",\"@id\":\"https:\\\/\\\/www.laguiadepamplona.com\\\/actualidad\\\/#organization\",\"name\":\"La Gu\u00eda de Pamplona \\\/ Noticias\",\"url\":\"https:\\\/\\\/www.laguiadepamplona.com\\\/actualidad\\\/\",\"logo\":{\"@type\":\"ImageObject\",\"inLanguage\":\"es\",\"@id\":\"https:\\\/\\\/www.laguiadepamplona.com\\\/actualidad\\\/#\\\/schema\\\/logo\\\/image\\\/\",\"url\":\"https:\\\/\\\/www.laguiadepamplona.com\\\/actualidad\\\/wp-content\\\/uploads\\\/2018\\\/11\\\/logo-laguiadepamplona18-web1.png\",\"contentUrl\":\"https:\\\/\\\/www.laguiadepamplona.com\\\/actualidad\\\/wp-content\\\/uploads\\\/2018\\\/11\\\/logo-laguiadepamplona18-web1.png\",\"width\":600,\"height\":196,\"caption\":\"La Gu\u00eda de Pamplona \\\/ Noticias\"},\"image\":{\"@id\":\"https:\\\/\\\/www.laguiadepamplona.com\\\/actualidad\\\/#\\\/schema\\\/logo\\\/image\\\/\"},\"sameAs\":[\"https:\\\/\\\/www.facebook.com\\\/laguiadepamplonacom-133175176762273\\\/?ref=hl\",\"https:\\\/\\\/x.com\\\/LaGuiadPamplona\",\"https:\\\/\\\/www.instagram.com\\\/la_guia_de_pamplona\\\/\",\"https:\\\/\\\/www.youtube.com\\\/user\\\/laguiadepamplona\"]},{\"@type\":\"Person\",\"@id\":\"https:\\\/\\\/www.laguiadepamplona.com\\\/actualidad\\\/#\\\/schema\\\/person\\\/efe887376f0213d4657c93adc50b1fdb\",\"name\":\"La Gu\u00eda de Pamplona\",\"image\":{\"@type\":\"ImageObject\",\"inLanguage\":\"es\",\"@id\":\"https:\\\/\\\/secure.gravatar.com\\\/avatar\\\/b6992f131dc8d30ab0dff15446e9d346d9dbd95992de0fef795073f5ea83a81c?s=96&d=mm&r=g\",\"url\":\"https:\\\/\\\/secure.gravatar.com\\\/avatar\\\/b6992f131dc8d30ab0dff15446e9d346d9dbd95992de0fef795073f5ea83a81c?s=96&d=mm&r=g\",\"contentUrl\":\"https:\\\/\\\/secure.gravatar.com\\\/avatar\\\/b6992f131dc8d30ab0dff15446e9d346d9dbd95992de0fef795073f5ea83a81c?s=96&d=mm&r=g\",\"caption\":\"La Gu\u00eda de Pamplona\"}}]}<\/script>\n<!-- \/ Yoast SEO plugin. -->","yoast_head_json":{"title":"El front\u00f3n Labrit cerrar\u00e1 del 15 de julio al 31 de diciembre para ejecutar obras de mejora en eficiencia energ\u00e9tica y la revisi\u00f3n de la cubierta presupuestadas en un mill\u00f3n de euros","description":"Los equipos de aerotermia de producci\u00f3n renovable y los climatizadores se ubicar\u00e1n en una nueva sala de instalaciones sobre la cubierta","robots":{"index":"index","follow":"follow","max-snippet":"max-snippet:-1","max-image-preview":"max-image-preview:large","max-video-preview":"max-video-preview:-1"},"canonical":"https:\/\/www.laguiadepamplona.com\/actualidad\/el-fronton-labrit-cerrara-del-15-de-julio-al-31-de-diciembre-para-ejecutar-obras-de-mejora-en-eficiencia-energetica-y-la-revision-de-la-cubierta-presupuestadas-en-un-millon-de-euros\/","og_locale":"es_ES","og_type":"article","og_title":"El front\u00f3n Labrit cerrar\u00e1 del 15 de julio al 31 de diciembre para ejecutar obras de mejora en eficiencia energ\u00e9tica y la revisi\u00f3n de la cubierta presupuestadas en un mill\u00f3n de euros","og_description":"Los equipos de aerotermia de producci\u00f3n renovable y los climatizadores se ubicar\u00e1n en una nueva sala de instalaciones sobre la cubierta","og_url":"https:\/\/www.laguiadepamplona.com\/actualidad\/el-fronton-labrit-cerrara-del-15-de-julio-al-31-de-diciembre-para-ejecutar-obras-de-mejora-en-eficiencia-energetica-y-la-revision-de-la-cubierta-presupuestadas-en-un-millon-de-euros\/","og_site_name":"La Gu\u00eda de Pamplona","article_publisher":"https:\/\/www.facebook.com\/laguiadepamplonacom-133175176762273\/?ref=hl","article_published_time":"2025-03-03T12:23:57+00:00","og_image":[{"width":1000,"height":655,"url":"https:\/\/www.laguiadepamplona.com\/actualidad\/wp-content\/uploads\/2025\/03\/fronton_labrit_web.webp","type":"image\/webp"}],"author":"La Gu\u00eda de Pamplona","twitter_card":"summary_large_image","twitter_creator":"@LaGuiadPamplona","twitter_site":"@LaGuiadPamplona","twitter_misc":{"Escrito por":"La Gu\u00eda de Pamplona","Tiempo de lectura":"6 minutos"},"schema":{"@context":"https:\/\/schema.org","@graph":[{"@type":"Article","@id":"https:\/\/www.laguiadepamplona.com\/actualidad\/el-fronton-labrit-cerrara-del-15-de-julio-al-31-de-diciembre-para-ejecutar-obras-de-mejora-en-eficiencia-energetica-y-la-revision-de-la-cubierta-presupuestadas-en-un-millon-de-euros\/#article","isPartOf":{"@id":"https:\/\/www.laguiadepamplona.com\/actualidad\/el-fronton-labrit-cerrara-del-15-de-julio-al-31-de-diciembre-para-ejecutar-obras-de-mejora-en-eficiencia-energetica-y-la-revision-de-la-cubierta-presupuestadas-en-un-millon-de-euros\/"},"author":{"name":"La Gu\u00eda de Pamplona","@id":"https:\/\/www.laguiadepamplona.com\/actualidad\/#\/schema\/person\/efe887376f0213d4657c93adc50b1fdb"},"headline":"El front\u00f3n Labrit cerrar\u00e1 del 15 de julio al 31 de diciembre para ejecutar obras de mejora en eficiencia energ\u00e9tica y la revisi\u00f3n de la cubierta presupuestadas en un mill\u00f3n de euros","datePublished":"2025-03-03T12:23:57+00:00","mainEntityOfPage":{"@id":"https:\/\/www.laguiadepamplona.com\/actualidad\/el-fronton-labrit-cerrara-del-15-de-julio-al-31-de-diciembre-para-ejecutar-obras-de-mejora-en-eficiencia-energetica-y-la-revision-de-la-cubierta-presupuestadas-en-un-millon-de-euros\/"},"wordCount":1368,"commentCount":0,"publisher":{"@id":"https:\/\/www.laguiadepamplona.com\/actualidad\/#organization"},"image":{"@id":"https:\/\/www.laguiadepamplona.com\/actualidad\/el-fronton-labrit-cerrara-del-15-de-julio-al-31-de-diciembre-para-ejecutar-obras-de-mejora-en-eficiencia-energetica-y-la-revision-de-la-cubierta-presupuestadas-en-un-millon-de-euros\/#primaryimage"},"thumbnailUrl":"https:\/\/www.laguiadepamplona.com\/actualidad\/wp-content\/uploads\/2025\/03\/fronton_labrit_web.webp","articleSection":["Ayto Pamplona"],"inLanguage":"es","potentialAction":[{"@type":"CommentAction","name":"Comment","target":["https:\/\/www.laguiadepamplona.com\/actualidad\/el-fronton-labrit-cerrara-del-15-de-julio-al-31-de-diciembre-para-ejecutar-obras-de-mejora-en-eficiencia-energetica-y-la-revision-de-la-cubierta-presupuestadas-en-un-millon-de-euros\/#respond"]}]},{"@type":"WebPage","@id":"https:\/\/www.laguiadepamplona.com\/actualidad\/el-fronton-labrit-cerrara-del-15-de-julio-al-31-de-diciembre-para-ejecutar-obras-de-mejora-en-eficiencia-energetica-y-la-revision-de-la-cubierta-presupuestadas-en-un-millon-de-euros\/","url":"https:\/\/www.laguiadepamplona.com\/actualidad\/el-fronton-labrit-cerrara-del-15-de-julio-al-31-de-diciembre-para-ejecutar-obras-de-mejora-en-eficiencia-energetica-y-la-revision-de-la-cubierta-presupuestadas-en-un-millon-de-euros\/","name":"El front\u00f3n Labrit cerrar\u00e1 del 15 de julio al 31 de diciembre para ejecutar obras de mejora en eficiencia energ\u00e9tica y la revisi\u00f3n de la cubierta presupuestadas en un mill\u00f3n de euros","isPartOf":{"@id":"https:\/\/www.laguiadepamplona.com\/actualidad\/#website"},"primaryImageOfPage":{"@id":"https:\/\/www.laguiadepamplona.com\/actualidad\/el-fronton-labrit-cerrara-del-15-de-julio-al-31-de-diciembre-para-ejecutar-obras-de-mejora-en-eficiencia-energetica-y-la-revision-de-la-cubierta-presupuestadas-en-un-millon-de-euros\/#primaryimage"},"image":{"@id":"https:\/\/www.laguiadepamplona.com\/actualidad\/el-fronton-labrit-cerrara-del-15-de-julio-al-31-de-diciembre-para-ejecutar-obras-de-mejora-en-eficiencia-energetica-y-la-revision-de-la-cubierta-presupuestadas-en-un-millon-de-euros\/#primaryimage"},"thumbnailUrl":"https:\/\/www.laguiadepamplona.com\/actualidad\/wp-content\/uploads\/2025\/03\/fronton_labrit_web.webp","datePublished":"2025-03-03T12:23:57+00:00","description":"Los equipos de aerotermia de producci\u00f3n renovable y los climatizadores se ubicar\u00e1n en una nueva sala de instalaciones sobre la cubierta","breadcrumb":{"@id":"https:\/\/www.laguiadepamplona.com\/actualidad\/el-fronton-labrit-cerrara-del-15-de-julio-al-31-de-diciembre-para-ejecutar-obras-de-mejora-en-eficiencia-energetica-y-la-revision-de-la-cubierta-presupuestadas-en-un-millon-de-euros\/#breadcrumb"},"inLanguage":"es","potentialAction":[{"@type":"ReadAction","target":["https:\/\/www.laguiadepamplona.com\/actualidad\/el-fronton-labrit-cerrara-del-15-de-julio-al-31-de-diciembre-para-ejecutar-obras-de-mejora-en-eficiencia-energetica-y-la-revision-de-la-cubierta-presupuestadas-en-un-millon-de-euros\/"]}]},{"@type":"ImageObject","inLanguage":"es","@id":"https:\/\/www.laguiadepamplona.com\/actualidad\/el-fronton-labrit-cerrara-del-15-de-julio-al-31-de-diciembre-para-ejecutar-obras-de-mejora-en-eficiencia-energetica-y-la-revision-de-la-cubierta-presupuestadas-en-un-millon-de-euros\/#primaryimage","url":"https:\/\/www.laguiadepamplona.com\/actualidad\/wp-content\/uploads\/2025\/03\/fronton_labrit_web.webp","contentUrl":"https:\/\/www.laguiadepamplona.com\/actualidad\/wp-content\/uploads\/2025\/03\/fronton_labrit_web.webp","width":1000,"height":655,"caption":"front\u00f3n Labrit"},{"@type":"BreadcrumbList","@id":"https:\/\/www.laguiadepamplona.com\/actualidad\/el-fronton-labrit-cerrara-del-15-de-julio-al-31-de-diciembre-para-ejecutar-obras-de-mejora-en-eficiencia-energetica-y-la-revision-de-la-cubierta-presupuestadas-en-un-millon-de-euros\/#breadcrumb","itemListElement":[{"@type":"ListItem","position":1,"name":"Portada","item":"https:\/\/www.laguiadepamplona.com\/actualidad\/"},{"@type":"ListItem","position":2,"name":"El front\u00f3n Labrit cerrar\u00e1 del 15 de julio al 31 de diciembre para ejecutar obras de mejora en eficiencia energ\u00e9tica y la revisi\u00f3n de la cubierta presupuestadas en un mill\u00f3n de euros"}]},{"@type":"WebSite","@id":"https:\/\/www.laguiadepamplona.com\/actualidad\/#website","url":"https:\/\/www.laguiadepamplona.com\/actualidad\/","name":"La gu\u00eda de Pamplona","description":"Noticias de Pamplona","publisher":{"@id":"https:\/\/www.laguiadepamplona.com\/actualidad\/#organization"},"potentialAction":[{"@type":"SearchAction","target":{"@type":"EntryPoint","urlTemplate":"https:\/\/www.laguiadepamplona.com\/actualidad\/?s={search_term_string}"},"query-input":{"@type":"PropertyValueSpecification","valueRequired":true,"valueName":"search_term_string"}}],"inLanguage":"es"},{"@type":"Organization","@id":"https:\/\/www.laguiadepamplona.com\/actualidad\/#organization","name":"La Gu\u00eda de Pamplona \/ Noticias","url":"https:\/\/www.laguiadepamplona.com\/actualidad\/","logo":{"@type":"ImageObject","inLanguage":"es","@id":"https:\/\/www.laguiadepamplona.com\/actualidad\/#\/schema\/logo\/image\/","url":"https:\/\/www.laguiadepamplona.com\/actualidad\/wp-content\/uploads\/2018\/11\/logo-laguiadepamplona18-web1.png","contentUrl":"https:\/\/www.laguiadepamplona.com\/actualidad\/wp-content\/uploads\/2018\/11\/logo-laguiadepamplona18-web1.png","width":600,"height":196,"caption":"La Gu\u00eda de Pamplona \/ Noticias"},"image":{"@id":"https:\/\/www.laguiadepamplona.com\/actualidad\/#\/schema\/logo\/image\/"},"sameAs":["https:\/\/www.facebook.com\/laguiadepamplonacom-133175176762273\/?ref=hl","https:\/\/x.com\/LaGuiadPamplona","https:\/\/www.instagram.com\/la_guia_de_pamplona\/","https:\/\/www.youtube.com\/user\/laguiadepamplona"]},{"@type":"Person","@id":"https:\/\/www.laguiadepamplona.com\/actualidad\/#\/schema\/person\/efe887376f0213d4657c93adc50b1fdb","name":"La Gu\u00eda de Pamplona","image":{"@type":"ImageObject","inLanguage":"es","@id":"https:\/\/secure.gravatar.com\/avatar\/b6992f131dc8d30ab0dff15446e9d346d9dbd95992de0fef795073f5ea83a81c?s=96&d=mm&r=g","url":"https:\/\/secure.gravatar.com\/avatar\/b6992f131dc8d30ab0dff15446e9d346d9dbd95992de0fef795073f5ea83a81c?s=96&d=mm&r=g","contentUrl":"https:\/\/secure.gravatar.com\/avatar\/b6992f131dc8d30ab0dff15446e9d346d9dbd95992de0fef795073f5ea83a81c?s=96&d=mm&r=g","caption":"La Gu\u00eda de Pamplona"}}]}},"post_mailing_queue_ids":[],"_links":{"self":[{"href":"https:\/\/www.laguiadepamplona.com\/actualidad\/wp-json\/wp\/v2\/posts\/52270","targetHints":{"allow":["GET"]}}],"collection":[{"href":"https:\/\/www.laguiadepamplona.com\/actualidad\/wp-json\/wp\/v2\/posts"}],"about":[{"href":"https:\/\/www.laguiadepamplona.com\/actualidad\/wp-json\/wp\/v2\/types\/post"}],"author":[{"embeddable":true,"href":"https:\/\/www.laguiadepamplona.com\/actualidad\/wp-json\/wp\/v2\/users\/1"}],"replies":[{"embeddable":true,"href":"https:\/\/www.laguiadepamplona.com\/actualidad\/wp-json\/wp\/v2\/comments?post=52270"}],"version-history":[{"count":1,"href":"https:\/\/www.laguiadepamplona.com\/actualidad\/wp-json\/wp\/v2\/posts\/52270\/revisions"}],"predecessor-version":[{"id":52272,"href":"https:\/\/www.laguiadepamplona.com\/actualidad\/wp-json\/wp\/v2\/posts\/52270\/revisions\/52272"}],"wp:featuredmedia":[{"embeddable":true,"href":"https:\/\/www.laguiadepamplona.com\/actualidad\/wp-json\/wp\/v2\/media\/52271"}],"wp:attachment":[{"href":"https:\/\/www.laguiadepamplona.com\/actualidad\/wp-json\/wp\/v2\/media?parent=52270"}],"wp:term":[{"taxonomy":"category","embeddable":true,"href":"https:\/\/www.laguiadepamplona.com\/actualidad\/wp-json\/wp\/v2\/categories?post=52270"},{"taxonomy":"post_tag","embeddable":true,"href":"https:\/\/www.laguiadepamplona.com\/actualidad\/wp-json\/wp\/v2\/tags?post=52270"}],"curies":[{"name":"wp","href":"https:\/\/api.w.org\/{rel}","templated":true}]}}