{"id":52266,"date":"2025-02-28T17:31:53","date_gmt":"2025-02-28T15:31:53","guid":{"rendered":"https:\/\/www.laguiadepamplona.com\/actualidad\/?p=52266"},"modified":"2025-02-28T17:31:53","modified_gmt":"2025-02-28T15:31:53","slug":"el-martes-4-de-marzo-se-cortara-al-trafico-la-avenida-de-pio-xii-entre-avenida-de-navarra-y-sancho-el-fuerte-sentido-centro-ciudad-para-continuar-con-las-labores-de-asfaltado","status":"publish","type":"post","link":"https:\/\/www.laguiadepamplona.com\/actualidad\/el-martes-4-de-marzo-se-cortara-al-trafico-la-avenida-de-pio-xii-entre-avenida-de-navarra-y-sancho-el-fuerte-sentido-centro-ciudad-para-continuar-con-las-labores-de-asfaltado\/","title":{"rendered":"El martes 4 de marzo se cortar\u00e1 al tr\u00e1fico la avenida de P\u00edo XII, entre avenida de Navarra y Sancho El Fuerte, sentido centro ciudad, para continuar con las labores de asfaltado"},"content":{"rendered":"<h2>El Ayuntamiento recomienda priorizar otros accesos a la ciudad por las rondas y evitar ese d\u00eda el veh\u00edculo privado en la zona de P\u00edo XII y hospitales<\/h2>\n<p><!--more--><\/p>\n<p>A partir de este pr\u00f3ximo lunes, se afrontan las labores de asfaltado de los carriles de circulaci\u00f3n de P\u00edo XII, en el tramo entre las avenidas de Navarra y Sancho el Fuerte en sentido centro ciudad, y tambi\u00e9n del tramo de la calle Iturrama, entre Fuente del Hierro y P\u00edo XII, en este caso, en ambos sentidos. El martes 4 ser\u00e1 el \u00fanico d\u00eda en el que el tr\u00e1fico estar\u00e1 cortado en P\u00edo XII en sentido centro ciudad, ya que a partir de la tarde del mi\u00e9rcoles 5 se podr\u00e1 circular al menos por uno de los carriles.<\/p>\n<p>Para ese d\u00eda en concreto y tambi\u00e9n para el resto de la semana, el Ayuntamiento de Pamplona recomienda a la ciudadan\u00eda priorizar otros accesos a la ciudad utilizando las rondas que la circunvalan y evitar el uso del veh\u00edculo particular en la zona de P\u00edo XII, avenida de Ar\u00f3stegui, avenida de Navarra y zona hospitalaria. Las principales afecciones tendr\u00e1n lugar el 4 de marzo, aunque habr\u00e1 cortes puntuales durante toda la semana hasta que concluyan las labores de asfaltado.<\/p>\n<p>En cuanto a la calle Iturrama, durante estos d\u00edas se est\u00e1 avisando de las afecciones e incidencias que provocar\u00e1 el asfaltado del tramo entre Fuente del Hierro y la intersecci\u00f3n con P\u00edo XII durante la pr\u00f3xima semana. El lunes 3 de marzo se podr\u00e1 circular con normalidad, pero de martes a viernes se cerrar\u00e1 al tr\u00e1fico en ambos sentidos y tampoco se podr\u00e1 aparcar en las plazas de ese tramo de la calle Iturrama. La intersecci\u00f3n de P\u00edo XII con avenida La Rioja y calle Iturrama permanecer\u00e1 cerrada martes y mi\u00e9rcoles, excepto en sentido salida de la ciudad, que no tiene afecciones de ning\u00fan tipo. El jueves y viernes la intersecci\u00f3n estar\u00e1 abierta, aunque seguir\u00e1 sin poder enlazarse con la calle Iturrama.<\/p>\n<p>Estas labores de asfaltado se enmarcan en las obras de ampliaci\u00f3n del corredor sostenible de la avenida de P\u00edo XII que cuentan con un presupuesto de 1,8 millones de euros, de los que 450.000 los aporta el Gobierno de Navarra. Las obras las lleva a cabo la empresa Excavaciones Ferm\u00edn Os\u00e9s SL. La avenida de P\u00edo XII no se asfalta \u00edntegramente desde su apertura en los a\u00f1os 70 y ahora se realizar\u00e1 siguiendo el plan de obras del proyecto de transformaci\u00f3n de P\u00edo XII que convertir\u00e1 esta. Est\u00e1 previsto que estos trabajos que se est\u00e1n llevando a cabo para convertir esta v\u00eda principal de la ciudad en un corredor sostenible se prolonguen, en diferentes fases, hasta el mes de julio.<\/p>\n<p><strong>Aparcamientos y carga y descarga<\/strong><\/p>\n<p>La evoluci\u00f3n de las obras a lo largo de la semana afectar\u00e1 tambi\u00e9n a los aparcamientos y a los accesos a los garajes de la zona. El lunes habr\u00e1 cortes puntuales para acceder a los aparcamientos de P\u00edo XII, al aparcamiento de Larraona y a las bolsas de aparcamiento en superficie. El martes 4 y el mi\u00e9rcoles 5 se cerrar\u00e1n esos accesos y plazas de aparcamiento, que se volver\u00e1n a reabrir el jueves, una vez realizados los trabajos de asfaltado de P\u00edo XII.<\/p>\n<p>Para facilitar el conocimiento del plan de asfaltado, el Ayuntamiento de Pamplona ha colocado carteles en todos los portales de los tramos afectados, en los que se detallan las afecciones que pueden esperarse cada d\u00eda. Esa misma informaci\u00f3n se ha distribuido en los comercios situados en las mismas zonas. Para resolver las dudas que pudieran surgir, ciudadan\u00eda y comerciantes pueden consultar la informaci\u00f3n pormenorizada a trav\u00e9s del Servicio Municipal de Atenci\u00f3n Ciudadana 010.<\/p>\n<p>Las obras van a incidir tambi\u00e9n en el transporte urbano comarcal. El cierre de P\u00edo XII el d\u00eda 4 y el cierre de la calle Iturrama de martes a viernes provocar\u00e1 afecciones en las l\u00edneas L4, L15, L18, L2 y N01. Se recomienda a la ciudadan\u00eda que consulte las modificaciones de las paradas y los tiempos de cada l\u00ednea para conocer las alternativas a los trayectos habituales. En cuanto a la carga y descarga, las plazas habilitadas en P\u00edo XII estar\u00e1n cerradas lunes, martes y mi\u00e9rcoles y las de la calle Iturrama, de martes a abiertos, ambos d\u00edas incluidos. Se recomienda utilizar las plazas de carga y descarga ubicadas en la bolsa de aparcamiento de Pintor Maeztu y Pintor Asenjo.<\/p>\n<p>Este pasado lunes se iniciaron los trabajos de asfaltado en la avenida de P\u00edo XII, centrados principalmente en el carril bici y en la banda de servicios que acoge, por ejemplo, la zona de contenedores, los aparcabicis o las paradas del transporte urbano comarcal. Apenas ha habido afecciones al tr\u00e1fico, ya que \u00fanicamente han sido necesarios cortes puntuales del alguno de los carriles de circulaci\u00f3n por el movimiento de maquinaria.<\/p>\n","protected":false},"excerpt":{"rendered":"<p>El Ayuntamiento recomienda priorizar otros accesos a la ciudad por las rondas y evitar ese d\u00eda el veh\u00edculo privado en la zona de P\u00edo XII y hospitales<\/p>\n","protected":false},"author":1,"featured_media":52267,"comment_status":"open","ping_status":"closed","sticky":false,"template":"","format":"standard","meta":{"footnotes":""},"categories":[2],"tags":[],"class_list":["post-52266","post","type-post","status-publish","format-standard","has-post-thumbnail","hentry","category-ayuntamiento-pamplona"],"yoast_head":"<!-- This site is optimized with the Yoast SEO plugin v27.3 - https:\/\/yoast.com\/product\/yoast-seo-wordpress\/ -->\n<title>El martes 4 de marzo se cortar\u00e1 al tr\u00e1fico la avenida de P\u00edo XII, entre avenida de Navarra y Sancho El Fuerte, sentido centro ciudad, para continuar con las labores de asfaltado<\/title>\n<meta name=\"description\" content=\"El Ayuntamiento recomienda priorizar otros accesos a la ciudad por las rondas y evitar ese d\u00eda el veh\u00edculo privado en la zona de P\u00edo XII y hospitales\" \/>\n<meta name=\"robots\" content=\"index, follow, max-snippet:-1, max-image-preview:large, max-video-preview:-1\" \/>\n<link rel=\"canonical\" href=\"https:\/\/www.laguiadepamplona.com\/actualidad\/el-martes-4-de-marzo-se-cortara-al-trafico-la-avenida-de-pio-xii-entre-avenida-de-navarra-y-sancho-el-fuerte-sentido-centro-ciudad-para-continuar-con-las-labores-de-asfaltado\/\" \/>\n<meta property=\"og:locale\" content=\"es_ES\" \/>\n<meta property=\"og:type\" content=\"article\" \/>\n<meta property=\"og:title\" content=\"El martes 4 de marzo se cortar\u00e1 al tr\u00e1fico la avenida de P\u00edo XII, entre avenida de Navarra y Sancho El Fuerte, sentido centro ciudad, para continuar con las labores de asfaltado\" \/>\n<meta property=\"og:description\" content=\"El Ayuntamiento recomienda priorizar otros accesos a la ciudad por las rondas y evitar ese d\u00eda el veh\u00edculo privado en la zona de P\u00edo XII y hospitales\" \/>\n<meta property=\"og:url\" content=\"https:\/\/www.laguiadepamplona.com\/actualidad\/el-martes-4-de-marzo-se-cortara-al-trafico-la-avenida-de-pio-xii-entre-avenida-de-navarra-y-sancho-el-fuerte-sentido-centro-ciudad-para-continuar-con-las-labores-de-asfaltado\/\" \/>\n<meta property=\"og:site_name\" content=\"La Gu\u00eda de Pamplona\" \/>\n<meta property=\"article:publisher\" content=\"https:\/\/www.facebook.com\/laguiadepamplonacom-133175176762273\/?ref=hl\" \/>\n<meta property=\"article:published_time\" content=\"2025-02-28T15:31:53+00:00\" \/>\n<meta property=\"og:image\" content=\"https:\/\/www.laguiadepamplona.com\/actualidad\/wp-content\/uploads\/2025\/02\/OBRAS-PIO-XII_CNB_9185.webp\" \/>\n\t<meta property=\"og:image:width\" content=\"1000\" \/>\n\t<meta property=\"og:image:height\" content=\"667\" \/>\n\t<meta property=\"og:image:type\" content=\"image\/webp\" \/>\n<meta name=\"author\" content=\"La Gu\u00eda de Pamplona\" \/>\n<meta name=\"twitter:card\" content=\"summary_large_image\" \/>\n<meta name=\"twitter:creator\" content=\"@LaGuiadPamplona\" \/>\n<meta name=\"twitter:site\" content=\"@LaGuiadPamplona\" \/>\n<meta name=\"twitter:label1\" content=\"Escrito por\" \/>\n\t<meta name=\"twitter:data1\" content=\"La Gu\u00eda de Pamplona\" \/>\n\t<meta name=\"twitter:label2\" content=\"Tiempo de lectura\" \/>\n\t<meta name=\"twitter:data2\" content=\"4 minutos\" \/>\n<script type=\"application\/ld+json\" class=\"yoast-schema-graph\">{\"@context\":\"https:\\\/\\\/schema.org\",\"@graph\":[{\"@type\":\"Article\",\"@id\":\"https:\\\/\\\/www.laguiadepamplona.com\\\/actualidad\\\/el-martes-4-de-marzo-se-cortara-al-trafico-la-avenida-de-pio-xii-entre-avenida-de-navarra-y-sancho-el-fuerte-sentido-centro-ciudad-para-continuar-con-las-labores-de-asfaltado\\\/#article\",\"isPartOf\":{\"@id\":\"https:\\\/\\\/www.laguiadepamplona.com\\\/actualidad\\\/el-martes-4-de-marzo-se-cortara-al-trafico-la-avenida-de-pio-xii-entre-avenida-de-navarra-y-sancho-el-fuerte-sentido-centro-ciudad-para-continuar-con-las-labores-de-asfaltado\\\/\"},\"author\":{\"name\":\"La Gu\u00eda de Pamplona\",\"@id\":\"https:\\\/\\\/www.laguiadepamplona.com\\\/actualidad\\\/#\\\/schema\\\/person\\\/efe887376f0213d4657c93adc50b1fdb\"},\"headline\":\"El martes 4 de marzo se cortar\u00e1 al tr\u00e1fico la avenida de P\u00edo XII, entre avenida de Navarra y Sancho El Fuerte, sentido centro ciudad, para continuar con las labores de asfaltado\",\"datePublished\":\"2025-02-28T15:31:53+00:00\",\"mainEntityOfPage\":{\"@id\":\"https:\\\/\\\/www.laguiadepamplona.com\\\/actualidad\\\/el-martes-4-de-marzo-se-cortara-al-trafico-la-avenida-de-pio-xii-entre-avenida-de-navarra-y-sancho-el-fuerte-sentido-centro-ciudad-para-continuar-con-las-labores-de-asfaltado\\\/\"},\"wordCount\":884,\"commentCount\":0,\"publisher\":{\"@id\":\"https:\\\/\\\/www.laguiadepamplona.com\\\/actualidad\\\/#organization\"},\"image\":{\"@id\":\"https:\\\/\\\/www.laguiadepamplona.com\\\/actualidad\\\/el-martes-4-de-marzo-se-cortara-al-trafico-la-avenida-de-pio-xii-entre-avenida-de-navarra-y-sancho-el-fuerte-sentido-centro-ciudad-para-continuar-con-las-labores-de-asfaltado\\\/#primaryimage\"},\"thumbnailUrl\":\"https:\\\/\\\/www.laguiadepamplona.com\\\/actualidad\\\/wp-content\\\/uploads\\\/2025\\\/02\\\/OBRAS-PIO-XII_CNB_9185.webp\",\"articleSection\":[\"Ayto Pamplona\"],\"inLanguage\":\"es\",\"potentialAction\":[{\"@type\":\"CommentAction\",\"name\":\"Comment\",\"target\":[\"https:\\\/\\\/www.laguiadepamplona.com\\\/actualidad\\\/el-martes-4-de-marzo-se-cortara-al-trafico-la-avenida-de-pio-xii-entre-avenida-de-navarra-y-sancho-el-fuerte-sentido-centro-ciudad-para-continuar-con-las-labores-de-asfaltado\\\/#respond\"]}]},{\"@type\":\"WebPage\",\"@id\":\"https:\\\/\\\/www.laguiadepamplona.com\\\/actualidad\\\/el-martes-4-de-marzo-se-cortara-al-trafico-la-avenida-de-pio-xii-entre-avenida-de-navarra-y-sancho-el-fuerte-sentido-centro-ciudad-para-continuar-con-las-labores-de-asfaltado\\\/\",\"url\":\"https:\\\/\\\/www.laguiadepamplona.com\\\/actualidad\\\/el-martes-4-de-marzo-se-cortara-al-trafico-la-avenida-de-pio-xii-entre-avenida-de-navarra-y-sancho-el-fuerte-sentido-centro-ciudad-para-continuar-con-las-labores-de-asfaltado\\\/\",\"name\":\"El martes 4 de marzo se cortar\u00e1 al tr\u00e1fico la avenida de P\u00edo XII, entre avenida de Navarra y Sancho El Fuerte, sentido centro ciudad, para continuar con las labores de asfaltado\",\"isPartOf\":{\"@id\":\"https:\\\/\\\/www.laguiadepamplona.com\\\/actualidad\\\/#website\"},\"primaryImageOfPage\":{\"@id\":\"https:\\\/\\\/www.laguiadepamplona.com\\\/actualidad\\\/el-martes-4-de-marzo-se-cortara-al-trafico-la-avenida-de-pio-xii-entre-avenida-de-navarra-y-sancho-el-fuerte-sentido-centro-ciudad-para-continuar-con-las-labores-de-asfaltado\\\/#primaryimage\"},\"image\":{\"@id\":\"https:\\\/\\\/www.laguiadepamplona.com\\\/actualidad\\\/el-martes-4-de-marzo-se-cortara-al-trafico-la-avenida-de-pio-xii-entre-avenida-de-navarra-y-sancho-el-fuerte-sentido-centro-ciudad-para-continuar-con-las-labores-de-asfaltado\\\/#primaryimage\"},\"thumbnailUrl\":\"https:\\\/\\\/www.laguiadepamplona.com\\\/actualidad\\\/wp-content\\\/uploads\\\/2025\\\/02\\\/OBRAS-PIO-XII_CNB_9185.webp\",\"datePublished\":\"2025-02-28T15:31:53+00:00\",\"description\":\"El Ayuntamiento recomienda priorizar otros accesos a la ciudad por las rondas y evitar ese d\u00eda el veh\u00edculo privado en la zona de P\u00edo XII y hospitales\",\"breadcrumb\":{\"@id\":\"https:\\\/\\\/www.laguiadepamplona.com\\\/actualidad\\\/el-martes-4-de-marzo-se-cortara-al-trafico-la-avenida-de-pio-xii-entre-avenida-de-navarra-y-sancho-el-fuerte-sentido-centro-ciudad-para-continuar-con-las-labores-de-asfaltado\\\/#breadcrumb\"},\"inLanguage\":\"es\",\"potentialAction\":[{\"@type\":\"ReadAction\",\"target\":[\"https:\\\/\\\/www.laguiadepamplona.com\\\/actualidad\\\/el-martes-4-de-marzo-se-cortara-al-trafico-la-avenida-de-pio-xii-entre-avenida-de-navarra-y-sancho-el-fuerte-sentido-centro-ciudad-para-continuar-con-las-labores-de-asfaltado\\\/\"]}]},{\"@type\":\"ImageObject\",\"inLanguage\":\"es\",\"@id\":\"https:\\\/\\\/www.laguiadepamplona.com\\\/actualidad\\\/el-martes-4-de-marzo-se-cortara-al-trafico-la-avenida-de-pio-xii-entre-avenida-de-navarra-y-sancho-el-fuerte-sentido-centro-ciudad-para-continuar-con-las-labores-de-asfaltado\\\/#primaryimage\",\"url\":\"https:\\\/\\\/www.laguiadepamplona.com\\\/actualidad\\\/wp-content\\\/uploads\\\/2025\\\/02\\\/OBRAS-PIO-XII_CNB_9185.webp\",\"contentUrl\":\"https:\\\/\\\/www.laguiadepamplona.com\\\/actualidad\\\/wp-content\\\/uploads\\\/2025\\\/02\\\/OBRAS-PIO-XII_CNB_9185.webp\",\"width\":1000,\"height\":667,\"caption\":\"obras p\u00edo XII\"},{\"@type\":\"BreadcrumbList\",\"@id\":\"https:\\\/\\\/www.laguiadepamplona.com\\\/actualidad\\\/el-martes-4-de-marzo-se-cortara-al-trafico-la-avenida-de-pio-xii-entre-avenida-de-navarra-y-sancho-el-fuerte-sentido-centro-ciudad-para-continuar-con-las-labores-de-asfaltado\\\/#breadcrumb\",\"itemListElement\":[{\"@type\":\"ListItem\",\"position\":1,\"name\":\"Portada\",\"item\":\"https:\\\/\\\/www.laguiadepamplona.com\\\/actualidad\\\/\"},{\"@type\":\"ListItem\",\"position\":2,\"name\":\"El martes 4 de marzo se cortar\u00e1 al tr\u00e1fico la avenida de P\u00edo XII, entre avenida de Navarra y Sancho El Fuerte, sentido centro ciudad, para continuar con las labores de asfaltado\"}]},{\"@type\":\"WebSite\",\"@id\":\"https:\\\/\\\/www.laguiadepamplona.com\\\/actualidad\\\/#website\",\"url\":\"https:\\\/\\\/www.laguiadepamplona.com\\\/actualidad\\\/\",\"name\":\"La gu\u00eda de Pamplona\",\"description\":\"Noticias de Pamplona\",\"publisher\":{\"@id\":\"https:\\\/\\\/www.laguiadepamplona.com\\\/actualidad\\\/#organization\"},\"potentialAction\":[{\"@type\":\"SearchAction\",\"target\":{\"@type\":\"EntryPoint\",\"urlTemplate\":\"https:\\\/\\\/www.laguiadepamplona.com\\\/actualidad\\\/?s={search_term_string}\"},\"query-input\":{\"@type\":\"PropertyValueSpecification\",\"valueRequired\":true,\"valueName\":\"search_term_string\"}}],\"inLanguage\":\"es\"},{\"@type\":\"Organization\",\"@id\":\"https:\\\/\\\/www.laguiadepamplona.com\\\/actualidad\\\/#organization\",\"name\":\"La Gu\u00eda de Pamplona \\\/ Noticias\",\"url\":\"https:\\\/\\\/www.laguiadepamplona.com\\\/actualidad\\\/\",\"logo\":{\"@type\":\"ImageObject\",\"inLanguage\":\"es\",\"@id\":\"https:\\\/\\\/www.laguiadepamplona.com\\\/actualidad\\\/#\\\/schema\\\/logo\\\/image\\\/\",\"url\":\"https:\\\/\\\/www.laguiadepamplona.com\\\/actualidad\\\/wp-content\\\/uploads\\\/2018\\\/11\\\/logo-laguiadepamplona18-web1.png\",\"contentUrl\":\"https:\\\/\\\/www.laguiadepamplona.com\\\/actualidad\\\/wp-content\\\/uploads\\\/2018\\\/11\\\/logo-laguiadepamplona18-web1.png\",\"width\":600,\"height\":196,\"caption\":\"La Gu\u00eda de Pamplona \\\/ Noticias\"},\"image\":{\"@id\":\"https:\\\/\\\/www.laguiadepamplona.com\\\/actualidad\\\/#\\\/schema\\\/logo\\\/image\\\/\"},\"sameAs\":[\"https:\\\/\\\/www.facebook.com\\\/laguiadepamplonacom-133175176762273\\\/?ref=hl\",\"https:\\\/\\\/x.com\\\/LaGuiadPamplona\",\"https:\\\/\\\/www.instagram.com\\\/la_guia_de_pamplona\\\/\",\"https:\\\/\\\/www.youtube.com\\\/user\\\/laguiadepamplona\"]},{\"@type\":\"Person\",\"@id\":\"https:\\\/\\\/www.laguiadepamplona.com\\\/actualidad\\\/#\\\/schema\\\/person\\\/efe887376f0213d4657c93adc50b1fdb\",\"name\":\"La Gu\u00eda de Pamplona\",\"image\":{\"@type\":\"ImageObject\",\"inLanguage\":\"es\",\"@id\":\"https:\\\/\\\/secure.gravatar.com\\\/avatar\\\/b6992f131dc8d30ab0dff15446e9d346d9dbd95992de0fef795073f5ea83a81c?s=96&d=mm&r=g\",\"url\":\"https:\\\/\\\/secure.gravatar.com\\\/avatar\\\/b6992f131dc8d30ab0dff15446e9d346d9dbd95992de0fef795073f5ea83a81c?s=96&d=mm&r=g\",\"contentUrl\":\"https:\\\/\\\/secure.gravatar.com\\\/avatar\\\/b6992f131dc8d30ab0dff15446e9d346d9dbd95992de0fef795073f5ea83a81c?s=96&d=mm&r=g\",\"caption\":\"La Gu\u00eda de Pamplona\"}}]}<\/script>\n<!-- \/ Yoast SEO plugin. -->","yoast_head_json":{"title":"El martes 4 de marzo se cortar\u00e1 al tr\u00e1fico la avenida de P\u00edo XII, entre avenida de Navarra y Sancho El Fuerte, sentido centro ciudad, para continuar con las labores de asfaltado","description":"El Ayuntamiento recomienda priorizar otros accesos a la ciudad por las rondas y evitar ese d\u00eda el veh\u00edculo privado en la zona de P\u00edo XII y hospitales","robots":{"index":"index","follow":"follow","max-snippet":"max-snippet:-1","max-image-preview":"max-image-preview:large","max-video-preview":"max-video-preview:-1"},"canonical":"https:\/\/www.laguiadepamplona.com\/actualidad\/el-martes-4-de-marzo-se-cortara-al-trafico-la-avenida-de-pio-xii-entre-avenida-de-navarra-y-sancho-el-fuerte-sentido-centro-ciudad-para-continuar-con-las-labores-de-asfaltado\/","og_locale":"es_ES","og_type":"article","og_title":"El martes 4 de marzo se cortar\u00e1 al tr\u00e1fico la avenida de P\u00edo XII, entre avenida de Navarra y Sancho El Fuerte, sentido centro ciudad, para continuar con las labores de asfaltado","og_description":"El Ayuntamiento recomienda priorizar otros accesos a la ciudad por las rondas y evitar ese d\u00eda el veh\u00edculo privado en la zona de P\u00edo XII y hospitales","og_url":"https:\/\/www.laguiadepamplona.com\/actualidad\/el-martes-4-de-marzo-se-cortara-al-trafico-la-avenida-de-pio-xii-entre-avenida-de-navarra-y-sancho-el-fuerte-sentido-centro-ciudad-para-continuar-con-las-labores-de-asfaltado\/","og_site_name":"La Gu\u00eda de Pamplona","article_publisher":"https:\/\/www.facebook.com\/laguiadepamplonacom-133175176762273\/?ref=hl","article_published_time":"2025-02-28T15:31:53+00:00","og_image":[{"width":1000,"height":667,"url":"https:\/\/www.laguiadepamplona.com\/actualidad\/wp-content\/uploads\/2025\/02\/OBRAS-PIO-XII_CNB_9185.webp","type":"image\/webp"}],"author":"La Gu\u00eda de Pamplona","twitter_card":"summary_large_image","twitter_creator":"@LaGuiadPamplona","twitter_site":"@LaGuiadPamplona","twitter_misc":{"Escrito por":"La Gu\u00eda de Pamplona","Tiempo de lectura":"4 minutos"},"schema":{"@context":"https:\/\/schema.org","@graph":[{"@type":"Article","@id":"https:\/\/www.laguiadepamplona.com\/actualidad\/el-martes-4-de-marzo-se-cortara-al-trafico-la-avenida-de-pio-xii-entre-avenida-de-navarra-y-sancho-el-fuerte-sentido-centro-ciudad-para-continuar-con-las-labores-de-asfaltado\/#article","isPartOf":{"@id":"https:\/\/www.laguiadepamplona.com\/actualidad\/el-martes-4-de-marzo-se-cortara-al-trafico-la-avenida-de-pio-xii-entre-avenida-de-navarra-y-sancho-el-fuerte-sentido-centro-ciudad-para-continuar-con-las-labores-de-asfaltado\/"},"author":{"name":"La Gu\u00eda de Pamplona","@id":"https:\/\/www.laguiadepamplona.com\/actualidad\/#\/schema\/person\/efe887376f0213d4657c93adc50b1fdb"},"headline":"El martes 4 de marzo se cortar\u00e1 al tr\u00e1fico la avenida de P\u00edo XII, entre avenida de Navarra y Sancho El Fuerte, sentido centro ciudad, para continuar con las labores de asfaltado","datePublished":"2025-02-28T15:31:53+00:00","mainEntityOfPage":{"@id":"https:\/\/www.laguiadepamplona.com\/actualidad\/el-martes-4-de-marzo-se-cortara-al-trafico-la-avenida-de-pio-xii-entre-avenida-de-navarra-y-sancho-el-fuerte-sentido-centro-ciudad-para-continuar-con-las-labores-de-asfaltado\/"},"wordCount":884,"commentCount":0,"publisher":{"@id":"https:\/\/www.laguiadepamplona.com\/actualidad\/#organization"},"image":{"@id":"https:\/\/www.laguiadepamplona.com\/actualidad\/el-martes-4-de-marzo-se-cortara-al-trafico-la-avenida-de-pio-xii-entre-avenida-de-navarra-y-sancho-el-fuerte-sentido-centro-ciudad-para-continuar-con-las-labores-de-asfaltado\/#primaryimage"},"thumbnailUrl":"https:\/\/www.laguiadepamplona.com\/actualidad\/wp-content\/uploads\/2025\/02\/OBRAS-PIO-XII_CNB_9185.webp","articleSection":["Ayto Pamplona"],"inLanguage":"es","potentialAction":[{"@type":"CommentAction","name":"Comment","target":["https:\/\/www.laguiadepamplona.com\/actualidad\/el-martes-4-de-marzo-se-cortara-al-trafico-la-avenida-de-pio-xii-entre-avenida-de-navarra-y-sancho-el-fuerte-sentido-centro-ciudad-para-continuar-con-las-labores-de-asfaltado\/#respond"]}]},{"@type":"WebPage","@id":"https:\/\/www.laguiadepamplona.com\/actualidad\/el-martes-4-de-marzo-se-cortara-al-trafico-la-avenida-de-pio-xii-entre-avenida-de-navarra-y-sancho-el-fuerte-sentido-centro-ciudad-para-continuar-con-las-labores-de-asfaltado\/","url":"https:\/\/www.laguiadepamplona.com\/actualidad\/el-martes-4-de-marzo-se-cortara-al-trafico-la-avenida-de-pio-xii-entre-avenida-de-navarra-y-sancho-el-fuerte-sentido-centro-ciudad-para-continuar-con-las-labores-de-asfaltado\/","name":"El martes 4 de marzo se cortar\u00e1 al tr\u00e1fico la avenida de P\u00edo XII, entre avenida de Navarra y Sancho El Fuerte, sentido centro ciudad, para continuar con las labores de asfaltado","isPartOf":{"@id":"https:\/\/www.laguiadepamplona.com\/actualidad\/#website"},"primaryImageOfPage":{"@id":"https:\/\/www.laguiadepamplona.com\/actualidad\/el-martes-4-de-marzo-se-cortara-al-trafico-la-avenida-de-pio-xii-entre-avenida-de-navarra-y-sancho-el-fuerte-sentido-centro-ciudad-para-continuar-con-las-labores-de-asfaltado\/#primaryimage"},"image":{"@id":"https:\/\/www.laguiadepamplona.com\/actualidad\/el-martes-4-de-marzo-se-cortara-al-trafico-la-avenida-de-pio-xii-entre-avenida-de-navarra-y-sancho-el-fuerte-sentido-centro-ciudad-para-continuar-con-las-labores-de-asfaltado\/#primaryimage"},"thumbnailUrl":"https:\/\/www.laguiadepamplona.com\/actualidad\/wp-content\/uploads\/2025\/02\/OBRAS-PIO-XII_CNB_9185.webp","datePublished":"2025-02-28T15:31:53+00:00","description":"El Ayuntamiento recomienda priorizar otros accesos a la ciudad por las rondas y evitar ese d\u00eda el veh\u00edculo privado en la zona de P\u00edo XII y hospitales","breadcrumb":{"@id":"https:\/\/www.laguiadepamplona.com\/actualidad\/el-martes-4-de-marzo-se-cortara-al-trafico-la-avenida-de-pio-xii-entre-avenida-de-navarra-y-sancho-el-fuerte-sentido-centro-ciudad-para-continuar-con-las-labores-de-asfaltado\/#breadcrumb"},"inLanguage":"es","potentialAction":[{"@type":"ReadAction","target":["https:\/\/www.laguiadepamplona.com\/actualidad\/el-martes-4-de-marzo-se-cortara-al-trafico-la-avenida-de-pio-xii-entre-avenida-de-navarra-y-sancho-el-fuerte-sentido-centro-ciudad-para-continuar-con-las-labores-de-asfaltado\/"]}]},{"@type":"ImageObject","inLanguage":"es","@id":"https:\/\/www.laguiadepamplona.com\/actualidad\/el-martes-4-de-marzo-se-cortara-al-trafico-la-avenida-de-pio-xii-entre-avenida-de-navarra-y-sancho-el-fuerte-sentido-centro-ciudad-para-continuar-con-las-labores-de-asfaltado\/#primaryimage","url":"https:\/\/www.laguiadepamplona.com\/actualidad\/wp-content\/uploads\/2025\/02\/OBRAS-PIO-XII_CNB_9185.webp","contentUrl":"https:\/\/www.laguiadepamplona.com\/actualidad\/wp-content\/uploads\/2025\/02\/OBRAS-PIO-XII_CNB_9185.webp","width":1000,"height":667,"caption":"obras p\u00edo XII"},{"@type":"BreadcrumbList","@id":"https:\/\/www.laguiadepamplona.com\/actualidad\/el-martes-4-de-marzo-se-cortara-al-trafico-la-avenida-de-pio-xii-entre-avenida-de-navarra-y-sancho-el-fuerte-sentido-centro-ciudad-para-continuar-con-las-labores-de-asfaltado\/#breadcrumb","itemListElement":[{"@type":"ListItem","position":1,"name":"Portada","item":"https:\/\/www.laguiadepamplona.com\/actualidad\/"},{"@type":"ListItem","position":2,"name":"El martes 4 de marzo se cortar\u00e1 al tr\u00e1fico la avenida de P\u00edo XII, entre avenida de Navarra y Sancho El Fuerte, sentido centro ciudad, para continuar con las labores de asfaltado"}]},{"@type":"WebSite","@id":"https:\/\/www.laguiadepamplona.com\/actualidad\/#website","url":"https:\/\/www.laguiadepamplona.com\/actualidad\/","name":"La gu\u00eda de Pamplona","description":"Noticias de Pamplona","publisher":{"@id":"https:\/\/www.laguiadepamplona.com\/actualidad\/#organization"},"potentialAction":[{"@type":"SearchAction","target":{"@type":"EntryPoint","urlTemplate":"https:\/\/www.laguiadepamplona.com\/actualidad\/?s={search_term_string}"},"query-input":{"@type":"PropertyValueSpecification","valueRequired":true,"valueName":"search_term_string"}}],"inLanguage":"es"},{"@type":"Organization","@id":"https:\/\/www.laguiadepamplona.com\/actualidad\/#organization","name":"La Gu\u00eda de Pamplona \/ Noticias","url":"https:\/\/www.laguiadepamplona.com\/actualidad\/","logo":{"@type":"ImageObject","inLanguage":"es","@id":"https:\/\/www.laguiadepamplona.com\/actualidad\/#\/schema\/logo\/image\/","url":"https:\/\/www.laguiadepamplona.com\/actualidad\/wp-content\/uploads\/2018\/11\/logo-laguiadepamplona18-web1.png","contentUrl":"https:\/\/www.laguiadepamplona.com\/actualidad\/wp-content\/uploads\/2018\/11\/logo-laguiadepamplona18-web1.png","width":600,"height":196,"caption":"La Gu\u00eda de Pamplona \/ Noticias"},"image":{"@id":"https:\/\/www.laguiadepamplona.com\/actualidad\/#\/schema\/logo\/image\/"},"sameAs":["https:\/\/www.facebook.com\/laguiadepamplonacom-133175176762273\/?ref=hl","https:\/\/x.com\/LaGuiadPamplona","https:\/\/www.instagram.com\/la_guia_de_pamplona\/","https:\/\/www.youtube.com\/user\/laguiadepamplona"]},{"@type":"Person","@id":"https:\/\/www.laguiadepamplona.com\/actualidad\/#\/schema\/person\/efe887376f0213d4657c93adc50b1fdb","name":"La Gu\u00eda de Pamplona","image":{"@type":"ImageObject","inLanguage":"es","@id":"https:\/\/secure.gravatar.com\/avatar\/b6992f131dc8d30ab0dff15446e9d346d9dbd95992de0fef795073f5ea83a81c?s=96&d=mm&r=g","url":"https:\/\/secure.gravatar.com\/avatar\/b6992f131dc8d30ab0dff15446e9d346d9dbd95992de0fef795073f5ea83a81c?s=96&d=mm&r=g","contentUrl":"https:\/\/secure.gravatar.com\/avatar\/b6992f131dc8d30ab0dff15446e9d346d9dbd95992de0fef795073f5ea83a81c?s=96&d=mm&r=g","caption":"La Gu\u00eda de Pamplona"}}]}},"post_mailing_queue_ids":[],"_links":{"self":[{"href":"https:\/\/www.laguiadepamplona.com\/actualidad\/wp-json\/wp\/v2\/posts\/52266","targetHints":{"allow":["GET"]}}],"collection":[{"href":"https:\/\/www.laguiadepamplona.com\/actualidad\/wp-json\/wp\/v2\/posts"}],"about":[{"href":"https:\/\/www.laguiadepamplona.com\/actualidad\/wp-json\/wp\/v2\/types\/post"}],"author":[{"embeddable":true,"href":"https:\/\/www.laguiadepamplona.com\/actualidad\/wp-json\/wp\/v2\/users\/1"}],"replies":[{"embeddable":true,"href":"https:\/\/www.laguiadepamplona.com\/actualidad\/wp-json\/wp\/v2\/comments?post=52266"}],"version-history":[{"count":1,"href":"https:\/\/www.laguiadepamplona.com\/actualidad\/wp-json\/wp\/v2\/posts\/52266\/revisions"}],"predecessor-version":[{"id":52268,"href":"https:\/\/www.laguiadepamplona.com\/actualidad\/wp-json\/wp\/v2\/posts\/52266\/revisions\/52268"}],"wp:featuredmedia":[{"embeddable":true,"href":"https:\/\/www.laguiadepamplona.com\/actualidad\/wp-json\/wp\/v2\/media\/52267"}],"wp:attachment":[{"href":"https:\/\/www.laguiadepamplona.com\/actualidad\/wp-json\/wp\/v2\/media?parent=52266"}],"wp:term":[{"taxonomy":"category","embeddable":true,"href":"https:\/\/www.laguiadepamplona.com\/actualidad\/wp-json\/wp\/v2\/categories?post=52266"},{"taxonomy":"post_tag","embeddable":true,"href":"https:\/\/www.laguiadepamplona.com\/actualidad\/wp-json\/wp\/v2\/tags?post=52266"}],"curies":[{"name":"wp","href":"https:\/\/api.w.org\/{rel}","templated":true}]}}