{"id":52257,"date":"2025-02-28T14:51:26","date_gmt":"2025-02-28T12:51:26","guid":{"rendered":"https:\/\/www.laguiadepamplona.com\/actualidad\/?p=52257"},"modified":"2025-02-28T14:51:26","modified_gmt":"2025-02-28T12:51:26","slug":"un-total-de-51-personas-jubiladas-son-homenajeadas-por-sus-anos-de-dedicacion-al-servicio-del-ayuntamiento-de-pamplona","status":"publish","type":"post","link":"https:\/\/www.laguiadepamplona.com\/actualidad\/un-total-de-51-personas-jubiladas-son-homenajeadas-por-sus-anos-de-dedicacion-al-servicio-del-ayuntamiento-de-pamplona\/","title":{"rendered":"Un total de 51 personas jubiladas son homenajeadas por sus a\u00f1os de dedicaci\u00f3n al servicio del Ayuntamiento de Pamplona"},"content":{"rendered":"<h2>El Patio del Condestable ha acogido la celebraci\u00f3n, que reconoce la labor de 30 hombres y 21 mujeres que se jubilaron en 2024<\/h2>\n<p><!--more--><\/p>\n<p>A lo largo de 2024, se jubilaron 51 trabajadores y trabajadoras municipales. Ahora, el Ayuntamiento de Pamplona les ha dedicado un peque\u00f1o homenaje, en agradecimiento a su dedicaci\u00f3n en las distintas \u00e1reas, servicios y organismos municipales. El patio del Palacio de Condestable ha acogido la celebraci\u00f3n, presidida por el alcalde de Pamplona, Joseba Asiron Saez, y en la que han participado miembros de la Corporaci\u00f3n municipal.<\/p>\n<p>Las personas homenajeadas han sido 30 hombres y 21 mujeres, que han prestados sus servicios en el propio Ayuntamiento, en las Escuelas Infantiles y el Servicio de Atenci\u00f3n Domiciliaria, entre otros. Acompa\u00f1ados de familiares, recibieron de manos de la Corporaci\u00f3n municipal sendos diplomas, as\u00ed como la reproducci\u00f3n de la fachada del Ayuntamiento, con su nombre, apellidos y sus a\u00f1os de trabajo. La entrega de los obsequios ha corrido a cargo del alcalde Asiron y los portavoces de los grupos municipales.<\/p>\n<p>El alcalde Joseba Asiron Saez ha agradecido con este gesto \u201cel trabajo, la entrega y el compromiso\u201d de todas y cada una de las personas jubiladas. \u201cHaber dedicado vuestra vida profesional al servicio p\u00fablico es motivo de orgullo\u201d, ha a\u00f1adido, destacando que el servicio p\u00fablico \u201ces una labor important\u00edsima que marca la diferencia, construye comunidad y transciende al d\u00eda a d\u00eda\u201d. \u201cGracias a vuestra dedicaci\u00f3n, Pamplona ha seguido avanzando con unos servicios m\u00e1s cercanos, eficientes y humanos\u201d, ha resaltado durante su intervenci\u00f3n.<\/p>\n<p>El acto ha estado amenizado por el cuarteto de cuerda Zura Quartet, formaci\u00f3n de c\u00e1mara compuesta por Leire Fern\u00e1ndez S\u00e1inz de Murieta (viol\u00edn), Amaia Razkin Aguirre (viol\u00edn), Daniel S\u00e1daba Bermejo (viola), e Igor S\u00e1enz Abarzuza (violonchelo), que he interpretado tres piezas musicales basado en temas de los a\u00f1os 80 y 90 del siglo pasado, entre ellas, una canci\u00f3n del grupo de alem\u00e1n de rock y heavy Scorpions.<\/p>\n","protected":false},"excerpt":{"rendered":"<p>El Patio del Condestable ha acogido la celebraci\u00f3n, que reconoce la labor de 30 hombres y 21 mujeres que se jubilaron en 2024<\/p>\n","protected":false},"author":1,"featured_media":52259,"comment_status":"open","ping_status":"closed","sticky":false,"template":"","format":"standard","meta":{"footnotes":""},"categories":[2],"tags":[],"class_list":["post-52257","post","type-post","status-publish","format-standard","has-post-thumbnail","hentry","category-ayuntamiento-pamplona"],"yoast_head":"<!-- This site is optimized with the Yoast SEO plugin v27.3 - https:\/\/yoast.com\/product\/yoast-seo-wordpress\/ -->\n<title>Un total de 51 personas jubiladas son homenajeadas por sus a\u00f1os de dedicaci\u00f3n al servicio del Ayuntamiento de Pamplona<\/title>\n<meta name=\"description\" content=\"El Patio del Condestable ha acogido la celebraci\u00f3n, que reconoce la labor de 30 hombres y 21 mujeres que se jubilaron en 2024\" \/>\n<meta name=\"robots\" content=\"index, follow, max-snippet:-1, max-image-preview:large, max-video-preview:-1\" \/>\n<link rel=\"canonical\" href=\"https:\/\/www.laguiadepamplona.com\/actualidad\/un-total-de-51-personas-jubiladas-son-homenajeadas-por-sus-anos-de-dedicacion-al-servicio-del-ayuntamiento-de-pamplona\/\" \/>\n<meta property=\"og:locale\" content=\"es_ES\" \/>\n<meta property=\"og:type\" content=\"article\" \/>\n<meta property=\"og:title\" content=\"Un total de 51 personas jubiladas son homenajeadas por sus a\u00f1os de dedicaci\u00f3n al servicio del Ayuntamiento de Pamplona\" \/>\n<meta property=\"og:description\" content=\"El Patio del Condestable ha acogido la celebraci\u00f3n, que reconoce la labor de 30 hombres y 21 mujeres que se jubilaron en 2024\" \/>\n<meta property=\"og:url\" content=\"https:\/\/www.laguiadepamplona.com\/actualidad\/un-total-de-51-personas-jubiladas-son-homenajeadas-por-sus-anos-de-dedicacion-al-servicio-del-ayuntamiento-de-pamplona\/\" \/>\n<meta property=\"og:site_name\" content=\"La Gu\u00eda de Pamplona\" \/>\n<meta property=\"article:publisher\" content=\"https:\/\/www.facebook.com\/laguiadepamplonacom-133175176762273\/?ref=hl\" \/>\n<meta property=\"article:published_time\" content=\"2025-02-28T12:51:26+00:00\" \/>\n<meta property=\"og:image\" content=\"https:\/\/www.laguiadepamplona.com\/actualidad\/wp-content\/uploads\/2025\/02\/2actohomenajepersonalmunicipaljubiladodsc8232.webp\" \/>\n\t<meta property=\"og:image:width\" content=\"1000\" \/>\n\t<meta property=\"og:image:height\" content=\"666\" \/>\n\t<meta property=\"og:image:type\" content=\"image\/webp\" \/>\n<meta name=\"author\" content=\"La Gu\u00eda de Pamplona\" \/>\n<meta name=\"twitter:card\" content=\"summary_large_image\" \/>\n<meta name=\"twitter:creator\" content=\"@LaGuiadPamplona\" \/>\n<meta name=\"twitter:site\" content=\"@LaGuiadPamplona\" \/>\n<meta name=\"twitter:label1\" content=\"Escrito por\" \/>\n\t<meta name=\"twitter:data1\" content=\"La Gu\u00eda de Pamplona\" \/>\n\t<meta name=\"twitter:label2\" content=\"Tiempo de lectura\" \/>\n\t<meta name=\"twitter:data2\" content=\"2 minutos\" \/>\n<script type=\"application\/ld+json\" class=\"yoast-schema-graph\">{\"@context\":\"https:\\\/\\\/schema.org\",\"@graph\":[{\"@type\":\"Article\",\"@id\":\"https:\\\/\\\/www.laguiadepamplona.com\\\/actualidad\\\/un-total-de-51-personas-jubiladas-son-homenajeadas-por-sus-anos-de-dedicacion-al-servicio-del-ayuntamiento-de-pamplona\\\/#article\",\"isPartOf\":{\"@id\":\"https:\\\/\\\/www.laguiadepamplona.com\\\/actualidad\\\/un-total-de-51-personas-jubiladas-son-homenajeadas-por-sus-anos-de-dedicacion-al-servicio-del-ayuntamiento-de-pamplona\\\/\"},\"author\":{\"name\":\"La Gu\u00eda de Pamplona\",\"@id\":\"https:\\\/\\\/www.laguiadepamplona.com\\\/actualidad\\\/#\\\/schema\\\/person\\\/efe887376f0213d4657c93adc50b1fdb\"},\"headline\":\"Un total de 51 personas jubiladas son homenajeadas por sus a\u00f1os de dedicaci\u00f3n al servicio del Ayuntamiento de Pamplona\",\"datePublished\":\"2025-02-28T12:51:26+00:00\",\"mainEntityOfPage\":{\"@id\":\"https:\\\/\\\/www.laguiadepamplona.com\\\/actualidad\\\/un-total-de-51-personas-jubiladas-son-homenajeadas-por-sus-anos-de-dedicacion-al-servicio-del-ayuntamiento-de-pamplona\\\/\"},\"wordCount\":359,\"commentCount\":0,\"publisher\":{\"@id\":\"https:\\\/\\\/www.laguiadepamplona.com\\\/actualidad\\\/#organization\"},\"image\":{\"@id\":\"https:\\\/\\\/www.laguiadepamplona.com\\\/actualidad\\\/un-total-de-51-personas-jubiladas-son-homenajeadas-por-sus-anos-de-dedicacion-al-servicio-del-ayuntamiento-de-pamplona\\\/#primaryimage\"},\"thumbnailUrl\":\"https:\\\/\\\/www.laguiadepamplona.com\\\/actualidad\\\/wp-content\\\/uploads\\\/2025\\\/02\\\/2actohomenajepersonalmunicipaljubiladodsc8232.webp\",\"articleSection\":[\"Ayto Pamplona\"],\"inLanguage\":\"es\",\"potentialAction\":[{\"@type\":\"CommentAction\",\"name\":\"Comment\",\"target\":[\"https:\\\/\\\/www.laguiadepamplona.com\\\/actualidad\\\/un-total-de-51-personas-jubiladas-son-homenajeadas-por-sus-anos-de-dedicacion-al-servicio-del-ayuntamiento-de-pamplona\\\/#respond\"]}]},{\"@type\":\"WebPage\",\"@id\":\"https:\\\/\\\/www.laguiadepamplona.com\\\/actualidad\\\/un-total-de-51-personas-jubiladas-son-homenajeadas-por-sus-anos-de-dedicacion-al-servicio-del-ayuntamiento-de-pamplona\\\/\",\"url\":\"https:\\\/\\\/www.laguiadepamplona.com\\\/actualidad\\\/un-total-de-51-personas-jubiladas-son-homenajeadas-por-sus-anos-de-dedicacion-al-servicio-del-ayuntamiento-de-pamplona\\\/\",\"name\":\"Un total de 51 personas jubiladas son homenajeadas por sus a\u00f1os de dedicaci\u00f3n al servicio del Ayuntamiento de Pamplona\",\"isPartOf\":{\"@id\":\"https:\\\/\\\/www.laguiadepamplona.com\\\/actualidad\\\/#website\"},\"primaryImageOfPage\":{\"@id\":\"https:\\\/\\\/www.laguiadepamplona.com\\\/actualidad\\\/un-total-de-51-personas-jubiladas-son-homenajeadas-por-sus-anos-de-dedicacion-al-servicio-del-ayuntamiento-de-pamplona\\\/#primaryimage\"},\"image\":{\"@id\":\"https:\\\/\\\/www.laguiadepamplona.com\\\/actualidad\\\/un-total-de-51-personas-jubiladas-son-homenajeadas-por-sus-anos-de-dedicacion-al-servicio-del-ayuntamiento-de-pamplona\\\/#primaryimage\"},\"thumbnailUrl\":\"https:\\\/\\\/www.laguiadepamplona.com\\\/actualidad\\\/wp-content\\\/uploads\\\/2025\\\/02\\\/2actohomenajepersonalmunicipaljubiladodsc8232.webp\",\"datePublished\":\"2025-02-28T12:51:26+00:00\",\"description\":\"El Patio del Condestable ha acogido la celebraci\u00f3n, que reconoce la labor de 30 hombres y 21 mujeres que se jubilaron en 2024\",\"breadcrumb\":{\"@id\":\"https:\\\/\\\/www.laguiadepamplona.com\\\/actualidad\\\/un-total-de-51-personas-jubiladas-son-homenajeadas-por-sus-anos-de-dedicacion-al-servicio-del-ayuntamiento-de-pamplona\\\/#breadcrumb\"},\"inLanguage\":\"es\",\"potentialAction\":[{\"@type\":\"ReadAction\",\"target\":[\"https:\\\/\\\/www.laguiadepamplona.com\\\/actualidad\\\/un-total-de-51-personas-jubiladas-son-homenajeadas-por-sus-anos-de-dedicacion-al-servicio-del-ayuntamiento-de-pamplona\\\/\"]}]},{\"@type\":\"ImageObject\",\"inLanguage\":\"es\",\"@id\":\"https:\\\/\\\/www.laguiadepamplona.com\\\/actualidad\\\/un-total-de-51-personas-jubiladas-son-homenajeadas-por-sus-anos-de-dedicacion-al-servicio-del-ayuntamiento-de-pamplona\\\/#primaryimage\",\"url\":\"https:\\\/\\\/www.laguiadepamplona.com\\\/actualidad\\\/wp-content\\\/uploads\\\/2025\\\/02\\\/2actohomenajepersonalmunicipaljubiladodsc8232.webp\",\"contentUrl\":\"https:\\\/\\\/www.laguiadepamplona.com\\\/actualidad\\\/wp-content\\\/uploads\\\/2025\\\/02\\\/2actohomenajepersonalmunicipaljubiladodsc8232.webp\",\"width\":1000,\"height\":666,\"caption\":\"acto homenaje personal municipal jubilados\"},{\"@type\":\"BreadcrumbList\",\"@id\":\"https:\\\/\\\/www.laguiadepamplona.com\\\/actualidad\\\/un-total-de-51-personas-jubiladas-son-homenajeadas-por-sus-anos-de-dedicacion-al-servicio-del-ayuntamiento-de-pamplona\\\/#breadcrumb\",\"itemListElement\":[{\"@type\":\"ListItem\",\"position\":1,\"name\":\"Portada\",\"item\":\"https:\\\/\\\/www.laguiadepamplona.com\\\/actualidad\\\/\"},{\"@type\":\"ListItem\",\"position\":2,\"name\":\"Un total de 51 personas jubiladas son homenajeadas por sus a\u00f1os de dedicaci\u00f3n al servicio del Ayuntamiento de Pamplona\"}]},{\"@type\":\"WebSite\",\"@id\":\"https:\\\/\\\/www.laguiadepamplona.com\\\/actualidad\\\/#website\",\"url\":\"https:\\\/\\\/www.laguiadepamplona.com\\\/actualidad\\\/\",\"name\":\"La gu\u00eda de Pamplona\",\"description\":\"Noticias de Pamplona\",\"publisher\":{\"@id\":\"https:\\\/\\\/www.laguiadepamplona.com\\\/actualidad\\\/#organization\"},\"potentialAction\":[{\"@type\":\"SearchAction\",\"target\":{\"@type\":\"EntryPoint\",\"urlTemplate\":\"https:\\\/\\\/www.laguiadepamplona.com\\\/actualidad\\\/?s={search_term_string}\"},\"query-input\":{\"@type\":\"PropertyValueSpecification\",\"valueRequired\":true,\"valueName\":\"search_term_string\"}}],\"inLanguage\":\"es\"},{\"@type\":\"Organization\",\"@id\":\"https:\\\/\\\/www.laguiadepamplona.com\\\/actualidad\\\/#organization\",\"name\":\"La Gu\u00eda de Pamplona \\\/ Noticias\",\"url\":\"https:\\\/\\\/www.laguiadepamplona.com\\\/actualidad\\\/\",\"logo\":{\"@type\":\"ImageObject\",\"inLanguage\":\"es\",\"@id\":\"https:\\\/\\\/www.laguiadepamplona.com\\\/actualidad\\\/#\\\/schema\\\/logo\\\/image\\\/\",\"url\":\"https:\\\/\\\/www.laguiadepamplona.com\\\/actualidad\\\/wp-content\\\/uploads\\\/2018\\\/11\\\/logo-laguiadepamplona18-web1.png\",\"contentUrl\":\"https:\\\/\\\/www.laguiadepamplona.com\\\/actualidad\\\/wp-content\\\/uploads\\\/2018\\\/11\\\/logo-laguiadepamplona18-web1.png\",\"width\":600,\"height\":196,\"caption\":\"La Gu\u00eda de Pamplona \\\/ Noticias\"},\"image\":{\"@id\":\"https:\\\/\\\/www.laguiadepamplona.com\\\/actualidad\\\/#\\\/schema\\\/logo\\\/image\\\/\"},\"sameAs\":[\"https:\\\/\\\/www.facebook.com\\\/laguiadepamplonacom-133175176762273\\\/?ref=hl\",\"https:\\\/\\\/x.com\\\/LaGuiadPamplona\",\"https:\\\/\\\/www.instagram.com\\\/la_guia_de_pamplona\\\/\",\"https:\\\/\\\/www.youtube.com\\\/user\\\/laguiadepamplona\"]},{\"@type\":\"Person\",\"@id\":\"https:\\\/\\\/www.laguiadepamplona.com\\\/actualidad\\\/#\\\/schema\\\/person\\\/efe887376f0213d4657c93adc50b1fdb\",\"name\":\"La Gu\u00eda de Pamplona\",\"image\":{\"@type\":\"ImageObject\",\"inLanguage\":\"es\",\"@id\":\"https:\\\/\\\/secure.gravatar.com\\\/avatar\\\/b6992f131dc8d30ab0dff15446e9d346d9dbd95992de0fef795073f5ea83a81c?s=96&d=mm&r=g\",\"url\":\"https:\\\/\\\/secure.gravatar.com\\\/avatar\\\/b6992f131dc8d30ab0dff15446e9d346d9dbd95992de0fef795073f5ea83a81c?s=96&d=mm&r=g\",\"contentUrl\":\"https:\\\/\\\/secure.gravatar.com\\\/avatar\\\/b6992f131dc8d30ab0dff15446e9d346d9dbd95992de0fef795073f5ea83a81c?s=96&d=mm&r=g\",\"caption\":\"La Gu\u00eda de Pamplona\"}}]}<\/script>\n<!-- \/ Yoast SEO plugin. -->","yoast_head_json":{"title":"Un total de 51 personas jubiladas son homenajeadas por sus a\u00f1os de dedicaci\u00f3n al servicio del Ayuntamiento de Pamplona","description":"El Patio del Condestable ha acogido la celebraci\u00f3n, que reconoce la labor de 30 hombres y 21 mujeres que se jubilaron en 2024","robots":{"index":"index","follow":"follow","max-snippet":"max-snippet:-1","max-image-preview":"max-image-preview:large","max-video-preview":"max-video-preview:-1"},"canonical":"https:\/\/www.laguiadepamplona.com\/actualidad\/un-total-de-51-personas-jubiladas-son-homenajeadas-por-sus-anos-de-dedicacion-al-servicio-del-ayuntamiento-de-pamplona\/","og_locale":"es_ES","og_type":"article","og_title":"Un total de 51 personas jubiladas son homenajeadas por sus a\u00f1os de dedicaci\u00f3n al servicio del Ayuntamiento de Pamplona","og_description":"El Patio del Condestable ha acogido la celebraci\u00f3n, que reconoce la labor de 30 hombres y 21 mujeres que se jubilaron en 2024","og_url":"https:\/\/www.laguiadepamplona.com\/actualidad\/un-total-de-51-personas-jubiladas-son-homenajeadas-por-sus-anos-de-dedicacion-al-servicio-del-ayuntamiento-de-pamplona\/","og_site_name":"La Gu\u00eda de Pamplona","article_publisher":"https:\/\/www.facebook.com\/laguiadepamplonacom-133175176762273\/?ref=hl","article_published_time":"2025-02-28T12:51:26+00:00","og_image":[{"width":1000,"height":666,"url":"https:\/\/www.laguiadepamplona.com\/actualidad\/wp-content\/uploads\/2025\/02\/2actohomenajepersonalmunicipaljubiladodsc8232.webp","type":"image\/webp"}],"author":"La Gu\u00eda de Pamplona","twitter_card":"summary_large_image","twitter_creator":"@LaGuiadPamplona","twitter_site":"@LaGuiadPamplona","twitter_misc":{"Escrito por":"La Gu\u00eda de Pamplona","Tiempo de lectura":"2 minutos"},"schema":{"@context":"https:\/\/schema.org","@graph":[{"@type":"Article","@id":"https:\/\/www.laguiadepamplona.com\/actualidad\/un-total-de-51-personas-jubiladas-son-homenajeadas-por-sus-anos-de-dedicacion-al-servicio-del-ayuntamiento-de-pamplona\/#article","isPartOf":{"@id":"https:\/\/www.laguiadepamplona.com\/actualidad\/un-total-de-51-personas-jubiladas-son-homenajeadas-por-sus-anos-de-dedicacion-al-servicio-del-ayuntamiento-de-pamplona\/"},"author":{"name":"La Gu\u00eda de Pamplona","@id":"https:\/\/www.laguiadepamplona.com\/actualidad\/#\/schema\/person\/efe887376f0213d4657c93adc50b1fdb"},"headline":"Un total de 51 personas jubiladas son homenajeadas por sus a\u00f1os de dedicaci\u00f3n al servicio del Ayuntamiento de Pamplona","datePublished":"2025-02-28T12:51:26+00:00","mainEntityOfPage":{"@id":"https:\/\/www.laguiadepamplona.com\/actualidad\/un-total-de-51-personas-jubiladas-son-homenajeadas-por-sus-anos-de-dedicacion-al-servicio-del-ayuntamiento-de-pamplona\/"},"wordCount":359,"commentCount":0,"publisher":{"@id":"https:\/\/www.laguiadepamplona.com\/actualidad\/#organization"},"image":{"@id":"https:\/\/www.laguiadepamplona.com\/actualidad\/un-total-de-51-personas-jubiladas-son-homenajeadas-por-sus-anos-de-dedicacion-al-servicio-del-ayuntamiento-de-pamplona\/#primaryimage"},"thumbnailUrl":"https:\/\/www.laguiadepamplona.com\/actualidad\/wp-content\/uploads\/2025\/02\/2actohomenajepersonalmunicipaljubiladodsc8232.webp","articleSection":["Ayto Pamplona"],"inLanguage":"es","potentialAction":[{"@type":"CommentAction","name":"Comment","target":["https:\/\/www.laguiadepamplona.com\/actualidad\/un-total-de-51-personas-jubiladas-son-homenajeadas-por-sus-anos-de-dedicacion-al-servicio-del-ayuntamiento-de-pamplona\/#respond"]}]},{"@type":"WebPage","@id":"https:\/\/www.laguiadepamplona.com\/actualidad\/un-total-de-51-personas-jubiladas-son-homenajeadas-por-sus-anos-de-dedicacion-al-servicio-del-ayuntamiento-de-pamplona\/","url":"https:\/\/www.laguiadepamplona.com\/actualidad\/un-total-de-51-personas-jubiladas-son-homenajeadas-por-sus-anos-de-dedicacion-al-servicio-del-ayuntamiento-de-pamplona\/","name":"Un total de 51 personas jubiladas son homenajeadas por sus a\u00f1os de dedicaci\u00f3n al servicio del Ayuntamiento de Pamplona","isPartOf":{"@id":"https:\/\/www.laguiadepamplona.com\/actualidad\/#website"},"primaryImageOfPage":{"@id":"https:\/\/www.laguiadepamplona.com\/actualidad\/un-total-de-51-personas-jubiladas-son-homenajeadas-por-sus-anos-de-dedicacion-al-servicio-del-ayuntamiento-de-pamplona\/#primaryimage"},"image":{"@id":"https:\/\/www.laguiadepamplona.com\/actualidad\/un-total-de-51-personas-jubiladas-son-homenajeadas-por-sus-anos-de-dedicacion-al-servicio-del-ayuntamiento-de-pamplona\/#primaryimage"},"thumbnailUrl":"https:\/\/www.laguiadepamplona.com\/actualidad\/wp-content\/uploads\/2025\/02\/2actohomenajepersonalmunicipaljubiladodsc8232.webp","datePublished":"2025-02-28T12:51:26+00:00","description":"El Patio del Condestable ha acogido la celebraci\u00f3n, que reconoce la labor de 30 hombres y 21 mujeres que se jubilaron en 2024","breadcrumb":{"@id":"https:\/\/www.laguiadepamplona.com\/actualidad\/un-total-de-51-personas-jubiladas-son-homenajeadas-por-sus-anos-de-dedicacion-al-servicio-del-ayuntamiento-de-pamplona\/#breadcrumb"},"inLanguage":"es","potentialAction":[{"@type":"ReadAction","target":["https:\/\/www.laguiadepamplona.com\/actualidad\/un-total-de-51-personas-jubiladas-son-homenajeadas-por-sus-anos-de-dedicacion-al-servicio-del-ayuntamiento-de-pamplona\/"]}]},{"@type":"ImageObject","inLanguage":"es","@id":"https:\/\/www.laguiadepamplona.com\/actualidad\/un-total-de-51-personas-jubiladas-son-homenajeadas-por-sus-anos-de-dedicacion-al-servicio-del-ayuntamiento-de-pamplona\/#primaryimage","url":"https:\/\/www.laguiadepamplona.com\/actualidad\/wp-content\/uploads\/2025\/02\/2actohomenajepersonalmunicipaljubiladodsc8232.webp","contentUrl":"https:\/\/www.laguiadepamplona.com\/actualidad\/wp-content\/uploads\/2025\/02\/2actohomenajepersonalmunicipaljubiladodsc8232.webp","width":1000,"height":666,"caption":"acto homenaje personal municipal jubilados"},{"@type":"BreadcrumbList","@id":"https:\/\/www.laguiadepamplona.com\/actualidad\/un-total-de-51-personas-jubiladas-son-homenajeadas-por-sus-anos-de-dedicacion-al-servicio-del-ayuntamiento-de-pamplona\/#breadcrumb","itemListElement":[{"@type":"ListItem","position":1,"name":"Portada","item":"https:\/\/www.laguiadepamplona.com\/actualidad\/"},{"@type":"ListItem","position":2,"name":"Un total de 51 personas jubiladas son homenajeadas por sus a\u00f1os de dedicaci\u00f3n al servicio del Ayuntamiento de Pamplona"}]},{"@type":"WebSite","@id":"https:\/\/www.laguiadepamplona.com\/actualidad\/#website","url":"https:\/\/www.laguiadepamplona.com\/actualidad\/","name":"La gu\u00eda de Pamplona","description":"Noticias de Pamplona","publisher":{"@id":"https:\/\/www.laguiadepamplona.com\/actualidad\/#organization"},"potentialAction":[{"@type":"SearchAction","target":{"@type":"EntryPoint","urlTemplate":"https:\/\/www.laguiadepamplona.com\/actualidad\/?s={search_term_string}"},"query-input":{"@type":"PropertyValueSpecification","valueRequired":true,"valueName":"search_term_string"}}],"inLanguage":"es"},{"@type":"Organization","@id":"https:\/\/www.laguiadepamplona.com\/actualidad\/#organization","name":"La Gu\u00eda de Pamplona \/ Noticias","url":"https:\/\/www.laguiadepamplona.com\/actualidad\/","logo":{"@type":"ImageObject","inLanguage":"es","@id":"https:\/\/www.laguiadepamplona.com\/actualidad\/#\/schema\/logo\/image\/","url":"https:\/\/www.laguiadepamplona.com\/actualidad\/wp-content\/uploads\/2018\/11\/logo-laguiadepamplona18-web1.png","contentUrl":"https:\/\/www.laguiadepamplona.com\/actualidad\/wp-content\/uploads\/2018\/11\/logo-laguiadepamplona18-web1.png","width":600,"height":196,"caption":"La Gu\u00eda de Pamplona \/ Noticias"},"image":{"@id":"https:\/\/www.laguiadepamplona.com\/actualidad\/#\/schema\/logo\/image\/"},"sameAs":["https:\/\/www.facebook.com\/laguiadepamplonacom-133175176762273\/?ref=hl","https:\/\/x.com\/LaGuiadPamplona","https:\/\/www.instagram.com\/la_guia_de_pamplona\/","https:\/\/www.youtube.com\/user\/laguiadepamplona"]},{"@type":"Person","@id":"https:\/\/www.laguiadepamplona.com\/actualidad\/#\/schema\/person\/efe887376f0213d4657c93adc50b1fdb","name":"La Gu\u00eda de Pamplona","image":{"@type":"ImageObject","inLanguage":"es","@id":"https:\/\/secure.gravatar.com\/avatar\/b6992f131dc8d30ab0dff15446e9d346d9dbd95992de0fef795073f5ea83a81c?s=96&d=mm&r=g","url":"https:\/\/secure.gravatar.com\/avatar\/b6992f131dc8d30ab0dff15446e9d346d9dbd95992de0fef795073f5ea83a81c?s=96&d=mm&r=g","contentUrl":"https:\/\/secure.gravatar.com\/avatar\/b6992f131dc8d30ab0dff15446e9d346d9dbd95992de0fef795073f5ea83a81c?s=96&d=mm&r=g","caption":"La Gu\u00eda de Pamplona"}}]}},"post_mailing_queue_ids":[],"_links":{"self":[{"href":"https:\/\/www.laguiadepamplona.com\/actualidad\/wp-json\/wp\/v2\/posts\/52257","targetHints":{"allow":["GET"]}}],"collection":[{"href":"https:\/\/www.laguiadepamplona.com\/actualidad\/wp-json\/wp\/v2\/posts"}],"about":[{"href":"https:\/\/www.laguiadepamplona.com\/actualidad\/wp-json\/wp\/v2\/types\/post"}],"author":[{"embeddable":true,"href":"https:\/\/www.laguiadepamplona.com\/actualidad\/wp-json\/wp\/v2\/users\/1"}],"replies":[{"embeddable":true,"href":"https:\/\/www.laguiadepamplona.com\/actualidad\/wp-json\/wp\/v2\/comments?post=52257"}],"version-history":[{"count":1,"href":"https:\/\/www.laguiadepamplona.com\/actualidad\/wp-json\/wp\/v2\/posts\/52257\/revisions"}],"predecessor-version":[{"id":52258,"href":"https:\/\/www.laguiadepamplona.com\/actualidad\/wp-json\/wp\/v2\/posts\/52257\/revisions\/52258"}],"wp:featuredmedia":[{"embeddable":true,"href":"https:\/\/www.laguiadepamplona.com\/actualidad\/wp-json\/wp\/v2\/media\/52259"}],"wp:attachment":[{"href":"https:\/\/www.laguiadepamplona.com\/actualidad\/wp-json\/wp\/v2\/media?parent=52257"}],"wp:term":[{"taxonomy":"category","embeddable":true,"href":"https:\/\/www.laguiadepamplona.com\/actualidad\/wp-json\/wp\/v2\/categories?post=52257"},{"taxonomy":"post_tag","embeddable":true,"href":"https:\/\/www.laguiadepamplona.com\/actualidad\/wp-json\/wp\/v2\/tags?post=52257"}],"curies":[{"name":"wp","href":"https:\/\/api.w.org\/{rel}","templated":true}]}}