{"id":52248,"date":"2025-02-28T13:45:10","date_gmt":"2025-02-28T11:45:10","guid":{"rendered":"https:\/\/www.laguiadepamplona.com\/actualidad\/?p=52248"},"modified":"2025-02-28T13:45:10","modified_gmt":"2025-02-28T11:45:10","slug":"la-figura-de-mari-ganuza-senosiain-dara-nombre-al-mayor-parque-de-san-jorge-en-el-que-se-enclava-el-centro-de-salud-y-que-cuenta-con-mas-de-19-000-m2-y-266-arboles","status":"publish","type":"post","link":"https:\/\/www.laguiadepamplona.com\/actualidad\/la-figura-de-mari-ganuza-senosiain-dara-nombre-al-mayor-parque-de-san-jorge-en-el-que-se-enclava-el-centro-de-salud-y-que-cuenta-con-mas-de-19-000-m2-y-266-arboles\/","title":{"rendered":"La figura de Mari Ganuza Senosi\u00e1in dar\u00e1 nombre al mayor parque de San Jorge, en el que se enclava el centro de salud y que cuenta con m\u00e1s de 19.000 m2 y 266 \u00e1rboles"},"content":{"rendered":"<h2>El alcalde de Pamplona ha dado cuenta esta ma\u00f1ana de la decisi\u00f3n a la Junta de Portavoces, al amparo del Reglamento de Protocolo<\/h2>\n<p><!--more--><\/p>\n<p>La figura de Mari Ganuza Senosi\u00e1in (Pamplona, 1959 -2025), un hist\u00f3rico integrante de la Comparsa de Gigantes y Cabezudos, a la que estuvo vinculado desde 1978 y que dirigi\u00f3 entre 1990 y 2019, presidir\u00e1 el parque de San Jorge en la que est\u00e1 enclavado el Centro de Salud del barrio. El alcalde de Pamplona, Joseba Asir\u00f3n Saez, ha decidido realizar esta dedicaci\u00f3n nominativa que seg\u00fan el art\u00edculo 15 del Reglamento de Protocolo, Ceremonial, Honores y Distinciones del Ayuntamiento de Pamplona es \u201cuna oportunidad para honrar y reconocer a personas y\/o entidades que re\u00fanen los m\u00e9ritos suficientes, bien sea por servicios o actividades especiales realizadas en favor de la ciudad de Pamplona, o por su relevancia en el \u00e1mbito cient\u00edfico, cultural, deportivo, etc.<\/p>\n<p>Ganuza, ha sido una figura muy arraigada en la ciudad, adem\u00e1s de ligado a la Comparsa, elemento fundamental en los actos institucionales en los que la Corporaci\u00f3n participa en Cuerpo de Ciudad extenso, y tambi\u00e9n en la celebraci\u00f3n de los Sanfermines, que adem\u00e1s inaugur\u00f3 con el lanzamiento del Chupinazo en 2010. Adem\u00e1s, ha estado ligado como portador al paso municipal de Dolorosa y a la celebraci\u00f3n del desfile de Olentzero cada Navidad. Era, adem\u00e1s, miembro de la pe\u00f1a Muthiko Alaiak y guitarrista del grupo Navarrer\u00edas. La decisi\u00f3n, como est\u00e1 recogido en el reglamento, ha sido puesta en conocimiento de la Junta de Portavoces a primera hora de esta ma\u00f1ana y se firmar\u00e1 por medio de una Resoluci\u00f3n de Alcald\u00eda.<\/p>\n<p>El parque con nueva denominaci\u00f3n se inscribe en el rect\u00e1ngulo formado por la avenida de San Jorge y las calles Alexander Flemming, Jos\u00e9 Alfonso y Saduzelai, en San Jorge. Con 19.690m<sup>2<\/sup> es la mayor zona verde del barrio. Tiene11.530 m<sup>2<\/sup> de superficie verde (c\u00e9sped y pradera) y cuenta con 266 \u00e1rboles entre los que destacan, por n\u00famero, el Pl\u00e1tano de Sombra (Platanus x hybrida, 63 ejemplares) y el Pino negrol (Pinus nigra, 42 unidades).<\/p>\n","protected":false},"excerpt":{"rendered":"<p>El alcalde de Pamplona ha dado cuenta esta ma\u00f1ana de la decisi\u00f3n a la Junta de Portavoces, al amparo del Reglamento de Protocolo<\/p>\n","protected":false},"author":1,"featured_media":52249,"comment_status":"open","ping_status":"closed","sticky":false,"template":"","format":"standard","meta":{"footnotes":""},"categories":[2],"tags":[],"class_list":["post-52248","post","type-post","status-publish","format-standard","has-post-thumbnail","hentry","category-ayuntamiento-pamplona"],"yoast_head":"<!-- This site is optimized with the Yoast SEO plugin v27.3 - https:\/\/yoast.com\/product\/yoast-seo-wordpress\/ -->\n<title>La figura de Mari Ganuza Senosi\u00e1in dar\u00e1 nombre al mayor parque de San Jorge, en el que se enclava el centro de salud y que cuenta con m\u00e1s de 19.000 m2 y 266 \u00e1rboles<\/title>\n<meta name=\"description\" content=\"El alcalde de Pamplona ha dado cuenta esta ma\u00f1ana de la decisi\u00f3n a la Junta de Portavoces, al amparo del Reglamento de Protocolo\" \/>\n<meta name=\"robots\" content=\"index, follow, max-snippet:-1, max-image-preview:large, max-video-preview:-1\" \/>\n<link rel=\"canonical\" href=\"https:\/\/www.laguiadepamplona.com\/actualidad\/la-figura-de-mari-ganuza-senosiain-dara-nombre-al-mayor-parque-de-san-jorge-en-el-que-se-enclava-el-centro-de-salud-y-que-cuenta-con-mas-de-19-000-m2-y-266-arboles\/\" \/>\n<meta property=\"og:locale\" content=\"es_ES\" \/>\n<meta property=\"og:type\" content=\"article\" \/>\n<meta property=\"og:title\" content=\"La figura de Mari Ganuza Senosi\u00e1in dar\u00e1 nombre al mayor parque de San Jorge, en el que se enclava el centro de salud y que cuenta con m\u00e1s de 19.000 m2 y 266 \u00e1rboles\" \/>\n<meta property=\"og:description\" content=\"El alcalde de Pamplona ha dado cuenta esta ma\u00f1ana de la decisi\u00f3n a la Junta de Portavoces, al amparo del Reglamento de Protocolo\" \/>\n<meta property=\"og:url\" content=\"https:\/\/www.laguiadepamplona.com\/actualidad\/la-figura-de-mari-ganuza-senosiain-dara-nombre-al-mayor-parque-de-san-jorge-en-el-que-se-enclava-el-centro-de-salud-y-que-cuenta-con-mas-de-19-000-m2-y-266-arboles\/\" \/>\n<meta property=\"og:site_name\" content=\"La Gu\u00eda de Pamplona\" \/>\n<meta property=\"article:publisher\" content=\"https:\/\/www.facebook.com\/laguiadepamplonacom-133175176762273\/?ref=hl\" \/>\n<meta property=\"article:published_time\" content=\"2025-02-28T11:45:10+00:00\" \/>\n<meta property=\"og:image\" content=\"https:\/\/www.laguiadepamplona.com\/actualidad\/wp-content\/uploads\/2025\/02\/parquedesanjorgecnb9466.webp\" \/>\n\t<meta property=\"og:image:width\" content=\"1000\" \/>\n\t<meta property=\"og:image:height\" content=\"667\" \/>\n\t<meta property=\"og:image:type\" content=\"image\/webp\" \/>\n<meta name=\"author\" content=\"La Gu\u00eda de Pamplona\" \/>\n<meta name=\"twitter:card\" content=\"summary_large_image\" \/>\n<meta name=\"twitter:creator\" content=\"@LaGuiadPamplona\" \/>\n<meta name=\"twitter:site\" content=\"@LaGuiadPamplona\" \/>\n<meta name=\"twitter:label1\" content=\"Escrito por\" \/>\n\t<meta name=\"twitter:data1\" content=\"La Gu\u00eda de Pamplona\" \/>\n\t<meta name=\"twitter:label2\" content=\"Tiempo de lectura\" \/>\n\t<meta name=\"twitter:data2\" content=\"2 minutos\" \/>\n<script type=\"application\/ld+json\" class=\"yoast-schema-graph\">{\"@context\":\"https:\\\/\\\/schema.org\",\"@graph\":[{\"@type\":\"Article\",\"@id\":\"https:\\\/\\\/www.laguiadepamplona.com\\\/actualidad\\\/la-figura-de-mari-ganuza-senosiain-dara-nombre-al-mayor-parque-de-san-jorge-en-el-que-se-enclava-el-centro-de-salud-y-que-cuenta-con-mas-de-19-000-m2-y-266-arboles\\\/#article\",\"isPartOf\":{\"@id\":\"https:\\\/\\\/www.laguiadepamplona.com\\\/actualidad\\\/la-figura-de-mari-ganuza-senosiain-dara-nombre-al-mayor-parque-de-san-jorge-en-el-que-se-enclava-el-centro-de-salud-y-que-cuenta-con-mas-de-19-000-m2-y-266-arboles\\\/\"},\"author\":{\"name\":\"La Gu\u00eda de Pamplona\",\"@id\":\"https:\\\/\\\/www.laguiadepamplona.com\\\/actualidad\\\/#\\\/schema\\\/person\\\/efe887376f0213d4657c93adc50b1fdb\"},\"headline\":\"La figura de Mari Ganuza Senosi\u00e1in dar\u00e1 nombre al mayor parque de San Jorge, en el que se enclava el centro de salud y que cuenta con m\u00e1s de 19.000 m2 y 266 \u00e1rboles\",\"datePublished\":\"2025-02-28T11:45:10+00:00\",\"mainEntityOfPage\":{\"@id\":\"https:\\\/\\\/www.laguiadepamplona.com\\\/actualidad\\\/la-figura-de-mari-ganuza-senosiain-dara-nombre-al-mayor-parque-de-san-jorge-en-el-que-se-enclava-el-centro-de-salud-y-que-cuenta-con-mas-de-19-000-m2-y-266-arboles\\\/\"},\"wordCount\":394,\"commentCount\":0,\"publisher\":{\"@id\":\"https:\\\/\\\/www.laguiadepamplona.com\\\/actualidad\\\/#organization\"},\"image\":{\"@id\":\"https:\\\/\\\/www.laguiadepamplona.com\\\/actualidad\\\/la-figura-de-mari-ganuza-senosiain-dara-nombre-al-mayor-parque-de-san-jorge-en-el-que-se-enclava-el-centro-de-salud-y-que-cuenta-con-mas-de-19-000-m2-y-266-arboles\\\/#primaryimage\"},\"thumbnailUrl\":\"https:\\\/\\\/www.laguiadepamplona.com\\\/actualidad\\\/wp-content\\\/uploads\\\/2025\\\/02\\\/parquedesanjorgecnb9466.webp\",\"articleSection\":[\"Ayto Pamplona\"],\"inLanguage\":\"es\",\"potentialAction\":[{\"@type\":\"CommentAction\",\"name\":\"Comment\",\"target\":[\"https:\\\/\\\/www.laguiadepamplona.com\\\/actualidad\\\/la-figura-de-mari-ganuza-senosiain-dara-nombre-al-mayor-parque-de-san-jorge-en-el-que-se-enclava-el-centro-de-salud-y-que-cuenta-con-mas-de-19-000-m2-y-266-arboles\\\/#respond\"]}]},{\"@type\":\"WebPage\",\"@id\":\"https:\\\/\\\/www.laguiadepamplona.com\\\/actualidad\\\/la-figura-de-mari-ganuza-senosiain-dara-nombre-al-mayor-parque-de-san-jorge-en-el-que-se-enclava-el-centro-de-salud-y-que-cuenta-con-mas-de-19-000-m2-y-266-arboles\\\/\",\"url\":\"https:\\\/\\\/www.laguiadepamplona.com\\\/actualidad\\\/la-figura-de-mari-ganuza-senosiain-dara-nombre-al-mayor-parque-de-san-jorge-en-el-que-se-enclava-el-centro-de-salud-y-que-cuenta-con-mas-de-19-000-m2-y-266-arboles\\\/\",\"name\":\"La figura de Mari Ganuza Senosi\u00e1in dar\u00e1 nombre al mayor parque de San Jorge, en el que se enclava el centro de salud y que cuenta con m\u00e1s de 19.000 m2 y 266 \u00e1rboles\",\"isPartOf\":{\"@id\":\"https:\\\/\\\/www.laguiadepamplona.com\\\/actualidad\\\/#website\"},\"primaryImageOfPage\":{\"@id\":\"https:\\\/\\\/www.laguiadepamplona.com\\\/actualidad\\\/la-figura-de-mari-ganuza-senosiain-dara-nombre-al-mayor-parque-de-san-jorge-en-el-que-se-enclava-el-centro-de-salud-y-que-cuenta-con-mas-de-19-000-m2-y-266-arboles\\\/#primaryimage\"},\"image\":{\"@id\":\"https:\\\/\\\/www.laguiadepamplona.com\\\/actualidad\\\/la-figura-de-mari-ganuza-senosiain-dara-nombre-al-mayor-parque-de-san-jorge-en-el-que-se-enclava-el-centro-de-salud-y-que-cuenta-con-mas-de-19-000-m2-y-266-arboles\\\/#primaryimage\"},\"thumbnailUrl\":\"https:\\\/\\\/www.laguiadepamplona.com\\\/actualidad\\\/wp-content\\\/uploads\\\/2025\\\/02\\\/parquedesanjorgecnb9466.webp\",\"datePublished\":\"2025-02-28T11:45:10+00:00\",\"description\":\"El alcalde de Pamplona ha dado cuenta esta ma\u00f1ana de la decisi\u00f3n a la Junta de Portavoces, al amparo del Reglamento de Protocolo\",\"breadcrumb\":{\"@id\":\"https:\\\/\\\/www.laguiadepamplona.com\\\/actualidad\\\/la-figura-de-mari-ganuza-senosiain-dara-nombre-al-mayor-parque-de-san-jorge-en-el-que-se-enclava-el-centro-de-salud-y-que-cuenta-con-mas-de-19-000-m2-y-266-arboles\\\/#breadcrumb\"},\"inLanguage\":\"es\",\"potentialAction\":[{\"@type\":\"ReadAction\",\"target\":[\"https:\\\/\\\/www.laguiadepamplona.com\\\/actualidad\\\/la-figura-de-mari-ganuza-senosiain-dara-nombre-al-mayor-parque-de-san-jorge-en-el-que-se-enclava-el-centro-de-salud-y-que-cuenta-con-mas-de-19-000-m2-y-266-arboles\\\/\"]}]},{\"@type\":\"ImageObject\",\"inLanguage\":\"es\",\"@id\":\"https:\\\/\\\/www.laguiadepamplona.com\\\/actualidad\\\/la-figura-de-mari-ganuza-senosiain-dara-nombre-al-mayor-parque-de-san-jorge-en-el-que-se-enclava-el-centro-de-salud-y-que-cuenta-con-mas-de-19-000-m2-y-266-arboles\\\/#primaryimage\",\"url\":\"https:\\\/\\\/www.laguiadepamplona.com\\\/actualidad\\\/wp-content\\\/uploads\\\/2025\\\/02\\\/parquedesanjorgecnb9466.webp\",\"contentUrl\":\"https:\\\/\\\/www.laguiadepamplona.com\\\/actualidad\\\/wp-content\\\/uploads\\\/2025\\\/02\\\/parquedesanjorgecnb9466.webp\",\"width\":1000,\"height\":667,\"caption\":\"parque de San Jorge\"},{\"@type\":\"BreadcrumbList\",\"@id\":\"https:\\\/\\\/www.laguiadepamplona.com\\\/actualidad\\\/la-figura-de-mari-ganuza-senosiain-dara-nombre-al-mayor-parque-de-san-jorge-en-el-que-se-enclava-el-centro-de-salud-y-que-cuenta-con-mas-de-19-000-m2-y-266-arboles\\\/#breadcrumb\",\"itemListElement\":[{\"@type\":\"ListItem\",\"position\":1,\"name\":\"Portada\",\"item\":\"https:\\\/\\\/www.laguiadepamplona.com\\\/actualidad\\\/\"},{\"@type\":\"ListItem\",\"position\":2,\"name\":\"La figura de Mari Ganuza Senosi\u00e1in dar\u00e1 nombre al mayor parque de San Jorge, en el que se enclava el centro de salud y que cuenta con m\u00e1s de 19.000 m2 y 266 \u00e1rboles\"}]},{\"@type\":\"WebSite\",\"@id\":\"https:\\\/\\\/www.laguiadepamplona.com\\\/actualidad\\\/#website\",\"url\":\"https:\\\/\\\/www.laguiadepamplona.com\\\/actualidad\\\/\",\"name\":\"La gu\u00eda de Pamplona\",\"description\":\"Noticias de Pamplona\",\"publisher\":{\"@id\":\"https:\\\/\\\/www.laguiadepamplona.com\\\/actualidad\\\/#organization\"},\"potentialAction\":[{\"@type\":\"SearchAction\",\"target\":{\"@type\":\"EntryPoint\",\"urlTemplate\":\"https:\\\/\\\/www.laguiadepamplona.com\\\/actualidad\\\/?s={search_term_string}\"},\"query-input\":{\"@type\":\"PropertyValueSpecification\",\"valueRequired\":true,\"valueName\":\"search_term_string\"}}],\"inLanguage\":\"es\"},{\"@type\":\"Organization\",\"@id\":\"https:\\\/\\\/www.laguiadepamplona.com\\\/actualidad\\\/#organization\",\"name\":\"La Gu\u00eda de Pamplona \\\/ Noticias\",\"url\":\"https:\\\/\\\/www.laguiadepamplona.com\\\/actualidad\\\/\",\"logo\":{\"@type\":\"ImageObject\",\"inLanguage\":\"es\",\"@id\":\"https:\\\/\\\/www.laguiadepamplona.com\\\/actualidad\\\/#\\\/schema\\\/logo\\\/image\\\/\",\"url\":\"https:\\\/\\\/www.laguiadepamplona.com\\\/actualidad\\\/wp-content\\\/uploads\\\/2018\\\/11\\\/logo-laguiadepamplona18-web1.png\",\"contentUrl\":\"https:\\\/\\\/www.laguiadepamplona.com\\\/actualidad\\\/wp-content\\\/uploads\\\/2018\\\/11\\\/logo-laguiadepamplona18-web1.png\",\"width\":600,\"height\":196,\"caption\":\"La Gu\u00eda de Pamplona \\\/ Noticias\"},\"image\":{\"@id\":\"https:\\\/\\\/www.laguiadepamplona.com\\\/actualidad\\\/#\\\/schema\\\/logo\\\/image\\\/\"},\"sameAs\":[\"https:\\\/\\\/www.facebook.com\\\/laguiadepamplonacom-133175176762273\\\/?ref=hl\",\"https:\\\/\\\/x.com\\\/LaGuiadPamplona\",\"https:\\\/\\\/www.instagram.com\\\/la_guia_de_pamplona\\\/\",\"https:\\\/\\\/www.youtube.com\\\/user\\\/laguiadepamplona\"]},{\"@type\":\"Person\",\"@id\":\"https:\\\/\\\/www.laguiadepamplona.com\\\/actualidad\\\/#\\\/schema\\\/person\\\/efe887376f0213d4657c93adc50b1fdb\",\"name\":\"La Gu\u00eda de Pamplona\",\"image\":{\"@type\":\"ImageObject\",\"inLanguage\":\"es\",\"@id\":\"https:\\\/\\\/secure.gravatar.com\\\/avatar\\\/b6992f131dc8d30ab0dff15446e9d346d9dbd95992de0fef795073f5ea83a81c?s=96&d=mm&r=g\",\"url\":\"https:\\\/\\\/secure.gravatar.com\\\/avatar\\\/b6992f131dc8d30ab0dff15446e9d346d9dbd95992de0fef795073f5ea83a81c?s=96&d=mm&r=g\",\"contentUrl\":\"https:\\\/\\\/secure.gravatar.com\\\/avatar\\\/b6992f131dc8d30ab0dff15446e9d346d9dbd95992de0fef795073f5ea83a81c?s=96&d=mm&r=g\",\"caption\":\"La Gu\u00eda de Pamplona\"}}]}<\/script>\n<!-- \/ Yoast SEO plugin. -->","yoast_head_json":{"title":"La figura de Mari Ganuza Senosi\u00e1in dar\u00e1 nombre al mayor parque de San Jorge, en el que se enclava el centro de salud y que cuenta con m\u00e1s de 19.000 m2 y 266 \u00e1rboles","description":"El alcalde de Pamplona ha dado cuenta esta ma\u00f1ana de la decisi\u00f3n a la Junta de Portavoces, al amparo del Reglamento de Protocolo","robots":{"index":"index","follow":"follow","max-snippet":"max-snippet:-1","max-image-preview":"max-image-preview:large","max-video-preview":"max-video-preview:-1"},"canonical":"https:\/\/www.laguiadepamplona.com\/actualidad\/la-figura-de-mari-ganuza-senosiain-dara-nombre-al-mayor-parque-de-san-jorge-en-el-que-se-enclava-el-centro-de-salud-y-que-cuenta-con-mas-de-19-000-m2-y-266-arboles\/","og_locale":"es_ES","og_type":"article","og_title":"La figura de Mari Ganuza Senosi\u00e1in dar\u00e1 nombre al mayor parque de San Jorge, en el que se enclava el centro de salud y que cuenta con m\u00e1s de 19.000 m2 y 266 \u00e1rboles","og_description":"El alcalde de Pamplona ha dado cuenta esta ma\u00f1ana de la decisi\u00f3n a la Junta de Portavoces, al amparo del Reglamento de Protocolo","og_url":"https:\/\/www.laguiadepamplona.com\/actualidad\/la-figura-de-mari-ganuza-senosiain-dara-nombre-al-mayor-parque-de-san-jorge-en-el-que-se-enclava-el-centro-de-salud-y-que-cuenta-con-mas-de-19-000-m2-y-266-arboles\/","og_site_name":"La Gu\u00eda de Pamplona","article_publisher":"https:\/\/www.facebook.com\/laguiadepamplonacom-133175176762273\/?ref=hl","article_published_time":"2025-02-28T11:45:10+00:00","og_image":[{"width":1000,"height":667,"url":"https:\/\/www.laguiadepamplona.com\/actualidad\/wp-content\/uploads\/2025\/02\/parquedesanjorgecnb9466.webp","type":"image\/webp"}],"author":"La Gu\u00eda de Pamplona","twitter_card":"summary_large_image","twitter_creator":"@LaGuiadPamplona","twitter_site":"@LaGuiadPamplona","twitter_misc":{"Escrito por":"La Gu\u00eda de Pamplona","Tiempo de lectura":"2 minutos"},"schema":{"@context":"https:\/\/schema.org","@graph":[{"@type":"Article","@id":"https:\/\/www.laguiadepamplona.com\/actualidad\/la-figura-de-mari-ganuza-senosiain-dara-nombre-al-mayor-parque-de-san-jorge-en-el-que-se-enclava-el-centro-de-salud-y-que-cuenta-con-mas-de-19-000-m2-y-266-arboles\/#article","isPartOf":{"@id":"https:\/\/www.laguiadepamplona.com\/actualidad\/la-figura-de-mari-ganuza-senosiain-dara-nombre-al-mayor-parque-de-san-jorge-en-el-que-se-enclava-el-centro-de-salud-y-que-cuenta-con-mas-de-19-000-m2-y-266-arboles\/"},"author":{"name":"La Gu\u00eda de Pamplona","@id":"https:\/\/www.laguiadepamplona.com\/actualidad\/#\/schema\/person\/efe887376f0213d4657c93adc50b1fdb"},"headline":"La figura de Mari Ganuza Senosi\u00e1in dar\u00e1 nombre al mayor parque de San Jorge, en el que se enclava el centro de salud y que cuenta con m\u00e1s de 19.000 m2 y 266 \u00e1rboles","datePublished":"2025-02-28T11:45:10+00:00","mainEntityOfPage":{"@id":"https:\/\/www.laguiadepamplona.com\/actualidad\/la-figura-de-mari-ganuza-senosiain-dara-nombre-al-mayor-parque-de-san-jorge-en-el-que-se-enclava-el-centro-de-salud-y-que-cuenta-con-mas-de-19-000-m2-y-266-arboles\/"},"wordCount":394,"commentCount":0,"publisher":{"@id":"https:\/\/www.laguiadepamplona.com\/actualidad\/#organization"},"image":{"@id":"https:\/\/www.laguiadepamplona.com\/actualidad\/la-figura-de-mari-ganuza-senosiain-dara-nombre-al-mayor-parque-de-san-jorge-en-el-que-se-enclava-el-centro-de-salud-y-que-cuenta-con-mas-de-19-000-m2-y-266-arboles\/#primaryimage"},"thumbnailUrl":"https:\/\/www.laguiadepamplona.com\/actualidad\/wp-content\/uploads\/2025\/02\/parquedesanjorgecnb9466.webp","articleSection":["Ayto Pamplona"],"inLanguage":"es","potentialAction":[{"@type":"CommentAction","name":"Comment","target":["https:\/\/www.laguiadepamplona.com\/actualidad\/la-figura-de-mari-ganuza-senosiain-dara-nombre-al-mayor-parque-de-san-jorge-en-el-que-se-enclava-el-centro-de-salud-y-que-cuenta-con-mas-de-19-000-m2-y-266-arboles\/#respond"]}]},{"@type":"WebPage","@id":"https:\/\/www.laguiadepamplona.com\/actualidad\/la-figura-de-mari-ganuza-senosiain-dara-nombre-al-mayor-parque-de-san-jorge-en-el-que-se-enclava-el-centro-de-salud-y-que-cuenta-con-mas-de-19-000-m2-y-266-arboles\/","url":"https:\/\/www.laguiadepamplona.com\/actualidad\/la-figura-de-mari-ganuza-senosiain-dara-nombre-al-mayor-parque-de-san-jorge-en-el-que-se-enclava-el-centro-de-salud-y-que-cuenta-con-mas-de-19-000-m2-y-266-arboles\/","name":"La figura de Mari Ganuza Senosi\u00e1in dar\u00e1 nombre al mayor parque de San Jorge, en el que se enclava el centro de salud y que cuenta con m\u00e1s de 19.000 m2 y 266 \u00e1rboles","isPartOf":{"@id":"https:\/\/www.laguiadepamplona.com\/actualidad\/#website"},"primaryImageOfPage":{"@id":"https:\/\/www.laguiadepamplona.com\/actualidad\/la-figura-de-mari-ganuza-senosiain-dara-nombre-al-mayor-parque-de-san-jorge-en-el-que-se-enclava-el-centro-de-salud-y-que-cuenta-con-mas-de-19-000-m2-y-266-arboles\/#primaryimage"},"image":{"@id":"https:\/\/www.laguiadepamplona.com\/actualidad\/la-figura-de-mari-ganuza-senosiain-dara-nombre-al-mayor-parque-de-san-jorge-en-el-que-se-enclava-el-centro-de-salud-y-que-cuenta-con-mas-de-19-000-m2-y-266-arboles\/#primaryimage"},"thumbnailUrl":"https:\/\/www.laguiadepamplona.com\/actualidad\/wp-content\/uploads\/2025\/02\/parquedesanjorgecnb9466.webp","datePublished":"2025-02-28T11:45:10+00:00","description":"El alcalde de Pamplona ha dado cuenta esta ma\u00f1ana de la decisi\u00f3n a la Junta de Portavoces, al amparo del Reglamento de Protocolo","breadcrumb":{"@id":"https:\/\/www.laguiadepamplona.com\/actualidad\/la-figura-de-mari-ganuza-senosiain-dara-nombre-al-mayor-parque-de-san-jorge-en-el-que-se-enclava-el-centro-de-salud-y-que-cuenta-con-mas-de-19-000-m2-y-266-arboles\/#breadcrumb"},"inLanguage":"es","potentialAction":[{"@type":"ReadAction","target":["https:\/\/www.laguiadepamplona.com\/actualidad\/la-figura-de-mari-ganuza-senosiain-dara-nombre-al-mayor-parque-de-san-jorge-en-el-que-se-enclava-el-centro-de-salud-y-que-cuenta-con-mas-de-19-000-m2-y-266-arboles\/"]}]},{"@type":"ImageObject","inLanguage":"es","@id":"https:\/\/www.laguiadepamplona.com\/actualidad\/la-figura-de-mari-ganuza-senosiain-dara-nombre-al-mayor-parque-de-san-jorge-en-el-que-se-enclava-el-centro-de-salud-y-que-cuenta-con-mas-de-19-000-m2-y-266-arboles\/#primaryimage","url":"https:\/\/www.laguiadepamplona.com\/actualidad\/wp-content\/uploads\/2025\/02\/parquedesanjorgecnb9466.webp","contentUrl":"https:\/\/www.laguiadepamplona.com\/actualidad\/wp-content\/uploads\/2025\/02\/parquedesanjorgecnb9466.webp","width":1000,"height":667,"caption":"parque de San Jorge"},{"@type":"BreadcrumbList","@id":"https:\/\/www.laguiadepamplona.com\/actualidad\/la-figura-de-mari-ganuza-senosiain-dara-nombre-al-mayor-parque-de-san-jorge-en-el-que-se-enclava-el-centro-de-salud-y-que-cuenta-con-mas-de-19-000-m2-y-266-arboles\/#breadcrumb","itemListElement":[{"@type":"ListItem","position":1,"name":"Portada","item":"https:\/\/www.laguiadepamplona.com\/actualidad\/"},{"@type":"ListItem","position":2,"name":"La figura de Mari Ganuza Senosi\u00e1in dar\u00e1 nombre al mayor parque de San Jorge, en el que se enclava el centro de salud y que cuenta con m\u00e1s de 19.000 m2 y 266 \u00e1rboles"}]},{"@type":"WebSite","@id":"https:\/\/www.laguiadepamplona.com\/actualidad\/#website","url":"https:\/\/www.laguiadepamplona.com\/actualidad\/","name":"La gu\u00eda de Pamplona","description":"Noticias de Pamplona","publisher":{"@id":"https:\/\/www.laguiadepamplona.com\/actualidad\/#organization"},"potentialAction":[{"@type":"SearchAction","target":{"@type":"EntryPoint","urlTemplate":"https:\/\/www.laguiadepamplona.com\/actualidad\/?s={search_term_string}"},"query-input":{"@type":"PropertyValueSpecification","valueRequired":true,"valueName":"search_term_string"}}],"inLanguage":"es"},{"@type":"Organization","@id":"https:\/\/www.laguiadepamplona.com\/actualidad\/#organization","name":"La Gu\u00eda de Pamplona \/ Noticias","url":"https:\/\/www.laguiadepamplona.com\/actualidad\/","logo":{"@type":"ImageObject","inLanguage":"es","@id":"https:\/\/www.laguiadepamplona.com\/actualidad\/#\/schema\/logo\/image\/","url":"https:\/\/www.laguiadepamplona.com\/actualidad\/wp-content\/uploads\/2018\/11\/logo-laguiadepamplona18-web1.png","contentUrl":"https:\/\/www.laguiadepamplona.com\/actualidad\/wp-content\/uploads\/2018\/11\/logo-laguiadepamplona18-web1.png","width":600,"height":196,"caption":"La Gu\u00eda de Pamplona \/ Noticias"},"image":{"@id":"https:\/\/www.laguiadepamplona.com\/actualidad\/#\/schema\/logo\/image\/"},"sameAs":["https:\/\/www.facebook.com\/laguiadepamplonacom-133175176762273\/?ref=hl","https:\/\/x.com\/LaGuiadPamplona","https:\/\/www.instagram.com\/la_guia_de_pamplona\/","https:\/\/www.youtube.com\/user\/laguiadepamplona"]},{"@type":"Person","@id":"https:\/\/www.laguiadepamplona.com\/actualidad\/#\/schema\/person\/efe887376f0213d4657c93adc50b1fdb","name":"La Gu\u00eda de Pamplona","image":{"@type":"ImageObject","inLanguage":"es","@id":"https:\/\/secure.gravatar.com\/avatar\/b6992f131dc8d30ab0dff15446e9d346d9dbd95992de0fef795073f5ea83a81c?s=96&d=mm&r=g","url":"https:\/\/secure.gravatar.com\/avatar\/b6992f131dc8d30ab0dff15446e9d346d9dbd95992de0fef795073f5ea83a81c?s=96&d=mm&r=g","contentUrl":"https:\/\/secure.gravatar.com\/avatar\/b6992f131dc8d30ab0dff15446e9d346d9dbd95992de0fef795073f5ea83a81c?s=96&d=mm&r=g","caption":"La Gu\u00eda de Pamplona"}}]}},"post_mailing_queue_ids":[],"_links":{"self":[{"href":"https:\/\/www.laguiadepamplona.com\/actualidad\/wp-json\/wp\/v2\/posts\/52248","targetHints":{"allow":["GET"]}}],"collection":[{"href":"https:\/\/www.laguiadepamplona.com\/actualidad\/wp-json\/wp\/v2\/posts"}],"about":[{"href":"https:\/\/www.laguiadepamplona.com\/actualidad\/wp-json\/wp\/v2\/types\/post"}],"author":[{"embeddable":true,"href":"https:\/\/www.laguiadepamplona.com\/actualidad\/wp-json\/wp\/v2\/users\/1"}],"replies":[{"embeddable":true,"href":"https:\/\/www.laguiadepamplona.com\/actualidad\/wp-json\/wp\/v2\/comments?post=52248"}],"version-history":[{"count":1,"href":"https:\/\/www.laguiadepamplona.com\/actualidad\/wp-json\/wp\/v2\/posts\/52248\/revisions"}],"predecessor-version":[{"id":52250,"href":"https:\/\/www.laguiadepamplona.com\/actualidad\/wp-json\/wp\/v2\/posts\/52248\/revisions\/52250"}],"wp:featuredmedia":[{"embeddable":true,"href":"https:\/\/www.laguiadepamplona.com\/actualidad\/wp-json\/wp\/v2\/media\/52249"}],"wp:attachment":[{"href":"https:\/\/www.laguiadepamplona.com\/actualidad\/wp-json\/wp\/v2\/media?parent=52248"}],"wp:term":[{"taxonomy":"category","embeddable":true,"href":"https:\/\/www.laguiadepamplona.com\/actualidad\/wp-json\/wp\/v2\/categories?post=52248"},{"taxonomy":"post_tag","embeddable":true,"href":"https:\/\/www.laguiadepamplona.com\/actualidad\/wp-json\/wp\/v2\/tags?post=52248"}],"curies":[{"name":"wp","href":"https:\/\/api.w.org\/{rel}","templated":true}]}}