{"id":52245,"date":"2025-02-28T13:42:37","date_gmt":"2025-02-28T11:42:37","guid":{"rendered":"https:\/\/www.laguiadepamplona.com\/actualidad\/?p=52245"},"modified":"2025-02-28T13:42:37","modified_gmt":"2025-02-28T11:42:37","slug":"ayuntamiento-de-pamplona-y-gobierno-de-navarra-se-reunen-en-el-palacio-de-condestable-para-explorar-colaboraciones-en-el-ambito-del-voluntariado","status":"publish","type":"post","link":"https:\/\/www.laguiadepamplona.com\/actualidad\/ayuntamiento-de-pamplona-y-gobierno-de-navarra-se-reunen-en-el-palacio-de-condestable-para-explorar-colaboraciones-en-el-ambito-del-voluntariado\/","title":{"rendered":"Ayuntamiento de Pamplona y Gobierno de Navarra se re\u00fanen en el Palacio de Condestable para explorar colaboraciones en el \u00e1mbito del voluntariado"},"content":{"rendered":"<h2>El encuentro ha servido para dar a conocer las principales caracter\u00edsticas de \u201cPlaza On\u201d y concretar tareas que se pueden desarrollar conjuntamente<\/h2>\n<p><!--more--><\/p>\n<p>El Palacio del Condestable ha acogido este viernes un encuentro entre la unidad de Participaci\u00f3n Ciudadana del Ayuntamiento de Pamplona y la secci\u00f3n de Participaci\u00f3n Ciudadana y Voluntariado del Gobierno de Navarra. La reuni\u00f3n se enmarca dentro de la colaboraci\u00f3n y coordinaci\u00f3n que se da entre ambas administraciones en el \u00e1mbito del Voluntariado. Pamplona present\u00f3 recientemente la Red Municipal de Voluntariado Pamplona \u201cPlaza On\u201d, mientras Gobierno de Navarra ha desarrollado Navarra+Voluntaria en el marco del III Plan Navarro de Voluntariado.<\/p>\n<p>En la reuni\u00f3n han participado, por parte del Ayuntamiento, la concejala especial de Participaci\u00f3n Ciudadana y Euskera, Aitziber Campi\u00f3n Ganboa, y la directora del \u00e1rea, Elian Pe\u00f1a Guerrero; por parte del Gobierno, han estado presentes el director general de Presidencia, Gobierno Abierto y Relaciones con el Parlamento de Navarra, Joseba Asi\u00e1in Albisu, y la jefa de Secci\u00f3n de Participaci\u00f3n Ciudadana y Voluntariado del Gobierno de Navarra, Ana Etxaleku Casta\u00f1o. Tambi\u00e9n ha participado personal t\u00e9cnico municipal y del Gobierno de Navarra.<\/p>\n<p>El encuentro ha servido para dar a conocer las principales caracter\u00edsticas de la red municipal de voluntariado y concretar las tareas que se pueden desarrollar de manera conjunta, con especial atenci\u00f3n a las actividades de 2025. En la reuni\u00f3n se han trabajado los t\u00e9rminos que recoger\u00e1 el Acuerdo de Colaboraci\u00f3n entre ambas administraciones en el \u00e1mbito del Voluntariado, en torno a cuatro aspectos: Acogida y formaci\u00f3n de las personas voluntarias, Coordinaci\u00f3n en la difusi\u00f3n de la informaci\u00f3n y de las opciones de voluntariado, Congreso de Voluntariado y Fiesta del Voluntariado previsto para noviembre de 2025, y Coordinaci\u00f3n y cooperaci\u00f3n continua.<\/p>\n<p>La renovada red de voluntariado Plaza On aspira a complementar y apoyar las diferentes redes comunitarias que existen en la ciudad. En este sentido, una de sus labores es conectar a las personas voluntarias con el tejido asociativo de forma que se puedan reforzar iniciativas vecinales. Fruto de ese contacto pueden surgir colaboraciones entre quienes se inscriban de manera individual en Plaza On y las iniciativas de los barrios.<\/p>\n","protected":false},"excerpt":{"rendered":"<p>El encuentro ha servido para dar a conocer las principales caracter\u00edsticas de \u201cPlaza On\u201d y concretar tareas que se pueden desarrollar conjuntamente<\/p>\n","protected":false},"author":1,"featured_media":52246,"comment_status":"open","ping_status":"closed","sticky":false,"template":"","format":"standard","meta":{"footnotes":""},"categories":[2],"tags":[],"class_list":["post-52245","post","type-post","status-publish","format-standard","has-post-thumbnail","hentry","category-ayuntamiento-pamplona"],"yoast_head":"<!-- This site is optimized with the Yoast SEO plugin v27.3 - https:\/\/yoast.com\/product\/yoast-seo-wordpress\/ -->\n<title>Ayuntamiento de Pamplona y Gobierno de Navarra se re\u00fanen en el Palacio de Condestable para explorar colaboraciones en el \u00e1mbito del voluntariado<\/title>\n<meta name=\"description\" content=\"El encuentro ha servido para dar a conocer las principales caracter\u00edsticas de \u201cPlaza On\u201d y concretar tareas que se pueden desarrollar conjuntamente\" \/>\n<meta name=\"robots\" content=\"index, follow, max-snippet:-1, max-image-preview:large, max-video-preview:-1\" \/>\n<link rel=\"canonical\" href=\"https:\/\/www.laguiadepamplona.com\/actualidad\/ayuntamiento-de-pamplona-y-gobierno-de-navarra-se-reunen-en-el-palacio-de-condestable-para-explorar-colaboraciones-en-el-ambito-del-voluntariado\/\" \/>\n<meta property=\"og:locale\" content=\"es_ES\" \/>\n<meta property=\"og:type\" content=\"article\" \/>\n<meta property=\"og:title\" content=\"Ayuntamiento de Pamplona y Gobierno de Navarra se re\u00fanen en el Palacio de Condestable para explorar colaboraciones en el \u00e1mbito del voluntariado\" \/>\n<meta property=\"og:description\" content=\"El encuentro ha servido para dar a conocer las principales caracter\u00edsticas de \u201cPlaza On\u201d y concretar tareas que se pueden desarrollar conjuntamente\" \/>\n<meta property=\"og:url\" content=\"https:\/\/www.laguiadepamplona.com\/actualidad\/ayuntamiento-de-pamplona-y-gobierno-de-navarra-se-reunen-en-el-palacio-de-condestable-para-explorar-colaboraciones-en-el-ambito-del-voluntariado\/\" \/>\n<meta property=\"og:site_name\" content=\"La Gu\u00eda de Pamplona\" \/>\n<meta property=\"article:publisher\" content=\"https:\/\/www.facebook.com\/laguiadepamplonacom-133175176762273\/?ref=hl\" \/>\n<meta property=\"article:published_time\" content=\"2025-02-28T11:42:37+00:00\" \/>\n<meta property=\"og:image\" content=\"https:\/\/www.laguiadepamplona.com\/actualidad\/wp-content\/uploads\/2025\/02\/reunionareadeparticipacionciudadanadsc7924copia1_0.webp\" \/>\n\t<meta property=\"og:image:width\" content=\"1000\" \/>\n\t<meta property=\"og:image:height\" content=\"666\" \/>\n\t<meta property=\"og:image:type\" content=\"image\/webp\" \/>\n<meta name=\"author\" content=\"La Gu\u00eda de Pamplona\" \/>\n<meta name=\"twitter:card\" content=\"summary_large_image\" \/>\n<meta name=\"twitter:creator\" content=\"@LaGuiadPamplona\" \/>\n<meta name=\"twitter:site\" content=\"@LaGuiadPamplona\" \/>\n<meta name=\"twitter:label1\" content=\"Escrito por\" \/>\n\t<meta name=\"twitter:data1\" content=\"La Gu\u00eda de Pamplona\" \/>\n\t<meta name=\"twitter:label2\" content=\"Tiempo de lectura\" \/>\n\t<meta name=\"twitter:data2\" content=\"2 minutos\" \/>\n<script type=\"application\/ld+json\" class=\"yoast-schema-graph\">{\"@context\":\"https:\\\/\\\/schema.org\",\"@graph\":[{\"@type\":\"Article\",\"@id\":\"https:\\\/\\\/www.laguiadepamplona.com\\\/actualidad\\\/ayuntamiento-de-pamplona-y-gobierno-de-navarra-se-reunen-en-el-palacio-de-condestable-para-explorar-colaboraciones-en-el-ambito-del-voluntariado\\\/#article\",\"isPartOf\":{\"@id\":\"https:\\\/\\\/www.laguiadepamplona.com\\\/actualidad\\\/ayuntamiento-de-pamplona-y-gobierno-de-navarra-se-reunen-en-el-palacio-de-condestable-para-explorar-colaboraciones-en-el-ambito-del-voluntariado\\\/\"},\"author\":{\"name\":\"La Gu\u00eda de Pamplona\",\"@id\":\"https:\\\/\\\/www.laguiadepamplona.com\\\/actualidad\\\/#\\\/schema\\\/person\\\/efe887376f0213d4657c93adc50b1fdb\"},\"headline\":\"Ayuntamiento de Pamplona y Gobierno de Navarra se re\u00fanen en el Palacio de Condestable para explorar colaboraciones en el \u00e1mbito del voluntariado\",\"datePublished\":\"2025-02-28T11:42:37+00:00\",\"mainEntityOfPage\":{\"@id\":\"https:\\\/\\\/www.laguiadepamplona.com\\\/actualidad\\\/ayuntamiento-de-pamplona-y-gobierno-de-navarra-se-reunen-en-el-palacio-de-condestable-para-explorar-colaboraciones-en-el-ambito-del-voluntariado\\\/\"},\"wordCount\":401,\"commentCount\":0,\"publisher\":{\"@id\":\"https:\\\/\\\/www.laguiadepamplona.com\\\/actualidad\\\/#organization\"},\"image\":{\"@id\":\"https:\\\/\\\/www.laguiadepamplona.com\\\/actualidad\\\/ayuntamiento-de-pamplona-y-gobierno-de-navarra-se-reunen-en-el-palacio-de-condestable-para-explorar-colaboraciones-en-el-ambito-del-voluntariado\\\/#primaryimage\"},\"thumbnailUrl\":\"https:\\\/\\\/www.laguiadepamplona.com\\\/actualidad\\\/wp-content\\\/uploads\\\/2025\\\/02\\\/reunionareadeparticipacionciudadanadsc7924copia1_0.webp\",\"articleSection\":[\"Ayto Pamplona\"],\"inLanguage\":\"es\",\"potentialAction\":[{\"@type\":\"CommentAction\",\"name\":\"Comment\",\"target\":[\"https:\\\/\\\/www.laguiadepamplona.com\\\/actualidad\\\/ayuntamiento-de-pamplona-y-gobierno-de-navarra-se-reunen-en-el-palacio-de-condestable-para-explorar-colaboraciones-en-el-ambito-del-voluntariado\\\/#respond\"]}]},{\"@type\":\"WebPage\",\"@id\":\"https:\\\/\\\/www.laguiadepamplona.com\\\/actualidad\\\/ayuntamiento-de-pamplona-y-gobierno-de-navarra-se-reunen-en-el-palacio-de-condestable-para-explorar-colaboraciones-en-el-ambito-del-voluntariado\\\/\",\"url\":\"https:\\\/\\\/www.laguiadepamplona.com\\\/actualidad\\\/ayuntamiento-de-pamplona-y-gobierno-de-navarra-se-reunen-en-el-palacio-de-condestable-para-explorar-colaboraciones-en-el-ambito-del-voluntariado\\\/\",\"name\":\"Ayuntamiento de Pamplona y Gobierno de Navarra se re\u00fanen en el Palacio de Condestable para explorar colaboraciones en el \u00e1mbito del voluntariado\",\"isPartOf\":{\"@id\":\"https:\\\/\\\/www.laguiadepamplona.com\\\/actualidad\\\/#website\"},\"primaryImageOfPage\":{\"@id\":\"https:\\\/\\\/www.laguiadepamplona.com\\\/actualidad\\\/ayuntamiento-de-pamplona-y-gobierno-de-navarra-se-reunen-en-el-palacio-de-condestable-para-explorar-colaboraciones-en-el-ambito-del-voluntariado\\\/#primaryimage\"},\"image\":{\"@id\":\"https:\\\/\\\/www.laguiadepamplona.com\\\/actualidad\\\/ayuntamiento-de-pamplona-y-gobierno-de-navarra-se-reunen-en-el-palacio-de-condestable-para-explorar-colaboraciones-en-el-ambito-del-voluntariado\\\/#primaryimage\"},\"thumbnailUrl\":\"https:\\\/\\\/www.laguiadepamplona.com\\\/actualidad\\\/wp-content\\\/uploads\\\/2025\\\/02\\\/reunionareadeparticipacionciudadanadsc7924copia1_0.webp\",\"datePublished\":\"2025-02-28T11:42:37+00:00\",\"description\":\"El encuentro ha servido para dar a conocer las principales caracter\u00edsticas de \u201cPlaza On\u201d y concretar tareas que se pueden desarrollar conjuntamente\",\"breadcrumb\":{\"@id\":\"https:\\\/\\\/www.laguiadepamplona.com\\\/actualidad\\\/ayuntamiento-de-pamplona-y-gobierno-de-navarra-se-reunen-en-el-palacio-de-condestable-para-explorar-colaboraciones-en-el-ambito-del-voluntariado\\\/#breadcrumb\"},\"inLanguage\":\"es\",\"potentialAction\":[{\"@type\":\"ReadAction\",\"target\":[\"https:\\\/\\\/www.laguiadepamplona.com\\\/actualidad\\\/ayuntamiento-de-pamplona-y-gobierno-de-navarra-se-reunen-en-el-palacio-de-condestable-para-explorar-colaboraciones-en-el-ambito-del-voluntariado\\\/\"]}]},{\"@type\":\"ImageObject\",\"inLanguage\":\"es\",\"@id\":\"https:\\\/\\\/www.laguiadepamplona.com\\\/actualidad\\\/ayuntamiento-de-pamplona-y-gobierno-de-navarra-se-reunen-en-el-palacio-de-condestable-para-explorar-colaboraciones-en-el-ambito-del-voluntariado\\\/#primaryimage\",\"url\":\"https:\\\/\\\/www.laguiadepamplona.com\\\/actualidad\\\/wp-content\\\/uploads\\\/2025\\\/02\\\/reunionareadeparticipacionciudadanadsc7924copia1_0.webp\",\"contentUrl\":\"https:\\\/\\\/www.laguiadepamplona.com\\\/actualidad\\\/wp-content\\\/uploads\\\/2025\\\/02\\\/reunionareadeparticipacionciudadanadsc7924copia1_0.webp\",\"width\":1000,\"height\":666,\"caption\":\"reuni\u00f3n de participaci\u00f3n ciudadana\"},{\"@type\":\"BreadcrumbList\",\"@id\":\"https:\\\/\\\/www.laguiadepamplona.com\\\/actualidad\\\/ayuntamiento-de-pamplona-y-gobierno-de-navarra-se-reunen-en-el-palacio-de-condestable-para-explorar-colaboraciones-en-el-ambito-del-voluntariado\\\/#breadcrumb\",\"itemListElement\":[{\"@type\":\"ListItem\",\"position\":1,\"name\":\"Portada\",\"item\":\"https:\\\/\\\/www.laguiadepamplona.com\\\/actualidad\\\/\"},{\"@type\":\"ListItem\",\"position\":2,\"name\":\"Ayuntamiento de Pamplona y Gobierno de Navarra se re\u00fanen en el Palacio de Condestable para explorar colaboraciones en el \u00e1mbito del voluntariado\"}]},{\"@type\":\"WebSite\",\"@id\":\"https:\\\/\\\/www.laguiadepamplona.com\\\/actualidad\\\/#website\",\"url\":\"https:\\\/\\\/www.laguiadepamplona.com\\\/actualidad\\\/\",\"name\":\"La gu\u00eda de Pamplona\",\"description\":\"Noticias de Pamplona\",\"publisher\":{\"@id\":\"https:\\\/\\\/www.laguiadepamplona.com\\\/actualidad\\\/#organization\"},\"potentialAction\":[{\"@type\":\"SearchAction\",\"target\":{\"@type\":\"EntryPoint\",\"urlTemplate\":\"https:\\\/\\\/www.laguiadepamplona.com\\\/actualidad\\\/?s={search_term_string}\"},\"query-input\":{\"@type\":\"PropertyValueSpecification\",\"valueRequired\":true,\"valueName\":\"search_term_string\"}}],\"inLanguage\":\"es\"},{\"@type\":\"Organization\",\"@id\":\"https:\\\/\\\/www.laguiadepamplona.com\\\/actualidad\\\/#organization\",\"name\":\"La Gu\u00eda de Pamplona \\\/ Noticias\",\"url\":\"https:\\\/\\\/www.laguiadepamplona.com\\\/actualidad\\\/\",\"logo\":{\"@type\":\"ImageObject\",\"inLanguage\":\"es\",\"@id\":\"https:\\\/\\\/www.laguiadepamplona.com\\\/actualidad\\\/#\\\/schema\\\/logo\\\/image\\\/\",\"url\":\"https:\\\/\\\/www.laguiadepamplona.com\\\/actualidad\\\/wp-content\\\/uploads\\\/2018\\\/11\\\/logo-laguiadepamplona18-web1.png\",\"contentUrl\":\"https:\\\/\\\/www.laguiadepamplona.com\\\/actualidad\\\/wp-content\\\/uploads\\\/2018\\\/11\\\/logo-laguiadepamplona18-web1.png\",\"width\":600,\"height\":196,\"caption\":\"La Gu\u00eda de Pamplona \\\/ Noticias\"},\"image\":{\"@id\":\"https:\\\/\\\/www.laguiadepamplona.com\\\/actualidad\\\/#\\\/schema\\\/logo\\\/image\\\/\"},\"sameAs\":[\"https:\\\/\\\/www.facebook.com\\\/laguiadepamplonacom-133175176762273\\\/?ref=hl\",\"https:\\\/\\\/x.com\\\/LaGuiadPamplona\",\"https:\\\/\\\/www.instagram.com\\\/la_guia_de_pamplona\\\/\",\"https:\\\/\\\/www.youtube.com\\\/user\\\/laguiadepamplona\"]},{\"@type\":\"Person\",\"@id\":\"https:\\\/\\\/www.laguiadepamplona.com\\\/actualidad\\\/#\\\/schema\\\/person\\\/efe887376f0213d4657c93adc50b1fdb\",\"name\":\"La Gu\u00eda de Pamplona\",\"image\":{\"@type\":\"ImageObject\",\"inLanguage\":\"es\",\"@id\":\"https:\\\/\\\/secure.gravatar.com\\\/avatar\\\/b6992f131dc8d30ab0dff15446e9d346d9dbd95992de0fef795073f5ea83a81c?s=96&d=mm&r=g\",\"url\":\"https:\\\/\\\/secure.gravatar.com\\\/avatar\\\/b6992f131dc8d30ab0dff15446e9d346d9dbd95992de0fef795073f5ea83a81c?s=96&d=mm&r=g\",\"contentUrl\":\"https:\\\/\\\/secure.gravatar.com\\\/avatar\\\/b6992f131dc8d30ab0dff15446e9d346d9dbd95992de0fef795073f5ea83a81c?s=96&d=mm&r=g\",\"caption\":\"La Gu\u00eda de Pamplona\"}}]}<\/script>\n<!-- \/ Yoast SEO plugin. -->","yoast_head_json":{"title":"Ayuntamiento de Pamplona y Gobierno de Navarra se re\u00fanen en el Palacio de Condestable para explorar colaboraciones en el \u00e1mbito del voluntariado","description":"El encuentro ha servido para dar a conocer las principales caracter\u00edsticas de \u201cPlaza On\u201d y concretar tareas que se pueden desarrollar conjuntamente","robots":{"index":"index","follow":"follow","max-snippet":"max-snippet:-1","max-image-preview":"max-image-preview:large","max-video-preview":"max-video-preview:-1"},"canonical":"https:\/\/www.laguiadepamplona.com\/actualidad\/ayuntamiento-de-pamplona-y-gobierno-de-navarra-se-reunen-en-el-palacio-de-condestable-para-explorar-colaboraciones-en-el-ambito-del-voluntariado\/","og_locale":"es_ES","og_type":"article","og_title":"Ayuntamiento de Pamplona y Gobierno de Navarra se re\u00fanen en el Palacio de Condestable para explorar colaboraciones en el \u00e1mbito del voluntariado","og_description":"El encuentro ha servido para dar a conocer las principales caracter\u00edsticas de \u201cPlaza On\u201d y concretar tareas que se pueden desarrollar conjuntamente","og_url":"https:\/\/www.laguiadepamplona.com\/actualidad\/ayuntamiento-de-pamplona-y-gobierno-de-navarra-se-reunen-en-el-palacio-de-condestable-para-explorar-colaboraciones-en-el-ambito-del-voluntariado\/","og_site_name":"La Gu\u00eda de Pamplona","article_publisher":"https:\/\/www.facebook.com\/laguiadepamplonacom-133175176762273\/?ref=hl","article_published_time":"2025-02-28T11:42:37+00:00","og_image":[{"width":1000,"height":666,"url":"https:\/\/www.laguiadepamplona.com\/actualidad\/wp-content\/uploads\/2025\/02\/reunionareadeparticipacionciudadanadsc7924copia1_0.webp","type":"image\/webp"}],"author":"La Gu\u00eda de Pamplona","twitter_card":"summary_large_image","twitter_creator":"@LaGuiadPamplona","twitter_site":"@LaGuiadPamplona","twitter_misc":{"Escrito por":"La Gu\u00eda de Pamplona","Tiempo de lectura":"2 minutos"},"schema":{"@context":"https:\/\/schema.org","@graph":[{"@type":"Article","@id":"https:\/\/www.laguiadepamplona.com\/actualidad\/ayuntamiento-de-pamplona-y-gobierno-de-navarra-se-reunen-en-el-palacio-de-condestable-para-explorar-colaboraciones-en-el-ambito-del-voluntariado\/#article","isPartOf":{"@id":"https:\/\/www.laguiadepamplona.com\/actualidad\/ayuntamiento-de-pamplona-y-gobierno-de-navarra-se-reunen-en-el-palacio-de-condestable-para-explorar-colaboraciones-en-el-ambito-del-voluntariado\/"},"author":{"name":"La Gu\u00eda de Pamplona","@id":"https:\/\/www.laguiadepamplona.com\/actualidad\/#\/schema\/person\/efe887376f0213d4657c93adc50b1fdb"},"headline":"Ayuntamiento de Pamplona y Gobierno de Navarra se re\u00fanen en el Palacio de Condestable para explorar colaboraciones en el \u00e1mbito del voluntariado","datePublished":"2025-02-28T11:42:37+00:00","mainEntityOfPage":{"@id":"https:\/\/www.laguiadepamplona.com\/actualidad\/ayuntamiento-de-pamplona-y-gobierno-de-navarra-se-reunen-en-el-palacio-de-condestable-para-explorar-colaboraciones-en-el-ambito-del-voluntariado\/"},"wordCount":401,"commentCount":0,"publisher":{"@id":"https:\/\/www.laguiadepamplona.com\/actualidad\/#organization"},"image":{"@id":"https:\/\/www.laguiadepamplona.com\/actualidad\/ayuntamiento-de-pamplona-y-gobierno-de-navarra-se-reunen-en-el-palacio-de-condestable-para-explorar-colaboraciones-en-el-ambito-del-voluntariado\/#primaryimage"},"thumbnailUrl":"https:\/\/www.laguiadepamplona.com\/actualidad\/wp-content\/uploads\/2025\/02\/reunionareadeparticipacionciudadanadsc7924copia1_0.webp","articleSection":["Ayto Pamplona"],"inLanguage":"es","potentialAction":[{"@type":"CommentAction","name":"Comment","target":["https:\/\/www.laguiadepamplona.com\/actualidad\/ayuntamiento-de-pamplona-y-gobierno-de-navarra-se-reunen-en-el-palacio-de-condestable-para-explorar-colaboraciones-en-el-ambito-del-voluntariado\/#respond"]}]},{"@type":"WebPage","@id":"https:\/\/www.laguiadepamplona.com\/actualidad\/ayuntamiento-de-pamplona-y-gobierno-de-navarra-se-reunen-en-el-palacio-de-condestable-para-explorar-colaboraciones-en-el-ambito-del-voluntariado\/","url":"https:\/\/www.laguiadepamplona.com\/actualidad\/ayuntamiento-de-pamplona-y-gobierno-de-navarra-se-reunen-en-el-palacio-de-condestable-para-explorar-colaboraciones-en-el-ambito-del-voluntariado\/","name":"Ayuntamiento de Pamplona y Gobierno de Navarra se re\u00fanen en el Palacio de Condestable para explorar colaboraciones en el \u00e1mbito del voluntariado","isPartOf":{"@id":"https:\/\/www.laguiadepamplona.com\/actualidad\/#website"},"primaryImageOfPage":{"@id":"https:\/\/www.laguiadepamplona.com\/actualidad\/ayuntamiento-de-pamplona-y-gobierno-de-navarra-se-reunen-en-el-palacio-de-condestable-para-explorar-colaboraciones-en-el-ambito-del-voluntariado\/#primaryimage"},"image":{"@id":"https:\/\/www.laguiadepamplona.com\/actualidad\/ayuntamiento-de-pamplona-y-gobierno-de-navarra-se-reunen-en-el-palacio-de-condestable-para-explorar-colaboraciones-en-el-ambito-del-voluntariado\/#primaryimage"},"thumbnailUrl":"https:\/\/www.laguiadepamplona.com\/actualidad\/wp-content\/uploads\/2025\/02\/reunionareadeparticipacionciudadanadsc7924copia1_0.webp","datePublished":"2025-02-28T11:42:37+00:00","description":"El encuentro ha servido para dar a conocer las principales caracter\u00edsticas de \u201cPlaza On\u201d y concretar tareas que se pueden desarrollar conjuntamente","breadcrumb":{"@id":"https:\/\/www.laguiadepamplona.com\/actualidad\/ayuntamiento-de-pamplona-y-gobierno-de-navarra-se-reunen-en-el-palacio-de-condestable-para-explorar-colaboraciones-en-el-ambito-del-voluntariado\/#breadcrumb"},"inLanguage":"es","potentialAction":[{"@type":"ReadAction","target":["https:\/\/www.laguiadepamplona.com\/actualidad\/ayuntamiento-de-pamplona-y-gobierno-de-navarra-se-reunen-en-el-palacio-de-condestable-para-explorar-colaboraciones-en-el-ambito-del-voluntariado\/"]}]},{"@type":"ImageObject","inLanguage":"es","@id":"https:\/\/www.laguiadepamplona.com\/actualidad\/ayuntamiento-de-pamplona-y-gobierno-de-navarra-se-reunen-en-el-palacio-de-condestable-para-explorar-colaboraciones-en-el-ambito-del-voluntariado\/#primaryimage","url":"https:\/\/www.laguiadepamplona.com\/actualidad\/wp-content\/uploads\/2025\/02\/reunionareadeparticipacionciudadanadsc7924copia1_0.webp","contentUrl":"https:\/\/www.laguiadepamplona.com\/actualidad\/wp-content\/uploads\/2025\/02\/reunionareadeparticipacionciudadanadsc7924copia1_0.webp","width":1000,"height":666,"caption":"reuni\u00f3n de participaci\u00f3n ciudadana"},{"@type":"BreadcrumbList","@id":"https:\/\/www.laguiadepamplona.com\/actualidad\/ayuntamiento-de-pamplona-y-gobierno-de-navarra-se-reunen-en-el-palacio-de-condestable-para-explorar-colaboraciones-en-el-ambito-del-voluntariado\/#breadcrumb","itemListElement":[{"@type":"ListItem","position":1,"name":"Portada","item":"https:\/\/www.laguiadepamplona.com\/actualidad\/"},{"@type":"ListItem","position":2,"name":"Ayuntamiento de Pamplona y Gobierno de Navarra se re\u00fanen en el Palacio de Condestable para explorar colaboraciones en el \u00e1mbito del voluntariado"}]},{"@type":"WebSite","@id":"https:\/\/www.laguiadepamplona.com\/actualidad\/#website","url":"https:\/\/www.laguiadepamplona.com\/actualidad\/","name":"La gu\u00eda de Pamplona","description":"Noticias de Pamplona","publisher":{"@id":"https:\/\/www.laguiadepamplona.com\/actualidad\/#organization"},"potentialAction":[{"@type":"SearchAction","target":{"@type":"EntryPoint","urlTemplate":"https:\/\/www.laguiadepamplona.com\/actualidad\/?s={search_term_string}"},"query-input":{"@type":"PropertyValueSpecification","valueRequired":true,"valueName":"search_term_string"}}],"inLanguage":"es"},{"@type":"Organization","@id":"https:\/\/www.laguiadepamplona.com\/actualidad\/#organization","name":"La Gu\u00eda de Pamplona \/ Noticias","url":"https:\/\/www.laguiadepamplona.com\/actualidad\/","logo":{"@type":"ImageObject","inLanguage":"es","@id":"https:\/\/www.laguiadepamplona.com\/actualidad\/#\/schema\/logo\/image\/","url":"https:\/\/www.laguiadepamplona.com\/actualidad\/wp-content\/uploads\/2018\/11\/logo-laguiadepamplona18-web1.png","contentUrl":"https:\/\/www.laguiadepamplona.com\/actualidad\/wp-content\/uploads\/2018\/11\/logo-laguiadepamplona18-web1.png","width":600,"height":196,"caption":"La Gu\u00eda de Pamplona \/ Noticias"},"image":{"@id":"https:\/\/www.laguiadepamplona.com\/actualidad\/#\/schema\/logo\/image\/"},"sameAs":["https:\/\/www.facebook.com\/laguiadepamplonacom-133175176762273\/?ref=hl","https:\/\/x.com\/LaGuiadPamplona","https:\/\/www.instagram.com\/la_guia_de_pamplona\/","https:\/\/www.youtube.com\/user\/laguiadepamplona"]},{"@type":"Person","@id":"https:\/\/www.laguiadepamplona.com\/actualidad\/#\/schema\/person\/efe887376f0213d4657c93adc50b1fdb","name":"La Gu\u00eda de Pamplona","image":{"@type":"ImageObject","inLanguage":"es","@id":"https:\/\/secure.gravatar.com\/avatar\/b6992f131dc8d30ab0dff15446e9d346d9dbd95992de0fef795073f5ea83a81c?s=96&d=mm&r=g","url":"https:\/\/secure.gravatar.com\/avatar\/b6992f131dc8d30ab0dff15446e9d346d9dbd95992de0fef795073f5ea83a81c?s=96&d=mm&r=g","contentUrl":"https:\/\/secure.gravatar.com\/avatar\/b6992f131dc8d30ab0dff15446e9d346d9dbd95992de0fef795073f5ea83a81c?s=96&d=mm&r=g","caption":"La Gu\u00eda de Pamplona"}}]}},"post_mailing_queue_ids":[],"_links":{"self":[{"href":"https:\/\/www.laguiadepamplona.com\/actualidad\/wp-json\/wp\/v2\/posts\/52245","targetHints":{"allow":["GET"]}}],"collection":[{"href":"https:\/\/www.laguiadepamplona.com\/actualidad\/wp-json\/wp\/v2\/posts"}],"about":[{"href":"https:\/\/www.laguiadepamplona.com\/actualidad\/wp-json\/wp\/v2\/types\/post"}],"author":[{"embeddable":true,"href":"https:\/\/www.laguiadepamplona.com\/actualidad\/wp-json\/wp\/v2\/users\/1"}],"replies":[{"embeddable":true,"href":"https:\/\/www.laguiadepamplona.com\/actualidad\/wp-json\/wp\/v2\/comments?post=52245"}],"version-history":[{"count":1,"href":"https:\/\/www.laguiadepamplona.com\/actualidad\/wp-json\/wp\/v2\/posts\/52245\/revisions"}],"predecessor-version":[{"id":52247,"href":"https:\/\/www.laguiadepamplona.com\/actualidad\/wp-json\/wp\/v2\/posts\/52245\/revisions\/52247"}],"wp:featuredmedia":[{"embeddable":true,"href":"https:\/\/www.laguiadepamplona.com\/actualidad\/wp-json\/wp\/v2\/media\/52246"}],"wp:attachment":[{"href":"https:\/\/www.laguiadepamplona.com\/actualidad\/wp-json\/wp\/v2\/media?parent=52245"}],"wp:term":[{"taxonomy":"category","embeddable":true,"href":"https:\/\/www.laguiadepamplona.com\/actualidad\/wp-json\/wp\/v2\/categories?post=52245"},{"taxonomy":"post_tag","embeddable":true,"href":"https:\/\/www.laguiadepamplona.com\/actualidad\/wp-json\/wp\/v2\/tags?post=52245"}],"curies":[{"name":"wp","href":"https:\/\/api.w.org\/{rel}","templated":true}]}}