{"id":52239,"date":"2025-02-27T20:52:08","date_gmt":"2025-02-27T18:52:08","guid":{"rendered":"https:\/\/www.laguiadepamplona.com\/actualidad\/?p=52239"},"modified":"2025-02-27T20:52:08","modified_gmt":"2025-02-27T18:52:08","slug":"el-ayuntamiento-de-pamplona-consolida-su-inversion-para-la-naturalizacion-de-patios-escolares-y-la-linea-de-apoyo-de-6-000-euros-de-gestion-de-los-centros-para-obras-menores","status":"publish","type":"post","link":"https:\/\/www.laguiadepamplona.com\/actualidad\/el-ayuntamiento-de-pamplona-consolida-su-inversion-para-la-naturalizacion-de-patios-escolares-y-la-linea-de-apoyo-de-6-000-euros-de-gestion-de-los-centros-para-obras-menores\/","title":{"rendered":"El Ayuntamiento de Pamplona consolida su inversi\u00f3n para la naturalizaci\u00f3n de patios escolares y la l\u00ednea de apoyo de 6.000 euros de gesti\u00f3n de los centros para obras menores"},"content":{"rendered":"<h2>Responsables del \u00e1rea de Educaci\u00f3n municipal se han reunido con las direcciones de centros educativos de Infantil y Primaria de Pamplona<\/h2>\n<p><!--more--><\/p>\n<p>El Ayuntamiento de Pamplona mantiene su programa de inversiones para mejorar la naturalizaci\u00f3n de los patios escolares y apoyar peque\u00f1as obras menores que gestionan los propios centros. Responsables del \u00e1rea de Educaci\u00f3n municipal se han reunido esta ma\u00f1ana en el Palacio del Condestable con directores de centros de Educaci\u00f3n Infantil y Primaria de Pamplona, para poner en com\u00fan las principales l\u00edneas de actuaci\u00f3n de este a\u00f1o.<\/p>\n<p>Las inversiones previstas mantienen la l\u00ednea de apoyo de 6.000 euros para obras menores que gestiona cada centro escolar, y el programa de renaturalizaci\u00f3n de patios, que contin\u00faa este a\u00f1o con las segundas fases en los colegios Iturrama, Amaiur y San Jorge; en este curso, se iniciar\u00e1 el proceso de naturalizaci\u00f3n en San Francisco. As\u00ed lo han explicado la concejala de Cultura, Fiestas, Educaci\u00f3n y Deporte, Maider Beloki Unzu, y el director del \u00e1rea, \u00cd\u00f1igo G\u00f3mez Egu\u00edluz.<\/p>\n<p>Adem\u00e1s, antes de que finalice el presente curso escolar, se va a abrir una convocatoria para primar cuestiones t\u00e9cnicas de la infraestructura y situaci\u00f3n de patios escolares. Entre ellos, se encuentran los juegos infantiles del centro Mendigoiti, la redacci\u00f3n del proyecto para Jos\u00e9 Mar\u00eda Huarte y la revisi\u00f3n de las calderas de El Lago y Mendigoiti, y San Juan de la Cadena.<\/p>\n<p>El encuentro se plantea como un espacio de encuentro y escucha directa, donde se presentan las l\u00edneas estrat\u00e9gicas municipales, y se recogen las principales demandas y necesidades de los representantes de los centros escolares. El Ayuntamiento mantiene su apuesta por los proyectos de Aprendizaje y Servicio, la promoci\u00f3n de la lectura y el fomento del estudio de la ciudad de Pamplona en los centros escolares mediante el desarrollo de unidades did\u00e1cticas.<\/p>\n<p><strong>Sostenibilidad e igualdad<\/strong><\/p>\n<p>La renaturalizaci\u00f3n busca la introducci\u00f3n de elementos naturales en los espacios de juego, por una parte, pero tambi\u00e9n persigue en su conjunto acomodar el dise\u00f1o y funcionamiento de los patios, con tipolog\u00edas diversas, a los objetivos educativos, sociales y ambientales de los centros. Se considera una apuesta por la democratizaci\u00f3n de los espacios verdes, garantizando la accesibilidad a la naturaleza en uno de los lugares donde los ni\u00f1os y ni\u00f1as pasan m\u00e1s horas al d\u00eda. As\u00ed, los patios de los colegios son espacios de oportunidad que permiten integrar peque\u00f1os pulmones verdes en todos los barrios, generando una red a lo largo de la ciudad.<\/p>\n<p>Adem\u00e1s de naturalizar los patios, como oportunidad para que los menores aprendan a jugar de otra forma y a conocer y reconocer el medio natural, las intervenciones pretenden hacerlos m\u00e1s inclusivos, ya que se buscan la diversificaci\u00f3n del uso de los espacios exteriores generando una multiplicidad de espacios de juego libre, estancia y conversaci\u00f3n, acabando con la ocupaci\u00f3n excesiva del juego reglado, estructurado en general en torno a deportes, especialmente el f\u00fatbol. Esa din\u00e1mica vinculada al bal\u00f3n representa hoy en d\u00eda toda una estructura social y de g\u00e9nero.<\/p>\n<p>Todo este proceso se concreta en una serie de objetivos espec\u00edficos que a\u00fanan visiones desde lo ecol\u00f3gico, lo social y lo pedag\u00f3gico que transformen el entorno educativo y urbano. Para ello, adem\u00e1s, cabe destacar que se ha creado un grupo de trabajo entre las diferentes \u00e1reas del Ayuntamiento implicadas que ayudan a consolidar la mejora de la naturalizaci\u00f3n de los patios, incluyendo una mayor superficie vegetal blanda, as\u00ed como refugios clim\u00e1ticos que promocionen la salud y el bienestar de la comunidad educativa. Al mismo tiempo, se fomenta la coeducaci\u00f3n abierta a nuevas l\u00edneas pedag\u00f3gicas que incluyan elementos l\u00fadicos sostenibles, y se favorece la relaci\u00f3n de los patios con su comunidad m\u00e1s cercana y entorno.<\/p>\n<p><strong>Otros programas<\/strong><\/p>\n<p>El Ayuntamiento de Pamplona desarrolla diversos programas educativos, con objeto de dar a conocer la ciudad en el \u00e1mbito escolar. Entre ellos, se encuentran Conozcamos Pamplona, los Talleres de teatro, \u2018En mudanza: arte contempor\u00e1neo, colecci\u00f3n municipal\u2019, los dos ciclos de mejora de la capacidad lectora: Vamos a leer y Lecxit; y programas cient\u00edficos como La maleta peri\u00f3dica y P\u00edldoras TIC.<\/p>\n<p>El conocimiento y la utilizaci\u00f3n de la lengua vasca se fomenta a trav\u00e9s del programa Bertsolaritza irakaskuntzan, que se desarrolla en 35 grupos de nueve centros p\u00fablicos de la ciudad durante el curso acad\u00e9mico. Tambi\u00e9n se fomenta la creatividad con distintos concursos literarios, tanto en euskera como en castellano, y el servicio p\u00fablico, a trav\u00e9s de los proyectos de Aprendizaje y Servicio, propuesta que combina procesos de aprendizaje y servicio a la comunidad en un solo proyecto.<\/p>\n","protected":false},"excerpt":{"rendered":"<p>Responsables del \u00e1rea de Educaci\u00f3n municipal se han reunido con las direcciones de centros educativos de Infantil y Primaria de Pamplona<\/p>\n","protected":false},"author":1,"featured_media":52240,"comment_status":"open","ping_status":"closed","sticky":false,"template":"","format":"standard","meta":{"footnotes":""},"categories":[2],"tags":[],"class_list":["post-52239","post","type-post","status-publish","format-standard","has-post-thumbnail","hentry","category-ayuntamiento-pamplona"],"yoast_head":"<!-- This site is optimized with the Yoast SEO plugin v27.3 - https:\/\/yoast.com\/product\/yoast-seo-wordpress\/ -->\n<title>El Ayuntamiento de Pamplona consolida su inversi\u00f3n para la naturalizaci\u00f3n de patios escolares y la l\u00ednea de apoyo de 6.000 euros de gesti\u00f3n de los centros para obras menores<\/title>\n<meta name=\"description\" content=\"Responsables del \u00e1rea de Educaci\u00f3n municipal se han reunido con las direcciones de centros educativos de Infantil y Primaria de Pamplona\" \/>\n<meta name=\"robots\" content=\"index, follow, max-snippet:-1, max-image-preview:large, max-video-preview:-1\" \/>\n<link rel=\"canonical\" href=\"https:\/\/www.laguiadepamplona.com\/actualidad\/el-ayuntamiento-de-pamplona-consolida-su-inversion-para-la-naturalizacion-de-patios-escolares-y-la-linea-de-apoyo-de-6-000-euros-de-gestion-de-los-centros-para-obras-menores\/\" \/>\n<meta property=\"og:locale\" content=\"es_ES\" \/>\n<meta property=\"og:type\" content=\"article\" \/>\n<meta property=\"og:title\" content=\"El Ayuntamiento de Pamplona consolida su inversi\u00f3n para la naturalizaci\u00f3n de patios escolares y la l\u00ednea de apoyo de 6.000 euros de gesti\u00f3n de los centros para obras menores\" \/>\n<meta property=\"og:description\" content=\"Responsables del \u00e1rea de Educaci\u00f3n municipal se han reunido con las direcciones de centros educativos de Infantil y Primaria de Pamplona\" \/>\n<meta property=\"og:url\" content=\"https:\/\/www.laguiadepamplona.com\/actualidad\/el-ayuntamiento-de-pamplona-consolida-su-inversion-para-la-naturalizacion-de-patios-escolares-y-la-linea-de-apoyo-de-6-000-euros-de-gestion-de-los-centros-para-obras-menores\/\" \/>\n<meta property=\"og:site_name\" content=\"La Gu\u00eda de Pamplona\" \/>\n<meta property=\"article:publisher\" content=\"https:\/\/www.facebook.com\/laguiadepamplonacom-133175176762273\/?ref=hl\" \/>\n<meta property=\"article:published_time\" content=\"2025-02-27T18:52:08+00:00\" \/>\n<meta property=\"og:image\" content=\"https:\/\/www.laguiadepamplona.com\/actualidad\/wp-content\/uploads\/2025\/02\/reunionareadeeducacioncondirectoreseducacionprimaria1_0.webp\" \/>\n\t<meta property=\"og:image:width\" content=\"1000\" \/>\n\t<meta property=\"og:image:height\" content=\"666\" \/>\n\t<meta property=\"og:image:type\" content=\"image\/webp\" \/>\n<meta name=\"author\" content=\"La Gu\u00eda de Pamplona\" \/>\n<meta name=\"twitter:card\" content=\"summary_large_image\" \/>\n<meta name=\"twitter:creator\" content=\"@LaGuiadPamplona\" \/>\n<meta name=\"twitter:site\" content=\"@LaGuiadPamplona\" \/>\n<meta name=\"twitter:label1\" content=\"Escrito por\" \/>\n\t<meta name=\"twitter:data1\" content=\"La Gu\u00eda de Pamplona\" \/>\n\t<meta name=\"twitter:label2\" content=\"Tiempo de lectura\" \/>\n\t<meta name=\"twitter:data2\" content=\"4 minutos\" \/>\n<script type=\"application\/ld+json\" class=\"yoast-schema-graph\">{\"@context\":\"https:\\\/\\\/schema.org\",\"@graph\":[{\"@type\":\"Article\",\"@id\":\"https:\\\/\\\/www.laguiadepamplona.com\\\/actualidad\\\/el-ayuntamiento-de-pamplona-consolida-su-inversion-para-la-naturalizacion-de-patios-escolares-y-la-linea-de-apoyo-de-6-000-euros-de-gestion-de-los-centros-para-obras-menores\\\/#article\",\"isPartOf\":{\"@id\":\"https:\\\/\\\/www.laguiadepamplona.com\\\/actualidad\\\/el-ayuntamiento-de-pamplona-consolida-su-inversion-para-la-naturalizacion-de-patios-escolares-y-la-linea-de-apoyo-de-6-000-euros-de-gestion-de-los-centros-para-obras-menores\\\/\"},\"author\":{\"name\":\"La Gu\u00eda de Pamplona\",\"@id\":\"https:\\\/\\\/www.laguiadepamplona.com\\\/actualidad\\\/#\\\/schema\\\/person\\\/efe887376f0213d4657c93adc50b1fdb\"},\"headline\":\"El Ayuntamiento de Pamplona consolida su inversi\u00f3n para la naturalizaci\u00f3n de patios escolares y la l\u00ednea de apoyo de 6.000 euros de gesti\u00f3n de los centros para obras menores\",\"datePublished\":\"2025-02-27T18:52:08+00:00\",\"mainEntityOfPage\":{\"@id\":\"https:\\\/\\\/www.laguiadepamplona.com\\\/actualidad\\\/el-ayuntamiento-de-pamplona-consolida-su-inversion-para-la-naturalizacion-de-patios-escolares-y-la-linea-de-apoyo-de-6-000-euros-de-gestion-de-los-centros-para-obras-menores\\\/\"},\"wordCount\":849,\"commentCount\":0,\"publisher\":{\"@id\":\"https:\\\/\\\/www.laguiadepamplona.com\\\/actualidad\\\/#organization\"},\"image\":{\"@id\":\"https:\\\/\\\/www.laguiadepamplona.com\\\/actualidad\\\/el-ayuntamiento-de-pamplona-consolida-su-inversion-para-la-naturalizacion-de-patios-escolares-y-la-linea-de-apoyo-de-6-000-euros-de-gestion-de-los-centros-para-obras-menores\\\/#primaryimage\"},\"thumbnailUrl\":\"https:\\\/\\\/www.laguiadepamplona.com\\\/actualidad\\\/wp-content\\\/uploads\\\/2025\\\/02\\\/reunionareadeeducacioncondirectoreseducacionprimaria1_0.webp\",\"articleSection\":[\"Ayto Pamplona\"],\"inLanguage\":\"es\",\"potentialAction\":[{\"@type\":\"CommentAction\",\"name\":\"Comment\",\"target\":[\"https:\\\/\\\/www.laguiadepamplona.com\\\/actualidad\\\/el-ayuntamiento-de-pamplona-consolida-su-inversion-para-la-naturalizacion-de-patios-escolares-y-la-linea-de-apoyo-de-6-000-euros-de-gestion-de-los-centros-para-obras-menores\\\/#respond\"]}]},{\"@type\":\"WebPage\",\"@id\":\"https:\\\/\\\/www.laguiadepamplona.com\\\/actualidad\\\/el-ayuntamiento-de-pamplona-consolida-su-inversion-para-la-naturalizacion-de-patios-escolares-y-la-linea-de-apoyo-de-6-000-euros-de-gestion-de-los-centros-para-obras-menores\\\/\",\"url\":\"https:\\\/\\\/www.laguiadepamplona.com\\\/actualidad\\\/el-ayuntamiento-de-pamplona-consolida-su-inversion-para-la-naturalizacion-de-patios-escolares-y-la-linea-de-apoyo-de-6-000-euros-de-gestion-de-los-centros-para-obras-menores\\\/\",\"name\":\"El Ayuntamiento de Pamplona consolida su inversi\u00f3n para la naturalizaci\u00f3n de patios escolares y la l\u00ednea de apoyo de 6.000 euros de gesti\u00f3n de los centros para obras menores\",\"isPartOf\":{\"@id\":\"https:\\\/\\\/www.laguiadepamplona.com\\\/actualidad\\\/#website\"},\"primaryImageOfPage\":{\"@id\":\"https:\\\/\\\/www.laguiadepamplona.com\\\/actualidad\\\/el-ayuntamiento-de-pamplona-consolida-su-inversion-para-la-naturalizacion-de-patios-escolares-y-la-linea-de-apoyo-de-6-000-euros-de-gestion-de-los-centros-para-obras-menores\\\/#primaryimage\"},\"image\":{\"@id\":\"https:\\\/\\\/www.laguiadepamplona.com\\\/actualidad\\\/el-ayuntamiento-de-pamplona-consolida-su-inversion-para-la-naturalizacion-de-patios-escolares-y-la-linea-de-apoyo-de-6-000-euros-de-gestion-de-los-centros-para-obras-menores\\\/#primaryimage\"},\"thumbnailUrl\":\"https:\\\/\\\/www.laguiadepamplona.com\\\/actualidad\\\/wp-content\\\/uploads\\\/2025\\\/02\\\/reunionareadeeducacioncondirectoreseducacionprimaria1_0.webp\",\"datePublished\":\"2025-02-27T18:52:08+00:00\",\"description\":\"Responsables del \u00e1rea de Educaci\u00f3n municipal se han reunido con las direcciones de centros educativos de Infantil y Primaria de Pamplona\",\"breadcrumb\":{\"@id\":\"https:\\\/\\\/www.laguiadepamplona.com\\\/actualidad\\\/el-ayuntamiento-de-pamplona-consolida-su-inversion-para-la-naturalizacion-de-patios-escolares-y-la-linea-de-apoyo-de-6-000-euros-de-gestion-de-los-centros-para-obras-menores\\\/#breadcrumb\"},\"inLanguage\":\"es\",\"potentialAction\":[{\"@type\":\"ReadAction\",\"target\":[\"https:\\\/\\\/www.laguiadepamplona.com\\\/actualidad\\\/el-ayuntamiento-de-pamplona-consolida-su-inversion-para-la-naturalizacion-de-patios-escolares-y-la-linea-de-apoyo-de-6-000-euros-de-gestion-de-los-centros-para-obras-menores\\\/\"]}]},{\"@type\":\"ImageObject\",\"inLanguage\":\"es\",\"@id\":\"https:\\\/\\\/www.laguiadepamplona.com\\\/actualidad\\\/el-ayuntamiento-de-pamplona-consolida-su-inversion-para-la-naturalizacion-de-patios-escolares-y-la-linea-de-apoyo-de-6-000-euros-de-gestion-de-los-centros-para-obras-menores\\\/#primaryimage\",\"url\":\"https:\\\/\\\/www.laguiadepamplona.com\\\/actualidad\\\/wp-content\\\/uploads\\\/2025\\\/02\\\/reunionareadeeducacioncondirectoreseducacionprimaria1_0.webp\",\"contentUrl\":\"https:\\\/\\\/www.laguiadepamplona.com\\\/actualidad\\\/wp-content\\\/uploads\\\/2025\\\/02\\\/reunionareadeeducacioncondirectoreseducacionprimaria1_0.webp\",\"width\":1000,\"height\":666,\"caption\":\"reuni\u00f3n \u00e1rea de educaci\u00f3n con directores educaci\u00f3n primaria1_0\"},{\"@type\":\"BreadcrumbList\",\"@id\":\"https:\\\/\\\/www.laguiadepamplona.com\\\/actualidad\\\/el-ayuntamiento-de-pamplona-consolida-su-inversion-para-la-naturalizacion-de-patios-escolares-y-la-linea-de-apoyo-de-6-000-euros-de-gestion-de-los-centros-para-obras-menores\\\/#breadcrumb\",\"itemListElement\":[{\"@type\":\"ListItem\",\"position\":1,\"name\":\"Portada\",\"item\":\"https:\\\/\\\/www.laguiadepamplona.com\\\/actualidad\\\/\"},{\"@type\":\"ListItem\",\"position\":2,\"name\":\"El Ayuntamiento de Pamplona consolida su inversi\u00f3n para la naturalizaci\u00f3n de patios escolares y la l\u00ednea de apoyo de 6.000 euros de gesti\u00f3n de los centros para obras menores\"}]},{\"@type\":\"WebSite\",\"@id\":\"https:\\\/\\\/www.laguiadepamplona.com\\\/actualidad\\\/#website\",\"url\":\"https:\\\/\\\/www.laguiadepamplona.com\\\/actualidad\\\/\",\"name\":\"La gu\u00eda de Pamplona\",\"description\":\"Noticias de Pamplona\",\"publisher\":{\"@id\":\"https:\\\/\\\/www.laguiadepamplona.com\\\/actualidad\\\/#organization\"},\"potentialAction\":[{\"@type\":\"SearchAction\",\"target\":{\"@type\":\"EntryPoint\",\"urlTemplate\":\"https:\\\/\\\/www.laguiadepamplona.com\\\/actualidad\\\/?s={search_term_string}\"},\"query-input\":{\"@type\":\"PropertyValueSpecification\",\"valueRequired\":true,\"valueName\":\"search_term_string\"}}],\"inLanguage\":\"es\"},{\"@type\":\"Organization\",\"@id\":\"https:\\\/\\\/www.laguiadepamplona.com\\\/actualidad\\\/#organization\",\"name\":\"La Gu\u00eda de Pamplona \\\/ Noticias\",\"url\":\"https:\\\/\\\/www.laguiadepamplona.com\\\/actualidad\\\/\",\"logo\":{\"@type\":\"ImageObject\",\"inLanguage\":\"es\",\"@id\":\"https:\\\/\\\/www.laguiadepamplona.com\\\/actualidad\\\/#\\\/schema\\\/logo\\\/image\\\/\",\"url\":\"https:\\\/\\\/www.laguiadepamplona.com\\\/actualidad\\\/wp-content\\\/uploads\\\/2018\\\/11\\\/logo-laguiadepamplona18-web1.png\",\"contentUrl\":\"https:\\\/\\\/www.laguiadepamplona.com\\\/actualidad\\\/wp-content\\\/uploads\\\/2018\\\/11\\\/logo-laguiadepamplona18-web1.png\",\"width\":600,\"height\":196,\"caption\":\"La Gu\u00eda de Pamplona \\\/ Noticias\"},\"image\":{\"@id\":\"https:\\\/\\\/www.laguiadepamplona.com\\\/actualidad\\\/#\\\/schema\\\/logo\\\/image\\\/\"},\"sameAs\":[\"https:\\\/\\\/www.facebook.com\\\/laguiadepamplonacom-133175176762273\\\/?ref=hl\",\"https:\\\/\\\/x.com\\\/LaGuiadPamplona\",\"https:\\\/\\\/www.instagram.com\\\/la_guia_de_pamplona\\\/\",\"https:\\\/\\\/www.youtube.com\\\/user\\\/laguiadepamplona\"]},{\"@type\":\"Person\",\"@id\":\"https:\\\/\\\/www.laguiadepamplona.com\\\/actualidad\\\/#\\\/schema\\\/person\\\/efe887376f0213d4657c93adc50b1fdb\",\"name\":\"La Gu\u00eda de Pamplona\",\"image\":{\"@type\":\"ImageObject\",\"inLanguage\":\"es\",\"@id\":\"https:\\\/\\\/secure.gravatar.com\\\/avatar\\\/b6992f131dc8d30ab0dff15446e9d346d9dbd95992de0fef795073f5ea83a81c?s=96&d=mm&r=g\",\"url\":\"https:\\\/\\\/secure.gravatar.com\\\/avatar\\\/b6992f131dc8d30ab0dff15446e9d346d9dbd95992de0fef795073f5ea83a81c?s=96&d=mm&r=g\",\"contentUrl\":\"https:\\\/\\\/secure.gravatar.com\\\/avatar\\\/b6992f131dc8d30ab0dff15446e9d346d9dbd95992de0fef795073f5ea83a81c?s=96&d=mm&r=g\",\"caption\":\"La Gu\u00eda de Pamplona\"}}]}<\/script>\n<!-- \/ Yoast SEO plugin. -->","yoast_head_json":{"title":"El Ayuntamiento de Pamplona consolida su inversi\u00f3n para la naturalizaci\u00f3n de patios escolares y la l\u00ednea de apoyo de 6.000 euros de gesti\u00f3n de los centros para obras menores","description":"Responsables del \u00e1rea de Educaci\u00f3n municipal se han reunido con las direcciones de centros educativos de Infantil y Primaria de Pamplona","robots":{"index":"index","follow":"follow","max-snippet":"max-snippet:-1","max-image-preview":"max-image-preview:large","max-video-preview":"max-video-preview:-1"},"canonical":"https:\/\/www.laguiadepamplona.com\/actualidad\/el-ayuntamiento-de-pamplona-consolida-su-inversion-para-la-naturalizacion-de-patios-escolares-y-la-linea-de-apoyo-de-6-000-euros-de-gestion-de-los-centros-para-obras-menores\/","og_locale":"es_ES","og_type":"article","og_title":"El Ayuntamiento de Pamplona consolida su inversi\u00f3n para la naturalizaci\u00f3n de patios escolares y la l\u00ednea de apoyo de 6.000 euros de gesti\u00f3n de los centros para obras menores","og_description":"Responsables del \u00e1rea de Educaci\u00f3n municipal se han reunido con las direcciones de centros educativos de Infantil y Primaria de Pamplona","og_url":"https:\/\/www.laguiadepamplona.com\/actualidad\/el-ayuntamiento-de-pamplona-consolida-su-inversion-para-la-naturalizacion-de-patios-escolares-y-la-linea-de-apoyo-de-6-000-euros-de-gestion-de-los-centros-para-obras-menores\/","og_site_name":"La Gu\u00eda de Pamplona","article_publisher":"https:\/\/www.facebook.com\/laguiadepamplonacom-133175176762273\/?ref=hl","article_published_time":"2025-02-27T18:52:08+00:00","og_image":[{"width":1000,"height":666,"url":"https:\/\/www.laguiadepamplona.com\/actualidad\/wp-content\/uploads\/2025\/02\/reunionareadeeducacioncondirectoreseducacionprimaria1_0.webp","type":"image\/webp"}],"author":"La Gu\u00eda de Pamplona","twitter_card":"summary_large_image","twitter_creator":"@LaGuiadPamplona","twitter_site":"@LaGuiadPamplona","twitter_misc":{"Escrito por":"La Gu\u00eda de Pamplona","Tiempo de lectura":"4 minutos"},"schema":{"@context":"https:\/\/schema.org","@graph":[{"@type":"Article","@id":"https:\/\/www.laguiadepamplona.com\/actualidad\/el-ayuntamiento-de-pamplona-consolida-su-inversion-para-la-naturalizacion-de-patios-escolares-y-la-linea-de-apoyo-de-6-000-euros-de-gestion-de-los-centros-para-obras-menores\/#article","isPartOf":{"@id":"https:\/\/www.laguiadepamplona.com\/actualidad\/el-ayuntamiento-de-pamplona-consolida-su-inversion-para-la-naturalizacion-de-patios-escolares-y-la-linea-de-apoyo-de-6-000-euros-de-gestion-de-los-centros-para-obras-menores\/"},"author":{"name":"La Gu\u00eda de Pamplona","@id":"https:\/\/www.laguiadepamplona.com\/actualidad\/#\/schema\/person\/efe887376f0213d4657c93adc50b1fdb"},"headline":"El Ayuntamiento de Pamplona consolida su inversi\u00f3n para la naturalizaci\u00f3n de patios escolares y la l\u00ednea de apoyo de 6.000 euros de gesti\u00f3n de los centros para obras menores","datePublished":"2025-02-27T18:52:08+00:00","mainEntityOfPage":{"@id":"https:\/\/www.laguiadepamplona.com\/actualidad\/el-ayuntamiento-de-pamplona-consolida-su-inversion-para-la-naturalizacion-de-patios-escolares-y-la-linea-de-apoyo-de-6-000-euros-de-gestion-de-los-centros-para-obras-menores\/"},"wordCount":849,"commentCount":0,"publisher":{"@id":"https:\/\/www.laguiadepamplona.com\/actualidad\/#organization"},"image":{"@id":"https:\/\/www.laguiadepamplona.com\/actualidad\/el-ayuntamiento-de-pamplona-consolida-su-inversion-para-la-naturalizacion-de-patios-escolares-y-la-linea-de-apoyo-de-6-000-euros-de-gestion-de-los-centros-para-obras-menores\/#primaryimage"},"thumbnailUrl":"https:\/\/www.laguiadepamplona.com\/actualidad\/wp-content\/uploads\/2025\/02\/reunionareadeeducacioncondirectoreseducacionprimaria1_0.webp","articleSection":["Ayto Pamplona"],"inLanguage":"es","potentialAction":[{"@type":"CommentAction","name":"Comment","target":["https:\/\/www.laguiadepamplona.com\/actualidad\/el-ayuntamiento-de-pamplona-consolida-su-inversion-para-la-naturalizacion-de-patios-escolares-y-la-linea-de-apoyo-de-6-000-euros-de-gestion-de-los-centros-para-obras-menores\/#respond"]}]},{"@type":"WebPage","@id":"https:\/\/www.laguiadepamplona.com\/actualidad\/el-ayuntamiento-de-pamplona-consolida-su-inversion-para-la-naturalizacion-de-patios-escolares-y-la-linea-de-apoyo-de-6-000-euros-de-gestion-de-los-centros-para-obras-menores\/","url":"https:\/\/www.laguiadepamplona.com\/actualidad\/el-ayuntamiento-de-pamplona-consolida-su-inversion-para-la-naturalizacion-de-patios-escolares-y-la-linea-de-apoyo-de-6-000-euros-de-gestion-de-los-centros-para-obras-menores\/","name":"El Ayuntamiento de Pamplona consolida su inversi\u00f3n para la naturalizaci\u00f3n de patios escolares y la l\u00ednea de apoyo de 6.000 euros de gesti\u00f3n de los centros para obras menores","isPartOf":{"@id":"https:\/\/www.laguiadepamplona.com\/actualidad\/#website"},"primaryImageOfPage":{"@id":"https:\/\/www.laguiadepamplona.com\/actualidad\/el-ayuntamiento-de-pamplona-consolida-su-inversion-para-la-naturalizacion-de-patios-escolares-y-la-linea-de-apoyo-de-6-000-euros-de-gestion-de-los-centros-para-obras-menores\/#primaryimage"},"image":{"@id":"https:\/\/www.laguiadepamplona.com\/actualidad\/el-ayuntamiento-de-pamplona-consolida-su-inversion-para-la-naturalizacion-de-patios-escolares-y-la-linea-de-apoyo-de-6-000-euros-de-gestion-de-los-centros-para-obras-menores\/#primaryimage"},"thumbnailUrl":"https:\/\/www.laguiadepamplona.com\/actualidad\/wp-content\/uploads\/2025\/02\/reunionareadeeducacioncondirectoreseducacionprimaria1_0.webp","datePublished":"2025-02-27T18:52:08+00:00","description":"Responsables del \u00e1rea de Educaci\u00f3n municipal se han reunido con las direcciones de centros educativos de Infantil y Primaria de Pamplona","breadcrumb":{"@id":"https:\/\/www.laguiadepamplona.com\/actualidad\/el-ayuntamiento-de-pamplona-consolida-su-inversion-para-la-naturalizacion-de-patios-escolares-y-la-linea-de-apoyo-de-6-000-euros-de-gestion-de-los-centros-para-obras-menores\/#breadcrumb"},"inLanguage":"es","potentialAction":[{"@type":"ReadAction","target":["https:\/\/www.laguiadepamplona.com\/actualidad\/el-ayuntamiento-de-pamplona-consolida-su-inversion-para-la-naturalizacion-de-patios-escolares-y-la-linea-de-apoyo-de-6-000-euros-de-gestion-de-los-centros-para-obras-menores\/"]}]},{"@type":"ImageObject","inLanguage":"es","@id":"https:\/\/www.laguiadepamplona.com\/actualidad\/el-ayuntamiento-de-pamplona-consolida-su-inversion-para-la-naturalizacion-de-patios-escolares-y-la-linea-de-apoyo-de-6-000-euros-de-gestion-de-los-centros-para-obras-menores\/#primaryimage","url":"https:\/\/www.laguiadepamplona.com\/actualidad\/wp-content\/uploads\/2025\/02\/reunionareadeeducacioncondirectoreseducacionprimaria1_0.webp","contentUrl":"https:\/\/www.laguiadepamplona.com\/actualidad\/wp-content\/uploads\/2025\/02\/reunionareadeeducacioncondirectoreseducacionprimaria1_0.webp","width":1000,"height":666,"caption":"reuni\u00f3n \u00e1rea de educaci\u00f3n con directores educaci\u00f3n primaria1_0"},{"@type":"BreadcrumbList","@id":"https:\/\/www.laguiadepamplona.com\/actualidad\/el-ayuntamiento-de-pamplona-consolida-su-inversion-para-la-naturalizacion-de-patios-escolares-y-la-linea-de-apoyo-de-6-000-euros-de-gestion-de-los-centros-para-obras-menores\/#breadcrumb","itemListElement":[{"@type":"ListItem","position":1,"name":"Portada","item":"https:\/\/www.laguiadepamplona.com\/actualidad\/"},{"@type":"ListItem","position":2,"name":"El Ayuntamiento de Pamplona consolida su inversi\u00f3n para la naturalizaci\u00f3n de patios escolares y la l\u00ednea de apoyo de 6.000 euros de gesti\u00f3n de los centros para obras menores"}]},{"@type":"WebSite","@id":"https:\/\/www.laguiadepamplona.com\/actualidad\/#website","url":"https:\/\/www.laguiadepamplona.com\/actualidad\/","name":"La gu\u00eda de Pamplona","description":"Noticias de Pamplona","publisher":{"@id":"https:\/\/www.laguiadepamplona.com\/actualidad\/#organization"},"potentialAction":[{"@type":"SearchAction","target":{"@type":"EntryPoint","urlTemplate":"https:\/\/www.laguiadepamplona.com\/actualidad\/?s={search_term_string}"},"query-input":{"@type":"PropertyValueSpecification","valueRequired":true,"valueName":"search_term_string"}}],"inLanguage":"es"},{"@type":"Organization","@id":"https:\/\/www.laguiadepamplona.com\/actualidad\/#organization","name":"La Gu\u00eda de Pamplona \/ Noticias","url":"https:\/\/www.laguiadepamplona.com\/actualidad\/","logo":{"@type":"ImageObject","inLanguage":"es","@id":"https:\/\/www.laguiadepamplona.com\/actualidad\/#\/schema\/logo\/image\/","url":"https:\/\/www.laguiadepamplona.com\/actualidad\/wp-content\/uploads\/2018\/11\/logo-laguiadepamplona18-web1.png","contentUrl":"https:\/\/www.laguiadepamplona.com\/actualidad\/wp-content\/uploads\/2018\/11\/logo-laguiadepamplona18-web1.png","width":600,"height":196,"caption":"La Gu\u00eda de Pamplona \/ Noticias"},"image":{"@id":"https:\/\/www.laguiadepamplona.com\/actualidad\/#\/schema\/logo\/image\/"},"sameAs":["https:\/\/www.facebook.com\/laguiadepamplonacom-133175176762273\/?ref=hl","https:\/\/x.com\/LaGuiadPamplona","https:\/\/www.instagram.com\/la_guia_de_pamplona\/","https:\/\/www.youtube.com\/user\/laguiadepamplona"]},{"@type":"Person","@id":"https:\/\/www.laguiadepamplona.com\/actualidad\/#\/schema\/person\/efe887376f0213d4657c93adc50b1fdb","name":"La Gu\u00eda de Pamplona","image":{"@type":"ImageObject","inLanguage":"es","@id":"https:\/\/secure.gravatar.com\/avatar\/b6992f131dc8d30ab0dff15446e9d346d9dbd95992de0fef795073f5ea83a81c?s=96&d=mm&r=g","url":"https:\/\/secure.gravatar.com\/avatar\/b6992f131dc8d30ab0dff15446e9d346d9dbd95992de0fef795073f5ea83a81c?s=96&d=mm&r=g","contentUrl":"https:\/\/secure.gravatar.com\/avatar\/b6992f131dc8d30ab0dff15446e9d346d9dbd95992de0fef795073f5ea83a81c?s=96&d=mm&r=g","caption":"La Gu\u00eda de Pamplona"}}]}},"post_mailing_queue_ids":[],"_links":{"self":[{"href":"https:\/\/www.laguiadepamplona.com\/actualidad\/wp-json\/wp\/v2\/posts\/52239","targetHints":{"allow":["GET"]}}],"collection":[{"href":"https:\/\/www.laguiadepamplona.com\/actualidad\/wp-json\/wp\/v2\/posts"}],"about":[{"href":"https:\/\/www.laguiadepamplona.com\/actualidad\/wp-json\/wp\/v2\/types\/post"}],"author":[{"embeddable":true,"href":"https:\/\/www.laguiadepamplona.com\/actualidad\/wp-json\/wp\/v2\/users\/1"}],"replies":[{"embeddable":true,"href":"https:\/\/www.laguiadepamplona.com\/actualidad\/wp-json\/wp\/v2\/comments?post=52239"}],"version-history":[{"count":1,"href":"https:\/\/www.laguiadepamplona.com\/actualidad\/wp-json\/wp\/v2\/posts\/52239\/revisions"}],"predecessor-version":[{"id":52241,"href":"https:\/\/www.laguiadepamplona.com\/actualidad\/wp-json\/wp\/v2\/posts\/52239\/revisions\/52241"}],"wp:featuredmedia":[{"embeddable":true,"href":"https:\/\/www.laguiadepamplona.com\/actualidad\/wp-json\/wp\/v2\/media\/52240"}],"wp:attachment":[{"href":"https:\/\/www.laguiadepamplona.com\/actualidad\/wp-json\/wp\/v2\/media?parent=52239"}],"wp:term":[{"taxonomy":"category","embeddable":true,"href":"https:\/\/www.laguiadepamplona.com\/actualidad\/wp-json\/wp\/v2\/categories?post=52239"},{"taxonomy":"post_tag","embeddable":true,"href":"https:\/\/www.laguiadepamplona.com\/actualidad\/wp-json\/wp\/v2\/tags?post=52239"}],"curies":[{"name":"wp","href":"https:\/\/api.w.org\/{rel}","templated":true}]}}