{"id":52237,"date":"2025-02-27T20:49:12","date_gmt":"2025-02-27T18:49:12","guid":{"rendered":"https:\/\/www.laguiadepamplona.com\/actualidad\/?p=52237"},"modified":"2025-02-27T20:49:12","modified_gmt":"2025-02-27T18:49:12","slug":"arranca-la-feria-pamplona-stock-2025-con-descuentos-en-productos-de-temporada-en-medio-centenar-de-comercios","status":"publish","type":"post","link":"https:\/\/www.laguiadepamplona.com\/actualidad\/arranca-la-feria-pamplona-stock-2025-con-descuentos-en-productos-de-temporada-en-medio-centenar-de-comercios\/","title":{"rendered":"Arranca la feria Pamplona Stock 2025 con descuentos en productos de temporada en medio centenar de comercios"},"content":{"rendered":"<h2>Los comercios adheridos a la campa\u00f1a tendr\u00e1n un distintivo en el escaparate y ofrecer\u00e1n descuentos hasta este s\u00e1bado<\/h2>\n<p><!--more--><\/p>\n<p>Una nueva edici\u00f3n de la feria de oportunidades Pamplona Stock ha comenzado este jueves con descuentos en productos de moda, calzado, hogar, alimentaci\u00f3n y complementos, principalmente, como broche final a la temporada de invierno. Son 47 los comercios que este a\u00f1o se han sumado a la iniciativa organizada por el Ayuntamiento de Pamplona, en colaboraci\u00f3n con asociaciones de comerciantes de la ciudad. La feria se extender\u00e1 hasta el s\u00e1bado por los distintos barrios de la ciudad.<\/p>\n<p>En concreto, los comercios adheridos a la campa\u00f1a se encuentran en Casco Antiguo, San Juan, Ermitaga\u00f1a y Mendebaldea, la zona de Mart\u00edn Azpilcueta, San Jorge, Ensanches, Rochapea e Iturrama. Es el Casco Antiguo donde se concentra el mayor n\u00famero de establecimientos (21 en total), seguido de San Juan, Ermitaga\u00f1a y Mendebaldea (con 9 establecimientos). El objetivo, con esta campa\u00f1a, es dar salida al stock de la temporada pasada, para hacer hueco al g\u00e9nero nuevo de primavera-verano. De esta forma, la feria alarga la temporada de rebajas habitual con descuentos adicionales.<\/p>\n<p>Todos los comercios que forman parte de la feria Pamplona Stock se distinguir\u00e1n por un cartel ubicado en sus escaparates. Adem\u00e1s, podr\u00e1n sacar g\u00e9nero a la calle, siempre y cuando no ocupen m\u00e1s metros lineales que los que tiene la fachada del local ni m\u00e1s de dos metros de profundidad de manera perpendicular a la fachada. El Consistorio no permite, sin embargo, No la instalaci\u00f3n de carpas, de megafon\u00eda o de elementos que requieran de electricidad (salvo autorizaci\u00f3n expresa) ni de elementos que obstaculicen el paso al propio establecimiento.<\/p>\n<p>A diferencia de ocasiones anteriores, cuando la feria se ubicaba en un \u00fanico punto con stands de los comercios adheridos, en los \u00faltimos a\u00f1os Pamplona Stock se celebra en los propios comercios, en el horario habitual de apertura comercial.<\/p>\n<p>&nbsp;<\/p>\n<h3>Pamplona Stock 2025. Establecimientos Participantes<\/h3>\n<ul>\n<li><strong>Casco Antiguo<\/strong>\n<ul>\n<li>Slide Shop (Chapitela, 8)<\/li>\n<li>General \u00d3ptica (Chapitela, 9)<\/li>\n<li>Tihista Moda Hombre (Calceteros, 3)<\/li>\n<li>Tejanos (Zapater\u00eda, 7)<\/li>\n<li>Sombreros Albero (Zapater\u00eda, 13)<\/li>\n<li>Bsc Shoes (Zapater\u00eda, 36)<\/li>\n<li>Mirate (Zapater\u00eda, 21)<\/li>\n<li>Ibili Calzado Saludable (Zapater\u00eda, 45)<\/li>\n<li>Calzados Basoco (Zapater\u00eda, 52)<\/li>\n<li>Diminutos Gigantes (San Nicol\u00e1s, 56)<\/li>\n<li>Casa Garatea (San Gregorio, 10)<\/li>\n<li>Artazcoz Moda Hombre (Mayor, 5)<\/li>\n<li>La Zapatillera\u00a0 (Mayor, 17)<\/li>\n<li>Skaner Shop (Mayor, 10)<\/li>\n<li>Fulber Lois (Mayor, 13)<\/li>\n<li>Bolsos Cebri\u00e1n (San Lorenzo, 9)<\/li>\n<li>Cristina Tollar (Plaza Del Castillo, 36)<\/li>\n<li>Zarranz Moda (Estafeta, 9)<\/li>\n<li>Karmele Berri (Navarrer\u00eda, 7)<\/li>\n<li>La Trastienda de Navarrer\u00eda\u00a0 (Navarrer\u00eda, 21)<\/li>\n<li>Lencer\u00eda Medina (Mayor, 5)<\/li>\n<\/ul>\n<\/li>\n<li><strong>San Juan, Ermitaga\u00f1a y Mendebaldea<\/strong>\n<ul>\n<li>Bay\u00f3n Moda (Avda. Bayona, 42)<\/li>\n<li>Asiry Outlet (Avda Bayona, 24)<\/li>\n<li>Adorno (Ermitaga\u00f1a, 4)<\/li>\n<li>.. Moda y Lencer\u00eda (Sancho Ram\u00edrez, 1)<\/li>\n<li>Moda mujer Pili Zugaldia (Ermitaga\u00f1a, 4)<\/li>\n<li>Tribeca (Ermitaga\u00f1a, 1)<\/li>\n<li>Mercer\u00eda Lencer\u00eda Conchi (Irunlarrea, 13A)<\/li>\n<li>Moda D\u00b4ellas\u00a0 (Avda. Bayona, 5)<\/li>\n<li>Moda D\u00b4ellas\u00a0 (Sancho Ram\u00edrez, 1)<\/li>\n<\/ul>\n<\/li>\n<li><strong>Zona de Mart\u00edn Azpilcueta<\/strong>\n<ul>\n<li>Electro Hogar Bayona (Avda. Bayona, 40)<\/li>\n<li>Coviran (Mart\u00edn Azpilcueta, 3)<\/li>\n<li>Milar \u2013 San Juan (Mart\u00edn Azpilcueta, 14)<\/li>\n<li>Papeler\u00eda Iturralde (Mart\u00edn Azpilcueta, 12)<\/li>\n<li>Lizarraga (Mart\u00edn Azpilcueta, 13)<\/li>\n<\/ul>\n<\/li>\n<li><strong>San Jorge<\/strong>\n<ul>\n<li>Carnicer\u00eda Deiherri (Gortari, 1)<\/li>\n<li>Centro Naturo_Estetica Neroli (Fleming 7, Trasera)<\/li>\n<li>Calzados Iru\u00f1a (Doctor Sominena, 2)<\/li>\n<\/ul>\n<\/li>\n<li><strong>Ensanches<\/strong>\n<ul>\n<li>Donde Siempre (Teobaldos, 1 y 3)<\/li>\n<li>Mercer\u00eda Fildor (Paulino Caballero, 45)<\/li>\n<li>Flores Bosquecillo (Navas de Tolosa, 27)<\/li>\n<li>L\u00eda Carriedo (Plaza de la Libertad, 4)<\/li>\n<\/ul>\n<\/li>\n<li><strong>Rotxapea<\/strong>\n<ul>\n<li>Tissue Atelier\u00a0 (Jaurrieta, 3 bajo)<\/li>\n<li>Txaro Moda (Bernardino Tirapu, 61)<\/li>\n<li>Calzados La Rotxa Oinetakoak (Bernardino Tirapu, 55)<\/li>\n<\/ul>\n<\/li>\n<li><strong>Iturrama<\/strong>\n<ul>\n<li>Fruter\u00eda Virginia (Seraf\u00edn Olave, 33 bajo)<\/li>\n<li>Federopticos Riezu (\u00cd\u00f1igo Arista, 14 bajo)<\/li>\n<\/ul>\n<\/li>\n<\/ul>\n","protected":false},"excerpt":{"rendered":"<p>Los comercios adheridos a la campa\u00f1a tendr\u00e1n un distintivo en el escaparate y ofrecer\u00e1n descuentos hasta este s\u00e1bado<\/p>\n","protected":false},"author":1,"featured_media":52167,"comment_status":"open","ping_status":"closed","sticky":false,"template":"","format":"standard","meta":{"footnotes":""},"categories":[2],"tags":[],"class_list":["post-52237","post","type-post","status-publish","format-standard","has-post-thumbnail","hentry","category-ayuntamiento-pamplona"],"yoast_head":"<!-- This site is optimized with the Yoast SEO plugin v27.3 - https:\/\/yoast.com\/product\/yoast-seo-wordpress\/ -->\n<title>Arranca la feria Pamplona Stock 2025 con descuentos en productos de temporada en medio centenar de comercios<\/title>\n<meta name=\"description\" content=\"Los comercios adheridos a la campa\u00f1a tendr\u00e1n un distintivo en el escaparate y ofrecer\u00e1n descuentos hasta este s\u00e1bado\" \/>\n<meta name=\"robots\" content=\"index, follow, max-snippet:-1, max-image-preview:large, max-video-preview:-1\" \/>\n<link rel=\"canonical\" href=\"https:\/\/www.laguiadepamplona.com\/actualidad\/arranca-la-feria-pamplona-stock-2025-con-descuentos-en-productos-de-temporada-en-medio-centenar-de-comercios\/\" \/>\n<meta property=\"og:locale\" content=\"es_ES\" \/>\n<meta property=\"og:type\" content=\"article\" \/>\n<meta property=\"og:title\" content=\"Arranca la feria Pamplona Stock 2025 con descuentos en productos de temporada en medio centenar de comercios\" \/>\n<meta property=\"og:description\" content=\"Los comercios adheridos a la campa\u00f1a tendr\u00e1n un distintivo en el escaparate y ofrecer\u00e1n descuentos hasta este s\u00e1bado\" \/>\n<meta property=\"og:url\" content=\"https:\/\/www.laguiadepamplona.com\/actualidad\/arranca-la-feria-pamplona-stock-2025-con-descuentos-en-productos-de-temporada-en-medio-centenar-de-comercios\/\" \/>\n<meta property=\"og:site_name\" content=\"La Gu\u00eda de Pamplona\" \/>\n<meta property=\"article:publisher\" content=\"https:\/\/www.facebook.com\/laguiadepamplonacom-133175176762273\/?ref=hl\" \/>\n<meta property=\"article:published_time\" content=\"2025-02-27T18:49:12+00:00\" \/>\n<meta property=\"og:image\" content=\"https:\/\/www.laguiadepamplona.com\/actualidad\/wp-content\/uploads\/2025\/02\/STOCK-PAMPLONA.webp\" \/>\n\t<meta property=\"og:image:width\" content=\"1000\" \/>\n\t<meta property=\"og:image:height\" content=\"637\" \/>\n\t<meta property=\"og:image:type\" content=\"image\/webp\" \/>\n<meta name=\"author\" content=\"La Gu\u00eda de Pamplona\" \/>\n<meta name=\"twitter:card\" content=\"summary_large_image\" \/>\n<meta name=\"twitter:creator\" content=\"@LaGuiadPamplona\" \/>\n<meta name=\"twitter:site\" content=\"@LaGuiadPamplona\" \/>\n<meta name=\"twitter:label1\" content=\"Escrito por\" \/>\n\t<meta name=\"twitter:data1\" content=\"La Gu\u00eda de Pamplona\" \/>\n\t<meta name=\"twitter:label2\" content=\"Tiempo de lectura\" \/>\n\t<meta name=\"twitter:data2\" content=\"3 minutos\" \/>\n<script type=\"application\/ld+json\" class=\"yoast-schema-graph\">{\"@context\":\"https:\\\/\\\/schema.org\",\"@graph\":[{\"@type\":\"Article\",\"@id\":\"https:\\\/\\\/www.laguiadepamplona.com\\\/actualidad\\\/arranca-la-feria-pamplona-stock-2025-con-descuentos-en-productos-de-temporada-en-medio-centenar-de-comercios\\\/#article\",\"isPartOf\":{\"@id\":\"https:\\\/\\\/www.laguiadepamplona.com\\\/actualidad\\\/arranca-la-feria-pamplona-stock-2025-con-descuentos-en-productos-de-temporada-en-medio-centenar-de-comercios\\\/\"},\"author\":{\"name\":\"La Gu\u00eda de Pamplona\",\"@id\":\"https:\\\/\\\/www.laguiadepamplona.com\\\/actualidad\\\/#\\\/schema\\\/person\\\/efe887376f0213d4657c93adc50b1fdb\"},\"headline\":\"Arranca la feria Pamplona Stock 2025 con descuentos en productos de temporada en medio centenar de comercios\",\"datePublished\":\"2025-02-27T18:49:12+00:00\",\"mainEntityOfPage\":{\"@id\":\"https:\\\/\\\/www.laguiadepamplona.com\\\/actualidad\\\/arranca-la-feria-pamplona-stock-2025-con-descuentos-en-productos-de-temporada-en-medio-centenar-de-comercios\\\/\"},\"wordCount\":590,\"commentCount\":0,\"publisher\":{\"@id\":\"https:\\\/\\\/www.laguiadepamplona.com\\\/actualidad\\\/#organization\"},\"image\":{\"@id\":\"https:\\\/\\\/www.laguiadepamplona.com\\\/actualidad\\\/arranca-la-feria-pamplona-stock-2025-con-descuentos-en-productos-de-temporada-en-medio-centenar-de-comercios\\\/#primaryimage\"},\"thumbnailUrl\":\"https:\\\/\\\/www.laguiadepamplona.com\\\/actualidad\\\/wp-content\\\/uploads\\\/2025\\\/02\\\/STOCK-PAMPLONA.webp\",\"articleSection\":[\"Ayto Pamplona\"],\"inLanguage\":\"es\",\"potentialAction\":[{\"@type\":\"CommentAction\",\"name\":\"Comment\",\"target\":[\"https:\\\/\\\/www.laguiadepamplona.com\\\/actualidad\\\/arranca-la-feria-pamplona-stock-2025-con-descuentos-en-productos-de-temporada-en-medio-centenar-de-comercios\\\/#respond\"]}]},{\"@type\":\"WebPage\",\"@id\":\"https:\\\/\\\/www.laguiadepamplona.com\\\/actualidad\\\/arranca-la-feria-pamplona-stock-2025-con-descuentos-en-productos-de-temporada-en-medio-centenar-de-comercios\\\/\",\"url\":\"https:\\\/\\\/www.laguiadepamplona.com\\\/actualidad\\\/arranca-la-feria-pamplona-stock-2025-con-descuentos-en-productos-de-temporada-en-medio-centenar-de-comercios\\\/\",\"name\":\"Arranca la feria Pamplona Stock 2025 con descuentos en productos de temporada en medio centenar de comercios\",\"isPartOf\":{\"@id\":\"https:\\\/\\\/www.laguiadepamplona.com\\\/actualidad\\\/#website\"},\"primaryImageOfPage\":{\"@id\":\"https:\\\/\\\/www.laguiadepamplona.com\\\/actualidad\\\/arranca-la-feria-pamplona-stock-2025-con-descuentos-en-productos-de-temporada-en-medio-centenar-de-comercios\\\/#primaryimage\"},\"image\":{\"@id\":\"https:\\\/\\\/www.laguiadepamplona.com\\\/actualidad\\\/arranca-la-feria-pamplona-stock-2025-con-descuentos-en-productos-de-temporada-en-medio-centenar-de-comercios\\\/#primaryimage\"},\"thumbnailUrl\":\"https:\\\/\\\/www.laguiadepamplona.com\\\/actualidad\\\/wp-content\\\/uploads\\\/2025\\\/02\\\/STOCK-PAMPLONA.webp\",\"datePublished\":\"2025-02-27T18:49:12+00:00\",\"description\":\"Los comercios adheridos a la campa\u00f1a tendr\u00e1n un distintivo en el escaparate y ofrecer\u00e1n descuentos hasta este s\u00e1bado\",\"breadcrumb\":{\"@id\":\"https:\\\/\\\/www.laguiadepamplona.com\\\/actualidad\\\/arranca-la-feria-pamplona-stock-2025-con-descuentos-en-productos-de-temporada-en-medio-centenar-de-comercios\\\/#breadcrumb\"},\"inLanguage\":\"es\",\"potentialAction\":[{\"@type\":\"ReadAction\",\"target\":[\"https:\\\/\\\/www.laguiadepamplona.com\\\/actualidad\\\/arranca-la-feria-pamplona-stock-2025-con-descuentos-en-productos-de-temporada-en-medio-centenar-de-comercios\\\/\"]}]},{\"@type\":\"ImageObject\",\"inLanguage\":\"es\",\"@id\":\"https:\\\/\\\/www.laguiadepamplona.com\\\/actualidad\\\/arranca-la-feria-pamplona-stock-2025-con-descuentos-en-productos-de-temporada-en-medio-centenar-de-comercios\\\/#primaryimage\",\"url\":\"https:\\\/\\\/www.laguiadepamplona.com\\\/actualidad\\\/wp-content\\\/uploads\\\/2025\\\/02\\\/STOCK-PAMPLONA.webp\",\"contentUrl\":\"https:\\\/\\\/www.laguiadepamplona.com\\\/actualidad\\\/wp-content\\\/uploads\\\/2025\\\/02\\\/STOCK-PAMPLONA.webp\",\"width\":1000,\"height\":637,\"caption\":\"stock pamplona oportunidades\"},{\"@type\":\"BreadcrumbList\",\"@id\":\"https:\\\/\\\/www.laguiadepamplona.com\\\/actualidad\\\/arranca-la-feria-pamplona-stock-2025-con-descuentos-en-productos-de-temporada-en-medio-centenar-de-comercios\\\/#breadcrumb\",\"itemListElement\":[{\"@type\":\"ListItem\",\"position\":1,\"name\":\"Portada\",\"item\":\"https:\\\/\\\/www.laguiadepamplona.com\\\/actualidad\\\/\"},{\"@type\":\"ListItem\",\"position\":2,\"name\":\"Arranca la feria Pamplona Stock 2025 con descuentos en productos de temporada en medio centenar de comercios\"}]},{\"@type\":\"WebSite\",\"@id\":\"https:\\\/\\\/www.laguiadepamplona.com\\\/actualidad\\\/#website\",\"url\":\"https:\\\/\\\/www.laguiadepamplona.com\\\/actualidad\\\/\",\"name\":\"La gu\u00eda de Pamplona\",\"description\":\"Noticias de Pamplona\",\"publisher\":{\"@id\":\"https:\\\/\\\/www.laguiadepamplona.com\\\/actualidad\\\/#organization\"},\"potentialAction\":[{\"@type\":\"SearchAction\",\"target\":{\"@type\":\"EntryPoint\",\"urlTemplate\":\"https:\\\/\\\/www.laguiadepamplona.com\\\/actualidad\\\/?s={search_term_string}\"},\"query-input\":{\"@type\":\"PropertyValueSpecification\",\"valueRequired\":true,\"valueName\":\"search_term_string\"}}],\"inLanguage\":\"es\"},{\"@type\":\"Organization\",\"@id\":\"https:\\\/\\\/www.laguiadepamplona.com\\\/actualidad\\\/#organization\",\"name\":\"La Gu\u00eda de Pamplona \\\/ Noticias\",\"url\":\"https:\\\/\\\/www.laguiadepamplona.com\\\/actualidad\\\/\",\"logo\":{\"@type\":\"ImageObject\",\"inLanguage\":\"es\",\"@id\":\"https:\\\/\\\/www.laguiadepamplona.com\\\/actualidad\\\/#\\\/schema\\\/logo\\\/image\\\/\",\"url\":\"https:\\\/\\\/www.laguiadepamplona.com\\\/actualidad\\\/wp-content\\\/uploads\\\/2018\\\/11\\\/logo-laguiadepamplona18-web1.png\",\"contentUrl\":\"https:\\\/\\\/www.laguiadepamplona.com\\\/actualidad\\\/wp-content\\\/uploads\\\/2018\\\/11\\\/logo-laguiadepamplona18-web1.png\",\"width\":600,\"height\":196,\"caption\":\"La Gu\u00eda de Pamplona \\\/ Noticias\"},\"image\":{\"@id\":\"https:\\\/\\\/www.laguiadepamplona.com\\\/actualidad\\\/#\\\/schema\\\/logo\\\/image\\\/\"},\"sameAs\":[\"https:\\\/\\\/www.facebook.com\\\/laguiadepamplonacom-133175176762273\\\/?ref=hl\",\"https:\\\/\\\/x.com\\\/LaGuiadPamplona\",\"https:\\\/\\\/www.instagram.com\\\/la_guia_de_pamplona\\\/\",\"https:\\\/\\\/www.youtube.com\\\/user\\\/laguiadepamplona\"]},{\"@type\":\"Person\",\"@id\":\"https:\\\/\\\/www.laguiadepamplona.com\\\/actualidad\\\/#\\\/schema\\\/person\\\/efe887376f0213d4657c93adc50b1fdb\",\"name\":\"La Gu\u00eda de Pamplona\",\"image\":{\"@type\":\"ImageObject\",\"inLanguage\":\"es\",\"@id\":\"https:\\\/\\\/secure.gravatar.com\\\/avatar\\\/b6992f131dc8d30ab0dff15446e9d346d9dbd95992de0fef795073f5ea83a81c?s=96&d=mm&r=g\",\"url\":\"https:\\\/\\\/secure.gravatar.com\\\/avatar\\\/b6992f131dc8d30ab0dff15446e9d346d9dbd95992de0fef795073f5ea83a81c?s=96&d=mm&r=g\",\"contentUrl\":\"https:\\\/\\\/secure.gravatar.com\\\/avatar\\\/b6992f131dc8d30ab0dff15446e9d346d9dbd95992de0fef795073f5ea83a81c?s=96&d=mm&r=g\",\"caption\":\"La Gu\u00eda de Pamplona\"}}]}<\/script>\n<!-- \/ Yoast SEO plugin. -->","yoast_head_json":{"title":"Arranca la feria Pamplona Stock 2025 con descuentos en productos de temporada en medio centenar de comercios","description":"Los comercios adheridos a la campa\u00f1a tendr\u00e1n un distintivo en el escaparate y ofrecer\u00e1n descuentos hasta este s\u00e1bado","robots":{"index":"index","follow":"follow","max-snippet":"max-snippet:-1","max-image-preview":"max-image-preview:large","max-video-preview":"max-video-preview:-1"},"canonical":"https:\/\/www.laguiadepamplona.com\/actualidad\/arranca-la-feria-pamplona-stock-2025-con-descuentos-en-productos-de-temporada-en-medio-centenar-de-comercios\/","og_locale":"es_ES","og_type":"article","og_title":"Arranca la feria Pamplona Stock 2025 con descuentos en productos de temporada en medio centenar de comercios","og_description":"Los comercios adheridos a la campa\u00f1a tendr\u00e1n un distintivo en el escaparate y ofrecer\u00e1n descuentos hasta este s\u00e1bado","og_url":"https:\/\/www.laguiadepamplona.com\/actualidad\/arranca-la-feria-pamplona-stock-2025-con-descuentos-en-productos-de-temporada-en-medio-centenar-de-comercios\/","og_site_name":"La Gu\u00eda de Pamplona","article_publisher":"https:\/\/www.facebook.com\/laguiadepamplonacom-133175176762273\/?ref=hl","article_published_time":"2025-02-27T18:49:12+00:00","og_image":[{"width":1000,"height":637,"url":"https:\/\/www.laguiadepamplona.com\/actualidad\/wp-content\/uploads\/2025\/02\/STOCK-PAMPLONA.webp","type":"image\/webp"}],"author":"La Gu\u00eda de Pamplona","twitter_card":"summary_large_image","twitter_creator":"@LaGuiadPamplona","twitter_site":"@LaGuiadPamplona","twitter_misc":{"Escrito por":"La Gu\u00eda de Pamplona","Tiempo de lectura":"3 minutos"},"schema":{"@context":"https:\/\/schema.org","@graph":[{"@type":"Article","@id":"https:\/\/www.laguiadepamplona.com\/actualidad\/arranca-la-feria-pamplona-stock-2025-con-descuentos-en-productos-de-temporada-en-medio-centenar-de-comercios\/#article","isPartOf":{"@id":"https:\/\/www.laguiadepamplona.com\/actualidad\/arranca-la-feria-pamplona-stock-2025-con-descuentos-en-productos-de-temporada-en-medio-centenar-de-comercios\/"},"author":{"name":"La Gu\u00eda de Pamplona","@id":"https:\/\/www.laguiadepamplona.com\/actualidad\/#\/schema\/person\/efe887376f0213d4657c93adc50b1fdb"},"headline":"Arranca la feria Pamplona Stock 2025 con descuentos en productos de temporada en medio centenar de comercios","datePublished":"2025-02-27T18:49:12+00:00","mainEntityOfPage":{"@id":"https:\/\/www.laguiadepamplona.com\/actualidad\/arranca-la-feria-pamplona-stock-2025-con-descuentos-en-productos-de-temporada-en-medio-centenar-de-comercios\/"},"wordCount":590,"commentCount":0,"publisher":{"@id":"https:\/\/www.laguiadepamplona.com\/actualidad\/#organization"},"image":{"@id":"https:\/\/www.laguiadepamplona.com\/actualidad\/arranca-la-feria-pamplona-stock-2025-con-descuentos-en-productos-de-temporada-en-medio-centenar-de-comercios\/#primaryimage"},"thumbnailUrl":"https:\/\/www.laguiadepamplona.com\/actualidad\/wp-content\/uploads\/2025\/02\/STOCK-PAMPLONA.webp","articleSection":["Ayto Pamplona"],"inLanguage":"es","potentialAction":[{"@type":"CommentAction","name":"Comment","target":["https:\/\/www.laguiadepamplona.com\/actualidad\/arranca-la-feria-pamplona-stock-2025-con-descuentos-en-productos-de-temporada-en-medio-centenar-de-comercios\/#respond"]}]},{"@type":"WebPage","@id":"https:\/\/www.laguiadepamplona.com\/actualidad\/arranca-la-feria-pamplona-stock-2025-con-descuentos-en-productos-de-temporada-en-medio-centenar-de-comercios\/","url":"https:\/\/www.laguiadepamplona.com\/actualidad\/arranca-la-feria-pamplona-stock-2025-con-descuentos-en-productos-de-temporada-en-medio-centenar-de-comercios\/","name":"Arranca la feria Pamplona Stock 2025 con descuentos en productos de temporada en medio centenar de comercios","isPartOf":{"@id":"https:\/\/www.laguiadepamplona.com\/actualidad\/#website"},"primaryImageOfPage":{"@id":"https:\/\/www.laguiadepamplona.com\/actualidad\/arranca-la-feria-pamplona-stock-2025-con-descuentos-en-productos-de-temporada-en-medio-centenar-de-comercios\/#primaryimage"},"image":{"@id":"https:\/\/www.laguiadepamplona.com\/actualidad\/arranca-la-feria-pamplona-stock-2025-con-descuentos-en-productos-de-temporada-en-medio-centenar-de-comercios\/#primaryimage"},"thumbnailUrl":"https:\/\/www.laguiadepamplona.com\/actualidad\/wp-content\/uploads\/2025\/02\/STOCK-PAMPLONA.webp","datePublished":"2025-02-27T18:49:12+00:00","description":"Los comercios adheridos a la campa\u00f1a tendr\u00e1n un distintivo en el escaparate y ofrecer\u00e1n descuentos hasta este s\u00e1bado","breadcrumb":{"@id":"https:\/\/www.laguiadepamplona.com\/actualidad\/arranca-la-feria-pamplona-stock-2025-con-descuentos-en-productos-de-temporada-en-medio-centenar-de-comercios\/#breadcrumb"},"inLanguage":"es","potentialAction":[{"@type":"ReadAction","target":["https:\/\/www.laguiadepamplona.com\/actualidad\/arranca-la-feria-pamplona-stock-2025-con-descuentos-en-productos-de-temporada-en-medio-centenar-de-comercios\/"]}]},{"@type":"ImageObject","inLanguage":"es","@id":"https:\/\/www.laguiadepamplona.com\/actualidad\/arranca-la-feria-pamplona-stock-2025-con-descuentos-en-productos-de-temporada-en-medio-centenar-de-comercios\/#primaryimage","url":"https:\/\/www.laguiadepamplona.com\/actualidad\/wp-content\/uploads\/2025\/02\/STOCK-PAMPLONA.webp","contentUrl":"https:\/\/www.laguiadepamplona.com\/actualidad\/wp-content\/uploads\/2025\/02\/STOCK-PAMPLONA.webp","width":1000,"height":637,"caption":"stock pamplona oportunidades"},{"@type":"BreadcrumbList","@id":"https:\/\/www.laguiadepamplona.com\/actualidad\/arranca-la-feria-pamplona-stock-2025-con-descuentos-en-productos-de-temporada-en-medio-centenar-de-comercios\/#breadcrumb","itemListElement":[{"@type":"ListItem","position":1,"name":"Portada","item":"https:\/\/www.laguiadepamplona.com\/actualidad\/"},{"@type":"ListItem","position":2,"name":"Arranca la feria Pamplona Stock 2025 con descuentos en productos de temporada en medio centenar de comercios"}]},{"@type":"WebSite","@id":"https:\/\/www.laguiadepamplona.com\/actualidad\/#website","url":"https:\/\/www.laguiadepamplona.com\/actualidad\/","name":"La gu\u00eda de Pamplona","description":"Noticias de Pamplona","publisher":{"@id":"https:\/\/www.laguiadepamplona.com\/actualidad\/#organization"},"potentialAction":[{"@type":"SearchAction","target":{"@type":"EntryPoint","urlTemplate":"https:\/\/www.laguiadepamplona.com\/actualidad\/?s={search_term_string}"},"query-input":{"@type":"PropertyValueSpecification","valueRequired":true,"valueName":"search_term_string"}}],"inLanguage":"es"},{"@type":"Organization","@id":"https:\/\/www.laguiadepamplona.com\/actualidad\/#organization","name":"La Gu\u00eda de Pamplona \/ Noticias","url":"https:\/\/www.laguiadepamplona.com\/actualidad\/","logo":{"@type":"ImageObject","inLanguage":"es","@id":"https:\/\/www.laguiadepamplona.com\/actualidad\/#\/schema\/logo\/image\/","url":"https:\/\/www.laguiadepamplona.com\/actualidad\/wp-content\/uploads\/2018\/11\/logo-laguiadepamplona18-web1.png","contentUrl":"https:\/\/www.laguiadepamplona.com\/actualidad\/wp-content\/uploads\/2018\/11\/logo-laguiadepamplona18-web1.png","width":600,"height":196,"caption":"La Gu\u00eda de Pamplona \/ Noticias"},"image":{"@id":"https:\/\/www.laguiadepamplona.com\/actualidad\/#\/schema\/logo\/image\/"},"sameAs":["https:\/\/www.facebook.com\/laguiadepamplonacom-133175176762273\/?ref=hl","https:\/\/x.com\/LaGuiadPamplona","https:\/\/www.instagram.com\/la_guia_de_pamplona\/","https:\/\/www.youtube.com\/user\/laguiadepamplona"]},{"@type":"Person","@id":"https:\/\/www.laguiadepamplona.com\/actualidad\/#\/schema\/person\/efe887376f0213d4657c93adc50b1fdb","name":"La Gu\u00eda de Pamplona","image":{"@type":"ImageObject","inLanguage":"es","@id":"https:\/\/secure.gravatar.com\/avatar\/b6992f131dc8d30ab0dff15446e9d346d9dbd95992de0fef795073f5ea83a81c?s=96&d=mm&r=g","url":"https:\/\/secure.gravatar.com\/avatar\/b6992f131dc8d30ab0dff15446e9d346d9dbd95992de0fef795073f5ea83a81c?s=96&d=mm&r=g","contentUrl":"https:\/\/secure.gravatar.com\/avatar\/b6992f131dc8d30ab0dff15446e9d346d9dbd95992de0fef795073f5ea83a81c?s=96&d=mm&r=g","caption":"La Gu\u00eda de Pamplona"}}]}},"post_mailing_queue_ids":[],"_links":{"self":[{"href":"https:\/\/www.laguiadepamplona.com\/actualidad\/wp-json\/wp\/v2\/posts\/52237","targetHints":{"allow":["GET"]}}],"collection":[{"href":"https:\/\/www.laguiadepamplona.com\/actualidad\/wp-json\/wp\/v2\/posts"}],"about":[{"href":"https:\/\/www.laguiadepamplona.com\/actualidad\/wp-json\/wp\/v2\/types\/post"}],"author":[{"embeddable":true,"href":"https:\/\/www.laguiadepamplona.com\/actualidad\/wp-json\/wp\/v2\/users\/1"}],"replies":[{"embeddable":true,"href":"https:\/\/www.laguiadepamplona.com\/actualidad\/wp-json\/wp\/v2\/comments?post=52237"}],"version-history":[{"count":1,"href":"https:\/\/www.laguiadepamplona.com\/actualidad\/wp-json\/wp\/v2\/posts\/52237\/revisions"}],"predecessor-version":[{"id":52238,"href":"https:\/\/www.laguiadepamplona.com\/actualidad\/wp-json\/wp\/v2\/posts\/52237\/revisions\/52238"}],"wp:featuredmedia":[{"embeddable":true,"href":"https:\/\/www.laguiadepamplona.com\/actualidad\/wp-json\/wp\/v2\/media\/52167"}],"wp:attachment":[{"href":"https:\/\/www.laguiadepamplona.com\/actualidad\/wp-json\/wp\/v2\/media?parent=52237"}],"wp:term":[{"taxonomy":"category","embeddable":true,"href":"https:\/\/www.laguiadepamplona.com\/actualidad\/wp-json\/wp\/v2\/categories?post=52237"},{"taxonomy":"post_tag","embeddable":true,"href":"https:\/\/www.laguiadepamplona.com\/actualidad\/wp-json\/wp\/v2\/tags?post=52237"}],"curies":[{"name":"wp","href":"https:\/\/api.w.org\/{rel}","templated":true}]}}