{"id":52231,"date":"2025-02-27T20:46:48","date_gmt":"2025-02-27T18:46:48","guid":{"rendered":"https:\/\/www.laguiadepamplona.com\/actualidad\/?p=52231"},"modified":"2025-02-27T20:46:48","modified_gmt":"2025-02-27T18:46:48","slug":"diez-propuestas-conforman-la-quinta-edicion-de-femkultur-el-festival-interdisciplinar-que-reivindica-la-presencia-de-las-mujeres-en-la-creacion-artistica-actual","status":"publish","type":"post","link":"https:\/\/www.laguiadepamplona.com\/actualidad\/diez-propuestas-conforman-la-quinta-edicion-de-femkultur-el-festival-interdisciplinar-que-reivindica-la-presencia-de-las-mujeres-en-la-creacion-artistica-actual\/","title":{"rendered":"Diez propuestas conforman la quinta edici\u00f3n de Femkultur, el festival interdisciplinar que reivindica la presencia de las mujeres en la creaci\u00f3n art\u00edstica actual"},"content":{"rendered":"<h2>Civivox Iturrama y Civivox Condestable acogen, del 1 al 16 de marzo, obras de teatro, danza, cine, talleres y una exposici\u00f3n de creadoras de referencia<\/h2>\n<p><!--more--><\/p>\n<p>La quinta edici\u00f3n del festival interdisciplinar Femkultur se desarrolla del 1 al 16 de marzo, con diez propuestas de seis artistas que reivindican la presencia de las mujeres en la creaci\u00f3n art\u00edstica contempor\u00e1nea y su papel como generadoras de arte. El festival da voz a creadoras de referencia desde lo local hasta lo internacional para que, a trav\u00e9s de sus propuestas art\u00edsticas y laboratorios creativos, muestren su trabajo y su proceso creativo, adem\u00e1s de reflexionar sobre su experiencia en la creaci\u00f3n contempor\u00e1nea.<\/p>\n<p>Las seis protagonistas de este a\u00f1o son la actriz creadora y educadora social Irene Fern\u00e1ndez Ar\u00e9valo, y la bailarina, equilibrista y clown Xandra Guti\u00e9rrez, integrantes de Las chicas del barro; la creadora, directora y pedagoga Eva Guerrero, de Doos Colectivo; la investigadora en artes esc\u00e9nicas, pedagog\u00eda e ilusionismo Macarena Recuerda Shepherd; la directora, guionista y productora Andrea Jaurrieta; y la artista visual, escultura y pintora Txaro Fontalba. Todas ellas mostrar\u00e1n su obra en Civivox Iturrama o Civivox Condestable.<\/p>\n<p>La obra que inaugura el programa, en Civivox Iturrama, es \u2018Cos(i)ficades\u2019, un espect\u00e1culo de teatro de las catalanas Las chicas del barro, Irene Fern\u00e1ndez-Ar\u00e9valo y Xandra Guti\u00e9rrez. La obra se representa el domingo 2, a las 19 horas, y se dirige a mayores de 18 a\u00f1os, con entradas a 3 euros. Se trata de un espect\u00e1culo que, a partir del barro, el circo, la danza, el teatro, la m\u00fasica en vivo y el humor, transporta al p\u00fablico a un universo donde poder hablar sobre el cuerpo sin tab\u00faes.<\/p>\n<p>Las mismas artistas ofrecen el lunes 3 un taller vivencial de teatro, en la Sala G\u00f3tica de Civivox Condestable, en horario de 17 a 20 horas, con el t\u00edtulo \u2018Cuerpos en tierra. Reconstrucci\u00f3n colectiva desde el barro y el movimiento\u2019. El taller se dirige a mayores de 18 a\u00f1os, sin que sea necesaria la experiencia previa, para reflexionar sobre los cuerpos y la aceptaci\u00f3n, desde la exploraci\u00f3n y creaci\u00f3n colectivas. El taller es gratuito, con inscripci\u00f3n previa.<\/p>\n<p>La siguiente cita del programa es otro taller art\u00edstico, que llega de la mano de la artista pamplonesa Txaro Fontalba, el mi\u00e9rcoles 5, de 18 a 20.30 horas. Este taller gratuito, para el que no se precisa experiencia previa pero s\u00ed ser mayor de 18 a\u00f1os, acompa\u00f1a a la exposici\u00f3n \u2018Clitoria\u2019, que se ofrece del 1 al 16 de marzo en el zagu\u00e1n de Civivox Condestable. El taller busca el di\u00e1logo en torno a la instalaci\u00f3n, junto a F\u00e1tima Djara, fundadora de la asociaci\u00f3n Dunia Musso y que abordar\u00e1 el tema de la mutilaci\u00f3n genital femenina. Desde la pr\u00e1ctica art\u00edstica, el taller invita a reflexionar sobre el placer y la libertad femenina como algo fascinante y peligroso en nuestro tiempo.<\/p>\n<p>Para conocer m\u00e1s a fondo la exposici\u00f3n \u2018Clitoria\u2019, de Txaro Fontalba, Femkultur ofrece una visita guiada gratuita el viernes 7, a las 19 horas, con entrada libre hasta completar aforo, para personas mayores de 18 a\u00f1os. La exposici\u00f3n es un proyecto experimental de simbolizaci\u00f3n y celebraci\u00f3n del placer femenino, centrado particularmente en el cl\u00edtoris, un \u00f3rgano hist\u00f3ricamente invisibilizado, simb\u00f3licamente negado y, en ciertos lugares, f\u00edsicamente mutilado.<\/p>\n<p><strong>Cine, danza y taller de movimiento<\/strong><\/p>\n<p>Otra creadora navarra, la directora, guionista y productora de cine Andrea Jaurrieta, muestra su \u00faltima pel\u00edcula, \u2018Nina\u2019, premio de la Cr\u00edtica en el Festival de M\u00e1laga 2024, el jueves 6, a las 18.30, en Civivox Condestable. La proyecci\u00f3n de este western, gratuita con inscripci\u00f3n previa y dirigida a personas mayores de 16 a\u00f1os, se completa con un encuentro con el p\u00fablico en el que participa la directora pamplonesa.<\/p>\n<p>El domingo 9, a las 19 horas, la danza llega a Civivox Iturrama, con el espect\u00e1culo \u2018Tierra de nadie\u2019, de la creadora Eva Guerrero, quien parte del concepto tierra de nadie para aplicarlo al espacio entre los cuerpos. La representaci\u00f3n, con entradas a 3 euros, se dirige a mayores de 18 a\u00f1os. Posteriormente, el mi\u00e9rcoles 12, de 18 a 20 horas en Civivox Condestable, la misma autora ofrece el taller de danza gratuito \u2018Cuerpo a trav\u00e9s, cuerpo alrededor. Manipulaci\u00f3n, articulaciones e impro\u2019, en el que comparte su visi\u00f3n del movimiento y sus herramientas de creaci\u00f3n: manipulaci\u00f3n, trabajo de percepci\u00f3n, movimiento sin a\u00f1adidos, l\u00edmites articulares, improvisaci\u00f3n&#8230; El taller, dirigido a mayores de 18 a\u00f1os, no precisa experiencia previa.<\/p>\n<p>La \u00faltima cita de Femkultur 2025 es doble, el s\u00e1bado 15 de marzo, en Civivox Iturrama, con los nuevos lenguajes de la investigadora vasca Macarena Recuerda Shepherd. Por la ma\u00f1ana, de 12 a 13 horas, la creadora ofrece un taller gratuito de ilusionismo a trav\u00e9s del cuerpo, para ni\u00f1as y ni\u00f1os de 6 a 12 a\u00f1os, que requiere inscripci\u00f3n previa. En el taller se construyen, como si fuera una ilusi\u00f3n, cuerpos ficcionados, con medidas y extremidades distintas de las habituales. Por la tarde, a las 18.30, se programa \u2018The watching machine (La m\u00e1quina de mirar)\u2019, espect\u00e1culo con entradas a 3 euros que juega con la luz, las sombras y los reflejos para experimentar qu\u00e9 es ilusi\u00f3n, qu\u00e9 es representaci\u00f3n y qu\u00e9 es convenci\u00f3n teatral. Esta obra apta para todos los p\u00fablicos recibi\u00f3 el premio FETEN 2023.<\/p>\n<p>&nbsp;<\/p>\n<h3>Femkultur 2025. Del 1 al 16 de marzo. Civivox Iturrama y Civivox Condestable<\/h3>\n<ul>\n<li><strong>Del 1 al 16 de marzo, Civivox Condestable (zagu\u00e1n):<\/strong>\n<ul>\n<li>\u2018Clitoria\u2019. Exposici\u00f3n<\/li>\n<li>Artista: Txaro Fontalba<\/li>\n<li>Entrada gratuita<\/li>\n<\/ul>\n<\/li>\n<li><strong>Domingo 2 de marzo, 19 horas, Civivox Iturrama:<\/strong>\n<ul>\n<li>\u2018Cos(i)ficades\u2019. Teatro<\/li>\n<li>Artistas: Irene Fern\u00e1ndez-Ar\u00e9valo y Xandra Guti\u00e9rrez. Las chicas del barro (Catalunya)<\/li>\n<li>Entradas: 3 euros. Con inscripci\u00f3n previa<\/li>\n<li>Actividad para mayores de 18 a\u00f1os<\/li>\n<\/ul>\n<\/li>\n<li><strong>Lunes 3 de marzo, 17.00-20.00 horas, Civivox Condestable:<\/strong>\n<ul>\n<li>\u2018Cuerpos en tierra. Reconstrucci\u00f3n colectiva desde el barro y el movimiento\u2019. Taller de teatro (no se requiere experiencia previa)<\/li>\n<li>Artistas: Irene Fern\u00e1ndez-Ar\u00e9valo y Xandra Guti\u00e9rrez. Las chicas del barro (Catalunya)<\/li>\n<li>Gratuito, con inscripci\u00f3n previa<\/li>\n<li>Actividad para mayores de 18 a\u00f1os<\/li>\n<\/ul>\n<\/li>\n<li><strong>Mi\u00e9rcoles 5 de marzo, 18.00-20.30 horas, Civivox Condestable:<\/strong>\n<ul>\n<li>\u2018El coraz\u00f3n pide placer, primero\u2019.\u00a0 Taller art\u00edstico (no se requiere experiencia previa)<\/li>\n<li>Artista: Txaro Fontalba<\/li>\n<li>Gratuito, con inscripci\u00f3n previa<\/li>\n<li>Actividad para mayores de 18 a\u00f1os<\/li>\n<\/ul>\n<\/li>\n<li><strong>Jueves 6 de marzo, 18.30 horas, Civivox Condestable:<\/strong>\n<ul>\n<li>\u2018Nina\u2019. Cinef\u00f3rum (proyecci\u00f3n y coloquio)<\/li>\n<li>Artista: Andrea Jaurrieta. Dinamiza: Olatz Ovejero<\/li>\n<li>Gratuito, con inscripci\u00f3n previa<\/li>\n<li>A partir de 16 a\u00f1os<\/li>\n<\/ul>\n<\/li>\n<li><strong>Viernes 7 de marzo, 19 horas, Civivox Condestable:<\/strong>\n<ul>\n<li>Visita guiada a la exposici\u00f3n \u2018Clitoria\u2019<\/li>\n<li>Artista: Txaro Fontalba<\/li>\n<li>Entrada libre hasta completar aforo<\/li>\n<li>Actividad para mayores de 18 a\u00f1os<\/li>\n<\/ul>\n<\/li>\n<li><strong>Domingo 9 de marzo, 19 horas, Civivox Iturrama:<\/strong>\n<ul>\n<li>\u2018Tierra de nadie\u2019. Danza<\/li>\n<li>Artista: Eva Guerrero<\/li>\n<li>Entradas: 3 euros. Con inscripci\u00f3n previa<\/li>\n<li>Actividad para mayores de 18 a\u00f1os<\/li>\n<\/ul>\n<\/li>\n<li><strong>Mi\u00e9rcoles 12 de marzo, 18.00-20.00 horas, Civivox Condestable:<\/strong>\n<ul>\n<li>\u2018Cuerpo a trav\u00e9s, cuerpo alrededor. Manipulaci\u00f3n, articulaciones e impro\u2019. Taller de danza (no se requiere experiencia previa)<\/li>\n<li>Artista: Eva Guerrero<\/li>\n<li>Gratuito, con inscripci\u00f3n previa<\/li>\n<li>Actividad para mayores de 18 a\u00f1os<\/li>\n<\/ul>\n<\/li>\n<li><strong>S\u00e1bado 15 de marzo, 12.00-13.00 horas, Civivox Iturrama<\/strong>\n<ul>\n<li>Ilusionismo a trav\u00e9s del cuerpo. Taller de ilusionismo<\/li>\n<li>Artista: Macarena Recuerda Shepherd<\/li>\n<li>Gratuito, con inscripci\u00f3n previa<\/li>\n<li>Dirigido a ni\u00f1as y ni\u00f1os de 6 a 12 a\u00f1os<\/li>\n<\/ul>\n<\/li>\n<li><strong>S\u00e1bado 15 de marzo, 18.30, Civivox Iturrama<\/strong>\n<ul>\n<li>\u2018The watching machine (La m\u00e1quina de mirar)\u2019. Nuevos lenguajes<\/li>\n<li>Artista: Macarena Recuerda Shepherd<\/li>\n<li>Entradas: 3 euros. Con inscripci\u00f3n previa<\/li>\n<li>Para p\u00fablico a partir de 6 a\u00f1os<\/li>\n<\/ul>\n<\/li>\n<\/ul>\n","protected":false},"excerpt":{"rendered":"<p>Civivox Iturrama y Civivox Condestable acogen, del 1 al 16 de marzo, obras de teatro, danza, cine, talleres y una exposici\u00f3n de creadoras de referencia<\/p>\n","protected":false},"author":1,"featured_media":52232,"comment_status":"open","ping_status":"closed","sticky":false,"template":"","format":"standard","meta":{"footnotes":""},"categories":[2],"tags":[],"class_list":["post-52231","post","type-post","status-publish","format-standard","has-post-thumbnail","hentry","category-ayuntamiento-pamplona"],"yoast_head":"<!-- This site is optimized with the Yoast SEO plugin v27.3 - https:\/\/yoast.com\/product\/yoast-seo-wordpress\/ -->\n<title>Diez propuestas conforman la quinta edici\u00f3n de Femkultur, el festival interdisciplinar que reivindica la presencia de las mujeres en la creaci\u00f3n art\u00edstica actual<\/title>\n<meta name=\"description\" content=\"Civivox Iturrama y Civivox Condestable acogen, del 1 al 16 de marzo, obras de teatro, danza, cine, talleres y una exposici\u00f3n de creadoras de referencia\" \/>\n<meta name=\"robots\" content=\"index, follow, max-snippet:-1, max-image-preview:large, max-video-preview:-1\" \/>\n<link rel=\"canonical\" href=\"https:\/\/www.laguiadepamplona.com\/actualidad\/diez-propuestas-conforman-la-quinta-edicion-de-femkultur-el-festival-interdisciplinar-que-reivindica-la-presencia-de-las-mujeres-en-la-creacion-artistica-actual\/\" \/>\n<meta property=\"og:locale\" content=\"es_ES\" \/>\n<meta property=\"og:type\" content=\"article\" \/>\n<meta property=\"og:title\" content=\"Diez propuestas conforman la quinta edici\u00f3n de Femkultur, el festival interdisciplinar que reivindica la presencia de las mujeres en la creaci\u00f3n art\u00edstica actual\" \/>\n<meta property=\"og:description\" content=\"Civivox Iturrama y Civivox Condestable acogen, del 1 al 16 de marzo, obras de teatro, danza, cine, talleres y una exposici\u00f3n de creadoras de referencia\" \/>\n<meta property=\"og:url\" content=\"https:\/\/www.laguiadepamplona.com\/actualidad\/diez-propuestas-conforman-la-quinta-edicion-de-femkultur-el-festival-interdisciplinar-que-reivindica-la-presencia-de-las-mujeres-en-la-creacion-artistica-actual\/\" \/>\n<meta property=\"og:site_name\" content=\"La Gu\u00eda de Pamplona\" \/>\n<meta property=\"article:publisher\" content=\"https:\/\/www.facebook.com\/laguiadepamplonacom-133175176762273\/?ref=hl\" \/>\n<meta property=\"article:published_time\" content=\"2025-02-27T18:46:48+00:00\" \/>\n<meta property=\"og:image\" content=\"https:\/\/www.laguiadepamplona.com\/actualidad\/wp-content\/uploads\/2025\/02\/FemCultur_web_0.webp\" \/>\n\t<meta property=\"og:image:width\" content=\"1000\" \/>\n\t<meta property=\"og:image:height\" content=\"828\" \/>\n\t<meta property=\"og:image:type\" content=\"image\/webp\" \/>\n<meta name=\"author\" content=\"La Gu\u00eda de Pamplona\" \/>\n<meta name=\"twitter:card\" content=\"summary_large_image\" \/>\n<meta name=\"twitter:creator\" content=\"@LaGuiadPamplona\" \/>\n<meta name=\"twitter:site\" content=\"@LaGuiadPamplona\" \/>\n<meta name=\"twitter:label1\" content=\"Escrito por\" \/>\n\t<meta name=\"twitter:data1\" content=\"La Gu\u00eda de Pamplona\" \/>\n\t<meta name=\"twitter:label2\" content=\"Tiempo de lectura\" \/>\n\t<meta name=\"twitter:data2\" content=\"6 minutos\" \/>\n<script type=\"application\/ld+json\" class=\"yoast-schema-graph\">{\"@context\":\"https:\\\/\\\/schema.org\",\"@graph\":[{\"@type\":\"Article\",\"@id\":\"https:\\\/\\\/www.laguiadepamplona.com\\\/actualidad\\\/diez-propuestas-conforman-la-quinta-edicion-de-femkultur-el-festival-interdisciplinar-que-reivindica-la-presencia-de-las-mujeres-en-la-creacion-artistica-actual\\\/#article\",\"isPartOf\":{\"@id\":\"https:\\\/\\\/www.laguiadepamplona.com\\\/actualidad\\\/diez-propuestas-conforman-la-quinta-edicion-de-femkultur-el-festival-interdisciplinar-que-reivindica-la-presencia-de-las-mujeres-en-la-creacion-artistica-actual\\\/\"},\"author\":{\"name\":\"La Gu\u00eda de Pamplona\",\"@id\":\"https:\\\/\\\/www.laguiadepamplona.com\\\/actualidad\\\/#\\\/schema\\\/person\\\/efe887376f0213d4657c93adc50b1fdb\"},\"headline\":\"Diez propuestas conforman la quinta edici\u00f3n de Femkultur, el festival interdisciplinar que reivindica la presencia de las mujeres en la creaci\u00f3n art\u00edstica actual\",\"datePublished\":\"2025-02-27T18:46:48+00:00\",\"mainEntityOfPage\":{\"@id\":\"https:\\\/\\\/www.laguiadepamplona.com\\\/actualidad\\\/diez-propuestas-conforman-la-quinta-edicion-de-femkultur-el-festival-interdisciplinar-que-reivindica-la-presencia-de-las-mujeres-en-la-creacion-artistica-actual\\\/\"},\"wordCount\":1285,\"commentCount\":0,\"publisher\":{\"@id\":\"https:\\\/\\\/www.laguiadepamplona.com\\\/actualidad\\\/#organization\"},\"image\":{\"@id\":\"https:\\\/\\\/www.laguiadepamplona.com\\\/actualidad\\\/diez-propuestas-conforman-la-quinta-edicion-de-femkultur-el-festival-interdisciplinar-que-reivindica-la-presencia-de-las-mujeres-en-la-creacion-artistica-actual\\\/#primaryimage\"},\"thumbnailUrl\":\"https:\\\/\\\/www.laguiadepamplona.com\\\/actualidad\\\/wp-content\\\/uploads\\\/2025\\\/02\\\/FemCultur_web_0.webp\",\"articleSection\":[\"Ayto Pamplona\"],\"inLanguage\":\"es\",\"potentialAction\":[{\"@type\":\"CommentAction\",\"name\":\"Comment\",\"target\":[\"https:\\\/\\\/www.laguiadepamplona.com\\\/actualidad\\\/diez-propuestas-conforman-la-quinta-edicion-de-femkultur-el-festival-interdisciplinar-que-reivindica-la-presencia-de-las-mujeres-en-la-creacion-artistica-actual\\\/#respond\"]}]},{\"@type\":\"WebPage\",\"@id\":\"https:\\\/\\\/www.laguiadepamplona.com\\\/actualidad\\\/diez-propuestas-conforman-la-quinta-edicion-de-femkultur-el-festival-interdisciplinar-que-reivindica-la-presencia-de-las-mujeres-en-la-creacion-artistica-actual\\\/\",\"url\":\"https:\\\/\\\/www.laguiadepamplona.com\\\/actualidad\\\/diez-propuestas-conforman-la-quinta-edicion-de-femkultur-el-festival-interdisciplinar-que-reivindica-la-presencia-de-las-mujeres-en-la-creacion-artistica-actual\\\/\",\"name\":\"Diez propuestas conforman la quinta edici\u00f3n de Femkultur, el festival interdisciplinar que reivindica la presencia de las mujeres en la creaci\u00f3n art\u00edstica actual\",\"isPartOf\":{\"@id\":\"https:\\\/\\\/www.laguiadepamplona.com\\\/actualidad\\\/#website\"},\"primaryImageOfPage\":{\"@id\":\"https:\\\/\\\/www.laguiadepamplona.com\\\/actualidad\\\/diez-propuestas-conforman-la-quinta-edicion-de-femkultur-el-festival-interdisciplinar-que-reivindica-la-presencia-de-las-mujeres-en-la-creacion-artistica-actual\\\/#primaryimage\"},\"image\":{\"@id\":\"https:\\\/\\\/www.laguiadepamplona.com\\\/actualidad\\\/diez-propuestas-conforman-la-quinta-edicion-de-femkultur-el-festival-interdisciplinar-que-reivindica-la-presencia-de-las-mujeres-en-la-creacion-artistica-actual\\\/#primaryimage\"},\"thumbnailUrl\":\"https:\\\/\\\/www.laguiadepamplona.com\\\/actualidad\\\/wp-content\\\/uploads\\\/2025\\\/02\\\/FemCultur_web_0.webp\",\"datePublished\":\"2025-02-27T18:46:48+00:00\",\"description\":\"Civivox Iturrama y Civivox Condestable acogen, del 1 al 16 de marzo, obras de teatro, danza, cine, talleres y una exposici\u00f3n de creadoras de referencia\",\"breadcrumb\":{\"@id\":\"https:\\\/\\\/www.laguiadepamplona.com\\\/actualidad\\\/diez-propuestas-conforman-la-quinta-edicion-de-femkultur-el-festival-interdisciplinar-que-reivindica-la-presencia-de-las-mujeres-en-la-creacion-artistica-actual\\\/#breadcrumb\"},\"inLanguage\":\"es\",\"potentialAction\":[{\"@type\":\"ReadAction\",\"target\":[\"https:\\\/\\\/www.laguiadepamplona.com\\\/actualidad\\\/diez-propuestas-conforman-la-quinta-edicion-de-femkultur-el-festival-interdisciplinar-que-reivindica-la-presencia-de-las-mujeres-en-la-creacion-artistica-actual\\\/\"]}]},{\"@type\":\"ImageObject\",\"inLanguage\":\"es\",\"@id\":\"https:\\\/\\\/www.laguiadepamplona.com\\\/actualidad\\\/diez-propuestas-conforman-la-quinta-edicion-de-femkultur-el-festival-interdisciplinar-que-reivindica-la-presencia-de-las-mujeres-en-la-creacion-artistica-actual\\\/#primaryimage\",\"url\":\"https:\\\/\\\/www.laguiadepamplona.com\\\/actualidad\\\/wp-content\\\/uploads\\\/2025\\\/02\\\/FemCultur_web_0.webp\",\"contentUrl\":\"https:\\\/\\\/www.laguiadepamplona.com\\\/actualidad\\\/wp-content\\\/uploads\\\/2025\\\/02\\\/FemCultur_web_0.webp\",\"width\":1000,\"height\":828,\"caption\":\"Femcultur\"},{\"@type\":\"BreadcrumbList\",\"@id\":\"https:\\\/\\\/www.laguiadepamplona.com\\\/actualidad\\\/diez-propuestas-conforman-la-quinta-edicion-de-femkultur-el-festival-interdisciplinar-que-reivindica-la-presencia-de-las-mujeres-en-la-creacion-artistica-actual\\\/#breadcrumb\",\"itemListElement\":[{\"@type\":\"ListItem\",\"position\":1,\"name\":\"Portada\",\"item\":\"https:\\\/\\\/www.laguiadepamplona.com\\\/actualidad\\\/\"},{\"@type\":\"ListItem\",\"position\":2,\"name\":\"Diez propuestas conforman la quinta edici\u00f3n de Femkultur, el festival interdisciplinar que reivindica la presencia de las mujeres en la creaci\u00f3n art\u00edstica actual\"}]},{\"@type\":\"WebSite\",\"@id\":\"https:\\\/\\\/www.laguiadepamplona.com\\\/actualidad\\\/#website\",\"url\":\"https:\\\/\\\/www.laguiadepamplona.com\\\/actualidad\\\/\",\"name\":\"La gu\u00eda de Pamplona\",\"description\":\"Noticias de Pamplona\",\"publisher\":{\"@id\":\"https:\\\/\\\/www.laguiadepamplona.com\\\/actualidad\\\/#organization\"},\"potentialAction\":[{\"@type\":\"SearchAction\",\"target\":{\"@type\":\"EntryPoint\",\"urlTemplate\":\"https:\\\/\\\/www.laguiadepamplona.com\\\/actualidad\\\/?s={search_term_string}\"},\"query-input\":{\"@type\":\"PropertyValueSpecification\",\"valueRequired\":true,\"valueName\":\"search_term_string\"}}],\"inLanguage\":\"es\"},{\"@type\":\"Organization\",\"@id\":\"https:\\\/\\\/www.laguiadepamplona.com\\\/actualidad\\\/#organization\",\"name\":\"La Gu\u00eda de Pamplona \\\/ Noticias\",\"url\":\"https:\\\/\\\/www.laguiadepamplona.com\\\/actualidad\\\/\",\"logo\":{\"@type\":\"ImageObject\",\"inLanguage\":\"es\",\"@id\":\"https:\\\/\\\/www.laguiadepamplona.com\\\/actualidad\\\/#\\\/schema\\\/logo\\\/image\\\/\",\"url\":\"https:\\\/\\\/www.laguiadepamplona.com\\\/actualidad\\\/wp-content\\\/uploads\\\/2018\\\/11\\\/logo-laguiadepamplona18-web1.png\",\"contentUrl\":\"https:\\\/\\\/www.laguiadepamplona.com\\\/actualidad\\\/wp-content\\\/uploads\\\/2018\\\/11\\\/logo-laguiadepamplona18-web1.png\",\"width\":600,\"height\":196,\"caption\":\"La Gu\u00eda de Pamplona \\\/ Noticias\"},\"image\":{\"@id\":\"https:\\\/\\\/www.laguiadepamplona.com\\\/actualidad\\\/#\\\/schema\\\/logo\\\/image\\\/\"},\"sameAs\":[\"https:\\\/\\\/www.facebook.com\\\/laguiadepamplonacom-133175176762273\\\/?ref=hl\",\"https:\\\/\\\/x.com\\\/LaGuiadPamplona\",\"https:\\\/\\\/www.instagram.com\\\/la_guia_de_pamplona\\\/\",\"https:\\\/\\\/www.youtube.com\\\/user\\\/laguiadepamplona\"]},{\"@type\":\"Person\",\"@id\":\"https:\\\/\\\/www.laguiadepamplona.com\\\/actualidad\\\/#\\\/schema\\\/person\\\/efe887376f0213d4657c93adc50b1fdb\",\"name\":\"La Gu\u00eda de Pamplona\",\"image\":{\"@type\":\"ImageObject\",\"inLanguage\":\"es\",\"@id\":\"https:\\\/\\\/secure.gravatar.com\\\/avatar\\\/b6992f131dc8d30ab0dff15446e9d346d9dbd95992de0fef795073f5ea83a81c?s=96&d=mm&r=g\",\"url\":\"https:\\\/\\\/secure.gravatar.com\\\/avatar\\\/b6992f131dc8d30ab0dff15446e9d346d9dbd95992de0fef795073f5ea83a81c?s=96&d=mm&r=g\",\"contentUrl\":\"https:\\\/\\\/secure.gravatar.com\\\/avatar\\\/b6992f131dc8d30ab0dff15446e9d346d9dbd95992de0fef795073f5ea83a81c?s=96&d=mm&r=g\",\"caption\":\"La Gu\u00eda de Pamplona\"}}]}<\/script>\n<!-- \/ Yoast SEO plugin. -->","yoast_head_json":{"title":"Diez propuestas conforman la quinta edici\u00f3n de Femkultur, el festival interdisciplinar que reivindica la presencia de las mujeres en la creaci\u00f3n art\u00edstica actual","description":"Civivox Iturrama y Civivox Condestable acogen, del 1 al 16 de marzo, obras de teatro, danza, cine, talleres y una exposici\u00f3n de creadoras de referencia","robots":{"index":"index","follow":"follow","max-snippet":"max-snippet:-1","max-image-preview":"max-image-preview:large","max-video-preview":"max-video-preview:-1"},"canonical":"https:\/\/www.laguiadepamplona.com\/actualidad\/diez-propuestas-conforman-la-quinta-edicion-de-femkultur-el-festival-interdisciplinar-que-reivindica-la-presencia-de-las-mujeres-en-la-creacion-artistica-actual\/","og_locale":"es_ES","og_type":"article","og_title":"Diez propuestas conforman la quinta edici\u00f3n de Femkultur, el festival interdisciplinar que reivindica la presencia de las mujeres en la creaci\u00f3n art\u00edstica actual","og_description":"Civivox Iturrama y Civivox Condestable acogen, del 1 al 16 de marzo, obras de teatro, danza, cine, talleres y una exposici\u00f3n de creadoras de referencia","og_url":"https:\/\/www.laguiadepamplona.com\/actualidad\/diez-propuestas-conforman-la-quinta-edicion-de-femkultur-el-festival-interdisciplinar-que-reivindica-la-presencia-de-las-mujeres-en-la-creacion-artistica-actual\/","og_site_name":"La Gu\u00eda de Pamplona","article_publisher":"https:\/\/www.facebook.com\/laguiadepamplonacom-133175176762273\/?ref=hl","article_published_time":"2025-02-27T18:46:48+00:00","og_image":[{"width":1000,"height":828,"url":"https:\/\/www.laguiadepamplona.com\/actualidad\/wp-content\/uploads\/2025\/02\/FemCultur_web_0.webp","type":"image\/webp"}],"author":"La Gu\u00eda de Pamplona","twitter_card":"summary_large_image","twitter_creator":"@LaGuiadPamplona","twitter_site":"@LaGuiadPamplona","twitter_misc":{"Escrito por":"La Gu\u00eda de Pamplona","Tiempo de lectura":"6 minutos"},"schema":{"@context":"https:\/\/schema.org","@graph":[{"@type":"Article","@id":"https:\/\/www.laguiadepamplona.com\/actualidad\/diez-propuestas-conforman-la-quinta-edicion-de-femkultur-el-festival-interdisciplinar-que-reivindica-la-presencia-de-las-mujeres-en-la-creacion-artistica-actual\/#article","isPartOf":{"@id":"https:\/\/www.laguiadepamplona.com\/actualidad\/diez-propuestas-conforman-la-quinta-edicion-de-femkultur-el-festival-interdisciplinar-que-reivindica-la-presencia-de-las-mujeres-en-la-creacion-artistica-actual\/"},"author":{"name":"La Gu\u00eda de Pamplona","@id":"https:\/\/www.laguiadepamplona.com\/actualidad\/#\/schema\/person\/efe887376f0213d4657c93adc50b1fdb"},"headline":"Diez propuestas conforman la quinta edici\u00f3n de Femkultur, el festival interdisciplinar que reivindica la presencia de las mujeres en la creaci\u00f3n art\u00edstica actual","datePublished":"2025-02-27T18:46:48+00:00","mainEntityOfPage":{"@id":"https:\/\/www.laguiadepamplona.com\/actualidad\/diez-propuestas-conforman-la-quinta-edicion-de-femkultur-el-festival-interdisciplinar-que-reivindica-la-presencia-de-las-mujeres-en-la-creacion-artistica-actual\/"},"wordCount":1285,"commentCount":0,"publisher":{"@id":"https:\/\/www.laguiadepamplona.com\/actualidad\/#organization"},"image":{"@id":"https:\/\/www.laguiadepamplona.com\/actualidad\/diez-propuestas-conforman-la-quinta-edicion-de-femkultur-el-festival-interdisciplinar-que-reivindica-la-presencia-de-las-mujeres-en-la-creacion-artistica-actual\/#primaryimage"},"thumbnailUrl":"https:\/\/www.laguiadepamplona.com\/actualidad\/wp-content\/uploads\/2025\/02\/FemCultur_web_0.webp","articleSection":["Ayto Pamplona"],"inLanguage":"es","potentialAction":[{"@type":"CommentAction","name":"Comment","target":["https:\/\/www.laguiadepamplona.com\/actualidad\/diez-propuestas-conforman-la-quinta-edicion-de-femkultur-el-festival-interdisciplinar-que-reivindica-la-presencia-de-las-mujeres-en-la-creacion-artistica-actual\/#respond"]}]},{"@type":"WebPage","@id":"https:\/\/www.laguiadepamplona.com\/actualidad\/diez-propuestas-conforman-la-quinta-edicion-de-femkultur-el-festival-interdisciplinar-que-reivindica-la-presencia-de-las-mujeres-en-la-creacion-artistica-actual\/","url":"https:\/\/www.laguiadepamplona.com\/actualidad\/diez-propuestas-conforman-la-quinta-edicion-de-femkultur-el-festival-interdisciplinar-que-reivindica-la-presencia-de-las-mujeres-en-la-creacion-artistica-actual\/","name":"Diez propuestas conforman la quinta edici\u00f3n de Femkultur, el festival interdisciplinar que reivindica la presencia de las mujeres en la creaci\u00f3n art\u00edstica actual","isPartOf":{"@id":"https:\/\/www.laguiadepamplona.com\/actualidad\/#website"},"primaryImageOfPage":{"@id":"https:\/\/www.laguiadepamplona.com\/actualidad\/diez-propuestas-conforman-la-quinta-edicion-de-femkultur-el-festival-interdisciplinar-que-reivindica-la-presencia-de-las-mujeres-en-la-creacion-artistica-actual\/#primaryimage"},"image":{"@id":"https:\/\/www.laguiadepamplona.com\/actualidad\/diez-propuestas-conforman-la-quinta-edicion-de-femkultur-el-festival-interdisciplinar-que-reivindica-la-presencia-de-las-mujeres-en-la-creacion-artistica-actual\/#primaryimage"},"thumbnailUrl":"https:\/\/www.laguiadepamplona.com\/actualidad\/wp-content\/uploads\/2025\/02\/FemCultur_web_0.webp","datePublished":"2025-02-27T18:46:48+00:00","description":"Civivox Iturrama y Civivox Condestable acogen, del 1 al 16 de marzo, obras de teatro, danza, cine, talleres y una exposici\u00f3n de creadoras de referencia","breadcrumb":{"@id":"https:\/\/www.laguiadepamplona.com\/actualidad\/diez-propuestas-conforman-la-quinta-edicion-de-femkultur-el-festival-interdisciplinar-que-reivindica-la-presencia-de-las-mujeres-en-la-creacion-artistica-actual\/#breadcrumb"},"inLanguage":"es","potentialAction":[{"@type":"ReadAction","target":["https:\/\/www.laguiadepamplona.com\/actualidad\/diez-propuestas-conforman-la-quinta-edicion-de-femkultur-el-festival-interdisciplinar-que-reivindica-la-presencia-de-las-mujeres-en-la-creacion-artistica-actual\/"]}]},{"@type":"ImageObject","inLanguage":"es","@id":"https:\/\/www.laguiadepamplona.com\/actualidad\/diez-propuestas-conforman-la-quinta-edicion-de-femkultur-el-festival-interdisciplinar-que-reivindica-la-presencia-de-las-mujeres-en-la-creacion-artistica-actual\/#primaryimage","url":"https:\/\/www.laguiadepamplona.com\/actualidad\/wp-content\/uploads\/2025\/02\/FemCultur_web_0.webp","contentUrl":"https:\/\/www.laguiadepamplona.com\/actualidad\/wp-content\/uploads\/2025\/02\/FemCultur_web_0.webp","width":1000,"height":828,"caption":"Femcultur"},{"@type":"BreadcrumbList","@id":"https:\/\/www.laguiadepamplona.com\/actualidad\/diez-propuestas-conforman-la-quinta-edicion-de-femkultur-el-festival-interdisciplinar-que-reivindica-la-presencia-de-las-mujeres-en-la-creacion-artistica-actual\/#breadcrumb","itemListElement":[{"@type":"ListItem","position":1,"name":"Portada","item":"https:\/\/www.laguiadepamplona.com\/actualidad\/"},{"@type":"ListItem","position":2,"name":"Diez propuestas conforman la quinta edici\u00f3n de Femkultur, el festival interdisciplinar que reivindica la presencia de las mujeres en la creaci\u00f3n art\u00edstica actual"}]},{"@type":"WebSite","@id":"https:\/\/www.laguiadepamplona.com\/actualidad\/#website","url":"https:\/\/www.laguiadepamplona.com\/actualidad\/","name":"La gu\u00eda de Pamplona","description":"Noticias de Pamplona","publisher":{"@id":"https:\/\/www.laguiadepamplona.com\/actualidad\/#organization"},"potentialAction":[{"@type":"SearchAction","target":{"@type":"EntryPoint","urlTemplate":"https:\/\/www.laguiadepamplona.com\/actualidad\/?s={search_term_string}"},"query-input":{"@type":"PropertyValueSpecification","valueRequired":true,"valueName":"search_term_string"}}],"inLanguage":"es"},{"@type":"Organization","@id":"https:\/\/www.laguiadepamplona.com\/actualidad\/#organization","name":"La Gu\u00eda de Pamplona \/ Noticias","url":"https:\/\/www.laguiadepamplona.com\/actualidad\/","logo":{"@type":"ImageObject","inLanguage":"es","@id":"https:\/\/www.laguiadepamplona.com\/actualidad\/#\/schema\/logo\/image\/","url":"https:\/\/www.laguiadepamplona.com\/actualidad\/wp-content\/uploads\/2018\/11\/logo-laguiadepamplona18-web1.png","contentUrl":"https:\/\/www.laguiadepamplona.com\/actualidad\/wp-content\/uploads\/2018\/11\/logo-laguiadepamplona18-web1.png","width":600,"height":196,"caption":"La Gu\u00eda de Pamplona \/ Noticias"},"image":{"@id":"https:\/\/www.laguiadepamplona.com\/actualidad\/#\/schema\/logo\/image\/"},"sameAs":["https:\/\/www.facebook.com\/laguiadepamplonacom-133175176762273\/?ref=hl","https:\/\/x.com\/LaGuiadPamplona","https:\/\/www.instagram.com\/la_guia_de_pamplona\/","https:\/\/www.youtube.com\/user\/laguiadepamplona"]},{"@type":"Person","@id":"https:\/\/www.laguiadepamplona.com\/actualidad\/#\/schema\/person\/efe887376f0213d4657c93adc50b1fdb","name":"La Gu\u00eda de Pamplona","image":{"@type":"ImageObject","inLanguage":"es","@id":"https:\/\/secure.gravatar.com\/avatar\/b6992f131dc8d30ab0dff15446e9d346d9dbd95992de0fef795073f5ea83a81c?s=96&d=mm&r=g","url":"https:\/\/secure.gravatar.com\/avatar\/b6992f131dc8d30ab0dff15446e9d346d9dbd95992de0fef795073f5ea83a81c?s=96&d=mm&r=g","contentUrl":"https:\/\/secure.gravatar.com\/avatar\/b6992f131dc8d30ab0dff15446e9d346d9dbd95992de0fef795073f5ea83a81c?s=96&d=mm&r=g","caption":"La Gu\u00eda de Pamplona"}}]}},"post_mailing_queue_ids":[],"_links":{"self":[{"href":"https:\/\/www.laguiadepamplona.com\/actualidad\/wp-json\/wp\/v2\/posts\/52231","targetHints":{"allow":["GET"]}}],"collection":[{"href":"https:\/\/www.laguiadepamplona.com\/actualidad\/wp-json\/wp\/v2\/posts"}],"about":[{"href":"https:\/\/www.laguiadepamplona.com\/actualidad\/wp-json\/wp\/v2\/types\/post"}],"author":[{"embeddable":true,"href":"https:\/\/www.laguiadepamplona.com\/actualidad\/wp-json\/wp\/v2\/users\/1"}],"replies":[{"embeddable":true,"href":"https:\/\/www.laguiadepamplona.com\/actualidad\/wp-json\/wp\/v2\/comments?post=52231"}],"version-history":[{"count":1,"href":"https:\/\/www.laguiadepamplona.com\/actualidad\/wp-json\/wp\/v2\/posts\/52231\/revisions"}],"predecessor-version":[{"id":52233,"href":"https:\/\/www.laguiadepamplona.com\/actualidad\/wp-json\/wp\/v2\/posts\/52231\/revisions\/52233"}],"wp:featuredmedia":[{"embeddable":true,"href":"https:\/\/www.laguiadepamplona.com\/actualidad\/wp-json\/wp\/v2\/media\/52232"}],"wp:attachment":[{"href":"https:\/\/www.laguiadepamplona.com\/actualidad\/wp-json\/wp\/v2\/media?parent=52231"}],"wp:term":[{"taxonomy":"category","embeddable":true,"href":"https:\/\/www.laguiadepamplona.com\/actualidad\/wp-json\/wp\/v2\/categories?post=52231"},{"taxonomy":"post_tag","embeddable":true,"href":"https:\/\/www.laguiadepamplona.com\/actualidad\/wp-json\/wp\/v2\/tags?post=52231"}],"curies":[{"name":"wp","href":"https:\/\/api.w.org\/{rel}","templated":true}]}}