{"id":52227,"date":"2025-02-27T20:42:42","date_gmt":"2025-02-27T18:42:42","guid":{"rendered":"https:\/\/www.laguiadepamplona.com\/actualidad\/?p=52227"},"modified":"2025-02-27T20:42:42","modified_gmt":"2025-02-27T18:42:42","slug":"ambos-espacios-se-iluminaran-de-color-rosa-para-visibilizar-unas-enfermedades-que-afectan-en-espana-a-tres-millones-de-personas","status":"publish","type":"post","link":"https:\/\/www.laguiadepamplona.com\/actualidad\/ambos-espacios-se-iluminaran-de-color-rosa-para-visibilizar-unas-enfermedades-que-afectan-en-espana-a-tres-millones-de-personas\/","title":{"rendered":"Ambos espacios se iluminar\u00e1n de color rosa para visibilizar unas enfermedades que afectan en Espa\u00f1a a tres millones de personas"},"content":{"rendered":"<p><!--more--><\/p>\n<p>Este viernes se celebra el D\u00eda Mundial de las Enfermedades Raras. El Ayuntamiento de Pamplona se suma a esta efem\u00e9ride iluminando ma\u00f1ana la fachada de la Casa Consistorial y el kiosco de la Plaza del Castillo de color rosa para visibilizar y sensibilizar esta causa social. La Federaci\u00f3n Espa\u00f1ola de Enfermedades Raras (FEDER) promueve este a\u00f1o la campa\u00f1a \u2018Desenmascara las Raras\u2019, con la que quiere destacar la importancia del diagn\u00f3stico temprano, la investigaci\u00f3n, el acceso a los tratamientos o la integraci\u00f3n social.<\/p>\n<p>Las enfermedades raras (ER) o poco frecuentes son aquellas que tienen una\u00a0<strong>baja prevalencia en la poblaci\u00f3n<\/strong>. Para ser considerada como rara, cada enfermedad espec\u00edfica solo puede afectar a un n\u00famero limitado de personas. Concretamente, cuando afecta a\u00a0<strong>menos de 5 por cada 10.000 habitantes<\/strong>. Sin embargo, son muchas las personas que conviven con ellas en todo el mundo (<strong>m\u00e1s de 300 millones en el mundo, 3 de ellos en Espa\u00f1a<\/strong>), ya que se estima que\u00a0<strong>existen m\u00e1s de 7.000 enfermedades raras<\/strong>, de las cuales se han identificado 6.417, seg\u00fan datos de Orphanet.<\/p>\n<p>En su mayor\u00eda, estas enfermedades raras aparecen en la infancia, son gen\u00e9ticas, graves, discapacitantes y que pueden poner en riesgo la vida de quienes conviven con ellas. Apenas un 20% de las enfermedades raras se han investigando o se est\u00e1n investigando y se tarda una media de m\u00e1s de 6 a\u00f1os en ser diagnosticadas. Las familias dedican un 20% de sus ingresos a abordar esas enfermedades. El 43% de las personas con enfermedades raras ha sentido la discriminaci\u00f3n debido a su enfermedad.<\/p>\n<p>Desde su puesta en marcha en 2008, cada 28 de febrero (o cada 29 de febrero en a\u00f1os bisiestos) m\u00e1s pa\u00edses se suman a esta iniciativa hasta llegar a los 106 del a\u00f1o pasado.<\/p>\n","protected":false},"excerpt":{"rendered":"","protected":false},"author":1,"featured_media":40303,"comment_status":"open","ping_status":"closed","sticky":false,"template":"","format":"standard","meta":{"footnotes":""},"categories":[2],"tags":[],"class_list":["post-52227","post","type-post","status-publish","format-standard","has-post-thumbnail","hentry","category-ayuntamiento-pamplona"],"yoast_head":"<!-- This site is optimized with the Yoast SEO plugin v27.3 - https:\/\/yoast.com\/product\/yoast-seo-wordpress\/ -->\n<title>Ambos espacios se iluminar\u00e1n de color rosa para visibilizar unas enfermedades que afectan en Espa\u00f1a a tres millones de personas<\/title>\n<meta name=\"description\" content=\"El Ayuntamiento de Pamplona se suma a esta efem\u00e9ride iluminando ma\u00f1ana la fachada de la Casa Consistorial y el kiosco de la Plaza del Castillo de color rosa\" \/>\n<meta name=\"robots\" content=\"index, follow, max-snippet:-1, max-image-preview:large, max-video-preview:-1\" \/>\n<link rel=\"canonical\" href=\"https:\/\/www.laguiadepamplona.com\/actualidad\/ambos-espacios-se-iluminaran-de-color-rosa-para-visibilizar-unas-enfermedades-que-afectan-en-espana-a-tres-millones-de-personas\/\" \/>\n<meta property=\"og:locale\" content=\"es_ES\" \/>\n<meta property=\"og:type\" content=\"article\" \/>\n<meta property=\"og:title\" content=\"Ambos espacios se iluminar\u00e1n de color rosa para visibilizar unas enfermedades que afectan en Espa\u00f1a a tres millones de personas\" \/>\n<meta property=\"og:description\" content=\"El Ayuntamiento de Pamplona se suma a esta efem\u00e9ride iluminando ma\u00f1ana la fachada de la Casa Consistorial y el kiosco de la Plaza del Castillo de color rosa\" \/>\n<meta property=\"og:url\" content=\"https:\/\/www.laguiadepamplona.com\/actualidad\/ambos-espacios-se-iluminaran-de-color-rosa-para-visibilizar-unas-enfermedades-que-afectan-en-espana-a-tres-millones-de-personas\/\" \/>\n<meta property=\"og:site_name\" content=\"La Gu\u00eda de Pamplona\" \/>\n<meta property=\"article:publisher\" content=\"https:\/\/www.facebook.com\/laguiadepamplonacom-133175176762273\/?ref=hl\" \/>\n<meta property=\"article:published_time\" content=\"2025-02-27T18:42:42+00:00\" \/>\n<meta property=\"og:image\" content=\"https:\/\/www.laguiadepamplona.com\/actualidad\/wp-content\/uploads\/2022\/05\/fachada-rosa-morada-copia.webp\" \/>\n\t<meta property=\"og:image:width\" content=\"1772\" \/>\n\t<meta property=\"og:image:height\" content=\"1181\" \/>\n\t<meta property=\"og:image:type\" content=\"image\/webp\" \/>\n<meta name=\"author\" content=\"La Gu\u00eda de Pamplona\" \/>\n<meta name=\"twitter:card\" content=\"summary_large_image\" \/>\n<meta name=\"twitter:creator\" content=\"@LaGuiadPamplona\" \/>\n<meta name=\"twitter:site\" content=\"@LaGuiadPamplona\" \/>\n<meta name=\"twitter:label1\" content=\"Escrito por\" \/>\n\t<meta name=\"twitter:data1\" content=\"La Gu\u00eda de Pamplona\" \/>\n\t<meta name=\"twitter:label2\" content=\"Tiempo de lectura\" \/>\n\t<meta name=\"twitter:data2\" content=\"2 minutos\" \/>\n<script type=\"application\/ld+json\" class=\"yoast-schema-graph\">{\"@context\":\"https:\\\/\\\/schema.org\",\"@graph\":[{\"@type\":\"Article\",\"@id\":\"https:\\\/\\\/www.laguiadepamplona.com\\\/actualidad\\\/ambos-espacios-se-iluminaran-de-color-rosa-para-visibilizar-unas-enfermedades-que-afectan-en-espana-a-tres-millones-de-personas\\\/#article\",\"isPartOf\":{\"@id\":\"https:\\\/\\\/www.laguiadepamplona.com\\\/actualidad\\\/ambos-espacios-se-iluminaran-de-color-rosa-para-visibilizar-unas-enfermedades-que-afectan-en-espana-a-tres-millones-de-personas\\\/\"},\"author\":{\"name\":\"La Gu\u00eda de Pamplona\",\"@id\":\"https:\\\/\\\/www.laguiadepamplona.com\\\/actualidad\\\/#\\\/schema\\\/person\\\/efe887376f0213d4657c93adc50b1fdb\"},\"headline\":\"Ambos espacios se iluminar\u00e1n de color rosa para visibilizar unas enfermedades que afectan en Espa\u00f1a a tres millones de personas\",\"datePublished\":\"2025-02-27T18:42:42+00:00\",\"mainEntityOfPage\":{\"@id\":\"https:\\\/\\\/www.laguiadepamplona.com\\\/actualidad\\\/ambos-espacios-se-iluminaran-de-color-rosa-para-visibilizar-unas-enfermedades-que-afectan-en-espana-a-tres-millones-de-personas\\\/\"},\"wordCount\":326,\"commentCount\":0,\"publisher\":{\"@id\":\"https:\\\/\\\/www.laguiadepamplona.com\\\/actualidad\\\/#organization\"},\"image\":{\"@id\":\"https:\\\/\\\/www.laguiadepamplona.com\\\/actualidad\\\/ambos-espacios-se-iluminaran-de-color-rosa-para-visibilizar-unas-enfermedades-que-afectan-en-espana-a-tres-millones-de-personas\\\/#primaryimage\"},\"thumbnailUrl\":\"https:\\\/\\\/www.laguiadepamplona.com\\\/actualidad\\\/wp-content\\\/uploads\\\/2022\\\/05\\\/fachada-rosa-morada-copia.webp\",\"articleSection\":[\"Ayto Pamplona\"],\"inLanguage\":\"es\",\"potentialAction\":[{\"@type\":\"CommentAction\",\"name\":\"Comment\",\"target\":[\"https:\\\/\\\/www.laguiadepamplona.com\\\/actualidad\\\/ambos-espacios-se-iluminaran-de-color-rosa-para-visibilizar-unas-enfermedades-que-afectan-en-espana-a-tres-millones-de-personas\\\/#respond\"]}]},{\"@type\":\"WebPage\",\"@id\":\"https:\\\/\\\/www.laguiadepamplona.com\\\/actualidad\\\/ambos-espacios-se-iluminaran-de-color-rosa-para-visibilizar-unas-enfermedades-que-afectan-en-espana-a-tres-millones-de-personas\\\/\",\"url\":\"https:\\\/\\\/www.laguiadepamplona.com\\\/actualidad\\\/ambos-espacios-se-iluminaran-de-color-rosa-para-visibilizar-unas-enfermedades-que-afectan-en-espana-a-tres-millones-de-personas\\\/\",\"name\":\"Ambos espacios se iluminar\u00e1n de color rosa para visibilizar unas enfermedades que afectan en Espa\u00f1a a tres millones de personas\",\"isPartOf\":{\"@id\":\"https:\\\/\\\/www.laguiadepamplona.com\\\/actualidad\\\/#website\"},\"primaryImageOfPage\":{\"@id\":\"https:\\\/\\\/www.laguiadepamplona.com\\\/actualidad\\\/ambos-espacios-se-iluminaran-de-color-rosa-para-visibilizar-unas-enfermedades-que-afectan-en-espana-a-tres-millones-de-personas\\\/#primaryimage\"},\"image\":{\"@id\":\"https:\\\/\\\/www.laguiadepamplona.com\\\/actualidad\\\/ambos-espacios-se-iluminaran-de-color-rosa-para-visibilizar-unas-enfermedades-que-afectan-en-espana-a-tres-millones-de-personas\\\/#primaryimage\"},\"thumbnailUrl\":\"https:\\\/\\\/www.laguiadepamplona.com\\\/actualidad\\\/wp-content\\\/uploads\\\/2022\\\/05\\\/fachada-rosa-morada-copia.webp\",\"datePublished\":\"2025-02-27T18:42:42+00:00\",\"description\":\"El Ayuntamiento de Pamplona se suma a esta efem\u00e9ride iluminando ma\u00f1ana la fachada de la Casa Consistorial y el kiosco de la Plaza del Castillo de color rosa\",\"breadcrumb\":{\"@id\":\"https:\\\/\\\/www.laguiadepamplona.com\\\/actualidad\\\/ambos-espacios-se-iluminaran-de-color-rosa-para-visibilizar-unas-enfermedades-que-afectan-en-espana-a-tres-millones-de-personas\\\/#breadcrumb\"},\"inLanguage\":\"es\",\"potentialAction\":[{\"@type\":\"ReadAction\",\"target\":[\"https:\\\/\\\/www.laguiadepamplona.com\\\/actualidad\\\/ambos-espacios-se-iluminaran-de-color-rosa-para-visibilizar-unas-enfermedades-que-afectan-en-espana-a-tres-millones-de-personas\\\/\"]}]},{\"@type\":\"ImageObject\",\"inLanguage\":\"es\",\"@id\":\"https:\\\/\\\/www.laguiadepamplona.com\\\/actualidad\\\/ambos-espacios-se-iluminaran-de-color-rosa-para-visibilizar-unas-enfermedades-que-afectan-en-espana-a-tres-millones-de-personas\\\/#primaryimage\",\"url\":\"https:\\\/\\\/www.laguiadepamplona.com\\\/actualidad\\\/wp-content\\\/uploads\\\/2022\\\/05\\\/fachada-rosa-morada-copia.webp\",\"contentUrl\":\"https:\\\/\\\/www.laguiadepamplona.com\\\/actualidad\\\/wp-content\\\/uploads\\\/2022\\\/05\\\/fachada-rosa-morada-copia.webp\",\"width\":1772,\"height\":1181,\"caption\":\"fachada rosa morado ayuntamiento\"},{\"@type\":\"BreadcrumbList\",\"@id\":\"https:\\\/\\\/www.laguiadepamplona.com\\\/actualidad\\\/ambos-espacios-se-iluminaran-de-color-rosa-para-visibilizar-unas-enfermedades-que-afectan-en-espana-a-tres-millones-de-personas\\\/#breadcrumb\",\"itemListElement\":[{\"@type\":\"ListItem\",\"position\":1,\"name\":\"Portada\",\"item\":\"https:\\\/\\\/www.laguiadepamplona.com\\\/actualidad\\\/\"},{\"@type\":\"ListItem\",\"position\":2,\"name\":\"Ambos espacios se iluminar\u00e1n de color rosa para visibilizar unas enfermedades que afectan en Espa\u00f1a a tres millones de personas\"}]},{\"@type\":\"WebSite\",\"@id\":\"https:\\\/\\\/www.laguiadepamplona.com\\\/actualidad\\\/#website\",\"url\":\"https:\\\/\\\/www.laguiadepamplona.com\\\/actualidad\\\/\",\"name\":\"La gu\u00eda de Pamplona\",\"description\":\"Noticias de Pamplona\",\"publisher\":{\"@id\":\"https:\\\/\\\/www.laguiadepamplona.com\\\/actualidad\\\/#organization\"},\"potentialAction\":[{\"@type\":\"SearchAction\",\"target\":{\"@type\":\"EntryPoint\",\"urlTemplate\":\"https:\\\/\\\/www.laguiadepamplona.com\\\/actualidad\\\/?s={search_term_string}\"},\"query-input\":{\"@type\":\"PropertyValueSpecification\",\"valueRequired\":true,\"valueName\":\"search_term_string\"}}],\"inLanguage\":\"es\"},{\"@type\":\"Organization\",\"@id\":\"https:\\\/\\\/www.laguiadepamplona.com\\\/actualidad\\\/#organization\",\"name\":\"La Gu\u00eda de Pamplona \\\/ Noticias\",\"url\":\"https:\\\/\\\/www.laguiadepamplona.com\\\/actualidad\\\/\",\"logo\":{\"@type\":\"ImageObject\",\"inLanguage\":\"es\",\"@id\":\"https:\\\/\\\/www.laguiadepamplona.com\\\/actualidad\\\/#\\\/schema\\\/logo\\\/image\\\/\",\"url\":\"https:\\\/\\\/www.laguiadepamplona.com\\\/actualidad\\\/wp-content\\\/uploads\\\/2018\\\/11\\\/logo-laguiadepamplona18-web1.png\",\"contentUrl\":\"https:\\\/\\\/www.laguiadepamplona.com\\\/actualidad\\\/wp-content\\\/uploads\\\/2018\\\/11\\\/logo-laguiadepamplona18-web1.png\",\"width\":600,\"height\":196,\"caption\":\"La Gu\u00eda de Pamplona \\\/ Noticias\"},\"image\":{\"@id\":\"https:\\\/\\\/www.laguiadepamplona.com\\\/actualidad\\\/#\\\/schema\\\/logo\\\/image\\\/\"},\"sameAs\":[\"https:\\\/\\\/www.facebook.com\\\/laguiadepamplonacom-133175176762273\\\/?ref=hl\",\"https:\\\/\\\/x.com\\\/LaGuiadPamplona\",\"https:\\\/\\\/www.instagram.com\\\/la_guia_de_pamplona\\\/\",\"https:\\\/\\\/www.youtube.com\\\/user\\\/laguiadepamplona\"]},{\"@type\":\"Person\",\"@id\":\"https:\\\/\\\/www.laguiadepamplona.com\\\/actualidad\\\/#\\\/schema\\\/person\\\/efe887376f0213d4657c93adc50b1fdb\",\"name\":\"La Gu\u00eda de Pamplona\",\"image\":{\"@type\":\"ImageObject\",\"inLanguage\":\"es\",\"@id\":\"https:\\\/\\\/secure.gravatar.com\\\/avatar\\\/b6992f131dc8d30ab0dff15446e9d346d9dbd95992de0fef795073f5ea83a81c?s=96&d=mm&r=g\",\"url\":\"https:\\\/\\\/secure.gravatar.com\\\/avatar\\\/b6992f131dc8d30ab0dff15446e9d346d9dbd95992de0fef795073f5ea83a81c?s=96&d=mm&r=g\",\"contentUrl\":\"https:\\\/\\\/secure.gravatar.com\\\/avatar\\\/b6992f131dc8d30ab0dff15446e9d346d9dbd95992de0fef795073f5ea83a81c?s=96&d=mm&r=g\",\"caption\":\"La Gu\u00eda de Pamplona\"}}]}<\/script>\n<!-- \/ Yoast SEO plugin. -->","yoast_head_json":{"title":"Ambos espacios se iluminar\u00e1n de color rosa para visibilizar unas enfermedades que afectan en Espa\u00f1a a tres millones de personas","description":"El Ayuntamiento de Pamplona se suma a esta efem\u00e9ride iluminando ma\u00f1ana la fachada de la Casa Consistorial y el kiosco de la Plaza del Castillo de color rosa","robots":{"index":"index","follow":"follow","max-snippet":"max-snippet:-1","max-image-preview":"max-image-preview:large","max-video-preview":"max-video-preview:-1"},"canonical":"https:\/\/www.laguiadepamplona.com\/actualidad\/ambos-espacios-se-iluminaran-de-color-rosa-para-visibilizar-unas-enfermedades-que-afectan-en-espana-a-tres-millones-de-personas\/","og_locale":"es_ES","og_type":"article","og_title":"Ambos espacios se iluminar\u00e1n de color rosa para visibilizar unas enfermedades que afectan en Espa\u00f1a a tres millones de personas","og_description":"El Ayuntamiento de Pamplona se suma a esta efem\u00e9ride iluminando ma\u00f1ana la fachada de la Casa Consistorial y el kiosco de la Plaza del Castillo de color rosa","og_url":"https:\/\/www.laguiadepamplona.com\/actualidad\/ambos-espacios-se-iluminaran-de-color-rosa-para-visibilizar-unas-enfermedades-que-afectan-en-espana-a-tres-millones-de-personas\/","og_site_name":"La Gu\u00eda de Pamplona","article_publisher":"https:\/\/www.facebook.com\/laguiadepamplonacom-133175176762273\/?ref=hl","article_published_time":"2025-02-27T18:42:42+00:00","og_image":[{"width":1772,"height":1181,"url":"https:\/\/www.laguiadepamplona.com\/actualidad\/wp-content\/uploads\/2022\/05\/fachada-rosa-morada-copia.webp","type":"image\/webp"}],"author":"La Gu\u00eda de Pamplona","twitter_card":"summary_large_image","twitter_creator":"@LaGuiadPamplona","twitter_site":"@LaGuiadPamplona","twitter_misc":{"Escrito por":"La Gu\u00eda de Pamplona","Tiempo de lectura":"2 minutos"},"schema":{"@context":"https:\/\/schema.org","@graph":[{"@type":"Article","@id":"https:\/\/www.laguiadepamplona.com\/actualidad\/ambos-espacios-se-iluminaran-de-color-rosa-para-visibilizar-unas-enfermedades-que-afectan-en-espana-a-tres-millones-de-personas\/#article","isPartOf":{"@id":"https:\/\/www.laguiadepamplona.com\/actualidad\/ambos-espacios-se-iluminaran-de-color-rosa-para-visibilizar-unas-enfermedades-que-afectan-en-espana-a-tres-millones-de-personas\/"},"author":{"name":"La Gu\u00eda de Pamplona","@id":"https:\/\/www.laguiadepamplona.com\/actualidad\/#\/schema\/person\/efe887376f0213d4657c93adc50b1fdb"},"headline":"Ambos espacios se iluminar\u00e1n de color rosa para visibilizar unas enfermedades que afectan en Espa\u00f1a a tres millones de personas","datePublished":"2025-02-27T18:42:42+00:00","mainEntityOfPage":{"@id":"https:\/\/www.laguiadepamplona.com\/actualidad\/ambos-espacios-se-iluminaran-de-color-rosa-para-visibilizar-unas-enfermedades-que-afectan-en-espana-a-tres-millones-de-personas\/"},"wordCount":326,"commentCount":0,"publisher":{"@id":"https:\/\/www.laguiadepamplona.com\/actualidad\/#organization"},"image":{"@id":"https:\/\/www.laguiadepamplona.com\/actualidad\/ambos-espacios-se-iluminaran-de-color-rosa-para-visibilizar-unas-enfermedades-que-afectan-en-espana-a-tres-millones-de-personas\/#primaryimage"},"thumbnailUrl":"https:\/\/www.laguiadepamplona.com\/actualidad\/wp-content\/uploads\/2022\/05\/fachada-rosa-morada-copia.webp","articleSection":["Ayto Pamplona"],"inLanguage":"es","potentialAction":[{"@type":"CommentAction","name":"Comment","target":["https:\/\/www.laguiadepamplona.com\/actualidad\/ambos-espacios-se-iluminaran-de-color-rosa-para-visibilizar-unas-enfermedades-que-afectan-en-espana-a-tres-millones-de-personas\/#respond"]}]},{"@type":"WebPage","@id":"https:\/\/www.laguiadepamplona.com\/actualidad\/ambos-espacios-se-iluminaran-de-color-rosa-para-visibilizar-unas-enfermedades-que-afectan-en-espana-a-tres-millones-de-personas\/","url":"https:\/\/www.laguiadepamplona.com\/actualidad\/ambos-espacios-se-iluminaran-de-color-rosa-para-visibilizar-unas-enfermedades-que-afectan-en-espana-a-tres-millones-de-personas\/","name":"Ambos espacios se iluminar\u00e1n de color rosa para visibilizar unas enfermedades que afectan en Espa\u00f1a a tres millones de personas","isPartOf":{"@id":"https:\/\/www.laguiadepamplona.com\/actualidad\/#website"},"primaryImageOfPage":{"@id":"https:\/\/www.laguiadepamplona.com\/actualidad\/ambos-espacios-se-iluminaran-de-color-rosa-para-visibilizar-unas-enfermedades-que-afectan-en-espana-a-tres-millones-de-personas\/#primaryimage"},"image":{"@id":"https:\/\/www.laguiadepamplona.com\/actualidad\/ambos-espacios-se-iluminaran-de-color-rosa-para-visibilizar-unas-enfermedades-que-afectan-en-espana-a-tres-millones-de-personas\/#primaryimage"},"thumbnailUrl":"https:\/\/www.laguiadepamplona.com\/actualidad\/wp-content\/uploads\/2022\/05\/fachada-rosa-morada-copia.webp","datePublished":"2025-02-27T18:42:42+00:00","description":"El Ayuntamiento de Pamplona se suma a esta efem\u00e9ride iluminando ma\u00f1ana la fachada de la Casa Consistorial y el kiosco de la Plaza del Castillo de color rosa","breadcrumb":{"@id":"https:\/\/www.laguiadepamplona.com\/actualidad\/ambos-espacios-se-iluminaran-de-color-rosa-para-visibilizar-unas-enfermedades-que-afectan-en-espana-a-tres-millones-de-personas\/#breadcrumb"},"inLanguage":"es","potentialAction":[{"@type":"ReadAction","target":["https:\/\/www.laguiadepamplona.com\/actualidad\/ambos-espacios-se-iluminaran-de-color-rosa-para-visibilizar-unas-enfermedades-que-afectan-en-espana-a-tres-millones-de-personas\/"]}]},{"@type":"ImageObject","inLanguage":"es","@id":"https:\/\/www.laguiadepamplona.com\/actualidad\/ambos-espacios-se-iluminaran-de-color-rosa-para-visibilizar-unas-enfermedades-que-afectan-en-espana-a-tres-millones-de-personas\/#primaryimage","url":"https:\/\/www.laguiadepamplona.com\/actualidad\/wp-content\/uploads\/2022\/05\/fachada-rosa-morada-copia.webp","contentUrl":"https:\/\/www.laguiadepamplona.com\/actualidad\/wp-content\/uploads\/2022\/05\/fachada-rosa-morada-copia.webp","width":1772,"height":1181,"caption":"fachada rosa morado ayuntamiento"},{"@type":"BreadcrumbList","@id":"https:\/\/www.laguiadepamplona.com\/actualidad\/ambos-espacios-se-iluminaran-de-color-rosa-para-visibilizar-unas-enfermedades-que-afectan-en-espana-a-tres-millones-de-personas\/#breadcrumb","itemListElement":[{"@type":"ListItem","position":1,"name":"Portada","item":"https:\/\/www.laguiadepamplona.com\/actualidad\/"},{"@type":"ListItem","position":2,"name":"Ambos espacios se iluminar\u00e1n de color rosa para visibilizar unas enfermedades que afectan en Espa\u00f1a a tres millones de personas"}]},{"@type":"WebSite","@id":"https:\/\/www.laguiadepamplona.com\/actualidad\/#website","url":"https:\/\/www.laguiadepamplona.com\/actualidad\/","name":"La gu\u00eda de Pamplona","description":"Noticias de Pamplona","publisher":{"@id":"https:\/\/www.laguiadepamplona.com\/actualidad\/#organization"},"potentialAction":[{"@type":"SearchAction","target":{"@type":"EntryPoint","urlTemplate":"https:\/\/www.laguiadepamplona.com\/actualidad\/?s={search_term_string}"},"query-input":{"@type":"PropertyValueSpecification","valueRequired":true,"valueName":"search_term_string"}}],"inLanguage":"es"},{"@type":"Organization","@id":"https:\/\/www.laguiadepamplona.com\/actualidad\/#organization","name":"La Gu\u00eda de Pamplona \/ Noticias","url":"https:\/\/www.laguiadepamplona.com\/actualidad\/","logo":{"@type":"ImageObject","inLanguage":"es","@id":"https:\/\/www.laguiadepamplona.com\/actualidad\/#\/schema\/logo\/image\/","url":"https:\/\/www.laguiadepamplona.com\/actualidad\/wp-content\/uploads\/2018\/11\/logo-laguiadepamplona18-web1.png","contentUrl":"https:\/\/www.laguiadepamplona.com\/actualidad\/wp-content\/uploads\/2018\/11\/logo-laguiadepamplona18-web1.png","width":600,"height":196,"caption":"La Gu\u00eda de Pamplona \/ Noticias"},"image":{"@id":"https:\/\/www.laguiadepamplona.com\/actualidad\/#\/schema\/logo\/image\/"},"sameAs":["https:\/\/www.facebook.com\/laguiadepamplonacom-133175176762273\/?ref=hl","https:\/\/x.com\/LaGuiadPamplona","https:\/\/www.instagram.com\/la_guia_de_pamplona\/","https:\/\/www.youtube.com\/user\/laguiadepamplona"]},{"@type":"Person","@id":"https:\/\/www.laguiadepamplona.com\/actualidad\/#\/schema\/person\/efe887376f0213d4657c93adc50b1fdb","name":"La Gu\u00eda de Pamplona","image":{"@type":"ImageObject","inLanguage":"es","@id":"https:\/\/secure.gravatar.com\/avatar\/b6992f131dc8d30ab0dff15446e9d346d9dbd95992de0fef795073f5ea83a81c?s=96&d=mm&r=g","url":"https:\/\/secure.gravatar.com\/avatar\/b6992f131dc8d30ab0dff15446e9d346d9dbd95992de0fef795073f5ea83a81c?s=96&d=mm&r=g","contentUrl":"https:\/\/secure.gravatar.com\/avatar\/b6992f131dc8d30ab0dff15446e9d346d9dbd95992de0fef795073f5ea83a81c?s=96&d=mm&r=g","caption":"La Gu\u00eda de Pamplona"}}]}},"post_mailing_queue_ids":[],"_links":{"self":[{"href":"https:\/\/www.laguiadepamplona.com\/actualidad\/wp-json\/wp\/v2\/posts\/52227","targetHints":{"allow":["GET"]}}],"collection":[{"href":"https:\/\/www.laguiadepamplona.com\/actualidad\/wp-json\/wp\/v2\/posts"}],"about":[{"href":"https:\/\/www.laguiadepamplona.com\/actualidad\/wp-json\/wp\/v2\/types\/post"}],"author":[{"embeddable":true,"href":"https:\/\/www.laguiadepamplona.com\/actualidad\/wp-json\/wp\/v2\/users\/1"}],"replies":[{"embeddable":true,"href":"https:\/\/www.laguiadepamplona.com\/actualidad\/wp-json\/wp\/v2\/comments?post=52227"}],"version-history":[{"count":1,"href":"https:\/\/www.laguiadepamplona.com\/actualidad\/wp-json\/wp\/v2\/posts\/52227\/revisions"}],"predecessor-version":[{"id":52228,"href":"https:\/\/www.laguiadepamplona.com\/actualidad\/wp-json\/wp\/v2\/posts\/52227\/revisions\/52228"}],"wp:featuredmedia":[{"embeddable":true,"href":"https:\/\/www.laguiadepamplona.com\/actualidad\/wp-json\/wp\/v2\/media\/40303"}],"wp:attachment":[{"href":"https:\/\/www.laguiadepamplona.com\/actualidad\/wp-json\/wp\/v2\/media?parent=52227"}],"wp:term":[{"taxonomy":"category","embeddable":true,"href":"https:\/\/www.laguiadepamplona.com\/actualidad\/wp-json\/wp\/v2\/categories?post=52227"},{"taxonomy":"post_tag","embeddable":true,"href":"https:\/\/www.laguiadepamplona.com\/actualidad\/wp-json\/wp\/v2\/tags?post=52227"}],"curies":[{"name":"wp","href":"https:\/\/api.w.org\/{rel}","templated":true}]}}