{"id":52224,"date":"2025-02-27T20:40:29","date_gmt":"2025-02-27T18:40:29","guid":{"rendered":"https:\/\/www.laguiadepamplona.com\/actualidad\/?p=52224"},"modified":"2025-02-27T20:40:29","modified_gmt":"2025-02-27T18:40:29","slug":"el-ayuntamiento-de-pamplona-y-dya-navarra-revalidan-por-convenio-su-colaboracion-de-mas-de-20-anos-en-el-ambito-de-la-proteccion-civil","status":"publish","type":"post","link":"https:\/\/www.laguiadepamplona.com\/actualidad\/el-ayuntamiento-de-pamplona-y-dya-navarra-revalidan-por-convenio-su-colaboracion-de-mas-de-20-anos-en-el-ambito-de-la-proteccion-civil\/","title":{"rendered":"El Ayuntamiento de Pamplona y DYA Navarra revalidan por convenio su colaboraci\u00f3n de m\u00e1s de 20 a\u00f1os en el \u00e1mbito de la protecci\u00f3n civil"},"content":{"rendered":"<h2>Esta entidad refuerza con sus medios la labor de la administraci\u00f3n en planes de emergencia, situaciones clim\u00e1ticas extremas o eventos p\u00fablicos<\/h2>\n<p><!--more--><\/p>\n<p>El Ayuntamiento de Pamplona y la Asociaci\u00f3n de Ayuda en Carretera de Navarra (DYA) han firmado el convenio de colaboraci\u00f3n anual en materia de protecci\u00f3n civil que llevan suscribiendo desde el a\u00f1o 2005. El alcalde, Joseba Asiron Saez, y el presidente de DYA Navarra, Pello Jim\u00e9nez D\u00edaz, han suscrito el texto de este convenio administrativo que, desde el pasado a\u00f1o, recoge entre las acciones a desarrollar es la inclusi\u00f3n del rastreo y traslado de personas sin hogar en la ciudad ante situaciones de crecida de los r\u00edos, olas de fr\u00edo y episodios de calor. En la firma tambi\u00e9n han participado el concejal de Seguridad y Convivencia Ciudadana, Endika Alonso Irisarri, y el gerente de DYA Navarra, Javier Mend\u00eda Torres.<\/p>\n<p>Este convenio busca incrementar la seguridad en la ciudad, as\u00ed como la promoci\u00f3n del voluntariado espec\u00edfico de protecci\u00f3n civil El Ayuntamiento de Pamplona cuenta con varios planes de protecci\u00f3n civil (Plan General para las fiestas de San Ferm\u00edn, Plan General de Emergencias para nieve y hielo y Plan General de Actuaci\u00f3n en riesgo de inundaciones) a los que est\u00e1n adscritos como recursos de apoyo los medios que DYA tienen Navarra.<\/p>\n<p>Entre otros, esta entidad cuenta con m\u00e1s de 600 personas voluntarias con distintos perfiles, adem\u00e1s de veintisiete veh\u00edculos para toda Navarra (entre ellos 10 ambulancias, tres de ellas en Pamplona, en donde reside la \u00fanica medicalizada de la entidad), equipos de iluminaci\u00f3n aut\u00f3noma, tiendas y un hospital de campa\u00f1a, equipos de comunicaciones, etc. Para cumplir lo establecido en el convenio, DYA deber\u00e1 tener disponibles las 24 horas del d\u00eda, todos los d\u00edas del a\u00f1o, personal de ret\u00e9n localizada para salida y actuaci\u00f3n inmediata. Adem\u00e1s, DYA fomentar\u00e1 el voluntariado para tareas de protecci\u00f3n civil, procurando tambi\u00e9n su correcta formaci\u00f3n.<\/p>\n<p>En esta edici\u00f3n se mantiene importe del pago por parte del Ayuntamiento de 50.000 euros, un 66% m\u00e1s que en otros a\u00f1os y que se consign\u00f3 por primera vez en el convenio de 2024. El pago se har\u00e1 en un \u00fanico abono en los 30 d\u00edas siguientes a la firma. La Asociaci\u00f3n de Ayuda en Carretera de Navarra deber\u00e1 garantizar el aseguramiento de su personal voluntario frente a los riesgos que puedan sobrevenirles en el desempe\u00f1o de sus funciones. La DYA es una organizaci\u00f3n sin \u00e1nimo de lucro, de car\u00e1cter asistencial y de apoyo a las administraciones p\u00fablicas, que colabora con los servicios de protecci\u00f3n civil, y cuyos fines principales son la prevenci\u00f3n y actuaci\u00f3n en caso de accidente para el auxilio de las personas afectadas, la asistencia sanitaria y el traslado urgente de personas enfermas o accidentadas, y la cobertura en eventos o circunstancias en las que haya un peligro potencial.<\/p>\n<p><strong>DYA y protecci\u00f3n civil en Pamplona<\/strong><\/p>\n<p>Protecci\u00f3n Civil es un servicio obligatorio que debe prestar todo municipio con poblaci\u00f3n superior a 20.000 habitantes. Se define como la acci\u00f3n de los poderes p\u00fablicos encaminada a la protecci\u00f3n de las personas y sus bienes, en situaciones de grave riesgo, cat\u00e1strofe o calamidad p\u00fablica, en las que los bienes, la seguridad o la vida de las personas puedan peligrar.<\/p>\n<p>&nbsp;<\/p>\n<p><strong>En el caso de Pamplona, adem\u00e1s de con medios propios, las necesidades se cubren con el auxilio de entidades especializadas. En ese caso la DYA trabajo de apoyo en diversos escenarios.<\/strong><\/p>\n<p>1.- Cuando entran en funcionamiento planes de protecci\u00f3n<\/p>\n<ul>\n<li>Plan General para las fiestas de San Ferm\u00edn<\/li>\n<li>Plan General de emergencias para nieve y hielo<\/li>\n<li>Plan General de actuaci\u00f3n en riesgo de inundaciones<\/li>\n<\/ul>\n<p>2.- En casos de situaciones clim\u00e1ticas extremas en operativos para detectar personas sin hogar especialmente vulnerables a este tipo de condiciones<\/p>\n<ul>\n<li>Protocolo Ola de Fr\u00edo<\/li>\n<li>Protocolo Ola de Calor<\/li>\n<li>En situaciones de crecida extraordinaria de los r\u00edos<\/li>\n<\/ul>\n<p>3.- Otras colaboraciones en eventos<\/p>\n<ul>\n<li>DYA trabaja tambi\u00e9n en otros eventos y actividades: marchas ciclistas y actividades deportivas en la v\u00eda p\u00fablica; Cabalgata de Reyes Magos, procesiones y otros desfiles con necesidad de control y seguridad; ferias de ganado y otras ferias similares y otras actuaciones en las que el Ayuntamiento considere necesaria su participaci\u00f3n.<\/li>\n<\/ul>\n","protected":false},"excerpt":{"rendered":"<p>Esta entidad refuerza con sus medios la labor de la administraci\u00f3n en planes de emergencia, situaciones clim\u00e1ticas extremas o eventos p\u00fablicos<\/p>\n","protected":false},"author":1,"featured_media":52225,"comment_status":"open","ping_status":"closed","sticky":false,"template":"","format":"standard","meta":{"footnotes":""},"categories":[2],"tags":[],"class_list":["post-52224","post","type-post","status-publish","format-standard","has-post-thumbnail","hentry","category-ayuntamiento-pamplona"],"yoast_head":"<!-- This site is optimized with the Yoast SEO plugin v27.3 - https:\/\/yoast.com\/product\/yoast-seo-wordpress\/ -->\n<title>El Ayuntamiento de Pamplona y DYA Navarra revalidan por convenio su colaboraci\u00f3n de m\u00e1s de 20 a\u00f1os en el \u00e1mbito de la protecci\u00f3n civil<\/title>\n<meta name=\"description\" content=\"Esta entidad refuerza con sus medios la labor de la administraci\u00f3n en planes de emergencia, situaciones clim\u00e1ticas extremas o eventos p\u00fablicos\" \/>\n<meta name=\"robots\" content=\"index, follow, max-snippet:-1, max-image-preview:large, max-video-preview:-1\" \/>\n<link rel=\"canonical\" href=\"https:\/\/www.laguiadepamplona.com\/actualidad\/el-ayuntamiento-de-pamplona-y-dya-navarra-revalidan-por-convenio-su-colaboracion-de-mas-de-20-anos-en-el-ambito-de-la-proteccion-civil\/\" \/>\n<meta property=\"og:locale\" content=\"es_ES\" \/>\n<meta property=\"og:type\" content=\"article\" \/>\n<meta property=\"og:title\" content=\"El Ayuntamiento de Pamplona y DYA Navarra revalidan por convenio su colaboraci\u00f3n de m\u00e1s de 20 a\u00f1os en el \u00e1mbito de la protecci\u00f3n civil\" \/>\n<meta property=\"og:description\" content=\"Esta entidad refuerza con sus medios la labor de la administraci\u00f3n en planes de emergencia, situaciones clim\u00e1ticas extremas o eventos p\u00fablicos\" \/>\n<meta property=\"og:url\" content=\"https:\/\/www.laguiadepamplona.com\/actualidad\/el-ayuntamiento-de-pamplona-y-dya-navarra-revalidan-por-convenio-su-colaboracion-de-mas-de-20-anos-en-el-ambito-de-la-proteccion-civil\/\" \/>\n<meta property=\"og:site_name\" content=\"La Gu\u00eda de Pamplona\" \/>\n<meta property=\"article:publisher\" content=\"https:\/\/www.facebook.com\/laguiadepamplonacom-133175176762273\/?ref=hl\" \/>\n<meta property=\"article:published_time\" content=\"2025-02-27T18:40:29+00:00\" \/>\n<meta property=\"og:image\" content=\"https:\/\/www.laguiadepamplona.com\/actualidad\/wp-content\/uploads\/2025\/02\/firmadelconveniocondyanavarra2_0.webp\" \/>\n\t<meta property=\"og:image:width\" content=\"1000\" \/>\n\t<meta property=\"og:image:height\" content=\"666\" \/>\n\t<meta property=\"og:image:type\" content=\"image\/webp\" \/>\n<meta name=\"author\" content=\"La Gu\u00eda de Pamplona\" \/>\n<meta name=\"twitter:card\" content=\"summary_large_image\" \/>\n<meta name=\"twitter:creator\" content=\"@LaGuiadPamplona\" \/>\n<meta name=\"twitter:site\" content=\"@LaGuiadPamplona\" \/>\n<meta name=\"twitter:label1\" content=\"Escrito por\" \/>\n\t<meta name=\"twitter:data1\" content=\"La Gu\u00eda de Pamplona\" \/>\n\t<meta name=\"twitter:label2\" content=\"Tiempo de lectura\" \/>\n\t<meta name=\"twitter:data2\" content=\"4 minutos\" \/>\n<script type=\"application\/ld+json\" class=\"yoast-schema-graph\">{\"@context\":\"https:\\\/\\\/schema.org\",\"@graph\":[{\"@type\":\"Article\",\"@id\":\"https:\\\/\\\/www.laguiadepamplona.com\\\/actualidad\\\/el-ayuntamiento-de-pamplona-y-dya-navarra-revalidan-por-convenio-su-colaboracion-de-mas-de-20-anos-en-el-ambito-de-la-proteccion-civil\\\/#article\",\"isPartOf\":{\"@id\":\"https:\\\/\\\/www.laguiadepamplona.com\\\/actualidad\\\/el-ayuntamiento-de-pamplona-y-dya-navarra-revalidan-por-convenio-su-colaboracion-de-mas-de-20-anos-en-el-ambito-de-la-proteccion-civil\\\/\"},\"author\":{\"name\":\"La Gu\u00eda de Pamplona\",\"@id\":\"https:\\\/\\\/www.laguiadepamplona.com\\\/actualidad\\\/#\\\/schema\\\/person\\\/efe887376f0213d4657c93adc50b1fdb\"},\"headline\":\"El Ayuntamiento de Pamplona y DYA Navarra revalidan por convenio su colaboraci\u00f3n de m\u00e1s de 20 a\u00f1os en el \u00e1mbito de la protecci\u00f3n civil\",\"datePublished\":\"2025-02-27T18:40:29+00:00\",\"mainEntityOfPage\":{\"@id\":\"https:\\\/\\\/www.laguiadepamplona.com\\\/actualidad\\\/el-ayuntamiento-de-pamplona-y-dya-navarra-revalidan-por-convenio-su-colaboracion-de-mas-de-20-anos-en-el-ambito-de-la-proteccion-civil\\\/\"},\"wordCount\":768,\"commentCount\":0,\"publisher\":{\"@id\":\"https:\\\/\\\/www.laguiadepamplona.com\\\/actualidad\\\/#organization\"},\"image\":{\"@id\":\"https:\\\/\\\/www.laguiadepamplona.com\\\/actualidad\\\/el-ayuntamiento-de-pamplona-y-dya-navarra-revalidan-por-convenio-su-colaboracion-de-mas-de-20-anos-en-el-ambito-de-la-proteccion-civil\\\/#primaryimage\"},\"thumbnailUrl\":\"https:\\\/\\\/www.laguiadepamplona.com\\\/actualidad\\\/wp-content\\\/uploads\\\/2025\\\/02\\\/firmadelconveniocondyanavarra2_0.webp\",\"articleSection\":[\"Ayto Pamplona\"],\"inLanguage\":\"es\",\"potentialAction\":[{\"@type\":\"CommentAction\",\"name\":\"Comment\",\"target\":[\"https:\\\/\\\/www.laguiadepamplona.com\\\/actualidad\\\/el-ayuntamiento-de-pamplona-y-dya-navarra-revalidan-por-convenio-su-colaboracion-de-mas-de-20-anos-en-el-ambito-de-la-proteccion-civil\\\/#respond\"]}]},{\"@type\":\"WebPage\",\"@id\":\"https:\\\/\\\/www.laguiadepamplona.com\\\/actualidad\\\/el-ayuntamiento-de-pamplona-y-dya-navarra-revalidan-por-convenio-su-colaboracion-de-mas-de-20-anos-en-el-ambito-de-la-proteccion-civil\\\/\",\"url\":\"https:\\\/\\\/www.laguiadepamplona.com\\\/actualidad\\\/el-ayuntamiento-de-pamplona-y-dya-navarra-revalidan-por-convenio-su-colaboracion-de-mas-de-20-anos-en-el-ambito-de-la-proteccion-civil\\\/\",\"name\":\"El Ayuntamiento de Pamplona y DYA Navarra revalidan por convenio su colaboraci\u00f3n de m\u00e1s de 20 a\u00f1os en el \u00e1mbito de la protecci\u00f3n civil\",\"isPartOf\":{\"@id\":\"https:\\\/\\\/www.laguiadepamplona.com\\\/actualidad\\\/#website\"},\"primaryImageOfPage\":{\"@id\":\"https:\\\/\\\/www.laguiadepamplona.com\\\/actualidad\\\/el-ayuntamiento-de-pamplona-y-dya-navarra-revalidan-por-convenio-su-colaboracion-de-mas-de-20-anos-en-el-ambito-de-la-proteccion-civil\\\/#primaryimage\"},\"image\":{\"@id\":\"https:\\\/\\\/www.laguiadepamplona.com\\\/actualidad\\\/el-ayuntamiento-de-pamplona-y-dya-navarra-revalidan-por-convenio-su-colaboracion-de-mas-de-20-anos-en-el-ambito-de-la-proteccion-civil\\\/#primaryimage\"},\"thumbnailUrl\":\"https:\\\/\\\/www.laguiadepamplona.com\\\/actualidad\\\/wp-content\\\/uploads\\\/2025\\\/02\\\/firmadelconveniocondyanavarra2_0.webp\",\"datePublished\":\"2025-02-27T18:40:29+00:00\",\"description\":\"Esta entidad refuerza con sus medios la labor de la administraci\u00f3n en planes de emergencia, situaciones clim\u00e1ticas extremas o eventos p\u00fablicos\",\"breadcrumb\":{\"@id\":\"https:\\\/\\\/www.laguiadepamplona.com\\\/actualidad\\\/el-ayuntamiento-de-pamplona-y-dya-navarra-revalidan-por-convenio-su-colaboracion-de-mas-de-20-anos-en-el-ambito-de-la-proteccion-civil\\\/#breadcrumb\"},\"inLanguage\":\"es\",\"potentialAction\":[{\"@type\":\"ReadAction\",\"target\":[\"https:\\\/\\\/www.laguiadepamplona.com\\\/actualidad\\\/el-ayuntamiento-de-pamplona-y-dya-navarra-revalidan-por-convenio-su-colaboracion-de-mas-de-20-anos-en-el-ambito-de-la-proteccion-civil\\\/\"]}]},{\"@type\":\"ImageObject\",\"inLanguage\":\"es\",\"@id\":\"https:\\\/\\\/www.laguiadepamplona.com\\\/actualidad\\\/el-ayuntamiento-de-pamplona-y-dya-navarra-revalidan-por-convenio-su-colaboracion-de-mas-de-20-anos-en-el-ambito-de-la-proteccion-civil\\\/#primaryimage\",\"url\":\"https:\\\/\\\/www.laguiadepamplona.com\\\/actualidad\\\/wp-content\\\/uploads\\\/2025\\\/02\\\/firmadelconveniocondyanavarra2_0.webp\",\"contentUrl\":\"https:\\\/\\\/www.laguiadepamplona.com\\\/actualidad\\\/wp-content\\\/uploads\\\/2025\\\/02\\\/firmadelconveniocondyanavarra2_0.webp\",\"width\":1000,\"height\":666,\"caption\":\"firma del convenio con DYA\"},{\"@type\":\"BreadcrumbList\",\"@id\":\"https:\\\/\\\/www.laguiadepamplona.com\\\/actualidad\\\/el-ayuntamiento-de-pamplona-y-dya-navarra-revalidan-por-convenio-su-colaboracion-de-mas-de-20-anos-en-el-ambito-de-la-proteccion-civil\\\/#breadcrumb\",\"itemListElement\":[{\"@type\":\"ListItem\",\"position\":1,\"name\":\"Portada\",\"item\":\"https:\\\/\\\/www.laguiadepamplona.com\\\/actualidad\\\/\"},{\"@type\":\"ListItem\",\"position\":2,\"name\":\"El Ayuntamiento de Pamplona y DYA Navarra revalidan por convenio su colaboraci\u00f3n de m\u00e1s de 20 a\u00f1os en el \u00e1mbito de la protecci\u00f3n civil\"}]},{\"@type\":\"WebSite\",\"@id\":\"https:\\\/\\\/www.laguiadepamplona.com\\\/actualidad\\\/#website\",\"url\":\"https:\\\/\\\/www.laguiadepamplona.com\\\/actualidad\\\/\",\"name\":\"La gu\u00eda de Pamplona\",\"description\":\"Noticias de Pamplona\",\"publisher\":{\"@id\":\"https:\\\/\\\/www.laguiadepamplona.com\\\/actualidad\\\/#organization\"},\"potentialAction\":[{\"@type\":\"SearchAction\",\"target\":{\"@type\":\"EntryPoint\",\"urlTemplate\":\"https:\\\/\\\/www.laguiadepamplona.com\\\/actualidad\\\/?s={search_term_string}\"},\"query-input\":{\"@type\":\"PropertyValueSpecification\",\"valueRequired\":true,\"valueName\":\"search_term_string\"}}],\"inLanguage\":\"es\"},{\"@type\":\"Organization\",\"@id\":\"https:\\\/\\\/www.laguiadepamplona.com\\\/actualidad\\\/#organization\",\"name\":\"La Gu\u00eda de Pamplona \\\/ Noticias\",\"url\":\"https:\\\/\\\/www.laguiadepamplona.com\\\/actualidad\\\/\",\"logo\":{\"@type\":\"ImageObject\",\"inLanguage\":\"es\",\"@id\":\"https:\\\/\\\/www.laguiadepamplona.com\\\/actualidad\\\/#\\\/schema\\\/logo\\\/image\\\/\",\"url\":\"https:\\\/\\\/www.laguiadepamplona.com\\\/actualidad\\\/wp-content\\\/uploads\\\/2018\\\/11\\\/logo-laguiadepamplona18-web1.png\",\"contentUrl\":\"https:\\\/\\\/www.laguiadepamplona.com\\\/actualidad\\\/wp-content\\\/uploads\\\/2018\\\/11\\\/logo-laguiadepamplona18-web1.png\",\"width\":600,\"height\":196,\"caption\":\"La Gu\u00eda de Pamplona \\\/ Noticias\"},\"image\":{\"@id\":\"https:\\\/\\\/www.laguiadepamplona.com\\\/actualidad\\\/#\\\/schema\\\/logo\\\/image\\\/\"},\"sameAs\":[\"https:\\\/\\\/www.facebook.com\\\/laguiadepamplonacom-133175176762273\\\/?ref=hl\",\"https:\\\/\\\/x.com\\\/LaGuiadPamplona\",\"https:\\\/\\\/www.instagram.com\\\/la_guia_de_pamplona\\\/\",\"https:\\\/\\\/www.youtube.com\\\/user\\\/laguiadepamplona\"]},{\"@type\":\"Person\",\"@id\":\"https:\\\/\\\/www.laguiadepamplona.com\\\/actualidad\\\/#\\\/schema\\\/person\\\/efe887376f0213d4657c93adc50b1fdb\",\"name\":\"La Gu\u00eda de Pamplona\",\"image\":{\"@type\":\"ImageObject\",\"inLanguage\":\"es\",\"@id\":\"https:\\\/\\\/secure.gravatar.com\\\/avatar\\\/b6992f131dc8d30ab0dff15446e9d346d9dbd95992de0fef795073f5ea83a81c?s=96&d=mm&r=g\",\"url\":\"https:\\\/\\\/secure.gravatar.com\\\/avatar\\\/b6992f131dc8d30ab0dff15446e9d346d9dbd95992de0fef795073f5ea83a81c?s=96&d=mm&r=g\",\"contentUrl\":\"https:\\\/\\\/secure.gravatar.com\\\/avatar\\\/b6992f131dc8d30ab0dff15446e9d346d9dbd95992de0fef795073f5ea83a81c?s=96&d=mm&r=g\",\"caption\":\"La Gu\u00eda de Pamplona\"}}]}<\/script>\n<!-- \/ Yoast SEO plugin. -->","yoast_head_json":{"title":"El Ayuntamiento de Pamplona y DYA Navarra revalidan por convenio su colaboraci\u00f3n de m\u00e1s de 20 a\u00f1os en el \u00e1mbito de la protecci\u00f3n civil","description":"Esta entidad refuerza con sus medios la labor de la administraci\u00f3n en planes de emergencia, situaciones clim\u00e1ticas extremas o eventos p\u00fablicos","robots":{"index":"index","follow":"follow","max-snippet":"max-snippet:-1","max-image-preview":"max-image-preview:large","max-video-preview":"max-video-preview:-1"},"canonical":"https:\/\/www.laguiadepamplona.com\/actualidad\/el-ayuntamiento-de-pamplona-y-dya-navarra-revalidan-por-convenio-su-colaboracion-de-mas-de-20-anos-en-el-ambito-de-la-proteccion-civil\/","og_locale":"es_ES","og_type":"article","og_title":"El Ayuntamiento de Pamplona y DYA Navarra revalidan por convenio su colaboraci\u00f3n de m\u00e1s de 20 a\u00f1os en el \u00e1mbito de la protecci\u00f3n civil","og_description":"Esta entidad refuerza con sus medios la labor de la administraci\u00f3n en planes de emergencia, situaciones clim\u00e1ticas extremas o eventos p\u00fablicos","og_url":"https:\/\/www.laguiadepamplona.com\/actualidad\/el-ayuntamiento-de-pamplona-y-dya-navarra-revalidan-por-convenio-su-colaboracion-de-mas-de-20-anos-en-el-ambito-de-la-proteccion-civil\/","og_site_name":"La Gu\u00eda de Pamplona","article_publisher":"https:\/\/www.facebook.com\/laguiadepamplonacom-133175176762273\/?ref=hl","article_published_time":"2025-02-27T18:40:29+00:00","og_image":[{"width":1000,"height":666,"url":"https:\/\/www.laguiadepamplona.com\/actualidad\/wp-content\/uploads\/2025\/02\/firmadelconveniocondyanavarra2_0.webp","type":"image\/webp"}],"author":"La Gu\u00eda de Pamplona","twitter_card":"summary_large_image","twitter_creator":"@LaGuiadPamplona","twitter_site":"@LaGuiadPamplona","twitter_misc":{"Escrito por":"La Gu\u00eda de Pamplona","Tiempo de lectura":"4 minutos"},"schema":{"@context":"https:\/\/schema.org","@graph":[{"@type":"Article","@id":"https:\/\/www.laguiadepamplona.com\/actualidad\/el-ayuntamiento-de-pamplona-y-dya-navarra-revalidan-por-convenio-su-colaboracion-de-mas-de-20-anos-en-el-ambito-de-la-proteccion-civil\/#article","isPartOf":{"@id":"https:\/\/www.laguiadepamplona.com\/actualidad\/el-ayuntamiento-de-pamplona-y-dya-navarra-revalidan-por-convenio-su-colaboracion-de-mas-de-20-anos-en-el-ambito-de-la-proteccion-civil\/"},"author":{"name":"La Gu\u00eda de Pamplona","@id":"https:\/\/www.laguiadepamplona.com\/actualidad\/#\/schema\/person\/efe887376f0213d4657c93adc50b1fdb"},"headline":"El Ayuntamiento de Pamplona y DYA Navarra revalidan por convenio su colaboraci\u00f3n de m\u00e1s de 20 a\u00f1os en el \u00e1mbito de la protecci\u00f3n civil","datePublished":"2025-02-27T18:40:29+00:00","mainEntityOfPage":{"@id":"https:\/\/www.laguiadepamplona.com\/actualidad\/el-ayuntamiento-de-pamplona-y-dya-navarra-revalidan-por-convenio-su-colaboracion-de-mas-de-20-anos-en-el-ambito-de-la-proteccion-civil\/"},"wordCount":768,"commentCount":0,"publisher":{"@id":"https:\/\/www.laguiadepamplona.com\/actualidad\/#organization"},"image":{"@id":"https:\/\/www.laguiadepamplona.com\/actualidad\/el-ayuntamiento-de-pamplona-y-dya-navarra-revalidan-por-convenio-su-colaboracion-de-mas-de-20-anos-en-el-ambito-de-la-proteccion-civil\/#primaryimage"},"thumbnailUrl":"https:\/\/www.laguiadepamplona.com\/actualidad\/wp-content\/uploads\/2025\/02\/firmadelconveniocondyanavarra2_0.webp","articleSection":["Ayto Pamplona"],"inLanguage":"es","potentialAction":[{"@type":"CommentAction","name":"Comment","target":["https:\/\/www.laguiadepamplona.com\/actualidad\/el-ayuntamiento-de-pamplona-y-dya-navarra-revalidan-por-convenio-su-colaboracion-de-mas-de-20-anos-en-el-ambito-de-la-proteccion-civil\/#respond"]}]},{"@type":"WebPage","@id":"https:\/\/www.laguiadepamplona.com\/actualidad\/el-ayuntamiento-de-pamplona-y-dya-navarra-revalidan-por-convenio-su-colaboracion-de-mas-de-20-anos-en-el-ambito-de-la-proteccion-civil\/","url":"https:\/\/www.laguiadepamplona.com\/actualidad\/el-ayuntamiento-de-pamplona-y-dya-navarra-revalidan-por-convenio-su-colaboracion-de-mas-de-20-anos-en-el-ambito-de-la-proteccion-civil\/","name":"El Ayuntamiento de Pamplona y DYA Navarra revalidan por convenio su colaboraci\u00f3n de m\u00e1s de 20 a\u00f1os en el \u00e1mbito de la protecci\u00f3n civil","isPartOf":{"@id":"https:\/\/www.laguiadepamplona.com\/actualidad\/#website"},"primaryImageOfPage":{"@id":"https:\/\/www.laguiadepamplona.com\/actualidad\/el-ayuntamiento-de-pamplona-y-dya-navarra-revalidan-por-convenio-su-colaboracion-de-mas-de-20-anos-en-el-ambito-de-la-proteccion-civil\/#primaryimage"},"image":{"@id":"https:\/\/www.laguiadepamplona.com\/actualidad\/el-ayuntamiento-de-pamplona-y-dya-navarra-revalidan-por-convenio-su-colaboracion-de-mas-de-20-anos-en-el-ambito-de-la-proteccion-civil\/#primaryimage"},"thumbnailUrl":"https:\/\/www.laguiadepamplona.com\/actualidad\/wp-content\/uploads\/2025\/02\/firmadelconveniocondyanavarra2_0.webp","datePublished":"2025-02-27T18:40:29+00:00","description":"Esta entidad refuerza con sus medios la labor de la administraci\u00f3n en planes de emergencia, situaciones clim\u00e1ticas extremas o eventos p\u00fablicos","breadcrumb":{"@id":"https:\/\/www.laguiadepamplona.com\/actualidad\/el-ayuntamiento-de-pamplona-y-dya-navarra-revalidan-por-convenio-su-colaboracion-de-mas-de-20-anos-en-el-ambito-de-la-proteccion-civil\/#breadcrumb"},"inLanguage":"es","potentialAction":[{"@type":"ReadAction","target":["https:\/\/www.laguiadepamplona.com\/actualidad\/el-ayuntamiento-de-pamplona-y-dya-navarra-revalidan-por-convenio-su-colaboracion-de-mas-de-20-anos-en-el-ambito-de-la-proteccion-civil\/"]}]},{"@type":"ImageObject","inLanguage":"es","@id":"https:\/\/www.laguiadepamplona.com\/actualidad\/el-ayuntamiento-de-pamplona-y-dya-navarra-revalidan-por-convenio-su-colaboracion-de-mas-de-20-anos-en-el-ambito-de-la-proteccion-civil\/#primaryimage","url":"https:\/\/www.laguiadepamplona.com\/actualidad\/wp-content\/uploads\/2025\/02\/firmadelconveniocondyanavarra2_0.webp","contentUrl":"https:\/\/www.laguiadepamplona.com\/actualidad\/wp-content\/uploads\/2025\/02\/firmadelconveniocondyanavarra2_0.webp","width":1000,"height":666,"caption":"firma del convenio con DYA"},{"@type":"BreadcrumbList","@id":"https:\/\/www.laguiadepamplona.com\/actualidad\/el-ayuntamiento-de-pamplona-y-dya-navarra-revalidan-por-convenio-su-colaboracion-de-mas-de-20-anos-en-el-ambito-de-la-proteccion-civil\/#breadcrumb","itemListElement":[{"@type":"ListItem","position":1,"name":"Portada","item":"https:\/\/www.laguiadepamplona.com\/actualidad\/"},{"@type":"ListItem","position":2,"name":"El Ayuntamiento de Pamplona y DYA Navarra revalidan por convenio su colaboraci\u00f3n de m\u00e1s de 20 a\u00f1os en el \u00e1mbito de la protecci\u00f3n civil"}]},{"@type":"WebSite","@id":"https:\/\/www.laguiadepamplona.com\/actualidad\/#website","url":"https:\/\/www.laguiadepamplona.com\/actualidad\/","name":"La gu\u00eda de Pamplona","description":"Noticias de Pamplona","publisher":{"@id":"https:\/\/www.laguiadepamplona.com\/actualidad\/#organization"},"potentialAction":[{"@type":"SearchAction","target":{"@type":"EntryPoint","urlTemplate":"https:\/\/www.laguiadepamplona.com\/actualidad\/?s={search_term_string}"},"query-input":{"@type":"PropertyValueSpecification","valueRequired":true,"valueName":"search_term_string"}}],"inLanguage":"es"},{"@type":"Organization","@id":"https:\/\/www.laguiadepamplona.com\/actualidad\/#organization","name":"La Gu\u00eda de Pamplona \/ Noticias","url":"https:\/\/www.laguiadepamplona.com\/actualidad\/","logo":{"@type":"ImageObject","inLanguage":"es","@id":"https:\/\/www.laguiadepamplona.com\/actualidad\/#\/schema\/logo\/image\/","url":"https:\/\/www.laguiadepamplona.com\/actualidad\/wp-content\/uploads\/2018\/11\/logo-laguiadepamplona18-web1.png","contentUrl":"https:\/\/www.laguiadepamplona.com\/actualidad\/wp-content\/uploads\/2018\/11\/logo-laguiadepamplona18-web1.png","width":600,"height":196,"caption":"La Gu\u00eda de Pamplona \/ Noticias"},"image":{"@id":"https:\/\/www.laguiadepamplona.com\/actualidad\/#\/schema\/logo\/image\/"},"sameAs":["https:\/\/www.facebook.com\/laguiadepamplonacom-133175176762273\/?ref=hl","https:\/\/x.com\/LaGuiadPamplona","https:\/\/www.instagram.com\/la_guia_de_pamplona\/","https:\/\/www.youtube.com\/user\/laguiadepamplona"]},{"@type":"Person","@id":"https:\/\/www.laguiadepamplona.com\/actualidad\/#\/schema\/person\/efe887376f0213d4657c93adc50b1fdb","name":"La Gu\u00eda de Pamplona","image":{"@type":"ImageObject","inLanguage":"es","@id":"https:\/\/secure.gravatar.com\/avatar\/b6992f131dc8d30ab0dff15446e9d346d9dbd95992de0fef795073f5ea83a81c?s=96&d=mm&r=g","url":"https:\/\/secure.gravatar.com\/avatar\/b6992f131dc8d30ab0dff15446e9d346d9dbd95992de0fef795073f5ea83a81c?s=96&d=mm&r=g","contentUrl":"https:\/\/secure.gravatar.com\/avatar\/b6992f131dc8d30ab0dff15446e9d346d9dbd95992de0fef795073f5ea83a81c?s=96&d=mm&r=g","caption":"La Gu\u00eda de Pamplona"}}]}},"post_mailing_queue_ids":[],"_links":{"self":[{"href":"https:\/\/www.laguiadepamplona.com\/actualidad\/wp-json\/wp\/v2\/posts\/52224","targetHints":{"allow":["GET"]}}],"collection":[{"href":"https:\/\/www.laguiadepamplona.com\/actualidad\/wp-json\/wp\/v2\/posts"}],"about":[{"href":"https:\/\/www.laguiadepamplona.com\/actualidad\/wp-json\/wp\/v2\/types\/post"}],"author":[{"embeddable":true,"href":"https:\/\/www.laguiadepamplona.com\/actualidad\/wp-json\/wp\/v2\/users\/1"}],"replies":[{"embeddable":true,"href":"https:\/\/www.laguiadepamplona.com\/actualidad\/wp-json\/wp\/v2\/comments?post=52224"}],"version-history":[{"count":1,"href":"https:\/\/www.laguiadepamplona.com\/actualidad\/wp-json\/wp\/v2\/posts\/52224\/revisions"}],"predecessor-version":[{"id":52226,"href":"https:\/\/www.laguiadepamplona.com\/actualidad\/wp-json\/wp\/v2\/posts\/52224\/revisions\/52226"}],"wp:featuredmedia":[{"embeddable":true,"href":"https:\/\/www.laguiadepamplona.com\/actualidad\/wp-json\/wp\/v2\/media\/52225"}],"wp:attachment":[{"href":"https:\/\/www.laguiadepamplona.com\/actualidad\/wp-json\/wp\/v2\/media?parent=52224"}],"wp:term":[{"taxonomy":"category","embeddable":true,"href":"https:\/\/www.laguiadepamplona.com\/actualidad\/wp-json\/wp\/v2\/categories?post=52224"},{"taxonomy":"post_tag","embeddable":true,"href":"https:\/\/www.laguiadepamplona.com\/actualidad\/wp-json\/wp\/v2\/tags?post=52224"}],"curies":[{"name":"wp","href":"https:\/\/api.w.org\/{rel}","templated":true}]}}