{"id":52221,"date":"2025-02-27T20:37:34","date_gmt":"2025-02-27T18:37:34","guid":{"rendered":"https:\/\/www.laguiadepamplona.com\/actualidad\/?p=52221"},"modified":"2025-02-27T20:37:34","modified_gmt":"2025-02-27T18:37:34","slug":"aprobada-la-contratacion-de-las-dos-empresas-que-prestaran-los-servicios-de-agencia-de-noticias-a-traves-de-un-acuerdo-marco","status":"publish","type":"post","link":"https:\/\/www.laguiadepamplona.com\/actualidad\/aprobada-la-contratacion-de-las-dos-empresas-que-prestaran-los-servicios-de-agencia-de-noticias-a-traves-de-un-acuerdo-marco\/","title":{"rendered":"Aprobada la contrataci\u00f3n de las dos empresas que prestar\u00e1n los servicios de agencia de noticias a trav\u00e9s de un acuerdo marco"},"content":{"rendered":"<h2>Se contrata un servicio de recepci\u00f3n continua de noticias locales, regional o nacional, as\u00ed como la difusi\u00f3n de las informaciones municipales<\/h2>\n<p><!--more--><\/p>\n<p>La Junta de Gobierno Local ha aprobado la adjudicaci\u00f3n del acuerdo marco para la selecci\u00f3n de empresas que prestar\u00e1n los servicios de agencias de noticias para el Ayuntamiento de Pamplona. Se contrata con dos empresas para garantizar una mejor cobertura y una mayor pluralidad informativa. El servicio que ofrecen consiste en la recepci\u00f3n continua de teletipos a nivel local, regional y nacional, y en la difusi\u00f3n de las informaciones generadas por el Ayuntamiento de Pamplona.<\/p>\n<p>Se adjudica el contrato a las empresas Agencia Europa Press SL y Agencia EFE SAU, por importe de 15.125 euros y 14.999,46 euros, respectivamente. El acuerdo marco tienen vigencia de un a\u00f1o con opci\u00f3n a dos pr\u00f3rrogas anuales m\u00e1s. Tres son los trabajos principales que llevar\u00e1n a cabo ambas agencias. Por una parte, se contrata un servicio de transmisi\u00f3n de noticias en tiempo real todos los d\u00edas del a\u00f1o, incluidos s\u00e1bados, domingos y festivos, y al menos entre las 8 y las 21 horas. Ese servicio proporcionar\u00e1 informaciones de car\u00e1cter pol\u00edtico, judicial y tambi\u00e9n de car\u00e1cter social y cultural.<\/p>\n<p>Por otra, se incluye un servicio de hemeroteca, con el que suministra un amplio contenido documental hist\u00f3rico de hechos informativos acaecidos a nivel regional y\/o nacional como servicios de base de dato, mediante un entorno web de acceso restringido que permita almacenar y gestionar dicha informaci\u00f3n hist\u00f3rico y documental. En tercer lugar, las agencias contratadas se comprometen a la difusi\u00f3n de las informaciones generadas por el Ayuntamiento de Pamplona, tanto de las notas de prensa municipales como de las convocatorias de actos informativos e institucionales que se lleven a cabo.<\/p>\n","protected":false},"excerpt":{"rendered":"<p>Se contrata un servicio de recepci\u00f3n continua de noticias locales, regional o nacional, as\u00ed como la difusi\u00f3n de las informaciones municipales<\/p>\n","protected":false},"author":1,"featured_media":52222,"comment_status":"open","ping_status":"closed","sticky":false,"template":"","format":"standard","meta":{"footnotes":""},"categories":[2],"tags":[],"class_list":["post-52221","post","type-post","status-publish","format-standard","has-post-thumbnail","hentry","category-ayuntamiento-pamplona"],"yoast_head":"<!-- This site is optimized with the Yoast SEO plugin v27.3 - https:\/\/yoast.com\/product\/yoast-seo-wordpress\/ -->\n<title>Aprobada la contrataci\u00f3n de las dos empresas que prestar\u00e1n los servicios de agencia de noticias a trav\u00e9s de un acuerdo marco<\/title>\n<meta name=\"description\" content=\"Se contrata un servicio de recepci\u00f3n continua de noticias locales, regional o nacional, as\u00ed como la difusi\u00f3n de las informaciones municipales\" \/>\n<meta name=\"robots\" content=\"index, follow, max-snippet:-1, max-image-preview:large, max-video-preview:-1\" \/>\n<link rel=\"canonical\" href=\"https:\/\/www.laguiadepamplona.com\/actualidad\/aprobada-la-contratacion-de-las-dos-empresas-que-prestaran-los-servicios-de-agencia-de-noticias-a-traves-de-un-acuerdo-marco\/\" \/>\n<meta property=\"og:locale\" content=\"es_ES\" \/>\n<meta property=\"og:type\" content=\"article\" \/>\n<meta property=\"og:title\" content=\"Aprobada la contrataci\u00f3n de las dos empresas que prestar\u00e1n los servicios de agencia de noticias a trav\u00e9s de un acuerdo marco\" \/>\n<meta property=\"og:description\" content=\"Se contrata un servicio de recepci\u00f3n continua de noticias locales, regional o nacional, as\u00ed como la difusi\u00f3n de las informaciones municipales\" \/>\n<meta property=\"og:url\" content=\"https:\/\/www.laguiadepamplona.com\/actualidad\/aprobada-la-contratacion-de-las-dos-empresas-que-prestaran-los-servicios-de-agencia-de-noticias-a-traves-de-un-acuerdo-marco\/\" \/>\n<meta property=\"og:site_name\" content=\"La Gu\u00eda de Pamplona\" \/>\n<meta property=\"article:publisher\" content=\"https:\/\/www.facebook.com\/laguiadepamplonacom-133175176762273\/?ref=hl\" \/>\n<meta property=\"article:published_time\" content=\"2025-02-27T18:37:34+00:00\" \/>\n<meta property=\"og:image\" content=\"https:\/\/www.laguiadepamplona.com\/actualidad\/wp-content\/uploads\/2025\/02\/agencias-de-noticias_web_0.webp\" \/>\n\t<meta property=\"og:image:width\" content=\"1000\" \/>\n\t<meta property=\"og:image:height\" content=\"667\" \/>\n\t<meta property=\"og:image:type\" content=\"image\/webp\" \/>\n<meta name=\"author\" content=\"La Gu\u00eda de Pamplona\" \/>\n<meta name=\"twitter:card\" content=\"summary_large_image\" \/>\n<meta name=\"twitter:creator\" content=\"@LaGuiadPamplona\" \/>\n<meta name=\"twitter:site\" content=\"@LaGuiadPamplona\" \/>\n<meta name=\"twitter:label1\" content=\"Escrito por\" \/>\n\t<meta name=\"twitter:data1\" content=\"La Gu\u00eda de Pamplona\" \/>\n\t<meta name=\"twitter:label2\" content=\"Tiempo de lectura\" \/>\n\t<meta name=\"twitter:data2\" content=\"2 minutos\" \/>\n<script type=\"application\/ld+json\" class=\"yoast-schema-graph\">{\"@context\":\"https:\\\/\\\/schema.org\",\"@graph\":[{\"@type\":\"Article\",\"@id\":\"https:\\\/\\\/www.laguiadepamplona.com\\\/actualidad\\\/aprobada-la-contratacion-de-las-dos-empresas-que-prestaran-los-servicios-de-agencia-de-noticias-a-traves-de-un-acuerdo-marco\\\/#article\",\"isPartOf\":{\"@id\":\"https:\\\/\\\/www.laguiadepamplona.com\\\/actualidad\\\/aprobada-la-contratacion-de-las-dos-empresas-que-prestaran-los-servicios-de-agencia-de-noticias-a-traves-de-un-acuerdo-marco\\\/\"},\"author\":{\"name\":\"La Gu\u00eda de Pamplona\",\"@id\":\"https:\\\/\\\/www.laguiadepamplona.com\\\/actualidad\\\/#\\\/schema\\\/person\\\/efe887376f0213d4657c93adc50b1fdb\"},\"headline\":\"Aprobada la contrataci\u00f3n de las dos empresas que prestar\u00e1n los servicios de agencia de noticias a trav\u00e9s de un acuerdo marco\",\"datePublished\":\"2025-02-27T18:37:34+00:00\",\"mainEntityOfPage\":{\"@id\":\"https:\\\/\\\/www.laguiadepamplona.com\\\/actualidad\\\/aprobada-la-contratacion-de-las-dos-empresas-que-prestaran-los-servicios-de-agencia-de-noticias-a-traves-de-un-acuerdo-marco\\\/\"},\"wordCount\":330,\"commentCount\":0,\"publisher\":{\"@id\":\"https:\\\/\\\/www.laguiadepamplona.com\\\/actualidad\\\/#organization\"},\"image\":{\"@id\":\"https:\\\/\\\/www.laguiadepamplona.com\\\/actualidad\\\/aprobada-la-contratacion-de-las-dos-empresas-que-prestaran-los-servicios-de-agencia-de-noticias-a-traves-de-un-acuerdo-marco\\\/#primaryimage\"},\"thumbnailUrl\":\"https:\\\/\\\/www.laguiadepamplona.com\\\/actualidad\\\/wp-content\\\/uploads\\\/2025\\\/02\\\/agencias-de-noticias_web_0.webp\",\"articleSection\":[\"Ayto Pamplona\"],\"inLanguage\":\"es\",\"potentialAction\":[{\"@type\":\"CommentAction\",\"name\":\"Comment\",\"target\":[\"https:\\\/\\\/www.laguiadepamplona.com\\\/actualidad\\\/aprobada-la-contratacion-de-las-dos-empresas-que-prestaran-los-servicios-de-agencia-de-noticias-a-traves-de-un-acuerdo-marco\\\/#respond\"]}]},{\"@type\":\"WebPage\",\"@id\":\"https:\\\/\\\/www.laguiadepamplona.com\\\/actualidad\\\/aprobada-la-contratacion-de-las-dos-empresas-que-prestaran-los-servicios-de-agencia-de-noticias-a-traves-de-un-acuerdo-marco\\\/\",\"url\":\"https:\\\/\\\/www.laguiadepamplona.com\\\/actualidad\\\/aprobada-la-contratacion-de-las-dos-empresas-que-prestaran-los-servicios-de-agencia-de-noticias-a-traves-de-un-acuerdo-marco\\\/\",\"name\":\"Aprobada la contrataci\u00f3n de las dos empresas que prestar\u00e1n los servicios de agencia de noticias a trav\u00e9s de un acuerdo marco\",\"isPartOf\":{\"@id\":\"https:\\\/\\\/www.laguiadepamplona.com\\\/actualidad\\\/#website\"},\"primaryImageOfPage\":{\"@id\":\"https:\\\/\\\/www.laguiadepamplona.com\\\/actualidad\\\/aprobada-la-contratacion-de-las-dos-empresas-que-prestaran-los-servicios-de-agencia-de-noticias-a-traves-de-un-acuerdo-marco\\\/#primaryimage\"},\"image\":{\"@id\":\"https:\\\/\\\/www.laguiadepamplona.com\\\/actualidad\\\/aprobada-la-contratacion-de-las-dos-empresas-que-prestaran-los-servicios-de-agencia-de-noticias-a-traves-de-un-acuerdo-marco\\\/#primaryimage\"},\"thumbnailUrl\":\"https:\\\/\\\/www.laguiadepamplona.com\\\/actualidad\\\/wp-content\\\/uploads\\\/2025\\\/02\\\/agencias-de-noticias_web_0.webp\",\"datePublished\":\"2025-02-27T18:37:34+00:00\",\"description\":\"Se contrata un servicio de recepci\u00f3n continua de noticias locales, regional o nacional, as\u00ed como la difusi\u00f3n de las informaciones municipales\",\"breadcrumb\":{\"@id\":\"https:\\\/\\\/www.laguiadepamplona.com\\\/actualidad\\\/aprobada-la-contratacion-de-las-dos-empresas-que-prestaran-los-servicios-de-agencia-de-noticias-a-traves-de-un-acuerdo-marco\\\/#breadcrumb\"},\"inLanguage\":\"es\",\"potentialAction\":[{\"@type\":\"ReadAction\",\"target\":[\"https:\\\/\\\/www.laguiadepamplona.com\\\/actualidad\\\/aprobada-la-contratacion-de-las-dos-empresas-que-prestaran-los-servicios-de-agencia-de-noticias-a-traves-de-un-acuerdo-marco\\\/\"]}]},{\"@type\":\"ImageObject\",\"inLanguage\":\"es\",\"@id\":\"https:\\\/\\\/www.laguiadepamplona.com\\\/actualidad\\\/aprobada-la-contratacion-de-las-dos-empresas-que-prestaran-los-servicios-de-agencia-de-noticias-a-traves-de-un-acuerdo-marco\\\/#primaryimage\",\"url\":\"https:\\\/\\\/www.laguiadepamplona.com\\\/actualidad\\\/wp-content\\\/uploads\\\/2025\\\/02\\\/agencias-de-noticias_web_0.webp\",\"contentUrl\":\"https:\\\/\\\/www.laguiadepamplona.com\\\/actualidad\\\/wp-content\\\/uploads\\\/2025\\\/02\\\/agencias-de-noticias_web_0.webp\",\"width\":1000,\"height\":667,\"caption\":\"agencias de noticias\"},{\"@type\":\"BreadcrumbList\",\"@id\":\"https:\\\/\\\/www.laguiadepamplona.com\\\/actualidad\\\/aprobada-la-contratacion-de-las-dos-empresas-que-prestaran-los-servicios-de-agencia-de-noticias-a-traves-de-un-acuerdo-marco\\\/#breadcrumb\",\"itemListElement\":[{\"@type\":\"ListItem\",\"position\":1,\"name\":\"Portada\",\"item\":\"https:\\\/\\\/www.laguiadepamplona.com\\\/actualidad\\\/\"},{\"@type\":\"ListItem\",\"position\":2,\"name\":\"Aprobada la contrataci\u00f3n de las dos empresas que prestar\u00e1n los servicios de agencia de noticias a trav\u00e9s de un acuerdo marco\"}]},{\"@type\":\"WebSite\",\"@id\":\"https:\\\/\\\/www.laguiadepamplona.com\\\/actualidad\\\/#website\",\"url\":\"https:\\\/\\\/www.laguiadepamplona.com\\\/actualidad\\\/\",\"name\":\"La gu\u00eda de Pamplona\",\"description\":\"Noticias de Pamplona\",\"publisher\":{\"@id\":\"https:\\\/\\\/www.laguiadepamplona.com\\\/actualidad\\\/#organization\"},\"potentialAction\":[{\"@type\":\"SearchAction\",\"target\":{\"@type\":\"EntryPoint\",\"urlTemplate\":\"https:\\\/\\\/www.laguiadepamplona.com\\\/actualidad\\\/?s={search_term_string}\"},\"query-input\":{\"@type\":\"PropertyValueSpecification\",\"valueRequired\":true,\"valueName\":\"search_term_string\"}}],\"inLanguage\":\"es\"},{\"@type\":\"Organization\",\"@id\":\"https:\\\/\\\/www.laguiadepamplona.com\\\/actualidad\\\/#organization\",\"name\":\"La Gu\u00eda de Pamplona \\\/ Noticias\",\"url\":\"https:\\\/\\\/www.laguiadepamplona.com\\\/actualidad\\\/\",\"logo\":{\"@type\":\"ImageObject\",\"inLanguage\":\"es\",\"@id\":\"https:\\\/\\\/www.laguiadepamplona.com\\\/actualidad\\\/#\\\/schema\\\/logo\\\/image\\\/\",\"url\":\"https:\\\/\\\/www.laguiadepamplona.com\\\/actualidad\\\/wp-content\\\/uploads\\\/2018\\\/11\\\/logo-laguiadepamplona18-web1.png\",\"contentUrl\":\"https:\\\/\\\/www.laguiadepamplona.com\\\/actualidad\\\/wp-content\\\/uploads\\\/2018\\\/11\\\/logo-laguiadepamplona18-web1.png\",\"width\":600,\"height\":196,\"caption\":\"La Gu\u00eda de Pamplona \\\/ Noticias\"},\"image\":{\"@id\":\"https:\\\/\\\/www.laguiadepamplona.com\\\/actualidad\\\/#\\\/schema\\\/logo\\\/image\\\/\"},\"sameAs\":[\"https:\\\/\\\/www.facebook.com\\\/laguiadepamplonacom-133175176762273\\\/?ref=hl\",\"https:\\\/\\\/x.com\\\/LaGuiadPamplona\",\"https:\\\/\\\/www.instagram.com\\\/la_guia_de_pamplona\\\/\",\"https:\\\/\\\/www.youtube.com\\\/user\\\/laguiadepamplona\"]},{\"@type\":\"Person\",\"@id\":\"https:\\\/\\\/www.laguiadepamplona.com\\\/actualidad\\\/#\\\/schema\\\/person\\\/efe887376f0213d4657c93adc50b1fdb\",\"name\":\"La Gu\u00eda de Pamplona\",\"image\":{\"@type\":\"ImageObject\",\"inLanguage\":\"es\",\"@id\":\"https:\\\/\\\/secure.gravatar.com\\\/avatar\\\/b6992f131dc8d30ab0dff15446e9d346d9dbd95992de0fef795073f5ea83a81c?s=96&d=mm&r=g\",\"url\":\"https:\\\/\\\/secure.gravatar.com\\\/avatar\\\/b6992f131dc8d30ab0dff15446e9d346d9dbd95992de0fef795073f5ea83a81c?s=96&d=mm&r=g\",\"contentUrl\":\"https:\\\/\\\/secure.gravatar.com\\\/avatar\\\/b6992f131dc8d30ab0dff15446e9d346d9dbd95992de0fef795073f5ea83a81c?s=96&d=mm&r=g\",\"caption\":\"La Gu\u00eda de Pamplona\"}}]}<\/script>\n<!-- \/ Yoast SEO plugin. -->","yoast_head_json":{"title":"Aprobada la contrataci\u00f3n de las dos empresas que prestar\u00e1n los servicios de agencia de noticias a trav\u00e9s de un acuerdo marco","description":"Se contrata un servicio de recepci\u00f3n continua de noticias locales, regional o nacional, as\u00ed como la difusi\u00f3n de las informaciones municipales","robots":{"index":"index","follow":"follow","max-snippet":"max-snippet:-1","max-image-preview":"max-image-preview:large","max-video-preview":"max-video-preview:-1"},"canonical":"https:\/\/www.laguiadepamplona.com\/actualidad\/aprobada-la-contratacion-de-las-dos-empresas-que-prestaran-los-servicios-de-agencia-de-noticias-a-traves-de-un-acuerdo-marco\/","og_locale":"es_ES","og_type":"article","og_title":"Aprobada la contrataci\u00f3n de las dos empresas que prestar\u00e1n los servicios de agencia de noticias a trav\u00e9s de un acuerdo marco","og_description":"Se contrata un servicio de recepci\u00f3n continua de noticias locales, regional o nacional, as\u00ed como la difusi\u00f3n de las informaciones municipales","og_url":"https:\/\/www.laguiadepamplona.com\/actualidad\/aprobada-la-contratacion-de-las-dos-empresas-que-prestaran-los-servicios-de-agencia-de-noticias-a-traves-de-un-acuerdo-marco\/","og_site_name":"La Gu\u00eda de Pamplona","article_publisher":"https:\/\/www.facebook.com\/laguiadepamplonacom-133175176762273\/?ref=hl","article_published_time":"2025-02-27T18:37:34+00:00","og_image":[{"width":1000,"height":667,"url":"https:\/\/www.laguiadepamplona.com\/actualidad\/wp-content\/uploads\/2025\/02\/agencias-de-noticias_web_0.webp","type":"image\/webp"}],"author":"La Gu\u00eda de Pamplona","twitter_card":"summary_large_image","twitter_creator":"@LaGuiadPamplona","twitter_site":"@LaGuiadPamplona","twitter_misc":{"Escrito por":"La Gu\u00eda de Pamplona","Tiempo de lectura":"2 minutos"},"schema":{"@context":"https:\/\/schema.org","@graph":[{"@type":"Article","@id":"https:\/\/www.laguiadepamplona.com\/actualidad\/aprobada-la-contratacion-de-las-dos-empresas-que-prestaran-los-servicios-de-agencia-de-noticias-a-traves-de-un-acuerdo-marco\/#article","isPartOf":{"@id":"https:\/\/www.laguiadepamplona.com\/actualidad\/aprobada-la-contratacion-de-las-dos-empresas-que-prestaran-los-servicios-de-agencia-de-noticias-a-traves-de-un-acuerdo-marco\/"},"author":{"name":"La Gu\u00eda de Pamplona","@id":"https:\/\/www.laguiadepamplona.com\/actualidad\/#\/schema\/person\/efe887376f0213d4657c93adc50b1fdb"},"headline":"Aprobada la contrataci\u00f3n de las dos empresas que prestar\u00e1n los servicios de agencia de noticias a trav\u00e9s de un acuerdo marco","datePublished":"2025-02-27T18:37:34+00:00","mainEntityOfPage":{"@id":"https:\/\/www.laguiadepamplona.com\/actualidad\/aprobada-la-contratacion-de-las-dos-empresas-que-prestaran-los-servicios-de-agencia-de-noticias-a-traves-de-un-acuerdo-marco\/"},"wordCount":330,"commentCount":0,"publisher":{"@id":"https:\/\/www.laguiadepamplona.com\/actualidad\/#organization"},"image":{"@id":"https:\/\/www.laguiadepamplona.com\/actualidad\/aprobada-la-contratacion-de-las-dos-empresas-que-prestaran-los-servicios-de-agencia-de-noticias-a-traves-de-un-acuerdo-marco\/#primaryimage"},"thumbnailUrl":"https:\/\/www.laguiadepamplona.com\/actualidad\/wp-content\/uploads\/2025\/02\/agencias-de-noticias_web_0.webp","articleSection":["Ayto Pamplona"],"inLanguage":"es","potentialAction":[{"@type":"CommentAction","name":"Comment","target":["https:\/\/www.laguiadepamplona.com\/actualidad\/aprobada-la-contratacion-de-las-dos-empresas-que-prestaran-los-servicios-de-agencia-de-noticias-a-traves-de-un-acuerdo-marco\/#respond"]}]},{"@type":"WebPage","@id":"https:\/\/www.laguiadepamplona.com\/actualidad\/aprobada-la-contratacion-de-las-dos-empresas-que-prestaran-los-servicios-de-agencia-de-noticias-a-traves-de-un-acuerdo-marco\/","url":"https:\/\/www.laguiadepamplona.com\/actualidad\/aprobada-la-contratacion-de-las-dos-empresas-que-prestaran-los-servicios-de-agencia-de-noticias-a-traves-de-un-acuerdo-marco\/","name":"Aprobada la contrataci\u00f3n de las dos empresas que prestar\u00e1n los servicios de agencia de noticias a trav\u00e9s de un acuerdo marco","isPartOf":{"@id":"https:\/\/www.laguiadepamplona.com\/actualidad\/#website"},"primaryImageOfPage":{"@id":"https:\/\/www.laguiadepamplona.com\/actualidad\/aprobada-la-contratacion-de-las-dos-empresas-que-prestaran-los-servicios-de-agencia-de-noticias-a-traves-de-un-acuerdo-marco\/#primaryimage"},"image":{"@id":"https:\/\/www.laguiadepamplona.com\/actualidad\/aprobada-la-contratacion-de-las-dos-empresas-que-prestaran-los-servicios-de-agencia-de-noticias-a-traves-de-un-acuerdo-marco\/#primaryimage"},"thumbnailUrl":"https:\/\/www.laguiadepamplona.com\/actualidad\/wp-content\/uploads\/2025\/02\/agencias-de-noticias_web_0.webp","datePublished":"2025-02-27T18:37:34+00:00","description":"Se contrata un servicio de recepci\u00f3n continua de noticias locales, regional o nacional, as\u00ed como la difusi\u00f3n de las informaciones municipales","breadcrumb":{"@id":"https:\/\/www.laguiadepamplona.com\/actualidad\/aprobada-la-contratacion-de-las-dos-empresas-que-prestaran-los-servicios-de-agencia-de-noticias-a-traves-de-un-acuerdo-marco\/#breadcrumb"},"inLanguage":"es","potentialAction":[{"@type":"ReadAction","target":["https:\/\/www.laguiadepamplona.com\/actualidad\/aprobada-la-contratacion-de-las-dos-empresas-que-prestaran-los-servicios-de-agencia-de-noticias-a-traves-de-un-acuerdo-marco\/"]}]},{"@type":"ImageObject","inLanguage":"es","@id":"https:\/\/www.laguiadepamplona.com\/actualidad\/aprobada-la-contratacion-de-las-dos-empresas-que-prestaran-los-servicios-de-agencia-de-noticias-a-traves-de-un-acuerdo-marco\/#primaryimage","url":"https:\/\/www.laguiadepamplona.com\/actualidad\/wp-content\/uploads\/2025\/02\/agencias-de-noticias_web_0.webp","contentUrl":"https:\/\/www.laguiadepamplona.com\/actualidad\/wp-content\/uploads\/2025\/02\/agencias-de-noticias_web_0.webp","width":1000,"height":667,"caption":"agencias de noticias"},{"@type":"BreadcrumbList","@id":"https:\/\/www.laguiadepamplona.com\/actualidad\/aprobada-la-contratacion-de-las-dos-empresas-que-prestaran-los-servicios-de-agencia-de-noticias-a-traves-de-un-acuerdo-marco\/#breadcrumb","itemListElement":[{"@type":"ListItem","position":1,"name":"Portada","item":"https:\/\/www.laguiadepamplona.com\/actualidad\/"},{"@type":"ListItem","position":2,"name":"Aprobada la contrataci\u00f3n de las dos empresas que prestar\u00e1n los servicios de agencia de noticias a trav\u00e9s de un acuerdo marco"}]},{"@type":"WebSite","@id":"https:\/\/www.laguiadepamplona.com\/actualidad\/#website","url":"https:\/\/www.laguiadepamplona.com\/actualidad\/","name":"La gu\u00eda de Pamplona","description":"Noticias de Pamplona","publisher":{"@id":"https:\/\/www.laguiadepamplona.com\/actualidad\/#organization"},"potentialAction":[{"@type":"SearchAction","target":{"@type":"EntryPoint","urlTemplate":"https:\/\/www.laguiadepamplona.com\/actualidad\/?s={search_term_string}"},"query-input":{"@type":"PropertyValueSpecification","valueRequired":true,"valueName":"search_term_string"}}],"inLanguage":"es"},{"@type":"Organization","@id":"https:\/\/www.laguiadepamplona.com\/actualidad\/#organization","name":"La Gu\u00eda de Pamplona \/ Noticias","url":"https:\/\/www.laguiadepamplona.com\/actualidad\/","logo":{"@type":"ImageObject","inLanguage":"es","@id":"https:\/\/www.laguiadepamplona.com\/actualidad\/#\/schema\/logo\/image\/","url":"https:\/\/www.laguiadepamplona.com\/actualidad\/wp-content\/uploads\/2018\/11\/logo-laguiadepamplona18-web1.png","contentUrl":"https:\/\/www.laguiadepamplona.com\/actualidad\/wp-content\/uploads\/2018\/11\/logo-laguiadepamplona18-web1.png","width":600,"height":196,"caption":"La Gu\u00eda de Pamplona \/ Noticias"},"image":{"@id":"https:\/\/www.laguiadepamplona.com\/actualidad\/#\/schema\/logo\/image\/"},"sameAs":["https:\/\/www.facebook.com\/laguiadepamplonacom-133175176762273\/?ref=hl","https:\/\/x.com\/LaGuiadPamplona","https:\/\/www.instagram.com\/la_guia_de_pamplona\/","https:\/\/www.youtube.com\/user\/laguiadepamplona"]},{"@type":"Person","@id":"https:\/\/www.laguiadepamplona.com\/actualidad\/#\/schema\/person\/efe887376f0213d4657c93adc50b1fdb","name":"La Gu\u00eda de Pamplona","image":{"@type":"ImageObject","inLanguage":"es","@id":"https:\/\/secure.gravatar.com\/avatar\/b6992f131dc8d30ab0dff15446e9d346d9dbd95992de0fef795073f5ea83a81c?s=96&d=mm&r=g","url":"https:\/\/secure.gravatar.com\/avatar\/b6992f131dc8d30ab0dff15446e9d346d9dbd95992de0fef795073f5ea83a81c?s=96&d=mm&r=g","contentUrl":"https:\/\/secure.gravatar.com\/avatar\/b6992f131dc8d30ab0dff15446e9d346d9dbd95992de0fef795073f5ea83a81c?s=96&d=mm&r=g","caption":"La Gu\u00eda de Pamplona"}}]}},"post_mailing_queue_ids":[],"_links":{"self":[{"href":"https:\/\/www.laguiadepamplona.com\/actualidad\/wp-json\/wp\/v2\/posts\/52221","targetHints":{"allow":["GET"]}}],"collection":[{"href":"https:\/\/www.laguiadepamplona.com\/actualidad\/wp-json\/wp\/v2\/posts"}],"about":[{"href":"https:\/\/www.laguiadepamplona.com\/actualidad\/wp-json\/wp\/v2\/types\/post"}],"author":[{"embeddable":true,"href":"https:\/\/www.laguiadepamplona.com\/actualidad\/wp-json\/wp\/v2\/users\/1"}],"replies":[{"embeddable":true,"href":"https:\/\/www.laguiadepamplona.com\/actualidad\/wp-json\/wp\/v2\/comments?post=52221"}],"version-history":[{"count":1,"href":"https:\/\/www.laguiadepamplona.com\/actualidad\/wp-json\/wp\/v2\/posts\/52221\/revisions"}],"predecessor-version":[{"id":52223,"href":"https:\/\/www.laguiadepamplona.com\/actualidad\/wp-json\/wp\/v2\/posts\/52221\/revisions\/52223"}],"wp:featuredmedia":[{"embeddable":true,"href":"https:\/\/www.laguiadepamplona.com\/actualidad\/wp-json\/wp\/v2\/media\/52222"}],"wp:attachment":[{"href":"https:\/\/www.laguiadepamplona.com\/actualidad\/wp-json\/wp\/v2\/media?parent=52221"}],"wp:term":[{"taxonomy":"category","embeddable":true,"href":"https:\/\/www.laguiadepamplona.com\/actualidad\/wp-json\/wp\/v2\/categories?post=52221"},{"taxonomy":"post_tag","embeddable":true,"href":"https:\/\/www.laguiadepamplona.com\/actualidad\/wp-json\/wp\/v2\/tags?post=52221"}],"curies":[{"name":"wp","href":"https:\/\/api.w.org\/{rel}","templated":true}]}}