{"id":52218,"date":"2025-02-26T14:37:55","date_gmt":"2025-02-26T12:37:55","guid":{"rendered":"https:\/\/www.laguiadepamplona.com\/actualidad\/?p=52218"},"modified":"2025-02-26T14:37:55","modified_gmt":"2025-02-26T12:37:55","slug":"esta-tarde-se-celebra-la-mesa-de-cesion-de-espacios-de-san-fermin-a-colectivos-de-la-diversidad-cultural","status":"publish","type":"post","link":"https:\/\/www.laguiadepamplona.com\/actualidad\/esta-tarde-se-celebra-la-mesa-de-cesion-de-espacios-de-san-fermin-a-colectivos-de-la-diversidad-cultural\/","title":{"rendered":"Esta tarde se celebra la Mesa de cesi\u00f3n de espacios de San Ferm\u00edn a colectivos de la diversidad cultural"},"content":{"rendered":"<h2>Esta mesa sectorial busca integrar a las asociaciones promoviendo la diversidad y la participaci\u00f3n de todo tipo de colectivos en la fiesta<\/h2>\n<p><!--more--><\/p>\n<p>La Mesa de cesi\u00f3n de espacios, un foro sectorial integrante de la Mesa General de San Ferm\u00edn, se celebra esta tarde. Convocada por la concejala de Cultura, Fiestas, Educaci\u00f3n y Deporte, Maider Beloki Unzu, est\u00e1 integrada por m\u00e1s de 80 colectivos relacionados con las fiestas. En esta segunda reuni\u00f3n en lo que va de a\u00f1o, se quiere hacer especial hincapi\u00e9 la colaboraci\u00f3n con los colectivos vinculados a la denominada como diversidad cultural que el a\u00f1o pasado promovi\u00f3 un espacio en Antoniutti.<\/p>\n<p>El orden del d\u00eda de la reuni\u00f3n incluye, adem\u00e1s de la presentaci\u00f3n de los nuevos colectivos culturales o de diversidad que solicitan espacios de cesi\u00f3n; la explicaci\u00f3n de los t\u00e9rminos concretos de los convenios de colaboraci\u00f3n que el Ayuntamiento suscribe con las entidades para la autogesti\u00f3n de las zonas que se les atribuyan. Las entidades y asociaciones ciudadanas que desarrollen actividades no podr\u00e1n tener \u00e1nimo de lucro y programar\u00e1n eventos sociales y culturales abiertos al conjunto de la poblaci\u00f3n. Seg\u00fan los t\u00e9rminos de los convenios el Ayuntamiento pondr\u00e1 los espacios a disposici\u00f3n, facilitar\u00e1 el establecimiento de las instalaciones previamente acordadas y las acometidas a las infraestructuras b\u00e1sicas cuando sea posible (agua, potencia el\u00e9ctrica y saneamiento) y colocar\u00e1 un escenario adecuado a cada espacio y ba\u00f1os qu\u00edmicos o conectados a red cuando sea posible.<\/p>\n<p>Los colectivos deber\u00e1n organizar las actividades culturales y festivas que proponga en su proyecto siendo responsable de la organizaci\u00f3n, seguridad, producci\u00f3n integral, promoci\u00f3n de cada actividad, y ser\u00e1 a su cargo todos los gastos: deber\u00e1n cumplir toda la normativa que les ata\u00f1a, respetar los horarios de apertura, seguir las instalaciones municipales y contratar un seguro de responsabilidad civil.<\/p>\n<p>Para los \u00faltimos Sanfermines, a los tradicionales espacios cedidos en el Bosquecillo a la Federaci\u00f3n de Casas Regionales en Navarra y en la zona de Vistabella, en el parque de la Taconera, a la Federaci\u00f3n de Ikastolas de Navarra, se recuperaron otras dos ubicaciones: el parque de Antoniutti para los colectivos de diversidad y la plaza de la Virgen de la O se cedi\u00f3 a Herri Sanferminak. En el encuentro de esta tarde se har\u00e1 tambi\u00e9n una aproximaci\u00f3n a otras posibles formas de participaci\u00f3n de los colectivos, especialmente lo relativo a colectivos de diversidad, en las fiestas de este a\u00f1o.<\/p>\n<p>La Mesa de Colectivos se integra en la Mesa General de los Sanfermines, \u00f3rgano consultivo, informativo y asesor sobre aspectos organizativos en torno a las fiestas, que incluye tambi\u00e9n la Mesa de Programaci\u00f3n Cultural, Mesa de Sanfermines en Igualdad y la Mesa del Encierro. Las mesas sectoriales se celebran los mi\u00e9rcoles para abordar las distintas \u00e1reas de las fiestas. En este caso, la mesa contribuye al objetivo de lograr unos sanfermines populares, seguros y libres de agresiones sexistas, donde tengan cabida las tradiciones y se fomente la participaci\u00f3n de la ciudadan\u00eda. En definitiva: colaborar con los diferentes agentes culturales de la ciudad para ampliar la programaci\u00f3n cultural en Sanfermines.<\/p>\n","protected":false},"excerpt":{"rendered":"<p>Esta mesa sectorial busca integrar a las asociaciones promoviendo la diversidad y la participaci\u00f3n de todo tipo de colectivos en la fiesta<\/p>\n","protected":false},"author":1,"featured_media":52219,"comment_status":"open","ping_status":"closed","sticky":false,"template":"","format":"standard","meta":{"footnotes":""},"categories":[2],"tags":[],"class_list":["post-52218","post","type-post","status-publish","format-standard","has-post-thumbnail","hentry","category-ayuntamiento-pamplona"],"yoast_head":"<!-- This site is optimized with the Yoast SEO plugin v27.3 - https:\/\/yoast.com\/product\/yoast-seo-wordpress\/ -->\n<title>Esta tarde se celebra la Mesa de cesi\u00f3n de espacios de San Ferm\u00edn a colectivos de la diversidad cultural<\/title>\n<meta name=\"description\" content=\"Esta mesa sectorial busca integrar a las asociaciones promoviendo la diversidad y la participaci\u00f3n de todo tipo de colectivos en la fiesta\" \/>\n<meta name=\"robots\" content=\"index, follow, max-snippet:-1, max-image-preview:large, max-video-preview:-1\" \/>\n<link rel=\"canonical\" href=\"https:\/\/www.laguiadepamplona.com\/actualidad\/esta-tarde-se-celebra-la-mesa-de-cesion-de-espacios-de-san-fermin-a-colectivos-de-la-diversidad-cultural\/\" \/>\n<meta property=\"og:locale\" content=\"es_ES\" \/>\n<meta property=\"og:type\" content=\"article\" \/>\n<meta property=\"og:title\" content=\"Esta tarde se celebra la Mesa de cesi\u00f3n de espacios de San Ferm\u00edn a colectivos de la diversidad cultural\" \/>\n<meta property=\"og:description\" content=\"Esta mesa sectorial busca integrar a las asociaciones promoviendo la diversidad y la participaci\u00f3n de todo tipo de colectivos en la fiesta\" \/>\n<meta property=\"og:url\" content=\"https:\/\/www.laguiadepamplona.com\/actualidad\/esta-tarde-se-celebra-la-mesa-de-cesion-de-espacios-de-san-fermin-a-colectivos-de-la-diversidad-cultural\/\" \/>\n<meta property=\"og:site_name\" content=\"La Gu\u00eda de Pamplona\" \/>\n<meta property=\"article:publisher\" content=\"https:\/\/www.facebook.com\/laguiadepamplonacom-133175176762273\/?ref=hl\" \/>\n<meta property=\"article:published_time\" content=\"2025-02-26T12:37:55+00:00\" \/>\n<meta property=\"og:image\" content=\"https:\/\/www.laguiadepamplona.com\/actualidad\/wp-content\/uploads\/2025\/02\/espacio-San-Fermin-Antoniutti_web.webp\" \/>\n\t<meta property=\"og:image:width\" content=\"1000\" \/>\n\t<meta property=\"og:image:height\" content=\"667\" \/>\n\t<meta property=\"og:image:type\" content=\"image\/webp\" \/>\n<meta name=\"author\" content=\"La Gu\u00eda de Pamplona\" \/>\n<meta name=\"twitter:card\" content=\"summary_large_image\" \/>\n<meta name=\"twitter:creator\" content=\"@LaGuiadPamplona\" \/>\n<meta name=\"twitter:site\" content=\"@LaGuiadPamplona\" \/>\n<meta name=\"twitter:label1\" content=\"Escrito por\" \/>\n\t<meta name=\"twitter:data1\" content=\"La Gu\u00eda de Pamplona\" \/>\n\t<meta name=\"twitter:label2\" content=\"Tiempo de lectura\" \/>\n\t<meta name=\"twitter:data2\" content=\"3 minutos\" \/>\n<script type=\"application\/ld+json\" class=\"yoast-schema-graph\">{\"@context\":\"https:\\\/\\\/schema.org\",\"@graph\":[{\"@type\":\"Article\",\"@id\":\"https:\\\/\\\/www.laguiadepamplona.com\\\/actualidad\\\/esta-tarde-se-celebra-la-mesa-de-cesion-de-espacios-de-san-fermin-a-colectivos-de-la-diversidad-cultural\\\/#article\",\"isPartOf\":{\"@id\":\"https:\\\/\\\/www.laguiadepamplona.com\\\/actualidad\\\/esta-tarde-se-celebra-la-mesa-de-cesion-de-espacios-de-san-fermin-a-colectivos-de-la-diversidad-cultural\\\/\"},\"author\":{\"name\":\"La Gu\u00eda de Pamplona\",\"@id\":\"https:\\\/\\\/www.laguiadepamplona.com\\\/actualidad\\\/#\\\/schema\\\/person\\\/efe887376f0213d4657c93adc50b1fdb\"},\"headline\":\"Esta tarde se celebra la Mesa de cesi\u00f3n de espacios de San Ferm\u00edn a colectivos de la diversidad cultural\",\"datePublished\":\"2025-02-26T12:37:55+00:00\",\"mainEntityOfPage\":{\"@id\":\"https:\\\/\\\/www.laguiadepamplona.com\\\/actualidad\\\/esta-tarde-se-celebra-la-mesa-de-cesion-de-espacios-de-san-fermin-a-colectivos-de-la-diversidad-cultural\\\/\"},\"wordCount\":569,\"commentCount\":0,\"publisher\":{\"@id\":\"https:\\\/\\\/www.laguiadepamplona.com\\\/actualidad\\\/#organization\"},\"image\":{\"@id\":\"https:\\\/\\\/www.laguiadepamplona.com\\\/actualidad\\\/esta-tarde-se-celebra-la-mesa-de-cesion-de-espacios-de-san-fermin-a-colectivos-de-la-diversidad-cultural\\\/#primaryimage\"},\"thumbnailUrl\":\"https:\\\/\\\/www.laguiadepamplona.com\\\/actualidad\\\/wp-content\\\/uploads\\\/2025\\\/02\\\/espacio-San-Fermin-Antoniutti_web.webp\",\"articleSection\":[\"Ayto Pamplona\"],\"inLanguage\":\"es\",\"potentialAction\":[{\"@type\":\"CommentAction\",\"name\":\"Comment\",\"target\":[\"https:\\\/\\\/www.laguiadepamplona.com\\\/actualidad\\\/esta-tarde-se-celebra-la-mesa-de-cesion-de-espacios-de-san-fermin-a-colectivos-de-la-diversidad-cultural\\\/#respond\"]}]},{\"@type\":\"WebPage\",\"@id\":\"https:\\\/\\\/www.laguiadepamplona.com\\\/actualidad\\\/esta-tarde-se-celebra-la-mesa-de-cesion-de-espacios-de-san-fermin-a-colectivos-de-la-diversidad-cultural\\\/\",\"url\":\"https:\\\/\\\/www.laguiadepamplona.com\\\/actualidad\\\/esta-tarde-se-celebra-la-mesa-de-cesion-de-espacios-de-san-fermin-a-colectivos-de-la-diversidad-cultural\\\/\",\"name\":\"Esta tarde se celebra la Mesa de cesi\u00f3n de espacios de San Ferm\u00edn a colectivos de la diversidad cultural\",\"isPartOf\":{\"@id\":\"https:\\\/\\\/www.laguiadepamplona.com\\\/actualidad\\\/#website\"},\"primaryImageOfPage\":{\"@id\":\"https:\\\/\\\/www.laguiadepamplona.com\\\/actualidad\\\/esta-tarde-se-celebra-la-mesa-de-cesion-de-espacios-de-san-fermin-a-colectivos-de-la-diversidad-cultural\\\/#primaryimage\"},\"image\":{\"@id\":\"https:\\\/\\\/www.laguiadepamplona.com\\\/actualidad\\\/esta-tarde-se-celebra-la-mesa-de-cesion-de-espacios-de-san-fermin-a-colectivos-de-la-diversidad-cultural\\\/#primaryimage\"},\"thumbnailUrl\":\"https:\\\/\\\/www.laguiadepamplona.com\\\/actualidad\\\/wp-content\\\/uploads\\\/2025\\\/02\\\/espacio-San-Fermin-Antoniutti_web.webp\",\"datePublished\":\"2025-02-26T12:37:55+00:00\",\"description\":\"Esta mesa sectorial busca integrar a las asociaciones promoviendo la diversidad y la participaci\u00f3n de todo tipo de colectivos en la fiesta\",\"breadcrumb\":{\"@id\":\"https:\\\/\\\/www.laguiadepamplona.com\\\/actualidad\\\/esta-tarde-se-celebra-la-mesa-de-cesion-de-espacios-de-san-fermin-a-colectivos-de-la-diversidad-cultural\\\/#breadcrumb\"},\"inLanguage\":\"es\",\"potentialAction\":[{\"@type\":\"ReadAction\",\"target\":[\"https:\\\/\\\/www.laguiadepamplona.com\\\/actualidad\\\/esta-tarde-se-celebra-la-mesa-de-cesion-de-espacios-de-san-fermin-a-colectivos-de-la-diversidad-cultural\\\/\"]}]},{\"@type\":\"ImageObject\",\"inLanguage\":\"es\",\"@id\":\"https:\\\/\\\/www.laguiadepamplona.com\\\/actualidad\\\/esta-tarde-se-celebra-la-mesa-de-cesion-de-espacios-de-san-fermin-a-colectivos-de-la-diversidad-cultural\\\/#primaryimage\",\"url\":\"https:\\\/\\\/www.laguiadepamplona.com\\\/actualidad\\\/wp-content\\\/uploads\\\/2025\\\/02\\\/espacio-San-Fermin-Antoniutti_web.webp\",\"contentUrl\":\"https:\\\/\\\/www.laguiadepamplona.com\\\/actualidad\\\/wp-content\\\/uploads\\\/2025\\\/02\\\/espacio-San-Fermin-Antoniutti_web.webp\",\"width\":1000,\"height\":667,\"caption\":\"espacio San Ferm\u00edn Antoniutti\"},{\"@type\":\"BreadcrumbList\",\"@id\":\"https:\\\/\\\/www.laguiadepamplona.com\\\/actualidad\\\/esta-tarde-se-celebra-la-mesa-de-cesion-de-espacios-de-san-fermin-a-colectivos-de-la-diversidad-cultural\\\/#breadcrumb\",\"itemListElement\":[{\"@type\":\"ListItem\",\"position\":1,\"name\":\"Portada\",\"item\":\"https:\\\/\\\/www.laguiadepamplona.com\\\/actualidad\\\/\"},{\"@type\":\"ListItem\",\"position\":2,\"name\":\"Esta tarde se celebra la Mesa de cesi\u00f3n de espacios de San Ferm\u00edn a colectivos de la diversidad cultural\"}]},{\"@type\":\"WebSite\",\"@id\":\"https:\\\/\\\/www.laguiadepamplona.com\\\/actualidad\\\/#website\",\"url\":\"https:\\\/\\\/www.laguiadepamplona.com\\\/actualidad\\\/\",\"name\":\"La gu\u00eda de Pamplona\",\"description\":\"Noticias de Pamplona\",\"publisher\":{\"@id\":\"https:\\\/\\\/www.laguiadepamplona.com\\\/actualidad\\\/#organization\"},\"potentialAction\":[{\"@type\":\"SearchAction\",\"target\":{\"@type\":\"EntryPoint\",\"urlTemplate\":\"https:\\\/\\\/www.laguiadepamplona.com\\\/actualidad\\\/?s={search_term_string}\"},\"query-input\":{\"@type\":\"PropertyValueSpecification\",\"valueRequired\":true,\"valueName\":\"search_term_string\"}}],\"inLanguage\":\"es\"},{\"@type\":\"Organization\",\"@id\":\"https:\\\/\\\/www.laguiadepamplona.com\\\/actualidad\\\/#organization\",\"name\":\"La Gu\u00eda de Pamplona \\\/ Noticias\",\"url\":\"https:\\\/\\\/www.laguiadepamplona.com\\\/actualidad\\\/\",\"logo\":{\"@type\":\"ImageObject\",\"inLanguage\":\"es\",\"@id\":\"https:\\\/\\\/www.laguiadepamplona.com\\\/actualidad\\\/#\\\/schema\\\/logo\\\/image\\\/\",\"url\":\"https:\\\/\\\/www.laguiadepamplona.com\\\/actualidad\\\/wp-content\\\/uploads\\\/2018\\\/11\\\/logo-laguiadepamplona18-web1.png\",\"contentUrl\":\"https:\\\/\\\/www.laguiadepamplona.com\\\/actualidad\\\/wp-content\\\/uploads\\\/2018\\\/11\\\/logo-laguiadepamplona18-web1.png\",\"width\":600,\"height\":196,\"caption\":\"La Gu\u00eda de Pamplona \\\/ Noticias\"},\"image\":{\"@id\":\"https:\\\/\\\/www.laguiadepamplona.com\\\/actualidad\\\/#\\\/schema\\\/logo\\\/image\\\/\"},\"sameAs\":[\"https:\\\/\\\/www.facebook.com\\\/laguiadepamplonacom-133175176762273\\\/?ref=hl\",\"https:\\\/\\\/x.com\\\/LaGuiadPamplona\",\"https:\\\/\\\/www.instagram.com\\\/la_guia_de_pamplona\\\/\",\"https:\\\/\\\/www.youtube.com\\\/user\\\/laguiadepamplona\"]},{\"@type\":\"Person\",\"@id\":\"https:\\\/\\\/www.laguiadepamplona.com\\\/actualidad\\\/#\\\/schema\\\/person\\\/efe887376f0213d4657c93adc50b1fdb\",\"name\":\"La Gu\u00eda de Pamplona\",\"image\":{\"@type\":\"ImageObject\",\"inLanguage\":\"es\",\"@id\":\"https:\\\/\\\/secure.gravatar.com\\\/avatar\\\/b6992f131dc8d30ab0dff15446e9d346d9dbd95992de0fef795073f5ea83a81c?s=96&d=mm&r=g\",\"url\":\"https:\\\/\\\/secure.gravatar.com\\\/avatar\\\/b6992f131dc8d30ab0dff15446e9d346d9dbd95992de0fef795073f5ea83a81c?s=96&d=mm&r=g\",\"contentUrl\":\"https:\\\/\\\/secure.gravatar.com\\\/avatar\\\/b6992f131dc8d30ab0dff15446e9d346d9dbd95992de0fef795073f5ea83a81c?s=96&d=mm&r=g\",\"caption\":\"La Gu\u00eda de Pamplona\"}}]}<\/script>\n<!-- \/ Yoast SEO plugin. -->","yoast_head_json":{"title":"Esta tarde se celebra la Mesa de cesi\u00f3n de espacios de San Ferm\u00edn a colectivos de la diversidad cultural","description":"Esta mesa sectorial busca integrar a las asociaciones promoviendo la diversidad y la participaci\u00f3n de todo tipo de colectivos en la fiesta","robots":{"index":"index","follow":"follow","max-snippet":"max-snippet:-1","max-image-preview":"max-image-preview:large","max-video-preview":"max-video-preview:-1"},"canonical":"https:\/\/www.laguiadepamplona.com\/actualidad\/esta-tarde-se-celebra-la-mesa-de-cesion-de-espacios-de-san-fermin-a-colectivos-de-la-diversidad-cultural\/","og_locale":"es_ES","og_type":"article","og_title":"Esta tarde se celebra la Mesa de cesi\u00f3n de espacios de San Ferm\u00edn a colectivos de la diversidad cultural","og_description":"Esta mesa sectorial busca integrar a las asociaciones promoviendo la diversidad y la participaci\u00f3n de todo tipo de colectivos en la fiesta","og_url":"https:\/\/www.laguiadepamplona.com\/actualidad\/esta-tarde-se-celebra-la-mesa-de-cesion-de-espacios-de-san-fermin-a-colectivos-de-la-diversidad-cultural\/","og_site_name":"La Gu\u00eda de Pamplona","article_publisher":"https:\/\/www.facebook.com\/laguiadepamplonacom-133175176762273\/?ref=hl","article_published_time":"2025-02-26T12:37:55+00:00","og_image":[{"width":1000,"height":667,"url":"https:\/\/www.laguiadepamplona.com\/actualidad\/wp-content\/uploads\/2025\/02\/espacio-San-Fermin-Antoniutti_web.webp","type":"image\/webp"}],"author":"La Gu\u00eda de Pamplona","twitter_card":"summary_large_image","twitter_creator":"@LaGuiadPamplona","twitter_site":"@LaGuiadPamplona","twitter_misc":{"Escrito por":"La Gu\u00eda de Pamplona","Tiempo de lectura":"3 minutos"},"schema":{"@context":"https:\/\/schema.org","@graph":[{"@type":"Article","@id":"https:\/\/www.laguiadepamplona.com\/actualidad\/esta-tarde-se-celebra-la-mesa-de-cesion-de-espacios-de-san-fermin-a-colectivos-de-la-diversidad-cultural\/#article","isPartOf":{"@id":"https:\/\/www.laguiadepamplona.com\/actualidad\/esta-tarde-se-celebra-la-mesa-de-cesion-de-espacios-de-san-fermin-a-colectivos-de-la-diversidad-cultural\/"},"author":{"name":"La Gu\u00eda de Pamplona","@id":"https:\/\/www.laguiadepamplona.com\/actualidad\/#\/schema\/person\/efe887376f0213d4657c93adc50b1fdb"},"headline":"Esta tarde se celebra la Mesa de cesi\u00f3n de espacios de San Ferm\u00edn a colectivos de la diversidad cultural","datePublished":"2025-02-26T12:37:55+00:00","mainEntityOfPage":{"@id":"https:\/\/www.laguiadepamplona.com\/actualidad\/esta-tarde-se-celebra-la-mesa-de-cesion-de-espacios-de-san-fermin-a-colectivos-de-la-diversidad-cultural\/"},"wordCount":569,"commentCount":0,"publisher":{"@id":"https:\/\/www.laguiadepamplona.com\/actualidad\/#organization"},"image":{"@id":"https:\/\/www.laguiadepamplona.com\/actualidad\/esta-tarde-se-celebra-la-mesa-de-cesion-de-espacios-de-san-fermin-a-colectivos-de-la-diversidad-cultural\/#primaryimage"},"thumbnailUrl":"https:\/\/www.laguiadepamplona.com\/actualidad\/wp-content\/uploads\/2025\/02\/espacio-San-Fermin-Antoniutti_web.webp","articleSection":["Ayto Pamplona"],"inLanguage":"es","potentialAction":[{"@type":"CommentAction","name":"Comment","target":["https:\/\/www.laguiadepamplona.com\/actualidad\/esta-tarde-se-celebra-la-mesa-de-cesion-de-espacios-de-san-fermin-a-colectivos-de-la-diversidad-cultural\/#respond"]}]},{"@type":"WebPage","@id":"https:\/\/www.laguiadepamplona.com\/actualidad\/esta-tarde-se-celebra-la-mesa-de-cesion-de-espacios-de-san-fermin-a-colectivos-de-la-diversidad-cultural\/","url":"https:\/\/www.laguiadepamplona.com\/actualidad\/esta-tarde-se-celebra-la-mesa-de-cesion-de-espacios-de-san-fermin-a-colectivos-de-la-diversidad-cultural\/","name":"Esta tarde se celebra la Mesa de cesi\u00f3n de espacios de San Ferm\u00edn a colectivos de la diversidad cultural","isPartOf":{"@id":"https:\/\/www.laguiadepamplona.com\/actualidad\/#website"},"primaryImageOfPage":{"@id":"https:\/\/www.laguiadepamplona.com\/actualidad\/esta-tarde-se-celebra-la-mesa-de-cesion-de-espacios-de-san-fermin-a-colectivos-de-la-diversidad-cultural\/#primaryimage"},"image":{"@id":"https:\/\/www.laguiadepamplona.com\/actualidad\/esta-tarde-se-celebra-la-mesa-de-cesion-de-espacios-de-san-fermin-a-colectivos-de-la-diversidad-cultural\/#primaryimage"},"thumbnailUrl":"https:\/\/www.laguiadepamplona.com\/actualidad\/wp-content\/uploads\/2025\/02\/espacio-San-Fermin-Antoniutti_web.webp","datePublished":"2025-02-26T12:37:55+00:00","description":"Esta mesa sectorial busca integrar a las asociaciones promoviendo la diversidad y la participaci\u00f3n de todo tipo de colectivos en la fiesta","breadcrumb":{"@id":"https:\/\/www.laguiadepamplona.com\/actualidad\/esta-tarde-se-celebra-la-mesa-de-cesion-de-espacios-de-san-fermin-a-colectivos-de-la-diversidad-cultural\/#breadcrumb"},"inLanguage":"es","potentialAction":[{"@type":"ReadAction","target":["https:\/\/www.laguiadepamplona.com\/actualidad\/esta-tarde-se-celebra-la-mesa-de-cesion-de-espacios-de-san-fermin-a-colectivos-de-la-diversidad-cultural\/"]}]},{"@type":"ImageObject","inLanguage":"es","@id":"https:\/\/www.laguiadepamplona.com\/actualidad\/esta-tarde-se-celebra-la-mesa-de-cesion-de-espacios-de-san-fermin-a-colectivos-de-la-diversidad-cultural\/#primaryimage","url":"https:\/\/www.laguiadepamplona.com\/actualidad\/wp-content\/uploads\/2025\/02\/espacio-San-Fermin-Antoniutti_web.webp","contentUrl":"https:\/\/www.laguiadepamplona.com\/actualidad\/wp-content\/uploads\/2025\/02\/espacio-San-Fermin-Antoniutti_web.webp","width":1000,"height":667,"caption":"espacio San Ferm\u00edn Antoniutti"},{"@type":"BreadcrumbList","@id":"https:\/\/www.laguiadepamplona.com\/actualidad\/esta-tarde-se-celebra-la-mesa-de-cesion-de-espacios-de-san-fermin-a-colectivos-de-la-diversidad-cultural\/#breadcrumb","itemListElement":[{"@type":"ListItem","position":1,"name":"Portada","item":"https:\/\/www.laguiadepamplona.com\/actualidad\/"},{"@type":"ListItem","position":2,"name":"Esta tarde se celebra la Mesa de cesi\u00f3n de espacios de San Ferm\u00edn a colectivos de la diversidad cultural"}]},{"@type":"WebSite","@id":"https:\/\/www.laguiadepamplona.com\/actualidad\/#website","url":"https:\/\/www.laguiadepamplona.com\/actualidad\/","name":"La gu\u00eda de Pamplona","description":"Noticias de Pamplona","publisher":{"@id":"https:\/\/www.laguiadepamplona.com\/actualidad\/#organization"},"potentialAction":[{"@type":"SearchAction","target":{"@type":"EntryPoint","urlTemplate":"https:\/\/www.laguiadepamplona.com\/actualidad\/?s={search_term_string}"},"query-input":{"@type":"PropertyValueSpecification","valueRequired":true,"valueName":"search_term_string"}}],"inLanguage":"es"},{"@type":"Organization","@id":"https:\/\/www.laguiadepamplona.com\/actualidad\/#organization","name":"La Gu\u00eda de Pamplona \/ Noticias","url":"https:\/\/www.laguiadepamplona.com\/actualidad\/","logo":{"@type":"ImageObject","inLanguage":"es","@id":"https:\/\/www.laguiadepamplona.com\/actualidad\/#\/schema\/logo\/image\/","url":"https:\/\/www.laguiadepamplona.com\/actualidad\/wp-content\/uploads\/2018\/11\/logo-laguiadepamplona18-web1.png","contentUrl":"https:\/\/www.laguiadepamplona.com\/actualidad\/wp-content\/uploads\/2018\/11\/logo-laguiadepamplona18-web1.png","width":600,"height":196,"caption":"La Gu\u00eda de Pamplona \/ Noticias"},"image":{"@id":"https:\/\/www.laguiadepamplona.com\/actualidad\/#\/schema\/logo\/image\/"},"sameAs":["https:\/\/www.facebook.com\/laguiadepamplonacom-133175176762273\/?ref=hl","https:\/\/x.com\/LaGuiadPamplona","https:\/\/www.instagram.com\/la_guia_de_pamplona\/","https:\/\/www.youtube.com\/user\/laguiadepamplona"]},{"@type":"Person","@id":"https:\/\/www.laguiadepamplona.com\/actualidad\/#\/schema\/person\/efe887376f0213d4657c93adc50b1fdb","name":"La Gu\u00eda de Pamplona","image":{"@type":"ImageObject","inLanguage":"es","@id":"https:\/\/secure.gravatar.com\/avatar\/b6992f131dc8d30ab0dff15446e9d346d9dbd95992de0fef795073f5ea83a81c?s=96&d=mm&r=g","url":"https:\/\/secure.gravatar.com\/avatar\/b6992f131dc8d30ab0dff15446e9d346d9dbd95992de0fef795073f5ea83a81c?s=96&d=mm&r=g","contentUrl":"https:\/\/secure.gravatar.com\/avatar\/b6992f131dc8d30ab0dff15446e9d346d9dbd95992de0fef795073f5ea83a81c?s=96&d=mm&r=g","caption":"La Gu\u00eda de Pamplona"}}]}},"post_mailing_queue_ids":[],"_links":{"self":[{"href":"https:\/\/www.laguiadepamplona.com\/actualidad\/wp-json\/wp\/v2\/posts\/52218","targetHints":{"allow":["GET"]}}],"collection":[{"href":"https:\/\/www.laguiadepamplona.com\/actualidad\/wp-json\/wp\/v2\/posts"}],"about":[{"href":"https:\/\/www.laguiadepamplona.com\/actualidad\/wp-json\/wp\/v2\/types\/post"}],"author":[{"embeddable":true,"href":"https:\/\/www.laguiadepamplona.com\/actualidad\/wp-json\/wp\/v2\/users\/1"}],"replies":[{"embeddable":true,"href":"https:\/\/www.laguiadepamplona.com\/actualidad\/wp-json\/wp\/v2\/comments?post=52218"}],"version-history":[{"count":1,"href":"https:\/\/www.laguiadepamplona.com\/actualidad\/wp-json\/wp\/v2\/posts\/52218\/revisions"}],"predecessor-version":[{"id":52220,"href":"https:\/\/www.laguiadepamplona.com\/actualidad\/wp-json\/wp\/v2\/posts\/52218\/revisions\/52220"}],"wp:featuredmedia":[{"embeddable":true,"href":"https:\/\/www.laguiadepamplona.com\/actualidad\/wp-json\/wp\/v2\/media\/52219"}],"wp:attachment":[{"href":"https:\/\/www.laguiadepamplona.com\/actualidad\/wp-json\/wp\/v2\/media?parent=52218"}],"wp:term":[{"taxonomy":"category","embeddable":true,"href":"https:\/\/www.laguiadepamplona.com\/actualidad\/wp-json\/wp\/v2\/categories?post=52218"},{"taxonomy":"post_tag","embeddable":true,"href":"https:\/\/www.laguiadepamplona.com\/actualidad\/wp-json\/wp\/v2\/tags?post=52218"}],"curies":[{"name":"wp","href":"https:\/\/api.w.org\/{rel}","templated":true}]}}