{"id":52215,"date":"2025-02-26T14:36:23","date_gmt":"2025-02-26T12:36:23","guid":{"rendered":"https:\/\/www.laguiadepamplona.com\/actualidad\/?p=52215"},"modified":"2025-02-26T14:36:23","modified_gmt":"2025-02-26T12:36:23","slug":"civivox-mendillorri-acoge-el-foro-de-barrio-este-jueves-a-las-18-30-horas-junto-al-foro-infantil-y-el-joven-para-vecinos-y-vecinas-de-3-a-17-anos","status":"publish","type":"post","link":"https:\/\/www.laguiadepamplona.com\/actualidad\/civivox-mendillorri-acoge-el-foro-de-barrio-este-jueves-a-las-18-30-horas-junto-al-foro-infantil-y-el-joven-para-vecinos-y-vecinas-de-3-a-17-anos\/","title":{"rendered":"Civivox Mendillorri acoge el Foro de Barrio este jueves, a las 18.30 horas, junto al Foro Infantil y el Joven, para vecinos y vecinas de 3 a 17 a\u00f1os"},"content":{"rendered":"<h2>El foro se acompa\u00f1a hoy, a las 19.30, de una actuaci\u00f3n de teatro en Civivox, titulada \u2018La vida perdurable\u2019, con el grupo Primera Fila y Centrado<\/h2>\n<p><!--more--><\/p>\n<p>El Foro de Barrio de Mendillorri se celebra este jueves, a las 18.30, en Civivox Mendillorri, con presencia del concejal de barrio, Txema Maule\u00f3n Echeverr\u00eda, y la concejala de Participaci\u00f3n Ciudadana, Aitziber Campi\u00f3n Ganboa, adem\u00e1s de t\u00e9cnicos municipales. La sesi\u00f3n podr\u00e1 seguirse en directo en el <a href=\"https:\/\/www.youtube.com\/watch?v=dEmpxygb8OY\" target=\"_blank\" rel=\"noopener\">canal de YouTube \u2018Participa Pamplona\u2019<\/a>.<\/p>\n<p>Junto al foro principal, se crea el Foro Infantil, para vecinos y vecinas de 3 a 10 a\u00f1os, y el Joven, de 11 a 17 a\u00f1os, que se celebra de forma paralela, de 18 a 20 horas y de 18 a 19 horas, respectivamente. Las propuestas de estos foros para mejorar el barrio se presentar\u00e1n en la parte inicial del foro principal.<\/p>\n<p>En la sesi\u00f3n est\u00e1 previsto presentar, entre otros servicios municipales, la Red Municipal de Voluntariado de Pamplona \u201cPlaza On\u201d, la Casa de la Juventud y la Oficina de Mediaci\u00f3n. Tambi\u00e9n se presentar\u00e1n proyectos comunitarios del barrio, como Proyecto Gure Arteko (Asociaci\u00f3n Agintzari).<\/p>\n<p>Los foros de barrio cuentan con accesibilidad auditiva, mediante int\u00e9rprete de lengua de signos, estenotipia (subtitulado) y bucle magn\u00e9tico, de modo que las personas con discapacidad auditiva puedan acudir y participar activamente en el encuentro. La accesibilidad auditiva est\u00e1 garantizada mediante la Asociaci\u00f3n Eunate y la Asociaci\u00f3n Asorna.<\/p>\n<p>En torno al foro, durante toda la semana se puede visitar la exposici\u00f3n Marca Ciudad (Pamplona=bagara-Iru\u00f1a=de verdad), junto a otras iniciativas municipales para 2025, en Civivox Mendillorri. Desde este civivox, ayer martes, se realiz\u00f3 un paseo para dar a conocer la comunidad energ\u00e9tica del barrio \u2018Kemendi\u2019, la comisi\u00f3n de gesti\u00f3n del centro comunitario Antzara, y el club de personas jubiladas.<\/p>\n<p>Las actividades se completan este mi\u00e9rcoles, a las 19.30 horas, con una actuaci\u00f3n de teatro en el sal\u00f3n de actos de Civivox Mendillorri, titulada \u2018La vida perdurable\u2019, con el grupo de teatro Primera Fila y Centrado. Se trata de un recorrido por las primeras obras del autor navarro Alfredo Sanzol, bajo la direcci\u00f3n de \u00d3scar Orzaiz.<\/p>\n<p>El siguiente Foro de Barrio ser\u00e1 el de los Ensanches, el 13 de marzo, e ir\u00e1 acompa\u00f1ado por diversas actividades durante toda la semana del 10 al 15 de marzo.<\/p>\n<p>&nbsp;<\/p>\n<h3>Foro de barrio de Mendillorri<\/h3>\n<ul>\n<li>Del 24 de febrero al 3 de marzo:\n<ul>\n<li>Exposici\u00f3n itinerante. Marca Pamplona e iniciativas municipales. En Civivox Mendillorri<\/li>\n<\/ul>\n<\/li>\n<li>Mi\u00e9rcoles 26 de febrero:\n<ul>\n<li>Actuaci\u00f3n de teatro: \u2018La vida perdurable\u2019, a las 19.30 horas, en Civivox Mendillorri<\/li>\n<\/ul>\n<\/li>\n<li>Jueves 27 de febrero:\n<ul>\n<li><strong>Foro de Barrio<\/strong>. A las 18.30 horas. Civivox Mendillorri (sal\u00f3n de actos)<\/li>\n<li><strong>Foro Infantil (3-10 a\u00f1os)<\/strong>. De 18 a 20 horas, en Civivox Mendillorri (sala 6)<\/li>\n<li><strong>Foro Joven (11-17 a\u00f1os).<\/strong> De 18 a 19 horas, en Civivox Mendillorri<\/li>\n<\/ul>\n<\/li>\n<\/ul>\n<p>&nbsp;<\/p>\n<p>Siguiente foro de barrio: Ensanches<\/p>\n<ul>\n<li>Jueves 13 de marzo<\/li>\n<\/ul>\n","protected":false},"excerpt":{"rendered":"<p>El foro se acompa\u00f1a hoy, a las 19.30, de una actuaci\u00f3n de teatro en Civivox, titulada \u2018La vida perdurable\u2019, con el grupo Primera Fila y Centrado<\/p>\n","protected":false},"author":1,"featured_media":52216,"comment_status":"open","ping_status":"closed","sticky":false,"template":"","format":"standard","meta":{"footnotes":""},"categories":[2],"tags":[],"class_list":["post-52215","post","type-post","status-publish","format-standard","has-post-thumbnail","hentry","category-ayuntamiento-pamplona"],"yoast_head":"<!-- This site is optimized with the Yoast SEO plugin v27.3 - https:\/\/yoast.com\/product\/yoast-seo-wordpress\/ -->\n<title>Civivox Mendillorri acoge el Foro de Barrio este jueves, a las 18.30 horas, junto al Foro Infantil y el Joven, para vecinos y vecinas de 3 a 17 a\u00f1os<\/title>\n<meta name=\"description\" content=\"El foro se acompa\u00f1a hoy, a las 19.30, de una actuaci\u00f3n de teatro en Civivox, titulada \u2018La vida perdurable\u2019, con el grupo Primera Fila y Centrado\" \/>\n<meta name=\"robots\" content=\"index, follow, max-snippet:-1, max-image-preview:large, max-video-preview:-1\" \/>\n<link rel=\"canonical\" href=\"https:\/\/www.laguiadepamplona.com\/actualidad\/civivox-mendillorri-acoge-el-foro-de-barrio-este-jueves-a-las-18-30-horas-junto-al-foro-infantil-y-el-joven-para-vecinos-y-vecinas-de-3-a-17-anos\/\" \/>\n<meta property=\"og:locale\" content=\"es_ES\" \/>\n<meta property=\"og:type\" content=\"article\" \/>\n<meta property=\"og:title\" content=\"Civivox Mendillorri acoge el Foro de Barrio este jueves, a las 18.30 horas, junto al Foro Infantil y el Joven, para vecinos y vecinas de 3 a 17 a\u00f1os\" \/>\n<meta property=\"og:description\" content=\"El foro se acompa\u00f1a hoy, a las 19.30, de una actuaci\u00f3n de teatro en Civivox, titulada \u2018La vida perdurable\u2019, con el grupo Primera Fila y Centrado\" \/>\n<meta property=\"og:url\" content=\"https:\/\/www.laguiadepamplona.com\/actualidad\/civivox-mendillorri-acoge-el-foro-de-barrio-este-jueves-a-las-18-30-horas-junto-al-foro-infantil-y-el-joven-para-vecinos-y-vecinas-de-3-a-17-anos\/\" \/>\n<meta property=\"og:site_name\" content=\"La Gu\u00eda de Pamplona\" \/>\n<meta property=\"article:publisher\" content=\"https:\/\/www.facebook.com\/laguiadepamplonacom-133175176762273\/?ref=hl\" \/>\n<meta property=\"article:published_time\" content=\"2025-02-26T12:36:23+00:00\" \/>\n<meta property=\"og:image\" content=\"https:\/\/www.laguiadepamplona.com\/actualidad\/wp-content\/uploads\/2025\/02\/visitaforodebarriocivivoxmendillorriconkemendi1_0.webp\" \/>\n\t<meta property=\"og:image:width\" content=\"1000\" \/>\n\t<meta property=\"og:image:height\" content=\"666\" \/>\n\t<meta property=\"og:image:type\" content=\"image\/webp\" \/>\n<meta name=\"author\" content=\"La Gu\u00eda de Pamplona\" \/>\n<meta name=\"twitter:card\" content=\"summary_large_image\" \/>\n<meta name=\"twitter:creator\" content=\"@LaGuiadPamplona\" \/>\n<meta name=\"twitter:site\" content=\"@LaGuiadPamplona\" \/>\n<meta name=\"twitter:label1\" content=\"Escrito por\" \/>\n\t<meta name=\"twitter:data1\" content=\"La Gu\u00eda de Pamplona\" \/>\n\t<meta name=\"twitter:label2\" content=\"Tiempo de lectura\" \/>\n\t<meta name=\"twitter:data2\" content=\"3 minutos\" \/>\n<script type=\"application\/ld+json\" class=\"yoast-schema-graph\">{\"@context\":\"https:\\\/\\\/schema.org\",\"@graph\":[{\"@type\":\"Article\",\"@id\":\"https:\\\/\\\/www.laguiadepamplona.com\\\/actualidad\\\/civivox-mendillorri-acoge-el-foro-de-barrio-este-jueves-a-las-18-30-horas-junto-al-foro-infantil-y-el-joven-para-vecinos-y-vecinas-de-3-a-17-anos\\\/#article\",\"isPartOf\":{\"@id\":\"https:\\\/\\\/www.laguiadepamplona.com\\\/actualidad\\\/civivox-mendillorri-acoge-el-foro-de-barrio-este-jueves-a-las-18-30-horas-junto-al-foro-infantil-y-el-joven-para-vecinos-y-vecinas-de-3-a-17-anos\\\/\"},\"author\":{\"name\":\"La Gu\u00eda de Pamplona\",\"@id\":\"https:\\\/\\\/www.laguiadepamplona.com\\\/actualidad\\\/#\\\/schema\\\/person\\\/efe887376f0213d4657c93adc50b1fdb\"},\"headline\":\"Civivox Mendillorri acoge el Foro de Barrio este jueves, a las 18.30 horas, junto al Foro Infantil y el Joven, para vecinos y vecinas de 3 a 17 a\u00f1os\",\"datePublished\":\"2025-02-26T12:36:23+00:00\",\"mainEntityOfPage\":{\"@id\":\"https:\\\/\\\/www.laguiadepamplona.com\\\/actualidad\\\/civivox-mendillorri-acoge-el-foro-de-barrio-este-jueves-a-las-18-30-horas-junto-al-foro-infantil-y-el-joven-para-vecinos-y-vecinas-de-3-a-17-anos\\\/\"},\"wordCount\":507,\"commentCount\":0,\"publisher\":{\"@id\":\"https:\\\/\\\/www.laguiadepamplona.com\\\/actualidad\\\/#organization\"},\"image\":{\"@id\":\"https:\\\/\\\/www.laguiadepamplona.com\\\/actualidad\\\/civivox-mendillorri-acoge-el-foro-de-barrio-este-jueves-a-las-18-30-horas-junto-al-foro-infantil-y-el-joven-para-vecinos-y-vecinas-de-3-a-17-anos\\\/#primaryimage\"},\"thumbnailUrl\":\"https:\\\/\\\/www.laguiadepamplona.com\\\/actualidad\\\/wp-content\\\/uploads\\\/2025\\\/02\\\/visitaforodebarriocivivoxmendillorriconkemendi1_0.webp\",\"articleSection\":[\"Ayto Pamplona\"],\"inLanguage\":\"es\",\"potentialAction\":[{\"@type\":\"CommentAction\",\"name\":\"Comment\",\"target\":[\"https:\\\/\\\/www.laguiadepamplona.com\\\/actualidad\\\/civivox-mendillorri-acoge-el-foro-de-barrio-este-jueves-a-las-18-30-horas-junto-al-foro-infantil-y-el-joven-para-vecinos-y-vecinas-de-3-a-17-anos\\\/#respond\"]}]},{\"@type\":\"WebPage\",\"@id\":\"https:\\\/\\\/www.laguiadepamplona.com\\\/actualidad\\\/civivox-mendillorri-acoge-el-foro-de-barrio-este-jueves-a-las-18-30-horas-junto-al-foro-infantil-y-el-joven-para-vecinos-y-vecinas-de-3-a-17-anos\\\/\",\"url\":\"https:\\\/\\\/www.laguiadepamplona.com\\\/actualidad\\\/civivox-mendillorri-acoge-el-foro-de-barrio-este-jueves-a-las-18-30-horas-junto-al-foro-infantil-y-el-joven-para-vecinos-y-vecinas-de-3-a-17-anos\\\/\",\"name\":\"Civivox Mendillorri acoge el Foro de Barrio este jueves, a las 18.30 horas, junto al Foro Infantil y el Joven, para vecinos y vecinas de 3 a 17 a\u00f1os\",\"isPartOf\":{\"@id\":\"https:\\\/\\\/www.laguiadepamplona.com\\\/actualidad\\\/#website\"},\"primaryImageOfPage\":{\"@id\":\"https:\\\/\\\/www.laguiadepamplona.com\\\/actualidad\\\/civivox-mendillorri-acoge-el-foro-de-barrio-este-jueves-a-las-18-30-horas-junto-al-foro-infantil-y-el-joven-para-vecinos-y-vecinas-de-3-a-17-anos\\\/#primaryimage\"},\"image\":{\"@id\":\"https:\\\/\\\/www.laguiadepamplona.com\\\/actualidad\\\/civivox-mendillorri-acoge-el-foro-de-barrio-este-jueves-a-las-18-30-horas-junto-al-foro-infantil-y-el-joven-para-vecinos-y-vecinas-de-3-a-17-anos\\\/#primaryimage\"},\"thumbnailUrl\":\"https:\\\/\\\/www.laguiadepamplona.com\\\/actualidad\\\/wp-content\\\/uploads\\\/2025\\\/02\\\/visitaforodebarriocivivoxmendillorriconkemendi1_0.webp\",\"datePublished\":\"2025-02-26T12:36:23+00:00\",\"description\":\"El foro se acompa\u00f1a hoy, a las 19.30, de una actuaci\u00f3n de teatro en Civivox, titulada \u2018La vida perdurable\u2019, con el grupo Primera Fila y Centrado\",\"breadcrumb\":{\"@id\":\"https:\\\/\\\/www.laguiadepamplona.com\\\/actualidad\\\/civivox-mendillorri-acoge-el-foro-de-barrio-este-jueves-a-las-18-30-horas-junto-al-foro-infantil-y-el-joven-para-vecinos-y-vecinas-de-3-a-17-anos\\\/#breadcrumb\"},\"inLanguage\":\"es\",\"potentialAction\":[{\"@type\":\"ReadAction\",\"target\":[\"https:\\\/\\\/www.laguiadepamplona.com\\\/actualidad\\\/civivox-mendillorri-acoge-el-foro-de-barrio-este-jueves-a-las-18-30-horas-junto-al-foro-infantil-y-el-joven-para-vecinos-y-vecinas-de-3-a-17-anos\\\/\"]}]},{\"@type\":\"ImageObject\",\"inLanguage\":\"es\",\"@id\":\"https:\\\/\\\/www.laguiadepamplona.com\\\/actualidad\\\/civivox-mendillorri-acoge-el-foro-de-barrio-este-jueves-a-las-18-30-horas-junto-al-foro-infantil-y-el-joven-para-vecinos-y-vecinas-de-3-a-17-anos\\\/#primaryimage\",\"url\":\"https:\\\/\\\/www.laguiadepamplona.com\\\/actualidad\\\/wp-content\\\/uploads\\\/2025\\\/02\\\/visitaforodebarriocivivoxmendillorriconkemendi1_0.webp\",\"contentUrl\":\"https:\\\/\\\/www.laguiadepamplona.com\\\/actualidad\\\/wp-content\\\/uploads\\\/2025\\\/02\\\/visitaforodebarriocivivoxmendillorriconkemendi1_0.webp\",\"width\":1000,\"height\":666,\"caption\":\"visita foro barrio civivox mendillorri\"},{\"@type\":\"BreadcrumbList\",\"@id\":\"https:\\\/\\\/www.laguiadepamplona.com\\\/actualidad\\\/civivox-mendillorri-acoge-el-foro-de-barrio-este-jueves-a-las-18-30-horas-junto-al-foro-infantil-y-el-joven-para-vecinos-y-vecinas-de-3-a-17-anos\\\/#breadcrumb\",\"itemListElement\":[{\"@type\":\"ListItem\",\"position\":1,\"name\":\"Portada\",\"item\":\"https:\\\/\\\/www.laguiadepamplona.com\\\/actualidad\\\/\"},{\"@type\":\"ListItem\",\"position\":2,\"name\":\"Civivox Mendillorri acoge el Foro de Barrio este jueves, a las 18.30 horas, junto al Foro Infantil y el Joven, para vecinos y vecinas de 3 a 17 a\u00f1os\"}]},{\"@type\":\"WebSite\",\"@id\":\"https:\\\/\\\/www.laguiadepamplona.com\\\/actualidad\\\/#website\",\"url\":\"https:\\\/\\\/www.laguiadepamplona.com\\\/actualidad\\\/\",\"name\":\"La gu\u00eda de Pamplona\",\"description\":\"Noticias de Pamplona\",\"publisher\":{\"@id\":\"https:\\\/\\\/www.laguiadepamplona.com\\\/actualidad\\\/#organization\"},\"potentialAction\":[{\"@type\":\"SearchAction\",\"target\":{\"@type\":\"EntryPoint\",\"urlTemplate\":\"https:\\\/\\\/www.laguiadepamplona.com\\\/actualidad\\\/?s={search_term_string}\"},\"query-input\":{\"@type\":\"PropertyValueSpecification\",\"valueRequired\":true,\"valueName\":\"search_term_string\"}}],\"inLanguage\":\"es\"},{\"@type\":\"Organization\",\"@id\":\"https:\\\/\\\/www.laguiadepamplona.com\\\/actualidad\\\/#organization\",\"name\":\"La Gu\u00eda de Pamplona \\\/ Noticias\",\"url\":\"https:\\\/\\\/www.laguiadepamplona.com\\\/actualidad\\\/\",\"logo\":{\"@type\":\"ImageObject\",\"inLanguage\":\"es\",\"@id\":\"https:\\\/\\\/www.laguiadepamplona.com\\\/actualidad\\\/#\\\/schema\\\/logo\\\/image\\\/\",\"url\":\"https:\\\/\\\/www.laguiadepamplona.com\\\/actualidad\\\/wp-content\\\/uploads\\\/2018\\\/11\\\/logo-laguiadepamplona18-web1.png\",\"contentUrl\":\"https:\\\/\\\/www.laguiadepamplona.com\\\/actualidad\\\/wp-content\\\/uploads\\\/2018\\\/11\\\/logo-laguiadepamplona18-web1.png\",\"width\":600,\"height\":196,\"caption\":\"La Gu\u00eda de Pamplona \\\/ Noticias\"},\"image\":{\"@id\":\"https:\\\/\\\/www.laguiadepamplona.com\\\/actualidad\\\/#\\\/schema\\\/logo\\\/image\\\/\"},\"sameAs\":[\"https:\\\/\\\/www.facebook.com\\\/laguiadepamplonacom-133175176762273\\\/?ref=hl\",\"https:\\\/\\\/x.com\\\/LaGuiadPamplona\",\"https:\\\/\\\/www.instagram.com\\\/la_guia_de_pamplona\\\/\",\"https:\\\/\\\/www.youtube.com\\\/user\\\/laguiadepamplona\"]},{\"@type\":\"Person\",\"@id\":\"https:\\\/\\\/www.laguiadepamplona.com\\\/actualidad\\\/#\\\/schema\\\/person\\\/efe887376f0213d4657c93adc50b1fdb\",\"name\":\"La Gu\u00eda de Pamplona\",\"image\":{\"@type\":\"ImageObject\",\"inLanguage\":\"es\",\"@id\":\"https:\\\/\\\/secure.gravatar.com\\\/avatar\\\/b6992f131dc8d30ab0dff15446e9d346d9dbd95992de0fef795073f5ea83a81c?s=96&d=mm&r=g\",\"url\":\"https:\\\/\\\/secure.gravatar.com\\\/avatar\\\/b6992f131dc8d30ab0dff15446e9d346d9dbd95992de0fef795073f5ea83a81c?s=96&d=mm&r=g\",\"contentUrl\":\"https:\\\/\\\/secure.gravatar.com\\\/avatar\\\/b6992f131dc8d30ab0dff15446e9d346d9dbd95992de0fef795073f5ea83a81c?s=96&d=mm&r=g\",\"caption\":\"La Gu\u00eda de Pamplona\"}}]}<\/script>\n<!-- \/ Yoast SEO plugin. -->","yoast_head_json":{"title":"Civivox Mendillorri acoge el Foro de Barrio este jueves, a las 18.30 horas, junto al Foro Infantil y el Joven, para vecinos y vecinas de 3 a 17 a\u00f1os","description":"El foro se acompa\u00f1a hoy, a las 19.30, de una actuaci\u00f3n de teatro en Civivox, titulada \u2018La vida perdurable\u2019, con el grupo Primera Fila y Centrado","robots":{"index":"index","follow":"follow","max-snippet":"max-snippet:-1","max-image-preview":"max-image-preview:large","max-video-preview":"max-video-preview:-1"},"canonical":"https:\/\/www.laguiadepamplona.com\/actualidad\/civivox-mendillorri-acoge-el-foro-de-barrio-este-jueves-a-las-18-30-horas-junto-al-foro-infantil-y-el-joven-para-vecinos-y-vecinas-de-3-a-17-anos\/","og_locale":"es_ES","og_type":"article","og_title":"Civivox Mendillorri acoge el Foro de Barrio este jueves, a las 18.30 horas, junto al Foro Infantil y el Joven, para vecinos y vecinas de 3 a 17 a\u00f1os","og_description":"El foro se acompa\u00f1a hoy, a las 19.30, de una actuaci\u00f3n de teatro en Civivox, titulada \u2018La vida perdurable\u2019, con el grupo Primera Fila y Centrado","og_url":"https:\/\/www.laguiadepamplona.com\/actualidad\/civivox-mendillorri-acoge-el-foro-de-barrio-este-jueves-a-las-18-30-horas-junto-al-foro-infantil-y-el-joven-para-vecinos-y-vecinas-de-3-a-17-anos\/","og_site_name":"La Gu\u00eda de Pamplona","article_publisher":"https:\/\/www.facebook.com\/laguiadepamplonacom-133175176762273\/?ref=hl","article_published_time":"2025-02-26T12:36:23+00:00","og_image":[{"width":1000,"height":666,"url":"https:\/\/www.laguiadepamplona.com\/actualidad\/wp-content\/uploads\/2025\/02\/visitaforodebarriocivivoxmendillorriconkemendi1_0.webp","type":"image\/webp"}],"author":"La Gu\u00eda de Pamplona","twitter_card":"summary_large_image","twitter_creator":"@LaGuiadPamplona","twitter_site":"@LaGuiadPamplona","twitter_misc":{"Escrito por":"La Gu\u00eda de Pamplona","Tiempo de lectura":"3 minutos"},"schema":{"@context":"https:\/\/schema.org","@graph":[{"@type":"Article","@id":"https:\/\/www.laguiadepamplona.com\/actualidad\/civivox-mendillorri-acoge-el-foro-de-barrio-este-jueves-a-las-18-30-horas-junto-al-foro-infantil-y-el-joven-para-vecinos-y-vecinas-de-3-a-17-anos\/#article","isPartOf":{"@id":"https:\/\/www.laguiadepamplona.com\/actualidad\/civivox-mendillorri-acoge-el-foro-de-barrio-este-jueves-a-las-18-30-horas-junto-al-foro-infantil-y-el-joven-para-vecinos-y-vecinas-de-3-a-17-anos\/"},"author":{"name":"La Gu\u00eda de Pamplona","@id":"https:\/\/www.laguiadepamplona.com\/actualidad\/#\/schema\/person\/efe887376f0213d4657c93adc50b1fdb"},"headline":"Civivox Mendillorri acoge el Foro de Barrio este jueves, a las 18.30 horas, junto al Foro Infantil y el Joven, para vecinos y vecinas de 3 a 17 a\u00f1os","datePublished":"2025-02-26T12:36:23+00:00","mainEntityOfPage":{"@id":"https:\/\/www.laguiadepamplona.com\/actualidad\/civivox-mendillorri-acoge-el-foro-de-barrio-este-jueves-a-las-18-30-horas-junto-al-foro-infantil-y-el-joven-para-vecinos-y-vecinas-de-3-a-17-anos\/"},"wordCount":507,"commentCount":0,"publisher":{"@id":"https:\/\/www.laguiadepamplona.com\/actualidad\/#organization"},"image":{"@id":"https:\/\/www.laguiadepamplona.com\/actualidad\/civivox-mendillorri-acoge-el-foro-de-barrio-este-jueves-a-las-18-30-horas-junto-al-foro-infantil-y-el-joven-para-vecinos-y-vecinas-de-3-a-17-anos\/#primaryimage"},"thumbnailUrl":"https:\/\/www.laguiadepamplona.com\/actualidad\/wp-content\/uploads\/2025\/02\/visitaforodebarriocivivoxmendillorriconkemendi1_0.webp","articleSection":["Ayto Pamplona"],"inLanguage":"es","potentialAction":[{"@type":"CommentAction","name":"Comment","target":["https:\/\/www.laguiadepamplona.com\/actualidad\/civivox-mendillorri-acoge-el-foro-de-barrio-este-jueves-a-las-18-30-horas-junto-al-foro-infantil-y-el-joven-para-vecinos-y-vecinas-de-3-a-17-anos\/#respond"]}]},{"@type":"WebPage","@id":"https:\/\/www.laguiadepamplona.com\/actualidad\/civivox-mendillorri-acoge-el-foro-de-barrio-este-jueves-a-las-18-30-horas-junto-al-foro-infantil-y-el-joven-para-vecinos-y-vecinas-de-3-a-17-anos\/","url":"https:\/\/www.laguiadepamplona.com\/actualidad\/civivox-mendillorri-acoge-el-foro-de-barrio-este-jueves-a-las-18-30-horas-junto-al-foro-infantil-y-el-joven-para-vecinos-y-vecinas-de-3-a-17-anos\/","name":"Civivox Mendillorri acoge el Foro de Barrio este jueves, a las 18.30 horas, junto al Foro Infantil y el Joven, para vecinos y vecinas de 3 a 17 a\u00f1os","isPartOf":{"@id":"https:\/\/www.laguiadepamplona.com\/actualidad\/#website"},"primaryImageOfPage":{"@id":"https:\/\/www.laguiadepamplona.com\/actualidad\/civivox-mendillorri-acoge-el-foro-de-barrio-este-jueves-a-las-18-30-horas-junto-al-foro-infantil-y-el-joven-para-vecinos-y-vecinas-de-3-a-17-anos\/#primaryimage"},"image":{"@id":"https:\/\/www.laguiadepamplona.com\/actualidad\/civivox-mendillorri-acoge-el-foro-de-barrio-este-jueves-a-las-18-30-horas-junto-al-foro-infantil-y-el-joven-para-vecinos-y-vecinas-de-3-a-17-anos\/#primaryimage"},"thumbnailUrl":"https:\/\/www.laguiadepamplona.com\/actualidad\/wp-content\/uploads\/2025\/02\/visitaforodebarriocivivoxmendillorriconkemendi1_0.webp","datePublished":"2025-02-26T12:36:23+00:00","description":"El foro se acompa\u00f1a hoy, a las 19.30, de una actuaci\u00f3n de teatro en Civivox, titulada \u2018La vida perdurable\u2019, con el grupo Primera Fila y Centrado","breadcrumb":{"@id":"https:\/\/www.laguiadepamplona.com\/actualidad\/civivox-mendillorri-acoge-el-foro-de-barrio-este-jueves-a-las-18-30-horas-junto-al-foro-infantil-y-el-joven-para-vecinos-y-vecinas-de-3-a-17-anos\/#breadcrumb"},"inLanguage":"es","potentialAction":[{"@type":"ReadAction","target":["https:\/\/www.laguiadepamplona.com\/actualidad\/civivox-mendillorri-acoge-el-foro-de-barrio-este-jueves-a-las-18-30-horas-junto-al-foro-infantil-y-el-joven-para-vecinos-y-vecinas-de-3-a-17-anos\/"]}]},{"@type":"ImageObject","inLanguage":"es","@id":"https:\/\/www.laguiadepamplona.com\/actualidad\/civivox-mendillorri-acoge-el-foro-de-barrio-este-jueves-a-las-18-30-horas-junto-al-foro-infantil-y-el-joven-para-vecinos-y-vecinas-de-3-a-17-anos\/#primaryimage","url":"https:\/\/www.laguiadepamplona.com\/actualidad\/wp-content\/uploads\/2025\/02\/visitaforodebarriocivivoxmendillorriconkemendi1_0.webp","contentUrl":"https:\/\/www.laguiadepamplona.com\/actualidad\/wp-content\/uploads\/2025\/02\/visitaforodebarriocivivoxmendillorriconkemendi1_0.webp","width":1000,"height":666,"caption":"visita foro barrio civivox mendillorri"},{"@type":"BreadcrumbList","@id":"https:\/\/www.laguiadepamplona.com\/actualidad\/civivox-mendillorri-acoge-el-foro-de-barrio-este-jueves-a-las-18-30-horas-junto-al-foro-infantil-y-el-joven-para-vecinos-y-vecinas-de-3-a-17-anos\/#breadcrumb","itemListElement":[{"@type":"ListItem","position":1,"name":"Portada","item":"https:\/\/www.laguiadepamplona.com\/actualidad\/"},{"@type":"ListItem","position":2,"name":"Civivox Mendillorri acoge el Foro de Barrio este jueves, a las 18.30 horas, junto al Foro Infantil y el Joven, para vecinos y vecinas de 3 a 17 a\u00f1os"}]},{"@type":"WebSite","@id":"https:\/\/www.laguiadepamplona.com\/actualidad\/#website","url":"https:\/\/www.laguiadepamplona.com\/actualidad\/","name":"La gu\u00eda de Pamplona","description":"Noticias de Pamplona","publisher":{"@id":"https:\/\/www.laguiadepamplona.com\/actualidad\/#organization"},"potentialAction":[{"@type":"SearchAction","target":{"@type":"EntryPoint","urlTemplate":"https:\/\/www.laguiadepamplona.com\/actualidad\/?s={search_term_string}"},"query-input":{"@type":"PropertyValueSpecification","valueRequired":true,"valueName":"search_term_string"}}],"inLanguage":"es"},{"@type":"Organization","@id":"https:\/\/www.laguiadepamplona.com\/actualidad\/#organization","name":"La Gu\u00eda de Pamplona \/ Noticias","url":"https:\/\/www.laguiadepamplona.com\/actualidad\/","logo":{"@type":"ImageObject","inLanguage":"es","@id":"https:\/\/www.laguiadepamplona.com\/actualidad\/#\/schema\/logo\/image\/","url":"https:\/\/www.laguiadepamplona.com\/actualidad\/wp-content\/uploads\/2018\/11\/logo-laguiadepamplona18-web1.png","contentUrl":"https:\/\/www.laguiadepamplona.com\/actualidad\/wp-content\/uploads\/2018\/11\/logo-laguiadepamplona18-web1.png","width":600,"height":196,"caption":"La Gu\u00eda de Pamplona \/ Noticias"},"image":{"@id":"https:\/\/www.laguiadepamplona.com\/actualidad\/#\/schema\/logo\/image\/"},"sameAs":["https:\/\/www.facebook.com\/laguiadepamplonacom-133175176762273\/?ref=hl","https:\/\/x.com\/LaGuiadPamplona","https:\/\/www.instagram.com\/la_guia_de_pamplona\/","https:\/\/www.youtube.com\/user\/laguiadepamplona"]},{"@type":"Person","@id":"https:\/\/www.laguiadepamplona.com\/actualidad\/#\/schema\/person\/efe887376f0213d4657c93adc50b1fdb","name":"La Gu\u00eda de Pamplona","image":{"@type":"ImageObject","inLanguage":"es","@id":"https:\/\/secure.gravatar.com\/avatar\/b6992f131dc8d30ab0dff15446e9d346d9dbd95992de0fef795073f5ea83a81c?s=96&d=mm&r=g","url":"https:\/\/secure.gravatar.com\/avatar\/b6992f131dc8d30ab0dff15446e9d346d9dbd95992de0fef795073f5ea83a81c?s=96&d=mm&r=g","contentUrl":"https:\/\/secure.gravatar.com\/avatar\/b6992f131dc8d30ab0dff15446e9d346d9dbd95992de0fef795073f5ea83a81c?s=96&d=mm&r=g","caption":"La Gu\u00eda de Pamplona"}}]}},"post_mailing_queue_ids":[],"_links":{"self":[{"href":"https:\/\/www.laguiadepamplona.com\/actualidad\/wp-json\/wp\/v2\/posts\/52215","targetHints":{"allow":["GET"]}}],"collection":[{"href":"https:\/\/www.laguiadepamplona.com\/actualidad\/wp-json\/wp\/v2\/posts"}],"about":[{"href":"https:\/\/www.laguiadepamplona.com\/actualidad\/wp-json\/wp\/v2\/types\/post"}],"author":[{"embeddable":true,"href":"https:\/\/www.laguiadepamplona.com\/actualidad\/wp-json\/wp\/v2\/users\/1"}],"replies":[{"embeddable":true,"href":"https:\/\/www.laguiadepamplona.com\/actualidad\/wp-json\/wp\/v2\/comments?post=52215"}],"version-history":[{"count":1,"href":"https:\/\/www.laguiadepamplona.com\/actualidad\/wp-json\/wp\/v2\/posts\/52215\/revisions"}],"predecessor-version":[{"id":52217,"href":"https:\/\/www.laguiadepamplona.com\/actualidad\/wp-json\/wp\/v2\/posts\/52215\/revisions\/52217"}],"wp:featuredmedia":[{"embeddable":true,"href":"https:\/\/www.laguiadepamplona.com\/actualidad\/wp-json\/wp\/v2\/media\/52216"}],"wp:attachment":[{"href":"https:\/\/www.laguiadepamplona.com\/actualidad\/wp-json\/wp\/v2\/media?parent=52215"}],"wp:term":[{"taxonomy":"category","embeddable":true,"href":"https:\/\/www.laguiadepamplona.com\/actualidad\/wp-json\/wp\/v2\/categories?post=52215"},{"taxonomy":"post_tag","embeddable":true,"href":"https:\/\/www.laguiadepamplona.com\/actualidad\/wp-json\/wp\/v2\/tags?post=52215"}],"curies":[{"name":"wp","href":"https:\/\/api.w.org\/{rel}","templated":true}]}}