{"id":52211,"date":"2025-02-26T13:10:05","date_gmt":"2025-02-26T11:10:05","guid":{"rendered":"https:\/\/www.laguiadepamplona.com\/actualidad\/?p=52211"},"modified":"2025-02-26T13:10:05","modified_gmt":"2025-02-26T11:10:05","slug":"aprobados-los-baremos-de-meritos-para-las-convocatorias-de-concurso-de-traslado-en-el-ayuntamiento-de-pamplona","status":"publish","type":"post","link":"https:\/\/www.laguiadepamplona.com\/actualidad\/aprobados-los-baremos-de-meritos-para-las-convocatorias-de-concurso-de-traslado-en-el-ayuntamiento-de-pamplona\/","title":{"rendered":"Aprobados los baremos de m\u00e9ritos para las convocatorias de concurso de traslado en el Ayuntamiento de Pamplona"},"content":{"rendered":"<p><!--more--><\/p>\n<p>La Junta de Gobierno Local del Ayuntamiento de Pamplona ha aprobado los baremos de m\u00e9ritos que se aplicar\u00e1n en las convocatorias para la provisi\u00f3n de puestos de trabajo por concurso de traslado en el Ayuntamiento de Pamplona y sus organismos aut\u00f3nomos. Los baremos, acordados con los representantes sindicales, reconocer\u00e1n el trabajo realizado en la Administraci\u00f3n, las acciones formativas, docentes e investigadoras y el conocimiento de idiomas. Estos baremos ser\u00e1n de aplicaci\u00f3n para todos los concursos de traslado salvo para los puestos de Polic\u00eda Municipal, que se regular\u00e1 seg\u00fan lo previsto en su Reglamento de Organizaci\u00f3n y Funcionamiento.<\/p>\n<p>La valoraci\u00f3n de los servicios prestados a las Administraciones P\u00fablicas se realizar\u00e1 atendiendo, a raz\u00f3n de 1 punto por a\u00f1o, a la antig\u00fcedad reconocida en el mismo puesto, en la fecha de publicaci\u00f3n de la convocatoria. Se computar\u00e1n los servicios cuando la persona trabajadora haya estado en situaci\u00f3n de servicios especiales o excedencia especial, as\u00ed como desempe\u00f1ando una jefatura o direcci\u00f3n de unidad org\u00e1nica. Para esta valoraci\u00f3n, se deber\u00e1 entregar informe de vida laboral expedido por la tesorer\u00eda de la seguridad social y certificado de servicios prestados de los diferentes empleadores.<\/p>\n<p>La formaci\u00f3n, docencia e investigaci\u00f3n ser\u00e1 valorada con un m\u00e1ximo de 10 puntos: hasta 7 puntos por acciones formativas, hasta 1 punto por publicaciones, ponencias o participaci\u00f3n en proyectos de investigaci\u00f3n; hasta 1 punto por docencia y hasta 1 punto por docencia pr\u00e1ctica (tutor\u00edas).<\/p>\n<p>Las acciones formativas deber\u00e1n estar relacionadas con el puesto de trabajo y la formaci\u00f3n continua de tipo transversal (inform\u00e1tica, igualdad, calidad, lenguaje de signos, prevenci\u00f3n de riesgos laborales, etc.) y tener una duraci\u00f3n igual o superior a 4 horas. Se valorar\u00e1n las realizadas en los 10 a\u00f1os anteriores a la publicaci\u00f3n del concurso de traslados en el BON, a raz\u00f3n de 0,10 puntos por cada 10 horas lectivas, hasta un m\u00e1ximo de 10 acciones formativas.<\/p>\n<p>Tambi\u00e9n deber\u00e1n estar relacionadas con el puesto de trabajo, a efectos de valoraci\u00f3n, las publicaciones en libros o revistas (0,25 puntos por publicaci\u00f3n), las ponencias, comunicaciones o conferencias (0,25 puntos por aportaci\u00f3n) y la participaci\u00f3n en proyectos de investigaci\u00f3n financiados por organismos oficiales o sin \u00e1nimo de lucro (0,25 puntos por trabajo finalizado). Todos estos conceptos podr\u00e1n sumar en total 1 punto.<\/p>\n<p>Con respecto a la docencia (m\u00e1ximo 1 punto), se consignar\u00e1n 0,10 puntos por cada 10 horas lectivas impartidas en el marco de formaciones orientada a la obtenci\u00f3n de titulaciones oficiales o regladas; si se trata de un curso acad\u00e9mico y no se especifican las horas, se valorar\u00e1 a raz\u00f3n de 0,5 puntos por curso. Por su parte, la docencia pr\u00e1ctica (tutor\u00edas) en organismos oficialmente constituidos se valorar\u00e1 a raz\u00f3n de 0,5 puntos por ciclo formativo (m\u00e1ximo de 1 punto).<\/p>\n<p>Por \u00faltimo, el conocimiento de idiomas se valorar\u00e1 con un m\u00e1ximo de 6 puntos. Por conocimiento de franc\u00e9s, ingl\u00e9s o alem\u00e1n, como idiomas de trabajo en la Uni\u00f3n Europea, se podr\u00e1n obtener hasta 2 puntos por cada uno de ellos (2 puntos por el C1; 1,6 puntos por el B2; 1,2 puntos por el B1; 0,8 puntos por el A2; y 0,4 puntos por el A1). Asimismo, se valorar\u00e1 el euskera en plazas en las que no sea preceptivo su conocimiento en plantilla org\u00e1nica con hasta 2,76 puntos. Esta puntuaci\u00f3n se otorgar\u00e1 por el certificado C1 o equivalente. Por el B2 se otorgar\u00e1n 2,20 puntos; por el B1, 1,65 puntos; por el A2, 1,10 puntos; y por el A1, 0.55 puntos.<\/p>\n","protected":false},"excerpt":{"rendered":"","protected":false},"author":1,"featured_media":50736,"comment_status":"open","ping_status":"closed","sticky":false,"template":"","format":"standard","meta":{"footnotes":""},"categories":[2],"tags":[],"class_list":["post-52211","post","type-post","status-publish","format-standard","has-post-thumbnail","hentry","category-ayuntamiento-pamplona"],"yoast_head":"<!-- This site is optimized with the Yoast SEO plugin v27.3 - https:\/\/yoast.com\/product\/yoast-seo-wordpress\/ -->\n<title>Aprobados los baremos de m\u00e9ritos para las convocatorias de concurso de traslado en el Ayuntamiento de Pamplona<\/title>\n<meta name=\"description\" content=\"La Junta de Gobierno Local del Ayuntamiento de Pamplona ha aprobado los baremos de m\u00e9ritos que se aplicar\u00e1n en las convocatorias\" \/>\n<meta name=\"robots\" content=\"index, follow, max-snippet:-1, max-image-preview:large, max-video-preview:-1\" \/>\n<link rel=\"canonical\" href=\"https:\/\/www.laguiadepamplona.com\/actualidad\/aprobados-los-baremos-de-meritos-para-las-convocatorias-de-concurso-de-traslado-en-el-ayuntamiento-de-pamplona\/\" \/>\n<meta property=\"og:locale\" content=\"es_ES\" \/>\n<meta property=\"og:type\" content=\"article\" \/>\n<meta property=\"og:title\" content=\"Aprobados los baremos de m\u00e9ritos para las convocatorias de concurso de traslado en el Ayuntamiento de Pamplona\" \/>\n<meta property=\"og:description\" content=\"La Junta de Gobierno Local del Ayuntamiento de Pamplona ha aprobado los baremos de m\u00e9ritos que se aplicar\u00e1n en las convocatorias\" \/>\n<meta property=\"og:url\" content=\"https:\/\/www.laguiadepamplona.com\/actualidad\/aprobados-los-baremos-de-meritos-para-las-convocatorias-de-concurso-de-traslado-en-el-ayuntamiento-de-pamplona\/\" \/>\n<meta property=\"og:site_name\" content=\"La Gu\u00eda de Pamplona\" \/>\n<meta property=\"article:publisher\" content=\"https:\/\/www.facebook.com\/laguiadepamplonacom-133175176762273\/?ref=hl\" \/>\n<meta property=\"article:published_time\" content=\"2025-02-26T11:10:05+00:00\" \/>\n<meta property=\"og:image\" content=\"https:\/\/www.laguiadepamplona.com\/actualidad\/wp-content\/uploads\/2024\/09\/Fachada-Ayuntamiento_contacto-Comarca_web2.webp\" \/>\n\t<meta property=\"og:image:width\" content=\"1000\" \/>\n\t<meta property=\"og:image:height\" content=\"646\" \/>\n\t<meta property=\"og:image:type\" content=\"image\/webp\" \/>\n<meta name=\"author\" content=\"La Gu\u00eda de Pamplona\" \/>\n<meta name=\"twitter:card\" content=\"summary_large_image\" \/>\n<meta name=\"twitter:creator\" content=\"@LaGuiadPamplona\" \/>\n<meta name=\"twitter:site\" content=\"@LaGuiadPamplona\" \/>\n<meta name=\"twitter:label1\" content=\"Escrito por\" \/>\n\t<meta name=\"twitter:data1\" content=\"La Gu\u00eda de Pamplona\" \/>\n\t<meta name=\"twitter:label2\" content=\"Tiempo de lectura\" \/>\n\t<meta name=\"twitter:data2\" content=\"3 minutos\" \/>\n<script type=\"application\/ld+json\" class=\"yoast-schema-graph\">{\"@context\":\"https:\\\/\\\/schema.org\",\"@graph\":[{\"@type\":\"Article\",\"@id\":\"https:\\\/\\\/www.laguiadepamplona.com\\\/actualidad\\\/aprobados-los-baremos-de-meritos-para-las-convocatorias-de-concurso-de-traslado-en-el-ayuntamiento-de-pamplona\\\/#article\",\"isPartOf\":{\"@id\":\"https:\\\/\\\/www.laguiadepamplona.com\\\/actualidad\\\/aprobados-los-baremos-de-meritos-para-las-convocatorias-de-concurso-de-traslado-en-el-ayuntamiento-de-pamplona\\\/\"},\"author\":{\"name\":\"La Gu\u00eda de Pamplona\",\"@id\":\"https:\\\/\\\/www.laguiadepamplona.com\\\/actualidad\\\/#\\\/schema\\\/person\\\/efe887376f0213d4657c93adc50b1fdb\"},\"headline\":\"Aprobados los baremos de m\u00e9ritos para las convocatorias de concurso de traslado en el Ayuntamiento de Pamplona\",\"datePublished\":\"2025-02-26T11:10:05+00:00\",\"mainEntityOfPage\":{\"@id\":\"https:\\\/\\\/www.laguiadepamplona.com\\\/actualidad\\\/aprobados-los-baremos-de-meritos-para-las-convocatorias-de-concurso-de-traslado-en-el-ayuntamiento-de-pamplona\\\/\"},\"wordCount\":621,\"commentCount\":0,\"publisher\":{\"@id\":\"https:\\\/\\\/www.laguiadepamplona.com\\\/actualidad\\\/#organization\"},\"image\":{\"@id\":\"https:\\\/\\\/www.laguiadepamplona.com\\\/actualidad\\\/aprobados-los-baremos-de-meritos-para-las-convocatorias-de-concurso-de-traslado-en-el-ayuntamiento-de-pamplona\\\/#primaryimage\"},\"thumbnailUrl\":\"https:\\\/\\\/www.laguiadepamplona.com\\\/actualidad\\\/wp-content\\\/uploads\\\/2024\\\/09\\\/Fachada-Ayuntamiento_contacto-Comarca_web2.webp\",\"articleSection\":[\"Ayto Pamplona\"],\"inLanguage\":\"es\",\"potentialAction\":[{\"@type\":\"CommentAction\",\"name\":\"Comment\",\"target\":[\"https:\\\/\\\/www.laguiadepamplona.com\\\/actualidad\\\/aprobados-los-baremos-de-meritos-para-las-convocatorias-de-concurso-de-traslado-en-el-ayuntamiento-de-pamplona\\\/#respond\"]}]},{\"@type\":\"WebPage\",\"@id\":\"https:\\\/\\\/www.laguiadepamplona.com\\\/actualidad\\\/aprobados-los-baremos-de-meritos-para-las-convocatorias-de-concurso-de-traslado-en-el-ayuntamiento-de-pamplona\\\/\",\"url\":\"https:\\\/\\\/www.laguiadepamplona.com\\\/actualidad\\\/aprobados-los-baremos-de-meritos-para-las-convocatorias-de-concurso-de-traslado-en-el-ayuntamiento-de-pamplona\\\/\",\"name\":\"Aprobados los baremos de m\u00e9ritos para las convocatorias de concurso de traslado en el Ayuntamiento de Pamplona\",\"isPartOf\":{\"@id\":\"https:\\\/\\\/www.laguiadepamplona.com\\\/actualidad\\\/#website\"},\"primaryImageOfPage\":{\"@id\":\"https:\\\/\\\/www.laguiadepamplona.com\\\/actualidad\\\/aprobados-los-baremos-de-meritos-para-las-convocatorias-de-concurso-de-traslado-en-el-ayuntamiento-de-pamplona\\\/#primaryimage\"},\"image\":{\"@id\":\"https:\\\/\\\/www.laguiadepamplona.com\\\/actualidad\\\/aprobados-los-baremos-de-meritos-para-las-convocatorias-de-concurso-de-traslado-en-el-ayuntamiento-de-pamplona\\\/#primaryimage\"},\"thumbnailUrl\":\"https:\\\/\\\/www.laguiadepamplona.com\\\/actualidad\\\/wp-content\\\/uploads\\\/2024\\\/09\\\/Fachada-Ayuntamiento_contacto-Comarca_web2.webp\",\"datePublished\":\"2025-02-26T11:10:05+00:00\",\"description\":\"La Junta de Gobierno Local del Ayuntamiento de Pamplona ha aprobado los baremos de m\u00e9ritos que se aplicar\u00e1n en las convocatorias\",\"breadcrumb\":{\"@id\":\"https:\\\/\\\/www.laguiadepamplona.com\\\/actualidad\\\/aprobados-los-baremos-de-meritos-para-las-convocatorias-de-concurso-de-traslado-en-el-ayuntamiento-de-pamplona\\\/#breadcrumb\"},\"inLanguage\":\"es\",\"potentialAction\":[{\"@type\":\"ReadAction\",\"target\":[\"https:\\\/\\\/www.laguiadepamplona.com\\\/actualidad\\\/aprobados-los-baremos-de-meritos-para-las-convocatorias-de-concurso-de-traslado-en-el-ayuntamiento-de-pamplona\\\/\"]}]},{\"@type\":\"ImageObject\",\"inLanguage\":\"es\",\"@id\":\"https:\\\/\\\/www.laguiadepamplona.com\\\/actualidad\\\/aprobados-los-baremos-de-meritos-para-las-convocatorias-de-concurso-de-traslado-en-el-ayuntamiento-de-pamplona\\\/#primaryimage\",\"url\":\"https:\\\/\\\/www.laguiadepamplona.com\\\/actualidad\\\/wp-content\\\/uploads\\\/2024\\\/09\\\/Fachada-Ayuntamiento_contacto-Comarca_web2.webp\",\"contentUrl\":\"https:\\\/\\\/www.laguiadepamplona.com\\\/actualidad\\\/wp-content\\\/uploads\\\/2024\\\/09\\\/Fachada-Ayuntamiento_contacto-Comarca_web2.webp\",\"width\":1000,\"height\":646,\"caption\":\"fachada ayuntamiento\"},{\"@type\":\"BreadcrumbList\",\"@id\":\"https:\\\/\\\/www.laguiadepamplona.com\\\/actualidad\\\/aprobados-los-baremos-de-meritos-para-las-convocatorias-de-concurso-de-traslado-en-el-ayuntamiento-de-pamplona\\\/#breadcrumb\",\"itemListElement\":[{\"@type\":\"ListItem\",\"position\":1,\"name\":\"Portada\",\"item\":\"https:\\\/\\\/www.laguiadepamplona.com\\\/actualidad\\\/\"},{\"@type\":\"ListItem\",\"position\":2,\"name\":\"Aprobados los baremos de m\u00e9ritos para las convocatorias de concurso de traslado en el Ayuntamiento de Pamplona\"}]},{\"@type\":\"WebSite\",\"@id\":\"https:\\\/\\\/www.laguiadepamplona.com\\\/actualidad\\\/#website\",\"url\":\"https:\\\/\\\/www.laguiadepamplona.com\\\/actualidad\\\/\",\"name\":\"La gu\u00eda de Pamplona\",\"description\":\"Noticias de Pamplona\",\"publisher\":{\"@id\":\"https:\\\/\\\/www.laguiadepamplona.com\\\/actualidad\\\/#organization\"},\"potentialAction\":[{\"@type\":\"SearchAction\",\"target\":{\"@type\":\"EntryPoint\",\"urlTemplate\":\"https:\\\/\\\/www.laguiadepamplona.com\\\/actualidad\\\/?s={search_term_string}\"},\"query-input\":{\"@type\":\"PropertyValueSpecification\",\"valueRequired\":true,\"valueName\":\"search_term_string\"}}],\"inLanguage\":\"es\"},{\"@type\":\"Organization\",\"@id\":\"https:\\\/\\\/www.laguiadepamplona.com\\\/actualidad\\\/#organization\",\"name\":\"La Gu\u00eda de Pamplona \\\/ Noticias\",\"url\":\"https:\\\/\\\/www.laguiadepamplona.com\\\/actualidad\\\/\",\"logo\":{\"@type\":\"ImageObject\",\"inLanguage\":\"es\",\"@id\":\"https:\\\/\\\/www.laguiadepamplona.com\\\/actualidad\\\/#\\\/schema\\\/logo\\\/image\\\/\",\"url\":\"https:\\\/\\\/www.laguiadepamplona.com\\\/actualidad\\\/wp-content\\\/uploads\\\/2018\\\/11\\\/logo-laguiadepamplona18-web1.png\",\"contentUrl\":\"https:\\\/\\\/www.laguiadepamplona.com\\\/actualidad\\\/wp-content\\\/uploads\\\/2018\\\/11\\\/logo-laguiadepamplona18-web1.png\",\"width\":600,\"height\":196,\"caption\":\"La Gu\u00eda de Pamplona \\\/ Noticias\"},\"image\":{\"@id\":\"https:\\\/\\\/www.laguiadepamplona.com\\\/actualidad\\\/#\\\/schema\\\/logo\\\/image\\\/\"},\"sameAs\":[\"https:\\\/\\\/www.facebook.com\\\/laguiadepamplonacom-133175176762273\\\/?ref=hl\",\"https:\\\/\\\/x.com\\\/LaGuiadPamplona\",\"https:\\\/\\\/www.instagram.com\\\/la_guia_de_pamplona\\\/\",\"https:\\\/\\\/www.youtube.com\\\/user\\\/laguiadepamplona\"]},{\"@type\":\"Person\",\"@id\":\"https:\\\/\\\/www.laguiadepamplona.com\\\/actualidad\\\/#\\\/schema\\\/person\\\/efe887376f0213d4657c93adc50b1fdb\",\"name\":\"La Gu\u00eda de Pamplona\",\"image\":{\"@type\":\"ImageObject\",\"inLanguage\":\"es\",\"@id\":\"https:\\\/\\\/secure.gravatar.com\\\/avatar\\\/b6992f131dc8d30ab0dff15446e9d346d9dbd95992de0fef795073f5ea83a81c?s=96&d=mm&r=g\",\"url\":\"https:\\\/\\\/secure.gravatar.com\\\/avatar\\\/b6992f131dc8d30ab0dff15446e9d346d9dbd95992de0fef795073f5ea83a81c?s=96&d=mm&r=g\",\"contentUrl\":\"https:\\\/\\\/secure.gravatar.com\\\/avatar\\\/b6992f131dc8d30ab0dff15446e9d346d9dbd95992de0fef795073f5ea83a81c?s=96&d=mm&r=g\",\"caption\":\"La Gu\u00eda de Pamplona\"}}]}<\/script>\n<!-- \/ Yoast SEO plugin. -->","yoast_head_json":{"title":"Aprobados los baremos de m\u00e9ritos para las convocatorias de concurso de traslado en el Ayuntamiento de Pamplona","description":"La Junta de Gobierno Local del Ayuntamiento de Pamplona ha aprobado los baremos de m\u00e9ritos que se aplicar\u00e1n en las convocatorias","robots":{"index":"index","follow":"follow","max-snippet":"max-snippet:-1","max-image-preview":"max-image-preview:large","max-video-preview":"max-video-preview:-1"},"canonical":"https:\/\/www.laguiadepamplona.com\/actualidad\/aprobados-los-baremos-de-meritos-para-las-convocatorias-de-concurso-de-traslado-en-el-ayuntamiento-de-pamplona\/","og_locale":"es_ES","og_type":"article","og_title":"Aprobados los baremos de m\u00e9ritos para las convocatorias de concurso de traslado en el Ayuntamiento de Pamplona","og_description":"La Junta de Gobierno Local del Ayuntamiento de Pamplona ha aprobado los baremos de m\u00e9ritos que se aplicar\u00e1n en las convocatorias","og_url":"https:\/\/www.laguiadepamplona.com\/actualidad\/aprobados-los-baremos-de-meritos-para-las-convocatorias-de-concurso-de-traslado-en-el-ayuntamiento-de-pamplona\/","og_site_name":"La Gu\u00eda de Pamplona","article_publisher":"https:\/\/www.facebook.com\/laguiadepamplonacom-133175176762273\/?ref=hl","article_published_time":"2025-02-26T11:10:05+00:00","og_image":[{"width":1000,"height":646,"url":"https:\/\/www.laguiadepamplona.com\/actualidad\/wp-content\/uploads\/2024\/09\/Fachada-Ayuntamiento_contacto-Comarca_web2.webp","type":"image\/webp"}],"author":"La Gu\u00eda de Pamplona","twitter_card":"summary_large_image","twitter_creator":"@LaGuiadPamplona","twitter_site":"@LaGuiadPamplona","twitter_misc":{"Escrito por":"La Gu\u00eda de Pamplona","Tiempo de lectura":"3 minutos"},"schema":{"@context":"https:\/\/schema.org","@graph":[{"@type":"Article","@id":"https:\/\/www.laguiadepamplona.com\/actualidad\/aprobados-los-baremos-de-meritos-para-las-convocatorias-de-concurso-de-traslado-en-el-ayuntamiento-de-pamplona\/#article","isPartOf":{"@id":"https:\/\/www.laguiadepamplona.com\/actualidad\/aprobados-los-baremos-de-meritos-para-las-convocatorias-de-concurso-de-traslado-en-el-ayuntamiento-de-pamplona\/"},"author":{"name":"La Gu\u00eda de Pamplona","@id":"https:\/\/www.laguiadepamplona.com\/actualidad\/#\/schema\/person\/efe887376f0213d4657c93adc50b1fdb"},"headline":"Aprobados los baremos de m\u00e9ritos para las convocatorias de concurso de traslado en el Ayuntamiento de Pamplona","datePublished":"2025-02-26T11:10:05+00:00","mainEntityOfPage":{"@id":"https:\/\/www.laguiadepamplona.com\/actualidad\/aprobados-los-baremos-de-meritos-para-las-convocatorias-de-concurso-de-traslado-en-el-ayuntamiento-de-pamplona\/"},"wordCount":621,"commentCount":0,"publisher":{"@id":"https:\/\/www.laguiadepamplona.com\/actualidad\/#organization"},"image":{"@id":"https:\/\/www.laguiadepamplona.com\/actualidad\/aprobados-los-baremos-de-meritos-para-las-convocatorias-de-concurso-de-traslado-en-el-ayuntamiento-de-pamplona\/#primaryimage"},"thumbnailUrl":"https:\/\/www.laguiadepamplona.com\/actualidad\/wp-content\/uploads\/2024\/09\/Fachada-Ayuntamiento_contacto-Comarca_web2.webp","articleSection":["Ayto Pamplona"],"inLanguage":"es","potentialAction":[{"@type":"CommentAction","name":"Comment","target":["https:\/\/www.laguiadepamplona.com\/actualidad\/aprobados-los-baremos-de-meritos-para-las-convocatorias-de-concurso-de-traslado-en-el-ayuntamiento-de-pamplona\/#respond"]}]},{"@type":"WebPage","@id":"https:\/\/www.laguiadepamplona.com\/actualidad\/aprobados-los-baremos-de-meritos-para-las-convocatorias-de-concurso-de-traslado-en-el-ayuntamiento-de-pamplona\/","url":"https:\/\/www.laguiadepamplona.com\/actualidad\/aprobados-los-baremos-de-meritos-para-las-convocatorias-de-concurso-de-traslado-en-el-ayuntamiento-de-pamplona\/","name":"Aprobados los baremos de m\u00e9ritos para las convocatorias de concurso de traslado en el Ayuntamiento de Pamplona","isPartOf":{"@id":"https:\/\/www.laguiadepamplona.com\/actualidad\/#website"},"primaryImageOfPage":{"@id":"https:\/\/www.laguiadepamplona.com\/actualidad\/aprobados-los-baremos-de-meritos-para-las-convocatorias-de-concurso-de-traslado-en-el-ayuntamiento-de-pamplona\/#primaryimage"},"image":{"@id":"https:\/\/www.laguiadepamplona.com\/actualidad\/aprobados-los-baremos-de-meritos-para-las-convocatorias-de-concurso-de-traslado-en-el-ayuntamiento-de-pamplona\/#primaryimage"},"thumbnailUrl":"https:\/\/www.laguiadepamplona.com\/actualidad\/wp-content\/uploads\/2024\/09\/Fachada-Ayuntamiento_contacto-Comarca_web2.webp","datePublished":"2025-02-26T11:10:05+00:00","description":"La Junta de Gobierno Local del Ayuntamiento de Pamplona ha aprobado los baremos de m\u00e9ritos que se aplicar\u00e1n en las convocatorias","breadcrumb":{"@id":"https:\/\/www.laguiadepamplona.com\/actualidad\/aprobados-los-baremos-de-meritos-para-las-convocatorias-de-concurso-de-traslado-en-el-ayuntamiento-de-pamplona\/#breadcrumb"},"inLanguage":"es","potentialAction":[{"@type":"ReadAction","target":["https:\/\/www.laguiadepamplona.com\/actualidad\/aprobados-los-baremos-de-meritos-para-las-convocatorias-de-concurso-de-traslado-en-el-ayuntamiento-de-pamplona\/"]}]},{"@type":"ImageObject","inLanguage":"es","@id":"https:\/\/www.laguiadepamplona.com\/actualidad\/aprobados-los-baremos-de-meritos-para-las-convocatorias-de-concurso-de-traslado-en-el-ayuntamiento-de-pamplona\/#primaryimage","url":"https:\/\/www.laguiadepamplona.com\/actualidad\/wp-content\/uploads\/2024\/09\/Fachada-Ayuntamiento_contacto-Comarca_web2.webp","contentUrl":"https:\/\/www.laguiadepamplona.com\/actualidad\/wp-content\/uploads\/2024\/09\/Fachada-Ayuntamiento_contacto-Comarca_web2.webp","width":1000,"height":646,"caption":"fachada ayuntamiento"},{"@type":"BreadcrumbList","@id":"https:\/\/www.laguiadepamplona.com\/actualidad\/aprobados-los-baremos-de-meritos-para-las-convocatorias-de-concurso-de-traslado-en-el-ayuntamiento-de-pamplona\/#breadcrumb","itemListElement":[{"@type":"ListItem","position":1,"name":"Portada","item":"https:\/\/www.laguiadepamplona.com\/actualidad\/"},{"@type":"ListItem","position":2,"name":"Aprobados los baremos de m\u00e9ritos para las convocatorias de concurso de traslado en el Ayuntamiento de Pamplona"}]},{"@type":"WebSite","@id":"https:\/\/www.laguiadepamplona.com\/actualidad\/#website","url":"https:\/\/www.laguiadepamplona.com\/actualidad\/","name":"La gu\u00eda de Pamplona","description":"Noticias de Pamplona","publisher":{"@id":"https:\/\/www.laguiadepamplona.com\/actualidad\/#organization"},"potentialAction":[{"@type":"SearchAction","target":{"@type":"EntryPoint","urlTemplate":"https:\/\/www.laguiadepamplona.com\/actualidad\/?s={search_term_string}"},"query-input":{"@type":"PropertyValueSpecification","valueRequired":true,"valueName":"search_term_string"}}],"inLanguage":"es"},{"@type":"Organization","@id":"https:\/\/www.laguiadepamplona.com\/actualidad\/#organization","name":"La Gu\u00eda de Pamplona \/ Noticias","url":"https:\/\/www.laguiadepamplona.com\/actualidad\/","logo":{"@type":"ImageObject","inLanguage":"es","@id":"https:\/\/www.laguiadepamplona.com\/actualidad\/#\/schema\/logo\/image\/","url":"https:\/\/www.laguiadepamplona.com\/actualidad\/wp-content\/uploads\/2018\/11\/logo-laguiadepamplona18-web1.png","contentUrl":"https:\/\/www.laguiadepamplona.com\/actualidad\/wp-content\/uploads\/2018\/11\/logo-laguiadepamplona18-web1.png","width":600,"height":196,"caption":"La Gu\u00eda de Pamplona \/ Noticias"},"image":{"@id":"https:\/\/www.laguiadepamplona.com\/actualidad\/#\/schema\/logo\/image\/"},"sameAs":["https:\/\/www.facebook.com\/laguiadepamplonacom-133175176762273\/?ref=hl","https:\/\/x.com\/LaGuiadPamplona","https:\/\/www.instagram.com\/la_guia_de_pamplona\/","https:\/\/www.youtube.com\/user\/laguiadepamplona"]},{"@type":"Person","@id":"https:\/\/www.laguiadepamplona.com\/actualidad\/#\/schema\/person\/efe887376f0213d4657c93adc50b1fdb","name":"La Gu\u00eda de Pamplona","image":{"@type":"ImageObject","inLanguage":"es","@id":"https:\/\/secure.gravatar.com\/avatar\/b6992f131dc8d30ab0dff15446e9d346d9dbd95992de0fef795073f5ea83a81c?s=96&d=mm&r=g","url":"https:\/\/secure.gravatar.com\/avatar\/b6992f131dc8d30ab0dff15446e9d346d9dbd95992de0fef795073f5ea83a81c?s=96&d=mm&r=g","contentUrl":"https:\/\/secure.gravatar.com\/avatar\/b6992f131dc8d30ab0dff15446e9d346d9dbd95992de0fef795073f5ea83a81c?s=96&d=mm&r=g","caption":"La Gu\u00eda de Pamplona"}}]}},"post_mailing_queue_ids":[],"_links":{"self":[{"href":"https:\/\/www.laguiadepamplona.com\/actualidad\/wp-json\/wp\/v2\/posts\/52211","targetHints":{"allow":["GET"]}}],"collection":[{"href":"https:\/\/www.laguiadepamplona.com\/actualidad\/wp-json\/wp\/v2\/posts"}],"about":[{"href":"https:\/\/www.laguiadepamplona.com\/actualidad\/wp-json\/wp\/v2\/types\/post"}],"author":[{"embeddable":true,"href":"https:\/\/www.laguiadepamplona.com\/actualidad\/wp-json\/wp\/v2\/users\/1"}],"replies":[{"embeddable":true,"href":"https:\/\/www.laguiadepamplona.com\/actualidad\/wp-json\/wp\/v2\/comments?post=52211"}],"version-history":[{"count":1,"href":"https:\/\/www.laguiadepamplona.com\/actualidad\/wp-json\/wp\/v2\/posts\/52211\/revisions"}],"predecessor-version":[{"id":52212,"href":"https:\/\/www.laguiadepamplona.com\/actualidad\/wp-json\/wp\/v2\/posts\/52211\/revisions\/52212"}],"wp:featuredmedia":[{"embeddable":true,"href":"https:\/\/www.laguiadepamplona.com\/actualidad\/wp-json\/wp\/v2\/media\/50736"}],"wp:attachment":[{"href":"https:\/\/www.laguiadepamplona.com\/actualidad\/wp-json\/wp\/v2\/media?parent=52211"}],"wp:term":[{"taxonomy":"category","embeddable":true,"href":"https:\/\/www.laguiadepamplona.com\/actualidad\/wp-json\/wp\/v2\/categories?post=52211"},{"taxonomy":"post_tag","embeddable":true,"href":"https:\/\/www.laguiadepamplona.com\/actualidad\/wp-json\/wp\/v2\/tags?post=52211"}],"curies":[{"name":"wp","href":"https:\/\/api.w.org\/{rel}","templated":true}]}}