{"id":52208,"date":"2025-02-26T13:08:41","date_gmt":"2025-02-26T11:08:41","guid":{"rendered":"https:\/\/www.laguiadepamplona.com\/actualidad\/?p=52208"},"modified":"2025-02-26T13:08:41","modified_gmt":"2025-02-26T11:08:41","slug":"la-rehabilitacion-de-casa-soto-etxezuria-pondra-en-valor-el-edificio-complementando-el-proyecto-de-recuperacion-de-la-agricultura-ecologica-en-el-parque-de-arantzadi","status":"publish","type":"post","link":"https:\/\/www.laguiadepamplona.com\/actualidad\/la-rehabilitacion-de-casa-soto-etxezuria-pondra-en-valor-el-edificio-complementando-el-proyecto-de-recuperacion-de-la-agricultura-ecologica-en-el-parque-de-arantzadi\/","title":{"rendered":"La rehabilitaci\u00f3n de Casa Soto \u201cEtxezuria\u201d pondr\u00e1 en valor el edificio, complementando el proyecto de recuperaci\u00f3n de la agricultura ecol\u00f3gica en el parque de Arantzadi"},"content":{"rendered":"<h2>Gerencia de Urbanismo adjudica el contrato de redacci\u00f3n del proyecto de rehabilitaci\u00f3n por un importe de 32.000 euros<\/h2>\n<p><!--more--><\/p>\n<p>El Consejo de la Gerencia de Urbanismo ha adjudicado en su sesi\u00f3n de hoy el contrato para redactar el proyecto de rehabilitaci\u00f3n de Casa Soto, para que pueda utilizarse para el desarrollo de programas complementarios y relacionados con el uso hort\u00edcola que fomenten el ocio y la participaci\u00f3n ciudadana vinculados al espacio hort\u00edcola que rodea la casa. Se trata de recuperar el inmueble, deshabitado desde 2020, para poder desarrollar en \u00e9l proyectos de educaci\u00f3n ambiental, de estudio y experimentaci\u00f3n prototipos alternativos de producci\u00f3n y otros usos relacionados en el parque de Arantzadi. La adjudicaci\u00f3n ha reca\u00eddo a la propuesta presentada por Joki\u00f1e Crespo, Laura Hern\u00e1ndez Sanz e Ignacio Cordero Fort, por un importe de 32.000 euros.<\/p>\n<p>La propuesta ganadora pretende la recuperaci\u00f3n del edificio conservando sus caracter\u00edsticas esenciales, adaptando lo necesario para que pueda albergar los nuevos usos planteados. As\u00ed, el proyecto se plantea con criterios de m\u00ednima intervenci\u00f3n y respeto al edificio existente, y apuesta por la puesta en valor de sus aspectos m\u00e1s caracter\u00edsticos como su estructura, tipo de hueco y revestimientos exteriores. Para respetar al m\u00e1ximo la realidad construida, los derribos propuestos son los m\u00ednimos.<\/p>\n<p>As\u00ed, se mantienen los elementos estructurales y cerramientos existentes en el edificio principal, as\u00ed como las construcciones anexas. La est\u00e9tica del edificio se basa en una propuesta contempor\u00e1nea que respeta el inmueble y lo integra arm\u00f3nicamente con el paisaje circundante. Se opta por la puesta en valor de la estructura de madera existente, dejando los elementos como pilares, vigas y solivos de madera a la vista. El ascensor necesario para hacer accesible el edificio se ubicar\u00e1 frente al actual n\u00facleo de escaleras, escaleras que se sustituir\u00e1n para garantizar la dimensi\u00f3n de sus pelda\u00f1os.<\/p>\n<p>El proyecto prev\u00e9 una nueva edificaci\u00f3n anexa para los vestuarios, que se levantar\u00e1 en la huella existente del antiguo gallinero. Se considera que este uso, m\u00e1s vinculado al trabajo en las huertas, debe encontrarse fuera del edificio y funcionar de una manera aut\u00f3noma.<\/p>\n<p><strong>Distribuci\u00f3n de espacios por plantas<\/strong><\/p>\n<p>El acceso principal al edificio se mantiene en su ubicaci\u00f3n actual, aunque se propone adem\u00e1s un acceso secundario para la residencia mediante la puerta lateral existente. En la planta baja se situar\u00e1n los espacios polivalentes relacionados con la funci\u00f3n agr\u00edcola del parque del meando de Arantzadi: zona de recepci\u00f3n de visitantes, aseos p\u00fablicos, zona de talleres y sala de eventos-conferencias. Los vestuarios, en el nuevo edificio anexo, estar\u00e1n conectados con el edificio principal mediante una p\u00e9rgola, generando as\u00ed un espacio exterior cubierto que se podr\u00e1 usar para peque\u00f1os eventos en el exterior.<\/p>\n<p>En la primera planta se situar\u00e1n las estancias de d\u00eda de la vivienda, destinadas a estudiantes universitarios en pr\u00e1cticas. Se trata de las zonas comunes como la cocina, el comedor, sala de estar y de estudio y ba\u00f1o completo adaptado. En la segunda planta se ubicar\u00e1n los dormitorios, as\u00ed como un ba\u00f1o completo adaptado. Se proponen inicialmente cinco dormitorios. Y en la bajo cubierta se aprovecha el espacio disponible para la ubicaci\u00f3n de las instalaciones. Las instalaciones incorporan sistemas inteligentes de control de energ\u00eda que permiten monitorizar y optimizar el consumo energ\u00e9tico, favoreciendo la sostenibilidad.<\/p>\n<p><strong>Rehabilitac\u00ed\u00f3n Passivehouse y econom\u00eda circular<\/strong><\/p>\n<p>Las soluciones constructivas adoptadas en el proyecto buscan optimizar el uso de materiales, reducir los plazos de ejecuci\u00f3n y garantizar la eficiencia energ\u00e9tica del edificio. Para ello, el proyecto selecciona t\u00e9cnicas de construcci\u00f3n que aseguren la durabilidad y sostenibilidad del edificio, tanto en su fase de construcci\u00f3n como en su ciclo de vida.<\/p>\n<p>A priori, el estado general de la estructura es bueno, por lo que el proyecto se limitar\u00e1 a sustituir las piezas que se encuentren en mal estado por otras equivalentes. Se prev\u00e9 realizar refuerzos estructurales en los forjados. La mayor intervenci\u00f3n se realizar\u00e1 en la cubierta, que se encuentra en mal estado y hay filtraci\u00f3n de agua al interior del edificio. Sobre la estructura, que es de teja \u00e1rabe sobre tabla de madera, se prev\u00e9 realizar un nuevo entablado de madera hidr\u00f3fuga y se dispondr\u00e1 un aislamiento continuo de lana mineral. Se reutilizar\u00e1 la teja existente que se encuentre en buen estado.<\/p>\n<p>El proyecto incluye medidas para favorecer la econom\u00eda circular con la reutilizaci\u00f3n de materiales existentes, las soluciones para la eficiencia energ\u00e9tica previstas, la circularidad en el mobiliario y los acabados, con muebles modulares, reciclables o reutilizables.<\/p>\n<p><strong>Producci\u00f3n y educaci\u00f3n en torno a la agricultura ecol\u00f3gica<\/strong><\/p>\n<p>La rehabilitaci\u00f3n de Casa Soto completar\u00e1 el proyecto que el Ayuntamiento de Pamplona tiene previsto para esta zona del parque de Arantzadi, donde se desarrollar\u00e1 un proyecto de gesti\u00f3n y explotaci\u00f3n en torno a la agricultura ecol\u00f3gica. Para ello, el Ayuntamiento adjudic\u00f3 mediante concesi\u00f3n la gesti\u00f3n y explotaci\u00f3n de las huertas a la asociaci\u00f3n LANDARE. Asimismo, el pasado mes de diciembre adjudic\u00f3 las obras relacionadas con las huertas a Lacunza Hermanos SL, por un importe de 340.329,95 euros.<\/p>\n<p>Estas obras consisten en diferentes actuaciones tanto en las huertas en torno a Casa Soto como las relacionadas con las instalaciones necesarias para su funcionamiento, todo ello conforme al proyecto redactado por Valeriano Zabalza San Mart\u00edn. Las huertas de Casa Soto constan de dos zonas diferenciadas: una de ellas, de mayor tama\u00f1o y en la que se encuentran los invernaderos, se ubica junto al edificio; y la otra, de menor tama\u00f1o, se sit\u00faa al otro lado del camino peatonal que comunica el parque de Arantzadi con el barrio de Rochapea, junto al aparcamiento disuasorio.<\/p>\n<p>Los trabajos que contempla el proyecto para la recuperaci\u00f3n de la zona agr\u00edcola pasan por el dise\u00f1o y puesta a punto de la instalaci\u00f3n de riego desde la toma de agua del r\u00edo donde existe una concesi\u00f3n vigente hasta el actual pozo, y la disposici\u00f3n de tomas a las zonas de huerta. Se incluyen todos los elementos necesarios para el correcto funcionamiento de la instalaci\u00f3n, como bomba de captaci\u00f3n, hidrantes, tuber\u00edas de riego, instalaci\u00f3n el\u00e9ctrica\u2026 Asimismo, se reparar\u00e1 el pozo existente, se completar\u00e1 el cierre perimetral de la zona, se reparar\u00e1n los invernaderos, se implementar\u00e1 un sistema de control y vigilancia e instalar\u00e1 un espacio de almacenaje de unos 32 m<sup>2<\/sup>, entre otras mejoras.<\/p>\n","protected":false},"excerpt":{"rendered":"<p>Gerencia de Urbanismo adjudica el contrato de redacci\u00f3n del proyecto de rehabilitaci\u00f3n por un importe de 32.000 euros<\/p>\n","protected":false},"author":1,"featured_media":52209,"comment_status":"open","ping_status":"closed","sticky":false,"template":"","format":"standard","meta":{"footnotes":""},"categories":[2],"tags":[],"class_list":["post-52208","post","type-post","status-publish","format-standard","has-post-thumbnail","hentry","category-ayuntamiento-pamplona"],"yoast_head":"<!-- This site is optimized with the Yoast SEO plugin v27.3 - https:\/\/yoast.com\/product\/yoast-seo-wordpress\/ -->\n<title>La rehabilitaci\u00f3n de Casa Soto \u201cEtxezuria\u201d pondr\u00e1 en valor el edificio, complementando el proyecto de recuperaci\u00f3n de la agricultura ecol\u00f3gica en el parque de Arantzadi<\/title>\n<meta name=\"description\" content=\"Gerencia de Urbanismo adjudica el contrato de redacci\u00f3n del proyecto de rehabilitaci\u00f3n por un importe de 32.000 euros\" \/>\n<meta name=\"robots\" content=\"index, follow, max-snippet:-1, max-image-preview:large, max-video-preview:-1\" \/>\n<link rel=\"canonical\" href=\"https:\/\/www.laguiadepamplona.com\/actualidad\/la-rehabilitacion-de-casa-soto-etxezuria-pondra-en-valor-el-edificio-complementando-el-proyecto-de-recuperacion-de-la-agricultura-ecologica-en-el-parque-de-arantzadi\/\" \/>\n<meta property=\"og:locale\" content=\"es_ES\" \/>\n<meta property=\"og:type\" content=\"article\" \/>\n<meta property=\"og:title\" content=\"La rehabilitaci\u00f3n de Casa Soto \u201cEtxezuria\u201d pondr\u00e1 en valor el edificio, complementando el proyecto de recuperaci\u00f3n de la agricultura ecol\u00f3gica en el parque de Arantzadi\" \/>\n<meta property=\"og:description\" content=\"Gerencia de Urbanismo adjudica el contrato de redacci\u00f3n del proyecto de rehabilitaci\u00f3n por un importe de 32.000 euros\" \/>\n<meta property=\"og:url\" content=\"https:\/\/www.laguiadepamplona.com\/actualidad\/la-rehabilitacion-de-casa-soto-etxezuria-pondra-en-valor-el-edificio-complementando-el-proyecto-de-recuperacion-de-la-agricultura-ecologica-en-el-parque-de-arantzadi\/\" \/>\n<meta property=\"og:site_name\" content=\"La Gu\u00eda de Pamplona\" \/>\n<meta property=\"article:publisher\" content=\"https:\/\/www.facebook.com\/laguiadepamplonacom-133175176762273\/?ref=hl\" \/>\n<meta property=\"article:published_time\" content=\"2025-02-26T11:08:41+00:00\" \/>\n<meta property=\"og:image\" content=\"https:\/\/www.laguiadepamplona.com\/actualidad\/wp-content\/uploads\/2025\/02\/casasotoweb3.webp\" \/>\n\t<meta property=\"og:image:width\" content=\"1000\" \/>\n\t<meta property=\"og:image:height\" content=\"539\" \/>\n\t<meta property=\"og:image:type\" content=\"image\/webp\" \/>\n<meta name=\"author\" content=\"La Gu\u00eda de Pamplona\" \/>\n<meta name=\"twitter:card\" content=\"summary_large_image\" \/>\n<meta name=\"twitter:creator\" content=\"@LaGuiadPamplona\" \/>\n<meta name=\"twitter:site\" content=\"@LaGuiadPamplona\" \/>\n<meta name=\"twitter:label1\" content=\"Escrito por\" \/>\n\t<meta name=\"twitter:data1\" content=\"La Gu\u00eda de Pamplona\" \/>\n\t<meta name=\"twitter:label2\" content=\"Tiempo de lectura\" \/>\n\t<meta name=\"twitter:data2\" content=\"5 minutos\" \/>\n<script type=\"application\/ld+json\" class=\"yoast-schema-graph\">{\"@context\":\"https:\\\/\\\/schema.org\",\"@graph\":[{\"@type\":\"Article\",\"@id\":\"https:\\\/\\\/www.laguiadepamplona.com\\\/actualidad\\\/la-rehabilitacion-de-casa-soto-etxezuria-pondra-en-valor-el-edificio-complementando-el-proyecto-de-recuperacion-de-la-agricultura-ecologica-en-el-parque-de-arantzadi\\\/#article\",\"isPartOf\":{\"@id\":\"https:\\\/\\\/www.laguiadepamplona.com\\\/actualidad\\\/la-rehabilitacion-de-casa-soto-etxezuria-pondra-en-valor-el-edificio-complementando-el-proyecto-de-recuperacion-de-la-agricultura-ecologica-en-el-parque-de-arantzadi\\\/\"},\"author\":{\"name\":\"La Gu\u00eda de Pamplona\",\"@id\":\"https:\\\/\\\/www.laguiadepamplona.com\\\/actualidad\\\/#\\\/schema\\\/person\\\/efe887376f0213d4657c93adc50b1fdb\"},\"headline\":\"La rehabilitaci\u00f3n de Casa Soto \u201cEtxezuria\u201d pondr\u00e1 en valor el edificio, complementando el proyecto de recuperaci\u00f3n de la agricultura ecol\u00f3gica en el parque de Arantzadi\",\"datePublished\":\"2025-02-26T11:08:41+00:00\",\"mainEntityOfPage\":{\"@id\":\"https:\\\/\\\/www.laguiadepamplona.com\\\/actualidad\\\/la-rehabilitacion-de-casa-soto-etxezuria-pondra-en-valor-el-edificio-complementando-el-proyecto-de-recuperacion-de-la-agricultura-ecologica-en-el-parque-de-arantzadi\\\/\"},\"wordCount\":1141,\"commentCount\":0,\"publisher\":{\"@id\":\"https:\\\/\\\/www.laguiadepamplona.com\\\/actualidad\\\/#organization\"},\"image\":{\"@id\":\"https:\\\/\\\/www.laguiadepamplona.com\\\/actualidad\\\/la-rehabilitacion-de-casa-soto-etxezuria-pondra-en-valor-el-edificio-complementando-el-proyecto-de-recuperacion-de-la-agricultura-ecologica-en-el-parque-de-arantzadi\\\/#primaryimage\"},\"thumbnailUrl\":\"https:\\\/\\\/www.laguiadepamplona.com\\\/actualidad\\\/wp-content\\\/uploads\\\/2025\\\/02\\\/casasotoweb3.webp\",\"articleSection\":[\"Ayto Pamplona\"],\"inLanguage\":\"es\",\"potentialAction\":[{\"@type\":\"CommentAction\",\"name\":\"Comment\",\"target\":[\"https:\\\/\\\/www.laguiadepamplona.com\\\/actualidad\\\/la-rehabilitacion-de-casa-soto-etxezuria-pondra-en-valor-el-edificio-complementando-el-proyecto-de-recuperacion-de-la-agricultura-ecologica-en-el-parque-de-arantzadi\\\/#respond\"]}]},{\"@type\":\"WebPage\",\"@id\":\"https:\\\/\\\/www.laguiadepamplona.com\\\/actualidad\\\/la-rehabilitacion-de-casa-soto-etxezuria-pondra-en-valor-el-edificio-complementando-el-proyecto-de-recuperacion-de-la-agricultura-ecologica-en-el-parque-de-arantzadi\\\/\",\"url\":\"https:\\\/\\\/www.laguiadepamplona.com\\\/actualidad\\\/la-rehabilitacion-de-casa-soto-etxezuria-pondra-en-valor-el-edificio-complementando-el-proyecto-de-recuperacion-de-la-agricultura-ecologica-en-el-parque-de-arantzadi\\\/\",\"name\":\"La rehabilitaci\u00f3n de Casa Soto \u201cEtxezuria\u201d pondr\u00e1 en valor el edificio, complementando el proyecto de recuperaci\u00f3n de la agricultura ecol\u00f3gica en el parque de Arantzadi\",\"isPartOf\":{\"@id\":\"https:\\\/\\\/www.laguiadepamplona.com\\\/actualidad\\\/#website\"},\"primaryImageOfPage\":{\"@id\":\"https:\\\/\\\/www.laguiadepamplona.com\\\/actualidad\\\/la-rehabilitacion-de-casa-soto-etxezuria-pondra-en-valor-el-edificio-complementando-el-proyecto-de-recuperacion-de-la-agricultura-ecologica-en-el-parque-de-arantzadi\\\/#primaryimage\"},\"image\":{\"@id\":\"https:\\\/\\\/www.laguiadepamplona.com\\\/actualidad\\\/la-rehabilitacion-de-casa-soto-etxezuria-pondra-en-valor-el-edificio-complementando-el-proyecto-de-recuperacion-de-la-agricultura-ecologica-en-el-parque-de-arantzadi\\\/#primaryimage\"},\"thumbnailUrl\":\"https:\\\/\\\/www.laguiadepamplona.com\\\/actualidad\\\/wp-content\\\/uploads\\\/2025\\\/02\\\/casasotoweb3.webp\",\"datePublished\":\"2025-02-26T11:08:41+00:00\",\"description\":\"Gerencia de Urbanismo adjudica el contrato de redacci\u00f3n del proyecto de rehabilitaci\u00f3n por un importe de 32.000 euros\",\"breadcrumb\":{\"@id\":\"https:\\\/\\\/www.laguiadepamplona.com\\\/actualidad\\\/la-rehabilitacion-de-casa-soto-etxezuria-pondra-en-valor-el-edificio-complementando-el-proyecto-de-recuperacion-de-la-agricultura-ecologica-en-el-parque-de-arantzadi\\\/#breadcrumb\"},\"inLanguage\":\"es\",\"potentialAction\":[{\"@type\":\"ReadAction\",\"target\":[\"https:\\\/\\\/www.laguiadepamplona.com\\\/actualidad\\\/la-rehabilitacion-de-casa-soto-etxezuria-pondra-en-valor-el-edificio-complementando-el-proyecto-de-recuperacion-de-la-agricultura-ecologica-en-el-parque-de-arantzadi\\\/\"]}]},{\"@type\":\"ImageObject\",\"inLanguage\":\"es\",\"@id\":\"https:\\\/\\\/www.laguiadepamplona.com\\\/actualidad\\\/la-rehabilitacion-de-casa-soto-etxezuria-pondra-en-valor-el-edificio-complementando-el-proyecto-de-recuperacion-de-la-agricultura-ecologica-en-el-parque-de-arantzadi\\\/#primaryimage\",\"url\":\"https:\\\/\\\/www.laguiadepamplona.com\\\/actualidad\\\/wp-content\\\/uploads\\\/2025\\\/02\\\/casasotoweb3.webp\",\"contentUrl\":\"https:\\\/\\\/www.laguiadepamplona.com\\\/actualidad\\\/wp-content\\\/uploads\\\/2025\\\/02\\\/casasotoweb3.webp\",\"width\":1000,\"height\":539,\"caption\":\"casa soto rehabilitaci\u00f3n\"},{\"@type\":\"BreadcrumbList\",\"@id\":\"https:\\\/\\\/www.laguiadepamplona.com\\\/actualidad\\\/la-rehabilitacion-de-casa-soto-etxezuria-pondra-en-valor-el-edificio-complementando-el-proyecto-de-recuperacion-de-la-agricultura-ecologica-en-el-parque-de-arantzadi\\\/#breadcrumb\",\"itemListElement\":[{\"@type\":\"ListItem\",\"position\":1,\"name\":\"Portada\",\"item\":\"https:\\\/\\\/www.laguiadepamplona.com\\\/actualidad\\\/\"},{\"@type\":\"ListItem\",\"position\":2,\"name\":\"La rehabilitaci\u00f3n de Casa Soto \u201cEtxezuria\u201d pondr\u00e1 en valor el edificio, complementando el proyecto de recuperaci\u00f3n de la agricultura ecol\u00f3gica en el parque de Arantzadi\"}]},{\"@type\":\"WebSite\",\"@id\":\"https:\\\/\\\/www.laguiadepamplona.com\\\/actualidad\\\/#website\",\"url\":\"https:\\\/\\\/www.laguiadepamplona.com\\\/actualidad\\\/\",\"name\":\"La gu\u00eda de Pamplona\",\"description\":\"Noticias de Pamplona\",\"publisher\":{\"@id\":\"https:\\\/\\\/www.laguiadepamplona.com\\\/actualidad\\\/#organization\"},\"potentialAction\":[{\"@type\":\"SearchAction\",\"target\":{\"@type\":\"EntryPoint\",\"urlTemplate\":\"https:\\\/\\\/www.laguiadepamplona.com\\\/actualidad\\\/?s={search_term_string}\"},\"query-input\":{\"@type\":\"PropertyValueSpecification\",\"valueRequired\":true,\"valueName\":\"search_term_string\"}}],\"inLanguage\":\"es\"},{\"@type\":\"Organization\",\"@id\":\"https:\\\/\\\/www.laguiadepamplona.com\\\/actualidad\\\/#organization\",\"name\":\"La Gu\u00eda de Pamplona \\\/ Noticias\",\"url\":\"https:\\\/\\\/www.laguiadepamplona.com\\\/actualidad\\\/\",\"logo\":{\"@type\":\"ImageObject\",\"inLanguage\":\"es\",\"@id\":\"https:\\\/\\\/www.laguiadepamplona.com\\\/actualidad\\\/#\\\/schema\\\/logo\\\/image\\\/\",\"url\":\"https:\\\/\\\/www.laguiadepamplona.com\\\/actualidad\\\/wp-content\\\/uploads\\\/2018\\\/11\\\/logo-laguiadepamplona18-web1.png\",\"contentUrl\":\"https:\\\/\\\/www.laguiadepamplona.com\\\/actualidad\\\/wp-content\\\/uploads\\\/2018\\\/11\\\/logo-laguiadepamplona18-web1.png\",\"width\":600,\"height\":196,\"caption\":\"La Gu\u00eda de Pamplona \\\/ Noticias\"},\"image\":{\"@id\":\"https:\\\/\\\/www.laguiadepamplona.com\\\/actualidad\\\/#\\\/schema\\\/logo\\\/image\\\/\"},\"sameAs\":[\"https:\\\/\\\/www.facebook.com\\\/laguiadepamplonacom-133175176762273\\\/?ref=hl\",\"https:\\\/\\\/x.com\\\/LaGuiadPamplona\",\"https:\\\/\\\/www.instagram.com\\\/la_guia_de_pamplona\\\/\",\"https:\\\/\\\/www.youtube.com\\\/user\\\/laguiadepamplona\"]},{\"@type\":\"Person\",\"@id\":\"https:\\\/\\\/www.laguiadepamplona.com\\\/actualidad\\\/#\\\/schema\\\/person\\\/efe887376f0213d4657c93adc50b1fdb\",\"name\":\"La Gu\u00eda de Pamplona\",\"image\":{\"@type\":\"ImageObject\",\"inLanguage\":\"es\",\"@id\":\"https:\\\/\\\/secure.gravatar.com\\\/avatar\\\/b6992f131dc8d30ab0dff15446e9d346d9dbd95992de0fef795073f5ea83a81c?s=96&d=mm&r=g\",\"url\":\"https:\\\/\\\/secure.gravatar.com\\\/avatar\\\/b6992f131dc8d30ab0dff15446e9d346d9dbd95992de0fef795073f5ea83a81c?s=96&d=mm&r=g\",\"contentUrl\":\"https:\\\/\\\/secure.gravatar.com\\\/avatar\\\/b6992f131dc8d30ab0dff15446e9d346d9dbd95992de0fef795073f5ea83a81c?s=96&d=mm&r=g\",\"caption\":\"La Gu\u00eda de Pamplona\"}}]}<\/script>\n<!-- \/ Yoast SEO plugin. -->","yoast_head_json":{"title":"La rehabilitaci\u00f3n de Casa Soto \u201cEtxezuria\u201d pondr\u00e1 en valor el edificio, complementando el proyecto de recuperaci\u00f3n de la agricultura ecol\u00f3gica en el parque de Arantzadi","description":"Gerencia de Urbanismo adjudica el contrato de redacci\u00f3n del proyecto de rehabilitaci\u00f3n por un importe de 32.000 euros","robots":{"index":"index","follow":"follow","max-snippet":"max-snippet:-1","max-image-preview":"max-image-preview:large","max-video-preview":"max-video-preview:-1"},"canonical":"https:\/\/www.laguiadepamplona.com\/actualidad\/la-rehabilitacion-de-casa-soto-etxezuria-pondra-en-valor-el-edificio-complementando-el-proyecto-de-recuperacion-de-la-agricultura-ecologica-en-el-parque-de-arantzadi\/","og_locale":"es_ES","og_type":"article","og_title":"La rehabilitaci\u00f3n de Casa Soto \u201cEtxezuria\u201d pondr\u00e1 en valor el edificio, complementando el proyecto de recuperaci\u00f3n de la agricultura ecol\u00f3gica en el parque de Arantzadi","og_description":"Gerencia de Urbanismo adjudica el contrato de redacci\u00f3n del proyecto de rehabilitaci\u00f3n por un importe de 32.000 euros","og_url":"https:\/\/www.laguiadepamplona.com\/actualidad\/la-rehabilitacion-de-casa-soto-etxezuria-pondra-en-valor-el-edificio-complementando-el-proyecto-de-recuperacion-de-la-agricultura-ecologica-en-el-parque-de-arantzadi\/","og_site_name":"La Gu\u00eda de Pamplona","article_publisher":"https:\/\/www.facebook.com\/laguiadepamplonacom-133175176762273\/?ref=hl","article_published_time":"2025-02-26T11:08:41+00:00","og_image":[{"width":1000,"height":539,"url":"https:\/\/www.laguiadepamplona.com\/actualidad\/wp-content\/uploads\/2025\/02\/casasotoweb3.webp","type":"image\/webp"}],"author":"La Gu\u00eda de Pamplona","twitter_card":"summary_large_image","twitter_creator":"@LaGuiadPamplona","twitter_site":"@LaGuiadPamplona","twitter_misc":{"Escrito por":"La Gu\u00eda de Pamplona","Tiempo de lectura":"5 minutos"},"schema":{"@context":"https:\/\/schema.org","@graph":[{"@type":"Article","@id":"https:\/\/www.laguiadepamplona.com\/actualidad\/la-rehabilitacion-de-casa-soto-etxezuria-pondra-en-valor-el-edificio-complementando-el-proyecto-de-recuperacion-de-la-agricultura-ecologica-en-el-parque-de-arantzadi\/#article","isPartOf":{"@id":"https:\/\/www.laguiadepamplona.com\/actualidad\/la-rehabilitacion-de-casa-soto-etxezuria-pondra-en-valor-el-edificio-complementando-el-proyecto-de-recuperacion-de-la-agricultura-ecologica-en-el-parque-de-arantzadi\/"},"author":{"name":"La Gu\u00eda de Pamplona","@id":"https:\/\/www.laguiadepamplona.com\/actualidad\/#\/schema\/person\/efe887376f0213d4657c93adc50b1fdb"},"headline":"La rehabilitaci\u00f3n de Casa Soto \u201cEtxezuria\u201d pondr\u00e1 en valor el edificio, complementando el proyecto de recuperaci\u00f3n de la agricultura ecol\u00f3gica en el parque de Arantzadi","datePublished":"2025-02-26T11:08:41+00:00","mainEntityOfPage":{"@id":"https:\/\/www.laguiadepamplona.com\/actualidad\/la-rehabilitacion-de-casa-soto-etxezuria-pondra-en-valor-el-edificio-complementando-el-proyecto-de-recuperacion-de-la-agricultura-ecologica-en-el-parque-de-arantzadi\/"},"wordCount":1141,"commentCount":0,"publisher":{"@id":"https:\/\/www.laguiadepamplona.com\/actualidad\/#organization"},"image":{"@id":"https:\/\/www.laguiadepamplona.com\/actualidad\/la-rehabilitacion-de-casa-soto-etxezuria-pondra-en-valor-el-edificio-complementando-el-proyecto-de-recuperacion-de-la-agricultura-ecologica-en-el-parque-de-arantzadi\/#primaryimage"},"thumbnailUrl":"https:\/\/www.laguiadepamplona.com\/actualidad\/wp-content\/uploads\/2025\/02\/casasotoweb3.webp","articleSection":["Ayto Pamplona"],"inLanguage":"es","potentialAction":[{"@type":"CommentAction","name":"Comment","target":["https:\/\/www.laguiadepamplona.com\/actualidad\/la-rehabilitacion-de-casa-soto-etxezuria-pondra-en-valor-el-edificio-complementando-el-proyecto-de-recuperacion-de-la-agricultura-ecologica-en-el-parque-de-arantzadi\/#respond"]}]},{"@type":"WebPage","@id":"https:\/\/www.laguiadepamplona.com\/actualidad\/la-rehabilitacion-de-casa-soto-etxezuria-pondra-en-valor-el-edificio-complementando-el-proyecto-de-recuperacion-de-la-agricultura-ecologica-en-el-parque-de-arantzadi\/","url":"https:\/\/www.laguiadepamplona.com\/actualidad\/la-rehabilitacion-de-casa-soto-etxezuria-pondra-en-valor-el-edificio-complementando-el-proyecto-de-recuperacion-de-la-agricultura-ecologica-en-el-parque-de-arantzadi\/","name":"La rehabilitaci\u00f3n de Casa Soto \u201cEtxezuria\u201d pondr\u00e1 en valor el edificio, complementando el proyecto de recuperaci\u00f3n de la agricultura ecol\u00f3gica en el parque de Arantzadi","isPartOf":{"@id":"https:\/\/www.laguiadepamplona.com\/actualidad\/#website"},"primaryImageOfPage":{"@id":"https:\/\/www.laguiadepamplona.com\/actualidad\/la-rehabilitacion-de-casa-soto-etxezuria-pondra-en-valor-el-edificio-complementando-el-proyecto-de-recuperacion-de-la-agricultura-ecologica-en-el-parque-de-arantzadi\/#primaryimage"},"image":{"@id":"https:\/\/www.laguiadepamplona.com\/actualidad\/la-rehabilitacion-de-casa-soto-etxezuria-pondra-en-valor-el-edificio-complementando-el-proyecto-de-recuperacion-de-la-agricultura-ecologica-en-el-parque-de-arantzadi\/#primaryimage"},"thumbnailUrl":"https:\/\/www.laguiadepamplona.com\/actualidad\/wp-content\/uploads\/2025\/02\/casasotoweb3.webp","datePublished":"2025-02-26T11:08:41+00:00","description":"Gerencia de Urbanismo adjudica el contrato de redacci\u00f3n del proyecto de rehabilitaci\u00f3n por un importe de 32.000 euros","breadcrumb":{"@id":"https:\/\/www.laguiadepamplona.com\/actualidad\/la-rehabilitacion-de-casa-soto-etxezuria-pondra-en-valor-el-edificio-complementando-el-proyecto-de-recuperacion-de-la-agricultura-ecologica-en-el-parque-de-arantzadi\/#breadcrumb"},"inLanguage":"es","potentialAction":[{"@type":"ReadAction","target":["https:\/\/www.laguiadepamplona.com\/actualidad\/la-rehabilitacion-de-casa-soto-etxezuria-pondra-en-valor-el-edificio-complementando-el-proyecto-de-recuperacion-de-la-agricultura-ecologica-en-el-parque-de-arantzadi\/"]}]},{"@type":"ImageObject","inLanguage":"es","@id":"https:\/\/www.laguiadepamplona.com\/actualidad\/la-rehabilitacion-de-casa-soto-etxezuria-pondra-en-valor-el-edificio-complementando-el-proyecto-de-recuperacion-de-la-agricultura-ecologica-en-el-parque-de-arantzadi\/#primaryimage","url":"https:\/\/www.laguiadepamplona.com\/actualidad\/wp-content\/uploads\/2025\/02\/casasotoweb3.webp","contentUrl":"https:\/\/www.laguiadepamplona.com\/actualidad\/wp-content\/uploads\/2025\/02\/casasotoweb3.webp","width":1000,"height":539,"caption":"casa soto rehabilitaci\u00f3n"},{"@type":"BreadcrumbList","@id":"https:\/\/www.laguiadepamplona.com\/actualidad\/la-rehabilitacion-de-casa-soto-etxezuria-pondra-en-valor-el-edificio-complementando-el-proyecto-de-recuperacion-de-la-agricultura-ecologica-en-el-parque-de-arantzadi\/#breadcrumb","itemListElement":[{"@type":"ListItem","position":1,"name":"Portada","item":"https:\/\/www.laguiadepamplona.com\/actualidad\/"},{"@type":"ListItem","position":2,"name":"La rehabilitaci\u00f3n de Casa Soto \u201cEtxezuria\u201d pondr\u00e1 en valor el edificio, complementando el proyecto de recuperaci\u00f3n de la agricultura ecol\u00f3gica en el parque de Arantzadi"}]},{"@type":"WebSite","@id":"https:\/\/www.laguiadepamplona.com\/actualidad\/#website","url":"https:\/\/www.laguiadepamplona.com\/actualidad\/","name":"La gu\u00eda de Pamplona","description":"Noticias de Pamplona","publisher":{"@id":"https:\/\/www.laguiadepamplona.com\/actualidad\/#organization"},"potentialAction":[{"@type":"SearchAction","target":{"@type":"EntryPoint","urlTemplate":"https:\/\/www.laguiadepamplona.com\/actualidad\/?s={search_term_string}"},"query-input":{"@type":"PropertyValueSpecification","valueRequired":true,"valueName":"search_term_string"}}],"inLanguage":"es"},{"@type":"Organization","@id":"https:\/\/www.laguiadepamplona.com\/actualidad\/#organization","name":"La Gu\u00eda de Pamplona \/ Noticias","url":"https:\/\/www.laguiadepamplona.com\/actualidad\/","logo":{"@type":"ImageObject","inLanguage":"es","@id":"https:\/\/www.laguiadepamplona.com\/actualidad\/#\/schema\/logo\/image\/","url":"https:\/\/www.laguiadepamplona.com\/actualidad\/wp-content\/uploads\/2018\/11\/logo-laguiadepamplona18-web1.png","contentUrl":"https:\/\/www.laguiadepamplona.com\/actualidad\/wp-content\/uploads\/2018\/11\/logo-laguiadepamplona18-web1.png","width":600,"height":196,"caption":"La Gu\u00eda de Pamplona \/ Noticias"},"image":{"@id":"https:\/\/www.laguiadepamplona.com\/actualidad\/#\/schema\/logo\/image\/"},"sameAs":["https:\/\/www.facebook.com\/laguiadepamplonacom-133175176762273\/?ref=hl","https:\/\/x.com\/LaGuiadPamplona","https:\/\/www.instagram.com\/la_guia_de_pamplona\/","https:\/\/www.youtube.com\/user\/laguiadepamplona"]},{"@type":"Person","@id":"https:\/\/www.laguiadepamplona.com\/actualidad\/#\/schema\/person\/efe887376f0213d4657c93adc50b1fdb","name":"La Gu\u00eda de Pamplona","image":{"@type":"ImageObject","inLanguage":"es","@id":"https:\/\/secure.gravatar.com\/avatar\/b6992f131dc8d30ab0dff15446e9d346d9dbd95992de0fef795073f5ea83a81c?s=96&d=mm&r=g","url":"https:\/\/secure.gravatar.com\/avatar\/b6992f131dc8d30ab0dff15446e9d346d9dbd95992de0fef795073f5ea83a81c?s=96&d=mm&r=g","contentUrl":"https:\/\/secure.gravatar.com\/avatar\/b6992f131dc8d30ab0dff15446e9d346d9dbd95992de0fef795073f5ea83a81c?s=96&d=mm&r=g","caption":"La Gu\u00eda de Pamplona"}}]}},"post_mailing_queue_ids":[],"_links":{"self":[{"href":"https:\/\/www.laguiadepamplona.com\/actualidad\/wp-json\/wp\/v2\/posts\/52208","targetHints":{"allow":["GET"]}}],"collection":[{"href":"https:\/\/www.laguiadepamplona.com\/actualidad\/wp-json\/wp\/v2\/posts"}],"about":[{"href":"https:\/\/www.laguiadepamplona.com\/actualidad\/wp-json\/wp\/v2\/types\/post"}],"author":[{"embeddable":true,"href":"https:\/\/www.laguiadepamplona.com\/actualidad\/wp-json\/wp\/v2\/users\/1"}],"replies":[{"embeddable":true,"href":"https:\/\/www.laguiadepamplona.com\/actualidad\/wp-json\/wp\/v2\/comments?post=52208"}],"version-history":[{"count":1,"href":"https:\/\/www.laguiadepamplona.com\/actualidad\/wp-json\/wp\/v2\/posts\/52208\/revisions"}],"predecessor-version":[{"id":52210,"href":"https:\/\/www.laguiadepamplona.com\/actualidad\/wp-json\/wp\/v2\/posts\/52208\/revisions\/52210"}],"wp:featuredmedia":[{"embeddable":true,"href":"https:\/\/www.laguiadepamplona.com\/actualidad\/wp-json\/wp\/v2\/media\/52209"}],"wp:attachment":[{"href":"https:\/\/www.laguiadepamplona.com\/actualidad\/wp-json\/wp\/v2\/media?parent=52208"}],"wp:term":[{"taxonomy":"category","embeddable":true,"href":"https:\/\/www.laguiadepamplona.com\/actualidad\/wp-json\/wp\/v2\/categories?post=52208"},{"taxonomy":"post_tag","embeddable":true,"href":"https:\/\/www.laguiadepamplona.com\/actualidad\/wp-json\/wp\/v2\/tags?post=52208"}],"curies":[{"name":"wp","href":"https:\/\/api.w.org\/{rel}","templated":true}]}}