{"id":52205,"date":"2025-02-26T13:06:58","date_gmt":"2025-02-26T11:06:58","guid":{"rendered":"https:\/\/www.laguiadepamplona.com\/actualidad\/?p=52205"},"modified":"2025-02-26T13:06:58","modified_gmt":"2025-02-26T11:06:58","slug":"pamplona-convierte-cada-peldano-de-la-escalerica-en-una-fiesta-tematica-recreando-algunos-de-los-dias-de-referencia-de-las-fiestas-de-san-fermin","status":"publish","type":"post","link":"https:\/\/www.laguiadepamplona.com\/actualidad\/pamplona-convierte-cada-peldano-de-la-escalerica-en-una-fiesta-tematica-recreando-algunos-de-los-dias-de-referencia-de-las-fiestas-de-san-fermin\/","title":{"rendered":"Pamplona convierte cada pelda\u00f1o de la \u2018Escalerica\u2019 en una fiesta tem\u00e1tica recreando algunos de los d\u00edas de referencia de las fiestas de San Ferm\u00edn"},"content":{"rendered":"<h2>Este lunes, 3 de marzo, cobrar\u00e1n protagonismo los m\u00e1s peque\u00f1os con una programaci\u00f3n de juegos acorde al D\u00eda Infantil<\/h2>\n<p><!--more--><\/p>\n<p>Haciendo un gui\u00f1o al programa principal de San Ferm\u00edn, el Ayuntamiento de Pamplona ha fijado una serie de actos para cada uno de los pelda\u00f1os de la \u2018Escalerica\u2019. Se trata de actividades y citas que pretenden abrir boca para las fiestas. Para ello, cada pelda\u00f1o girar\u00e1 en torno a uno de los d\u00edas festivos, con programaci\u00f3n acorde a la tem\u00e1tica de cada d\u00eda. As\u00ed, por ejemplo, este lunes, d\u00eda 3, los actos de la \u2018Escalerica\u2019 recrear\u00e1n el ya tradicional D\u00eda Infantil, con juegos, discofiesta y toros de ruedas. Pero tambi\u00e9n se celebrar\u00e1 el D\u00eda de la Convivencia y el D\u00eda de los Hermanamientos, entre otros.<\/p>\n<p>El concejal delegado de Promoci\u00f3n Econ\u00f3mica, Proyecci\u00f3n Europea, Innovaci\u00f3n, Juventud y Cooperaci\u00f3n al Desarrollo, Mikel Armend\u00e1riz Barnechea, ha presentado la programaci\u00f3n de la \u2018Escalerica\u2019, una actividad para la que se han destinado 188.723,29 euros (IVA excluido), financiada con fondos europeos Next Generation EU, a trav\u00e9s del Plan de Sostenibilidad Tur\u00edstica en Destino. La propuesta incluye seis actividades, una cada mes de enero a junio, y una \u00faltima que probablemente se realizar\u00e1 en el mes de septiembre. A trav\u00e9s de esta iniciativa, el Consistorio pretende desestacionalizar los Sanfermines y deslocalizarlos del centro de la ciudad, ofreciendo una propuesta cultural antes, durante y despu\u00e9s de las fiestas. Todo ello sin dejar de mano la simbolog\u00eda y la tradici\u00f3n que representan las fiestas en la ciudad y en su cultura.<\/p>\n<p>El programa, inspirado en las propias fiestas y en el relato de ciudad, est\u00e1 dirigido a todos los p\u00fablicos y busca mostrar el car\u00e1cter popular de las fiestas y la riqueza de su programa. A lo largo de los seis pelda\u00f1os, la \u2018Escalerica\u2019 ir\u00e1 explorando barrios y zonas de Pamplona, llevando la fiesta a todos los rincones. Adem\u00e1s, jugar\u00e1 con la tem\u00e1tica de los d\u00edas festivos de San Ferm\u00edn. A d\u00eda de hoy, se han celebrado ya los dos primeros hitos.<\/p>\n<p>El 1 de enero, la \u2018Escalerica\u2019 arran\u00f3, como no pod\u00eda ser de otra manera, con un preg\u00f3n e hizo un gui\u00f1o a uno de los actos m\u00e1s populares de las fiestas: los fuegos artificiales. Ese d\u00eda comenz\u00f3 a correr la cuenta atr\u00e1s para las fiestas, que se hizo visible con un reloj digital. Esa misma cuenta atr\u00e1s ser\u00e1 visible en todos los pelda\u00f1os. El 2 de febrero se jug\u00f3 con la programaci\u00f3n habitual del D\u00eda de las Personas Mayores, con una propuesta en el barrio de Iturrama llena de m\u00fasica. Canciones mejicanas y jotas colmaron la programaci\u00f3n.<\/p>\n<p><strong>D\u00eda 3 de marzo: D\u00eda de la Infancia<\/strong><\/p>\n<p>El pr\u00f3ximo lunes, 3 de marzo, el tercer pelda\u00f1o girar\u00e1 en torno a los ni\u00f1os y ni\u00f1as de la ciudad, coincidiendo, adem\u00e1s, con que se trata de un d\u00eda no lectivo en los centros escolares con motivo del Carnaval. Las actividades, que se celebrar\u00e1n en la Plaza de la Libertad, comenzar\u00e1n a las 11 horas, con juegos tradicionales de madera e hinchables, que permanecer\u00e1n abiertos hasta las 14 horas, y de 16 a 17.30 horas. A partir de esa hora, de 17.30 a 18 horas, habr\u00e1 toro de carretillas, para promover las carreras entre los peque\u00f1os mozos. La fiesta concluir\u00e1 con una disco-fiesta para toda la familia, que se celebrar\u00e1 de 18 a 19 horas, en la misma plaza.<\/p>\n<p>El 4 de abril, viernes, el cuarto pelda\u00f1o se ba\u00f1ar\u00e1 de diversidad e interculturalidad. Ese d\u00eda se celebrar\u00e1 el D\u00eda de la Convivencia, con una propuesta cultural en el paseo de Anelier, en el barrio de Rochapea. Ese d\u00eda la programaci\u00f3n arrancar\u00e1 a las 18 horas y se prolongar\u00e1n durante tres horas, hasta las 21 horas. Varios grupos presentar\u00e1n sus propuestas musicales desde la diversidad.<\/p>\n<p>El lunes 5 de mayo, el quinto pelda\u00f1o se traslada a la Ciudadela, donde se har\u00e1 hincapi\u00e9 en la tradici\u00f3n pamplonesa y navarra y se recordar\u00e1n los hermanamientos que la ciudad tiene con Bayona (Francia), Yamaguchi (Jap\u00f3n), Paderborn (Alemania) y Pamplona (Colombia). \u00a0\u00a0\u00a0\u00a0\u00a0\u00a0 Habr\u00e1 bertsolaris, deporte rural, dantzaris, txistus y gaitas y una visita teatralizada a la Ciudadela.<\/p>\n<p>El \u00faltimo pelda\u00f1o, el 6 de junio, viernes, Yamaguchi concentrar\u00e1 las actividades, con un sabor de fin de fiesta, o de comienzo, seg\u00fan se mire, donde se recrear\u00e1 un d\u00eda de Sanfermines en miniatura, con una zona infantil, una zona de juegos deportivos para adolescentes y j\u00f3venes (Kirolari \/ Sportkids), y donde la m\u00fasica volver\u00e1 a tomar el protagonismo.<\/p>\n<p>En toda esta programaci\u00f3n, el Consistorio ha buscado que la poblaci\u00f3n se acerque, que interact\u00fae y disfrute de la variada oferta cultural y de ocio de los Sanfermines, de una manera m\u00e1s \u00edntima y recogida. Para ello, se ha jugado con la \u2018Escalerica\u2019, que tiene su origen en la letra de la canci\u00f3n compuesta por Ignacio Baleztena. Las pe\u00f1as y sociedades de la ciudad llevan a\u00f1os celebrando la \u2018Escalerica\u2019 con comidas y cenas. Tambi\u00e9n la capilla de San Ferm\u00edn celebra una misa por cada pelda\u00f1o. El objetivo, ahora, es que toda la ciudadan\u00eda participe en una cuenta atr\u00e1s hasta que el 6 de julio arranquen las fiestas de San Ferm\u00edn, con el lanzamiento del Chupinazo.<\/p>\n<p>A trav\u00e9s de esta \u2018Escalerica\u2019 se pretende sensibilizar a la poblaci\u00f3n sobre la historia de San Ferm\u00edn y el valor cultural de la fiesta, as\u00ed como la importancia de los valores de respeto, igualdad, sostenibilidad y civismo. Tambi\u00e9n se busca dinamizar la hosteler\u00eda y el comercio de los barrios de la ciudad; y generar una nueva imagen tur\u00edstica de la ciudad y de las fiestas de San Ferm\u00edn que est\u00e9 vinculada a la cultura.<\/p>\n<p>&nbsp;<\/p>\n<h3>Pelda\u00f1os<\/h3>\n<ul>\n<li>3 de marzo, lunes: D\u00eda Infantil (Plaza de la Libertad)\n<ul>\n<li>De 11 a 14 y de 16 a 17.30: juegos tradicionales de madera e hinchables<\/li>\n<li>De 17.30 a 18 horas: toro de carretilla<\/li>\n<li>De 18 a 19 horas: discofiesta<\/li>\n<\/ul>\n<\/li>\n<li>4 de abril, viernes: D\u00eda de la Convivencia (Paseo de Anelier).<\/li>\n<li>5 de mayo, lunes: Tradici\u00f3n y Hermanamientos (Ciudadela)<\/li>\n<li>6 de junio, viernes: Fin de fiesta (Parque de Yamaguchi)<\/li>\n<\/ul>\n","protected":false},"excerpt":{"rendered":"<p>Este lunes, 3 de marzo, cobrar\u00e1n protagonismo los m\u00e1s peque\u00f1os con una programaci\u00f3n de juegos acorde al D\u00eda Infantil<\/p>\n","protected":false},"author":1,"featured_media":52206,"comment_status":"open","ping_status":"closed","sticky":false,"template":"","format":"standard","meta":{"footnotes":""},"categories":[2],"tags":[],"class_list":["post-52205","post","type-post","status-publish","format-standard","has-post-thumbnail","hentry","category-ayuntamiento-pamplona"],"yoast_head":"<!-- This site is optimized with the Yoast SEO plugin v27.3 - https:\/\/yoast.com\/product\/yoast-seo-wordpress\/ -->\n<title>Pamplona convierte cada pelda\u00f1o de la \u2018Escalerica\u2019 en una fiesta tem\u00e1tica recreando algunos de los d\u00edas de referencia de las fiestas de San Ferm\u00edn<\/title>\n<meta name=\"description\" content=\"Este lunes, 3 de marzo, cobrar\u00e1n protagonismo los m\u00e1s peque\u00f1os con una programaci\u00f3n de juegos acorde al D\u00eda Infantil\" \/>\n<meta name=\"robots\" content=\"index, follow, max-snippet:-1, max-image-preview:large, max-video-preview:-1\" \/>\n<link rel=\"canonical\" href=\"https:\/\/www.laguiadepamplona.com\/actualidad\/pamplona-convierte-cada-peldano-de-la-escalerica-en-una-fiesta-tematica-recreando-algunos-de-los-dias-de-referencia-de-las-fiestas-de-san-fermin\/\" \/>\n<meta property=\"og:locale\" content=\"es_ES\" \/>\n<meta property=\"og:type\" content=\"article\" \/>\n<meta property=\"og:title\" content=\"Pamplona convierte cada pelda\u00f1o de la \u2018Escalerica\u2019 en una fiesta tem\u00e1tica recreando algunos de los d\u00edas de referencia de las fiestas de San Ferm\u00edn\" \/>\n<meta property=\"og:description\" content=\"Este lunes, 3 de marzo, cobrar\u00e1n protagonismo los m\u00e1s peque\u00f1os con una programaci\u00f3n de juegos acorde al D\u00eda Infantil\" \/>\n<meta property=\"og:url\" content=\"https:\/\/www.laguiadepamplona.com\/actualidad\/pamplona-convierte-cada-peldano-de-la-escalerica-en-una-fiesta-tematica-recreando-algunos-de-los-dias-de-referencia-de-las-fiestas-de-san-fermin\/\" \/>\n<meta property=\"og:site_name\" content=\"La Gu\u00eda de Pamplona\" \/>\n<meta property=\"article:publisher\" content=\"https:\/\/www.facebook.com\/laguiadepamplonacom-133175176762273\/?ref=hl\" \/>\n<meta property=\"article:published_time\" content=\"2025-02-26T11:06:58+00:00\" \/>\n<meta property=\"og:image\" content=\"https:\/\/www.laguiadepamplona.com\/actualidad\/wp-content\/uploads\/2025\/02\/escalerica_web.webp\" \/>\n\t<meta property=\"og:image:width\" content=\"1000\" \/>\n\t<meta property=\"og:image:height\" content=\"602\" \/>\n\t<meta property=\"og:image:type\" content=\"image\/webp\" \/>\n<meta name=\"author\" content=\"La Gu\u00eda de Pamplona\" \/>\n<meta name=\"twitter:card\" content=\"summary_large_image\" \/>\n<meta name=\"twitter:creator\" content=\"@LaGuiadPamplona\" \/>\n<meta name=\"twitter:site\" content=\"@LaGuiadPamplona\" \/>\n<meta name=\"twitter:label1\" content=\"Escrito por\" \/>\n\t<meta name=\"twitter:data1\" content=\"La Gu\u00eda de Pamplona\" \/>\n\t<meta name=\"twitter:label2\" content=\"Tiempo de lectura\" \/>\n\t<meta name=\"twitter:data2\" content=\"5 minutos\" \/>\n<script type=\"application\/ld+json\" class=\"yoast-schema-graph\">{\"@context\":\"https:\\\/\\\/schema.org\",\"@graph\":[{\"@type\":\"Article\",\"@id\":\"https:\\\/\\\/www.laguiadepamplona.com\\\/actualidad\\\/pamplona-convierte-cada-peldano-de-la-escalerica-en-una-fiesta-tematica-recreando-algunos-de-los-dias-de-referencia-de-las-fiestas-de-san-fermin\\\/#article\",\"isPartOf\":{\"@id\":\"https:\\\/\\\/www.laguiadepamplona.com\\\/actualidad\\\/pamplona-convierte-cada-peldano-de-la-escalerica-en-una-fiesta-tematica-recreando-algunos-de-los-dias-de-referencia-de-las-fiestas-de-san-fermin\\\/\"},\"author\":{\"name\":\"La Gu\u00eda de Pamplona\",\"@id\":\"https:\\\/\\\/www.laguiadepamplona.com\\\/actualidad\\\/#\\\/schema\\\/person\\\/efe887376f0213d4657c93adc50b1fdb\"},\"headline\":\"Pamplona convierte cada pelda\u00f1o de la \u2018Escalerica\u2019 en una fiesta tem\u00e1tica recreando algunos de los d\u00edas de referencia de las fiestas de San Ferm\u00edn\",\"datePublished\":\"2025-02-26T11:06:58+00:00\",\"mainEntityOfPage\":{\"@id\":\"https:\\\/\\\/www.laguiadepamplona.com\\\/actualidad\\\/pamplona-convierte-cada-peldano-de-la-escalerica-en-una-fiesta-tematica-recreando-algunos-de-los-dias-de-referencia-de-las-fiestas-de-san-fermin\\\/\"},\"wordCount\":1095,\"commentCount\":0,\"publisher\":{\"@id\":\"https:\\\/\\\/www.laguiadepamplona.com\\\/actualidad\\\/#organization\"},\"image\":{\"@id\":\"https:\\\/\\\/www.laguiadepamplona.com\\\/actualidad\\\/pamplona-convierte-cada-peldano-de-la-escalerica-en-una-fiesta-tematica-recreando-algunos-de-los-dias-de-referencia-de-las-fiestas-de-san-fermin\\\/#primaryimage\"},\"thumbnailUrl\":\"https:\\\/\\\/www.laguiadepamplona.com\\\/actualidad\\\/wp-content\\\/uploads\\\/2025\\\/02\\\/escalerica_web.webp\",\"articleSection\":[\"Ayto Pamplona\"],\"inLanguage\":\"es\",\"potentialAction\":[{\"@type\":\"CommentAction\",\"name\":\"Comment\",\"target\":[\"https:\\\/\\\/www.laguiadepamplona.com\\\/actualidad\\\/pamplona-convierte-cada-peldano-de-la-escalerica-en-una-fiesta-tematica-recreando-algunos-de-los-dias-de-referencia-de-las-fiestas-de-san-fermin\\\/#respond\"]}]},{\"@type\":\"WebPage\",\"@id\":\"https:\\\/\\\/www.laguiadepamplona.com\\\/actualidad\\\/pamplona-convierte-cada-peldano-de-la-escalerica-en-una-fiesta-tematica-recreando-algunos-de-los-dias-de-referencia-de-las-fiestas-de-san-fermin\\\/\",\"url\":\"https:\\\/\\\/www.laguiadepamplona.com\\\/actualidad\\\/pamplona-convierte-cada-peldano-de-la-escalerica-en-una-fiesta-tematica-recreando-algunos-de-los-dias-de-referencia-de-las-fiestas-de-san-fermin\\\/\",\"name\":\"Pamplona convierte cada pelda\u00f1o de la \u2018Escalerica\u2019 en una fiesta tem\u00e1tica recreando algunos de los d\u00edas de referencia de las fiestas de San Ferm\u00edn\",\"isPartOf\":{\"@id\":\"https:\\\/\\\/www.laguiadepamplona.com\\\/actualidad\\\/#website\"},\"primaryImageOfPage\":{\"@id\":\"https:\\\/\\\/www.laguiadepamplona.com\\\/actualidad\\\/pamplona-convierte-cada-peldano-de-la-escalerica-en-una-fiesta-tematica-recreando-algunos-de-los-dias-de-referencia-de-las-fiestas-de-san-fermin\\\/#primaryimage\"},\"image\":{\"@id\":\"https:\\\/\\\/www.laguiadepamplona.com\\\/actualidad\\\/pamplona-convierte-cada-peldano-de-la-escalerica-en-una-fiesta-tematica-recreando-algunos-de-los-dias-de-referencia-de-las-fiestas-de-san-fermin\\\/#primaryimage\"},\"thumbnailUrl\":\"https:\\\/\\\/www.laguiadepamplona.com\\\/actualidad\\\/wp-content\\\/uploads\\\/2025\\\/02\\\/escalerica_web.webp\",\"datePublished\":\"2025-02-26T11:06:58+00:00\",\"description\":\"Este lunes, 3 de marzo, cobrar\u00e1n protagonismo los m\u00e1s peque\u00f1os con una programaci\u00f3n de juegos acorde al D\u00eda Infantil\",\"breadcrumb\":{\"@id\":\"https:\\\/\\\/www.laguiadepamplona.com\\\/actualidad\\\/pamplona-convierte-cada-peldano-de-la-escalerica-en-una-fiesta-tematica-recreando-algunos-de-los-dias-de-referencia-de-las-fiestas-de-san-fermin\\\/#breadcrumb\"},\"inLanguage\":\"es\",\"potentialAction\":[{\"@type\":\"ReadAction\",\"target\":[\"https:\\\/\\\/www.laguiadepamplona.com\\\/actualidad\\\/pamplona-convierte-cada-peldano-de-la-escalerica-en-una-fiesta-tematica-recreando-algunos-de-los-dias-de-referencia-de-las-fiestas-de-san-fermin\\\/\"]}]},{\"@type\":\"ImageObject\",\"inLanguage\":\"es\",\"@id\":\"https:\\\/\\\/www.laguiadepamplona.com\\\/actualidad\\\/pamplona-convierte-cada-peldano-de-la-escalerica-en-una-fiesta-tematica-recreando-algunos-de-los-dias-de-referencia-de-las-fiestas-de-san-fermin\\\/#primaryimage\",\"url\":\"https:\\\/\\\/www.laguiadepamplona.com\\\/actualidad\\\/wp-content\\\/uploads\\\/2025\\\/02\\\/escalerica_web.webp\",\"contentUrl\":\"https:\\\/\\\/www.laguiadepamplona.com\\\/actualidad\\\/wp-content\\\/uploads\\\/2025\\\/02\\\/escalerica_web.webp\",\"width\":1000,\"height\":602,\"caption\":\"escalerica\"},{\"@type\":\"BreadcrumbList\",\"@id\":\"https:\\\/\\\/www.laguiadepamplona.com\\\/actualidad\\\/pamplona-convierte-cada-peldano-de-la-escalerica-en-una-fiesta-tematica-recreando-algunos-de-los-dias-de-referencia-de-las-fiestas-de-san-fermin\\\/#breadcrumb\",\"itemListElement\":[{\"@type\":\"ListItem\",\"position\":1,\"name\":\"Portada\",\"item\":\"https:\\\/\\\/www.laguiadepamplona.com\\\/actualidad\\\/\"},{\"@type\":\"ListItem\",\"position\":2,\"name\":\"Pamplona convierte cada pelda\u00f1o de la \u2018Escalerica\u2019 en una fiesta tem\u00e1tica recreando algunos de los d\u00edas de referencia de las fiestas de San Ferm\u00edn\"}]},{\"@type\":\"WebSite\",\"@id\":\"https:\\\/\\\/www.laguiadepamplona.com\\\/actualidad\\\/#website\",\"url\":\"https:\\\/\\\/www.laguiadepamplona.com\\\/actualidad\\\/\",\"name\":\"La gu\u00eda de Pamplona\",\"description\":\"Noticias de Pamplona\",\"publisher\":{\"@id\":\"https:\\\/\\\/www.laguiadepamplona.com\\\/actualidad\\\/#organization\"},\"potentialAction\":[{\"@type\":\"SearchAction\",\"target\":{\"@type\":\"EntryPoint\",\"urlTemplate\":\"https:\\\/\\\/www.laguiadepamplona.com\\\/actualidad\\\/?s={search_term_string}\"},\"query-input\":{\"@type\":\"PropertyValueSpecification\",\"valueRequired\":true,\"valueName\":\"search_term_string\"}}],\"inLanguage\":\"es\"},{\"@type\":\"Organization\",\"@id\":\"https:\\\/\\\/www.laguiadepamplona.com\\\/actualidad\\\/#organization\",\"name\":\"La Gu\u00eda de Pamplona \\\/ Noticias\",\"url\":\"https:\\\/\\\/www.laguiadepamplona.com\\\/actualidad\\\/\",\"logo\":{\"@type\":\"ImageObject\",\"inLanguage\":\"es\",\"@id\":\"https:\\\/\\\/www.laguiadepamplona.com\\\/actualidad\\\/#\\\/schema\\\/logo\\\/image\\\/\",\"url\":\"https:\\\/\\\/www.laguiadepamplona.com\\\/actualidad\\\/wp-content\\\/uploads\\\/2018\\\/11\\\/logo-laguiadepamplona18-web1.png\",\"contentUrl\":\"https:\\\/\\\/www.laguiadepamplona.com\\\/actualidad\\\/wp-content\\\/uploads\\\/2018\\\/11\\\/logo-laguiadepamplona18-web1.png\",\"width\":600,\"height\":196,\"caption\":\"La Gu\u00eda de Pamplona \\\/ Noticias\"},\"image\":{\"@id\":\"https:\\\/\\\/www.laguiadepamplona.com\\\/actualidad\\\/#\\\/schema\\\/logo\\\/image\\\/\"},\"sameAs\":[\"https:\\\/\\\/www.facebook.com\\\/laguiadepamplonacom-133175176762273\\\/?ref=hl\",\"https:\\\/\\\/x.com\\\/LaGuiadPamplona\",\"https:\\\/\\\/www.instagram.com\\\/la_guia_de_pamplona\\\/\",\"https:\\\/\\\/www.youtube.com\\\/user\\\/laguiadepamplona\"]},{\"@type\":\"Person\",\"@id\":\"https:\\\/\\\/www.laguiadepamplona.com\\\/actualidad\\\/#\\\/schema\\\/person\\\/efe887376f0213d4657c93adc50b1fdb\",\"name\":\"La Gu\u00eda de Pamplona\",\"image\":{\"@type\":\"ImageObject\",\"inLanguage\":\"es\",\"@id\":\"https:\\\/\\\/secure.gravatar.com\\\/avatar\\\/b6992f131dc8d30ab0dff15446e9d346d9dbd95992de0fef795073f5ea83a81c?s=96&d=mm&r=g\",\"url\":\"https:\\\/\\\/secure.gravatar.com\\\/avatar\\\/b6992f131dc8d30ab0dff15446e9d346d9dbd95992de0fef795073f5ea83a81c?s=96&d=mm&r=g\",\"contentUrl\":\"https:\\\/\\\/secure.gravatar.com\\\/avatar\\\/b6992f131dc8d30ab0dff15446e9d346d9dbd95992de0fef795073f5ea83a81c?s=96&d=mm&r=g\",\"caption\":\"La Gu\u00eda de Pamplona\"}}]}<\/script>\n<!-- \/ Yoast SEO plugin. -->","yoast_head_json":{"title":"Pamplona convierte cada pelda\u00f1o de la \u2018Escalerica\u2019 en una fiesta tem\u00e1tica recreando algunos de los d\u00edas de referencia de las fiestas de San Ferm\u00edn","description":"Este lunes, 3 de marzo, cobrar\u00e1n protagonismo los m\u00e1s peque\u00f1os con una programaci\u00f3n de juegos acorde al D\u00eda Infantil","robots":{"index":"index","follow":"follow","max-snippet":"max-snippet:-1","max-image-preview":"max-image-preview:large","max-video-preview":"max-video-preview:-1"},"canonical":"https:\/\/www.laguiadepamplona.com\/actualidad\/pamplona-convierte-cada-peldano-de-la-escalerica-en-una-fiesta-tematica-recreando-algunos-de-los-dias-de-referencia-de-las-fiestas-de-san-fermin\/","og_locale":"es_ES","og_type":"article","og_title":"Pamplona convierte cada pelda\u00f1o de la \u2018Escalerica\u2019 en una fiesta tem\u00e1tica recreando algunos de los d\u00edas de referencia de las fiestas de San Ferm\u00edn","og_description":"Este lunes, 3 de marzo, cobrar\u00e1n protagonismo los m\u00e1s peque\u00f1os con una programaci\u00f3n de juegos acorde al D\u00eda Infantil","og_url":"https:\/\/www.laguiadepamplona.com\/actualidad\/pamplona-convierte-cada-peldano-de-la-escalerica-en-una-fiesta-tematica-recreando-algunos-de-los-dias-de-referencia-de-las-fiestas-de-san-fermin\/","og_site_name":"La Gu\u00eda de Pamplona","article_publisher":"https:\/\/www.facebook.com\/laguiadepamplonacom-133175176762273\/?ref=hl","article_published_time":"2025-02-26T11:06:58+00:00","og_image":[{"width":1000,"height":602,"url":"https:\/\/www.laguiadepamplona.com\/actualidad\/wp-content\/uploads\/2025\/02\/escalerica_web.webp","type":"image\/webp"}],"author":"La Gu\u00eda de Pamplona","twitter_card":"summary_large_image","twitter_creator":"@LaGuiadPamplona","twitter_site":"@LaGuiadPamplona","twitter_misc":{"Escrito por":"La Gu\u00eda de Pamplona","Tiempo de lectura":"5 minutos"},"schema":{"@context":"https:\/\/schema.org","@graph":[{"@type":"Article","@id":"https:\/\/www.laguiadepamplona.com\/actualidad\/pamplona-convierte-cada-peldano-de-la-escalerica-en-una-fiesta-tematica-recreando-algunos-de-los-dias-de-referencia-de-las-fiestas-de-san-fermin\/#article","isPartOf":{"@id":"https:\/\/www.laguiadepamplona.com\/actualidad\/pamplona-convierte-cada-peldano-de-la-escalerica-en-una-fiesta-tematica-recreando-algunos-de-los-dias-de-referencia-de-las-fiestas-de-san-fermin\/"},"author":{"name":"La Gu\u00eda de Pamplona","@id":"https:\/\/www.laguiadepamplona.com\/actualidad\/#\/schema\/person\/efe887376f0213d4657c93adc50b1fdb"},"headline":"Pamplona convierte cada pelda\u00f1o de la \u2018Escalerica\u2019 en una fiesta tem\u00e1tica recreando algunos de los d\u00edas de referencia de las fiestas de San Ferm\u00edn","datePublished":"2025-02-26T11:06:58+00:00","mainEntityOfPage":{"@id":"https:\/\/www.laguiadepamplona.com\/actualidad\/pamplona-convierte-cada-peldano-de-la-escalerica-en-una-fiesta-tematica-recreando-algunos-de-los-dias-de-referencia-de-las-fiestas-de-san-fermin\/"},"wordCount":1095,"commentCount":0,"publisher":{"@id":"https:\/\/www.laguiadepamplona.com\/actualidad\/#organization"},"image":{"@id":"https:\/\/www.laguiadepamplona.com\/actualidad\/pamplona-convierte-cada-peldano-de-la-escalerica-en-una-fiesta-tematica-recreando-algunos-de-los-dias-de-referencia-de-las-fiestas-de-san-fermin\/#primaryimage"},"thumbnailUrl":"https:\/\/www.laguiadepamplona.com\/actualidad\/wp-content\/uploads\/2025\/02\/escalerica_web.webp","articleSection":["Ayto Pamplona"],"inLanguage":"es","potentialAction":[{"@type":"CommentAction","name":"Comment","target":["https:\/\/www.laguiadepamplona.com\/actualidad\/pamplona-convierte-cada-peldano-de-la-escalerica-en-una-fiesta-tematica-recreando-algunos-de-los-dias-de-referencia-de-las-fiestas-de-san-fermin\/#respond"]}]},{"@type":"WebPage","@id":"https:\/\/www.laguiadepamplona.com\/actualidad\/pamplona-convierte-cada-peldano-de-la-escalerica-en-una-fiesta-tematica-recreando-algunos-de-los-dias-de-referencia-de-las-fiestas-de-san-fermin\/","url":"https:\/\/www.laguiadepamplona.com\/actualidad\/pamplona-convierte-cada-peldano-de-la-escalerica-en-una-fiesta-tematica-recreando-algunos-de-los-dias-de-referencia-de-las-fiestas-de-san-fermin\/","name":"Pamplona convierte cada pelda\u00f1o de la \u2018Escalerica\u2019 en una fiesta tem\u00e1tica recreando algunos de los d\u00edas de referencia de las fiestas de San Ferm\u00edn","isPartOf":{"@id":"https:\/\/www.laguiadepamplona.com\/actualidad\/#website"},"primaryImageOfPage":{"@id":"https:\/\/www.laguiadepamplona.com\/actualidad\/pamplona-convierte-cada-peldano-de-la-escalerica-en-una-fiesta-tematica-recreando-algunos-de-los-dias-de-referencia-de-las-fiestas-de-san-fermin\/#primaryimage"},"image":{"@id":"https:\/\/www.laguiadepamplona.com\/actualidad\/pamplona-convierte-cada-peldano-de-la-escalerica-en-una-fiesta-tematica-recreando-algunos-de-los-dias-de-referencia-de-las-fiestas-de-san-fermin\/#primaryimage"},"thumbnailUrl":"https:\/\/www.laguiadepamplona.com\/actualidad\/wp-content\/uploads\/2025\/02\/escalerica_web.webp","datePublished":"2025-02-26T11:06:58+00:00","description":"Este lunes, 3 de marzo, cobrar\u00e1n protagonismo los m\u00e1s peque\u00f1os con una programaci\u00f3n de juegos acorde al D\u00eda Infantil","breadcrumb":{"@id":"https:\/\/www.laguiadepamplona.com\/actualidad\/pamplona-convierte-cada-peldano-de-la-escalerica-en-una-fiesta-tematica-recreando-algunos-de-los-dias-de-referencia-de-las-fiestas-de-san-fermin\/#breadcrumb"},"inLanguage":"es","potentialAction":[{"@type":"ReadAction","target":["https:\/\/www.laguiadepamplona.com\/actualidad\/pamplona-convierte-cada-peldano-de-la-escalerica-en-una-fiesta-tematica-recreando-algunos-de-los-dias-de-referencia-de-las-fiestas-de-san-fermin\/"]}]},{"@type":"ImageObject","inLanguage":"es","@id":"https:\/\/www.laguiadepamplona.com\/actualidad\/pamplona-convierte-cada-peldano-de-la-escalerica-en-una-fiesta-tematica-recreando-algunos-de-los-dias-de-referencia-de-las-fiestas-de-san-fermin\/#primaryimage","url":"https:\/\/www.laguiadepamplona.com\/actualidad\/wp-content\/uploads\/2025\/02\/escalerica_web.webp","contentUrl":"https:\/\/www.laguiadepamplona.com\/actualidad\/wp-content\/uploads\/2025\/02\/escalerica_web.webp","width":1000,"height":602,"caption":"escalerica"},{"@type":"BreadcrumbList","@id":"https:\/\/www.laguiadepamplona.com\/actualidad\/pamplona-convierte-cada-peldano-de-la-escalerica-en-una-fiesta-tematica-recreando-algunos-de-los-dias-de-referencia-de-las-fiestas-de-san-fermin\/#breadcrumb","itemListElement":[{"@type":"ListItem","position":1,"name":"Portada","item":"https:\/\/www.laguiadepamplona.com\/actualidad\/"},{"@type":"ListItem","position":2,"name":"Pamplona convierte cada pelda\u00f1o de la \u2018Escalerica\u2019 en una fiesta tem\u00e1tica recreando algunos de los d\u00edas de referencia de las fiestas de San Ferm\u00edn"}]},{"@type":"WebSite","@id":"https:\/\/www.laguiadepamplona.com\/actualidad\/#website","url":"https:\/\/www.laguiadepamplona.com\/actualidad\/","name":"La gu\u00eda de Pamplona","description":"Noticias de Pamplona","publisher":{"@id":"https:\/\/www.laguiadepamplona.com\/actualidad\/#organization"},"potentialAction":[{"@type":"SearchAction","target":{"@type":"EntryPoint","urlTemplate":"https:\/\/www.laguiadepamplona.com\/actualidad\/?s={search_term_string}"},"query-input":{"@type":"PropertyValueSpecification","valueRequired":true,"valueName":"search_term_string"}}],"inLanguage":"es"},{"@type":"Organization","@id":"https:\/\/www.laguiadepamplona.com\/actualidad\/#organization","name":"La Gu\u00eda de Pamplona \/ Noticias","url":"https:\/\/www.laguiadepamplona.com\/actualidad\/","logo":{"@type":"ImageObject","inLanguage":"es","@id":"https:\/\/www.laguiadepamplona.com\/actualidad\/#\/schema\/logo\/image\/","url":"https:\/\/www.laguiadepamplona.com\/actualidad\/wp-content\/uploads\/2018\/11\/logo-laguiadepamplona18-web1.png","contentUrl":"https:\/\/www.laguiadepamplona.com\/actualidad\/wp-content\/uploads\/2018\/11\/logo-laguiadepamplona18-web1.png","width":600,"height":196,"caption":"La Gu\u00eda de Pamplona \/ Noticias"},"image":{"@id":"https:\/\/www.laguiadepamplona.com\/actualidad\/#\/schema\/logo\/image\/"},"sameAs":["https:\/\/www.facebook.com\/laguiadepamplonacom-133175176762273\/?ref=hl","https:\/\/x.com\/LaGuiadPamplona","https:\/\/www.instagram.com\/la_guia_de_pamplona\/","https:\/\/www.youtube.com\/user\/laguiadepamplona"]},{"@type":"Person","@id":"https:\/\/www.laguiadepamplona.com\/actualidad\/#\/schema\/person\/efe887376f0213d4657c93adc50b1fdb","name":"La Gu\u00eda de Pamplona","image":{"@type":"ImageObject","inLanguage":"es","@id":"https:\/\/secure.gravatar.com\/avatar\/b6992f131dc8d30ab0dff15446e9d346d9dbd95992de0fef795073f5ea83a81c?s=96&d=mm&r=g","url":"https:\/\/secure.gravatar.com\/avatar\/b6992f131dc8d30ab0dff15446e9d346d9dbd95992de0fef795073f5ea83a81c?s=96&d=mm&r=g","contentUrl":"https:\/\/secure.gravatar.com\/avatar\/b6992f131dc8d30ab0dff15446e9d346d9dbd95992de0fef795073f5ea83a81c?s=96&d=mm&r=g","caption":"La Gu\u00eda de Pamplona"}}]}},"post_mailing_queue_ids":[],"_links":{"self":[{"href":"https:\/\/www.laguiadepamplona.com\/actualidad\/wp-json\/wp\/v2\/posts\/52205","targetHints":{"allow":["GET"]}}],"collection":[{"href":"https:\/\/www.laguiadepamplona.com\/actualidad\/wp-json\/wp\/v2\/posts"}],"about":[{"href":"https:\/\/www.laguiadepamplona.com\/actualidad\/wp-json\/wp\/v2\/types\/post"}],"author":[{"embeddable":true,"href":"https:\/\/www.laguiadepamplona.com\/actualidad\/wp-json\/wp\/v2\/users\/1"}],"replies":[{"embeddable":true,"href":"https:\/\/www.laguiadepamplona.com\/actualidad\/wp-json\/wp\/v2\/comments?post=52205"}],"version-history":[{"count":1,"href":"https:\/\/www.laguiadepamplona.com\/actualidad\/wp-json\/wp\/v2\/posts\/52205\/revisions"}],"predecessor-version":[{"id":52207,"href":"https:\/\/www.laguiadepamplona.com\/actualidad\/wp-json\/wp\/v2\/posts\/52205\/revisions\/52207"}],"wp:featuredmedia":[{"embeddable":true,"href":"https:\/\/www.laguiadepamplona.com\/actualidad\/wp-json\/wp\/v2\/media\/52206"}],"wp:attachment":[{"href":"https:\/\/www.laguiadepamplona.com\/actualidad\/wp-json\/wp\/v2\/media?parent=52205"}],"wp:term":[{"taxonomy":"category","embeddable":true,"href":"https:\/\/www.laguiadepamplona.com\/actualidad\/wp-json\/wp\/v2\/categories?post=52205"},{"taxonomy":"post_tag","embeddable":true,"href":"https:\/\/www.laguiadepamplona.com\/actualidad\/wp-json\/wp\/v2\/tags?post=52205"}],"curies":[{"name":"wp","href":"https:\/\/api.w.org\/{rel}","templated":true}]}}