{"id":52184,"date":"2025-02-24T18:21:46","date_gmt":"2025-02-24T16:21:46","guid":{"rendered":"https:\/\/www.laguiadepamplona.com\/actualidad\/?p=52184"},"modified":"2025-02-24T18:21:46","modified_gmt":"2025-02-24T16:21:46","slug":"la-danza-contemporanea-toma-las-aulas-del-cpeip-cardenal-ilundain-para-animar-al-alumnado-a-expresarse-con-el-cuerpo-y-el-movimiento","status":"publish","type":"post","link":"https:\/\/www.laguiadepamplona.com\/actualidad\/la-danza-contemporanea-toma-las-aulas-del-cpeip-cardenal-ilundain-para-animar-al-alumnado-a-expresarse-con-el-cuerpo-y-el-movimiento\/","title":{"rendered":"La danza contempor\u00e1nea toma las aulas del CPEIP Cardenal Ilund\u00e1in para animar al alumnado a expresarse con el cuerpo y el movimiento"},"content":{"rendered":"<h2>Durante este segundo trimestre, estudiantes de 6\u00ba de Primaria reciben hora y media semanal de danza en horario escolar<\/h2>\n<p><!--more--><\/p>\n<p>Medio centenar de ni\u00f1os y ni\u00f1as del colegio p\u00fablico CPEIP Cardenal Ilund\u00e1in, del barrio de Rochapea de Pamplona, est\u00e1n aprendiendo a expresar, a trav\u00e9s de la danza, su creatividad. Son alumnos de 6\u00ba de Primaria de este centro educativo que, desde enero y hasta mediados de marzo, se forman en danza contempor\u00e1nea a trav\u00e9s del programa \u2018Yo bailo\u2019, impulsado por La Faktoria Choreographic Center, en colaboraci\u00f3n con el Ayuntamiento de Pamplona. El objetivo de esta iniciativa no es otro que generar nuevos lenguajes de expresi\u00f3n desde edades tempranas.<\/p>\n<p>Las clases, de hora y media de duraci\u00f3n, se celebran una vez a la semana, en el horario correspondiente a Educaci\u00f3n F\u00edsica. En ellas, de la mano de la bailarina y docente Helena Lizari Malo, se trabaja la danza, la expresi\u00f3n corporal y el movimiento, tanto de forma individual como por parejas y en grupo. Esta experiencia piloto finalizar\u00e1 tras diez semanas de inmersi\u00f3n en la danza, con una muestra de la coreograf\u00eda desarrollada. El programa va m\u00e1s all\u00e1 de la ense\u00f1anza de danzas y bailes. M\u00e1s bien pretende favorecer la sensibilizaci\u00f3n social y la difusi\u00f3n de pr\u00e1cticas art\u00edsticas no solo entre el alumnado, sino tambi\u00e9n entre docentes y familias.<\/p>\n<p>A trav\u00e9s de estas actividades psicomotrices se favorece la adquisici\u00f3n de una mayor autonom\u00eda personal y desarrollo de la personalidad, as\u00ed como el descubrimiento de una forma diferentes de comunicaci\u00f3n, favoreciendo la creatividad y el desarrollo de los \u00e1mbitos cognitivos y motriz. La danza, tal y como destacan distintos estudios, potencia la expresi\u00f3n, el conocimiento del propio cuerpo, la precisi\u00f3n r\u00edtmica, la coordinaci\u00f3n y la orientaci\u00f3n espacio \u2013 temporal. Pero tambi\u00e9n promueve la creaci\u00f3n, la improvisaci\u00f3n y el juego, y, con ello, la socializaci\u00f3n.<\/p>\n<p>Por otra parte, mediante la realizaci\u00f3n de estos talleres, el profesorado puede observar al alumnado en un contexto diferente al del aula ordinaria, aport\u00e1ndole informaci\u00f3n y estrategias de mejora de la motivaci\u00f3n en el alumnado, de la autoestima colectiva y de las capacidades de atenci\u00f3n.<\/p>\n<p>La Faktoria Choreographic Center, centro dedicado a la creaci\u00f3n, investigaci\u00f3n y ense\u00f1anza de la danza contempor\u00e1nea, ha promovido esta actividad, como un medio para construir la identidad personal y social del alumnado. El centro, inaugurado en 2019, colabora con el Ayuntamiento de Pamplona en otras acciones, como el festival Danz de la red Civivox. En esta ocasi\u00f3n, el p\u00fablico objetivo son los centros escolares, para lo que el Consistorio aporta 10.164 euros.<\/p>\n","protected":false},"excerpt":{"rendered":"<p>Durante este segundo trimestre, estudiantes de 6\u00ba de Primaria reciben hora y media semanal de danza en horario escolar<\/p>\n","protected":false},"author":1,"featured_media":52185,"comment_status":"open","ping_status":"closed","sticky":false,"template":"","format":"standard","meta":{"footnotes":""},"categories":[2],"tags":[],"class_list":["post-52184","post","type-post","status-publish","format-standard","has-post-thumbnail","hentry","category-ayuntamiento-pamplona"],"yoast_head":"<!-- This site is optimized with the Yoast SEO plugin v27.3 - https:\/\/yoast.com\/product\/yoast-seo-wordpress\/ -->\n<title>La danza contempor\u00e1nea toma las aulas del CPEIP Cardenal Ilund\u00e1in para animar al alumnado a expresarse con el cuerpo y el movimiento<\/title>\n<meta name=\"description\" content=\"Durante este segundo trimestre, estudiantes de 6\u00ba de Primaria reciben hora y media semanal de danza en horario escolar\" \/>\n<meta name=\"robots\" content=\"index, follow, max-snippet:-1, max-image-preview:large, max-video-preview:-1\" \/>\n<link rel=\"canonical\" href=\"https:\/\/www.laguiadepamplona.com\/actualidad\/la-danza-contemporanea-toma-las-aulas-del-cpeip-cardenal-ilundain-para-animar-al-alumnado-a-expresarse-con-el-cuerpo-y-el-movimiento\/\" \/>\n<meta property=\"og:locale\" content=\"es_ES\" \/>\n<meta property=\"og:type\" content=\"article\" \/>\n<meta property=\"og:title\" content=\"La danza contempor\u00e1nea toma las aulas del CPEIP Cardenal Ilund\u00e1in para animar al alumnado a expresarse con el cuerpo y el movimiento\" \/>\n<meta property=\"og:description\" content=\"Durante este segundo trimestre, estudiantes de 6\u00ba de Primaria reciben hora y media semanal de danza en horario escolar\" \/>\n<meta property=\"og:url\" content=\"https:\/\/www.laguiadepamplona.com\/actualidad\/la-danza-contemporanea-toma-las-aulas-del-cpeip-cardenal-ilundain-para-animar-al-alumnado-a-expresarse-con-el-cuerpo-y-el-movimiento\/\" \/>\n<meta property=\"og:site_name\" content=\"La Gu\u00eda de Pamplona\" \/>\n<meta property=\"article:publisher\" content=\"https:\/\/www.facebook.com\/laguiadepamplonacom-133175176762273\/?ref=hl\" \/>\n<meta property=\"article:published_time\" content=\"2025-02-24T16:21:46+00:00\" \/>\n<meta property=\"og:image\" content=\"https:\/\/www.laguiadepamplona.com\/actualidad\/wp-content\/uploads\/2025\/02\/yobailoweb.jpg\" \/>\n\t<meta property=\"og:image:width\" content=\"446\" \/>\n\t<meta property=\"og:image:height\" content=\"300\" \/>\n\t<meta property=\"og:image:type\" content=\"image\/jpeg\" \/>\n<meta name=\"author\" content=\"La Gu\u00eda de Pamplona\" \/>\n<meta name=\"twitter:card\" content=\"summary_large_image\" \/>\n<meta name=\"twitter:creator\" content=\"@LaGuiadPamplona\" \/>\n<meta name=\"twitter:site\" content=\"@LaGuiadPamplona\" \/>\n<meta name=\"twitter:label1\" content=\"Escrito por\" \/>\n\t<meta name=\"twitter:data1\" content=\"La Gu\u00eda de Pamplona\" \/>\n\t<meta name=\"twitter:label2\" content=\"Tiempo de lectura\" \/>\n\t<meta name=\"twitter:data2\" content=\"2 minutos\" \/>\n<script type=\"application\/ld+json\" class=\"yoast-schema-graph\">{\"@context\":\"https:\\\/\\\/schema.org\",\"@graph\":[{\"@type\":\"Article\",\"@id\":\"https:\\\/\\\/www.laguiadepamplona.com\\\/actualidad\\\/la-danza-contemporanea-toma-las-aulas-del-cpeip-cardenal-ilundain-para-animar-al-alumnado-a-expresarse-con-el-cuerpo-y-el-movimiento\\\/#article\",\"isPartOf\":{\"@id\":\"https:\\\/\\\/www.laguiadepamplona.com\\\/actualidad\\\/la-danza-contemporanea-toma-las-aulas-del-cpeip-cardenal-ilundain-para-animar-al-alumnado-a-expresarse-con-el-cuerpo-y-el-movimiento\\\/\"},\"author\":{\"name\":\"La Gu\u00eda de Pamplona\",\"@id\":\"https:\\\/\\\/www.laguiadepamplona.com\\\/actualidad\\\/#\\\/schema\\\/person\\\/efe887376f0213d4657c93adc50b1fdb\"},\"headline\":\"La danza contempor\u00e1nea toma las aulas del CPEIP Cardenal Ilund\u00e1in para animar al alumnado a expresarse con el cuerpo y el movimiento\",\"datePublished\":\"2025-02-24T16:21:46+00:00\",\"mainEntityOfPage\":{\"@id\":\"https:\\\/\\\/www.laguiadepamplona.com\\\/actualidad\\\/la-danza-contemporanea-toma-las-aulas-del-cpeip-cardenal-ilundain-para-animar-al-alumnado-a-expresarse-con-el-cuerpo-y-el-movimiento\\\/\"},\"wordCount\":485,\"commentCount\":0,\"publisher\":{\"@id\":\"https:\\\/\\\/www.laguiadepamplona.com\\\/actualidad\\\/#organization\"},\"image\":{\"@id\":\"https:\\\/\\\/www.laguiadepamplona.com\\\/actualidad\\\/la-danza-contemporanea-toma-las-aulas-del-cpeip-cardenal-ilundain-para-animar-al-alumnado-a-expresarse-con-el-cuerpo-y-el-movimiento\\\/#primaryimage\"},\"thumbnailUrl\":\"https:\\\/\\\/www.laguiadepamplona.com\\\/actualidad\\\/wp-content\\\/uploads\\\/2025\\\/02\\\/yobailoweb.jpg\",\"articleSection\":[\"Ayto Pamplona\"],\"inLanguage\":\"es\",\"potentialAction\":[{\"@type\":\"CommentAction\",\"name\":\"Comment\",\"target\":[\"https:\\\/\\\/www.laguiadepamplona.com\\\/actualidad\\\/la-danza-contemporanea-toma-las-aulas-del-cpeip-cardenal-ilundain-para-animar-al-alumnado-a-expresarse-con-el-cuerpo-y-el-movimiento\\\/#respond\"]}]},{\"@type\":\"WebPage\",\"@id\":\"https:\\\/\\\/www.laguiadepamplona.com\\\/actualidad\\\/la-danza-contemporanea-toma-las-aulas-del-cpeip-cardenal-ilundain-para-animar-al-alumnado-a-expresarse-con-el-cuerpo-y-el-movimiento\\\/\",\"url\":\"https:\\\/\\\/www.laguiadepamplona.com\\\/actualidad\\\/la-danza-contemporanea-toma-las-aulas-del-cpeip-cardenal-ilundain-para-animar-al-alumnado-a-expresarse-con-el-cuerpo-y-el-movimiento\\\/\",\"name\":\"La danza contempor\u00e1nea toma las aulas del CPEIP Cardenal Ilund\u00e1in para animar al alumnado a expresarse con el cuerpo y el movimiento\",\"isPartOf\":{\"@id\":\"https:\\\/\\\/www.laguiadepamplona.com\\\/actualidad\\\/#website\"},\"primaryImageOfPage\":{\"@id\":\"https:\\\/\\\/www.laguiadepamplona.com\\\/actualidad\\\/la-danza-contemporanea-toma-las-aulas-del-cpeip-cardenal-ilundain-para-animar-al-alumnado-a-expresarse-con-el-cuerpo-y-el-movimiento\\\/#primaryimage\"},\"image\":{\"@id\":\"https:\\\/\\\/www.laguiadepamplona.com\\\/actualidad\\\/la-danza-contemporanea-toma-las-aulas-del-cpeip-cardenal-ilundain-para-animar-al-alumnado-a-expresarse-con-el-cuerpo-y-el-movimiento\\\/#primaryimage\"},\"thumbnailUrl\":\"https:\\\/\\\/www.laguiadepamplona.com\\\/actualidad\\\/wp-content\\\/uploads\\\/2025\\\/02\\\/yobailoweb.jpg\",\"datePublished\":\"2025-02-24T16:21:46+00:00\",\"description\":\"Durante este segundo trimestre, estudiantes de 6\u00ba de Primaria reciben hora y media semanal de danza en horario escolar\",\"breadcrumb\":{\"@id\":\"https:\\\/\\\/www.laguiadepamplona.com\\\/actualidad\\\/la-danza-contemporanea-toma-las-aulas-del-cpeip-cardenal-ilundain-para-animar-al-alumnado-a-expresarse-con-el-cuerpo-y-el-movimiento\\\/#breadcrumb\"},\"inLanguage\":\"es\",\"potentialAction\":[{\"@type\":\"ReadAction\",\"target\":[\"https:\\\/\\\/www.laguiadepamplona.com\\\/actualidad\\\/la-danza-contemporanea-toma-las-aulas-del-cpeip-cardenal-ilundain-para-animar-al-alumnado-a-expresarse-con-el-cuerpo-y-el-movimiento\\\/\"]}]},{\"@type\":\"ImageObject\",\"inLanguage\":\"es\",\"@id\":\"https:\\\/\\\/www.laguiadepamplona.com\\\/actualidad\\\/la-danza-contemporanea-toma-las-aulas-del-cpeip-cardenal-ilundain-para-animar-al-alumnado-a-expresarse-con-el-cuerpo-y-el-movimiento\\\/#primaryimage\",\"url\":\"https:\\\/\\\/www.laguiadepamplona.com\\\/actualidad\\\/wp-content\\\/uploads\\\/2025\\\/02\\\/yobailoweb.jpg\",\"contentUrl\":\"https:\\\/\\\/www.laguiadepamplona.com\\\/actualidad\\\/wp-content\\\/uploads\\\/2025\\\/02\\\/yobailoweb.jpg\",\"width\":446,\"height\":300,\"caption\":\"yo bailo\"},{\"@type\":\"BreadcrumbList\",\"@id\":\"https:\\\/\\\/www.laguiadepamplona.com\\\/actualidad\\\/la-danza-contemporanea-toma-las-aulas-del-cpeip-cardenal-ilundain-para-animar-al-alumnado-a-expresarse-con-el-cuerpo-y-el-movimiento\\\/#breadcrumb\",\"itemListElement\":[{\"@type\":\"ListItem\",\"position\":1,\"name\":\"Portada\",\"item\":\"https:\\\/\\\/www.laguiadepamplona.com\\\/actualidad\\\/\"},{\"@type\":\"ListItem\",\"position\":2,\"name\":\"La danza contempor\u00e1nea toma las aulas del CPEIP Cardenal Ilund\u00e1in para animar al alumnado a expresarse con el cuerpo y el movimiento\"}]},{\"@type\":\"WebSite\",\"@id\":\"https:\\\/\\\/www.laguiadepamplona.com\\\/actualidad\\\/#website\",\"url\":\"https:\\\/\\\/www.laguiadepamplona.com\\\/actualidad\\\/\",\"name\":\"La gu\u00eda de Pamplona\",\"description\":\"Noticias de Pamplona\",\"publisher\":{\"@id\":\"https:\\\/\\\/www.laguiadepamplona.com\\\/actualidad\\\/#organization\"},\"potentialAction\":[{\"@type\":\"SearchAction\",\"target\":{\"@type\":\"EntryPoint\",\"urlTemplate\":\"https:\\\/\\\/www.laguiadepamplona.com\\\/actualidad\\\/?s={search_term_string}\"},\"query-input\":{\"@type\":\"PropertyValueSpecification\",\"valueRequired\":true,\"valueName\":\"search_term_string\"}}],\"inLanguage\":\"es\"},{\"@type\":\"Organization\",\"@id\":\"https:\\\/\\\/www.laguiadepamplona.com\\\/actualidad\\\/#organization\",\"name\":\"La Gu\u00eda de Pamplona \\\/ Noticias\",\"url\":\"https:\\\/\\\/www.laguiadepamplona.com\\\/actualidad\\\/\",\"logo\":{\"@type\":\"ImageObject\",\"inLanguage\":\"es\",\"@id\":\"https:\\\/\\\/www.laguiadepamplona.com\\\/actualidad\\\/#\\\/schema\\\/logo\\\/image\\\/\",\"url\":\"https:\\\/\\\/www.laguiadepamplona.com\\\/actualidad\\\/wp-content\\\/uploads\\\/2018\\\/11\\\/logo-laguiadepamplona18-web1.png\",\"contentUrl\":\"https:\\\/\\\/www.laguiadepamplona.com\\\/actualidad\\\/wp-content\\\/uploads\\\/2018\\\/11\\\/logo-laguiadepamplona18-web1.png\",\"width\":600,\"height\":196,\"caption\":\"La Gu\u00eda de Pamplona \\\/ Noticias\"},\"image\":{\"@id\":\"https:\\\/\\\/www.laguiadepamplona.com\\\/actualidad\\\/#\\\/schema\\\/logo\\\/image\\\/\"},\"sameAs\":[\"https:\\\/\\\/www.facebook.com\\\/laguiadepamplonacom-133175176762273\\\/?ref=hl\",\"https:\\\/\\\/x.com\\\/LaGuiadPamplona\",\"https:\\\/\\\/www.instagram.com\\\/la_guia_de_pamplona\\\/\",\"https:\\\/\\\/www.youtube.com\\\/user\\\/laguiadepamplona\"]},{\"@type\":\"Person\",\"@id\":\"https:\\\/\\\/www.laguiadepamplona.com\\\/actualidad\\\/#\\\/schema\\\/person\\\/efe887376f0213d4657c93adc50b1fdb\",\"name\":\"La Gu\u00eda de Pamplona\",\"image\":{\"@type\":\"ImageObject\",\"inLanguage\":\"es\",\"@id\":\"https:\\\/\\\/secure.gravatar.com\\\/avatar\\\/b6992f131dc8d30ab0dff15446e9d346d9dbd95992de0fef795073f5ea83a81c?s=96&d=mm&r=g\",\"url\":\"https:\\\/\\\/secure.gravatar.com\\\/avatar\\\/b6992f131dc8d30ab0dff15446e9d346d9dbd95992de0fef795073f5ea83a81c?s=96&d=mm&r=g\",\"contentUrl\":\"https:\\\/\\\/secure.gravatar.com\\\/avatar\\\/b6992f131dc8d30ab0dff15446e9d346d9dbd95992de0fef795073f5ea83a81c?s=96&d=mm&r=g\",\"caption\":\"La Gu\u00eda de Pamplona\"}}]}<\/script>\n<!-- \/ Yoast SEO plugin. -->","yoast_head_json":{"title":"La danza contempor\u00e1nea toma las aulas del CPEIP Cardenal Ilund\u00e1in para animar al alumnado a expresarse con el cuerpo y el movimiento","description":"Durante este segundo trimestre, estudiantes de 6\u00ba de Primaria reciben hora y media semanal de danza en horario escolar","robots":{"index":"index","follow":"follow","max-snippet":"max-snippet:-1","max-image-preview":"max-image-preview:large","max-video-preview":"max-video-preview:-1"},"canonical":"https:\/\/www.laguiadepamplona.com\/actualidad\/la-danza-contemporanea-toma-las-aulas-del-cpeip-cardenal-ilundain-para-animar-al-alumnado-a-expresarse-con-el-cuerpo-y-el-movimiento\/","og_locale":"es_ES","og_type":"article","og_title":"La danza contempor\u00e1nea toma las aulas del CPEIP Cardenal Ilund\u00e1in para animar al alumnado a expresarse con el cuerpo y el movimiento","og_description":"Durante este segundo trimestre, estudiantes de 6\u00ba de Primaria reciben hora y media semanal de danza en horario escolar","og_url":"https:\/\/www.laguiadepamplona.com\/actualidad\/la-danza-contemporanea-toma-las-aulas-del-cpeip-cardenal-ilundain-para-animar-al-alumnado-a-expresarse-con-el-cuerpo-y-el-movimiento\/","og_site_name":"La Gu\u00eda de Pamplona","article_publisher":"https:\/\/www.facebook.com\/laguiadepamplonacom-133175176762273\/?ref=hl","article_published_time":"2025-02-24T16:21:46+00:00","og_image":[{"width":446,"height":300,"url":"https:\/\/www.laguiadepamplona.com\/actualidad\/wp-content\/uploads\/2025\/02\/yobailoweb.jpg","type":"image\/jpeg"}],"author":"La Gu\u00eda de Pamplona","twitter_card":"summary_large_image","twitter_creator":"@LaGuiadPamplona","twitter_site":"@LaGuiadPamplona","twitter_misc":{"Escrito por":"La Gu\u00eda de Pamplona","Tiempo de lectura":"2 minutos"},"schema":{"@context":"https:\/\/schema.org","@graph":[{"@type":"Article","@id":"https:\/\/www.laguiadepamplona.com\/actualidad\/la-danza-contemporanea-toma-las-aulas-del-cpeip-cardenal-ilundain-para-animar-al-alumnado-a-expresarse-con-el-cuerpo-y-el-movimiento\/#article","isPartOf":{"@id":"https:\/\/www.laguiadepamplona.com\/actualidad\/la-danza-contemporanea-toma-las-aulas-del-cpeip-cardenal-ilundain-para-animar-al-alumnado-a-expresarse-con-el-cuerpo-y-el-movimiento\/"},"author":{"name":"La Gu\u00eda de Pamplona","@id":"https:\/\/www.laguiadepamplona.com\/actualidad\/#\/schema\/person\/efe887376f0213d4657c93adc50b1fdb"},"headline":"La danza contempor\u00e1nea toma las aulas del CPEIP Cardenal Ilund\u00e1in para animar al alumnado a expresarse con el cuerpo y el movimiento","datePublished":"2025-02-24T16:21:46+00:00","mainEntityOfPage":{"@id":"https:\/\/www.laguiadepamplona.com\/actualidad\/la-danza-contemporanea-toma-las-aulas-del-cpeip-cardenal-ilundain-para-animar-al-alumnado-a-expresarse-con-el-cuerpo-y-el-movimiento\/"},"wordCount":485,"commentCount":0,"publisher":{"@id":"https:\/\/www.laguiadepamplona.com\/actualidad\/#organization"},"image":{"@id":"https:\/\/www.laguiadepamplona.com\/actualidad\/la-danza-contemporanea-toma-las-aulas-del-cpeip-cardenal-ilundain-para-animar-al-alumnado-a-expresarse-con-el-cuerpo-y-el-movimiento\/#primaryimage"},"thumbnailUrl":"https:\/\/www.laguiadepamplona.com\/actualidad\/wp-content\/uploads\/2025\/02\/yobailoweb.jpg","articleSection":["Ayto Pamplona"],"inLanguage":"es","potentialAction":[{"@type":"CommentAction","name":"Comment","target":["https:\/\/www.laguiadepamplona.com\/actualidad\/la-danza-contemporanea-toma-las-aulas-del-cpeip-cardenal-ilundain-para-animar-al-alumnado-a-expresarse-con-el-cuerpo-y-el-movimiento\/#respond"]}]},{"@type":"WebPage","@id":"https:\/\/www.laguiadepamplona.com\/actualidad\/la-danza-contemporanea-toma-las-aulas-del-cpeip-cardenal-ilundain-para-animar-al-alumnado-a-expresarse-con-el-cuerpo-y-el-movimiento\/","url":"https:\/\/www.laguiadepamplona.com\/actualidad\/la-danza-contemporanea-toma-las-aulas-del-cpeip-cardenal-ilundain-para-animar-al-alumnado-a-expresarse-con-el-cuerpo-y-el-movimiento\/","name":"La danza contempor\u00e1nea toma las aulas del CPEIP Cardenal Ilund\u00e1in para animar al alumnado a expresarse con el cuerpo y el movimiento","isPartOf":{"@id":"https:\/\/www.laguiadepamplona.com\/actualidad\/#website"},"primaryImageOfPage":{"@id":"https:\/\/www.laguiadepamplona.com\/actualidad\/la-danza-contemporanea-toma-las-aulas-del-cpeip-cardenal-ilundain-para-animar-al-alumnado-a-expresarse-con-el-cuerpo-y-el-movimiento\/#primaryimage"},"image":{"@id":"https:\/\/www.laguiadepamplona.com\/actualidad\/la-danza-contemporanea-toma-las-aulas-del-cpeip-cardenal-ilundain-para-animar-al-alumnado-a-expresarse-con-el-cuerpo-y-el-movimiento\/#primaryimage"},"thumbnailUrl":"https:\/\/www.laguiadepamplona.com\/actualidad\/wp-content\/uploads\/2025\/02\/yobailoweb.jpg","datePublished":"2025-02-24T16:21:46+00:00","description":"Durante este segundo trimestre, estudiantes de 6\u00ba de Primaria reciben hora y media semanal de danza en horario escolar","breadcrumb":{"@id":"https:\/\/www.laguiadepamplona.com\/actualidad\/la-danza-contemporanea-toma-las-aulas-del-cpeip-cardenal-ilundain-para-animar-al-alumnado-a-expresarse-con-el-cuerpo-y-el-movimiento\/#breadcrumb"},"inLanguage":"es","potentialAction":[{"@type":"ReadAction","target":["https:\/\/www.laguiadepamplona.com\/actualidad\/la-danza-contemporanea-toma-las-aulas-del-cpeip-cardenal-ilundain-para-animar-al-alumnado-a-expresarse-con-el-cuerpo-y-el-movimiento\/"]}]},{"@type":"ImageObject","inLanguage":"es","@id":"https:\/\/www.laguiadepamplona.com\/actualidad\/la-danza-contemporanea-toma-las-aulas-del-cpeip-cardenal-ilundain-para-animar-al-alumnado-a-expresarse-con-el-cuerpo-y-el-movimiento\/#primaryimage","url":"https:\/\/www.laguiadepamplona.com\/actualidad\/wp-content\/uploads\/2025\/02\/yobailoweb.jpg","contentUrl":"https:\/\/www.laguiadepamplona.com\/actualidad\/wp-content\/uploads\/2025\/02\/yobailoweb.jpg","width":446,"height":300,"caption":"yo bailo"},{"@type":"BreadcrumbList","@id":"https:\/\/www.laguiadepamplona.com\/actualidad\/la-danza-contemporanea-toma-las-aulas-del-cpeip-cardenal-ilundain-para-animar-al-alumnado-a-expresarse-con-el-cuerpo-y-el-movimiento\/#breadcrumb","itemListElement":[{"@type":"ListItem","position":1,"name":"Portada","item":"https:\/\/www.laguiadepamplona.com\/actualidad\/"},{"@type":"ListItem","position":2,"name":"La danza contempor\u00e1nea toma las aulas del CPEIP Cardenal Ilund\u00e1in para animar al alumnado a expresarse con el cuerpo y el movimiento"}]},{"@type":"WebSite","@id":"https:\/\/www.laguiadepamplona.com\/actualidad\/#website","url":"https:\/\/www.laguiadepamplona.com\/actualidad\/","name":"La gu\u00eda de Pamplona","description":"Noticias de Pamplona","publisher":{"@id":"https:\/\/www.laguiadepamplona.com\/actualidad\/#organization"},"potentialAction":[{"@type":"SearchAction","target":{"@type":"EntryPoint","urlTemplate":"https:\/\/www.laguiadepamplona.com\/actualidad\/?s={search_term_string}"},"query-input":{"@type":"PropertyValueSpecification","valueRequired":true,"valueName":"search_term_string"}}],"inLanguage":"es"},{"@type":"Organization","@id":"https:\/\/www.laguiadepamplona.com\/actualidad\/#organization","name":"La Gu\u00eda de Pamplona \/ Noticias","url":"https:\/\/www.laguiadepamplona.com\/actualidad\/","logo":{"@type":"ImageObject","inLanguage":"es","@id":"https:\/\/www.laguiadepamplona.com\/actualidad\/#\/schema\/logo\/image\/","url":"https:\/\/www.laguiadepamplona.com\/actualidad\/wp-content\/uploads\/2018\/11\/logo-laguiadepamplona18-web1.png","contentUrl":"https:\/\/www.laguiadepamplona.com\/actualidad\/wp-content\/uploads\/2018\/11\/logo-laguiadepamplona18-web1.png","width":600,"height":196,"caption":"La Gu\u00eda de Pamplona \/ Noticias"},"image":{"@id":"https:\/\/www.laguiadepamplona.com\/actualidad\/#\/schema\/logo\/image\/"},"sameAs":["https:\/\/www.facebook.com\/laguiadepamplonacom-133175176762273\/?ref=hl","https:\/\/x.com\/LaGuiadPamplona","https:\/\/www.instagram.com\/la_guia_de_pamplona\/","https:\/\/www.youtube.com\/user\/laguiadepamplona"]},{"@type":"Person","@id":"https:\/\/www.laguiadepamplona.com\/actualidad\/#\/schema\/person\/efe887376f0213d4657c93adc50b1fdb","name":"La Gu\u00eda de Pamplona","image":{"@type":"ImageObject","inLanguage":"es","@id":"https:\/\/secure.gravatar.com\/avatar\/b6992f131dc8d30ab0dff15446e9d346d9dbd95992de0fef795073f5ea83a81c?s=96&d=mm&r=g","url":"https:\/\/secure.gravatar.com\/avatar\/b6992f131dc8d30ab0dff15446e9d346d9dbd95992de0fef795073f5ea83a81c?s=96&d=mm&r=g","contentUrl":"https:\/\/secure.gravatar.com\/avatar\/b6992f131dc8d30ab0dff15446e9d346d9dbd95992de0fef795073f5ea83a81c?s=96&d=mm&r=g","caption":"La Gu\u00eda de Pamplona"}}]}},"post_mailing_queue_ids":[],"_links":{"self":[{"href":"https:\/\/www.laguiadepamplona.com\/actualidad\/wp-json\/wp\/v2\/posts\/52184","targetHints":{"allow":["GET"]}}],"collection":[{"href":"https:\/\/www.laguiadepamplona.com\/actualidad\/wp-json\/wp\/v2\/posts"}],"about":[{"href":"https:\/\/www.laguiadepamplona.com\/actualidad\/wp-json\/wp\/v2\/types\/post"}],"author":[{"embeddable":true,"href":"https:\/\/www.laguiadepamplona.com\/actualidad\/wp-json\/wp\/v2\/users\/1"}],"replies":[{"embeddable":true,"href":"https:\/\/www.laguiadepamplona.com\/actualidad\/wp-json\/wp\/v2\/comments?post=52184"}],"version-history":[{"count":1,"href":"https:\/\/www.laguiadepamplona.com\/actualidad\/wp-json\/wp\/v2\/posts\/52184\/revisions"}],"predecessor-version":[{"id":52186,"href":"https:\/\/www.laguiadepamplona.com\/actualidad\/wp-json\/wp\/v2\/posts\/52184\/revisions\/52186"}],"wp:featuredmedia":[{"embeddable":true,"href":"https:\/\/www.laguiadepamplona.com\/actualidad\/wp-json\/wp\/v2\/media\/52185"}],"wp:attachment":[{"href":"https:\/\/www.laguiadepamplona.com\/actualidad\/wp-json\/wp\/v2\/media?parent=52184"}],"wp:term":[{"taxonomy":"category","embeddable":true,"href":"https:\/\/www.laguiadepamplona.com\/actualidad\/wp-json\/wp\/v2\/categories?post=52184"},{"taxonomy":"post_tag","embeddable":true,"href":"https:\/\/www.laguiadepamplona.com\/actualidad\/wp-json\/wp\/v2\/tags?post=52184"}],"curies":[{"name":"wp","href":"https:\/\/api.w.org\/{rel}","templated":true}]}}