{"id":52119,"date":"2025-02-18T17:21:33","date_gmt":"2025-02-18T15:21:33","guid":{"rendered":"https:\/\/www.laguiadepamplona.com\/actualidad\/?p=52119"},"modified":"2025-02-18T17:21:33","modified_gmt":"2025-02-18T15:21:33","slug":"este-jueves-se-abren-las-inscripciones-para-los-talleres-gratuitos-trabajar-el-bienestar-personal-y-literatura-y-salud-mental-dirigidos-a-mayores-de-65-anos","status":"publish","type":"post","link":"https:\/\/www.laguiadepamplona.com\/actualidad\/este-jueves-se-abren-las-inscripciones-para-los-talleres-gratuitos-trabajar-el-bienestar-personal-y-literatura-y-salud-mental-dirigidos-a-mayores-de-65-anos\/","title":{"rendered":"Este jueves se abren las inscripciones para los talleres gratuitos \u2018Trabajar el bienestar personal\u2019 y \u2018Literatura y salud mental\u2019, dirigidos a mayores de 65 a\u00f1os"},"content":{"rendered":"<h2>Las plazas para las sesiones, que se celebran en marzo y en abril, se cubren por orden de llamada al tel\u00e9fono 010 \u2013 948 420 100<\/h2>\n<p><!--more--><\/p>\n<p>Las inscripciones para los talleres gratuitos \u2018Trabajar el bienestar personal\u2019 y \u2018Literatura y salud mental\u2019, dirigidos a mayores de 65 a\u00f1os, se abren este jueves en el tel\u00e9fono 010 \u2013 948 420 100. Las plazas se cubren por orden de llamada, con prioridad para personas empadronadas en Pamplona. Los talleres se realizan, en colaboraci\u00f3n con el Tel\u00e9fono de la Esperanza, en los meses de marzo y abril.<\/p>\n<p>El taller \u2018Trabajar el bienestar personal\u2019, organizado junto con el Pacto del Mayor de San Juan, se desarrollar\u00e1 los viernes 7, 14, 21 y 28 de marzo, en horario de ma\u00f1ana, de 10.30 a 12.30. Las cuatro sesiones se impartir\u00e1n en el local vecinal de San Juan Xar, ubicado en la plaza Monasterio de Iranzu, 6. En ellas se abordar\u00e1n diversas cuestiones relacionadas con el bienestar, como el autocuidado, afrontar pensamientos limitantes, mantener relaciones saludables y compartir la propia experiencia con los dem\u00e1s.<\/p>\n<p>El taller \u2018Literatura y salud mental\u2019, organizado junto con el Centro Convive Larrabide-Goroabe, se celebrar\u00e1 en abril, y las inscripciones estar\u00e1n abiertas hasta el 20 de marzo. Este taller, que se celebrar\u00e1 los martes 8, 15, 22 y 29 de abril, en horario de ma\u00f1ana, de 10.30 a 12.30, ser\u00e1 en el Centro Convive Larrabide-Goroabe, en la calle Goroabe, 25. Las cuatro sesiones se centrar\u00e1n en el estado de \u00e1nimo, las relaciones personales, el miedo a la vejez y las p\u00e9rdidas.<\/p>\n<p>La peculiaridad del taller de literatura es que se tratan los temas mediante la lectura de un libro, \u2018Martes con mi viejo profesor\u2019, del autor Mitch Albom. La obra se presta a las personas participantes en el taller para facilitar el acceso a este texto en torno a la amistad y el sentido de la vida.<\/p>\n<p>&nbsp;<\/p>\n<h3>Talleres en colaboraci\u00f3n con el tel\u00e9fono de la esperanza<\/h3>\n<ul>\n<li>Trabajar el bienestar personal\n<ul>\n<li>D\u00edas: los viernes 7, 14, 21 y 28 de marzo<\/li>\n<li>Horario: 10:30 a 12:30<\/li>\n<li>Lugar: Local vecinal de San Juan Xar (Plaza Monasterio de Iranzu, 6)<\/li>\n<\/ul>\n<\/li>\n<li>Literatura y salud mental\n<ul>\n<li>D\u00edas: los martes 8, 15, 22 y 29 de abril<\/li>\n<li>Horario: 10:30 a 12:30<\/li>\n<li>Lugar: Centro Convive Larrabide-Goroabe (calle Goroabe, 25)<\/li>\n<\/ul>\n<\/li>\n<\/ul>\n","protected":false},"excerpt":{"rendered":"<p>Las plazas para las sesiones, que se celebran en marzo y en abril, se cubren por orden de llamada al tel\u00e9fono 010 \u2013 948 420 100<\/p>\n","protected":false},"author":1,"featured_media":52120,"comment_status":"open","ping_status":"closed","sticky":false,"template":"","format":"standard","meta":{"footnotes":""},"categories":[2],"tags":[],"class_list":["post-52119","post","type-post","status-publish","format-standard","has-post-thumbnail","hentry","category-ayuntamiento-pamplona"],"yoast_head":"<!-- This site is optimized with the Yoast SEO plugin v27.3 - https:\/\/yoast.com\/product\/yoast-seo-wordpress\/ -->\n<title>Este jueves se abren las inscripciones para los talleres gratuitos \u2018Trabajar el bienestar personal\u2019 y \u2018Literatura y salud mental\u2019, dirigidos a mayores de 65 a\u00f1os<\/title>\n<meta name=\"description\" content=\"Las plazas para las sesiones, que se celebran en marzo y en abril, se cubren por orden de llamada al tel\u00e9fono 010 \u2013 948 420 100\" \/>\n<meta name=\"robots\" content=\"index, follow, max-snippet:-1, max-image-preview:large, max-video-preview:-1\" \/>\n<link rel=\"canonical\" href=\"https:\/\/www.laguiadepamplona.com\/actualidad\/este-jueves-se-abren-las-inscripciones-para-los-talleres-gratuitos-trabajar-el-bienestar-personal-y-literatura-y-salud-mental-dirigidos-a-mayores-de-65-anos\/\" \/>\n<meta property=\"og:locale\" content=\"es_ES\" \/>\n<meta property=\"og:type\" content=\"article\" \/>\n<meta property=\"og:title\" content=\"Este jueves se abren las inscripciones para los talleres gratuitos \u2018Trabajar el bienestar personal\u2019 y \u2018Literatura y salud mental\u2019, dirigidos a mayores de 65 a\u00f1os\" \/>\n<meta property=\"og:description\" content=\"Las plazas para las sesiones, que se celebran en marzo y en abril, se cubren por orden de llamada al tel\u00e9fono 010 \u2013 948 420 100\" \/>\n<meta property=\"og:url\" content=\"https:\/\/www.laguiadepamplona.com\/actualidad\/este-jueves-se-abren-las-inscripciones-para-los-talleres-gratuitos-trabajar-el-bienestar-personal-y-literatura-y-salud-mental-dirigidos-a-mayores-de-65-anos\/\" \/>\n<meta property=\"og:site_name\" content=\"La Gu\u00eda de Pamplona\" \/>\n<meta property=\"article:publisher\" content=\"https:\/\/www.facebook.com\/laguiadepamplonacom-133175176762273\/?ref=hl\" \/>\n<meta property=\"article:published_time\" content=\"2025-02-18T15:21:33+00:00\" \/>\n<meta property=\"og:image\" content=\"https:\/\/www.laguiadepamplona.com\/actualidad\/wp-content\/uploads\/2025\/02\/talleres-telefono-esperanza_web.webp\" \/>\n\t<meta property=\"og:image:width\" content=\"1000\" \/>\n\t<meta property=\"og:image:height\" content=\"667\" \/>\n\t<meta property=\"og:image:type\" content=\"image\/webp\" \/>\n<meta name=\"author\" content=\"La Gu\u00eda de Pamplona\" \/>\n<meta name=\"twitter:card\" content=\"summary_large_image\" \/>\n<meta name=\"twitter:creator\" content=\"@LaGuiadPamplona\" \/>\n<meta name=\"twitter:site\" content=\"@LaGuiadPamplona\" \/>\n<meta name=\"twitter:label1\" content=\"Escrito por\" \/>\n\t<meta name=\"twitter:data1\" content=\"La Gu\u00eda de Pamplona\" \/>\n\t<meta name=\"twitter:label2\" content=\"Tiempo de lectura\" \/>\n\t<meta name=\"twitter:data2\" content=\"2 minutos\" \/>\n<script type=\"application\/ld+json\" class=\"yoast-schema-graph\">{\"@context\":\"https:\\\/\\\/schema.org\",\"@graph\":[{\"@type\":\"Article\",\"@id\":\"https:\\\/\\\/www.laguiadepamplona.com\\\/actualidad\\\/este-jueves-se-abren-las-inscripciones-para-los-talleres-gratuitos-trabajar-el-bienestar-personal-y-literatura-y-salud-mental-dirigidos-a-mayores-de-65-anos\\\/#article\",\"isPartOf\":{\"@id\":\"https:\\\/\\\/www.laguiadepamplona.com\\\/actualidad\\\/este-jueves-se-abren-las-inscripciones-para-los-talleres-gratuitos-trabajar-el-bienestar-personal-y-literatura-y-salud-mental-dirigidos-a-mayores-de-65-anos\\\/\"},\"author\":{\"name\":\"La Gu\u00eda de Pamplona\",\"@id\":\"https:\\\/\\\/www.laguiadepamplona.com\\\/actualidad\\\/#\\\/schema\\\/person\\\/efe887376f0213d4657c93adc50b1fdb\"},\"headline\":\"Este jueves se abren las inscripciones para los talleres gratuitos \u2018Trabajar el bienestar personal\u2019 y \u2018Literatura y salud mental\u2019, dirigidos a mayores de 65 a\u00f1os\",\"datePublished\":\"2025-02-18T15:21:33+00:00\",\"mainEntityOfPage\":{\"@id\":\"https:\\\/\\\/www.laguiadepamplona.com\\\/actualidad\\\/este-jueves-se-abren-las-inscripciones-para-los-talleres-gratuitos-trabajar-el-bienestar-personal-y-literatura-y-salud-mental-dirigidos-a-mayores-de-65-anos\\\/\"},\"wordCount\":380,\"commentCount\":0,\"publisher\":{\"@id\":\"https:\\\/\\\/www.laguiadepamplona.com\\\/actualidad\\\/#organization\"},\"image\":{\"@id\":\"https:\\\/\\\/www.laguiadepamplona.com\\\/actualidad\\\/este-jueves-se-abren-las-inscripciones-para-los-talleres-gratuitos-trabajar-el-bienestar-personal-y-literatura-y-salud-mental-dirigidos-a-mayores-de-65-anos\\\/#primaryimage\"},\"thumbnailUrl\":\"https:\\\/\\\/www.laguiadepamplona.com\\\/actualidad\\\/wp-content\\\/uploads\\\/2025\\\/02\\\/talleres-telefono-esperanza_web.webp\",\"articleSection\":[\"Ayto Pamplona\"],\"inLanguage\":\"es\",\"potentialAction\":[{\"@type\":\"CommentAction\",\"name\":\"Comment\",\"target\":[\"https:\\\/\\\/www.laguiadepamplona.com\\\/actualidad\\\/este-jueves-se-abren-las-inscripciones-para-los-talleres-gratuitos-trabajar-el-bienestar-personal-y-literatura-y-salud-mental-dirigidos-a-mayores-de-65-anos\\\/#respond\"]}]},{\"@type\":\"WebPage\",\"@id\":\"https:\\\/\\\/www.laguiadepamplona.com\\\/actualidad\\\/este-jueves-se-abren-las-inscripciones-para-los-talleres-gratuitos-trabajar-el-bienestar-personal-y-literatura-y-salud-mental-dirigidos-a-mayores-de-65-anos\\\/\",\"url\":\"https:\\\/\\\/www.laguiadepamplona.com\\\/actualidad\\\/este-jueves-se-abren-las-inscripciones-para-los-talleres-gratuitos-trabajar-el-bienestar-personal-y-literatura-y-salud-mental-dirigidos-a-mayores-de-65-anos\\\/\",\"name\":\"Este jueves se abren las inscripciones para los talleres gratuitos \u2018Trabajar el bienestar personal\u2019 y \u2018Literatura y salud mental\u2019, dirigidos a mayores de 65 a\u00f1os\",\"isPartOf\":{\"@id\":\"https:\\\/\\\/www.laguiadepamplona.com\\\/actualidad\\\/#website\"},\"primaryImageOfPage\":{\"@id\":\"https:\\\/\\\/www.laguiadepamplona.com\\\/actualidad\\\/este-jueves-se-abren-las-inscripciones-para-los-talleres-gratuitos-trabajar-el-bienestar-personal-y-literatura-y-salud-mental-dirigidos-a-mayores-de-65-anos\\\/#primaryimage\"},\"image\":{\"@id\":\"https:\\\/\\\/www.laguiadepamplona.com\\\/actualidad\\\/este-jueves-se-abren-las-inscripciones-para-los-talleres-gratuitos-trabajar-el-bienestar-personal-y-literatura-y-salud-mental-dirigidos-a-mayores-de-65-anos\\\/#primaryimage\"},\"thumbnailUrl\":\"https:\\\/\\\/www.laguiadepamplona.com\\\/actualidad\\\/wp-content\\\/uploads\\\/2025\\\/02\\\/talleres-telefono-esperanza_web.webp\",\"datePublished\":\"2025-02-18T15:21:33+00:00\",\"description\":\"Las plazas para las sesiones, que se celebran en marzo y en abril, se cubren por orden de llamada al tel\u00e9fono 010 \u2013 948 420 100\",\"breadcrumb\":{\"@id\":\"https:\\\/\\\/www.laguiadepamplona.com\\\/actualidad\\\/este-jueves-se-abren-las-inscripciones-para-los-talleres-gratuitos-trabajar-el-bienestar-personal-y-literatura-y-salud-mental-dirigidos-a-mayores-de-65-anos\\\/#breadcrumb\"},\"inLanguage\":\"es\",\"potentialAction\":[{\"@type\":\"ReadAction\",\"target\":[\"https:\\\/\\\/www.laguiadepamplona.com\\\/actualidad\\\/este-jueves-se-abren-las-inscripciones-para-los-talleres-gratuitos-trabajar-el-bienestar-personal-y-literatura-y-salud-mental-dirigidos-a-mayores-de-65-anos\\\/\"]}]},{\"@type\":\"ImageObject\",\"inLanguage\":\"es\",\"@id\":\"https:\\\/\\\/www.laguiadepamplona.com\\\/actualidad\\\/este-jueves-se-abren-las-inscripciones-para-los-talleres-gratuitos-trabajar-el-bienestar-personal-y-literatura-y-salud-mental-dirigidos-a-mayores-de-65-anos\\\/#primaryimage\",\"url\":\"https:\\\/\\\/www.laguiadepamplona.com\\\/actualidad\\\/wp-content\\\/uploads\\\/2025\\\/02\\\/talleres-telefono-esperanza_web.webp\",\"contentUrl\":\"https:\\\/\\\/www.laguiadepamplona.com\\\/actualidad\\\/wp-content\\\/uploads\\\/2025\\\/02\\\/talleres-telefono-esperanza_web.webp\",\"width\":1000,\"height\":667,\"caption\":\"talleres esperanza\"},{\"@type\":\"BreadcrumbList\",\"@id\":\"https:\\\/\\\/www.laguiadepamplona.com\\\/actualidad\\\/este-jueves-se-abren-las-inscripciones-para-los-talleres-gratuitos-trabajar-el-bienestar-personal-y-literatura-y-salud-mental-dirigidos-a-mayores-de-65-anos\\\/#breadcrumb\",\"itemListElement\":[{\"@type\":\"ListItem\",\"position\":1,\"name\":\"Portada\",\"item\":\"https:\\\/\\\/www.laguiadepamplona.com\\\/actualidad\\\/\"},{\"@type\":\"ListItem\",\"position\":2,\"name\":\"Este jueves se abren las inscripciones para los talleres gratuitos \u2018Trabajar el bienestar personal\u2019 y \u2018Literatura y salud mental\u2019, dirigidos a mayores de 65 a\u00f1os\"}]},{\"@type\":\"WebSite\",\"@id\":\"https:\\\/\\\/www.laguiadepamplona.com\\\/actualidad\\\/#website\",\"url\":\"https:\\\/\\\/www.laguiadepamplona.com\\\/actualidad\\\/\",\"name\":\"La gu\u00eda de Pamplona\",\"description\":\"Noticias de Pamplona\",\"publisher\":{\"@id\":\"https:\\\/\\\/www.laguiadepamplona.com\\\/actualidad\\\/#organization\"},\"potentialAction\":[{\"@type\":\"SearchAction\",\"target\":{\"@type\":\"EntryPoint\",\"urlTemplate\":\"https:\\\/\\\/www.laguiadepamplona.com\\\/actualidad\\\/?s={search_term_string}\"},\"query-input\":{\"@type\":\"PropertyValueSpecification\",\"valueRequired\":true,\"valueName\":\"search_term_string\"}}],\"inLanguage\":\"es\"},{\"@type\":\"Organization\",\"@id\":\"https:\\\/\\\/www.laguiadepamplona.com\\\/actualidad\\\/#organization\",\"name\":\"La Gu\u00eda de Pamplona \\\/ Noticias\",\"url\":\"https:\\\/\\\/www.laguiadepamplona.com\\\/actualidad\\\/\",\"logo\":{\"@type\":\"ImageObject\",\"inLanguage\":\"es\",\"@id\":\"https:\\\/\\\/www.laguiadepamplona.com\\\/actualidad\\\/#\\\/schema\\\/logo\\\/image\\\/\",\"url\":\"https:\\\/\\\/www.laguiadepamplona.com\\\/actualidad\\\/wp-content\\\/uploads\\\/2018\\\/11\\\/logo-laguiadepamplona18-web1.png\",\"contentUrl\":\"https:\\\/\\\/www.laguiadepamplona.com\\\/actualidad\\\/wp-content\\\/uploads\\\/2018\\\/11\\\/logo-laguiadepamplona18-web1.png\",\"width\":600,\"height\":196,\"caption\":\"La Gu\u00eda de Pamplona \\\/ Noticias\"},\"image\":{\"@id\":\"https:\\\/\\\/www.laguiadepamplona.com\\\/actualidad\\\/#\\\/schema\\\/logo\\\/image\\\/\"},\"sameAs\":[\"https:\\\/\\\/www.facebook.com\\\/laguiadepamplonacom-133175176762273\\\/?ref=hl\",\"https:\\\/\\\/x.com\\\/LaGuiadPamplona\",\"https:\\\/\\\/www.instagram.com\\\/la_guia_de_pamplona\\\/\",\"https:\\\/\\\/www.youtube.com\\\/user\\\/laguiadepamplona\"]},{\"@type\":\"Person\",\"@id\":\"https:\\\/\\\/www.laguiadepamplona.com\\\/actualidad\\\/#\\\/schema\\\/person\\\/efe887376f0213d4657c93adc50b1fdb\",\"name\":\"La Gu\u00eda de Pamplona\",\"image\":{\"@type\":\"ImageObject\",\"inLanguage\":\"es\",\"@id\":\"https:\\\/\\\/secure.gravatar.com\\\/avatar\\\/b6992f131dc8d30ab0dff15446e9d346d9dbd95992de0fef795073f5ea83a81c?s=96&d=mm&r=g\",\"url\":\"https:\\\/\\\/secure.gravatar.com\\\/avatar\\\/b6992f131dc8d30ab0dff15446e9d346d9dbd95992de0fef795073f5ea83a81c?s=96&d=mm&r=g\",\"contentUrl\":\"https:\\\/\\\/secure.gravatar.com\\\/avatar\\\/b6992f131dc8d30ab0dff15446e9d346d9dbd95992de0fef795073f5ea83a81c?s=96&d=mm&r=g\",\"caption\":\"La Gu\u00eda de Pamplona\"}}]}<\/script>\n<!-- \/ Yoast SEO plugin. -->","yoast_head_json":{"title":"Este jueves se abren las inscripciones para los talleres gratuitos \u2018Trabajar el bienestar personal\u2019 y \u2018Literatura y salud mental\u2019, dirigidos a mayores de 65 a\u00f1os","description":"Las plazas para las sesiones, que se celebran en marzo y en abril, se cubren por orden de llamada al tel\u00e9fono 010 \u2013 948 420 100","robots":{"index":"index","follow":"follow","max-snippet":"max-snippet:-1","max-image-preview":"max-image-preview:large","max-video-preview":"max-video-preview:-1"},"canonical":"https:\/\/www.laguiadepamplona.com\/actualidad\/este-jueves-se-abren-las-inscripciones-para-los-talleres-gratuitos-trabajar-el-bienestar-personal-y-literatura-y-salud-mental-dirigidos-a-mayores-de-65-anos\/","og_locale":"es_ES","og_type":"article","og_title":"Este jueves se abren las inscripciones para los talleres gratuitos \u2018Trabajar el bienestar personal\u2019 y \u2018Literatura y salud mental\u2019, dirigidos a mayores de 65 a\u00f1os","og_description":"Las plazas para las sesiones, que se celebran en marzo y en abril, se cubren por orden de llamada al tel\u00e9fono 010 \u2013 948 420 100","og_url":"https:\/\/www.laguiadepamplona.com\/actualidad\/este-jueves-se-abren-las-inscripciones-para-los-talleres-gratuitos-trabajar-el-bienestar-personal-y-literatura-y-salud-mental-dirigidos-a-mayores-de-65-anos\/","og_site_name":"La Gu\u00eda de Pamplona","article_publisher":"https:\/\/www.facebook.com\/laguiadepamplonacom-133175176762273\/?ref=hl","article_published_time":"2025-02-18T15:21:33+00:00","og_image":[{"width":1000,"height":667,"url":"https:\/\/www.laguiadepamplona.com\/actualidad\/wp-content\/uploads\/2025\/02\/talleres-telefono-esperanza_web.webp","type":"image\/webp"}],"author":"La Gu\u00eda de Pamplona","twitter_card":"summary_large_image","twitter_creator":"@LaGuiadPamplona","twitter_site":"@LaGuiadPamplona","twitter_misc":{"Escrito por":"La Gu\u00eda de Pamplona","Tiempo de lectura":"2 minutos"},"schema":{"@context":"https:\/\/schema.org","@graph":[{"@type":"Article","@id":"https:\/\/www.laguiadepamplona.com\/actualidad\/este-jueves-se-abren-las-inscripciones-para-los-talleres-gratuitos-trabajar-el-bienestar-personal-y-literatura-y-salud-mental-dirigidos-a-mayores-de-65-anos\/#article","isPartOf":{"@id":"https:\/\/www.laguiadepamplona.com\/actualidad\/este-jueves-se-abren-las-inscripciones-para-los-talleres-gratuitos-trabajar-el-bienestar-personal-y-literatura-y-salud-mental-dirigidos-a-mayores-de-65-anos\/"},"author":{"name":"La Gu\u00eda de Pamplona","@id":"https:\/\/www.laguiadepamplona.com\/actualidad\/#\/schema\/person\/efe887376f0213d4657c93adc50b1fdb"},"headline":"Este jueves se abren las inscripciones para los talleres gratuitos \u2018Trabajar el bienestar personal\u2019 y \u2018Literatura y salud mental\u2019, dirigidos a mayores de 65 a\u00f1os","datePublished":"2025-02-18T15:21:33+00:00","mainEntityOfPage":{"@id":"https:\/\/www.laguiadepamplona.com\/actualidad\/este-jueves-se-abren-las-inscripciones-para-los-talleres-gratuitos-trabajar-el-bienestar-personal-y-literatura-y-salud-mental-dirigidos-a-mayores-de-65-anos\/"},"wordCount":380,"commentCount":0,"publisher":{"@id":"https:\/\/www.laguiadepamplona.com\/actualidad\/#organization"},"image":{"@id":"https:\/\/www.laguiadepamplona.com\/actualidad\/este-jueves-se-abren-las-inscripciones-para-los-talleres-gratuitos-trabajar-el-bienestar-personal-y-literatura-y-salud-mental-dirigidos-a-mayores-de-65-anos\/#primaryimage"},"thumbnailUrl":"https:\/\/www.laguiadepamplona.com\/actualidad\/wp-content\/uploads\/2025\/02\/talleres-telefono-esperanza_web.webp","articleSection":["Ayto Pamplona"],"inLanguage":"es","potentialAction":[{"@type":"CommentAction","name":"Comment","target":["https:\/\/www.laguiadepamplona.com\/actualidad\/este-jueves-se-abren-las-inscripciones-para-los-talleres-gratuitos-trabajar-el-bienestar-personal-y-literatura-y-salud-mental-dirigidos-a-mayores-de-65-anos\/#respond"]}]},{"@type":"WebPage","@id":"https:\/\/www.laguiadepamplona.com\/actualidad\/este-jueves-se-abren-las-inscripciones-para-los-talleres-gratuitos-trabajar-el-bienestar-personal-y-literatura-y-salud-mental-dirigidos-a-mayores-de-65-anos\/","url":"https:\/\/www.laguiadepamplona.com\/actualidad\/este-jueves-se-abren-las-inscripciones-para-los-talleres-gratuitos-trabajar-el-bienestar-personal-y-literatura-y-salud-mental-dirigidos-a-mayores-de-65-anos\/","name":"Este jueves se abren las inscripciones para los talleres gratuitos \u2018Trabajar el bienestar personal\u2019 y \u2018Literatura y salud mental\u2019, dirigidos a mayores de 65 a\u00f1os","isPartOf":{"@id":"https:\/\/www.laguiadepamplona.com\/actualidad\/#website"},"primaryImageOfPage":{"@id":"https:\/\/www.laguiadepamplona.com\/actualidad\/este-jueves-se-abren-las-inscripciones-para-los-talleres-gratuitos-trabajar-el-bienestar-personal-y-literatura-y-salud-mental-dirigidos-a-mayores-de-65-anos\/#primaryimage"},"image":{"@id":"https:\/\/www.laguiadepamplona.com\/actualidad\/este-jueves-se-abren-las-inscripciones-para-los-talleres-gratuitos-trabajar-el-bienestar-personal-y-literatura-y-salud-mental-dirigidos-a-mayores-de-65-anos\/#primaryimage"},"thumbnailUrl":"https:\/\/www.laguiadepamplona.com\/actualidad\/wp-content\/uploads\/2025\/02\/talleres-telefono-esperanza_web.webp","datePublished":"2025-02-18T15:21:33+00:00","description":"Las plazas para las sesiones, que se celebran en marzo y en abril, se cubren por orden de llamada al tel\u00e9fono 010 \u2013 948 420 100","breadcrumb":{"@id":"https:\/\/www.laguiadepamplona.com\/actualidad\/este-jueves-se-abren-las-inscripciones-para-los-talleres-gratuitos-trabajar-el-bienestar-personal-y-literatura-y-salud-mental-dirigidos-a-mayores-de-65-anos\/#breadcrumb"},"inLanguage":"es","potentialAction":[{"@type":"ReadAction","target":["https:\/\/www.laguiadepamplona.com\/actualidad\/este-jueves-se-abren-las-inscripciones-para-los-talleres-gratuitos-trabajar-el-bienestar-personal-y-literatura-y-salud-mental-dirigidos-a-mayores-de-65-anos\/"]}]},{"@type":"ImageObject","inLanguage":"es","@id":"https:\/\/www.laguiadepamplona.com\/actualidad\/este-jueves-se-abren-las-inscripciones-para-los-talleres-gratuitos-trabajar-el-bienestar-personal-y-literatura-y-salud-mental-dirigidos-a-mayores-de-65-anos\/#primaryimage","url":"https:\/\/www.laguiadepamplona.com\/actualidad\/wp-content\/uploads\/2025\/02\/talleres-telefono-esperanza_web.webp","contentUrl":"https:\/\/www.laguiadepamplona.com\/actualidad\/wp-content\/uploads\/2025\/02\/talleres-telefono-esperanza_web.webp","width":1000,"height":667,"caption":"talleres esperanza"},{"@type":"BreadcrumbList","@id":"https:\/\/www.laguiadepamplona.com\/actualidad\/este-jueves-se-abren-las-inscripciones-para-los-talleres-gratuitos-trabajar-el-bienestar-personal-y-literatura-y-salud-mental-dirigidos-a-mayores-de-65-anos\/#breadcrumb","itemListElement":[{"@type":"ListItem","position":1,"name":"Portada","item":"https:\/\/www.laguiadepamplona.com\/actualidad\/"},{"@type":"ListItem","position":2,"name":"Este jueves se abren las inscripciones para los talleres gratuitos \u2018Trabajar el bienestar personal\u2019 y \u2018Literatura y salud mental\u2019, dirigidos a mayores de 65 a\u00f1os"}]},{"@type":"WebSite","@id":"https:\/\/www.laguiadepamplona.com\/actualidad\/#website","url":"https:\/\/www.laguiadepamplona.com\/actualidad\/","name":"La gu\u00eda de Pamplona","description":"Noticias de Pamplona","publisher":{"@id":"https:\/\/www.laguiadepamplona.com\/actualidad\/#organization"},"potentialAction":[{"@type":"SearchAction","target":{"@type":"EntryPoint","urlTemplate":"https:\/\/www.laguiadepamplona.com\/actualidad\/?s={search_term_string}"},"query-input":{"@type":"PropertyValueSpecification","valueRequired":true,"valueName":"search_term_string"}}],"inLanguage":"es"},{"@type":"Organization","@id":"https:\/\/www.laguiadepamplona.com\/actualidad\/#organization","name":"La Gu\u00eda de Pamplona \/ Noticias","url":"https:\/\/www.laguiadepamplona.com\/actualidad\/","logo":{"@type":"ImageObject","inLanguage":"es","@id":"https:\/\/www.laguiadepamplona.com\/actualidad\/#\/schema\/logo\/image\/","url":"https:\/\/www.laguiadepamplona.com\/actualidad\/wp-content\/uploads\/2018\/11\/logo-laguiadepamplona18-web1.png","contentUrl":"https:\/\/www.laguiadepamplona.com\/actualidad\/wp-content\/uploads\/2018\/11\/logo-laguiadepamplona18-web1.png","width":600,"height":196,"caption":"La Gu\u00eda de Pamplona \/ Noticias"},"image":{"@id":"https:\/\/www.laguiadepamplona.com\/actualidad\/#\/schema\/logo\/image\/"},"sameAs":["https:\/\/www.facebook.com\/laguiadepamplonacom-133175176762273\/?ref=hl","https:\/\/x.com\/LaGuiadPamplona","https:\/\/www.instagram.com\/la_guia_de_pamplona\/","https:\/\/www.youtube.com\/user\/laguiadepamplona"]},{"@type":"Person","@id":"https:\/\/www.laguiadepamplona.com\/actualidad\/#\/schema\/person\/efe887376f0213d4657c93adc50b1fdb","name":"La Gu\u00eda de Pamplona","image":{"@type":"ImageObject","inLanguage":"es","@id":"https:\/\/secure.gravatar.com\/avatar\/b6992f131dc8d30ab0dff15446e9d346d9dbd95992de0fef795073f5ea83a81c?s=96&d=mm&r=g","url":"https:\/\/secure.gravatar.com\/avatar\/b6992f131dc8d30ab0dff15446e9d346d9dbd95992de0fef795073f5ea83a81c?s=96&d=mm&r=g","contentUrl":"https:\/\/secure.gravatar.com\/avatar\/b6992f131dc8d30ab0dff15446e9d346d9dbd95992de0fef795073f5ea83a81c?s=96&d=mm&r=g","caption":"La Gu\u00eda de Pamplona"}}]}},"post_mailing_queue_ids":[],"_links":{"self":[{"href":"https:\/\/www.laguiadepamplona.com\/actualidad\/wp-json\/wp\/v2\/posts\/52119","targetHints":{"allow":["GET"]}}],"collection":[{"href":"https:\/\/www.laguiadepamplona.com\/actualidad\/wp-json\/wp\/v2\/posts"}],"about":[{"href":"https:\/\/www.laguiadepamplona.com\/actualidad\/wp-json\/wp\/v2\/types\/post"}],"author":[{"embeddable":true,"href":"https:\/\/www.laguiadepamplona.com\/actualidad\/wp-json\/wp\/v2\/users\/1"}],"replies":[{"embeddable":true,"href":"https:\/\/www.laguiadepamplona.com\/actualidad\/wp-json\/wp\/v2\/comments?post=52119"}],"version-history":[{"count":1,"href":"https:\/\/www.laguiadepamplona.com\/actualidad\/wp-json\/wp\/v2\/posts\/52119\/revisions"}],"predecessor-version":[{"id":52121,"href":"https:\/\/www.laguiadepamplona.com\/actualidad\/wp-json\/wp\/v2\/posts\/52119\/revisions\/52121"}],"wp:featuredmedia":[{"embeddable":true,"href":"https:\/\/www.laguiadepamplona.com\/actualidad\/wp-json\/wp\/v2\/media\/52120"}],"wp:attachment":[{"href":"https:\/\/www.laguiadepamplona.com\/actualidad\/wp-json\/wp\/v2\/media?parent=52119"}],"wp:term":[{"taxonomy":"category","embeddable":true,"href":"https:\/\/www.laguiadepamplona.com\/actualidad\/wp-json\/wp\/v2\/categories?post=52119"},{"taxonomy":"post_tag","embeddable":true,"href":"https:\/\/www.laguiadepamplona.com\/actualidad\/wp-json\/wp\/v2\/tags?post=52119"}],"curies":[{"name":"wp","href":"https:\/\/api.w.org\/{rel}","templated":true}]}}