{"id":52116,"date":"2025-02-18T17:19:35","date_gmt":"2025-02-18T15:19:35","guid":{"rendered":"https:\/\/www.laguiadepamplona.com\/actualidad\/?p=52116"},"modified":"2025-02-18T17:19:35","modified_gmt":"2025-02-18T15:19:35","slug":"el-ayuntamiento-destinara-465-000-euros-este-ano-a-la-mejora-de-los-centros-comunitarios-de-pamplona-cuadruplicando-la-inversion-del-ano-pasado","status":"publish","type":"post","link":"https:\/\/www.laguiadepamplona.com\/actualidad\/el-ayuntamiento-destinara-465-000-euros-este-ano-a-la-mejora-de-los-centros-comunitarios-de-pamplona-cuadruplicando-la-inversion-del-ano-pasado\/","title":{"rendered":"El Ayuntamiento destinar\u00e1 465.000 euros este a\u00f1o a la mejora de los Centros Comunitarios de Pamplona, cuadruplicando la inversi\u00f3n del a\u00f1o pasado"},"content":{"rendered":"<h2>En 2024 se ha trabajado en mejoras de conectividad, servicios audiovisuales, eficiencia energ\u00e9tica o dotaci\u00f3n de mobiliario en los locales<\/h2>\n<p><!--more--><\/p>\n<p>Este a\u00f1o el Ayuntamiento de Pamplona destinar\u00e1 200.000 euros al Centro Comunitario Ilargienea (Milagrosa) para resolver, a partir de julio, problemas recurrentes de goteras y filtraciones, otros 250.000 a reformas en diversos centros, sobre todo en accesibilidad y reducci\u00f3n de consumos eficiencia energ\u00e9tica, adem\u00e1s de 15.000 euros en mobiliario. Estas inversiones parten de una planificaci\u00f3n que se realiza conjuntamente con las asociaciones y colectivos que usan los locales. se trata de mejorar su funcionamiento y adaptar las infraestructuras a las actividades que en ellas se realizan. En 2024 la inversi\u00f3n municipal en Centros Comunitarios ha sido de 100.829 euros, siempre procurando equilibrarla por barrios.<\/p>\n<p>Los Centros Comunitarios son espacios de titularidad municipal para uso vecinal, abiertos, polivalentes e inclusivos que se encuentran en uno o varios locales dentro de un barrio. Pamplona tienen una red de 12 Centros Comunitarios que cuenta con 26 locales. Las actividades para las que se soliciten estos espacios deben tener car\u00e1cter abierto y ser sin \u00e1nimo de lucro. Esta ma\u00f1ana quienes forman parte de la Comisi\u00f3n de Presidencia del Ayuntamiento han visitado el Centro Comunitario de Salesianas, en Txantrea, en la calle Cuenca de Pamplona, 24.<\/p>\n<p>Estos centros albergan dos tipos de usos, los puntuales que se van realizando de forma espor\u00e1dica, y los estables que se programan semanalmente a lo largo de todo el curso. Hoy hay 200 asociaciones y colectivos que hacen este \u00faltimo tipo de uso; de ellos, 23 participan adem\u00e1s de manera activa y continua en la gesti\u00f3n delos centros a trav\u00e9s de comisiones que canalizan la voz de los grupos y ayudan a priorizar las intervenciones. Estas comisiones est\u00e1n previstas y reguladas en la <a href=\"https:\/\/www.pamplona.es\/accion-comunitaria\" target=\"_blank\" rel=\"noopener\">Ordenanza de funcionamiento y uso de los Centros Comunitarios<\/a>, en vigor desde 2019.<\/p>\n<p><strong>Inversiones realizadas en 2024<\/strong><\/p>\n<p>De los 100.829 euros invertidos en 2024, 17.600 euros se han destinado a mobiliario para el nuevo local Azpilaga\u00f1a, y para hacer una reposici\u00f3n de mobiliario y dotaci\u00f3n todos los centros en general y especialmente en el Centro Comunitario de San Juan, que el a\u00f1o pasado se convirti\u00f3 en el local comunitario de Iturrama.<\/p>\n<p>Los otros 83.229 euros restantes se han destinado a distintas intervenciones, tanto de car\u00e1cter general, como la adecuaci\u00f3n de wifi en al menos un local por barrio, como otras espec\u00edficas de cada barrio. Por ejemplo, en la visita de esta ma\u00f1ana se ha podido ver la mejora del proyector y manejo del sistema de sonido en el sal\u00f3n de actos de Salesianas y los trabajos de sonorizaci\u00f3n de las salas de ese centro para mejorar la ac\u00fastica y as\u00ed amabilizar su uso, evitando ruidos y reverberaciones. Esta \u00faltima intervenci\u00f3n tambi\u00e9n se ha hecho en Karrikagune (San Jorge). Desde el centro de San Jorge se ha abordado, adem\u00e1s, el cambio de luminarias y para mejorar tambi\u00e9n el entorno del centro se ha realizado el mural colaborativo \u201cSomos barrio\/ auzoak gara\u201d, a cargo de asociaciones del barrio en Gridillas<\/p>\n<p>En Antzara (Mendillorri) las inversiones se han centrado en colocar suelos vin\u00edlicos de madera para las actividades de movimiento y en otras mejoras de eficiencia energ\u00e9tica. Con ese mismo objetivo se ha hecho la separaci\u00f3n de espacios para retenci\u00f3n del calor en San Juan Bosco (Iturrama), un centro en el que, adem\u00e1s, ha estado trabajando el tajo municipal de Pintura. En San Juan Bosco, adem\u00e1s, se ha cambiado puerta principal instalando una puerta autom\u00e1tica para mejorar accesibilidad. Este a\u00f1o la comisi\u00f3n ha visitado tambi\u00e9n este centro en el que se desarrollan muchas actividades dirigidas a personas mayores y personas con movilidad reducida<\/p>\n<p>En Plazara (Casco Antiguo) se ha mejorado el sistema de colocaci\u00f3n para exposiciones; en el nuevo local Azpilaga\u00f1a se ha instalado en un sistema audiovisual para proyecciones para reuniones y formaciones y se han colocado de espejos, y en Ilargienea (Milagrosa) se ha ampliado el equipamiento de su cocina, la \u00fanica de la red.<\/p>\n<p><strong>Espacios coparticipados de dinamizaci\u00f3n comunitaria<\/strong><\/p>\n<p>Las necesidades de los centros son tan variadas como las actividades que en ellos se realizan. Las programadas a propuesta vecinal podr\u00e1n ser de tipo educativo, formativo, cultural, de ocio y tiempo libre, como base para la convivencia en igualdad entre las personas y colectivos de la zona y para su interacci\u00f3n desde el conocimiento y reconocimiento de su diversidad y sobre todo aquello que promueva el encuentro y fomente estrechar lazos entre las personas y colectivos de una zona. Es de inter\u00e9s que las actividades promuevan el car\u00e1cter intergeneracional, intercultural, con perspectiva de g\u00e9nero e inclusiva. Los centros acogen tambi\u00e9n actividades de personas migradas, respondiendo a la diversidad cultural de la ciudad.<\/p>\n<p>M\u00e1s all\u00e1 de <a href=\"https:\/\/www.pamplona.es\/accion-comunitaria\/reserva-de-espacio\" target=\"_blank\" rel=\"noopener\">las solicitudes vecinales<\/a>, estos locales tambi\u00e9n acogen de forma estable actividades municipales como las actividades del Programa de Prevenci\u00f3n de Infancia, adolescencia y familias (acompa\u00f1amiento escolar y creatividad, teatro, etc.), actividades para mayores del Programa en marcha y de las Redes de mayores, programas del \u00e1rea de deportes como son la Receta deportivo social y la Gimnasia A\u00e9robica moderna, Cursos de parentalidad positiva, atenci\u00f3n directa de Polic\u00eda comunitaria dentro del Programa Policia en tu Civivox.<\/p>\n<p>&nbsp;<\/p>\n<h3>Red de Centros Comunitarios<\/h3>\n<p><strong>Centro Comunitario Buztintxuri<\/strong><\/p>\n<p>&#8211; Local Buztincueva. Paseo Santa Lucia 60-62.<\/p>\n<p>&#8211; Local Buztingune. Avenida. Guipuzkoa parcela E<\/p>\n<p><strong>Centro Comunitario Etxabakoitz<\/strong><\/p>\n<p>&#8211; Local Grupo Urd\u00e1noz 1<\/p>\n<p>&#8211; Local Grupo Urd\u00e1noz 4<\/p>\n<p>&#8211; Local Grupo Urd\u00e1noz 7<\/p>\n<p>&#8211; Local biblioteca (Avda Ar\u00f3stegui s\/n)<\/p>\n<p><strong>Centro Comunitario Ermitaga\u00f1a <\/strong><\/p>\n<p>&#8211; Local Ermitaga\u00f1a 30-32<\/p>\n<p>&#8211; Local Ermitaga\u00f1a 42-44<\/p>\n<p>&#8211; Local Bartolom\u00e9 Carranza 52 bajo<\/p>\n<p>&#8211; Local Bartolom\u00e9 de Carranza n\u00ba 5<\/p>\n<p><strong>Centro Comunitario Mendillorri<\/strong><\/p>\n<p>&#8211; Antzara. Concejo de Sarriguren s\/n<\/p>\n<p>&#8211; Local Concejo de Ardanaz 4 Bajo<\/p>\n<p><strong>Centro Comunitario Milagrosa<\/strong><\/p>\n<p>&#8211; Ilargienea Calle Blas de la Serna 61 Bajo<\/p>\n<p><strong>Centro Comunitario Azpilaga\u00f1a<\/strong><\/p>\n<p>&#8211; Buenaventura I\u00f1iguez 18-20 Bajo<\/p>\n<p><strong>Centro Comunitario Rochapea<\/strong><\/p>\n<p>&#8211; La Carbonilla. Marcelo Celayeta 5 1Bajo<\/p>\n<p>&#8211; Local Joaqu\u00edn Beunza 33<\/p>\n<p><strong>Centro Comunitario San Jorge<\/strong><\/p>\n<p>&#8211; Karrikagune. Doctor Labayen 17<\/p>\n<p>&#8211; Local Sanduzelai 11 bajo<\/p>\n<p>&#8211; Chalet Gridillas. Sanduzelai 1 Bajo<\/p>\n<p>&#8211; Local Paseo Sand\u00faa 48-50. Trasera bajo. Local 1<\/p>\n<p>&#8211; Local Paseo Sand\u00faa 48-50. Trasera bajo. Local 2<\/p>\n<p><strong>Centro Comunitario Lezkairu<\/strong><\/p>\n<p>&#8211; Soto de Lezkairu n\u00ba 1, bajo<\/p>\n<p><strong>Centro Comunitario Casco Viejo<\/strong><\/p>\n<p>&#8211; Plazara. Calle Mayor 31<\/p>\n<p><strong>Centro Comunitario Txantrea:<\/strong><\/p>\n<p>-Salesianas. Cuenca de Pamplona 24<\/p>\n<p>-Club Juvenil. Cuenca de pamplona 24, trasera<\/p>\n<p>Centro Comunitario Iturrama<\/p>\n<ul>\n<li>San Juan Bosco. Calle San Juan Bosco 15<\/li>\n<\/ul>\n","protected":false},"excerpt":{"rendered":"<p>En 2024 se ha trabajado en mejoras de conectividad, servicios audiovisuales, eficiencia energ\u00e9tica o dotaci\u00f3n de mobiliario en los locales<\/p>\n","protected":false},"author":1,"featured_media":52117,"comment_status":"open","ping_status":"closed","sticky":false,"template":"","format":"standard","meta":{"footnotes":""},"categories":[2],"tags":[],"class_list":["post-52116","post","type-post","status-publish","format-standard","has-post-thumbnail","hentry","category-ayuntamiento-pamplona"],"yoast_head":"<!-- This site is optimized with the Yoast SEO plugin v27.5 - https:\/\/yoast.com\/product\/yoast-seo-wordpress\/ -->\n<title>El Ayuntamiento destinar\u00e1 465.000 euros este a\u00f1o a la mejora de los Centros Comunitarios de Pamplona, cuadruplicando la inversi\u00f3n del a\u00f1o pasado<\/title>\n<meta name=\"description\" content=\"En 2024 se ha trabajado en mejoras de conectividad, servicios audiovisuales, eficiencia energ\u00e9tica o dotaci\u00f3n de mobiliario en los locales\" \/>\n<meta name=\"robots\" content=\"index, follow, max-snippet:-1, max-image-preview:large, max-video-preview:-1\" \/>\n<link rel=\"canonical\" href=\"https:\/\/www.laguiadepamplona.com\/actualidad\/el-ayuntamiento-destinara-465-000-euros-este-ano-a-la-mejora-de-los-centros-comunitarios-de-pamplona-cuadruplicando-la-inversion-del-ano-pasado\/\" \/>\n<meta property=\"og:locale\" content=\"es_ES\" \/>\n<meta property=\"og:type\" content=\"article\" \/>\n<meta property=\"og:title\" content=\"El Ayuntamiento destinar\u00e1 465.000 euros este a\u00f1o a la mejora de los Centros Comunitarios de Pamplona, cuadruplicando la inversi\u00f3n del a\u00f1o pasado\" \/>\n<meta property=\"og:description\" content=\"En 2024 se ha trabajado en mejoras de conectividad, servicios audiovisuales, eficiencia energ\u00e9tica o dotaci\u00f3n de mobiliario en los locales\" \/>\n<meta property=\"og:url\" content=\"https:\/\/www.laguiadepamplona.com\/actualidad\/el-ayuntamiento-destinara-465-000-euros-este-ano-a-la-mejora-de-los-centros-comunitarios-de-pamplona-cuadruplicando-la-inversion-del-ano-pasado\/\" \/>\n<meta property=\"og:site_name\" content=\"La Gu\u00eda de Pamplona\" \/>\n<meta property=\"article:publisher\" content=\"https:\/\/www.facebook.com\/laguiadepamplonacom-133175176762273\/?ref=hl\" \/>\n<meta property=\"article:published_time\" content=\"2025-02-18T15:19:35+00:00\" \/>\n<meta property=\"og:image\" content=\"https:\/\/www.laguiadepamplona.com\/actualidad\/wp-content\/uploads\/2025\/02\/visitacomisionpresidenciacentrocomunitariosalesianas1.webp\" \/>\n\t<meta property=\"og:image:width\" content=\"1000\" \/>\n\t<meta property=\"og:image:height\" content=\"666\" \/>\n\t<meta property=\"og:image:type\" content=\"image\/webp\" \/>\n<meta name=\"author\" content=\"La Gu\u00eda de Pamplona\" \/>\n<meta name=\"twitter:card\" content=\"summary_large_image\" \/>\n<meta name=\"twitter:creator\" content=\"@LaGuiadPamplona\" \/>\n<meta name=\"twitter:site\" content=\"@LaGuiadPamplona\" \/>\n<meta name=\"twitter:label1\" content=\"Escrito por\" \/>\n\t<meta name=\"twitter:data1\" content=\"La Gu\u00eda de Pamplona\" \/>\n\t<meta name=\"twitter:label2\" content=\"Tiempo de lectura\" \/>\n\t<meta name=\"twitter:data2\" content=\"5 minutos\" \/>\n<script type=\"application\/ld+json\" class=\"yoast-schema-graph\">{\"@context\":\"https:\\\/\\\/schema.org\",\"@graph\":[{\"@type\":\"Article\",\"@id\":\"https:\\\/\\\/www.laguiadepamplona.com\\\/actualidad\\\/el-ayuntamiento-destinara-465-000-euros-este-ano-a-la-mejora-de-los-centros-comunitarios-de-pamplona-cuadruplicando-la-inversion-del-ano-pasado\\\/#article\",\"isPartOf\":{\"@id\":\"https:\\\/\\\/www.laguiadepamplona.com\\\/actualidad\\\/el-ayuntamiento-destinara-465-000-euros-este-ano-a-la-mejora-de-los-centros-comunitarios-de-pamplona-cuadruplicando-la-inversion-del-ano-pasado\\\/\"},\"author\":{\"name\":\"La Gu\u00eda de Pamplona\",\"@id\":\"https:\\\/\\\/www.laguiadepamplona.com\\\/actualidad\\\/#\\\/schema\\\/person\\\/efe887376f0213d4657c93adc50b1fdb\"},\"headline\":\"El Ayuntamiento destinar\u00e1 465.000 euros este a\u00f1o a la mejora de los Centros Comunitarios de Pamplona, cuadruplicando la inversi\u00f3n del a\u00f1o pasado\",\"datePublished\":\"2025-02-18T15:19:35+00:00\",\"mainEntityOfPage\":{\"@id\":\"https:\\\/\\\/www.laguiadepamplona.com\\\/actualidad\\\/el-ayuntamiento-destinara-465-000-euros-este-ano-a-la-mejora-de-los-centros-comunitarios-de-pamplona-cuadruplicando-la-inversion-del-ano-pasado\\\/\"},\"wordCount\":1117,\"commentCount\":0,\"publisher\":{\"@id\":\"https:\\\/\\\/www.laguiadepamplona.com\\\/actualidad\\\/#organization\"},\"image\":{\"@id\":\"https:\\\/\\\/www.laguiadepamplona.com\\\/actualidad\\\/el-ayuntamiento-destinara-465-000-euros-este-ano-a-la-mejora-de-los-centros-comunitarios-de-pamplona-cuadruplicando-la-inversion-del-ano-pasado\\\/#primaryimage\"},\"thumbnailUrl\":\"https:\\\/\\\/www.laguiadepamplona.com\\\/actualidad\\\/wp-content\\\/uploads\\\/2025\\\/02\\\/visitacomisionpresidenciacentrocomunitariosalesianas1.webp\",\"articleSection\":[\"Ayto Pamplona\"],\"inLanguage\":\"es\",\"potentialAction\":[{\"@type\":\"CommentAction\",\"name\":\"Comment\",\"target\":[\"https:\\\/\\\/www.laguiadepamplona.com\\\/actualidad\\\/el-ayuntamiento-destinara-465-000-euros-este-ano-a-la-mejora-de-los-centros-comunitarios-de-pamplona-cuadruplicando-la-inversion-del-ano-pasado\\\/#respond\"]}]},{\"@type\":\"WebPage\",\"@id\":\"https:\\\/\\\/www.laguiadepamplona.com\\\/actualidad\\\/el-ayuntamiento-destinara-465-000-euros-este-ano-a-la-mejora-de-los-centros-comunitarios-de-pamplona-cuadruplicando-la-inversion-del-ano-pasado\\\/\",\"url\":\"https:\\\/\\\/www.laguiadepamplona.com\\\/actualidad\\\/el-ayuntamiento-destinara-465-000-euros-este-ano-a-la-mejora-de-los-centros-comunitarios-de-pamplona-cuadruplicando-la-inversion-del-ano-pasado\\\/\",\"name\":\"El Ayuntamiento destinar\u00e1 465.000 euros este a\u00f1o a la mejora de los Centros Comunitarios de Pamplona, cuadruplicando la inversi\u00f3n del a\u00f1o pasado\",\"isPartOf\":{\"@id\":\"https:\\\/\\\/www.laguiadepamplona.com\\\/actualidad\\\/#website\"},\"primaryImageOfPage\":{\"@id\":\"https:\\\/\\\/www.laguiadepamplona.com\\\/actualidad\\\/el-ayuntamiento-destinara-465-000-euros-este-ano-a-la-mejora-de-los-centros-comunitarios-de-pamplona-cuadruplicando-la-inversion-del-ano-pasado\\\/#primaryimage\"},\"image\":{\"@id\":\"https:\\\/\\\/www.laguiadepamplona.com\\\/actualidad\\\/el-ayuntamiento-destinara-465-000-euros-este-ano-a-la-mejora-de-los-centros-comunitarios-de-pamplona-cuadruplicando-la-inversion-del-ano-pasado\\\/#primaryimage\"},\"thumbnailUrl\":\"https:\\\/\\\/www.laguiadepamplona.com\\\/actualidad\\\/wp-content\\\/uploads\\\/2025\\\/02\\\/visitacomisionpresidenciacentrocomunitariosalesianas1.webp\",\"datePublished\":\"2025-02-18T15:19:35+00:00\",\"description\":\"En 2024 se ha trabajado en mejoras de conectividad, servicios audiovisuales, eficiencia energ\u00e9tica o dotaci\u00f3n de mobiliario en los locales\",\"breadcrumb\":{\"@id\":\"https:\\\/\\\/www.laguiadepamplona.com\\\/actualidad\\\/el-ayuntamiento-destinara-465-000-euros-este-ano-a-la-mejora-de-los-centros-comunitarios-de-pamplona-cuadruplicando-la-inversion-del-ano-pasado\\\/#breadcrumb\"},\"inLanguage\":\"es\",\"potentialAction\":[{\"@type\":\"ReadAction\",\"target\":[\"https:\\\/\\\/www.laguiadepamplona.com\\\/actualidad\\\/el-ayuntamiento-destinara-465-000-euros-este-ano-a-la-mejora-de-los-centros-comunitarios-de-pamplona-cuadruplicando-la-inversion-del-ano-pasado\\\/\"]}]},{\"@type\":\"ImageObject\",\"inLanguage\":\"es\",\"@id\":\"https:\\\/\\\/www.laguiadepamplona.com\\\/actualidad\\\/el-ayuntamiento-destinara-465-000-euros-este-ano-a-la-mejora-de-los-centros-comunitarios-de-pamplona-cuadruplicando-la-inversion-del-ano-pasado\\\/#primaryimage\",\"url\":\"https:\\\/\\\/www.laguiadepamplona.com\\\/actualidad\\\/wp-content\\\/uploads\\\/2025\\\/02\\\/visitacomisionpresidenciacentrocomunitariosalesianas1.webp\",\"contentUrl\":\"https:\\\/\\\/www.laguiadepamplona.com\\\/actualidad\\\/wp-content\\\/uploads\\\/2025\\\/02\\\/visitacomisionpresidenciacentrocomunitariosalesianas1.webp\",\"width\":1000,\"height\":666,\"caption\":\"visita comisi\u00f3n presidencia\"},{\"@type\":\"BreadcrumbList\",\"@id\":\"https:\\\/\\\/www.laguiadepamplona.com\\\/actualidad\\\/el-ayuntamiento-destinara-465-000-euros-este-ano-a-la-mejora-de-los-centros-comunitarios-de-pamplona-cuadruplicando-la-inversion-del-ano-pasado\\\/#breadcrumb\",\"itemListElement\":[{\"@type\":\"ListItem\",\"position\":1,\"name\":\"Portada\",\"item\":\"https:\\\/\\\/www.laguiadepamplona.com\\\/actualidad\\\/\"},{\"@type\":\"ListItem\",\"position\":2,\"name\":\"El Ayuntamiento destinar\u00e1 465.000 euros este a\u00f1o a la mejora de los Centros Comunitarios de Pamplona, cuadruplicando la inversi\u00f3n del a\u00f1o pasado\"}]},{\"@type\":\"WebSite\",\"@id\":\"https:\\\/\\\/www.laguiadepamplona.com\\\/actualidad\\\/#website\",\"url\":\"https:\\\/\\\/www.laguiadepamplona.com\\\/actualidad\\\/\",\"name\":\"La gu\u00eda de Pamplona\",\"description\":\"Noticias de Pamplona\",\"publisher\":{\"@id\":\"https:\\\/\\\/www.laguiadepamplona.com\\\/actualidad\\\/#organization\"},\"potentialAction\":[{\"@type\":\"SearchAction\",\"target\":{\"@type\":\"EntryPoint\",\"urlTemplate\":\"https:\\\/\\\/www.laguiadepamplona.com\\\/actualidad\\\/?s={search_term_string}\"},\"query-input\":{\"@type\":\"PropertyValueSpecification\",\"valueRequired\":true,\"valueName\":\"search_term_string\"}}],\"inLanguage\":\"es\"},{\"@type\":\"Organization\",\"@id\":\"https:\\\/\\\/www.laguiadepamplona.com\\\/actualidad\\\/#organization\",\"name\":\"La Gu\u00eda de Pamplona \\\/ Noticias\",\"url\":\"https:\\\/\\\/www.laguiadepamplona.com\\\/actualidad\\\/\",\"logo\":{\"@type\":\"ImageObject\",\"inLanguage\":\"es\",\"@id\":\"https:\\\/\\\/www.laguiadepamplona.com\\\/actualidad\\\/#\\\/schema\\\/logo\\\/image\\\/\",\"url\":\"https:\\\/\\\/www.laguiadepamplona.com\\\/actualidad\\\/wp-content\\\/uploads\\\/2018\\\/11\\\/logo-laguiadepamplona18-web1.png\",\"contentUrl\":\"https:\\\/\\\/www.laguiadepamplona.com\\\/actualidad\\\/wp-content\\\/uploads\\\/2018\\\/11\\\/logo-laguiadepamplona18-web1.png\",\"width\":600,\"height\":196,\"caption\":\"La Gu\u00eda de Pamplona \\\/ Noticias\"},\"image\":{\"@id\":\"https:\\\/\\\/www.laguiadepamplona.com\\\/actualidad\\\/#\\\/schema\\\/logo\\\/image\\\/\"},\"sameAs\":[\"https:\\\/\\\/www.facebook.com\\\/laguiadepamplonacom-133175176762273\\\/?ref=hl\",\"https:\\\/\\\/x.com\\\/LaGuiadPamplona\",\"https:\\\/\\\/www.instagram.com\\\/la_guia_de_pamplona\\\/\",\"https:\\\/\\\/www.youtube.com\\\/user\\\/laguiadepamplona\"]},{\"@type\":\"Person\",\"@id\":\"https:\\\/\\\/www.laguiadepamplona.com\\\/actualidad\\\/#\\\/schema\\\/person\\\/efe887376f0213d4657c93adc50b1fdb\",\"name\":\"La Gu\u00eda de Pamplona\",\"image\":{\"@type\":\"ImageObject\",\"inLanguage\":\"es\",\"@id\":\"https:\\\/\\\/secure.gravatar.com\\\/avatar\\\/b6992f131dc8d30ab0dff15446e9d346d9dbd95992de0fef795073f5ea83a81c?s=96&d=mm&r=g\",\"url\":\"https:\\\/\\\/secure.gravatar.com\\\/avatar\\\/b6992f131dc8d30ab0dff15446e9d346d9dbd95992de0fef795073f5ea83a81c?s=96&d=mm&r=g\",\"contentUrl\":\"https:\\\/\\\/secure.gravatar.com\\\/avatar\\\/b6992f131dc8d30ab0dff15446e9d346d9dbd95992de0fef795073f5ea83a81c?s=96&d=mm&r=g\",\"caption\":\"La Gu\u00eda de Pamplona\"}}]}<\/script>\n<!-- \/ Yoast SEO plugin. -->","yoast_head_json":{"title":"El Ayuntamiento destinar\u00e1 465.000 euros este a\u00f1o a la mejora de los Centros Comunitarios de Pamplona, cuadruplicando la inversi\u00f3n del a\u00f1o pasado","description":"En 2024 se ha trabajado en mejoras de conectividad, servicios audiovisuales, eficiencia energ\u00e9tica o dotaci\u00f3n de mobiliario en los locales","robots":{"index":"index","follow":"follow","max-snippet":"max-snippet:-1","max-image-preview":"max-image-preview:large","max-video-preview":"max-video-preview:-1"},"canonical":"https:\/\/www.laguiadepamplona.com\/actualidad\/el-ayuntamiento-destinara-465-000-euros-este-ano-a-la-mejora-de-los-centros-comunitarios-de-pamplona-cuadruplicando-la-inversion-del-ano-pasado\/","og_locale":"es_ES","og_type":"article","og_title":"El Ayuntamiento destinar\u00e1 465.000 euros este a\u00f1o a la mejora de los Centros Comunitarios de Pamplona, cuadruplicando la inversi\u00f3n del a\u00f1o pasado","og_description":"En 2024 se ha trabajado en mejoras de conectividad, servicios audiovisuales, eficiencia energ\u00e9tica o dotaci\u00f3n de mobiliario en los locales","og_url":"https:\/\/www.laguiadepamplona.com\/actualidad\/el-ayuntamiento-destinara-465-000-euros-este-ano-a-la-mejora-de-los-centros-comunitarios-de-pamplona-cuadruplicando-la-inversion-del-ano-pasado\/","og_site_name":"La Gu\u00eda de Pamplona","article_publisher":"https:\/\/www.facebook.com\/laguiadepamplonacom-133175176762273\/?ref=hl","article_published_time":"2025-02-18T15:19:35+00:00","og_image":[{"width":1000,"height":666,"url":"https:\/\/www.laguiadepamplona.com\/actualidad\/wp-content\/uploads\/2025\/02\/visitacomisionpresidenciacentrocomunitariosalesianas1.webp","type":"image\/webp"}],"author":"La Gu\u00eda de Pamplona","twitter_card":"summary_large_image","twitter_creator":"@LaGuiadPamplona","twitter_site":"@LaGuiadPamplona","twitter_misc":{"Escrito por":"La Gu\u00eda de Pamplona","Tiempo de lectura":"5 minutos"},"schema":{"@context":"https:\/\/schema.org","@graph":[{"@type":"Article","@id":"https:\/\/www.laguiadepamplona.com\/actualidad\/el-ayuntamiento-destinara-465-000-euros-este-ano-a-la-mejora-de-los-centros-comunitarios-de-pamplona-cuadruplicando-la-inversion-del-ano-pasado\/#article","isPartOf":{"@id":"https:\/\/www.laguiadepamplona.com\/actualidad\/el-ayuntamiento-destinara-465-000-euros-este-ano-a-la-mejora-de-los-centros-comunitarios-de-pamplona-cuadruplicando-la-inversion-del-ano-pasado\/"},"author":{"name":"La Gu\u00eda de Pamplona","@id":"https:\/\/www.laguiadepamplona.com\/actualidad\/#\/schema\/person\/efe887376f0213d4657c93adc50b1fdb"},"headline":"El Ayuntamiento destinar\u00e1 465.000 euros este a\u00f1o a la mejora de los Centros Comunitarios de Pamplona, cuadruplicando la inversi\u00f3n del a\u00f1o pasado","datePublished":"2025-02-18T15:19:35+00:00","mainEntityOfPage":{"@id":"https:\/\/www.laguiadepamplona.com\/actualidad\/el-ayuntamiento-destinara-465-000-euros-este-ano-a-la-mejora-de-los-centros-comunitarios-de-pamplona-cuadruplicando-la-inversion-del-ano-pasado\/"},"wordCount":1117,"commentCount":0,"publisher":{"@id":"https:\/\/www.laguiadepamplona.com\/actualidad\/#organization"},"image":{"@id":"https:\/\/www.laguiadepamplona.com\/actualidad\/el-ayuntamiento-destinara-465-000-euros-este-ano-a-la-mejora-de-los-centros-comunitarios-de-pamplona-cuadruplicando-la-inversion-del-ano-pasado\/#primaryimage"},"thumbnailUrl":"https:\/\/www.laguiadepamplona.com\/actualidad\/wp-content\/uploads\/2025\/02\/visitacomisionpresidenciacentrocomunitariosalesianas1.webp","articleSection":["Ayto Pamplona"],"inLanguage":"es","potentialAction":[{"@type":"CommentAction","name":"Comment","target":["https:\/\/www.laguiadepamplona.com\/actualidad\/el-ayuntamiento-destinara-465-000-euros-este-ano-a-la-mejora-de-los-centros-comunitarios-de-pamplona-cuadruplicando-la-inversion-del-ano-pasado\/#respond"]}]},{"@type":"WebPage","@id":"https:\/\/www.laguiadepamplona.com\/actualidad\/el-ayuntamiento-destinara-465-000-euros-este-ano-a-la-mejora-de-los-centros-comunitarios-de-pamplona-cuadruplicando-la-inversion-del-ano-pasado\/","url":"https:\/\/www.laguiadepamplona.com\/actualidad\/el-ayuntamiento-destinara-465-000-euros-este-ano-a-la-mejora-de-los-centros-comunitarios-de-pamplona-cuadruplicando-la-inversion-del-ano-pasado\/","name":"El Ayuntamiento destinar\u00e1 465.000 euros este a\u00f1o a la mejora de los Centros Comunitarios de Pamplona, cuadruplicando la inversi\u00f3n del a\u00f1o pasado","isPartOf":{"@id":"https:\/\/www.laguiadepamplona.com\/actualidad\/#website"},"primaryImageOfPage":{"@id":"https:\/\/www.laguiadepamplona.com\/actualidad\/el-ayuntamiento-destinara-465-000-euros-este-ano-a-la-mejora-de-los-centros-comunitarios-de-pamplona-cuadruplicando-la-inversion-del-ano-pasado\/#primaryimage"},"image":{"@id":"https:\/\/www.laguiadepamplona.com\/actualidad\/el-ayuntamiento-destinara-465-000-euros-este-ano-a-la-mejora-de-los-centros-comunitarios-de-pamplona-cuadruplicando-la-inversion-del-ano-pasado\/#primaryimage"},"thumbnailUrl":"https:\/\/www.laguiadepamplona.com\/actualidad\/wp-content\/uploads\/2025\/02\/visitacomisionpresidenciacentrocomunitariosalesianas1.webp","datePublished":"2025-02-18T15:19:35+00:00","description":"En 2024 se ha trabajado en mejoras de conectividad, servicios audiovisuales, eficiencia energ\u00e9tica o dotaci\u00f3n de mobiliario en los locales","breadcrumb":{"@id":"https:\/\/www.laguiadepamplona.com\/actualidad\/el-ayuntamiento-destinara-465-000-euros-este-ano-a-la-mejora-de-los-centros-comunitarios-de-pamplona-cuadruplicando-la-inversion-del-ano-pasado\/#breadcrumb"},"inLanguage":"es","potentialAction":[{"@type":"ReadAction","target":["https:\/\/www.laguiadepamplona.com\/actualidad\/el-ayuntamiento-destinara-465-000-euros-este-ano-a-la-mejora-de-los-centros-comunitarios-de-pamplona-cuadruplicando-la-inversion-del-ano-pasado\/"]}]},{"@type":"ImageObject","inLanguage":"es","@id":"https:\/\/www.laguiadepamplona.com\/actualidad\/el-ayuntamiento-destinara-465-000-euros-este-ano-a-la-mejora-de-los-centros-comunitarios-de-pamplona-cuadruplicando-la-inversion-del-ano-pasado\/#primaryimage","url":"https:\/\/www.laguiadepamplona.com\/actualidad\/wp-content\/uploads\/2025\/02\/visitacomisionpresidenciacentrocomunitariosalesianas1.webp","contentUrl":"https:\/\/www.laguiadepamplona.com\/actualidad\/wp-content\/uploads\/2025\/02\/visitacomisionpresidenciacentrocomunitariosalesianas1.webp","width":1000,"height":666,"caption":"visita comisi\u00f3n presidencia"},{"@type":"BreadcrumbList","@id":"https:\/\/www.laguiadepamplona.com\/actualidad\/el-ayuntamiento-destinara-465-000-euros-este-ano-a-la-mejora-de-los-centros-comunitarios-de-pamplona-cuadruplicando-la-inversion-del-ano-pasado\/#breadcrumb","itemListElement":[{"@type":"ListItem","position":1,"name":"Portada","item":"https:\/\/www.laguiadepamplona.com\/actualidad\/"},{"@type":"ListItem","position":2,"name":"El Ayuntamiento destinar\u00e1 465.000 euros este a\u00f1o a la mejora de los Centros Comunitarios de Pamplona, cuadruplicando la inversi\u00f3n del a\u00f1o pasado"}]},{"@type":"WebSite","@id":"https:\/\/www.laguiadepamplona.com\/actualidad\/#website","url":"https:\/\/www.laguiadepamplona.com\/actualidad\/","name":"La gu\u00eda de Pamplona","description":"Noticias de Pamplona","publisher":{"@id":"https:\/\/www.laguiadepamplona.com\/actualidad\/#organization"},"potentialAction":[{"@type":"SearchAction","target":{"@type":"EntryPoint","urlTemplate":"https:\/\/www.laguiadepamplona.com\/actualidad\/?s={search_term_string}"},"query-input":{"@type":"PropertyValueSpecification","valueRequired":true,"valueName":"search_term_string"}}],"inLanguage":"es"},{"@type":"Organization","@id":"https:\/\/www.laguiadepamplona.com\/actualidad\/#organization","name":"La Gu\u00eda de Pamplona \/ Noticias","url":"https:\/\/www.laguiadepamplona.com\/actualidad\/","logo":{"@type":"ImageObject","inLanguage":"es","@id":"https:\/\/www.laguiadepamplona.com\/actualidad\/#\/schema\/logo\/image\/","url":"https:\/\/www.laguiadepamplona.com\/actualidad\/wp-content\/uploads\/2018\/11\/logo-laguiadepamplona18-web1.png","contentUrl":"https:\/\/www.laguiadepamplona.com\/actualidad\/wp-content\/uploads\/2018\/11\/logo-laguiadepamplona18-web1.png","width":600,"height":196,"caption":"La Gu\u00eda de Pamplona \/ Noticias"},"image":{"@id":"https:\/\/www.laguiadepamplona.com\/actualidad\/#\/schema\/logo\/image\/"},"sameAs":["https:\/\/www.facebook.com\/laguiadepamplonacom-133175176762273\/?ref=hl","https:\/\/x.com\/LaGuiadPamplona","https:\/\/www.instagram.com\/la_guia_de_pamplona\/","https:\/\/www.youtube.com\/user\/laguiadepamplona"]},{"@type":"Person","@id":"https:\/\/www.laguiadepamplona.com\/actualidad\/#\/schema\/person\/efe887376f0213d4657c93adc50b1fdb","name":"La Gu\u00eda de Pamplona","image":{"@type":"ImageObject","inLanguage":"es","@id":"https:\/\/secure.gravatar.com\/avatar\/b6992f131dc8d30ab0dff15446e9d346d9dbd95992de0fef795073f5ea83a81c?s=96&d=mm&r=g","url":"https:\/\/secure.gravatar.com\/avatar\/b6992f131dc8d30ab0dff15446e9d346d9dbd95992de0fef795073f5ea83a81c?s=96&d=mm&r=g","contentUrl":"https:\/\/secure.gravatar.com\/avatar\/b6992f131dc8d30ab0dff15446e9d346d9dbd95992de0fef795073f5ea83a81c?s=96&d=mm&r=g","caption":"La Gu\u00eda de Pamplona"}}]}},"post_mailing_queue_ids":[],"_links":{"self":[{"href":"https:\/\/www.laguiadepamplona.com\/actualidad\/wp-json\/wp\/v2\/posts\/52116","targetHints":{"allow":["GET"]}}],"collection":[{"href":"https:\/\/www.laguiadepamplona.com\/actualidad\/wp-json\/wp\/v2\/posts"}],"about":[{"href":"https:\/\/www.laguiadepamplona.com\/actualidad\/wp-json\/wp\/v2\/types\/post"}],"author":[{"embeddable":true,"href":"https:\/\/www.laguiadepamplona.com\/actualidad\/wp-json\/wp\/v2\/users\/1"}],"replies":[{"embeddable":true,"href":"https:\/\/www.laguiadepamplona.com\/actualidad\/wp-json\/wp\/v2\/comments?post=52116"}],"version-history":[{"count":1,"href":"https:\/\/www.laguiadepamplona.com\/actualidad\/wp-json\/wp\/v2\/posts\/52116\/revisions"}],"predecessor-version":[{"id":52118,"href":"https:\/\/www.laguiadepamplona.com\/actualidad\/wp-json\/wp\/v2\/posts\/52116\/revisions\/52118"}],"wp:featuredmedia":[{"embeddable":true,"href":"https:\/\/www.laguiadepamplona.com\/actualidad\/wp-json\/wp\/v2\/media\/52117"}],"wp:attachment":[{"href":"https:\/\/www.laguiadepamplona.com\/actualidad\/wp-json\/wp\/v2\/media?parent=52116"}],"wp:term":[{"taxonomy":"category","embeddable":true,"href":"https:\/\/www.laguiadepamplona.com\/actualidad\/wp-json\/wp\/v2\/categories?post=52116"},{"taxonomy":"post_tag","embeddable":true,"href":"https:\/\/www.laguiadepamplona.com\/actualidad\/wp-json\/wp\/v2\/tags?post=52116"}],"curies":[{"name":"wp","href":"https:\/\/api.w.org\/{rel}","templated":true}]}}