{"id":52112,"date":"2025-02-17T17:01:01","date_gmt":"2025-02-17T15:01:01","guid":{"rendered":"https:\/\/www.laguiadepamplona.com\/actualidad\/?p=52112"},"modified":"2025-02-17T17:01:01","modified_gmt":"2025-02-17T15:01:01","slug":"el-ayuntamiento-cambiara-el-motor-completo-de-uno-de-los-elevadores-bajo-la-muralla-en-descalzos-unos-ascensores-que-comenzaron-a-funcionar-en-el-ano-2008","status":"publish","type":"post","link":"https:\/\/www.laguiadepamplona.com\/actualidad\/el-ayuntamiento-cambiara-el-motor-completo-de-uno-de-los-elevadores-bajo-la-muralla-en-descalzos-unos-ascensores-que-comenzaron-a-funcionar-en-el-ano-2008\/","title":{"rendered":"El Ayuntamiento cambiar\u00e1 el motor completo de uno de los elevadores bajo la muralla en Descalzos, unos ascensores que comenzaron a funcionar en el a\u00f1o 2008"},"content":{"rendered":"<h2>La empresa italiana que fabrica el elemento ha dado un plazo de cuatro meses dada su especialidad, al trabajar sobre un plano inclinado<\/h2>\n<p><!--more--><\/p>\n<p>El Ayuntamiento va a sustituir de forma completa el motor principal de uno de los dos ascensores de Descalzos. Una aver\u00eda grave del eje hizo necesario abrir la m\u00e1quina momento en el que se detect\u00f3 el grave deterioro en el motor. El desgaste y obsolescencia de sus elementos, se suman a la exigencia acumulada en los elevadores de m\u00e1s uso de la ciudad. Los ascensores de Descalzos, dos elevadores bajo la muralla, con los embarques en la base de la cuesta de Santo Domingo y en el edificio de Descalzos 56, datan del a\u00f1o 2008.<\/p>\n<p>Estos ascensores son en realidad aparatos elevadores sobre un plano inclinado y, por lo tanto, todos los elementos de estos aparatos son \u201cde tipo \u00fanico\u201d, es decir, no es material est\u00e1ndar y siempre hay que volver a fabricar las piezas \u201cex profeso\u201d. La contrata de mantenimiento EULEN avis\u00f3 de que en de manera inminente se producir\u00eda la rotura definitiva, por lo que la situaci\u00f3n de urgencia era evidente. Para la sustituci\u00f3n de motor, por sus caracter\u00edsticas \u00fanicas, la compa\u00f1\u00eda italiana que lo fabric\u00f3 en su d\u00eda da un plazo de 4 meses. Esta actuaci\u00f3n se engloba dentro de los trabajos previstos a realizar a lo largo de este a\u00f1o, para la renovaci\u00f3n total de la mec\u00e1nica de uno de los dos aparatos elevadores.<\/p>\n<p>La Junta de Gobierno Local ha aprobado una inversi\u00f3n de 43.443 euros en la sustituci\u00f3n del motor del ascensor urbano uno de los m\u00e1s antiguos de Pamplona que une Rochapea y Casco Antiguo en un minuto, a raz\u00f3n de 1 metros por segundo. Cada elevador puede transportar 1.500 kilos de peso y en cada viaja pueden subir o bajar de 15 a 20 personas y un m\u00e1ximo de 2 bicicletas. Los elevadores se enmarcaron en su momento en una reurbanizaci\u00f3n del entorno que cont\u00f3 con una subvenci\u00f3n de la Uni\u00f3n Europea a trav\u00e9s del Plan Urban.<\/p>\n","protected":false},"excerpt":{"rendered":"<p>La empresa italiana que fabrica el elemento ha dado un plazo de cuatro meses dada su especialidad, al trabajar sobre un plano inclinado<\/p>\n","protected":false},"author":1,"featured_media":52113,"comment_status":"open","ping_status":"closed","sticky":false,"template":"","format":"standard","meta":{"footnotes":""},"categories":[2],"tags":[],"class_list":["post-52112","post","type-post","status-publish","format-standard","has-post-thumbnail","hentry","category-ayuntamiento-pamplona"],"yoast_head":"<!-- This site is optimized with the Yoast SEO plugin v27.3 - https:\/\/yoast.com\/product\/yoast-seo-wordpress\/ -->\n<title>El Ayuntamiento cambiar\u00e1 el motor completo de uno de los elevadores bajo la muralla en Descalzos, unos ascensores que comenzaron a funcionar en el a\u00f1o 2008<\/title>\n<meta name=\"description\" content=\"La empresa italiana que fabrica el elemento ha dado un plazo de cuatro meses dada su especialidad, al trabajar sobre un plano inclinado\" \/>\n<meta name=\"robots\" content=\"index, follow, max-snippet:-1, max-image-preview:large, max-video-preview:-1\" \/>\n<link rel=\"canonical\" href=\"https:\/\/www.laguiadepamplona.com\/actualidad\/el-ayuntamiento-cambiara-el-motor-completo-de-uno-de-los-elevadores-bajo-la-muralla-en-descalzos-unos-ascensores-que-comenzaron-a-funcionar-en-el-ano-2008\/\" \/>\n<meta property=\"og:locale\" content=\"es_ES\" \/>\n<meta property=\"og:type\" content=\"article\" \/>\n<meta property=\"og:title\" content=\"El Ayuntamiento cambiar\u00e1 el motor completo de uno de los elevadores bajo la muralla en Descalzos, unos ascensores que comenzaron a funcionar en el a\u00f1o 2008\" \/>\n<meta property=\"og:description\" content=\"La empresa italiana que fabrica el elemento ha dado un plazo de cuatro meses dada su especialidad, al trabajar sobre un plano inclinado\" \/>\n<meta property=\"og:url\" content=\"https:\/\/www.laguiadepamplona.com\/actualidad\/el-ayuntamiento-cambiara-el-motor-completo-de-uno-de-los-elevadores-bajo-la-muralla-en-descalzos-unos-ascensores-que-comenzaron-a-funcionar-en-el-ano-2008\/\" \/>\n<meta property=\"og:site_name\" content=\"La Gu\u00eda de Pamplona\" \/>\n<meta property=\"article:publisher\" content=\"https:\/\/www.facebook.com\/laguiadepamplonacom-133175176762273\/?ref=hl\" \/>\n<meta property=\"article:published_time\" content=\"2025-02-17T15:01:01+00:00\" \/>\n<meta property=\"og:image\" content=\"https:\/\/www.laguiadepamplona.com\/actualidad\/wp-content\/uploads\/2025\/02\/ASCENSOR-DESCALZOS_CNB_8420.webp\" \/>\n\t<meta property=\"og:image:width\" content=\"1000\" \/>\n\t<meta property=\"og:image:height\" content=\"667\" \/>\n\t<meta property=\"og:image:type\" content=\"image\/webp\" \/>\n<meta name=\"author\" content=\"La Gu\u00eda de Pamplona\" \/>\n<meta name=\"twitter:card\" content=\"summary_large_image\" \/>\n<meta name=\"twitter:creator\" content=\"@LaGuiadPamplona\" \/>\n<meta name=\"twitter:site\" content=\"@LaGuiadPamplona\" \/>\n<meta name=\"twitter:label1\" content=\"Escrito por\" \/>\n\t<meta name=\"twitter:data1\" content=\"La Gu\u00eda de Pamplona\" \/>\n\t<meta name=\"twitter:label2\" content=\"Tiempo de lectura\" \/>\n\t<meta name=\"twitter:data2\" content=\"2 minutos\" \/>\n<script type=\"application\/ld+json\" class=\"yoast-schema-graph\">{\"@context\":\"https:\\\/\\\/schema.org\",\"@graph\":[{\"@type\":\"Article\",\"@id\":\"https:\\\/\\\/www.laguiadepamplona.com\\\/actualidad\\\/el-ayuntamiento-cambiara-el-motor-completo-de-uno-de-los-elevadores-bajo-la-muralla-en-descalzos-unos-ascensores-que-comenzaron-a-funcionar-en-el-ano-2008\\\/#article\",\"isPartOf\":{\"@id\":\"https:\\\/\\\/www.laguiadepamplona.com\\\/actualidad\\\/el-ayuntamiento-cambiara-el-motor-completo-de-uno-de-los-elevadores-bajo-la-muralla-en-descalzos-unos-ascensores-que-comenzaron-a-funcionar-en-el-ano-2008\\\/\"},\"author\":{\"name\":\"La Gu\u00eda de Pamplona\",\"@id\":\"https:\\\/\\\/www.laguiadepamplona.com\\\/actualidad\\\/#\\\/schema\\\/person\\\/efe887376f0213d4657c93adc50b1fdb\"},\"headline\":\"El Ayuntamiento cambiar\u00e1 el motor completo de uno de los elevadores bajo la muralla en Descalzos, unos ascensores que comenzaron a funcionar en el a\u00f1o 2008\",\"datePublished\":\"2025-02-17T15:01:01+00:00\",\"mainEntityOfPage\":{\"@id\":\"https:\\\/\\\/www.laguiadepamplona.com\\\/actualidad\\\/el-ayuntamiento-cambiara-el-motor-completo-de-uno-de-los-elevadores-bajo-la-muralla-en-descalzos-unos-ascensores-que-comenzaron-a-funcionar-en-el-ano-2008\\\/\"},\"wordCount\":378,\"commentCount\":0,\"publisher\":{\"@id\":\"https:\\\/\\\/www.laguiadepamplona.com\\\/actualidad\\\/#organization\"},\"image\":{\"@id\":\"https:\\\/\\\/www.laguiadepamplona.com\\\/actualidad\\\/el-ayuntamiento-cambiara-el-motor-completo-de-uno-de-los-elevadores-bajo-la-muralla-en-descalzos-unos-ascensores-que-comenzaron-a-funcionar-en-el-ano-2008\\\/#primaryimage\"},\"thumbnailUrl\":\"https:\\\/\\\/www.laguiadepamplona.com\\\/actualidad\\\/wp-content\\\/uploads\\\/2025\\\/02\\\/ASCENSOR-DESCALZOS_CNB_8420.webp\",\"articleSection\":[\"Ayto Pamplona\"],\"inLanguage\":\"es\",\"potentialAction\":[{\"@type\":\"CommentAction\",\"name\":\"Comment\",\"target\":[\"https:\\\/\\\/www.laguiadepamplona.com\\\/actualidad\\\/el-ayuntamiento-cambiara-el-motor-completo-de-uno-de-los-elevadores-bajo-la-muralla-en-descalzos-unos-ascensores-que-comenzaron-a-funcionar-en-el-ano-2008\\\/#respond\"]}]},{\"@type\":\"WebPage\",\"@id\":\"https:\\\/\\\/www.laguiadepamplona.com\\\/actualidad\\\/el-ayuntamiento-cambiara-el-motor-completo-de-uno-de-los-elevadores-bajo-la-muralla-en-descalzos-unos-ascensores-que-comenzaron-a-funcionar-en-el-ano-2008\\\/\",\"url\":\"https:\\\/\\\/www.laguiadepamplona.com\\\/actualidad\\\/el-ayuntamiento-cambiara-el-motor-completo-de-uno-de-los-elevadores-bajo-la-muralla-en-descalzos-unos-ascensores-que-comenzaron-a-funcionar-en-el-ano-2008\\\/\",\"name\":\"El Ayuntamiento cambiar\u00e1 el motor completo de uno de los elevadores bajo la muralla en Descalzos, unos ascensores que comenzaron a funcionar en el a\u00f1o 2008\",\"isPartOf\":{\"@id\":\"https:\\\/\\\/www.laguiadepamplona.com\\\/actualidad\\\/#website\"},\"primaryImageOfPage\":{\"@id\":\"https:\\\/\\\/www.laguiadepamplona.com\\\/actualidad\\\/el-ayuntamiento-cambiara-el-motor-completo-de-uno-de-los-elevadores-bajo-la-muralla-en-descalzos-unos-ascensores-que-comenzaron-a-funcionar-en-el-ano-2008\\\/#primaryimage\"},\"image\":{\"@id\":\"https:\\\/\\\/www.laguiadepamplona.com\\\/actualidad\\\/el-ayuntamiento-cambiara-el-motor-completo-de-uno-de-los-elevadores-bajo-la-muralla-en-descalzos-unos-ascensores-que-comenzaron-a-funcionar-en-el-ano-2008\\\/#primaryimage\"},\"thumbnailUrl\":\"https:\\\/\\\/www.laguiadepamplona.com\\\/actualidad\\\/wp-content\\\/uploads\\\/2025\\\/02\\\/ASCENSOR-DESCALZOS_CNB_8420.webp\",\"datePublished\":\"2025-02-17T15:01:01+00:00\",\"description\":\"La empresa italiana que fabrica el elemento ha dado un plazo de cuatro meses dada su especialidad, al trabajar sobre un plano inclinado\",\"breadcrumb\":{\"@id\":\"https:\\\/\\\/www.laguiadepamplona.com\\\/actualidad\\\/el-ayuntamiento-cambiara-el-motor-completo-de-uno-de-los-elevadores-bajo-la-muralla-en-descalzos-unos-ascensores-que-comenzaron-a-funcionar-en-el-ano-2008\\\/#breadcrumb\"},\"inLanguage\":\"es\",\"potentialAction\":[{\"@type\":\"ReadAction\",\"target\":[\"https:\\\/\\\/www.laguiadepamplona.com\\\/actualidad\\\/el-ayuntamiento-cambiara-el-motor-completo-de-uno-de-los-elevadores-bajo-la-muralla-en-descalzos-unos-ascensores-que-comenzaron-a-funcionar-en-el-ano-2008\\\/\"]}]},{\"@type\":\"ImageObject\",\"inLanguage\":\"es\",\"@id\":\"https:\\\/\\\/www.laguiadepamplona.com\\\/actualidad\\\/el-ayuntamiento-cambiara-el-motor-completo-de-uno-de-los-elevadores-bajo-la-muralla-en-descalzos-unos-ascensores-que-comenzaron-a-funcionar-en-el-ano-2008\\\/#primaryimage\",\"url\":\"https:\\\/\\\/www.laguiadepamplona.com\\\/actualidad\\\/wp-content\\\/uploads\\\/2025\\\/02\\\/ASCENSOR-DESCALZOS_CNB_8420.webp\",\"contentUrl\":\"https:\\\/\\\/www.laguiadepamplona.com\\\/actualidad\\\/wp-content\\\/uploads\\\/2025\\\/02\\\/ASCENSOR-DESCALZOS_CNB_8420.webp\",\"width\":1000,\"height\":667,\"caption\":\"ascensor descalzos\"},{\"@type\":\"BreadcrumbList\",\"@id\":\"https:\\\/\\\/www.laguiadepamplona.com\\\/actualidad\\\/el-ayuntamiento-cambiara-el-motor-completo-de-uno-de-los-elevadores-bajo-la-muralla-en-descalzos-unos-ascensores-que-comenzaron-a-funcionar-en-el-ano-2008\\\/#breadcrumb\",\"itemListElement\":[{\"@type\":\"ListItem\",\"position\":1,\"name\":\"Portada\",\"item\":\"https:\\\/\\\/www.laguiadepamplona.com\\\/actualidad\\\/\"},{\"@type\":\"ListItem\",\"position\":2,\"name\":\"El Ayuntamiento cambiar\u00e1 el motor completo de uno de los elevadores bajo la muralla en Descalzos, unos ascensores que comenzaron a funcionar en el a\u00f1o 2008\"}]},{\"@type\":\"WebSite\",\"@id\":\"https:\\\/\\\/www.laguiadepamplona.com\\\/actualidad\\\/#website\",\"url\":\"https:\\\/\\\/www.laguiadepamplona.com\\\/actualidad\\\/\",\"name\":\"La gu\u00eda de Pamplona\",\"description\":\"Noticias de Pamplona\",\"publisher\":{\"@id\":\"https:\\\/\\\/www.laguiadepamplona.com\\\/actualidad\\\/#organization\"},\"potentialAction\":[{\"@type\":\"SearchAction\",\"target\":{\"@type\":\"EntryPoint\",\"urlTemplate\":\"https:\\\/\\\/www.laguiadepamplona.com\\\/actualidad\\\/?s={search_term_string}\"},\"query-input\":{\"@type\":\"PropertyValueSpecification\",\"valueRequired\":true,\"valueName\":\"search_term_string\"}}],\"inLanguage\":\"es\"},{\"@type\":\"Organization\",\"@id\":\"https:\\\/\\\/www.laguiadepamplona.com\\\/actualidad\\\/#organization\",\"name\":\"La Gu\u00eda de Pamplona \\\/ Noticias\",\"url\":\"https:\\\/\\\/www.laguiadepamplona.com\\\/actualidad\\\/\",\"logo\":{\"@type\":\"ImageObject\",\"inLanguage\":\"es\",\"@id\":\"https:\\\/\\\/www.laguiadepamplona.com\\\/actualidad\\\/#\\\/schema\\\/logo\\\/image\\\/\",\"url\":\"https:\\\/\\\/www.laguiadepamplona.com\\\/actualidad\\\/wp-content\\\/uploads\\\/2018\\\/11\\\/logo-laguiadepamplona18-web1.png\",\"contentUrl\":\"https:\\\/\\\/www.laguiadepamplona.com\\\/actualidad\\\/wp-content\\\/uploads\\\/2018\\\/11\\\/logo-laguiadepamplona18-web1.png\",\"width\":600,\"height\":196,\"caption\":\"La Gu\u00eda de Pamplona \\\/ Noticias\"},\"image\":{\"@id\":\"https:\\\/\\\/www.laguiadepamplona.com\\\/actualidad\\\/#\\\/schema\\\/logo\\\/image\\\/\"},\"sameAs\":[\"https:\\\/\\\/www.facebook.com\\\/laguiadepamplonacom-133175176762273\\\/?ref=hl\",\"https:\\\/\\\/x.com\\\/LaGuiadPamplona\",\"https:\\\/\\\/www.instagram.com\\\/la_guia_de_pamplona\\\/\",\"https:\\\/\\\/www.youtube.com\\\/user\\\/laguiadepamplona\"]},{\"@type\":\"Person\",\"@id\":\"https:\\\/\\\/www.laguiadepamplona.com\\\/actualidad\\\/#\\\/schema\\\/person\\\/efe887376f0213d4657c93adc50b1fdb\",\"name\":\"La Gu\u00eda de Pamplona\",\"image\":{\"@type\":\"ImageObject\",\"inLanguage\":\"es\",\"@id\":\"https:\\\/\\\/secure.gravatar.com\\\/avatar\\\/b6992f131dc8d30ab0dff15446e9d346d9dbd95992de0fef795073f5ea83a81c?s=96&d=mm&r=g\",\"url\":\"https:\\\/\\\/secure.gravatar.com\\\/avatar\\\/b6992f131dc8d30ab0dff15446e9d346d9dbd95992de0fef795073f5ea83a81c?s=96&d=mm&r=g\",\"contentUrl\":\"https:\\\/\\\/secure.gravatar.com\\\/avatar\\\/b6992f131dc8d30ab0dff15446e9d346d9dbd95992de0fef795073f5ea83a81c?s=96&d=mm&r=g\",\"caption\":\"La Gu\u00eda de Pamplona\"}}]}<\/script>\n<!-- \/ Yoast SEO plugin. -->","yoast_head_json":{"title":"El Ayuntamiento cambiar\u00e1 el motor completo de uno de los elevadores bajo la muralla en Descalzos, unos ascensores que comenzaron a funcionar en el a\u00f1o 2008","description":"La empresa italiana que fabrica el elemento ha dado un plazo de cuatro meses dada su especialidad, al trabajar sobre un plano inclinado","robots":{"index":"index","follow":"follow","max-snippet":"max-snippet:-1","max-image-preview":"max-image-preview:large","max-video-preview":"max-video-preview:-1"},"canonical":"https:\/\/www.laguiadepamplona.com\/actualidad\/el-ayuntamiento-cambiara-el-motor-completo-de-uno-de-los-elevadores-bajo-la-muralla-en-descalzos-unos-ascensores-que-comenzaron-a-funcionar-en-el-ano-2008\/","og_locale":"es_ES","og_type":"article","og_title":"El Ayuntamiento cambiar\u00e1 el motor completo de uno de los elevadores bajo la muralla en Descalzos, unos ascensores que comenzaron a funcionar en el a\u00f1o 2008","og_description":"La empresa italiana que fabrica el elemento ha dado un plazo de cuatro meses dada su especialidad, al trabajar sobre un plano inclinado","og_url":"https:\/\/www.laguiadepamplona.com\/actualidad\/el-ayuntamiento-cambiara-el-motor-completo-de-uno-de-los-elevadores-bajo-la-muralla-en-descalzos-unos-ascensores-que-comenzaron-a-funcionar-en-el-ano-2008\/","og_site_name":"La Gu\u00eda de Pamplona","article_publisher":"https:\/\/www.facebook.com\/laguiadepamplonacom-133175176762273\/?ref=hl","article_published_time":"2025-02-17T15:01:01+00:00","og_image":[{"width":1000,"height":667,"url":"https:\/\/www.laguiadepamplona.com\/actualidad\/wp-content\/uploads\/2025\/02\/ASCENSOR-DESCALZOS_CNB_8420.webp","type":"image\/webp"}],"author":"La Gu\u00eda de Pamplona","twitter_card":"summary_large_image","twitter_creator":"@LaGuiadPamplona","twitter_site":"@LaGuiadPamplona","twitter_misc":{"Escrito por":"La Gu\u00eda de Pamplona","Tiempo de lectura":"2 minutos"},"schema":{"@context":"https:\/\/schema.org","@graph":[{"@type":"Article","@id":"https:\/\/www.laguiadepamplona.com\/actualidad\/el-ayuntamiento-cambiara-el-motor-completo-de-uno-de-los-elevadores-bajo-la-muralla-en-descalzos-unos-ascensores-que-comenzaron-a-funcionar-en-el-ano-2008\/#article","isPartOf":{"@id":"https:\/\/www.laguiadepamplona.com\/actualidad\/el-ayuntamiento-cambiara-el-motor-completo-de-uno-de-los-elevadores-bajo-la-muralla-en-descalzos-unos-ascensores-que-comenzaron-a-funcionar-en-el-ano-2008\/"},"author":{"name":"La Gu\u00eda de Pamplona","@id":"https:\/\/www.laguiadepamplona.com\/actualidad\/#\/schema\/person\/efe887376f0213d4657c93adc50b1fdb"},"headline":"El Ayuntamiento cambiar\u00e1 el motor completo de uno de los elevadores bajo la muralla en Descalzos, unos ascensores que comenzaron a funcionar en el a\u00f1o 2008","datePublished":"2025-02-17T15:01:01+00:00","mainEntityOfPage":{"@id":"https:\/\/www.laguiadepamplona.com\/actualidad\/el-ayuntamiento-cambiara-el-motor-completo-de-uno-de-los-elevadores-bajo-la-muralla-en-descalzos-unos-ascensores-que-comenzaron-a-funcionar-en-el-ano-2008\/"},"wordCount":378,"commentCount":0,"publisher":{"@id":"https:\/\/www.laguiadepamplona.com\/actualidad\/#organization"},"image":{"@id":"https:\/\/www.laguiadepamplona.com\/actualidad\/el-ayuntamiento-cambiara-el-motor-completo-de-uno-de-los-elevadores-bajo-la-muralla-en-descalzos-unos-ascensores-que-comenzaron-a-funcionar-en-el-ano-2008\/#primaryimage"},"thumbnailUrl":"https:\/\/www.laguiadepamplona.com\/actualidad\/wp-content\/uploads\/2025\/02\/ASCENSOR-DESCALZOS_CNB_8420.webp","articleSection":["Ayto Pamplona"],"inLanguage":"es","potentialAction":[{"@type":"CommentAction","name":"Comment","target":["https:\/\/www.laguiadepamplona.com\/actualidad\/el-ayuntamiento-cambiara-el-motor-completo-de-uno-de-los-elevadores-bajo-la-muralla-en-descalzos-unos-ascensores-que-comenzaron-a-funcionar-en-el-ano-2008\/#respond"]}]},{"@type":"WebPage","@id":"https:\/\/www.laguiadepamplona.com\/actualidad\/el-ayuntamiento-cambiara-el-motor-completo-de-uno-de-los-elevadores-bajo-la-muralla-en-descalzos-unos-ascensores-que-comenzaron-a-funcionar-en-el-ano-2008\/","url":"https:\/\/www.laguiadepamplona.com\/actualidad\/el-ayuntamiento-cambiara-el-motor-completo-de-uno-de-los-elevadores-bajo-la-muralla-en-descalzos-unos-ascensores-que-comenzaron-a-funcionar-en-el-ano-2008\/","name":"El Ayuntamiento cambiar\u00e1 el motor completo de uno de los elevadores bajo la muralla en Descalzos, unos ascensores que comenzaron a funcionar en el a\u00f1o 2008","isPartOf":{"@id":"https:\/\/www.laguiadepamplona.com\/actualidad\/#website"},"primaryImageOfPage":{"@id":"https:\/\/www.laguiadepamplona.com\/actualidad\/el-ayuntamiento-cambiara-el-motor-completo-de-uno-de-los-elevadores-bajo-la-muralla-en-descalzos-unos-ascensores-que-comenzaron-a-funcionar-en-el-ano-2008\/#primaryimage"},"image":{"@id":"https:\/\/www.laguiadepamplona.com\/actualidad\/el-ayuntamiento-cambiara-el-motor-completo-de-uno-de-los-elevadores-bajo-la-muralla-en-descalzos-unos-ascensores-que-comenzaron-a-funcionar-en-el-ano-2008\/#primaryimage"},"thumbnailUrl":"https:\/\/www.laguiadepamplona.com\/actualidad\/wp-content\/uploads\/2025\/02\/ASCENSOR-DESCALZOS_CNB_8420.webp","datePublished":"2025-02-17T15:01:01+00:00","description":"La empresa italiana que fabrica el elemento ha dado un plazo de cuatro meses dada su especialidad, al trabajar sobre un plano inclinado","breadcrumb":{"@id":"https:\/\/www.laguiadepamplona.com\/actualidad\/el-ayuntamiento-cambiara-el-motor-completo-de-uno-de-los-elevadores-bajo-la-muralla-en-descalzos-unos-ascensores-que-comenzaron-a-funcionar-en-el-ano-2008\/#breadcrumb"},"inLanguage":"es","potentialAction":[{"@type":"ReadAction","target":["https:\/\/www.laguiadepamplona.com\/actualidad\/el-ayuntamiento-cambiara-el-motor-completo-de-uno-de-los-elevadores-bajo-la-muralla-en-descalzos-unos-ascensores-que-comenzaron-a-funcionar-en-el-ano-2008\/"]}]},{"@type":"ImageObject","inLanguage":"es","@id":"https:\/\/www.laguiadepamplona.com\/actualidad\/el-ayuntamiento-cambiara-el-motor-completo-de-uno-de-los-elevadores-bajo-la-muralla-en-descalzos-unos-ascensores-que-comenzaron-a-funcionar-en-el-ano-2008\/#primaryimage","url":"https:\/\/www.laguiadepamplona.com\/actualidad\/wp-content\/uploads\/2025\/02\/ASCENSOR-DESCALZOS_CNB_8420.webp","contentUrl":"https:\/\/www.laguiadepamplona.com\/actualidad\/wp-content\/uploads\/2025\/02\/ASCENSOR-DESCALZOS_CNB_8420.webp","width":1000,"height":667,"caption":"ascensor descalzos"},{"@type":"BreadcrumbList","@id":"https:\/\/www.laguiadepamplona.com\/actualidad\/el-ayuntamiento-cambiara-el-motor-completo-de-uno-de-los-elevadores-bajo-la-muralla-en-descalzos-unos-ascensores-que-comenzaron-a-funcionar-en-el-ano-2008\/#breadcrumb","itemListElement":[{"@type":"ListItem","position":1,"name":"Portada","item":"https:\/\/www.laguiadepamplona.com\/actualidad\/"},{"@type":"ListItem","position":2,"name":"El Ayuntamiento cambiar\u00e1 el motor completo de uno de los elevadores bajo la muralla en Descalzos, unos ascensores que comenzaron a funcionar en el a\u00f1o 2008"}]},{"@type":"WebSite","@id":"https:\/\/www.laguiadepamplona.com\/actualidad\/#website","url":"https:\/\/www.laguiadepamplona.com\/actualidad\/","name":"La gu\u00eda de Pamplona","description":"Noticias de Pamplona","publisher":{"@id":"https:\/\/www.laguiadepamplona.com\/actualidad\/#organization"},"potentialAction":[{"@type":"SearchAction","target":{"@type":"EntryPoint","urlTemplate":"https:\/\/www.laguiadepamplona.com\/actualidad\/?s={search_term_string}"},"query-input":{"@type":"PropertyValueSpecification","valueRequired":true,"valueName":"search_term_string"}}],"inLanguage":"es"},{"@type":"Organization","@id":"https:\/\/www.laguiadepamplona.com\/actualidad\/#organization","name":"La Gu\u00eda de Pamplona \/ Noticias","url":"https:\/\/www.laguiadepamplona.com\/actualidad\/","logo":{"@type":"ImageObject","inLanguage":"es","@id":"https:\/\/www.laguiadepamplona.com\/actualidad\/#\/schema\/logo\/image\/","url":"https:\/\/www.laguiadepamplona.com\/actualidad\/wp-content\/uploads\/2018\/11\/logo-laguiadepamplona18-web1.png","contentUrl":"https:\/\/www.laguiadepamplona.com\/actualidad\/wp-content\/uploads\/2018\/11\/logo-laguiadepamplona18-web1.png","width":600,"height":196,"caption":"La Gu\u00eda de Pamplona \/ Noticias"},"image":{"@id":"https:\/\/www.laguiadepamplona.com\/actualidad\/#\/schema\/logo\/image\/"},"sameAs":["https:\/\/www.facebook.com\/laguiadepamplonacom-133175176762273\/?ref=hl","https:\/\/x.com\/LaGuiadPamplona","https:\/\/www.instagram.com\/la_guia_de_pamplona\/","https:\/\/www.youtube.com\/user\/laguiadepamplona"]},{"@type":"Person","@id":"https:\/\/www.laguiadepamplona.com\/actualidad\/#\/schema\/person\/efe887376f0213d4657c93adc50b1fdb","name":"La Gu\u00eda de Pamplona","image":{"@type":"ImageObject","inLanguage":"es","@id":"https:\/\/secure.gravatar.com\/avatar\/b6992f131dc8d30ab0dff15446e9d346d9dbd95992de0fef795073f5ea83a81c?s=96&d=mm&r=g","url":"https:\/\/secure.gravatar.com\/avatar\/b6992f131dc8d30ab0dff15446e9d346d9dbd95992de0fef795073f5ea83a81c?s=96&d=mm&r=g","contentUrl":"https:\/\/secure.gravatar.com\/avatar\/b6992f131dc8d30ab0dff15446e9d346d9dbd95992de0fef795073f5ea83a81c?s=96&d=mm&r=g","caption":"La Gu\u00eda de Pamplona"}}]}},"post_mailing_queue_ids":[],"_links":{"self":[{"href":"https:\/\/www.laguiadepamplona.com\/actualidad\/wp-json\/wp\/v2\/posts\/52112","targetHints":{"allow":["GET"]}}],"collection":[{"href":"https:\/\/www.laguiadepamplona.com\/actualidad\/wp-json\/wp\/v2\/posts"}],"about":[{"href":"https:\/\/www.laguiadepamplona.com\/actualidad\/wp-json\/wp\/v2\/types\/post"}],"author":[{"embeddable":true,"href":"https:\/\/www.laguiadepamplona.com\/actualidad\/wp-json\/wp\/v2\/users\/1"}],"replies":[{"embeddable":true,"href":"https:\/\/www.laguiadepamplona.com\/actualidad\/wp-json\/wp\/v2\/comments?post=52112"}],"version-history":[{"count":1,"href":"https:\/\/www.laguiadepamplona.com\/actualidad\/wp-json\/wp\/v2\/posts\/52112\/revisions"}],"predecessor-version":[{"id":52114,"href":"https:\/\/www.laguiadepamplona.com\/actualidad\/wp-json\/wp\/v2\/posts\/52112\/revisions\/52114"}],"wp:featuredmedia":[{"embeddable":true,"href":"https:\/\/www.laguiadepamplona.com\/actualidad\/wp-json\/wp\/v2\/media\/52113"}],"wp:attachment":[{"href":"https:\/\/www.laguiadepamplona.com\/actualidad\/wp-json\/wp\/v2\/media?parent=52112"}],"wp:term":[{"taxonomy":"category","embeddable":true,"href":"https:\/\/www.laguiadepamplona.com\/actualidad\/wp-json\/wp\/v2\/categories?post=52112"},{"taxonomy":"post_tag","embeddable":true,"href":"https:\/\/www.laguiadepamplona.com\/actualidad\/wp-json\/wp\/v2\/tags?post=52112"}],"curies":[{"name":"wp","href":"https:\/\/api.w.org\/{rel}","templated":true}]}}