{"id":52109,"date":"2025-02-17T14:39:54","date_gmt":"2025-02-17T12:39:54","guid":{"rendered":"https:\/\/www.laguiadepamplona.com\/actualidad\/?p=52109"},"modified":"2025-02-17T14:39:54","modified_gmt":"2025-02-17T12:39:54","slug":"el-ayuntamiento-de-pamplona-colabora-con-el-festival-punto-de-vista-en-las-secciones-de-contactos-lan-y-el-programa-de-mediacion","status":"publish","type":"post","link":"https:\/\/www.laguiadepamplona.com\/actualidad\/el-ayuntamiento-de-pamplona-colabora-con-el-festival-punto-de-vista-en-las-secciones-de-contactos-lan-y-el-programa-de-mediacion\/","title":{"rendered":"El Ayuntamiento de Pamplona colabora con el Festival Punto de Vista en las secciones de Contactos, Lan y el programa de mediaci\u00f3n"},"content":{"rendered":"<h2>El apoyo consistorial se ver\u00e1 reflejado en una instalaci\u00f3n en la Ciudadela, dos mesas redondas con perspectiva de g\u00e9nero, y los talleres para ni\u00f1os, ni\u00f1as y j\u00f3venes programadores en Civivox<\/h2>\n<p><!--more--><\/p>\n<p>El Ayuntamiento de Pamplona colabora un a\u00f1o m\u00e1s con el Festival Internacional del Cine Documental de Navarra &#8211; Festival Punto de Vista, que se celebra en la ciudad del 24 de febrero al 1 de marzo. La colaboraci\u00f3n municipal aborda varios \u00e1mbitos, desde el cultural y educativo hasta la igualdad. As\u00ed, el Consistorio ha programado sendos talleres infantiles y juveniles, dentro de la red Civivox y colabora con varias mesas redondas sobre igualdad en el cine. Adem\u00e1s, la Ciudadela albergar\u00e1 una instalaci\u00f3n art\u00edstica de I\u00f1aki Garmendia.<\/p>\n<p>En concreto, la red Civivox oferta dos talleres educativos para poblaci\u00f3n infantil y juvenil. El primero de ello, que lleva por t\u00edtulo \u2018\u00a1El archivo est\u00e1 vivo!\u2019 est\u00e1 dirigido a ni\u00f1os y ni\u00f1as de 6 a 9 a\u00f1os. Se impartir\u00e1n dos sesiones. Una de ellas ser\u00e1 en Civivox Iturrama el viernes 28 de febrero, de 17.30 a 19.30 horas. La otra ser\u00e1 en Civivox Mendillorri, el s\u00e1bado 1 de marzo, de 11 a 13 horas. De esta forma, durante dos horas, los participantes experimentar\u00e1n el cine en movimiento a trav\u00e9s de la t\u00e9cnica de fotograma a fotograma, creando de forma conjunta un nuevo universo animando lo inanimado.<\/p>\n<p>Por su parte, el Festival Punto de Vista convoca la cuarta edici\u00f3n de J\u00f3venes Programadores Moving Cinema x Punto de Vista, esta iniciativa est\u00e1 abierta a j\u00f3venes de entre 16 y 22 a\u00f1os, y ofrece a un grupo de hasta 12 participantes vivir en primera persona una de las labores esenciales de todo festival de cine: programar y presentar las pel\u00edculas. El taller \u2018J\u00f3venes Programadores\u2019 les permite ahondar en este proceso de programaci\u00f3n con la mediaci\u00f3n del cineasta Patxi Burillo. Entre todos, seleccionar\u00e1n cortometrajes de cineastas vinculados a X Films y Termitas para crear as\u00ed una sesi\u00f3n presentada por ellos mismos. Tras el trabajo grupal, la presentaci\u00f3n p\u00fablica tendr\u00e1 lugar en la sala de proyecci\u00f3n de Civivox Condestable el viernes 28 de febrero a las 20 horas.<\/p>\n<p><strong>Mesas redondas e instalaciones art\u00edsticas<\/strong><\/p>\n<p>Entre las colaboraciones del Ayuntamiento de Pamplona se encuentra tambi\u00e9n la producci\u00f3n en la Caserna 6 de la Ciudadela de la instalaci\u00f3n art\u00edstica que I\u00f1aki Garmendia ha dise\u00f1ado especialmente para Punto de Vista a partir de su v\u00eddeo <em>S.T. Orbea (Ordu\u00f1a)<\/em>. En este caso, el Consistorio colabora tambi\u00e9n con el Museo Oteiza, para acercar esa visi\u00f3n del artista en torno a un objeto cotidiano, una bicicleta de carreras \u2013 concretamente el modelo \u201cOrdu\u00f1a\u201d, top\u00f3nimo de una localidad vizca\u00edna\u2013 que fue fabricada por la empresa vasca Orbea entre 1970 y 1980. <em>S.T. Orbea (Ordu\u00f1a)<\/em> es un v\u00eddeo de 42 minutos, en los que la c\u00e1mara disfruta contemplando los ensamblajes de los componentes que se ajustan a la naturaleza de este objeto.<\/p>\n<p>Adem\u00e1s, el apoyo municipal se plasma en dos de las mesas redondas organizadas en torno al Festival a trav\u00e9s del \u00e1rea de Igualdad, Acci\u00f3n Comunitaria, Barrios, Participaci\u00f3n Ciudadana y Euskera. Es el caso de la mesa \u2018La \u00e9tica tras la representaci\u00f3n de la violencia sexual en el cine documental\u2019, en la que participar\u00e1n de Tamara Garc\u00eda Iglesias, directora de \u2018Zarata\u2019; Patricia Franquesa, directora de \u2018Diario de mi sextorsi\u00f3n\u2019; y Efthymia Zymvragaki, directora de \u2018Ara la Ilum cau vertical\u2019. La mesa estar\u00e1 moderada por Almudena Carracedo, directora de \u2018No est\u00e1s sola\u2019. Entre todas abordar\u00e1n retos \u00e9ticos y narrativos en torno a la violencia sexual en las pantallas. La mesa redonda tendr\u00e1 lugar el mi\u00e9rcoles 26 de febrero a las 16.30 horas, en Baluarte.<\/p>\n<p>La segunda mesa redonda llevar\u00e1 por t\u00edtulo \u2018Pioneras del cine documental vasco-navarro\u2019, y contar\u00e1 con la presencia de las directoras de cine Mirentxu Loyarte\u00a0y\u00a0Ana D\u00edez, acompa\u00f1adas por la historiadora\u00a0Natalia Ardanaz\u00a0y moderadas por\u00a0Mar\u00eda Pilar Rodr\u00edguez. En ella propondr\u00e1n una reflexi\u00f3n sobre sus inicios en el cine documental y el camino que abrieron para otras cineastas. La charla tambi\u00e9n contar\u00e1 con la presencia de Natalia Ardanaz, doctora en Historia Contempor\u00e1nea, que ha trabajado recopilando la memoria de las pioneras del cine en la zona vasco-navarra. La mesa ser\u00e1 moderada por Mar\u00eda Pilar Rodr\u00edguez, profesora de Comunicaci\u00f3n en la Universidad de Deusto y experta en cine documental vasco-navarro, quien ha coordinado el libro \u2018Cineastas Vascas\u2019, el primer libro que agrupa varios ensayos sobre mujeres fundamentales de nuestra cinematograf\u00eda. La mesa redonda tendr\u00e1 lugar el viernes 28 de febrero, a las 12.30 horas, en Baluarte.<\/p>\n","protected":false},"excerpt":{"rendered":"<p>El apoyo consistorial se ver\u00e1 reflejado en una instalaci\u00f3n en la Ciudadela, dos mesas redondas con perspectiva de g\u00e9nero, y los talleres para ni\u00f1os, ni\u00f1as y j\u00f3venes programadores en Civivox<\/p>\n","protected":false},"author":1,"featured_media":52110,"comment_status":"open","ping_status":"closed","sticky":false,"template":"","format":"standard","meta":{"footnotes":""},"categories":[2],"tags":[],"class_list":["post-52109","post","type-post","status-publish","format-standard","has-post-thumbnail","hentry","category-ayuntamiento-pamplona"],"yoast_head":"<!-- This site is optimized with the Yoast SEO plugin v27.3 - https:\/\/yoast.com\/product\/yoast-seo-wordpress\/ -->\n<title>El Ayuntamiento de Pamplona colabora con el Festival Punto de Vista en las secciones de Contactos, Lan y el programa de mediaci\u00f3n<\/title>\n<meta name=\"description\" content=\"El apoyo consistorial se ver\u00e1 reflejado en una instalaci\u00f3n en la Ciudadela, dos mesas redondas con perspectiva de g\u00e9nero, y los talleres...\" \/>\n<meta name=\"robots\" content=\"index, follow, max-snippet:-1, max-image-preview:large, max-video-preview:-1\" \/>\n<link rel=\"canonical\" href=\"https:\/\/www.laguiadepamplona.com\/actualidad\/el-ayuntamiento-de-pamplona-colabora-con-el-festival-punto-de-vista-en-las-secciones-de-contactos-lan-y-el-programa-de-mediacion\/\" \/>\n<meta property=\"og:locale\" content=\"es_ES\" \/>\n<meta property=\"og:type\" content=\"article\" \/>\n<meta property=\"og:title\" content=\"El Ayuntamiento de Pamplona colabora con el Festival Punto de Vista en las secciones de Contactos, Lan y el programa de mediaci\u00f3n\" \/>\n<meta property=\"og:description\" content=\"El apoyo consistorial se ver\u00e1 reflejado en una instalaci\u00f3n en la Ciudadela, dos mesas redondas con perspectiva de g\u00e9nero, y los talleres...\" \/>\n<meta property=\"og:url\" content=\"https:\/\/www.laguiadepamplona.com\/actualidad\/el-ayuntamiento-de-pamplona-colabora-con-el-festival-punto-de-vista-en-las-secciones-de-contactos-lan-y-el-programa-de-mediacion\/\" \/>\n<meta property=\"og:site_name\" content=\"La Gu\u00eda de Pamplona\" \/>\n<meta property=\"article:publisher\" content=\"https:\/\/www.facebook.com\/laguiadepamplonacom-133175176762273\/?ref=hl\" \/>\n<meta property=\"article:published_time\" content=\"2025-02-17T12:39:54+00:00\" \/>\n<meta property=\"og:image\" content=\"https:\/\/www.laguiadepamplona.com\/actualidad\/wp-content\/uploads\/2025\/02\/punto-de-vista.webp\" \/>\n\t<meta property=\"og:image:width\" content=\"852\" \/>\n\t<meta property=\"og:image:height\" content=\"316\" \/>\n\t<meta property=\"og:image:type\" content=\"image\/webp\" \/>\n<meta name=\"author\" content=\"La Gu\u00eda de Pamplona\" \/>\n<meta name=\"twitter:card\" content=\"summary_large_image\" \/>\n<meta name=\"twitter:creator\" content=\"@LaGuiadPamplona\" \/>\n<meta name=\"twitter:site\" content=\"@LaGuiadPamplona\" \/>\n<meta name=\"twitter:label1\" content=\"Escrito por\" \/>\n\t<meta name=\"twitter:data1\" content=\"La Gu\u00eda de Pamplona\" \/>\n\t<meta name=\"twitter:label2\" content=\"Tiempo de lectura\" \/>\n\t<meta name=\"twitter:data2\" content=\"4 minutos\" \/>\n<script type=\"application\/ld+json\" class=\"yoast-schema-graph\">{\"@context\":\"https:\\\/\\\/schema.org\",\"@graph\":[{\"@type\":\"Article\",\"@id\":\"https:\\\/\\\/www.laguiadepamplona.com\\\/actualidad\\\/el-ayuntamiento-de-pamplona-colabora-con-el-festival-punto-de-vista-en-las-secciones-de-contactos-lan-y-el-programa-de-mediacion\\\/#article\",\"isPartOf\":{\"@id\":\"https:\\\/\\\/www.laguiadepamplona.com\\\/actualidad\\\/el-ayuntamiento-de-pamplona-colabora-con-el-festival-punto-de-vista-en-las-secciones-de-contactos-lan-y-el-programa-de-mediacion\\\/\"},\"author\":{\"name\":\"La Gu\u00eda de Pamplona\",\"@id\":\"https:\\\/\\\/www.laguiadepamplona.com\\\/actualidad\\\/#\\\/schema\\\/person\\\/efe887376f0213d4657c93adc50b1fdb\"},\"headline\":\"El Ayuntamiento de Pamplona colabora con el Festival Punto de Vista en las secciones de Contactos, Lan y el programa de mediaci\u00f3n\",\"datePublished\":\"2025-02-17T12:39:54+00:00\",\"mainEntityOfPage\":{\"@id\":\"https:\\\/\\\/www.laguiadepamplona.com\\\/actualidad\\\/el-ayuntamiento-de-pamplona-colabora-con-el-festival-punto-de-vista-en-las-secciones-de-contactos-lan-y-el-programa-de-mediacion\\\/\"},\"wordCount\":819,\"commentCount\":0,\"publisher\":{\"@id\":\"https:\\\/\\\/www.laguiadepamplona.com\\\/actualidad\\\/#organization\"},\"image\":{\"@id\":\"https:\\\/\\\/www.laguiadepamplona.com\\\/actualidad\\\/el-ayuntamiento-de-pamplona-colabora-con-el-festival-punto-de-vista-en-las-secciones-de-contactos-lan-y-el-programa-de-mediacion\\\/#primaryimage\"},\"thumbnailUrl\":\"https:\\\/\\\/www.laguiadepamplona.com\\\/actualidad\\\/wp-content\\\/uploads\\\/2025\\\/02\\\/punto-de-vista.webp\",\"articleSection\":[\"Ayto Pamplona\"],\"inLanguage\":\"es\",\"potentialAction\":[{\"@type\":\"CommentAction\",\"name\":\"Comment\",\"target\":[\"https:\\\/\\\/www.laguiadepamplona.com\\\/actualidad\\\/el-ayuntamiento-de-pamplona-colabora-con-el-festival-punto-de-vista-en-las-secciones-de-contactos-lan-y-el-programa-de-mediacion\\\/#respond\"]}]},{\"@type\":\"WebPage\",\"@id\":\"https:\\\/\\\/www.laguiadepamplona.com\\\/actualidad\\\/el-ayuntamiento-de-pamplona-colabora-con-el-festival-punto-de-vista-en-las-secciones-de-contactos-lan-y-el-programa-de-mediacion\\\/\",\"url\":\"https:\\\/\\\/www.laguiadepamplona.com\\\/actualidad\\\/el-ayuntamiento-de-pamplona-colabora-con-el-festival-punto-de-vista-en-las-secciones-de-contactos-lan-y-el-programa-de-mediacion\\\/\",\"name\":\"El Ayuntamiento de Pamplona colabora con el Festival Punto de Vista en las secciones de Contactos, Lan y el programa de mediaci\u00f3n\",\"isPartOf\":{\"@id\":\"https:\\\/\\\/www.laguiadepamplona.com\\\/actualidad\\\/#website\"},\"primaryImageOfPage\":{\"@id\":\"https:\\\/\\\/www.laguiadepamplona.com\\\/actualidad\\\/el-ayuntamiento-de-pamplona-colabora-con-el-festival-punto-de-vista-en-las-secciones-de-contactos-lan-y-el-programa-de-mediacion\\\/#primaryimage\"},\"image\":{\"@id\":\"https:\\\/\\\/www.laguiadepamplona.com\\\/actualidad\\\/el-ayuntamiento-de-pamplona-colabora-con-el-festival-punto-de-vista-en-las-secciones-de-contactos-lan-y-el-programa-de-mediacion\\\/#primaryimage\"},\"thumbnailUrl\":\"https:\\\/\\\/www.laguiadepamplona.com\\\/actualidad\\\/wp-content\\\/uploads\\\/2025\\\/02\\\/punto-de-vista.webp\",\"datePublished\":\"2025-02-17T12:39:54+00:00\",\"description\":\"El apoyo consistorial se ver\u00e1 reflejado en una instalaci\u00f3n en la Ciudadela, dos mesas redondas con perspectiva de g\u00e9nero, y los talleres...\",\"breadcrumb\":{\"@id\":\"https:\\\/\\\/www.laguiadepamplona.com\\\/actualidad\\\/el-ayuntamiento-de-pamplona-colabora-con-el-festival-punto-de-vista-en-las-secciones-de-contactos-lan-y-el-programa-de-mediacion\\\/#breadcrumb\"},\"inLanguage\":\"es\",\"potentialAction\":[{\"@type\":\"ReadAction\",\"target\":[\"https:\\\/\\\/www.laguiadepamplona.com\\\/actualidad\\\/el-ayuntamiento-de-pamplona-colabora-con-el-festival-punto-de-vista-en-las-secciones-de-contactos-lan-y-el-programa-de-mediacion\\\/\"]}]},{\"@type\":\"ImageObject\",\"inLanguage\":\"es\",\"@id\":\"https:\\\/\\\/www.laguiadepamplona.com\\\/actualidad\\\/el-ayuntamiento-de-pamplona-colabora-con-el-festival-punto-de-vista-en-las-secciones-de-contactos-lan-y-el-programa-de-mediacion\\\/#primaryimage\",\"url\":\"https:\\\/\\\/www.laguiadepamplona.com\\\/actualidad\\\/wp-content\\\/uploads\\\/2025\\\/02\\\/punto-de-vista.webp\",\"contentUrl\":\"https:\\\/\\\/www.laguiadepamplona.com\\\/actualidad\\\/wp-content\\\/uploads\\\/2025\\\/02\\\/punto-de-vista.webp\",\"width\":852,\"height\":316,\"caption\":\"punto de vista\"},{\"@type\":\"BreadcrumbList\",\"@id\":\"https:\\\/\\\/www.laguiadepamplona.com\\\/actualidad\\\/el-ayuntamiento-de-pamplona-colabora-con-el-festival-punto-de-vista-en-las-secciones-de-contactos-lan-y-el-programa-de-mediacion\\\/#breadcrumb\",\"itemListElement\":[{\"@type\":\"ListItem\",\"position\":1,\"name\":\"Portada\",\"item\":\"https:\\\/\\\/www.laguiadepamplona.com\\\/actualidad\\\/\"},{\"@type\":\"ListItem\",\"position\":2,\"name\":\"El Ayuntamiento de Pamplona colabora con el Festival Punto de Vista en las secciones de Contactos, Lan y el programa de mediaci\u00f3n\"}]},{\"@type\":\"WebSite\",\"@id\":\"https:\\\/\\\/www.laguiadepamplona.com\\\/actualidad\\\/#website\",\"url\":\"https:\\\/\\\/www.laguiadepamplona.com\\\/actualidad\\\/\",\"name\":\"La gu\u00eda de Pamplona\",\"description\":\"Noticias de Pamplona\",\"publisher\":{\"@id\":\"https:\\\/\\\/www.laguiadepamplona.com\\\/actualidad\\\/#organization\"},\"potentialAction\":[{\"@type\":\"SearchAction\",\"target\":{\"@type\":\"EntryPoint\",\"urlTemplate\":\"https:\\\/\\\/www.laguiadepamplona.com\\\/actualidad\\\/?s={search_term_string}\"},\"query-input\":{\"@type\":\"PropertyValueSpecification\",\"valueRequired\":true,\"valueName\":\"search_term_string\"}}],\"inLanguage\":\"es\"},{\"@type\":\"Organization\",\"@id\":\"https:\\\/\\\/www.laguiadepamplona.com\\\/actualidad\\\/#organization\",\"name\":\"La Gu\u00eda de Pamplona \\\/ Noticias\",\"url\":\"https:\\\/\\\/www.laguiadepamplona.com\\\/actualidad\\\/\",\"logo\":{\"@type\":\"ImageObject\",\"inLanguage\":\"es\",\"@id\":\"https:\\\/\\\/www.laguiadepamplona.com\\\/actualidad\\\/#\\\/schema\\\/logo\\\/image\\\/\",\"url\":\"https:\\\/\\\/www.laguiadepamplona.com\\\/actualidad\\\/wp-content\\\/uploads\\\/2018\\\/11\\\/logo-laguiadepamplona18-web1.png\",\"contentUrl\":\"https:\\\/\\\/www.laguiadepamplona.com\\\/actualidad\\\/wp-content\\\/uploads\\\/2018\\\/11\\\/logo-laguiadepamplona18-web1.png\",\"width\":600,\"height\":196,\"caption\":\"La Gu\u00eda de Pamplona \\\/ Noticias\"},\"image\":{\"@id\":\"https:\\\/\\\/www.laguiadepamplona.com\\\/actualidad\\\/#\\\/schema\\\/logo\\\/image\\\/\"},\"sameAs\":[\"https:\\\/\\\/www.facebook.com\\\/laguiadepamplonacom-133175176762273\\\/?ref=hl\",\"https:\\\/\\\/x.com\\\/LaGuiadPamplona\",\"https:\\\/\\\/www.instagram.com\\\/la_guia_de_pamplona\\\/\",\"https:\\\/\\\/www.youtube.com\\\/user\\\/laguiadepamplona\"]},{\"@type\":\"Person\",\"@id\":\"https:\\\/\\\/www.laguiadepamplona.com\\\/actualidad\\\/#\\\/schema\\\/person\\\/efe887376f0213d4657c93adc50b1fdb\",\"name\":\"La Gu\u00eda de Pamplona\",\"image\":{\"@type\":\"ImageObject\",\"inLanguage\":\"es\",\"@id\":\"https:\\\/\\\/secure.gravatar.com\\\/avatar\\\/b6992f131dc8d30ab0dff15446e9d346d9dbd95992de0fef795073f5ea83a81c?s=96&d=mm&r=g\",\"url\":\"https:\\\/\\\/secure.gravatar.com\\\/avatar\\\/b6992f131dc8d30ab0dff15446e9d346d9dbd95992de0fef795073f5ea83a81c?s=96&d=mm&r=g\",\"contentUrl\":\"https:\\\/\\\/secure.gravatar.com\\\/avatar\\\/b6992f131dc8d30ab0dff15446e9d346d9dbd95992de0fef795073f5ea83a81c?s=96&d=mm&r=g\",\"caption\":\"La Gu\u00eda de Pamplona\"}}]}<\/script>\n<!-- \/ Yoast SEO plugin. -->","yoast_head_json":{"title":"El Ayuntamiento de Pamplona colabora con el Festival Punto de Vista en las secciones de Contactos, Lan y el programa de mediaci\u00f3n","description":"El apoyo consistorial se ver\u00e1 reflejado en una instalaci\u00f3n en la Ciudadela, dos mesas redondas con perspectiva de g\u00e9nero, y los talleres...","robots":{"index":"index","follow":"follow","max-snippet":"max-snippet:-1","max-image-preview":"max-image-preview:large","max-video-preview":"max-video-preview:-1"},"canonical":"https:\/\/www.laguiadepamplona.com\/actualidad\/el-ayuntamiento-de-pamplona-colabora-con-el-festival-punto-de-vista-en-las-secciones-de-contactos-lan-y-el-programa-de-mediacion\/","og_locale":"es_ES","og_type":"article","og_title":"El Ayuntamiento de Pamplona colabora con el Festival Punto de Vista en las secciones de Contactos, Lan y el programa de mediaci\u00f3n","og_description":"El apoyo consistorial se ver\u00e1 reflejado en una instalaci\u00f3n en la Ciudadela, dos mesas redondas con perspectiva de g\u00e9nero, y los talleres...","og_url":"https:\/\/www.laguiadepamplona.com\/actualidad\/el-ayuntamiento-de-pamplona-colabora-con-el-festival-punto-de-vista-en-las-secciones-de-contactos-lan-y-el-programa-de-mediacion\/","og_site_name":"La Gu\u00eda de Pamplona","article_publisher":"https:\/\/www.facebook.com\/laguiadepamplonacom-133175176762273\/?ref=hl","article_published_time":"2025-02-17T12:39:54+00:00","og_image":[{"width":852,"height":316,"url":"https:\/\/www.laguiadepamplona.com\/actualidad\/wp-content\/uploads\/2025\/02\/punto-de-vista.webp","type":"image\/webp"}],"author":"La Gu\u00eda de Pamplona","twitter_card":"summary_large_image","twitter_creator":"@LaGuiadPamplona","twitter_site":"@LaGuiadPamplona","twitter_misc":{"Escrito por":"La Gu\u00eda de Pamplona","Tiempo de lectura":"4 minutos"},"schema":{"@context":"https:\/\/schema.org","@graph":[{"@type":"Article","@id":"https:\/\/www.laguiadepamplona.com\/actualidad\/el-ayuntamiento-de-pamplona-colabora-con-el-festival-punto-de-vista-en-las-secciones-de-contactos-lan-y-el-programa-de-mediacion\/#article","isPartOf":{"@id":"https:\/\/www.laguiadepamplona.com\/actualidad\/el-ayuntamiento-de-pamplona-colabora-con-el-festival-punto-de-vista-en-las-secciones-de-contactos-lan-y-el-programa-de-mediacion\/"},"author":{"name":"La Gu\u00eda de Pamplona","@id":"https:\/\/www.laguiadepamplona.com\/actualidad\/#\/schema\/person\/efe887376f0213d4657c93adc50b1fdb"},"headline":"El Ayuntamiento de Pamplona colabora con el Festival Punto de Vista en las secciones de Contactos, Lan y el programa de mediaci\u00f3n","datePublished":"2025-02-17T12:39:54+00:00","mainEntityOfPage":{"@id":"https:\/\/www.laguiadepamplona.com\/actualidad\/el-ayuntamiento-de-pamplona-colabora-con-el-festival-punto-de-vista-en-las-secciones-de-contactos-lan-y-el-programa-de-mediacion\/"},"wordCount":819,"commentCount":0,"publisher":{"@id":"https:\/\/www.laguiadepamplona.com\/actualidad\/#organization"},"image":{"@id":"https:\/\/www.laguiadepamplona.com\/actualidad\/el-ayuntamiento-de-pamplona-colabora-con-el-festival-punto-de-vista-en-las-secciones-de-contactos-lan-y-el-programa-de-mediacion\/#primaryimage"},"thumbnailUrl":"https:\/\/www.laguiadepamplona.com\/actualidad\/wp-content\/uploads\/2025\/02\/punto-de-vista.webp","articleSection":["Ayto Pamplona"],"inLanguage":"es","potentialAction":[{"@type":"CommentAction","name":"Comment","target":["https:\/\/www.laguiadepamplona.com\/actualidad\/el-ayuntamiento-de-pamplona-colabora-con-el-festival-punto-de-vista-en-las-secciones-de-contactos-lan-y-el-programa-de-mediacion\/#respond"]}]},{"@type":"WebPage","@id":"https:\/\/www.laguiadepamplona.com\/actualidad\/el-ayuntamiento-de-pamplona-colabora-con-el-festival-punto-de-vista-en-las-secciones-de-contactos-lan-y-el-programa-de-mediacion\/","url":"https:\/\/www.laguiadepamplona.com\/actualidad\/el-ayuntamiento-de-pamplona-colabora-con-el-festival-punto-de-vista-en-las-secciones-de-contactos-lan-y-el-programa-de-mediacion\/","name":"El Ayuntamiento de Pamplona colabora con el Festival Punto de Vista en las secciones de Contactos, Lan y el programa de mediaci\u00f3n","isPartOf":{"@id":"https:\/\/www.laguiadepamplona.com\/actualidad\/#website"},"primaryImageOfPage":{"@id":"https:\/\/www.laguiadepamplona.com\/actualidad\/el-ayuntamiento-de-pamplona-colabora-con-el-festival-punto-de-vista-en-las-secciones-de-contactos-lan-y-el-programa-de-mediacion\/#primaryimage"},"image":{"@id":"https:\/\/www.laguiadepamplona.com\/actualidad\/el-ayuntamiento-de-pamplona-colabora-con-el-festival-punto-de-vista-en-las-secciones-de-contactos-lan-y-el-programa-de-mediacion\/#primaryimage"},"thumbnailUrl":"https:\/\/www.laguiadepamplona.com\/actualidad\/wp-content\/uploads\/2025\/02\/punto-de-vista.webp","datePublished":"2025-02-17T12:39:54+00:00","description":"El apoyo consistorial se ver\u00e1 reflejado en una instalaci\u00f3n en la Ciudadela, dos mesas redondas con perspectiva de g\u00e9nero, y los talleres...","breadcrumb":{"@id":"https:\/\/www.laguiadepamplona.com\/actualidad\/el-ayuntamiento-de-pamplona-colabora-con-el-festival-punto-de-vista-en-las-secciones-de-contactos-lan-y-el-programa-de-mediacion\/#breadcrumb"},"inLanguage":"es","potentialAction":[{"@type":"ReadAction","target":["https:\/\/www.laguiadepamplona.com\/actualidad\/el-ayuntamiento-de-pamplona-colabora-con-el-festival-punto-de-vista-en-las-secciones-de-contactos-lan-y-el-programa-de-mediacion\/"]}]},{"@type":"ImageObject","inLanguage":"es","@id":"https:\/\/www.laguiadepamplona.com\/actualidad\/el-ayuntamiento-de-pamplona-colabora-con-el-festival-punto-de-vista-en-las-secciones-de-contactos-lan-y-el-programa-de-mediacion\/#primaryimage","url":"https:\/\/www.laguiadepamplona.com\/actualidad\/wp-content\/uploads\/2025\/02\/punto-de-vista.webp","contentUrl":"https:\/\/www.laguiadepamplona.com\/actualidad\/wp-content\/uploads\/2025\/02\/punto-de-vista.webp","width":852,"height":316,"caption":"punto de vista"},{"@type":"BreadcrumbList","@id":"https:\/\/www.laguiadepamplona.com\/actualidad\/el-ayuntamiento-de-pamplona-colabora-con-el-festival-punto-de-vista-en-las-secciones-de-contactos-lan-y-el-programa-de-mediacion\/#breadcrumb","itemListElement":[{"@type":"ListItem","position":1,"name":"Portada","item":"https:\/\/www.laguiadepamplona.com\/actualidad\/"},{"@type":"ListItem","position":2,"name":"El Ayuntamiento de Pamplona colabora con el Festival Punto de Vista en las secciones de Contactos, Lan y el programa de mediaci\u00f3n"}]},{"@type":"WebSite","@id":"https:\/\/www.laguiadepamplona.com\/actualidad\/#website","url":"https:\/\/www.laguiadepamplona.com\/actualidad\/","name":"La gu\u00eda de Pamplona","description":"Noticias de Pamplona","publisher":{"@id":"https:\/\/www.laguiadepamplona.com\/actualidad\/#organization"},"potentialAction":[{"@type":"SearchAction","target":{"@type":"EntryPoint","urlTemplate":"https:\/\/www.laguiadepamplona.com\/actualidad\/?s={search_term_string}"},"query-input":{"@type":"PropertyValueSpecification","valueRequired":true,"valueName":"search_term_string"}}],"inLanguage":"es"},{"@type":"Organization","@id":"https:\/\/www.laguiadepamplona.com\/actualidad\/#organization","name":"La Gu\u00eda de Pamplona \/ Noticias","url":"https:\/\/www.laguiadepamplona.com\/actualidad\/","logo":{"@type":"ImageObject","inLanguage":"es","@id":"https:\/\/www.laguiadepamplona.com\/actualidad\/#\/schema\/logo\/image\/","url":"https:\/\/www.laguiadepamplona.com\/actualidad\/wp-content\/uploads\/2018\/11\/logo-laguiadepamplona18-web1.png","contentUrl":"https:\/\/www.laguiadepamplona.com\/actualidad\/wp-content\/uploads\/2018\/11\/logo-laguiadepamplona18-web1.png","width":600,"height":196,"caption":"La Gu\u00eda de Pamplona \/ Noticias"},"image":{"@id":"https:\/\/www.laguiadepamplona.com\/actualidad\/#\/schema\/logo\/image\/"},"sameAs":["https:\/\/www.facebook.com\/laguiadepamplonacom-133175176762273\/?ref=hl","https:\/\/x.com\/LaGuiadPamplona","https:\/\/www.instagram.com\/la_guia_de_pamplona\/","https:\/\/www.youtube.com\/user\/laguiadepamplona"]},{"@type":"Person","@id":"https:\/\/www.laguiadepamplona.com\/actualidad\/#\/schema\/person\/efe887376f0213d4657c93adc50b1fdb","name":"La Gu\u00eda de Pamplona","image":{"@type":"ImageObject","inLanguage":"es","@id":"https:\/\/secure.gravatar.com\/avatar\/b6992f131dc8d30ab0dff15446e9d346d9dbd95992de0fef795073f5ea83a81c?s=96&d=mm&r=g","url":"https:\/\/secure.gravatar.com\/avatar\/b6992f131dc8d30ab0dff15446e9d346d9dbd95992de0fef795073f5ea83a81c?s=96&d=mm&r=g","contentUrl":"https:\/\/secure.gravatar.com\/avatar\/b6992f131dc8d30ab0dff15446e9d346d9dbd95992de0fef795073f5ea83a81c?s=96&d=mm&r=g","caption":"La Gu\u00eda de Pamplona"}}]}},"post_mailing_queue_ids":[],"_links":{"self":[{"href":"https:\/\/www.laguiadepamplona.com\/actualidad\/wp-json\/wp\/v2\/posts\/52109","targetHints":{"allow":["GET"]}}],"collection":[{"href":"https:\/\/www.laguiadepamplona.com\/actualidad\/wp-json\/wp\/v2\/posts"}],"about":[{"href":"https:\/\/www.laguiadepamplona.com\/actualidad\/wp-json\/wp\/v2\/types\/post"}],"author":[{"embeddable":true,"href":"https:\/\/www.laguiadepamplona.com\/actualidad\/wp-json\/wp\/v2\/users\/1"}],"replies":[{"embeddable":true,"href":"https:\/\/www.laguiadepamplona.com\/actualidad\/wp-json\/wp\/v2\/comments?post=52109"}],"version-history":[{"count":1,"href":"https:\/\/www.laguiadepamplona.com\/actualidad\/wp-json\/wp\/v2\/posts\/52109\/revisions"}],"predecessor-version":[{"id":52111,"href":"https:\/\/www.laguiadepamplona.com\/actualidad\/wp-json\/wp\/v2\/posts\/52109\/revisions\/52111"}],"wp:featuredmedia":[{"embeddable":true,"href":"https:\/\/www.laguiadepamplona.com\/actualidad\/wp-json\/wp\/v2\/media\/52110"}],"wp:attachment":[{"href":"https:\/\/www.laguiadepamplona.com\/actualidad\/wp-json\/wp\/v2\/media?parent=52109"}],"wp:term":[{"taxonomy":"category","embeddable":true,"href":"https:\/\/www.laguiadepamplona.com\/actualidad\/wp-json\/wp\/v2\/categories?post=52109"},{"taxonomy":"post_tag","embeddable":true,"href":"https:\/\/www.laguiadepamplona.com\/actualidad\/wp-json\/wp\/v2\/tags?post=52109"}],"curies":[{"name":"wp","href":"https:\/\/api.w.org\/{rel}","templated":true}]}}