{"id":52104,"date":"2025-02-17T14:34:31","date_gmt":"2025-02-17T12:34:31","guid":{"rendered":"https:\/\/www.laguiadepamplona.com\/actualidad\/?p=52104"},"modified":"2025-02-17T14:34:31","modified_gmt":"2025-02-17T12:34:31","slug":"propuesta-de-actividades-organizadas-por-el-ayuntamiento-de-pamplona-del-18-al-21-de-febrero-con-plazas-libres","status":"publish","type":"post","link":"https:\/\/www.laguiadepamplona.com\/actualidad\/propuesta-de-actividades-organizadas-por-el-ayuntamiento-de-pamplona-del-18-al-21-de-febrero-con-plazas-libres\/","title":{"rendered":"Propuesta de actividades organizadas por el Ayuntamiento de Pamplona del 18 al 21 de febrero con plazas libres"},"content":{"rendered":"<p><!--more--><\/p>\n<p><strong>MARTES 18 DE FEBRERO<\/strong><\/p>\n<p><a href=\"https:\/\/www.pamplona.es\/actualidad\/eventos\/memoria-historica-visita-guiada-un-paseo-por-nuestro-pasado-pamplona-1936-1939\">Memoria hist\u00f3rica. Un paseo por nuestro pasado. Pamplona 1936 \u2013 1939. Punto de encuentro: c\/ Taconera 2, 17 horas. Inscripci\u00f3n gratuita a trav\u00e9s del 010, la red Civivox o<\/a> <a href=\"http:\/\/www.pamplonaescultura.es\">www.pamplonaescultura.es<\/a><\/p>\n<p>Recorrido que se detiene en varios de los rincones de la ciudad, donde tuvieron lugar hechos relacionados con la guerra civil espa\u00f1ola y la represi\u00f3n que le sigui\u00f3. El paseo por Pamplona mostrar\u00e1 c\u00f3mo la ciudadan\u00eda fue consciente de la magnitud de lo que estaba sucediendo desde un principio y c\u00f3mo su conducta la posicion\u00f3 dentro de la categor\u00eda de amigo o enemigo. Paseo guiado por Areta Elkartea.<\/p>\n<p><a href=\"https:\/\/www.pamplona.es\/actualidad\/eventos\/cuentacuentos-en-euskera-nor-da-etxera-ailegatu-den-haurtxoa-biblioteca-publica\">Cuentacuentos en euskera. Nor da etxera ailegatu den haurtxoa? Biblioteca P\u00fablica de Mendillorri, 18.15 horas. Inscripciones en la propia biblioteca<\/a><\/p>\n<p>Sesi\u00f3n de cuentacuento en euskera con Ventura Ruiz, dirigida a p\u00fablico infantil mayor de 4 a\u00f1os.<\/p>\n<p><a href=\"https:\/\/www.pamplona.es\/actualidad\/eventos\/cafeteando-juegos-de-cartas-casa-de-la-juventud\">Cafeteando. Juegos de cartas. Casa de la Juventud, 18.30 horas. Entrada libre, hasta completar el aforo<\/a><\/p>\n<p>Tarde martes en la Casa de la Juventud con una propuesta de diferentes juegos de cartas para tentar al azar.<\/p>\n<p><a href=\"https:\/\/www.pamplona.es\/actualidad\/eventos\/proyeccion-de-cortometraje-hermanito-minan-biblioteca-publica-de-txantrea\">Proyecci\u00f3n de cortometraje. \u2018Hermanito (Mi\u00f1an)\u2019. Biblioteca P\u00fablica de Txantrea, 19 horas. Entrada libre, hasta completar el aforo<\/a><\/p>\n<p>Esta proyecci\u00f3n se enmarca dentro del proyecto FILA4 Film Laburrak, que se est\u00e1 desarrollando en las bibliotecas p\u00fablicas de Berriozar, Burlada, Txantrea y Zizur Mayor. Son encuentros compuestos por un cortometraje y su posterior debate, que giran en torno a un tema espec\u00edfico, en esta ocasi\u00f3n, el tema ser\u00e1 \u2018Migraci\u00f3n, conocer a las personas migrantes\u2019. Se proyectar\u00e1 el corto \u2018Hermanito (Mi\u00f1an)\u2019 y, a continuaci\u00f3n, habr\u00e1 un debate guiado por Unai Esparza de Zacan Social, acompa\u00f1ado por el joven migrante Salah Koliba.<\/p>\n<p><a href=\"https:\/\/www.pamplona.es\/actualidad\/eventos\/labmecrazy-science-film-festival-conferencia-curar-el-cancer-civivox-iturrama\">#LabMeCrazy! Science Film Festival. Conferencia. Curar el c\u00e1ncer. Civivox Iturrama, 19.30 horas. Entrada libre, hasta completar el aforo<\/a><\/p>\n<p>Los avances actuales y los desaf\u00edos en la lucha contra el c\u00e1ncer, la importancia de la investigaci\u00f3n, los tratamientos personalizados y el papel de la prevenci\u00f3n para lograr curar esta enfermedad. Con Rtuh Vera, directora del Departamento de Oncolog\u00eda M\u00e9dica del Hospital Universitario de Navarra. Ciclo en colaboraci\u00f3n con Museo de Ciencias Universidad de Navarra.<\/p>\n<p><strong>\u00a0<\/strong><\/p>\n<p><strong>MI\u00c9RCOLES 19 DE FEBRERO<\/strong><\/p>\n<p><a href=\"https:\/\/www.pamplona.es\/actualidad\/eventos\/cuentacuentos-en-euskera-askotariko-ipuinak-biblioteca-publica-de-milagrosa\">Cuentacuentos en euskera. Askotariko ipuinak. Biblioteca P\u00fablica de Milagrosa, 18 horas. Inscripci\u00f3n previa en la propia biblioteca, el tel\u00e9fono 948 24 54 60 o en<\/a> <a href=\"mailto:biblimil@navarra.es\">biblimil@navarra.es<\/a><\/p>\n<p>Durante una hora, Maitane Perez contar\u00e1 nuevos y apasionantes cuentos dirigidos a p\u00fablico infantil entre 4 y 8 a\u00f1os.<\/p>\n<p><a href=\"https:\/\/www.pamplona.es\/actualidad\/eventos\/cafeteando-chocolate-con-libros-casa-de-la-juventud\">Cafeteando. Chocolate con libros. Casa de la Juventud, 18.30 horas. Entrada libre, hasta completar el aforo<\/a><\/p>\n<p>Nuevo programa de la Casa de la Juventud para los primeros y terceros mi\u00e9rcoles de mes. Se trata de quedadas de lecturas compartidas de car\u00e1cter informal, pero no tanto para leer el mismo libro, sino para compartir intereses y hacerse recomendaciones. Sesiones que contar\u00e1n con un chocolate caliente procedente de comercio justo. Programa dirigido a j\u00f3venes entre 14 y 30 a\u00f1os.<\/p>\n<p><a href=\"https:\/\/www.pamplona.es\/actualidad\/eventos\/concierto-alaikapela-biblioteca-publica-de-txantrea\">Concierto. Alaikapela. Biblioteca P\u00fablica de Txantrea, 19 horas. Entrada libre, previa recogida de invitaciones en la propia biblioteca<\/a><\/p>\n<p>El coro Alaikapela est\u00e1 formado por una treintena de personas que cantan temas \u2018a cappella\u2019 (sin instrumentos) y que remontan a las melod\u00edas espirituales negras, muchas de ellas nacidas de la esclavitud que tuvo lugar en Estados Unidos entre los siglos XV y XIX. Este esp\u00edritu de lucha y de libertad llevados a la m\u00fasica son la base de nuestras canciones, siendo muestra de ellas algunas tan representativas como \u2018Oh Happy Day (Oh, d\u00eda feliz)\u2019 o \u2018Freedom (Libertad)\u2019.<\/p>\n<p><a href=\"https:\/\/www.pamplona.es\/actualidad\/eventos\/presentacion-de-libro-hitchcock-en-el-balcon-vacio-de-ramon-herrera-biblioteca\">Presentaci\u00f3n de libro. \u2018Hitchcock en el balc\u00f3n vac\u00edo\u2019, de Ram\u00f3n Herrera. Biblioteca P\u00fablica de San Jorge, 19 horas. Entrada libre, hasta completar el aforo<\/a><\/p>\n<p>El detenido de esta historia, al igual que Alfred Hitchcock, arrastra un trauma: el terror al sexo y a la polic\u00eda. Historia de un equ\u00edvoco, el de la detenci\u00f3n de un joven acusado de propaganda ilegal a finales de septiembre de 1975, hecho con el que arranca la novela. Inocente como se sabe, el temor a los interrogatorios de la Pol\u00edtico-Social presiden el relato de esta novela negra centrada en un sector de la juventud del final de la dictadura, sus ilusiones de cambio y expectativas personales cuyo ambiente recrea. El evento contar\u00e1 con la presencia de su autor, el escritor y cr\u00edtico de cine Ram\u00f3n Herrera.<\/p>\n<p>&nbsp;<\/p>\n<p><strong>JUEVES 20 DE FEBRERO<\/strong><\/p>\n<p><a href=\"https:\/\/www.pamplona.es\/actualidad\/eventos\/encuentro-con-helena-taberna-e-isaac-rosa-biblioteca-publica-de-yamaguchi\">Encuentro con Helena Taberna e Isaac Rosa. Biblioteca P\u00fablica de Yamaguchi, 18.30 horas. Inscripciones, m\u00e1ximo dos invitaciones por persona, en la propia biblioteca, el tel\u00e9fono 948 26 40 28 o en<\/a> <a href=\"mailto:bibliyam@cfnavarra.es\">bibliyam@cfnavarra.es<\/a><\/p>\n<p>Encuentro con la directora de cine Helena Taberna y el escritor Isaac Rosa con motivo del estreno de la pel\u00edcula\u00a0\u2018<strong>Nosotros\u2019\u00a0<\/strong>basada en la obra\u00a0\u2018<strong>Feliz final\u2019<\/strong>. La cineasta y el escritor compartir\u00e1n su visi\u00f3n sobre la adaptaci\u00f3n del amor de la novela a la gran pantalla, explorando el proceso creativo y las diferencias narrativas entre ambos lenguajes. Ser\u00e1 necesario recoger presencialmente la invitaci\u00f3n los d\u00edas 17, 18 o 19 de febrero para poder acudir al encuentro.<\/p>\n<p><a href=\"https:\/\/www.pamplona.es\/actualidad\/eventos\/ver-oir-aplaudir-conferencia-paseo-sarasate-historia-y-modernidad-i-civivox\">Ver, o\u00edr, aplaudir. Conferencia. Paseo Sarasate: historia y modernidad I. Civivox Ensanche, 19 horas. Entrada libre, hasta completar el aforo<\/a><\/p>\n<p>Repaso hist\u00f3rico con im\u00e1genes de la evoluci\u00f3n de este emplazamiento c\u00e9ntrico de la ciudad. Siglos de historia y configuraci\u00f3n urbana contenidos en las im\u00e1genes de los diferentes archivos de la ciudad. Con Javier Mangado. Programa en colaboraci\u00f3n con la asociaci\u00f3n Retina Navarra.<\/p>\n<p><a href=\"https:\/\/www.pamplona.es\/actualidad\/eventos\/bertsoaroa-festival-de-bertsos-escuela-navarra-de-teatro-0\">Bertsoaroa. Festival de bertsos. Escuela Navarra de Teatro, 19 horas. Entrada libre, hasta completar el aforo<\/a><\/p>\n<p>Nueva actuaci\u00f3n dentro del ciclo Bertsoaroa. En este segundo festival de bertsos participar\u00e1n Alaia Martin, Amets Arzallus, Aroa Arrizubieta, Julio Soto, Sarai Robles y Xabat Galletebeitia.<\/p>\n<p><a href=\"https:\/\/www.pamplona.es\/actualidad\/eventos\/oh-diosas-amadas-autoras-frente-sus-iconos-literarios-encuentro-carla-nyman\">Oh, diosas amadas. Autoras frente a sus iconos literarios. Encuentro. Carla Nyman: Laura Tripaldi. Civivox Condestable, 19 horas. Entrada libre, hasta completar el aforo<\/a><\/p>\n<p>En la segunda sesi\u00f3n contaremos con la poeta, novelista y directora de escena Carla Nyman, que nos hablar\u00e1 de Laura Tripaldi, escritora e investigadora sobre la intersecci\u00f3n entre ciencia, tecnolog\u00eda y ciencias humanas contempor\u00e1neas y autora de \u2018Mentes paralelas\u2019.<\/p>\n<p><a href=\"https:\/\/www.pamplona.es\/actualidad\/eventos\/presentacion-de-libro-lorca-tarde-dominguera-en-un-pueblo-grande-de-idoia\">Presentaci\u00f3n de libro. \u2018Lorca, tarde dominguera en un pueblo grande\u2019, de Idoia Iribertegui. Biblioteca P\u00fablica de San Francisco, 19 horas. Entrada libre, hasta completar el aforo<\/a><\/p>\n<p>La ilustradora Idoia Iribertegui presentar\u00e1 su \u00faltimo trabajo, \u2018Lorca. Tarde dominguera en un pueblo grande\u2019, un \u00e1lbum ilustrado basado en uno de los primeros textos de Federico Garc\u00eda Lorca \u2018Impresiones y paisajes\u2019 de 1917. Sesi\u00f3n dirigida a p\u00fablico adulto.<\/p>\n","protected":false},"excerpt":{"rendered":"","protected":false},"author":1,"featured_media":50736,"comment_status":"open","ping_status":"closed","sticky":false,"template":"","format":"standard","meta":{"footnotes":""},"categories":[2],"tags":[],"class_list":["post-52104","post","type-post","status-publish","format-standard","has-post-thumbnail","hentry","category-ayuntamiento-pamplona"],"yoast_head":"<!-- This site is optimized with the Yoast SEO plugin v27.3 - https:\/\/yoast.com\/product\/yoast-seo-wordpress\/ -->\n<title>Propuesta de actividades organizadas por el Ayuntamiento de Pamplona del 18 al 21 de febrero con plazas libres<\/title>\n<meta name=\"robots\" content=\"index, follow, max-snippet:-1, max-image-preview:large, max-video-preview:-1\" \/>\n<link rel=\"canonical\" href=\"https:\/\/www.laguiadepamplona.com\/actualidad\/propuesta-de-actividades-organizadas-por-el-ayuntamiento-de-pamplona-del-18-al-21-de-febrero-con-plazas-libres\/\" \/>\n<meta property=\"og:locale\" content=\"es_ES\" \/>\n<meta property=\"og:type\" content=\"article\" \/>\n<meta property=\"og:title\" content=\"Propuesta de actividades organizadas por el Ayuntamiento de Pamplona del 18 al 21 de febrero con plazas libres\" \/>\n<meta property=\"og:url\" content=\"https:\/\/www.laguiadepamplona.com\/actualidad\/propuesta-de-actividades-organizadas-por-el-ayuntamiento-de-pamplona-del-18-al-21-de-febrero-con-plazas-libres\/\" \/>\n<meta property=\"og:site_name\" content=\"La Gu\u00eda de Pamplona\" \/>\n<meta property=\"article:publisher\" content=\"https:\/\/www.facebook.com\/laguiadepamplonacom-133175176762273\/?ref=hl\" \/>\n<meta property=\"article:published_time\" content=\"2025-02-17T12:34:31+00:00\" \/>\n<meta property=\"og:image\" content=\"https:\/\/www.laguiadepamplona.com\/actualidad\/wp-content\/uploads\/2024\/09\/Fachada-Ayuntamiento_contacto-Comarca_web2.webp\" \/>\n\t<meta property=\"og:image:width\" content=\"1000\" \/>\n\t<meta property=\"og:image:height\" content=\"646\" \/>\n\t<meta property=\"og:image:type\" content=\"image\/webp\" \/>\n<meta name=\"author\" content=\"La Gu\u00eda de Pamplona\" \/>\n<meta name=\"twitter:card\" content=\"summary_large_image\" \/>\n<meta name=\"twitter:creator\" content=\"@LaGuiadPamplona\" \/>\n<meta name=\"twitter:site\" content=\"@LaGuiadPamplona\" \/>\n<meta name=\"twitter:label1\" content=\"Escrito por\" \/>\n\t<meta name=\"twitter:data1\" content=\"La Gu\u00eda de Pamplona\" \/>\n\t<meta name=\"twitter:label2\" content=\"Tiempo de lectura\" \/>\n\t<meta name=\"twitter:data2\" content=\"5 minutos\" \/>\n<script type=\"application\/ld+json\" class=\"yoast-schema-graph\">{\"@context\":\"https:\\\/\\\/schema.org\",\"@graph\":[{\"@type\":\"Article\",\"@id\":\"https:\\\/\\\/www.laguiadepamplona.com\\\/actualidad\\\/propuesta-de-actividades-organizadas-por-el-ayuntamiento-de-pamplona-del-18-al-21-de-febrero-con-plazas-libres\\\/#article\",\"isPartOf\":{\"@id\":\"https:\\\/\\\/www.laguiadepamplona.com\\\/actualidad\\\/propuesta-de-actividades-organizadas-por-el-ayuntamiento-de-pamplona-del-18-al-21-de-febrero-con-plazas-libres\\\/\"},\"author\":{\"name\":\"La Gu\u00eda de Pamplona\",\"@id\":\"https:\\\/\\\/www.laguiadepamplona.com\\\/actualidad\\\/#\\\/schema\\\/person\\\/efe887376f0213d4657c93adc50b1fdb\"},\"headline\":\"Propuesta de actividades organizadas por el Ayuntamiento de Pamplona del 18 al 21 de febrero con plazas libres\",\"datePublished\":\"2025-02-17T12:34:31+00:00\",\"mainEntityOfPage\":{\"@id\":\"https:\\\/\\\/www.laguiadepamplona.com\\\/actualidad\\\/propuesta-de-actividades-organizadas-por-el-ayuntamiento-de-pamplona-del-18-al-21-de-febrero-con-plazas-libres\\\/\"},\"wordCount\":1114,\"commentCount\":0,\"publisher\":{\"@id\":\"https:\\\/\\\/www.laguiadepamplona.com\\\/actualidad\\\/#organization\"},\"image\":{\"@id\":\"https:\\\/\\\/www.laguiadepamplona.com\\\/actualidad\\\/propuesta-de-actividades-organizadas-por-el-ayuntamiento-de-pamplona-del-18-al-21-de-febrero-con-plazas-libres\\\/#primaryimage\"},\"thumbnailUrl\":\"https:\\\/\\\/www.laguiadepamplona.com\\\/actualidad\\\/wp-content\\\/uploads\\\/2024\\\/09\\\/Fachada-Ayuntamiento_contacto-Comarca_web2.webp\",\"articleSection\":[\"Ayto Pamplona\"],\"inLanguage\":\"es\",\"potentialAction\":[{\"@type\":\"CommentAction\",\"name\":\"Comment\",\"target\":[\"https:\\\/\\\/www.laguiadepamplona.com\\\/actualidad\\\/propuesta-de-actividades-organizadas-por-el-ayuntamiento-de-pamplona-del-18-al-21-de-febrero-con-plazas-libres\\\/#respond\"]}]},{\"@type\":\"WebPage\",\"@id\":\"https:\\\/\\\/www.laguiadepamplona.com\\\/actualidad\\\/propuesta-de-actividades-organizadas-por-el-ayuntamiento-de-pamplona-del-18-al-21-de-febrero-con-plazas-libres\\\/\",\"url\":\"https:\\\/\\\/www.laguiadepamplona.com\\\/actualidad\\\/propuesta-de-actividades-organizadas-por-el-ayuntamiento-de-pamplona-del-18-al-21-de-febrero-con-plazas-libres\\\/\",\"name\":\"Propuesta de actividades organizadas por el Ayuntamiento de Pamplona del 18 al 21 de febrero con plazas libres\",\"isPartOf\":{\"@id\":\"https:\\\/\\\/www.laguiadepamplona.com\\\/actualidad\\\/#website\"},\"primaryImageOfPage\":{\"@id\":\"https:\\\/\\\/www.laguiadepamplona.com\\\/actualidad\\\/propuesta-de-actividades-organizadas-por-el-ayuntamiento-de-pamplona-del-18-al-21-de-febrero-con-plazas-libres\\\/#primaryimage\"},\"image\":{\"@id\":\"https:\\\/\\\/www.laguiadepamplona.com\\\/actualidad\\\/propuesta-de-actividades-organizadas-por-el-ayuntamiento-de-pamplona-del-18-al-21-de-febrero-con-plazas-libres\\\/#primaryimage\"},\"thumbnailUrl\":\"https:\\\/\\\/www.laguiadepamplona.com\\\/actualidad\\\/wp-content\\\/uploads\\\/2024\\\/09\\\/Fachada-Ayuntamiento_contacto-Comarca_web2.webp\",\"datePublished\":\"2025-02-17T12:34:31+00:00\",\"breadcrumb\":{\"@id\":\"https:\\\/\\\/www.laguiadepamplona.com\\\/actualidad\\\/propuesta-de-actividades-organizadas-por-el-ayuntamiento-de-pamplona-del-18-al-21-de-febrero-con-plazas-libres\\\/#breadcrumb\"},\"inLanguage\":\"es\",\"potentialAction\":[{\"@type\":\"ReadAction\",\"target\":[\"https:\\\/\\\/www.laguiadepamplona.com\\\/actualidad\\\/propuesta-de-actividades-organizadas-por-el-ayuntamiento-de-pamplona-del-18-al-21-de-febrero-con-plazas-libres\\\/\"]}]},{\"@type\":\"ImageObject\",\"inLanguage\":\"es\",\"@id\":\"https:\\\/\\\/www.laguiadepamplona.com\\\/actualidad\\\/propuesta-de-actividades-organizadas-por-el-ayuntamiento-de-pamplona-del-18-al-21-de-febrero-con-plazas-libres\\\/#primaryimage\",\"url\":\"https:\\\/\\\/www.laguiadepamplona.com\\\/actualidad\\\/wp-content\\\/uploads\\\/2024\\\/09\\\/Fachada-Ayuntamiento_contacto-Comarca_web2.webp\",\"contentUrl\":\"https:\\\/\\\/www.laguiadepamplona.com\\\/actualidad\\\/wp-content\\\/uploads\\\/2024\\\/09\\\/Fachada-Ayuntamiento_contacto-Comarca_web2.webp\",\"width\":1000,\"height\":646,\"caption\":\"fachada ayuntamiento\"},{\"@type\":\"BreadcrumbList\",\"@id\":\"https:\\\/\\\/www.laguiadepamplona.com\\\/actualidad\\\/propuesta-de-actividades-organizadas-por-el-ayuntamiento-de-pamplona-del-18-al-21-de-febrero-con-plazas-libres\\\/#breadcrumb\",\"itemListElement\":[{\"@type\":\"ListItem\",\"position\":1,\"name\":\"Portada\",\"item\":\"https:\\\/\\\/www.laguiadepamplona.com\\\/actualidad\\\/\"},{\"@type\":\"ListItem\",\"position\":2,\"name\":\"Propuesta de actividades organizadas por el Ayuntamiento de Pamplona del 18 al 21 de febrero con plazas libres\"}]},{\"@type\":\"WebSite\",\"@id\":\"https:\\\/\\\/www.laguiadepamplona.com\\\/actualidad\\\/#website\",\"url\":\"https:\\\/\\\/www.laguiadepamplona.com\\\/actualidad\\\/\",\"name\":\"La gu\u00eda de Pamplona\",\"description\":\"Noticias de Pamplona\",\"publisher\":{\"@id\":\"https:\\\/\\\/www.laguiadepamplona.com\\\/actualidad\\\/#organization\"},\"potentialAction\":[{\"@type\":\"SearchAction\",\"target\":{\"@type\":\"EntryPoint\",\"urlTemplate\":\"https:\\\/\\\/www.laguiadepamplona.com\\\/actualidad\\\/?s={search_term_string}\"},\"query-input\":{\"@type\":\"PropertyValueSpecification\",\"valueRequired\":true,\"valueName\":\"search_term_string\"}}],\"inLanguage\":\"es\"},{\"@type\":\"Organization\",\"@id\":\"https:\\\/\\\/www.laguiadepamplona.com\\\/actualidad\\\/#organization\",\"name\":\"La Gu\u00eda de Pamplona \\\/ Noticias\",\"url\":\"https:\\\/\\\/www.laguiadepamplona.com\\\/actualidad\\\/\",\"logo\":{\"@type\":\"ImageObject\",\"inLanguage\":\"es\",\"@id\":\"https:\\\/\\\/www.laguiadepamplona.com\\\/actualidad\\\/#\\\/schema\\\/logo\\\/image\\\/\",\"url\":\"https:\\\/\\\/www.laguiadepamplona.com\\\/actualidad\\\/wp-content\\\/uploads\\\/2018\\\/11\\\/logo-laguiadepamplona18-web1.png\",\"contentUrl\":\"https:\\\/\\\/www.laguiadepamplona.com\\\/actualidad\\\/wp-content\\\/uploads\\\/2018\\\/11\\\/logo-laguiadepamplona18-web1.png\",\"width\":600,\"height\":196,\"caption\":\"La Gu\u00eda de Pamplona \\\/ Noticias\"},\"image\":{\"@id\":\"https:\\\/\\\/www.laguiadepamplona.com\\\/actualidad\\\/#\\\/schema\\\/logo\\\/image\\\/\"},\"sameAs\":[\"https:\\\/\\\/www.facebook.com\\\/laguiadepamplonacom-133175176762273\\\/?ref=hl\",\"https:\\\/\\\/x.com\\\/LaGuiadPamplona\",\"https:\\\/\\\/www.instagram.com\\\/la_guia_de_pamplona\\\/\",\"https:\\\/\\\/www.youtube.com\\\/user\\\/laguiadepamplona\"]},{\"@type\":\"Person\",\"@id\":\"https:\\\/\\\/www.laguiadepamplona.com\\\/actualidad\\\/#\\\/schema\\\/person\\\/efe887376f0213d4657c93adc50b1fdb\",\"name\":\"La Gu\u00eda de Pamplona\",\"image\":{\"@type\":\"ImageObject\",\"inLanguage\":\"es\",\"@id\":\"https:\\\/\\\/secure.gravatar.com\\\/avatar\\\/b6992f131dc8d30ab0dff15446e9d346d9dbd95992de0fef795073f5ea83a81c?s=96&d=mm&r=g\",\"url\":\"https:\\\/\\\/secure.gravatar.com\\\/avatar\\\/b6992f131dc8d30ab0dff15446e9d346d9dbd95992de0fef795073f5ea83a81c?s=96&d=mm&r=g\",\"contentUrl\":\"https:\\\/\\\/secure.gravatar.com\\\/avatar\\\/b6992f131dc8d30ab0dff15446e9d346d9dbd95992de0fef795073f5ea83a81c?s=96&d=mm&r=g\",\"caption\":\"La Gu\u00eda de Pamplona\"}}]}<\/script>\n<!-- \/ Yoast SEO plugin. -->","yoast_head_json":{"title":"Propuesta de actividades organizadas por el Ayuntamiento de Pamplona del 18 al 21 de febrero con plazas libres","robots":{"index":"index","follow":"follow","max-snippet":"max-snippet:-1","max-image-preview":"max-image-preview:large","max-video-preview":"max-video-preview:-1"},"canonical":"https:\/\/www.laguiadepamplona.com\/actualidad\/propuesta-de-actividades-organizadas-por-el-ayuntamiento-de-pamplona-del-18-al-21-de-febrero-con-plazas-libres\/","og_locale":"es_ES","og_type":"article","og_title":"Propuesta de actividades organizadas por el Ayuntamiento de Pamplona del 18 al 21 de febrero con plazas libres","og_url":"https:\/\/www.laguiadepamplona.com\/actualidad\/propuesta-de-actividades-organizadas-por-el-ayuntamiento-de-pamplona-del-18-al-21-de-febrero-con-plazas-libres\/","og_site_name":"La Gu\u00eda de Pamplona","article_publisher":"https:\/\/www.facebook.com\/laguiadepamplonacom-133175176762273\/?ref=hl","article_published_time":"2025-02-17T12:34:31+00:00","og_image":[{"width":1000,"height":646,"url":"https:\/\/www.laguiadepamplona.com\/actualidad\/wp-content\/uploads\/2024\/09\/Fachada-Ayuntamiento_contacto-Comarca_web2.webp","type":"image\/webp"}],"author":"La Gu\u00eda de Pamplona","twitter_card":"summary_large_image","twitter_creator":"@LaGuiadPamplona","twitter_site":"@LaGuiadPamplona","twitter_misc":{"Escrito por":"La Gu\u00eda de Pamplona","Tiempo de lectura":"5 minutos"},"schema":{"@context":"https:\/\/schema.org","@graph":[{"@type":"Article","@id":"https:\/\/www.laguiadepamplona.com\/actualidad\/propuesta-de-actividades-organizadas-por-el-ayuntamiento-de-pamplona-del-18-al-21-de-febrero-con-plazas-libres\/#article","isPartOf":{"@id":"https:\/\/www.laguiadepamplona.com\/actualidad\/propuesta-de-actividades-organizadas-por-el-ayuntamiento-de-pamplona-del-18-al-21-de-febrero-con-plazas-libres\/"},"author":{"name":"La Gu\u00eda de Pamplona","@id":"https:\/\/www.laguiadepamplona.com\/actualidad\/#\/schema\/person\/efe887376f0213d4657c93adc50b1fdb"},"headline":"Propuesta de actividades organizadas por el Ayuntamiento de Pamplona del 18 al 21 de febrero con plazas libres","datePublished":"2025-02-17T12:34:31+00:00","mainEntityOfPage":{"@id":"https:\/\/www.laguiadepamplona.com\/actualidad\/propuesta-de-actividades-organizadas-por-el-ayuntamiento-de-pamplona-del-18-al-21-de-febrero-con-plazas-libres\/"},"wordCount":1114,"commentCount":0,"publisher":{"@id":"https:\/\/www.laguiadepamplona.com\/actualidad\/#organization"},"image":{"@id":"https:\/\/www.laguiadepamplona.com\/actualidad\/propuesta-de-actividades-organizadas-por-el-ayuntamiento-de-pamplona-del-18-al-21-de-febrero-con-plazas-libres\/#primaryimage"},"thumbnailUrl":"https:\/\/www.laguiadepamplona.com\/actualidad\/wp-content\/uploads\/2024\/09\/Fachada-Ayuntamiento_contacto-Comarca_web2.webp","articleSection":["Ayto Pamplona"],"inLanguage":"es","potentialAction":[{"@type":"CommentAction","name":"Comment","target":["https:\/\/www.laguiadepamplona.com\/actualidad\/propuesta-de-actividades-organizadas-por-el-ayuntamiento-de-pamplona-del-18-al-21-de-febrero-con-plazas-libres\/#respond"]}]},{"@type":"WebPage","@id":"https:\/\/www.laguiadepamplona.com\/actualidad\/propuesta-de-actividades-organizadas-por-el-ayuntamiento-de-pamplona-del-18-al-21-de-febrero-con-plazas-libres\/","url":"https:\/\/www.laguiadepamplona.com\/actualidad\/propuesta-de-actividades-organizadas-por-el-ayuntamiento-de-pamplona-del-18-al-21-de-febrero-con-plazas-libres\/","name":"Propuesta de actividades organizadas por el Ayuntamiento de Pamplona del 18 al 21 de febrero con plazas libres","isPartOf":{"@id":"https:\/\/www.laguiadepamplona.com\/actualidad\/#website"},"primaryImageOfPage":{"@id":"https:\/\/www.laguiadepamplona.com\/actualidad\/propuesta-de-actividades-organizadas-por-el-ayuntamiento-de-pamplona-del-18-al-21-de-febrero-con-plazas-libres\/#primaryimage"},"image":{"@id":"https:\/\/www.laguiadepamplona.com\/actualidad\/propuesta-de-actividades-organizadas-por-el-ayuntamiento-de-pamplona-del-18-al-21-de-febrero-con-plazas-libres\/#primaryimage"},"thumbnailUrl":"https:\/\/www.laguiadepamplona.com\/actualidad\/wp-content\/uploads\/2024\/09\/Fachada-Ayuntamiento_contacto-Comarca_web2.webp","datePublished":"2025-02-17T12:34:31+00:00","breadcrumb":{"@id":"https:\/\/www.laguiadepamplona.com\/actualidad\/propuesta-de-actividades-organizadas-por-el-ayuntamiento-de-pamplona-del-18-al-21-de-febrero-con-plazas-libres\/#breadcrumb"},"inLanguage":"es","potentialAction":[{"@type":"ReadAction","target":["https:\/\/www.laguiadepamplona.com\/actualidad\/propuesta-de-actividades-organizadas-por-el-ayuntamiento-de-pamplona-del-18-al-21-de-febrero-con-plazas-libres\/"]}]},{"@type":"ImageObject","inLanguage":"es","@id":"https:\/\/www.laguiadepamplona.com\/actualidad\/propuesta-de-actividades-organizadas-por-el-ayuntamiento-de-pamplona-del-18-al-21-de-febrero-con-plazas-libres\/#primaryimage","url":"https:\/\/www.laguiadepamplona.com\/actualidad\/wp-content\/uploads\/2024\/09\/Fachada-Ayuntamiento_contacto-Comarca_web2.webp","contentUrl":"https:\/\/www.laguiadepamplona.com\/actualidad\/wp-content\/uploads\/2024\/09\/Fachada-Ayuntamiento_contacto-Comarca_web2.webp","width":1000,"height":646,"caption":"fachada ayuntamiento"},{"@type":"BreadcrumbList","@id":"https:\/\/www.laguiadepamplona.com\/actualidad\/propuesta-de-actividades-organizadas-por-el-ayuntamiento-de-pamplona-del-18-al-21-de-febrero-con-plazas-libres\/#breadcrumb","itemListElement":[{"@type":"ListItem","position":1,"name":"Portada","item":"https:\/\/www.laguiadepamplona.com\/actualidad\/"},{"@type":"ListItem","position":2,"name":"Propuesta de actividades organizadas por el Ayuntamiento de Pamplona del 18 al 21 de febrero con plazas libres"}]},{"@type":"WebSite","@id":"https:\/\/www.laguiadepamplona.com\/actualidad\/#website","url":"https:\/\/www.laguiadepamplona.com\/actualidad\/","name":"La gu\u00eda de Pamplona","description":"Noticias de Pamplona","publisher":{"@id":"https:\/\/www.laguiadepamplona.com\/actualidad\/#organization"},"potentialAction":[{"@type":"SearchAction","target":{"@type":"EntryPoint","urlTemplate":"https:\/\/www.laguiadepamplona.com\/actualidad\/?s={search_term_string}"},"query-input":{"@type":"PropertyValueSpecification","valueRequired":true,"valueName":"search_term_string"}}],"inLanguage":"es"},{"@type":"Organization","@id":"https:\/\/www.laguiadepamplona.com\/actualidad\/#organization","name":"La Gu\u00eda de Pamplona \/ Noticias","url":"https:\/\/www.laguiadepamplona.com\/actualidad\/","logo":{"@type":"ImageObject","inLanguage":"es","@id":"https:\/\/www.laguiadepamplona.com\/actualidad\/#\/schema\/logo\/image\/","url":"https:\/\/www.laguiadepamplona.com\/actualidad\/wp-content\/uploads\/2018\/11\/logo-laguiadepamplona18-web1.png","contentUrl":"https:\/\/www.laguiadepamplona.com\/actualidad\/wp-content\/uploads\/2018\/11\/logo-laguiadepamplona18-web1.png","width":600,"height":196,"caption":"La Gu\u00eda de Pamplona \/ Noticias"},"image":{"@id":"https:\/\/www.laguiadepamplona.com\/actualidad\/#\/schema\/logo\/image\/"},"sameAs":["https:\/\/www.facebook.com\/laguiadepamplonacom-133175176762273\/?ref=hl","https:\/\/x.com\/LaGuiadPamplona","https:\/\/www.instagram.com\/la_guia_de_pamplona\/","https:\/\/www.youtube.com\/user\/laguiadepamplona"]},{"@type":"Person","@id":"https:\/\/www.laguiadepamplona.com\/actualidad\/#\/schema\/person\/efe887376f0213d4657c93adc50b1fdb","name":"La Gu\u00eda de Pamplona","image":{"@type":"ImageObject","inLanguage":"es","@id":"https:\/\/secure.gravatar.com\/avatar\/b6992f131dc8d30ab0dff15446e9d346d9dbd95992de0fef795073f5ea83a81c?s=96&d=mm&r=g","url":"https:\/\/secure.gravatar.com\/avatar\/b6992f131dc8d30ab0dff15446e9d346d9dbd95992de0fef795073f5ea83a81c?s=96&d=mm&r=g","contentUrl":"https:\/\/secure.gravatar.com\/avatar\/b6992f131dc8d30ab0dff15446e9d346d9dbd95992de0fef795073f5ea83a81c?s=96&d=mm&r=g","caption":"La Gu\u00eda de Pamplona"}}]}},"post_mailing_queue_ids":[],"_links":{"self":[{"href":"https:\/\/www.laguiadepamplona.com\/actualidad\/wp-json\/wp\/v2\/posts\/52104","targetHints":{"allow":["GET"]}}],"collection":[{"href":"https:\/\/www.laguiadepamplona.com\/actualidad\/wp-json\/wp\/v2\/posts"}],"about":[{"href":"https:\/\/www.laguiadepamplona.com\/actualidad\/wp-json\/wp\/v2\/types\/post"}],"author":[{"embeddable":true,"href":"https:\/\/www.laguiadepamplona.com\/actualidad\/wp-json\/wp\/v2\/users\/1"}],"replies":[{"embeddable":true,"href":"https:\/\/www.laguiadepamplona.com\/actualidad\/wp-json\/wp\/v2\/comments?post=52104"}],"version-history":[{"count":1,"href":"https:\/\/www.laguiadepamplona.com\/actualidad\/wp-json\/wp\/v2\/posts\/52104\/revisions"}],"predecessor-version":[{"id":52105,"href":"https:\/\/www.laguiadepamplona.com\/actualidad\/wp-json\/wp\/v2\/posts\/52104\/revisions\/52105"}],"wp:featuredmedia":[{"embeddable":true,"href":"https:\/\/www.laguiadepamplona.com\/actualidad\/wp-json\/wp\/v2\/media\/50736"}],"wp:attachment":[{"href":"https:\/\/www.laguiadepamplona.com\/actualidad\/wp-json\/wp\/v2\/media?parent=52104"}],"wp:term":[{"taxonomy":"category","embeddable":true,"href":"https:\/\/www.laguiadepamplona.com\/actualidad\/wp-json\/wp\/v2\/categories?post=52104"},{"taxonomy":"post_tag","embeddable":true,"href":"https:\/\/www.laguiadepamplona.com\/actualidad\/wp-json\/wp\/v2\/tags?post=52104"}],"curies":[{"name":"wp","href":"https:\/\/api.w.org\/{rel}","templated":true}]}}