{"id":52101,"date":"2025-02-17T14:33:48","date_gmt":"2025-02-17T12:33:48","guid":{"rendered":"https:\/\/www.laguiadepamplona.com\/actualidad\/?p=52101"},"modified":"2025-02-17T14:33:48","modified_gmt":"2025-02-17T12:33:48","slug":"el-ayuntamiento-de-pamplona-inicia-la-tramitacion-para-incluir-el-modelo-de-barandilla-del-leon-de-victor-eusa-dentro-del-catalogo-de-elementos-protegidos-de-la-ciudad","status":"publish","type":"post","link":"https:\/\/www.laguiadepamplona.com\/actualidad\/el-ayuntamiento-de-pamplona-inicia-la-tramitacion-para-incluir-el-modelo-de-barandilla-del-leon-de-victor-eusa-dentro-del-catalogo-de-elementos-protegidos-de-la-ciudad\/","title":{"rendered":"El Ayuntamiento de Pamplona inicia la tramitaci\u00f3n para incluir el modelo de barandilla del le\u00f3n de V\u00edctor Eusa dentro del cat\u00e1logo de elementos protegidos de la ciudad"},"content":{"rendered":"<h2>Se recoge que el escudo y el color de los barrotes sean los elementos a mantener, ya que son los que dotan a la barandilla de identidad propia<\/h2>\n<p><!--more--><\/p>\n<p>La Junta de Gobierno Local ha aprobado esta ma\u00f1ana el proyecto de modificaci\u00f3n del Plan Municipal de Pamplona con la que se pretende incluir en el cat\u00e1logo de elementos protegidos el modelo de barandilla del le\u00f3n creado por V\u00edctor Eusa. De esta forma, se le quiere reconocer su importancia ornamental y posibilitar la protecci\u00f3n de un elemento propio de la urbanizaci\u00f3n de la ciudad, principalmente en el parque de la Media Luna, en el entorno del cauce del r\u00edo Arga y en otros desniveles en distintos lugares de Pamplona.<\/p>\n<p>En octubre del pasado a\u00f1o, el Pleno del Ayuntamiento aprob\u00f3 una declaraci\u00f3n institucional para la puesta en valor de los elementos del patrimonio menor de la ciudad, como la barandilla de Eusa o el propio escudo, que son en s\u00ed mismos elementos propios y caracter\u00edsticos de Pamplona, reflejo de la personalidad y car\u00e1cter singular de la ciudad y sus gentes. Este proyecto de modificaci\u00f3n del Plan Municipal de Pamplona la ha promovido de oficio el Ayuntamiento para dar cumplimiento a esa declaraci\u00f3n e iniciar la tramitaci\u00f3n administrativa de los cambios necesarios para proteger ese modelo de barandilla.<\/p>\n<p>Con esta catalogaci\u00f3n se conseguir\u00e1 que las actuaciones que se prevean sobre las barandillas, desde su reparaci\u00f3n a su sustituci\u00f3n, no distorsionen o, al menos, mantengan las caracter\u00edsticas propias de la barandilla tradicional e integren, en todo caso, el escudo central y el color verde Pamplona actual. As\u00ed las cosas, ser\u00e1n precisamente el escudo y el color de los barrotes los elementos que se deber\u00e1n mantener por ser las caracter\u00edsticas de mayor identidad de las barandillas. Al tratarse de una modificaci\u00f3n del cat\u00e1logo del Plan Municipal de Pamplona, tras la aprobaci\u00f3n inicial del documento, se requiere de un informe favorable de la Instituci\u00f3n Pr\u00edncipe de Viana.<\/p>\n<p>La modificaci\u00f3n establece un nuevo ep\u00edgrafe en el art\u00edculo 32 que recoge la clasificaci\u00f3n de elementos protegidos. En los elementos no vinculados a la edificaci\u00f3n, en los que se recogen puentes, cruceros, fuentes, monumentos, mobiliario urbano, askas, pabellones y panteones, se a\u00f1aden \u2018elementos de la urbanizaci\u00f3n\u2019. Estos se definen en el art\u00edculo 36 como \u201calgunos elementos significativos de urbanizaci\u00f3n: escaleras, barandillas, farola monumental, pavimentaci\u00f3n, etc\u201d. El cat\u00e1logo incluir\u00e1 tambi\u00e9n la correspondiente ficha descriptiva del modelo de la barandilla del parque de la Media Luna.<\/p>\n<p><strong>M\u00e1s de tres kil\u00f3metros de barandilla por toda la ciudad<\/strong><\/p>\n<p>Seg\u00fan consta en los archivos municipales, la barandilla fue dise\u00f1ada en el marco del proyecto del parque de la Media Luna entre los a\u00f1os 1937 y 1938 por el entonces arquitecto municipal Victor Eusa y construida por Huarte y C\u00aa Construcciones Met\u00e1licas mediante concurso p\u00fablico. Se preve\u00edan ejecutar 565 metros lineales de la barandilla. Posteriormente, la barandilla fue prolongada en una reforma del parque que fue llevada a cabo en 1943, habi\u00e9ndose extendido tambi\u00e9n a otros lugares de la ciudad, fundamentalmente, para la protecci\u00f3n del cauce del r\u00edo Arga y de otros desniveles.<\/p>\n<p>La barandilla est\u00e1 compuesta por un entramado de barrotes de hierro de secci\u00f3n cuadrada de 22 mil\u00edmetros de lado, rematado en su parte superior e inferior por un cuadradillo de 30 mil\u00edmetros de lado y un pasamanos de 50&#215;12 mil\u00edmetros de secci\u00f3n. Todo ello en color verde, con una altura total de 1,04 metros y entre dos columnas bajas de ladrillo de 400&#215;400 mil\u00edmetros con base y remate superior de piedra. Lleva por motivo central e identificable la imagen del escudo de Pamplona, con le\u00f3n pasante en plata y corona real dorada, colocado entre volutas curvil\u00edneas y barrotes verticales en color verde.<\/p>\n<p>Esta barandilla se ha convertido a lo largo de los a\u00f1os en un elemento reconocible y propio que otorga personalidad y car\u00e1cter al paisaje urbano de la Pamplona del siglo XX. Este modelo de barandilla se puede encontrar, adem\u00e1s de en el parque de la Media Luna, en la cuesta de Beloso, en el parque de Biurdana, en el entorno del cauce del r\u00edo Arga, en el jard\u00edn de Eugui del parque fluvial en Cuatrovientos, en el mirador de la Taconera o en zonas del barrio de San Juan y Abejeras, con una extensi\u00f3n que alcanza los 3.500 metros, aproximadamente.<\/p>\n","protected":false},"excerpt":{"rendered":"<p>Se recoge que el escudo y el color de los barrotes sean los elementos a mantener, ya que son los que dotan a la barandilla de identidad propia<\/p>\n","protected":false},"author":1,"featured_media":52102,"comment_status":"open","ping_status":"closed","sticky":false,"template":"","format":"standard","meta":{"footnotes":""},"categories":[2],"tags":[],"class_list":["post-52101","post","type-post","status-publish","format-standard","has-post-thumbnail","hentry","category-ayuntamiento-pamplona"],"yoast_head":"<!-- This site is optimized with the Yoast SEO plugin v27.3 - https:\/\/yoast.com\/product\/yoast-seo-wordpress\/ -->\n<title>El Ayuntamiento de Pamplona inicia la tramitaci\u00f3n para incluir el modelo de barandilla del le\u00f3n de V\u00edctor Eusa dentro del cat\u00e1logo de elementos protegidos de la ciudad<\/title>\n<meta name=\"description\" content=\"Se recoge que el escudo y el color de los barrotes sean los elementos a mantener, ya que son los que dotan a la barandilla de identidad propia\" \/>\n<meta name=\"robots\" content=\"index, follow, max-snippet:-1, max-image-preview:large, max-video-preview:-1\" \/>\n<link rel=\"canonical\" href=\"https:\/\/www.laguiadepamplona.com\/actualidad\/el-ayuntamiento-de-pamplona-inicia-la-tramitacion-para-incluir-el-modelo-de-barandilla-del-leon-de-victor-eusa-dentro-del-catalogo-de-elementos-protegidos-de-la-ciudad\/\" \/>\n<meta property=\"og:locale\" content=\"es_ES\" \/>\n<meta property=\"og:type\" content=\"article\" \/>\n<meta property=\"og:title\" content=\"El Ayuntamiento de Pamplona inicia la tramitaci\u00f3n para incluir el modelo de barandilla del le\u00f3n de V\u00edctor Eusa dentro del cat\u00e1logo de elementos protegidos de la ciudad\" \/>\n<meta property=\"og:description\" content=\"Se recoge que el escudo y el color de los barrotes sean los elementos a mantener, ya que son los que dotan a la barandilla de identidad propia\" \/>\n<meta property=\"og:url\" content=\"https:\/\/www.laguiadepamplona.com\/actualidad\/el-ayuntamiento-de-pamplona-inicia-la-tramitacion-para-incluir-el-modelo-de-barandilla-del-leon-de-victor-eusa-dentro-del-catalogo-de-elementos-protegidos-de-la-ciudad\/\" \/>\n<meta property=\"og:site_name\" content=\"La Gu\u00eda de Pamplona\" \/>\n<meta property=\"article:publisher\" content=\"https:\/\/www.facebook.com\/laguiadepamplonacom-133175176762273\/?ref=hl\" \/>\n<meta property=\"article:published_time\" content=\"2025-02-17T12:33:48+00:00\" \/>\n<meta property=\"og:image\" content=\"https:\/\/www.laguiadepamplona.com\/actualidad\/wp-content\/uploads\/2025\/02\/escudo_leon_valla.webp\" \/>\n\t<meta property=\"og:image:width\" content=\"850\" \/>\n\t<meta property=\"og:image:height\" content=\"568\" \/>\n\t<meta property=\"og:image:type\" content=\"image\/webp\" \/>\n<meta name=\"author\" content=\"La Gu\u00eda de Pamplona\" \/>\n<meta name=\"twitter:card\" content=\"summary_large_image\" \/>\n<meta name=\"twitter:creator\" content=\"@LaGuiadPamplona\" \/>\n<meta name=\"twitter:site\" content=\"@LaGuiadPamplona\" \/>\n<meta name=\"twitter:label1\" content=\"Escrito por\" \/>\n\t<meta name=\"twitter:data1\" content=\"La Gu\u00eda de Pamplona\" \/>\n\t<meta name=\"twitter:label2\" content=\"Tiempo de lectura\" \/>\n\t<meta name=\"twitter:data2\" content=\"4 minutos\" \/>\n<script type=\"application\/ld+json\" class=\"yoast-schema-graph\">{\"@context\":\"https:\\\/\\\/schema.org\",\"@graph\":[{\"@type\":\"Article\",\"@id\":\"https:\\\/\\\/www.laguiadepamplona.com\\\/actualidad\\\/el-ayuntamiento-de-pamplona-inicia-la-tramitacion-para-incluir-el-modelo-de-barandilla-del-leon-de-victor-eusa-dentro-del-catalogo-de-elementos-protegidos-de-la-ciudad\\\/#article\",\"isPartOf\":{\"@id\":\"https:\\\/\\\/www.laguiadepamplona.com\\\/actualidad\\\/el-ayuntamiento-de-pamplona-inicia-la-tramitacion-para-incluir-el-modelo-de-barandilla-del-leon-de-victor-eusa-dentro-del-catalogo-de-elementos-protegidos-de-la-ciudad\\\/\"},\"author\":{\"name\":\"La Gu\u00eda de Pamplona\",\"@id\":\"https:\\\/\\\/www.laguiadepamplona.com\\\/actualidad\\\/#\\\/schema\\\/person\\\/efe887376f0213d4657c93adc50b1fdb\"},\"headline\":\"El Ayuntamiento de Pamplona inicia la tramitaci\u00f3n para incluir el modelo de barandilla del le\u00f3n de V\u00edctor Eusa dentro del cat\u00e1logo de elementos protegidos de la ciudad\",\"datePublished\":\"2025-02-17T12:33:48+00:00\",\"mainEntityOfPage\":{\"@id\":\"https:\\\/\\\/www.laguiadepamplona.com\\\/actualidad\\\/el-ayuntamiento-de-pamplona-inicia-la-tramitacion-para-incluir-el-modelo-de-barandilla-del-leon-de-victor-eusa-dentro-del-catalogo-de-elementos-protegidos-de-la-ciudad\\\/\"},\"wordCount\":795,\"commentCount\":0,\"publisher\":{\"@id\":\"https:\\\/\\\/www.laguiadepamplona.com\\\/actualidad\\\/#organization\"},\"image\":{\"@id\":\"https:\\\/\\\/www.laguiadepamplona.com\\\/actualidad\\\/el-ayuntamiento-de-pamplona-inicia-la-tramitacion-para-incluir-el-modelo-de-barandilla-del-leon-de-victor-eusa-dentro-del-catalogo-de-elementos-protegidos-de-la-ciudad\\\/#primaryimage\"},\"thumbnailUrl\":\"https:\\\/\\\/www.laguiadepamplona.com\\\/actualidad\\\/wp-content\\\/uploads\\\/2025\\\/02\\\/escudo_leon_valla.webp\",\"articleSection\":[\"Ayto Pamplona\"],\"inLanguage\":\"es\",\"potentialAction\":[{\"@type\":\"CommentAction\",\"name\":\"Comment\",\"target\":[\"https:\\\/\\\/www.laguiadepamplona.com\\\/actualidad\\\/el-ayuntamiento-de-pamplona-inicia-la-tramitacion-para-incluir-el-modelo-de-barandilla-del-leon-de-victor-eusa-dentro-del-catalogo-de-elementos-protegidos-de-la-ciudad\\\/#respond\"]}]},{\"@type\":\"WebPage\",\"@id\":\"https:\\\/\\\/www.laguiadepamplona.com\\\/actualidad\\\/el-ayuntamiento-de-pamplona-inicia-la-tramitacion-para-incluir-el-modelo-de-barandilla-del-leon-de-victor-eusa-dentro-del-catalogo-de-elementos-protegidos-de-la-ciudad\\\/\",\"url\":\"https:\\\/\\\/www.laguiadepamplona.com\\\/actualidad\\\/el-ayuntamiento-de-pamplona-inicia-la-tramitacion-para-incluir-el-modelo-de-barandilla-del-leon-de-victor-eusa-dentro-del-catalogo-de-elementos-protegidos-de-la-ciudad\\\/\",\"name\":\"El Ayuntamiento de Pamplona inicia la tramitaci\u00f3n para incluir el modelo de barandilla del le\u00f3n de V\u00edctor Eusa dentro del cat\u00e1logo de elementos protegidos de la ciudad\",\"isPartOf\":{\"@id\":\"https:\\\/\\\/www.laguiadepamplona.com\\\/actualidad\\\/#website\"},\"primaryImageOfPage\":{\"@id\":\"https:\\\/\\\/www.laguiadepamplona.com\\\/actualidad\\\/el-ayuntamiento-de-pamplona-inicia-la-tramitacion-para-incluir-el-modelo-de-barandilla-del-leon-de-victor-eusa-dentro-del-catalogo-de-elementos-protegidos-de-la-ciudad\\\/#primaryimage\"},\"image\":{\"@id\":\"https:\\\/\\\/www.laguiadepamplona.com\\\/actualidad\\\/el-ayuntamiento-de-pamplona-inicia-la-tramitacion-para-incluir-el-modelo-de-barandilla-del-leon-de-victor-eusa-dentro-del-catalogo-de-elementos-protegidos-de-la-ciudad\\\/#primaryimage\"},\"thumbnailUrl\":\"https:\\\/\\\/www.laguiadepamplona.com\\\/actualidad\\\/wp-content\\\/uploads\\\/2025\\\/02\\\/escudo_leon_valla.webp\",\"datePublished\":\"2025-02-17T12:33:48+00:00\",\"description\":\"Se recoge que el escudo y el color de los barrotes sean los elementos a mantener, ya que son los que dotan a la barandilla de identidad propia\",\"breadcrumb\":{\"@id\":\"https:\\\/\\\/www.laguiadepamplona.com\\\/actualidad\\\/el-ayuntamiento-de-pamplona-inicia-la-tramitacion-para-incluir-el-modelo-de-barandilla-del-leon-de-victor-eusa-dentro-del-catalogo-de-elementos-protegidos-de-la-ciudad\\\/#breadcrumb\"},\"inLanguage\":\"es\",\"potentialAction\":[{\"@type\":\"ReadAction\",\"target\":[\"https:\\\/\\\/www.laguiadepamplona.com\\\/actualidad\\\/el-ayuntamiento-de-pamplona-inicia-la-tramitacion-para-incluir-el-modelo-de-barandilla-del-leon-de-victor-eusa-dentro-del-catalogo-de-elementos-protegidos-de-la-ciudad\\\/\"]}]},{\"@type\":\"ImageObject\",\"inLanguage\":\"es\",\"@id\":\"https:\\\/\\\/www.laguiadepamplona.com\\\/actualidad\\\/el-ayuntamiento-de-pamplona-inicia-la-tramitacion-para-incluir-el-modelo-de-barandilla-del-leon-de-victor-eusa-dentro-del-catalogo-de-elementos-protegidos-de-la-ciudad\\\/#primaryimage\",\"url\":\"https:\\\/\\\/www.laguiadepamplona.com\\\/actualidad\\\/wp-content\\\/uploads\\\/2025\\\/02\\\/escudo_leon_valla.webp\",\"contentUrl\":\"https:\\\/\\\/www.laguiadepamplona.com\\\/actualidad\\\/wp-content\\\/uploads\\\/2025\\\/02\\\/escudo_leon_valla.webp\",\"width\":850,\"height\":568,\"caption\":\"escudo le\u00f3n valla\"},{\"@type\":\"BreadcrumbList\",\"@id\":\"https:\\\/\\\/www.laguiadepamplona.com\\\/actualidad\\\/el-ayuntamiento-de-pamplona-inicia-la-tramitacion-para-incluir-el-modelo-de-barandilla-del-leon-de-victor-eusa-dentro-del-catalogo-de-elementos-protegidos-de-la-ciudad\\\/#breadcrumb\",\"itemListElement\":[{\"@type\":\"ListItem\",\"position\":1,\"name\":\"Portada\",\"item\":\"https:\\\/\\\/www.laguiadepamplona.com\\\/actualidad\\\/\"},{\"@type\":\"ListItem\",\"position\":2,\"name\":\"El Ayuntamiento de Pamplona inicia la tramitaci\u00f3n para incluir el modelo de barandilla del le\u00f3n de V\u00edctor Eusa dentro del cat\u00e1logo de elementos protegidos de la ciudad\"}]},{\"@type\":\"WebSite\",\"@id\":\"https:\\\/\\\/www.laguiadepamplona.com\\\/actualidad\\\/#website\",\"url\":\"https:\\\/\\\/www.laguiadepamplona.com\\\/actualidad\\\/\",\"name\":\"La gu\u00eda de Pamplona\",\"description\":\"Noticias de Pamplona\",\"publisher\":{\"@id\":\"https:\\\/\\\/www.laguiadepamplona.com\\\/actualidad\\\/#organization\"},\"potentialAction\":[{\"@type\":\"SearchAction\",\"target\":{\"@type\":\"EntryPoint\",\"urlTemplate\":\"https:\\\/\\\/www.laguiadepamplona.com\\\/actualidad\\\/?s={search_term_string}\"},\"query-input\":{\"@type\":\"PropertyValueSpecification\",\"valueRequired\":true,\"valueName\":\"search_term_string\"}}],\"inLanguage\":\"es\"},{\"@type\":\"Organization\",\"@id\":\"https:\\\/\\\/www.laguiadepamplona.com\\\/actualidad\\\/#organization\",\"name\":\"La Gu\u00eda de Pamplona \\\/ Noticias\",\"url\":\"https:\\\/\\\/www.laguiadepamplona.com\\\/actualidad\\\/\",\"logo\":{\"@type\":\"ImageObject\",\"inLanguage\":\"es\",\"@id\":\"https:\\\/\\\/www.laguiadepamplona.com\\\/actualidad\\\/#\\\/schema\\\/logo\\\/image\\\/\",\"url\":\"https:\\\/\\\/www.laguiadepamplona.com\\\/actualidad\\\/wp-content\\\/uploads\\\/2018\\\/11\\\/logo-laguiadepamplona18-web1.png\",\"contentUrl\":\"https:\\\/\\\/www.laguiadepamplona.com\\\/actualidad\\\/wp-content\\\/uploads\\\/2018\\\/11\\\/logo-laguiadepamplona18-web1.png\",\"width\":600,\"height\":196,\"caption\":\"La Gu\u00eda de Pamplona \\\/ Noticias\"},\"image\":{\"@id\":\"https:\\\/\\\/www.laguiadepamplona.com\\\/actualidad\\\/#\\\/schema\\\/logo\\\/image\\\/\"},\"sameAs\":[\"https:\\\/\\\/www.facebook.com\\\/laguiadepamplonacom-133175176762273\\\/?ref=hl\",\"https:\\\/\\\/x.com\\\/LaGuiadPamplona\",\"https:\\\/\\\/www.instagram.com\\\/la_guia_de_pamplona\\\/\",\"https:\\\/\\\/www.youtube.com\\\/user\\\/laguiadepamplona\"]},{\"@type\":\"Person\",\"@id\":\"https:\\\/\\\/www.laguiadepamplona.com\\\/actualidad\\\/#\\\/schema\\\/person\\\/efe887376f0213d4657c93adc50b1fdb\",\"name\":\"La Gu\u00eda de Pamplona\",\"image\":{\"@type\":\"ImageObject\",\"inLanguage\":\"es\",\"@id\":\"https:\\\/\\\/secure.gravatar.com\\\/avatar\\\/b6992f131dc8d30ab0dff15446e9d346d9dbd95992de0fef795073f5ea83a81c?s=96&d=mm&r=g\",\"url\":\"https:\\\/\\\/secure.gravatar.com\\\/avatar\\\/b6992f131dc8d30ab0dff15446e9d346d9dbd95992de0fef795073f5ea83a81c?s=96&d=mm&r=g\",\"contentUrl\":\"https:\\\/\\\/secure.gravatar.com\\\/avatar\\\/b6992f131dc8d30ab0dff15446e9d346d9dbd95992de0fef795073f5ea83a81c?s=96&d=mm&r=g\",\"caption\":\"La Gu\u00eda de Pamplona\"}}]}<\/script>\n<!-- \/ Yoast SEO plugin. -->","yoast_head_json":{"title":"El Ayuntamiento de Pamplona inicia la tramitaci\u00f3n para incluir el modelo de barandilla del le\u00f3n de V\u00edctor Eusa dentro del cat\u00e1logo de elementos protegidos de la ciudad","description":"Se recoge que el escudo y el color de los barrotes sean los elementos a mantener, ya que son los que dotan a la barandilla de identidad propia","robots":{"index":"index","follow":"follow","max-snippet":"max-snippet:-1","max-image-preview":"max-image-preview:large","max-video-preview":"max-video-preview:-1"},"canonical":"https:\/\/www.laguiadepamplona.com\/actualidad\/el-ayuntamiento-de-pamplona-inicia-la-tramitacion-para-incluir-el-modelo-de-barandilla-del-leon-de-victor-eusa-dentro-del-catalogo-de-elementos-protegidos-de-la-ciudad\/","og_locale":"es_ES","og_type":"article","og_title":"El Ayuntamiento de Pamplona inicia la tramitaci\u00f3n para incluir el modelo de barandilla del le\u00f3n de V\u00edctor Eusa dentro del cat\u00e1logo de elementos protegidos de la ciudad","og_description":"Se recoge que el escudo y el color de los barrotes sean los elementos a mantener, ya que son los que dotan a la barandilla de identidad propia","og_url":"https:\/\/www.laguiadepamplona.com\/actualidad\/el-ayuntamiento-de-pamplona-inicia-la-tramitacion-para-incluir-el-modelo-de-barandilla-del-leon-de-victor-eusa-dentro-del-catalogo-de-elementos-protegidos-de-la-ciudad\/","og_site_name":"La Gu\u00eda de Pamplona","article_publisher":"https:\/\/www.facebook.com\/laguiadepamplonacom-133175176762273\/?ref=hl","article_published_time":"2025-02-17T12:33:48+00:00","og_image":[{"width":850,"height":568,"url":"https:\/\/www.laguiadepamplona.com\/actualidad\/wp-content\/uploads\/2025\/02\/escudo_leon_valla.webp","type":"image\/webp"}],"author":"La Gu\u00eda de Pamplona","twitter_card":"summary_large_image","twitter_creator":"@LaGuiadPamplona","twitter_site":"@LaGuiadPamplona","twitter_misc":{"Escrito por":"La Gu\u00eda de Pamplona","Tiempo de lectura":"4 minutos"},"schema":{"@context":"https:\/\/schema.org","@graph":[{"@type":"Article","@id":"https:\/\/www.laguiadepamplona.com\/actualidad\/el-ayuntamiento-de-pamplona-inicia-la-tramitacion-para-incluir-el-modelo-de-barandilla-del-leon-de-victor-eusa-dentro-del-catalogo-de-elementos-protegidos-de-la-ciudad\/#article","isPartOf":{"@id":"https:\/\/www.laguiadepamplona.com\/actualidad\/el-ayuntamiento-de-pamplona-inicia-la-tramitacion-para-incluir-el-modelo-de-barandilla-del-leon-de-victor-eusa-dentro-del-catalogo-de-elementos-protegidos-de-la-ciudad\/"},"author":{"name":"La Gu\u00eda de Pamplona","@id":"https:\/\/www.laguiadepamplona.com\/actualidad\/#\/schema\/person\/efe887376f0213d4657c93adc50b1fdb"},"headline":"El Ayuntamiento de Pamplona inicia la tramitaci\u00f3n para incluir el modelo de barandilla del le\u00f3n de V\u00edctor Eusa dentro del cat\u00e1logo de elementos protegidos de la ciudad","datePublished":"2025-02-17T12:33:48+00:00","mainEntityOfPage":{"@id":"https:\/\/www.laguiadepamplona.com\/actualidad\/el-ayuntamiento-de-pamplona-inicia-la-tramitacion-para-incluir-el-modelo-de-barandilla-del-leon-de-victor-eusa-dentro-del-catalogo-de-elementos-protegidos-de-la-ciudad\/"},"wordCount":795,"commentCount":0,"publisher":{"@id":"https:\/\/www.laguiadepamplona.com\/actualidad\/#organization"},"image":{"@id":"https:\/\/www.laguiadepamplona.com\/actualidad\/el-ayuntamiento-de-pamplona-inicia-la-tramitacion-para-incluir-el-modelo-de-barandilla-del-leon-de-victor-eusa-dentro-del-catalogo-de-elementos-protegidos-de-la-ciudad\/#primaryimage"},"thumbnailUrl":"https:\/\/www.laguiadepamplona.com\/actualidad\/wp-content\/uploads\/2025\/02\/escudo_leon_valla.webp","articleSection":["Ayto Pamplona"],"inLanguage":"es","potentialAction":[{"@type":"CommentAction","name":"Comment","target":["https:\/\/www.laguiadepamplona.com\/actualidad\/el-ayuntamiento-de-pamplona-inicia-la-tramitacion-para-incluir-el-modelo-de-barandilla-del-leon-de-victor-eusa-dentro-del-catalogo-de-elementos-protegidos-de-la-ciudad\/#respond"]}]},{"@type":"WebPage","@id":"https:\/\/www.laguiadepamplona.com\/actualidad\/el-ayuntamiento-de-pamplona-inicia-la-tramitacion-para-incluir-el-modelo-de-barandilla-del-leon-de-victor-eusa-dentro-del-catalogo-de-elementos-protegidos-de-la-ciudad\/","url":"https:\/\/www.laguiadepamplona.com\/actualidad\/el-ayuntamiento-de-pamplona-inicia-la-tramitacion-para-incluir-el-modelo-de-barandilla-del-leon-de-victor-eusa-dentro-del-catalogo-de-elementos-protegidos-de-la-ciudad\/","name":"El Ayuntamiento de Pamplona inicia la tramitaci\u00f3n para incluir el modelo de barandilla del le\u00f3n de V\u00edctor Eusa dentro del cat\u00e1logo de elementos protegidos de la ciudad","isPartOf":{"@id":"https:\/\/www.laguiadepamplona.com\/actualidad\/#website"},"primaryImageOfPage":{"@id":"https:\/\/www.laguiadepamplona.com\/actualidad\/el-ayuntamiento-de-pamplona-inicia-la-tramitacion-para-incluir-el-modelo-de-barandilla-del-leon-de-victor-eusa-dentro-del-catalogo-de-elementos-protegidos-de-la-ciudad\/#primaryimage"},"image":{"@id":"https:\/\/www.laguiadepamplona.com\/actualidad\/el-ayuntamiento-de-pamplona-inicia-la-tramitacion-para-incluir-el-modelo-de-barandilla-del-leon-de-victor-eusa-dentro-del-catalogo-de-elementos-protegidos-de-la-ciudad\/#primaryimage"},"thumbnailUrl":"https:\/\/www.laguiadepamplona.com\/actualidad\/wp-content\/uploads\/2025\/02\/escudo_leon_valla.webp","datePublished":"2025-02-17T12:33:48+00:00","description":"Se recoge que el escudo y el color de los barrotes sean los elementos a mantener, ya que son los que dotan a la barandilla de identidad propia","breadcrumb":{"@id":"https:\/\/www.laguiadepamplona.com\/actualidad\/el-ayuntamiento-de-pamplona-inicia-la-tramitacion-para-incluir-el-modelo-de-barandilla-del-leon-de-victor-eusa-dentro-del-catalogo-de-elementos-protegidos-de-la-ciudad\/#breadcrumb"},"inLanguage":"es","potentialAction":[{"@type":"ReadAction","target":["https:\/\/www.laguiadepamplona.com\/actualidad\/el-ayuntamiento-de-pamplona-inicia-la-tramitacion-para-incluir-el-modelo-de-barandilla-del-leon-de-victor-eusa-dentro-del-catalogo-de-elementos-protegidos-de-la-ciudad\/"]}]},{"@type":"ImageObject","inLanguage":"es","@id":"https:\/\/www.laguiadepamplona.com\/actualidad\/el-ayuntamiento-de-pamplona-inicia-la-tramitacion-para-incluir-el-modelo-de-barandilla-del-leon-de-victor-eusa-dentro-del-catalogo-de-elementos-protegidos-de-la-ciudad\/#primaryimage","url":"https:\/\/www.laguiadepamplona.com\/actualidad\/wp-content\/uploads\/2025\/02\/escudo_leon_valla.webp","contentUrl":"https:\/\/www.laguiadepamplona.com\/actualidad\/wp-content\/uploads\/2025\/02\/escudo_leon_valla.webp","width":850,"height":568,"caption":"escudo le\u00f3n valla"},{"@type":"BreadcrumbList","@id":"https:\/\/www.laguiadepamplona.com\/actualidad\/el-ayuntamiento-de-pamplona-inicia-la-tramitacion-para-incluir-el-modelo-de-barandilla-del-leon-de-victor-eusa-dentro-del-catalogo-de-elementos-protegidos-de-la-ciudad\/#breadcrumb","itemListElement":[{"@type":"ListItem","position":1,"name":"Portada","item":"https:\/\/www.laguiadepamplona.com\/actualidad\/"},{"@type":"ListItem","position":2,"name":"El Ayuntamiento de Pamplona inicia la tramitaci\u00f3n para incluir el modelo de barandilla del le\u00f3n de V\u00edctor Eusa dentro del cat\u00e1logo de elementos protegidos de la ciudad"}]},{"@type":"WebSite","@id":"https:\/\/www.laguiadepamplona.com\/actualidad\/#website","url":"https:\/\/www.laguiadepamplona.com\/actualidad\/","name":"La gu\u00eda de Pamplona","description":"Noticias de Pamplona","publisher":{"@id":"https:\/\/www.laguiadepamplona.com\/actualidad\/#organization"},"potentialAction":[{"@type":"SearchAction","target":{"@type":"EntryPoint","urlTemplate":"https:\/\/www.laguiadepamplona.com\/actualidad\/?s={search_term_string}"},"query-input":{"@type":"PropertyValueSpecification","valueRequired":true,"valueName":"search_term_string"}}],"inLanguage":"es"},{"@type":"Organization","@id":"https:\/\/www.laguiadepamplona.com\/actualidad\/#organization","name":"La Gu\u00eda de Pamplona \/ Noticias","url":"https:\/\/www.laguiadepamplona.com\/actualidad\/","logo":{"@type":"ImageObject","inLanguage":"es","@id":"https:\/\/www.laguiadepamplona.com\/actualidad\/#\/schema\/logo\/image\/","url":"https:\/\/www.laguiadepamplona.com\/actualidad\/wp-content\/uploads\/2018\/11\/logo-laguiadepamplona18-web1.png","contentUrl":"https:\/\/www.laguiadepamplona.com\/actualidad\/wp-content\/uploads\/2018\/11\/logo-laguiadepamplona18-web1.png","width":600,"height":196,"caption":"La Gu\u00eda de Pamplona \/ Noticias"},"image":{"@id":"https:\/\/www.laguiadepamplona.com\/actualidad\/#\/schema\/logo\/image\/"},"sameAs":["https:\/\/www.facebook.com\/laguiadepamplonacom-133175176762273\/?ref=hl","https:\/\/x.com\/LaGuiadPamplona","https:\/\/www.instagram.com\/la_guia_de_pamplona\/","https:\/\/www.youtube.com\/user\/laguiadepamplona"]},{"@type":"Person","@id":"https:\/\/www.laguiadepamplona.com\/actualidad\/#\/schema\/person\/efe887376f0213d4657c93adc50b1fdb","name":"La Gu\u00eda de Pamplona","image":{"@type":"ImageObject","inLanguage":"es","@id":"https:\/\/secure.gravatar.com\/avatar\/b6992f131dc8d30ab0dff15446e9d346d9dbd95992de0fef795073f5ea83a81c?s=96&d=mm&r=g","url":"https:\/\/secure.gravatar.com\/avatar\/b6992f131dc8d30ab0dff15446e9d346d9dbd95992de0fef795073f5ea83a81c?s=96&d=mm&r=g","contentUrl":"https:\/\/secure.gravatar.com\/avatar\/b6992f131dc8d30ab0dff15446e9d346d9dbd95992de0fef795073f5ea83a81c?s=96&d=mm&r=g","caption":"La Gu\u00eda de Pamplona"}}]}},"post_mailing_queue_ids":[],"_links":{"self":[{"href":"https:\/\/www.laguiadepamplona.com\/actualidad\/wp-json\/wp\/v2\/posts\/52101","targetHints":{"allow":["GET"]}}],"collection":[{"href":"https:\/\/www.laguiadepamplona.com\/actualidad\/wp-json\/wp\/v2\/posts"}],"about":[{"href":"https:\/\/www.laguiadepamplona.com\/actualidad\/wp-json\/wp\/v2\/types\/post"}],"author":[{"embeddable":true,"href":"https:\/\/www.laguiadepamplona.com\/actualidad\/wp-json\/wp\/v2\/users\/1"}],"replies":[{"embeddable":true,"href":"https:\/\/www.laguiadepamplona.com\/actualidad\/wp-json\/wp\/v2\/comments?post=52101"}],"version-history":[{"count":1,"href":"https:\/\/www.laguiadepamplona.com\/actualidad\/wp-json\/wp\/v2\/posts\/52101\/revisions"}],"predecessor-version":[{"id":52103,"href":"https:\/\/www.laguiadepamplona.com\/actualidad\/wp-json\/wp\/v2\/posts\/52101\/revisions\/52103"}],"wp:featuredmedia":[{"embeddable":true,"href":"https:\/\/www.laguiadepamplona.com\/actualidad\/wp-json\/wp\/v2\/media\/52102"}],"wp:attachment":[{"href":"https:\/\/www.laguiadepamplona.com\/actualidad\/wp-json\/wp\/v2\/media?parent=52101"}],"wp:term":[{"taxonomy":"category","embeddable":true,"href":"https:\/\/www.laguiadepamplona.com\/actualidad\/wp-json\/wp\/v2\/categories?post=52101"},{"taxonomy":"post_tag","embeddable":true,"href":"https:\/\/www.laguiadepamplona.com\/actualidad\/wp-json\/wp\/v2\/tags?post=52101"}],"curies":[{"name":"wp","href":"https:\/\/api.w.org\/{rel}","templated":true}]}}