{"id":52098,"date":"2025-02-17T14:32:14","date_gmt":"2025-02-17T12:32:14","guid":{"rendered":"https:\/\/www.laguiadepamplona.com\/actualidad\/?p=52098"},"modified":"2025-02-17T14:32:14","modified_gmt":"2025-02-17T12:32:14","slug":"el-ayuntamiento-impulsara-el-asociacionismo-en-personas-migradas-para-apoyar-su-mayor-presencia-en-organos-participativos-y-su-mejor-acceso-a-recursos-y-servicios","status":"publish","type":"post","link":"https:\/\/www.laguiadepamplona.com\/actualidad\/el-ayuntamiento-impulsara-el-asociacionismo-en-personas-migradas-para-apoyar-su-mayor-presencia-en-organos-participativos-y-su-mejor-acceso-a-recursos-y-servicios\/","title":{"rendered":"El Ayuntamiento impulsar\u00e1 el asociacionismo en personas migradas para apoyar su mayor presencia en \u00f3rganos participativos y su mejor acceso a recursos y servicios"},"content":{"rendered":"<h2>El Consistorio convoca una reuni\u00f3n informativa con asociaciones del \u00e1mbito el pr\u00f3ximo martes 25 de febrero, en la sala de la calle Calderer\u00eda 11<\/h2>\n<p><!--more--><\/p>\n<p>El Ayuntamiento va comenzar una serie de iniciativas para fomentar el asociacionismo entre las personas migradas que viven en la ciudad. Pamplona es una ciudad diversa. El a\u00f1o pasado el Padr\u00f3n registraba un 27% de la poblaci\u00f3n procedente de decenas de pa\u00edses, los m\u00e1s frecuentes Colombia, Ecuador y Per\u00fa, seguidos de Bolivia, Bulgaria y Marruecos. Ese peso num\u00e9rico hoy no se corresponde con su presencia en \u00f3rganos participativos municipales, ni en el uso de los recursos que el Consistorio pone al servicio de la ciudadan\u00eda.<\/p>\n<p>El Consistorio convoca el pr\u00f3ximo 25 de febrero a las 18.30 horas, a asociaciones y organizaciones que trabajan con personas de origen migrante o en el \u00e1mbito de la diversidad cultural para explorar de forma conjunta posibilidades para mejorar esta situaci\u00f3n; para como poner en marcha un proceso de reflexi\u00f3n que haga m\u00e1s inclusivos los espacios, revaluar los propios canales de difusi\u00f3n y comunicaci\u00f3n, y fomentar el conocimiento y el uso de los espacios y recursos municipales por parte de las personas migradas y de las asociaciones.<\/p>\n<p>La concejala delegada de Igualdad, Acci\u00f3n Comunitaria, Barrios, Participaci\u00f3n Ciudadana y Euskera, Zaloa Basabe Guti\u00e9rrez ha informado de la convocatoria y ha avanzado que su \u00e1rea publicar\u00e1 pr\u00f3ximamente una gu\u00eda para informar y facilitar los procesos de asociacionismo. La \u2018Gu\u00eda de apoyo para las Asociaciones de diversidad cultural\u2019 se editar\u00e1 en castellano, euskera, ingl\u00e9s, franc\u00e9s, ruso y \u00e1rabe. Adem\u00e1s, est\u00e1 previsto que, en la pr\u00f3xima convocatoria municipal de subvenciones para Diversidad Cultural, que se realizar\u00e1 en breve, el \u00e1rea organice un proceso de acompa\u00f1amiento y asesoramiento para facilitar la presentaci\u00f3n de los proyectos.<\/p>\n<p>Dentro del orden del d\u00eda del encuentro del martes 25 de febrero est\u00e1 previsto presentar la gu\u00eda, informar de aquellos servicios y recursos municipales a disposici\u00f3n de las entidades, como son Zentro, los Centros Comunitarios, la Casa de la Juventud, la Casa de las Mujeres, las bibliotecas p\u00fablicas de la ciudad, la red Civivox, los diferentes polideportivos municipales, etc. La idea es facilitar aspectos como las reservas de salas y espacios.<\/p>\n<p>Estas acciones se enmarcan en el I Plan de Diversidad Cultural de Pamplona (2023 \u2013 2026) tiene por objetivo poner en valor la diversidad cultural como fuente de enriquecimiento de la sociedad. El texto se agrupa en cuatro l\u00edneas estrat\u00e9gicas, Interculturalidad, Ciudad educadora y mediadora, Conocer m\u00e1s para desterrar el prejuicio y Apostar por la Ciudadan\u00eda, que incluyen m\u00e1s de 150 acciones.<\/p>\n<p>Esta misma tarde est\u00e1 previsto la reuni\u00f3n del Foro de Diversidad (Calderer\u00eda 11 a las 18.30 horas) y pr\u00f3ximamente se convocar\u00e1 una sesi\u00f3n de trabajo sobre espacios de participaci\u00f3n inclusiva en Sanfermines, con la participaci\u00f3n del \u00c1rea de Cultura del Ayuntamiento de Pamplona.<\/p>\n","protected":false},"excerpt":{"rendered":"<p>El Consistorio convoca una reuni\u00f3n informativa con asociaciones del \u00e1mbito el pr\u00f3ximo martes 25 de febrero, en la sala de la calle Calderer\u00eda 11<\/p>\n","protected":false},"author":1,"featured_media":52099,"comment_status":"open","ping_status":"closed","sticky":false,"template":"","format":"standard","meta":{"footnotes":""},"categories":[2],"tags":[],"class_list":["post-52098","post","type-post","status-publish","format-standard","has-post-thumbnail","hentry","category-ayuntamiento-pamplona"],"yoast_head":"<!-- This site is optimized with the Yoast SEO plugin v27.3 - https:\/\/yoast.com\/product\/yoast-seo-wordpress\/ -->\n<title>El Ayuntamiento impulsar\u00e1 el asociacionismo en personas migradas para apoyar su mayor presencia en \u00f3rganos participativos y su mejor acceso a recursos y servicios<\/title>\n<meta name=\"description\" content=\"El Consistorio convoca una reuni\u00f3n informativa con asociaciones del \u00e1mbito el pr\u00f3ximo martes 25 de febrero, en la sala de la calle Calderer\u00eda 11\" \/>\n<meta name=\"robots\" content=\"index, follow, max-snippet:-1, max-image-preview:large, max-video-preview:-1\" \/>\n<link rel=\"canonical\" href=\"https:\/\/www.laguiadepamplona.com\/actualidad\/el-ayuntamiento-impulsara-el-asociacionismo-en-personas-migradas-para-apoyar-su-mayor-presencia-en-organos-participativos-y-su-mejor-acceso-a-recursos-y-servicios\/\" \/>\n<meta property=\"og:locale\" content=\"es_ES\" \/>\n<meta property=\"og:type\" content=\"article\" \/>\n<meta property=\"og:title\" content=\"El Ayuntamiento impulsar\u00e1 el asociacionismo en personas migradas para apoyar su mayor presencia en \u00f3rganos participativos y su mejor acceso a recursos y servicios\" \/>\n<meta property=\"og:description\" content=\"El Consistorio convoca una reuni\u00f3n informativa con asociaciones del \u00e1mbito el pr\u00f3ximo martes 25 de febrero, en la sala de la calle Calderer\u00eda 11\" \/>\n<meta property=\"og:url\" content=\"https:\/\/www.laguiadepamplona.com\/actualidad\/el-ayuntamiento-impulsara-el-asociacionismo-en-personas-migradas-para-apoyar-su-mayor-presencia-en-organos-participativos-y-su-mejor-acceso-a-recursos-y-servicios\/\" \/>\n<meta property=\"og:site_name\" content=\"La Gu\u00eda de Pamplona\" \/>\n<meta property=\"article:publisher\" content=\"https:\/\/www.facebook.com\/laguiadepamplonacom-133175176762273\/?ref=hl\" \/>\n<meta property=\"article:published_time\" content=\"2025-02-17T12:32:14+00:00\" \/>\n<meta property=\"og:image\" content=\"https:\/\/www.laguiadepamplona.com\/actualidad\/wp-content\/uploads\/2025\/02\/250217reunionpersonasmigradascartel.webp\" \/>\n\t<meta property=\"og:image:width\" content=\"1000\" \/>\n\t<meta property=\"og:image:height\" content=\"644\" \/>\n\t<meta property=\"og:image:type\" content=\"image\/webp\" \/>\n<meta name=\"author\" content=\"La Gu\u00eda de Pamplona\" \/>\n<meta name=\"twitter:card\" content=\"summary_large_image\" \/>\n<meta name=\"twitter:creator\" content=\"@LaGuiadPamplona\" \/>\n<meta name=\"twitter:site\" content=\"@LaGuiadPamplona\" \/>\n<meta name=\"twitter:label1\" content=\"Escrito por\" \/>\n\t<meta name=\"twitter:data1\" content=\"La Gu\u00eda de Pamplona\" \/>\n\t<meta name=\"twitter:label2\" content=\"Tiempo de lectura\" \/>\n\t<meta name=\"twitter:data2\" content=\"3 minutos\" \/>\n<script type=\"application\/ld+json\" class=\"yoast-schema-graph\">{\"@context\":\"https:\\\/\\\/schema.org\",\"@graph\":[{\"@type\":\"Article\",\"@id\":\"https:\\\/\\\/www.laguiadepamplona.com\\\/actualidad\\\/el-ayuntamiento-impulsara-el-asociacionismo-en-personas-migradas-para-apoyar-su-mayor-presencia-en-organos-participativos-y-su-mejor-acceso-a-recursos-y-servicios\\\/#article\",\"isPartOf\":{\"@id\":\"https:\\\/\\\/www.laguiadepamplona.com\\\/actualidad\\\/el-ayuntamiento-impulsara-el-asociacionismo-en-personas-migradas-para-apoyar-su-mayor-presencia-en-organos-participativos-y-su-mejor-acceso-a-recursos-y-servicios\\\/\"},\"author\":{\"name\":\"La Gu\u00eda de Pamplona\",\"@id\":\"https:\\\/\\\/www.laguiadepamplona.com\\\/actualidad\\\/#\\\/schema\\\/person\\\/efe887376f0213d4657c93adc50b1fdb\"},\"headline\":\"El Ayuntamiento impulsar\u00e1 el asociacionismo en personas migradas para apoyar su mayor presencia en \u00f3rganos participativos y su mejor acceso a recursos y servicios\",\"datePublished\":\"2025-02-17T12:32:14+00:00\",\"mainEntityOfPage\":{\"@id\":\"https:\\\/\\\/www.laguiadepamplona.com\\\/actualidad\\\/el-ayuntamiento-impulsara-el-asociacionismo-en-personas-migradas-para-apoyar-su-mayor-presencia-en-organos-participativos-y-su-mejor-acceso-a-recursos-y-servicios\\\/\"},\"wordCount\":520,\"commentCount\":0,\"publisher\":{\"@id\":\"https:\\\/\\\/www.laguiadepamplona.com\\\/actualidad\\\/#organization\"},\"image\":{\"@id\":\"https:\\\/\\\/www.laguiadepamplona.com\\\/actualidad\\\/el-ayuntamiento-impulsara-el-asociacionismo-en-personas-migradas-para-apoyar-su-mayor-presencia-en-organos-participativos-y-su-mejor-acceso-a-recursos-y-servicios\\\/#primaryimage\"},\"thumbnailUrl\":\"https:\\\/\\\/www.laguiadepamplona.com\\\/actualidad\\\/wp-content\\\/uploads\\\/2025\\\/02\\\/250217reunionpersonasmigradascartel.webp\",\"articleSection\":[\"Ayto Pamplona\"],\"inLanguage\":\"es\",\"potentialAction\":[{\"@type\":\"CommentAction\",\"name\":\"Comment\",\"target\":[\"https:\\\/\\\/www.laguiadepamplona.com\\\/actualidad\\\/el-ayuntamiento-impulsara-el-asociacionismo-en-personas-migradas-para-apoyar-su-mayor-presencia-en-organos-participativos-y-su-mejor-acceso-a-recursos-y-servicios\\\/#respond\"]}]},{\"@type\":\"WebPage\",\"@id\":\"https:\\\/\\\/www.laguiadepamplona.com\\\/actualidad\\\/el-ayuntamiento-impulsara-el-asociacionismo-en-personas-migradas-para-apoyar-su-mayor-presencia-en-organos-participativos-y-su-mejor-acceso-a-recursos-y-servicios\\\/\",\"url\":\"https:\\\/\\\/www.laguiadepamplona.com\\\/actualidad\\\/el-ayuntamiento-impulsara-el-asociacionismo-en-personas-migradas-para-apoyar-su-mayor-presencia-en-organos-participativos-y-su-mejor-acceso-a-recursos-y-servicios\\\/\",\"name\":\"El Ayuntamiento impulsar\u00e1 el asociacionismo en personas migradas para apoyar su mayor presencia en \u00f3rganos participativos y su mejor acceso a recursos y servicios\",\"isPartOf\":{\"@id\":\"https:\\\/\\\/www.laguiadepamplona.com\\\/actualidad\\\/#website\"},\"primaryImageOfPage\":{\"@id\":\"https:\\\/\\\/www.laguiadepamplona.com\\\/actualidad\\\/el-ayuntamiento-impulsara-el-asociacionismo-en-personas-migradas-para-apoyar-su-mayor-presencia-en-organos-participativos-y-su-mejor-acceso-a-recursos-y-servicios\\\/#primaryimage\"},\"image\":{\"@id\":\"https:\\\/\\\/www.laguiadepamplona.com\\\/actualidad\\\/el-ayuntamiento-impulsara-el-asociacionismo-en-personas-migradas-para-apoyar-su-mayor-presencia-en-organos-participativos-y-su-mejor-acceso-a-recursos-y-servicios\\\/#primaryimage\"},\"thumbnailUrl\":\"https:\\\/\\\/www.laguiadepamplona.com\\\/actualidad\\\/wp-content\\\/uploads\\\/2025\\\/02\\\/250217reunionpersonasmigradascartel.webp\",\"datePublished\":\"2025-02-17T12:32:14+00:00\",\"description\":\"El Consistorio convoca una reuni\u00f3n informativa con asociaciones del \u00e1mbito el pr\u00f3ximo martes 25 de febrero, en la sala de la calle Calderer\u00eda 11\",\"breadcrumb\":{\"@id\":\"https:\\\/\\\/www.laguiadepamplona.com\\\/actualidad\\\/el-ayuntamiento-impulsara-el-asociacionismo-en-personas-migradas-para-apoyar-su-mayor-presencia-en-organos-participativos-y-su-mejor-acceso-a-recursos-y-servicios\\\/#breadcrumb\"},\"inLanguage\":\"es\",\"potentialAction\":[{\"@type\":\"ReadAction\",\"target\":[\"https:\\\/\\\/www.laguiadepamplona.com\\\/actualidad\\\/el-ayuntamiento-impulsara-el-asociacionismo-en-personas-migradas-para-apoyar-su-mayor-presencia-en-organos-participativos-y-su-mejor-acceso-a-recursos-y-servicios\\\/\"]}]},{\"@type\":\"ImageObject\",\"inLanguage\":\"es\",\"@id\":\"https:\\\/\\\/www.laguiadepamplona.com\\\/actualidad\\\/el-ayuntamiento-impulsara-el-asociacionismo-en-personas-migradas-para-apoyar-su-mayor-presencia-en-organos-participativos-y-su-mejor-acceso-a-recursos-y-servicios\\\/#primaryimage\",\"url\":\"https:\\\/\\\/www.laguiadepamplona.com\\\/actualidad\\\/wp-content\\\/uploads\\\/2025\\\/02\\\/250217reunionpersonasmigradascartel.webp\",\"contentUrl\":\"https:\\\/\\\/www.laguiadepamplona.com\\\/actualidad\\\/wp-content\\\/uploads\\\/2025\\\/02\\\/250217reunionpersonasmigradascartel.webp\",\"width\":1000,\"height\":644,\"caption\":\"cartel personas migrantes\"},{\"@type\":\"BreadcrumbList\",\"@id\":\"https:\\\/\\\/www.laguiadepamplona.com\\\/actualidad\\\/el-ayuntamiento-impulsara-el-asociacionismo-en-personas-migradas-para-apoyar-su-mayor-presencia-en-organos-participativos-y-su-mejor-acceso-a-recursos-y-servicios\\\/#breadcrumb\",\"itemListElement\":[{\"@type\":\"ListItem\",\"position\":1,\"name\":\"Portada\",\"item\":\"https:\\\/\\\/www.laguiadepamplona.com\\\/actualidad\\\/\"},{\"@type\":\"ListItem\",\"position\":2,\"name\":\"El Ayuntamiento impulsar\u00e1 el asociacionismo en personas migradas para apoyar su mayor presencia en \u00f3rganos participativos y su mejor acceso a recursos y servicios\"}]},{\"@type\":\"WebSite\",\"@id\":\"https:\\\/\\\/www.laguiadepamplona.com\\\/actualidad\\\/#website\",\"url\":\"https:\\\/\\\/www.laguiadepamplona.com\\\/actualidad\\\/\",\"name\":\"La gu\u00eda de Pamplona\",\"description\":\"Noticias de Pamplona\",\"publisher\":{\"@id\":\"https:\\\/\\\/www.laguiadepamplona.com\\\/actualidad\\\/#organization\"},\"potentialAction\":[{\"@type\":\"SearchAction\",\"target\":{\"@type\":\"EntryPoint\",\"urlTemplate\":\"https:\\\/\\\/www.laguiadepamplona.com\\\/actualidad\\\/?s={search_term_string}\"},\"query-input\":{\"@type\":\"PropertyValueSpecification\",\"valueRequired\":true,\"valueName\":\"search_term_string\"}}],\"inLanguage\":\"es\"},{\"@type\":\"Organization\",\"@id\":\"https:\\\/\\\/www.laguiadepamplona.com\\\/actualidad\\\/#organization\",\"name\":\"La Gu\u00eda de Pamplona \\\/ Noticias\",\"url\":\"https:\\\/\\\/www.laguiadepamplona.com\\\/actualidad\\\/\",\"logo\":{\"@type\":\"ImageObject\",\"inLanguage\":\"es\",\"@id\":\"https:\\\/\\\/www.laguiadepamplona.com\\\/actualidad\\\/#\\\/schema\\\/logo\\\/image\\\/\",\"url\":\"https:\\\/\\\/www.laguiadepamplona.com\\\/actualidad\\\/wp-content\\\/uploads\\\/2018\\\/11\\\/logo-laguiadepamplona18-web1.png\",\"contentUrl\":\"https:\\\/\\\/www.laguiadepamplona.com\\\/actualidad\\\/wp-content\\\/uploads\\\/2018\\\/11\\\/logo-laguiadepamplona18-web1.png\",\"width\":600,\"height\":196,\"caption\":\"La Gu\u00eda de Pamplona \\\/ Noticias\"},\"image\":{\"@id\":\"https:\\\/\\\/www.laguiadepamplona.com\\\/actualidad\\\/#\\\/schema\\\/logo\\\/image\\\/\"},\"sameAs\":[\"https:\\\/\\\/www.facebook.com\\\/laguiadepamplonacom-133175176762273\\\/?ref=hl\",\"https:\\\/\\\/x.com\\\/LaGuiadPamplona\",\"https:\\\/\\\/www.instagram.com\\\/la_guia_de_pamplona\\\/\",\"https:\\\/\\\/www.youtube.com\\\/user\\\/laguiadepamplona\"]},{\"@type\":\"Person\",\"@id\":\"https:\\\/\\\/www.laguiadepamplona.com\\\/actualidad\\\/#\\\/schema\\\/person\\\/efe887376f0213d4657c93adc50b1fdb\",\"name\":\"La Gu\u00eda de Pamplona\",\"image\":{\"@type\":\"ImageObject\",\"inLanguage\":\"es\",\"@id\":\"https:\\\/\\\/secure.gravatar.com\\\/avatar\\\/b6992f131dc8d30ab0dff15446e9d346d9dbd95992de0fef795073f5ea83a81c?s=96&d=mm&r=g\",\"url\":\"https:\\\/\\\/secure.gravatar.com\\\/avatar\\\/b6992f131dc8d30ab0dff15446e9d346d9dbd95992de0fef795073f5ea83a81c?s=96&d=mm&r=g\",\"contentUrl\":\"https:\\\/\\\/secure.gravatar.com\\\/avatar\\\/b6992f131dc8d30ab0dff15446e9d346d9dbd95992de0fef795073f5ea83a81c?s=96&d=mm&r=g\",\"caption\":\"La Gu\u00eda de Pamplona\"}}]}<\/script>\n<!-- \/ Yoast SEO plugin. -->","yoast_head_json":{"title":"El Ayuntamiento impulsar\u00e1 el asociacionismo en personas migradas para apoyar su mayor presencia en \u00f3rganos participativos y su mejor acceso a recursos y servicios","description":"El Consistorio convoca una reuni\u00f3n informativa con asociaciones del \u00e1mbito el pr\u00f3ximo martes 25 de febrero, en la sala de la calle Calderer\u00eda 11","robots":{"index":"index","follow":"follow","max-snippet":"max-snippet:-1","max-image-preview":"max-image-preview:large","max-video-preview":"max-video-preview:-1"},"canonical":"https:\/\/www.laguiadepamplona.com\/actualidad\/el-ayuntamiento-impulsara-el-asociacionismo-en-personas-migradas-para-apoyar-su-mayor-presencia-en-organos-participativos-y-su-mejor-acceso-a-recursos-y-servicios\/","og_locale":"es_ES","og_type":"article","og_title":"El Ayuntamiento impulsar\u00e1 el asociacionismo en personas migradas para apoyar su mayor presencia en \u00f3rganos participativos y su mejor acceso a recursos y servicios","og_description":"El Consistorio convoca una reuni\u00f3n informativa con asociaciones del \u00e1mbito el pr\u00f3ximo martes 25 de febrero, en la sala de la calle Calderer\u00eda 11","og_url":"https:\/\/www.laguiadepamplona.com\/actualidad\/el-ayuntamiento-impulsara-el-asociacionismo-en-personas-migradas-para-apoyar-su-mayor-presencia-en-organos-participativos-y-su-mejor-acceso-a-recursos-y-servicios\/","og_site_name":"La Gu\u00eda de Pamplona","article_publisher":"https:\/\/www.facebook.com\/laguiadepamplonacom-133175176762273\/?ref=hl","article_published_time":"2025-02-17T12:32:14+00:00","og_image":[{"width":1000,"height":644,"url":"https:\/\/www.laguiadepamplona.com\/actualidad\/wp-content\/uploads\/2025\/02\/250217reunionpersonasmigradascartel.webp","type":"image\/webp"}],"author":"La Gu\u00eda de Pamplona","twitter_card":"summary_large_image","twitter_creator":"@LaGuiadPamplona","twitter_site":"@LaGuiadPamplona","twitter_misc":{"Escrito por":"La Gu\u00eda de Pamplona","Tiempo de lectura":"3 minutos"},"schema":{"@context":"https:\/\/schema.org","@graph":[{"@type":"Article","@id":"https:\/\/www.laguiadepamplona.com\/actualidad\/el-ayuntamiento-impulsara-el-asociacionismo-en-personas-migradas-para-apoyar-su-mayor-presencia-en-organos-participativos-y-su-mejor-acceso-a-recursos-y-servicios\/#article","isPartOf":{"@id":"https:\/\/www.laguiadepamplona.com\/actualidad\/el-ayuntamiento-impulsara-el-asociacionismo-en-personas-migradas-para-apoyar-su-mayor-presencia-en-organos-participativos-y-su-mejor-acceso-a-recursos-y-servicios\/"},"author":{"name":"La Gu\u00eda de Pamplona","@id":"https:\/\/www.laguiadepamplona.com\/actualidad\/#\/schema\/person\/efe887376f0213d4657c93adc50b1fdb"},"headline":"El Ayuntamiento impulsar\u00e1 el asociacionismo en personas migradas para apoyar su mayor presencia en \u00f3rganos participativos y su mejor acceso a recursos y servicios","datePublished":"2025-02-17T12:32:14+00:00","mainEntityOfPage":{"@id":"https:\/\/www.laguiadepamplona.com\/actualidad\/el-ayuntamiento-impulsara-el-asociacionismo-en-personas-migradas-para-apoyar-su-mayor-presencia-en-organos-participativos-y-su-mejor-acceso-a-recursos-y-servicios\/"},"wordCount":520,"commentCount":0,"publisher":{"@id":"https:\/\/www.laguiadepamplona.com\/actualidad\/#organization"},"image":{"@id":"https:\/\/www.laguiadepamplona.com\/actualidad\/el-ayuntamiento-impulsara-el-asociacionismo-en-personas-migradas-para-apoyar-su-mayor-presencia-en-organos-participativos-y-su-mejor-acceso-a-recursos-y-servicios\/#primaryimage"},"thumbnailUrl":"https:\/\/www.laguiadepamplona.com\/actualidad\/wp-content\/uploads\/2025\/02\/250217reunionpersonasmigradascartel.webp","articleSection":["Ayto Pamplona"],"inLanguage":"es","potentialAction":[{"@type":"CommentAction","name":"Comment","target":["https:\/\/www.laguiadepamplona.com\/actualidad\/el-ayuntamiento-impulsara-el-asociacionismo-en-personas-migradas-para-apoyar-su-mayor-presencia-en-organos-participativos-y-su-mejor-acceso-a-recursos-y-servicios\/#respond"]}]},{"@type":"WebPage","@id":"https:\/\/www.laguiadepamplona.com\/actualidad\/el-ayuntamiento-impulsara-el-asociacionismo-en-personas-migradas-para-apoyar-su-mayor-presencia-en-organos-participativos-y-su-mejor-acceso-a-recursos-y-servicios\/","url":"https:\/\/www.laguiadepamplona.com\/actualidad\/el-ayuntamiento-impulsara-el-asociacionismo-en-personas-migradas-para-apoyar-su-mayor-presencia-en-organos-participativos-y-su-mejor-acceso-a-recursos-y-servicios\/","name":"El Ayuntamiento impulsar\u00e1 el asociacionismo en personas migradas para apoyar su mayor presencia en \u00f3rganos participativos y su mejor acceso a recursos y servicios","isPartOf":{"@id":"https:\/\/www.laguiadepamplona.com\/actualidad\/#website"},"primaryImageOfPage":{"@id":"https:\/\/www.laguiadepamplona.com\/actualidad\/el-ayuntamiento-impulsara-el-asociacionismo-en-personas-migradas-para-apoyar-su-mayor-presencia-en-organos-participativos-y-su-mejor-acceso-a-recursos-y-servicios\/#primaryimage"},"image":{"@id":"https:\/\/www.laguiadepamplona.com\/actualidad\/el-ayuntamiento-impulsara-el-asociacionismo-en-personas-migradas-para-apoyar-su-mayor-presencia-en-organos-participativos-y-su-mejor-acceso-a-recursos-y-servicios\/#primaryimage"},"thumbnailUrl":"https:\/\/www.laguiadepamplona.com\/actualidad\/wp-content\/uploads\/2025\/02\/250217reunionpersonasmigradascartel.webp","datePublished":"2025-02-17T12:32:14+00:00","description":"El Consistorio convoca una reuni\u00f3n informativa con asociaciones del \u00e1mbito el pr\u00f3ximo martes 25 de febrero, en la sala de la calle Calderer\u00eda 11","breadcrumb":{"@id":"https:\/\/www.laguiadepamplona.com\/actualidad\/el-ayuntamiento-impulsara-el-asociacionismo-en-personas-migradas-para-apoyar-su-mayor-presencia-en-organos-participativos-y-su-mejor-acceso-a-recursos-y-servicios\/#breadcrumb"},"inLanguage":"es","potentialAction":[{"@type":"ReadAction","target":["https:\/\/www.laguiadepamplona.com\/actualidad\/el-ayuntamiento-impulsara-el-asociacionismo-en-personas-migradas-para-apoyar-su-mayor-presencia-en-organos-participativos-y-su-mejor-acceso-a-recursos-y-servicios\/"]}]},{"@type":"ImageObject","inLanguage":"es","@id":"https:\/\/www.laguiadepamplona.com\/actualidad\/el-ayuntamiento-impulsara-el-asociacionismo-en-personas-migradas-para-apoyar-su-mayor-presencia-en-organos-participativos-y-su-mejor-acceso-a-recursos-y-servicios\/#primaryimage","url":"https:\/\/www.laguiadepamplona.com\/actualidad\/wp-content\/uploads\/2025\/02\/250217reunionpersonasmigradascartel.webp","contentUrl":"https:\/\/www.laguiadepamplona.com\/actualidad\/wp-content\/uploads\/2025\/02\/250217reunionpersonasmigradascartel.webp","width":1000,"height":644,"caption":"cartel personas migrantes"},{"@type":"BreadcrumbList","@id":"https:\/\/www.laguiadepamplona.com\/actualidad\/el-ayuntamiento-impulsara-el-asociacionismo-en-personas-migradas-para-apoyar-su-mayor-presencia-en-organos-participativos-y-su-mejor-acceso-a-recursos-y-servicios\/#breadcrumb","itemListElement":[{"@type":"ListItem","position":1,"name":"Portada","item":"https:\/\/www.laguiadepamplona.com\/actualidad\/"},{"@type":"ListItem","position":2,"name":"El Ayuntamiento impulsar\u00e1 el asociacionismo en personas migradas para apoyar su mayor presencia en \u00f3rganos participativos y su mejor acceso a recursos y servicios"}]},{"@type":"WebSite","@id":"https:\/\/www.laguiadepamplona.com\/actualidad\/#website","url":"https:\/\/www.laguiadepamplona.com\/actualidad\/","name":"La gu\u00eda de Pamplona","description":"Noticias de Pamplona","publisher":{"@id":"https:\/\/www.laguiadepamplona.com\/actualidad\/#organization"},"potentialAction":[{"@type":"SearchAction","target":{"@type":"EntryPoint","urlTemplate":"https:\/\/www.laguiadepamplona.com\/actualidad\/?s={search_term_string}"},"query-input":{"@type":"PropertyValueSpecification","valueRequired":true,"valueName":"search_term_string"}}],"inLanguage":"es"},{"@type":"Organization","@id":"https:\/\/www.laguiadepamplona.com\/actualidad\/#organization","name":"La Gu\u00eda de Pamplona \/ Noticias","url":"https:\/\/www.laguiadepamplona.com\/actualidad\/","logo":{"@type":"ImageObject","inLanguage":"es","@id":"https:\/\/www.laguiadepamplona.com\/actualidad\/#\/schema\/logo\/image\/","url":"https:\/\/www.laguiadepamplona.com\/actualidad\/wp-content\/uploads\/2018\/11\/logo-laguiadepamplona18-web1.png","contentUrl":"https:\/\/www.laguiadepamplona.com\/actualidad\/wp-content\/uploads\/2018\/11\/logo-laguiadepamplona18-web1.png","width":600,"height":196,"caption":"La Gu\u00eda de Pamplona \/ Noticias"},"image":{"@id":"https:\/\/www.laguiadepamplona.com\/actualidad\/#\/schema\/logo\/image\/"},"sameAs":["https:\/\/www.facebook.com\/laguiadepamplonacom-133175176762273\/?ref=hl","https:\/\/x.com\/LaGuiadPamplona","https:\/\/www.instagram.com\/la_guia_de_pamplona\/","https:\/\/www.youtube.com\/user\/laguiadepamplona"]},{"@type":"Person","@id":"https:\/\/www.laguiadepamplona.com\/actualidad\/#\/schema\/person\/efe887376f0213d4657c93adc50b1fdb","name":"La Gu\u00eda de Pamplona","image":{"@type":"ImageObject","inLanguage":"es","@id":"https:\/\/secure.gravatar.com\/avatar\/b6992f131dc8d30ab0dff15446e9d346d9dbd95992de0fef795073f5ea83a81c?s=96&d=mm&r=g","url":"https:\/\/secure.gravatar.com\/avatar\/b6992f131dc8d30ab0dff15446e9d346d9dbd95992de0fef795073f5ea83a81c?s=96&d=mm&r=g","contentUrl":"https:\/\/secure.gravatar.com\/avatar\/b6992f131dc8d30ab0dff15446e9d346d9dbd95992de0fef795073f5ea83a81c?s=96&d=mm&r=g","caption":"La Gu\u00eda de Pamplona"}}]}},"post_mailing_queue_ids":[],"_links":{"self":[{"href":"https:\/\/www.laguiadepamplona.com\/actualidad\/wp-json\/wp\/v2\/posts\/52098","targetHints":{"allow":["GET"]}}],"collection":[{"href":"https:\/\/www.laguiadepamplona.com\/actualidad\/wp-json\/wp\/v2\/posts"}],"about":[{"href":"https:\/\/www.laguiadepamplona.com\/actualidad\/wp-json\/wp\/v2\/types\/post"}],"author":[{"embeddable":true,"href":"https:\/\/www.laguiadepamplona.com\/actualidad\/wp-json\/wp\/v2\/users\/1"}],"replies":[{"embeddable":true,"href":"https:\/\/www.laguiadepamplona.com\/actualidad\/wp-json\/wp\/v2\/comments?post=52098"}],"version-history":[{"count":1,"href":"https:\/\/www.laguiadepamplona.com\/actualidad\/wp-json\/wp\/v2\/posts\/52098\/revisions"}],"predecessor-version":[{"id":52100,"href":"https:\/\/www.laguiadepamplona.com\/actualidad\/wp-json\/wp\/v2\/posts\/52098\/revisions\/52100"}],"wp:featuredmedia":[{"embeddable":true,"href":"https:\/\/www.laguiadepamplona.com\/actualidad\/wp-json\/wp\/v2\/media\/52099"}],"wp:attachment":[{"href":"https:\/\/www.laguiadepamplona.com\/actualidad\/wp-json\/wp\/v2\/media?parent=52098"}],"wp:term":[{"taxonomy":"category","embeddable":true,"href":"https:\/\/www.laguiadepamplona.com\/actualidad\/wp-json\/wp\/v2\/categories?post=52098"},{"taxonomy":"post_tag","embeddable":true,"href":"https:\/\/www.laguiadepamplona.com\/actualidad\/wp-json\/wp\/v2\/tags?post=52098"}],"curies":[{"name":"wp","href":"https:\/\/api.w.org\/{rel}","templated":true}]}}