{"id":52096,"date":"2025-02-14T16:46:15","date_gmt":"2025-02-14T14:46:15","guid":{"rendered":"https:\/\/www.laguiadepamplona.com\/actualidad\/?p=52096"},"modified":"2025-02-14T16:46:15","modified_gmt":"2025-02-14T14:46:15","slug":"la-escuela-municipal-de-artes-y-oficios-catalina-de-oscariz-abre-este-lunes-las-preinscripciones-para-los-talleres-de-acuarela-y-pastel-del-tercer-trimestre-del-curso","status":"publish","type":"post","link":"https:\/\/www.laguiadepamplona.com\/actualidad\/la-escuela-municipal-de-artes-y-oficios-catalina-de-oscariz-abre-este-lunes-las-preinscripciones-para-los-talleres-de-acuarela-y-pastel-del-tercer-trimestre-del-curso\/","title":{"rendered":"La Escuela Municipal de Artes y Oficios Catalina de Osc\u00e1riz abre este lunes las preinscripciones para los talleres de acuarela y pastel del tercer trimestre del curso"},"content":{"rendered":"<h2>Las personas interesadas, que deben tener conocimientos b\u00e1sicos de pintura y dibujo, pueden preinscribirse a trav\u00e9s del 010 hasta el 6 de marzo<\/h2>\n<p><!--more--><\/p>\n<p>Este lunes 17 de febrero se abre el plazo de preinscripci\u00f3n para los dos talleres de acuarela y pastel que oferta la Escuela Municipal de Artes y Oficios Catalina de Osc\u00e1riz para el tercer trimestre del curso, entre los meses de marzo y junio. Las preinscripciones se pueden realizar a trav\u00e9s del tel\u00e9fono 010 \u2013 948 420 100. Se requieren conocimientos b\u00e1sicos de dibujo y pintura para poder cursar los talleres. El plazo concluye el 6 de marzo.<\/p>\n<p>El 7 de marzo, tras la revisi\u00f3n de las preinscripciones recibidas se proceder\u00e1, si fuera necesario, a un sorteo para adjudicar las plazas. Cada taller ofrece veinte plazas. Una vez comunicada la admisi\u00f3n en los talleres a trav\u00e9s de un SMS, se abrir\u00e1 un nuevo plazo, entre el 10 y el 20 de marzo, en este caso para efectuar la matr\u00edcula. El precio de cada uno de los talleres es de 49,50 euros, sobre el que se podr\u00e1n realizar deducciones en los casos habituales recogidos en las ordenanzas fiscales municipales.<\/p>\n<p>El taller de pintura \u2018Fundamentos de la acuarela\u2019 comenzar\u00e1 el lunes 24 de marzo y se desarrollar\u00e1 los lunes y mi\u00e9rcoles hasta el 18 de junio. Se crean dos grupos, en horarios de 17 a 19 horas y de 19 a 21 horas. En el taller, se impartir\u00e1n nociones y manejo de las diferentes t\u00e9cnicas de aplicaci\u00f3n de la acuarela; conocimiento y control del agua, con grados de humedad y los tiempos de secado; o el control de la mancha; as\u00ed como diferentes efectos y recursos pl\u00e1sticos.<\/p>\n<p>Un d\u00eda despu\u00e9s, el martes 25 de marzo, empezar\u00e1 el taller de dibujo \u2018Introducci\u00f3n a la t\u00e9cnica del pastel\u2019. Se ofertan tambi\u00e9n dos grupos, con clases los martes y jueves, de 17 a 19 horas o de 19 a 21 horas. Se trata de estudiar la t\u00e9cnica del pastel con diversos trabajos a partir de l\u00e1minas y del natural. Entre otras cuestiones, se hablar\u00e1 de las caracter\u00edsticas del material, de la teor\u00eda del color y de texturas y efectos como el difuminado, el fundido o las transparencias.<\/p>\n","protected":false},"excerpt":{"rendered":"<p>Las personas interesadas, que deben tener conocimientos b\u00e1sicos de pintura y dibujo, pueden preinscribirse a trav\u00e9s del 010 hasta el 6 de marzo<\/p>\n","protected":false},"author":1,"featured_media":51326,"comment_status":"open","ping_status":"closed","sticky":false,"template":"","format":"standard","meta":{"footnotes":""},"categories":[2],"tags":[],"class_list":["post-52096","post","type-post","status-publish","format-standard","has-post-thumbnail","hentry","category-ayuntamiento-pamplona"],"yoast_head":"<!-- This site is optimized with the Yoast SEO plugin v27.3 - https:\/\/yoast.com\/product\/yoast-seo-wordpress\/ -->\n<title>La Escuela Municipal de Artes y Oficios Catalina de Osc\u00e1riz abre este lunes las preinscripciones para los talleres de acuarela y pastel del tercer trimestre del curso<\/title>\n<meta name=\"description\" content=\"Las personas interesadas, que deben tener conocimientos b\u00e1sicos de pintura y dibujo, pueden preinscribirse a trav\u00e9s del 010 hasta el 6 de marzo\" \/>\n<meta name=\"robots\" content=\"index, follow, max-snippet:-1, max-image-preview:large, max-video-preview:-1\" \/>\n<link rel=\"canonical\" href=\"https:\/\/www.laguiadepamplona.com\/actualidad\/la-escuela-municipal-de-artes-y-oficios-catalina-de-oscariz-abre-este-lunes-las-preinscripciones-para-los-talleres-de-acuarela-y-pastel-del-tercer-trimestre-del-curso\/\" \/>\n<meta property=\"og:locale\" content=\"es_ES\" \/>\n<meta property=\"og:type\" content=\"article\" \/>\n<meta property=\"og:title\" content=\"La Escuela Municipal de Artes y Oficios Catalina de Osc\u00e1riz abre este lunes las preinscripciones para los talleres de acuarela y pastel del tercer trimestre del curso\" \/>\n<meta property=\"og:description\" content=\"Las personas interesadas, que deben tener conocimientos b\u00e1sicos de pintura y dibujo, pueden preinscribirse a trav\u00e9s del 010 hasta el 6 de marzo\" \/>\n<meta property=\"og:url\" content=\"https:\/\/www.laguiadepamplona.com\/actualidad\/la-escuela-municipal-de-artes-y-oficios-catalina-de-oscariz-abre-este-lunes-las-preinscripciones-para-los-talleres-de-acuarela-y-pastel-del-tercer-trimestre-del-curso\/\" \/>\n<meta property=\"og:site_name\" content=\"La Gu\u00eda de Pamplona\" \/>\n<meta property=\"article:publisher\" content=\"https:\/\/www.facebook.com\/laguiadepamplonacom-133175176762273\/?ref=hl\" \/>\n<meta property=\"article:published_time\" content=\"2025-02-14T14:46:15+00:00\" \/>\n<meta property=\"og:image\" content=\"https:\/\/www.laguiadepamplona.com\/actualidad\/wp-content\/uploads\/2024\/11\/catalina_oscariz_web.webp\" \/>\n\t<meta property=\"og:image:width\" content=\"1000\" \/>\n\t<meta property=\"og:image:height\" content=\"619\" \/>\n\t<meta property=\"og:image:type\" content=\"image\/webp\" \/>\n<meta name=\"author\" content=\"La Gu\u00eda de Pamplona\" \/>\n<meta name=\"twitter:card\" content=\"summary_large_image\" \/>\n<meta name=\"twitter:creator\" content=\"@LaGuiadPamplona\" \/>\n<meta name=\"twitter:site\" content=\"@LaGuiadPamplona\" \/>\n<meta name=\"twitter:label1\" content=\"Escrito por\" \/>\n\t<meta name=\"twitter:data1\" content=\"La Gu\u00eda de Pamplona\" \/>\n\t<meta name=\"twitter:label2\" content=\"Tiempo de lectura\" \/>\n\t<meta name=\"twitter:data2\" content=\"2 minutos\" \/>\n<script type=\"application\/ld+json\" class=\"yoast-schema-graph\">{\"@context\":\"https:\\\/\\\/schema.org\",\"@graph\":[{\"@type\":\"Article\",\"@id\":\"https:\\\/\\\/www.laguiadepamplona.com\\\/actualidad\\\/la-escuela-municipal-de-artes-y-oficios-catalina-de-oscariz-abre-este-lunes-las-preinscripciones-para-los-talleres-de-acuarela-y-pastel-del-tercer-trimestre-del-curso\\\/#article\",\"isPartOf\":{\"@id\":\"https:\\\/\\\/www.laguiadepamplona.com\\\/actualidad\\\/la-escuela-municipal-de-artes-y-oficios-catalina-de-oscariz-abre-este-lunes-las-preinscripciones-para-los-talleres-de-acuarela-y-pastel-del-tercer-trimestre-del-curso\\\/\"},\"author\":{\"name\":\"La Gu\u00eda de Pamplona\",\"@id\":\"https:\\\/\\\/www.laguiadepamplona.com\\\/actualidad\\\/#\\\/schema\\\/person\\\/efe887376f0213d4657c93adc50b1fdb\"},\"headline\":\"La Escuela Municipal de Artes y Oficios Catalina de Osc\u00e1riz abre este lunes las preinscripciones para los talleres de acuarela y pastel del tercer trimestre del curso\",\"datePublished\":\"2025-02-14T14:46:15+00:00\",\"mainEntityOfPage\":{\"@id\":\"https:\\\/\\\/www.laguiadepamplona.com\\\/actualidad\\\/la-escuela-municipal-de-artes-y-oficios-catalina-de-oscariz-abre-este-lunes-las-preinscripciones-para-los-talleres-de-acuarela-y-pastel-del-tercer-trimestre-del-curso\\\/\"},\"wordCount\":395,\"commentCount\":0,\"publisher\":{\"@id\":\"https:\\\/\\\/www.laguiadepamplona.com\\\/actualidad\\\/#organization\"},\"image\":{\"@id\":\"https:\\\/\\\/www.laguiadepamplona.com\\\/actualidad\\\/la-escuela-municipal-de-artes-y-oficios-catalina-de-oscariz-abre-este-lunes-las-preinscripciones-para-los-talleres-de-acuarela-y-pastel-del-tercer-trimestre-del-curso\\\/#primaryimage\"},\"thumbnailUrl\":\"https:\\\/\\\/www.laguiadepamplona.com\\\/actualidad\\\/wp-content\\\/uploads\\\/2024\\\/11\\\/catalina_oscariz_web.webp\",\"articleSection\":[\"Ayto Pamplona\"],\"inLanguage\":\"es\",\"potentialAction\":[{\"@type\":\"CommentAction\",\"name\":\"Comment\",\"target\":[\"https:\\\/\\\/www.laguiadepamplona.com\\\/actualidad\\\/la-escuela-municipal-de-artes-y-oficios-catalina-de-oscariz-abre-este-lunes-las-preinscripciones-para-los-talleres-de-acuarela-y-pastel-del-tercer-trimestre-del-curso\\\/#respond\"]}]},{\"@type\":\"WebPage\",\"@id\":\"https:\\\/\\\/www.laguiadepamplona.com\\\/actualidad\\\/la-escuela-municipal-de-artes-y-oficios-catalina-de-oscariz-abre-este-lunes-las-preinscripciones-para-los-talleres-de-acuarela-y-pastel-del-tercer-trimestre-del-curso\\\/\",\"url\":\"https:\\\/\\\/www.laguiadepamplona.com\\\/actualidad\\\/la-escuela-municipal-de-artes-y-oficios-catalina-de-oscariz-abre-este-lunes-las-preinscripciones-para-los-talleres-de-acuarela-y-pastel-del-tercer-trimestre-del-curso\\\/\",\"name\":\"La Escuela Municipal de Artes y Oficios Catalina de Osc\u00e1riz abre este lunes las preinscripciones para los talleres de acuarela y pastel del tercer trimestre del curso\",\"isPartOf\":{\"@id\":\"https:\\\/\\\/www.laguiadepamplona.com\\\/actualidad\\\/#website\"},\"primaryImageOfPage\":{\"@id\":\"https:\\\/\\\/www.laguiadepamplona.com\\\/actualidad\\\/la-escuela-municipal-de-artes-y-oficios-catalina-de-oscariz-abre-este-lunes-las-preinscripciones-para-los-talleres-de-acuarela-y-pastel-del-tercer-trimestre-del-curso\\\/#primaryimage\"},\"image\":{\"@id\":\"https:\\\/\\\/www.laguiadepamplona.com\\\/actualidad\\\/la-escuela-municipal-de-artes-y-oficios-catalina-de-oscariz-abre-este-lunes-las-preinscripciones-para-los-talleres-de-acuarela-y-pastel-del-tercer-trimestre-del-curso\\\/#primaryimage\"},\"thumbnailUrl\":\"https:\\\/\\\/www.laguiadepamplona.com\\\/actualidad\\\/wp-content\\\/uploads\\\/2024\\\/11\\\/catalina_oscariz_web.webp\",\"datePublished\":\"2025-02-14T14:46:15+00:00\",\"description\":\"Las personas interesadas, que deben tener conocimientos b\u00e1sicos de pintura y dibujo, pueden preinscribirse a trav\u00e9s del 010 hasta el 6 de marzo\",\"breadcrumb\":{\"@id\":\"https:\\\/\\\/www.laguiadepamplona.com\\\/actualidad\\\/la-escuela-municipal-de-artes-y-oficios-catalina-de-oscariz-abre-este-lunes-las-preinscripciones-para-los-talleres-de-acuarela-y-pastel-del-tercer-trimestre-del-curso\\\/#breadcrumb\"},\"inLanguage\":\"es\",\"potentialAction\":[{\"@type\":\"ReadAction\",\"target\":[\"https:\\\/\\\/www.laguiadepamplona.com\\\/actualidad\\\/la-escuela-municipal-de-artes-y-oficios-catalina-de-oscariz-abre-este-lunes-las-preinscripciones-para-los-talleres-de-acuarela-y-pastel-del-tercer-trimestre-del-curso\\\/\"]}]},{\"@type\":\"ImageObject\",\"inLanguage\":\"es\",\"@id\":\"https:\\\/\\\/www.laguiadepamplona.com\\\/actualidad\\\/la-escuela-municipal-de-artes-y-oficios-catalina-de-oscariz-abre-este-lunes-las-preinscripciones-para-los-talleres-de-acuarela-y-pastel-del-tercer-trimestre-del-curso\\\/#primaryimage\",\"url\":\"https:\\\/\\\/www.laguiadepamplona.com\\\/actualidad\\\/wp-content\\\/uploads\\\/2024\\\/11\\\/catalina_oscariz_web.webp\",\"contentUrl\":\"https:\\\/\\\/www.laguiadepamplona.com\\\/actualidad\\\/wp-content\\\/uploads\\\/2024\\\/11\\\/catalina_oscariz_web.webp\",\"width\":1000,\"height\":619,\"caption\":\"escuela municipal Catalina Oscariz\"},{\"@type\":\"BreadcrumbList\",\"@id\":\"https:\\\/\\\/www.laguiadepamplona.com\\\/actualidad\\\/la-escuela-municipal-de-artes-y-oficios-catalina-de-oscariz-abre-este-lunes-las-preinscripciones-para-los-talleres-de-acuarela-y-pastel-del-tercer-trimestre-del-curso\\\/#breadcrumb\",\"itemListElement\":[{\"@type\":\"ListItem\",\"position\":1,\"name\":\"Portada\",\"item\":\"https:\\\/\\\/www.laguiadepamplona.com\\\/actualidad\\\/\"},{\"@type\":\"ListItem\",\"position\":2,\"name\":\"La Escuela Municipal de Artes y Oficios Catalina de Osc\u00e1riz abre este lunes las preinscripciones para los talleres de acuarela y pastel del tercer trimestre del curso\"}]},{\"@type\":\"WebSite\",\"@id\":\"https:\\\/\\\/www.laguiadepamplona.com\\\/actualidad\\\/#website\",\"url\":\"https:\\\/\\\/www.laguiadepamplona.com\\\/actualidad\\\/\",\"name\":\"La gu\u00eda de Pamplona\",\"description\":\"Noticias de Pamplona\",\"publisher\":{\"@id\":\"https:\\\/\\\/www.laguiadepamplona.com\\\/actualidad\\\/#organization\"},\"potentialAction\":[{\"@type\":\"SearchAction\",\"target\":{\"@type\":\"EntryPoint\",\"urlTemplate\":\"https:\\\/\\\/www.laguiadepamplona.com\\\/actualidad\\\/?s={search_term_string}\"},\"query-input\":{\"@type\":\"PropertyValueSpecification\",\"valueRequired\":true,\"valueName\":\"search_term_string\"}}],\"inLanguage\":\"es\"},{\"@type\":\"Organization\",\"@id\":\"https:\\\/\\\/www.laguiadepamplona.com\\\/actualidad\\\/#organization\",\"name\":\"La Gu\u00eda de Pamplona \\\/ Noticias\",\"url\":\"https:\\\/\\\/www.laguiadepamplona.com\\\/actualidad\\\/\",\"logo\":{\"@type\":\"ImageObject\",\"inLanguage\":\"es\",\"@id\":\"https:\\\/\\\/www.laguiadepamplona.com\\\/actualidad\\\/#\\\/schema\\\/logo\\\/image\\\/\",\"url\":\"https:\\\/\\\/www.laguiadepamplona.com\\\/actualidad\\\/wp-content\\\/uploads\\\/2018\\\/11\\\/logo-laguiadepamplona18-web1.png\",\"contentUrl\":\"https:\\\/\\\/www.laguiadepamplona.com\\\/actualidad\\\/wp-content\\\/uploads\\\/2018\\\/11\\\/logo-laguiadepamplona18-web1.png\",\"width\":600,\"height\":196,\"caption\":\"La Gu\u00eda de Pamplona \\\/ Noticias\"},\"image\":{\"@id\":\"https:\\\/\\\/www.laguiadepamplona.com\\\/actualidad\\\/#\\\/schema\\\/logo\\\/image\\\/\"},\"sameAs\":[\"https:\\\/\\\/www.facebook.com\\\/laguiadepamplonacom-133175176762273\\\/?ref=hl\",\"https:\\\/\\\/x.com\\\/LaGuiadPamplona\",\"https:\\\/\\\/www.instagram.com\\\/la_guia_de_pamplona\\\/\",\"https:\\\/\\\/www.youtube.com\\\/user\\\/laguiadepamplona\"]},{\"@type\":\"Person\",\"@id\":\"https:\\\/\\\/www.laguiadepamplona.com\\\/actualidad\\\/#\\\/schema\\\/person\\\/efe887376f0213d4657c93adc50b1fdb\",\"name\":\"La Gu\u00eda de Pamplona\",\"image\":{\"@type\":\"ImageObject\",\"inLanguage\":\"es\",\"@id\":\"https:\\\/\\\/secure.gravatar.com\\\/avatar\\\/b6992f131dc8d30ab0dff15446e9d346d9dbd95992de0fef795073f5ea83a81c?s=96&d=mm&r=g\",\"url\":\"https:\\\/\\\/secure.gravatar.com\\\/avatar\\\/b6992f131dc8d30ab0dff15446e9d346d9dbd95992de0fef795073f5ea83a81c?s=96&d=mm&r=g\",\"contentUrl\":\"https:\\\/\\\/secure.gravatar.com\\\/avatar\\\/b6992f131dc8d30ab0dff15446e9d346d9dbd95992de0fef795073f5ea83a81c?s=96&d=mm&r=g\",\"caption\":\"La Gu\u00eda de Pamplona\"}}]}<\/script>\n<!-- \/ Yoast SEO plugin. -->","yoast_head_json":{"title":"La Escuela Municipal de Artes y Oficios Catalina de Osc\u00e1riz abre este lunes las preinscripciones para los talleres de acuarela y pastel del tercer trimestre del curso","description":"Las personas interesadas, que deben tener conocimientos b\u00e1sicos de pintura y dibujo, pueden preinscribirse a trav\u00e9s del 010 hasta el 6 de marzo","robots":{"index":"index","follow":"follow","max-snippet":"max-snippet:-1","max-image-preview":"max-image-preview:large","max-video-preview":"max-video-preview:-1"},"canonical":"https:\/\/www.laguiadepamplona.com\/actualidad\/la-escuela-municipal-de-artes-y-oficios-catalina-de-oscariz-abre-este-lunes-las-preinscripciones-para-los-talleres-de-acuarela-y-pastel-del-tercer-trimestre-del-curso\/","og_locale":"es_ES","og_type":"article","og_title":"La Escuela Municipal de Artes y Oficios Catalina de Osc\u00e1riz abre este lunes las preinscripciones para los talleres de acuarela y pastel del tercer trimestre del curso","og_description":"Las personas interesadas, que deben tener conocimientos b\u00e1sicos de pintura y dibujo, pueden preinscribirse a trav\u00e9s del 010 hasta el 6 de marzo","og_url":"https:\/\/www.laguiadepamplona.com\/actualidad\/la-escuela-municipal-de-artes-y-oficios-catalina-de-oscariz-abre-este-lunes-las-preinscripciones-para-los-talleres-de-acuarela-y-pastel-del-tercer-trimestre-del-curso\/","og_site_name":"La Gu\u00eda de Pamplona","article_publisher":"https:\/\/www.facebook.com\/laguiadepamplonacom-133175176762273\/?ref=hl","article_published_time":"2025-02-14T14:46:15+00:00","og_image":[{"width":1000,"height":619,"url":"https:\/\/www.laguiadepamplona.com\/actualidad\/wp-content\/uploads\/2024\/11\/catalina_oscariz_web.webp","type":"image\/webp"}],"author":"La Gu\u00eda de Pamplona","twitter_card":"summary_large_image","twitter_creator":"@LaGuiadPamplona","twitter_site":"@LaGuiadPamplona","twitter_misc":{"Escrito por":"La Gu\u00eda de Pamplona","Tiempo de lectura":"2 minutos"},"schema":{"@context":"https:\/\/schema.org","@graph":[{"@type":"Article","@id":"https:\/\/www.laguiadepamplona.com\/actualidad\/la-escuela-municipal-de-artes-y-oficios-catalina-de-oscariz-abre-este-lunes-las-preinscripciones-para-los-talleres-de-acuarela-y-pastel-del-tercer-trimestre-del-curso\/#article","isPartOf":{"@id":"https:\/\/www.laguiadepamplona.com\/actualidad\/la-escuela-municipal-de-artes-y-oficios-catalina-de-oscariz-abre-este-lunes-las-preinscripciones-para-los-talleres-de-acuarela-y-pastel-del-tercer-trimestre-del-curso\/"},"author":{"name":"La Gu\u00eda de Pamplona","@id":"https:\/\/www.laguiadepamplona.com\/actualidad\/#\/schema\/person\/efe887376f0213d4657c93adc50b1fdb"},"headline":"La Escuela Municipal de Artes y Oficios Catalina de Osc\u00e1riz abre este lunes las preinscripciones para los talleres de acuarela y pastel del tercer trimestre del curso","datePublished":"2025-02-14T14:46:15+00:00","mainEntityOfPage":{"@id":"https:\/\/www.laguiadepamplona.com\/actualidad\/la-escuela-municipal-de-artes-y-oficios-catalina-de-oscariz-abre-este-lunes-las-preinscripciones-para-los-talleres-de-acuarela-y-pastel-del-tercer-trimestre-del-curso\/"},"wordCount":395,"commentCount":0,"publisher":{"@id":"https:\/\/www.laguiadepamplona.com\/actualidad\/#organization"},"image":{"@id":"https:\/\/www.laguiadepamplona.com\/actualidad\/la-escuela-municipal-de-artes-y-oficios-catalina-de-oscariz-abre-este-lunes-las-preinscripciones-para-los-talleres-de-acuarela-y-pastel-del-tercer-trimestre-del-curso\/#primaryimage"},"thumbnailUrl":"https:\/\/www.laguiadepamplona.com\/actualidad\/wp-content\/uploads\/2024\/11\/catalina_oscariz_web.webp","articleSection":["Ayto Pamplona"],"inLanguage":"es","potentialAction":[{"@type":"CommentAction","name":"Comment","target":["https:\/\/www.laguiadepamplona.com\/actualidad\/la-escuela-municipal-de-artes-y-oficios-catalina-de-oscariz-abre-este-lunes-las-preinscripciones-para-los-talleres-de-acuarela-y-pastel-del-tercer-trimestre-del-curso\/#respond"]}]},{"@type":"WebPage","@id":"https:\/\/www.laguiadepamplona.com\/actualidad\/la-escuela-municipal-de-artes-y-oficios-catalina-de-oscariz-abre-este-lunes-las-preinscripciones-para-los-talleres-de-acuarela-y-pastel-del-tercer-trimestre-del-curso\/","url":"https:\/\/www.laguiadepamplona.com\/actualidad\/la-escuela-municipal-de-artes-y-oficios-catalina-de-oscariz-abre-este-lunes-las-preinscripciones-para-los-talleres-de-acuarela-y-pastel-del-tercer-trimestre-del-curso\/","name":"La Escuela Municipal de Artes y Oficios Catalina de Osc\u00e1riz abre este lunes las preinscripciones para los talleres de acuarela y pastel del tercer trimestre del curso","isPartOf":{"@id":"https:\/\/www.laguiadepamplona.com\/actualidad\/#website"},"primaryImageOfPage":{"@id":"https:\/\/www.laguiadepamplona.com\/actualidad\/la-escuela-municipal-de-artes-y-oficios-catalina-de-oscariz-abre-este-lunes-las-preinscripciones-para-los-talleres-de-acuarela-y-pastel-del-tercer-trimestre-del-curso\/#primaryimage"},"image":{"@id":"https:\/\/www.laguiadepamplona.com\/actualidad\/la-escuela-municipal-de-artes-y-oficios-catalina-de-oscariz-abre-este-lunes-las-preinscripciones-para-los-talleres-de-acuarela-y-pastel-del-tercer-trimestre-del-curso\/#primaryimage"},"thumbnailUrl":"https:\/\/www.laguiadepamplona.com\/actualidad\/wp-content\/uploads\/2024\/11\/catalina_oscariz_web.webp","datePublished":"2025-02-14T14:46:15+00:00","description":"Las personas interesadas, que deben tener conocimientos b\u00e1sicos de pintura y dibujo, pueden preinscribirse a trav\u00e9s del 010 hasta el 6 de marzo","breadcrumb":{"@id":"https:\/\/www.laguiadepamplona.com\/actualidad\/la-escuela-municipal-de-artes-y-oficios-catalina-de-oscariz-abre-este-lunes-las-preinscripciones-para-los-talleres-de-acuarela-y-pastel-del-tercer-trimestre-del-curso\/#breadcrumb"},"inLanguage":"es","potentialAction":[{"@type":"ReadAction","target":["https:\/\/www.laguiadepamplona.com\/actualidad\/la-escuela-municipal-de-artes-y-oficios-catalina-de-oscariz-abre-este-lunes-las-preinscripciones-para-los-talleres-de-acuarela-y-pastel-del-tercer-trimestre-del-curso\/"]}]},{"@type":"ImageObject","inLanguage":"es","@id":"https:\/\/www.laguiadepamplona.com\/actualidad\/la-escuela-municipal-de-artes-y-oficios-catalina-de-oscariz-abre-este-lunes-las-preinscripciones-para-los-talleres-de-acuarela-y-pastel-del-tercer-trimestre-del-curso\/#primaryimage","url":"https:\/\/www.laguiadepamplona.com\/actualidad\/wp-content\/uploads\/2024\/11\/catalina_oscariz_web.webp","contentUrl":"https:\/\/www.laguiadepamplona.com\/actualidad\/wp-content\/uploads\/2024\/11\/catalina_oscariz_web.webp","width":1000,"height":619,"caption":"escuela municipal Catalina Oscariz"},{"@type":"BreadcrumbList","@id":"https:\/\/www.laguiadepamplona.com\/actualidad\/la-escuela-municipal-de-artes-y-oficios-catalina-de-oscariz-abre-este-lunes-las-preinscripciones-para-los-talleres-de-acuarela-y-pastel-del-tercer-trimestre-del-curso\/#breadcrumb","itemListElement":[{"@type":"ListItem","position":1,"name":"Portada","item":"https:\/\/www.laguiadepamplona.com\/actualidad\/"},{"@type":"ListItem","position":2,"name":"La Escuela Municipal de Artes y Oficios Catalina de Osc\u00e1riz abre este lunes las preinscripciones para los talleres de acuarela y pastel del tercer trimestre del curso"}]},{"@type":"WebSite","@id":"https:\/\/www.laguiadepamplona.com\/actualidad\/#website","url":"https:\/\/www.laguiadepamplona.com\/actualidad\/","name":"La gu\u00eda de Pamplona","description":"Noticias de Pamplona","publisher":{"@id":"https:\/\/www.laguiadepamplona.com\/actualidad\/#organization"},"potentialAction":[{"@type":"SearchAction","target":{"@type":"EntryPoint","urlTemplate":"https:\/\/www.laguiadepamplona.com\/actualidad\/?s={search_term_string}"},"query-input":{"@type":"PropertyValueSpecification","valueRequired":true,"valueName":"search_term_string"}}],"inLanguage":"es"},{"@type":"Organization","@id":"https:\/\/www.laguiadepamplona.com\/actualidad\/#organization","name":"La Gu\u00eda de Pamplona \/ Noticias","url":"https:\/\/www.laguiadepamplona.com\/actualidad\/","logo":{"@type":"ImageObject","inLanguage":"es","@id":"https:\/\/www.laguiadepamplona.com\/actualidad\/#\/schema\/logo\/image\/","url":"https:\/\/www.laguiadepamplona.com\/actualidad\/wp-content\/uploads\/2018\/11\/logo-laguiadepamplona18-web1.png","contentUrl":"https:\/\/www.laguiadepamplona.com\/actualidad\/wp-content\/uploads\/2018\/11\/logo-laguiadepamplona18-web1.png","width":600,"height":196,"caption":"La Gu\u00eda de Pamplona \/ Noticias"},"image":{"@id":"https:\/\/www.laguiadepamplona.com\/actualidad\/#\/schema\/logo\/image\/"},"sameAs":["https:\/\/www.facebook.com\/laguiadepamplonacom-133175176762273\/?ref=hl","https:\/\/x.com\/LaGuiadPamplona","https:\/\/www.instagram.com\/la_guia_de_pamplona\/","https:\/\/www.youtube.com\/user\/laguiadepamplona"]},{"@type":"Person","@id":"https:\/\/www.laguiadepamplona.com\/actualidad\/#\/schema\/person\/efe887376f0213d4657c93adc50b1fdb","name":"La Gu\u00eda de Pamplona","image":{"@type":"ImageObject","inLanguage":"es","@id":"https:\/\/secure.gravatar.com\/avatar\/b6992f131dc8d30ab0dff15446e9d346d9dbd95992de0fef795073f5ea83a81c?s=96&d=mm&r=g","url":"https:\/\/secure.gravatar.com\/avatar\/b6992f131dc8d30ab0dff15446e9d346d9dbd95992de0fef795073f5ea83a81c?s=96&d=mm&r=g","contentUrl":"https:\/\/secure.gravatar.com\/avatar\/b6992f131dc8d30ab0dff15446e9d346d9dbd95992de0fef795073f5ea83a81c?s=96&d=mm&r=g","caption":"La Gu\u00eda de Pamplona"}}]}},"post_mailing_queue_ids":[],"_links":{"self":[{"href":"https:\/\/www.laguiadepamplona.com\/actualidad\/wp-json\/wp\/v2\/posts\/52096","targetHints":{"allow":["GET"]}}],"collection":[{"href":"https:\/\/www.laguiadepamplona.com\/actualidad\/wp-json\/wp\/v2\/posts"}],"about":[{"href":"https:\/\/www.laguiadepamplona.com\/actualidad\/wp-json\/wp\/v2\/types\/post"}],"author":[{"embeddable":true,"href":"https:\/\/www.laguiadepamplona.com\/actualidad\/wp-json\/wp\/v2\/users\/1"}],"replies":[{"embeddable":true,"href":"https:\/\/www.laguiadepamplona.com\/actualidad\/wp-json\/wp\/v2\/comments?post=52096"}],"version-history":[{"count":1,"href":"https:\/\/www.laguiadepamplona.com\/actualidad\/wp-json\/wp\/v2\/posts\/52096\/revisions"}],"predecessor-version":[{"id":52097,"href":"https:\/\/www.laguiadepamplona.com\/actualidad\/wp-json\/wp\/v2\/posts\/52096\/revisions\/52097"}],"wp:featuredmedia":[{"embeddable":true,"href":"https:\/\/www.laguiadepamplona.com\/actualidad\/wp-json\/wp\/v2\/media\/51326"}],"wp:attachment":[{"href":"https:\/\/www.laguiadepamplona.com\/actualidad\/wp-json\/wp\/v2\/media?parent=52096"}],"wp:term":[{"taxonomy":"category","embeddable":true,"href":"https:\/\/www.laguiadepamplona.com\/actualidad\/wp-json\/wp\/v2\/categories?post=52096"},{"taxonomy":"post_tag","embeddable":true,"href":"https:\/\/www.laguiadepamplona.com\/actualidad\/wp-json\/wp\/v2\/tags?post=52096"}],"curies":[{"name":"wp","href":"https:\/\/api.w.org\/{rel}","templated":true}]}}