{"id":52087,"date":"2025-02-14T16:41:29","date_gmt":"2025-02-14T14:41:29","guid":{"rendered":"https:\/\/www.laguiadepamplona.com\/actualidad\/?p=52087"},"modified":"2025-02-14T16:41:29","modified_gmt":"2025-02-14T14:41:29","slug":"el-ayuntamiento-pone-en-marcha-por-primera-vez-un-plan-para-ofertar-vivienda-protegida-en-el-casco-viejo-100-pisos-de-los-138-que-impulsara-hasta-2035","status":"publish","type":"post","link":"https:\/\/www.laguiadepamplona.com\/actualidad\/el-ayuntamiento-pone-en-marcha-por-primera-vez-un-plan-para-ofertar-vivienda-protegida-en-el-casco-viejo-100-pisos-de-los-138-que-impulsara-hasta-2035\/","title":{"rendered":"El Ayuntamiento pone en marcha por primera vez un plan para ofertar vivienda protegida en el Casco Viejo: 100 pisos de los 138 que impulsar\u00e1 hasta 2035"},"content":{"rendered":"<h2>El plan se centra en 13 actuaciones en Jarauta, Descalzos, Mayor, Eslava y Santo And\u00eda, implica una inversi\u00f3n de 27,5 millones y combinar\u00e1 vivienda protegida, vivienda cooperativa, alquiler y realojos<\/h2>\n<p><!--more--><\/p>\n<p>El Ayuntamiento de Pamplona prev\u00e9 impulsar por primera vez un plan de vivienda especial para el Casco Antiguo en el que se ponga a disposici\u00f3n de la ciudadan\u00eda en general y no s\u00f3lo para realojos, vivienda protegida. En concreto, el consistorio, a trav\u00e9s del organismo Pamplona Centro Hist\u00f3rico (PCH), plantea la promoci\u00f3n en los pr\u00f3ximos 10 a\u00f1os de 138 viviendas de las que 100 saldr\u00e1n al mercado como vivienda protegida en las dos versiones posibles: vivienda de protecci\u00f3n oficial (VPO) y vivienda de precio tasado (VPT). El resto de pisos se destinar\u00e1 a alquileres, realojos o vivienda cooperativa. Todos estar\u00e1n ubicados en 13 promociones localizadas en las calles Jarauta (5 promociones), Descalzos (3 promociones), Mayor (3 promociones), Eslava (1 promoci\u00f3n) y Santo And\u00eda (1 promoci\u00f3n).<\/p>\n<p>As\u00ed lo ha anunciado hoy en rueda de prensa el concejal de Gobierno Estrat\u00e9gico, Urbanismo, Vivienda y Agenda 2030, Joxe Abaurrea San Juan, que ha comparecido junto a la directora de \u00e1rea, Uxua Dombl\u00e1s Ib\u00e1\u00f1ez. Abaurrea ha destacado que lo que busca el Ayuntamiento con esta iniciativa es actualizar el Plan de Intervenci\u00f3n en Vivienda en el Centro Hist\u00f3rico de Pamplona, que data de 2006, y renovar sus objetivos. As\u00ed, se quiere sacar al mercado vivienda protegida en una zona con alta demanda y precios disparados como f\u00f3rmula para regularizar los precios, ofertar vivienda a coste asequible, preservar el car\u00e1cter residencial y popular del Casco Antiguo y favorecer la emancipaci\u00f3n de los j\u00f3venes. Y todo ello sin abandonar las otras actuaciones que hasta ahora han marcado la actividad de PCH en esta zona, enfocadas al realojo y al alquiler (77 viviendas en casi 20 a\u00f1os).<\/p>\n<p>Lo que busca el Ayuntamiento es renovar y actualizar el papel de PCH para alcanzar un equilibrio entre distintos modelos, desde los realejos y alquileres tradicionales, hasta la vivienda cooperativa y la vivienda protegida en propiedad, ha resumido Abaurrea. El concejal tambi\u00e9n ha destacado las sinergias de este plan con otras actuaciones encaminadas a preservar el car\u00e1cter residencial del Casco Antiguo como la prohibici\u00f3n de instalar all\u00ed m\u00e1s pisos tur\u00edsticos.<\/p>\n<p><strong>27,5 millones de inversi\u00f3n para las 100 viviendas protegidas<\/strong><\/p>\n<p>En cuanto a los n\u00fameros de este plan, de las 138 viviendas que se prev\u00e9 sacar hasta 2035, 100 ser\u00e1n promociones directas de vivienda protegida y el resto surgir\u00eda de convenios con las comunidades y con agentes rehabilitadores. En esta cifra total se incluyen tambi\u00e9n el solar cedido por el Consistorio para construir vivienda cooperativa en la calle Santo And\u00eda y el de Mayor 14. El plan ser\u00e1 debatido en el Consejo de Administraci\u00f3n de PCH el pr\u00f3ximo jueves.<\/p>\n<p>Las 100 viviendas protegidas implicar\u00e1n una inversi\u00f3n en diez a\u00f1os de 27,75 millones de euros, inversi\u00f3n que se recuperar\u00e1 con la salida al mercado de las VPO y VPT. Los pisos estar\u00e1n ubicados en la calle Descalzos, Jarauta y Eslava. En concreto, en Descalzos se prev\u00e9 realizar la primera promoci\u00f3n, que afectar\u00e1 a los n\u00fameros 55-61, donde se crear\u00e1n 13 viviendas protegidas. El objetivo es iniciar las obras este mismo a\u00f1o (3,5 millones).<\/p>\n<p>Tambi\u00e9n este mismo a\u00f1o se plantea el redise\u00f1o de parte de la manzana de viviendas del inicio de la calle Jarauta. PCH quiere promover hasta 44 viviendas en los actuales portales del 7 al 21, a trav\u00e9s de una actuaci\u00f3n conjunta, para la que se ha valorado una inversi\u00f3n de 10,75 millones. La configuraci\u00f3n de toda esta zona se realizar\u00e1 a trav\u00e9s de un Plan Especial de Actuaci\u00f3n Urbana, que abordar\u00e1 aspectos como la construcci\u00f3n de una fachada integrada en el entorno y la calidad habitacional en la distribuci\u00f3n de viviendas. La previsi\u00f3n municipal plantea poder iniciar las obras en el primero de estos bloques en 2027.<\/p>\n<p>Adem\u00e1s, en esta misma calle, PCH tiene previsto rehabilitar el edificio ubicado en el cruce con la calle Eslava, n\u00famero 26, para lograr otras 12 viviendas nuevas protegidas, con un coste de 3,77 millones. En este caso, se prev\u00e9 poder iniciar las obras en 2026.<\/p>\n<p>Al margen de estas actuaciones m\u00e1s encauzadas, PCH plantea tambi\u00e9n otras inversiones por valor de 9,64 millones en tres promociones m\u00e1s, si bien ser\u00e1 necesario llevar a cabo primero una labor de reparcelaci\u00f3n. Se trata de los portales del 42 al 48 de la calle Descalzos, donde surgir\u00e1n 12 viviendas; los portales 18 y 20 de la calle Eslava, que tambi\u00e9n dar\u00e1n lugar a otras 12 viviendas; y los portales 84 y 86 de la calle Jarauta, donde se levantar\u00e1n 7 viviendas.<\/p>\n<p><strong>Viviendas colaborativas y nuevo rol para Pamplona Centro Hist\u00f3rico<\/strong><\/p>\n<p>Adem\u00e1s de la promoci\u00f3n de vivienda protegida, el nuevo plan contempla otras formas de acceso a la vivienda, adaptadas a las necesidades de la ciudadan\u00eda. As\u00ed, se aborda el modelo de viviendas cooperativas en cesi\u00f3n de uso, a trav\u00e9s del cual el Ayuntamiento cede parcelas para la construcci\u00f3n de viviendas de forma autogesionada y en colaboraci\u00f3n entre la ciudadan\u00eda. \u00c9ste es el caso de la parcela ubicada en la calle Santo And\u00eda, donde se prev\u00e9n 14 viviendas, y de la de Mayor 14 (8 pisos).<\/p>\n<p>Seg\u00fan ha explicado Abaurrea, todas estas acciones contribuir\u00e1n a la regeneraci\u00f3n y rejuvenecimiento del barrio y a consolidar un entorno m\u00e1s accesible, equilibrado y atractivo para nuevos residentes. El responsable de urbanismo tambi\u00e9n ha puesto el acento en otra cuesti\u00f3n m\u00e1s: el cambio de rol que va a jugar Pamplona Centro Hist\u00f3rico que pasar\u00e1 de ser agente meramente rehabilitador a convertirse en elemento tractor de creaci\u00f3n de vivienda y de renovaci\u00f3n urbana. Y es que, adem\u00e1s de seguir liderando la rehabilitaci\u00f3n del Casco Antiguo, PCH asumir\u00e1 el papel de promotor de vivienda protegida y liderar\u00e1 las grandes operaciones urban\u00edsticas en el barrio como la reurbanizaci\u00f3n dela Plaza de Santa Ana o la limpieza, saneamiento y recuperaci\u00f3n de parte de Oscus.<\/p>\n<p><strong>Quinto proyecto dentro del Plan Municipal de Vivienda Asequible en un a\u00f1o<\/strong><\/p>\n<p>El Plan de Vivienda del Casco Antiguo se inscribe dentro del Plan Municipal de Vivienda Asequible de Pamplona, que prev\u00e9 crear entre 1.200 y 1.600 viviendas protegidas en los pr\u00f3ximos a\u00f1os, adem\u00e1s de las 2.500 que se prev\u00e9n en Donapea a medio plazo. Desde la aprobaci\u00f3n de este plan, en febrero de 2024, el Ayuntamiento de Pamplona ha dado luz verde a otras cuatro promociones en Arrosad\u00eda-Azpilaga\u00f1a, en el entorno de la UPNA, en Beloso Alto y ahora en la Rochapea que, conjuntamente, supondr\u00e1n la construcci\u00f3n de 905 viviendas en los pr\u00f3ximos a\u00f1os de las que 400 ser\u00e1n de protecci\u00f3n oficial y 280 de alquiler asequible, 160 de ellas reservadas para j\u00f3venes empadronados en la ciudad. A todo ello se suman las 100 viviendas que Pamplona Centro Hist\u00f3rico prev\u00e9 construir.<\/p>\n<p>&nbsp;<\/p>\n<h3><u>ESTIMACIONES DE ACTUACIONES HASTA 2035__________________<\/u><\/h3>\n<table>\n<tbody>\n<tr>\n<td width=\"215\"><strong>PIG_PA<\/strong><\/td>\n<td width=\"85\"><strong>Viv <\/strong><\/td>\n<td width=\"66\"><strong>Local <\/strong><\/td>\n<td width=\"123\"><strong>Finaliz.<\/strong><\/td>\n<td width=\"151\"><strong>Presupuesto <\/strong><\/td>\n<\/tr>\n<tr>\n<td width=\"215\">Descalzos 55-61<\/td>\n<td width=\"85\">13<\/td>\n<td width=\"66\">2<\/td>\n<td width=\"123\">2027<\/td>\n<td width=\"151\">3.228.229<\/td>\n<\/tr>\n<tr>\n<td width=\"215\">Mayor 14<\/td>\n<td width=\"85\">8<\/td>\n<td width=\"66\">1<\/td>\n<td width=\"123\">2027<\/td>\n<td width=\"151\">Cooperativa<\/td>\n<\/tr>\n<tr>\n<td width=\"215\">Jarauta 58- Eslava 26<\/td>\n<td width=\"85\">12<\/td>\n<td width=\"66\">2<\/td>\n<td width=\"123\">2028<\/td>\n<td width=\"151\">3.422569<\/td>\n<\/tr>\n<tr>\n<td width=\"215\">Descalzos 63<\/td>\n<td width=\"85\">4<\/td>\n<td width=\"66\">1<\/td>\n<td width=\"123\">2028<\/td>\n<td width=\"151\">Comunidad<\/td>\n<\/tr>\n<tr>\n<td width=\"215\">Mayor 12<\/td>\n<td width=\"85\">4<\/td>\n<td width=\"66\">0<\/td>\n<td width=\"123\">2028<\/td>\n<td width=\"151\">Propietario<\/td>\n<\/tr>\n<tr>\n<td width=\"215\">Santo Andia- Descalzos 74<\/td>\n<td width=\"85\">14<\/td>\n<td width=\"66\">&nbsp;<\/td>\n<td width=\"123\">&nbsp;<\/td>\n<td width=\"151\">Cooperativa<\/td>\n<\/tr>\n<tr>\n<td width=\"215\">Jarauta 7<\/td>\n<td width=\"85\">12<\/td>\n<td width=\"66\">2<\/td>\n<td width=\"123\">2029<\/td>\n<td width=\"151\">3.298.475<\/td>\n<\/tr>\n<tr>\n<td width=\"215\">Jarauta 9-11-13<\/td>\n<td width=\"85\">12<\/td>\n<td width=\"66\">2<\/td>\n<td width=\"123\">2030<\/td>\n<td width=\"151\">2.989.887<\/td>\n<\/tr>\n<tr>\n<td width=\"215\">Jarauta 15-21<\/td>\n<td width=\"85\">20<\/td>\n<td width=\"66\">2<\/td>\n<td width=\"123\">2031<\/td>\n<td width=\"151\">3.825.917<\/td>\n<\/tr>\n<tr>\n<td width=\"215\">Jarauta 84-86<\/td>\n<td width=\"85\">7<\/td>\n<td width=\"66\">1<\/td>\n<td width=\"123\">2032<\/td>\n<td width=\"151\">2.564.523<\/td>\n<\/tr>\n<tr>\n<td width=\"215\">Descalzos 42-48<\/td>\n<td width=\"85\">12<\/td>\n<td width=\"66\">2<\/td>\n<td width=\"123\">2033<\/td>\n<td width=\"151\">3.311. 898<\/td>\n<\/tr>\n<tr>\n<td width=\"215\">Eslava 18-20<\/td>\n<td width=\"85\">12<\/td>\n<td width=\"66\">2<\/td>\n<td width=\"123\">2034<\/td>\n<td width=\"151\">2.887.708<\/td>\n<\/tr>\n<tr>\n<td width=\"215\">Mayor 32 \u2013 Eslava 14<\/td>\n<td width=\"85\">8<\/td>\n<td width=\"66\">2<\/td>\n<td width=\"123\">&nbsp;<\/td>\n<td width=\"151\">Propietario<\/td>\n<\/tr>\n<tr>\n<td width=\"215\">Totales<\/td>\n<td width=\"85\">138<\/td>\n<td width=\"66\">19<\/td>\n<td width=\"123\">&nbsp;<\/td>\n<td width=\"151\"><strong>27.751.557 \u20ac<\/strong><\/td>\n<\/tr>\n<\/tbody>\n<\/table>\n<p>El c\u00e1lculo de viviendas y locales se hace seg\u00fan las fichas de los PIGs del a\u00f1o 2005.<\/p>\n","protected":false},"excerpt":{"rendered":"<p>El plan se centra en 13 actuaciones en Jarauta, Descalzos, Mayor, Eslava y Santo And\u00eda, implica una inversi\u00f3n de 27,5 millones y combinar\u00e1 vivienda protegida, vivienda cooperativa, alquiler y realojos<\/p>\n","protected":false},"author":1,"featured_media":52088,"comment_status":"open","ping_status":"closed","sticky":false,"template":"","format":"standard","meta":{"footnotes":""},"categories":[2],"tags":[],"class_list":["post-52087","post","type-post","status-publish","format-standard","has-post-thumbnail","hentry","category-ayuntamiento-pamplona"],"yoast_head":"<!-- This site is optimized with the Yoast SEO plugin v27.3 - https:\/\/yoast.com\/product\/yoast-seo-wordpress\/ -->\n<title>El Ayuntamiento pone en marcha por primera vez un plan para ofertar vivienda protegida en el Casco Viejo: 100 pisos de los 138 que impulsar\u00e1 hasta 2035<\/title>\n<meta name=\"description\" content=\"El plan se centra en 13 actuaciones en Jarauta, Descalzos, Mayor, Eslava y Santo And\u00eda, implica una inversi\u00f3n de 27,5 millones\" \/>\n<meta name=\"robots\" content=\"index, follow, max-snippet:-1, max-image-preview:large, max-video-preview:-1\" \/>\n<link rel=\"canonical\" href=\"https:\/\/www.laguiadepamplona.com\/actualidad\/el-ayuntamiento-pone-en-marcha-por-primera-vez-un-plan-para-ofertar-vivienda-protegida-en-el-casco-viejo-100-pisos-de-los-138-que-impulsara-hasta-2035\/\" \/>\n<meta property=\"og:locale\" content=\"es_ES\" \/>\n<meta property=\"og:type\" content=\"article\" \/>\n<meta property=\"og:title\" content=\"El Ayuntamiento pone en marcha por primera vez un plan para ofertar vivienda protegida en el Casco Viejo: 100 pisos de los 138 que impulsar\u00e1 hasta 2035\" \/>\n<meta property=\"og:description\" content=\"El plan se centra en 13 actuaciones en Jarauta, Descalzos, Mayor, Eslava y Santo And\u00eda, implica una inversi\u00f3n de 27,5 millones\" \/>\n<meta property=\"og:url\" content=\"https:\/\/www.laguiadepamplona.com\/actualidad\/el-ayuntamiento-pone-en-marcha-por-primera-vez-un-plan-para-ofertar-vivienda-protegida-en-el-casco-viejo-100-pisos-de-los-138-que-impulsara-hasta-2035\/\" \/>\n<meta property=\"og:site_name\" content=\"La Gu\u00eda de Pamplona\" \/>\n<meta property=\"article:publisher\" content=\"https:\/\/www.facebook.com\/laguiadepamplonacom-133175176762273\/?ref=hl\" \/>\n<meta property=\"article:published_time\" content=\"2025-02-14T14:41:29+00:00\" \/>\n<meta property=\"og:image\" content=\"https:\/\/www.laguiadepamplona.com\/actualidad\/wp-content\/uploads\/2025\/02\/vivienda-Casco-Antiguo_web.webp\" \/>\n\t<meta property=\"og:image:width\" content=\"1000\" \/>\n\t<meta property=\"og:image:height\" content=\"870\" \/>\n\t<meta property=\"og:image:type\" content=\"image\/webp\" \/>\n<meta name=\"author\" content=\"La Gu\u00eda de Pamplona\" \/>\n<meta name=\"twitter:card\" content=\"summary_large_image\" \/>\n<meta name=\"twitter:creator\" content=\"@LaGuiadPamplona\" \/>\n<meta name=\"twitter:site\" content=\"@LaGuiadPamplona\" \/>\n<meta name=\"twitter:label1\" content=\"Escrito por\" \/>\n\t<meta name=\"twitter:data1\" content=\"La Gu\u00eda de Pamplona\" \/>\n\t<meta name=\"twitter:label2\" content=\"Tiempo de lectura\" \/>\n\t<meta name=\"twitter:data2\" content=\"6 minutos\" \/>\n<script type=\"application\/ld+json\" class=\"yoast-schema-graph\">{\"@context\":\"https:\\\/\\\/schema.org\",\"@graph\":[{\"@type\":\"Article\",\"@id\":\"https:\\\/\\\/www.laguiadepamplona.com\\\/actualidad\\\/el-ayuntamiento-pone-en-marcha-por-primera-vez-un-plan-para-ofertar-vivienda-protegida-en-el-casco-viejo-100-pisos-de-los-138-que-impulsara-hasta-2035\\\/#article\",\"isPartOf\":{\"@id\":\"https:\\\/\\\/www.laguiadepamplona.com\\\/actualidad\\\/el-ayuntamiento-pone-en-marcha-por-primera-vez-un-plan-para-ofertar-vivienda-protegida-en-el-casco-viejo-100-pisos-de-los-138-que-impulsara-hasta-2035\\\/\"},\"author\":{\"name\":\"La Gu\u00eda de Pamplona\",\"@id\":\"https:\\\/\\\/www.laguiadepamplona.com\\\/actualidad\\\/#\\\/schema\\\/person\\\/efe887376f0213d4657c93adc50b1fdb\"},\"headline\":\"El Ayuntamiento pone en marcha por primera vez un plan para ofertar vivienda protegida en el Casco Viejo: 100 pisos de los 138 que impulsar\u00e1 hasta 2035\",\"datePublished\":\"2025-02-14T14:41:29+00:00\",\"mainEntityOfPage\":{\"@id\":\"https:\\\/\\\/www.laguiadepamplona.com\\\/actualidad\\\/el-ayuntamiento-pone-en-marcha-por-primera-vez-un-plan-para-ofertar-vivienda-protegida-en-el-casco-viejo-100-pisos-de-los-138-que-impulsara-hasta-2035\\\/\"},\"wordCount\":1266,\"commentCount\":0,\"publisher\":{\"@id\":\"https:\\\/\\\/www.laguiadepamplona.com\\\/actualidad\\\/#organization\"},\"image\":{\"@id\":\"https:\\\/\\\/www.laguiadepamplona.com\\\/actualidad\\\/el-ayuntamiento-pone-en-marcha-por-primera-vez-un-plan-para-ofertar-vivienda-protegida-en-el-casco-viejo-100-pisos-de-los-138-que-impulsara-hasta-2035\\\/#primaryimage\"},\"thumbnailUrl\":\"https:\\\/\\\/www.laguiadepamplona.com\\\/actualidad\\\/wp-content\\\/uploads\\\/2025\\\/02\\\/vivienda-Casco-Antiguo_web.webp\",\"articleSection\":[\"Ayto Pamplona\"],\"inLanguage\":\"es\",\"potentialAction\":[{\"@type\":\"CommentAction\",\"name\":\"Comment\",\"target\":[\"https:\\\/\\\/www.laguiadepamplona.com\\\/actualidad\\\/el-ayuntamiento-pone-en-marcha-por-primera-vez-un-plan-para-ofertar-vivienda-protegida-en-el-casco-viejo-100-pisos-de-los-138-que-impulsara-hasta-2035\\\/#respond\"]}]},{\"@type\":\"WebPage\",\"@id\":\"https:\\\/\\\/www.laguiadepamplona.com\\\/actualidad\\\/el-ayuntamiento-pone-en-marcha-por-primera-vez-un-plan-para-ofertar-vivienda-protegida-en-el-casco-viejo-100-pisos-de-los-138-que-impulsara-hasta-2035\\\/\",\"url\":\"https:\\\/\\\/www.laguiadepamplona.com\\\/actualidad\\\/el-ayuntamiento-pone-en-marcha-por-primera-vez-un-plan-para-ofertar-vivienda-protegida-en-el-casco-viejo-100-pisos-de-los-138-que-impulsara-hasta-2035\\\/\",\"name\":\"El Ayuntamiento pone en marcha por primera vez un plan para ofertar vivienda protegida en el Casco Viejo: 100 pisos de los 138 que impulsar\u00e1 hasta 2035\",\"isPartOf\":{\"@id\":\"https:\\\/\\\/www.laguiadepamplona.com\\\/actualidad\\\/#website\"},\"primaryImageOfPage\":{\"@id\":\"https:\\\/\\\/www.laguiadepamplona.com\\\/actualidad\\\/el-ayuntamiento-pone-en-marcha-por-primera-vez-un-plan-para-ofertar-vivienda-protegida-en-el-casco-viejo-100-pisos-de-los-138-que-impulsara-hasta-2035\\\/#primaryimage\"},\"image\":{\"@id\":\"https:\\\/\\\/www.laguiadepamplona.com\\\/actualidad\\\/el-ayuntamiento-pone-en-marcha-por-primera-vez-un-plan-para-ofertar-vivienda-protegida-en-el-casco-viejo-100-pisos-de-los-138-que-impulsara-hasta-2035\\\/#primaryimage\"},\"thumbnailUrl\":\"https:\\\/\\\/www.laguiadepamplona.com\\\/actualidad\\\/wp-content\\\/uploads\\\/2025\\\/02\\\/vivienda-Casco-Antiguo_web.webp\",\"datePublished\":\"2025-02-14T14:41:29+00:00\",\"description\":\"El plan se centra en 13 actuaciones en Jarauta, Descalzos, Mayor, Eslava y Santo And\u00eda, implica una inversi\u00f3n de 27,5 millones\",\"breadcrumb\":{\"@id\":\"https:\\\/\\\/www.laguiadepamplona.com\\\/actualidad\\\/el-ayuntamiento-pone-en-marcha-por-primera-vez-un-plan-para-ofertar-vivienda-protegida-en-el-casco-viejo-100-pisos-de-los-138-que-impulsara-hasta-2035\\\/#breadcrumb\"},\"inLanguage\":\"es\",\"potentialAction\":[{\"@type\":\"ReadAction\",\"target\":[\"https:\\\/\\\/www.laguiadepamplona.com\\\/actualidad\\\/el-ayuntamiento-pone-en-marcha-por-primera-vez-un-plan-para-ofertar-vivienda-protegida-en-el-casco-viejo-100-pisos-de-los-138-que-impulsara-hasta-2035\\\/\"]}]},{\"@type\":\"ImageObject\",\"inLanguage\":\"es\",\"@id\":\"https:\\\/\\\/www.laguiadepamplona.com\\\/actualidad\\\/el-ayuntamiento-pone-en-marcha-por-primera-vez-un-plan-para-ofertar-vivienda-protegida-en-el-casco-viejo-100-pisos-de-los-138-que-impulsara-hasta-2035\\\/#primaryimage\",\"url\":\"https:\\\/\\\/www.laguiadepamplona.com\\\/actualidad\\\/wp-content\\\/uploads\\\/2025\\\/02\\\/vivienda-Casco-Antiguo_web.webp\",\"contentUrl\":\"https:\\\/\\\/www.laguiadepamplona.com\\\/actualidad\\\/wp-content\\\/uploads\\\/2025\\\/02\\\/vivienda-Casco-Antiguo_web.webp\",\"width\":1000,\"height\":870,\"caption\":\"vivienda casco antiguo\"},{\"@type\":\"BreadcrumbList\",\"@id\":\"https:\\\/\\\/www.laguiadepamplona.com\\\/actualidad\\\/el-ayuntamiento-pone-en-marcha-por-primera-vez-un-plan-para-ofertar-vivienda-protegida-en-el-casco-viejo-100-pisos-de-los-138-que-impulsara-hasta-2035\\\/#breadcrumb\",\"itemListElement\":[{\"@type\":\"ListItem\",\"position\":1,\"name\":\"Portada\",\"item\":\"https:\\\/\\\/www.laguiadepamplona.com\\\/actualidad\\\/\"},{\"@type\":\"ListItem\",\"position\":2,\"name\":\"El Ayuntamiento pone en marcha por primera vez un plan para ofertar vivienda protegida en el Casco Viejo: 100 pisos de los 138 que impulsar\u00e1 hasta 2035\"}]},{\"@type\":\"WebSite\",\"@id\":\"https:\\\/\\\/www.laguiadepamplona.com\\\/actualidad\\\/#website\",\"url\":\"https:\\\/\\\/www.laguiadepamplona.com\\\/actualidad\\\/\",\"name\":\"La gu\u00eda de Pamplona\",\"description\":\"Noticias de Pamplona\",\"publisher\":{\"@id\":\"https:\\\/\\\/www.laguiadepamplona.com\\\/actualidad\\\/#organization\"},\"potentialAction\":[{\"@type\":\"SearchAction\",\"target\":{\"@type\":\"EntryPoint\",\"urlTemplate\":\"https:\\\/\\\/www.laguiadepamplona.com\\\/actualidad\\\/?s={search_term_string}\"},\"query-input\":{\"@type\":\"PropertyValueSpecification\",\"valueRequired\":true,\"valueName\":\"search_term_string\"}}],\"inLanguage\":\"es\"},{\"@type\":\"Organization\",\"@id\":\"https:\\\/\\\/www.laguiadepamplona.com\\\/actualidad\\\/#organization\",\"name\":\"La Gu\u00eda de Pamplona \\\/ Noticias\",\"url\":\"https:\\\/\\\/www.laguiadepamplona.com\\\/actualidad\\\/\",\"logo\":{\"@type\":\"ImageObject\",\"inLanguage\":\"es\",\"@id\":\"https:\\\/\\\/www.laguiadepamplona.com\\\/actualidad\\\/#\\\/schema\\\/logo\\\/image\\\/\",\"url\":\"https:\\\/\\\/www.laguiadepamplona.com\\\/actualidad\\\/wp-content\\\/uploads\\\/2018\\\/11\\\/logo-laguiadepamplona18-web1.png\",\"contentUrl\":\"https:\\\/\\\/www.laguiadepamplona.com\\\/actualidad\\\/wp-content\\\/uploads\\\/2018\\\/11\\\/logo-laguiadepamplona18-web1.png\",\"width\":600,\"height\":196,\"caption\":\"La Gu\u00eda de Pamplona \\\/ Noticias\"},\"image\":{\"@id\":\"https:\\\/\\\/www.laguiadepamplona.com\\\/actualidad\\\/#\\\/schema\\\/logo\\\/image\\\/\"},\"sameAs\":[\"https:\\\/\\\/www.facebook.com\\\/laguiadepamplonacom-133175176762273\\\/?ref=hl\",\"https:\\\/\\\/x.com\\\/LaGuiadPamplona\",\"https:\\\/\\\/www.instagram.com\\\/la_guia_de_pamplona\\\/\",\"https:\\\/\\\/www.youtube.com\\\/user\\\/laguiadepamplona\"]},{\"@type\":\"Person\",\"@id\":\"https:\\\/\\\/www.laguiadepamplona.com\\\/actualidad\\\/#\\\/schema\\\/person\\\/efe887376f0213d4657c93adc50b1fdb\",\"name\":\"La Gu\u00eda de Pamplona\",\"image\":{\"@type\":\"ImageObject\",\"inLanguage\":\"es\",\"@id\":\"https:\\\/\\\/secure.gravatar.com\\\/avatar\\\/b6992f131dc8d30ab0dff15446e9d346d9dbd95992de0fef795073f5ea83a81c?s=96&d=mm&r=g\",\"url\":\"https:\\\/\\\/secure.gravatar.com\\\/avatar\\\/b6992f131dc8d30ab0dff15446e9d346d9dbd95992de0fef795073f5ea83a81c?s=96&d=mm&r=g\",\"contentUrl\":\"https:\\\/\\\/secure.gravatar.com\\\/avatar\\\/b6992f131dc8d30ab0dff15446e9d346d9dbd95992de0fef795073f5ea83a81c?s=96&d=mm&r=g\",\"caption\":\"La Gu\u00eda de Pamplona\"}}]}<\/script>\n<!-- \/ Yoast SEO plugin. -->","yoast_head_json":{"title":"El Ayuntamiento pone en marcha por primera vez un plan para ofertar vivienda protegida en el Casco Viejo: 100 pisos de los 138 que impulsar\u00e1 hasta 2035","description":"El plan se centra en 13 actuaciones en Jarauta, Descalzos, Mayor, Eslava y Santo And\u00eda, implica una inversi\u00f3n de 27,5 millones","robots":{"index":"index","follow":"follow","max-snippet":"max-snippet:-1","max-image-preview":"max-image-preview:large","max-video-preview":"max-video-preview:-1"},"canonical":"https:\/\/www.laguiadepamplona.com\/actualidad\/el-ayuntamiento-pone-en-marcha-por-primera-vez-un-plan-para-ofertar-vivienda-protegida-en-el-casco-viejo-100-pisos-de-los-138-que-impulsara-hasta-2035\/","og_locale":"es_ES","og_type":"article","og_title":"El Ayuntamiento pone en marcha por primera vez un plan para ofertar vivienda protegida en el Casco Viejo: 100 pisos de los 138 que impulsar\u00e1 hasta 2035","og_description":"El plan se centra en 13 actuaciones en Jarauta, Descalzos, Mayor, Eslava y Santo And\u00eda, implica una inversi\u00f3n de 27,5 millones","og_url":"https:\/\/www.laguiadepamplona.com\/actualidad\/el-ayuntamiento-pone-en-marcha-por-primera-vez-un-plan-para-ofertar-vivienda-protegida-en-el-casco-viejo-100-pisos-de-los-138-que-impulsara-hasta-2035\/","og_site_name":"La Gu\u00eda de Pamplona","article_publisher":"https:\/\/www.facebook.com\/laguiadepamplonacom-133175176762273\/?ref=hl","article_published_time":"2025-02-14T14:41:29+00:00","og_image":[{"width":1000,"height":870,"url":"https:\/\/www.laguiadepamplona.com\/actualidad\/wp-content\/uploads\/2025\/02\/vivienda-Casco-Antiguo_web.webp","type":"image\/webp"}],"author":"La Gu\u00eda de Pamplona","twitter_card":"summary_large_image","twitter_creator":"@LaGuiadPamplona","twitter_site":"@LaGuiadPamplona","twitter_misc":{"Escrito por":"La Gu\u00eda de Pamplona","Tiempo de lectura":"6 minutos"},"schema":{"@context":"https:\/\/schema.org","@graph":[{"@type":"Article","@id":"https:\/\/www.laguiadepamplona.com\/actualidad\/el-ayuntamiento-pone-en-marcha-por-primera-vez-un-plan-para-ofertar-vivienda-protegida-en-el-casco-viejo-100-pisos-de-los-138-que-impulsara-hasta-2035\/#article","isPartOf":{"@id":"https:\/\/www.laguiadepamplona.com\/actualidad\/el-ayuntamiento-pone-en-marcha-por-primera-vez-un-plan-para-ofertar-vivienda-protegida-en-el-casco-viejo-100-pisos-de-los-138-que-impulsara-hasta-2035\/"},"author":{"name":"La Gu\u00eda de Pamplona","@id":"https:\/\/www.laguiadepamplona.com\/actualidad\/#\/schema\/person\/efe887376f0213d4657c93adc50b1fdb"},"headline":"El Ayuntamiento pone en marcha por primera vez un plan para ofertar vivienda protegida en el Casco Viejo: 100 pisos de los 138 que impulsar\u00e1 hasta 2035","datePublished":"2025-02-14T14:41:29+00:00","mainEntityOfPage":{"@id":"https:\/\/www.laguiadepamplona.com\/actualidad\/el-ayuntamiento-pone-en-marcha-por-primera-vez-un-plan-para-ofertar-vivienda-protegida-en-el-casco-viejo-100-pisos-de-los-138-que-impulsara-hasta-2035\/"},"wordCount":1266,"commentCount":0,"publisher":{"@id":"https:\/\/www.laguiadepamplona.com\/actualidad\/#organization"},"image":{"@id":"https:\/\/www.laguiadepamplona.com\/actualidad\/el-ayuntamiento-pone-en-marcha-por-primera-vez-un-plan-para-ofertar-vivienda-protegida-en-el-casco-viejo-100-pisos-de-los-138-que-impulsara-hasta-2035\/#primaryimage"},"thumbnailUrl":"https:\/\/www.laguiadepamplona.com\/actualidad\/wp-content\/uploads\/2025\/02\/vivienda-Casco-Antiguo_web.webp","articleSection":["Ayto Pamplona"],"inLanguage":"es","potentialAction":[{"@type":"CommentAction","name":"Comment","target":["https:\/\/www.laguiadepamplona.com\/actualidad\/el-ayuntamiento-pone-en-marcha-por-primera-vez-un-plan-para-ofertar-vivienda-protegida-en-el-casco-viejo-100-pisos-de-los-138-que-impulsara-hasta-2035\/#respond"]}]},{"@type":"WebPage","@id":"https:\/\/www.laguiadepamplona.com\/actualidad\/el-ayuntamiento-pone-en-marcha-por-primera-vez-un-plan-para-ofertar-vivienda-protegida-en-el-casco-viejo-100-pisos-de-los-138-que-impulsara-hasta-2035\/","url":"https:\/\/www.laguiadepamplona.com\/actualidad\/el-ayuntamiento-pone-en-marcha-por-primera-vez-un-plan-para-ofertar-vivienda-protegida-en-el-casco-viejo-100-pisos-de-los-138-que-impulsara-hasta-2035\/","name":"El Ayuntamiento pone en marcha por primera vez un plan para ofertar vivienda protegida en el Casco Viejo: 100 pisos de los 138 que impulsar\u00e1 hasta 2035","isPartOf":{"@id":"https:\/\/www.laguiadepamplona.com\/actualidad\/#website"},"primaryImageOfPage":{"@id":"https:\/\/www.laguiadepamplona.com\/actualidad\/el-ayuntamiento-pone-en-marcha-por-primera-vez-un-plan-para-ofertar-vivienda-protegida-en-el-casco-viejo-100-pisos-de-los-138-que-impulsara-hasta-2035\/#primaryimage"},"image":{"@id":"https:\/\/www.laguiadepamplona.com\/actualidad\/el-ayuntamiento-pone-en-marcha-por-primera-vez-un-plan-para-ofertar-vivienda-protegida-en-el-casco-viejo-100-pisos-de-los-138-que-impulsara-hasta-2035\/#primaryimage"},"thumbnailUrl":"https:\/\/www.laguiadepamplona.com\/actualidad\/wp-content\/uploads\/2025\/02\/vivienda-Casco-Antiguo_web.webp","datePublished":"2025-02-14T14:41:29+00:00","description":"El plan se centra en 13 actuaciones en Jarauta, Descalzos, Mayor, Eslava y Santo And\u00eda, implica una inversi\u00f3n de 27,5 millones","breadcrumb":{"@id":"https:\/\/www.laguiadepamplona.com\/actualidad\/el-ayuntamiento-pone-en-marcha-por-primera-vez-un-plan-para-ofertar-vivienda-protegida-en-el-casco-viejo-100-pisos-de-los-138-que-impulsara-hasta-2035\/#breadcrumb"},"inLanguage":"es","potentialAction":[{"@type":"ReadAction","target":["https:\/\/www.laguiadepamplona.com\/actualidad\/el-ayuntamiento-pone-en-marcha-por-primera-vez-un-plan-para-ofertar-vivienda-protegida-en-el-casco-viejo-100-pisos-de-los-138-que-impulsara-hasta-2035\/"]}]},{"@type":"ImageObject","inLanguage":"es","@id":"https:\/\/www.laguiadepamplona.com\/actualidad\/el-ayuntamiento-pone-en-marcha-por-primera-vez-un-plan-para-ofertar-vivienda-protegida-en-el-casco-viejo-100-pisos-de-los-138-que-impulsara-hasta-2035\/#primaryimage","url":"https:\/\/www.laguiadepamplona.com\/actualidad\/wp-content\/uploads\/2025\/02\/vivienda-Casco-Antiguo_web.webp","contentUrl":"https:\/\/www.laguiadepamplona.com\/actualidad\/wp-content\/uploads\/2025\/02\/vivienda-Casco-Antiguo_web.webp","width":1000,"height":870,"caption":"vivienda casco antiguo"},{"@type":"BreadcrumbList","@id":"https:\/\/www.laguiadepamplona.com\/actualidad\/el-ayuntamiento-pone-en-marcha-por-primera-vez-un-plan-para-ofertar-vivienda-protegida-en-el-casco-viejo-100-pisos-de-los-138-que-impulsara-hasta-2035\/#breadcrumb","itemListElement":[{"@type":"ListItem","position":1,"name":"Portada","item":"https:\/\/www.laguiadepamplona.com\/actualidad\/"},{"@type":"ListItem","position":2,"name":"El Ayuntamiento pone en marcha por primera vez un plan para ofertar vivienda protegida en el Casco Viejo: 100 pisos de los 138 que impulsar\u00e1 hasta 2035"}]},{"@type":"WebSite","@id":"https:\/\/www.laguiadepamplona.com\/actualidad\/#website","url":"https:\/\/www.laguiadepamplona.com\/actualidad\/","name":"La gu\u00eda de Pamplona","description":"Noticias de Pamplona","publisher":{"@id":"https:\/\/www.laguiadepamplona.com\/actualidad\/#organization"},"potentialAction":[{"@type":"SearchAction","target":{"@type":"EntryPoint","urlTemplate":"https:\/\/www.laguiadepamplona.com\/actualidad\/?s={search_term_string}"},"query-input":{"@type":"PropertyValueSpecification","valueRequired":true,"valueName":"search_term_string"}}],"inLanguage":"es"},{"@type":"Organization","@id":"https:\/\/www.laguiadepamplona.com\/actualidad\/#organization","name":"La Gu\u00eda de Pamplona \/ Noticias","url":"https:\/\/www.laguiadepamplona.com\/actualidad\/","logo":{"@type":"ImageObject","inLanguage":"es","@id":"https:\/\/www.laguiadepamplona.com\/actualidad\/#\/schema\/logo\/image\/","url":"https:\/\/www.laguiadepamplona.com\/actualidad\/wp-content\/uploads\/2018\/11\/logo-laguiadepamplona18-web1.png","contentUrl":"https:\/\/www.laguiadepamplona.com\/actualidad\/wp-content\/uploads\/2018\/11\/logo-laguiadepamplona18-web1.png","width":600,"height":196,"caption":"La Gu\u00eda de Pamplona \/ Noticias"},"image":{"@id":"https:\/\/www.laguiadepamplona.com\/actualidad\/#\/schema\/logo\/image\/"},"sameAs":["https:\/\/www.facebook.com\/laguiadepamplonacom-133175176762273\/?ref=hl","https:\/\/x.com\/LaGuiadPamplona","https:\/\/www.instagram.com\/la_guia_de_pamplona\/","https:\/\/www.youtube.com\/user\/laguiadepamplona"]},{"@type":"Person","@id":"https:\/\/www.laguiadepamplona.com\/actualidad\/#\/schema\/person\/efe887376f0213d4657c93adc50b1fdb","name":"La Gu\u00eda de Pamplona","image":{"@type":"ImageObject","inLanguage":"es","@id":"https:\/\/secure.gravatar.com\/avatar\/b6992f131dc8d30ab0dff15446e9d346d9dbd95992de0fef795073f5ea83a81c?s=96&d=mm&r=g","url":"https:\/\/secure.gravatar.com\/avatar\/b6992f131dc8d30ab0dff15446e9d346d9dbd95992de0fef795073f5ea83a81c?s=96&d=mm&r=g","contentUrl":"https:\/\/secure.gravatar.com\/avatar\/b6992f131dc8d30ab0dff15446e9d346d9dbd95992de0fef795073f5ea83a81c?s=96&d=mm&r=g","caption":"La Gu\u00eda de Pamplona"}}]}},"post_mailing_queue_ids":[],"_links":{"self":[{"href":"https:\/\/www.laguiadepamplona.com\/actualidad\/wp-json\/wp\/v2\/posts\/52087","targetHints":{"allow":["GET"]}}],"collection":[{"href":"https:\/\/www.laguiadepamplona.com\/actualidad\/wp-json\/wp\/v2\/posts"}],"about":[{"href":"https:\/\/www.laguiadepamplona.com\/actualidad\/wp-json\/wp\/v2\/types\/post"}],"author":[{"embeddable":true,"href":"https:\/\/www.laguiadepamplona.com\/actualidad\/wp-json\/wp\/v2\/users\/1"}],"replies":[{"embeddable":true,"href":"https:\/\/www.laguiadepamplona.com\/actualidad\/wp-json\/wp\/v2\/comments?post=52087"}],"version-history":[{"count":1,"href":"https:\/\/www.laguiadepamplona.com\/actualidad\/wp-json\/wp\/v2\/posts\/52087\/revisions"}],"predecessor-version":[{"id":52089,"href":"https:\/\/www.laguiadepamplona.com\/actualidad\/wp-json\/wp\/v2\/posts\/52087\/revisions\/52089"}],"wp:featuredmedia":[{"embeddable":true,"href":"https:\/\/www.laguiadepamplona.com\/actualidad\/wp-json\/wp\/v2\/media\/52088"}],"wp:attachment":[{"href":"https:\/\/www.laguiadepamplona.com\/actualidad\/wp-json\/wp\/v2\/media?parent=52087"}],"wp:term":[{"taxonomy":"category","embeddable":true,"href":"https:\/\/www.laguiadepamplona.com\/actualidad\/wp-json\/wp\/v2\/categories?post=52087"},{"taxonomy":"post_tag","embeddable":true,"href":"https:\/\/www.laguiadepamplona.com\/actualidad\/wp-json\/wp\/v2\/tags?post=52087"}],"curies":[{"name":"wp","href":"https:\/\/api.w.org\/{rel}","templated":true}]}}