{"id":52085,"date":"2025-02-14T14:51:11","date_gmt":"2025-02-14T12:51:11","guid":{"rendered":"https:\/\/www.laguiadepamplona.com\/actualidad\/?p=52085"},"modified":"2025-02-14T14:51:11","modified_gmt":"2025-02-14T12:51:11","slug":"la-fachada-de-la-casa-consistorial-se-ilumina-en-color-rojo-este-viernes-por-la-celebracion-del-dia-internacional-de-las-cardiopatias-congenitas","status":"publish","type":"post","link":"https:\/\/www.laguiadepamplona.com\/actualidad\/la-fachada-de-la-casa-consistorial-se-ilumina-en-color-rojo-este-viernes-por-la-celebracion-del-dia-internacional-de-las-cardiopatias-congenitas\/","title":{"rendered":"La fachada de la Casa Consistorial se ilumina en color rojo este viernes por la celebraci\u00f3n del D\u00eda Internacional de las Cardiopat\u00edas Cong\u00e9nitas"},"content":{"rendered":"<h2>El s\u00e1bado el edificio municipal se iluminar\u00e1 en color amarillo-dorado, a petici\u00f3n de ADANO, por el D\u00eda Internacional del C\u00e1ncer Infantil<\/h2>\n<p><!--more--><\/p>\n<p>La fachada de la Casa Consistorial se ilumina este viernes y el s\u00e1bado para secundar la celebraci\u00f3n de dos d\u00edas de concienciaci\u00f3n internacionales: el D\u00eda Internacional de las Cardiopat\u00edas Cong\u00e9nitas y el D\u00eda Internacional del C\u00e1ncer Infantil. Con este motivo, el edificio municipal lucir\u00e1 en color rojo el viernes y el color amarillo el s\u00e1bado.<\/p>\n<p>Este viernes se conmemora el D\u00eda Internacional de las Cardiopat\u00edas Cong\u00e9nitas, unas de las m\u00e1s frecuentes en el pa\u00eds. La cita sirve para informar sobre esta dolencia y concienciar a la sociedad, para avanzar en la detecci\u00f3n temprana y la prevenci\u00f3n. Tambi\u00e9n supone una forma de apoyar a pacientes y familiares de las personas afectadas.<\/p>\n<p>La denominaci\u00f3n cardiopat\u00edas cong\u00e9nitas incluye un grupo de enfermedades o malformaciones en las estructuras del coraz\u00f3n o de vasos intrator\u00e1cicos, que se detectan en el nacimiento o en momentos posteriores. Tienen origen gen\u00e9tico, en algunos casos, pero las causas muchas veces no se pueden precisar. La edad de los padres y situaciones durante el embarazo pueden influir en su aparici\u00f3n. La sintomatolog\u00eda es muy variable y el tratamiento puede incluir la cirug\u00eda.<\/p>\n<p>El D\u00eda Internacional de las Cardiopat\u00edas Cong\u00e9nitas se celebra desde el a\u00f1o 1999 y los avances en la detecci\u00f3n y tratamiento han llevado a una esperanza media de vida similar a la de la poblaci\u00f3n en general.<\/p>\n<p><strong>El s\u00e1bado, dorado<\/strong><\/p>\n<p>El s\u00e1bado la fachada consistorial se iluminar\u00e1 en color amarillo-dorado para dar visibilidad al D\u00eda Internacional del C\u00e1ncer Infantil. La iluminaci\u00f3n, a petici\u00f3n de ADANO, la Asociaci\u00f3n de Ayuda a Ni\u00f1os y Ni\u00f1as con C\u00e1ncer de Navarra, busca recabar apoyos para la lucha contra esta enfermedad, considerada rara y que cuenta con una tasa de supervivencia por encima del 75%.<\/p>\n<p>El c\u00e1ncer agrupa a varias enfermedades, cada una con sus propios s\u00edntomas, tratamiento y pron\u00f3stico, como la leucemia, linfoma, tumores, osteosarcoma o retinoblastoma. En el caso infantil, pueden aparecer de forma repentina, sin que se produzcan s\u00edntomas previos. Los tratamientos pueden incluir quimioterapia, radioterapia, cirug\u00eda y transplantes, en funci\u00f3n del desarrollo de la enfermedad.<\/p>\n<p>La Asociaci\u00f3n de Ayuda a Ni\u00f1os y Ni\u00f1as con C\u00e1ncer de Navarra se integra en la Federaci\u00f3n Espa\u00f1ola de Padres de Ni\u00f1os y Ni\u00f1as con C\u00e1ncer y la Confederaci\u00f3n Internacional de Organizaciones de Padres de Ni\u00f1os con C\u00e1ncer (ICCCPO), y desarrolla su labor en Navarra desde el a\u00f1o 1989. Trabaja en coordinaci\u00f3n con el Hospital Universitario de Navarra para desarrollar programas de seguimiento, de apoyo psicosocial y econ\u00f3mico, y de informaci\u00f3n y sensibilizaci\u00f3n, entre otros.<\/p>\n<p>&nbsp;<\/p>\n<h3>Dos iluminaciones el fin de semana<\/h3>\n<ul>\n<li>Viernes 14 de febrero (rojo)\n<ul>\n<li>D\u00eda Internacional de las Cardiopat\u00edas Cong\u00e9nitas<\/li>\n<\/ul>\n<\/li>\n<li>S\u00e1bado 15 de febrero (amarillo-dorado)\n<ul>\n<li>D\u00eda Internacional del C\u00e1ncer Infantil<\/li>\n<\/ul>\n<\/li>\n<\/ul>\n","protected":false},"excerpt":{"rendered":"<p>El s\u00e1bado el edificio municipal se iluminar\u00e1 en color amarillo-dorado, a petici\u00f3n de ADANO, por el D\u00eda Internacional del C\u00e1ncer Infantil<\/p>\n","protected":false},"author":1,"featured_media":36967,"comment_status":"open","ping_status":"closed","sticky":false,"template":"","format":"standard","meta":{"footnotes":""},"categories":[2],"tags":[],"class_list":["post-52085","post","type-post","status-publish","format-standard","has-post-thumbnail","hentry","category-ayuntamiento-pamplona"],"yoast_head":"<!-- This site is optimized with the Yoast SEO plugin v27.3 - https:\/\/yoast.com\/product\/yoast-seo-wordpress\/ -->\n<title>La fachada de la Casa Consistorial se ilumina en color rojo este viernes por la celebraci\u00f3n del D\u00eda Internacional de las Cardiopat\u00edas Cong\u00e9nitas<\/title>\n<meta name=\"description\" content=\"El s\u00e1bado el edificio municipal se iluminar\u00e1 en color amarillo-dorado, a petici\u00f3n de ADANO, por el D\u00eda Internacional del C\u00e1ncer Infantil\" \/>\n<meta name=\"robots\" content=\"index, follow, max-snippet:-1, max-image-preview:large, max-video-preview:-1\" \/>\n<link rel=\"canonical\" href=\"https:\/\/www.laguiadepamplona.com\/actualidad\/la-fachada-de-la-casa-consistorial-se-ilumina-en-color-rojo-este-viernes-por-la-celebracion-del-dia-internacional-de-las-cardiopatias-congenitas\/\" \/>\n<meta property=\"og:locale\" content=\"es_ES\" \/>\n<meta property=\"og:type\" content=\"article\" \/>\n<meta property=\"og:title\" content=\"La fachada de la Casa Consistorial se ilumina en color rojo este viernes por la celebraci\u00f3n del D\u00eda Internacional de las Cardiopat\u00edas Cong\u00e9nitas\" \/>\n<meta property=\"og:description\" content=\"El s\u00e1bado el edificio municipal se iluminar\u00e1 en color amarillo-dorado, a petici\u00f3n de ADANO, por el D\u00eda Internacional del C\u00e1ncer Infantil\" \/>\n<meta property=\"og:url\" content=\"https:\/\/www.laguiadepamplona.com\/actualidad\/la-fachada-de-la-casa-consistorial-se-ilumina-en-color-rojo-este-viernes-por-la-celebracion-del-dia-internacional-de-las-cardiopatias-congenitas\/\" \/>\n<meta property=\"og:site_name\" content=\"La Gu\u00eda de Pamplona\" \/>\n<meta property=\"article:publisher\" content=\"https:\/\/www.facebook.com\/laguiadepamplonacom-133175176762273\/?ref=hl\" \/>\n<meta property=\"article:published_time\" content=\"2025-02-14T12:51:11+00:00\" \/>\n<meta property=\"og:image\" content=\"https:\/\/www.laguiadepamplona.com\/actualidad\/wp-content\/uploads\/2021\/10\/ayuntamiento-rojo.jpg\" \/>\n\t<meta property=\"og:image:width\" content=\"1529\" \/>\n\t<meta property=\"og:image:height\" content=\"1019\" \/>\n\t<meta property=\"og:image:type\" content=\"image\/jpeg\" \/>\n<meta name=\"author\" content=\"La Gu\u00eda de Pamplona\" \/>\n<meta name=\"twitter:card\" content=\"summary_large_image\" \/>\n<meta name=\"twitter:creator\" content=\"@LaGuiadPamplona\" \/>\n<meta name=\"twitter:site\" content=\"@LaGuiadPamplona\" \/>\n<meta name=\"twitter:label1\" content=\"Escrito por\" \/>\n\t<meta name=\"twitter:data1\" content=\"La Gu\u00eda de Pamplona\" \/>\n\t<meta name=\"twitter:label2\" content=\"Tiempo de lectura\" \/>\n\t<meta name=\"twitter:data2\" content=\"3 minutos\" \/>\n<script type=\"application\/ld+json\" class=\"yoast-schema-graph\">{\"@context\":\"https:\\\/\\\/schema.org\",\"@graph\":[{\"@type\":\"Article\",\"@id\":\"https:\\\/\\\/www.laguiadepamplona.com\\\/actualidad\\\/la-fachada-de-la-casa-consistorial-se-ilumina-en-color-rojo-este-viernes-por-la-celebracion-del-dia-internacional-de-las-cardiopatias-congenitas\\\/#article\",\"isPartOf\":{\"@id\":\"https:\\\/\\\/www.laguiadepamplona.com\\\/actualidad\\\/la-fachada-de-la-casa-consistorial-se-ilumina-en-color-rojo-este-viernes-por-la-celebracion-del-dia-internacional-de-las-cardiopatias-congenitas\\\/\"},\"author\":{\"name\":\"La Gu\u00eda de Pamplona\",\"@id\":\"https:\\\/\\\/www.laguiadepamplona.com\\\/actualidad\\\/#\\\/schema\\\/person\\\/efe887376f0213d4657c93adc50b1fdb\"},\"headline\":\"La fachada de la Casa Consistorial se ilumina en color rojo este viernes por la celebraci\u00f3n del D\u00eda Internacional de las Cardiopat\u00edas Cong\u00e9nitas\",\"datePublished\":\"2025-02-14T12:51:11+00:00\",\"mainEntityOfPage\":{\"@id\":\"https:\\\/\\\/www.laguiadepamplona.com\\\/actualidad\\\/la-fachada-de-la-casa-consistorial-se-ilumina-en-color-rojo-este-viernes-por-la-celebracion-del-dia-internacional-de-las-cardiopatias-congenitas\\\/\"},\"wordCount\":558,\"commentCount\":0,\"publisher\":{\"@id\":\"https:\\\/\\\/www.laguiadepamplona.com\\\/actualidad\\\/#organization\"},\"image\":{\"@id\":\"https:\\\/\\\/www.laguiadepamplona.com\\\/actualidad\\\/la-fachada-de-la-casa-consistorial-se-ilumina-en-color-rojo-este-viernes-por-la-celebracion-del-dia-internacional-de-las-cardiopatias-congenitas\\\/#primaryimage\"},\"thumbnailUrl\":\"https:\\\/\\\/www.laguiadepamplona.com\\\/actualidad\\\/wp-content\\\/uploads\\\/2021\\\/10\\\/ayuntamiento-rojo.jpg\",\"articleSection\":[\"Ayto Pamplona\"],\"inLanguage\":\"es\",\"potentialAction\":[{\"@type\":\"CommentAction\",\"name\":\"Comment\",\"target\":[\"https:\\\/\\\/www.laguiadepamplona.com\\\/actualidad\\\/la-fachada-de-la-casa-consistorial-se-ilumina-en-color-rojo-este-viernes-por-la-celebracion-del-dia-internacional-de-las-cardiopatias-congenitas\\\/#respond\"]}]},{\"@type\":\"WebPage\",\"@id\":\"https:\\\/\\\/www.laguiadepamplona.com\\\/actualidad\\\/la-fachada-de-la-casa-consistorial-se-ilumina-en-color-rojo-este-viernes-por-la-celebracion-del-dia-internacional-de-las-cardiopatias-congenitas\\\/\",\"url\":\"https:\\\/\\\/www.laguiadepamplona.com\\\/actualidad\\\/la-fachada-de-la-casa-consistorial-se-ilumina-en-color-rojo-este-viernes-por-la-celebracion-del-dia-internacional-de-las-cardiopatias-congenitas\\\/\",\"name\":\"La fachada de la Casa Consistorial se ilumina en color rojo este viernes por la celebraci\u00f3n del D\u00eda Internacional de las Cardiopat\u00edas Cong\u00e9nitas\",\"isPartOf\":{\"@id\":\"https:\\\/\\\/www.laguiadepamplona.com\\\/actualidad\\\/#website\"},\"primaryImageOfPage\":{\"@id\":\"https:\\\/\\\/www.laguiadepamplona.com\\\/actualidad\\\/la-fachada-de-la-casa-consistorial-se-ilumina-en-color-rojo-este-viernes-por-la-celebracion-del-dia-internacional-de-las-cardiopatias-congenitas\\\/#primaryimage\"},\"image\":{\"@id\":\"https:\\\/\\\/www.laguiadepamplona.com\\\/actualidad\\\/la-fachada-de-la-casa-consistorial-se-ilumina-en-color-rojo-este-viernes-por-la-celebracion-del-dia-internacional-de-las-cardiopatias-congenitas\\\/#primaryimage\"},\"thumbnailUrl\":\"https:\\\/\\\/www.laguiadepamplona.com\\\/actualidad\\\/wp-content\\\/uploads\\\/2021\\\/10\\\/ayuntamiento-rojo.jpg\",\"datePublished\":\"2025-02-14T12:51:11+00:00\",\"description\":\"El s\u00e1bado el edificio municipal se iluminar\u00e1 en color amarillo-dorado, a petici\u00f3n de ADANO, por el D\u00eda Internacional del C\u00e1ncer Infantil\",\"breadcrumb\":{\"@id\":\"https:\\\/\\\/www.laguiadepamplona.com\\\/actualidad\\\/la-fachada-de-la-casa-consistorial-se-ilumina-en-color-rojo-este-viernes-por-la-celebracion-del-dia-internacional-de-las-cardiopatias-congenitas\\\/#breadcrumb\"},\"inLanguage\":\"es\",\"potentialAction\":[{\"@type\":\"ReadAction\",\"target\":[\"https:\\\/\\\/www.laguiadepamplona.com\\\/actualidad\\\/la-fachada-de-la-casa-consistorial-se-ilumina-en-color-rojo-este-viernes-por-la-celebracion-del-dia-internacional-de-las-cardiopatias-congenitas\\\/\"]}]},{\"@type\":\"ImageObject\",\"inLanguage\":\"es\",\"@id\":\"https:\\\/\\\/www.laguiadepamplona.com\\\/actualidad\\\/la-fachada-de-la-casa-consistorial-se-ilumina-en-color-rojo-este-viernes-por-la-celebracion-del-dia-internacional-de-las-cardiopatias-congenitas\\\/#primaryimage\",\"url\":\"https:\\\/\\\/www.laguiadepamplona.com\\\/actualidad\\\/wp-content\\\/uploads\\\/2021\\\/10\\\/ayuntamiento-rojo.jpg\",\"contentUrl\":\"https:\\\/\\\/www.laguiadepamplona.com\\\/actualidad\\\/wp-content\\\/uploads\\\/2021\\\/10\\\/ayuntamiento-rojo.jpg\",\"width\":1529,\"height\":1019,\"caption\":\"ayuntamiento rojo\"},{\"@type\":\"BreadcrumbList\",\"@id\":\"https:\\\/\\\/www.laguiadepamplona.com\\\/actualidad\\\/la-fachada-de-la-casa-consistorial-se-ilumina-en-color-rojo-este-viernes-por-la-celebracion-del-dia-internacional-de-las-cardiopatias-congenitas\\\/#breadcrumb\",\"itemListElement\":[{\"@type\":\"ListItem\",\"position\":1,\"name\":\"Portada\",\"item\":\"https:\\\/\\\/www.laguiadepamplona.com\\\/actualidad\\\/\"},{\"@type\":\"ListItem\",\"position\":2,\"name\":\"La fachada de la Casa Consistorial se ilumina en color rojo este viernes por la celebraci\u00f3n del D\u00eda Internacional de las Cardiopat\u00edas Cong\u00e9nitas\"}]},{\"@type\":\"WebSite\",\"@id\":\"https:\\\/\\\/www.laguiadepamplona.com\\\/actualidad\\\/#website\",\"url\":\"https:\\\/\\\/www.laguiadepamplona.com\\\/actualidad\\\/\",\"name\":\"La gu\u00eda de Pamplona\",\"description\":\"Noticias de Pamplona\",\"publisher\":{\"@id\":\"https:\\\/\\\/www.laguiadepamplona.com\\\/actualidad\\\/#organization\"},\"potentialAction\":[{\"@type\":\"SearchAction\",\"target\":{\"@type\":\"EntryPoint\",\"urlTemplate\":\"https:\\\/\\\/www.laguiadepamplona.com\\\/actualidad\\\/?s={search_term_string}\"},\"query-input\":{\"@type\":\"PropertyValueSpecification\",\"valueRequired\":true,\"valueName\":\"search_term_string\"}}],\"inLanguage\":\"es\"},{\"@type\":\"Organization\",\"@id\":\"https:\\\/\\\/www.laguiadepamplona.com\\\/actualidad\\\/#organization\",\"name\":\"La Gu\u00eda de Pamplona \\\/ Noticias\",\"url\":\"https:\\\/\\\/www.laguiadepamplona.com\\\/actualidad\\\/\",\"logo\":{\"@type\":\"ImageObject\",\"inLanguage\":\"es\",\"@id\":\"https:\\\/\\\/www.laguiadepamplona.com\\\/actualidad\\\/#\\\/schema\\\/logo\\\/image\\\/\",\"url\":\"https:\\\/\\\/www.laguiadepamplona.com\\\/actualidad\\\/wp-content\\\/uploads\\\/2018\\\/11\\\/logo-laguiadepamplona18-web1.png\",\"contentUrl\":\"https:\\\/\\\/www.laguiadepamplona.com\\\/actualidad\\\/wp-content\\\/uploads\\\/2018\\\/11\\\/logo-laguiadepamplona18-web1.png\",\"width\":600,\"height\":196,\"caption\":\"La Gu\u00eda de Pamplona \\\/ Noticias\"},\"image\":{\"@id\":\"https:\\\/\\\/www.laguiadepamplona.com\\\/actualidad\\\/#\\\/schema\\\/logo\\\/image\\\/\"},\"sameAs\":[\"https:\\\/\\\/www.facebook.com\\\/laguiadepamplonacom-133175176762273\\\/?ref=hl\",\"https:\\\/\\\/x.com\\\/LaGuiadPamplona\",\"https:\\\/\\\/www.instagram.com\\\/la_guia_de_pamplona\\\/\",\"https:\\\/\\\/www.youtube.com\\\/user\\\/laguiadepamplona\"]},{\"@type\":\"Person\",\"@id\":\"https:\\\/\\\/www.laguiadepamplona.com\\\/actualidad\\\/#\\\/schema\\\/person\\\/efe887376f0213d4657c93adc50b1fdb\",\"name\":\"La Gu\u00eda de Pamplona\",\"image\":{\"@type\":\"ImageObject\",\"inLanguage\":\"es\",\"@id\":\"https:\\\/\\\/secure.gravatar.com\\\/avatar\\\/b6992f131dc8d30ab0dff15446e9d346d9dbd95992de0fef795073f5ea83a81c?s=96&d=mm&r=g\",\"url\":\"https:\\\/\\\/secure.gravatar.com\\\/avatar\\\/b6992f131dc8d30ab0dff15446e9d346d9dbd95992de0fef795073f5ea83a81c?s=96&d=mm&r=g\",\"contentUrl\":\"https:\\\/\\\/secure.gravatar.com\\\/avatar\\\/b6992f131dc8d30ab0dff15446e9d346d9dbd95992de0fef795073f5ea83a81c?s=96&d=mm&r=g\",\"caption\":\"La Gu\u00eda de Pamplona\"}}]}<\/script>\n<!-- \/ Yoast SEO plugin. -->","yoast_head_json":{"title":"La fachada de la Casa Consistorial se ilumina en color rojo este viernes por la celebraci\u00f3n del D\u00eda Internacional de las Cardiopat\u00edas Cong\u00e9nitas","description":"El s\u00e1bado el edificio municipal se iluminar\u00e1 en color amarillo-dorado, a petici\u00f3n de ADANO, por el D\u00eda Internacional del C\u00e1ncer Infantil","robots":{"index":"index","follow":"follow","max-snippet":"max-snippet:-1","max-image-preview":"max-image-preview:large","max-video-preview":"max-video-preview:-1"},"canonical":"https:\/\/www.laguiadepamplona.com\/actualidad\/la-fachada-de-la-casa-consistorial-se-ilumina-en-color-rojo-este-viernes-por-la-celebracion-del-dia-internacional-de-las-cardiopatias-congenitas\/","og_locale":"es_ES","og_type":"article","og_title":"La fachada de la Casa Consistorial se ilumina en color rojo este viernes por la celebraci\u00f3n del D\u00eda Internacional de las Cardiopat\u00edas Cong\u00e9nitas","og_description":"El s\u00e1bado el edificio municipal se iluminar\u00e1 en color amarillo-dorado, a petici\u00f3n de ADANO, por el D\u00eda Internacional del C\u00e1ncer Infantil","og_url":"https:\/\/www.laguiadepamplona.com\/actualidad\/la-fachada-de-la-casa-consistorial-se-ilumina-en-color-rojo-este-viernes-por-la-celebracion-del-dia-internacional-de-las-cardiopatias-congenitas\/","og_site_name":"La Gu\u00eda de Pamplona","article_publisher":"https:\/\/www.facebook.com\/laguiadepamplonacom-133175176762273\/?ref=hl","article_published_time":"2025-02-14T12:51:11+00:00","og_image":[{"width":1529,"height":1019,"url":"https:\/\/www.laguiadepamplona.com\/actualidad\/wp-content\/uploads\/2021\/10\/ayuntamiento-rojo.jpg","type":"image\/jpeg"}],"author":"La Gu\u00eda de Pamplona","twitter_card":"summary_large_image","twitter_creator":"@LaGuiadPamplona","twitter_site":"@LaGuiadPamplona","twitter_misc":{"Escrito por":"La Gu\u00eda de Pamplona","Tiempo de lectura":"3 minutos"},"schema":{"@context":"https:\/\/schema.org","@graph":[{"@type":"Article","@id":"https:\/\/www.laguiadepamplona.com\/actualidad\/la-fachada-de-la-casa-consistorial-se-ilumina-en-color-rojo-este-viernes-por-la-celebracion-del-dia-internacional-de-las-cardiopatias-congenitas\/#article","isPartOf":{"@id":"https:\/\/www.laguiadepamplona.com\/actualidad\/la-fachada-de-la-casa-consistorial-se-ilumina-en-color-rojo-este-viernes-por-la-celebracion-del-dia-internacional-de-las-cardiopatias-congenitas\/"},"author":{"name":"La Gu\u00eda de Pamplona","@id":"https:\/\/www.laguiadepamplona.com\/actualidad\/#\/schema\/person\/efe887376f0213d4657c93adc50b1fdb"},"headline":"La fachada de la Casa Consistorial se ilumina en color rojo este viernes por la celebraci\u00f3n del D\u00eda Internacional de las Cardiopat\u00edas Cong\u00e9nitas","datePublished":"2025-02-14T12:51:11+00:00","mainEntityOfPage":{"@id":"https:\/\/www.laguiadepamplona.com\/actualidad\/la-fachada-de-la-casa-consistorial-se-ilumina-en-color-rojo-este-viernes-por-la-celebracion-del-dia-internacional-de-las-cardiopatias-congenitas\/"},"wordCount":558,"commentCount":0,"publisher":{"@id":"https:\/\/www.laguiadepamplona.com\/actualidad\/#organization"},"image":{"@id":"https:\/\/www.laguiadepamplona.com\/actualidad\/la-fachada-de-la-casa-consistorial-se-ilumina-en-color-rojo-este-viernes-por-la-celebracion-del-dia-internacional-de-las-cardiopatias-congenitas\/#primaryimage"},"thumbnailUrl":"https:\/\/www.laguiadepamplona.com\/actualidad\/wp-content\/uploads\/2021\/10\/ayuntamiento-rojo.jpg","articleSection":["Ayto Pamplona"],"inLanguage":"es","potentialAction":[{"@type":"CommentAction","name":"Comment","target":["https:\/\/www.laguiadepamplona.com\/actualidad\/la-fachada-de-la-casa-consistorial-se-ilumina-en-color-rojo-este-viernes-por-la-celebracion-del-dia-internacional-de-las-cardiopatias-congenitas\/#respond"]}]},{"@type":"WebPage","@id":"https:\/\/www.laguiadepamplona.com\/actualidad\/la-fachada-de-la-casa-consistorial-se-ilumina-en-color-rojo-este-viernes-por-la-celebracion-del-dia-internacional-de-las-cardiopatias-congenitas\/","url":"https:\/\/www.laguiadepamplona.com\/actualidad\/la-fachada-de-la-casa-consistorial-se-ilumina-en-color-rojo-este-viernes-por-la-celebracion-del-dia-internacional-de-las-cardiopatias-congenitas\/","name":"La fachada de la Casa Consistorial se ilumina en color rojo este viernes por la celebraci\u00f3n del D\u00eda Internacional de las Cardiopat\u00edas Cong\u00e9nitas","isPartOf":{"@id":"https:\/\/www.laguiadepamplona.com\/actualidad\/#website"},"primaryImageOfPage":{"@id":"https:\/\/www.laguiadepamplona.com\/actualidad\/la-fachada-de-la-casa-consistorial-se-ilumina-en-color-rojo-este-viernes-por-la-celebracion-del-dia-internacional-de-las-cardiopatias-congenitas\/#primaryimage"},"image":{"@id":"https:\/\/www.laguiadepamplona.com\/actualidad\/la-fachada-de-la-casa-consistorial-se-ilumina-en-color-rojo-este-viernes-por-la-celebracion-del-dia-internacional-de-las-cardiopatias-congenitas\/#primaryimage"},"thumbnailUrl":"https:\/\/www.laguiadepamplona.com\/actualidad\/wp-content\/uploads\/2021\/10\/ayuntamiento-rojo.jpg","datePublished":"2025-02-14T12:51:11+00:00","description":"El s\u00e1bado el edificio municipal se iluminar\u00e1 en color amarillo-dorado, a petici\u00f3n de ADANO, por el D\u00eda Internacional del C\u00e1ncer Infantil","breadcrumb":{"@id":"https:\/\/www.laguiadepamplona.com\/actualidad\/la-fachada-de-la-casa-consistorial-se-ilumina-en-color-rojo-este-viernes-por-la-celebracion-del-dia-internacional-de-las-cardiopatias-congenitas\/#breadcrumb"},"inLanguage":"es","potentialAction":[{"@type":"ReadAction","target":["https:\/\/www.laguiadepamplona.com\/actualidad\/la-fachada-de-la-casa-consistorial-se-ilumina-en-color-rojo-este-viernes-por-la-celebracion-del-dia-internacional-de-las-cardiopatias-congenitas\/"]}]},{"@type":"ImageObject","inLanguage":"es","@id":"https:\/\/www.laguiadepamplona.com\/actualidad\/la-fachada-de-la-casa-consistorial-se-ilumina-en-color-rojo-este-viernes-por-la-celebracion-del-dia-internacional-de-las-cardiopatias-congenitas\/#primaryimage","url":"https:\/\/www.laguiadepamplona.com\/actualidad\/wp-content\/uploads\/2021\/10\/ayuntamiento-rojo.jpg","contentUrl":"https:\/\/www.laguiadepamplona.com\/actualidad\/wp-content\/uploads\/2021\/10\/ayuntamiento-rojo.jpg","width":1529,"height":1019,"caption":"ayuntamiento rojo"},{"@type":"BreadcrumbList","@id":"https:\/\/www.laguiadepamplona.com\/actualidad\/la-fachada-de-la-casa-consistorial-se-ilumina-en-color-rojo-este-viernes-por-la-celebracion-del-dia-internacional-de-las-cardiopatias-congenitas\/#breadcrumb","itemListElement":[{"@type":"ListItem","position":1,"name":"Portada","item":"https:\/\/www.laguiadepamplona.com\/actualidad\/"},{"@type":"ListItem","position":2,"name":"La fachada de la Casa Consistorial se ilumina en color rojo este viernes por la celebraci\u00f3n del D\u00eda Internacional de las Cardiopat\u00edas Cong\u00e9nitas"}]},{"@type":"WebSite","@id":"https:\/\/www.laguiadepamplona.com\/actualidad\/#website","url":"https:\/\/www.laguiadepamplona.com\/actualidad\/","name":"La gu\u00eda de Pamplona","description":"Noticias de Pamplona","publisher":{"@id":"https:\/\/www.laguiadepamplona.com\/actualidad\/#organization"},"potentialAction":[{"@type":"SearchAction","target":{"@type":"EntryPoint","urlTemplate":"https:\/\/www.laguiadepamplona.com\/actualidad\/?s={search_term_string}"},"query-input":{"@type":"PropertyValueSpecification","valueRequired":true,"valueName":"search_term_string"}}],"inLanguage":"es"},{"@type":"Organization","@id":"https:\/\/www.laguiadepamplona.com\/actualidad\/#organization","name":"La Gu\u00eda de Pamplona \/ Noticias","url":"https:\/\/www.laguiadepamplona.com\/actualidad\/","logo":{"@type":"ImageObject","inLanguage":"es","@id":"https:\/\/www.laguiadepamplona.com\/actualidad\/#\/schema\/logo\/image\/","url":"https:\/\/www.laguiadepamplona.com\/actualidad\/wp-content\/uploads\/2018\/11\/logo-laguiadepamplona18-web1.png","contentUrl":"https:\/\/www.laguiadepamplona.com\/actualidad\/wp-content\/uploads\/2018\/11\/logo-laguiadepamplona18-web1.png","width":600,"height":196,"caption":"La Gu\u00eda de Pamplona \/ Noticias"},"image":{"@id":"https:\/\/www.laguiadepamplona.com\/actualidad\/#\/schema\/logo\/image\/"},"sameAs":["https:\/\/www.facebook.com\/laguiadepamplonacom-133175176762273\/?ref=hl","https:\/\/x.com\/LaGuiadPamplona","https:\/\/www.instagram.com\/la_guia_de_pamplona\/","https:\/\/www.youtube.com\/user\/laguiadepamplona"]},{"@type":"Person","@id":"https:\/\/www.laguiadepamplona.com\/actualidad\/#\/schema\/person\/efe887376f0213d4657c93adc50b1fdb","name":"La Gu\u00eda de Pamplona","image":{"@type":"ImageObject","inLanguage":"es","@id":"https:\/\/secure.gravatar.com\/avatar\/b6992f131dc8d30ab0dff15446e9d346d9dbd95992de0fef795073f5ea83a81c?s=96&d=mm&r=g","url":"https:\/\/secure.gravatar.com\/avatar\/b6992f131dc8d30ab0dff15446e9d346d9dbd95992de0fef795073f5ea83a81c?s=96&d=mm&r=g","contentUrl":"https:\/\/secure.gravatar.com\/avatar\/b6992f131dc8d30ab0dff15446e9d346d9dbd95992de0fef795073f5ea83a81c?s=96&d=mm&r=g","caption":"La Gu\u00eda de Pamplona"}}]}},"post_mailing_queue_ids":[],"_links":{"self":[{"href":"https:\/\/www.laguiadepamplona.com\/actualidad\/wp-json\/wp\/v2\/posts\/52085","targetHints":{"allow":["GET"]}}],"collection":[{"href":"https:\/\/www.laguiadepamplona.com\/actualidad\/wp-json\/wp\/v2\/posts"}],"about":[{"href":"https:\/\/www.laguiadepamplona.com\/actualidad\/wp-json\/wp\/v2\/types\/post"}],"author":[{"embeddable":true,"href":"https:\/\/www.laguiadepamplona.com\/actualidad\/wp-json\/wp\/v2\/users\/1"}],"replies":[{"embeddable":true,"href":"https:\/\/www.laguiadepamplona.com\/actualidad\/wp-json\/wp\/v2\/comments?post=52085"}],"version-history":[{"count":1,"href":"https:\/\/www.laguiadepamplona.com\/actualidad\/wp-json\/wp\/v2\/posts\/52085\/revisions"}],"predecessor-version":[{"id":52086,"href":"https:\/\/www.laguiadepamplona.com\/actualidad\/wp-json\/wp\/v2\/posts\/52085\/revisions\/52086"}],"wp:featuredmedia":[{"embeddable":true,"href":"https:\/\/www.laguiadepamplona.com\/actualidad\/wp-json\/wp\/v2\/media\/36967"}],"wp:attachment":[{"href":"https:\/\/www.laguiadepamplona.com\/actualidad\/wp-json\/wp\/v2\/media?parent=52085"}],"wp:term":[{"taxonomy":"category","embeddable":true,"href":"https:\/\/www.laguiadepamplona.com\/actualidad\/wp-json\/wp\/v2\/categories?post=52085"},{"taxonomy":"post_tag","embeddable":true,"href":"https:\/\/www.laguiadepamplona.com\/actualidad\/wp-json\/wp\/v2\/tags?post=52085"}],"curies":[{"name":"wp","href":"https:\/\/api.w.org\/{rel}","templated":true}]}}