{"id":52082,"date":"2025-02-14T14:50:07","date_gmt":"2025-02-14T12:50:07","guid":{"rendered":"https:\/\/www.laguiadepamplona.com\/actualidad\/?p=52082"},"modified":"2025-02-14T14:50:07","modified_gmt":"2025-02-14T12:50:07","slug":"floren-fernandez-de-retana-lobo-erretan-vuelve-a-la-ciudadela-nueve-anos-despues-con-una-serie-resignificada-de-mecedoras-y-artilugios-de-metal","status":"publish","type":"post","link":"https:\/\/www.laguiadepamplona.com\/actualidad\/floren-fernandez-de-retana-lobo-erretan-vuelve-a-la-ciudadela-nueve-anos-despues-con-una-serie-resignificada-de-mecedoras-y-artilugios-de-metal\/","title":{"rendered":"Floren Fern\u00e1ndez de Retana Lobo, Erretan, vuelve a la Ciudadela nueve a\u00f1os despu\u00e9s con una serie resignificada de mecedoras y artilugios de metal"},"content":{"rendered":"<h2>La exposici\u00f3n \u2018Bronce de Corinto\u2019 se puede visitar en el Horno de la Ciudadela hasta el 13 de abril<\/h2>\n<p><!--more--><\/p>\n<p>Piezas de metal y mecedoras resignificadas, reutilizaci\u00f3n, reciclaje. Erretan, alter ego de Floren Fern\u00e1ndez de Retana Lobo, regresa con sus esculturas a la Ciudadela despu\u00e9s de que hayan pasado nueve a\u00f1os de su \u00faltima exposici\u00f3n. En esta muestra en el Horno de la Ciudadela, titulada \u2018Bronce de Corinto\u2019, se pueden ver mecedoras resignificadas, cepos y otros artilugios de metal como ejemplo de sus reflexiones creativas en torno a los materiales y su simbolog\u00eda u en recuerdo de la antigua artesan\u00eda del metal.<\/p>\n<p>Las mecedoras que se exponen propenden al sesteo, al sopor y al sue\u00f1o fr\u00e1gil. En esos sue\u00f1os urgentes que provoca la digesti\u00f3n tienden a colarse pesadillas. La serie de mecedoras la fue creando Erretan en torno al inicio de la guerra de Ucrania, con lo que de ella se puede sacar la simbolog\u00eda de lo tenue que es el hilo que separa la placidez del horror: el descanso de sentarse en una mecedora frente al hilo de hierro, al hilo de alambre con p\u00faas que retuerce de dolor en sangrante metonimia.<\/p>\n<p>Luego llegaron los cepos, que fueron primero trampas, luego antig\u00fcedades y finalmente pesadillas. Viendo la sonrisa taimada de un cepo de caza mayor como lo que se pueden ver en el Horno es dif\u00edcil pensar que sus herrajes puedan convertirse en rostro sino es el del verdugo o quiz\u00e1s el de la v\u00edctima. Tanto los cepos como las mecedoras est\u00e1n fundidas y plasman como met\u00e1fora art\u00edstica la sonrisa de los metales convertida en dentellada en su creaci\u00f3n, en los golpes de la fundici\u00f3n.<\/p>\n<p>El director de Cultura, Fiestas, Educaci\u00f3n y Deporte, \u00cd\u00f1igo G\u00f3mez Egu\u00edluz, y Floren Fern\u00e1ndez de Retana Lobo, Erretan, han presentado esta ma\u00f1ana una muestra que se puede visitar desde este viernes hasta el domingo 13 de abril. Erretan ya ha expuesto en la Ciudadela en dos ocasiones anteriores, en los a\u00f1os 1997 y 2016. En esa \u00faltima ocasi\u00f3n, hace ya casi una d\u00e9cada, bajo el t\u00edtulo \u2018Esculturas. Guerreros. Pinturas\u2019, recogi\u00f3 en la muestra 38 obras variadas que combinaban escultura, pintura y fotograf\u00eda sobre dibond.<\/p>\n<p><strong>Estell\u00e9s residente en l\u00b4Hospitalet de Llobregat<\/strong><\/p>\n<p>El artista navarro Florentino Fern\u00e1ndez de Retana Lobo (Erretan) naci\u00f3 en Estella en 1954, aunque vive y trabaja en la localidad barcelonesa de l\u00b4Hospitalet de Llobregat. Hijo del pintor Florentino Retana, lleva m\u00e1s de cuatro d\u00e9cadas dedicado a la pintura y escultura. Adem\u00e1s de las dos muestras anteriores en la Ciudadela, ha expuesto de forma individual en Barcelona, l\u00b4Hospitalet de Llobregat, Vitoria \u2013 Gasteiz, Museo Gustavo de Maeztu de Estella, Teruel, Ibiza o Madrid, entre otras localidades.<\/p>\n<p>Poseen obras suyas la Caja de Ahorros de Navarra, los ayuntamientos de Pamplona y de l\u00b4Hospitalet de Llobregat, la Fundaci\u00f3n Noesis, la Colecci\u00f3n Bassats, el Museo Juan Cabr\u00e9, la Vital Kutxa en Vitoria o colecciones como Sagardi en Bilbao, Urbasa en Sabadell, Dionis Benassar en Madrid o Cl\u00e9menti en Par\u00eds. Una de sus principales actuaciones fue el mural de 100 m<sup>2<\/sup> que pint\u00f3 en la pared de una vivienda en la plaza de Gernika de l\u00b4Hospitalet de Llobregat en los a\u00f1os 80.<\/p>\n<p>El Horno de la Ciudadela est\u00e1 abierto al p\u00fablico de martes a s\u00e1bado de 11.30 a 13.30 horas y de 18 a 20.30 horas y los domingos y festivos, solo en horario de ma\u00f1ana, de 11.30 a 13.30 horas.<\/p>\n","protected":false},"excerpt":{"rendered":"<p>La exposici\u00f3n \u2018Bronce de Corinto\u2019 se puede visitar en el Horno de la Ciudadela hasta el 13 de abril<\/p>\n","protected":false},"author":1,"featured_media":52083,"comment_status":"open","ping_status":"closed","sticky":false,"template":"","format":"standard","meta":{"footnotes":""},"categories":[2],"tags":[],"class_list":["post-52082","post","type-post","status-publish","format-standard","has-post-thumbnail","hentry","category-ayuntamiento-pamplona"],"yoast_head":"<!-- This site is optimized with the Yoast SEO plugin v27.3 - https:\/\/yoast.com\/product\/yoast-seo-wordpress\/ -->\n<title>Floren Fern\u00e1ndez de Retana Lobo, Erretan, vuelve a la Ciudadela nueve a\u00f1os despu\u00e9s con una serie resignificada de mecedoras y artilugios de metal<\/title>\n<meta name=\"description\" content=\"La exposici\u00f3n \u2018Bronce de Corinto\u2019 se puede visitar en el Horno de la Ciudadela hasta el 13 de abril\" \/>\n<meta name=\"robots\" content=\"index, follow, max-snippet:-1, max-image-preview:large, max-video-preview:-1\" \/>\n<link rel=\"canonical\" href=\"https:\/\/www.laguiadepamplona.com\/actualidad\/floren-fernandez-de-retana-lobo-erretan-vuelve-a-la-ciudadela-nueve-anos-despues-con-una-serie-resignificada-de-mecedoras-y-artilugios-de-metal\/\" \/>\n<meta property=\"og:locale\" content=\"es_ES\" \/>\n<meta property=\"og:type\" content=\"article\" \/>\n<meta property=\"og:title\" content=\"Floren Fern\u00e1ndez de Retana Lobo, Erretan, vuelve a la Ciudadela nueve a\u00f1os despu\u00e9s con una serie resignificada de mecedoras y artilugios de metal\" \/>\n<meta property=\"og:description\" content=\"La exposici\u00f3n \u2018Bronce de Corinto\u2019 se puede visitar en el Horno de la Ciudadela hasta el 13 de abril\" \/>\n<meta property=\"og:url\" content=\"https:\/\/www.laguiadepamplona.com\/actualidad\/floren-fernandez-de-retana-lobo-erretan-vuelve-a-la-ciudadela-nueve-anos-despues-con-una-serie-resignificada-de-mecedoras-y-artilugios-de-metal\/\" \/>\n<meta property=\"og:site_name\" content=\"La Gu\u00eda de Pamplona\" \/>\n<meta property=\"article:publisher\" content=\"https:\/\/www.facebook.com\/laguiadepamplonacom-133175176762273\/?ref=hl\" \/>\n<meta property=\"article:published_time\" content=\"2025-02-14T12:50:07+00:00\" \/>\n<meta property=\"og:image\" content=\"https:\/\/www.laguiadepamplona.com\/actualidad\/wp-content\/uploads\/2025\/02\/Expo-Horno_web.webp\" \/>\n\t<meta property=\"og:image:width\" content=\"1000\" \/>\n\t<meta property=\"og:image:height\" content=\"895\" \/>\n\t<meta property=\"og:image:type\" content=\"image\/webp\" \/>\n<meta name=\"author\" content=\"La Gu\u00eda de Pamplona\" \/>\n<meta name=\"twitter:card\" content=\"summary_large_image\" \/>\n<meta name=\"twitter:creator\" content=\"@LaGuiadPamplona\" \/>\n<meta name=\"twitter:site\" content=\"@LaGuiadPamplona\" \/>\n<meta name=\"twitter:label1\" content=\"Escrito por\" \/>\n\t<meta name=\"twitter:data1\" content=\"La Gu\u00eda de Pamplona\" \/>\n\t<meta name=\"twitter:label2\" content=\"Tiempo de lectura\" \/>\n\t<meta name=\"twitter:data2\" content=\"3 minutos\" \/>\n<script type=\"application\/ld+json\" class=\"yoast-schema-graph\">{\"@context\":\"https:\\\/\\\/schema.org\",\"@graph\":[{\"@type\":\"Article\",\"@id\":\"https:\\\/\\\/www.laguiadepamplona.com\\\/actualidad\\\/floren-fernandez-de-retana-lobo-erretan-vuelve-a-la-ciudadela-nueve-anos-despues-con-una-serie-resignificada-de-mecedoras-y-artilugios-de-metal\\\/#article\",\"isPartOf\":{\"@id\":\"https:\\\/\\\/www.laguiadepamplona.com\\\/actualidad\\\/floren-fernandez-de-retana-lobo-erretan-vuelve-a-la-ciudadela-nueve-anos-despues-con-una-serie-resignificada-de-mecedoras-y-artilugios-de-metal\\\/\"},\"author\":{\"name\":\"La Gu\u00eda de Pamplona\",\"@id\":\"https:\\\/\\\/www.laguiadepamplona.com\\\/actualidad\\\/#\\\/schema\\\/person\\\/efe887376f0213d4657c93adc50b1fdb\"},\"headline\":\"Floren Fern\u00e1ndez de Retana Lobo, Erretan, vuelve a la Ciudadela nueve a\u00f1os despu\u00e9s con una serie resignificada de mecedoras y artilugios de metal\",\"datePublished\":\"2025-02-14T12:50:07+00:00\",\"mainEntityOfPage\":{\"@id\":\"https:\\\/\\\/www.laguiadepamplona.com\\\/actualidad\\\/floren-fernandez-de-retana-lobo-erretan-vuelve-a-la-ciudadela-nueve-anos-despues-con-una-serie-resignificada-de-mecedoras-y-artilugios-de-metal\\\/\"},\"wordCount\":625,\"commentCount\":0,\"publisher\":{\"@id\":\"https:\\\/\\\/www.laguiadepamplona.com\\\/actualidad\\\/#organization\"},\"image\":{\"@id\":\"https:\\\/\\\/www.laguiadepamplona.com\\\/actualidad\\\/floren-fernandez-de-retana-lobo-erretan-vuelve-a-la-ciudadela-nueve-anos-despues-con-una-serie-resignificada-de-mecedoras-y-artilugios-de-metal\\\/#primaryimage\"},\"thumbnailUrl\":\"https:\\\/\\\/www.laguiadepamplona.com\\\/actualidad\\\/wp-content\\\/uploads\\\/2025\\\/02\\\/Expo-Horno_web.webp\",\"articleSection\":[\"Ayto Pamplona\"],\"inLanguage\":\"es\",\"potentialAction\":[{\"@type\":\"CommentAction\",\"name\":\"Comment\",\"target\":[\"https:\\\/\\\/www.laguiadepamplona.com\\\/actualidad\\\/floren-fernandez-de-retana-lobo-erretan-vuelve-a-la-ciudadela-nueve-anos-despues-con-una-serie-resignificada-de-mecedoras-y-artilugios-de-metal\\\/#respond\"]}]},{\"@type\":\"WebPage\",\"@id\":\"https:\\\/\\\/www.laguiadepamplona.com\\\/actualidad\\\/floren-fernandez-de-retana-lobo-erretan-vuelve-a-la-ciudadela-nueve-anos-despues-con-una-serie-resignificada-de-mecedoras-y-artilugios-de-metal\\\/\",\"url\":\"https:\\\/\\\/www.laguiadepamplona.com\\\/actualidad\\\/floren-fernandez-de-retana-lobo-erretan-vuelve-a-la-ciudadela-nueve-anos-despues-con-una-serie-resignificada-de-mecedoras-y-artilugios-de-metal\\\/\",\"name\":\"Floren Fern\u00e1ndez de Retana Lobo, Erretan, vuelve a la Ciudadela nueve a\u00f1os despu\u00e9s con una serie resignificada de mecedoras y artilugios de metal\",\"isPartOf\":{\"@id\":\"https:\\\/\\\/www.laguiadepamplona.com\\\/actualidad\\\/#website\"},\"primaryImageOfPage\":{\"@id\":\"https:\\\/\\\/www.laguiadepamplona.com\\\/actualidad\\\/floren-fernandez-de-retana-lobo-erretan-vuelve-a-la-ciudadela-nueve-anos-despues-con-una-serie-resignificada-de-mecedoras-y-artilugios-de-metal\\\/#primaryimage\"},\"image\":{\"@id\":\"https:\\\/\\\/www.laguiadepamplona.com\\\/actualidad\\\/floren-fernandez-de-retana-lobo-erretan-vuelve-a-la-ciudadela-nueve-anos-despues-con-una-serie-resignificada-de-mecedoras-y-artilugios-de-metal\\\/#primaryimage\"},\"thumbnailUrl\":\"https:\\\/\\\/www.laguiadepamplona.com\\\/actualidad\\\/wp-content\\\/uploads\\\/2025\\\/02\\\/Expo-Horno_web.webp\",\"datePublished\":\"2025-02-14T12:50:07+00:00\",\"description\":\"La exposici\u00f3n \u2018Bronce de Corinto\u2019 se puede visitar en el Horno de la Ciudadela hasta el 13 de abril\",\"breadcrumb\":{\"@id\":\"https:\\\/\\\/www.laguiadepamplona.com\\\/actualidad\\\/floren-fernandez-de-retana-lobo-erretan-vuelve-a-la-ciudadela-nueve-anos-despues-con-una-serie-resignificada-de-mecedoras-y-artilugios-de-metal\\\/#breadcrumb\"},\"inLanguage\":\"es\",\"potentialAction\":[{\"@type\":\"ReadAction\",\"target\":[\"https:\\\/\\\/www.laguiadepamplona.com\\\/actualidad\\\/floren-fernandez-de-retana-lobo-erretan-vuelve-a-la-ciudadela-nueve-anos-despues-con-una-serie-resignificada-de-mecedoras-y-artilugios-de-metal\\\/\"]}]},{\"@type\":\"ImageObject\",\"inLanguage\":\"es\",\"@id\":\"https:\\\/\\\/www.laguiadepamplona.com\\\/actualidad\\\/floren-fernandez-de-retana-lobo-erretan-vuelve-a-la-ciudadela-nueve-anos-despues-con-una-serie-resignificada-de-mecedoras-y-artilugios-de-metal\\\/#primaryimage\",\"url\":\"https:\\\/\\\/www.laguiadepamplona.com\\\/actualidad\\\/wp-content\\\/uploads\\\/2025\\\/02\\\/Expo-Horno_web.webp\",\"contentUrl\":\"https:\\\/\\\/www.laguiadepamplona.com\\\/actualidad\\\/wp-content\\\/uploads\\\/2025\\\/02\\\/Expo-Horno_web.webp\",\"width\":1000,\"height\":895,\"caption\":\"Expo Horno\"},{\"@type\":\"BreadcrumbList\",\"@id\":\"https:\\\/\\\/www.laguiadepamplona.com\\\/actualidad\\\/floren-fernandez-de-retana-lobo-erretan-vuelve-a-la-ciudadela-nueve-anos-despues-con-una-serie-resignificada-de-mecedoras-y-artilugios-de-metal\\\/#breadcrumb\",\"itemListElement\":[{\"@type\":\"ListItem\",\"position\":1,\"name\":\"Portada\",\"item\":\"https:\\\/\\\/www.laguiadepamplona.com\\\/actualidad\\\/\"},{\"@type\":\"ListItem\",\"position\":2,\"name\":\"Floren Fern\u00e1ndez de Retana Lobo, Erretan, vuelve a la Ciudadela nueve a\u00f1os despu\u00e9s con una serie resignificada de mecedoras y artilugios de metal\"}]},{\"@type\":\"WebSite\",\"@id\":\"https:\\\/\\\/www.laguiadepamplona.com\\\/actualidad\\\/#website\",\"url\":\"https:\\\/\\\/www.laguiadepamplona.com\\\/actualidad\\\/\",\"name\":\"La gu\u00eda de Pamplona\",\"description\":\"Noticias de Pamplona\",\"publisher\":{\"@id\":\"https:\\\/\\\/www.laguiadepamplona.com\\\/actualidad\\\/#organization\"},\"potentialAction\":[{\"@type\":\"SearchAction\",\"target\":{\"@type\":\"EntryPoint\",\"urlTemplate\":\"https:\\\/\\\/www.laguiadepamplona.com\\\/actualidad\\\/?s={search_term_string}\"},\"query-input\":{\"@type\":\"PropertyValueSpecification\",\"valueRequired\":true,\"valueName\":\"search_term_string\"}}],\"inLanguage\":\"es\"},{\"@type\":\"Organization\",\"@id\":\"https:\\\/\\\/www.laguiadepamplona.com\\\/actualidad\\\/#organization\",\"name\":\"La Gu\u00eda de Pamplona \\\/ Noticias\",\"url\":\"https:\\\/\\\/www.laguiadepamplona.com\\\/actualidad\\\/\",\"logo\":{\"@type\":\"ImageObject\",\"inLanguage\":\"es\",\"@id\":\"https:\\\/\\\/www.laguiadepamplona.com\\\/actualidad\\\/#\\\/schema\\\/logo\\\/image\\\/\",\"url\":\"https:\\\/\\\/www.laguiadepamplona.com\\\/actualidad\\\/wp-content\\\/uploads\\\/2018\\\/11\\\/logo-laguiadepamplona18-web1.png\",\"contentUrl\":\"https:\\\/\\\/www.laguiadepamplona.com\\\/actualidad\\\/wp-content\\\/uploads\\\/2018\\\/11\\\/logo-laguiadepamplona18-web1.png\",\"width\":600,\"height\":196,\"caption\":\"La Gu\u00eda de Pamplona \\\/ Noticias\"},\"image\":{\"@id\":\"https:\\\/\\\/www.laguiadepamplona.com\\\/actualidad\\\/#\\\/schema\\\/logo\\\/image\\\/\"},\"sameAs\":[\"https:\\\/\\\/www.facebook.com\\\/laguiadepamplonacom-133175176762273\\\/?ref=hl\",\"https:\\\/\\\/x.com\\\/LaGuiadPamplona\",\"https:\\\/\\\/www.instagram.com\\\/la_guia_de_pamplona\\\/\",\"https:\\\/\\\/www.youtube.com\\\/user\\\/laguiadepamplona\"]},{\"@type\":\"Person\",\"@id\":\"https:\\\/\\\/www.laguiadepamplona.com\\\/actualidad\\\/#\\\/schema\\\/person\\\/efe887376f0213d4657c93adc50b1fdb\",\"name\":\"La Gu\u00eda de Pamplona\",\"image\":{\"@type\":\"ImageObject\",\"inLanguage\":\"es\",\"@id\":\"https:\\\/\\\/secure.gravatar.com\\\/avatar\\\/b6992f131dc8d30ab0dff15446e9d346d9dbd95992de0fef795073f5ea83a81c?s=96&d=mm&r=g\",\"url\":\"https:\\\/\\\/secure.gravatar.com\\\/avatar\\\/b6992f131dc8d30ab0dff15446e9d346d9dbd95992de0fef795073f5ea83a81c?s=96&d=mm&r=g\",\"contentUrl\":\"https:\\\/\\\/secure.gravatar.com\\\/avatar\\\/b6992f131dc8d30ab0dff15446e9d346d9dbd95992de0fef795073f5ea83a81c?s=96&d=mm&r=g\",\"caption\":\"La Gu\u00eda de Pamplona\"}}]}<\/script>\n<!-- \/ Yoast SEO plugin. -->","yoast_head_json":{"title":"Floren Fern\u00e1ndez de Retana Lobo, Erretan, vuelve a la Ciudadela nueve a\u00f1os despu\u00e9s con una serie resignificada de mecedoras y artilugios de metal","description":"La exposici\u00f3n \u2018Bronce de Corinto\u2019 se puede visitar en el Horno de la Ciudadela hasta el 13 de abril","robots":{"index":"index","follow":"follow","max-snippet":"max-snippet:-1","max-image-preview":"max-image-preview:large","max-video-preview":"max-video-preview:-1"},"canonical":"https:\/\/www.laguiadepamplona.com\/actualidad\/floren-fernandez-de-retana-lobo-erretan-vuelve-a-la-ciudadela-nueve-anos-despues-con-una-serie-resignificada-de-mecedoras-y-artilugios-de-metal\/","og_locale":"es_ES","og_type":"article","og_title":"Floren Fern\u00e1ndez de Retana Lobo, Erretan, vuelve a la Ciudadela nueve a\u00f1os despu\u00e9s con una serie resignificada de mecedoras y artilugios de metal","og_description":"La exposici\u00f3n \u2018Bronce de Corinto\u2019 se puede visitar en el Horno de la Ciudadela hasta el 13 de abril","og_url":"https:\/\/www.laguiadepamplona.com\/actualidad\/floren-fernandez-de-retana-lobo-erretan-vuelve-a-la-ciudadela-nueve-anos-despues-con-una-serie-resignificada-de-mecedoras-y-artilugios-de-metal\/","og_site_name":"La Gu\u00eda de Pamplona","article_publisher":"https:\/\/www.facebook.com\/laguiadepamplonacom-133175176762273\/?ref=hl","article_published_time":"2025-02-14T12:50:07+00:00","og_image":[{"width":1000,"height":895,"url":"https:\/\/www.laguiadepamplona.com\/actualidad\/wp-content\/uploads\/2025\/02\/Expo-Horno_web.webp","type":"image\/webp"}],"author":"La Gu\u00eda de Pamplona","twitter_card":"summary_large_image","twitter_creator":"@LaGuiadPamplona","twitter_site":"@LaGuiadPamplona","twitter_misc":{"Escrito por":"La Gu\u00eda de Pamplona","Tiempo de lectura":"3 minutos"},"schema":{"@context":"https:\/\/schema.org","@graph":[{"@type":"Article","@id":"https:\/\/www.laguiadepamplona.com\/actualidad\/floren-fernandez-de-retana-lobo-erretan-vuelve-a-la-ciudadela-nueve-anos-despues-con-una-serie-resignificada-de-mecedoras-y-artilugios-de-metal\/#article","isPartOf":{"@id":"https:\/\/www.laguiadepamplona.com\/actualidad\/floren-fernandez-de-retana-lobo-erretan-vuelve-a-la-ciudadela-nueve-anos-despues-con-una-serie-resignificada-de-mecedoras-y-artilugios-de-metal\/"},"author":{"name":"La Gu\u00eda de Pamplona","@id":"https:\/\/www.laguiadepamplona.com\/actualidad\/#\/schema\/person\/efe887376f0213d4657c93adc50b1fdb"},"headline":"Floren Fern\u00e1ndez de Retana Lobo, Erretan, vuelve a la Ciudadela nueve a\u00f1os despu\u00e9s con una serie resignificada de mecedoras y artilugios de metal","datePublished":"2025-02-14T12:50:07+00:00","mainEntityOfPage":{"@id":"https:\/\/www.laguiadepamplona.com\/actualidad\/floren-fernandez-de-retana-lobo-erretan-vuelve-a-la-ciudadela-nueve-anos-despues-con-una-serie-resignificada-de-mecedoras-y-artilugios-de-metal\/"},"wordCount":625,"commentCount":0,"publisher":{"@id":"https:\/\/www.laguiadepamplona.com\/actualidad\/#organization"},"image":{"@id":"https:\/\/www.laguiadepamplona.com\/actualidad\/floren-fernandez-de-retana-lobo-erretan-vuelve-a-la-ciudadela-nueve-anos-despues-con-una-serie-resignificada-de-mecedoras-y-artilugios-de-metal\/#primaryimage"},"thumbnailUrl":"https:\/\/www.laguiadepamplona.com\/actualidad\/wp-content\/uploads\/2025\/02\/Expo-Horno_web.webp","articleSection":["Ayto Pamplona"],"inLanguage":"es","potentialAction":[{"@type":"CommentAction","name":"Comment","target":["https:\/\/www.laguiadepamplona.com\/actualidad\/floren-fernandez-de-retana-lobo-erretan-vuelve-a-la-ciudadela-nueve-anos-despues-con-una-serie-resignificada-de-mecedoras-y-artilugios-de-metal\/#respond"]}]},{"@type":"WebPage","@id":"https:\/\/www.laguiadepamplona.com\/actualidad\/floren-fernandez-de-retana-lobo-erretan-vuelve-a-la-ciudadela-nueve-anos-despues-con-una-serie-resignificada-de-mecedoras-y-artilugios-de-metal\/","url":"https:\/\/www.laguiadepamplona.com\/actualidad\/floren-fernandez-de-retana-lobo-erretan-vuelve-a-la-ciudadela-nueve-anos-despues-con-una-serie-resignificada-de-mecedoras-y-artilugios-de-metal\/","name":"Floren Fern\u00e1ndez de Retana Lobo, Erretan, vuelve a la Ciudadela nueve a\u00f1os despu\u00e9s con una serie resignificada de mecedoras y artilugios de metal","isPartOf":{"@id":"https:\/\/www.laguiadepamplona.com\/actualidad\/#website"},"primaryImageOfPage":{"@id":"https:\/\/www.laguiadepamplona.com\/actualidad\/floren-fernandez-de-retana-lobo-erretan-vuelve-a-la-ciudadela-nueve-anos-despues-con-una-serie-resignificada-de-mecedoras-y-artilugios-de-metal\/#primaryimage"},"image":{"@id":"https:\/\/www.laguiadepamplona.com\/actualidad\/floren-fernandez-de-retana-lobo-erretan-vuelve-a-la-ciudadela-nueve-anos-despues-con-una-serie-resignificada-de-mecedoras-y-artilugios-de-metal\/#primaryimage"},"thumbnailUrl":"https:\/\/www.laguiadepamplona.com\/actualidad\/wp-content\/uploads\/2025\/02\/Expo-Horno_web.webp","datePublished":"2025-02-14T12:50:07+00:00","description":"La exposici\u00f3n \u2018Bronce de Corinto\u2019 se puede visitar en el Horno de la Ciudadela hasta el 13 de abril","breadcrumb":{"@id":"https:\/\/www.laguiadepamplona.com\/actualidad\/floren-fernandez-de-retana-lobo-erretan-vuelve-a-la-ciudadela-nueve-anos-despues-con-una-serie-resignificada-de-mecedoras-y-artilugios-de-metal\/#breadcrumb"},"inLanguage":"es","potentialAction":[{"@type":"ReadAction","target":["https:\/\/www.laguiadepamplona.com\/actualidad\/floren-fernandez-de-retana-lobo-erretan-vuelve-a-la-ciudadela-nueve-anos-despues-con-una-serie-resignificada-de-mecedoras-y-artilugios-de-metal\/"]}]},{"@type":"ImageObject","inLanguage":"es","@id":"https:\/\/www.laguiadepamplona.com\/actualidad\/floren-fernandez-de-retana-lobo-erretan-vuelve-a-la-ciudadela-nueve-anos-despues-con-una-serie-resignificada-de-mecedoras-y-artilugios-de-metal\/#primaryimage","url":"https:\/\/www.laguiadepamplona.com\/actualidad\/wp-content\/uploads\/2025\/02\/Expo-Horno_web.webp","contentUrl":"https:\/\/www.laguiadepamplona.com\/actualidad\/wp-content\/uploads\/2025\/02\/Expo-Horno_web.webp","width":1000,"height":895,"caption":"Expo Horno"},{"@type":"BreadcrumbList","@id":"https:\/\/www.laguiadepamplona.com\/actualidad\/floren-fernandez-de-retana-lobo-erretan-vuelve-a-la-ciudadela-nueve-anos-despues-con-una-serie-resignificada-de-mecedoras-y-artilugios-de-metal\/#breadcrumb","itemListElement":[{"@type":"ListItem","position":1,"name":"Portada","item":"https:\/\/www.laguiadepamplona.com\/actualidad\/"},{"@type":"ListItem","position":2,"name":"Floren Fern\u00e1ndez de Retana Lobo, Erretan, vuelve a la Ciudadela nueve a\u00f1os despu\u00e9s con una serie resignificada de mecedoras y artilugios de metal"}]},{"@type":"WebSite","@id":"https:\/\/www.laguiadepamplona.com\/actualidad\/#website","url":"https:\/\/www.laguiadepamplona.com\/actualidad\/","name":"La gu\u00eda de Pamplona","description":"Noticias de Pamplona","publisher":{"@id":"https:\/\/www.laguiadepamplona.com\/actualidad\/#organization"},"potentialAction":[{"@type":"SearchAction","target":{"@type":"EntryPoint","urlTemplate":"https:\/\/www.laguiadepamplona.com\/actualidad\/?s={search_term_string}"},"query-input":{"@type":"PropertyValueSpecification","valueRequired":true,"valueName":"search_term_string"}}],"inLanguage":"es"},{"@type":"Organization","@id":"https:\/\/www.laguiadepamplona.com\/actualidad\/#organization","name":"La Gu\u00eda de Pamplona \/ Noticias","url":"https:\/\/www.laguiadepamplona.com\/actualidad\/","logo":{"@type":"ImageObject","inLanguage":"es","@id":"https:\/\/www.laguiadepamplona.com\/actualidad\/#\/schema\/logo\/image\/","url":"https:\/\/www.laguiadepamplona.com\/actualidad\/wp-content\/uploads\/2018\/11\/logo-laguiadepamplona18-web1.png","contentUrl":"https:\/\/www.laguiadepamplona.com\/actualidad\/wp-content\/uploads\/2018\/11\/logo-laguiadepamplona18-web1.png","width":600,"height":196,"caption":"La Gu\u00eda de Pamplona \/ Noticias"},"image":{"@id":"https:\/\/www.laguiadepamplona.com\/actualidad\/#\/schema\/logo\/image\/"},"sameAs":["https:\/\/www.facebook.com\/laguiadepamplonacom-133175176762273\/?ref=hl","https:\/\/x.com\/LaGuiadPamplona","https:\/\/www.instagram.com\/la_guia_de_pamplona\/","https:\/\/www.youtube.com\/user\/laguiadepamplona"]},{"@type":"Person","@id":"https:\/\/www.laguiadepamplona.com\/actualidad\/#\/schema\/person\/efe887376f0213d4657c93adc50b1fdb","name":"La Gu\u00eda de Pamplona","image":{"@type":"ImageObject","inLanguage":"es","@id":"https:\/\/secure.gravatar.com\/avatar\/b6992f131dc8d30ab0dff15446e9d346d9dbd95992de0fef795073f5ea83a81c?s=96&d=mm&r=g","url":"https:\/\/secure.gravatar.com\/avatar\/b6992f131dc8d30ab0dff15446e9d346d9dbd95992de0fef795073f5ea83a81c?s=96&d=mm&r=g","contentUrl":"https:\/\/secure.gravatar.com\/avatar\/b6992f131dc8d30ab0dff15446e9d346d9dbd95992de0fef795073f5ea83a81c?s=96&d=mm&r=g","caption":"La Gu\u00eda de Pamplona"}}]}},"post_mailing_queue_ids":[],"_links":{"self":[{"href":"https:\/\/www.laguiadepamplona.com\/actualidad\/wp-json\/wp\/v2\/posts\/52082","targetHints":{"allow":["GET"]}}],"collection":[{"href":"https:\/\/www.laguiadepamplona.com\/actualidad\/wp-json\/wp\/v2\/posts"}],"about":[{"href":"https:\/\/www.laguiadepamplona.com\/actualidad\/wp-json\/wp\/v2\/types\/post"}],"author":[{"embeddable":true,"href":"https:\/\/www.laguiadepamplona.com\/actualidad\/wp-json\/wp\/v2\/users\/1"}],"replies":[{"embeddable":true,"href":"https:\/\/www.laguiadepamplona.com\/actualidad\/wp-json\/wp\/v2\/comments?post=52082"}],"version-history":[{"count":1,"href":"https:\/\/www.laguiadepamplona.com\/actualidad\/wp-json\/wp\/v2\/posts\/52082\/revisions"}],"predecessor-version":[{"id":52084,"href":"https:\/\/www.laguiadepamplona.com\/actualidad\/wp-json\/wp\/v2\/posts\/52082\/revisions\/52084"}],"wp:featuredmedia":[{"embeddable":true,"href":"https:\/\/www.laguiadepamplona.com\/actualidad\/wp-json\/wp\/v2\/media\/52083"}],"wp:attachment":[{"href":"https:\/\/www.laguiadepamplona.com\/actualidad\/wp-json\/wp\/v2\/media?parent=52082"}],"wp:term":[{"taxonomy":"category","embeddable":true,"href":"https:\/\/www.laguiadepamplona.com\/actualidad\/wp-json\/wp\/v2\/categories?post=52082"},{"taxonomy":"post_tag","embeddable":true,"href":"https:\/\/www.laguiadepamplona.com\/actualidad\/wp-json\/wp\/v2\/tags?post=52082"}],"curies":[{"name":"wp","href":"https:\/\/api.w.org\/{rel}","templated":true}]}}