{"id":52079,"date":"2025-02-12T17:25:29","date_gmt":"2025-02-12T15:25:29","guid":{"rendered":"https:\/\/www.laguiadepamplona.com\/actualidad\/?p=52079"},"modified":"2025-02-12T17:25:29","modified_gmt":"2025-02-12T15:25:29","slug":"el-ayuntamiento-ampliara-la-plaza-maravillas-lamberto-para-darle-caracter-central-en-lezkairu-reurbanizando-el-paso-que-la-une-con-el-parque-alfredo-landa","status":"publish","type":"post","link":"https:\/\/www.laguiadepamplona.com\/actualidad\/el-ayuntamiento-ampliara-la-plaza-maravillas-lamberto-para-darle-caracter-central-en-lezkairu-reurbanizando-el-paso-que-la-une-con-el-parque-alfredo-landa\/","title":{"rendered":"El Ayuntamiento ampliar\u00e1 la plaza Maravillas Lamberto para darle car\u00e1cter central en Lezkairu reurbanizando el paso que la une con el parque Alfredo Landa"},"content":{"rendered":"<h2>Plantear\u00e1 un proceso participativo para definir la mejor ubicaci\u00f3n del civivox: dentro de la plaza o en una parcela justo al otro lado de Juan Pablo II<\/h2>\n<p><!--more--><\/p>\n<p>El Ayuntamiento de Pamplona est\u00e1 estudiando ampliar la plaza Maravillas Lamberto y darle car\u00e1cter de espacio central en el barrio de Lezkairu reurbanizando el paso que la une con el parque Alfredo Landa. Se trata de dar una continuidad peatonal actuando sobre un tramo de la calle Isabel Garbayo Ayala, lo que permitir\u00eda ampliar la superficie de la plaza de los aproximadamente 12.730 metros cuadrados actuales hasta 16.280 metros cuadrados. Como referencia, la plaza del Castillo tiene una superficie aproximada de 16.430 metros cuadrados, la plaza de Yamaguchi, 7.800, y la plaza Leonor de Trast\u00e1mara, 7.380.<\/p>\n<p>El Consejo de Gerencia de Urbanismo ha conocido en su sesi\u00f3n de hoy esta propuesta, junto a otros dos planteamientos para desarrollar la zona. Uno hace referencia al futuro civivox del barrio de Lezkairu, que podr\u00e1 ubicarse en la plaza Maravillas Lamberto o en una parcela municipal justo al otro lado de Juan Pablo II; para determinar la ubicaci\u00f3n m\u00e1s id\u00f3nea, se promover\u00e1 un proceso participativo. El segundo planteamiento que se hace para esta zona es incluir vivienda protegida en las parcelas edificables, que son propiedad municipal, y destinar las plantas bajas para usos terciarios.<\/p>\n<p>Con estas propuestas, el Ayuntamiento de Pamplona pretender completar y desarrollar el entorno urbano de la plaza central de Lezkairu, la plaza Maravillas Lamberto. Para realizarlo, promovi\u00f3 un proceso participativo con la intenci\u00f3n de promover un Plan Especial de Actuaci\u00f3n Urbana (PEAU) para regular usos en las edificaciones, incrementar la edificabilidad para poder promover vivienda protegida para j\u00f3venes, determinar la mejor ubicaci\u00f3n del futuro civivox y otros aspectos para asegurar la homogeneidad de las edificaciones y el uso terciario de los bajos y garantizar as\u00ed un \u00e1rea comercial y\u00a0 hostelera en un punto que se configura como centro neur\u00e1lgico y de convivencia del barrio.<\/p>\n<p>Sin embargo, tras las sesiones de participaci\u00f3n celebradas en noviembre y diciembre, en el que se registraron 320 escritos de sugerencias, el Ayuntamiento, atendiendo a las demandas vecinales, ha decidido desistir de la tramitaci\u00f3n del PEAU y completar esta zona de Lezkairu en base al Plan Parcial vigente, manteniendo la ordenaci\u00f3n, las parcelas, alturas y edificabilidades.<\/p>\n<p><strong>Detalle de la propuesta<\/strong><\/p>\n<p>El objetivo de la propuesta que realiza Gerencia de Urbanismo es completar el desarrollo de la plaza Maravillas Lamberto y su entorno desde el planeamiento actual, mejorando los espacios p\u00fablicos para dar a la plaza una entidad y un tratamiento acorde con su destino de centralidad para el barrio, mejorar la tipolog\u00eda de las viviendas, incluyendo promoci\u00f3n protegida para j\u00f3venes y determinar la mejor ubicaci\u00f3n del futuro centro c\u00edvico.<\/p>\n<p>Para mejorar la centralidad de la plaza se plantea la uni\u00f3n con el parque Alfredo Landa, del que s\u00f3lo le separa la calle Isabel Garbayo Ayala. La reurbanizaci\u00f3n de este tramo de calle ampliar\u00eda en m\u00e1s de 3.000 metros cuadrados el tama\u00f1o de la plaza y, adem\u00e1s, lograr\u00eda reducir los problemas de inseguridad que las vecinas y vecinos se\u00f1alaron en el proceso participativo sobre esta v\u00eda secundaria. Adem\u00e1s, en las parcelas edificables se incluir\u00e1n las condiciones necesarias para destinar las plantas bajas para usos terciarios, que promuevan el desarrollo de actividades hosteleras y comerciales.<\/p>\n<p>Para promover vivienda protegida para j\u00f3venes, tambi\u00e9n se prev\u00e9 su promoci\u00f3n por la v\u00eda de las licitaciones de las parcelas, propiedad del Ayuntamiento. La homogeneidad de las fachadas, as\u00ed como posibles cambios de alineaciones, se podr\u00e1n abordar en un estudio de detalle tal y como establece el Plan Parcial vigente.<\/p>\n<p>Y para definir la mejor ubicaci\u00f3n del centro c\u00edvico o civivox de Lezkairu, Gerencia de Urbanismo propone continuar con un proceso participativo. Para ello, plantea dos posibles ubicaciones. La opci\u00f3n 1 ser\u00eda ubicar el civivox dentro de la plaza, pudiendo desplazarse dentro de la misma. La opci\u00f3n 2 pasar\u00eda por llevar el civivox al otro lado de la avenida Juan Pablo II, a la parcela dotacional polivalente LP2. Con esta segunda opci\u00f3n se lograr\u00eda poner en valor un espacio ya urbanizado y actualmente infrautilizado y residual al sur de la venida principal, integrando ese espacio arbolado con la parcela propuesta para el civivox y generando una nueva plaza de unos 5.800 metros cuadrados.<\/p>\n","protected":false},"excerpt":{"rendered":"<p>Plantear\u00e1 un proceso participativo para definir la mejor ubicaci\u00f3n del civivox: dentro de la plaza o en una parcela justo al otro lado de Juan Pablo II<\/p>\n","protected":false},"author":1,"featured_media":52080,"comment_status":"open","ping_status":"closed","sticky":false,"template":"","format":"standard","meta":{"footnotes":""},"categories":[2],"tags":[],"class_list":["post-52079","post","type-post","status-publish","format-standard","has-post-thumbnail","hentry","category-ayuntamiento-pamplona"],"yoast_head":"<!-- This site is optimized with the Yoast SEO plugin v27.3 - https:\/\/yoast.com\/product\/yoast-seo-wordpress\/ -->\n<title>El Ayuntamiento ampliar\u00e1 la plaza Maravillas Lamberto para darle car\u00e1cter central en Lezkairu reurbanizando el paso que la une con el parque Alfredo Landa<\/title>\n<meta name=\"description\" content=\"Plantear\u00e1 un proceso participativo para definir la mejor ubicaci\u00f3n del civivox: dentro de la plaza o en una parcela justo al otro lado de Juan Pablo II\" \/>\n<meta name=\"robots\" content=\"index, follow, max-snippet:-1, max-image-preview:large, max-video-preview:-1\" \/>\n<link rel=\"canonical\" href=\"https:\/\/www.laguiadepamplona.com\/actualidad\/el-ayuntamiento-ampliara-la-plaza-maravillas-lamberto-para-darle-caracter-central-en-lezkairu-reurbanizando-el-paso-que-la-une-con-el-parque-alfredo-landa\/\" \/>\n<meta property=\"og:locale\" content=\"es_ES\" \/>\n<meta property=\"og:type\" content=\"article\" \/>\n<meta property=\"og:title\" content=\"El Ayuntamiento ampliar\u00e1 la plaza Maravillas Lamberto para darle car\u00e1cter central en Lezkairu reurbanizando el paso que la une con el parque Alfredo Landa\" \/>\n<meta property=\"og:description\" content=\"Plantear\u00e1 un proceso participativo para definir la mejor ubicaci\u00f3n del civivox: dentro de la plaza o en una parcela justo al otro lado de Juan Pablo II\" \/>\n<meta property=\"og:url\" content=\"https:\/\/www.laguiadepamplona.com\/actualidad\/el-ayuntamiento-ampliara-la-plaza-maravillas-lamberto-para-darle-caracter-central-en-lezkairu-reurbanizando-el-paso-que-la-une-con-el-parque-alfredo-landa\/\" \/>\n<meta property=\"og:site_name\" content=\"La Gu\u00eda de Pamplona\" \/>\n<meta property=\"article:publisher\" content=\"https:\/\/www.facebook.com\/laguiadepamplonacom-133175176762273\/?ref=hl\" \/>\n<meta property=\"article:published_time\" content=\"2025-02-12T15:25:29+00:00\" \/>\n<meta property=\"og:image\" content=\"https:\/\/www.laguiadepamplona.com\/actualidad\/wp-content\/uploads\/2025\/02\/maravillaslambertoopcion1_0.webp\" \/>\n\t<meta property=\"og:image:width\" content=\"740\" \/>\n\t<meta property=\"og:image:height\" content=\"961\" \/>\n\t<meta property=\"og:image:type\" content=\"image\/webp\" \/>\n<meta name=\"author\" content=\"La Gu\u00eda de Pamplona\" \/>\n<meta name=\"twitter:card\" content=\"summary_large_image\" \/>\n<meta name=\"twitter:creator\" content=\"@LaGuiadPamplona\" \/>\n<meta name=\"twitter:site\" content=\"@LaGuiadPamplona\" \/>\n<meta name=\"twitter:label1\" content=\"Escrito por\" \/>\n\t<meta name=\"twitter:data1\" content=\"La Gu\u00eda de Pamplona\" \/>\n\t<meta name=\"twitter:label2\" content=\"Tiempo de lectura\" \/>\n\t<meta name=\"twitter:data2\" content=\"4 minutos\" \/>\n<script type=\"application\/ld+json\" class=\"yoast-schema-graph\">{\"@context\":\"https:\\\/\\\/schema.org\",\"@graph\":[{\"@type\":\"Article\",\"@id\":\"https:\\\/\\\/www.laguiadepamplona.com\\\/actualidad\\\/el-ayuntamiento-ampliara-la-plaza-maravillas-lamberto-para-darle-caracter-central-en-lezkairu-reurbanizando-el-paso-que-la-une-con-el-parque-alfredo-landa\\\/#article\",\"isPartOf\":{\"@id\":\"https:\\\/\\\/www.laguiadepamplona.com\\\/actualidad\\\/el-ayuntamiento-ampliara-la-plaza-maravillas-lamberto-para-darle-caracter-central-en-lezkairu-reurbanizando-el-paso-que-la-une-con-el-parque-alfredo-landa\\\/\"},\"author\":{\"name\":\"La Gu\u00eda de Pamplona\",\"@id\":\"https:\\\/\\\/www.laguiadepamplona.com\\\/actualidad\\\/#\\\/schema\\\/person\\\/efe887376f0213d4657c93adc50b1fdb\"},\"headline\":\"El Ayuntamiento ampliar\u00e1 la plaza Maravillas Lamberto para darle car\u00e1cter central en Lezkairu reurbanizando el paso que la une con el parque Alfredo Landa\",\"datePublished\":\"2025-02-12T15:25:29+00:00\",\"mainEntityOfPage\":{\"@id\":\"https:\\\/\\\/www.laguiadepamplona.com\\\/actualidad\\\/el-ayuntamiento-ampliara-la-plaza-maravillas-lamberto-para-darle-caracter-central-en-lezkairu-reurbanizando-el-paso-que-la-une-con-el-parque-alfredo-landa\\\/\"},\"wordCount\":770,\"commentCount\":0,\"publisher\":{\"@id\":\"https:\\\/\\\/www.laguiadepamplona.com\\\/actualidad\\\/#organization\"},\"image\":{\"@id\":\"https:\\\/\\\/www.laguiadepamplona.com\\\/actualidad\\\/el-ayuntamiento-ampliara-la-plaza-maravillas-lamberto-para-darle-caracter-central-en-lezkairu-reurbanizando-el-paso-que-la-une-con-el-parque-alfredo-landa\\\/#primaryimage\"},\"thumbnailUrl\":\"https:\\\/\\\/www.laguiadepamplona.com\\\/actualidad\\\/wp-content\\\/uploads\\\/2025\\\/02\\\/maravillaslambertoopcion1_0.webp\",\"articleSection\":[\"Ayto Pamplona\"],\"inLanguage\":\"es\",\"potentialAction\":[{\"@type\":\"CommentAction\",\"name\":\"Comment\",\"target\":[\"https:\\\/\\\/www.laguiadepamplona.com\\\/actualidad\\\/el-ayuntamiento-ampliara-la-plaza-maravillas-lamberto-para-darle-caracter-central-en-lezkairu-reurbanizando-el-paso-que-la-une-con-el-parque-alfredo-landa\\\/#respond\"]}]},{\"@type\":\"WebPage\",\"@id\":\"https:\\\/\\\/www.laguiadepamplona.com\\\/actualidad\\\/el-ayuntamiento-ampliara-la-plaza-maravillas-lamberto-para-darle-caracter-central-en-lezkairu-reurbanizando-el-paso-que-la-une-con-el-parque-alfredo-landa\\\/\",\"url\":\"https:\\\/\\\/www.laguiadepamplona.com\\\/actualidad\\\/el-ayuntamiento-ampliara-la-plaza-maravillas-lamberto-para-darle-caracter-central-en-lezkairu-reurbanizando-el-paso-que-la-une-con-el-parque-alfredo-landa\\\/\",\"name\":\"El Ayuntamiento ampliar\u00e1 la plaza Maravillas Lamberto para darle car\u00e1cter central en Lezkairu reurbanizando el paso que la une con el parque Alfredo Landa\",\"isPartOf\":{\"@id\":\"https:\\\/\\\/www.laguiadepamplona.com\\\/actualidad\\\/#website\"},\"primaryImageOfPage\":{\"@id\":\"https:\\\/\\\/www.laguiadepamplona.com\\\/actualidad\\\/el-ayuntamiento-ampliara-la-plaza-maravillas-lamberto-para-darle-caracter-central-en-lezkairu-reurbanizando-el-paso-que-la-une-con-el-parque-alfredo-landa\\\/#primaryimage\"},\"image\":{\"@id\":\"https:\\\/\\\/www.laguiadepamplona.com\\\/actualidad\\\/el-ayuntamiento-ampliara-la-plaza-maravillas-lamberto-para-darle-caracter-central-en-lezkairu-reurbanizando-el-paso-que-la-une-con-el-parque-alfredo-landa\\\/#primaryimage\"},\"thumbnailUrl\":\"https:\\\/\\\/www.laguiadepamplona.com\\\/actualidad\\\/wp-content\\\/uploads\\\/2025\\\/02\\\/maravillaslambertoopcion1_0.webp\",\"datePublished\":\"2025-02-12T15:25:29+00:00\",\"description\":\"Plantear\u00e1 un proceso participativo para definir la mejor ubicaci\u00f3n del civivox: dentro de la plaza o en una parcela justo al otro lado de Juan Pablo II\",\"breadcrumb\":{\"@id\":\"https:\\\/\\\/www.laguiadepamplona.com\\\/actualidad\\\/el-ayuntamiento-ampliara-la-plaza-maravillas-lamberto-para-darle-caracter-central-en-lezkairu-reurbanizando-el-paso-que-la-une-con-el-parque-alfredo-landa\\\/#breadcrumb\"},\"inLanguage\":\"es\",\"potentialAction\":[{\"@type\":\"ReadAction\",\"target\":[\"https:\\\/\\\/www.laguiadepamplona.com\\\/actualidad\\\/el-ayuntamiento-ampliara-la-plaza-maravillas-lamberto-para-darle-caracter-central-en-lezkairu-reurbanizando-el-paso-que-la-une-con-el-parque-alfredo-landa\\\/\"]}]},{\"@type\":\"ImageObject\",\"inLanguage\":\"es\",\"@id\":\"https:\\\/\\\/www.laguiadepamplona.com\\\/actualidad\\\/el-ayuntamiento-ampliara-la-plaza-maravillas-lamberto-para-darle-caracter-central-en-lezkairu-reurbanizando-el-paso-que-la-une-con-el-parque-alfredo-landa\\\/#primaryimage\",\"url\":\"https:\\\/\\\/www.laguiadepamplona.com\\\/actualidad\\\/wp-content\\\/uploads\\\/2025\\\/02\\\/maravillaslambertoopcion1_0.webp\",\"contentUrl\":\"https:\\\/\\\/www.laguiadepamplona.com\\\/actualidad\\\/wp-content\\\/uploads\\\/2025\\\/02\\\/maravillaslambertoopcion1_0.webp\",\"width\":740,\"height\":961,\"caption\":\"maravillas lamberto\"},{\"@type\":\"BreadcrumbList\",\"@id\":\"https:\\\/\\\/www.laguiadepamplona.com\\\/actualidad\\\/el-ayuntamiento-ampliara-la-plaza-maravillas-lamberto-para-darle-caracter-central-en-lezkairu-reurbanizando-el-paso-que-la-une-con-el-parque-alfredo-landa\\\/#breadcrumb\",\"itemListElement\":[{\"@type\":\"ListItem\",\"position\":1,\"name\":\"Portada\",\"item\":\"https:\\\/\\\/www.laguiadepamplona.com\\\/actualidad\\\/\"},{\"@type\":\"ListItem\",\"position\":2,\"name\":\"El Ayuntamiento ampliar\u00e1 la plaza Maravillas Lamberto para darle car\u00e1cter central en Lezkairu reurbanizando el paso que la une con el parque Alfredo Landa\"}]},{\"@type\":\"WebSite\",\"@id\":\"https:\\\/\\\/www.laguiadepamplona.com\\\/actualidad\\\/#website\",\"url\":\"https:\\\/\\\/www.laguiadepamplona.com\\\/actualidad\\\/\",\"name\":\"La gu\u00eda de Pamplona\",\"description\":\"Noticias de Pamplona\",\"publisher\":{\"@id\":\"https:\\\/\\\/www.laguiadepamplona.com\\\/actualidad\\\/#organization\"},\"potentialAction\":[{\"@type\":\"SearchAction\",\"target\":{\"@type\":\"EntryPoint\",\"urlTemplate\":\"https:\\\/\\\/www.laguiadepamplona.com\\\/actualidad\\\/?s={search_term_string}\"},\"query-input\":{\"@type\":\"PropertyValueSpecification\",\"valueRequired\":true,\"valueName\":\"search_term_string\"}}],\"inLanguage\":\"es\"},{\"@type\":\"Organization\",\"@id\":\"https:\\\/\\\/www.laguiadepamplona.com\\\/actualidad\\\/#organization\",\"name\":\"La Gu\u00eda de Pamplona \\\/ Noticias\",\"url\":\"https:\\\/\\\/www.laguiadepamplona.com\\\/actualidad\\\/\",\"logo\":{\"@type\":\"ImageObject\",\"inLanguage\":\"es\",\"@id\":\"https:\\\/\\\/www.laguiadepamplona.com\\\/actualidad\\\/#\\\/schema\\\/logo\\\/image\\\/\",\"url\":\"https:\\\/\\\/www.laguiadepamplona.com\\\/actualidad\\\/wp-content\\\/uploads\\\/2018\\\/11\\\/logo-laguiadepamplona18-web1.png\",\"contentUrl\":\"https:\\\/\\\/www.laguiadepamplona.com\\\/actualidad\\\/wp-content\\\/uploads\\\/2018\\\/11\\\/logo-laguiadepamplona18-web1.png\",\"width\":600,\"height\":196,\"caption\":\"La Gu\u00eda de Pamplona \\\/ Noticias\"},\"image\":{\"@id\":\"https:\\\/\\\/www.laguiadepamplona.com\\\/actualidad\\\/#\\\/schema\\\/logo\\\/image\\\/\"},\"sameAs\":[\"https:\\\/\\\/www.facebook.com\\\/laguiadepamplonacom-133175176762273\\\/?ref=hl\",\"https:\\\/\\\/x.com\\\/LaGuiadPamplona\",\"https:\\\/\\\/www.instagram.com\\\/la_guia_de_pamplona\\\/\",\"https:\\\/\\\/www.youtube.com\\\/user\\\/laguiadepamplona\"]},{\"@type\":\"Person\",\"@id\":\"https:\\\/\\\/www.laguiadepamplona.com\\\/actualidad\\\/#\\\/schema\\\/person\\\/efe887376f0213d4657c93adc50b1fdb\",\"name\":\"La Gu\u00eda de Pamplona\",\"image\":{\"@type\":\"ImageObject\",\"inLanguage\":\"es\",\"@id\":\"https:\\\/\\\/secure.gravatar.com\\\/avatar\\\/b6992f131dc8d30ab0dff15446e9d346d9dbd95992de0fef795073f5ea83a81c?s=96&d=mm&r=g\",\"url\":\"https:\\\/\\\/secure.gravatar.com\\\/avatar\\\/b6992f131dc8d30ab0dff15446e9d346d9dbd95992de0fef795073f5ea83a81c?s=96&d=mm&r=g\",\"contentUrl\":\"https:\\\/\\\/secure.gravatar.com\\\/avatar\\\/b6992f131dc8d30ab0dff15446e9d346d9dbd95992de0fef795073f5ea83a81c?s=96&d=mm&r=g\",\"caption\":\"La Gu\u00eda de Pamplona\"}}]}<\/script>\n<!-- \/ Yoast SEO plugin. -->","yoast_head_json":{"title":"El Ayuntamiento ampliar\u00e1 la plaza Maravillas Lamberto para darle car\u00e1cter central en Lezkairu reurbanizando el paso que la une con el parque Alfredo Landa","description":"Plantear\u00e1 un proceso participativo para definir la mejor ubicaci\u00f3n del civivox: dentro de la plaza o en una parcela justo al otro lado de Juan Pablo II","robots":{"index":"index","follow":"follow","max-snippet":"max-snippet:-1","max-image-preview":"max-image-preview:large","max-video-preview":"max-video-preview:-1"},"canonical":"https:\/\/www.laguiadepamplona.com\/actualidad\/el-ayuntamiento-ampliara-la-plaza-maravillas-lamberto-para-darle-caracter-central-en-lezkairu-reurbanizando-el-paso-que-la-une-con-el-parque-alfredo-landa\/","og_locale":"es_ES","og_type":"article","og_title":"El Ayuntamiento ampliar\u00e1 la plaza Maravillas Lamberto para darle car\u00e1cter central en Lezkairu reurbanizando el paso que la une con el parque Alfredo Landa","og_description":"Plantear\u00e1 un proceso participativo para definir la mejor ubicaci\u00f3n del civivox: dentro de la plaza o en una parcela justo al otro lado de Juan Pablo II","og_url":"https:\/\/www.laguiadepamplona.com\/actualidad\/el-ayuntamiento-ampliara-la-plaza-maravillas-lamberto-para-darle-caracter-central-en-lezkairu-reurbanizando-el-paso-que-la-une-con-el-parque-alfredo-landa\/","og_site_name":"La Gu\u00eda de Pamplona","article_publisher":"https:\/\/www.facebook.com\/laguiadepamplonacom-133175176762273\/?ref=hl","article_published_time":"2025-02-12T15:25:29+00:00","og_image":[{"width":740,"height":961,"url":"https:\/\/www.laguiadepamplona.com\/actualidad\/wp-content\/uploads\/2025\/02\/maravillaslambertoopcion1_0.webp","type":"image\/webp"}],"author":"La Gu\u00eda de Pamplona","twitter_card":"summary_large_image","twitter_creator":"@LaGuiadPamplona","twitter_site":"@LaGuiadPamplona","twitter_misc":{"Escrito por":"La Gu\u00eda de Pamplona","Tiempo de lectura":"4 minutos"},"schema":{"@context":"https:\/\/schema.org","@graph":[{"@type":"Article","@id":"https:\/\/www.laguiadepamplona.com\/actualidad\/el-ayuntamiento-ampliara-la-plaza-maravillas-lamberto-para-darle-caracter-central-en-lezkairu-reurbanizando-el-paso-que-la-une-con-el-parque-alfredo-landa\/#article","isPartOf":{"@id":"https:\/\/www.laguiadepamplona.com\/actualidad\/el-ayuntamiento-ampliara-la-plaza-maravillas-lamberto-para-darle-caracter-central-en-lezkairu-reurbanizando-el-paso-que-la-une-con-el-parque-alfredo-landa\/"},"author":{"name":"La Gu\u00eda de Pamplona","@id":"https:\/\/www.laguiadepamplona.com\/actualidad\/#\/schema\/person\/efe887376f0213d4657c93adc50b1fdb"},"headline":"El Ayuntamiento ampliar\u00e1 la plaza Maravillas Lamberto para darle car\u00e1cter central en Lezkairu reurbanizando el paso que la une con el parque Alfredo Landa","datePublished":"2025-02-12T15:25:29+00:00","mainEntityOfPage":{"@id":"https:\/\/www.laguiadepamplona.com\/actualidad\/el-ayuntamiento-ampliara-la-plaza-maravillas-lamberto-para-darle-caracter-central-en-lezkairu-reurbanizando-el-paso-que-la-une-con-el-parque-alfredo-landa\/"},"wordCount":770,"commentCount":0,"publisher":{"@id":"https:\/\/www.laguiadepamplona.com\/actualidad\/#organization"},"image":{"@id":"https:\/\/www.laguiadepamplona.com\/actualidad\/el-ayuntamiento-ampliara-la-plaza-maravillas-lamberto-para-darle-caracter-central-en-lezkairu-reurbanizando-el-paso-que-la-une-con-el-parque-alfredo-landa\/#primaryimage"},"thumbnailUrl":"https:\/\/www.laguiadepamplona.com\/actualidad\/wp-content\/uploads\/2025\/02\/maravillaslambertoopcion1_0.webp","articleSection":["Ayto Pamplona"],"inLanguage":"es","potentialAction":[{"@type":"CommentAction","name":"Comment","target":["https:\/\/www.laguiadepamplona.com\/actualidad\/el-ayuntamiento-ampliara-la-plaza-maravillas-lamberto-para-darle-caracter-central-en-lezkairu-reurbanizando-el-paso-que-la-une-con-el-parque-alfredo-landa\/#respond"]}]},{"@type":"WebPage","@id":"https:\/\/www.laguiadepamplona.com\/actualidad\/el-ayuntamiento-ampliara-la-plaza-maravillas-lamberto-para-darle-caracter-central-en-lezkairu-reurbanizando-el-paso-que-la-une-con-el-parque-alfredo-landa\/","url":"https:\/\/www.laguiadepamplona.com\/actualidad\/el-ayuntamiento-ampliara-la-plaza-maravillas-lamberto-para-darle-caracter-central-en-lezkairu-reurbanizando-el-paso-que-la-une-con-el-parque-alfredo-landa\/","name":"El Ayuntamiento ampliar\u00e1 la plaza Maravillas Lamberto para darle car\u00e1cter central en Lezkairu reurbanizando el paso que la une con el parque Alfredo Landa","isPartOf":{"@id":"https:\/\/www.laguiadepamplona.com\/actualidad\/#website"},"primaryImageOfPage":{"@id":"https:\/\/www.laguiadepamplona.com\/actualidad\/el-ayuntamiento-ampliara-la-plaza-maravillas-lamberto-para-darle-caracter-central-en-lezkairu-reurbanizando-el-paso-que-la-une-con-el-parque-alfredo-landa\/#primaryimage"},"image":{"@id":"https:\/\/www.laguiadepamplona.com\/actualidad\/el-ayuntamiento-ampliara-la-plaza-maravillas-lamberto-para-darle-caracter-central-en-lezkairu-reurbanizando-el-paso-que-la-une-con-el-parque-alfredo-landa\/#primaryimage"},"thumbnailUrl":"https:\/\/www.laguiadepamplona.com\/actualidad\/wp-content\/uploads\/2025\/02\/maravillaslambertoopcion1_0.webp","datePublished":"2025-02-12T15:25:29+00:00","description":"Plantear\u00e1 un proceso participativo para definir la mejor ubicaci\u00f3n del civivox: dentro de la plaza o en una parcela justo al otro lado de Juan Pablo II","breadcrumb":{"@id":"https:\/\/www.laguiadepamplona.com\/actualidad\/el-ayuntamiento-ampliara-la-plaza-maravillas-lamberto-para-darle-caracter-central-en-lezkairu-reurbanizando-el-paso-que-la-une-con-el-parque-alfredo-landa\/#breadcrumb"},"inLanguage":"es","potentialAction":[{"@type":"ReadAction","target":["https:\/\/www.laguiadepamplona.com\/actualidad\/el-ayuntamiento-ampliara-la-plaza-maravillas-lamberto-para-darle-caracter-central-en-lezkairu-reurbanizando-el-paso-que-la-une-con-el-parque-alfredo-landa\/"]}]},{"@type":"ImageObject","inLanguage":"es","@id":"https:\/\/www.laguiadepamplona.com\/actualidad\/el-ayuntamiento-ampliara-la-plaza-maravillas-lamberto-para-darle-caracter-central-en-lezkairu-reurbanizando-el-paso-que-la-une-con-el-parque-alfredo-landa\/#primaryimage","url":"https:\/\/www.laguiadepamplona.com\/actualidad\/wp-content\/uploads\/2025\/02\/maravillaslambertoopcion1_0.webp","contentUrl":"https:\/\/www.laguiadepamplona.com\/actualidad\/wp-content\/uploads\/2025\/02\/maravillaslambertoopcion1_0.webp","width":740,"height":961,"caption":"maravillas lamberto"},{"@type":"BreadcrumbList","@id":"https:\/\/www.laguiadepamplona.com\/actualidad\/el-ayuntamiento-ampliara-la-plaza-maravillas-lamberto-para-darle-caracter-central-en-lezkairu-reurbanizando-el-paso-que-la-une-con-el-parque-alfredo-landa\/#breadcrumb","itemListElement":[{"@type":"ListItem","position":1,"name":"Portada","item":"https:\/\/www.laguiadepamplona.com\/actualidad\/"},{"@type":"ListItem","position":2,"name":"El Ayuntamiento ampliar\u00e1 la plaza Maravillas Lamberto para darle car\u00e1cter central en Lezkairu reurbanizando el paso que la une con el parque Alfredo Landa"}]},{"@type":"WebSite","@id":"https:\/\/www.laguiadepamplona.com\/actualidad\/#website","url":"https:\/\/www.laguiadepamplona.com\/actualidad\/","name":"La gu\u00eda de Pamplona","description":"Noticias de Pamplona","publisher":{"@id":"https:\/\/www.laguiadepamplona.com\/actualidad\/#organization"},"potentialAction":[{"@type":"SearchAction","target":{"@type":"EntryPoint","urlTemplate":"https:\/\/www.laguiadepamplona.com\/actualidad\/?s={search_term_string}"},"query-input":{"@type":"PropertyValueSpecification","valueRequired":true,"valueName":"search_term_string"}}],"inLanguage":"es"},{"@type":"Organization","@id":"https:\/\/www.laguiadepamplona.com\/actualidad\/#organization","name":"La Gu\u00eda de Pamplona \/ Noticias","url":"https:\/\/www.laguiadepamplona.com\/actualidad\/","logo":{"@type":"ImageObject","inLanguage":"es","@id":"https:\/\/www.laguiadepamplona.com\/actualidad\/#\/schema\/logo\/image\/","url":"https:\/\/www.laguiadepamplona.com\/actualidad\/wp-content\/uploads\/2018\/11\/logo-laguiadepamplona18-web1.png","contentUrl":"https:\/\/www.laguiadepamplona.com\/actualidad\/wp-content\/uploads\/2018\/11\/logo-laguiadepamplona18-web1.png","width":600,"height":196,"caption":"La Gu\u00eda de Pamplona \/ Noticias"},"image":{"@id":"https:\/\/www.laguiadepamplona.com\/actualidad\/#\/schema\/logo\/image\/"},"sameAs":["https:\/\/www.facebook.com\/laguiadepamplonacom-133175176762273\/?ref=hl","https:\/\/x.com\/LaGuiadPamplona","https:\/\/www.instagram.com\/la_guia_de_pamplona\/","https:\/\/www.youtube.com\/user\/laguiadepamplona"]},{"@type":"Person","@id":"https:\/\/www.laguiadepamplona.com\/actualidad\/#\/schema\/person\/efe887376f0213d4657c93adc50b1fdb","name":"La Gu\u00eda de Pamplona","image":{"@type":"ImageObject","inLanguage":"es","@id":"https:\/\/secure.gravatar.com\/avatar\/b6992f131dc8d30ab0dff15446e9d346d9dbd95992de0fef795073f5ea83a81c?s=96&d=mm&r=g","url":"https:\/\/secure.gravatar.com\/avatar\/b6992f131dc8d30ab0dff15446e9d346d9dbd95992de0fef795073f5ea83a81c?s=96&d=mm&r=g","contentUrl":"https:\/\/secure.gravatar.com\/avatar\/b6992f131dc8d30ab0dff15446e9d346d9dbd95992de0fef795073f5ea83a81c?s=96&d=mm&r=g","caption":"La Gu\u00eda de Pamplona"}}]}},"post_mailing_queue_ids":[],"_links":{"self":[{"href":"https:\/\/www.laguiadepamplona.com\/actualidad\/wp-json\/wp\/v2\/posts\/52079","targetHints":{"allow":["GET"]}}],"collection":[{"href":"https:\/\/www.laguiadepamplona.com\/actualidad\/wp-json\/wp\/v2\/posts"}],"about":[{"href":"https:\/\/www.laguiadepamplona.com\/actualidad\/wp-json\/wp\/v2\/types\/post"}],"author":[{"embeddable":true,"href":"https:\/\/www.laguiadepamplona.com\/actualidad\/wp-json\/wp\/v2\/users\/1"}],"replies":[{"embeddable":true,"href":"https:\/\/www.laguiadepamplona.com\/actualidad\/wp-json\/wp\/v2\/comments?post=52079"}],"version-history":[{"count":1,"href":"https:\/\/www.laguiadepamplona.com\/actualidad\/wp-json\/wp\/v2\/posts\/52079\/revisions"}],"predecessor-version":[{"id":52081,"href":"https:\/\/www.laguiadepamplona.com\/actualidad\/wp-json\/wp\/v2\/posts\/52079\/revisions\/52081"}],"wp:featuredmedia":[{"embeddable":true,"href":"https:\/\/www.laguiadepamplona.com\/actualidad\/wp-json\/wp\/v2\/media\/52080"}],"wp:attachment":[{"href":"https:\/\/www.laguiadepamplona.com\/actualidad\/wp-json\/wp\/v2\/media?parent=52079"}],"wp:term":[{"taxonomy":"category","embeddable":true,"href":"https:\/\/www.laguiadepamplona.com\/actualidad\/wp-json\/wp\/v2\/categories?post=52079"},{"taxonomy":"post_tag","embeddable":true,"href":"https:\/\/www.laguiadepamplona.com\/actualidad\/wp-json\/wp\/v2\/tags?post=52079"}],"curies":[{"name":"wp","href":"https:\/\/api.w.org\/{rel}","templated":true}]}}