{"id":52076,"date":"2025-02-12T17:22:45","date_gmt":"2025-02-12T15:22:45","guid":{"rendered":"https:\/\/www.laguiadepamplona.com\/actualidad\/?p=52076"},"modified":"2025-02-12T17:22:45","modified_gmt":"2025-02-12T15:22:45","slug":"el-ayuntamiento-de-pamplona-organiza-una-jornada-tecnica-de-trabajo-para-dar-a-conocer-los-contenidos-del-plan-de-infraestructura-verde-y-azul","status":"publish","type":"post","link":"https:\/\/www.laguiadepamplona.com\/actualidad\/el-ayuntamiento-de-pamplona-organiza-una-jornada-tecnica-de-trabajo-para-dar-a-conocer-los-contenidos-del-plan-de-infraestructura-verde-y-azul\/","title":{"rendered":"El Ayuntamiento de Pamplona organiza una jornada t\u00e9cnica de trabajo para dar a conocer los contenidos del Plan de Infraestructura Verde y Azul"},"content":{"rendered":"<h2>Se celebra el 13 de marzo por la ma\u00f1ana en el Museo de Educaci\u00f3n Ambiental, horas antes de la presentaci\u00f3n a la ciudadan\u00eda en Condestable<\/h2>\n<p><!--more--><\/p>\n<p>El jueves 13 de marzo, a las 10 horas, tendr\u00e1 lugar en el Museo de Educaci\u00f3n Ambiental una jornada de trabajo dirigida a personal t\u00e9cnico interesado sobre el Plan de Infraestructura Verde y Azul y Drenaje Urbano Sostenible. Este plan se incluye dentro del proyecto RUNA 2025 de renaturalizaci\u00f3n de los entornos fluviales de Pamplona, financiado con fondos europeos Next Generation EU, a trav\u00e9s del apoyo de la Fundaci\u00f3n Biodiversidad del Ministerio para la Transici\u00f3n Ecol\u00f3gica y el Reto Demogr\u00e1fico (MITECO). Las inscripciones para la jornada t\u00e9cnica est\u00e1n ya abiertas a trav\u00e9s de un <a href=\"https:\/\/docs.google.com\/forms\/d\/1NWbkjzZ-9OYClJ5pYjWLbGGUQ6uLYuMeYilH-tadsjs\/preview\" target=\"_blank\" rel=\"noopener\">formulario online<\/a>.<\/p>\n<p>La jornada contar\u00e1 con la presencia de la Fundaci\u00f3n Biodiversidad, adem\u00e1s de personal t\u00e9cnico municipal de Ecolog\u00eda Urbana y del equipo redactor de las empresas Atalaya Territorio SL y Green Blue Management, que expondr\u00e1n las caracter\u00edsticas del plan, sus contenidos y el proceso participativo realizado para su elaboraci\u00f3n. Tras las ponencias, se llevar\u00e1n a cabo diferentes mesas t\u00e9cnicas de trabajo para seguir desgranando el Plan de Infraestructura Verde y Azul. El plan incorpora en la planificaci\u00f3n urbana criterios de sostenibilidad y de adaptaci\u00f3n al cambio clim\u00e1tico y soluciones basadas en la naturaleza, adem\u00e1s de dise\u00f1ar 25 memorias valoradas para el desarrollo futuro de diferentes proyectos.<\/p>\n<p>Ese mismo d\u00eda, el jueves 13 de marzo por la tarde, se celebrar\u00e1 una jornada abierta a la ciudadan\u00eda sobre la misma tem\u00e1tica para presentar ese Plan de Infraestructura Verde y Azul y Drenaje Urbano Sostenible. Esta sesi\u00f3n tendr\u00e1 lugar en Condestable y las inscripciones est\u00e1n abiertas tambi\u00e9n a trav\u00e9s del 010 \u2013 948 420 100 y en un <a href=\"https:\/\/docs.google.com\/forms\/d\/1ACM0hU8lpeXHgn3vPZT_guCZkUOXmpEvx5J4K0VZ2Mg\/preview\" target=\"_blank\" rel=\"noopener\">formulario online<\/a> diferente al de la jornada t\u00e9cnica de la ma\u00f1ana. Para la jornada abierta a la ciudadan\u00eda se puede solicitar servicio de conciliaci\u00f3n hasta 1 semana antes de la fecha del evento.<\/p>\n<p>El Plan de Infraestructura Verde y Azul se enmarca en las acciones A1 y A2 del proyecto RUNA 2025. RUNA 2025 ha obtenido 2,7 millones de euros en la convocatoria de ayudas de la Fundaci\u00f3n Biodiversidad del Ministerio para la Transici\u00f3n Ecol\u00f3gica y el Reto Demogr\u00e1fico (MITECO), en el marco del Plan de Recuperaci\u00f3n, Transformaci\u00f3n y Resiliencia, financiado por la Uni\u00f3n Europea \u2013 NextGenerationEU.<\/p>\n","protected":false},"excerpt":{"rendered":"<p>Se celebra el 13 de marzo por la ma\u00f1ana en el Museo de Educaci\u00f3n Ambiental, horas antes de la presentaci\u00f3n a la ciudadan\u00eda en Condestable<\/p>\n","protected":false},"author":1,"featured_media":52077,"comment_status":"open","ping_status":"closed","sticky":false,"template":"","format":"standard","meta":{"footnotes":""},"categories":[2],"tags":[],"class_list":["post-52076","post","type-post","status-publish","format-standard","has-post-thumbnail","hentry","category-ayuntamiento-pamplona"],"yoast_head":"<!-- This site is optimized with the Yoast SEO plugin v27.3 - https:\/\/yoast.com\/product\/yoast-seo-wordpress\/ -->\n<title>El Ayuntamiento de Pamplona organiza una jornada t\u00e9cnica de trabajo para dar a conocer los contenidos del Plan de Infraestructura Verde y Azul<\/title>\n<meta name=\"description\" content=\"Se celebra el 13 de marzo por la ma\u00f1ana en el Museo de Educaci\u00f3n Ambiental, horas antes de la presentaci\u00f3n a la ciudadan\u00eda en Condestable\" \/>\n<meta name=\"robots\" content=\"index, follow, max-snippet:-1, max-image-preview:large, max-video-preview:-1\" \/>\n<link rel=\"canonical\" href=\"https:\/\/www.laguiadepamplona.com\/actualidad\/el-ayuntamiento-de-pamplona-organiza-una-jornada-tecnica-de-trabajo-para-dar-a-conocer-los-contenidos-del-plan-de-infraestructura-verde-y-azul\/\" \/>\n<meta property=\"og:locale\" content=\"es_ES\" \/>\n<meta property=\"og:type\" content=\"article\" \/>\n<meta property=\"og:title\" content=\"El Ayuntamiento de Pamplona organiza una jornada t\u00e9cnica de trabajo para dar a conocer los contenidos del Plan de Infraestructura Verde y Azul\" \/>\n<meta property=\"og:description\" content=\"Se celebra el 13 de marzo por la ma\u00f1ana en el Museo de Educaci\u00f3n Ambiental, horas antes de la presentaci\u00f3n a la ciudadan\u00eda en Condestable\" \/>\n<meta property=\"og:url\" content=\"https:\/\/www.laguiadepamplona.com\/actualidad\/el-ayuntamiento-de-pamplona-organiza-una-jornada-tecnica-de-trabajo-para-dar-a-conocer-los-contenidos-del-plan-de-infraestructura-verde-y-azul\/\" \/>\n<meta property=\"og:site_name\" content=\"La Gu\u00eda de Pamplona\" \/>\n<meta property=\"article:publisher\" content=\"https:\/\/www.facebook.com\/laguiadepamplonacom-133175176762273\/?ref=hl\" \/>\n<meta property=\"article:published_time\" content=\"2025-02-12T15:22:45+00:00\" \/>\n<meta property=\"og:image\" content=\"https:\/\/www.laguiadepamplona.com\/actualidad\/wp-content\/uploads\/2025\/02\/Runa-rio_web.webp\" \/>\n\t<meta property=\"og:image:width\" content=\"1000\" \/>\n\t<meta property=\"og:image:height\" content=\"750\" \/>\n\t<meta property=\"og:image:type\" content=\"image\/webp\" \/>\n<meta name=\"author\" content=\"La Gu\u00eda de Pamplona\" \/>\n<meta name=\"twitter:card\" content=\"summary_large_image\" \/>\n<meta name=\"twitter:creator\" content=\"@LaGuiadPamplona\" \/>\n<meta name=\"twitter:site\" content=\"@LaGuiadPamplona\" \/>\n<meta name=\"twitter:label1\" content=\"Escrito por\" \/>\n\t<meta name=\"twitter:data1\" content=\"La Gu\u00eda de Pamplona\" \/>\n\t<meta name=\"twitter:label2\" content=\"Tiempo de lectura\" \/>\n\t<meta name=\"twitter:data2\" content=\"2 minutos\" \/>\n<script type=\"application\/ld+json\" class=\"yoast-schema-graph\">{\"@context\":\"https:\\\/\\\/schema.org\",\"@graph\":[{\"@type\":\"Article\",\"@id\":\"https:\\\/\\\/www.laguiadepamplona.com\\\/actualidad\\\/el-ayuntamiento-de-pamplona-organiza-una-jornada-tecnica-de-trabajo-para-dar-a-conocer-los-contenidos-del-plan-de-infraestructura-verde-y-azul\\\/#article\",\"isPartOf\":{\"@id\":\"https:\\\/\\\/www.laguiadepamplona.com\\\/actualidad\\\/el-ayuntamiento-de-pamplona-organiza-una-jornada-tecnica-de-trabajo-para-dar-a-conocer-los-contenidos-del-plan-de-infraestructura-verde-y-azul\\\/\"},\"author\":{\"name\":\"La Gu\u00eda de Pamplona\",\"@id\":\"https:\\\/\\\/www.laguiadepamplona.com\\\/actualidad\\\/#\\\/schema\\\/person\\\/efe887376f0213d4657c93adc50b1fdb\"},\"headline\":\"El Ayuntamiento de Pamplona organiza una jornada t\u00e9cnica de trabajo para dar a conocer los contenidos del Plan de Infraestructura Verde y Azul\",\"datePublished\":\"2025-02-12T15:22:45+00:00\",\"mainEntityOfPage\":{\"@id\":\"https:\\\/\\\/www.laguiadepamplona.com\\\/actualidad\\\/el-ayuntamiento-de-pamplona-organiza-una-jornada-tecnica-de-trabajo-para-dar-a-conocer-los-contenidos-del-plan-de-infraestructura-verde-y-azul\\\/\"},\"wordCount\":437,\"commentCount\":0,\"publisher\":{\"@id\":\"https:\\\/\\\/www.laguiadepamplona.com\\\/actualidad\\\/#organization\"},\"image\":{\"@id\":\"https:\\\/\\\/www.laguiadepamplona.com\\\/actualidad\\\/el-ayuntamiento-de-pamplona-organiza-una-jornada-tecnica-de-trabajo-para-dar-a-conocer-los-contenidos-del-plan-de-infraestructura-verde-y-azul\\\/#primaryimage\"},\"thumbnailUrl\":\"https:\\\/\\\/www.laguiadepamplona.com\\\/actualidad\\\/wp-content\\\/uploads\\\/2025\\\/02\\\/Runa-rio_web.webp\",\"articleSection\":[\"Ayto Pamplona\"],\"inLanguage\":\"es\",\"potentialAction\":[{\"@type\":\"CommentAction\",\"name\":\"Comment\",\"target\":[\"https:\\\/\\\/www.laguiadepamplona.com\\\/actualidad\\\/el-ayuntamiento-de-pamplona-organiza-una-jornada-tecnica-de-trabajo-para-dar-a-conocer-los-contenidos-del-plan-de-infraestructura-verde-y-azul\\\/#respond\"]}]},{\"@type\":\"WebPage\",\"@id\":\"https:\\\/\\\/www.laguiadepamplona.com\\\/actualidad\\\/el-ayuntamiento-de-pamplona-organiza-una-jornada-tecnica-de-trabajo-para-dar-a-conocer-los-contenidos-del-plan-de-infraestructura-verde-y-azul\\\/\",\"url\":\"https:\\\/\\\/www.laguiadepamplona.com\\\/actualidad\\\/el-ayuntamiento-de-pamplona-organiza-una-jornada-tecnica-de-trabajo-para-dar-a-conocer-los-contenidos-del-plan-de-infraestructura-verde-y-azul\\\/\",\"name\":\"El Ayuntamiento de Pamplona organiza una jornada t\u00e9cnica de trabajo para dar a conocer los contenidos del Plan de Infraestructura Verde y Azul\",\"isPartOf\":{\"@id\":\"https:\\\/\\\/www.laguiadepamplona.com\\\/actualidad\\\/#website\"},\"primaryImageOfPage\":{\"@id\":\"https:\\\/\\\/www.laguiadepamplona.com\\\/actualidad\\\/el-ayuntamiento-de-pamplona-organiza-una-jornada-tecnica-de-trabajo-para-dar-a-conocer-los-contenidos-del-plan-de-infraestructura-verde-y-azul\\\/#primaryimage\"},\"image\":{\"@id\":\"https:\\\/\\\/www.laguiadepamplona.com\\\/actualidad\\\/el-ayuntamiento-de-pamplona-organiza-una-jornada-tecnica-de-trabajo-para-dar-a-conocer-los-contenidos-del-plan-de-infraestructura-verde-y-azul\\\/#primaryimage\"},\"thumbnailUrl\":\"https:\\\/\\\/www.laguiadepamplona.com\\\/actualidad\\\/wp-content\\\/uploads\\\/2025\\\/02\\\/Runa-rio_web.webp\",\"datePublished\":\"2025-02-12T15:22:45+00:00\",\"description\":\"Se celebra el 13 de marzo por la ma\u00f1ana en el Museo de Educaci\u00f3n Ambiental, horas antes de la presentaci\u00f3n a la ciudadan\u00eda en Condestable\",\"breadcrumb\":{\"@id\":\"https:\\\/\\\/www.laguiadepamplona.com\\\/actualidad\\\/el-ayuntamiento-de-pamplona-organiza-una-jornada-tecnica-de-trabajo-para-dar-a-conocer-los-contenidos-del-plan-de-infraestructura-verde-y-azul\\\/#breadcrumb\"},\"inLanguage\":\"es\",\"potentialAction\":[{\"@type\":\"ReadAction\",\"target\":[\"https:\\\/\\\/www.laguiadepamplona.com\\\/actualidad\\\/el-ayuntamiento-de-pamplona-organiza-una-jornada-tecnica-de-trabajo-para-dar-a-conocer-los-contenidos-del-plan-de-infraestructura-verde-y-azul\\\/\"]}]},{\"@type\":\"ImageObject\",\"inLanguage\":\"es\",\"@id\":\"https:\\\/\\\/www.laguiadepamplona.com\\\/actualidad\\\/el-ayuntamiento-de-pamplona-organiza-una-jornada-tecnica-de-trabajo-para-dar-a-conocer-los-contenidos-del-plan-de-infraestructura-verde-y-azul\\\/#primaryimage\",\"url\":\"https:\\\/\\\/www.laguiadepamplona.com\\\/actualidad\\\/wp-content\\\/uploads\\\/2025\\\/02\\\/Runa-rio_web.webp\",\"contentUrl\":\"https:\\\/\\\/www.laguiadepamplona.com\\\/actualidad\\\/wp-content\\\/uploads\\\/2025\\\/02\\\/Runa-rio_web.webp\",\"width\":1000,\"height\":750,\"caption\":\"runa ria\"},{\"@type\":\"BreadcrumbList\",\"@id\":\"https:\\\/\\\/www.laguiadepamplona.com\\\/actualidad\\\/el-ayuntamiento-de-pamplona-organiza-una-jornada-tecnica-de-trabajo-para-dar-a-conocer-los-contenidos-del-plan-de-infraestructura-verde-y-azul\\\/#breadcrumb\",\"itemListElement\":[{\"@type\":\"ListItem\",\"position\":1,\"name\":\"Portada\",\"item\":\"https:\\\/\\\/www.laguiadepamplona.com\\\/actualidad\\\/\"},{\"@type\":\"ListItem\",\"position\":2,\"name\":\"El Ayuntamiento de Pamplona organiza una jornada t\u00e9cnica de trabajo para dar a conocer los contenidos del Plan de Infraestructura Verde y Azul\"}]},{\"@type\":\"WebSite\",\"@id\":\"https:\\\/\\\/www.laguiadepamplona.com\\\/actualidad\\\/#website\",\"url\":\"https:\\\/\\\/www.laguiadepamplona.com\\\/actualidad\\\/\",\"name\":\"La gu\u00eda de Pamplona\",\"description\":\"Noticias de Pamplona\",\"publisher\":{\"@id\":\"https:\\\/\\\/www.laguiadepamplona.com\\\/actualidad\\\/#organization\"},\"potentialAction\":[{\"@type\":\"SearchAction\",\"target\":{\"@type\":\"EntryPoint\",\"urlTemplate\":\"https:\\\/\\\/www.laguiadepamplona.com\\\/actualidad\\\/?s={search_term_string}\"},\"query-input\":{\"@type\":\"PropertyValueSpecification\",\"valueRequired\":true,\"valueName\":\"search_term_string\"}}],\"inLanguage\":\"es\"},{\"@type\":\"Organization\",\"@id\":\"https:\\\/\\\/www.laguiadepamplona.com\\\/actualidad\\\/#organization\",\"name\":\"La Gu\u00eda de Pamplona \\\/ Noticias\",\"url\":\"https:\\\/\\\/www.laguiadepamplona.com\\\/actualidad\\\/\",\"logo\":{\"@type\":\"ImageObject\",\"inLanguage\":\"es\",\"@id\":\"https:\\\/\\\/www.laguiadepamplona.com\\\/actualidad\\\/#\\\/schema\\\/logo\\\/image\\\/\",\"url\":\"https:\\\/\\\/www.laguiadepamplona.com\\\/actualidad\\\/wp-content\\\/uploads\\\/2018\\\/11\\\/logo-laguiadepamplona18-web1.png\",\"contentUrl\":\"https:\\\/\\\/www.laguiadepamplona.com\\\/actualidad\\\/wp-content\\\/uploads\\\/2018\\\/11\\\/logo-laguiadepamplona18-web1.png\",\"width\":600,\"height\":196,\"caption\":\"La Gu\u00eda de Pamplona \\\/ Noticias\"},\"image\":{\"@id\":\"https:\\\/\\\/www.laguiadepamplona.com\\\/actualidad\\\/#\\\/schema\\\/logo\\\/image\\\/\"},\"sameAs\":[\"https:\\\/\\\/www.facebook.com\\\/laguiadepamplonacom-133175176762273\\\/?ref=hl\",\"https:\\\/\\\/x.com\\\/LaGuiadPamplona\",\"https:\\\/\\\/www.instagram.com\\\/la_guia_de_pamplona\\\/\",\"https:\\\/\\\/www.youtube.com\\\/user\\\/laguiadepamplona\"]},{\"@type\":\"Person\",\"@id\":\"https:\\\/\\\/www.laguiadepamplona.com\\\/actualidad\\\/#\\\/schema\\\/person\\\/efe887376f0213d4657c93adc50b1fdb\",\"name\":\"La Gu\u00eda de Pamplona\",\"image\":{\"@type\":\"ImageObject\",\"inLanguage\":\"es\",\"@id\":\"https:\\\/\\\/secure.gravatar.com\\\/avatar\\\/b6992f131dc8d30ab0dff15446e9d346d9dbd95992de0fef795073f5ea83a81c?s=96&d=mm&r=g\",\"url\":\"https:\\\/\\\/secure.gravatar.com\\\/avatar\\\/b6992f131dc8d30ab0dff15446e9d346d9dbd95992de0fef795073f5ea83a81c?s=96&d=mm&r=g\",\"contentUrl\":\"https:\\\/\\\/secure.gravatar.com\\\/avatar\\\/b6992f131dc8d30ab0dff15446e9d346d9dbd95992de0fef795073f5ea83a81c?s=96&d=mm&r=g\",\"caption\":\"La Gu\u00eda de Pamplona\"}}]}<\/script>\n<!-- \/ Yoast SEO plugin. -->","yoast_head_json":{"title":"El Ayuntamiento de Pamplona organiza una jornada t\u00e9cnica de trabajo para dar a conocer los contenidos del Plan de Infraestructura Verde y Azul","description":"Se celebra el 13 de marzo por la ma\u00f1ana en el Museo de Educaci\u00f3n Ambiental, horas antes de la presentaci\u00f3n a la ciudadan\u00eda en Condestable","robots":{"index":"index","follow":"follow","max-snippet":"max-snippet:-1","max-image-preview":"max-image-preview:large","max-video-preview":"max-video-preview:-1"},"canonical":"https:\/\/www.laguiadepamplona.com\/actualidad\/el-ayuntamiento-de-pamplona-organiza-una-jornada-tecnica-de-trabajo-para-dar-a-conocer-los-contenidos-del-plan-de-infraestructura-verde-y-azul\/","og_locale":"es_ES","og_type":"article","og_title":"El Ayuntamiento de Pamplona organiza una jornada t\u00e9cnica de trabajo para dar a conocer los contenidos del Plan de Infraestructura Verde y Azul","og_description":"Se celebra el 13 de marzo por la ma\u00f1ana en el Museo de Educaci\u00f3n Ambiental, horas antes de la presentaci\u00f3n a la ciudadan\u00eda en Condestable","og_url":"https:\/\/www.laguiadepamplona.com\/actualidad\/el-ayuntamiento-de-pamplona-organiza-una-jornada-tecnica-de-trabajo-para-dar-a-conocer-los-contenidos-del-plan-de-infraestructura-verde-y-azul\/","og_site_name":"La Gu\u00eda de Pamplona","article_publisher":"https:\/\/www.facebook.com\/laguiadepamplonacom-133175176762273\/?ref=hl","article_published_time":"2025-02-12T15:22:45+00:00","og_image":[{"width":1000,"height":750,"url":"https:\/\/www.laguiadepamplona.com\/actualidad\/wp-content\/uploads\/2025\/02\/Runa-rio_web.webp","type":"image\/webp"}],"author":"La Gu\u00eda de Pamplona","twitter_card":"summary_large_image","twitter_creator":"@LaGuiadPamplona","twitter_site":"@LaGuiadPamplona","twitter_misc":{"Escrito por":"La Gu\u00eda de Pamplona","Tiempo de lectura":"2 minutos"},"schema":{"@context":"https:\/\/schema.org","@graph":[{"@type":"Article","@id":"https:\/\/www.laguiadepamplona.com\/actualidad\/el-ayuntamiento-de-pamplona-organiza-una-jornada-tecnica-de-trabajo-para-dar-a-conocer-los-contenidos-del-plan-de-infraestructura-verde-y-azul\/#article","isPartOf":{"@id":"https:\/\/www.laguiadepamplona.com\/actualidad\/el-ayuntamiento-de-pamplona-organiza-una-jornada-tecnica-de-trabajo-para-dar-a-conocer-los-contenidos-del-plan-de-infraestructura-verde-y-azul\/"},"author":{"name":"La Gu\u00eda de Pamplona","@id":"https:\/\/www.laguiadepamplona.com\/actualidad\/#\/schema\/person\/efe887376f0213d4657c93adc50b1fdb"},"headline":"El Ayuntamiento de Pamplona organiza una jornada t\u00e9cnica de trabajo para dar a conocer los contenidos del Plan de Infraestructura Verde y Azul","datePublished":"2025-02-12T15:22:45+00:00","mainEntityOfPage":{"@id":"https:\/\/www.laguiadepamplona.com\/actualidad\/el-ayuntamiento-de-pamplona-organiza-una-jornada-tecnica-de-trabajo-para-dar-a-conocer-los-contenidos-del-plan-de-infraestructura-verde-y-azul\/"},"wordCount":437,"commentCount":0,"publisher":{"@id":"https:\/\/www.laguiadepamplona.com\/actualidad\/#organization"},"image":{"@id":"https:\/\/www.laguiadepamplona.com\/actualidad\/el-ayuntamiento-de-pamplona-organiza-una-jornada-tecnica-de-trabajo-para-dar-a-conocer-los-contenidos-del-plan-de-infraestructura-verde-y-azul\/#primaryimage"},"thumbnailUrl":"https:\/\/www.laguiadepamplona.com\/actualidad\/wp-content\/uploads\/2025\/02\/Runa-rio_web.webp","articleSection":["Ayto Pamplona"],"inLanguage":"es","potentialAction":[{"@type":"CommentAction","name":"Comment","target":["https:\/\/www.laguiadepamplona.com\/actualidad\/el-ayuntamiento-de-pamplona-organiza-una-jornada-tecnica-de-trabajo-para-dar-a-conocer-los-contenidos-del-plan-de-infraestructura-verde-y-azul\/#respond"]}]},{"@type":"WebPage","@id":"https:\/\/www.laguiadepamplona.com\/actualidad\/el-ayuntamiento-de-pamplona-organiza-una-jornada-tecnica-de-trabajo-para-dar-a-conocer-los-contenidos-del-plan-de-infraestructura-verde-y-azul\/","url":"https:\/\/www.laguiadepamplona.com\/actualidad\/el-ayuntamiento-de-pamplona-organiza-una-jornada-tecnica-de-trabajo-para-dar-a-conocer-los-contenidos-del-plan-de-infraestructura-verde-y-azul\/","name":"El Ayuntamiento de Pamplona organiza una jornada t\u00e9cnica de trabajo para dar a conocer los contenidos del Plan de Infraestructura Verde y Azul","isPartOf":{"@id":"https:\/\/www.laguiadepamplona.com\/actualidad\/#website"},"primaryImageOfPage":{"@id":"https:\/\/www.laguiadepamplona.com\/actualidad\/el-ayuntamiento-de-pamplona-organiza-una-jornada-tecnica-de-trabajo-para-dar-a-conocer-los-contenidos-del-plan-de-infraestructura-verde-y-azul\/#primaryimage"},"image":{"@id":"https:\/\/www.laguiadepamplona.com\/actualidad\/el-ayuntamiento-de-pamplona-organiza-una-jornada-tecnica-de-trabajo-para-dar-a-conocer-los-contenidos-del-plan-de-infraestructura-verde-y-azul\/#primaryimage"},"thumbnailUrl":"https:\/\/www.laguiadepamplona.com\/actualidad\/wp-content\/uploads\/2025\/02\/Runa-rio_web.webp","datePublished":"2025-02-12T15:22:45+00:00","description":"Se celebra el 13 de marzo por la ma\u00f1ana en el Museo de Educaci\u00f3n Ambiental, horas antes de la presentaci\u00f3n a la ciudadan\u00eda en Condestable","breadcrumb":{"@id":"https:\/\/www.laguiadepamplona.com\/actualidad\/el-ayuntamiento-de-pamplona-organiza-una-jornada-tecnica-de-trabajo-para-dar-a-conocer-los-contenidos-del-plan-de-infraestructura-verde-y-azul\/#breadcrumb"},"inLanguage":"es","potentialAction":[{"@type":"ReadAction","target":["https:\/\/www.laguiadepamplona.com\/actualidad\/el-ayuntamiento-de-pamplona-organiza-una-jornada-tecnica-de-trabajo-para-dar-a-conocer-los-contenidos-del-plan-de-infraestructura-verde-y-azul\/"]}]},{"@type":"ImageObject","inLanguage":"es","@id":"https:\/\/www.laguiadepamplona.com\/actualidad\/el-ayuntamiento-de-pamplona-organiza-una-jornada-tecnica-de-trabajo-para-dar-a-conocer-los-contenidos-del-plan-de-infraestructura-verde-y-azul\/#primaryimage","url":"https:\/\/www.laguiadepamplona.com\/actualidad\/wp-content\/uploads\/2025\/02\/Runa-rio_web.webp","contentUrl":"https:\/\/www.laguiadepamplona.com\/actualidad\/wp-content\/uploads\/2025\/02\/Runa-rio_web.webp","width":1000,"height":750,"caption":"runa ria"},{"@type":"BreadcrumbList","@id":"https:\/\/www.laguiadepamplona.com\/actualidad\/el-ayuntamiento-de-pamplona-organiza-una-jornada-tecnica-de-trabajo-para-dar-a-conocer-los-contenidos-del-plan-de-infraestructura-verde-y-azul\/#breadcrumb","itemListElement":[{"@type":"ListItem","position":1,"name":"Portada","item":"https:\/\/www.laguiadepamplona.com\/actualidad\/"},{"@type":"ListItem","position":2,"name":"El Ayuntamiento de Pamplona organiza una jornada t\u00e9cnica de trabajo para dar a conocer los contenidos del Plan de Infraestructura Verde y Azul"}]},{"@type":"WebSite","@id":"https:\/\/www.laguiadepamplona.com\/actualidad\/#website","url":"https:\/\/www.laguiadepamplona.com\/actualidad\/","name":"La gu\u00eda de Pamplona","description":"Noticias de Pamplona","publisher":{"@id":"https:\/\/www.laguiadepamplona.com\/actualidad\/#organization"},"potentialAction":[{"@type":"SearchAction","target":{"@type":"EntryPoint","urlTemplate":"https:\/\/www.laguiadepamplona.com\/actualidad\/?s={search_term_string}"},"query-input":{"@type":"PropertyValueSpecification","valueRequired":true,"valueName":"search_term_string"}}],"inLanguage":"es"},{"@type":"Organization","@id":"https:\/\/www.laguiadepamplona.com\/actualidad\/#organization","name":"La Gu\u00eda de Pamplona \/ Noticias","url":"https:\/\/www.laguiadepamplona.com\/actualidad\/","logo":{"@type":"ImageObject","inLanguage":"es","@id":"https:\/\/www.laguiadepamplona.com\/actualidad\/#\/schema\/logo\/image\/","url":"https:\/\/www.laguiadepamplona.com\/actualidad\/wp-content\/uploads\/2018\/11\/logo-laguiadepamplona18-web1.png","contentUrl":"https:\/\/www.laguiadepamplona.com\/actualidad\/wp-content\/uploads\/2018\/11\/logo-laguiadepamplona18-web1.png","width":600,"height":196,"caption":"La Gu\u00eda de Pamplona \/ Noticias"},"image":{"@id":"https:\/\/www.laguiadepamplona.com\/actualidad\/#\/schema\/logo\/image\/"},"sameAs":["https:\/\/www.facebook.com\/laguiadepamplonacom-133175176762273\/?ref=hl","https:\/\/x.com\/LaGuiadPamplona","https:\/\/www.instagram.com\/la_guia_de_pamplona\/","https:\/\/www.youtube.com\/user\/laguiadepamplona"]},{"@type":"Person","@id":"https:\/\/www.laguiadepamplona.com\/actualidad\/#\/schema\/person\/efe887376f0213d4657c93adc50b1fdb","name":"La Gu\u00eda de Pamplona","image":{"@type":"ImageObject","inLanguage":"es","@id":"https:\/\/secure.gravatar.com\/avatar\/b6992f131dc8d30ab0dff15446e9d346d9dbd95992de0fef795073f5ea83a81c?s=96&d=mm&r=g","url":"https:\/\/secure.gravatar.com\/avatar\/b6992f131dc8d30ab0dff15446e9d346d9dbd95992de0fef795073f5ea83a81c?s=96&d=mm&r=g","contentUrl":"https:\/\/secure.gravatar.com\/avatar\/b6992f131dc8d30ab0dff15446e9d346d9dbd95992de0fef795073f5ea83a81c?s=96&d=mm&r=g","caption":"La Gu\u00eda de Pamplona"}}]}},"post_mailing_queue_ids":[],"_links":{"self":[{"href":"https:\/\/www.laguiadepamplona.com\/actualidad\/wp-json\/wp\/v2\/posts\/52076","targetHints":{"allow":["GET"]}}],"collection":[{"href":"https:\/\/www.laguiadepamplona.com\/actualidad\/wp-json\/wp\/v2\/posts"}],"about":[{"href":"https:\/\/www.laguiadepamplona.com\/actualidad\/wp-json\/wp\/v2\/types\/post"}],"author":[{"embeddable":true,"href":"https:\/\/www.laguiadepamplona.com\/actualidad\/wp-json\/wp\/v2\/users\/1"}],"replies":[{"embeddable":true,"href":"https:\/\/www.laguiadepamplona.com\/actualidad\/wp-json\/wp\/v2\/comments?post=52076"}],"version-history":[{"count":1,"href":"https:\/\/www.laguiadepamplona.com\/actualidad\/wp-json\/wp\/v2\/posts\/52076\/revisions"}],"predecessor-version":[{"id":52078,"href":"https:\/\/www.laguiadepamplona.com\/actualidad\/wp-json\/wp\/v2\/posts\/52076\/revisions\/52078"}],"wp:featuredmedia":[{"embeddable":true,"href":"https:\/\/www.laguiadepamplona.com\/actualidad\/wp-json\/wp\/v2\/media\/52077"}],"wp:attachment":[{"href":"https:\/\/www.laguiadepamplona.com\/actualidad\/wp-json\/wp\/v2\/media?parent=52076"}],"wp:term":[{"taxonomy":"category","embeddable":true,"href":"https:\/\/www.laguiadepamplona.com\/actualidad\/wp-json\/wp\/v2\/categories?post=52076"},{"taxonomy":"post_tag","embeddable":true,"href":"https:\/\/www.laguiadepamplona.com\/actualidad\/wp-json\/wp\/v2\/tags?post=52076"}],"curies":[{"name":"wp","href":"https:\/\/api.w.org\/{rel}","templated":true}]}}