{"id":52073,"date":"2025-02-12T17:20:29","date_gmt":"2025-02-12T15:20:29","guid":{"rendered":"https:\/\/www.laguiadepamplona.com\/actualidad\/?p=52073"},"modified":"2025-02-12T17:20:29","modified_gmt":"2025-02-12T15:20:29","slug":"el-ayuntamiento-de-pamplona-convoca-250-000-euros-en-ayudas-para-el-pago-del-alquiler-a-unidades-familiares-en-situacion-de-dificultad-socioeconomica","status":"publish","type":"post","link":"https:\/\/www.laguiadepamplona.com\/actualidad\/el-ayuntamiento-de-pamplona-convoca-250-000-euros-en-ayudas-para-el-pago-del-alquiler-a-unidades-familiares-en-situacion-de-dificultad-socioeconomica\/","title":{"rendered":"El Ayuntamiento de Pamplona convoca 250.000 euros en ayudas para el pago del alquiler a unidades familiares en situaci\u00f3n de dificultad socioecon\u00f3mica"},"content":{"rendered":"<h2>Tambi\u00e9n apoyar\u00e1 a personas usuarias de viviendas municipales que van a acceder al mercado libre de vivienda<\/h2>\n<p><!--more--><\/p>\n<p>El Ayuntamiento de Pamplona ha aprobado una convocatoria de ayudas por valor de 250.000 euros para subvencionar de forma parcial el alquiler de la vivienda a unidades familiares que se encuentren en una situaci\u00f3n de dificultad socioecon\u00f3mica con dificultad para el acceso o el mantenimiento de una vivienda. Tambi\u00e9n se apoyar\u00e1 a usuarias de viviendas municipales que van a acceder al mercado libre de vivienda. Con todos ellos, se realizar\u00e1 un itinerario de cara a la aplicaci\u00f3n de una serie de recursos t\u00e9cnicos para que, durante el periodo en que reciban la ayuda, puedan adquirir la capacidad y autonom\u00eda para acceder y mantener una vivienda de manera aut\u00f3noma<\/p>\n<p>Se trata del programa \u2018Provivienda\u2019, con el que el Ayuntamiento pretende dar una respuesta espec\u00edfica, de car\u00e1cter temporal, complementario y subsidiario respecto a otras ayudas y subvenciones en materia de vivienda, dentro de un proyecto socioeducativo de inclusi\u00f3n m\u00e1s amplio, ofrecido a familias residentes en el municipio de Pamplona, con necesidad urgente de vivienda y que se encuentren en circunstancias socioecon\u00f3micas y familiares de vulnerabilidad econ\u00f3mica.<\/p>\n<p>Las personas interesadas pueden presentar sus solicitudes hasta el 31 de octubre de 2025. El periodo de vigencia de la convocatoria abarca el a\u00f1o 2025, siempre que se disponga cr\u00e9dito presupuestario para atender las solicitudes que se presenten. Las solicitudes ser\u00e1n tramitadas en las unidades de barrio.<\/p>\n<p><strong>Hasta dos a\u00f1os de apoyo econ\u00f3mico e itinerario socioeducativo<\/strong><\/p>\n<p>El programa Provivienda busca dar una soluci\u00f3n puntual de vivienda a unidades familiares vulnerables mediante la concesi\u00f3n de subvenciones temporales, de hasta un m\u00e1ximo de dos a\u00f1os, que complementen los recursos familiares para hacer frente al alquiler de su vivienda habitual, durante el periodo en el que, desde su servicio social de referencia, se articulan otras medidas destinadas a una futura autonom\u00eda en materia de vivienda.<\/p>\n<p>Desde los programas municipales de atenci\u00f3n primaria o desde el Servicio Municipal de Atenci\u00f3n a la Mujer del \u00c1rea de Acci\u00f3n Social, en colaboraci\u00f3n o no con los programas y equipos vinculados a los mismos, se facilitar\u00e1 apoyo espec\u00edfico y acompa\u00f1amiento, tanto en el acceso a la vivienda como en la adaptaci\u00f3n y mantenimiento de la misma, desarrollando itinerarios socioeducativos consensuados que posibiliten en un tiempo determinado el acceso de dichas familias a una vivienda de manera independiente.<\/p>\n<p>Las ayudas econ\u00f3micas se conceder\u00e1n conforme se vayan presentando las solicitudes y documentaci\u00f3n completa que justifique el cumplimiento de los requisitos para ser beneficiarias y siempre que exista consignaci\u00f3n presupuestaria para abordar la solicitud. Las cantidades a percibir por las unidades familiares beneficiarias se calcular\u00e1n en funci\u00f3n de los ingresos familiares per c\u00e1pita de los \u00faltimos seis meses. En esta convocatoria se buscado reducir la carga burocr\u00e1tica para facilitar el acceso a las ayudas. Entre los requisitos espec\u00edficos se encuentra el haberse inscrito en el Censo de solicitantes de vivienda protegida del Gobierno de Navarra y haber pedido previamente el acceso a los Programas David, Emanzipa, u otros de similar naturaleza que se hayan convocado durante el a\u00f1o 2024, dado el car\u00e1cter subsidiario de esta convocatoria.<\/p>\n<p>El importe m\u00e1ximo mensual de subvenci\u00f3n (o cantidad m\u00e1xima a recibir) no podr\u00e1 superar el 70% del coste del alquiler real de la vivienda estipulado en el contrato. En todo caso, se determina en 675 euros el coste m\u00e1ximo de alquiler de una vivienda objeto de esta subvenci\u00f3n (por lo que, en el caso de que sea superior, se realizar\u00e1 el c\u00e1lculo conforme a esta cantidad m\u00e1xima). No se subvencionar\u00e1n alquileres cuyo coste real total sea igual o inferior a 200 euros.<\/p>\n<p>La cantidad mensual de subvenci\u00f3n se fijar\u00e1 entre el 70% y el 50% del coste del alquiler real de la vivienda, atendiendo a los ingresos familiares per c\u00e1pita (que se calcular\u00e1n dividiendo los ingresos totales de la unidad familiar o de convivencia entre el total de sus miembros). El porcentaje concreto se determinar\u00e1 seg\u00fan el siguiente baremo: para rentas per c\u00e1pita inferior a 220 euros, se cubrir\u00e1 el 70% del coste del alquiler; para rentas entre 220 y 240 euros, el 65%; para rentas de 240 a 260 euros, el 60%; en el tramo de 260 a 280 euros, el 55%; y para rentas per c\u00e1pita superiores a 280 euros, se subvencionar\u00e1 el 50% del coste del alquiler.<\/p>\n","protected":false},"excerpt":{"rendered":"<p>Tambi\u00e9n apoyar\u00e1 a personas usuarias de viviendas municipales que van a acceder al mercado libre de vivienda<\/p>\n","protected":false},"author":1,"featured_media":52074,"comment_status":"open","ping_status":"closed","sticky":false,"template":"","format":"standard","meta":{"footnotes":""},"categories":[2],"tags":[],"class_list":["post-52073","post","type-post","status-publish","format-standard","has-post-thumbnail","hentry","category-ayuntamiento-pamplona"],"yoast_head":"<!-- This site is optimized with the Yoast SEO plugin v27.3 - https:\/\/yoast.com\/product\/yoast-seo-wordpress\/ -->\n<title>El Ayuntamiento de Pamplona convoca 250.000 euros en ayudas para el pago del alquiler a unidades familiares en situaci\u00f3n de dificultad socioecon\u00f3mica<\/title>\n<meta name=\"description\" content=\"Tambi\u00e9n apoyar\u00e1 a personas usuarias de viviendas municipales que van a acceder al mercado libre de vivienda\" \/>\n<meta name=\"robots\" content=\"index, follow, max-snippet:-1, max-image-preview:large, max-video-preview:-1\" \/>\n<link rel=\"canonical\" href=\"https:\/\/www.laguiadepamplona.com\/actualidad\/el-ayuntamiento-de-pamplona-convoca-250-000-euros-en-ayudas-para-el-pago-del-alquiler-a-unidades-familiares-en-situacion-de-dificultad-socioeconomica\/\" \/>\n<meta property=\"og:locale\" content=\"es_ES\" \/>\n<meta property=\"og:type\" content=\"article\" \/>\n<meta property=\"og:title\" content=\"El Ayuntamiento de Pamplona convoca 250.000 euros en ayudas para el pago del alquiler a unidades familiares en situaci\u00f3n de dificultad socioecon\u00f3mica\" \/>\n<meta property=\"og:description\" content=\"Tambi\u00e9n apoyar\u00e1 a personas usuarias de viviendas municipales que van a acceder al mercado libre de vivienda\" \/>\n<meta property=\"og:url\" content=\"https:\/\/www.laguiadepamplona.com\/actualidad\/el-ayuntamiento-de-pamplona-convoca-250-000-euros-en-ayudas-para-el-pago-del-alquiler-a-unidades-familiares-en-situacion-de-dificultad-socioeconomica\/\" \/>\n<meta property=\"og:site_name\" content=\"La Gu\u00eda de Pamplona\" \/>\n<meta property=\"article:publisher\" content=\"https:\/\/www.facebook.com\/laguiadepamplonacom-133175176762273\/?ref=hl\" \/>\n<meta property=\"article:published_time\" content=\"2025-02-12T15:20:29+00:00\" \/>\n<meta property=\"og:image\" content=\"https:\/\/www.laguiadepamplona.com\/actualidad\/wp-content\/uploads\/2025\/02\/provivienda.webp\" \/>\n\t<meta property=\"og:image:width\" content=\"709\" \/>\n\t<meta property=\"og:image:height\" content=\"472\" \/>\n\t<meta property=\"og:image:type\" content=\"image\/webp\" \/>\n<meta name=\"author\" content=\"La Gu\u00eda de Pamplona\" \/>\n<meta name=\"twitter:card\" content=\"summary_large_image\" \/>\n<meta name=\"twitter:creator\" content=\"@LaGuiadPamplona\" \/>\n<meta name=\"twitter:site\" content=\"@LaGuiadPamplona\" \/>\n<meta name=\"twitter:label1\" content=\"Escrito por\" \/>\n\t<meta name=\"twitter:data1\" content=\"La Gu\u00eda de Pamplona\" \/>\n\t<meta name=\"twitter:label2\" content=\"Tiempo de lectura\" \/>\n\t<meta name=\"twitter:data2\" content=\"4 minutos\" \/>\n<script type=\"application\/ld+json\" class=\"yoast-schema-graph\">{\"@context\":\"https:\\\/\\\/schema.org\",\"@graph\":[{\"@type\":\"Article\",\"@id\":\"https:\\\/\\\/www.laguiadepamplona.com\\\/actualidad\\\/el-ayuntamiento-de-pamplona-convoca-250-000-euros-en-ayudas-para-el-pago-del-alquiler-a-unidades-familiares-en-situacion-de-dificultad-socioeconomica\\\/#article\",\"isPartOf\":{\"@id\":\"https:\\\/\\\/www.laguiadepamplona.com\\\/actualidad\\\/el-ayuntamiento-de-pamplona-convoca-250-000-euros-en-ayudas-para-el-pago-del-alquiler-a-unidades-familiares-en-situacion-de-dificultad-socioeconomica\\\/\"},\"author\":{\"name\":\"La Gu\u00eda de Pamplona\",\"@id\":\"https:\\\/\\\/www.laguiadepamplona.com\\\/actualidad\\\/#\\\/schema\\\/person\\\/efe887376f0213d4657c93adc50b1fdb\"},\"headline\":\"El Ayuntamiento de Pamplona convoca 250.000 euros en ayudas para el pago del alquiler a unidades familiares en situaci\u00f3n de dificultad socioecon\u00f3mica\",\"datePublished\":\"2025-02-12T15:20:29+00:00\",\"mainEntityOfPage\":{\"@id\":\"https:\\\/\\\/www.laguiadepamplona.com\\\/actualidad\\\/el-ayuntamiento-de-pamplona-convoca-250-000-euros-en-ayudas-para-el-pago-del-alquiler-a-unidades-familiares-en-situacion-de-dificultad-socioeconomica\\\/\"},\"wordCount\":773,\"commentCount\":0,\"publisher\":{\"@id\":\"https:\\\/\\\/www.laguiadepamplona.com\\\/actualidad\\\/#organization\"},\"image\":{\"@id\":\"https:\\\/\\\/www.laguiadepamplona.com\\\/actualidad\\\/el-ayuntamiento-de-pamplona-convoca-250-000-euros-en-ayudas-para-el-pago-del-alquiler-a-unidades-familiares-en-situacion-de-dificultad-socioeconomica\\\/#primaryimage\"},\"thumbnailUrl\":\"https:\\\/\\\/www.laguiadepamplona.com\\\/actualidad\\\/wp-content\\\/uploads\\\/2025\\\/02\\\/provivienda.webp\",\"articleSection\":[\"Ayto Pamplona\"],\"inLanguage\":\"es\",\"potentialAction\":[{\"@type\":\"CommentAction\",\"name\":\"Comment\",\"target\":[\"https:\\\/\\\/www.laguiadepamplona.com\\\/actualidad\\\/el-ayuntamiento-de-pamplona-convoca-250-000-euros-en-ayudas-para-el-pago-del-alquiler-a-unidades-familiares-en-situacion-de-dificultad-socioeconomica\\\/#respond\"]}]},{\"@type\":\"WebPage\",\"@id\":\"https:\\\/\\\/www.laguiadepamplona.com\\\/actualidad\\\/el-ayuntamiento-de-pamplona-convoca-250-000-euros-en-ayudas-para-el-pago-del-alquiler-a-unidades-familiares-en-situacion-de-dificultad-socioeconomica\\\/\",\"url\":\"https:\\\/\\\/www.laguiadepamplona.com\\\/actualidad\\\/el-ayuntamiento-de-pamplona-convoca-250-000-euros-en-ayudas-para-el-pago-del-alquiler-a-unidades-familiares-en-situacion-de-dificultad-socioeconomica\\\/\",\"name\":\"El Ayuntamiento de Pamplona convoca 250.000 euros en ayudas para el pago del alquiler a unidades familiares en situaci\u00f3n de dificultad socioecon\u00f3mica\",\"isPartOf\":{\"@id\":\"https:\\\/\\\/www.laguiadepamplona.com\\\/actualidad\\\/#website\"},\"primaryImageOfPage\":{\"@id\":\"https:\\\/\\\/www.laguiadepamplona.com\\\/actualidad\\\/el-ayuntamiento-de-pamplona-convoca-250-000-euros-en-ayudas-para-el-pago-del-alquiler-a-unidades-familiares-en-situacion-de-dificultad-socioeconomica\\\/#primaryimage\"},\"image\":{\"@id\":\"https:\\\/\\\/www.laguiadepamplona.com\\\/actualidad\\\/el-ayuntamiento-de-pamplona-convoca-250-000-euros-en-ayudas-para-el-pago-del-alquiler-a-unidades-familiares-en-situacion-de-dificultad-socioeconomica\\\/#primaryimage\"},\"thumbnailUrl\":\"https:\\\/\\\/www.laguiadepamplona.com\\\/actualidad\\\/wp-content\\\/uploads\\\/2025\\\/02\\\/provivienda.webp\",\"datePublished\":\"2025-02-12T15:20:29+00:00\",\"description\":\"Tambi\u00e9n apoyar\u00e1 a personas usuarias de viviendas municipales que van a acceder al mercado libre de vivienda\",\"breadcrumb\":{\"@id\":\"https:\\\/\\\/www.laguiadepamplona.com\\\/actualidad\\\/el-ayuntamiento-de-pamplona-convoca-250-000-euros-en-ayudas-para-el-pago-del-alquiler-a-unidades-familiares-en-situacion-de-dificultad-socioeconomica\\\/#breadcrumb\"},\"inLanguage\":\"es\",\"potentialAction\":[{\"@type\":\"ReadAction\",\"target\":[\"https:\\\/\\\/www.laguiadepamplona.com\\\/actualidad\\\/el-ayuntamiento-de-pamplona-convoca-250-000-euros-en-ayudas-para-el-pago-del-alquiler-a-unidades-familiares-en-situacion-de-dificultad-socioeconomica\\\/\"]}]},{\"@type\":\"ImageObject\",\"inLanguage\":\"es\",\"@id\":\"https:\\\/\\\/www.laguiadepamplona.com\\\/actualidad\\\/el-ayuntamiento-de-pamplona-convoca-250-000-euros-en-ayudas-para-el-pago-del-alquiler-a-unidades-familiares-en-situacion-de-dificultad-socioeconomica\\\/#primaryimage\",\"url\":\"https:\\\/\\\/www.laguiadepamplona.com\\\/actualidad\\\/wp-content\\\/uploads\\\/2025\\\/02\\\/provivienda.webp\",\"contentUrl\":\"https:\\\/\\\/www.laguiadepamplona.com\\\/actualidad\\\/wp-content\\\/uploads\\\/2025\\\/02\\\/provivienda.webp\",\"width\":709,\"height\":472,\"caption\":\"provivienda\"},{\"@type\":\"BreadcrumbList\",\"@id\":\"https:\\\/\\\/www.laguiadepamplona.com\\\/actualidad\\\/el-ayuntamiento-de-pamplona-convoca-250-000-euros-en-ayudas-para-el-pago-del-alquiler-a-unidades-familiares-en-situacion-de-dificultad-socioeconomica\\\/#breadcrumb\",\"itemListElement\":[{\"@type\":\"ListItem\",\"position\":1,\"name\":\"Portada\",\"item\":\"https:\\\/\\\/www.laguiadepamplona.com\\\/actualidad\\\/\"},{\"@type\":\"ListItem\",\"position\":2,\"name\":\"El Ayuntamiento de Pamplona convoca 250.000 euros en ayudas para el pago del alquiler a unidades familiares en situaci\u00f3n de dificultad socioecon\u00f3mica\"}]},{\"@type\":\"WebSite\",\"@id\":\"https:\\\/\\\/www.laguiadepamplona.com\\\/actualidad\\\/#website\",\"url\":\"https:\\\/\\\/www.laguiadepamplona.com\\\/actualidad\\\/\",\"name\":\"La gu\u00eda de Pamplona\",\"description\":\"Noticias de Pamplona\",\"publisher\":{\"@id\":\"https:\\\/\\\/www.laguiadepamplona.com\\\/actualidad\\\/#organization\"},\"potentialAction\":[{\"@type\":\"SearchAction\",\"target\":{\"@type\":\"EntryPoint\",\"urlTemplate\":\"https:\\\/\\\/www.laguiadepamplona.com\\\/actualidad\\\/?s={search_term_string}\"},\"query-input\":{\"@type\":\"PropertyValueSpecification\",\"valueRequired\":true,\"valueName\":\"search_term_string\"}}],\"inLanguage\":\"es\"},{\"@type\":\"Organization\",\"@id\":\"https:\\\/\\\/www.laguiadepamplona.com\\\/actualidad\\\/#organization\",\"name\":\"La Gu\u00eda de Pamplona \\\/ Noticias\",\"url\":\"https:\\\/\\\/www.laguiadepamplona.com\\\/actualidad\\\/\",\"logo\":{\"@type\":\"ImageObject\",\"inLanguage\":\"es\",\"@id\":\"https:\\\/\\\/www.laguiadepamplona.com\\\/actualidad\\\/#\\\/schema\\\/logo\\\/image\\\/\",\"url\":\"https:\\\/\\\/www.laguiadepamplona.com\\\/actualidad\\\/wp-content\\\/uploads\\\/2018\\\/11\\\/logo-laguiadepamplona18-web1.png\",\"contentUrl\":\"https:\\\/\\\/www.laguiadepamplona.com\\\/actualidad\\\/wp-content\\\/uploads\\\/2018\\\/11\\\/logo-laguiadepamplona18-web1.png\",\"width\":600,\"height\":196,\"caption\":\"La Gu\u00eda de Pamplona \\\/ Noticias\"},\"image\":{\"@id\":\"https:\\\/\\\/www.laguiadepamplona.com\\\/actualidad\\\/#\\\/schema\\\/logo\\\/image\\\/\"},\"sameAs\":[\"https:\\\/\\\/www.facebook.com\\\/laguiadepamplonacom-133175176762273\\\/?ref=hl\",\"https:\\\/\\\/x.com\\\/LaGuiadPamplona\",\"https:\\\/\\\/www.instagram.com\\\/la_guia_de_pamplona\\\/\",\"https:\\\/\\\/www.youtube.com\\\/user\\\/laguiadepamplona\"]},{\"@type\":\"Person\",\"@id\":\"https:\\\/\\\/www.laguiadepamplona.com\\\/actualidad\\\/#\\\/schema\\\/person\\\/efe887376f0213d4657c93adc50b1fdb\",\"name\":\"La Gu\u00eda de Pamplona\",\"image\":{\"@type\":\"ImageObject\",\"inLanguage\":\"es\",\"@id\":\"https:\\\/\\\/secure.gravatar.com\\\/avatar\\\/b6992f131dc8d30ab0dff15446e9d346d9dbd95992de0fef795073f5ea83a81c?s=96&d=mm&r=g\",\"url\":\"https:\\\/\\\/secure.gravatar.com\\\/avatar\\\/b6992f131dc8d30ab0dff15446e9d346d9dbd95992de0fef795073f5ea83a81c?s=96&d=mm&r=g\",\"contentUrl\":\"https:\\\/\\\/secure.gravatar.com\\\/avatar\\\/b6992f131dc8d30ab0dff15446e9d346d9dbd95992de0fef795073f5ea83a81c?s=96&d=mm&r=g\",\"caption\":\"La Gu\u00eda de Pamplona\"}}]}<\/script>\n<!-- \/ Yoast SEO plugin. -->","yoast_head_json":{"title":"El Ayuntamiento de Pamplona convoca 250.000 euros en ayudas para el pago del alquiler a unidades familiares en situaci\u00f3n de dificultad socioecon\u00f3mica","description":"Tambi\u00e9n apoyar\u00e1 a personas usuarias de viviendas municipales que van a acceder al mercado libre de vivienda","robots":{"index":"index","follow":"follow","max-snippet":"max-snippet:-1","max-image-preview":"max-image-preview:large","max-video-preview":"max-video-preview:-1"},"canonical":"https:\/\/www.laguiadepamplona.com\/actualidad\/el-ayuntamiento-de-pamplona-convoca-250-000-euros-en-ayudas-para-el-pago-del-alquiler-a-unidades-familiares-en-situacion-de-dificultad-socioeconomica\/","og_locale":"es_ES","og_type":"article","og_title":"El Ayuntamiento de Pamplona convoca 250.000 euros en ayudas para el pago del alquiler a unidades familiares en situaci\u00f3n de dificultad socioecon\u00f3mica","og_description":"Tambi\u00e9n apoyar\u00e1 a personas usuarias de viviendas municipales que van a acceder al mercado libre de vivienda","og_url":"https:\/\/www.laguiadepamplona.com\/actualidad\/el-ayuntamiento-de-pamplona-convoca-250-000-euros-en-ayudas-para-el-pago-del-alquiler-a-unidades-familiares-en-situacion-de-dificultad-socioeconomica\/","og_site_name":"La Gu\u00eda de Pamplona","article_publisher":"https:\/\/www.facebook.com\/laguiadepamplonacom-133175176762273\/?ref=hl","article_published_time":"2025-02-12T15:20:29+00:00","og_image":[{"width":709,"height":472,"url":"https:\/\/www.laguiadepamplona.com\/actualidad\/wp-content\/uploads\/2025\/02\/provivienda.webp","type":"image\/webp"}],"author":"La Gu\u00eda de Pamplona","twitter_card":"summary_large_image","twitter_creator":"@LaGuiadPamplona","twitter_site":"@LaGuiadPamplona","twitter_misc":{"Escrito por":"La Gu\u00eda de Pamplona","Tiempo de lectura":"4 minutos"},"schema":{"@context":"https:\/\/schema.org","@graph":[{"@type":"Article","@id":"https:\/\/www.laguiadepamplona.com\/actualidad\/el-ayuntamiento-de-pamplona-convoca-250-000-euros-en-ayudas-para-el-pago-del-alquiler-a-unidades-familiares-en-situacion-de-dificultad-socioeconomica\/#article","isPartOf":{"@id":"https:\/\/www.laguiadepamplona.com\/actualidad\/el-ayuntamiento-de-pamplona-convoca-250-000-euros-en-ayudas-para-el-pago-del-alquiler-a-unidades-familiares-en-situacion-de-dificultad-socioeconomica\/"},"author":{"name":"La Gu\u00eda de Pamplona","@id":"https:\/\/www.laguiadepamplona.com\/actualidad\/#\/schema\/person\/efe887376f0213d4657c93adc50b1fdb"},"headline":"El Ayuntamiento de Pamplona convoca 250.000 euros en ayudas para el pago del alquiler a unidades familiares en situaci\u00f3n de dificultad socioecon\u00f3mica","datePublished":"2025-02-12T15:20:29+00:00","mainEntityOfPage":{"@id":"https:\/\/www.laguiadepamplona.com\/actualidad\/el-ayuntamiento-de-pamplona-convoca-250-000-euros-en-ayudas-para-el-pago-del-alquiler-a-unidades-familiares-en-situacion-de-dificultad-socioeconomica\/"},"wordCount":773,"commentCount":0,"publisher":{"@id":"https:\/\/www.laguiadepamplona.com\/actualidad\/#organization"},"image":{"@id":"https:\/\/www.laguiadepamplona.com\/actualidad\/el-ayuntamiento-de-pamplona-convoca-250-000-euros-en-ayudas-para-el-pago-del-alquiler-a-unidades-familiares-en-situacion-de-dificultad-socioeconomica\/#primaryimage"},"thumbnailUrl":"https:\/\/www.laguiadepamplona.com\/actualidad\/wp-content\/uploads\/2025\/02\/provivienda.webp","articleSection":["Ayto Pamplona"],"inLanguage":"es","potentialAction":[{"@type":"CommentAction","name":"Comment","target":["https:\/\/www.laguiadepamplona.com\/actualidad\/el-ayuntamiento-de-pamplona-convoca-250-000-euros-en-ayudas-para-el-pago-del-alquiler-a-unidades-familiares-en-situacion-de-dificultad-socioeconomica\/#respond"]}]},{"@type":"WebPage","@id":"https:\/\/www.laguiadepamplona.com\/actualidad\/el-ayuntamiento-de-pamplona-convoca-250-000-euros-en-ayudas-para-el-pago-del-alquiler-a-unidades-familiares-en-situacion-de-dificultad-socioeconomica\/","url":"https:\/\/www.laguiadepamplona.com\/actualidad\/el-ayuntamiento-de-pamplona-convoca-250-000-euros-en-ayudas-para-el-pago-del-alquiler-a-unidades-familiares-en-situacion-de-dificultad-socioeconomica\/","name":"El Ayuntamiento de Pamplona convoca 250.000 euros en ayudas para el pago del alquiler a unidades familiares en situaci\u00f3n de dificultad socioecon\u00f3mica","isPartOf":{"@id":"https:\/\/www.laguiadepamplona.com\/actualidad\/#website"},"primaryImageOfPage":{"@id":"https:\/\/www.laguiadepamplona.com\/actualidad\/el-ayuntamiento-de-pamplona-convoca-250-000-euros-en-ayudas-para-el-pago-del-alquiler-a-unidades-familiares-en-situacion-de-dificultad-socioeconomica\/#primaryimage"},"image":{"@id":"https:\/\/www.laguiadepamplona.com\/actualidad\/el-ayuntamiento-de-pamplona-convoca-250-000-euros-en-ayudas-para-el-pago-del-alquiler-a-unidades-familiares-en-situacion-de-dificultad-socioeconomica\/#primaryimage"},"thumbnailUrl":"https:\/\/www.laguiadepamplona.com\/actualidad\/wp-content\/uploads\/2025\/02\/provivienda.webp","datePublished":"2025-02-12T15:20:29+00:00","description":"Tambi\u00e9n apoyar\u00e1 a personas usuarias de viviendas municipales que van a acceder al mercado libre de vivienda","breadcrumb":{"@id":"https:\/\/www.laguiadepamplona.com\/actualidad\/el-ayuntamiento-de-pamplona-convoca-250-000-euros-en-ayudas-para-el-pago-del-alquiler-a-unidades-familiares-en-situacion-de-dificultad-socioeconomica\/#breadcrumb"},"inLanguage":"es","potentialAction":[{"@type":"ReadAction","target":["https:\/\/www.laguiadepamplona.com\/actualidad\/el-ayuntamiento-de-pamplona-convoca-250-000-euros-en-ayudas-para-el-pago-del-alquiler-a-unidades-familiares-en-situacion-de-dificultad-socioeconomica\/"]}]},{"@type":"ImageObject","inLanguage":"es","@id":"https:\/\/www.laguiadepamplona.com\/actualidad\/el-ayuntamiento-de-pamplona-convoca-250-000-euros-en-ayudas-para-el-pago-del-alquiler-a-unidades-familiares-en-situacion-de-dificultad-socioeconomica\/#primaryimage","url":"https:\/\/www.laguiadepamplona.com\/actualidad\/wp-content\/uploads\/2025\/02\/provivienda.webp","contentUrl":"https:\/\/www.laguiadepamplona.com\/actualidad\/wp-content\/uploads\/2025\/02\/provivienda.webp","width":709,"height":472,"caption":"provivienda"},{"@type":"BreadcrumbList","@id":"https:\/\/www.laguiadepamplona.com\/actualidad\/el-ayuntamiento-de-pamplona-convoca-250-000-euros-en-ayudas-para-el-pago-del-alquiler-a-unidades-familiares-en-situacion-de-dificultad-socioeconomica\/#breadcrumb","itemListElement":[{"@type":"ListItem","position":1,"name":"Portada","item":"https:\/\/www.laguiadepamplona.com\/actualidad\/"},{"@type":"ListItem","position":2,"name":"El Ayuntamiento de Pamplona convoca 250.000 euros en ayudas para el pago del alquiler a unidades familiares en situaci\u00f3n de dificultad socioecon\u00f3mica"}]},{"@type":"WebSite","@id":"https:\/\/www.laguiadepamplona.com\/actualidad\/#website","url":"https:\/\/www.laguiadepamplona.com\/actualidad\/","name":"La gu\u00eda de Pamplona","description":"Noticias de Pamplona","publisher":{"@id":"https:\/\/www.laguiadepamplona.com\/actualidad\/#organization"},"potentialAction":[{"@type":"SearchAction","target":{"@type":"EntryPoint","urlTemplate":"https:\/\/www.laguiadepamplona.com\/actualidad\/?s={search_term_string}"},"query-input":{"@type":"PropertyValueSpecification","valueRequired":true,"valueName":"search_term_string"}}],"inLanguage":"es"},{"@type":"Organization","@id":"https:\/\/www.laguiadepamplona.com\/actualidad\/#organization","name":"La Gu\u00eda de Pamplona \/ Noticias","url":"https:\/\/www.laguiadepamplona.com\/actualidad\/","logo":{"@type":"ImageObject","inLanguage":"es","@id":"https:\/\/www.laguiadepamplona.com\/actualidad\/#\/schema\/logo\/image\/","url":"https:\/\/www.laguiadepamplona.com\/actualidad\/wp-content\/uploads\/2018\/11\/logo-laguiadepamplona18-web1.png","contentUrl":"https:\/\/www.laguiadepamplona.com\/actualidad\/wp-content\/uploads\/2018\/11\/logo-laguiadepamplona18-web1.png","width":600,"height":196,"caption":"La Gu\u00eda de Pamplona \/ Noticias"},"image":{"@id":"https:\/\/www.laguiadepamplona.com\/actualidad\/#\/schema\/logo\/image\/"},"sameAs":["https:\/\/www.facebook.com\/laguiadepamplonacom-133175176762273\/?ref=hl","https:\/\/x.com\/LaGuiadPamplona","https:\/\/www.instagram.com\/la_guia_de_pamplona\/","https:\/\/www.youtube.com\/user\/laguiadepamplona"]},{"@type":"Person","@id":"https:\/\/www.laguiadepamplona.com\/actualidad\/#\/schema\/person\/efe887376f0213d4657c93adc50b1fdb","name":"La Gu\u00eda de Pamplona","image":{"@type":"ImageObject","inLanguage":"es","@id":"https:\/\/secure.gravatar.com\/avatar\/b6992f131dc8d30ab0dff15446e9d346d9dbd95992de0fef795073f5ea83a81c?s=96&d=mm&r=g","url":"https:\/\/secure.gravatar.com\/avatar\/b6992f131dc8d30ab0dff15446e9d346d9dbd95992de0fef795073f5ea83a81c?s=96&d=mm&r=g","contentUrl":"https:\/\/secure.gravatar.com\/avatar\/b6992f131dc8d30ab0dff15446e9d346d9dbd95992de0fef795073f5ea83a81c?s=96&d=mm&r=g","caption":"La Gu\u00eda de Pamplona"}}]}},"post_mailing_queue_ids":[],"_links":{"self":[{"href":"https:\/\/www.laguiadepamplona.com\/actualidad\/wp-json\/wp\/v2\/posts\/52073","targetHints":{"allow":["GET"]}}],"collection":[{"href":"https:\/\/www.laguiadepamplona.com\/actualidad\/wp-json\/wp\/v2\/posts"}],"about":[{"href":"https:\/\/www.laguiadepamplona.com\/actualidad\/wp-json\/wp\/v2\/types\/post"}],"author":[{"embeddable":true,"href":"https:\/\/www.laguiadepamplona.com\/actualidad\/wp-json\/wp\/v2\/users\/1"}],"replies":[{"embeddable":true,"href":"https:\/\/www.laguiadepamplona.com\/actualidad\/wp-json\/wp\/v2\/comments?post=52073"}],"version-history":[{"count":1,"href":"https:\/\/www.laguiadepamplona.com\/actualidad\/wp-json\/wp\/v2\/posts\/52073\/revisions"}],"predecessor-version":[{"id":52075,"href":"https:\/\/www.laguiadepamplona.com\/actualidad\/wp-json\/wp\/v2\/posts\/52073\/revisions\/52075"}],"wp:featuredmedia":[{"embeddable":true,"href":"https:\/\/www.laguiadepamplona.com\/actualidad\/wp-json\/wp\/v2\/media\/52074"}],"wp:attachment":[{"href":"https:\/\/www.laguiadepamplona.com\/actualidad\/wp-json\/wp\/v2\/media?parent=52073"}],"wp:term":[{"taxonomy":"category","embeddable":true,"href":"https:\/\/www.laguiadepamplona.com\/actualidad\/wp-json\/wp\/v2\/categories?post=52073"},{"taxonomy":"post_tag","embeddable":true,"href":"https:\/\/www.laguiadepamplona.com\/actualidad\/wp-json\/wp\/v2\/tags?post=52073"}],"curies":[{"name":"wp","href":"https:\/\/api.w.org\/{rel}","templated":true}]}}