{"id":52070,"date":"2025-02-12T17:17:57","date_gmt":"2025-02-12T15:17:57","guid":{"rendered":"https:\/\/www.laguiadepamplona.com\/actualidad\/?p=52070"},"modified":"2025-02-12T17:17:57","modified_gmt":"2025-02-12T15:17:57","slug":"hegoalde-ikastola-acoge-este-jueves-a-las-18-30-el-foro-de-barrio-de-arrosadia-milagrosa-azpilagana-y-santa-maria-la-real","status":"publish","type":"post","link":"https:\/\/www.laguiadepamplona.com\/actualidad\/hegoalde-ikastola-acoge-este-jueves-a-las-18-30-el-foro-de-barrio-de-arrosadia-milagrosa-azpilagana-y-santa-maria-la-real\/","title":{"rendered":"Hegoalde Ikastola acoge este jueves, a las 18.30, el Foro de Barrio de Arrosad\u00eda, Milagrosa, Azpilaga\u00f1a y Santa Mar\u00eda la Real"},"content":{"rendered":"<h2>Abierto el plazo para presentar propuestas y sugerencias al siguiente foro, el de Iturrama, que se celebra la pr\u00f3xima semana en Civivox Iturrama<\/h2>\n<p><!--more--><\/p>\n<p>El Foro de Barrio de Arrosad\u00eda, Milagrosa, Azpilaga\u00f1a y Santa Mar\u00eda la Real se celebra este jueves, a las 18.30, en Hegoalde Ikastola, con la participaci\u00f3n del concejal de barrio Joxe Abaurrea San Juan, que es tambi\u00e9n concejal de Gobierno Estrat\u00e9gico, Urbanismo, Vivienda y Agenda 2030, y la concejala especial de Participaci\u00f3n Ciudadana y Euskera, Aitziber Campi\u00f3n Ganboa. Junto al foro principal se celebra el Foro Txiki, para vecinas y vecinos de 3 a 12 a\u00f1os.<\/p>\n<p>En la sesi\u00f3n, que puede seguirse en directo en el <a href=\"https:\/\/www.youtube.com\/live\/fGz110VQfCY\" target=\"_blank\" rel=\"noopener\">canal de YouTube \u2018Participa Pamplona\u2019<\/a>, se presentar\u00e1n los servicios municipales Plaza On (Red municipal de voluntariado de Pamplona), Oficina de Mediaci\u00f3n Comunitaria, Casa de la Juventud y Oficina Verde. Tambi\u00e9n tendr\u00e1n cabida proyectos comunitarios del barrio y las conclusiones del Txikien Foroa, que se dar\u00e1n a conocer en la parte final del foro.<\/p>\n<p>Los foros de barrio cuentan con accesibilidad auditiva, mediante int\u00e9rprete de lengua de signos, estenotipia (subtitulado) y bucle magn\u00e9tico, de modo que las personas con discapacidad auditiva puedan acudir y participar activamente en estos encuentros. La accesibilidad auditiva est\u00e1 garantizada mediante la Asociaci\u00f3n Eunate y la Asociaci\u00f3n Asorna.<\/p>\n<p>El Foro de Barrio de Arrosad\u00eda, Milagrosa, Azpilaga\u00f1a y Santa Mar\u00eda la Real ha estado acompa\u00f1ado esta semana por la exposici\u00f3n Marca Ciudad (Pamplona=bagara-Iru\u00f1a=de verdad), junto a otras iniciativas municipales para 2025, en Civivox Milagrosa. El martes se realiz\u00f3 un paseo por el barrio, con visita a la oficina verde de Milagrosa, el Proyecto Guelbenzu y el Centro Comunitario Azpilaga\u00f1a. Y esta tarde act\u00faa del grupo de folklore boliviano Tinkus San Sim\u00f3n, en la plaza de Alfredo Florist\u00e1n, a las 18 horas; en caso de lluvia, la actividad se trasladar\u00e1 al front\u00f3n de Hegoalde Ikastola.<\/p>\n<p><strong>Pr\u00f3ximo foro, Iturrama<\/strong><\/p>\n<p>La siguiente cita de los foros de barrio es en Iturrama, el jueves 20 de febrero, y ya est\u00e1 abierto el plazo para que la ciudadan\u00eda presente aportaciones, consultas y sugerencias, hasta el lunes 17 de febrero, de forma telem\u00e1tica en la web <a href=\"https:\/\/decide.pamplona.es\/assemblies\/FBArrosadiaMilagrosaAzpilagana\/f\/295\/\" target=\"_blank\" rel=\"noopener\">Decide Pamplona<\/a> o en el correo <a href=\"mailto:foros@pamplona.es\">foros@pamplona.es<\/a>. Para m\u00e1s informaci\u00f3n se puede consultar el tel\u00e9fono de Zentro Espacio Colaborativo, 948 420 266.<\/p>\n<p>El Foro de Barrio de Iturrama se acompa\u00f1a de la exposici\u00f3n Marca Ciudad (Pamplona=bagara-Iru\u00f1a=de verdad), junto a otras iniciativas municipales para 2025, del 17 al 22 de febrero en Civivox Iturrama. El martes 18 se realizar\u00e1 un paseo por el barrio, de 17.30 a 18.30 horas, con punto de partida en el Centro Comunitario San Juan Bosco, situado en la Calle San Juan Bosco 15; el paseo incluye visita a la Asociaci\u00f3n Atariandia y los Caminos escolares seguros de Ikastola Amaiur. El mi\u00e9rcoles por la tarde, a las 19 horas, hay sesi\u00f3n de Iturraman Kantuz, empezando en la plaza F\u00e9lix Huarte junto al Civivox.<\/p>\n<p>Estas actividades culminan en el foro de barrio propiamente, que se celebra en la Sala de conferencias de Civivox Iturrama, a las 18.30, y en el que se presentar\u00e1n, entre otros servicios municipales, la Oficina de mediaci\u00f3n comunitaria, Plaza On (Red municipal de voluntariado de Pamplona), Casa la Juventud y Receta deportivo social. Entre los proyectos comunitarios, se abordar\u00e1 la Comunidad energ\u00e9tica Iturrama-San Juan. En el foro participa el concejal de barrio, Javier Leoz Sanz, y la concejala de Participaci\u00f3n Ciudadana, Aitziber Campi\u00f3n Ganboa. El foro infantil tendr\u00e1 lugar de 17 a 19 horas en el Colegio P\u00fablico Iturrama. Las conclusiones del Txikien Foroa se presentar\u00e1n en la parte final del foro.<\/p>\n<p>&nbsp;<\/p>\n<h3>Foro de Barrio de Milagrosa, Azpilaga\u00f1a y Santa Mar\u00eda la Real<\/h3>\n<ul>\n<li>Del 10 al 15 de febrero:\n<ul>\n<li>Exposici\u00f3n itinerante. Marca Pamplona e iniciativas municipales. En Civivox Milagrosa<\/li>\n<\/ul>\n<\/li>\n<li>Mi\u00e9rcoles 12 de febrero:\n<ul>\n<li>Actuaci\u00f3n de Tinkus San Sim\u00f3n. 18 horas. Plaza Alfredo Florist\u00e1n (en caso de lluvia, front\u00f3n ikastola Hegoalde)<\/li>\n<\/ul>\n<\/li>\n<li>Jueves 13 de febrero:\n<ul>\n<li><strong>Foro de Barrio<\/strong>. A las 18.30 horas. Ikastola Hegoalde (gimnasio)<\/li>\n<li><strong>Foro Txiki<\/strong>. A las 18.30 horas. Ikastola Hegoalde (aula contigua al gimnasio)<\/li>\n<\/ul>\n<\/li>\n<\/ul>\n<p>&nbsp;<\/p>\n<h3>Foro de barrio de Iturrama<\/h3>\n<ul>\n<li>Del 17 al 24 de febrero:\n<ul>\n<li>Exposici\u00f3n itinerante. Marca Pamplona e iniciativas municipales. En Civivox Iturrama<\/li>\n<\/ul>\n<\/li>\n<li>Martes 18 de febrero:\n<ul>\n<li>Paseo por el barrio. De 17.30 a 18.30 horas. El paseo comienza en el Centro Comunitario San Juan Bosco, situado en la Calle San Juan Bosco 15, e incluye visita a la Asociaci\u00f3n Atariandia y los Caminos escolares seguros de Ikastola Amaiur<\/li>\n<\/ul>\n<\/li>\n<li>Mi\u00e9rcoles 19 de febrero:\n<ul>\n<li>Sesi\u00f3n de Iturraman Kantuz, a las 19 horas. En la calle, empezando en la plaza F\u00e9lix Huarte junto al Civivox<\/li>\n<\/ul>\n<\/li>\n<li>Jueves 20 de febrero:\n<ul>\n<li><strong>Foro de Barrio<\/strong>. A las 18.30 horas. Civivox Iturrama (Sala de conferencias)<\/li>\n<li><strong>Foro Txiki<\/strong>. De 17 a 19 horas, en el Colegio P\u00fablico Iturrama<\/li>\n<\/ul>\n<\/li>\n<\/ul>\n","protected":false},"excerpt":{"rendered":"<p>Abierto el plazo para presentar propuestas y sugerencias al siguiente foro, el de Iturrama, que se celebra la pr\u00f3xima semana en Civivox Iturrama<\/p>\n","protected":false},"author":1,"featured_media":52071,"comment_status":"open","ping_status":"closed","sticky":false,"template":"","format":"standard","meta":{"footnotes":""},"categories":[2],"tags":[],"class_list":["post-52070","post","type-post","status-publish","format-standard","has-post-thumbnail","hentry","category-ayuntamiento-pamplona"],"yoast_head":"<!-- This site is optimized with the Yoast SEO plugin v27.3 - https:\/\/yoast.com\/product\/yoast-seo-wordpress\/ -->\n<title>Hegoalde Ikastola acoge este jueves, a las 18.30, el Foro de Barrio de Arrosad\u00eda, Milagrosa, Azpilaga\u00f1a y Santa Mar\u00eda la Real<\/title>\n<meta name=\"description\" content=\"Abierto el plazo para presentar propuestas y sugerencias al siguiente foro, el de Iturrama, que se celebra la pr\u00f3xima semana en Civivox Iturrama\" \/>\n<meta name=\"robots\" content=\"index, follow, max-snippet:-1, max-image-preview:large, max-video-preview:-1\" \/>\n<link rel=\"canonical\" href=\"https:\/\/www.laguiadepamplona.com\/actualidad\/hegoalde-ikastola-acoge-este-jueves-a-las-18-30-el-foro-de-barrio-de-arrosadia-milagrosa-azpilagana-y-santa-maria-la-real\/\" \/>\n<meta property=\"og:locale\" content=\"es_ES\" \/>\n<meta property=\"og:type\" content=\"article\" \/>\n<meta property=\"og:title\" content=\"Hegoalde Ikastola acoge este jueves, a las 18.30, el Foro de Barrio de Arrosad\u00eda, Milagrosa, Azpilaga\u00f1a y Santa Mar\u00eda la Real\" \/>\n<meta property=\"og:description\" content=\"Abierto el plazo para presentar propuestas y sugerencias al siguiente foro, el de Iturrama, que se celebra la pr\u00f3xima semana en Civivox Iturrama\" \/>\n<meta property=\"og:url\" content=\"https:\/\/www.laguiadepamplona.com\/actualidad\/hegoalde-ikastola-acoge-este-jueves-a-las-18-30-el-foro-de-barrio-de-arrosadia-milagrosa-azpilagana-y-santa-maria-la-real\/\" \/>\n<meta property=\"og:site_name\" content=\"La Gu\u00eda de Pamplona\" \/>\n<meta property=\"article:publisher\" content=\"https:\/\/www.facebook.com\/laguiadepamplonacom-133175176762273\/?ref=hl\" \/>\n<meta property=\"article:published_time\" content=\"2025-02-12T15:17:57+00:00\" \/>\n<meta property=\"og:image\" content=\"https:\/\/www.laguiadepamplona.com\/actualidad\/wp-content\/uploads\/2025\/02\/paseobarriodemilagrosaazpilaganaysantamarialareal1_0.webp\" \/>\n\t<meta property=\"og:image:width\" content=\"1000\" \/>\n\t<meta property=\"og:image:height\" content=\"666\" \/>\n\t<meta property=\"og:image:type\" content=\"image\/webp\" \/>\n<meta name=\"author\" content=\"La Gu\u00eda de Pamplona\" \/>\n<meta name=\"twitter:card\" content=\"summary_large_image\" \/>\n<meta name=\"twitter:creator\" content=\"@LaGuiadPamplona\" \/>\n<meta name=\"twitter:site\" content=\"@LaGuiadPamplona\" \/>\n<meta name=\"twitter:label1\" content=\"Escrito por\" \/>\n\t<meta name=\"twitter:data1\" content=\"La Gu\u00eda de Pamplona\" \/>\n\t<meta name=\"twitter:label2\" content=\"Tiempo de lectura\" \/>\n\t<meta name=\"twitter:data2\" content=\"4 minutos\" \/>\n<script type=\"application\/ld+json\" class=\"yoast-schema-graph\">{\"@context\":\"https:\\\/\\\/schema.org\",\"@graph\":[{\"@type\":\"Article\",\"@id\":\"https:\\\/\\\/www.laguiadepamplona.com\\\/actualidad\\\/hegoalde-ikastola-acoge-este-jueves-a-las-18-30-el-foro-de-barrio-de-arrosadia-milagrosa-azpilagana-y-santa-maria-la-real\\\/#article\",\"isPartOf\":{\"@id\":\"https:\\\/\\\/www.laguiadepamplona.com\\\/actualidad\\\/hegoalde-ikastola-acoge-este-jueves-a-las-18-30-el-foro-de-barrio-de-arrosadia-milagrosa-azpilagana-y-santa-maria-la-real\\\/\"},\"author\":{\"name\":\"La Gu\u00eda de Pamplona\",\"@id\":\"https:\\\/\\\/www.laguiadepamplona.com\\\/actualidad\\\/#\\\/schema\\\/person\\\/efe887376f0213d4657c93adc50b1fdb\"},\"headline\":\"Hegoalde Ikastola acoge este jueves, a las 18.30, el Foro de Barrio de Arrosad\u00eda, Milagrosa, Azpilaga\u00f1a y Santa Mar\u00eda la Real\",\"datePublished\":\"2025-02-12T15:17:57+00:00\",\"mainEntityOfPage\":{\"@id\":\"https:\\\/\\\/www.laguiadepamplona.com\\\/actualidad\\\/hegoalde-ikastola-acoge-este-jueves-a-las-18-30-el-foro-de-barrio-de-arrosadia-milagrosa-azpilagana-y-santa-maria-la-real\\\/\"},\"wordCount\":837,\"commentCount\":0,\"publisher\":{\"@id\":\"https:\\\/\\\/www.laguiadepamplona.com\\\/actualidad\\\/#organization\"},\"image\":{\"@id\":\"https:\\\/\\\/www.laguiadepamplona.com\\\/actualidad\\\/hegoalde-ikastola-acoge-este-jueves-a-las-18-30-el-foro-de-barrio-de-arrosadia-milagrosa-azpilagana-y-santa-maria-la-real\\\/#primaryimage\"},\"thumbnailUrl\":\"https:\\\/\\\/www.laguiadepamplona.com\\\/actualidad\\\/wp-content\\\/uploads\\\/2025\\\/02\\\/paseobarriodemilagrosaazpilaganaysantamarialareal1_0.webp\",\"articleSection\":[\"Ayto Pamplona\"],\"inLanguage\":\"es\",\"potentialAction\":[{\"@type\":\"CommentAction\",\"name\":\"Comment\",\"target\":[\"https:\\\/\\\/www.laguiadepamplona.com\\\/actualidad\\\/hegoalde-ikastola-acoge-este-jueves-a-las-18-30-el-foro-de-barrio-de-arrosadia-milagrosa-azpilagana-y-santa-maria-la-real\\\/#respond\"]}]},{\"@type\":\"WebPage\",\"@id\":\"https:\\\/\\\/www.laguiadepamplona.com\\\/actualidad\\\/hegoalde-ikastola-acoge-este-jueves-a-las-18-30-el-foro-de-barrio-de-arrosadia-milagrosa-azpilagana-y-santa-maria-la-real\\\/\",\"url\":\"https:\\\/\\\/www.laguiadepamplona.com\\\/actualidad\\\/hegoalde-ikastola-acoge-este-jueves-a-las-18-30-el-foro-de-barrio-de-arrosadia-milagrosa-azpilagana-y-santa-maria-la-real\\\/\",\"name\":\"Hegoalde Ikastola acoge este jueves, a las 18.30, el Foro de Barrio de Arrosad\u00eda, Milagrosa, Azpilaga\u00f1a y Santa Mar\u00eda la Real\",\"isPartOf\":{\"@id\":\"https:\\\/\\\/www.laguiadepamplona.com\\\/actualidad\\\/#website\"},\"primaryImageOfPage\":{\"@id\":\"https:\\\/\\\/www.laguiadepamplona.com\\\/actualidad\\\/hegoalde-ikastola-acoge-este-jueves-a-las-18-30-el-foro-de-barrio-de-arrosadia-milagrosa-azpilagana-y-santa-maria-la-real\\\/#primaryimage\"},\"image\":{\"@id\":\"https:\\\/\\\/www.laguiadepamplona.com\\\/actualidad\\\/hegoalde-ikastola-acoge-este-jueves-a-las-18-30-el-foro-de-barrio-de-arrosadia-milagrosa-azpilagana-y-santa-maria-la-real\\\/#primaryimage\"},\"thumbnailUrl\":\"https:\\\/\\\/www.laguiadepamplona.com\\\/actualidad\\\/wp-content\\\/uploads\\\/2025\\\/02\\\/paseobarriodemilagrosaazpilaganaysantamarialareal1_0.webp\",\"datePublished\":\"2025-02-12T15:17:57+00:00\",\"description\":\"Abierto el plazo para presentar propuestas y sugerencias al siguiente foro, el de Iturrama, que se celebra la pr\u00f3xima semana en Civivox Iturrama\",\"breadcrumb\":{\"@id\":\"https:\\\/\\\/www.laguiadepamplona.com\\\/actualidad\\\/hegoalde-ikastola-acoge-este-jueves-a-las-18-30-el-foro-de-barrio-de-arrosadia-milagrosa-azpilagana-y-santa-maria-la-real\\\/#breadcrumb\"},\"inLanguage\":\"es\",\"potentialAction\":[{\"@type\":\"ReadAction\",\"target\":[\"https:\\\/\\\/www.laguiadepamplona.com\\\/actualidad\\\/hegoalde-ikastola-acoge-este-jueves-a-las-18-30-el-foro-de-barrio-de-arrosadia-milagrosa-azpilagana-y-santa-maria-la-real\\\/\"]}]},{\"@type\":\"ImageObject\",\"inLanguage\":\"es\",\"@id\":\"https:\\\/\\\/www.laguiadepamplona.com\\\/actualidad\\\/hegoalde-ikastola-acoge-este-jueves-a-las-18-30-el-foro-de-barrio-de-arrosadia-milagrosa-azpilagana-y-santa-maria-la-real\\\/#primaryimage\",\"url\":\"https:\\\/\\\/www.laguiadepamplona.com\\\/actualidad\\\/wp-content\\\/uploads\\\/2025\\\/02\\\/paseobarriodemilagrosaazpilaganaysantamarialareal1_0.webp\",\"contentUrl\":\"https:\\\/\\\/www.laguiadepamplona.com\\\/actualidad\\\/wp-content\\\/uploads\\\/2025\\\/02\\\/paseobarriodemilagrosaazpilaganaysantamarialareal1_0.webp\",\"width\":1000,\"height\":666,\"caption\":\"paseo barrio de milagrosa\"},{\"@type\":\"BreadcrumbList\",\"@id\":\"https:\\\/\\\/www.laguiadepamplona.com\\\/actualidad\\\/hegoalde-ikastola-acoge-este-jueves-a-las-18-30-el-foro-de-barrio-de-arrosadia-milagrosa-azpilagana-y-santa-maria-la-real\\\/#breadcrumb\",\"itemListElement\":[{\"@type\":\"ListItem\",\"position\":1,\"name\":\"Portada\",\"item\":\"https:\\\/\\\/www.laguiadepamplona.com\\\/actualidad\\\/\"},{\"@type\":\"ListItem\",\"position\":2,\"name\":\"Hegoalde Ikastola acoge este jueves, a las 18.30, el Foro de Barrio de Arrosad\u00eda, Milagrosa, Azpilaga\u00f1a y Santa Mar\u00eda la Real\"}]},{\"@type\":\"WebSite\",\"@id\":\"https:\\\/\\\/www.laguiadepamplona.com\\\/actualidad\\\/#website\",\"url\":\"https:\\\/\\\/www.laguiadepamplona.com\\\/actualidad\\\/\",\"name\":\"La gu\u00eda de Pamplona\",\"description\":\"Noticias de Pamplona\",\"publisher\":{\"@id\":\"https:\\\/\\\/www.laguiadepamplona.com\\\/actualidad\\\/#organization\"},\"potentialAction\":[{\"@type\":\"SearchAction\",\"target\":{\"@type\":\"EntryPoint\",\"urlTemplate\":\"https:\\\/\\\/www.laguiadepamplona.com\\\/actualidad\\\/?s={search_term_string}\"},\"query-input\":{\"@type\":\"PropertyValueSpecification\",\"valueRequired\":true,\"valueName\":\"search_term_string\"}}],\"inLanguage\":\"es\"},{\"@type\":\"Organization\",\"@id\":\"https:\\\/\\\/www.laguiadepamplona.com\\\/actualidad\\\/#organization\",\"name\":\"La Gu\u00eda de Pamplona \\\/ Noticias\",\"url\":\"https:\\\/\\\/www.laguiadepamplona.com\\\/actualidad\\\/\",\"logo\":{\"@type\":\"ImageObject\",\"inLanguage\":\"es\",\"@id\":\"https:\\\/\\\/www.laguiadepamplona.com\\\/actualidad\\\/#\\\/schema\\\/logo\\\/image\\\/\",\"url\":\"https:\\\/\\\/www.laguiadepamplona.com\\\/actualidad\\\/wp-content\\\/uploads\\\/2018\\\/11\\\/logo-laguiadepamplona18-web1.png\",\"contentUrl\":\"https:\\\/\\\/www.laguiadepamplona.com\\\/actualidad\\\/wp-content\\\/uploads\\\/2018\\\/11\\\/logo-laguiadepamplona18-web1.png\",\"width\":600,\"height\":196,\"caption\":\"La Gu\u00eda de Pamplona \\\/ Noticias\"},\"image\":{\"@id\":\"https:\\\/\\\/www.laguiadepamplona.com\\\/actualidad\\\/#\\\/schema\\\/logo\\\/image\\\/\"},\"sameAs\":[\"https:\\\/\\\/www.facebook.com\\\/laguiadepamplonacom-133175176762273\\\/?ref=hl\",\"https:\\\/\\\/x.com\\\/LaGuiadPamplona\",\"https:\\\/\\\/www.instagram.com\\\/la_guia_de_pamplona\\\/\",\"https:\\\/\\\/www.youtube.com\\\/user\\\/laguiadepamplona\"]},{\"@type\":\"Person\",\"@id\":\"https:\\\/\\\/www.laguiadepamplona.com\\\/actualidad\\\/#\\\/schema\\\/person\\\/efe887376f0213d4657c93adc50b1fdb\",\"name\":\"La Gu\u00eda de Pamplona\",\"image\":{\"@type\":\"ImageObject\",\"inLanguage\":\"es\",\"@id\":\"https:\\\/\\\/secure.gravatar.com\\\/avatar\\\/b6992f131dc8d30ab0dff15446e9d346d9dbd95992de0fef795073f5ea83a81c?s=96&d=mm&r=g\",\"url\":\"https:\\\/\\\/secure.gravatar.com\\\/avatar\\\/b6992f131dc8d30ab0dff15446e9d346d9dbd95992de0fef795073f5ea83a81c?s=96&d=mm&r=g\",\"contentUrl\":\"https:\\\/\\\/secure.gravatar.com\\\/avatar\\\/b6992f131dc8d30ab0dff15446e9d346d9dbd95992de0fef795073f5ea83a81c?s=96&d=mm&r=g\",\"caption\":\"La Gu\u00eda de Pamplona\"}}]}<\/script>\n<!-- \/ Yoast SEO plugin. -->","yoast_head_json":{"title":"Hegoalde Ikastola acoge este jueves, a las 18.30, el Foro de Barrio de Arrosad\u00eda, Milagrosa, Azpilaga\u00f1a y Santa Mar\u00eda la Real","description":"Abierto el plazo para presentar propuestas y sugerencias al siguiente foro, el de Iturrama, que se celebra la pr\u00f3xima semana en Civivox Iturrama","robots":{"index":"index","follow":"follow","max-snippet":"max-snippet:-1","max-image-preview":"max-image-preview:large","max-video-preview":"max-video-preview:-1"},"canonical":"https:\/\/www.laguiadepamplona.com\/actualidad\/hegoalde-ikastola-acoge-este-jueves-a-las-18-30-el-foro-de-barrio-de-arrosadia-milagrosa-azpilagana-y-santa-maria-la-real\/","og_locale":"es_ES","og_type":"article","og_title":"Hegoalde Ikastola acoge este jueves, a las 18.30, el Foro de Barrio de Arrosad\u00eda, Milagrosa, Azpilaga\u00f1a y Santa Mar\u00eda la Real","og_description":"Abierto el plazo para presentar propuestas y sugerencias al siguiente foro, el de Iturrama, que se celebra la pr\u00f3xima semana en Civivox Iturrama","og_url":"https:\/\/www.laguiadepamplona.com\/actualidad\/hegoalde-ikastola-acoge-este-jueves-a-las-18-30-el-foro-de-barrio-de-arrosadia-milagrosa-azpilagana-y-santa-maria-la-real\/","og_site_name":"La Gu\u00eda de Pamplona","article_publisher":"https:\/\/www.facebook.com\/laguiadepamplonacom-133175176762273\/?ref=hl","article_published_time":"2025-02-12T15:17:57+00:00","og_image":[{"width":1000,"height":666,"url":"https:\/\/www.laguiadepamplona.com\/actualidad\/wp-content\/uploads\/2025\/02\/paseobarriodemilagrosaazpilaganaysantamarialareal1_0.webp","type":"image\/webp"}],"author":"La Gu\u00eda de Pamplona","twitter_card":"summary_large_image","twitter_creator":"@LaGuiadPamplona","twitter_site":"@LaGuiadPamplona","twitter_misc":{"Escrito por":"La Gu\u00eda de Pamplona","Tiempo de lectura":"4 minutos"},"schema":{"@context":"https:\/\/schema.org","@graph":[{"@type":"Article","@id":"https:\/\/www.laguiadepamplona.com\/actualidad\/hegoalde-ikastola-acoge-este-jueves-a-las-18-30-el-foro-de-barrio-de-arrosadia-milagrosa-azpilagana-y-santa-maria-la-real\/#article","isPartOf":{"@id":"https:\/\/www.laguiadepamplona.com\/actualidad\/hegoalde-ikastola-acoge-este-jueves-a-las-18-30-el-foro-de-barrio-de-arrosadia-milagrosa-azpilagana-y-santa-maria-la-real\/"},"author":{"name":"La Gu\u00eda de Pamplona","@id":"https:\/\/www.laguiadepamplona.com\/actualidad\/#\/schema\/person\/efe887376f0213d4657c93adc50b1fdb"},"headline":"Hegoalde Ikastola acoge este jueves, a las 18.30, el Foro de Barrio de Arrosad\u00eda, Milagrosa, Azpilaga\u00f1a y Santa Mar\u00eda la Real","datePublished":"2025-02-12T15:17:57+00:00","mainEntityOfPage":{"@id":"https:\/\/www.laguiadepamplona.com\/actualidad\/hegoalde-ikastola-acoge-este-jueves-a-las-18-30-el-foro-de-barrio-de-arrosadia-milagrosa-azpilagana-y-santa-maria-la-real\/"},"wordCount":837,"commentCount":0,"publisher":{"@id":"https:\/\/www.laguiadepamplona.com\/actualidad\/#organization"},"image":{"@id":"https:\/\/www.laguiadepamplona.com\/actualidad\/hegoalde-ikastola-acoge-este-jueves-a-las-18-30-el-foro-de-barrio-de-arrosadia-milagrosa-azpilagana-y-santa-maria-la-real\/#primaryimage"},"thumbnailUrl":"https:\/\/www.laguiadepamplona.com\/actualidad\/wp-content\/uploads\/2025\/02\/paseobarriodemilagrosaazpilaganaysantamarialareal1_0.webp","articleSection":["Ayto Pamplona"],"inLanguage":"es","potentialAction":[{"@type":"CommentAction","name":"Comment","target":["https:\/\/www.laguiadepamplona.com\/actualidad\/hegoalde-ikastola-acoge-este-jueves-a-las-18-30-el-foro-de-barrio-de-arrosadia-milagrosa-azpilagana-y-santa-maria-la-real\/#respond"]}]},{"@type":"WebPage","@id":"https:\/\/www.laguiadepamplona.com\/actualidad\/hegoalde-ikastola-acoge-este-jueves-a-las-18-30-el-foro-de-barrio-de-arrosadia-milagrosa-azpilagana-y-santa-maria-la-real\/","url":"https:\/\/www.laguiadepamplona.com\/actualidad\/hegoalde-ikastola-acoge-este-jueves-a-las-18-30-el-foro-de-barrio-de-arrosadia-milagrosa-azpilagana-y-santa-maria-la-real\/","name":"Hegoalde Ikastola acoge este jueves, a las 18.30, el Foro de Barrio de Arrosad\u00eda, Milagrosa, Azpilaga\u00f1a y Santa Mar\u00eda la Real","isPartOf":{"@id":"https:\/\/www.laguiadepamplona.com\/actualidad\/#website"},"primaryImageOfPage":{"@id":"https:\/\/www.laguiadepamplona.com\/actualidad\/hegoalde-ikastola-acoge-este-jueves-a-las-18-30-el-foro-de-barrio-de-arrosadia-milagrosa-azpilagana-y-santa-maria-la-real\/#primaryimage"},"image":{"@id":"https:\/\/www.laguiadepamplona.com\/actualidad\/hegoalde-ikastola-acoge-este-jueves-a-las-18-30-el-foro-de-barrio-de-arrosadia-milagrosa-azpilagana-y-santa-maria-la-real\/#primaryimage"},"thumbnailUrl":"https:\/\/www.laguiadepamplona.com\/actualidad\/wp-content\/uploads\/2025\/02\/paseobarriodemilagrosaazpilaganaysantamarialareal1_0.webp","datePublished":"2025-02-12T15:17:57+00:00","description":"Abierto el plazo para presentar propuestas y sugerencias al siguiente foro, el de Iturrama, que se celebra la pr\u00f3xima semana en Civivox Iturrama","breadcrumb":{"@id":"https:\/\/www.laguiadepamplona.com\/actualidad\/hegoalde-ikastola-acoge-este-jueves-a-las-18-30-el-foro-de-barrio-de-arrosadia-milagrosa-azpilagana-y-santa-maria-la-real\/#breadcrumb"},"inLanguage":"es","potentialAction":[{"@type":"ReadAction","target":["https:\/\/www.laguiadepamplona.com\/actualidad\/hegoalde-ikastola-acoge-este-jueves-a-las-18-30-el-foro-de-barrio-de-arrosadia-milagrosa-azpilagana-y-santa-maria-la-real\/"]}]},{"@type":"ImageObject","inLanguage":"es","@id":"https:\/\/www.laguiadepamplona.com\/actualidad\/hegoalde-ikastola-acoge-este-jueves-a-las-18-30-el-foro-de-barrio-de-arrosadia-milagrosa-azpilagana-y-santa-maria-la-real\/#primaryimage","url":"https:\/\/www.laguiadepamplona.com\/actualidad\/wp-content\/uploads\/2025\/02\/paseobarriodemilagrosaazpilaganaysantamarialareal1_0.webp","contentUrl":"https:\/\/www.laguiadepamplona.com\/actualidad\/wp-content\/uploads\/2025\/02\/paseobarriodemilagrosaazpilaganaysantamarialareal1_0.webp","width":1000,"height":666,"caption":"paseo barrio de milagrosa"},{"@type":"BreadcrumbList","@id":"https:\/\/www.laguiadepamplona.com\/actualidad\/hegoalde-ikastola-acoge-este-jueves-a-las-18-30-el-foro-de-barrio-de-arrosadia-milagrosa-azpilagana-y-santa-maria-la-real\/#breadcrumb","itemListElement":[{"@type":"ListItem","position":1,"name":"Portada","item":"https:\/\/www.laguiadepamplona.com\/actualidad\/"},{"@type":"ListItem","position":2,"name":"Hegoalde Ikastola acoge este jueves, a las 18.30, el Foro de Barrio de Arrosad\u00eda, Milagrosa, Azpilaga\u00f1a y Santa Mar\u00eda la Real"}]},{"@type":"WebSite","@id":"https:\/\/www.laguiadepamplona.com\/actualidad\/#website","url":"https:\/\/www.laguiadepamplona.com\/actualidad\/","name":"La gu\u00eda de Pamplona","description":"Noticias de Pamplona","publisher":{"@id":"https:\/\/www.laguiadepamplona.com\/actualidad\/#organization"},"potentialAction":[{"@type":"SearchAction","target":{"@type":"EntryPoint","urlTemplate":"https:\/\/www.laguiadepamplona.com\/actualidad\/?s={search_term_string}"},"query-input":{"@type":"PropertyValueSpecification","valueRequired":true,"valueName":"search_term_string"}}],"inLanguage":"es"},{"@type":"Organization","@id":"https:\/\/www.laguiadepamplona.com\/actualidad\/#organization","name":"La Gu\u00eda de Pamplona \/ Noticias","url":"https:\/\/www.laguiadepamplona.com\/actualidad\/","logo":{"@type":"ImageObject","inLanguage":"es","@id":"https:\/\/www.laguiadepamplona.com\/actualidad\/#\/schema\/logo\/image\/","url":"https:\/\/www.laguiadepamplona.com\/actualidad\/wp-content\/uploads\/2018\/11\/logo-laguiadepamplona18-web1.png","contentUrl":"https:\/\/www.laguiadepamplona.com\/actualidad\/wp-content\/uploads\/2018\/11\/logo-laguiadepamplona18-web1.png","width":600,"height":196,"caption":"La Gu\u00eda de Pamplona \/ Noticias"},"image":{"@id":"https:\/\/www.laguiadepamplona.com\/actualidad\/#\/schema\/logo\/image\/"},"sameAs":["https:\/\/www.facebook.com\/laguiadepamplonacom-133175176762273\/?ref=hl","https:\/\/x.com\/LaGuiadPamplona","https:\/\/www.instagram.com\/la_guia_de_pamplona\/","https:\/\/www.youtube.com\/user\/laguiadepamplona"]},{"@type":"Person","@id":"https:\/\/www.laguiadepamplona.com\/actualidad\/#\/schema\/person\/efe887376f0213d4657c93adc50b1fdb","name":"La Gu\u00eda de Pamplona","image":{"@type":"ImageObject","inLanguage":"es","@id":"https:\/\/secure.gravatar.com\/avatar\/b6992f131dc8d30ab0dff15446e9d346d9dbd95992de0fef795073f5ea83a81c?s=96&d=mm&r=g","url":"https:\/\/secure.gravatar.com\/avatar\/b6992f131dc8d30ab0dff15446e9d346d9dbd95992de0fef795073f5ea83a81c?s=96&d=mm&r=g","contentUrl":"https:\/\/secure.gravatar.com\/avatar\/b6992f131dc8d30ab0dff15446e9d346d9dbd95992de0fef795073f5ea83a81c?s=96&d=mm&r=g","caption":"La Gu\u00eda de Pamplona"}}]}},"post_mailing_queue_ids":[],"_links":{"self":[{"href":"https:\/\/www.laguiadepamplona.com\/actualidad\/wp-json\/wp\/v2\/posts\/52070","targetHints":{"allow":["GET"]}}],"collection":[{"href":"https:\/\/www.laguiadepamplona.com\/actualidad\/wp-json\/wp\/v2\/posts"}],"about":[{"href":"https:\/\/www.laguiadepamplona.com\/actualidad\/wp-json\/wp\/v2\/types\/post"}],"author":[{"embeddable":true,"href":"https:\/\/www.laguiadepamplona.com\/actualidad\/wp-json\/wp\/v2\/users\/1"}],"replies":[{"embeddable":true,"href":"https:\/\/www.laguiadepamplona.com\/actualidad\/wp-json\/wp\/v2\/comments?post=52070"}],"version-history":[{"count":1,"href":"https:\/\/www.laguiadepamplona.com\/actualidad\/wp-json\/wp\/v2\/posts\/52070\/revisions"}],"predecessor-version":[{"id":52072,"href":"https:\/\/www.laguiadepamplona.com\/actualidad\/wp-json\/wp\/v2\/posts\/52070\/revisions\/52072"}],"wp:featuredmedia":[{"embeddable":true,"href":"https:\/\/www.laguiadepamplona.com\/actualidad\/wp-json\/wp\/v2\/media\/52071"}],"wp:attachment":[{"href":"https:\/\/www.laguiadepamplona.com\/actualidad\/wp-json\/wp\/v2\/media?parent=52070"}],"wp:term":[{"taxonomy":"category","embeddable":true,"href":"https:\/\/www.laguiadepamplona.com\/actualidad\/wp-json\/wp\/v2\/categories?post=52070"},{"taxonomy":"post_tag","embeddable":true,"href":"https:\/\/www.laguiadepamplona.com\/actualidad\/wp-json\/wp\/v2\/tags?post=52070"}],"curies":[{"name":"wp","href":"https:\/\/api.w.org\/{rel}","templated":true}]}}