{"id":52067,"date":"2025-02-11T16:39:10","date_gmt":"2025-02-11T14:39:10","guid":{"rendered":"https:\/\/www.laguiadepamplona.com\/actualidad\/?p=52067"},"modified":"2025-02-11T16:39:10","modified_gmt":"2025-02-11T14:39:10","slug":"el-alcalde-de-pamplona-participa-en-la-tercera-edicion-de-los-encuentros-transfronterizos-de-bayona-para-analizar-el-modelo-de-los-festejos-de-ciudad","status":"publish","type":"post","link":"https:\/\/www.laguiadepamplona.com\/actualidad\/el-alcalde-de-pamplona-participa-en-la-tercera-edicion-de-los-encuentros-transfronterizos-de-bayona-para-analizar-el-modelo-de-los-festejos-de-ciudad\/","title":{"rendered":"El alcalde de Pamplona participa en la tercera edici\u00f3n de los Encuentros Transfronterizos de Bayona para analizar el modelo de los festejos de ciudad"},"content":{"rendered":"<h3>Estos encuentros quieren promover la cooperaci\u00f3n interregional en aspectos de inter\u00e9s com\u00fan<\/h3>\n<p><!--more--><\/p>\n<p>El alcalde de Pamplona, Joseba Asiron Saez, participa ma\u00f1ana mi\u00e9rcoles en la tercera edici\u00f3n de los Encuentros Transfronterizos que organiza el Ayuntamiento de Bayona. Asiron compartir\u00e1 mesa con representantes municipales de San Sebasti\u00e1n, Bilbao, Vitoria-Gasteiz y Bayona, para abordar la celebraci\u00f3n de las fiestas locales y el modelo que habr\u00eda que seguir en el futuro.<\/p>\n<p>El encuentro coincide con el 35 aniversario del programa Interreg, que promov\u00eda la cooperaci\u00f3n transfronteriza de regiones colindantes. Este programa ha servido para estrechar lazos entre Navarra, Pa\u00eds Vasco, Arag\u00f3n y Francia. La jornada, que se desarrolla durante todo el d\u00eda, abordar\u00e1 aspectos como la descentralizaci\u00f3n como base para construir Europa, la personalidad europea, las herramientas de cooperaci\u00f3n para crear una monta\u00f1a viva y la organizaci\u00f3n de festejos populares.<\/p>\n<p>Es precisamente en esta \u00faltima mesa redonda en la que participar\u00e1 el alcalde de Pamplona, dentro de la relaci\u00f3n de hermanamiento con Bayona. La mesa redonda contar\u00e1 tambi\u00e9n con los alcaldes de San Sebasti\u00e1n, Eneko Goia; de Bilbao, Juan Mar\u00eda Aburto; y de Bayona, Jean-Ren\u00e9 Etchegaray, adem\u00e1s de la ex ministra y primera teniente de alcaldesa del Ayuntamiento de Vitoria-Gasteiz, Beatriz Artolazabal Alb\u00e9niz. En ese foro se hablar\u00e1 de los Sanfermines, la Semana Grande de San Sebasti\u00e1n y de Bilbao, las fiestas de la Virgen Blanca de Vitoria-Gasteiz y las fiestas de Bayona; todos ellos eventos que atraen a miles de personas, no solo locales, sino tambi\u00e9n for\u00e1neas y extranjeras.<\/p>\n<p>La mesa redonda servir\u00e1 para analizar la evoluci\u00f3n de estos festejos para adecuarlos a las nuevas demandas y exigencias de la sociedad. El alcalde Asiron plasmar\u00e1 las claves del \u00e9xito del modelo de los Sanfermines, y ahondar\u00e1 en los cambios que ha sufrido el modelo festivo en las \u00faltimas d\u00e9cadas, as\u00ed como los retos del futuro. El soci\u00f3logo y profesor de Sociolog\u00eda en la Universidad de la Sorbona, Philippe Steiner, ofrecer\u00e1 la charla \u2018Hacer fiesta: sociolog\u00eda de la alegr\u00eda\u2019, como paso previo al debate.<\/p>\n","protected":false},"excerpt":{"rendered":"<p>Estos encuentros quieren promover la cooperaci\u00f3n interregional en aspectos de inter\u00e9s com\u00fan<\/p>\n","protected":false},"author":1,"featured_media":52068,"comment_status":"open","ping_status":"closed","sticky":false,"template":"","format":"standard","meta":{"footnotes":""},"categories":[2],"tags":[],"class_list":["post-52067","post","type-post","status-publish","format-standard","has-post-thumbnail","hentry","category-ayuntamiento-pamplona"],"yoast_head":"<!-- This site is optimized with the Yoast SEO plugin v27.3 - https:\/\/yoast.com\/product\/yoast-seo-wordpress\/ -->\n<title>El alcalde de Pamplona participa en la tercera edici\u00f3n de los Encuentros Transfronterizos de Bayona para analizar el modelo de los festejos de ciudad<\/title>\n<meta name=\"description\" content=\"Estos encuentros quieren promover la cooperaci\u00f3n interregional en aspectos de inter\u00e9s com\u00fan\" \/>\n<meta name=\"robots\" content=\"index, follow, max-snippet:-1, max-image-preview:large, max-video-preview:-1\" \/>\n<link rel=\"canonical\" href=\"https:\/\/www.laguiadepamplona.com\/actualidad\/el-alcalde-de-pamplona-participa-en-la-tercera-edicion-de-los-encuentros-transfronterizos-de-bayona-para-analizar-el-modelo-de-los-festejos-de-ciudad\/\" \/>\n<meta property=\"og:locale\" content=\"es_ES\" \/>\n<meta property=\"og:type\" content=\"article\" \/>\n<meta property=\"og:title\" content=\"El alcalde de Pamplona participa en la tercera edici\u00f3n de los Encuentros Transfronterizos de Bayona para analizar el modelo de los festejos de ciudad\" \/>\n<meta property=\"og:description\" content=\"Estos encuentros quieren promover la cooperaci\u00f3n interregional en aspectos de inter\u00e9s com\u00fan\" \/>\n<meta property=\"og:url\" content=\"https:\/\/www.laguiadepamplona.com\/actualidad\/el-alcalde-de-pamplona-participa-en-la-tercera-edicion-de-los-encuentros-transfronterizos-de-bayona-para-analizar-el-modelo-de-los-festejos-de-ciudad\/\" \/>\n<meta property=\"og:site_name\" content=\"La Gu\u00eda de Pamplona\" \/>\n<meta property=\"article:publisher\" content=\"https:\/\/www.facebook.com\/laguiadepamplonacom-133175176762273\/?ref=hl\" \/>\n<meta property=\"article:published_time\" content=\"2025-02-11T14:39:10+00:00\" \/>\n<meta property=\"og:image\" content=\"https:\/\/www.laguiadepamplona.com\/actualidad\/wp-content\/uploads\/2025\/02\/encuentros_0.png\" \/>\n\t<meta property=\"og:image:width\" content=\"551\" \/>\n\t<meta property=\"og:image:height\" content=\"384\" \/>\n\t<meta property=\"og:image:type\" content=\"image\/png\" \/>\n<meta name=\"author\" content=\"La Gu\u00eda de Pamplona\" \/>\n<meta name=\"twitter:card\" content=\"summary_large_image\" \/>\n<meta name=\"twitter:creator\" content=\"@LaGuiadPamplona\" \/>\n<meta name=\"twitter:site\" content=\"@LaGuiadPamplona\" \/>\n<meta name=\"twitter:label1\" content=\"Escrito por\" \/>\n\t<meta name=\"twitter:data1\" content=\"La Gu\u00eda de Pamplona\" \/>\n\t<meta name=\"twitter:label2\" content=\"Tiempo de lectura\" \/>\n\t<meta name=\"twitter:data2\" content=\"2 minutos\" \/>\n<script type=\"application\/ld+json\" class=\"yoast-schema-graph\">{\"@context\":\"https:\\\/\\\/schema.org\",\"@graph\":[{\"@type\":\"Article\",\"@id\":\"https:\\\/\\\/www.laguiadepamplona.com\\\/actualidad\\\/el-alcalde-de-pamplona-participa-en-la-tercera-edicion-de-los-encuentros-transfronterizos-de-bayona-para-analizar-el-modelo-de-los-festejos-de-ciudad\\\/#article\",\"isPartOf\":{\"@id\":\"https:\\\/\\\/www.laguiadepamplona.com\\\/actualidad\\\/el-alcalde-de-pamplona-participa-en-la-tercera-edicion-de-los-encuentros-transfronterizos-de-bayona-para-analizar-el-modelo-de-los-festejos-de-ciudad\\\/\"},\"author\":{\"name\":\"La Gu\u00eda de Pamplona\",\"@id\":\"https:\\\/\\\/www.laguiadepamplona.com\\\/actualidad\\\/#\\\/schema\\\/person\\\/efe887376f0213d4657c93adc50b1fdb\"},\"headline\":\"El alcalde de Pamplona participa en la tercera edici\u00f3n de los Encuentros Transfronterizos de Bayona para analizar el modelo de los festejos de ciudad\",\"datePublished\":\"2025-02-11T14:39:10+00:00\",\"mainEntityOfPage\":{\"@id\":\"https:\\\/\\\/www.laguiadepamplona.com\\\/actualidad\\\/el-alcalde-de-pamplona-participa-en-la-tercera-edicion-de-los-encuentros-transfronterizos-de-bayona-para-analizar-el-modelo-de-los-festejos-de-ciudad\\\/\"},\"wordCount\":387,\"commentCount\":0,\"publisher\":{\"@id\":\"https:\\\/\\\/www.laguiadepamplona.com\\\/actualidad\\\/#organization\"},\"image\":{\"@id\":\"https:\\\/\\\/www.laguiadepamplona.com\\\/actualidad\\\/el-alcalde-de-pamplona-participa-en-la-tercera-edicion-de-los-encuentros-transfronterizos-de-bayona-para-analizar-el-modelo-de-los-festejos-de-ciudad\\\/#primaryimage\"},\"thumbnailUrl\":\"https:\\\/\\\/www.laguiadepamplona.com\\\/actualidad\\\/wp-content\\\/uploads\\\/2025\\\/02\\\/encuentros_0.png\",\"articleSection\":[\"Ayto Pamplona\"],\"inLanguage\":\"es\",\"potentialAction\":[{\"@type\":\"CommentAction\",\"name\":\"Comment\",\"target\":[\"https:\\\/\\\/www.laguiadepamplona.com\\\/actualidad\\\/el-alcalde-de-pamplona-participa-en-la-tercera-edicion-de-los-encuentros-transfronterizos-de-bayona-para-analizar-el-modelo-de-los-festejos-de-ciudad\\\/#respond\"]}]},{\"@type\":\"WebPage\",\"@id\":\"https:\\\/\\\/www.laguiadepamplona.com\\\/actualidad\\\/el-alcalde-de-pamplona-participa-en-la-tercera-edicion-de-los-encuentros-transfronterizos-de-bayona-para-analizar-el-modelo-de-los-festejos-de-ciudad\\\/\",\"url\":\"https:\\\/\\\/www.laguiadepamplona.com\\\/actualidad\\\/el-alcalde-de-pamplona-participa-en-la-tercera-edicion-de-los-encuentros-transfronterizos-de-bayona-para-analizar-el-modelo-de-los-festejos-de-ciudad\\\/\",\"name\":\"El alcalde de Pamplona participa en la tercera edici\u00f3n de los Encuentros Transfronterizos de Bayona para analizar el modelo de los festejos de ciudad\",\"isPartOf\":{\"@id\":\"https:\\\/\\\/www.laguiadepamplona.com\\\/actualidad\\\/#website\"},\"primaryImageOfPage\":{\"@id\":\"https:\\\/\\\/www.laguiadepamplona.com\\\/actualidad\\\/el-alcalde-de-pamplona-participa-en-la-tercera-edicion-de-los-encuentros-transfronterizos-de-bayona-para-analizar-el-modelo-de-los-festejos-de-ciudad\\\/#primaryimage\"},\"image\":{\"@id\":\"https:\\\/\\\/www.laguiadepamplona.com\\\/actualidad\\\/el-alcalde-de-pamplona-participa-en-la-tercera-edicion-de-los-encuentros-transfronterizos-de-bayona-para-analizar-el-modelo-de-los-festejos-de-ciudad\\\/#primaryimage\"},\"thumbnailUrl\":\"https:\\\/\\\/www.laguiadepamplona.com\\\/actualidad\\\/wp-content\\\/uploads\\\/2025\\\/02\\\/encuentros_0.png\",\"datePublished\":\"2025-02-11T14:39:10+00:00\",\"description\":\"Estos encuentros quieren promover la cooperaci\u00f3n interregional en aspectos de inter\u00e9s com\u00fan\",\"breadcrumb\":{\"@id\":\"https:\\\/\\\/www.laguiadepamplona.com\\\/actualidad\\\/el-alcalde-de-pamplona-participa-en-la-tercera-edicion-de-los-encuentros-transfronterizos-de-bayona-para-analizar-el-modelo-de-los-festejos-de-ciudad\\\/#breadcrumb\"},\"inLanguage\":\"es\",\"potentialAction\":[{\"@type\":\"ReadAction\",\"target\":[\"https:\\\/\\\/www.laguiadepamplona.com\\\/actualidad\\\/el-alcalde-de-pamplona-participa-en-la-tercera-edicion-de-los-encuentros-transfronterizos-de-bayona-para-analizar-el-modelo-de-los-festejos-de-ciudad\\\/\"]}]},{\"@type\":\"ImageObject\",\"inLanguage\":\"es\",\"@id\":\"https:\\\/\\\/www.laguiadepamplona.com\\\/actualidad\\\/el-alcalde-de-pamplona-participa-en-la-tercera-edicion-de-los-encuentros-transfronterizos-de-bayona-para-analizar-el-modelo-de-los-festejos-de-ciudad\\\/#primaryimage\",\"url\":\"https:\\\/\\\/www.laguiadepamplona.com\\\/actualidad\\\/wp-content\\\/uploads\\\/2025\\\/02\\\/encuentros_0.png\",\"contentUrl\":\"https:\\\/\\\/www.laguiadepamplona.com\\\/actualidad\\\/wp-content\\\/uploads\\\/2025\\\/02\\\/encuentros_0.png\",\"width\":551,\"height\":384,\"caption\":\"encuentros\"},{\"@type\":\"BreadcrumbList\",\"@id\":\"https:\\\/\\\/www.laguiadepamplona.com\\\/actualidad\\\/el-alcalde-de-pamplona-participa-en-la-tercera-edicion-de-los-encuentros-transfronterizos-de-bayona-para-analizar-el-modelo-de-los-festejos-de-ciudad\\\/#breadcrumb\",\"itemListElement\":[{\"@type\":\"ListItem\",\"position\":1,\"name\":\"Portada\",\"item\":\"https:\\\/\\\/www.laguiadepamplona.com\\\/actualidad\\\/\"},{\"@type\":\"ListItem\",\"position\":2,\"name\":\"El alcalde de Pamplona participa en la tercera edici\u00f3n de los Encuentros Transfronterizos de Bayona para analizar el modelo de los festejos de ciudad\"}]},{\"@type\":\"WebSite\",\"@id\":\"https:\\\/\\\/www.laguiadepamplona.com\\\/actualidad\\\/#website\",\"url\":\"https:\\\/\\\/www.laguiadepamplona.com\\\/actualidad\\\/\",\"name\":\"La gu\u00eda de Pamplona\",\"description\":\"Noticias de Pamplona\",\"publisher\":{\"@id\":\"https:\\\/\\\/www.laguiadepamplona.com\\\/actualidad\\\/#organization\"},\"potentialAction\":[{\"@type\":\"SearchAction\",\"target\":{\"@type\":\"EntryPoint\",\"urlTemplate\":\"https:\\\/\\\/www.laguiadepamplona.com\\\/actualidad\\\/?s={search_term_string}\"},\"query-input\":{\"@type\":\"PropertyValueSpecification\",\"valueRequired\":true,\"valueName\":\"search_term_string\"}}],\"inLanguage\":\"es\"},{\"@type\":\"Organization\",\"@id\":\"https:\\\/\\\/www.laguiadepamplona.com\\\/actualidad\\\/#organization\",\"name\":\"La Gu\u00eda de Pamplona \\\/ Noticias\",\"url\":\"https:\\\/\\\/www.laguiadepamplona.com\\\/actualidad\\\/\",\"logo\":{\"@type\":\"ImageObject\",\"inLanguage\":\"es\",\"@id\":\"https:\\\/\\\/www.laguiadepamplona.com\\\/actualidad\\\/#\\\/schema\\\/logo\\\/image\\\/\",\"url\":\"https:\\\/\\\/www.laguiadepamplona.com\\\/actualidad\\\/wp-content\\\/uploads\\\/2018\\\/11\\\/logo-laguiadepamplona18-web1.png\",\"contentUrl\":\"https:\\\/\\\/www.laguiadepamplona.com\\\/actualidad\\\/wp-content\\\/uploads\\\/2018\\\/11\\\/logo-laguiadepamplona18-web1.png\",\"width\":600,\"height\":196,\"caption\":\"La Gu\u00eda de Pamplona \\\/ Noticias\"},\"image\":{\"@id\":\"https:\\\/\\\/www.laguiadepamplona.com\\\/actualidad\\\/#\\\/schema\\\/logo\\\/image\\\/\"},\"sameAs\":[\"https:\\\/\\\/www.facebook.com\\\/laguiadepamplonacom-133175176762273\\\/?ref=hl\",\"https:\\\/\\\/x.com\\\/LaGuiadPamplona\",\"https:\\\/\\\/www.instagram.com\\\/la_guia_de_pamplona\\\/\",\"https:\\\/\\\/www.youtube.com\\\/user\\\/laguiadepamplona\"]},{\"@type\":\"Person\",\"@id\":\"https:\\\/\\\/www.laguiadepamplona.com\\\/actualidad\\\/#\\\/schema\\\/person\\\/efe887376f0213d4657c93adc50b1fdb\",\"name\":\"La Gu\u00eda de Pamplona\",\"image\":{\"@type\":\"ImageObject\",\"inLanguage\":\"es\",\"@id\":\"https:\\\/\\\/secure.gravatar.com\\\/avatar\\\/b6992f131dc8d30ab0dff15446e9d346d9dbd95992de0fef795073f5ea83a81c?s=96&d=mm&r=g\",\"url\":\"https:\\\/\\\/secure.gravatar.com\\\/avatar\\\/b6992f131dc8d30ab0dff15446e9d346d9dbd95992de0fef795073f5ea83a81c?s=96&d=mm&r=g\",\"contentUrl\":\"https:\\\/\\\/secure.gravatar.com\\\/avatar\\\/b6992f131dc8d30ab0dff15446e9d346d9dbd95992de0fef795073f5ea83a81c?s=96&d=mm&r=g\",\"caption\":\"La Gu\u00eda de Pamplona\"}}]}<\/script>\n<!-- \/ Yoast SEO plugin. -->","yoast_head_json":{"title":"El alcalde de Pamplona participa en la tercera edici\u00f3n de los Encuentros Transfronterizos de Bayona para analizar el modelo de los festejos de ciudad","description":"Estos encuentros quieren promover la cooperaci\u00f3n interregional en aspectos de inter\u00e9s com\u00fan","robots":{"index":"index","follow":"follow","max-snippet":"max-snippet:-1","max-image-preview":"max-image-preview:large","max-video-preview":"max-video-preview:-1"},"canonical":"https:\/\/www.laguiadepamplona.com\/actualidad\/el-alcalde-de-pamplona-participa-en-la-tercera-edicion-de-los-encuentros-transfronterizos-de-bayona-para-analizar-el-modelo-de-los-festejos-de-ciudad\/","og_locale":"es_ES","og_type":"article","og_title":"El alcalde de Pamplona participa en la tercera edici\u00f3n de los Encuentros Transfronterizos de Bayona para analizar el modelo de los festejos de ciudad","og_description":"Estos encuentros quieren promover la cooperaci\u00f3n interregional en aspectos de inter\u00e9s com\u00fan","og_url":"https:\/\/www.laguiadepamplona.com\/actualidad\/el-alcalde-de-pamplona-participa-en-la-tercera-edicion-de-los-encuentros-transfronterizos-de-bayona-para-analizar-el-modelo-de-los-festejos-de-ciudad\/","og_site_name":"La Gu\u00eda de Pamplona","article_publisher":"https:\/\/www.facebook.com\/laguiadepamplonacom-133175176762273\/?ref=hl","article_published_time":"2025-02-11T14:39:10+00:00","og_image":[{"width":551,"height":384,"url":"https:\/\/www.laguiadepamplona.com\/actualidad\/wp-content\/uploads\/2025\/02\/encuentros_0.png","type":"image\/png"}],"author":"La Gu\u00eda de Pamplona","twitter_card":"summary_large_image","twitter_creator":"@LaGuiadPamplona","twitter_site":"@LaGuiadPamplona","twitter_misc":{"Escrito por":"La Gu\u00eda de Pamplona","Tiempo de lectura":"2 minutos"},"schema":{"@context":"https:\/\/schema.org","@graph":[{"@type":"Article","@id":"https:\/\/www.laguiadepamplona.com\/actualidad\/el-alcalde-de-pamplona-participa-en-la-tercera-edicion-de-los-encuentros-transfronterizos-de-bayona-para-analizar-el-modelo-de-los-festejos-de-ciudad\/#article","isPartOf":{"@id":"https:\/\/www.laguiadepamplona.com\/actualidad\/el-alcalde-de-pamplona-participa-en-la-tercera-edicion-de-los-encuentros-transfronterizos-de-bayona-para-analizar-el-modelo-de-los-festejos-de-ciudad\/"},"author":{"name":"La Gu\u00eda de Pamplona","@id":"https:\/\/www.laguiadepamplona.com\/actualidad\/#\/schema\/person\/efe887376f0213d4657c93adc50b1fdb"},"headline":"El alcalde de Pamplona participa en la tercera edici\u00f3n de los Encuentros Transfronterizos de Bayona para analizar el modelo de los festejos de ciudad","datePublished":"2025-02-11T14:39:10+00:00","mainEntityOfPage":{"@id":"https:\/\/www.laguiadepamplona.com\/actualidad\/el-alcalde-de-pamplona-participa-en-la-tercera-edicion-de-los-encuentros-transfronterizos-de-bayona-para-analizar-el-modelo-de-los-festejos-de-ciudad\/"},"wordCount":387,"commentCount":0,"publisher":{"@id":"https:\/\/www.laguiadepamplona.com\/actualidad\/#organization"},"image":{"@id":"https:\/\/www.laguiadepamplona.com\/actualidad\/el-alcalde-de-pamplona-participa-en-la-tercera-edicion-de-los-encuentros-transfronterizos-de-bayona-para-analizar-el-modelo-de-los-festejos-de-ciudad\/#primaryimage"},"thumbnailUrl":"https:\/\/www.laguiadepamplona.com\/actualidad\/wp-content\/uploads\/2025\/02\/encuentros_0.png","articleSection":["Ayto Pamplona"],"inLanguage":"es","potentialAction":[{"@type":"CommentAction","name":"Comment","target":["https:\/\/www.laguiadepamplona.com\/actualidad\/el-alcalde-de-pamplona-participa-en-la-tercera-edicion-de-los-encuentros-transfronterizos-de-bayona-para-analizar-el-modelo-de-los-festejos-de-ciudad\/#respond"]}]},{"@type":"WebPage","@id":"https:\/\/www.laguiadepamplona.com\/actualidad\/el-alcalde-de-pamplona-participa-en-la-tercera-edicion-de-los-encuentros-transfronterizos-de-bayona-para-analizar-el-modelo-de-los-festejos-de-ciudad\/","url":"https:\/\/www.laguiadepamplona.com\/actualidad\/el-alcalde-de-pamplona-participa-en-la-tercera-edicion-de-los-encuentros-transfronterizos-de-bayona-para-analizar-el-modelo-de-los-festejos-de-ciudad\/","name":"El alcalde de Pamplona participa en la tercera edici\u00f3n de los Encuentros Transfronterizos de Bayona para analizar el modelo de los festejos de ciudad","isPartOf":{"@id":"https:\/\/www.laguiadepamplona.com\/actualidad\/#website"},"primaryImageOfPage":{"@id":"https:\/\/www.laguiadepamplona.com\/actualidad\/el-alcalde-de-pamplona-participa-en-la-tercera-edicion-de-los-encuentros-transfronterizos-de-bayona-para-analizar-el-modelo-de-los-festejos-de-ciudad\/#primaryimage"},"image":{"@id":"https:\/\/www.laguiadepamplona.com\/actualidad\/el-alcalde-de-pamplona-participa-en-la-tercera-edicion-de-los-encuentros-transfronterizos-de-bayona-para-analizar-el-modelo-de-los-festejos-de-ciudad\/#primaryimage"},"thumbnailUrl":"https:\/\/www.laguiadepamplona.com\/actualidad\/wp-content\/uploads\/2025\/02\/encuentros_0.png","datePublished":"2025-02-11T14:39:10+00:00","description":"Estos encuentros quieren promover la cooperaci\u00f3n interregional en aspectos de inter\u00e9s com\u00fan","breadcrumb":{"@id":"https:\/\/www.laguiadepamplona.com\/actualidad\/el-alcalde-de-pamplona-participa-en-la-tercera-edicion-de-los-encuentros-transfronterizos-de-bayona-para-analizar-el-modelo-de-los-festejos-de-ciudad\/#breadcrumb"},"inLanguage":"es","potentialAction":[{"@type":"ReadAction","target":["https:\/\/www.laguiadepamplona.com\/actualidad\/el-alcalde-de-pamplona-participa-en-la-tercera-edicion-de-los-encuentros-transfronterizos-de-bayona-para-analizar-el-modelo-de-los-festejos-de-ciudad\/"]}]},{"@type":"ImageObject","inLanguage":"es","@id":"https:\/\/www.laguiadepamplona.com\/actualidad\/el-alcalde-de-pamplona-participa-en-la-tercera-edicion-de-los-encuentros-transfronterizos-de-bayona-para-analizar-el-modelo-de-los-festejos-de-ciudad\/#primaryimage","url":"https:\/\/www.laguiadepamplona.com\/actualidad\/wp-content\/uploads\/2025\/02\/encuentros_0.png","contentUrl":"https:\/\/www.laguiadepamplona.com\/actualidad\/wp-content\/uploads\/2025\/02\/encuentros_0.png","width":551,"height":384,"caption":"encuentros"},{"@type":"BreadcrumbList","@id":"https:\/\/www.laguiadepamplona.com\/actualidad\/el-alcalde-de-pamplona-participa-en-la-tercera-edicion-de-los-encuentros-transfronterizos-de-bayona-para-analizar-el-modelo-de-los-festejos-de-ciudad\/#breadcrumb","itemListElement":[{"@type":"ListItem","position":1,"name":"Portada","item":"https:\/\/www.laguiadepamplona.com\/actualidad\/"},{"@type":"ListItem","position":2,"name":"El alcalde de Pamplona participa en la tercera edici\u00f3n de los Encuentros Transfronterizos de Bayona para analizar el modelo de los festejos de ciudad"}]},{"@type":"WebSite","@id":"https:\/\/www.laguiadepamplona.com\/actualidad\/#website","url":"https:\/\/www.laguiadepamplona.com\/actualidad\/","name":"La gu\u00eda de Pamplona","description":"Noticias de Pamplona","publisher":{"@id":"https:\/\/www.laguiadepamplona.com\/actualidad\/#organization"},"potentialAction":[{"@type":"SearchAction","target":{"@type":"EntryPoint","urlTemplate":"https:\/\/www.laguiadepamplona.com\/actualidad\/?s={search_term_string}"},"query-input":{"@type":"PropertyValueSpecification","valueRequired":true,"valueName":"search_term_string"}}],"inLanguage":"es"},{"@type":"Organization","@id":"https:\/\/www.laguiadepamplona.com\/actualidad\/#organization","name":"La Gu\u00eda de Pamplona \/ Noticias","url":"https:\/\/www.laguiadepamplona.com\/actualidad\/","logo":{"@type":"ImageObject","inLanguage":"es","@id":"https:\/\/www.laguiadepamplona.com\/actualidad\/#\/schema\/logo\/image\/","url":"https:\/\/www.laguiadepamplona.com\/actualidad\/wp-content\/uploads\/2018\/11\/logo-laguiadepamplona18-web1.png","contentUrl":"https:\/\/www.laguiadepamplona.com\/actualidad\/wp-content\/uploads\/2018\/11\/logo-laguiadepamplona18-web1.png","width":600,"height":196,"caption":"La Gu\u00eda de Pamplona \/ Noticias"},"image":{"@id":"https:\/\/www.laguiadepamplona.com\/actualidad\/#\/schema\/logo\/image\/"},"sameAs":["https:\/\/www.facebook.com\/laguiadepamplonacom-133175176762273\/?ref=hl","https:\/\/x.com\/LaGuiadPamplona","https:\/\/www.instagram.com\/la_guia_de_pamplona\/","https:\/\/www.youtube.com\/user\/laguiadepamplona"]},{"@type":"Person","@id":"https:\/\/www.laguiadepamplona.com\/actualidad\/#\/schema\/person\/efe887376f0213d4657c93adc50b1fdb","name":"La Gu\u00eda de Pamplona","image":{"@type":"ImageObject","inLanguage":"es","@id":"https:\/\/secure.gravatar.com\/avatar\/b6992f131dc8d30ab0dff15446e9d346d9dbd95992de0fef795073f5ea83a81c?s=96&d=mm&r=g","url":"https:\/\/secure.gravatar.com\/avatar\/b6992f131dc8d30ab0dff15446e9d346d9dbd95992de0fef795073f5ea83a81c?s=96&d=mm&r=g","contentUrl":"https:\/\/secure.gravatar.com\/avatar\/b6992f131dc8d30ab0dff15446e9d346d9dbd95992de0fef795073f5ea83a81c?s=96&d=mm&r=g","caption":"La Gu\u00eda de Pamplona"}}]}},"post_mailing_queue_ids":[],"_links":{"self":[{"href":"https:\/\/www.laguiadepamplona.com\/actualidad\/wp-json\/wp\/v2\/posts\/52067","targetHints":{"allow":["GET"]}}],"collection":[{"href":"https:\/\/www.laguiadepamplona.com\/actualidad\/wp-json\/wp\/v2\/posts"}],"about":[{"href":"https:\/\/www.laguiadepamplona.com\/actualidad\/wp-json\/wp\/v2\/types\/post"}],"author":[{"embeddable":true,"href":"https:\/\/www.laguiadepamplona.com\/actualidad\/wp-json\/wp\/v2\/users\/1"}],"replies":[{"embeddable":true,"href":"https:\/\/www.laguiadepamplona.com\/actualidad\/wp-json\/wp\/v2\/comments?post=52067"}],"version-history":[{"count":1,"href":"https:\/\/www.laguiadepamplona.com\/actualidad\/wp-json\/wp\/v2\/posts\/52067\/revisions"}],"predecessor-version":[{"id":52069,"href":"https:\/\/www.laguiadepamplona.com\/actualidad\/wp-json\/wp\/v2\/posts\/52067\/revisions\/52069"}],"wp:featuredmedia":[{"embeddable":true,"href":"https:\/\/www.laguiadepamplona.com\/actualidad\/wp-json\/wp\/v2\/media\/52068"}],"wp:attachment":[{"href":"https:\/\/www.laguiadepamplona.com\/actualidad\/wp-json\/wp\/v2\/media?parent=52067"}],"wp:term":[{"taxonomy":"category","embeddable":true,"href":"https:\/\/www.laguiadepamplona.com\/actualidad\/wp-json\/wp\/v2\/categories?post=52067"},{"taxonomy":"post_tag","embeddable":true,"href":"https:\/\/www.laguiadepamplona.com\/actualidad\/wp-json\/wp\/v2\/tags?post=52067"}],"curies":[{"name":"wp","href":"https:\/\/api.w.org\/{rel}","templated":true}]}}