{"id":52059,"date":"2025-02-11T14:11:52","date_gmt":"2025-02-11T12:11:52","guid":{"rendered":"https:\/\/www.laguiadepamplona.com\/actualidad\/?p=52059"},"modified":"2025-02-11T14:11:52","modified_gmt":"2025-02-11T12:11:52","slug":"el-ayuntamiento-envia-para-destruir-y-reconvertir-en-materiales-sostenibles-408-000-mascarillas-caducadas-que-permanecian-almacenadas-en-espacios-municipales","status":"publish","type":"post","link":"https:\/\/www.laguiadepamplona.com\/actualidad\/el-ayuntamiento-envia-para-destruir-y-reconvertir-en-materiales-sostenibles-408-000-mascarillas-caducadas-que-permanecian-almacenadas-en-espacios-municipales\/","title":{"rendered":"El Ayuntamiento env\u00eda para destruir y reconvertir en materiales sostenibles 408.000 mascarillas caducadas que permanec\u00edan almacenadas en espacios municipales"},"content":{"rendered":"<h2>Las mascarillas fueron donadas en mayo de 2022 por el Gobierno central y su reconversi\u00f3n no supondr\u00e1 ning\u00fan gasto para el Ayuntamiento<\/h2>\n<p><!--more--><\/p>\n<p>El Ayuntamiento de Pamplona destruir\u00e1 las 408.000 mascarillas caducadas que permanec\u00edan en un almac\u00e9n municipal del barrio de Rochapea desde 2022. Las mascarillas fueron donadas por el Instituto Nacional de Gesti\u00f3n Sanitaria, dependiente del Gobierno de Espa\u00f1a, en mayo de 2022 y caducaron un a\u00f1o despu\u00e9s. Puesto que no se pod\u00edan utilizar ni donar, el Consistorio ha acordado su env\u00edo para destrucci\u00f3n, de forma que el pl\u00e1stico que las componen se destine a la producci\u00f3n de otros materiales, de la mano de la empresa Nantek.<\/p>\n<p>El Consistorio contaba con un total de diez pal\u00e9s de mascarillas almacenados. En total, 408.000 mascarillas en 8.160 cajas. Al estar caducadas, \u00fanicamente era viable su destrucci\u00f3n. Para ello, se entablaron contactos con la empresa Nantek, centrada en la sostenibilidad y la generaci\u00f3n de materias primas de segunda vida a partir de diversos residuos de pl\u00e1stico, entre los que se encuentran las mascarillas. En concreto, se centran en dar una segunda vida al pl\u00e1stico, reconvirti\u00e9ndolo en distintos productos.<\/p>\n<p>Este encargo no supondr\u00e1 ning\u00fan coste para el Ayuntamiento, salvo el transporte del material hasta la nave de Nantek, ubicada en el puerto de Bilbao. El traslado se realizar\u00e1 en el d\u00eda de hoy por la empresa Mudanzas Iru\u00f1a, por un importe de 390 euros (IVA excluido). Una vez en Nantek, a trav\u00e9s de un proceso termoqu\u00edmico propio, los residuos pl\u00e1sticos de las mascarillas se transforman en productos petroqu\u00edmicos de segunda vida, como aceite de pir\u00f3lisis, hidr\u00f3geno y metano.<\/p>\n<p>En 2022, el Gobierno central entreg\u00f3 a las comunidades aut\u00f3nomas, a trav\u00e9s de las Delegaciones de Gobierno, distintos lotes de mascarillas quir\u00fargicas para prevenir el contagio del COVID-19. En aquella \u00e9poca, Navarra exig\u00eda el uso de mascarilla para acceder a centros sanitarios, farmacias y medios de transporte. No obstante, no hab\u00eda problemas de suministro de material preventivo, como s\u00ed ocurri\u00f3 en los primeros meses de pandemia. El lote donado por el Instituto Nacional de Gesti\u00f3n Sanitaria qued\u00f3 almacenado y sin uso. Se da la circunstancia, adem\u00e1s, que el plazo de caducidad era reducido, ya que caducaron en junio de 2023.<\/p>\n","protected":false},"excerpt":{"rendered":"<p>Las mascarillas fueron donadas en mayo de 2022 por el Gobierno central y su reconversi\u00f3n no supondr\u00e1 ning\u00fan gasto para el Ayuntamiento<\/p>\n","protected":false},"author":1,"featured_media":52060,"comment_status":"open","ping_status":"closed","sticky":false,"template":"","format":"standard","meta":{"footnotes":""},"categories":[2],"tags":[],"class_list":["post-52059","post","type-post","status-publish","format-standard","has-post-thumbnail","hentry","category-ayuntamiento-pamplona"],"yoast_head":"<!-- This site is optimized with the Yoast SEO plugin v27.3 - https:\/\/yoast.com\/product\/yoast-seo-wordpress\/ -->\n<title>El Ayuntamiento env\u00eda para destruir y reconvertir en materiales sostenibles 408.000 mascarillas caducadas que permanec\u00edan almacenadas en espacios municipales<\/title>\n<meta name=\"description\" content=\"Las mascarillas fueron donadas en mayo de 2022 por el Gobierno central y su reconversi\u00f3n no supondr\u00e1 ning\u00fan gasto para el Ayuntamiento\" \/>\n<meta name=\"robots\" content=\"index, follow, max-snippet:-1, max-image-preview:large, max-video-preview:-1\" \/>\n<link rel=\"canonical\" href=\"https:\/\/www.laguiadepamplona.com\/actualidad\/el-ayuntamiento-envia-para-destruir-y-reconvertir-en-materiales-sostenibles-408-000-mascarillas-caducadas-que-permanecian-almacenadas-en-espacios-municipales\/\" \/>\n<meta property=\"og:locale\" content=\"es_ES\" \/>\n<meta property=\"og:type\" content=\"article\" \/>\n<meta property=\"og:title\" content=\"El Ayuntamiento env\u00eda para destruir y reconvertir en materiales sostenibles 408.000 mascarillas caducadas que permanec\u00edan almacenadas en espacios municipales\" \/>\n<meta property=\"og:description\" content=\"Las mascarillas fueron donadas en mayo de 2022 por el Gobierno central y su reconversi\u00f3n no supondr\u00e1 ning\u00fan gasto para el Ayuntamiento\" \/>\n<meta property=\"og:url\" content=\"https:\/\/www.laguiadepamplona.com\/actualidad\/el-ayuntamiento-envia-para-destruir-y-reconvertir-en-materiales-sostenibles-408-000-mascarillas-caducadas-que-permanecian-almacenadas-en-espacios-municipales\/\" \/>\n<meta property=\"og:site_name\" content=\"La Gu\u00eda de Pamplona\" \/>\n<meta property=\"article:publisher\" content=\"https:\/\/www.facebook.com\/laguiadepamplonacom-133175176762273\/?ref=hl\" \/>\n<meta property=\"article:published_time\" content=\"2025-02-11T12:11:52+00:00\" \/>\n<meta property=\"og:image\" content=\"https:\/\/www.laguiadepamplona.com\/actualidad\/wp-content\/uploads\/2025\/02\/mascarrillas2_0.webp\" \/>\n\t<meta property=\"og:image:width\" content=\"1000\" \/>\n\t<meta property=\"og:image:height\" content=\"750\" \/>\n\t<meta property=\"og:image:type\" content=\"image\/webp\" \/>\n<meta name=\"author\" content=\"La Gu\u00eda de Pamplona\" \/>\n<meta name=\"twitter:card\" content=\"summary_large_image\" \/>\n<meta name=\"twitter:creator\" content=\"@LaGuiadPamplona\" \/>\n<meta name=\"twitter:site\" content=\"@LaGuiadPamplona\" \/>\n<meta name=\"twitter:label1\" content=\"Escrito por\" \/>\n\t<meta name=\"twitter:data1\" content=\"La Gu\u00eda de Pamplona\" \/>\n\t<meta name=\"twitter:label2\" content=\"Tiempo de lectura\" \/>\n\t<meta name=\"twitter:data2\" content=\"2 minutos\" \/>\n<script type=\"application\/ld+json\" class=\"yoast-schema-graph\">{\"@context\":\"https:\\\/\\\/schema.org\",\"@graph\":[{\"@type\":\"Article\",\"@id\":\"https:\\\/\\\/www.laguiadepamplona.com\\\/actualidad\\\/el-ayuntamiento-envia-para-destruir-y-reconvertir-en-materiales-sostenibles-408-000-mascarillas-caducadas-que-permanecian-almacenadas-en-espacios-municipales\\\/#article\",\"isPartOf\":{\"@id\":\"https:\\\/\\\/www.laguiadepamplona.com\\\/actualidad\\\/el-ayuntamiento-envia-para-destruir-y-reconvertir-en-materiales-sostenibles-408-000-mascarillas-caducadas-que-permanecian-almacenadas-en-espacios-municipales\\\/\"},\"author\":{\"name\":\"La Gu\u00eda de Pamplona\",\"@id\":\"https:\\\/\\\/www.laguiadepamplona.com\\\/actualidad\\\/#\\\/schema\\\/person\\\/efe887376f0213d4657c93adc50b1fdb\"},\"headline\":\"El Ayuntamiento env\u00eda para destruir y reconvertir en materiales sostenibles 408.000 mascarillas caducadas que permanec\u00edan almacenadas en espacios municipales\",\"datePublished\":\"2025-02-11T12:11:52+00:00\",\"mainEntityOfPage\":{\"@id\":\"https:\\\/\\\/www.laguiadepamplona.com\\\/actualidad\\\/el-ayuntamiento-envia-para-destruir-y-reconvertir-en-materiales-sostenibles-408-000-mascarillas-caducadas-que-permanecian-almacenadas-en-espacios-municipales\\\/\"},\"wordCount\":410,\"commentCount\":0,\"publisher\":{\"@id\":\"https:\\\/\\\/www.laguiadepamplona.com\\\/actualidad\\\/#organization\"},\"image\":{\"@id\":\"https:\\\/\\\/www.laguiadepamplona.com\\\/actualidad\\\/el-ayuntamiento-envia-para-destruir-y-reconvertir-en-materiales-sostenibles-408-000-mascarillas-caducadas-que-permanecian-almacenadas-en-espacios-municipales\\\/#primaryimage\"},\"thumbnailUrl\":\"https:\\\/\\\/www.laguiadepamplona.com\\\/actualidad\\\/wp-content\\\/uploads\\\/2025\\\/02\\\/mascarrillas2_0.webp\",\"articleSection\":[\"Ayto Pamplona\"],\"inLanguage\":\"es\",\"potentialAction\":[{\"@type\":\"CommentAction\",\"name\":\"Comment\",\"target\":[\"https:\\\/\\\/www.laguiadepamplona.com\\\/actualidad\\\/el-ayuntamiento-envia-para-destruir-y-reconvertir-en-materiales-sostenibles-408-000-mascarillas-caducadas-que-permanecian-almacenadas-en-espacios-municipales\\\/#respond\"]}]},{\"@type\":\"WebPage\",\"@id\":\"https:\\\/\\\/www.laguiadepamplona.com\\\/actualidad\\\/el-ayuntamiento-envia-para-destruir-y-reconvertir-en-materiales-sostenibles-408-000-mascarillas-caducadas-que-permanecian-almacenadas-en-espacios-municipales\\\/\",\"url\":\"https:\\\/\\\/www.laguiadepamplona.com\\\/actualidad\\\/el-ayuntamiento-envia-para-destruir-y-reconvertir-en-materiales-sostenibles-408-000-mascarillas-caducadas-que-permanecian-almacenadas-en-espacios-municipales\\\/\",\"name\":\"El Ayuntamiento env\u00eda para destruir y reconvertir en materiales sostenibles 408.000 mascarillas caducadas que permanec\u00edan almacenadas en espacios municipales\",\"isPartOf\":{\"@id\":\"https:\\\/\\\/www.laguiadepamplona.com\\\/actualidad\\\/#website\"},\"primaryImageOfPage\":{\"@id\":\"https:\\\/\\\/www.laguiadepamplona.com\\\/actualidad\\\/el-ayuntamiento-envia-para-destruir-y-reconvertir-en-materiales-sostenibles-408-000-mascarillas-caducadas-que-permanecian-almacenadas-en-espacios-municipales\\\/#primaryimage\"},\"image\":{\"@id\":\"https:\\\/\\\/www.laguiadepamplona.com\\\/actualidad\\\/el-ayuntamiento-envia-para-destruir-y-reconvertir-en-materiales-sostenibles-408-000-mascarillas-caducadas-que-permanecian-almacenadas-en-espacios-municipales\\\/#primaryimage\"},\"thumbnailUrl\":\"https:\\\/\\\/www.laguiadepamplona.com\\\/actualidad\\\/wp-content\\\/uploads\\\/2025\\\/02\\\/mascarrillas2_0.webp\",\"datePublished\":\"2025-02-11T12:11:52+00:00\",\"description\":\"Las mascarillas fueron donadas en mayo de 2022 por el Gobierno central y su reconversi\u00f3n no supondr\u00e1 ning\u00fan gasto para el Ayuntamiento\",\"breadcrumb\":{\"@id\":\"https:\\\/\\\/www.laguiadepamplona.com\\\/actualidad\\\/el-ayuntamiento-envia-para-destruir-y-reconvertir-en-materiales-sostenibles-408-000-mascarillas-caducadas-que-permanecian-almacenadas-en-espacios-municipales\\\/#breadcrumb\"},\"inLanguage\":\"es\",\"potentialAction\":[{\"@type\":\"ReadAction\",\"target\":[\"https:\\\/\\\/www.laguiadepamplona.com\\\/actualidad\\\/el-ayuntamiento-envia-para-destruir-y-reconvertir-en-materiales-sostenibles-408-000-mascarillas-caducadas-que-permanecian-almacenadas-en-espacios-municipales\\\/\"]}]},{\"@type\":\"ImageObject\",\"inLanguage\":\"es\",\"@id\":\"https:\\\/\\\/www.laguiadepamplona.com\\\/actualidad\\\/el-ayuntamiento-envia-para-destruir-y-reconvertir-en-materiales-sostenibles-408-000-mascarillas-caducadas-que-permanecian-almacenadas-en-espacios-municipales\\\/#primaryimage\",\"url\":\"https:\\\/\\\/www.laguiadepamplona.com\\\/actualidad\\\/wp-content\\\/uploads\\\/2025\\\/02\\\/mascarrillas2_0.webp\",\"contentUrl\":\"https:\\\/\\\/www.laguiadepamplona.com\\\/actualidad\\\/wp-content\\\/uploads\\\/2025\\\/02\\\/mascarrillas2_0.webp\",\"width\":1000,\"height\":750,\"caption\":\"mascarillas env\u00edo convertir materiales sostenibles\"},{\"@type\":\"BreadcrumbList\",\"@id\":\"https:\\\/\\\/www.laguiadepamplona.com\\\/actualidad\\\/el-ayuntamiento-envia-para-destruir-y-reconvertir-en-materiales-sostenibles-408-000-mascarillas-caducadas-que-permanecian-almacenadas-en-espacios-municipales\\\/#breadcrumb\",\"itemListElement\":[{\"@type\":\"ListItem\",\"position\":1,\"name\":\"Portada\",\"item\":\"https:\\\/\\\/www.laguiadepamplona.com\\\/actualidad\\\/\"},{\"@type\":\"ListItem\",\"position\":2,\"name\":\"El Ayuntamiento env\u00eda para destruir y reconvertir en materiales sostenibles 408.000 mascarillas caducadas que permanec\u00edan almacenadas en espacios municipales\"}]},{\"@type\":\"WebSite\",\"@id\":\"https:\\\/\\\/www.laguiadepamplona.com\\\/actualidad\\\/#website\",\"url\":\"https:\\\/\\\/www.laguiadepamplona.com\\\/actualidad\\\/\",\"name\":\"La gu\u00eda de Pamplona\",\"description\":\"Noticias de Pamplona\",\"publisher\":{\"@id\":\"https:\\\/\\\/www.laguiadepamplona.com\\\/actualidad\\\/#organization\"},\"potentialAction\":[{\"@type\":\"SearchAction\",\"target\":{\"@type\":\"EntryPoint\",\"urlTemplate\":\"https:\\\/\\\/www.laguiadepamplona.com\\\/actualidad\\\/?s={search_term_string}\"},\"query-input\":{\"@type\":\"PropertyValueSpecification\",\"valueRequired\":true,\"valueName\":\"search_term_string\"}}],\"inLanguage\":\"es\"},{\"@type\":\"Organization\",\"@id\":\"https:\\\/\\\/www.laguiadepamplona.com\\\/actualidad\\\/#organization\",\"name\":\"La Gu\u00eda de Pamplona \\\/ Noticias\",\"url\":\"https:\\\/\\\/www.laguiadepamplona.com\\\/actualidad\\\/\",\"logo\":{\"@type\":\"ImageObject\",\"inLanguage\":\"es\",\"@id\":\"https:\\\/\\\/www.laguiadepamplona.com\\\/actualidad\\\/#\\\/schema\\\/logo\\\/image\\\/\",\"url\":\"https:\\\/\\\/www.laguiadepamplona.com\\\/actualidad\\\/wp-content\\\/uploads\\\/2018\\\/11\\\/logo-laguiadepamplona18-web1.png\",\"contentUrl\":\"https:\\\/\\\/www.laguiadepamplona.com\\\/actualidad\\\/wp-content\\\/uploads\\\/2018\\\/11\\\/logo-laguiadepamplona18-web1.png\",\"width\":600,\"height\":196,\"caption\":\"La Gu\u00eda de Pamplona \\\/ Noticias\"},\"image\":{\"@id\":\"https:\\\/\\\/www.laguiadepamplona.com\\\/actualidad\\\/#\\\/schema\\\/logo\\\/image\\\/\"},\"sameAs\":[\"https:\\\/\\\/www.facebook.com\\\/laguiadepamplonacom-133175176762273\\\/?ref=hl\",\"https:\\\/\\\/x.com\\\/LaGuiadPamplona\",\"https:\\\/\\\/www.instagram.com\\\/la_guia_de_pamplona\\\/\",\"https:\\\/\\\/www.youtube.com\\\/user\\\/laguiadepamplona\"]},{\"@type\":\"Person\",\"@id\":\"https:\\\/\\\/www.laguiadepamplona.com\\\/actualidad\\\/#\\\/schema\\\/person\\\/efe887376f0213d4657c93adc50b1fdb\",\"name\":\"La Gu\u00eda de Pamplona\",\"image\":{\"@type\":\"ImageObject\",\"inLanguage\":\"es\",\"@id\":\"https:\\\/\\\/secure.gravatar.com\\\/avatar\\\/b6992f131dc8d30ab0dff15446e9d346d9dbd95992de0fef795073f5ea83a81c?s=96&d=mm&r=g\",\"url\":\"https:\\\/\\\/secure.gravatar.com\\\/avatar\\\/b6992f131dc8d30ab0dff15446e9d346d9dbd95992de0fef795073f5ea83a81c?s=96&d=mm&r=g\",\"contentUrl\":\"https:\\\/\\\/secure.gravatar.com\\\/avatar\\\/b6992f131dc8d30ab0dff15446e9d346d9dbd95992de0fef795073f5ea83a81c?s=96&d=mm&r=g\",\"caption\":\"La Gu\u00eda de Pamplona\"}}]}<\/script>\n<!-- \/ Yoast SEO plugin. -->","yoast_head_json":{"title":"El Ayuntamiento env\u00eda para destruir y reconvertir en materiales sostenibles 408.000 mascarillas caducadas que permanec\u00edan almacenadas en espacios municipales","description":"Las mascarillas fueron donadas en mayo de 2022 por el Gobierno central y su reconversi\u00f3n no supondr\u00e1 ning\u00fan gasto para el Ayuntamiento","robots":{"index":"index","follow":"follow","max-snippet":"max-snippet:-1","max-image-preview":"max-image-preview:large","max-video-preview":"max-video-preview:-1"},"canonical":"https:\/\/www.laguiadepamplona.com\/actualidad\/el-ayuntamiento-envia-para-destruir-y-reconvertir-en-materiales-sostenibles-408-000-mascarillas-caducadas-que-permanecian-almacenadas-en-espacios-municipales\/","og_locale":"es_ES","og_type":"article","og_title":"El Ayuntamiento env\u00eda para destruir y reconvertir en materiales sostenibles 408.000 mascarillas caducadas que permanec\u00edan almacenadas en espacios municipales","og_description":"Las mascarillas fueron donadas en mayo de 2022 por el Gobierno central y su reconversi\u00f3n no supondr\u00e1 ning\u00fan gasto para el Ayuntamiento","og_url":"https:\/\/www.laguiadepamplona.com\/actualidad\/el-ayuntamiento-envia-para-destruir-y-reconvertir-en-materiales-sostenibles-408-000-mascarillas-caducadas-que-permanecian-almacenadas-en-espacios-municipales\/","og_site_name":"La Gu\u00eda de Pamplona","article_publisher":"https:\/\/www.facebook.com\/laguiadepamplonacom-133175176762273\/?ref=hl","article_published_time":"2025-02-11T12:11:52+00:00","og_image":[{"width":1000,"height":750,"url":"https:\/\/www.laguiadepamplona.com\/actualidad\/wp-content\/uploads\/2025\/02\/mascarrillas2_0.webp","type":"image\/webp"}],"author":"La Gu\u00eda de Pamplona","twitter_card":"summary_large_image","twitter_creator":"@LaGuiadPamplona","twitter_site":"@LaGuiadPamplona","twitter_misc":{"Escrito por":"La Gu\u00eda de Pamplona","Tiempo de lectura":"2 minutos"},"schema":{"@context":"https:\/\/schema.org","@graph":[{"@type":"Article","@id":"https:\/\/www.laguiadepamplona.com\/actualidad\/el-ayuntamiento-envia-para-destruir-y-reconvertir-en-materiales-sostenibles-408-000-mascarillas-caducadas-que-permanecian-almacenadas-en-espacios-municipales\/#article","isPartOf":{"@id":"https:\/\/www.laguiadepamplona.com\/actualidad\/el-ayuntamiento-envia-para-destruir-y-reconvertir-en-materiales-sostenibles-408-000-mascarillas-caducadas-que-permanecian-almacenadas-en-espacios-municipales\/"},"author":{"name":"La Gu\u00eda de Pamplona","@id":"https:\/\/www.laguiadepamplona.com\/actualidad\/#\/schema\/person\/efe887376f0213d4657c93adc50b1fdb"},"headline":"El Ayuntamiento env\u00eda para destruir y reconvertir en materiales sostenibles 408.000 mascarillas caducadas que permanec\u00edan almacenadas en espacios municipales","datePublished":"2025-02-11T12:11:52+00:00","mainEntityOfPage":{"@id":"https:\/\/www.laguiadepamplona.com\/actualidad\/el-ayuntamiento-envia-para-destruir-y-reconvertir-en-materiales-sostenibles-408-000-mascarillas-caducadas-que-permanecian-almacenadas-en-espacios-municipales\/"},"wordCount":410,"commentCount":0,"publisher":{"@id":"https:\/\/www.laguiadepamplona.com\/actualidad\/#organization"},"image":{"@id":"https:\/\/www.laguiadepamplona.com\/actualidad\/el-ayuntamiento-envia-para-destruir-y-reconvertir-en-materiales-sostenibles-408-000-mascarillas-caducadas-que-permanecian-almacenadas-en-espacios-municipales\/#primaryimage"},"thumbnailUrl":"https:\/\/www.laguiadepamplona.com\/actualidad\/wp-content\/uploads\/2025\/02\/mascarrillas2_0.webp","articleSection":["Ayto Pamplona"],"inLanguage":"es","potentialAction":[{"@type":"CommentAction","name":"Comment","target":["https:\/\/www.laguiadepamplona.com\/actualidad\/el-ayuntamiento-envia-para-destruir-y-reconvertir-en-materiales-sostenibles-408-000-mascarillas-caducadas-que-permanecian-almacenadas-en-espacios-municipales\/#respond"]}]},{"@type":"WebPage","@id":"https:\/\/www.laguiadepamplona.com\/actualidad\/el-ayuntamiento-envia-para-destruir-y-reconvertir-en-materiales-sostenibles-408-000-mascarillas-caducadas-que-permanecian-almacenadas-en-espacios-municipales\/","url":"https:\/\/www.laguiadepamplona.com\/actualidad\/el-ayuntamiento-envia-para-destruir-y-reconvertir-en-materiales-sostenibles-408-000-mascarillas-caducadas-que-permanecian-almacenadas-en-espacios-municipales\/","name":"El Ayuntamiento env\u00eda para destruir y reconvertir en materiales sostenibles 408.000 mascarillas caducadas que permanec\u00edan almacenadas en espacios municipales","isPartOf":{"@id":"https:\/\/www.laguiadepamplona.com\/actualidad\/#website"},"primaryImageOfPage":{"@id":"https:\/\/www.laguiadepamplona.com\/actualidad\/el-ayuntamiento-envia-para-destruir-y-reconvertir-en-materiales-sostenibles-408-000-mascarillas-caducadas-que-permanecian-almacenadas-en-espacios-municipales\/#primaryimage"},"image":{"@id":"https:\/\/www.laguiadepamplona.com\/actualidad\/el-ayuntamiento-envia-para-destruir-y-reconvertir-en-materiales-sostenibles-408-000-mascarillas-caducadas-que-permanecian-almacenadas-en-espacios-municipales\/#primaryimage"},"thumbnailUrl":"https:\/\/www.laguiadepamplona.com\/actualidad\/wp-content\/uploads\/2025\/02\/mascarrillas2_0.webp","datePublished":"2025-02-11T12:11:52+00:00","description":"Las mascarillas fueron donadas en mayo de 2022 por el Gobierno central y su reconversi\u00f3n no supondr\u00e1 ning\u00fan gasto para el Ayuntamiento","breadcrumb":{"@id":"https:\/\/www.laguiadepamplona.com\/actualidad\/el-ayuntamiento-envia-para-destruir-y-reconvertir-en-materiales-sostenibles-408-000-mascarillas-caducadas-que-permanecian-almacenadas-en-espacios-municipales\/#breadcrumb"},"inLanguage":"es","potentialAction":[{"@type":"ReadAction","target":["https:\/\/www.laguiadepamplona.com\/actualidad\/el-ayuntamiento-envia-para-destruir-y-reconvertir-en-materiales-sostenibles-408-000-mascarillas-caducadas-que-permanecian-almacenadas-en-espacios-municipales\/"]}]},{"@type":"ImageObject","inLanguage":"es","@id":"https:\/\/www.laguiadepamplona.com\/actualidad\/el-ayuntamiento-envia-para-destruir-y-reconvertir-en-materiales-sostenibles-408-000-mascarillas-caducadas-que-permanecian-almacenadas-en-espacios-municipales\/#primaryimage","url":"https:\/\/www.laguiadepamplona.com\/actualidad\/wp-content\/uploads\/2025\/02\/mascarrillas2_0.webp","contentUrl":"https:\/\/www.laguiadepamplona.com\/actualidad\/wp-content\/uploads\/2025\/02\/mascarrillas2_0.webp","width":1000,"height":750,"caption":"mascarillas env\u00edo convertir materiales sostenibles"},{"@type":"BreadcrumbList","@id":"https:\/\/www.laguiadepamplona.com\/actualidad\/el-ayuntamiento-envia-para-destruir-y-reconvertir-en-materiales-sostenibles-408-000-mascarillas-caducadas-que-permanecian-almacenadas-en-espacios-municipales\/#breadcrumb","itemListElement":[{"@type":"ListItem","position":1,"name":"Portada","item":"https:\/\/www.laguiadepamplona.com\/actualidad\/"},{"@type":"ListItem","position":2,"name":"El Ayuntamiento env\u00eda para destruir y reconvertir en materiales sostenibles 408.000 mascarillas caducadas que permanec\u00edan almacenadas en espacios municipales"}]},{"@type":"WebSite","@id":"https:\/\/www.laguiadepamplona.com\/actualidad\/#website","url":"https:\/\/www.laguiadepamplona.com\/actualidad\/","name":"La gu\u00eda de Pamplona","description":"Noticias de Pamplona","publisher":{"@id":"https:\/\/www.laguiadepamplona.com\/actualidad\/#organization"},"potentialAction":[{"@type":"SearchAction","target":{"@type":"EntryPoint","urlTemplate":"https:\/\/www.laguiadepamplona.com\/actualidad\/?s={search_term_string}"},"query-input":{"@type":"PropertyValueSpecification","valueRequired":true,"valueName":"search_term_string"}}],"inLanguage":"es"},{"@type":"Organization","@id":"https:\/\/www.laguiadepamplona.com\/actualidad\/#organization","name":"La Gu\u00eda de Pamplona \/ Noticias","url":"https:\/\/www.laguiadepamplona.com\/actualidad\/","logo":{"@type":"ImageObject","inLanguage":"es","@id":"https:\/\/www.laguiadepamplona.com\/actualidad\/#\/schema\/logo\/image\/","url":"https:\/\/www.laguiadepamplona.com\/actualidad\/wp-content\/uploads\/2018\/11\/logo-laguiadepamplona18-web1.png","contentUrl":"https:\/\/www.laguiadepamplona.com\/actualidad\/wp-content\/uploads\/2018\/11\/logo-laguiadepamplona18-web1.png","width":600,"height":196,"caption":"La Gu\u00eda de Pamplona \/ Noticias"},"image":{"@id":"https:\/\/www.laguiadepamplona.com\/actualidad\/#\/schema\/logo\/image\/"},"sameAs":["https:\/\/www.facebook.com\/laguiadepamplonacom-133175176762273\/?ref=hl","https:\/\/x.com\/LaGuiadPamplona","https:\/\/www.instagram.com\/la_guia_de_pamplona\/","https:\/\/www.youtube.com\/user\/laguiadepamplona"]},{"@type":"Person","@id":"https:\/\/www.laguiadepamplona.com\/actualidad\/#\/schema\/person\/efe887376f0213d4657c93adc50b1fdb","name":"La Gu\u00eda de Pamplona","image":{"@type":"ImageObject","inLanguage":"es","@id":"https:\/\/secure.gravatar.com\/avatar\/b6992f131dc8d30ab0dff15446e9d346d9dbd95992de0fef795073f5ea83a81c?s=96&d=mm&r=g","url":"https:\/\/secure.gravatar.com\/avatar\/b6992f131dc8d30ab0dff15446e9d346d9dbd95992de0fef795073f5ea83a81c?s=96&d=mm&r=g","contentUrl":"https:\/\/secure.gravatar.com\/avatar\/b6992f131dc8d30ab0dff15446e9d346d9dbd95992de0fef795073f5ea83a81c?s=96&d=mm&r=g","caption":"La Gu\u00eda de Pamplona"}}]}},"post_mailing_queue_ids":[],"_links":{"self":[{"href":"https:\/\/www.laguiadepamplona.com\/actualidad\/wp-json\/wp\/v2\/posts\/52059","targetHints":{"allow":["GET"]}}],"collection":[{"href":"https:\/\/www.laguiadepamplona.com\/actualidad\/wp-json\/wp\/v2\/posts"}],"about":[{"href":"https:\/\/www.laguiadepamplona.com\/actualidad\/wp-json\/wp\/v2\/types\/post"}],"author":[{"embeddable":true,"href":"https:\/\/www.laguiadepamplona.com\/actualidad\/wp-json\/wp\/v2\/users\/1"}],"replies":[{"embeddable":true,"href":"https:\/\/www.laguiadepamplona.com\/actualidad\/wp-json\/wp\/v2\/comments?post=52059"}],"version-history":[{"count":1,"href":"https:\/\/www.laguiadepamplona.com\/actualidad\/wp-json\/wp\/v2\/posts\/52059\/revisions"}],"predecessor-version":[{"id":52061,"href":"https:\/\/www.laguiadepamplona.com\/actualidad\/wp-json\/wp\/v2\/posts\/52059\/revisions\/52061"}],"wp:featuredmedia":[{"embeddable":true,"href":"https:\/\/www.laguiadepamplona.com\/actualidad\/wp-json\/wp\/v2\/media\/52060"}],"wp:attachment":[{"href":"https:\/\/www.laguiadepamplona.com\/actualidad\/wp-json\/wp\/v2\/media?parent=52059"}],"wp:term":[{"taxonomy":"category","embeddable":true,"href":"https:\/\/www.laguiadepamplona.com\/actualidad\/wp-json\/wp\/v2\/categories?post=52059"},{"taxonomy":"post_tag","embeddable":true,"href":"https:\/\/www.laguiadepamplona.com\/actualidad\/wp-json\/wp\/v2\/tags?post=52059"}],"curies":[{"name":"wp","href":"https:\/\/api.w.org\/{rel}","templated":true}]}}