{"id":52056,"date":"2025-02-11T14:09:51","date_gmt":"2025-02-11T12:09:51","guid":{"rendered":"https:\/\/www.laguiadepamplona.com\/actualidad\/?p=52056"},"modified":"2025-02-11T14:09:51","modified_gmt":"2025-02-11T12:09:51","slug":"la-dramaturga-y-directora-pamplonesa-ana-maestrojuan-dirige-los-28o-premios-max-en-una-gala-que-tendra-como-escenario-del-teatro-gayarre","status":"publish","type":"post","link":"https:\/\/www.laguiadepamplona.com\/actualidad\/la-dramaturga-y-directora-pamplonesa-ana-maestrojuan-dirige-los-28o-premios-max-en-una-gala-que-tendra-como-escenario-del-teatro-gayarre\/","title":{"rendered":"La dramaturga y directora pamplonesa Ana Maestroju\u00e1n dirige los 28\u00ba Premios Max, en una gala que tendr\u00e1 como escenario del Teatro Gayarre"},"content":{"rendered":"<h2>Con m\u00e1s de 15 obras de recorrido, su trayectoria abarca desde teatro cl\u00e1sico y familiar hasta ficciones sonoras<\/h2>\n<p><!--more--><\/p>\n<p>La dramaturga, directora y productora Ana Maestroju\u00e1n Guindano (Pamplona, 1976) ha sido seleccionada por el Comit\u00e9 de Premios Max para dirigir la gala de la 28\u00aa edici\u00f3n de los Premios Max de las Artes Esc\u00e9nicas \u2013 Pamplona Iru\u00f1a, que se celebrar\u00e1 el 16 de junio de 2025 en el Teatro Gayarre. \u201cHe pasado por todas las emociones b\u00e1sicas posibles: primero, estupor, euforia, negaci\u00f3n; ahora, valent\u00eda y responsabilidad. Pero \u00bfqui\u00e9n dijo miedo?\u201d, reconoce Maestroju\u00e1n, que acepta este reto \u201ccon ilusi\u00f3n y con ganas de mostrar lo que s\u00e9 hacer\u201d. \u201cLos diferentes tiempos que se viven en el teatro vertebrar\u00e1n la ceremonia\u201d, adelanta. \u201cHistorias no dogm\u00e1ticas, abiertas y no conclusivas, que apoyen la tem\u00e1tica del tiempo en las artes vivas, en el espectador, en el creador\u2026\u201d es su objetivo principal en una gala en la que trabajar\u00e1, dice, \u201cdesde mis motores, aunque no deja de ser un espect\u00e1culo pensado para ser emitido por televisi\u00f3n\u201d.<\/p>\n<p>Ganadora en 2017 y 2019 del Premio a la Creaci\u00f3n Art\u00edstica del Ayuntamiento de Pamplona, la intensa carrera de la creadora navarra, con m\u00e1s de 15 obras, est\u00e1 incuestionablemente vinculada al Teatro Gayarre, el decimon\u00f3nico escenario que acoger\u00e1 la entrega. Un lugar que para ella es historia viva del teatro, y en el que confiesa jugar\u00e1 con ventaja. \u201cEs un espacio c\u00e1lido, del que conozco sus entresijos y sus defectos, pero tambi\u00e9n puedo aprovechar muy bien sus virtudes\u201d, confiesa. Para ella, esta bombonera representa \u201cun entorno seguro dentro de toda la inseguridad que supone este desaf\u00edo\u201d.<\/p>\n<p>Organizados por la Sociedad General de Autores y Editores, a trav\u00e9s de la Fundaci\u00f3n SGAE, estos galardones cuentan con la colaboraci\u00f3n del Ayuntamiento de Pamplona, el Gobierno de Navarra, el Ministerio de Cultura y Deporte, a trav\u00e9s del Instituto Nacional de las Artes Esc\u00e9nicas y la M\u00fasica (INAEM), y el grupo Eulen. La ceremonia ser\u00e1 retransmitida a trav\u00e9s de La 2 de Televisi\u00f3n Espa\u00f1ola, el Canal Internacional de RTVE y v\u00eda streaming por RTVE Play.<\/p>\n<p><strong>El foco en las Artes Esc\u00e9nicas navarras<\/strong><\/p>\n<p>Tras 28 a\u00f1os de trayectoria ininterrumpida, los Premios Max aterrizan por primera vez a la Comunidad Foral de Navarra. \u201cHay una escucha muy activa por parte de las administraciones p\u00fablicas y se tiene en cuenta a los profesionales, pero contin\u00faa habiendo carencias econ\u00f3micas y de programaci\u00f3n. Hay que hacer pedagog\u00eda para que comprendan que la cultura es un bien necesario para la sociedad\u201d, argumenta la tambi\u00e9n vicepresidenta de la asociaci\u00f3n Escena Navarra (ESNA), sobre el estado de las artes vivas en la regi\u00f3n.<\/p>\n<p>Pese a ello, conf\u00eda en que los Max sirvan para evidenciar el profundo tejido esc\u00e9nico de Navarra y faciliten la difusi\u00f3n de sus artes vivas: \u201cLas periferias, como se nos llama a veces, tambi\u00e9n existimos; aqu\u00ed hay un grupo de profesionales que tienen su val\u00eda, su recorrido y su posici\u00f3n dentro de las Artes Esc\u00e9nicas\u201d, ha reivindicado la dramaturga, que tambi\u00e9n se rodear\u00e1 de un equipo art\u00edstico repleto de creadores navarros para poner en pie esta 28\u00aa edici\u00f3n.<\/p>\n<p><strong>La duda y el cuestionamiento como m\u00e9todo de trabajo<\/strong><\/p>\n<p>En sus m\u00e1s de dos d\u00e9cadas de trabajo, Ana Maestroju\u00e1n se ha formado con autores como Alfredo Sanzol, Andr\u00e9s Lima o Miguel del Arco. Jaume Melendres le ense\u00f1\u00f3 \u201ca mirar y a agarrar la vida\u201d y sus estancias en Francia e Italia le permitieron \u201ctomar una pulsi\u00f3n diferente\u201d. Ha dirigido obras en el Festival de Almagro, en el de Olite o en el Teatro Gayarre, coordinado el proyecto de ficciones sonora Dramawalker del CDN en Pamplona, entre muchas otras actividades, tambi\u00e9n pedag\u00f3gicas.<\/p>\n<p>Formada como educadora infantil, ha escrito y dirigido textos que abarcan desde el teatro cl\u00e1sico hasta el familiar: \u201cDel barroco he rescatado figuras femeninas injustamente olvidadas, como la de Ana Caro. En la ceremonia habr\u00e1 algo de esta \u00e9poca porque es un veh\u00edculo perfecto para mostrarnos d\u00f3nde estamos y, sobre todo, ense\u00f1arnos hacia d\u00f3nde no debemos ir\u201d, relata. Miembro de la Junta Directiva de la Asociaci\u00f3n Teveo, su vocaci\u00f3n como docente le ha permitido encarar los espect\u00e1culos dedicados a la infancia y juventud \u201cescuchando las preguntas y las respuestas de los ni\u00f1os y las ni\u00f1as e implicando al adulto que les acompa\u00f1a. As\u00ed construimos p\u00fablicos del presente y del futuro\u201d.<\/p>\n<p>Un m\u00e9todo que se repite continuamente: hacer que el espectador dude. \u201cSoy una persona que lo cuestiona todo, me cuesta digerir los dogmas y la visi\u00f3n \u00fanica me genera desconfianza. No me interesa el teatro que sentencia, sino el que genera preguntas\u201d. Y son preguntas dirigidas siempre con un prop\u00f3sito: \u201cSi las lanzo al p\u00fablico es porque me las estoy lanzando a m\u00ed misma; me resit\u00faan en mi pensamiento, en mi ideolog\u00eda y en mi forma de ser\u201d, reflexiona.<\/p>\n<p>Ana Maestroju\u00e1n es licenciada en Direcci\u00f3n Esc\u00e9nica y Dramaturgia por el Institut del Teatre de Barcelona, M\u00e1ster en estudios de avanzados de teatro por la UNIR y Diplomada en Magisterio en la UPNA. Realiza los estudios de arte dram\u00e1tico en la Escuela Navarra de Teatro en su Pamplona natal. Es la directora art\u00edstica de la compa\u00f1\u00eda teatral Producciones Maestras, siendo la autora y directora de la mayor\u00eda de sus obras, y la vicepresidenta de la Asociaci\u00f3n Empresarial Escena Navarra (ESNA). Se ha formado con profesionales como Alfredo Sanzol, Miguel del Arco, Andr\u00e9s Lima, Carles Santos o Enzo Cormann, entre otros.<\/p>\n<p>Como autora teatral, ha recibido en dos ocasiones (2017 por El fant\u00e1stico parque de Martina, 2019 por Est\u00e1s en Babia) el Premio a la Creaci\u00f3n Art\u00edstica del Ayuntamiento de Pamplona, y en 2009 consigue uno de los premios dentro del ciclo \u2018Peque\u00f1as obras de nuevos autores\u2019 concedido por el Teatro Gayarre de Pamplona. La Malpag\u00e1, Loco Desatino o Como un pez son algunas de sus creaciones. Tambi\u00e9n es coordinadora de Dramawalker, un proyecto basado en ficciones sonoras geolocalizadas que desarrolla el Centro Dram\u00e1tico Nacional junto al Teatro Gayarre de Pamplona. Es miembro del colectivo dramat\u00fargico \u201cLa playa\u201d creado en San Miniato (Italia) en el a\u00f1o 2004, integrado por autores teatrales diferentes nacionalidades. Tambi\u00e9n es Acad\u00e9mica en la Academia de las Artes Esc\u00e9nicas, miembro de la Junta Directiva de la Asociaci\u00f3n Teveo de Artes Es\u00e9nicas para la infancia y Juventud y es vicepresidenta de la asociaci\u00f3n Escena Navarra (ESNA).<\/p>\n<p><strong>Tres premios especiales<\/strong><\/p>\n<p>Los galardones m\u00e1s prestigiosos de las Artes Esc\u00e9nicas en el \u00e1mbito estatal celebran 28 a\u00f1os de trayectoria manteniendo sus 20 categor\u00edas a concurso y tres premios especiales: el Premio Max de honor, que distinguir\u00e1 la trayectoria de una persona por su aportaci\u00f3n, entrega y defensa de la profesi\u00f3n; el Premio Max aplauso del p\u00fablico, que se conceder\u00e1 al espect\u00e1culo que haya cosechado un mayor respaldo del p\u00fablico, sustentado en la masiva asistencia de espectadores y su permanencia en cartelera, y el Premio Max aficionado o de car\u00e1cter social, que engloba proyectos a favor de la integraci\u00f3n y la proyecci\u00f3n social y a compa\u00f1\u00edas aficionadas con una sobresaliente contribuci\u00f3n en el sector.<\/p>\n<p><strong>Acerca de los Premios Max<\/strong><\/p>\n<p>Organizados por la Fundaci\u00f3n SGAE desde 1998, los Premios Max, cuyo galard\u00f3n est\u00e1 dise\u00f1ado por el poeta y artista pl\u00e1stico Joan Brossa (Barcelona, 1919-1999), impulsor de uno de los colectivos renovadores del arte espa\u00f1ol de posguerra, se han consolidado a lo largo de estos a\u00f1os como el reconocimiento m\u00e1s amplio en el \u00e1mbito de las artes esc\u00e9nicas en el estado espa\u00f1ol.<\/p>\n<p>En su \u00faltima edici\u00f3n, celebrada el 1 de julio en el Auditorio de Tenerife, concurrieron 527 espect\u00e1culos, la segunda cifra m\u00e1s alta de inscripciones en la historia de los premios solo<\/p>\n","protected":false},"excerpt":{"rendered":"<p>Con m\u00e1s de 15 obras de recorrido, su trayectoria abarca desde teatro cl\u00e1sico y familiar hasta ficciones sonoras<\/p>\n","protected":false},"author":1,"featured_media":52057,"comment_status":"open","ping_status":"closed","sticky":false,"template":"","format":"standard","meta":{"footnotes":""},"categories":[2],"tags":[],"class_list":["post-52056","post","type-post","status-publish","format-standard","has-post-thumbnail","hentry","category-ayuntamiento-pamplona"],"yoast_head":"<!-- This site is optimized with the Yoast SEO plugin v27.3 - https:\/\/yoast.com\/product\/yoast-seo-wordpress\/ -->\n<title>La dramaturga y directora pamplonesa Ana Maestroju\u00e1n dirige los 28\u00ba Premios Max, en una gala que tendr\u00e1 como escenario del Teatro Gayarre<\/title>\n<meta name=\"description\" content=\"Con m\u00e1s de 15 obras de recorrido, su trayectoria abarca desde teatro cl\u00e1sico y familiar hasta ficciones sonoras\" \/>\n<meta name=\"robots\" content=\"index, follow, max-snippet:-1, max-image-preview:large, max-video-preview:-1\" \/>\n<link rel=\"canonical\" href=\"https:\/\/www.laguiadepamplona.com\/actualidad\/la-dramaturga-y-directora-pamplonesa-ana-maestrojuan-dirige-los-28o-premios-max-en-una-gala-que-tendra-como-escenario-del-teatro-gayarre\/\" \/>\n<meta property=\"og:locale\" content=\"es_ES\" \/>\n<meta property=\"og:type\" content=\"article\" \/>\n<meta property=\"og:title\" content=\"La dramaturga y directora pamplonesa Ana Maestroju\u00e1n dirige los 28\u00ba Premios Max, en una gala que tendr\u00e1 como escenario del Teatro Gayarre\" \/>\n<meta property=\"og:description\" content=\"Con m\u00e1s de 15 obras de recorrido, su trayectoria abarca desde teatro cl\u00e1sico y familiar hasta ficciones sonoras\" \/>\n<meta property=\"og:url\" content=\"https:\/\/www.laguiadepamplona.com\/actualidad\/la-dramaturga-y-directora-pamplonesa-ana-maestrojuan-dirige-los-28o-premios-max-en-una-gala-que-tendra-como-escenario-del-teatro-gayarre\/\" \/>\n<meta property=\"og:site_name\" content=\"La Gu\u00eda de Pamplona\" \/>\n<meta property=\"article:publisher\" content=\"https:\/\/www.facebook.com\/laguiadepamplonacom-133175176762273\/?ref=hl\" \/>\n<meta property=\"article:published_time\" content=\"2025-02-11T12:09:51+00:00\" \/>\n<meta property=\"og:image\" content=\"https:\/\/www.laguiadepamplona.com\/actualidad\/wp-content\/uploads\/2025\/02\/Premios-Max_web.webp\" \/>\n\t<meta property=\"og:image:width\" content=\"1000\" \/>\n\t<meta property=\"og:image:height\" content=\"563\" \/>\n\t<meta property=\"og:image:type\" content=\"image\/webp\" \/>\n<meta name=\"author\" content=\"La Gu\u00eda de Pamplona\" \/>\n<meta name=\"twitter:card\" content=\"summary_large_image\" \/>\n<meta name=\"twitter:creator\" content=\"@LaGuiadPamplona\" \/>\n<meta name=\"twitter:site\" content=\"@LaGuiadPamplona\" \/>\n<meta name=\"twitter:label1\" content=\"Escrito por\" \/>\n\t<meta name=\"twitter:data1\" content=\"La Gu\u00eda de Pamplona\" \/>\n\t<meta name=\"twitter:label2\" content=\"Tiempo de lectura\" \/>\n\t<meta name=\"twitter:data2\" content=\"6 minutos\" \/>\n<script type=\"application\/ld+json\" class=\"yoast-schema-graph\">{\"@context\":\"https:\\\/\\\/schema.org\",\"@graph\":[{\"@type\":\"Article\",\"@id\":\"https:\\\/\\\/www.laguiadepamplona.com\\\/actualidad\\\/la-dramaturga-y-directora-pamplonesa-ana-maestrojuan-dirige-los-28o-premios-max-en-una-gala-que-tendra-como-escenario-del-teatro-gayarre\\\/#article\",\"isPartOf\":{\"@id\":\"https:\\\/\\\/www.laguiadepamplona.com\\\/actualidad\\\/la-dramaturga-y-directora-pamplonesa-ana-maestrojuan-dirige-los-28o-premios-max-en-una-gala-que-tendra-como-escenario-del-teatro-gayarre\\\/\"},\"author\":{\"name\":\"La Gu\u00eda de Pamplona\",\"@id\":\"https:\\\/\\\/www.laguiadepamplona.com\\\/actualidad\\\/#\\\/schema\\\/person\\\/efe887376f0213d4657c93adc50b1fdb\"},\"headline\":\"La dramaturga y directora pamplonesa Ana Maestroju\u00e1n dirige los 28\u00ba Premios Max, en una gala que tendr\u00e1 como escenario del Teatro Gayarre\",\"datePublished\":\"2025-02-11T12:09:51+00:00\",\"mainEntityOfPage\":{\"@id\":\"https:\\\/\\\/www.laguiadepamplona.com\\\/actualidad\\\/la-dramaturga-y-directora-pamplonesa-ana-maestrojuan-dirige-los-28o-premios-max-en-una-gala-que-tendra-como-escenario-del-teatro-gayarre\\\/\"},\"wordCount\":1380,\"commentCount\":0,\"publisher\":{\"@id\":\"https:\\\/\\\/www.laguiadepamplona.com\\\/actualidad\\\/#organization\"},\"image\":{\"@id\":\"https:\\\/\\\/www.laguiadepamplona.com\\\/actualidad\\\/la-dramaturga-y-directora-pamplonesa-ana-maestrojuan-dirige-los-28o-premios-max-en-una-gala-que-tendra-como-escenario-del-teatro-gayarre\\\/#primaryimage\"},\"thumbnailUrl\":\"https:\\\/\\\/www.laguiadepamplona.com\\\/actualidad\\\/wp-content\\\/uploads\\\/2025\\\/02\\\/Premios-Max_web.webp\",\"articleSection\":[\"Ayto Pamplona\"],\"inLanguage\":\"es\",\"potentialAction\":[{\"@type\":\"CommentAction\",\"name\":\"Comment\",\"target\":[\"https:\\\/\\\/www.laguiadepamplona.com\\\/actualidad\\\/la-dramaturga-y-directora-pamplonesa-ana-maestrojuan-dirige-los-28o-premios-max-en-una-gala-que-tendra-como-escenario-del-teatro-gayarre\\\/#respond\"]}]},{\"@type\":\"WebPage\",\"@id\":\"https:\\\/\\\/www.laguiadepamplona.com\\\/actualidad\\\/la-dramaturga-y-directora-pamplonesa-ana-maestrojuan-dirige-los-28o-premios-max-en-una-gala-que-tendra-como-escenario-del-teatro-gayarre\\\/\",\"url\":\"https:\\\/\\\/www.laguiadepamplona.com\\\/actualidad\\\/la-dramaturga-y-directora-pamplonesa-ana-maestrojuan-dirige-los-28o-premios-max-en-una-gala-que-tendra-como-escenario-del-teatro-gayarre\\\/\",\"name\":\"La dramaturga y directora pamplonesa Ana Maestroju\u00e1n dirige los 28\u00ba Premios Max, en una gala que tendr\u00e1 como escenario del Teatro Gayarre\",\"isPartOf\":{\"@id\":\"https:\\\/\\\/www.laguiadepamplona.com\\\/actualidad\\\/#website\"},\"primaryImageOfPage\":{\"@id\":\"https:\\\/\\\/www.laguiadepamplona.com\\\/actualidad\\\/la-dramaturga-y-directora-pamplonesa-ana-maestrojuan-dirige-los-28o-premios-max-en-una-gala-que-tendra-como-escenario-del-teatro-gayarre\\\/#primaryimage\"},\"image\":{\"@id\":\"https:\\\/\\\/www.laguiadepamplona.com\\\/actualidad\\\/la-dramaturga-y-directora-pamplonesa-ana-maestrojuan-dirige-los-28o-premios-max-en-una-gala-que-tendra-como-escenario-del-teatro-gayarre\\\/#primaryimage\"},\"thumbnailUrl\":\"https:\\\/\\\/www.laguiadepamplona.com\\\/actualidad\\\/wp-content\\\/uploads\\\/2025\\\/02\\\/Premios-Max_web.webp\",\"datePublished\":\"2025-02-11T12:09:51+00:00\",\"description\":\"Con m\u00e1s de 15 obras de recorrido, su trayectoria abarca desde teatro cl\u00e1sico y familiar hasta ficciones sonoras\",\"breadcrumb\":{\"@id\":\"https:\\\/\\\/www.laguiadepamplona.com\\\/actualidad\\\/la-dramaturga-y-directora-pamplonesa-ana-maestrojuan-dirige-los-28o-premios-max-en-una-gala-que-tendra-como-escenario-del-teatro-gayarre\\\/#breadcrumb\"},\"inLanguage\":\"es\",\"potentialAction\":[{\"@type\":\"ReadAction\",\"target\":[\"https:\\\/\\\/www.laguiadepamplona.com\\\/actualidad\\\/la-dramaturga-y-directora-pamplonesa-ana-maestrojuan-dirige-los-28o-premios-max-en-una-gala-que-tendra-como-escenario-del-teatro-gayarre\\\/\"]}]},{\"@type\":\"ImageObject\",\"inLanguage\":\"es\",\"@id\":\"https:\\\/\\\/www.laguiadepamplona.com\\\/actualidad\\\/la-dramaturga-y-directora-pamplonesa-ana-maestrojuan-dirige-los-28o-premios-max-en-una-gala-que-tendra-como-escenario-del-teatro-gayarre\\\/#primaryimage\",\"url\":\"https:\\\/\\\/www.laguiadepamplona.com\\\/actualidad\\\/wp-content\\\/uploads\\\/2025\\\/02\\\/Premios-Max_web.webp\",\"contentUrl\":\"https:\\\/\\\/www.laguiadepamplona.com\\\/actualidad\\\/wp-content\\\/uploads\\\/2025\\\/02\\\/Premios-Max_web.webp\",\"width\":1000,\"height\":563,\"caption\":\"premios max\"},{\"@type\":\"BreadcrumbList\",\"@id\":\"https:\\\/\\\/www.laguiadepamplona.com\\\/actualidad\\\/la-dramaturga-y-directora-pamplonesa-ana-maestrojuan-dirige-los-28o-premios-max-en-una-gala-que-tendra-como-escenario-del-teatro-gayarre\\\/#breadcrumb\",\"itemListElement\":[{\"@type\":\"ListItem\",\"position\":1,\"name\":\"Portada\",\"item\":\"https:\\\/\\\/www.laguiadepamplona.com\\\/actualidad\\\/\"},{\"@type\":\"ListItem\",\"position\":2,\"name\":\"La dramaturga y directora pamplonesa Ana Maestroju\u00e1n dirige los 28\u00ba Premios Max, en una gala que tendr\u00e1 como escenario del Teatro Gayarre\"}]},{\"@type\":\"WebSite\",\"@id\":\"https:\\\/\\\/www.laguiadepamplona.com\\\/actualidad\\\/#website\",\"url\":\"https:\\\/\\\/www.laguiadepamplona.com\\\/actualidad\\\/\",\"name\":\"La gu\u00eda de Pamplona\",\"description\":\"Noticias de Pamplona\",\"publisher\":{\"@id\":\"https:\\\/\\\/www.laguiadepamplona.com\\\/actualidad\\\/#organization\"},\"potentialAction\":[{\"@type\":\"SearchAction\",\"target\":{\"@type\":\"EntryPoint\",\"urlTemplate\":\"https:\\\/\\\/www.laguiadepamplona.com\\\/actualidad\\\/?s={search_term_string}\"},\"query-input\":{\"@type\":\"PropertyValueSpecification\",\"valueRequired\":true,\"valueName\":\"search_term_string\"}}],\"inLanguage\":\"es\"},{\"@type\":\"Organization\",\"@id\":\"https:\\\/\\\/www.laguiadepamplona.com\\\/actualidad\\\/#organization\",\"name\":\"La Gu\u00eda de Pamplona \\\/ Noticias\",\"url\":\"https:\\\/\\\/www.laguiadepamplona.com\\\/actualidad\\\/\",\"logo\":{\"@type\":\"ImageObject\",\"inLanguage\":\"es\",\"@id\":\"https:\\\/\\\/www.laguiadepamplona.com\\\/actualidad\\\/#\\\/schema\\\/logo\\\/image\\\/\",\"url\":\"https:\\\/\\\/www.laguiadepamplona.com\\\/actualidad\\\/wp-content\\\/uploads\\\/2018\\\/11\\\/logo-laguiadepamplona18-web1.png\",\"contentUrl\":\"https:\\\/\\\/www.laguiadepamplona.com\\\/actualidad\\\/wp-content\\\/uploads\\\/2018\\\/11\\\/logo-laguiadepamplona18-web1.png\",\"width\":600,\"height\":196,\"caption\":\"La Gu\u00eda de Pamplona \\\/ Noticias\"},\"image\":{\"@id\":\"https:\\\/\\\/www.laguiadepamplona.com\\\/actualidad\\\/#\\\/schema\\\/logo\\\/image\\\/\"},\"sameAs\":[\"https:\\\/\\\/www.facebook.com\\\/laguiadepamplonacom-133175176762273\\\/?ref=hl\",\"https:\\\/\\\/x.com\\\/LaGuiadPamplona\",\"https:\\\/\\\/www.instagram.com\\\/la_guia_de_pamplona\\\/\",\"https:\\\/\\\/www.youtube.com\\\/user\\\/laguiadepamplona\"]},{\"@type\":\"Person\",\"@id\":\"https:\\\/\\\/www.laguiadepamplona.com\\\/actualidad\\\/#\\\/schema\\\/person\\\/efe887376f0213d4657c93adc50b1fdb\",\"name\":\"La Gu\u00eda de Pamplona\",\"image\":{\"@type\":\"ImageObject\",\"inLanguage\":\"es\",\"@id\":\"https:\\\/\\\/secure.gravatar.com\\\/avatar\\\/b6992f131dc8d30ab0dff15446e9d346d9dbd95992de0fef795073f5ea83a81c?s=96&d=mm&r=g\",\"url\":\"https:\\\/\\\/secure.gravatar.com\\\/avatar\\\/b6992f131dc8d30ab0dff15446e9d346d9dbd95992de0fef795073f5ea83a81c?s=96&d=mm&r=g\",\"contentUrl\":\"https:\\\/\\\/secure.gravatar.com\\\/avatar\\\/b6992f131dc8d30ab0dff15446e9d346d9dbd95992de0fef795073f5ea83a81c?s=96&d=mm&r=g\",\"caption\":\"La Gu\u00eda de Pamplona\"}}]}<\/script>\n<!-- \/ Yoast SEO plugin. -->","yoast_head_json":{"title":"La dramaturga y directora pamplonesa Ana Maestroju\u00e1n dirige los 28\u00ba Premios Max, en una gala que tendr\u00e1 como escenario del Teatro Gayarre","description":"Con m\u00e1s de 15 obras de recorrido, su trayectoria abarca desde teatro cl\u00e1sico y familiar hasta ficciones sonoras","robots":{"index":"index","follow":"follow","max-snippet":"max-snippet:-1","max-image-preview":"max-image-preview:large","max-video-preview":"max-video-preview:-1"},"canonical":"https:\/\/www.laguiadepamplona.com\/actualidad\/la-dramaturga-y-directora-pamplonesa-ana-maestrojuan-dirige-los-28o-premios-max-en-una-gala-que-tendra-como-escenario-del-teatro-gayarre\/","og_locale":"es_ES","og_type":"article","og_title":"La dramaturga y directora pamplonesa Ana Maestroju\u00e1n dirige los 28\u00ba Premios Max, en una gala que tendr\u00e1 como escenario del Teatro Gayarre","og_description":"Con m\u00e1s de 15 obras de recorrido, su trayectoria abarca desde teatro cl\u00e1sico y familiar hasta ficciones sonoras","og_url":"https:\/\/www.laguiadepamplona.com\/actualidad\/la-dramaturga-y-directora-pamplonesa-ana-maestrojuan-dirige-los-28o-premios-max-en-una-gala-que-tendra-como-escenario-del-teatro-gayarre\/","og_site_name":"La Gu\u00eda de Pamplona","article_publisher":"https:\/\/www.facebook.com\/laguiadepamplonacom-133175176762273\/?ref=hl","article_published_time":"2025-02-11T12:09:51+00:00","og_image":[{"width":1000,"height":563,"url":"https:\/\/www.laguiadepamplona.com\/actualidad\/wp-content\/uploads\/2025\/02\/Premios-Max_web.webp","type":"image\/webp"}],"author":"La Gu\u00eda de Pamplona","twitter_card":"summary_large_image","twitter_creator":"@LaGuiadPamplona","twitter_site":"@LaGuiadPamplona","twitter_misc":{"Escrito por":"La Gu\u00eda de Pamplona","Tiempo de lectura":"6 minutos"},"schema":{"@context":"https:\/\/schema.org","@graph":[{"@type":"Article","@id":"https:\/\/www.laguiadepamplona.com\/actualidad\/la-dramaturga-y-directora-pamplonesa-ana-maestrojuan-dirige-los-28o-premios-max-en-una-gala-que-tendra-como-escenario-del-teatro-gayarre\/#article","isPartOf":{"@id":"https:\/\/www.laguiadepamplona.com\/actualidad\/la-dramaturga-y-directora-pamplonesa-ana-maestrojuan-dirige-los-28o-premios-max-en-una-gala-que-tendra-como-escenario-del-teatro-gayarre\/"},"author":{"name":"La Gu\u00eda de Pamplona","@id":"https:\/\/www.laguiadepamplona.com\/actualidad\/#\/schema\/person\/efe887376f0213d4657c93adc50b1fdb"},"headline":"La dramaturga y directora pamplonesa Ana Maestroju\u00e1n dirige los 28\u00ba Premios Max, en una gala que tendr\u00e1 como escenario del Teatro Gayarre","datePublished":"2025-02-11T12:09:51+00:00","mainEntityOfPage":{"@id":"https:\/\/www.laguiadepamplona.com\/actualidad\/la-dramaturga-y-directora-pamplonesa-ana-maestrojuan-dirige-los-28o-premios-max-en-una-gala-que-tendra-como-escenario-del-teatro-gayarre\/"},"wordCount":1380,"commentCount":0,"publisher":{"@id":"https:\/\/www.laguiadepamplona.com\/actualidad\/#organization"},"image":{"@id":"https:\/\/www.laguiadepamplona.com\/actualidad\/la-dramaturga-y-directora-pamplonesa-ana-maestrojuan-dirige-los-28o-premios-max-en-una-gala-que-tendra-como-escenario-del-teatro-gayarre\/#primaryimage"},"thumbnailUrl":"https:\/\/www.laguiadepamplona.com\/actualidad\/wp-content\/uploads\/2025\/02\/Premios-Max_web.webp","articleSection":["Ayto Pamplona"],"inLanguage":"es","potentialAction":[{"@type":"CommentAction","name":"Comment","target":["https:\/\/www.laguiadepamplona.com\/actualidad\/la-dramaturga-y-directora-pamplonesa-ana-maestrojuan-dirige-los-28o-premios-max-en-una-gala-que-tendra-como-escenario-del-teatro-gayarre\/#respond"]}]},{"@type":"WebPage","@id":"https:\/\/www.laguiadepamplona.com\/actualidad\/la-dramaturga-y-directora-pamplonesa-ana-maestrojuan-dirige-los-28o-premios-max-en-una-gala-que-tendra-como-escenario-del-teatro-gayarre\/","url":"https:\/\/www.laguiadepamplona.com\/actualidad\/la-dramaturga-y-directora-pamplonesa-ana-maestrojuan-dirige-los-28o-premios-max-en-una-gala-que-tendra-como-escenario-del-teatro-gayarre\/","name":"La dramaturga y directora pamplonesa Ana Maestroju\u00e1n dirige los 28\u00ba Premios Max, en una gala que tendr\u00e1 como escenario del Teatro Gayarre","isPartOf":{"@id":"https:\/\/www.laguiadepamplona.com\/actualidad\/#website"},"primaryImageOfPage":{"@id":"https:\/\/www.laguiadepamplona.com\/actualidad\/la-dramaturga-y-directora-pamplonesa-ana-maestrojuan-dirige-los-28o-premios-max-en-una-gala-que-tendra-como-escenario-del-teatro-gayarre\/#primaryimage"},"image":{"@id":"https:\/\/www.laguiadepamplona.com\/actualidad\/la-dramaturga-y-directora-pamplonesa-ana-maestrojuan-dirige-los-28o-premios-max-en-una-gala-que-tendra-como-escenario-del-teatro-gayarre\/#primaryimage"},"thumbnailUrl":"https:\/\/www.laguiadepamplona.com\/actualidad\/wp-content\/uploads\/2025\/02\/Premios-Max_web.webp","datePublished":"2025-02-11T12:09:51+00:00","description":"Con m\u00e1s de 15 obras de recorrido, su trayectoria abarca desde teatro cl\u00e1sico y familiar hasta ficciones sonoras","breadcrumb":{"@id":"https:\/\/www.laguiadepamplona.com\/actualidad\/la-dramaturga-y-directora-pamplonesa-ana-maestrojuan-dirige-los-28o-premios-max-en-una-gala-que-tendra-como-escenario-del-teatro-gayarre\/#breadcrumb"},"inLanguage":"es","potentialAction":[{"@type":"ReadAction","target":["https:\/\/www.laguiadepamplona.com\/actualidad\/la-dramaturga-y-directora-pamplonesa-ana-maestrojuan-dirige-los-28o-premios-max-en-una-gala-que-tendra-como-escenario-del-teatro-gayarre\/"]}]},{"@type":"ImageObject","inLanguage":"es","@id":"https:\/\/www.laguiadepamplona.com\/actualidad\/la-dramaturga-y-directora-pamplonesa-ana-maestrojuan-dirige-los-28o-premios-max-en-una-gala-que-tendra-como-escenario-del-teatro-gayarre\/#primaryimage","url":"https:\/\/www.laguiadepamplona.com\/actualidad\/wp-content\/uploads\/2025\/02\/Premios-Max_web.webp","contentUrl":"https:\/\/www.laguiadepamplona.com\/actualidad\/wp-content\/uploads\/2025\/02\/Premios-Max_web.webp","width":1000,"height":563,"caption":"premios max"},{"@type":"BreadcrumbList","@id":"https:\/\/www.laguiadepamplona.com\/actualidad\/la-dramaturga-y-directora-pamplonesa-ana-maestrojuan-dirige-los-28o-premios-max-en-una-gala-que-tendra-como-escenario-del-teatro-gayarre\/#breadcrumb","itemListElement":[{"@type":"ListItem","position":1,"name":"Portada","item":"https:\/\/www.laguiadepamplona.com\/actualidad\/"},{"@type":"ListItem","position":2,"name":"La dramaturga y directora pamplonesa Ana Maestroju\u00e1n dirige los 28\u00ba Premios Max, en una gala que tendr\u00e1 como escenario del Teatro Gayarre"}]},{"@type":"WebSite","@id":"https:\/\/www.laguiadepamplona.com\/actualidad\/#website","url":"https:\/\/www.laguiadepamplona.com\/actualidad\/","name":"La gu\u00eda de Pamplona","description":"Noticias de Pamplona","publisher":{"@id":"https:\/\/www.laguiadepamplona.com\/actualidad\/#organization"},"potentialAction":[{"@type":"SearchAction","target":{"@type":"EntryPoint","urlTemplate":"https:\/\/www.laguiadepamplona.com\/actualidad\/?s={search_term_string}"},"query-input":{"@type":"PropertyValueSpecification","valueRequired":true,"valueName":"search_term_string"}}],"inLanguage":"es"},{"@type":"Organization","@id":"https:\/\/www.laguiadepamplona.com\/actualidad\/#organization","name":"La Gu\u00eda de Pamplona \/ Noticias","url":"https:\/\/www.laguiadepamplona.com\/actualidad\/","logo":{"@type":"ImageObject","inLanguage":"es","@id":"https:\/\/www.laguiadepamplona.com\/actualidad\/#\/schema\/logo\/image\/","url":"https:\/\/www.laguiadepamplona.com\/actualidad\/wp-content\/uploads\/2018\/11\/logo-laguiadepamplona18-web1.png","contentUrl":"https:\/\/www.laguiadepamplona.com\/actualidad\/wp-content\/uploads\/2018\/11\/logo-laguiadepamplona18-web1.png","width":600,"height":196,"caption":"La Gu\u00eda de Pamplona \/ Noticias"},"image":{"@id":"https:\/\/www.laguiadepamplona.com\/actualidad\/#\/schema\/logo\/image\/"},"sameAs":["https:\/\/www.facebook.com\/laguiadepamplonacom-133175176762273\/?ref=hl","https:\/\/x.com\/LaGuiadPamplona","https:\/\/www.instagram.com\/la_guia_de_pamplona\/","https:\/\/www.youtube.com\/user\/laguiadepamplona"]},{"@type":"Person","@id":"https:\/\/www.laguiadepamplona.com\/actualidad\/#\/schema\/person\/efe887376f0213d4657c93adc50b1fdb","name":"La Gu\u00eda de Pamplona","image":{"@type":"ImageObject","inLanguage":"es","@id":"https:\/\/secure.gravatar.com\/avatar\/b6992f131dc8d30ab0dff15446e9d346d9dbd95992de0fef795073f5ea83a81c?s=96&d=mm&r=g","url":"https:\/\/secure.gravatar.com\/avatar\/b6992f131dc8d30ab0dff15446e9d346d9dbd95992de0fef795073f5ea83a81c?s=96&d=mm&r=g","contentUrl":"https:\/\/secure.gravatar.com\/avatar\/b6992f131dc8d30ab0dff15446e9d346d9dbd95992de0fef795073f5ea83a81c?s=96&d=mm&r=g","caption":"La Gu\u00eda de Pamplona"}}]}},"post_mailing_queue_ids":[],"_links":{"self":[{"href":"https:\/\/www.laguiadepamplona.com\/actualidad\/wp-json\/wp\/v2\/posts\/52056","targetHints":{"allow":["GET"]}}],"collection":[{"href":"https:\/\/www.laguiadepamplona.com\/actualidad\/wp-json\/wp\/v2\/posts"}],"about":[{"href":"https:\/\/www.laguiadepamplona.com\/actualidad\/wp-json\/wp\/v2\/types\/post"}],"author":[{"embeddable":true,"href":"https:\/\/www.laguiadepamplona.com\/actualidad\/wp-json\/wp\/v2\/users\/1"}],"replies":[{"embeddable":true,"href":"https:\/\/www.laguiadepamplona.com\/actualidad\/wp-json\/wp\/v2\/comments?post=52056"}],"version-history":[{"count":1,"href":"https:\/\/www.laguiadepamplona.com\/actualidad\/wp-json\/wp\/v2\/posts\/52056\/revisions"}],"predecessor-version":[{"id":52058,"href":"https:\/\/www.laguiadepamplona.com\/actualidad\/wp-json\/wp\/v2\/posts\/52056\/revisions\/52058"}],"wp:featuredmedia":[{"embeddable":true,"href":"https:\/\/www.laguiadepamplona.com\/actualidad\/wp-json\/wp\/v2\/media\/52057"}],"wp:attachment":[{"href":"https:\/\/www.laguiadepamplona.com\/actualidad\/wp-json\/wp\/v2\/media?parent=52056"}],"wp:term":[{"taxonomy":"category","embeddable":true,"href":"https:\/\/www.laguiadepamplona.com\/actualidad\/wp-json\/wp\/v2\/categories?post=52056"},{"taxonomy":"post_tag","embeddable":true,"href":"https:\/\/www.laguiadepamplona.com\/actualidad\/wp-json\/wp\/v2\/tags?post=52056"}],"curies":[{"name":"wp","href":"https:\/\/api.w.org\/{rel}","templated":true}]}}