{"id":52047,"date":"2025-02-10T19:09:12","date_gmt":"2025-02-10T17:09:12","guid":{"rendered":"https:\/\/www.laguiadepamplona.com\/actualidad\/?p=52047"},"modified":"2025-02-10T19:09:12","modified_gmt":"2025-02-10T17:09:12","slug":"pamplona-participa-en-el-proyecto-europeo-de-cooperacion-transfronteriza-comdur-para-ayudar-al-comercio-local-a-traves-de-la-economia-circular-y-la-sostenibilidad","status":"publish","type":"post","link":"https:\/\/www.laguiadepamplona.com\/actualidad\/pamplona-participa-en-el-proyecto-europeo-de-cooperacion-transfronteriza-comdur-para-ayudar-al-comercio-local-a-traves-de-la-economia-circular-y-la-sostenibilidad\/","title":{"rendered":"Pamplona participa en el proyecto europeo de cooperaci\u00f3n transfronteriza COMDUR para ayudar al comercio local a trav\u00e9s de la econom\u00eda circular y la sostenibilidad"},"content":{"rendered":"<h2>El Ayuntamiento de Pamplona asume la contrataci\u00f3n de un plan de comunicaci\u00f3n para la difusi\u00f3n de la marca y las acciones del proyecto<\/h2>\n<p><!--more--><\/p>\n<p>El Ayuntamiento de Pamplona participa en el proyecto europeo COMDUR (Comercio Durable \u2013 Comercio Sostenible) que nace con el objetivo de ayudar al comercio local a incorporar procesos de econom\u00eda circular para evitar el desperdicio, mejorar la competitividad y hacer de la sostenibilidad un valor diferencial. El proyecto se enmarca en el programa europeo de cooperaci\u00f3n transfronteriza Interreg VI-A Espa\u00f1a-Francia-Andorra (POCTEFA 2021-2027). COMDUR se desarrollar\u00e1 hasta julio de 2026.<\/p>\n<p>La Junta de Gobierno Local ha aprobado esta ma\u00f1ana la adjudicaci\u00f3n de un contrato para la elaboraci\u00f3n y ejecuci\u00f3n de un plan de comunicaci\u00f3n para este proyecto COMDUR para difundir y dar visibilidad a las acciones que se van a desarrollar en los pr\u00f3ximos a\u00f1os, todo ello bajo una imagen com\u00fan, unitaria en los dise\u00f1os, que identifique el programa facilitando su conocimiento tanto por el p\u00fablico objetivo al que va dirigido, como por la sociedad en general. La empresa Effectia Innovation Solutions generar\u00e1 ese plan de comunicaci\u00f3n, que cuenta con un presupuesto de 38.000 euros.<\/p>\n<p>COMDUR busca crear un sistema que ayude a mejorar la rentabilidad del peque\u00f1o comercio a trav\u00e9s de la sostenibilidad. As\u00ed, se intentar\u00e1 reducir la generaci\u00f3n de residuos y mejorar el consumo energ\u00e9tico, analizando la generaci\u00f3n de nuevos modelos de negocio. Se plantea dise\u00f1ar una herramienta digital que permita a los peque\u00f1os comercios realizar un autodiagn\u00f3stico sobre si su actividad es sostenible o debe mejorar en este aspecto. Con esa informaci\u00f3n, y tras estudiar ejemplos de buenas pr\u00e1cticas, el proyecto plantea una formaci\u00f3n para personal t\u00e9cnico centrada en soluciones de econom\u00eda circular, as\u00ed como en la posibilidad de realizar itinerarios individualizados para que los comercios alcancen los objetivos de sostenibilidad.<\/p>\n<p>El proyecto COMDUR lo lidera la Federaci\u00f3n Mercantil de Gipuzkoa, en colaboraci\u00f3n con el Ayuntamiento de Pamplona, el Ayuntamiento de Pau, Zaragoza Esencia, la C\u00e1mara de Comercio e Industria de Toulouse y la C\u00e1mara de Comercio e Industria de Pirineos Occidentales. Como socio t\u00e9cnico participa EURECAT Centro Tecnol\u00f3gico de Catalu\u00f1a y, como entidades asociadas, el Gobierno Vasco, el Centro Comercial Abierto Teruel, el Ayuntamiento de Zaragoza, el Gobierno de Arag\u00f3n, el Ayuntamiento de Barcelona, la C\u00e1mara de Comercio e Industria de Pau y Federaci\u00f3n Comerciantes Pirineos Orientales.<\/p>\n<p><strong>Plan de comunicaci\u00f3n<\/strong><\/p>\n<p>Para mantener vivo el proyecto y estimular al sector del comercio a participar de las acciones y jornadas se ha contratado un plan de comunicaci\u00f3n a 3 a\u00f1os, con una imagen representativa que identifique todas las acciones relacionadas con COMDUR y le otorgue as\u00ed la m\u00e1xima visibilidad. El plan de comunicaci\u00f3n impulsado por el Ayuntamiento de Pamplona deber\u00e1 contar con la colaboraci\u00f3n y el visto bueno de todas las entidades socias del proyecto.<\/p>\n<p>Se busca con este plan mejorar el posicionamiento global del proyecto COMDUR y dotarle de una imagen p\u00fablica y reconocible por su p\u00fablico objetivo, as\u00ed como la actualizaci\u00f3n permanente de la estrategia comunicativa para asegurar la presencia y visibilidad del proyecto en todos los entornos y canales de comunicaci\u00f3n. El plan define los contenidos, formatos o herramientas de comunicaci\u00f3n y promoci\u00f3n de proyecto, adem\u00e1s de homogeneizar la imagen corporativa de los productos y servicios del proyecto COMDUR, entre otros objetivos.<\/p>\n<p>El plan incluye la creaci\u00f3n y dinamizaci\u00f3n contenidos de web del proyecto, la creaci\u00f3n y dinamizaci\u00f3n de perfiles de redes sociales, la realizaci\u00f3n e inserci\u00f3n de banners digitales, la adaptaci\u00f3n para carteles informativos del proyecto, la adaptaci\u00f3n y maquetaci\u00f3n de flyers, la adaptaci\u00f3n del dise\u00f1o al formato newsletter, la adaptaci\u00f3n del dise\u00f1o de cartel a formato anuncio; el dise\u00f1o de soportes que faciliten la participaci\u00f3n en eventos externos o propios de difusi\u00f3n del proyecto y la organizaci\u00f3n en el primer semestre de 2026 de una conferencia final del proyecto a celebrar en Pamplona.<\/p>\n","protected":false},"excerpt":{"rendered":"<p>El Ayuntamiento de Pamplona asume la contrataci\u00f3n de un plan de comunicaci\u00f3n para la difusi\u00f3n de la marca y las acciones del proyecto<\/p>\n","protected":false},"author":1,"featured_media":52048,"comment_status":"open","ping_status":"closed","sticky":false,"template":"","format":"standard","meta":{"footnotes":""},"categories":[2],"tags":[],"class_list":["post-52047","post","type-post","status-publish","format-standard","has-post-thumbnail","hentry","category-ayuntamiento-pamplona"],"yoast_head":"<!-- This site is optimized with the Yoast SEO plugin v27.3 - https:\/\/yoast.com\/product\/yoast-seo-wordpress\/ -->\n<title>Pamplona participa en el proyecto europeo de cooperaci\u00f3n transfronteriza COMDUR para ayudar al comercio local a trav\u00e9s de la econom\u00eda circular y la sostenibilidad<\/title>\n<meta name=\"description\" content=\"El Ayuntamiento de Pamplona asume la contrataci\u00f3n de un plan de comunicaci\u00f3n para la difusi\u00f3n de la marca y las acciones del proyecto\" \/>\n<meta name=\"robots\" content=\"index, follow, max-snippet:-1, max-image-preview:large, max-video-preview:-1\" \/>\n<link rel=\"canonical\" href=\"https:\/\/www.laguiadepamplona.com\/actualidad\/pamplona-participa-en-el-proyecto-europeo-de-cooperacion-transfronteriza-comdur-para-ayudar-al-comercio-local-a-traves-de-la-economia-circular-y-la-sostenibilidad\/\" \/>\n<meta property=\"og:locale\" content=\"es_ES\" \/>\n<meta property=\"og:type\" content=\"article\" \/>\n<meta property=\"og:title\" content=\"Pamplona participa en el proyecto europeo de cooperaci\u00f3n transfronteriza COMDUR para ayudar al comercio local a trav\u00e9s de la econom\u00eda circular y la sostenibilidad\" \/>\n<meta property=\"og:description\" content=\"El Ayuntamiento de Pamplona asume la contrataci\u00f3n de un plan de comunicaci\u00f3n para la difusi\u00f3n de la marca y las acciones del proyecto\" \/>\n<meta property=\"og:url\" content=\"https:\/\/www.laguiadepamplona.com\/actualidad\/pamplona-participa-en-el-proyecto-europeo-de-cooperacion-transfronteriza-comdur-para-ayudar-al-comercio-local-a-traves-de-la-economia-circular-y-la-sostenibilidad\/\" \/>\n<meta property=\"og:site_name\" content=\"La Gu\u00eda de Pamplona\" \/>\n<meta property=\"article:publisher\" content=\"https:\/\/www.facebook.com\/laguiadepamplonacom-133175176762273\/?ref=hl\" \/>\n<meta property=\"article:published_time\" content=\"2025-02-10T17:09:12+00:00\" \/>\n<meta property=\"og:image\" content=\"https:\/\/www.laguiadepamplona.com\/actualidad\/wp-content\/uploads\/2025\/02\/comercio_poctefa.webp\" \/>\n\t<meta property=\"og:image:width\" content=\"1000\" \/>\n\t<meta property=\"og:image:height\" content=\"668\" \/>\n\t<meta property=\"og:image:type\" content=\"image\/webp\" \/>\n<meta name=\"author\" content=\"La Gu\u00eda de Pamplona\" \/>\n<meta name=\"twitter:card\" content=\"summary_large_image\" \/>\n<meta name=\"twitter:creator\" content=\"@LaGuiadPamplona\" \/>\n<meta name=\"twitter:site\" content=\"@LaGuiadPamplona\" \/>\n<meta name=\"twitter:label1\" content=\"Escrito por\" \/>\n\t<meta name=\"twitter:data1\" content=\"La Gu\u00eda de Pamplona\" \/>\n\t<meta name=\"twitter:label2\" content=\"Tiempo de lectura\" \/>\n\t<meta name=\"twitter:data2\" content=\"3 minutos\" \/>\n<script type=\"application\/ld+json\" class=\"yoast-schema-graph\">{\"@context\":\"https:\\\/\\\/schema.org\",\"@graph\":[{\"@type\":\"Article\",\"@id\":\"https:\\\/\\\/www.laguiadepamplona.com\\\/actualidad\\\/pamplona-participa-en-el-proyecto-europeo-de-cooperacion-transfronteriza-comdur-para-ayudar-al-comercio-local-a-traves-de-la-economia-circular-y-la-sostenibilidad\\\/#article\",\"isPartOf\":{\"@id\":\"https:\\\/\\\/www.laguiadepamplona.com\\\/actualidad\\\/pamplona-participa-en-el-proyecto-europeo-de-cooperacion-transfronteriza-comdur-para-ayudar-al-comercio-local-a-traves-de-la-economia-circular-y-la-sostenibilidad\\\/\"},\"author\":{\"name\":\"La Gu\u00eda de Pamplona\",\"@id\":\"https:\\\/\\\/www.laguiadepamplona.com\\\/actualidad\\\/#\\\/schema\\\/person\\\/efe887376f0213d4657c93adc50b1fdb\"},\"headline\":\"Pamplona participa en el proyecto europeo de cooperaci\u00f3n transfronteriza COMDUR para ayudar al comercio local a trav\u00e9s de la econom\u00eda circular y la sostenibilidad\",\"datePublished\":\"2025-02-10T17:09:12+00:00\",\"mainEntityOfPage\":{\"@id\":\"https:\\\/\\\/www.laguiadepamplona.com\\\/actualidad\\\/pamplona-participa-en-el-proyecto-europeo-de-cooperacion-transfronteriza-comdur-para-ayudar-al-comercio-local-a-traves-de-la-economia-circular-y-la-sostenibilidad\\\/\"},\"wordCount\":724,\"commentCount\":0,\"publisher\":{\"@id\":\"https:\\\/\\\/www.laguiadepamplona.com\\\/actualidad\\\/#organization\"},\"image\":{\"@id\":\"https:\\\/\\\/www.laguiadepamplona.com\\\/actualidad\\\/pamplona-participa-en-el-proyecto-europeo-de-cooperacion-transfronteriza-comdur-para-ayudar-al-comercio-local-a-traves-de-la-economia-circular-y-la-sostenibilidad\\\/#primaryimage\"},\"thumbnailUrl\":\"https:\\\/\\\/www.laguiadepamplona.com\\\/actualidad\\\/wp-content\\\/uploads\\\/2025\\\/02\\\/comercio_poctefa.webp\",\"articleSection\":[\"Ayto Pamplona\"],\"inLanguage\":\"es\",\"potentialAction\":[{\"@type\":\"CommentAction\",\"name\":\"Comment\",\"target\":[\"https:\\\/\\\/www.laguiadepamplona.com\\\/actualidad\\\/pamplona-participa-en-el-proyecto-europeo-de-cooperacion-transfronteriza-comdur-para-ayudar-al-comercio-local-a-traves-de-la-economia-circular-y-la-sostenibilidad\\\/#respond\"]}]},{\"@type\":\"WebPage\",\"@id\":\"https:\\\/\\\/www.laguiadepamplona.com\\\/actualidad\\\/pamplona-participa-en-el-proyecto-europeo-de-cooperacion-transfronteriza-comdur-para-ayudar-al-comercio-local-a-traves-de-la-economia-circular-y-la-sostenibilidad\\\/\",\"url\":\"https:\\\/\\\/www.laguiadepamplona.com\\\/actualidad\\\/pamplona-participa-en-el-proyecto-europeo-de-cooperacion-transfronteriza-comdur-para-ayudar-al-comercio-local-a-traves-de-la-economia-circular-y-la-sostenibilidad\\\/\",\"name\":\"Pamplona participa en el proyecto europeo de cooperaci\u00f3n transfronteriza COMDUR para ayudar al comercio local a trav\u00e9s de la econom\u00eda circular y la sostenibilidad\",\"isPartOf\":{\"@id\":\"https:\\\/\\\/www.laguiadepamplona.com\\\/actualidad\\\/#website\"},\"primaryImageOfPage\":{\"@id\":\"https:\\\/\\\/www.laguiadepamplona.com\\\/actualidad\\\/pamplona-participa-en-el-proyecto-europeo-de-cooperacion-transfronteriza-comdur-para-ayudar-al-comercio-local-a-traves-de-la-economia-circular-y-la-sostenibilidad\\\/#primaryimage\"},\"image\":{\"@id\":\"https:\\\/\\\/www.laguiadepamplona.com\\\/actualidad\\\/pamplona-participa-en-el-proyecto-europeo-de-cooperacion-transfronteriza-comdur-para-ayudar-al-comercio-local-a-traves-de-la-economia-circular-y-la-sostenibilidad\\\/#primaryimage\"},\"thumbnailUrl\":\"https:\\\/\\\/www.laguiadepamplona.com\\\/actualidad\\\/wp-content\\\/uploads\\\/2025\\\/02\\\/comercio_poctefa.webp\",\"datePublished\":\"2025-02-10T17:09:12+00:00\",\"description\":\"El Ayuntamiento de Pamplona asume la contrataci\u00f3n de un plan de comunicaci\u00f3n para la difusi\u00f3n de la marca y las acciones del proyecto\",\"breadcrumb\":{\"@id\":\"https:\\\/\\\/www.laguiadepamplona.com\\\/actualidad\\\/pamplona-participa-en-el-proyecto-europeo-de-cooperacion-transfronteriza-comdur-para-ayudar-al-comercio-local-a-traves-de-la-economia-circular-y-la-sostenibilidad\\\/#breadcrumb\"},\"inLanguage\":\"es\",\"potentialAction\":[{\"@type\":\"ReadAction\",\"target\":[\"https:\\\/\\\/www.laguiadepamplona.com\\\/actualidad\\\/pamplona-participa-en-el-proyecto-europeo-de-cooperacion-transfronteriza-comdur-para-ayudar-al-comercio-local-a-traves-de-la-economia-circular-y-la-sostenibilidad\\\/\"]}]},{\"@type\":\"ImageObject\",\"inLanguage\":\"es\",\"@id\":\"https:\\\/\\\/www.laguiadepamplona.com\\\/actualidad\\\/pamplona-participa-en-el-proyecto-europeo-de-cooperacion-transfronteriza-comdur-para-ayudar-al-comercio-local-a-traves-de-la-economia-circular-y-la-sostenibilidad\\\/#primaryimage\",\"url\":\"https:\\\/\\\/www.laguiadepamplona.com\\\/actualidad\\\/wp-content\\\/uploads\\\/2025\\\/02\\\/comercio_poctefa.webp\",\"contentUrl\":\"https:\\\/\\\/www.laguiadepamplona.com\\\/actualidad\\\/wp-content\\\/uploads\\\/2025\\\/02\\\/comercio_poctefa.webp\",\"width\":1000,\"height\":668,\"caption\":\"comercio COMDUR\"},{\"@type\":\"BreadcrumbList\",\"@id\":\"https:\\\/\\\/www.laguiadepamplona.com\\\/actualidad\\\/pamplona-participa-en-el-proyecto-europeo-de-cooperacion-transfronteriza-comdur-para-ayudar-al-comercio-local-a-traves-de-la-economia-circular-y-la-sostenibilidad\\\/#breadcrumb\",\"itemListElement\":[{\"@type\":\"ListItem\",\"position\":1,\"name\":\"Portada\",\"item\":\"https:\\\/\\\/www.laguiadepamplona.com\\\/actualidad\\\/\"},{\"@type\":\"ListItem\",\"position\":2,\"name\":\"Pamplona participa en el proyecto europeo de cooperaci\u00f3n transfronteriza COMDUR para ayudar al comercio local a trav\u00e9s de la econom\u00eda circular y la sostenibilidad\"}]},{\"@type\":\"WebSite\",\"@id\":\"https:\\\/\\\/www.laguiadepamplona.com\\\/actualidad\\\/#website\",\"url\":\"https:\\\/\\\/www.laguiadepamplona.com\\\/actualidad\\\/\",\"name\":\"La gu\u00eda de Pamplona\",\"description\":\"Noticias de Pamplona\",\"publisher\":{\"@id\":\"https:\\\/\\\/www.laguiadepamplona.com\\\/actualidad\\\/#organization\"},\"potentialAction\":[{\"@type\":\"SearchAction\",\"target\":{\"@type\":\"EntryPoint\",\"urlTemplate\":\"https:\\\/\\\/www.laguiadepamplona.com\\\/actualidad\\\/?s={search_term_string}\"},\"query-input\":{\"@type\":\"PropertyValueSpecification\",\"valueRequired\":true,\"valueName\":\"search_term_string\"}}],\"inLanguage\":\"es\"},{\"@type\":\"Organization\",\"@id\":\"https:\\\/\\\/www.laguiadepamplona.com\\\/actualidad\\\/#organization\",\"name\":\"La Gu\u00eda de Pamplona \\\/ Noticias\",\"url\":\"https:\\\/\\\/www.laguiadepamplona.com\\\/actualidad\\\/\",\"logo\":{\"@type\":\"ImageObject\",\"inLanguage\":\"es\",\"@id\":\"https:\\\/\\\/www.laguiadepamplona.com\\\/actualidad\\\/#\\\/schema\\\/logo\\\/image\\\/\",\"url\":\"https:\\\/\\\/www.laguiadepamplona.com\\\/actualidad\\\/wp-content\\\/uploads\\\/2018\\\/11\\\/logo-laguiadepamplona18-web1.png\",\"contentUrl\":\"https:\\\/\\\/www.laguiadepamplona.com\\\/actualidad\\\/wp-content\\\/uploads\\\/2018\\\/11\\\/logo-laguiadepamplona18-web1.png\",\"width\":600,\"height\":196,\"caption\":\"La Gu\u00eda de Pamplona \\\/ Noticias\"},\"image\":{\"@id\":\"https:\\\/\\\/www.laguiadepamplona.com\\\/actualidad\\\/#\\\/schema\\\/logo\\\/image\\\/\"},\"sameAs\":[\"https:\\\/\\\/www.facebook.com\\\/laguiadepamplonacom-133175176762273\\\/?ref=hl\",\"https:\\\/\\\/x.com\\\/LaGuiadPamplona\",\"https:\\\/\\\/www.instagram.com\\\/la_guia_de_pamplona\\\/\",\"https:\\\/\\\/www.youtube.com\\\/user\\\/laguiadepamplona\"]},{\"@type\":\"Person\",\"@id\":\"https:\\\/\\\/www.laguiadepamplona.com\\\/actualidad\\\/#\\\/schema\\\/person\\\/efe887376f0213d4657c93adc50b1fdb\",\"name\":\"La Gu\u00eda de Pamplona\",\"image\":{\"@type\":\"ImageObject\",\"inLanguage\":\"es\",\"@id\":\"https:\\\/\\\/secure.gravatar.com\\\/avatar\\\/b6992f131dc8d30ab0dff15446e9d346d9dbd95992de0fef795073f5ea83a81c?s=96&d=mm&r=g\",\"url\":\"https:\\\/\\\/secure.gravatar.com\\\/avatar\\\/b6992f131dc8d30ab0dff15446e9d346d9dbd95992de0fef795073f5ea83a81c?s=96&d=mm&r=g\",\"contentUrl\":\"https:\\\/\\\/secure.gravatar.com\\\/avatar\\\/b6992f131dc8d30ab0dff15446e9d346d9dbd95992de0fef795073f5ea83a81c?s=96&d=mm&r=g\",\"caption\":\"La Gu\u00eda de Pamplona\"}}]}<\/script>\n<!-- \/ Yoast SEO plugin. -->","yoast_head_json":{"title":"Pamplona participa en el proyecto europeo de cooperaci\u00f3n transfronteriza COMDUR para ayudar al comercio local a trav\u00e9s de la econom\u00eda circular y la sostenibilidad","description":"El Ayuntamiento de Pamplona asume la contrataci\u00f3n de un plan de comunicaci\u00f3n para la difusi\u00f3n de la marca y las acciones del proyecto","robots":{"index":"index","follow":"follow","max-snippet":"max-snippet:-1","max-image-preview":"max-image-preview:large","max-video-preview":"max-video-preview:-1"},"canonical":"https:\/\/www.laguiadepamplona.com\/actualidad\/pamplona-participa-en-el-proyecto-europeo-de-cooperacion-transfronteriza-comdur-para-ayudar-al-comercio-local-a-traves-de-la-economia-circular-y-la-sostenibilidad\/","og_locale":"es_ES","og_type":"article","og_title":"Pamplona participa en el proyecto europeo de cooperaci\u00f3n transfronteriza COMDUR para ayudar al comercio local a trav\u00e9s de la econom\u00eda circular y la sostenibilidad","og_description":"El Ayuntamiento de Pamplona asume la contrataci\u00f3n de un plan de comunicaci\u00f3n para la difusi\u00f3n de la marca y las acciones del proyecto","og_url":"https:\/\/www.laguiadepamplona.com\/actualidad\/pamplona-participa-en-el-proyecto-europeo-de-cooperacion-transfronteriza-comdur-para-ayudar-al-comercio-local-a-traves-de-la-economia-circular-y-la-sostenibilidad\/","og_site_name":"La Gu\u00eda de Pamplona","article_publisher":"https:\/\/www.facebook.com\/laguiadepamplonacom-133175176762273\/?ref=hl","article_published_time":"2025-02-10T17:09:12+00:00","og_image":[{"width":1000,"height":668,"url":"https:\/\/www.laguiadepamplona.com\/actualidad\/wp-content\/uploads\/2025\/02\/comercio_poctefa.webp","type":"image\/webp"}],"author":"La Gu\u00eda de Pamplona","twitter_card":"summary_large_image","twitter_creator":"@LaGuiadPamplona","twitter_site":"@LaGuiadPamplona","twitter_misc":{"Escrito por":"La Gu\u00eda de Pamplona","Tiempo de lectura":"3 minutos"},"schema":{"@context":"https:\/\/schema.org","@graph":[{"@type":"Article","@id":"https:\/\/www.laguiadepamplona.com\/actualidad\/pamplona-participa-en-el-proyecto-europeo-de-cooperacion-transfronteriza-comdur-para-ayudar-al-comercio-local-a-traves-de-la-economia-circular-y-la-sostenibilidad\/#article","isPartOf":{"@id":"https:\/\/www.laguiadepamplona.com\/actualidad\/pamplona-participa-en-el-proyecto-europeo-de-cooperacion-transfronteriza-comdur-para-ayudar-al-comercio-local-a-traves-de-la-economia-circular-y-la-sostenibilidad\/"},"author":{"name":"La Gu\u00eda de Pamplona","@id":"https:\/\/www.laguiadepamplona.com\/actualidad\/#\/schema\/person\/efe887376f0213d4657c93adc50b1fdb"},"headline":"Pamplona participa en el proyecto europeo de cooperaci\u00f3n transfronteriza COMDUR para ayudar al comercio local a trav\u00e9s de la econom\u00eda circular y la sostenibilidad","datePublished":"2025-02-10T17:09:12+00:00","mainEntityOfPage":{"@id":"https:\/\/www.laguiadepamplona.com\/actualidad\/pamplona-participa-en-el-proyecto-europeo-de-cooperacion-transfronteriza-comdur-para-ayudar-al-comercio-local-a-traves-de-la-economia-circular-y-la-sostenibilidad\/"},"wordCount":724,"commentCount":0,"publisher":{"@id":"https:\/\/www.laguiadepamplona.com\/actualidad\/#organization"},"image":{"@id":"https:\/\/www.laguiadepamplona.com\/actualidad\/pamplona-participa-en-el-proyecto-europeo-de-cooperacion-transfronteriza-comdur-para-ayudar-al-comercio-local-a-traves-de-la-economia-circular-y-la-sostenibilidad\/#primaryimage"},"thumbnailUrl":"https:\/\/www.laguiadepamplona.com\/actualidad\/wp-content\/uploads\/2025\/02\/comercio_poctefa.webp","articleSection":["Ayto Pamplona"],"inLanguage":"es","potentialAction":[{"@type":"CommentAction","name":"Comment","target":["https:\/\/www.laguiadepamplona.com\/actualidad\/pamplona-participa-en-el-proyecto-europeo-de-cooperacion-transfronteriza-comdur-para-ayudar-al-comercio-local-a-traves-de-la-economia-circular-y-la-sostenibilidad\/#respond"]}]},{"@type":"WebPage","@id":"https:\/\/www.laguiadepamplona.com\/actualidad\/pamplona-participa-en-el-proyecto-europeo-de-cooperacion-transfronteriza-comdur-para-ayudar-al-comercio-local-a-traves-de-la-economia-circular-y-la-sostenibilidad\/","url":"https:\/\/www.laguiadepamplona.com\/actualidad\/pamplona-participa-en-el-proyecto-europeo-de-cooperacion-transfronteriza-comdur-para-ayudar-al-comercio-local-a-traves-de-la-economia-circular-y-la-sostenibilidad\/","name":"Pamplona participa en el proyecto europeo de cooperaci\u00f3n transfronteriza COMDUR para ayudar al comercio local a trav\u00e9s de la econom\u00eda circular y la sostenibilidad","isPartOf":{"@id":"https:\/\/www.laguiadepamplona.com\/actualidad\/#website"},"primaryImageOfPage":{"@id":"https:\/\/www.laguiadepamplona.com\/actualidad\/pamplona-participa-en-el-proyecto-europeo-de-cooperacion-transfronteriza-comdur-para-ayudar-al-comercio-local-a-traves-de-la-economia-circular-y-la-sostenibilidad\/#primaryimage"},"image":{"@id":"https:\/\/www.laguiadepamplona.com\/actualidad\/pamplona-participa-en-el-proyecto-europeo-de-cooperacion-transfronteriza-comdur-para-ayudar-al-comercio-local-a-traves-de-la-economia-circular-y-la-sostenibilidad\/#primaryimage"},"thumbnailUrl":"https:\/\/www.laguiadepamplona.com\/actualidad\/wp-content\/uploads\/2025\/02\/comercio_poctefa.webp","datePublished":"2025-02-10T17:09:12+00:00","description":"El Ayuntamiento de Pamplona asume la contrataci\u00f3n de un plan de comunicaci\u00f3n para la difusi\u00f3n de la marca y las acciones del proyecto","breadcrumb":{"@id":"https:\/\/www.laguiadepamplona.com\/actualidad\/pamplona-participa-en-el-proyecto-europeo-de-cooperacion-transfronteriza-comdur-para-ayudar-al-comercio-local-a-traves-de-la-economia-circular-y-la-sostenibilidad\/#breadcrumb"},"inLanguage":"es","potentialAction":[{"@type":"ReadAction","target":["https:\/\/www.laguiadepamplona.com\/actualidad\/pamplona-participa-en-el-proyecto-europeo-de-cooperacion-transfronteriza-comdur-para-ayudar-al-comercio-local-a-traves-de-la-economia-circular-y-la-sostenibilidad\/"]}]},{"@type":"ImageObject","inLanguage":"es","@id":"https:\/\/www.laguiadepamplona.com\/actualidad\/pamplona-participa-en-el-proyecto-europeo-de-cooperacion-transfronteriza-comdur-para-ayudar-al-comercio-local-a-traves-de-la-economia-circular-y-la-sostenibilidad\/#primaryimage","url":"https:\/\/www.laguiadepamplona.com\/actualidad\/wp-content\/uploads\/2025\/02\/comercio_poctefa.webp","contentUrl":"https:\/\/www.laguiadepamplona.com\/actualidad\/wp-content\/uploads\/2025\/02\/comercio_poctefa.webp","width":1000,"height":668,"caption":"comercio COMDUR"},{"@type":"BreadcrumbList","@id":"https:\/\/www.laguiadepamplona.com\/actualidad\/pamplona-participa-en-el-proyecto-europeo-de-cooperacion-transfronteriza-comdur-para-ayudar-al-comercio-local-a-traves-de-la-economia-circular-y-la-sostenibilidad\/#breadcrumb","itemListElement":[{"@type":"ListItem","position":1,"name":"Portada","item":"https:\/\/www.laguiadepamplona.com\/actualidad\/"},{"@type":"ListItem","position":2,"name":"Pamplona participa en el proyecto europeo de cooperaci\u00f3n transfronteriza COMDUR para ayudar al comercio local a trav\u00e9s de la econom\u00eda circular y la sostenibilidad"}]},{"@type":"WebSite","@id":"https:\/\/www.laguiadepamplona.com\/actualidad\/#website","url":"https:\/\/www.laguiadepamplona.com\/actualidad\/","name":"La gu\u00eda de Pamplona","description":"Noticias de Pamplona","publisher":{"@id":"https:\/\/www.laguiadepamplona.com\/actualidad\/#organization"},"potentialAction":[{"@type":"SearchAction","target":{"@type":"EntryPoint","urlTemplate":"https:\/\/www.laguiadepamplona.com\/actualidad\/?s={search_term_string}"},"query-input":{"@type":"PropertyValueSpecification","valueRequired":true,"valueName":"search_term_string"}}],"inLanguage":"es"},{"@type":"Organization","@id":"https:\/\/www.laguiadepamplona.com\/actualidad\/#organization","name":"La Gu\u00eda de Pamplona \/ Noticias","url":"https:\/\/www.laguiadepamplona.com\/actualidad\/","logo":{"@type":"ImageObject","inLanguage":"es","@id":"https:\/\/www.laguiadepamplona.com\/actualidad\/#\/schema\/logo\/image\/","url":"https:\/\/www.laguiadepamplona.com\/actualidad\/wp-content\/uploads\/2018\/11\/logo-laguiadepamplona18-web1.png","contentUrl":"https:\/\/www.laguiadepamplona.com\/actualidad\/wp-content\/uploads\/2018\/11\/logo-laguiadepamplona18-web1.png","width":600,"height":196,"caption":"La Gu\u00eda de Pamplona \/ Noticias"},"image":{"@id":"https:\/\/www.laguiadepamplona.com\/actualidad\/#\/schema\/logo\/image\/"},"sameAs":["https:\/\/www.facebook.com\/laguiadepamplonacom-133175176762273\/?ref=hl","https:\/\/x.com\/LaGuiadPamplona","https:\/\/www.instagram.com\/la_guia_de_pamplona\/","https:\/\/www.youtube.com\/user\/laguiadepamplona"]},{"@type":"Person","@id":"https:\/\/www.laguiadepamplona.com\/actualidad\/#\/schema\/person\/efe887376f0213d4657c93adc50b1fdb","name":"La Gu\u00eda de Pamplona","image":{"@type":"ImageObject","inLanguage":"es","@id":"https:\/\/secure.gravatar.com\/avatar\/b6992f131dc8d30ab0dff15446e9d346d9dbd95992de0fef795073f5ea83a81c?s=96&d=mm&r=g","url":"https:\/\/secure.gravatar.com\/avatar\/b6992f131dc8d30ab0dff15446e9d346d9dbd95992de0fef795073f5ea83a81c?s=96&d=mm&r=g","contentUrl":"https:\/\/secure.gravatar.com\/avatar\/b6992f131dc8d30ab0dff15446e9d346d9dbd95992de0fef795073f5ea83a81c?s=96&d=mm&r=g","caption":"La Gu\u00eda de Pamplona"}}]}},"post_mailing_queue_ids":[],"_links":{"self":[{"href":"https:\/\/www.laguiadepamplona.com\/actualidad\/wp-json\/wp\/v2\/posts\/52047","targetHints":{"allow":["GET"]}}],"collection":[{"href":"https:\/\/www.laguiadepamplona.com\/actualidad\/wp-json\/wp\/v2\/posts"}],"about":[{"href":"https:\/\/www.laguiadepamplona.com\/actualidad\/wp-json\/wp\/v2\/types\/post"}],"author":[{"embeddable":true,"href":"https:\/\/www.laguiadepamplona.com\/actualidad\/wp-json\/wp\/v2\/users\/1"}],"replies":[{"embeddable":true,"href":"https:\/\/www.laguiadepamplona.com\/actualidad\/wp-json\/wp\/v2\/comments?post=52047"}],"version-history":[{"count":1,"href":"https:\/\/www.laguiadepamplona.com\/actualidad\/wp-json\/wp\/v2\/posts\/52047\/revisions"}],"predecessor-version":[{"id":52049,"href":"https:\/\/www.laguiadepamplona.com\/actualidad\/wp-json\/wp\/v2\/posts\/52047\/revisions\/52049"}],"wp:featuredmedia":[{"embeddable":true,"href":"https:\/\/www.laguiadepamplona.com\/actualidad\/wp-json\/wp\/v2\/media\/52048"}],"wp:attachment":[{"href":"https:\/\/www.laguiadepamplona.com\/actualidad\/wp-json\/wp\/v2\/media?parent=52047"}],"wp:term":[{"taxonomy":"category","embeddable":true,"href":"https:\/\/www.laguiadepamplona.com\/actualidad\/wp-json\/wp\/v2\/categories?post=52047"},{"taxonomy":"post_tag","embeddable":true,"href":"https:\/\/www.laguiadepamplona.com\/actualidad\/wp-json\/wp\/v2\/tags?post=52047"}],"curies":[{"name":"wp","href":"https:\/\/api.w.org\/{rel}","templated":true}]}}