{"id":52045,"date":"2025-02-10T12:51:39","date_gmt":"2025-02-10T10:51:39","guid":{"rendered":"https:\/\/www.laguiadepamplona.com\/actualidad\/?p=52045"},"modified":"2025-02-10T12:51:39","modified_gmt":"2025-02-10T10:51:39","slug":"propuesta-de-actividades-organizadas-por-el-ayuntamiento-de-pamplona-del-11-al-13-de-febrero-con-plazas-libres","status":"publish","type":"post","link":"https:\/\/www.laguiadepamplona.com\/actualidad\/propuesta-de-actividades-organizadas-por-el-ayuntamiento-de-pamplona-del-11-al-13-de-febrero-con-plazas-libres\/","title":{"rendered":"Propuesta de actividades organizadas por el Ayuntamiento de Pamplona del 11 al 13 de febrero con plazas libres"},"content":{"rendered":"<p><!--more--><\/p>\n<p><strong>MARTES 11 DE FEBRERO<\/strong><\/p>\n<p><a href=\"https:\/\/www.pamplona.es\/actualidad\/eventos\/club-de-lectura-inclusiva-civivox-milagrosa\">Animaci\u00f3n a la lectura. Club de lectura inclusiva. Civivox Milagrosa, 12 horas. Entrada libre, previa inscripci\u00f3n en el 010, la red Civivox o<\/a> <a href=\"http:\/\/www.pamplonaescultura.es\">www.pamplonaescultura.es<\/a><\/p>\n<p>Club de lectura inclusiva de car\u00e1cter quincenal para p\u00fablico adulto en general y personas con discapacidad intelectual o s\u00edndrome de Down. Dinamizado por profesionales de la Asociaci\u00f3n S\u00edndrome de Down de Navarra.<\/p>\n<p><a href=\"https:\/\/www.pamplona.es\/actualidad\/eventos\/taller-de-haikus-biblioteca-publica-de-yamaguchipamplona.es\/actualidad\/eventos\/taller-de-haikus-biblioteca-publica-de-yamaguchi\">Taller de haiku. Haikunversaciones. Biblioteca P\u00fablica de Yamaguchi, 18 horas. Entrada libre, hasta completar el aforo<\/a><\/p>\n<p>Reuni\u00f3n abierta para el estudio del haiku. Trata sobre el contenido y la forma de los textos aportados por quienes asisten. \u00a0Cada participante corrige, modifica o descarta sus textos. Los textos aprobados como definitivos pasan a ser expuestos en el blog del grupo. Organiza Haikunversaciones.<\/p>\n<p><a href=\"https:\/\/www.pamplona.es\/actualidad\/eventos\/heroinas-del-cine-proyeccion-cinematografica-la-hija-oscura-de-maggie-gyllenhaal\">Hero\u00ednas del cine. Proyecci\u00f3n cinematogr\u00e1fica. \u2018La hija oscura\u2019, de Maggie Gyllenhaal. Civivox San Jorge, 18 horas. Entrada libre, previa inscripci\u00f3n en el 010, la red Civivox o<\/a> <a href=\"http:\/\/www.pamplonaescultura.es\">www.pamplonaescultura.es<\/a><\/p>\n<p>Sola en unas vacaciones junto al mar, Leda se ve consumida por una joven madre y su hija mientras las observa en la playa. Intrigada por su atractiva relaci\u00f3n (y por su estridente y amenazante familia), Leda se siente abrumada por sus propios recuerdos del terror, la confusi\u00f3n y la intensidad de la maternidad temprana. Un acto impulsivo lleva a Leda al extra\u00f1o y ominoso mundo de su propia mente, donde se ve obligada a enfrentarse a las decisiones poco convencionales que tom\u00f3 como madre joven y a sus consecuencias.<\/p>\n<p><a href=\"https:\/\/www.pamplona.es\/actualidad\/eventos\/ciclo-de-cine-negro-los-clasicos-mas-negros-proyeccion-cinematografica-la\">Ciclo de cine negro: los cl\u00e1sicos m\u00e1s negros. Proyecci\u00f3n cinematogr\u00e1fica. \u2018La ventana indiscreta\u2019, de Alfred Hitchcock. Biblioteca P\u00fablica de Txantrea, 18 horas. Entrada libre, hasta completar el aforo<\/a><\/p>\n<p>Un reportero fotogr\u00e1fico se ve obligado a permanecer en reposo con una pierna escayolada. A pesar de la compa\u00f1\u00eda de su novia y de su enfermera, procura escapar al tedio observando desde la ventana de su apartamento con unos prism\u00e1ticos lo que ocurre en las viviendas de enfrente. Debido a una serie de extra\u00f1as circunstancias empieza a sospechar de un vecino cuya mujer ha desaparecido.<\/p>\n<p><a href=\"https:\/\/www.pamplona.es\/actualidad\/eventos\/la-hora-del-cuento-y-mucho-mas-cuentacuentos-biblioteca-publica-de-mendillorri-0\">La hora del cuento\u2026 y mucho m\u00e1s. Cuentacuentos. Biblioteca P\u00fablica de Mendillorri, 18.15 horas. Entrada libre, previa inscripci\u00f3n en la biblioteca<\/a><\/p>\n<p>Sesi\u00f3n de cuentacuentos en el martes por la tarde con Ventura Ruiz. Las historias se agrupan bajo el t\u00edtulo \u2018En la oscuridad del cine\u2019. Para p\u00fablico infantil a partir de 4 a\u00f1os.<\/p>\n<p><strong>\u00a0<\/strong><\/p>\n<p><strong>MI\u00c9RCOLES 12 DE FEBRERO<\/strong><\/p>\n<p><a href=\"https:\/\/www.pamplona.es\/actualidad\/eventos\/ver-oir-aplaudir-proyeccion-cinematografica-accesible-especiales-hors-normes-de\">Ver, o\u00edr, aplaudir. Proyecci\u00f3n cinematogr\u00e1fica accesible. \u2018Especiales (Hors normes)\u2019, de Olivier Nakache y Eric Toledano. Civivox Iturrama, 19 horas. Entrada libre, previa inscripci\u00f3n en el 010, la red Civivox o<\/a> <a href=\"http:\/\/www.pamplonaescultura.es\">www.pamplonaescultura.es<\/a><\/p>\n<p>Bruno y Malik son dos amigos que durante veinte a\u00f1os han vivido en un mundo diferente: el de los ni\u00f1os y adolescentes autistas. A cargo de dos organizaciones sin \u00e1nimo de lucro, forman a j\u00f3venes para que sean cuidadores de casos extremos. De esta forma crean una asociaci\u00f3n excepcional, fuera de los entornos tradicionales, para unas personas extraordinarias. Proyecciones accesibles en DVD con sistema de audio-descripci\u00f3n. Programa en colaboraci\u00f3n con la Asociaci\u00f3n Retina Navarra.<\/p>\n<p>&nbsp;<\/p>\n<p><strong>JUEVES 13 DE FEBRERO<\/strong><\/p>\n<p><a href=\"https:\/\/www.pamplona.es\/actualidad\/eventos\/club-de-lectura-facil-confabuladas-civivox-iturrama\">Club de lectura f\u00e1cil. Confabuladas. Civivox Iturrama, 11 horas. Entrada libre, previa inscripci\u00f3n en el 010, la red Civivox o<\/a> <a href=\"http:\/\/www.pamplonaescultura.es\">www.pamplonaescultura.es<\/a><\/p>\n<p>El club de lectura f\u00e1cil es un club integrador, de car\u00e1cter mensual, en el que participan personas con diversas capacidades y se utiliza material adaptado a la lectura f\u00e1cil. Con Beatriz Cantero. Ciclo en colaboraci\u00f3n con Las Gafas de Escribir y ANFAS.<\/p>\n<p><a href=\"https:\/\/www.pamplona.es\/actualidad\/eventos\/cuentacuentos-que-gran-verdad-biblioteca-publica-de-milagrosa\">Cuentacuentos. \u00a1Qu\u00e9 gran verdad! Biblioteca P\u00fablica de Milagrosa, 18 horas. Inscripci\u00f3n previa en la propia biblioteca, el 948 24 54 60 o en<\/a> <a href=\"mailto:biblimil@navarra.es\">biblimil@navarra.es<\/a><\/p>\n<p>Sesi\u00f3n de cuentacuentos con Loli Franc\u00e9s bajo el t\u00edtulo \u2018<strong>\u00a1Qu\u00e9 gran verdad!\u2019, que d<\/strong>eleitar\u00e1 a p\u00fablico infantil a partir de 4 a\u00f1os con nuevos cuentos y personajes. Muchos de ellos dir\u00e1n verdades como templos.<\/p>\n<p><a href=\"https:\/\/www.pamplona.es\/actualidad\/eventos\/cuentacuentos-con-kamishibai-biblioteca-publica-de-yamaguchi-0\">Cuentacuentos con kamishibai. Biblioteca P\u00fablica de Yamaguchi, 18 horas. Entrada libre, hasta completar el aforo<\/a><\/p>\n<p>Sesi\u00f3n vespertina de cuentacuentos con kamishibai a cargo de M\u00aa Jes\u00fas Ollo, dirigido a p\u00fablico infantil mayor de 4 a\u00f1os.<\/p>\n<p><a href=\"https:\/\/www.pamplona.es\/actualidad\/eventos\/bertsoaroa-iruneko-historia-bertsotan-bertso-saio-historikoa-escuela-navarra-de\">Bertsoaroa. \u2018Iru\u00f1eko Historia Bertsotan\u2019 Bertso saio historikoa. Escuela Navarra de Teatro, 19 horas. Entrada libre, hasta completar el aforo<\/a><\/p>\n<p>Sesi\u00f3n de bertsos sobre la historia de Pamplona en la que participar\u00e1n Saioa Alkaiza y Sustrai Colina. Presenta el acto Ainhoa Larretxea.<\/p>\n<p><a href=\"https:\/\/www.pamplona.es\/actualidad\/eventos\/oh-diosas-amadas-autoras-frente-sus-iconos-literarios-encuentro-marta-jimenez\">Oh, diosas amadas. Autoras frente a sus iconos literarios. Encuentro. Marta Jim\u00e9nez: Virginia Woolf. Civivox Condestable, 19 horas. Entrada libre, hasta completar el aforo<\/a><\/p>\n<p>En la inauguraci\u00f3n del ciclo contaremos con la presencia de una de las autoras revelaci\u00f3n de los \u00faltimos a\u00f1os, Marta Jim\u00e9nez, que con su segundo libro \u2018No todo el mundo\u2019 ha conquistado a miles de lectoras y lectores. Dedicar\u00e1 su sesi\u00f3n a la enorme e imprescindible Virginia Woolf. \u2018Oh, diosas amadas\u2019 cumple 5 a\u00f1os. Un proyecto de autoras que hablan de autoras, que honran su escritura y su vida, sesiones que son declaraciones de amor personales.<\/p>\n","protected":false},"excerpt":{"rendered":"","protected":false},"author":1,"featured_media":41391,"comment_status":"open","ping_status":"closed","sticky":false,"template":"","format":"standard","meta":{"footnotes":""},"categories":[2],"tags":[],"class_list":["post-52045","post","type-post","status-publish","format-standard","has-post-thumbnail","hentry","category-ayuntamiento-pamplona"],"yoast_head":"<!-- This site is optimized with the Yoast SEO plugin v27.3 - https:\/\/yoast.com\/product\/yoast-seo-wordpress\/ -->\n<title>Propuesta de actividades organizadas por el Ayuntamiento de Pamplona del 11 al 13 de febrero con plazas libres<\/title>\n<meta name=\"robots\" content=\"index, follow, max-snippet:-1, max-image-preview:large, max-video-preview:-1\" \/>\n<link rel=\"canonical\" href=\"https:\/\/www.laguiadepamplona.com\/actualidad\/propuesta-de-actividades-organizadas-por-el-ayuntamiento-de-pamplona-del-11-al-13-de-febrero-con-plazas-libres\/\" \/>\n<meta property=\"og:locale\" content=\"es_ES\" \/>\n<meta property=\"og:type\" content=\"article\" \/>\n<meta property=\"og:title\" content=\"Propuesta de actividades organizadas por el Ayuntamiento de Pamplona del 11 al 13 de febrero con plazas libres\" \/>\n<meta property=\"og:url\" content=\"https:\/\/www.laguiadepamplona.com\/actualidad\/propuesta-de-actividades-organizadas-por-el-ayuntamiento-de-pamplona-del-11-al-13-de-febrero-con-plazas-libres\/\" \/>\n<meta property=\"og:site_name\" content=\"La Gu\u00eda de Pamplona\" \/>\n<meta property=\"article:publisher\" content=\"https:\/\/www.facebook.com\/laguiadepamplonacom-133175176762273\/?ref=hl\" \/>\n<meta property=\"article:published_time\" content=\"2025-02-10T10:51:39+00:00\" \/>\n<meta property=\"og:image\" content=\"https:\/\/www.laguiadepamplona.com\/actualidad\/wp-content\/uploads\/2022\/08\/reloj_ayuntamiento.webp\" \/>\n\t<meta property=\"og:image:width\" content=\"1920\" \/>\n\t<meta property=\"og:image:height\" content=\"1245\" \/>\n\t<meta property=\"og:image:type\" content=\"image\/webp\" \/>\n<meta name=\"author\" content=\"La Gu\u00eda de Pamplona\" \/>\n<meta name=\"twitter:card\" content=\"summary_large_image\" \/>\n<meta name=\"twitter:creator\" content=\"@LaGuiadPamplona\" \/>\n<meta name=\"twitter:site\" content=\"@LaGuiadPamplona\" \/>\n<meta name=\"twitter:label1\" content=\"Escrito por\" \/>\n\t<meta name=\"twitter:data1\" content=\"La Gu\u00eda de Pamplona\" \/>\n\t<meta name=\"twitter:label2\" content=\"Tiempo de lectura\" \/>\n\t<meta name=\"twitter:data2\" content=\"4 minutos\" \/>\n<script type=\"application\/ld+json\" class=\"yoast-schema-graph\">{\"@context\":\"https:\\\/\\\/schema.org\",\"@graph\":[{\"@type\":\"Article\",\"@id\":\"https:\\\/\\\/www.laguiadepamplona.com\\\/actualidad\\\/propuesta-de-actividades-organizadas-por-el-ayuntamiento-de-pamplona-del-11-al-13-de-febrero-con-plazas-libres\\\/#article\",\"isPartOf\":{\"@id\":\"https:\\\/\\\/www.laguiadepamplona.com\\\/actualidad\\\/propuesta-de-actividades-organizadas-por-el-ayuntamiento-de-pamplona-del-11-al-13-de-febrero-con-plazas-libres\\\/\"},\"author\":{\"name\":\"La Gu\u00eda de Pamplona\",\"@id\":\"https:\\\/\\\/www.laguiadepamplona.com\\\/actualidad\\\/#\\\/schema\\\/person\\\/efe887376f0213d4657c93adc50b1fdb\"},\"headline\":\"Propuesta de actividades organizadas por el Ayuntamiento de Pamplona del 11 al 13 de febrero con plazas libres\",\"datePublished\":\"2025-02-10T10:51:39+00:00\",\"mainEntityOfPage\":{\"@id\":\"https:\\\/\\\/www.laguiadepamplona.com\\\/actualidad\\\/propuesta-de-actividades-organizadas-por-el-ayuntamiento-de-pamplona-del-11-al-13-de-febrero-con-plazas-libres\\\/\"},\"wordCount\":869,\"commentCount\":0,\"publisher\":{\"@id\":\"https:\\\/\\\/www.laguiadepamplona.com\\\/actualidad\\\/#organization\"},\"image\":{\"@id\":\"https:\\\/\\\/www.laguiadepamplona.com\\\/actualidad\\\/propuesta-de-actividades-organizadas-por-el-ayuntamiento-de-pamplona-del-11-al-13-de-febrero-con-plazas-libres\\\/#primaryimage\"},\"thumbnailUrl\":\"https:\\\/\\\/www.laguiadepamplona.com\\\/actualidad\\\/wp-content\\\/uploads\\\/2022\\\/08\\\/reloj_ayuntamiento.webp\",\"articleSection\":[\"Ayto Pamplona\"],\"inLanguage\":\"es\",\"potentialAction\":[{\"@type\":\"CommentAction\",\"name\":\"Comment\",\"target\":[\"https:\\\/\\\/www.laguiadepamplona.com\\\/actualidad\\\/propuesta-de-actividades-organizadas-por-el-ayuntamiento-de-pamplona-del-11-al-13-de-febrero-con-plazas-libres\\\/#respond\"]}]},{\"@type\":\"WebPage\",\"@id\":\"https:\\\/\\\/www.laguiadepamplona.com\\\/actualidad\\\/propuesta-de-actividades-organizadas-por-el-ayuntamiento-de-pamplona-del-11-al-13-de-febrero-con-plazas-libres\\\/\",\"url\":\"https:\\\/\\\/www.laguiadepamplona.com\\\/actualidad\\\/propuesta-de-actividades-organizadas-por-el-ayuntamiento-de-pamplona-del-11-al-13-de-febrero-con-plazas-libres\\\/\",\"name\":\"Propuesta de actividades organizadas por el Ayuntamiento de Pamplona del 11 al 13 de febrero con plazas libres\",\"isPartOf\":{\"@id\":\"https:\\\/\\\/www.laguiadepamplona.com\\\/actualidad\\\/#website\"},\"primaryImageOfPage\":{\"@id\":\"https:\\\/\\\/www.laguiadepamplona.com\\\/actualidad\\\/propuesta-de-actividades-organizadas-por-el-ayuntamiento-de-pamplona-del-11-al-13-de-febrero-con-plazas-libres\\\/#primaryimage\"},\"image\":{\"@id\":\"https:\\\/\\\/www.laguiadepamplona.com\\\/actualidad\\\/propuesta-de-actividades-organizadas-por-el-ayuntamiento-de-pamplona-del-11-al-13-de-febrero-con-plazas-libres\\\/#primaryimage\"},\"thumbnailUrl\":\"https:\\\/\\\/www.laguiadepamplona.com\\\/actualidad\\\/wp-content\\\/uploads\\\/2022\\\/08\\\/reloj_ayuntamiento.webp\",\"datePublished\":\"2025-02-10T10:51:39+00:00\",\"breadcrumb\":{\"@id\":\"https:\\\/\\\/www.laguiadepamplona.com\\\/actualidad\\\/propuesta-de-actividades-organizadas-por-el-ayuntamiento-de-pamplona-del-11-al-13-de-febrero-con-plazas-libres\\\/#breadcrumb\"},\"inLanguage\":\"es\",\"potentialAction\":[{\"@type\":\"ReadAction\",\"target\":[\"https:\\\/\\\/www.laguiadepamplona.com\\\/actualidad\\\/propuesta-de-actividades-organizadas-por-el-ayuntamiento-de-pamplona-del-11-al-13-de-febrero-con-plazas-libres\\\/\"]}]},{\"@type\":\"ImageObject\",\"inLanguage\":\"es\",\"@id\":\"https:\\\/\\\/www.laguiadepamplona.com\\\/actualidad\\\/propuesta-de-actividades-organizadas-por-el-ayuntamiento-de-pamplona-del-11-al-13-de-febrero-con-plazas-libres\\\/#primaryimage\",\"url\":\"https:\\\/\\\/www.laguiadepamplona.com\\\/actualidad\\\/wp-content\\\/uploads\\\/2022\\\/08\\\/reloj_ayuntamiento.webp\",\"contentUrl\":\"https:\\\/\\\/www.laguiadepamplona.com\\\/actualidad\\\/wp-content\\\/uploads\\\/2022\\\/08\\\/reloj_ayuntamiento.webp\",\"width\":1920,\"height\":1245,\"caption\":\"ayuntamiento\"},{\"@type\":\"BreadcrumbList\",\"@id\":\"https:\\\/\\\/www.laguiadepamplona.com\\\/actualidad\\\/propuesta-de-actividades-organizadas-por-el-ayuntamiento-de-pamplona-del-11-al-13-de-febrero-con-plazas-libres\\\/#breadcrumb\",\"itemListElement\":[{\"@type\":\"ListItem\",\"position\":1,\"name\":\"Portada\",\"item\":\"https:\\\/\\\/www.laguiadepamplona.com\\\/actualidad\\\/\"},{\"@type\":\"ListItem\",\"position\":2,\"name\":\"Propuesta de actividades organizadas por el Ayuntamiento de Pamplona del 11 al 13 de febrero con plazas libres\"}]},{\"@type\":\"WebSite\",\"@id\":\"https:\\\/\\\/www.laguiadepamplona.com\\\/actualidad\\\/#website\",\"url\":\"https:\\\/\\\/www.laguiadepamplona.com\\\/actualidad\\\/\",\"name\":\"La gu\u00eda de Pamplona\",\"description\":\"Noticias de Pamplona\",\"publisher\":{\"@id\":\"https:\\\/\\\/www.laguiadepamplona.com\\\/actualidad\\\/#organization\"},\"potentialAction\":[{\"@type\":\"SearchAction\",\"target\":{\"@type\":\"EntryPoint\",\"urlTemplate\":\"https:\\\/\\\/www.laguiadepamplona.com\\\/actualidad\\\/?s={search_term_string}\"},\"query-input\":{\"@type\":\"PropertyValueSpecification\",\"valueRequired\":true,\"valueName\":\"search_term_string\"}}],\"inLanguage\":\"es\"},{\"@type\":\"Organization\",\"@id\":\"https:\\\/\\\/www.laguiadepamplona.com\\\/actualidad\\\/#organization\",\"name\":\"La Gu\u00eda de Pamplona \\\/ Noticias\",\"url\":\"https:\\\/\\\/www.laguiadepamplona.com\\\/actualidad\\\/\",\"logo\":{\"@type\":\"ImageObject\",\"inLanguage\":\"es\",\"@id\":\"https:\\\/\\\/www.laguiadepamplona.com\\\/actualidad\\\/#\\\/schema\\\/logo\\\/image\\\/\",\"url\":\"https:\\\/\\\/www.laguiadepamplona.com\\\/actualidad\\\/wp-content\\\/uploads\\\/2018\\\/11\\\/logo-laguiadepamplona18-web1.png\",\"contentUrl\":\"https:\\\/\\\/www.laguiadepamplona.com\\\/actualidad\\\/wp-content\\\/uploads\\\/2018\\\/11\\\/logo-laguiadepamplona18-web1.png\",\"width\":600,\"height\":196,\"caption\":\"La Gu\u00eda de Pamplona \\\/ Noticias\"},\"image\":{\"@id\":\"https:\\\/\\\/www.laguiadepamplona.com\\\/actualidad\\\/#\\\/schema\\\/logo\\\/image\\\/\"},\"sameAs\":[\"https:\\\/\\\/www.facebook.com\\\/laguiadepamplonacom-133175176762273\\\/?ref=hl\",\"https:\\\/\\\/x.com\\\/LaGuiadPamplona\",\"https:\\\/\\\/www.instagram.com\\\/la_guia_de_pamplona\\\/\",\"https:\\\/\\\/www.youtube.com\\\/user\\\/laguiadepamplona\"]},{\"@type\":\"Person\",\"@id\":\"https:\\\/\\\/www.laguiadepamplona.com\\\/actualidad\\\/#\\\/schema\\\/person\\\/efe887376f0213d4657c93adc50b1fdb\",\"name\":\"La Gu\u00eda de Pamplona\",\"image\":{\"@type\":\"ImageObject\",\"inLanguage\":\"es\",\"@id\":\"https:\\\/\\\/secure.gravatar.com\\\/avatar\\\/b6992f131dc8d30ab0dff15446e9d346d9dbd95992de0fef795073f5ea83a81c?s=96&d=mm&r=g\",\"url\":\"https:\\\/\\\/secure.gravatar.com\\\/avatar\\\/b6992f131dc8d30ab0dff15446e9d346d9dbd95992de0fef795073f5ea83a81c?s=96&d=mm&r=g\",\"contentUrl\":\"https:\\\/\\\/secure.gravatar.com\\\/avatar\\\/b6992f131dc8d30ab0dff15446e9d346d9dbd95992de0fef795073f5ea83a81c?s=96&d=mm&r=g\",\"caption\":\"La Gu\u00eda de Pamplona\"}}]}<\/script>\n<!-- \/ Yoast SEO plugin. -->","yoast_head_json":{"title":"Propuesta de actividades organizadas por el Ayuntamiento de Pamplona del 11 al 13 de febrero con plazas libres","robots":{"index":"index","follow":"follow","max-snippet":"max-snippet:-1","max-image-preview":"max-image-preview:large","max-video-preview":"max-video-preview:-1"},"canonical":"https:\/\/www.laguiadepamplona.com\/actualidad\/propuesta-de-actividades-organizadas-por-el-ayuntamiento-de-pamplona-del-11-al-13-de-febrero-con-plazas-libres\/","og_locale":"es_ES","og_type":"article","og_title":"Propuesta de actividades organizadas por el Ayuntamiento de Pamplona del 11 al 13 de febrero con plazas libres","og_url":"https:\/\/www.laguiadepamplona.com\/actualidad\/propuesta-de-actividades-organizadas-por-el-ayuntamiento-de-pamplona-del-11-al-13-de-febrero-con-plazas-libres\/","og_site_name":"La Gu\u00eda de Pamplona","article_publisher":"https:\/\/www.facebook.com\/laguiadepamplonacom-133175176762273\/?ref=hl","article_published_time":"2025-02-10T10:51:39+00:00","og_image":[{"width":1920,"height":1245,"url":"https:\/\/www.laguiadepamplona.com\/actualidad\/wp-content\/uploads\/2022\/08\/reloj_ayuntamiento.webp","type":"image\/webp"}],"author":"La Gu\u00eda de Pamplona","twitter_card":"summary_large_image","twitter_creator":"@LaGuiadPamplona","twitter_site":"@LaGuiadPamplona","twitter_misc":{"Escrito por":"La Gu\u00eda de Pamplona","Tiempo de lectura":"4 minutos"},"schema":{"@context":"https:\/\/schema.org","@graph":[{"@type":"Article","@id":"https:\/\/www.laguiadepamplona.com\/actualidad\/propuesta-de-actividades-organizadas-por-el-ayuntamiento-de-pamplona-del-11-al-13-de-febrero-con-plazas-libres\/#article","isPartOf":{"@id":"https:\/\/www.laguiadepamplona.com\/actualidad\/propuesta-de-actividades-organizadas-por-el-ayuntamiento-de-pamplona-del-11-al-13-de-febrero-con-plazas-libres\/"},"author":{"name":"La Gu\u00eda de Pamplona","@id":"https:\/\/www.laguiadepamplona.com\/actualidad\/#\/schema\/person\/efe887376f0213d4657c93adc50b1fdb"},"headline":"Propuesta de actividades organizadas por el Ayuntamiento de Pamplona del 11 al 13 de febrero con plazas libres","datePublished":"2025-02-10T10:51:39+00:00","mainEntityOfPage":{"@id":"https:\/\/www.laguiadepamplona.com\/actualidad\/propuesta-de-actividades-organizadas-por-el-ayuntamiento-de-pamplona-del-11-al-13-de-febrero-con-plazas-libres\/"},"wordCount":869,"commentCount":0,"publisher":{"@id":"https:\/\/www.laguiadepamplona.com\/actualidad\/#organization"},"image":{"@id":"https:\/\/www.laguiadepamplona.com\/actualidad\/propuesta-de-actividades-organizadas-por-el-ayuntamiento-de-pamplona-del-11-al-13-de-febrero-con-plazas-libres\/#primaryimage"},"thumbnailUrl":"https:\/\/www.laguiadepamplona.com\/actualidad\/wp-content\/uploads\/2022\/08\/reloj_ayuntamiento.webp","articleSection":["Ayto Pamplona"],"inLanguage":"es","potentialAction":[{"@type":"CommentAction","name":"Comment","target":["https:\/\/www.laguiadepamplona.com\/actualidad\/propuesta-de-actividades-organizadas-por-el-ayuntamiento-de-pamplona-del-11-al-13-de-febrero-con-plazas-libres\/#respond"]}]},{"@type":"WebPage","@id":"https:\/\/www.laguiadepamplona.com\/actualidad\/propuesta-de-actividades-organizadas-por-el-ayuntamiento-de-pamplona-del-11-al-13-de-febrero-con-plazas-libres\/","url":"https:\/\/www.laguiadepamplona.com\/actualidad\/propuesta-de-actividades-organizadas-por-el-ayuntamiento-de-pamplona-del-11-al-13-de-febrero-con-plazas-libres\/","name":"Propuesta de actividades organizadas por el Ayuntamiento de Pamplona del 11 al 13 de febrero con plazas libres","isPartOf":{"@id":"https:\/\/www.laguiadepamplona.com\/actualidad\/#website"},"primaryImageOfPage":{"@id":"https:\/\/www.laguiadepamplona.com\/actualidad\/propuesta-de-actividades-organizadas-por-el-ayuntamiento-de-pamplona-del-11-al-13-de-febrero-con-plazas-libres\/#primaryimage"},"image":{"@id":"https:\/\/www.laguiadepamplona.com\/actualidad\/propuesta-de-actividades-organizadas-por-el-ayuntamiento-de-pamplona-del-11-al-13-de-febrero-con-plazas-libres\/#primaryimage"},"thumbnailUrl":"https:\/\/www.laguiadepamplona.com\/actualidad\/wp-content\/uploads\/2022\/08\/reloj_ayuntamiento.webp","datePublished":"2025-02-10T10:51:39+00:00","breadcrumb":{"@id":"https:\/\/www.laguiadepamplona.com\/actualidad\/propuesta-de-actividades-organizadas-por-el-ayuntamiento-de-pamplona-del-11-al-13-de-febrero-con-plazas-libres\/#breadcrumb"},"inLanguage":"es","potentialAction":[{"@type":"ReadAction","target":["https:\/\/www.laguiadepamplona.com\/actualidad\/propuesta-de-actividades-organizadas-por-el-ayuntamiento-de-pamplona-del-11-al-13-de-febrero-con-plazas-libres\/"]}]},{"@type":"ImageObject","inLanguage":"es","@id":"https:\/\/www.laguiadepamplona.com\/actualidad\/propuesta-de-actividades-organizadas-por-el-ayuntamiento-de-pamplona-del-11-al-13-de-febrero-con-plazas-libres\/#primaryimage","url":"https:\/\/www.laguiadepamplona.com\/actualidad\/wp-content\/uploads\/2022\/08\/reloj_ayuntamiento.webp","contentUrl":"https:\/\/www.laguiadepamplona.com\/actualidad\/wp-content\/uploads\/2022\/08\/reloj_ayuntamiento.webp","width":1920,"height":1245,"caption":"ayuntamiento"},{"@type":"BreadcrumbList","@id":"https:\/\/www.laguiadepamplona.com\/actualidad\/propuesta-de-actividades-organizadas-por-el-ayuntamiento-de-pamplona-del-11-al-13-de-febrero-con-plazas-libres\/#breadcrumb","itemListElement":[{"@type":"ListItem","position":1,"name":"Portada","item":"https:\/\/www.laguiadepamplona.com\/actualidad\/"},{"@type":"ListItem","position":2,"name":"Propuesta de actividades organizadas por el Ayuntamiento de Pamplona del 11 al 13 de febrero con plazas libres"}]},{"@type":"WebSite","@id":"https:\/\/www.laguiadepamplona.com\/actualidad\/#website","url":"https:\/\/www.laguiadepamplona.com\/actualidad\/","name":"La gu\u00eda de Pamplona","description":"Noticias de Pamplona","publisher":{"@id":"https:\/\/www.laguiadepamplona.com\/actualidad\/#organization"},"potentialAction":[{"@type":"SearchAction","target":{"@type":"EntryPoint","urlTemplate":"https:\/\/www.laguiadepamplona.com\/actualidad\/?s={search_term_string}"},"query-input":{"@type":"PropertyValueSpecification","valueRequired":true,"valueName":"search_term_string"}}],"inLanguage":"es"},{"@type":"Organization","@id":"https:\/\/www.laguiadepamplona.com\/actualidad\/#organization","name":"La Gu\u00eda de Pamplona \/ Noticias","url":"https:\/\/www.laguiadepamplona.com\/actualidad\/","logo":{"@type":"ImageObject","inLanguage":"es","@id":"https:\/\/www.laguiadepamplona.com\/actualidad\/#\/schema\/logo\/image\/","url":"https:\/\/www.laguiadepamplona.com\/actualidad\/wp-content\/uploads\/2018\/11\/logo-laguiadepamplona18-web1.png","contentUrl":"https:\/\/www.laguiadepamplona.com\/actualidad\/wp-content\/uploads\/2018\/11\/logo-laguiadepamplona18-web1.png","width":600,"height":196,"caption":"La Gu\u00eda de Pamplona \/ Noticias"},"image":{"@id":"https:\/\/www.laguiadepamplona.com\/actualidad\/#\/schema\/logo\/image\/"},"sameAs":["https:\/\/www.facebook.com\/laguiadepamplonacom-133175176762273\/?ref=hl","https:\/\/x.com\/LaGuiadPamplona","https:\/\/www.instagram.com\/la_guia_de_pamplona\/","https:\/\/www.youtube.com\/user\/laguiadepamplona"]},{"@type":"Person","@id":"https:\/\/www.laguiadepamplona.com\/actualidad\/#\/schema\/person\/efe887376f0213d4657c93adc50b1fdb","name":"La Gu\u00eda de Pamplona","image":{"@type":"ImageObject","inLanguage":"es","@id":"https:\/\/secure.gravatar.com\/avatar\/b6992f131dc8d30ab0dff15446e9d346d9dbd95992de0fef795073f5ea83a81c?s=96&d=mm&r=g","url":"https:\/\/secure.gravatar.com\/avatar\/b6992f131dc8d30ab0dff15446e9d346d9dbd95992de0fef795073f5ea83a81c?s=96&d=mm&r=g","contentUrl":"https:\/\/secure.gravatar.com\/avatar\/b6992f131dc8d30ab0dff15446e9d346d9dbd95992de0fef795073f5ea83a81c?s=96&d=mm&r=g","caption":"La Gu\u00eda de Pamplona"}}]}},"post_mailing_queue_ids":[],"_links":{"self":[{"href":"https:\/\/www.laguiadepamplona.com\/actualidad\/wp-json\/wp\/v2\/posts\/52045","targetHints":{"allow":["GET"]}}],"collection":[{"href":"https:\/\/www.laguiadepamplona.com\/actualidad\/wp-json\/wp\/v2\/posts"}],"about":[{"href":"https:\/\/www.laguiadepamplona.com\/actualidad\/wp-json\/wp\/v2\/types\/post"}],"author":[{"embeddable":true,"href":"https:\/\/www.laguiadepamplona.com\/actualidad\/wp-json\/wp\/v2\/users\/1"}],"replies":[{"embeddable":true,"href":"https:\/\/www.laguiadepamplona.com\/actualidad\/wp-json\/wp\/v2\/comments?post=52045"}],"version-history":[{"count":1,"href":"https:\/\/www.laguiadepamplona.com\/actualidad\/wp-json\/wp\/v2\/posts\/52045\/revisions"}],"predecessor-version":[{"id":52046,"href":"https:\/\/www.laguiadepamplona.com\/actualidad\/wp-json\/wp\/v2\/posts\/52045\/revisions\/52046"}],"wp:featuredmedia":[{"embeddable":true,"href":"https:\/\/www.laguiadepamplona.com\/actualidad\/wp-json\/wp\/v2\/media\/41391"}],"wp:attachment":[{"href":"https:\/\/www.laguiadepamplona.com\/actualidad\/wp-json\/wp\/v2\/media?parent=52045"}],"wp:term":[{"taxonomy":"category","embeddable":true,"href":"https:\/\/www.laguiadepamplona.com\/actualidad\/wp-json\/wp\/v2\/categories?post=52045"},{"taxonomy":"post_tag","embeddable":true,"href":"https:\/\/www.laguiadepamplona.com\/actualidad\/wp-json\/wp\/v2\/tags?post=52045"}],"curies":[{"name":"wp","href":"https:\/\/api.w.org\/{rel}","templated":true}]}}