{"id":52036,"date":"2025-02-07T18:04:16","date_gmt":"2025-02-07T16:04:16","guid":{"rendered":"https:\/\/www.laguiadepamplona.com\/actualidad\/?p=52036"},"modified":"2025-02-07T18:04:16","modified_gmt":"2025-02-07T16:04:16","slug":"el-observatorio-local-de-democracia-participativa-oldp-renueva-parte-de-sus-representantes-y-se-reune-para-valorar-las-acciones-realizados-el-pasado-ano","status":"publish","type":"post","link":"https:\/\/www.laguiadepamplona.com\/actualidad\/el-observatorio-local-de-democracia-participativa-oldp-renueva-parte-de-sus-representantes-y-se-reune-para-valorar-las-acciones-realizados-el-pasado-ano\/","title":{"rendered":"El Observatorio Local de Democracia Participativa (OLDP) renueva parte de sus representantes y se re\u00fane para valorar las acciones realizados el pasado a\u00f1o"},"content":{"rendered":"<h2>Compuesto por 14 personas, se ha reunido despu\u00e9s de tres a\u00f1os, para conocer tambi\u00e9n las previsiones participativas para este 2025<\/h2>\n<p><!--more--><\/p>\n<p>Esta ma\u00f1ana se ha celebrado la primera reuni\u00f3n de esta legislatura del Observatorio Local de Democracia Participativa (OLPD), creado en mayo de 2021. Compuesto por 14 personas, se han renovado los nombramientos relacionados con la parte institucional, tanto de representantes del \u00e1rea de Participaci\u00f3n Ciudadana como de representantes de los grupos pol\u00edticos municipales. Adem\u00e1s, se ha evaluado el trabajo realizado en 2024 en el \u00e1mbito de la participaci\u00f3n ciudadana y se han avanzado previsiones para 2025.<\/p>\n<p>Tras la renovaci\u00f3n de cargos, la presidencia del Observatorio Local de Democracia Participativa la ostentar\u00e1 la concejala especial de Participaci\u00f3n Ciudadana y Euskera, Aitziber Campi\u00f3n Ganboa, que contar\u00e1 con la asesor\u00eda t\u00e9cnica de la directora del \u00e1rea de Participaci\u00f3n Ciudadana, Elian Pe\u00f1a Guerrero. En la reuni\u00f3n, se han conocido las recomendaciones para la creaci\u00f3n del Consejo de Accesibilidad Universal y del Consejo de LGTBi+, adem\u00e1s de la puesta en marcha del proceso participativo para crear el Consejo Social de la Ciudad o de la modificaci\u00f3n de reglamentos como el de la Mesa de Infancia y Adolescencia.<\/p>\n<p>El pasado a\u00f1o se aprob\u00f3 de forma definitiva el Reglamento de los Consejos de Barrio y se llevaron a cabo catorce Foros de Barrio, as\u00ed como reuniones de la Mesa de San Ferm\u00edn, de la Mesa de Navidad, del Foro de Diversidad Cultural o de consejos sectoriales de infancia y adolescencia, juventud, mayores, mujer, LGTBI o accesibilidad universal. Se emprendieron diferentes procesos participativos sobre la transformaci\u00f3n del barrio de San Jorge, el Plan Urban\u00edstico de Donapea, el PEAU de la plaza Maravillas Lamberto en Lezkairu, la reurbanizaci\u00f3n de la plaza de Santa Ana o las comunidades energ\u00e9ticas de Ermitaga\u00f1a &#8211; Mendebaldea, Milagrosa \u2013 Azpilaga\u00f1a &#8211; Santa Mar\u00eda Real &#8211; Lezkairu, Iturrama \u2013 San Juan y Txantrea, entre otros, y se prepar\u00f3 una propuesta de consulta ciudadana y proceso participativo en Erripaga\u00f1a.<\/p>\n<p>Para 2025, adem\u00e1s de los Foros de Barrio, se prev\u00e9 la elaboraci\u00f3n del reglamento del Consejo Social de Ciudad (Hirigune). Respecto a procesos participativos, se continuar\u00e1 con los de San Jorge, plaza de Santa Ana o comunidades energ\u00e9ticas, y se espera convocar participaci\u00f3n ciudadana en temas como el Centro de Interpretaci\u00f3n de la Pelota Vasca, paseo de Sarasate, transformaci\u00f3n del barrio de Santa Mar\u00eda la Real, Civivox Lezkairu u ordenanza de movilidad, entre otros proyectos. Se est\u00e1 pendiente tambi\u00e9n de lo que pueda pasar con la consulta ciudadana para el futuro administrativo de Erripaga\u00f1a.<\/p>\n<p><strong>Funciones del Observatorio Local de Democracia Participativa<\/strong><\/p>\n<p>Desde su constituci\u00f3n en mayo de 2021, se ha reunido en dos ocasiones m\u00e1s el 28 de septiembre de 2021 y el 25 de mayo de 2022. Seg\u00fan el Reglamento de Participaci\u00f3n Ciudadana, el OLDP es \u201cel espacio participativo para el seguimiento y an\u00e1lisis compartido de las experiencias de participaci\u00f3n que se desarrollen en el municipio\u201d. Est\u00e1 compuesto por 14 miembros, personas expertas y de reconocida val\u00eda dentro del \u00e1mbito de la participaci\u00f3n ciudadana en Pamplona, as\u00ed como personal municipal de la propia \u00e1rea de Participaci\u00f3n Ciudadana y una persona de cada partido pol\u00edtico con representaci\u00f3n municipal.<\/p>\n<p>Este Observatorio Local de Democracia Participativa tiene las funciones de analizar las pol\u00edticas de participaci\u00f3n, los distintos \u00f3rganos y los procesos participativos municipales; o realizar seguimiento y evaluaci\u00f3n de la participaci\u00f3n ciudadana en Pamplona, definiendo criterios de calidad y permitiendo consensuar conceptos y criterios que definan un lenguaje com\u00fan para la ciudad en materia de participaci\u00f3n. As\u00ed mismo, entre sus funciones, est\u00e1n tambi\u00e9n analizar iniciativas de participaci\u00f3n que se produzcan en otras partes del mundo que puedan ser extrapolables a Pamplona, generar estudios e informes en materia de participaci\u00f3n y realizar propuestas formativas de cara a la ciudadan\u00eda activa, el tejido social y el personal municipal.<\/p>\n","protected":false},"excerpt":{"rendered":"<p>Compuesto por 14 personas, se ha reunido despu\u00e9s de tres a\u00f1os, para conocer tambi\u00e9n las previsiones participativas para este 2025<\/p>\n","protected":false},"author":1,"featured_media":52037,"comment_status":"open","ping_status":"closed","sticky":false,"template":"","format":"standard","meta":{"footnotes":""},"categories":[2],"tags":[],"class_list":["post-52036","post","type-post","status-publish","format-standard","has-post-thumbnail","hentry","category-ayuntamiento-pamplona"],"yoast_head":"<!-- This site is optimized with the Yoast SEO plugin v27.3 - https:\/\/yoast.com\/product\/yoast-seo-wordpress\/ -->\n<title>El Observatorio Local de Democracia Participativa (OLDP) renueva parte de sus representantes y se re\u00fane para valorar las acciones realizados el pasado a\u00f1o<\/title>\n<meta name=\"description\" content=\"Compuesto por 14 personas, se ha reunido despu\u00e9s de tres a\u00f1os, para conocer tambi\u00e9n las previsiones participativas para este 2025\" \/>\n<meta name=\"robots\" content=\"index, follow, max-snippet:-1, max-image-preview:large, max-video-preview:-1\" \/>\n<link rel=\"canonical\" href=\"https:\/\/www.laguiadepamplona.com\/actualidad\/el-observatorio-local-de-democracia-participativa-oldp-renueva-parte-de-sus-representantes-y-se-reune-para-valorar-las-acciones-realizados-el-pasado-ano\/\" \/>\n<meta property=\"og:locale\" content=\"es_ES\" \/>\n<meta property=\"og:type\" content=\"article\" \/>\n<meta property=\"og:title\" content=\"El Observatorio Local de Democracia Participativa (OLDP) renueva parte de sus representantes y se re\u00fane para valorar las acciones realizados el pasado a\u00f1o\" \/>\n<meta property=\"og:description\" content=\"Compuesto por 14 personas, se ha reunido despu\u00e9s de tres a\u00f1os, para conocer tambi\u00e9n las previsiones participativas para este 2025\" \/>\n<meta property=\"og:url\" content=\"https:\/\/www.laguiadepamplona.com\/actualidad\/el-observatorio-local-de-democracia-participativa-oldp-renueva-parte-de-sus-representantes-y-se-reune-para-valorar-las-acciones-realizados-el-pasado-ano\/\" \/>\n<meta property=\"og:site_name\" content=\"La Gu\u00eda de Pamplona\" \/>\n<meta property=\"article:publisher\" content=\"https:\/\/www.facebook.com\/laguiadepamplonacom-133175176762273\/?ref=hl\" \/>\n<meta property=\"article:published_time\" content=\"2025-02-07T16:04:16+00:00\" \/>\n<meta property=\"og:image\" content=\"https:\/\/www.laguiadepamplona.com\/actualidad\/wp-content\/uploads\/2025\/02\/observatorio_web.webp\" \/>\n\t<meta property=\"og:image:width\" content=\"1000\" \/>\n\t<meta property=\"og:image:height\" content=\"667\" \/>\n\t<meta property=\"og:image:type\" content=\"image\/webp\" \/>\n<meta name=\"author\" content=\"La Gu\u00eda de Pamplona\" \/>\n<meta name=\"twitter:card\" content=\"summary_large_image\" \/>\n<meta name=\"twitter:creator\" content=\"@LaGuiadPamplona\" \/>\n<meta name=\"twitter:site\" content=\"@LaGuiadPamplona\" \/>\n<meta name=\"twitter:label1\" content=\"Escrito por\" \/>\n\t<meta name=\"twitter:data1\" content=\"La Gu\u00eda de Pamplona\" \/>\n\t<meta name=\"twitter:label2\" content=\"Tiempo de lectura\" \/>\n\t<meta name=\"twitter:data2\" content=\"4 minutos\" \/>\n<script type=\"application\/ld+json\" class=\"yoast-schema-graph\">{\"@context\":\"https:\\\/\\\/schema.org\",\"@graph\":[{\"@type\":\"Article\",\"@id\":\"https:\\\/\\\/www.laguiadepamplona.com\\\/actualidad\\\/el-observatorio-local-de-democracia-participativa-oldp-renueva-parte-de-sus-representantes-y-se-reune-para-valorar-las-acciones-realizados-el-pasado-ano\\\/#article\",\"isPartOf\":{\"@id\":\"https:\\\/\\\/www.laguiadepamplona.com\\\/actualidad\\\/el-observatorio-local-de-democracia-participativa-oldp-renueva-parte-de-sus-representantes-y-se-reune-para-valorar-las-acciones-realizados-el-pasado-ano\\\/\"},\"author\":{\"name\":\"La Gu\u00eda de Pamplona\",\"@id\":\"https:\\\/\\\/www.laguiadepamplona.com\\\/actualidad\\\/#\\\/schema\\\/person\\\/efe887376f0213d4657c93adc50b1fdb\"},\"headline\":\"El Observatorio Local de Democracia Participativa (OLDP) renueva parte de sus representantes y se re\u00fane para valorar las acciones realizados el pasado a\u00f1o\",\"datePublished\":\"2025-02-07T16:04:16+00:00\",\"mainEntityOfPage\":{\"@id\":\"https:\\\/\\\/www.laguiadepamplona.com\\\/actualidad\\\/el-observatorio-local-de-democracia-participativa-oldp-renueva-parte-de-sus-representantes-y-se-reune-para-valorar-las-acciones-realizados-el-pasado-ano\\\/\"},\"wordCount\":698,\"commentCount\":0,\"publisher\":{\"@id\":\"https:\\\/\\\/www.laguiadepamplona.com\\\/actualidad\\\/#organization\"},\"image\":{\"@id\":\"https:\\\/\\\/www.laguiadepamplona.com\\\/actualidad\\\/el-observatorio-local-de-democracia-participativa-oldp-renueva-parte-de-sus-representantes-y-se-reune-para-valorar-las-acciones-realizados-el-pasado-ano\\\/#primaryimage\"},\"thumbnailUrl\":\"https:\\\/\\\/www.laguiadepamplona.com\\\/actualidad\\\/wp-content\\\/uploads\\\/2025\\\/02\\\/observatorio_web.webp\",\"articleSection\":[\"Ayto Pamplona\"],\"inLanguage\":\"es\",\"potentialAction\":[{\"@type\":\"CommentAction\",\"name\":\"Comment\",\"target\":[\"https:\\\/\\\/www.laguiadepamplona.com\\\/actualidad\\\/el-observatorio-local-de-democracia-participativa-oldp-renueva-parte-de-sus-representantes-y-se-reune-para-valorar-las-acciones-realizados-el-pasado-ano\\\/#respond\"]}]},{\"@type\":\"WebPage\",\"@id\":\"https:\\\/\\\/www.laguiadepamplona.com\\\/actualidad\\\/el-observatorio-local-de-democracia-participativa-oldp-renueva-parte-de-sus-representantes-y-se-reune-para-valorar-las-acciones-realizados-el-pasado-ano\\\/\",\"url\":\"https:\\\/\\\/www.laguiadepamplona.com\\\/actualidad\\\/el-observatorio-local-de-democracia-participativa-oldp-renueva-parte-de-sus-representantes-y-se-reune-para-valorar-las-acciones-realizados-el-pasado-ano\\\/\",\"name\":\"El Observatorio Local de Democracia Participativa (OLDP) renueva parte de sus representantes y se re\u00fane para valorar las acciones realizados el pasado a\u00f1o\",\"isPartOf\":{\"@id\":\"https:\\\/\\\/www.laguiadepamplona.com\\\/actualidad\\\/#website\"},\"primaryImageOfPage\":{\"@id\":\"https:\\\/\\\/www.laguiadepamplona.com\\\/actualidad\\\/el-observatorio-local-de-democracia-participativa-oldp-renueva-parte-de-sus-representantes-y-se-reune-para-valorar-las-acciones-realizados-el-pasado-ano\\\/#primaryimage\"},\"image\":{\"@id\":\"https:\\\/\\\/www.laguiadepamplona.com\\\/actualidad\\\/el-observatorio-local-de-democracia-participativa-oldp-renueva-parte-de-sus-representantes-y-se-reune-para-valorar-las-acciones-realizados-el-pasado-ano\\\/#primaryimage\"},\"thumbnailUrl\":\"https:\\\/\\\/www.laguiadepamplona.com\\\/actualidad\\\/wp-content\\\/uploads\\\/2025\\\/02\\\/observatorio_web.webp\",\"datePublished\":\"2025-02-07T16:04:16+00:00\",\"description\":\"Compuesto por 14 personas, se ha reunido despu\u00e9s de tres a\u00f1os, para conocer tambi\u00e9n las previsiones participativas para este 2025\",\"breadcrumb\":{\"@id\":\"https:\\\/\\\/www.laguiadepamplona.com\\\/actualidad\\\/el-observatorio-local-de-democracia-participativa-oldp-renueva-parte-de-sus-representantes-y-se-reune-para-valorar-las-acciones-realizados-el-pasado-ano\\\/#breadcrumb\"},\"inLanguage\":\"es\",\"potentialAction\":[{\"@type\":\"ReadAction\",\"target\":[\"https:\\\/\\\/www.laguiadepamplona.com\\\/actualidad\\\/el-observatorio-local-de-democracia-participativa-oldp-renueva-parte-de-sus-representantes-y-se-reune-para-valorar-las-acciones-realizados-el-pasado-ano\\\/\"]}]},{\"@type\":\"ImageObject\",\"inLanguage\":\"es\",\"@id\":\"https:\\\/\\\/www.laguiadepamplona.com\\\/actualidad\\\/el-observatorio-local-de-democracia-participativa-oldp-renueva-parte-de-sus-representantes-y-se-reune-para-valorar-las-acciones-realizados-el-pasado-ano\\\/#primaryimage\",\"url\":\"https:\\\/\\\/www.laguiadepamplona.com\\\/actualidad\\\/wp-content\\\/uploads\\\/2025\\\/02\\\/observatorio_web.webp\",\"contentUrl\":\"https:\\\/\\\/www.laguiadepamplona.com\\\/actualidad\\\/wp-content\\\/uploads\\\/2025\\\/02\\\/observatorio_web.webp\",\"width\":1000,\"height\":667,\"caption\":\"observatorio web\"},{\"@type\":\"BreadcrumbList\",\"@id\":\"https:\\\/\\\/www.laguiadepamplona.com\\\/actualidad\\\/el-observatorio-local-de-democracia-participativa-oldp-renueva-parte-de-sus-representantes-y-se-reune-para-valorar-las-acciones-realizados-el-pasado-ano\\\/#breadcrumb\",\"itemListElement\":[{\"@type\":\"ListItem\",\"position\":1,\"name\":\"Portada\",\"item\":\"https:\\\/\\\/www.laguiadepamplona.com\\\/actualidad\\\/\"},{\"@type\":\"ListItem\",\"position\":2,\"name\":\"El Observatorio Local de Democracia Participativa (OLDP) renueva parte de sus representantes y se re\u00fane para valorar las acciones realizados el pasado a\u00f1o\"}]},{\"@type\":\"WebSite\",\"@id\":\"https:\\\/\\\/www.laguiadepamplona.com\\\/actualidad\\\/#website\",\"url\":\"https:\\\/\\\/www.laguiadepamplona.com\\\/actualidad\\\/\",\"name\":\"La gu\u00eda de Pamplona\",\"description\":\"Noticias de Pamplona\",\"publisher\":{\"@id\":\"https:\\\/\\\/www.laguiadepamplona.com\\\/actualidad\\\/#organization\"},\"potentialAction\":[{\"@type\":\"SearchAction\",\"target\":{\"@type\":\"EntryPoint\",\"urlTemplate\":\"https:\\\/\\\/www.laguiadepamplona.com\\\/actualidad\\\/?s={search_term_string}\"},\"query-input\":{\"@type\":\"PropertyValueSpecification\",\"valueRequired\":true,\"valueName\":\"search_term_string\"}}],\"inLanguage\":\"es\"},{\"@type\":\"Organization\",\"@id\":\"https:\\\/\\\/www.laguiadepamplona.com\\\/actualidad\\\/#organization\",\"name\":\"La Gu\u00eda de Pamplona \\\/ Noticias\",\"url\":\"https:\\\/\\\/www.laguiadepamplona.com\\\/actualidad\\\/\",\"logo\":{\"@type\":\"ImageObject\",\"inLanguage\":\"es\",\"@id\":\"https:\\\/\\\/www.laguiadepamplona.com\\\/actualidad\\\/#\\\/schema\\\/logo\\\/image\\\/\",\"url\":\"https:\\\/\\\/www.laguiadepamplona.com\\\/actualidad\\\/wp-content\\\/uploads\\\/2018\\\/11\\\/logo-laguiadepamplona18-web1.png\",\"contentUrl\":\"https:\\\/\\\/www.laguiadepamplona.com\\\/actualidad\\\/wp-content\\\/uploads\\\/2018\\\/11\\\/logo-laguiadepamplona18-web1.png\",\"width\":600,\"height\":196,\"caption\":\"La Gu\u00eda de Pamplona \\\/ Noticias\"},\"image\":{\"@id\":\"https:\\\/\\\/www.laguiadepamplona.com\\\/actualidad\\\/#\\\/schema\\\/logo\\\/image\\\/\"},\"sameAs\":[\"https:\\\/\\\/www.facebook.com\\\/laguiadepamplonacom-133175176762273\\\/?ref=hl\",\"https:\\\/\\\/x.com\\\/LaGuiadPamplona\",\"https:\\\/\\\/www.instagram.com\\\/la_guia_de_pamplona\\\/\",\"https:\\\/\\\/www.youtube.com\\\/user\\\/laguiadepamplona\"]},{\"@type\":\"Person\",\"@id\":\"https:\\\/\\\/www.laguiadepamplona.com\\\/actualidad\\\/#\\\/schema\\\/person\\\/efe887376f0213d4657c93adc50b1fdb\",\"name\":\"La Gu\u00eda de Pamplona\",\"image\":{\"@type\":\"ImageObject\",\"inLanguage\":\"es\",\"@id\":\"https:\\\/\\\/secure.gravatar.com\\\/avatar\\\/b6992f131dc8d30ab0dff15446e9d346d9dbd95992de0fef795073f5ea83a81c?s=96&d=mm&r=g\",\"url\":\"https:\\\/\\\/secure.gravatar.com\\\/avatar\\\/b6992f131dc8d30ab0dff15446e9d346d9dbd95992de0fef795073f5ea83a81c?s=96&d=mm&r=g\",\"contentUrl\":\"https:\\\/\\\/secure.gravatar.com\\\/avatar\\\/b6992f131dc8d30ab0dff15446e9d346d9dbd95992de0fef795073f5ea83a81c?s=96&d=mm&r=g\",\"caption\":\"La Gu\u00eda de Pamplona\"}}]}<\/script>\n<!-- \/ Yoast SEO plugin. -->","yoast_head_json":{"title":"El Observatorio Local de Democracia Participativa (OLDP) renueva parte de sus representantes y se re\u00fane para valorar las acciones realizados el pasado a\u00f1o","description":"Compuesto por 14 personas, se ha reunido despu\u00e9s de tres a\u00f1os, para conocer tambi\u00e9n las previsiones participativas para este 2025","robots":{"index":"index","follow":"follow","max-snippet":"max-snippet:-1","max-image-preview":"max-image-preview:large","max-video-preview":"max-video-preview:-1"},"canonical":"https:\/\/www.laguiadepamplona.com\/actualidad\/el-observatorio-local-de-democracia-participativa-oldp-renueva-parte-de-sus-representantes-y-se-reune-para-valorar-las-acciones-realizados-el-pasado-ano\/","og_locale":"es_ES","og_type":"article","og_title":"El Observatorio Local de Democracia Participativa (OLDP) renueva parte de sus representantes y se re\u00fane para valorar las acciones realizados el pasado a\u00f1o","og_description":"Compuesto por 14 personas, se ha reunido despu\u00e9s de tres a\u00f1os, para conocer tambi\u00e9n las previsiones participativas para este 2025","og_url":"https:\/\/www.laguiadepamplona.com\/actualidad\/el-observatorio-local-de-democracia-participativa-oldp-renueva-parte-de-sus-representantes-y-se-reune-para-valorar-las-acciones-realizados-el-pasado-ano\/","og_site_name":"La Gu\u00eda de Pamplona","article_publisher":"https:\/\/www.facebook.com\/laguiadepamplonacom-133175176762273\/?ref=hl","article_published_time":"2025-02-07T16:04:16+00:00","og_image":[{"width":1000,"height":667,"url":"https:\/\/www.laguiadepamplona.com\/actualidad\/wp-content\/uploads\/2025\/02\/observatorio_web.webp","type":"image\/webp"}],"author":"La Gu\u00eda de Pamplona","twitter_card":"summary_large_image","twitter_creator":"@LaGuiadPamplona","twitter_site":"@LaGuiadPamplona","twitter_misc":{"Escrito por":"La Gu\u00eda de Pamplona","Tiempo de lectura":"4 minutos"},"schema":{"@context":"https:\/\/schema.org","@graph":[{"@type":"Article","@id":"https:\/\/www.laguiadepamplona.com\/actualidad\/el-observatorio-local-de-democracia-participativa-oldp-renueva-parte-de-sus-representantes-y-se-reune-para-valorar-las-acciones-realizados-el-pasado-ano\/#article","isPartOf":{"@id":"https:\/\/www.laguiadepamplona.com\/actualidad\/el-observatorio-local-de-democracia-participativa-oldp-renueva-parte-de-sus-representantes-y-se-reune-para-valorar-las-acciones-realizados-el-pasado-ano\/"},"author":{"name":"La Gu\u00eda de Pamplona","@id":"https:\/\/www.laguiadepamplona.com\/actualidad\/#\/schema\/person\/efe887376f0213d4657c93adc50b1fdb"},"headline":"El Observatorio Local de Democracia Participativa (OLDP) renueva parte de sus representantes y se re\u00fane para valorar las acciones realizados el pasado a\u00f1o","datePublished":"2025-02-07T16:04:16+00:00","mainEntityOfPage":{"@id":"https:\/\/www.laguiadepamplona.com\/actualidad\/el-observatorio-local-de-democracia-participativa-oldp-renueva-parte-de-sus-representantes-y-se-reune-para-valorar-las-acciones-realizados-el-pasado-ano\/"},"wordCount":698,"commentCount":0,"publisher":{"@id":"https:\/\/www.laguiadepamplona.com\/actualidad\/#organization"},"image":{"@id":"https:\/\/www.laguiadepamplona.com\/actualidad\/el-observatorio-local-de-democracia-participativa-oldp-renueva-parte-de-sus-representantes-y-se-reune-para-valorar-las-acciones-realizados-el-pasado-ano\/#primaryimage"},"thumbnailUrl":"https:\/\/www.laguiadepamplona.com\/actualidad\/wp-content\/uploads\/2025\/02\/observatorio_web.webp","articleSection":["Ayto Pamplona"],"inLanguage":"es","potentialAction":[{"@type":"CommentAction","name":"Comment","target":["https:\/\/www.laguiadepamplona.com\/actualidad\/el-observatorio-local-de-democracia-participativa-oldp-renueva-parte-de-sus-representantes-y-se-reune-para-valorar-las-acciones-realizados-el-pasado-ano\/#respond"]}]},{"@type":"WebPage","@id":"https:\/\/www.laguiadepamplona.com\/actualidad\/el-observatorio-local-de-democracia-participativa-oldp-renueva-parte-de-sus-representantes-y-se-reune-para-valorar-las-acciones-realizados-el-pasado-ano\/","url":"https:\/\/www.laguiadepamplona.com\/actualidad\/el-observatorio-local-de-democracia-participativa-oldp-renueva-parte-de-sus-representantes-y-se-reune-para-valorar-las-acciones-realizados-el-pasado-ano\/","name":"El Observatorio Local de Democracia Participativa (OLDP) renueva parte de sus representantes y se re\u00fane para valorar las acciones realizados el pasado a\u00f1o","isPartOf":{"@id":"https:\/\/www.laguiadepamplona.com\/actualidad\/#website"},"primaryImageOfPage":{"@id":"https:\/\/www.laguiadepamplona.com\/actualidad\/el-observatorio-local-de-democracia-participativa-oldp-renueva-parte-de-sus-representantes-y-se-reune-para-valorar-las-acciones-realizados-el-pasado-ano\/#primaryimage"},"image":{"@id":"https:\/\/www.laguiadepamplona.com\/actualidad\/el-observatorio-local-de-democracia-participativa-oldp-renueva-parte-de-sus-representantes-y-se-reune-para-valorar-las-acciones-realizados-el-pasado-ano\/#primaryimage"},"thumbnailUrl":"https:\/\/www.laguiadepamplona.com\/actualidad\/wp-content\/uploads\/2025\/02\/observatorio_web.webp","datePublished":"2025-02-07T16:04:16+00:00","description":"Compuesto por 14 personas, se ha reunido despu\u00e9s de tres a\u00f1os, para conocer tambi\u00e9n las previsiones participativas para este 2025","breadcrumb":{"@id":"https:\/\/www.laguiadepamplona.com\/actualidad\/el-observatorio-local-de-democracia-participativa-oldp-renueva-parte-de-sus-representantes-y-se-reune-para-valorar-las-acciones-realizados-el-pasado-ano\/#breadcrumb"},"inLanguage":"es","potentialAction":[{"@type":"ReadAction","target":["https:\/\/www.laguiadepamplona.com\/actualidad\/el-observatorio-local-de-democracia-participativa-oldp-renueva-parte-de-sus-representantes-y-se-reune-para-valorar-las-acciones-realizados-el-pasado-ano\/"]}]},{"@type":"ImageObject","inLanguage":"es","@id":"https:\/\/www.laguiadepamplona.com\/actualidad\/el-observatorio-local-de-democracia-participativa-oldp-renueva-parte-de-sus-representantes-y-se-reune-para-valorar-las-acciones-realizados-el-pasado-ano\/#primaryimage","url":"https:\/\/www.laguiadepamplona.com\/actualidad\/wp-content\/uploads\/2025\/02\/observatorio_web.webp","contentUrl":"https:\/\/www.laguiadepamplona.com\/actualidad\/wp-content\/uploads\/2025\/02\/observatorio_web.webp","width":1000,"height":667,"caption":"observatorio web"},{"@type":"BreadcrumbList","@id":"https:\/\/www.laguiadepamplona.com\/actualidad\/el-observatorio-local-de-democracia-participativa-oldp-renueva-parte-de-sus-representantes-y-se-reune-para-valorar-las-acciones-realizados-el-pasado-ano\/#breadcrumb","itemListElement":[{"@type":"ListItem","position":1,"name":"Portada","item":"https:\/\/www.laguiadepamplona.com\/actualidad\/"},{"@type":"ListItem","position":2,"name":"El Observatorio Local de Democracia Participativa (OLDP) renueva parte de sus representantes y se re\u00fane para valorar las acciones realizados el pasado a\u00f1o"}]},{"@type":"WebSite","@id":"https:\/\/www.laguiadepamplona.com\/actualidad\/#website","url":"https:\/\/www.laguiadepamplona.com\/actualidad\/","name":"La gu\u00eda de Pamplona","description":"Noticias de Pamplona","publisher":{"@id":"https:\/\/www.laguiadepamplona.com\/actualidad\/#organization"},"potentialAction":[{"@type":"SearchAction","target":{"@type":"EntryPoint","urlTemplate":"https:\/\/www.laguiadepamplona.com\/actualidad\/?s={search_term_string}"},"query-input":{"@type":"PropertyValueSpecification","valueRequired":true,"valueName":"search_term_string"}}],"inLanguage":"es"},{"@type":"Organization","@id":"https:\/\/www.laguiadepamplona.com\/actualidad\/#organization","name":"La Gu\u00eda de Pamplona \/ Noticias","url":"https:\/\/www.laguiadepamplona.com\/actualidad\/","logo":{"@type":"ImageObject","inLanguage":"es","@id":"https:\/\/www.laguiadepamplona.com\/actualidad\/#\/schema\/logo\/image\/","url":"https:\/\/www.laguiadepamplona.com\/actualidad\/wp-content\/uploads\/2018\/11\/logo-laguiadepamplona18-web1.png","contentUrl":"https:\/\/www.laguiadepamplona.com\/actualidad\/wp-content\/uploads\/2018\/11\/logo-laguiadepamplona18-web1.png","width":600,"height":196,"caption":"La Gu\u00eda de Pamplona \/ Noticias"},"image":{"@id":"https:\/\/www.laguiadepamplona.com\/actualidad\/#\/schema\/logo\/image\/"},"sameAs":["https:\/\/www.facebook.com\/laguiadepamplonacom-133175176762273\/?ref=hl","https:\/\/x.com\/LaGuiadPamplona","https:\/\/www.instagram.com\/la_guia_de_pamplona\/","https:\/\/www.youtube.com\/user\/laguiadepamplona"]},{"@type":"Person","@id":"https:\/\/www.laguiadepamplona.com\/actualidad\/#\/schema\/person\/efe887376f0213d4657c93adc50b1fdb","name":"La Gu\u00eda de Pamplona","image":{"@type":"ImageObject","inLanguage":"es","@id":"https:\/\/secure.gravatar.com\/avatar\/b6992f131dc8d30ab0dff15446e9d346d9dbd95992de0fef795073f5ea83a81c?s=96&d=mm&r=g","url":"https:\/\/secure.gravatar.com\/avatar\/b6992f131dc8d30ab0dff15446e9d346d9dbd95992de0fef795073f5ea83a81c?s=96&d=mm&r=g","contentUrl":"https:\/\/secure.gravatar.com\/avatar\/b6992f131dc8d30ab0dff15446e9d346d9dbd95992de0fef795073f5ea83a81c?s=96&d=mm&r=g","caption":"La Gu\u00eda de Pamplona"}}]}},"post_mailing_queue_ids":[],"_links":{"self":[{"href":"https:\/\/www.laguiadepamplona.com\/actualidad\/wp-json\/wp\/v2\/posts\/52036","targetHints":{"allow":["GET"]}}],"collection":[{"href":"https:\/\/www.laguiadepamplona.com\/actualidad\/wp-json\/wp\/v2\/posts"}],"about":[{"href":"https:\/\/www.laguiadepamplona.com\/actualidad\/wp-json\/wp\/v2\/types\/post"}],"author":[{"embeddable":true,"href":"https:\/\/www.laguiadepamplona.com\/actualidad\/wp-json\/wp\/v2\/users\/1"}],"replies":[{"embeddable":true,"href":"https:\/\/www.laguiadepamplona.com\/actualidad\/wp-json\/wp\/v2\/comments?post=52036"}],"version-history":[{"count":1,"href":"https:\/\/www.laguiadepamplona.com\/actualidad\/wp-json\/wp\/v2\/posts\/52036\/revisions"}],"predecessor-version":[{"id":52038,"href":"https:\/\/www.laguiadepamplona.com\/actualidad\/wp-json\/wp\/v2\/posts\/52036\/revisions\/52038"}],"wp:featuredmedia":[{"embeddable":true,"href":"https:\/\/www.laguiadepamplona.com\/actualidad\/wp-json\/wp\/v2\/media\/52037"}],"wp:attachment":[{"href":"https:\/\/www.laguiadepamplona.com\/actualidad\/wp-json\/wp\/v2\/media?parent=52036"}],"wp:term":[{"taxonomy":"category","embeddable":true,"href":"https:\/\/www.laguiadepamplona.com\/actualidad\/wp-json\/wp\/v2\/categories?post=52036"},{"taxonomy":"post_tag","embeddable":true,"href":"https:\/\/www.laguiadepamplona.com\/actualidad\/wp-json\/wp\/v2\/tags?post=52036"}],"curies":[{"name":"wp","href":"https:\/\/api.w.org\/{rel}","templated":true}]}}