{"id":52034,"date":"2025-02-07T18:02:26","date_gmt":"2025-02-07T16:02:26","guid":{"rendered":"https:\/\/www.laguiadepamplona.com\/actualidad\/?p=52034"},"modified":"2025-02-07T18:02:26","modified_gmt":"2025-02-07T16:02:26","slug":"el-ayuntamiento-de-pamplona-desestima-el-recurso-de-reposicion-de-las-asociaciones-memorialistas-para-derribar-el-monumento-a-los-caidos","status":"publish","type":"post","link":"https:\/\/www.laguiadepamplona.com\/actualidad\/el-ayuntamiento-de-pamplona-desestima-el-recurso-de-reposicion-de-las-asociaciones-memorialistas-para-derribar-el-monumento-a-los-caidos\/","title":{"rendered":"El Ayuntamiento de Pamplona desestima el recurso de reposici\u00f3n de las asociaciones memorialistas para derribar el Monumento a los Ca\u00eddos"},"content":{"rendered":"<h2>Considera que ni la Ley Foral 33\/2013 ni la ley estatal 20\/2022 de Memoria Democr\u00e1tica obligan al derribo y que el cat\u00e1logo municipal est\u00e1 en vigor y deber\u00eda modificarse para ello<\/h2>\n<p><!--more--><\/p>\n<p>El Ayuntamiento de Pamplona ha desestimado el recurso de reposici\u00f3n presentado por varias personas y asociaciones memorialistas en la que reclamaban el derribo del Monumento a los Ca\u00eddos, al abrigo de la Ley Foral 33\/2013 de Reconocimiento y Reparaci\u00f3n Moral de las Ciudadanas y Ciudadanos navarros asesinados y v\u00edctimas de la represi\u00f3n a ra\u00edz del golpe militar de 1936, y de la Ley estatal 20\/2022 de Memoria Democr\u00e1tica. Este recurso se hab\u00eda presentado ante la Resoluci\u00f3n de Alcald\u00eda del 25 de noviembre de 2024 en la que desestimaba esta misma petici\u00f3n.<\/p>\n<p>En ella, el Ayuntamiento alegaba que tiene total libertad para adoptar los acuerdos que considere oportunos y que, atendiendo a legislaci\u00f3n vigente, se podr\u00eda dar tanto el derribo como la transformaci\u00f3n o resignificaci\u00f3n mediante los acuerdos y las modificaciones legales pertinentes. Frente a esta posici\u00f3n municipal, la parte recurrente se\u00f1ala que el derribo es la \u00fanica opci\u00f3n que permite el ordenamiento jur\u00eddico. No obstante, el informe jur\u00eddico elaborado en respuesta a esta postura se\u00f1ala que ni la Ley Foral 33\/2013 ni Ley estatal 20\/2022 de Memoria Democr\u00e1tica \u201chacen preceptivo el derribo del edificio pretendido por las personas recurrentes\u201d.<\/p>\n<p>En este sentido, hace referencia al art\u00edculo 11 de la ley foral, que solo prev\u00e9 la retirada de \u201cs\u00edmbolos, leyendas y menciones franquistas\u201d. El informe de desestimaci\u00f3n incide en que \u201cni en este precepto ni en ning\u00fan otro ha regulado (la ley) el derribo de edificio alguno sino solo de aquellas partes de los edificios que contengan elementos franquistas\u201d. En este sentido, el informe municipal plantea que el Ayuntamiento, en aplicaci\u00f3n de esta ley, puede llevar a cabo acciones e intervenciones que sean suficientes para el Monumento a los Ca\u00eddos pierda todos los elementos simb\u00f3licos que lo relacionen con la sublevaci\u00f3n militar, la Guerra Civil y la dictadura.<\/p>\n<p>El informe aborda tambi\u00e9n el art\u00edculo 10 de la Ley Foral 13\/2003 sobre el Censo de S\u00edmbolos del Franquismo. Las recomendaciones, que no obligaciones, recogidas en dicho censo referidas al Monumento hablan de \u201cretirada del conjunto, encomendando a la Instituci\u00f3n Pr\u00edncipe de Viana su conservaci\u00f3n como elemento de patrimonio hist\u00f3rico para la conservaci\u00f3n de la memoria de lo ocurrido\u201d. Por lo tanto, seg\u00fan el informe municipal, la norma recoge que el edificio debe conservarse, si bien propone la retirada de las partes simb\u00f3licas de los elementos arquitect\u00f3nicos que supongan la exaltaci\u00f3n de la victoria franquista.<\/p>\n<p>En cuanto a la ley estatal 20\/2022, y en concreto en su art\u00edculo 35, en la desestimaci\u00f3n del recurso, el Consistorio se\u00f1ala que la ley no obliga al derribo, sino que articula como alternativa al mismo su reinterpretaci\u00f3n o resignificaci\u00f3n, por razones art\u00edsticas o por razones arquitect\u00f3nicas. En contra de lo que sostiene el escrito del recurso, la resoluci\u00f3n municipal de desestimaci\u00f3n se\u00f1ala que el Monumento a los Ca\u00eddos consta en el Cat\u00e1logo I dentro del Plan Municipal, publicado en Bolet\u00edn Oficial de Navarra n\u00famero 55 del 2 de mayo de 2003, en la p\u00e1gina 4456, como un edificio con grado de protecci\u00f3n 2 y 3, con el que se protege el edificio en su conjunto y determinados elementos arquitect\u00f3nicos relevantes y que este cat\u00e1logo est\u00e1 en vigor y deber\u00eda ser modificado para poder optar al derribo del mismo.<\/p>\n<p>A modo de resumen el informe que da sustento a la contestaci\u00f3n al recurso determina que \u201cprocede se\u00f1alar que las normas del planeamiento municipal de protecci\u00f3n del edificio no est\u00e1n derogadas por la Ley 20\/2022, pues el derribo del edificio no es preceptivo. En la actualidad el edificio est\u00e1 protegido por el cat\u00e1logo municipal por lo que este hecho impide el derribo en este momento. Esta protecci\u00f3n podr\u00e1 ser modificada por el Ayuntamiento de Pamplona de forma justificada si estima oportuno hacer una intervenci\u00f3n en el monumento que lo requiera. La modificaci\u00f3n de la protecci\u00f3n urban\u00edstica exigir\u00e1 la aprobaci\u00f3n de una modificaci\u00f3n del cat\u00e1logo municipal que deber\u00e1 motivar la modificaci\u00f3n que se proponga; a la misma se deber\u00e1 incorporar informe preceptivo y vinculante de Pr\u00edncipe de Viana y tendr\u00e1 que ser aprobada, en su tramitaci\u00f3n final, por el Pleno del Ayuntamiento de Pamplona.\u201d<\/p>\n<p>Por todo ello, el Ayuntamiento ha acordado desestimar este recurso de reposici\u00f3n, que agota las v\u00edas de reclamaci\u00f3n a nivel administrativo.<\/p>\n","protected":false},"excerpt":{"rendered":"<p>Considera que ni la Ley Foral 33\/2013 ni la ley estatal 20\/2022 de Memoria Democr\u00e1tica obligan al derribo y que el cat\u00e1logo municipal est\u00e1 en vigor y deber\u00eda modificarse para&#8230;<\/p>\n","protected":false},"author":1,"featured_media":32696,"comment_status":"open","ping_status":"closed","sticky":false,"template":"","format":"standard","meta":{"footnotes":""},"categories":[2],"tags":[],"class_list":["post-52034","post","type-post","status-publish","format-standard","has-post-thumbnail","hentry","category-ayuntamiento-pamplona"],"yoast_head":"<!-- This site is optimized with the Yoast SEO plugin v27.3 - https:\/\/yoast.com\/product\/yoast-seo-wordpress\/ -->\n<title>El Ayuntamiento de Pamplona desestima el recurso de reposici\u00f3n de las asociaciones memorialistas para derribar el Monumento a los Ca\u00eddos<\/title>\n<meta name=\"description\" content=\"Considera que ni la Ley Foral 33\/2013 ni la ley estatal 20\/2022 de Memoria Democr\u00e1tica obligan al derribo y que el cat\u00e1logo municipal\" \/>\n<meta name=\"robots\" content=\"index, follow, max-snippet:-1, max-image-preview:large, max-video-preview:-1\" \/>\n<link rel=\"canonical\" href=\"https:\/\/www.laguiadepamplona.com\/actualidad\/el-ayuntamiento-de-pamplona-desestima-el-recurso-de-reposicion-de-las-asociaciones-memorialistas-para-derribar-el-monumento-a-los-caidos\/\" \/>\n<meta property=\"og:locale\" content=\"es_ES\" \/>\n<meta property=\"og:type\" content=\"article\" \/>\n<meta property=\"og:title\" content=\"El Ayuntamiento de Pamplona desestima el recurso de reposici\u00f3n de las asociaciones memorialistas para derribar el Monumento a los Ca\u00eddos\" \/>\n<meta property=\"og:description\" content=\"Considera que ni la Ley Foral 33\/2013 ni la ley estatal 20\/2022 de Memoria Democr\u00e1tica obligan al derribo y que el cat\u00e1logo municipal\" \/>\n<meta property=\"og:url\" content=\"https:\/\/www.laguiadepamplona.com\/actualidad\/el-ayuntamiento-de-pamplona-desestima-el-recurso-de-reposicion-de-las-asociaciones-memorialistas-para-derribar-el-monumento-a-los-caidos\/\" \/>\n<meta property=\"og:site_name\" content=\"La Gu\u00eda de Pamplona\" \/>\n<meta property=\"article:publisher\" content=\"https:\/\/www.facebook.com\/laguiadepamplonacom-133175176762273\/?ref=hl\" \/>\n<meta property=\"article:published_time\" content=\"2025-02-07T16:02:26+00:00\" \/>\n<meta property=\"og:image\" content=\"https:\/\/www.laguiadepamplona.com\/actualidad\/wp-content\/uploads\/2021\/01\/ensanche_caidos_fuente_1.jpg\" \/>\n\t<meta property=\"og:image:width\" content=\"1920\" \/>\n\t<meta property=\"og:image:height\" content=\"1139\" \/>\n\t<meta property=\"og:image:type\" content=\"image\/jpeg\" \/>\n<meta name=\"author\" content=\"La Gu\u00eda de Pamplona\" \/>\n<meta name=\"twitter:card\" content=\"summary_large_image\" \/>\n<meta name=\"twitter:creator\" content=\"@LaGuiadPamplona\" \/>\n<meta name=\"twitter:site\" content=\"@LaGuiadPamplona\" \/>\n<meta name=\"twitter:label1\" content=\"Escrito por\" \/>\n\t<meta name=\"twitter:data1\" content=\"La Gu\u00eda de Pamplona\" \/>\n\t<meta name=\"twitter:label2\" content=\"Tiempo de lectura\" \/>\n\t<meta name=\"twitter:data2\" content=\"4 minutos\" \/>\n<script type=\"application\/ld+json\" class=\"yoast-schema-graph\">{\"@context\":\"https:\\\/\\\/schema.org\",\"@graph\":[{\"@type\":\"Article\",\"@id\":\"https:\\\/\\\/www.laguiadepamplona.com\\\/actualidad\\\/el-ayuntamiento-de-pamplona-desestima-el-recurso-de-reposicion-de-las-asociaciones-memorialistas-para-derribar-el-monumento-a-los-caidos\\\/#article\",\"isPartOf\":{\"@id\":\"https:\\\/\\\/www.laguiadepamplona.com\\\/actualidad\\\/el-ayuntamiento-de-pamplona-desestima-el-recurso-de-reposicion-de-las-asociaciones-memorialistas-para-derribar-el-monumento-a-los-caidos\\\/\"},\"author\":{\"name\":\"La Gu\u00eda de Pamplona\",\"@id\":\"https:\\\/\\\/www.laguiadepamplona.com\\\/actualidad\\\/#\\\/schema\\\/person\\\/efe887376f0213d4657c93adc50b1fdb\"},\"headline\":\"El Ayuntamiento de Pamplona desestima el recurso de reposici\u00f3n de las asociaciones memorialistas para derribar el Monumento a los Ca\u00eddos\",\"datePublished\":\"2025-02-07T16:02:26+00:00\",\"mainEntityOfPage\":{\"@id\":\"https:\\\/\\\/www.laguiadepamplona.com\\\/actualidad\\\/el-ayuntamiento-de-pamplona-desestima-el-recurso-de-reposicion-de-las-asociaciones-memorialistas-para-derribar-el-monumento-a-los-caidos\\\/\"},\"wordCount\":810,\"commentCount\":0,\"publisher\":{\"@id\":\"https:\\\/\\\/www.laguiadepamplona.com\\\/actualidad\\\/#organization\"},\"image\":{\"@id\":\"https:\\\/\\\/www.laguiadepamplona.com\\\/actualidad\\\/el-ayuntamiento-de-pamplona-desestima-el-recurso-de-reposicion-de-las-asociaciones-memorialistas-para-derribar-el-monumento-a-los-caidos\\\/#primaryimage\"},\"thumbnailUrl\":\"https:\\\/\\\/www.laguiadepamplona.com\\\/actualidad\\\/wp-content\\\/uploads\\\/2021\\\/01\\\/ensanche_caidos_fuente_1.jpg\",\"articleSection\":[\"Ayto Pamplona\"],\"inLanguage\":\"es\",\"potentialAction\":[{\"@type\":\"CommentAction\",\"name\":\"Comment\",\"target\":[\"https:\\\/\\\/www.laguiadepamplona.com\\\/actualidad\\\/el-ayuntamiento-de-pamplona-desestima-el-recurso-de-reposicion-de-las-asociaciones-memorialistas-para-derribar-el-monumento-a-los-caidos\\\/#respond\"]}]},{\"@type\":\"WebPage\",\"@id\":\"https:\\\/\\\/www.laguiadepamplona.com\\\/actualidad\\\/el-ayuntamiento-de-pamplona-desestima-el-recurso-de-reposicion-de-las-asociaciones-memorialistas-para-derribar-el-monumento-a-los-caidos\\\/\",\"url\":\"https:\\\/\\\/www.laguiadepamplona.com\\\/actualidad\\\/el-ayuntamiento-de-pamplona-desestima-el-recurso-de-reposicion-de-las-asociaciones-memorialistas-para-derribar-el-monumento-a-los-caidos\\\/\",\"name\":\"El Ayuntamiento de Pamplona desestima el recurso de reposici\u00f3n de las asociaciones memorialistas para derribar el Monumento a los Ca\u00eddos\",\"isPartOf\":{\"@id\":\"https:\\\/\\\/www.laguiadepamplona.com\\\/actualidad\\\/#website\"},\"primaryImageOfPage\":{\"@id\":\"https:\\\/\\\/www.laguiadepamplona.com\\\/actualidad\\\/el-ayuntamiento-de-pamplona-desestima-el-recurso-de-reposicion-de-las-asociaciones-memorialistas-para-derribar-el-monumento-a-los-caidos\\\/#primaryimage\"},\"image\":{\"@id\":\"https:\\\/\\\/www.laguiadepamplona.com\\\/actualidad\\\/el-ayuntamiento-de-pamplona-desestima-el-recurso-de-reposicion-de-las-asociaciones-memorialistas-para-derribar-el-monumento-a-los-caidos\\\/#primaryimage\"},\"thumbnailUrl\":\"https:\\\/\\\/www.laguiadepamplona.com\\\/actualidad\\\/wp-content\\\/uploads\\\/2021\\\/01\\\/ensanche_caidos_fuente_1.jpg\",\"datePublished\":\"2025-02-07T16:02:26+00:00\",\"description\":\"Considera que ni la Ley Foral 33\\\/2013 ni la ley estatal 20\\\/2022 de Memoria Democr\u00e1tica obligan al derribo y que el cat\u00e1logo municipal\",\"breadcrumb\":{\"@id\":\"https:\\\/\\\/www.laguiadepamplona.com\\\/actualidad\\\/el-ayuntamiento-de-pamplona-desestima-el-recurso-de-reposicion-de-las-asociaciones-memorialistas-para-derribar-el-monumento-a-los-caidos\\\/#breadcrumb\"},\"inLanguage\":\"es\",\"potentialAction\":[{\"@type\":\"ReadAction\",\"target\":[\"https:\\\/\\\/www.laguiadepamplona.com\\\/actualidad\\\/el-ayuntamiento-de-pamplona-desestima-el-recurso-de-reposicion-de-las-asociaciones-memorialistas-para-derribar-el-monumento-a-los-caidos\\\/\"]}]},{\"@type\":\"ImageObject\",\"inLanguage\":\"es\",\"@id\":\"https:\\\/\\\/www.laguiadepamplona.com\\\/actualidad\\\/el-ayuntamiento-de-pamplona-desestima-el-recurso-de-reposicion-de-las-asociaciones-memorialistas-para-derribar-el-monumento-a-los-caidos\\\/#primaryimage\",\"url\":\"https:\\\/\\\/www.laguiadepamplona.com\\\/actualidad\\\/wp-content\\\/uploads\\\/2021\\\/01\\\/ensanche_caidos_fuente_1.jpg\",\"contentUrl\":\"https:\\\/\\\/www.laguiadepamplona.com\\\/actualidad\\\/wp-content\\\/uploads\\\/2021\\\/01\\\/ensanche_caidos_fuente_1.jpg\",\"width\":1920,\"height\":1139,\"caption\":\"Ensanche Los Ca\u00eddos\"},{\"@type\":\"BreadcrumbList\",\"@id\":\"https:\\\/\\\/www.laguiadepamplona.com\\\/actualidad\\\/el-ayuntamiento-de-pamplona-desestima-el-recurso-de-reposicion-de-las-asociaciones-memorialistas-para-derribar-el-monumento-a-los-caidos\\\/#breadcrumb\",\"itemListElement\":[{\"@type\":\"ListItem\",\"position\":1,\"name\":\"Portada\",\"item\":\"https:\\\/\\\/www.laguiadepamplona.com\\\/actualidad\\\/\"},{\"@type\":\"ListItem\",\"position\":2,\"name\":\"El Ayuntamiento de Pamplona desestima el recurso de reposici\u00f3n de las asociaciones memorialistas para derribar el Monumento a los Ca\u00eddos\"}]},{\"@type\":\"WebSite\",\"@id\":\"https:\\\/\\\/www.laguiadepamplona.com\\\/actualidad\\\/#website\",\"url\":\"https:\\\/\\\/www.laguiadepamplona.com\\\/actualidad\\\/\",\"name\":\"La gu\u00eda de Pamplona\",\"description\":\"Noticias de Pamplona\",\"publisher\":{\"@id\":\"https:\\\/\\\/www.laguiadepamplona.com\\\/actualidad\\\/#organization\"},\"potentialAction\":[{\"@type\":\"SearchAction\",\"target\":{\"@type\":\"EntryPoint\",\"urlTemplate\":\"https:\\\/\\\/www.laguiadepamplona.com\\\/actualidad\\\/?s={search_term_string}\"},\"query-input\":{\"@type\":\"PropertyValueSpecification\",\"valueRequired\":true,\"valueName\":\"search_term_string\"}}],\"inLanguage\":\"es\"},{\"@type\":\"Organization\",\"@id\":\"https:\\\/\\\/www.laguiadepamplona.com\\\/actualidad\\\/#organization\",\"name\":\"La Gu\u00eda de Pamplona \\\/ Noticias\",\"url\":\"https:\\\/\\\/www.laguiadepamplona.com\\\/actualidad\\\/\",\"logo\":{\"@type\":\"ImageObject\",\"inLanguage\":\"es\",\"@id\":\"https:\\\/\\\/www.laguiadepamplona.com\\\/actualidad\\\/#\\\/schema\\\/logo\\\/image\\\/\",\"url\":\"https:\\\/\\\/www.laguiadepamplona.com\\\/actualidad\\\/wp-content\\\/uploads\\\/2018\\\/11\\\/logo-laguiadepamplona18-web1.png\",\"contentUrl\":\"https:\\\/\\\/www.laguiadepamplona.com\\\/actualidad\\\/wp-content\\\/uploads\\\/2018\\\/11\\\/logo-laguiadepamplona18-web1.png\",\"width\":600,\"height\":196,\"caption\":\"La Gu\u00eda de Pamplona \\\/ Noticias\"},\"image\":{\"@id\":\"https:\\\/\\\/www.laguiadepamplona.com\\\/actualidad\\\/#\\\/schema\\\/logo\\\/image\\\/\"},\"sameAs\":[\"https:\\\/\\\/www.facebook.com\\\/laguiadepamplonacom-133175176762273\\\/?ref=hl\",\"https:\\\/\\\/x.com\\\/LaGuiadPamplona\",\"https:\\\/\\\/www.instagram.com\\\/la_guia_de_pamplona\\\/\",\"https:\\\/\\\/www.youtube.com\\\/user\\\/laguiadepamplona\"]},{\"@type\":\"Person\",\"@id\":\"https:\\\/\\\/www.laguiadepamplona.com\\\/actualidad\\\/#\\\/schema\\\/person\\\/efe887376f0213d4657c93adc50b1fdb\",\"name\":\"La Gu\u00eda de Pamplona\",\"image\":{\"@type\":\"ImageObject\",\"inLanguage\":\"es\",\"@id\":\"https:\\\/\\\/secure.gravatar.com\\\/avatar\\\/b6992f131dc8d30ab0dff15446e9d346d9dbd95992de0fef795073f5ea83a81c?s=96&d=mm&r=g\",\"url\":\"https:\\\/\\\/secure.gravatar.com\\\/avatar\\\/b6992f131dc8d30ab0dff15446e9d346d9dbd95992de0fef795073f5ea83a81c?s=96&d=mm&r=g\",\"contentUrl\":\"https:\\\/\\\/secure.gravatar.com\\\/avatar\\\/b6992f131dc8d30ab0dff15446e9d346d9dbd95992de0fef795073f5ea83a81c?s=96&d=mm&r=g\",\"caption\":\"La Gu\u00eda de Pamplona\"}}]}<\/script>\n<!-- \/ Yoast SEO plugin. -->","yoast_head_json":{"title":"El Ayuntamiento de Pamplona desestima el recurso de reposici\u00f3n de las asociaciones memorialistas para derribar el Monumento a los Ca\u00eddos","description":"Considera que ni la Ley Foral 33\/2013 ni la ley estatal 20\/2022 de Memoria Democr\u00e1tica obligan al derribo y que el cat\u00e1logo municipal","robots":{"index":"index","follow":"follow","max-snippet":"max-snippet:-1","max-image-preview":"max-image-preview:large","max-video-preview":"max-video-preview:-1"},"canonical":"https:\/\/www.laguiadepamplona.com\/actualidad\/el-ayuntamiento-de-pamplona-desestima-el-recurso-de-reposicion-de-las-asociaciones-memorialistas-para-derribar-el-monumento-a-los-caidos\/","og_locale":"es_ES","og_type":"article","og_title":"El Ayuntamiento de Pamplona desestima el recurso de reposici\u00f3n de las asociaciones memorialistas para derribar el Monumento a los Ca\u00eddos","og_description":"Considera que ni la Ley Foral 33\/2013 ni la ley estatal 20\/2022 de Memoria Democr\u00e1tica obligan al derribo y que el cat\u00e1logo municipal","og_url":"https:\/\/www.laguiadepamplona.com\/actualidad\/el-ayuntamiento-de-pamplona-desestima-el-recurso-de-reposicion-de-las-asociaciones-memorialistas-para-derribar-el-monumento-a-los-caidos\/","og_site_name":"La Gu\u00eda de Pamplona","article_publisher":"https:\/\/www.facebook.com\/laguiadepamplonacom-133175176762273\/?ref=hl","article_published_time":"2025-02-07T16:02:26+00:00","og_image":[{"width":1920,"height":1139,"url":"https:\/\/www.laguiadepamplona.com\/actualidad\/wp-content\/uploads\/2021\/01\/ensanche_caidos_fuente_1.jpg","type":"image\/jpeg"}],"author":"La Gu\u00eda de Pamplona","twitter_card":"summary_large_image","twitter_creator":"@LaGuiadPamplona","twitter_site":"@LaGuiadPamplona","twitter_misc":{"Escrito por":"La Gu\u00eda de Pamplona","Tiempo de lectura":"4 minutos"},"schema":{"@context":"https:\/\/schema.org","@graph":[{"@type":"Article","@id":"https:\/\/www.laguiadepamplona.com\/actualidad\/el-ayuntamiento-de-pamplona-desestima-el-recurso-de-reposicion-de-las-asociaciones-memorialistas-para-derribar-el-monumento-a-los-caidos\/#article","isPartOf":{"@id":"https:\/\/www.laguiadepamplona.com\/actualidad\/el-ayuntamiento-de-pamplona-desestima-el-recurso-de-reposicion-de-las-asociaciones-memorialistas-para-derribar-el-monumento-a-los-caidos\/"},"author":{"name":"La Gu\u00eda de Pamplona","@id":"https:\/\/www.laguiadepamplona.com\/actualidad\/#\/schema\/person\/efe887376f0213d4657c93adc50b1fdb"},"headline":"El Ayuntamiento de Pamplona desestima el recurso de reposici\u00f3n de las asociaciones memorialistas para derribar el Monumento a los Ca\u00eddos","datePublished":"2025-02-07T16:02:26+00:00","mainEntityOfPage":{"@id":"https:\/\/www.laguiadepamplona.com\/actualidad\/el-ayuntamiento-de-pamplona-desestima-el-recurso-de-reposicion-de-las-asociaciones-memorialistas-para-derribar-el-monumento-a-los-caidos\/"},"wordCount":810,"commentCount":0,"publisher":{"@id":"https:\/\/www.laguiadepamplona.com\/actualidad\/#organization"},"image":{"@id":"https:\/\/www.laguiadepamplona.com\/actualidad\/el-ayuntamiento-de-pamplona-desestima-el-recurso-de-reposicion-de-las-asociaciones-memorialistas-para-derribar-el-monumento-a-los-caidos\/#primaryimage"},"thumbnailUrl":"https:\/\/www.laguiadepamplona.com\/actualidad\/wp-content\/uploads\/2021\/01\/ensanche_caidos_fuente_1.jpg","articleSection":["Ayto Pamplona"],"inLanguage":"es","potentialAction":[{"@type":"CommentAction","name":"Comment","target":["https:\/\/www.laguiadepamplona.com\/actualidad\/el-ayuntamiento-de-pamplona-desestima-el-recurso-de-reposicion-de-las-asociaciones-memorialistas-para-derribar-el-monumento-a-los-caidos\/#respond"]}]},{"@type":"WebPage","@id":"https:\/\/www.laguiadepamplona.com\/actualidad\/el-ayuntamiento-de-pamplona-desestima-el-recurso-de-reposicion-de-las-asociaciones-memorialistas-para-derribar-el-monumento-a-los-caidos\/","url":"https:\/\/www.laguiadepamplona.com\/actualidad\/el-ayuntamiento-de-pamplona-desestima-el-recurso-de-reposicion-de-las-asociaciones-memorialistas-para-derribar-el-monumento-a-los-caidos\/","name":"El Ayuntamiento de Pamplona desestima el recurso de reposici\u00f3n de las asociaciones memorialistas para derribar el Monumento a los Ca\u00eddos","isPartOf":{"@id":"https:\/\/www.laguiadepamplona.com\/actualidad\/#website"},"primaryImageOfPage":{"@id":"https:\/\/www.laguiadepamplona.com\/actualidad\/el-ayuntamiento-de-pamplona-desestima-el-recurso-de-reposicion-de-las-asociaciones-memorialistas-para-derribar-el-monumento-a-los-caidos\/#primaryimage"},"image":{"@id":"https:\/\/www.laguiadepamplona.com\/actualidad\/el-ayuntamiento-de-pamplona-desestima-el-recurso-de-reposicion-de-las-asociaciones-memorialistas-para-derribar-el-monumento-a-los-caidos\/#primaryimage"},"thumbnailUrl":"https:\/\/www.laguiadepamplona.com\/actualidad\/wp-content\/uploads\/2021\/01\/ensanche_caidos_fuente_1.jpg","datePublished":"2025-02-07T16:02:26+00:00","description":"Considera que ni la Ley Foral 33\/2013 ni la ley estatal 20\/2022 de Memoria Democr\u00e1tica obligan al derribo y que el cat\u00e1logo municipal","breadcrumb":{"@id":"https:\/\/www.laguiadepamplona.com\/actualidad\/el-ayuntamiento-de-pamplona-desestima-el-recurso-de-reposicion-de-las-asociaciones-memorialistas-para-derribar-el-monumento-a-los-caidos\/#breadcrumb"},"inLanguage":"es","potentialAction":[{"@type":"ReadAction","target":["https:\/\/www.laguiadepamplona.com\/actualidad\/el-ayuntamiento-de-pamplona-desestima-el-recurso-de-reposicion-de-las-asociaciones-memorialistas-para-derribar-el-monumento-a-los-caidos\/"]}]},{"@type":"ImageObject","inLanguage":"es","@id":"https:\/\/www.laguiadepamplona.com\/actualidad\/el-ayuntamiento-de-pamplona-desestima-el-recurso-de-reposicion-de-las-asociaciones-memorialistas-para-derribar-el-monumento-a-los-caidos\/#primaryimage","url":"https:\/\/www.laguiadepamplona.com\/actualidad\/wp-content\/uploads\/2021\/01\/ensanche_caidos_fuente_1.jpg","contentUrl":"https:\/\/www.laguiadepamplona.com\/actualidad\/wp-content\/uploads\/2021\/01\/ensanche_caidos_fuente_1.jpg","width":1920,"height":1139,"caption":"Ensanche Los Ca\u00eddos"},{"@type":"BreadcrumbList","@id":"https:\/\/www.laguiadepamplona.com\/actualidad\/el-ayuntamiento-de-pamplona-desestima-el-recurso-de-reposicion-de-las-asociaciones-memorialistas-para-derribar-el-monumento-a-los-caidos\/#breadcrumb","itemListElement":[{"@type":"ListItem","position":1,"name":"Portada","item":"https:\/\/www.laguiadepamplona.com\/actualidad\/"},{"@type":"ListItem","position":2,"name":"El Ayuntamiento de Pamplona desestima el recurso de reposici\u00f3n de las asociaciones memorialistas para derribar el Monumento a los Ca\u00eddos"}]},{"@type":"WebSite","@id":"https:\/\/www.laguiadepamplona.com\/actualidad\/#website","url":"https:\/\/www.laguiadepamplona.com\/actualidad\/","name":"La gu\u00eda de Pamplona","description":"Noticias de Pamplona","publisher":{"@id":"https:\/\/www.laguiadepamplona.com\/actualidad\/#organization"},"potentialAction":[{"@type":"SearchAction","target":{"@type":"EntryPoint","urlTemplate":"https:\/\/www.laguiadepamplona.com\/actualidad\/?s={search_term_string}"},"query-input":{"@type":"PropertyValueSpecification","valueRequired":true,"valueName":"search_term_string"}}],"inLanguage":"es"},{"@type":"Organization","@id":"https:\/\/www.laguiadepamplona.com\/actualidad\/#organization","name":"La Gu\u00eda de Pamplona \/ Noticias","url":"https:\/\/www.laguiadepamplona.com\/actualidad\/","logo":{"@type":"ImageObject","inLanguage":"es","@id":"https:\/\/www.laguiadepamplona.com\/actualidad\/#\/schema\/logo\/image\/","url":"https:\/\/www.laguiadepamplona.com\/actualidad\/wp-content\/uploads\/2018\/11\/logo-laguiadepamplona18-web1.png","contentUrl":"https:\/\/www.laguiadepamplona.com\/actualidad\/wp-content\/uploads\/2018\/11\/logo-laguiadepamplona18-web1.png","width":600,"height":196,"caption":"La Gu\u00eda de Pamplona \/ Noticias"},"image":{"@id":"https:\/\/www.laguiadepamplona.com\/actualidad\/#\/schema\/logo\/image\/"},"sameAs":["https:\/\/www.facebook.com\/laguiadepamplonacom-133175176762273\/?ref=hl","https:\/\/x.com\/LaGuiadPamplona","https:\/\/www.instagram.com\/la_guia_de_pamplona\/","https:\/\/www.youtube.com\/user\/laguiadepamplona"]},{"@type":"Person","@id":"https:\/\/www.laguiadepamplona.com\/actualidad\/#\/schema\/person\/efe887376f0213d4657c93adc50b1fdb","name":"La Gu\u00eda de Pamplona","image":{"@type":"ImageObject","inLanguage":"es","@id":"https:\/\/secure.gravatar.com\/avatar\/b6992f131dc8d30ab0dff15446e9d346d9dbd95992de0fef795073f5ea83a81c?s=96&d=mm&r=g","url":"https:\/\/secure.gravatar.com\/avatar\/b6992f131dc8d30ab0dff15446e9d346d9dbd95992de0fef795073f5ea83a81c?s=96&d=mm&r=g","contentUrl":"https:\/\/secure.gravatar.com\/avatar\/b6992f131dc8d30ab0dff15446e9d346d9dbd95992de0fef795073f5ea83a81c?s=96&d=mm&r=g","caption":"La Gu\u00eda de Pamplona"}}]}},"post_mailing_queue_ids":[],"_links":{"self":[{"href":"https:\/\/www.laguiadepamplona.com\/actualidad\/wp-json\/wp\/v2\/posts\/52034","targetHints":{"allow":["GET"]}}],"collection":[{"href":"https:\/\/www.laguiadepamplona.com\/actualidad\/wp-json\/wp\/v2\/posts"}],"about":[{"href":"https:\/\/www.laguiadepamplona.com\/actualidad\/wp-json\/wp\/v2\/types\/post"}],"author":[{"embeddable":true,"href":"https:\/\/www.laguiadepamplona.com\/actualidad\/wp-json\/wp\/v2\/users\/1"}],"replies":[{"embeddable":true,"href":"https:\/\/www.laguiadepamplona.com\/actualidad\/wp-json\/wp\/v2\/comments?post=52034"}],"version-history":[{"count":1,"href":"https:\/\/www.laguiadepamplona.com\/actualidad\/wp-json\/wp\/v2\/posts\/52034\/revisions"}],"predecessor-version":[{"id":52035,"href":"https:\/\/www.laguiadepamplona.com\/actualidad\/wp-json\/wp\/v2\/posts\/52034\/revisions\/52035"}],"wp:featuredmedia":[{"embeddable":true,"href":"https:\/\/www.laguiadepamplona.com\/actualidad\/wp-json\/wp\/v2\/media\/32696"}],"wp:attachment":[{"href":"https:\/\/www.laguiadepamplona.com\/actualidad\/wp-json\/wp\/v2\/media?parent=52034"}],"wp:term":[{"taxonomy":"category","embeddable":true,"href":"https:\/\/www.laguiadepamplona.com\/actualidad\/wp-json\/wp\/v2\/categories?post=52034"},{"taxonomy":"post_tag","embeddable":true,"href":"https:\/\/www.laguiadepamplona.com\/actualidad\/wp-json\/wp\/v2\/tags?post=52034"}],"curies":[{"name":"wp","href":"https:\/\/api.w.org\/{rel}","templated":true}]}}