{"id":52031,"date":"2025-02-07T18:01:07","date_gmt":"2025-02-07T16:01:07","guid":{"rendered":"https:\/\/www.laguiadepamplona.com\/actualidad\/?p=52031"},"modified":"2025-02-07T18:01:07","modified_gmt":"2025-02-07T16:01:07","slug":"el-espectaculo-de-danza-maxkaroa-llega-la-proxima-semana-a-pamplona-en-plena-celebracion-del-carnaval","status":"publish","type":"post","link":"https:\/\/www.laguiadepamplona.com\/actualidad\/el-espectaculo-de-danza-maxkaroa-llega-la-proxima-semana-a-pamplona-en-plena-celebracion-del-carnaval\/","title":{"rendered":"El espect\u00e1culo de danza Maxka\u00b4roa llega la pr\u00f3xima semana a Pamplona en plena celebraci\u00f3n del Carnaval"},"content":{"rendered":"<h2>Baluarte acoge el domingo 16 de febrero esta obra impulsada por la asociaci\u00f3n cultural Berritza y el grupo de danza Txingili\u2019K<\/h2>\n<p><!--more--><\/p>\n<p>La danza tradicional souletina y los nuevos movimientos van de la mano en el espect\u00e1culo Maxka\u00b4roa, que el domingo 16 de febrero acoge la Sala de C\u00e1mara de Baluarte. El espect\u00e1culo es la \u00faltima creaci\u00f3n de la asociaci\u00f3n cultural Berritza, de Maule\u00f3n-Licharre, con la participaci\u00f3n del grupo de danza Txingili\u2019K y el core\u00f3grafo Eneko Gil, entre otros artistas. Las entradas, que cuestan 15 euros, est\u00e1n a la venta en la taquilla y la web de Baluarte.<\/p>\n<p>El espect\u00e1culo supone un gui\u00f1o a la Maskarada, el ritmo carnavalesco del floklore vasco que combina danza, m\u00fasica, cantos y teatro. En Maxka\u00b4roa once bailarines de asociaci\u00f3n cultural Berritza, integrados en el grupo Txingil\u00b4K, interpretan a las \u00f3rdenes del core\u00f3grafo Eneko Gil de nuevo los bailes y las dantzas de entonces.<\/p>\n<p>El Ayuntamiento de Pamplona promueve este espect\u00e1culo, por su valor cultural y calidad, ya que est\u00e1 impulsada por un joven grupo de bailarines, con dantzaris de entre 20 y 23 a\u00f1os, bajo la direcci\u00f3n de un core\u00f3grafo de reconocida trayectoria en el \u00e1mbito de la danza. De hecho, la asociaci\u00f3n cultural Berritza de Maule\u00f3n-Licharre trabaja en la promoci\u00f3n de la cultura vasca en Xiberoa (La Soule) apoyando a grupos amateurs, ofreciendo talleres art\u00edsticos, coproduciendo y produciendo espect\u00e1culos, con el objetivo de ser un centro de recursos culturales.<\/p>\n<p>Por su parte, el core\u00f3grafo Eneko Gil ha trabajado con core\u00f3grafos de la talla de Cesc Gelabert, La Intrusa Danza, Jone San Mart\u00edn, Marcos Morau o Sharon Fridman. Gracias al trabajo con \u00e9ste \u00faltimo en la pieza Erritu, fue nominado a la mejor interpretaci\u00f3n masculina de danza en los Premios Max de las Artes Esc\u00e9nicas.<\/p>\n<p>&nbsp;<\/p>\n<h3>Maxka\u00b4roa. Espect\u00e1culo de danza<\/h3>\n<ul>\n<li>Domingo 16 de febrero de 2025. 18.30 horas<\/li>\n<li>Entradas: 15 euros<\/li>\n<li>Taquilla de Baluarte y <a href=\"https:\/\/baluarte.com\/es\/agenda\/filtrar-entradas\" target=\"_blank\" rel=\"noopener\">p\u00e1gina web<\/a><\/li>\n<\/ul>\n","protected":false},"excerpt":{"rendered":"<p>Baluarte acoge el domingo 16 de febrero esta obra impulsada por la asociaci\u00f3n cultural Berritza y el grupo de danza Txingili\u2019K<\/p>\n","protected":false},"author":1,"featured_media":52032,"comment_status":"open","ping_status":"closed","sticky":false,"template":"","format":"standard","meta":{"footnotes":""},"categories":[2],"tags":[],"class_list":["post-52031","post","type-post","status-publish","format-standard","has-post-thumbnail","hentry","category-ayuntamiento-pamplona"],"yoast_head":"<!-- This site is optimized with the Yoast SEO plugin v27.3 - https:\/\/yoast.com\/product\/yoast-seo-wordpress\/ -->\n<title>El espect\u00e1culo de danza Maxka\u00b4roa llega la pr\u00f3xima semana a Pamplona en plena celebraci\u00f3n del Carnaval<\/title>\n<meta name=\"description\" content=\"Baluarte acoge el domingo 16 de febrero esta obra impulsada por la asociaci\u00f3n cultural Berritza y el grupo de danza Txingili\u2019K\" \/>\n<meta name=\"robots\" content=\"index, follow, max-snippet:-1, max-image-preview:large, max-video-preview:-1\" \/>\n<link rel=\"canonical\" href=\"https:\/\/www.laguiadepamplona.com\/actualidad\/el-espectaculo-de-danza-maxkaroa-llega-la-proxima-semana-a-pamplona-en-plena-celebracion-del-carnaval\/\" \/>\n<meta property=\"og:locale\" content=\"es_ES\" \/>\n<meta property=\"og:type\" content=\"article\" \/>\n<meta property=\"og:title\" content=\"El espect\u00e1culo de danza Maxka\u00b4roa llega la pr\u00f3xima semana a Pamplona en plena celebraci\u00f3n del Carnaval\" \/>\n<meta property=\"og:description\" content=\"Baluarte acoge el domingo 16 de febrero esta obra impulsada por la asociaci\u00f3n cultural Berritza y el grupo de danza Txingili\u2019K\" \/>\n<meta property=\"og:url\" content=\"https:\/\/www.laguiadepamplona.com\/actualidad\/el-espectaculo-de-danza-maxkaroa-llega-la-proxima-semana-a-pamplona-en-plena-celebracion-del-carnaval\/\" \/>\n<meta property=\"og:site_name\" content=\"La Gu\u00eda de Pamplona\" \/>\n<meta property=\"article:publisher\" content=\"https:\/\/www.facebook.com\/laguiadepamplonacom-133175176762273\/?ref=hl\" \/>\n<meta property=\"article:published_time\" content=\"2025-02-07T16:01:07+00:00\" \/>\n<meta property=\"og:image\" content=\"https:\/\/www.laguiadepamplona.com\/actualidad\/wp-content\/uploads\/2025\/02\/maxka-roa.webp\" \/>\n\t<meta property=\"og:image:width\" content=\"600\" \/>\n\t<meta property=\"og:image:height\" content=\"800\" \/>\n\t<meta property=\"og:image:type\" content=\"image\/webp\" \/>\n<meta name=\"author\" content=\"La Gu\u00eda de Pamplona\" \/>\n<meta name=\"twitter:card\" content=\"summary_large_image\" \/>\n<meta name=\"twitter:creator\" content=\"@LaGuiadPamplona\" \/>\n<meta name=\"twitter:site\" content=\"@LaGuiadPamplona\" \/>\n<meta name=\"twitter:label1\" content=\"Escrito por\" \/>\n\t<meta name=\"twitter:data1\" content=\"La Gu\u00eda de Pamplona\" \/>\n\t<meta name=\"twitter:label2\" content=\"Tiempo de lectura\" \/>\n\t<meta name=\"twitter:data2\" content=\"2 minutos\" \/>\n<script type=\"application\/ld+json\" class=\"yoast-schema-graph\">{\"@context\":\"https:\\\/\\\/schema.org\",\"@graph\":[{\"@type\":\"Article\",\"@id\":\"https:\\\/\\\/www.laguiadepamplona.com\\\/actualidad\\\/el-espectaculo-de-danza-maxkaroa-llega-la-proxima-semana-a-pamplona-en-plena-celebracion-del-carnaval\\\/#article\",\"isPartOf\":{\"@id\":\"https:\\\/\\\/www.laguiadepamplona.com\\\/actualidad\\\/el-espectaculo-de-danza-maxkaroa-llega-la-proxima-semana-a-pamplona-en-plena-celebracion-del-carnaval\\\/\"},\"author\":{\"name\":\"La Gu\u00eda de Pamplona\",\"@id\":\"https:\\\/\\\/www.laguiadepamplona.com\\\/actualidad\\\/#\\\/schema\\\/person\\\/efe887376f0213d4657c93adc50b1fdb\"},\"headline\":\"El espect\u00e1culo de danza Maxka\u00b4roa llega la pr\u00f3xima semana a Pamplona en plena celebraci\u00f3n del Carnaval\",\"datePublished\":\"2025-02-07T16:01:07+00:00\",\"mainEntityOfPage\":{\"@id\":\"https:\\\/\\\/www.laguiadepamplona.com\\\/actualidad\\\/el-espectaculo-de-danza-maxkaroa-llega-la-proxima-semana-a-pamplona-en-plena-celebracion-del-carnaval\\\/\"},\"wordCount\":360,\"commentCount\":0,\"publisher\":{\"@id\":\"https:\\\/\\\/www.laguiadepamplona.com\\\/actualidad\\\/#organization\"},\"image\":{\"@id\":\"https:\\\/\\\/www.laguiadepamplona.com\\\/actualidad\\\/el-espectaculo-de-danza-maxkaroa-llega-la-proxima-semana-a-pamplona-en-plena-celebracion-del-carnaval\\\/#primaryimage\"},\"thumbnailUrl\":\"https:\\\/\\\/www.laguiadepamplona.com\\\/actualidad\\\/wp-content\\\/uploads\\\/2025\\\/02\\\/maxka-roa.webp\",\"articleSection\":[\"Ayto Pamplona\"],\"inLanguage\":\"es\",\"potentialAction\":[{\"@type\":\"CommentAction\",\"name\":\"Comment\",\"target\":[\"https:\\\/\\\/www.laguiadepamplona.com\\\/actualidad\\\/el-espectaculo-de-danza-maxkaroa-llega-la-proxima-semana-a-pamplona-en-plena-celebracion-del-carnaval\\\/#respond\"]}]},{\"@type\":\"WebPage\",\"@id\":\"https:\\\/\\\/www.laguiadepamplona.com\\\/actualidad\\\/el-espectaculo-de-danza-maxkaroa-llega-la-proxima-semana-a-pamplona-en-plena-celebracion-del-carnaval\\\/\",\"url\":\"https:\\\/\\\/www.laguiadepamplona.com\\\/actualidad\\\/el-espectaculo-de-danza-maxkaroa-llega-la-proxima-semana-a-pamplona-en-plena-celebracion-del-carnaval\\\/\",\"name\":\"El espect\u00e1culo de danza Maxka\u00b4roa llega la pr\u00f3xima semana a Pamplona en plena celebraci\u00f3n del Carnaval\",\"isPartOf\":{\"@id\":\"https:\\\/\\\/www.laguiadepamplona.com\\\/actualidad\\\/#website\"},\"primaryImageOfPage\":{\"@id\":\"https:\\\/\\\/www.laguiadepamplona.com\\\/actualidad\\\/el-espectaculo-de-danza-maxkaroa-llega-la-proxima-semana-a-pamplona-en-plena-celebracion-del-carnaval\\\/#primaryimage\"},\"image\":{\"@id\":\"https:\\\/\\\/www.laguiadepamplona.com\\\/actualidad\\\/el-espectaculo-de-danza-maxkaroa-llega-la-proxima-semana-a-pamplona-en-plena-celebracion-del-carnaval\\\/#primaryimage\"},\"thumbnailUrl\":\"https:\\\/\\\/www.laguiadepamplona.com\\\/actualidad\\\/wp-content\\\/uploads\\\/2025\\\/02\\\/maxka-roa.webp\",\"datePublished\":\"2025-02-07T16:01:07+00:00\",\"description\":\"Baluarte acoge el domingo 16 de febrero esta obra impulsada por la asociaci\u00f3n cultural Berritza y el grupo de danza Txingili\u2019K\",\"breadcrumb\":{\"@id\":\"https:\\\/\\\/www.laguiadepamplona.com\\\/actualidad\\\/el-espectaculo-de-danza-maxkaroa-llega-la-proxima-semana-a-pamplona-en-plena-celebracion-del-carnaval\\\/#breadcrumb\"},\"inLanguage\":\"es\",\"potentialAction\":[{\"@type\":\"ReadAction\",\"target\":[\"https:\\\/\\\/www.laguiadepamplona.com\\\/actualidad\\\/el-espectaculo-de-danza-maxkaroa-llega-la-proxima-semana-a-pamplona-en-plena-celebracion-del-carnaval\\\/\"]}]},{\"@type\":\"ImageObject\",\"inLanguage\":\"es\",\"@id\":\"https:\\\/\\\/www.laguiadepamplona.com\\\/actualidad\\\/el-espectaculo-de-danza-maxkaroa-llega-la-proxima-semana-a-pamplona-en-plena-celebracion-del-carnaval\\\/#primaryimage\",\"url\":\"https:\\\/\\\/www.laguiadepamplona.com\\\/actualidad\\\/wp-content\\\/uploads\\\/2025\\\/02\\\/maxka-roa.webp\",\"contentUrl\":\"https:\\\/\\\/www.laguiadepamplona.com\\\/actualidad\\\/wp-content\\\/uploads\\\/2025\\\/02\\\/maxka-roa.webp\",\"width\":600,\"height\":800,\"caption\":\"Maxka'roa\"},{\"@type\":\"BreadcrumbList\",\"@id\":\"https:\\\/\\\/www.laguiadepamplona.com\\\/actualidad\\\/el-espectaculo-de-danza-maxkaroa-llega-la-proxima-semana-a-pamplona-en-plena-celebracion-del-carnaval\\\/#breadcrumb\",\"itemListElement\":[{\"@type\":\"ListItem\",\"position\":1,\"name\":\"Portada\",\"item\":\"https:\\\/\\\/www.laguiadepamplona.com\\\/actualidad\\\/\"},{\"@type\":\"ListItem\",\"position\":2,\"name\":\"El espect\u00e1culo de danza Maxka\u00b4roa llega la pr\u00f3xima semana a Pamplona en plena celebraci\u00f3n del Carnaval\"}]},{\"@type\":\"WebSite\",\"@id\":\"https:\\\/\\\/www.laguiadepamplona.com\\\/actualidad\\\/#website\",\"url\":\"https:\\\/\\\/www.laguiadepamplona.com\\\/actualidad\\\/\",\"name\":\"La gu\u00eda de Pamplona\",\"description\":\"Noticias de Pamplona\",\"publisher\":{\"@id\":\"https:\\\/\\\/www.laguiadepamplona.com\\\/actualidad\\\/#organization\"},\"potentialAction\":[{\"@type\":\"SearchAction\",\"target\":{\"@type\":\"EntryPoint\",\"urlTemplate\":\"https:\\\/\\\/www.laguiadepamplona.com\\\/actualidad\\\/?s={search_term_string}\"},\"query-input\":{\"@type\":\"PropertyValueSpecification\",\"valueRequired\":true,\"valueName\":\"search_term_string\"}}],\"inLanguage\":\"es\"},{\"@type\":\"Organization\",\"@id\":\"https:\\\/\\\/www.laguiadepamplona.com\\\/actualidad\\\/#organization\",\"name\":\"La Gu\u00eda de Pamplona \\\/ Noticias\",\"url\":\"https:\\\/\\\/www.laguiadepamplona.com\\\/actualidad\\\/\",\"logo\":{\"@type\":\"ImageObject\",\"inLanguage\":\"es\",\"@id\":\"https:\\\/\\\/www.laguiadepamplona.com\\\/actualidad\\\/#\\\/schema\\\/logo\\\/image\\\/\",\"url\":\"https:\\\/\\\/www.laguiadepamplona.com\\\/actualidad\\\/wp-content\\\/uploads\\\/2018\\\/11\\\/logo-laguiadepamplona18-web1.png\",\"contentUrl\":\"https:\\\/\\\/www.laguiadepamplona.com\\\/actualidad\\\/wp-content\\\/uploads\\\/2018\\\/11\\\/logo-laguiadepamplona18-web1.png\",\"width\":600,\"height\":196,\"caption\":\"La Gu\u00eda de Pamplona \\\/ Noticias\"},\"image\":{\"@id\":\"https:\\\/\\\/www.laguiadepamplona.com\\\/actualidad\\\/#\\\/schema\\\/logo\\\/image\\\/\"},\"sameAs\":[\"https:\\\/\\\/www.facebook.com\\\/laguiadepamplonacom-133175176762273\\\/?ref=hl\",\"https:\\\/\\\/x.com\\\/LaGuiadPamplona\",\"https:\\\/\\\/www.instagram.com\\\/la_guia_de_pamplona\\\/\",\"https:\\\/\\\/www.youtube.com\\\/user\\\/laguiadepamplona\"]},{\"@type\":\"Person\",\"@id\":\"https:\\\/\\\/www.laguiadepamplona.com\\\/actualidad\\\/#\\\/schema\\\/person\\\/efe887376f0213d4657c93adc50b1fdb\",\"name\":\"La Gu\u00eda de Pamplona\",\"image\":{\"@type\":\"ImageObject\",\"inLanguage\":\"es\",\"@id\":\"https:\\\/\\\/secure.gravatar.com\\\/avatar\\\/b6992f131dc8d30ab0dff15446e9d346d9dbd95992de0fef795073f5ea83a81c?s=96&d=mm&r=g\",\"url\":\"https:\\\/\\\/secure.gravatar.com\\\/avatar\\\/b6992f131dc8d30ab0dff15446e9d346d9dbd95992de0fef795073f5ea83a81c?s=96&d=mm&r=g\",\"contentUrl\":\"https:\\\/\\\/secure.gravatar.com\\\/avatar\\\/b6992f131dc8d30ab0dff15446e9d346d9dbd95992de0fef795073f5ea83a81c?s=96&d=mm&r=g\",\"caption\":\"La Gu\u00eda de Pamplona\"}}]}<\/script>\n<!-- \/ Yoast SEO plugin. -->","yoast_head_json":{"title":"El espect\u00e1culo de danza Maxka\u00b4roa llega la pr\u00f3xima semana a Pamplona en plena celebraci\u00f3n del Carnaval","description":"Baluarte acoge el domingo 16 de febrero esta obra impulsada por la asociaci\u00f3n cultural Berritza y el grupo de danza Txingili\u2019K","robots":{"index":"index","follow":"follow","max-snippet":"max-snippet:-1","max-image-preview":"max-image-preview:large","max-video-preview":"max-video-preview:-1"},"canonical":"https:\/\/www.laguiadepamplona.com\/actualidad\/el-espectaculo-de-danza-maxkaroa-llega-la-proxima-semana-a-pamplona-en-plena-celebracion-del-carnaval\/","og_locale":"es_ES","og_type":"article","og_title":"El espect\u00e1culo de danza Maxka\u00b4roa llega la pr\u00f3xima semana a Pamplona en plena celebraci\u00f3n del Carnaval","og_description":"Baluarte acoge el domingo 16 de febrero esta obra impulsada por la asociaci\u00f3n cultural Berritza y el grupo de danza Txingili\u2019K","og_url":"https:\/\/www.laguiadepamplona.com\/actualidad\/el-espectaculo-de-danza-maxkaroa-llega-la-proxima-semana-a-pamplona-en-plena-celebracion-del-carnaval\/","og_site_name":"La Gu\u00eda de Pamplona","article_publisher":"https:\/\/www.facebook.com\/laguiadepamplonacom-133175176762273\/?ref=hl","article_published_time":"2025-02-07T16:01:07+00:00","og_image":[{"width":600,"height":800,"url":"https:\/\/www.laguiadepamplona.com\/actualidad\/wp-content\/uploads\/2025\/02\/maxka-roa.webp","type":"image\/webp"}],"author":"La Gu\u00eda de Pamplona","twitter_card":"summary_large_image","twitter_creator":"@LaGuiadPamplona","twitter_site":"@LaGuiadPamplona","twitter_misc":{"Escrito por":"La Gu\u00eda de Pamplona","Tiempo de lectura":"2 minutos"},"schema":{"@context":"https:\/\/schema.org","@graph":[{"@type":"Article","@id":"https:\/\/www.laguiadepamplona.com\/actualidad\/el-espectaculo-de-danza-maxkaroa-llega-la-proxima-semana-a-pamplona-en-plena-celebracion-del-carnaval\/#article","isPartOf":{"@id":"https:\/\/www.laguiadepamplona.com\/actualidad\/el-espectaculo-de-danza-maxkaroa-llega-la-proxima-semana-a-pamplona-en-plena-celebracion-del-carnaval\/"},"author":{"name":"La Gu\u00eda de Pamplona","@id":"https:\/\/www.laguiadepamplona.com\/actualidad\/#\/schema\/person\/efe887376f0213d4657c93adc50b1fdb"},"headline":"El espect\u00e1culo de danza Maxka\u00b4roa llega la pr\u00f3xima semana a Pamplona en plena celebraci\u00f3n del Carnaval","datePublished":"2025-02-07T16:01:07+00:00","mainEntityOfPage":{"@id":"https:\/\/www.laguiadepamplona.com\/actualidad\/el-espectaculo-de-danza-maxkaroa-llega-la-proxima-semana-a-pamplona-en-plena-celebracion-del-carnaval\/"},"wordCount":360,"commentCount":0,"publisher":{"@id":"https:\/\/www.laguiadepamplona.com\/actualidad\/#organization"},"image":{"@id":"https:\/\/www.laguiadepamplona.com\/actualidad\/el-espectaculo-de-danza-maxkaroa-llega-la-proxima-semana-a-pamplona-en-plena-celebracion-del-carnaval\/#primaryimage"},"thumbnailUrl":"https:\/\/www.laguiadepamplona.com\/actualidad\/wp-content\/uploads\/2025\/02\/maxka-roa.webp","articleSection":["Ayto Pamplona"],"inLanguage":"es","potentialAction":[{"@type":"CommentAction","name":"Comment","target":["https:\/\/www.laguiadepamplona.com\/actualidad\/el-espectaculo-de-danza-maxkaroa-llega-la-proxima-semana-a-pamplona-en-plena-celebracion-del-carnaval\/#respond"]}]},{"@type":"WebPage","@id":"https:\/\/www.laguiadepamplona.com\/actualidad\/el-espectaculo-de-danza-maxkaroa-llega-la-proxima-semana-a-pamplona-en-plena-celebracion-del-carnaval\/","url":"https:\/\/www.laguiadepamplona.com\/actualidad\/el-espectaculo-de-danza-maxkaroa-llega-la-proxima-semana-a-pamplona-en-plena-celebracion-del-carnaval\/","name":"El espect\u00e1culo de danza Maxka\u00b4roa llega la pr\u00f3xima semana a Pamplona en plena celebraci\u00f3n del Carnaval","isPartOf":{"@id":"https:\/\/www.laguiadepamplona.com\/actualidad\/#website"},"primaryImageOfPage":{"@id":"https:\/\/www.laguiadepamplona.com\/actualidad\/el-espectaculo-de-danza-maxkaroa-llega-la-proxima-semana-a-pamplona-en-plena-celebracion-del-carnaval\/#primaryimage"},"image":{"@id":"https:\/\/www.laguiadepamplona.com\/actualidad\/el-espectaculo-de-danza-maxkaroa-llega-la-proxima-semana-a-pamplona-en-plena-celebracion-del-carnaval\/#primaryimage"},"thumbnailUrl":"https:\/\/www.laguiadepamplona.com\/actualidad\/wp-content\/uploads\/2025\/02\/maxka-roa.webp","datePublished":"2025-02-07T16:01:07+00:00","description":"Baluarte acoge el domingo 16 de febrero esta obra impulsada por la asociaci\u00f3n cultural Berritza y el grupo de danza Txingili\u2019K","breadcrumb":{"@id":"https:\/\/www.laguiadepamplona.com\/actualidad\/el-espectaculo-de-danza-maxkaroa-llega-la-proxima-semana-a-pamplona-en-plena-celebracion-del-carnaval\/#breadcrumb"},"inLanguage":"es","potentialAction":[{"@type":"ReadAction","target":["https:\/\/www.laguiadepamplona.com\/actualidad\/el-espectaculo-de-danza-maxkaroa-llega-la-proxima-semana-a-pamplona-en-plena-celebracion-del-carnaval\/"]}]},{"@type":"ImageObject","inLanguage":"es","@id":"https:\/\/www.laguiadepamplona.com\/actualidad\/el-espectaculo-de-danza-maxkaroa-llega-la-proxima-semana-a-pamplona-en-plena-celebracion-del-carnaval\/#primaryimage","url":"https:\/\/www.laguiadepamplona.com\/actualidad\/wp-content\/uploads\/2025\/02\/maxka-roa.webp","contentUrl":"https:\/\/www.laguiadepamplona.com\/actualidad\/wp-content\/uploads\/2025\/02\/maxka-roa.webp","width":600,"height":800,"caption":"Maxka'roa"},{"@type":"BreadcrumbList","@id":"https:\/\/www.laguiadepamplona.com\/actualidad\/el-espectaculo-de-danza-maxkaroa-llega-la-proxima-semana-a-pamplona-en-plena-celebracion-del-carnaval\/#breadcrumb","itemListElement":[{"@type":"ListItem","position":1,"name":"Portada","item":"https:\/\/www.laguiadepamplona.com\/actualidad\/"},{"@type":"ListItem","position":2,"name":"El espect\u00e1culo de danza Maxka\u00b4roa llega la pr\u00f3xima semana a Pamplona en plena celebraci\u00f3n del Carnaval"}]},{"@type":"WebSite","@id":"https:\/\/www.laguiadepamplona.com\/actualidad\/#website","url":"https:\/\/www.laguiadepamplona.com\/actualidad\/","name":"La gu\u00eda de Pamplona","description":"Noticias de Pamplona","publisher":{"@id":"https:\/\/www.laguiadepamplona.com\/actualidad\/#organization"},"potentialAction":[{"@type":"SearchAction","target":{"@type":"EntryPoint","urlTemplate":"https:\/\/www.laguiadepamplona.com\/actualidad\/?s={search_term_string}"},"query-input":{"@type":"PropertyValueSpecification","valueRequired":true,"valueName":"search_term_string"}}],"inLanguage":"es"},{"@type":"Organization","@id":"https:\/\/www.laguiadepamplona.com\/actualidad\/#organization","name":"La Gu\u00eda de Pamplona \/ Noticias","url":"https:\/\/www.laguiadepamplona.com\/actualidad\/","logo":{"@type":"ImageObject","inLanguage":"es","@id":"https:\/\/www.laguiadepamplona.com\/actualidad\/#\/schema\/logo\/image\/","url":"https:\/\/www.laguiadepamplona.com\/actualidad\/wp-content\/uploads\/2018\/11\/logo-laguiadepamplona18-web1.png","contentUrl":"https:\/\/www.laguiadepamplona.com\/actualidad\/wp-content\/uploads\/2018\/11\/logo-laguiadepamplona18-web1.png","width":600,"height":196,"caption":"La Gu\u00eda de Pamplona \/ Noticias"},"image":{"@id":"https:\/\/www.laguiadepamplona.com\/actualidad\/#\/schema\/logo\/image\/"},"sameAs":["https:\/\/www.facebook.com\/laguiadepamplonacom-133175176762273\/?ref=hl","https:\/\/x.com\/LaGuiadPamplona","https:\/\/www.instagram.com\/la_guia_de_pamplona\/","https:\/\/www.youtube.com\/user\/laguiadepamplona"]},{"@type":"Person","@id":"https:\/\/www.laguiadepamplona.com\/actualidad\/#\/schema\/person\/efe887376f0213d4657c93adc50b1fdb","name":"La Gu\u00eda de Pamplona","image":{"@type":"ImageObject","inLanguage":"es","@id":"https:\/\/secure.gravatar.com\/avatar\/b6992f131dc8d30ab0dff15446e9d346d9dbd95992de0fef795073f5ea83a81c?s=96&d=mm&r=g","url":"https:\/\/secure.gravatar.com\/avatar\/b6992f131dc8d30ab0dff15446e9d346d9dbd95992de0fef795073f5ea83a81c?s=96&d=mm&r=g","contentUrl":"https:\/\/secure.gravatar.com\/avatar\/b6992f131dc8d30ab0dff15446e9d346d9dbd95992de0fef795073f5ea83a81c?s=96&d=mm&r=g","caption":"La Gu\u00eda de Pamplona"}}]}},"post_mailing_queue_ids":[],"_links":{"self":[{"href":"https:\/\/www.laguiadepamplona.com\/actualidad\/wp-json\/wp\/v2\/posts\/52031","targetHints":{"allow":["GET"]}}],"collection":[{"href":"https:\/\/www.laguiadepamplona.com\/actualidad\/wp-json\/wp\/v2\/posts"}],"about":[{"href":"https:\/\/www.laguiadepamplona.com\/actualidad\/wp-json\/wp\/v2\/types\/post"}],"author":[{"embeddable":true,"href":"https:\/\/www.laguiadepamplona.com\/actualidad\/wp-json\/wp\/v2\/users\/1"}],"replies":[{"embeddable":true,"href":"https:\/\/www.laguiadepamplona.com\/actualidad\/wp-json\/wp\/v2\/comments?post=52031"}],"version-history":[{"count":1,"href":"https:\/\/www.laguiadepamplona.com\/actualidad\/wp-json\/wp\/v2\/posts\/52031\/revisions"}],"predecessor-version":[{"id":52033,"href":"https:\/\/www.laguiadepamplona.com\/actualidad\/wp-json\/wp\/v2\/posts\/52031\/revisions\/52033"}],"wp:featuredmedia":[{"embeddable":true,"href":"https:\/\/www.laguiadepamplona.com\/actualidad\/wp-json\/wp\/v2\/media\/52032"}],"wp:attachment":[{"href":"https:\/\/www.laguiadepamplona.com\/actualidad\/wp-json\/wp\/v2\/media?parent=52031"}],"wp:term":[{"taxonomy":"category","embeddable":true,"href":"https:\/\/www.laguiadepamplona.com\/actualidad\/wp-json\/wp\/v2\/categories?post=52031"},{"taxonomy":"post_tag","embeddable":true,"href":"https:\/\/www.laguiadepamplona.com\/actualidad\/wp-json\/wp\/v2\/tags?post=52031"}],"curies":[{"name":"wp","href":"https:\/\/api.w.org\/{rel}","templated":true}]}}