{"id":52025,"date":"2025-02-07T17:57:34","date_gmt":"2025-02-07T15:57:34","guid":{"rendered":"https:\/\/www.laguiadepamplona.com\/actualidad\/?p=52025"},"modified":"2025-02-07T17:57:34","modified_gmt":"2025-02-07T15:57:34","slug":"civivox-condestable-acoge-este-martes-una-jornada-sobre-politicas-publicas-frente-al-envejecimiento-poblacional","status":"publish","type":"post","link":"https:\/\/www.laguiadepamplona.com\/actualidad\/civivox-condestable-acoge-este-martes-una-jornada-sobre-politicas-publicas-frente-al-envejecimiento-poblacional\/","title":{"rendered":"Civivox Condestable acoge este martes una jornada sobre Pol\u00edticas p\u00fablicas frente al envejecimiento poblacional"},"content":{"rendered":"<h2>Intervendr\u00e1 la soci\u00f3loga Irati Mogoll\u00f3n Garc\u00eda y se presentar\u00e1n los principales resultados del Diagn\u00f3stico de la situaci\u00f3n de personas mayores<\/h2>\n<p><!--more--><\/p>\n<p>El Ayuntamiento de Pamplona ha organizado una jornada con el t\u00edtulo Pol\u00edticas p\u00fablicas frente al envejecimiento poblacional, este martes d\u00eda 11 en Civivox Condestable, a las 18 horas. Las jornadas, que abordar\u00e1n diversas cuestiones en torno al impacto del envejecimiento, las inaugura la concejala del \u00c1rea de Igualdad, Acci\u00f3n Comunitaria, Barrios, Participaci\u00f3n Ciudadana y Euskera, Zaloa Basabe Guti\u00e9rrez.<\/p>\n<p>En la sesi\u00f3n se presentar\u00e1n los principales resultados del Diagn\u00f3stico de la situaci\u00f3n de personas mayores en Pamplona y en sus barrios, que suponen el 23% de la poblaci\u00f3n. Este diagn\u00f3stico constituye la base para el I Plan de la Persona Mayor, previsto para el oto\u00f1o de este a\u00f1o. La presentaci\u00f3n corre a cargo de la empresa autora del Diagn\u00f3stico, Aret\u00e9. El diagn\u00f3stico se ha enriquecido con las propuestas de los integrantes del Consejo Municipal de las Personas Mayores, para que sus resultados sean lo m\u00e1s completos posibles.<\/p>\n<p>A continuaci\u00f3n, la experta Irati Mogoll\u00f3n Garc\u00eda se centrar\u00e1 en el tema principal de la jornada, con la ponencia Pol\u00edticas P\u00fablicas frente al envejecimiento poblacional. La soci\u00f3loga vasca est\u00e1 especializada en empoderamiento feminista de personas mayores. Tras su intervenci\u00f3n se abrir\u00e1 un turno de preguntas, previo a la clausura.<\/p>\n<p>&nbsp;<\/p>\n<h3>\u2018Pol\u00edticas p\u00fablicas frente al envejecimiento poblacional\u2019<\/h3>\n<ul>\n<li>Civivox Condestable, sal\u00f3n de actos, 18:00 (calle Mayor 2). Programa:\n<ul>\n<li>18:00 \u2013 18:10: Introducci\u00f3n a cargo de concejala del \u00c1rea de Igualdad, Acci\u00f3n Comunitaria, Barrios, Participaci\u00f3n Ciudadana y Euskera, Zaloa Basabe Guti\u00e9rrez<\/li>\n<li>18:10 \u2013 18:45: Presentaci\u00f3n de los principales resultados del diagn\u00f3stico de la situaci\u00f3n de personas mayores en Pamplona y en sus barrios. Pr\u00f3ximos pasos para el I Plan de la Persona Mayor de Pamplona. Ponente: Aret\u00e9<\/li>\n<li>18:45 \u2013 19:45: Ponencia de Irati Mogoll\u00f3n Garc\u00eda sobre Pol\u00edticas P\u00fablicas frente al envejecimiento poblacional<\/li>\n<li>19:45: Preguntas y clausura de las jornadas<\/li>\n<\/ul>\n<\/li>\n<\/ul>\n","protected":false},"excerpt":{"rendered":"<p>Intervendr\u00e1 la soci\u00f3loga Irati Mogoll\u00f3n Garc\u00eda y se presentar\u00e1n los principales resultados del Diagn\u00f3stico de la situaci\u00f3n de personas mayores<\/p>\n","protected":false},"author":1,"featured_media":52026,"comment_status":"open","ping_status":"closed","sticky":false,"template":"","format":"standard","meta":{"footnotes":""},"categories":[2],"tags":[],"class_list":["post-52025","post","type-post","status-publish","format-standard","has-post-thumbnail","hentry","category-ayuntamiento-pamplona"],"yoast_head":"<!-- This site is optimized with the Yoast SEO plugin v27.3 - https:\/\/yoast.com\/product\/yoast-seo-wordpress\/ -->\n<title>Civivox Condestable acoge este martes una jornada sobre Pol\u00edticas p\u00fablicas frente al envejecimiento poblacional<\/title>\n<meta name=\"description\" content=\"Intervendr\u00e1 la soci\u00f3loga Irati Mogoll\u00f3n Garc\u00eda y se presentar\u00e1n los principales resultados del Diagn\u00f3stico de la situaci\u00f3n de personas mayores\" \/>\n<meta name=\"robots\" content=\"index, follow, max-snippet:-1, max-image-preview:large, max-video-preview:-1\" \/>\n<link rel=\"canonical\" href=\"https:\/\/www.laguiadepamplona.com\/actualidad\/civivox-condestable-acoge-este-martes-una-jornada-sobre-politicas-publicas-frente-al-envejecimiento-poblacional\/\" \/>\n<meta property=\"og:locale\" content=\"es_ES\" \/>\n<meta property=\"og:type\" content=\"article\" \/>\n<meta property=\"og:title\" content=\"Civivox Condestable acoge este martes una jornada sobre Pol\u00edticas p\u00fablicas frente al envejecimiento poblacional\" \/>\n<meta property=\"og:description\" content=\"Intervendr\u00e1 la soci\u00f3loga Irati Mogoll\u00f3n Garc\u00eda y se presentar\u00e1n los principales resultados del Diagn\u00f3stico de la situaci\u00f3n de personas mayores\" \/>\n<meta property=\"og:url\" content=\"https:\/\/www.laguiadepamplona.com\/actualidad\/civivox-condestable-acoge-este-martes-una-jornada-sobre-politicas-publicas-frente-al-envejecimiento-poblacional\/\" \/>\n<meta property=\"og:site_name\" content=\"La Gu\u00eda de Pamplona\" \/>\n<meta property=\"article:publisher\" content=\"https:\/\/www.facebook.com\/laguiadepamplonacom-133175176762273\/?ref=hl\" \/>\n<meta property=\"article:published_time\" content=\"2025-02-07T15:57:34+00:00\" \/>\n<meta property=\"og:image\" content=\"https:\/\/www.laguiadepamplona.com\/actualidad\/wp-content\/uploads\/2025\/02\/web_edadismo_cast.webp\" \/>\n\t<meta property=\"og:image:width\" content=\"1000\" \/>\n\t<meta property=\"og:image:height\" content=\"507\" \/>\n\t<meta property=\"og:image:type\" content=\"image\/webp\" \/>\n<meta name=\"author\" content=\"La Gu\u00eda de Pamplona\" \/>\n<meta name=\"twitter:card\" content=\"summary_large_image\" \/>\n<meta name=\"twitter:creator\" content=\"@LaGuiadPamplona\" \/>\n<meta name=\"twitter:site\" content=\"@LaGuiadPamplona\" \/>\n<meta name=\"twitter:label1\" content=\"Escrito por\" \/>\n\t<meta name=\"twitter:data1\" content=\"La Gu\u00eda de Pamplona\" \/>\n\t<meta name=\"twitter:label2\" content=\"Tiempo de lectura\" \/>\n\t<meta name=\"twitter:data2\" content=\"2 minutos\" \/>\n<script type=\"application\/ld+json\" class=\"yoast-schema-graph\">{\"@context\":\"https:\\\/\\\/schema.org\",\"@graph\":[{\"@type\":\"Article\",\"@id\":\"https:\\\/\\\/www.laguiadepamplona.com\\\/actualidad\\\/civivox-condestable-acoge-este-martes-una-jornada-sobre-politicas-publicas-frente-al-envejecimiento-poblacional\\\/#article\",\"isPartOf\":{\"@id\":\"https:\\\/\\\/www.laguiadepamplona.com\\\/actualidad\\\/civivox-condestable-acoge-este-martes-una-jornada-sobre-politicas-publicas-frente-al-envejecimiento-poblacional\\\/\"},\"author\":{\"name\":\"La Gu\u00eda de Pamplona\",\"@id\":\"https:\\\/\\\/www.laguiadepamplona.com\\\/actualidad\\\/#\\\/schema\\\/person\\\/efe887376f0213d4657c93adc50b1fdb\"},\"headline\":\"Civivox Condestable acoge este martes una jornada sobre Pol\u00edticas p\u00fablicas frente al envejecimiento poblacional\",\"datePublished\":\"2025-02-07T15:57:34+00:00\",\"mainEntityOfPage\":{\"@id\":\"https:\\\/\\\/www.laguiadepamplona.com\\\/actualidad\\\/civivox-condestable-acoge-este-martes-una-jornada-sobre-politicas-publicas-frente-al-envejecimiento-poblacional\\\/\"},\"wordCount\":361,\"commentCount\":0,\"publisher\":{\"@id\":\"https:\\\/\\\/www.laguiadepamplona.com\\\/actualidad\\\/#organization\"},\"image\":{\"@id\":\"https:\\\/\\\/www.laguiadepamplona.com\\\/actualidad\\\/civivox-condestable-acoge-este-martes-una-jornada-sobre-politicas-publicas-frente-al-envejecimiento-poblacional\\\/#primaryimage\"},\"thumbnailUrl\":\"https:\\\/\\\/www.laguiadepamplona.com\\\/actualidad\\\/wp-content\\\/uploads\\\/2025\\\/02\\\/web_edadismo_cast.webp\",\"articleSection\":[\"Ayto Pamplona\"],\"inLanguage\":\"es\",\"potentialAction\":[{\"@type\":\"CommentAction\",\"name\":\"Comment\",\"target\":[\"https:\\\/\\\/www.laguiadepamplona.com\\\/actualidad\\\/civivox-condestable-acoge-este-martes-una-jornada-sobre-politicas-publicas-frente-al-envejecimiento-poblacional\\\/#respond\"]}]},{\"@type\":\"WebPage\",\"@id\":\"https:\\\/\\\/www.laguiadepamplona.com\\\/actualidad\\\/civivox-condestable-acoge-este-martes-una-jornada-sobre-politicas-publicas-frente-al-envejecimiento-poblacional\\\/\",\"url\":\"https:\\\/\\\/www.laguiadepamplona.com\\\/actualidad\\\/civivox-condestable-acoge-este-martes-una-jornada-sobre-politicas-publicas-frente-al-envejecimiento-poblacional\\\/\",\"name\":\"Civivox Condestable acoge este martes una jornada sobre Pol\u00edticas p\u00fablicas frente al envejecimiento poblacional\",\"isPartOf\":{\"@id\":\"https:\\\/\\\/www.laguiadepamplona.com\\\/actualidad\\\/#website\"},\"primaryImageOfPage\":{\"@id\":\"https:\\\/\\\/www.laguiadepamplona.com\\\/actualidad\\\/civivox-condestable-acoge-este-martes-una-jornada-sobre-politicas-publicas-frente-al-envejecimiento-poblacional\\\/#primaryimage\"},\"image\":{\"@id\":\"https:\\\/\\\/www.laguiadepamplona.com\\\/actualidad\\\/civivox-condestable-acoge-este-martes-una-jornada-sobre-politicas-publicas-frente-al-envejecimiento-poblacional\\\/#primaryimage\"},\"thumbnailUrl\":\"https:\\\/\\\/www.laguiadepamplona.com\\\/actualidad\\\/wp-content\\\/uploads\\\/2025\\\/02\\\/web_edadismo_cast.webp\",\"datePublished\":\"2025-02-07T15:57:34+00:00\",\"description\":\"Intervendr\u00e1 la soci\u00f3loga Irati Mogoll\u00f3n Garc\u00eda y se presentar\u00e1n los principales resultados del Diagn\u00f3stico de la situaci\u00f3n de personas mayores\",\"breadcrumb\":{\"@id\":\"https:\\\/\\\/www.laguiadepamplona.com\\\/actualidad\\\/civivox-condestable-acoge-este-martes-una-jornada-sobre-politicas-publicas-frente-al-envejecimiento-poblacional\\\/#breadcrumb\"},\"inLanguage\":\"es\",\"potentialAction\":[{\"@type\":\"ReadAction\",\"target\":[\"https:\\\/\\\/www.laguiadepamplona.com\\\/actualidad\\\/civivox-condestable-acoge-este-martes-una-jornada-sobre-politicas-publicas-frente-al-envejecimiento-poblacional\\\/\"]}]},{\"@type\":\"ImageObject\",\"inLanguage\":\"es\",\"@id\":\"https:\\\/\\\/www.laguiadepamplona.com\\\/actualidad\\\/civivox-condestable-acoge-este-martes-una-jornada-sobre-politicas-publicas-frente-al-envejecimiento-poblacional\\\/#primaryimage\",\"url\":\"https:\\\/\\\/www.laguiadepamplona.com\\\/actualidad\\\/wp-content\\\/uploads\\\/2025\\\/02\\\/web_edadismo_cast.webp\",\"contentUrl\":\"https:\\\/\\\/www.laguiadepamplona.com\\\/actualidad\\\/wp-content\\\/uploads\\\/2025\\\/02\\\/web_edadismo_cast.webp\",\"width\":1000,\"height\":507,\"caption\":\"pol\u00edticas p\u00fablicas\"},{\"@type\":\"BreadcrumbList\",\"@id\":\"https:\\\/\\\/www.laguiadepamplona.com\\\/actualidad\\\/civivox-condestable-acoge-este-martes-una-jornada-sobre-politicas-publicas-frente-al-envejecimiento-poblacional\\\/#breadcrumb\",\"itemListElement\":[{\"@type\":\"ListItem\",\"position\":1,\"name\":\"Portada\",\"item\":\"https:\\\/\\\/www.laguiadepamplona.com\\\/actualidad\\\/\"},{\"@type\":\"ListItem\",\"position\":2,\"name\":\"Civivox Condestable acoge este martes una jornada sobre Pol\u00edticas p\u00fablicas frente al envejecimiento poblacional\"}]},{\"@type\":\"WebSite\",\"@id\":\"https:\\\/\\\/www.laguiadepamplona.com\\\/actualidad\\\/#website\",\"url\":\"https:\\\/\\\/www.laguiadepamplona.com\\\/actualidad\\\/\",\"name\":\"La gu\u00eda de Pamplona\",\"description\":\"Noticias de Pamplona\",\"publisher\":{\"@id\":\"https:\\\/\\\/www.laguiadepamplona.com\\\/actualidad\\\/#organization\"},\"potentialAction\":[{\"@type\":\"SearchAction\",\"target\":{\"@type\":\"EntryPoint\",\"urlTemplate\":\"https:\\\/\\\/www.laguiadepamplona.com\\\/actualidad\\\/?s={search_term_string}\"},\"query-input\":{\"@type\":\"PropertyValueSpecification\",\"valueRequired\":true,\"valueName\":\"search_term_string\"}}],\"inLanguage\":\"es\"},{\"@type\":\"Organization\",\"@id\":\"https:\\\/\\\/www.laguiadepamplona.com\\\/actualidad\\\/#organization\",\"name\":\"La Gu\u00eda de Pamplona \\\/ Noticias\",\"url\":\"https:\\\/\\\/www.laguiadepamplona.com\\\/actualidad\\\/\",\"logo\":{\"@type\":\"ImageObject\",\"inLanguage\":\"es\",\"@id\":\"https:\\\/\\\/www.laguiadepamplona.com\\\/actualidad\\\/#\\\/schema\\\/logo\\\/image\\\/\",\"url\":\"https:\\\/\\\/www.laguiadepamplona.com\\\/actualidad\\\/wp-content\\\/uploads\\\/2018\\\/11\\\/logo-laguiadepamplona18-web1.png\",\"contentUrl\":\"https:\\\/\\\/www.laguiadepamplona.com\\\/actualidad\\\/wp-content\\\/uploads\\\/2018\\\/11\\\/logo-laguiadepamplona18-web1.png\",\"width\":600,\"height\":196,\"caption\":\"La Gu\u00eda de Pamplona \\\/ Noticias\"},\"image\":{\"@id\":\"https:\\\/\\\/www.laguiadepamplona.com\\\/actualidad\\\/#\\\/schema\\\/logo\\\/image\\\/\"},\"sameAs\":[\"https:\\\/\\\/www.facebook.com\\\/laguiadepamplonacom-133175176762273\\\/?ref=hl\",\"https:\\\/\\\/x.com\\\/LaGuiadPamplona\",\"https:\\\/\\\/www.instagram.com\\\/la_guia_de_pamplona\\\/\",\"https:\\\/\\\/www.youtube.com\\\/user\\\/laguiadepamplona\"]},{\"@type\":\"Person\",\"@id\":\"https:\\\/\\\/www.laguiadepamplona.com\\\/actualidad\\\/#\\\/schema\\\/person\\\/efe887376f0213d4657c93adc50b1fdb\",\"name\":\"La Gu\u00eda de Pamplona\",\"image\":{\"@type\":\"ImageObject\",\"inLanguage\":\"es\",\"@id\":\"https:\\\/\\\/secure.gravatar.com\\\/avatar\\\/b6992f131dc8d30ab0dff15446e9d346d9dbd95992de0fef795073f5ea83a81c?s=96&d=mm&r=g\",\"url\":\"https:\\\/\\\/secure.gravatar.com\\\/avatar\\\/b6992f131dc8d30ab0dff15446e9d346d9dbd95992de0fef795073f5ea83a81c?s=96&d=mm&r=g\",\"contentUrl\":\"https:\\\/\\\/secure.gravatar.com\\\/avatar\\\/b6992f131dc8d30ab0dff15446e9d346d9dbd95992de0fef795073f5ea83a81c?s=96&d=mm&r=g\",\"caption\":\"La Gu\u00eda de Pamplona\"}}]}<\/script>\n<!-- \/ Yoast SEO plugin. -->","yoast_head_json":{"title":"Civivox Condestable acoge este martes una jornada sobre Pol\u00edticas p\u00fablicas frente al envejecimiento poblacional","description":"Intervendr\u00e1 la soci\u00f3loga Irati Mogoll\u00f3n Garc\u00eda y se presentar\u00e1n los principales resultados del Diagn\u00f3stico de la situaci\u00f3n de personas mayores","robots":{"index":"index","follow":"follow","max-snippet":"max-snippet:-1","max-image-preview":"max-image-preview:large","max-video-preview":"max-video-preview:-1"},"canonical":"https:\/\/www.laguiadepamplona.com\/actualidad\/civivox-condestable-acoge-este-martes-una-jornada-sobre-politicas-publicas-frente-al-envejecimiento-poblacional\/","og_locale":"es_ES","og_type":"article","og_title":"Civivox Condestable acoge este martes una jornada sobre Pol\u00edticas p\u00fablicas frente al envejecimiento poblacional","og_description":"Intervendr\u00e1 la soci\u00f3loga Irati Mogoll\u00f3n Garc\u00eda y se presentar\u00e1n los principales resultados del Diagn\u00f3stico de la situaci\u00f3n de personas mayores","og_url":"https:\/\/www.laguiadepamplona.com\/actualidad\/civivox-condestable-acoge-este-martes-una-jornada-sobre-politicas-publicas-frente-al-envejecimiento-poblacional\/","og_site_name":"La Gu\u00eda de Pamplona","article_publisher":"https:\/\/www.facebook.com\/laguiadepamplonacom-133175176762273\/?ref=hl","article_published_time":"2025-02-07T15:57:34+00:00","og_image":[{"width":1000,"height":507,"url":"https:\/\/www.laguiadepamplona.com\/actualidad\/wp-content\/uploads\/2025\/02\/web_edadismo_cast.webp","type":"image\/webp"}],"author":"La Gu\u00eda de Pamplona","twitter_card":"summary_large_image","twitter_creator":"@LaGuiadPamplona","twitter_site":"@LaGuiadPamplona","twitter_misc":{"Escrito por":"La Gu\u00eda de Pamplona","Tiempo de lectura":"2 minutos"},"schema":{"@context":"https:\/\/schema.org","@graph":[{"@type":"Article","@id":"https:\/\/www.laguiadepamplona.com\/actualidad\/civivox-condestable-acoge-este-martes-una-jornada-sobre-politicas-publicas-frente-al-envejecimiento-poblacional\/#article","isPartOf":{"@id":"https:\/\/www.laguiadepamplona.com\/actualidad\/civivox-condestable-acoge-este-martes-una-jornada-sobre-politicas-publicas-frente-al-envejecimiento-poblacional\/"},"author":{"name":"La Gu\u00eda de Pamplona","@id":"https:\/\/www.laguiadepamplona.com\/actualidad\/#\/schema\/person\/efe887376f0213d4657c93adc50b1fdb"},"headline":"Civivox Condestable acoge este martes una jornada sobre Pol\u00edticas p\u00fablicas frente al envejecimiento poblacional","datePublished":"2025-02-07T15:57:34+00:00","mainEntityOfPage":{"@id":"https:\/\/www.laguiadepamplona.com\/actualidad\/civivox-condestable-acoge-este-martes-una-jornada-sobre-politicas-publicas-frente-al-envejecimiento-poblacional\/"},"wordCount":361,"commentCount":0,"publisher":{"@id":"https:\/\/www.laguiadepamplona.com\/actualidad\/#organization"},"image":{"@id":"https:\/\/www.laguiadepamplona.com\/actualidad\/civivox-condestable-acoge-este-martes-una-jornada-sobre-politicas-publicas-frente-al-envejecimiento-poblacional\/#primaryimage"},"thumbnailUrl":"https:\/\/www.laguiadepamplona.com\/actualidad\/wp-content\/uploads\/2025\/02\/web_edadismo_cast.webp","articleSection":["Ayto Pamplona"],"inLanguage":"es","potentialAction":[{"@type":"CommentAction","name":"Comment","target":["https:\/\/www.laguiadepamplona.com\/actualidad\/civivox-condestable-acoge-este-martes-una-jornada-sobre-politicas-publicas-frente-al-envejecimiento-poblacional\/#respond"]}]},{"@type":"WebPage","@id":"https:\/\/www.laguiadepamplona.com\/actualidad\/civivox-condestable-acoge-este-martes-una-jornada-sobre-politicas-publicas-frente-al-envejecimiento-poblacional\/","url":"https:\/\/www.laguiadepamplona.com\/actualidad\/civivox-condestable-acoge-este-martes-una-jornada-sobre-politicas-publicas-frente-al-envejecimiento-poblacional\/","name":"Civivox Condestable acoge este martes una jornada sobre Pol\u00edticas p\u00fablicas frente al envejecimiento poblacional","isPartOf":{"@id":"https:\/\/www.laguiadepamplona.com\/actualidad\/#website"},"primaryImageOfPage":{"@id":"https:\/\/www.laguiadepamplona.com\/actualidad\/civivox-condestable-acoge-este-martes-una-jornada-sobre-politicas-publicas-frente-al-envejecimiento-poblacional\/#primaryimage"},"image":{"@id":"https:\/\/www.laguiadepamplona.com\/actualidad\/civivox-condestable-acoge-este-martes-una-jornada-sobre-politicas-publicas-frente-al-envejecimiento-poblacional\/#primaryimage"},"thumbnailUrl":"https:\/\/www.laguiadepamplona.com\/actualidad\/wp-content\/uploads\/2025\/02\/web_edadismo_cast.webp","datePublished":"2025-02-07T15:57:34+00:00","description":"Intervendr\u00e1 la soci\u00f3loga Irati Mogoll\u00f3n Garc\u00eda y se presentar\u00e1n los principales resultados del Diagn\u00f3stico de la situaci\u00f3n de personas mayores","breadcrumb":{"@id":"https:\/\/www.laguiadepamplona.com\/actualidad\/civivox-condestable-acoge-este-martes-una-jornada-sobre-politicas-publicas-frente-al-envejecimiento-poblacional\/#breadcrumb"},"inLanguage":"es","potentialAction":[{"@type":"ReadAction","target":["https:\/\/www.laguiadepamplona.com\/actualidad\/civivox-condestable-acoge-este-martes-una-jornada-sobre-politicas-publicas-frente-al-envejecimiento-poblacional\/"]}]},{"@type":"ImageObject","inLanguage":"es","@id":"https:\/\/www.laguiadepamplona.com\/actualidad\/civivox-condestable-acoge-este-martes-una-jornada-sobre-politicas-publicas-frente-al-envejecimiento-poblacional\/#primaryimage","url":"https:\/\/www.laguiadepamplona.com\/actualidad\/wp-content\/uploads\/2025\/02\/web_edadismo_cast.webp","contentUrl":"https:\/\/www.laguiadepamplona.com\/actualidad\/wp-content\/uploads\/2025\/02\/web_edadismo_cast.webp","width":1000,"height":507,"caption":"pol\u00edticas p\u00fablicas"},{"@type":"BreadcrumbList","@id":"https:\/\/www.laguiadepamplona.com\/actualidad\/civivox-condestable-acoge-este-martes-una-jornada-sobre-politicas-publicas-frente-al-envejecimiento-poblacional\/#breadcrumb","itemListElement":[{"@type":"ListItem","position":1,"name":"Portada","item":"https:\/\/www.laguiadepamplona.com\/actualidad\/"},{"@type":"ListItem","position":2,"name":"Civivox Condestable acoge este martes una jornada sobre Pol\u00edticas p\u00fablicas frente al envejecimiento poblacional"}]},{"@type":"WebSite","@id":"https:\/\/www.laguiadepamplona.com\/actualidad\/#website","url":"https:\/\/www.laguiadepamplona.com\/actualidad\/","name":"La gu\u00eda de Pamplona","description":"Noticias de Pamplona","publisher":{"@id":"https:\/\/www.laguiadepamplona.com\/actualidad\/#organization"},"potentialAction":[{"@type":"SearchAction","target":{"@type":"EntryPoint","urlTemplate":"https:\/\/www.laguiadepamplona.com\/actualidad\/?s={search_term_string}"},"query-input":{"@type":"PropertyValueSpecification","valueRequired":true,"valueName":"search_term_string"}}],"inLanguage":"es"},{"@type":"Organization","@id":"https:\/\/www.laguiadepamplona.com\/actualidad\/#organization","name":"La Gu\u00eda de Pamplona \/ Noticias","url":"https:\/\/www.laguiadepamplona.com\/actualidad\/","logo":{"@type":"ImageObject","inLanguage":"es","@id":"https:\/\/www.laguiadepamplona.com\/actualidad\/#\/schema\/logo\/image\/","url":"https:\/\/www.laguiadepamplona.com\/actualidad\/wp-content\/uploads\/2018\/11\/logo-laguiadepamplona18-web1.png","contentUrl":"https:\/\/www.laguiadepamplona.com\/actualidad\/wp-content\/uploads\/2018\/11\/logo-laguiadepamplona18-web1.png","width":600,"height":196,"caption":"La Gu\u00eda de Pamplona \/ Noticias"},"image":{"@id":"https:\/\/www.laguiadepamplona.com\/actualidad\/#\/schema\/logo\/image\/"},"sameAs":["https:\/\/www.facebook.com\/laguiadepamplonacom-133175176762273\/?ref=hl","https:\/\/x.com\/LaGuiadPamplona","https:\/\/www.instagram.com\/la_guia_de_pamplona\/","https:\/\/www.youtube.com\/user\/laguiadepamplona"]},{"@type":"Person","@id":"https:\/\/www.laguiadepamplona.com\/actualidad\/#\/schema\/person\/efe887376f0213d4657c93adc50b1fdb","name":"La Gu\u00eda de Pamplona","image":{"@type":"ImageObject","inLanguage":"es","@id":"https:\/\/secure.gravatar.com\/avatar\/b6992f131dc8d30ab0dff15446e9d346d9dbd95992de0fef795073f5ea83a81c?s=96&d=mm&r=g","url":"https:\/\/secure.gravatar.com\/avatar\/b6992f131dc8d30ab0dff15446e9d346d9dbd95992de0fef795073f5ea83a81c?s=96&d=mm&r=g","contentUrl":"https:\/\/secure.gravatar.com\/avatar\/b6992f131dc8d30ab0dff15446e9d346d9dbd95992de0fef795073f5ea83a81c?s=96&d=mm&r=g","caption":"La Gu\u00eda de Pamplona"}}]}},"post_mailing_queue_ids":[],"_links":{"self":[{"href":"https:\/\/www.laguiadepamplona.com\/actualidad\/wp-json\/wp\/v2\/posts\/52025","targetHints":{"allow":["GET"]}}],"collection":[{"href":"https:\/\/www.laguiadepamplona.com\/actualidad\/wp-json\/wp\/v2\/posts"}],"about":[{"href":"https:\/\/www.laguiadepamplona.com\/actualidad\/wp-json\/wp\/v2\/types\/post"}],"author":[{"embeddable":true,"href":"https:\/\/www.laguiadepamplona.com\/actualidad\/wp-json\/wp\/v2\/users\/1"}],"replies":[{"embeddable":true,"href":"https:\/\/www.laguiadepamplona.com\/actualidad\/wp-json\/wp\/v2\/comments?post=52025"}],"version-history":[{"count":1,"href":"https:\/\/www.laguiadepamplona.com\/actualidad\/wp-json\/wp\/v2\/posts\/52025\/revisions"}],"predecessor-version":[{"id":52027,"href":"https:\/\/www.laguiadepamplona.com\/actualidad\/wp-json\/wp\/v2\/posts\/52025\/revisions\/52027"}],"wp:featuredmedia":[{"embeddable":true,"href":"https:\/\/www.laguiadepamplona.com\/actualidad\/wp-json\/wp\/v2\/media\/52026"}],"wp:attachment":[{"href":"https:\/\/www.laguiadepamplona.com\/actualidad\/wp-json\/wp\/v2\/media?parent=52025"}],"wp:term":[{"taxonomy":"category","embeddable":true,"href":"https:\/\/www.laguiadepamplona.com\/actualidad\/wp-json\/wp\/v2\/categories?post=52025"},{"taxonomy":"post_tag","embeddable":true,"href":"https:\/\/www.laguiadepamplona.com\/actualidad\/wp-json\/wp\/v2\/tags?post=52025"}],"curies":[{"name":"wp","href":"https:\/\/api.w.org\/{rel}","templated":true}]}}